{"id":18922,"date":"2022-10-21T13:20:13","date_gmt":"2022-10-21T11:20:13","guid":{"rendered":"https:\/\/hub.hslu.ch\/ikm\/?p=18922"},"modified":"2026-02-09T14:41:49","modified_gmt":"2026-02-09T13:41:49","slug":"ikm-alumni-im-interview-tanja-haverkamp","status":"publish","type":"post","link":"https:\/\/hub.hslu.ch\/ikm\/2022\/10\/21\/ikm-alumni-im-interview-tanja-haverkamp\/","title":{"rendered":"IKM Alumni im Interview \u2013 Tanja Haverkamp"},"content":{"rendered":"\n<h2 class=\"wp-block-heading\">Wer bist du?<\/h2>\n\n\n\n<p>Ich bin Tanja, 30 Jahre alt und wohne in Luzern. Beruflich bin ich in der Welt des Marketings zuhause. Als Ausgleich gehe ich in meiner Freizeit sehr gerne tanzen. Daraus ziehe ich viel Energie und ich kann meine Gedanken in diesem Moment auf die richtige Bewegung fokussieren \u2013 es l\u00e4sst mich den Berufsalltag sofort vergessen \ud83d\ude09<\/p>\n\n\n\n<h2 class=\"wp-block-heading\">Weshalb hast du dich dazu entschieden, eine Weiterbildung zu besuchen?<\/h2>\n\n\n\n<p>Nach meinem Bachelor-Abschluss ging es erstmals ab in die Praxis! Ganz ehrlich: ich wollte unbedingt Berufserfahrung sammeln und einmal nicht ans Lernen denken. Doch nach einer Weile kam das Bed\u00fcrfnis, mich in einem spezifischen Feld innerhalb des Marketings weiterzuentwickeln. Da ich mich schon l\u00e4nger f\u00fcr die Welt der Marken interessiere, habe ich mich f\u00fcr das <a href=\"https:\/\/www.hslu.ch\/de-ch\/wirtschaft\/weiterbildung\/cas\/ikm\/brand-management\/\" target=\"_blank\" rel=\"noreferrer noopener\">CAS Brand Management<\/a> entschieden.<\/p>\n\n\n\n<h2 class=\"wp-block-heading\">Weshalb hast du dich f\u00fcr das IKM entschieden?<\/h2>\n\n\n\n<p>Bereits bei der Wahl f\u00fcr mein Bachelor-Studium habe ich mich aufgrund der Praxisn\u00e4he f\u00fcr die Hochschule Luzern entschieden. Als es dann um eine Weiterbildung ging, haben die bereits positiv gesammelten Erfahrungen f\u00fcr den Entscheid zum IKM Ausschlag gegeben. Insbesondere geniesst das CAS Brand Management einen sehr guten Ruf.<\/p>\n\n\n\n<h2 class=\"wp-block-heading\">Wo arbeitest du heute?<\/h2>\n\n\n\n<p>Ich arbeite bei der CONCORDIA (Kranken- und Vorsorgeversicherung) als Fachspezialistin Werbung in Luzern. Ich bin f\u00fcr mein abwechslungsreiches Verantwortungsgebiet besonders dankbar. In Zusammenarbeit mit unseren Lieferanten, evaluiere ich passende Kundengeschenke f\u00fcr unterschiedliche Zielgruppen und Einsatzgebiete. Oder aber setzte meine St\u00e4rken bei der Planung und Koordination von Kampagnen mit unseren zahlreichen Partnern ein.<\/p>\n\n\n\n<figure class=\"wp-block-image size-large is-resized\"><img loading=\"lazy\" decoding=\"async\" width=\"702\" height=\"953\" src=\"https:\/\/hub.hslu.ch\/ikm\/wp-content\/blogs.dir\/489\/files\/sites\/8\/Tanja-Haverkamp_Blogbeitrag-Alumnis-HSLU-702x953.jpg\" alt=\"Alumni Tanja Haverkamp\" class=\"wp-image-18923\" style=\"width:332px;height:451px\" srcset=\"https:\/\/hub.hslu.ch\/ikm\/wp-content\/blogs.dir\/489\/files\/sites\/8\/Tanja-Haverkamp_Blogbeitrag-Alumnis-HSLU-702x953.jpg 702w, https:\/\/hub.hslu.ch\/ikm\/wp-content\/blogs.dir\/489\/files\/sites\/8\/Tanja-Haverkamp_Blogbeitrag-Alumnis-HSLU-221x300.jpg 221w, https:\/\/hub.hslu.ch\/ikm\/wp-content\/blogs.dir\/489\/files\/sites\/8\/Tanja-Haverkamp_Blogbeitrag-Alumnis-HSLU-514x698.jpg 514w, https:\/\/hub.hslu.ch\/ikm\/wp-content\/blogs.dir\/489\/files\/sites\/8\/Tanja-Haverkamp_Blogbeitrag-Alumnis-HSLU.jpg 754w\" sizes=\"auto, (max-width: 702px) 100vw, 702px\" \/><figcaption class=\"wp-element-caption\"><strong>Tanja Haverkamp<\/strong><br>Fachspezialistin Werbung und Absolventin des CAS Brand Management<\/figcaption><\/figure>\n\n\n\n<h2 class=\"wp-block-heading\">War der Zugang zu den Dozierenden f\u00fcr dich wertvoll?<\/h2>\n\n\n\n<p>Das Kennenlernen verschiedener Dozierenden aus unterschiedlichen Fachbereichen war sehr bereichernd und bringt neue Perspektiven. Besonders erw\u00e4hnenswert sind mir die beiden Herren, Prof. Dr. Oliver Errichiello und Prof. Dr. Arnd Zschiesche. Sie haben mit ihrem Blickwinkel der Soziologie interessante Fragen im Bereich der Markenf\u00fchrung gestellt, die einem wirklich zum Nachdenken bringen. <\/p>\n\n\n\n<h2 class=\"wp-block-heading\">Wie hat dich das CAS auf pers\u00f6nlicher Ebene weitergebracht?<\/h2>\n\n\n\n<p>Das CAS hat mich mit dem n\u00f6tigen R\u00fcstzeug ausgestattet, damit ich die t\u00e4glich auftauchenden Fragen konkret mit Argumenten aus der Markenf\u00fchrung hinterlegen kann. Dank des hohen Praxisbezugs und den Beispielen kann ich das Gelernte wirklich im &#171;Daily-Business&#187; anwenden. Zum Beispiel liess ich bei unserem aktuellen Projekt in der Markenf\u00fchrung wertvolle Inputs aus der erarbeiteten Einzelarbeit im CAS einfliessen.<\/p>\n\n\n\n<h2 class=\"wp-block-heading\">Inwiefern waren die Unterrichtstage und -zeiten f\u00fcr dich gut?<\/h2>\n\n\n\n<p>Die Unterrichtstage Freitagnachmittag und Samstag haben sich gut mit dem Berufsalltag vereinbaren lassen. Gelerntes konnte direkt in den Arbeitsalltag integriert und angewendet werden. Insbesondere habe ich den pers\u00f6nlichen Austausch, beispielsweise an den Freitagabenden mit Studierenden aus dem CAS gesch\u00e4tzt. Wir konnten uns \u00fcber gesammelte Erfahrungen austauschen, Kontakte kn\u00fcpfen und gegenseitig voneinander profitieren.<\/p>\n\n\n\n<p><strong>Interessiert zu erfahren was andere Alumni gesagt haben? Hier geht&#8217;s zum <a href=\"https:\/\/hub.hslu.ch\/ikm\/2022\/10\/07\/ikm-alumni-im-interview-beverly-hersche\/\" target=\"_blank\" rel=\"noreferrer noopener\">ersten Teil.<\/a><\/strong><\/p>\n","protected":false},"excerpt":{"rendered":"<p>Das Weiterbildungsangebot am Institut f\u00fcr Kommunikation und Marketing IKM umfasst aktuell drei MAS-Programme, 15 CAS-Programme sowie 11 SAS-Programme. Wir haben Alumni unserer Weiterbildungen interviewt. In dieser Blog-Reihe erf\u00e4hrt ihr, wer hinter unseren Teilnehmenden steckt, was sie dazu bewogen hat eine Weiterbildung am IKM zu machen und wie sie davon profitieren. Im zweiten Teil haben wir Tanja Haverkamp interviewt.<\/p>\n","protected":false},"author":247,"featured_media":18923,"comment_status":"open","ping_status":"open","sticky":false,"template":"","format":"standard","meta":{"_acf_changed":false,"inline_featured_image":false,"_relevanssi_hide_post":"","_relevanssi_hide_content":"","_relevanssi_pin_for_all":"","_relevanssi_pin_keywords":"","_relevanssi_unpin_keywords":"","_relevanssi_related_keywords":"","_relevanssi_related_include_ids":"","_relevanssi_related_exclude_ids":"","_relevanssi_related_no_append":"","_relevanssi_related_not_related":"","_relevanssi_related_posts":"18914,15309,18149,16947,8782,11869","_relevanssi_noindex_reason":"","footnotes":"","_links_to":"","_links_to_target":""},"categories":[86671,4668],"tags":[],"class_list":["post-18922","post","type-post","status-publish","format-standard","has-post-thumbnail","hentry","category-marketing-und-kommunikationsmanagement","category-weiterbildung"],"acf":[],"yoast_head":"<!-- This site is optimized with the Yoast SEO plugin v27.4 - https:\/\/yoast.com\/product\/yoast-seo-wordpress\/ -->\n<title>IKM Alumni im Interview \u2013 Tanja Haverkamp - IKM-Blog<\/title>\n<meta name=\"description\" content=\"Wir haben Alumni unserer Weiterbildungen am IKM interviewt. In dieser Blog-Reihe erf\u00e4hrt ihr, wer hinter unseren Teilnehmenden steckt.\" \/>\n<meta name=\"robots\" content=\"index, follow, max-snippet:-1, max-image-preview:large, max-video-preview:-1\" \/>\n<link rel=\"canonical\" href=\"https:\/\/hub.hslu.ch\/ikm\/2022\/10\/21\/ikm-alumni-im-interview-tanja-haverkamp\/\" \/>\n<meta property=\"og:locale\" content=\"de_DE\" \/>\n<meta property=\"og:type\" content=\"article\" \/>\n<meta property=\"og:title\" content=\"IKM Alumni im Interview \u2013 Tanja Haverkamp - IKM-Blog\" \/>\n<meta property=\"og:description\" content=\"Wir haben Alumni unserer Weiterbildungen am IKM interviewt. In dieser Blog-Reihe erf\u00e4hrt ihr, wer hinter unseren Teilnehmenden steckt.\" \/>\n<meta property=\"og:url\" content=\"https:\/\/hub.hslu.ch\/ikm\/2022\/10\/21\/ikm-alumni-im-interview-tanja-haverkamp\/\" \/>\n<meta property=\"og:site_name\" content=\"IKM-Blog\" \/>\n<meta property=\"article:published_time\" content=\"2022-10-21T11:20:13+00:00\" \/>\n<meta property=\"article:modified_time\" content=\"2026-02-09T13:41:49+00:00\" \/>\n<meta property=\"og:image\" content=\"https:\/\/hub.hslu.ch\/ikm\/wp-content\/blogs.dir\/489\/files\/sites\/8\/Tanja-Haverkamp_Blogbeitrag-Alumnis-HSLU.jpg\" \/>\n\t<meta property=\"og:image:width\" content=\"754\" \/>\n\t<meta property=\"og:image:height\" content=\"1024\" \/>\n\t<meta property=\"og:image:type\" content=\"image\/jpeg\" \/>\n<meta name=\"author\" content=\"sandramendez\" \/>\n<meta name=\"twitter:card\" content=\"summary_large_image\" \/>\n<meta name=\"twitter:label1\" content=\"Geschrieben von\" \/>\n\t<meta name=\"twitter:data1\" content=\"sandramendez\" \/>\n\t<meta name=\"twitter:label2\" content=\"Gesch\u00e4tzte Lesezeit\" \/>\n\t<meta name=\"twitter:data2\" content=\"3\u00a0Minuten\" \/>\n<script type=\"application\/ld+json\" class=\"yoast-schema-graph\">{\"@context\":\"https:\\\/\\\/schema.org\",\"@graph\":[{\"@type\":\"Article\",\"@id\":\"https:\\\/\\\/hub.hslu.ch\\\/ikm\\\/2022\\\/10\\\/21\\\/ikm-alumni-im-interview-tanja-haverkamp\\\/#article\",\"isPartOf\":{\"@id\":\"https:\\\/\\\/hub.hslu.ch\\\/ikm\\\/2022\\\/10\\\/21\\\/ikm-alumni-im-interview-tanja-haverkamp\\\/\"},\"author\":{\"name\":\"sandramendez\",\"@id\":\"https:\\\/\\\/hub.hslu.ch\\\/ikm\\\/#\\\/schema\\\/person\\\/f499a20cf3ea24019b09ec0b7a32f6f3\"},\"headline\":\"IKM Alumni im Interview \u2013 Tanja Haverkamp\",\"datePublished\":\"2022-10-21T11:20:13+00:00\",\"dateModified\":\"2026-02-09T13:41:49+00:00\",\"mainEntityOfPage\":{\"@id\":\"https:\\\/\\\/hub.hslu.ch\\\/ikm\\\/2022\\\/10\\\/21\\\/ikm-alumni-im-interview-tanja-haverkamp\\\/\"},\"wordCount\":481,\"commentCount\":0,\"image\":{\"@id\":\"https:\\\/\\\/hub.hslu.ch\\\/ikm\\\/2022\\\/10\\\/21\\\/ikm-alumni-im-interview-tanja-haverkamp\\\/#primaryimage\"},\"thumbnailUrl\":\"https:\\\/\\\/hub.hslu.ch\\\/ikm\\\/wp-content\\\/blogs.dir\\\/489\\\/files\\\/sites\\\/8\\\/Tanja-Haverkamp_Blogbeitrag-Alumnis-HSLU.jpg\",\"articleSection\":[\"Marketing- und Kommunikationsmanagement\",\"Weiterbildung\"],\"inLanguage\":\"de-CH\",\"potentialAction\":[{\"@type\":\"CommentAction\",\"name\":\"Comment\",\"target\":[\"https:\\\/\\\/hub.hslu.ch\\\/ikm\\\/2022\\\/10\\\/21\\\/ikm-alumni-im-interview-tanja-haverkamp\\\/#respond\"]}]},{\"@type\":\"WebPage\",\"@id\":\"https:\\\/\\\/hub.hslu.ch\\\/ikm\\\/2022\\\/10\\\/21\\\/ikm-alumni-im-interview-tanja-haverkamp\\\/\",\"url\":\"https:\\\/\\\/hub.hslu.ch\\\/ikm\\\/2022\\\/10\\\/21\\\/ikm-alumni-im-interview-tanja-haverkamp\\\/\",\"name\":\"IKM Alumni im Interview \u2013 Tanja Haverkamp - IKM-Blog\",\"isPartOf\":{\"@id\":\"https:\\\/\\\/hub.hslu.ch\\\/ikm\\\/#website\"},\"primaryImageOfPage\":{\"@id\":\"https:\\\/\\\/hub.hslu.ch\\\/ikm\\\/2022\\\/10\\\/21\\\/ikm-alumni-im-interview-tanja-haverkamp\\\/#primaryimage\"},\"image\":{\"@id\":\"https:\\\/\\\/hub.hslu.ch\\\/ikm\\\/2022\\\/10\\\/21\\\/ikm-alumni-im-interview-tanja-haverkamp\\\/#primaryimage\"},\"thumbnailUrl\":\"https:\\\/\\\/hub.hslu.ch\\\/ikm\\\/wp-content\\\/blogs.dir\\\/489\\\/files\\\/sites\\\/8\\\/Tanja-Haverkamp_Blogbeitrag-Alumnis-HSLU.jpg\",\"datePublished\":\"2022-10-21T11:20:13+00:00\",\"dateModified\":\"2026-02-09T13:41:49+00:00\",\"author\":{\"@id\":\"https:\\\/\\\/hub.hslu.ch\\\/ikm\\\/#\\\/schema\\\/person\\\/f499a20cf3ea24019b09ec0b7a32f6f3\"},\"description\":\"Wir haben Alumni unserer Weiterbildungen am IKM interviewt. In dieser Blog-Reihe erf\u00e4hrt ihr, wer hinter unseren Teilnehmenden steckt.\",\"breadcrumb\":{\"@id\":\"https:\\\/\\\/hub.hslu.ch\\\/ikm\\\/2022\\\/10\\\/21\\\/ikm-alumni-im-interview-tanja-haverkamp\\\/#breadcrumb\"},\"inLanguage\":\"de-CH\",\"potentialAction\":[{\"@type\":\"ReadAction\",\"target\":[\"https:\\\/\\\/hub.hslu.ch\\\/ikm\\\/2022\\\/10\\\/21\\\/ikm-alumni-im-interview-tanja-haverkamp\\\/\"]}]},{\"@type\":\"ImageObject\",\"inLanguage\":\"de-CH\",\"@id\":\"https:\\\/\\\/hub.hslu.ch\\\/ikm\\\/2022\\\/10\\\/21\\\/ikm-alumni-im-interview-tanja-haverkamp\\\/#primaryimage\",\"url\":\"https:\\\/\\\/hub.hslu.ch\\\/ikm\\\/wp-content\\\/blogs.dir\\\/489\\\/files\\\/sites\\\/8\\\/Tanja-Haverkamp_Blogbeitrag-Alumnis-HSLU.jpg\",\"contentUrl\":\"https:\\\/\\\/hub.hslu.ch\\\/ikm\\\/wp-content\\\/blogs.dir\\\/489\\\/files\\\/sites\\\/8\\\/Tanja-Haverkamp_Blogbeitrag-Alumnis-HSLU.jpg\",\"width\":754,\"height\":1024},{\"@type\":\"BreadcrumbList\",\"@id\":\"https:\\\/\\\/hub.hslu.ch\\\/ikm\\\/2022\\\/10\\\/21\\\/ikm-alumni-im-interview-tanja-haverkamp\\\/#breadcrumb\",\"itemListElement\":[{\"@type\":\"ListItem\",\"position\":1,\"name\":\"Home\",\"item\":\"https:\\\/\\\/hub.hslu.ch\\\/ikm\\\/\"},{\"@type\":\"ListItem\",\"position\":2,\"name\":\"IKM Alumni im Interview \u2013 Tanja Haverkamp\"}]},{\"@type\":\"WebSite\",\"@id\":\"https:\\\/\\\/hub.hslu.ch\\\/ikm\\\/#website\",\"url\":\"https:\\\/\\\/hub.hslu.ch\\\/ikm\\\/\",\"name\":\"IKM-Blog\",\"description\":\"Kommunikation und Marketing an der Hochschule Luzern \u2013 Wirtschaft\",\"potentialAction\":[{\"@type\":\"SearchAction\",\"target\":{\"@type\":\"EntryPoint\",\"urlTemplate\":\"https:\\\/\\\/hub.hslu.ch\\\/ikm\\\/?s={search_term_string}\"},\"query-input\":{\"@type\":\"PropertyValueSpecification\",\"valueRequired\":true,\"valueName\":\"search_term_string\"}}],\"inLanguage\":\"de-CH\"},{\"@type\":\"Person\",\"@id\":\"https:\\\/\\\/hub.hslu.ch\\\/ikm\\\/#\\\/schema\\\/person\\\/f499a20cf3ea24019b09ec0b7a32f6f3\",\"name\":\"sandramendez\"}]}<\/script>\n<!-- \/ Yoast SEO plugin. -->","yoast_head_json":{"title":"IKM Alumni im Interview \u2013 Tanja Haverkamp - IKM-Blog","description":"Wir haben Alumni unserer Weiterbildungen am IKM interviewt. In dieser Blog-Reihe erf\u00e4hrt ihr, wer hinter unseren Teilnehmenden steckt.","robots":{"index":"index","follow":"follow","max-snippet":"max-snippet:-1","max-image-preview":"max-image-preview:large","max-video-preview":"max-video-preview:-1"},"canonical":"https:\/\/hub.hslu.ch\/ikm\/2022\/10\/21\/ikm-alumni-im-interview-tanja-haverkamp\/","og_locale":"de_DE","og_type":"article","og_title":"IKM Alumni im Interview \u2013 Tanja Haverkamp - IKM-Blog","og_description":"Wir haben Alumni unserer Weiterbildungen am IKM interviewt. In dieser Blog-Reihe erf\u00e4hrt ihr, wer hinter unseren Teilnehmenden steckt.","og_url":"https:\/\/hub.hslu.ch\/ikm\/2022\/10\/21\/ikm-alumni-im-interview-tanja-haverkamp\/","og_site_name":"IKM-Blog","article_published_time":"2022-10-21T11:20:13+00:00","article_modified_time":"2026-02-09T13:41:49+00:00","og_image":[{"width":754,"height":1024,"url":"https:\/\/hub.hslu.ch\/ikm\/wp-content\/blogs.dir\/489\/files\/sites\/8\/Tanja-Haverkamp_Blogbeitrag-Alumnis-HSLU.jpg","type":"image\/jpeg"}],"author":"sandramendez","twitter_card":"summary_large_image","twitter_misc":{"Geschrieben von":"sandramendez","Gesch\u00e4tzte Lesezeit":"3\u00a0Minuten"},"schema":{"@context":"https:\/\/schema.org","@graph":[{"@type":"Article","@id":"https:\/\/hub.hslu.ch\/ikm\/2022\/10\/21\/ikm-alumni-im-interview-tanja-haverkamp\/#article","isPartOf":{"@id":"https:\/\/hub.hslu.ch\/ikm\/2022\/10\/21\/ikm-alumni-im-interview-tanja-haverkamp\/"},"author":{"name":"sandramendez","@id":"https:\/\/hub.hslu.ch\/ikm\/#\/schema\/person\/f499a20cf3ea24019b09ec0b7a32f6f3"},"headline":"IKM Alumni im Interview \u2013 Tanja Haverkamp","datePublished":"2022-10-21T11:20:13+00:00","dateModified":"2026-02-09T13:41:49+00:00","mainEntityOfPage":{"@id":"https:\/\/hub.hslu.ch\/ikm\/2022\/10\/21\/ikm-alumni-im-interview-tanja-haverkamp\/"},"wordCount":481,"commentCount":0,"image":{"@id":"https:\/\/hub.hslu.ch\/ikm\/2022\/10\/21\/ikm-alumni-im-interview-tanja-haverkamp\/#primaryimage"},"thumbnailUrl":"https:\/\/hub.hslu.ch\/ikm\/wp-content\/blogs.dir\/489\/files\/sites\/8\/Tanja-Haverkamp_Blogbeitrag-Alumnis-HSLU.jpg","articleSection":["Marketing- und Kommunikationsmanagement","Weiterbildung"],"inLanguage":"de-CH","potentialAction":[{"@type":"CommentAction","name":"Comment","target":["https:\/\/hub.hslu.ch\/ikm\/2022\/10\/21\/ikm-alumni-im-interview-tanja-haverkamp\/#respond"]}]},{"@type":"WebPage","@id":"https:\/\/hub.hslu.ch\/ikm\/2022\/10\/21\/ikm-alumni-im-interview-tanja-haverkamp\/","url":"https:\/\/hub.hslu.ch\/ikm\/2022\/10\/21\/ikm-alumni-im-interview-tanja-haverkamp\/","name":"IKM Alumni im Interview \u2013 Tanja Haverkamp - IKM-Blog","isPartOf":{"@id":"https:\/\/hub.hslu.ch\/ikm\/#website"},"primaryImageOfPage":{"@id":"https:\/\/hub.hslu.ch\/ikm\/2022\/10\/21\/ikm-alumni-im-interview-tanja-haverkamp\/#primaryimage"},"image":{"@id":"https:\/\/hub.hslu.ch\/ikm\/2022\/10\/21\/ikm-alumni-im-interview-tanja-haverkamp\/#primaryimage"},"thumbnailUrl":"https:\/\/hub.hslu.ch\/ikm\/wp-content\/blogs.dir\/489\/files\/sites\/8\/Tanja-Haverkamp_Blogbeitrag-Alumnis-HSLU.jpg","datePublished":"2022-10-21T11:20:13+00:00","dateModified":"2026-02-09T13:41:49+00:00","author":{"@id":"https:\/\/hub.hslu.ch\/ikm\/#\/schema\/person\/f499a20cf3ea24019b09ec0b7a32f6f3"},"description":"Wir haben Alumni unserer Weiterbildungen am IKM interviewt. In dieser Blog-Reihe erf\u00e4hrt ihr, wer hinter unseren Teilnehmenden steckt.","breadcrumb":{"@id":"https:\/\/hub.hslu.ch\/ikm\/2022\/10\/21\/ikm-alumni-im-interview-tanja-haverkamp\/#breadcrumb"},"inLanguage":"de-CH","potentialAction":[{"@type":"ReadAction","target":["https:\/\/hub.hslu.ch\/ikm\/2022\/10\/21\/ikm-alumni-im-interview-tanja-haverkamp\/"]}]},{"@type":"ImageObject","inLanguage":"de-CH","@id":"https:\/\/hub.hslu.ch\/ikm\/2022\/10\/21\/ikm-alumni-im-interview-tanja-haverkamp\/#primaryimage","url":"https:\/\/hub.hslu.ch\/ikm\/wp-content\/blogs.dir\/489\/files\/sites\/8\/Tanja-Haverkamp_Blogbeitrag-Alumnis-HSLU.jpg","contentUrl":"https:\/\/hub.hslu.ch\/ikm\/wp-content\/blogs.dir\/489\/files\/sites\/8\/Tanja-Haverkamp_Blogbeitrag-Alumnis-HSLU.jpg","width":754,"height":1024},{"@type":"BreadcrumbList","@id":"https:\/\/hub.hslu.ch\/ikm\/2022\/10\/21\/ikm-alumni-im-interview-tanja-haverkamp\/#breadcrumb","itemListElement":[{"@type":"ListItem","position":1,"name":"Home","item":"https:\/\/hub.hslu.ch\/ikm\/"},{"@type":"ListItem","position":2,"name":"IKM Alumni im Interview \u2013 Tanja Haverkamp"}]},{"@type":"WebSite","@id":"https:\/\/hub.hslu.ch\/ikm\/#website","url":"https:\/\/hub.hslu.ch\/ikm\/","name":"IKM-Blog","description":"Kommunikation und Marketing an der Hochschule Luzern \u2013 Wirtschaft","potentialAction":[{"@type":"SearchAction","target":{"@type":"EntryPoint","urlTemplate":"https:\/\/hub.hslu.ch\/ikm\/?s={search_term_string}"},"query-input":{"@type":"PropertyValueSpecification","valueRequired":true,"valueName":"search_term_string"}}],"inLanguage":"de-CH"},{"@type":"Person","@id":"https:\/\/hub.hslu.ch\/ikm\/#\/schema\/person\/f499a20cf3ea24019b09ec0b7a32f6f3","name":"sandramendez"}]}},"featured_image_src":"https:\/\/hub.hslu.ch\/ikm\/wp-content\/blogs.dir\/489\/files\/sites\/8\/Tanja-Haverkamp_Blogbeitrag-Alumnis-HSLU.jpg","featured_image_src_square":"https:\/\/hub.hslu.ch\/ikm\/wp-content\/blogs.dir\/489\/files\/sites\/8\/Tanja-Haverkamp_Blogbeitrag-Alumnis-HSLU.jpg","author_info":{"display_name":"sandramendez","author_link":"https:\/\/hub.hslu.ch\/ikm\/author\/sandramendez\/"},"_links":{"self":[{"href":"https:\/\/hub.hslu.ch\/ikm\/wp-json\/wp\/v2\/posts\/18922","targetHints":{"allow":["GET"]}}],"collection":[{"href":"https:\/\/hub.hslu.ch\/ikm\/wp-json\/wp\/v2\/posts"}],"about":[{"href":"https:\/\/hub.hslu.ch\/ikm\/wp-json\/wp\/v2\/types\/post"}],"author":[{"embeddable":true,"href":"https:\/\/hub.hslu.ch\/ikm\/wp-json\/wp\/v2\/users\/247"}],"replies":[{"embeddable":true,"href":"https:\/\/hub.hslu.ch\/ikm\/wp-json\/wp\/v2\/comments?post=18922"}],"version-history":[{"count":12,"href":"https:\/\/hub.hslu.ch\/ikm\/wp-json\/wp\/v2\/posts\/18922\/revisions"}],"predecessor-version":[{"id":24395,"href":"https:\/\/hub.hslu.ch\/ikm\/wp-json\/wp\/v2\/posts\/18922\/revisions\/24395"}],"wp:featuredmedia":[{"embeddable":true,"href":"https:\/\/hub.hslu.ch\/ikm\/wp-json\/wp\/v2\/media\/18923"}],"wp:attachment":[{"href":"https:\/\/hub.hslu.ch\/ikm\/wp-json\/wp\/v2\/media?parent=18922"}],"wp:term":[{"taxonomy":"category","embeddable":true,"href":"https:\/\/hub.hslu.ch\/ikm\/wp-json\/wp\/v2\/categories?post=18922"},{"taxonomy":"post_tag","embeddable":true,"href":"https:\/\/hub.hslu.ch\/ikm\/wp-json\/wp\/v2\/tags?post=18922"}],"curies":[{"name":"wp","href":"https:\/\/api.w.org\/{rel}","templated":true}]}}