{"id":19425,"date":"2022-12-22T10:09:01","date_gmt":"2022-12-22T09:09:01","guid":{"rendered":"https:\/\/hub.hslu.ch\/ikm\/?p=19425"},"modified":"2026-02-09T14:19:52","modified_gmt":"2026-02-09T13:19:52","slug":"ikm-alumni-im-interview-martin-niederberger","status":"publish","type":"post","link":"https:\/\/hub.hslu.ch\/ikm\/2022\/12\/22\/ikm-alumni-im-interview-martin-niederberger\/","title":{"rendered":"IKM Alumni im Interview \u2013 Martin Niederberger"},"content":{"rendered":"\n<h2 class=\"wp-block-heading\">Wer bist du?<\/h2>\n\n\n\n<p>Mein Name ist Martin und ich bin 36 Jahre alt. Als Ausgleich zum Berufsleben bewege ich mich sehr gerne; im Winter auf den Langlaufskis und im Sommer auf dem Bike oder in Wanderschuhen. Zudem h\u00f6re und mache ich leidenschaftlich gerne Musik. Diese Passion ist auch einer der Gr\u00fcnde, warum ich mich seit einigen Jahren im wundersch\u00f6nen Stanser Kulturhaus Ch\u00e4slager ehrenamtlich im Vorstand engagiere.<\/p>\n\n\n\n<h2 class=\"wp-block-heading\">Weshalb hast du dich dazu entschieden, eine Weiterbildung zu besuchen?<\/h2>\n\n\n\n<p>Meinen Bachelor hatte ich 2011 bei der HSLU mit Vertiefung Tourismus &amp; Mobilit\u00e4t abgeschlossen. Seither bewegte ich mich beruflich mehr und mehr ins Themenfeld der digitalen Kommunikation. Daher versp\u00fcrte ich das grosse Interesse, mich gezielt im Bereich der strategischen Kommunikation weiterzubilden. Das <a href=\"https:\/\/www.hslu.ch\/de-ch\/wirtschaft\/weiterbildung\/cas\/ikm\/strategic-and-corporate-communication\/\" target=\"_blank\" rel=\"noreferrer noopener\">CAS Strategic and Corporate Communication<\/a> hat mich auf Anhieb angesprochen und mich schliesslich mit seiner umfassenden Themenbreite \u00fcberzeugt.<\/p>\n\n\n\n<p>Dazu kam, dass sich mein Aufgabengebiet bei meinem jetzigen Arbeitgeber st\u00e4rker in Richtung interne Kommunikation verschoben hatte. Der Besuch des <a href=\"https:\/\/www.hslu.ch\/de-ch\/wirtschaft\/weiterbildung\/cas\/ikm\/internal-and-change-communication\/\" target=\"_blank\" rel=\"noreferrer noopener\">CAS Internal and Change Communication<\/a> hat mir viele Tools mit auf den Weg gegeben und mir aufgezeigt, dass die Kommunikation die wichtigste Drehscheibe bei Ver\u00e4nderungen darstellt.<\/p>\n\n\n\n<p>Da ich vor ein paar Jahren bereits ein externes CAS in Unternehmenskommunikation abgeschlossen hatte, entschied ich mich schliesslich, gleich das <a href=\"https:\/\/www.hslu.ch\/de-ch\/wirtschaft\/weiterbildung\/mas\/ikm\/communication-management\/#?filters=108\" target=\"_blank\" rel=\"noreferrer noopener\">MAS Communication Management<\/a> zu absolvieren. Meine Master-Arbeit schrieb ich zum Thema Wissensmanagement, also zur Frage, wie die Ressource Wissen in einem Unternehmen systematisch genutzt werden kann.<\/p>\n\n\n\n<h2 class=\"wp-block-heading\">Weshalb hast du dich f\u00fcr das IKM entschieden?<\/h2>\n\n\n\n<p>Zum einen hatte ich die HSLU in guter Erinnerung, hat sie mich doch bereits im Rahmen meines Bachelor-Studiums mit ihrem sehr sinnvoll aufeinander abgestimmten Mix aus Theorie- und Praxiswissen \u00fcberzeugt. Zum anderen sprachen mich die beiden CAS sofort an, da sie die interessanten Themenfelder aus vielen verschiedenen Perspektiven beleuchteten.<\/p>\n\n\n\n<h2 class=\"wp-block-heading\">Wo arbeitest du heute?<\/h2>\n\n\n\n<p>Seit f\u00fcnf Jahren arbeite ich bei der Nidwaldner Kantonalbank als Kommunikationsverantwortlicher. Dabei bin ich zust\u00e4ndig f\u00fcr die interne und externe Kommunikation sowie f\u00fcr den Content auf den dazugeh\u00f6rigen Kan\u00e4len wie Intranet, Website, Social Media und Newsletter. Zudem trage ich dazu bei, das Social Intranet und die Website auch funktional weiterzuentwickeln.<\/p>\n\n\n\n<figure class=\"wp-block-image size-large is-resized\"><img loading=\"lazy\" decoding=\"async\" width=\"702\" height=\"465\" src=\"https:\/\/hub.hslu.ch\/ikm\/wp-content\/blogs.dir\/489\/files\/sites\/8\/Portrait-Martin-Niederberger_2022_kompr-702x465.jpg\" alt=\"\" class=\"wp-image-19428\" style=\"width:292px;height:193px\" srcset=\"https:\/\/hub.hslu.ch\/ikm\/wp-content\/blogs.dir\/489\/files\/sites\/8\/Portrait-Martin-Niederberger_2022_kompr-702x465.jpg 702w, https:\/\/hub.hslu.ch\/ikm\/wp-content\/blogs.dir\/489\/files\/sites\/8\/Portrait-Martin-Niederberger_2022_kompr-300x199.jpg 300w, https:\/\/hub.hslu.ch\/ikm\/wp-content\/blogs.dir\/489\/files\/sites\/8\/Portrait-Martin-Niederberger_2022_kompr-768x509.jpg 768w, https:\/\/hub.hslu.ch\/ikm\/wp-content\/blogs.dir\/489\/files\/sites\/8\/Portrait-Martin-Niederberger_2022_kompr-1536x1017.jpg 1536w, https:\/\/hub.hslu.ch\/ikm\/wp-content\/blogs.dir\/489\/files\/sites\/8\/Portrait-Martin-Niederberger_2022_kompr-928x614.jpg 928w, https:\/\/hub.hslu.ch\/ikm\/wp-content\/blogs.dir\/489\/files\/sites\/8\/Portrait-Martin-Niederberger_2022_kompr.jpg 2048w\" sizes=\"auto, (max-width: 702px) 100vw, 702px\" \/><figcaption class=\"wp-element-caption\"><strong>Martin Niederberger<\/strong><br>Kommunikationsverantwortlicher und Absolvent des MAS Communication Management<\/figcaption><\/figure>\n\n\n\n<p><\/p>\n\n\n\n<h2 class=\"wp-block-heading\">Aus welchen Gr\u00fcnden w\u00fcrdest du eine Weiterbildung an unserem Institut weiterempfehlen?<\/h2>\n\n\n\n<p>Die Qualit\u00e4t des Unterrichts empfand ich als sehr hoch. Aufgrund der Covid-19-Pandemie musste ein CAS komplett remote durchgef\u00fchrt werden. Hier zeigte sich, dass die HSLU flexibel auf solche Gegebenheiten reagieren und trotzdem dieselbe Qualit\u00e4t wie im regul\u00e4ren Unterrichts-Setting bieten konnte. Der Mix aus Theorie und praktischen Inhalten hat f\u00fcr mich perfekt gestimmt.<\/p>\n\n\n\n<p>\u00dcberdies ist die HSLU sehr bestrebt darauf, den Austausch unter den Teilnehmenden zu f\u00f6rdern, damit diese bestm\u00f6glich voneinander profitieren k\u00f6nnen. Besonders im <a href=\"https:\/\/www.hslu.ch\/de-ch\/wirtschaft\/weiterbildung\/cas\/ikm\/internal-and-change-communication\/\" target=\"_blank\" rel=\"noreferrer noopener\">CAS Internal and Change Communication<\/a> hat die Studienleitung zu Beginn des Lehrgangs enorm viel Energie und Zeit in die Kennenlernphase investiert. Mit Erfolg: Auch \u00fcber 1,5 Jahre nach Abschluss des CAS bin ich noch mit zahlreichen Teilnehmenden in Kontakt. Der Austausch mit Spezialistinnen und Spezialisten aus demselben Arbeitsgebiet war und ist f\u00fcr mich extrem bereichernd und wertvoll.<\/p>\n\n\n\n<p>Das MAS-Studium an der HSLU hat mich mit sehr vielen neuen und zukunftsgerichteten Inhalten rund um das Themenfeld der Kommunikation konfrontiert. Dabei haben sich f\u00fcr mich in meinem Arbeitsalltag neue Aufgabengebiete wie zum Beispiel das Coaching von Mitarbeitenden im Social Intranet oder die engere Zusammenarbeit mit unserer HR-Abteilung er\u00f6ffnet.<\/p>\n\n\n\n<h2 class=\"wp-block-heading\">Welches vermittelte Wissen war f\u00fcr dich besonders spannend?<\/h2>\n\n\n\n<p>Das CAS-Modul zum Thema Wissensmanagement hatte einen besonders nachhallenden Effekt auf mich. Ich wusste zwar, dass es Wissensdatenbanken gibt. Komplett neu waren f\u00fcr mich jedoch die Modelle, die aufzeigen, wie Wissen systematisch erzeugt, gespeichert, verteilt und angewandt werden kann. In Gespr\u00e4chen mit meinem Umfeld merkte ich, dass dieses Thema bei vielen als sehr wichtig erachtet wird, aber fast kein Unternehmen das Wissen ihrer Mitarbeitenden systematisch nutzt. Auch bei meinem Arbeitgeber war dies der Fall.<\/p>\n\n\n\n<p>Dies motivierte mich, meine Master-Arbeit zum Thema Wissensmanagement zu verfassen. Vereinzelte Massnahmen aus dieser Arbeit werden in den n\u00e4chsten Monaten aufgegleist, f\u00fcr andere ist noch etwas \u00dcberzeugungsarbeit n\u00f6tig. Denn die grosse Herausforderung beim systematischen Umgang mit Wissen liegt darin, dass dieser freiwillig ablaufen soll. Als Beispiel ist der Wissenstransfer nur dann langfristig erfolgsversprechend, wenn das Gegen\u00fcber aus eigener Motivation bereit ist, ihr oder sein Wissen zu teilen.<\/p>\n\n\n\n<h2 class=\"wp-block-heading\">In welcher Form profitiert dein Arbeitgeber von deiner Kursteilnahme?<\/h2>\n\n\n\n<p>Ganz konkret hat mein Arbeitgeber von zwei Studienarbeiten zu den Themen Arbeitgebermarketing und Social Intranet profitiert. Bei der ersten Arbeit zeigte ich auf, mit welchen Botschaften die Bank k\u00fcnftig auftreten sollte, um \u00fcberraschend und gleichzeitig authentisch Aufmerksamkeit bei potenziellen neuen Mitarbeitenden zu generieren. Die Botschaften erarbeitete ich basierend auf einer internen Umfrage. Diese Umfrage diente uns (Abteilung Marketing &amp; Kommunikation) und dem HR bei zwei anschliessenden Film- und Textprojekten als Basis.<\/p>\n\n\n\n<p>Die zweite Arbeit hatte zum Ziel, das Engagement der Mitarbeitenden im Social Intranet zu f\u00f6rdern. \u00dcber die H\u00e4lfte aller im Konzept erarbeiteten Massnahmen konnten wir bei meinem Arbeitgeber umsetzen und bis heute weiterf\u00fchren. Die Arbeit trug massgeblich dazu bei, dass sich das Social Intranet mehr und mehr innerhalb des Unternehmens verankert hat und sich langfristig zur digitalen Arbeitsplattform entwickelt.<\/p>\n\n\n\n<p><strong>Interessiert zu erfahren was andere Alumni gesagt haben? Hier geht&#8217;s zum <a href=\"https:\/\/hub.hslu.ch\/ikm\/2022\/10\/31\/ikm-alumni-im-interview-digitaler-wandel-in-der-jobwelt-dominik-scheier\/\" target=\"_blank\" rel=\"noreferrer noopener\">dritten Teil<\/a><\/strong>.<\/p>\n","protected":false},"excerpt":{"rendered":"<p>Das Weiterbildungsangebot am Institut f\u00fcr Kommunikation und Marketing IKM umfasst aktuell drei MAS-Programme, 15 CAS sowie 11 Weiterbildungskurse. Wir haben Alumni unserer Weiterbildungen interviewt. In dieser Blog-Reihe erf\u00e4hrt ihr, wer hinter unseren Teilnehmenden steckt, was sie dazu bewogen hat eine Weiterbildung am IKM zu machen und wie sie davon profitieren. Im vierten Teil haben wir Martin Niederberger interviewt.<\/p>\n","protected":false},"author":247,"featured_media":19428,"comment_status":"open","ping_status":"open","sticky":false,"template":"","format":"standard","meta":{"_acf_changed":false,"inline_featured_image":false,"_relevanssi_hide_post":"","_relevanssi_hide_content":"","_relevanssi_pin_for_all":"","_relevanssi_pin_keywords":"","_relevanssi_unpin_keywords":"","_relevanssi_related_keywords":"","_relevanssi_related_include_ids":"","_relevanssi_related_exclude_ids":"","_relevanssi_related_no_append":"","_relevanssi_related_not_related":"","_relevanssi_related_posts":"8551,11200,15697,14107,9224,9944","_relevanssi_noindex_reason":"","footnotes":"","_links_to":"","_links_to_target":""},"categories":[86671,4668],"tags":[],"class_list":["post-19425","post","type-post","status-publish","format-standard","has-post-thumbnail","hentry","category-marketing-und-kommunikationsmanagement","category-weiterbildung"],"acf":[],"yoast_head":"<!-- This site is optimized with the Yoast SEO plugin v27.4 - https:\/\/yoast.com\/product\/yoast-seo-wordpress\/ -->\n<title>IKM Alumni im Interview \u2013 Martin Niederberger - IKM-Blog<\/title>\n<meta name=\"description\" content=\"Wir haben Alumni unserer Weiterbildungen am IKM interviewt. In dieser Blog-Reihe erf\u00e4hrt ihr, wer hinter unseren Teilnehmenden steckt.\" \/>\n<meta name=\"robots\" content=\"index, follow, max-snippet:-1, max-image-preview:large, max-video-preview:-1\" \/>\n<link rel=\"canonical\" href=\"https:\/\/hub.hslu.ch\/ikm\/2022\/12\/22\/ikm-alumni-im-interview-martin-niederberger\/\" \/>\n<meta property=\"og:locale\" content=\"de_DE\" \/>\n<meta property=\"og:type\" content=\"article\" \/>\n<meta property=\"og:title\" content=\"IKM Alumni im Interview \u2013 Martin Niederberger - IKM-Blog\" \/>\n<meta property=\"og:description\" content=\"Wir haben Alumni unserer Weiterbildungen am IKM interviewt. In dieser Blog-Reihe erf\u00e4hrt ihr, wer hinter unseren Teilnehmenden steckt.\" \/>\n<meta property=\"og:url\" content=\"https:\/\/hub.hslu.ch\/ikm\/2022\/12\/22\/ikm-alumni-im-interview-martin-niederberger\/\" \/>\n<meta property=\"og:site_name\" content=\"IKM-Blog\" \/>\n<meta property=\"article:published_time\" content=\"2022-12-22T09:09:01+00:00\" \/>\n<meta property=\"article:modified_time\" content=\"2026-02-09T13:19:52+00:00\" \/>\n<meta property=\"og:image\" content=\"https:\/\/hub.hslu.ch\/ikm\/wp-content\/blogs.dir\/489\/files\/sites\/8\/Portrait-Martin-Niederberger_2022_kompr.jpg\" \/>\n\t<meta property=\"og:image:width\" content=\"2048\" \/>\n\t<meta property=\"og:image:height\" content=\"1356\" \/>\n\t<meta property=\"og:image:type\" content=\"image\/jpeg\" \/>\n<meta name=\"author\" content=\"sandramendez\" \/>\n<meta name=\"twitter:card\" content=\"summary_large_image\" \/>\n<meta name=\"twitter:label1\" content=\"Geschrieben von\" \/>\n\t<meta name=\"twitter:data1\" content=\"sandramendez\" \/>\n\t<meta name=\"twitter:label2\" content=\"Gesch\u00e4tzte Lesezeit\" \/>\n\t<meta name=\"twitter:data2\" content=\"6\u00a0Minuten\" \/>\n<script type=\"application\/ld+json\" class=\"yoast-schema-graph\">{\"@context\":\"https:\\\/\\\/schema.org\",\"@graph\":[{\"@type\":\"Article\",\"@id\":\"https:\\\/\\\/hub.hslu.ch\\\/ikm\\\/2022\\\/12\\\/22\\\/ikm-alumni-im-interview-martin-niederberger\\\/#article\",\"isPartOf\":{\"@id\":\"https:\\\/\\\/hub.hslu.ch\\\/ikm\\\/2022\\\/12\\\/22\\\/ikm-alumni-im-interview-martin-niederberger\\\/\"},\"author\":{\"name\":\"sandramendez\",\"@id\":\"https:\\\/\\\/hub.hslu.ch\\\/ikm\\\/#\\\/schema\\\/person\\\/f499a20cf3ea24019b09ec0b7a32f6f3\"},\"headline\":\"IKM Alumni im Interview \u2013 Martin Niederberger\",\"datePublished\":\"2022-12-22T09:09:01+00:00\",\"dateModified\":\"2026-02-09T13:19:52+00:00\",\"mainEntityOfPage\":{\"@id\":\"https:\\\/\\\/hub.hslu.ch\\\/ikm\\\/2022\\\/12\\\/22\\\/ikm-alumni-im-interview-martin-niederberger\\\/\"},\"wordCount\":884,\"commentCount\":0,\"image\":{\"@id\":\"https:\\\/\\\/hub.hslu.ch\\\/ikm\\\/2022\\\/12\\\/22\\\/ikm-alumni-im-interview-martin-niederberger\\\/#primaryimage\"},\"thumbnailUrl\":\"https:\\\/\\\/hub.hslu.ch\\\/ikm\\\/wp-content\\\/blogs.dir\\\/489\\\/files\\\/sites\\\/8\\\/Portrait-Martin-Niederberger_2022_kompr.jpg\",\"articleSection\":[\"Marketing- und Kommunikationsmanagement\",\"Weiterbildung\"],\"inLanguage\":\"de-CH\",\"potentialAction\":[{\"@type\":\"CommentAction\",\"name\":\"Comment\",\"target\":[\"https:\\\/\\\/hub.hslu.ch\\\/ikm\\\/2022\\\/12\\\/22\\\/ikm-alumni-im-interview-martin-niederberger\\\/#respond\"]}]},{\"@type\":\"WebPage\",\"@id\":\"https:\\\/\\\/hub.hslu.ch\\\/ikm\\\/2022\\\/12\\\/22\\\/ikm-alumni-im-interview-martin-niederberger\\\/\",\"url\":\"https:\\\/\\\/hub.hslu.ch\\\/ikm\\\/2022\\\/12\\\/22\\\/ikm-alumni-im-interview-martin-niederberger\\\/\",\"name\":\"IKM Alumni im Interview \u2013 Martin Niederberger - IKM-Blog\",\"isPartOf\":{\"@id\":\"https:\\\/\\\/hub.hslu.ch\\\/ikm\\\/#website\"},\"primaryImageOfPage\":{\"@id\":\"https:\\\/\\\/hub.hslu.ch\\\/ikm\\\/2022\\\/12\\\/22\\\/ikm-alumni-im-interview-martin-niederberger\\\/#primaryimage\"},\"image\":{\"@id\":\"https:\\\/\\\/hub.hslu.ch\\\/ikm\\\/2022\\\/12\\\/22\\\/ikm-alumni-im-interview-martin-niederberger\\\/#primaryimage\"},\"thumbnailUrl\":\"https:\\\/\\\/hub.hslu.ch\\\/ikm\\\/wp-content\\\/blogs.dir\\\/489\\\/files\\\/sites\\\/8\\\/Portrait-Martin-Niederberger_2022_kompr.jpg\",\"datePublished\":\"2022-12-22T09:09:01+00:00\",\"dateModified\":\"2026-02-09T13:19:52+00:00\",\"author\":{\"@id\":\"https:\\\/\\\/hub.hslu.ch\\\/ikm\\\/#\\\/schema\\\/person\\\/f499a20cf3ea24019b09ec0b7a32f6f3\"},\"description\":\"Wir haben Alumni unserer Weiterbildungen am IKM interviewt. In dieser Blog-Reihe erf\u00e4hrt ihr, wer hinter unseren Teilnehmenden steckt.\",\"breadcrumb\":{\"@id\":\"https:\\\/\\\/hub.hslu.ch\\\/ikm\\\/2022\\\/12\\\/22\\\/ikm-alumni-im-interview-martin-niederberger\\\/#breadcrumb\"},\"inLanguage\":\"de-CH\",\"potentialAction\":[{\"@type\":\"ReadAction\",\"target\":[\"https:\\\/\\\/hub.hslu.ch\\\/ikm\\\/2022\\\/12\\\/22\\\/ikm-alumni-im-interview-martin-niederberger\\\/\"]}]},{\"@type\":\"ImageObject\",\"inLanguage\":\"de-CH\",\"@id\":\"https:\\\/\\\/hub.hslu.ch\\\/ikm\\\/2022\\\/12\\\/22\\\/ikm-alumni-im-interview-martin-niederberger\\\/#primaryimage\",\"url\":\"https:\\\/\\\/hub.hslu.ch\\\/ikm\\\/wp-content\\\/blogs.dir\\\/489\\\/files\\\/sites\\\/8\\\/Portrait-Martin-Niederberger_2022_kompr.jpg\",\"contentUrl\":\"https:\\\/\\\/hub.hslu.ch\\\/ikm\\\/wp-content\\\/blogs.dir\\\/489\\\/files\\\/sites\\\/8\\\/Portrait-Martin-Niederberger_2022_kompr.jpg\",\"width\":2048,\"height\":1356},{\"@type\":\"BreadcrumbList\",\"@id\":\"https:\\\/\\\/hub.hslu.ch\\\/ikm\\\/2022\\\/12\\\/22\\\/ikm-alumni-im-interview-martin-niederberger\\\/#breadcrumb\",\"itemListElement\":[{\"@type\":\"ListItem\",\"position\":1,\"name\":\"Home\",\"item\":\"https:\\\/\\\/hub.hslu.ch\\\/ikm\\\/\"},{\"@type\":\"ListItem\",\"position\":2,\"name\":\"IKM Alumni im Interview \u2013 Martin Niederberger\"}]},{\"@type\":\"WebSite\",\"@id\":\"https:\\\/\\\/hub.hslu.ch\\\/ikm\\\/#website\",\"url\":\"https:\\\/\\\/hub.hslu.ch\\\/ikm\\\/\",\"name\":\"IKM-Blog\",\"description\":\"Kommunikation und Marketing an der Hochschule Luzern \u2013 Wirtschaft\",\"potentialAction\":[{\"@type\":\"SearchAction\",\"target\":{\"@type\":\"EntryPoint\",\"urlTemplate\":\"https:\\\/\\\/hub.hslu.ch\\\/ikm\\\/?s={search_term_string}\"},\"query-input\":{\"@type\":\"PropertyValueSpecification\",\"valueRequired\":true,\"valueName\":\"search_term_string\"}}],\"inLanguage\":\"de-CH\"},{\"@type\":\"Person\",\"@id\":\"https:\\\/\\\/hub.hslu.ch\\\/ikm\\\/#\\\/schema\\\/person\\\/f499a20cf3ea24019b09ec0b7a32f6f3\",\"name\":\"sandramendez\"}]}<\/script>\n<!-- \/ Yoast SEO plugin. -->","yoast_head_json":{"title":"IKM Alumni im Interview \u2013 Martin Niederberger - IKM-Blog","description":"Wir haben Alumni unserer Weiterbildungen am IKM interviewt. In dieser Blog-Reihe erf\u00e4hrt ihr, wer hinter unseren Teilnehmenden steckt.","robots":{"index":"index","follow":"follow","max-snippet":"max-snippet:-1","max-image-preview":"max-image-preview:large","max-video-preview":"max-video-preview:-1"},"canonical":"https:\/\/hub.hslu.ch\/ikm\/2022\/12\/22\/ikm-alumni-im-interview-martin-niederberger\/","og_locale":"de_DE","og_type":"article","og_title":"IKM Alumni im Interview \u2013 Martin Niederberger - IKM-Blog","og_description":"Wir haben Alumni unserer Weiterbildungen am IKM interviewt. In dieser Blog-Reihe erf\u00e4hrt ihr, wer hinter unseren Teilnehmenden steckt.","og_url":"https:\/\/hub.hslu.ch\/ikm\/2022\/12\/22\/ikm-alumni-im-interview-martin-niederberger\/","og_site_name":"IKM-Blog","article_published_time":"2022-12-22T09:09:01+00:00","article_modified_time":"2026-02-09T13:19:52+00:00","og_image":[{"width":2048,"height":1356,"url":"https:\/\/hub.hslu.ch\/ikm\/wp-content\/blogs.dir\/489\/files\/sites\/8\/Portrait-Martin-Niederberger_2022_kompr.jpg","type":"image\/jpeg"}],"author":"sandramendez","twitter_card":"summary_large_image","twitter_misc":{"Geschrieben von":"sandramendez","Gesch\u00e4tzte Lesezeit":"6\u00a0Minuten"},"schema":{"@context":"https:\/\/schema.org","@graph":[{"@type":"Article","@id":"https:\/\/hub.hslu.ch\/ikm\/2022\/12\/22\/ikm-alumni-im-interview-martin-niederberger\/#article","isPartOf":{"@id":"https:\/\/hub.hslu.ch\/ikm\/2022\/12\/22\/ikm-alumni-im-interview-martin-niederberger\/"},"author":{"name":"sandramendez","@id":"https:\/\/hub.hslu.ch\/ikm\/#\/schema\/person\/f499a20cf3ea24019b09ec0b7a32f6f3"},"headline":"IKM Alumni im Interview \u2013 Martin Niederberger","datePublished":"2022-12-22T09:09:01+00:00","dateModified":"2026-02-09T13:19:52+00:00","mainEntityOfPage":{"@id":"https:\/\/hub.hslu.ch\/ikm\/2022\/12\/22\/ikm-alumni-im-interview-martin-niederberger\/"},"wordCount":884,"commentCount":0,"image":{"@id":"https:\/\/hub.hslu.ch\/ikm\/2022\/12\/22\/ikm-alumni-im-interview-martin-niederberger\/#primaryimage"},"thumbnailUrl":"https:\/\/hub.hslu.ch\/ikm\/wp-content\/blogs.dir\/489\/files\/sites\/8\/Portrait-Martin-Niederberger_2022_kompr.jpg","articleSection":["Marketing- und Kommunikationsmanagement","Weiterbildung"],"inLanguage":"de-CH","potentialAction":[{"@type":"CommentAction","name":"Comment","target":["https:\/\/hub.hslu.ch\/ikm\/2022\/12\/22\/ikm-alumni-im-interview-martin-niederberger\/#respond"]}]},{"@type":"WebPage","@id":"https:\/\/hub.hslu.ch\/ikm\/2022\/12\/22\/ikm-alumni-im-interview-martin-niederberger\/","url":"https:\/\/hub.hslu.ch\/ikm\/2022\/12\/22\/ikm-alumni-im-interview-martin-niederberger\/","name":"IKM Alumni im Interview \u2013 Martin Niederberger - IKM-Blog","isPartOf":{"@id":"https:\/\/hub.hslu.ch\/ikm\/#website"},"primaryImageOfPage":{"@id":"https:\/\/hub.hslu.ch\/ikm\/2022\/12\/22\/ikm-alumni-im-interview-martin-niederberger\/#primaryimage"},"image":{"@id":"https:\/\/hub.hslu.ch\/ikm\/2022\/12\/22\/ikm-alumni-im-interview-martin-niederberger\/#primaryimage"},"thumbnailUrl":"https:\/\/hub.hslu.ch\/ikm\/wp-content\/blogs.dir\/489\/files\/sites\/8\/Portrait-Martin-Niederberger_2022_kompr.jpg","datePublished":"2022-12-22T09:09:01+00:00","dateModified":"2026-02-09T13:19:52+00:00","author":{"@id":"https:\/\/hub.hslu.ch\/ikm\/#\/schema\/person\/f499a20cf3ea24019b09ec0b7a32f6f3"},"description":"Wir haben Alumni unserer Weiterbildungen am IKM interviewt. In dieser Blog-Reihe erf\u00e4hrt ihr, wer hinter unseren Teilnehmenden steckt.","breadcrumb":{"@id":"https:\/\/hub.hslu.ch\/ikm\/2022\/12\/22\/ikm-alumni-im-interview-martin-niederberger\/#breadcrumb"},"inLanguage":"de-CH","potentialAction":[{"@type":"ReadAction","target":["https:\/\/hub.hslu.ch\/ikm\/2022\/12\/22\/ikm-alumni-im-interview-martin-niederberger\/"]}]},{"@type":"ImageObject","inLanguage":"de-CH","@id":"https:\/\/hub.hslu.ch\/ikm\/2022\/12\/22\/ikm-alumni-im-interview-martin-niederberger\/#primaryimage","url":"https:\/\/hub.hslu.ch\/ikm\/wp-content\/blogs.dir\/489\/files\/sites\/8\/Portrait-Martin-Niederberger_2022_kompr.jpg","contentUrl":"https:\/\/hub.hslu.ch\/ikm\/wp-content\/blogs.dir\/489\/files\/sites\/8\/Portrait-Martin-Niederberger_2022_kompr.jpg","width":2048,"height":1356},{"@type":"BreadcrumbList","@id":"https:\/\/hub.hslu.ch\/ikm\/2022\/12\/22\/ikm-alumni-im-interview-martin-niederberger\/#breadcrumb","itemListElement":[{"@type":"ListItem","position":1,"name":"Home","item":"https:\/\/hub.hslu.ch\/ikm\/"},{"@type":"ListItem","position":2,"name":"IKM Alumni im Interview \u2013 Martin Niederberger"}]},{"@type":"WebSite","@id":"https:\/\/hub.hslu.ch\/ikm\/#website","url":"https:\/\/hub.hslu.ch\/ikm\/","name":"IKM-Blog","description":"Kommunikation und Marketing an der Hochschule Luzern \u2013 Wirtschaft","potentialAction":[{"@type":"SearchAction","target":{"@type":"EntryPoint","urlTemplate":"https:\/\/hub.hslu.ch\/ikm\/?s={search_term_string}"},"query-input":{"@type":"PropertyValueSpecification","valueRequired":true,"valueName":"search_term_string"}}],"inLanguage":"de-CH"},{"@type":"Person","@id":"https:\/\/hub.hslu.ch\/ikm\/#\/schema\/person\/f499a20cf3ea24019b09ec0b7a32f6f3","name":"sandramendez"}]}},"featured_image_src":"https:\/\/hub.hslu.ch\/ikm\/wp-content\/blogs.dir\/489\/files\/sites\/8\/Portrait-Martin-Niederberger_2022_kompr.jpg","featured_image_src_square":"https:\/\/hub.hslu.ch\/ikm\/wp-content\/blogs.dir\/489\/files\/sites\/8\/Portrait-Martin-Niederberger_2022_kompr.jpg","author_info":{"display_name":"sandramendez","author_link":"https:\/\/hub.hslu.ch\/ikm\/author\/sandramendez\/"},"_links":{"self":[{"href":"https:\/\/hub.hslu.ch\/ikm\/wp-json\/wp\/v2\/posts\/19425","targetHints":{"allow":["GET"]}}],"collection":[{"href":"https:\/\/hub.hslu.ch\/ikm\/wp-json\/wp\/v2\/posts"}],"about":[{"href":"https:\/\/hub.hslu.ch\/ikm\/wp-json\/wp\/v2\/types\/post"}],"author":[{"embeddable":true,"href":"https:\/\/hub.hslu.ch\/ikm\/wp-json\/wp\/v2\/users\/247"}],"replies":[{"embeddable":true,"href":"https:\/\/hub.hslu.ch\/ikm\/wp-json\/wp\/v2\/comments?post=19425"}],"version-history":[{"count":12,"href":"https:\/\/hub.hslu.ch\/ikm\/wp-json\/wp\/v2\/posts\/19425\/revisions"}],"predecessor-version":[{"id":24379,"href":"https:\/\/hub.hslu.ch\/ikm\/wp-json\/wp\/v2\/posts\/19425\/revisions\/24379"}],"wp:featuredmedia":[{"embeddable":true,"href":"https:\/\/hub.hslu.ch\/ikm\/wp-json\/wp\/v2\/media\/19428"}],"wp:attachment":[{"href":"https:\/\/hub.hslu.ch\/ikm\/wp-json\/wp\/v2\/media?parent=19425"}],"wp:term":[{"taxonomy":"category","embeddable":true,"href":"https:\/\/hub.hslu.ch\/ikm\/wp-json\/wp\/v2\/categories?post=19425"},{"taxonomy":"post_tag","embeddable":true,"href":"https:\/\/hub.hslu.ch\/ikm\/wp-json\/wp\/v2\/tags?post=19425"}],"curies":[{"name":"wp","href":"https:\/\/api.w.org\/{rel}","templated":true}]}}