{"id":19435,"date":"2022-12-22T14:57:46","date_gmt":"2022-12-22T13:57:46","guid":{"rendered":"https:\/\/hub.hslu.ch\/ikm\/?p=19435"},"modified":"2026-02-09T14:18:48","modified_gmt":"2026-02-09T13:18:48","slug":"ikm-alumni-im-interview-anian-heierli","status":"publish","type":"post","link":"https:\/\/hub.hslu.ch\/ikm\/2022\/12\/22\/ikm-alumni-im-interview-anian-heierli\/","title":{"rendered":"IKM Alumni im Interview \u2013 Anian Heierli"},"content":{"rendered":"\n<h2 class=\"wp-block-heading\">Wer bist du?<\/h2>\n\n\n\n<p>Mein Name ist Anian. Ich bin 36 Jahre jung und lebe in Altdorf UR. In meinem Beruf als Kommunikationsverantwortlicher der Luzerner Gemeinde Ebikon suche ich die richtigen Worte f\u00fcr die richtigen Situationen. Meine Freizeit verbringe ich am liebsten mit meiner Familie oder sonst mit Freunden auf dem Mountainbike und Rennvelo. Falls ich die Zeit finde, h\u00f6re ich Podcasts oder lese ein gutes Buch. <\/p>\n\n\n\n<h2 class=\"wp-block-heading\">Weshalb hast du dich dazu entschieden, eine Weiterbildung zu besuchen?<\/h2>\n\n\n\n<p>Ich war lange im Journalismus t\u00e4tig, auf lokaler, regionaler und nationaler Ebene. Obwohl mir meine T\u00e4tigkeit gr\u00f6sstenteils Spass machte, wollte ich nach 10 Jahren einen Wechsel. Ich entschied mich deshalb f\u00fcr den <a href=\"https:\/\/www.hslu.ch\/de-ch\/wirtschaft\/weiterbildung\/mas\/ikm\/communication-management\/#?filters=108\" target=\"_blank\" rel=\"noreferrer noopener\">MAS Communication Management<\/a> an der HSLU. Dazu w\u00e4hlte ich die drei CAS-Programme <a href=\"https:\/\/www.hslu.ch\/de-ch\/wirtschaft\/weiterbildung\/cas\/ikm\/digital-communication-and-marketing\/\" target=\"_blank\" rel=\"noreferrer noopener\">Digital Communication and Marketing<\/a>, <a href=\"https:\/\/www.hslu.ch\/de-ch\/wirtschaft\/weiterbildung\/cas\/ikm\/strategic-and-corporate-communication\/\" target=\"_blank\" rel=\"noreferrer noopener\">Strategic and Corporate Communication<\/a> und Politische Kommunikation. Ein Entscheid, den ich r\u00fcckblickend nicht bereue. Im Gegenteil: Die Ausbildung war sehr praxisorientiert und ich kann das Gelernte im Berufsalltag umsetzen.<\/p>\n\n\n\n<h2 class=\"wp-block-heading\">Wo arbeitest du heute?<\/h2>\n\n\n\n<p>Heute sitze ich als Kommunikationsverantwortlicher der Gemeinde Ebikon auf dem PR-Stuhl. Auch dank der Ausbildung an der HSLU gelang mir w\u00e4hrend dem Master der Seitenwechsel vom Journalismus hin zur politischen Kommunikation. Mein momentanes Aufgabengebiet ist breit gef\u00e4chert. Ich gestalte und entwickle die Unternehmenskommunikation, pflege Kontakte zu Medienschaffenden, Kommissionen und politischen Gremien und berate den Gemeinderat und die Gesch\u00e4ftsleitung bei kommunikativen Aufgaben. Aktuell fordert mich vor allem die Schulraumstrategie der Gemeinde. Wegen der stark wachsenden Sch\u00fclerinnen- und Sch\u00fclerzahl muss der vorhandene Schulraum umfassend saniert, erweitert und erneuert werden. \u00dcber einzelne Schritte dieses Generationenprojekts entscheidet in den kommenden Jahren immer wieder der Souver\u00e4n, was eine gut durchdachte Kommunikationsstrategie erfordert. Eines ist dabei sicher: Die Arbeit wird mir so schnell nicht ausgehen.<\/p>\n\n\n\n<figure class=\"wp-block-image size-large is-resized\"><img loading=\"lazy\" decoding=\"async\" width=\"702\" height=\"909\" src=\"https:\/\/hub.hslu.ch\/ikm\/wp-content\/blogs.dir\/489\/files\/sites\/8\/AnianHeierli-2-702x909.jpg\" alt=\"\" class=\"wp-image-19439\" style=\"width:257px;height:333px\" srcset=\"https:\/\/hub.hslu.ch\/ikm\/wp-content\/blogs.dir\/489\/files\/sites\/8\/AnianHeierli-2-702x909.jpg 702w, https:\/\/hub.hslu.ch\/ikm\/wp-content\/blogs.dir\/489\/files\/sites\/8\/AnianHeierli-2-232x300.jpg 232w, https:\/\/hub.hslu.ch\/ikm\/wp-content\/blogs.dir\/489\/files\/sites\/8\/AnianHeierli-2-768x994.jpg 768w, https:\/\/hub.hslu.ch\/ikm\/wp-content\/blogs.dir\/489\/files\/sites\/8\/AnianHeierli-2-1187x1536.jpg 1187w, https:\/\/hub.hslu.ch\/ikm\/wp-content\/blogs.dir\/489\/files\/sites\/8\/AnianHeierli-2-539x698.jpg 539w, https:\/\/hub.hslu.ch\/ikm\/wp-content\/blogs.dir\/489\/files\/sites\/8\/AnianHeierli-2.jpg 1582w\" sizes=\"auto, (max-width: 702px) 100vw, 702px\" \/><figcaption class=\"wp-element-caption\"><strong>Anian Heierli<\/strong><br>Kommunikationsverantwortlicher und Absolvent des MAS Communication Management<\/figcaption><\/figure>\n\n\n\n<h2 class=\"wp-block-heading\">Was nimmst du aus der Weiterbildung in deinen Berufsalltag mit?<\/h2>\n\n\n\n<p>Die gr\u00f6sste M\u00fche bereitete mir das <a href=\"https:\/\/www.hslu.ch\/de-ch\/wirtschaft\/weiterbildung\/cas\/ikm\/digital-communication-and-marketing\/\" target=\"_blank\" rel=\"noreferrer noopener\">CAS Digital Communication and Marketing<\/a>, da ich im Bereich Marketing keinerlei Grundwissen hatte. Dennoch faszinierte mich die Thematik und ich besch\u00e4ftigte mich nach dem CAS mit den beiden Standartwerken \u201eDigital und Web Analytics\u201c von HSLU-Dozent Marco Hassler und \u201eSuchmaschinenoptimierung\u201c von Sebastian Erlhofer. So konnte ich Google Analytics auf unserer Arbeitgeberwebseite einbinden und diese sp\u00e4ter aufgrund der gesammelten Daten optimieren. Parallel dazu f\u00fchrte ich im Bereich SEO eine On-Page-Optimierung durch, indem ich Texte anpasste, neue Meta Title verfasste und bei Google eine Sitemap einreichte. So ganz zufrieden bin ich mit dem Resultat nicht und echte Marketingprofis w\u00fcrden mich wohl bel\u00e4cheln. Doch immerhin wurde unser Google-Ranking bei bestimmten Keywords besser.<\/p>\n\n\n\n<h2 class=\"wp-block-heading\">Das CAS in Online Communication und Marketing brachte dir also den gr\u00f6ssten Nutzen?<\/h2>\n\n\n\n<p>R\u00fcckblickend war die gesamte Ausbildung wertvoll und half mir dabei, mich beruflich weiterzuentwickeln. Am meisten profitiere ich heute vom erlernten Wissen \u00fcber den Aufbau einer Kommunikationsstrategie. Kurz: Problemstellung, Analyse, Zielsetzung, Strategie, Massnahmen, Evaluation. Anhand dieser Formel habe ich auch meine Masterarbeit erstellt, ein Krisenkommunikationskonzept f\u00fcr die Gemeinde Ebikon. Aus strategischer Sicht gefallen mir die die Werke von HSLU-Dozentin und Kommunikationswissenschaftlerin Claudia Mast. Ihr Leitfaden Unternehmenskommunikation liegt griffbereit auf meinem Schreibtisch.<\/p>\n\n\n\n<h2 class=\"wp-block-heading\">Inwiefern kannst du vom neuen Netzwerk profitieren?<\/h2>\n\n\n\n<p>Als besonders wertvoll erlebte ich die Kontakte zu den anderen Teilnehmenden. Diese waren bereichernd und erm\u00f6glichten einen spannenden Einblick in andere Unternehmen. Das war eine willkommene Abwechslung zum Arbeitsalltag. Zudem entstanden so Freundschaften, die wir auch heute, nach der abgeschlossenen Ausbildung, weiter pflegen. Das ist auch f\u00fcr den beruflichen Alltag wertvoll. Etwa wenn ich eine externe Sicht auf eine kommunikative Herausforderung im Unternehmen suche.<\/p>\n\n\n\n<p>Mein Fazit: Neben Beruf und Familie war die Ausbildung intensiv. Geschenkt wurde einem nichts. Umso gr\u00f6sser war daf\u00fcr der Lerneffekt. Ich w\u00fcrde den <a href=\"https:\/\/www.hslu.ch\/de-ch\/wirtschaft\/weiterbildung\/mas\/ikm\/communication-management\/#?filters=108\" target=\"_blank\" rel=\"noreferrer noopener\">MAS Communication Management<\/a> sofort wieder w\u00e4hlen.<\/p>\n\n\n\n<p><strong>Interessiert zu erfahren was andere Alumni gesagt haben? Hier geht&#8217;s zum <a href=\"https:\/\/hub.hslu.ch\/ikm\/2022\/12\/22\/ikm-alumni-im-interview-martin-niederberger\/\" target=\"_blank\" rel=\"noreferrer noopener\">vierten Teil<\/a><\/strong>.<\/p>\n","protected":false},"excerpt":{"rendered":"<p>Das Weiterbildungsangebot am Institut f\u00fcr Kommunikation und Marketing IKM umfasst aktuell drei MAS-Programme, 15 CAS sowie 11 Weiterbildungskurse. Wir haben Alumni unserer Weiterbildungen interviewt. In dieser Blog-Reihe erf\u00e4hrt ihr, wer hinter unseren Teilnehmenden steckt, was sie dazu bewogen hat eine Weiterbildung am IKM zu machen und wie sie davon profitieren. Im f\u00fcnften Teil haben wir Anian Heierli interviewt.<\/p>\n","protected":false},"author":247,"featured_media":19438,"comment_status":"open","ping_status":"open","sticky":false,"template":"","format":"standard","meta":{"_acf_changed":false,"inline_featured_image":false,"_relevanssi_hide_post":"","_relevanssi_hide_content":"","_relevanssi_pin_for_all":"","_relevanssi_pin_keywords":"","_relevanssi_unpin_keywords":"","_relevanssi_related_keywords":"","_relevanssi_related_include_ids":"","_relevanssi_related_exclude_ids":"","_relevanssi_related_no_append":"","_relevanssi_related_not_related":"","_relevanssi_related_posts":"6345,9138,13178,10474,6147,13578","_relevanssi_noindex_reason":"","footnotes":"","_links_to":"","_links_to_target":""},"categories":[86671,4668],"tags":[],"class_list":["post-19435","post","type-post","status-publish","format-standard","has-post-thumbnail","hentry","category-marketing-und-kommunikationsmanagement","category-weiterbildung"],"acf":[],"yoast_head":"<!-- This site is optimized with the Yoast SEO plugin v27.4 - https:\/\/yoast.com\/product\/yoast-seo-wordpress\/ -->\n<title>IKM Alumni im Interview \u2013 Anian Heierli - IKM-Blog<\/title>\n<meta name=\"description\" content=\"Wir haben Alumni unserer Weiterbildungen am IKM interviewt. In dieser Blog-Reihe erf\u00e4hrt ihr, wer hinter unseren Teilnehmenden steckt.\" \/>\n<meta name=\"robots\" content=\"index, follow, max-snippet:-1, max-image-preview:large, max-video-preview:-1\" \/>\n<link rel=\"canonical\" href=\"https:\/\/hub.hslu.ch\/ikm\/2022\/12\/22\/ikm-alumni-im-interview-anian-heierli\/\" \/>\n<meta property=\"og:locale\" content=\"de_DE\" \/>\n<meta property=\"og:type\" content=\"article\" \/>\n<meta property=\"og:title\" content=\"IKM Alumni im Interview \u2013 Anian Heierli - IKM-Blog\" \/>\n<meta property=\"og:description\" content=\"Wir haben Alumni unserer Weiterbildungen am IKM interviewt. In dieser Blog-Reihe erf\u00e4hrt ihr, wer hinter unseren Teilnehmenden steckt.\" \/>\n<meta property=\"og:url\" content=\"https:\/\/hub.hslu.ch\/ikm\/2022\/12\/22\/ikm-alumni-im-interview-anian-heierli\/\" \/>\n<meta property=\"og:site_name\" content=\"IKM-Blog\" \/>\n<meta property=\"article:published_time\" content=\"2022-12-22T13:57:46+00:00\" \/>\n<meta property=\"article:modified_time\" content=\"2026-02-09T13:18:48+00:00\" \/>\n<meta property=\"og:image\" content=\"https:\/\/hub.hslu.ch\/ikm\/wp-content\/blogs.dir\/489\/files\/sites\/8\/AnianHeierli-e1671701466565.jpg\" \/>\n\t<meta property=\"og:image:width\" content=\"2043\" \/>\n\t<meta property=\"og:image:height\" content=\"1438\" \/>\n\t<meta property=\"og:image:type\" content=\"image\/jpeg\" \/>\n<meta name=\"author\" content=\"sandramendez\" \/>\n<meta name=\"twitter:card\" content=\"summary_large_image\" \/>\n<meta name=\"twitter:label1\" content=\"Geschrieben von\" \/>\n\t<meta name=\"twitter:data1\" content=\"sandramendez\" \/>\n\t<meta name=\"twitter:label2\" content=\"Gesch\u00e4tzte Lesezeit\" \/>\n\t<meta name=\"twitter:data2\" content=\"4\u00a0Minuten\" \/>\n<script type=\"application\/ld+json\" class=\"yoast-schema-graph\">{\"@context\":\"https:\\\/\\\/schema.org\",\"@graph\":[{\"@type\":\"Article\",\"@id\":\"https:\\\/\\\/hub.hslu.ch\\\/ikm\\\/2022\\\/12\\\/22\\\/ikm-alumni-im-interview-anian-heierli\\\/#article\",\"isPartOf\":{\"@id\":\"https:\\\/\\\/hub.hslu.ch\\\/ikm\\\/2022\\\/12\\\/22\\\/ikm-alumni-im-interview-anian-heierli\\\/\"},\"author\":{\"name\":\"sandramendez\",\"@id\":\"https:\\\/\\\/hub.hslu.ch\\\/ikm\\\/#\\\/schema\\\/person\\\/f499a20cf3ea24019b09ec0b7a32f6f3\"},\"headline\":\"IKM Alumni im Interview \u2013 Anian Heierli\",\"datePublished\":\"2022-12-22T13:57:46+00:00\",\"dateModified\":\"2026-02-09T13:18:48+00:00\",\"mainEntityOfPage\":{\"@id\":\"https:\\\/\\\/hub.hslu.ch\\\/ikm\\\/2022\\\/12\\\/22\\\/ikm-alumni-im-interview-anian-heierli\\\/\"},\"wordCount\":640,\"commentCount\":0,\"image\":{\"@id\":\"https:\\\/\\\/hub.hslu.ch\\\/ikm\\\/2022\\\/12\\\/22\\\/ikm-alumni-im-interview-anian-heierli\\\/#primaryimage\"},\"thumbnailUrl\":\"https:\\\/\\\/hub.hslu.ch\\\/ikm\\\/wp-content\\\/blogs.dir\\\/489\\\/files\\\/sites\\\/8\\\/AnianHeierli-e1671701466565.jpg\",\"articleSection\":[\"Marketing- und Kommunikationsmanagement\",\"Weiterbildung\"],\"inLanguage\":\"de-CH\",\"potentialAction\":[{\"@type\":\"CommentAction\",\"name\":\"Comment\",\"target\":[\"https:\\\/\\\/hub.hslu.ch\\\/ikm\\\/2022\\\/12\\\/22\\\/ikm-alumni-im-interview-anian-heierli\\\/#respond\"]}]},{\"@type\":\"WebPage\",\"@id\":\"https:\\\/\\\/hub.hslu.ch\\\/ikm\\\/2022\\\/12\\\/22\\\/ikm-alumni-im-interview-anian-heierli\\\/\",\"url\":\"https:\\\/\\\/hub.hslu.ch\\\/ikm\\\/2022\\\/12\\\/22\\\/ikm-alumni-im-interview-anian-heierli\\\/\",\"name\":\"IKM Alumni im Interview \u2013 Anian Heierli - IKM-Blog\",\"isPartOf\":{\"@id\":\"https:\\\/\\\/hub.hslu.ch\\\/ikm\\\/#website\"},\"primaryImageOfPage\":{\"@id\":\"https:\\\/\\\/hub.hslu.ch\\\/ikm\\\/2022\\\/12\\\/22\\\/ikm-alumni-im-interview-anian-heierli\\\/#primaryimage\"},\"image\":{\"@id\":\"https:\\\/\\\/hub.hslu.ch\\\/ikm\\\/2022\\\/12\\\/22\\\/ikm-alumni-im-interview-anian-heierli\\\/#primaryimage\"},\"thumbnailUrl\":\"https:\\\/\\\/hub.hslu.ch\\\/ikm\\\/wp-content\\\/blogs.dir\\\/489\\\/files\\\/sites\\\/8\\\/AnianHeierli-e1671701466565.jpg\",\"datePublished\":\"2022-12-22T13:57:46+00:00\",\"dateModified\":\"2026-02-09T13:18:48+00:00\",\"author\":{\"@id\":\"https:\\\/\\\/hub.hslu.ch\\\/ikm\\\/#\\\/schema\\\/person\\\/f499a20cf3ea24019b09ec0b7a32f6f3\"},\"description\":\"Wir haben Alumni unserer Weiterbildungen am IKM interviewt. In dieser Blog-Reihe erf\u00e4hrt ihr, wer hinter unseren Teilnehmenden steckt.\",\"breadcrumb\":{\"@id\":\"https:\\\/\\\/hub.hslu.ch\\\/ikm\\\/2022\\\/12\\\/22\\\/ikm-alumni-im-interview-anian-heierli\\\/#breadcrumb\"},\"inLanguage\":\"de-CH\",\"potentialAction\":[{\"@type\":\"ReadAction\",\"target\":[\"https:\\\/\\\/hub.hslu.ch\\\/ikm\\\/2022\\\/12\\\/22\\\/ikm-alumni-im-interview-anian-heierli\\\/\"]}]},{\"@type\":\"ImageObject\",\"inLanguage\":\"de-CH\",\"@id\":\"https:\\\/\\\/hub.hslu.ch\\\/ikm\\\/2022\\\/12\\\/22\\\/ikm-alumni-im-interview-anian-heierli\\\/#primaryimage\",\"url\":\"https:\\\/\\\/hub.hslu.ch\\\/ikm\\\/wp-content\\\/blogs.dir\\\/489\\\/files\\\/sites\\\/8\\\/AnianHeierli-e1671701466565.jpg\",\"contentUrl\":\"https:\\\/\\\/hub.hslu.ch\\\/ikm\\\/wp-content\\\/blogs.dir\\\/489\\\/files\\\/sites\\\/8\\\/AnianHeierli-e1671701466565.jpg\",\"width\":2043,\"height\":1438},{\"@type\":\"BreadcrumbList\",\"@id\":\"https:\\\/\\\/hub.hslu.ch\\\/ikm\\\/2022\\\/12\\\/22\\\/ikm-alumni-im-interview-anian-heierli\\\/#breadcrumb\",\"itemListElement\":[{\"@type\":\"ListItem\",\"position\":1,\"name\":\"Home\",\"item\":\"https:\\\/\\\/hub.hslu.ch\\\/ikm\\\/\"},{\"@type\":\"ListItem\",\"position\":2,\"name\":\"IKM Alumni im Interview \u2013 Anian Heierli\"}]},{\"@type\":\"WebSite\",\"@id\":\"https:\\\/\\\/hub.hslu.ch\\\/ikm\\\/#website\",\"url\":\"https:\\\/\\\/hub.hslu.ch\\\/ikm\\\/\",\"name\":\"IKM-Blog\",\"description\":\"Kommunikation und Marketing an der Hochschule Luzern \u2013 Wirtschaft\",\"potentialAction\":[{\"@type\":\"SearchAction\",\"target\":{\"@type\":\"EntryPoint\",\"urlTemplate\":\"https:\\\/\\\/hub.hslu.ch\\\/ikm\\\/?s={search_term_string}\"},\"query-input\":{\"@type\":\"PropertyValueSpecification\",\"valueRequired\":true,\"valueName\":\"search_term_string\"}}],\"inLanguage\":\"de-CH\"},{\"@type\":\"Person\",\"@id\":\"https:\\\/\\\/hub.hslu.ch\\\/ikm\\\/#\\\/schema\\\/person\\\/f499a20cf3ea24019b09ec0b7a32f6f3\",\"name\":\"sandramendez\"}]}<\/script>\n<!-- \/ Yoast SEO plugin. -->","yoast_head_json":{"title":"IKM Alumni im Interview \u2013 Anian Heierli - IKM-Blog","description":"Wir haben Alumni unserer Weiterbildungen am IKM interviewt. In dieser Blog-Reihe erf\u00e4hrt ihr, wer hinter unseren Teilnehmenden steckt.","robots":{"index":"index","follow":"follow","max-snippet":"max-snippet:-1","max-image-preview":"max-image-preview:large","max-video-preview":"max-video-preview:-1"},"canonical":"https:\/\/hub.hslu.ch\/ikm\/2022\/12\/22\/ikm-alumni-im-interview-anian-heierli\/","og_locale":"de_DE","og_type":"article","og_title":"IKM Alumni im Interview \u2013 Anian Heierli - IKM-Blog","og_description":"Wir haben Alumni unserer Weiterbildungen am IKM interviewt. In dieser Blog-Reihe erf\u00e4hrt ihr, wer hinter unseren Teilnehmenden steckt.","og_url":"https:\/\/hub.hslu.ch\/ikm\/2022\/12\/22\/ikm-alumni-im-interview-anian-heierli\/","og_site_name":"IKM-Blog","article_published_time":"2022-12-22T13:57:46+00:00","article_modified_time":"2026-02-09T13:18:48+00:00","og_image":[{"width":2043,"height":1438,"url":"https:\/\/hub.hslu.ch\/ikm\/wp-content\/blogs.dir\/489\/files\/sites\/8\/AnianHeierli-e1671701466565.jpg","type":"image\/jpeg"}],"author":"sandramendez","twitter_card":"summary_large_image","twitter_misc":{"Geschrieben von":"sandramendez","Gesch\u00e4tzte Lesezeit":"4\u00a0Minuten"},"schema":{"@context":"https:\/\/schema.org","@graph":[{"@type":"Article","@id":"https:\/\/hub.hslu.ch\/ikm\/2022\/12\/22\/ikm-alumni-im-interview-anian-heierli\/#article","isPartOf":{"@id":"https:\/\/hub.hslu.ch\/ikm\/2022\/12\/22\/ikm-alumni-im-interview-anian-heierli\/"},"author":{"name":"sandramendez","@id":"https:\/\/hub.hslu.ch\/ikm\/#\/schema\/person\/f499a20cf3ea24019b09ec0b7a32f6f3"},"headline":"IKM Alumni im Interview \u2013 Anian Heierli","datePublished":"2022-12-22T13:57:46+00:00","dateModified":"2026-02-09T13:18:48+00:00","mainEntityOfPage":{"@id":"https:\/\/hub.hslu.ch\/ikm\/2022\/12\/22\/ikm-alumni-im-interview-anian-heierli\/"},"wordCount":640,"commentCount":0,"image":{"@id":"https:\/\/hub.hslu.ch\/ikm\/2022\/12\/22\/ikm-alumni-im-interview-anian-heierli\/#primaryimage"},"thumbnailUrl":"https:\/\/hub.hslu.ch\/ikm\/wp-content\/blogs.dir\/489\/files\/sites\/8\/AnianHeierli-e1671701466565.jpg","articleSection":["Marketing- und Kommunikationsmanagement","Weiterbildung"],"inLanguage":"de-CH","potentialAction":[{"@type":"CommentAction","name":"Comment","target":["https:\/\/hub.hslu.ch\/ikm\/2022\/12\/22\/ikm-alumni-im-interview-anian-heierli\/#respond"]}]},{"@type":"WebPage","@id":"https:\/\/hub.hslu.ch\/ikm\/2022\/12\/22\/ikm-alumni-im-interview-anian-heierli\/","url":"https:\/\/hub.hslu.ch\/ikm\/2022\/12\/22\/ikm-alumni-im-interview-anian-heierli\/","name":"IKM Alumni im Interview \u2013 Anian Heierli - IKM-Blog","isPartOf":{"@id":"https:\/\/hub.hslu.ch\/ikm\/#website"},"primaryImageOfPage":{"@id":"https:\/\/hub.hslu.ch\/ikm\/2022\/12\/22\/ikm-alumni-im-interview-anian-heierli\/#primaryimage"},"image":{"@id":"https:\/\/hub.hslu.ch\/ikm\/2022\/12\/22\/ikm-alumni-im-interview-anian-heierli\/#primaryimage"},"thumbnailUrl":"https:\/\/hub.hslu.ch\/ikm\/wp-content\/blogs.dir\/489\/files\/sites\/8\/AnianHeierli-e1671701466565.jpg","datePublished":"2022-12-22T13:57:46+00:00","dateModified":"2026-02-09T13:18:48+00:00","author":{"@id":"https:\/\/hub.hslu.ch\/ikm\/#\/schema\/person\/f499a20cf3ea24019b09ec0b7a32f6f3"},"description":"Wir haben Alumni unserer Weiterbildungen am IKM interviewt. In dieser Blog-Reihe erf\u00e4hrt ihr, wer hinter unseren Teilnehmenden steckt.","breadcrumb":{"@id":"https:\/\/hub.hslu.ch\/ikm\/2022\/12\/22\/ikm-alumni-im-interview-anian-heierli\/#breadcrumb"},"inLanguage":"de-CH","potentialAction":[{"@type":"ReadAction","target":["https:\/\/hub.hslu.ch\/ikm\/2022\/12\/22\/ikm-alumni-im-interview-anian-heierli\/"]}]},{"@type":"ImageObject","inLanguage":"de-CH","@id":"https:\/\/hub.hslu.ch\/ikm\/2022\/12\/22\/ikm-alumni-im-interview-anian-heierli\/#primaryimage","url":"https:\/\/hub.hslu.ch\/ikm\/wp-content\/blogs.dir\/489\/files\/sites\/8\/AnianHeierli-e1671701466565.jpg","contentUrl":"https:\/\/hub.hslu.ch\/ikm\/wp-content\/blogs.dir\/489\/files\/sites\/8\/AnianHeierli-e1671701466565.jpg","width":2043,"height":1438},{"@type":"BreadcrumbList","@id":"https:\/\/hub.hslu.ch\/ikm\/2022\/12\/22\/ikm-alumni-im-interview-anian-heierli\/#breadcrumb","itemListElement":[{"@type":"ListItem","position":1,"name":"Home","item":"https:\/\/hub.hslu.ch\/ikm\/"},{"@type":"ListItem","position":2,"name":"IKM Alumni im Interview \u2013 Anian Heierli"}]},{"@type":"WebSite","@id":"https:\/\/hub.hslu.ch\/ikm\/#website","url":"https:\/\/hub.hslu.ch\/ikm\/","name":"IKM-Blog","description":"Kommunikation und Marketing an der Hochschule Luzern \u2013 Wirtschaft","potentialAction":[{"@type":"SearchAction","target":{"@type":"EntryPoint","urlTemplate":"https:\/\/hub.hslu.ch\/ikm\/?s={search_term_string}"},"query-input":{"@type":"PropertyValueSpecification","valueRequired":true,"valueName":"search_term_string"}}],"inLanguage":"de-CH"},{"@type":"Person","@id":"https:\/\/hub.hslu.ch\/ikm\/#\/schema\/person\/f499a20cf3ea24019b09ec0b7a32f6f3","name":"sandramendez"}]}},"featured_image_src":"https:\/\/hub.hslu.ch\/ikm\/wp-content\/blogs.dir\/489\/files\/sites\/8\/AnianHeierli-e1671701466565.jpg","featured_image_src_square":"https:\/\/hub.hslu.ch\/ikm\/wp-content\/blogs.dir\/489\/files\/sites\/8\/AnianHeierli-e1671701466565.jpg","author_info":{"display_name":"sandramendez","author_link":"https:\/\/hub.hslu.ch\/ikm\/author\/sandramendez\/"},"_links":{"self":[{"href":"https:\/\/hub.hslu.ch\/ikm\/wp-json\/wp\/v2\/posts\/19435","targetHints":{"allow":["GET"]}}],"collection":[{"href":"https:\/\/hub.hslu.ch\/ikm\/wp-json\/wp\/v2\/posts"}],"about":[{"href":"https:\/\/hub.hslu.ch\/ikm\/wp-json\/wp\/v2\/types\/post"}],"author":[{"embeddable":true,"href":"https:\/\/hub.hslu.ch\/ikm\/wp-json\/wp\/v2\/users\/247"}],"replies":[{"embeddable":true,"href":"https:\/\/hub.hslu.ch\/ikm\/wp-json\/wp\/v2\/comments?post=19435"}],"version-history":[{"count":10,"href":"https:\/\/hub.hslu.ch\/ikm\/wp-json\/wp\/v2\/posts\/19435\/revisions"}],"predecessor-version":[{"id":24377,"href":"https:\/\/hub.hslu.ch\/ikm\/wp-json\/wp\/v2\/posts\/19435\/revisions\/24377"}],"wp:featuredmedia":[{"embeddable":true,"href":"https:\/\/hub.hslu.ch\/ikm\/wp-json\/wp\/v2\/media\/19438"}],"wp:attachment":[{"href":"https:\/\/hub.hslu.ch\/ikm\/wp-json\/wp\/v2\/media?parent=19435"}],"wp:term":[{"taxonomy":"category","embeddable":true,"href":"https:\/\/hub.hslu.ch\/ikm\/wp-json\/wp\/v2\/categories?post=19435"},{"taxonomy":"post_tag","embeddable":true,"href":"https:\/\/hub.hslu.ch\/ikm\/wp-json\/wp\/v2\/tags?post=19435"}],"curies":[{"name":"wp","href":"https:\/\/api.w.org\/{rel}","templated":true}]}}