{"id":19445,"date":"2023-01-12T09:53:13","date_gmt":"2023-01-12T08:53:13","guid":{"rendered":"https:\/\/hub.hslu.ch\/ikm\/?p=19445"},"modified":"2026-02-09T14:16:32","modified_gmt":"2026-02-09T13:16:32","slug":"ikm-alumni-im-interview-martina-buehler","status":"publish","type":"post","link":"https:\/\/hub.hslu.ch\/ikm\/2023\/01\/12\/ikm-alumni-im-interview-martina-buehler\/","title":{"rendered":"IKM Alumni im Interview \u2013 Martina B\u00fchler"},"content":{"rendered":"\n<h2 class=\"wp-block-heading\">Wer bist du?<\/h2>\n\n\n\n<p>Mein Name ist Martina B\u00fchler, ich bin 33 Jahre jung und wohne in Z\u00fcrich. Ich engagiere mich \u2013 abgesehen von meinem Job \u2013 in verschiedenen anderen Bereichen. So habe ich vor gut drei Jahren eine Meetup Gruppe zum Thema \u00abDigital Marketing &amp; Branding in B2B\u00bb ins Leben gerufen, mit dem Ziel, Professionals untereinander zu vernetzen und voneinander zu lernen.<\/p>\n\n\n\n<p>Daraus ist vor wenigen Monaten auch mein zweites Hobby-Projekt entstanden, der Verein Greenwishing. Ich sehe Greenwashing als eines der gr\u00f6ssten Risiken in der Erreichung der Klimaziele. Deswegen wollte ich das Thema im Rahmen meines Marketing-Meetups aufbringen, habe dann aber schnell bemerkt, dass es schade w\u00e4re, dies \u00abnur\u00bb f\u00fcr diese doch sehr enge Zielgruppe zu machen. Deswegen haben eine gute Freundin (und ebenfalls HSLU-Absolventin, Sophie Hundertmark) und ich im Fr\u00fchjahr 2022 entschlossen, eine f\u00fcr alle zug\u00e4ngliche Veranstaltung rund um Greenwashing auf die Beine zu stellen. Kurzerhand haben wir eine Konferenz im Herbst 2022 organisiert, zusammen mit vielen engagierten Helfer:innen. Mit \u00fcber 90 motivierten Teilnehmer:innen war der Auftakt ein Erfolg, daraus haben wir nun einen Verein gegr\u00fcndet. Mit dem Ziel, Greenwashing zu reduzieren.<\/p>\n\n\n\n<p>Daneben bin ich zudem im Vorstand des FH-Alumni-Verbandes FH Schweiz und im Stiftungsrat der Vorsorgestiftung LibertyGreen.<\/p>\n\n\n\n<h2 class=\"wp-block-heading\">Weshalb hast du dich dazu entschieden, eine Ausbildung zu machen?<\/h2>\n\n\n\n<p>Ich habe meinen <a href=\"https:\/\/www.hslu.ch\/de-ch\/wirtschaft\/studium\/master\/business-administration\/online-business-and-marketing\/\" target=\"_blank\" rel=\"noreferrer noopener\">Master of Science in Business Administration, Major Online Business and Marketing<\/a> im 2016 abgeschlossen. Damals habe ich im Sales\/Marketing im Gesch\u00e4ftstourismus gearbeitet. Mich faszinierten die Digitalisierung und neue Businessmodelle, darauf wollte ich mich spezialisieren.<\/p>\n\n\n\n<h2 class=\"wp-block-heading\">Weshalb hast du dich f\u00fcr die HSLU bzw. das IKM entschieden?<\/h2>\n\n\n\n<p>Im 2014, als ich den Master angefangen habe, war die HSLU die einzige Hochschule, die eine Spezialisierung im Bereich Digitalem \/ Online Marketing angeboten hat. Zudem hat mir am Probestudientag die Art und Weise des Unterrichtens gut gefallen und ich habe auch positives Feedback der Studierenden geh\u00f6rt.<\/p>\n\n\n\n<figure class=\"wp-block-image size-large is-resized\"><img loading=\"lazy\" decoding=\"async\" width=\"702\" height=\"642\" src=\"https:\/\/hub.hslu.ch\/ikm\/wp-content\/blogs.dir\/489\/files\/sites\/8\/PXL_20220527_1211164102-702x642.jpg\" alt=\"\" class=\"wp-image-19446\" style=\"width:301px;height:275px\" srcset=\"https:\/\/hub.hslu.ch\/ikm\/wp-content\/blogs.dir\/489\/files\/sites\/8\/PXL_20220527_1211164102-702x642.jpg 702w, https:\/\/hub.hslu.ch\/ikm\/wp-content\/blogs.dir\/489\/files\/sites\/8\/PXL_20220527_1211164102-300x274.jpg 300w, https:\/\/hub.hslu.ch\/ikm\/wp-content\/blogs.dir\/489\/files\/sites\/8\/PXL_20220527_1211164102-768x702.jpg 768w, https:\/\/hub.hslu.ch\/ikm\/wp-content\/blogs.dir\/489\/files\/sites\/8\/PXL_20220527_1211164102-1536x1404.jpg 1536w, https:\/\/hub.hslu.ch\/ikm\/wp-content\/blogs.dir\/489\/files\/sites\/8\/PXL_20220527_1211164102-764x698.jpg 764w, https:\/\/hub.hslu.ch\/ikm\/wp-content\/blogs.dir\/489\/files\/sites\/8\/PXL_20220527_1211164102.jpg 2048w\" sizes=\"auto, (max-width: 702px) 100vw, 702px\" \/><figcaption class=\"wp-element-caption\"><strong>Martina B\u00fchler<\/strong><br>Chief Marketing Officer und Absolventin des Master of Science in Business Administration, Major Online Business and Marketing<\/figcaption><\/figure>\n\n\n\n<h2 class=\"wp-block-heading\">Wo arbeitest du heute?<\/h2>\n\n\n\n<p>Ich bin Chief Marketing Officer beim Fintech-Unternehmen Loanboox. Ich verantworte alle Aktivit\u00e4ten im Bereich Marketing, Kommunikation und Grafik bei uns im Team und bin Mitglied der Gesch\u00e4ftsleitung. Und wie es in einem Startup \/ Scale-up \u00fcblich ist, fallen viele weitere Aufgaben und Projekte an, angefangen bei HR bis hin zur Nachhaltigkeitsstrategie. Diese Vielf\u00e4ltigkeit entspricht mir sehr.<\/p>\n\n\n\n<h2 class=\"wp-block-heading\">Welches vermittelte Wissen war f\u00fcr dich besonders spannend?<\/h2>\n\n\n\n<p>F\u00fcr mich war insbesondere das sehr praktische Wissen hilfreich. Als Beispiel: Wie funktioniert Suchmaschinenoptimierung? Auf was muss ein Marketeer achten? Welche Kriteren sind relevant?<br>Daneben habe ich die Vielf\u00e4ltigkeit der Themen sehr gesch\u00e4tzt. Wenn mich etwas genauer interessiert hat, habe ich auch gut und gerne zu Hause einige Stunden Tools ausprobiert oder mich bei besprochenen Themen weiter eingelesen.<\/p>\n\n\n\n<h2 class=\"wp-block-heading\">Haben dich die Projekte und Leistungsnachweise weitergebracht? <\/h2>\n\n\n\n<p>Wie auch bereits im Bachelor (den ich an der Fachhochschule Graub\u00fcnden absolvierte) gab es zahlreiche Gruppenarbeiten. Wahrscheinlich zu viele ? Aber es gibt auch viele gute Aspekte daran: Wir lernten, zu pr\u00e4sentieren. Wir lernten, L\u00f6sungen in Gruppen zu finden. Wir lernten, Kompromisse einzugehen. Und noch einiges mehr\u2026<\/p>\n\n\n\n<p>Und aus unserer letzten Gruppenarbeit ist die Idee zu einem Startup entstanden, dem Kunst-Online-Marktplatz artiazza, das wir nach Studienende auch wirklich umgesetzt haben.<\/p>\n\n\n\n<h2 class=\"wp-block-heading\">Weshalb war der Zugang zu den Dozierenden f\u00fcr dich wertvoll?<\/h2>\n\n\n\n<p>Die Praxisn\u00e4he und der Einblick in verschiedene Berufsalltage aus Sichtweise der verschiedenen Dozenten hat mir sicherlich geholfen, den n\u00e4chsten Berufsweg einzuschreiten.<\/p>\n\n\n\n<p>Abgesehen davon kann ich an einem konkreten Beispiel aufzeigen, wie hilfreich das Netzwerk und die Offenheit der Dozenten sein kann, sofern Studierende sich getrauen, um Hilfe zu bitten. <\/p>\n\n\n\n<p>Wie zuvor erw\u00e4hnt habe ich zusammen mit zwei Mitstudierenden direkt nach dem Studium die Business-Idee aus einer Gruppenarbeit in die Praxis umgesetzt und ein Start-up gegr\u00fcndet. Daf\u00fcr waren unsere Dozenten super hilfreich \u2013 Matthes Fleck, Ren\u00e9 Zeier und viele weitere Dozenten standen uns mit Rat und Tat zur Seite. Das war speziell in der Gr\u00fcndungsphase unglaublich hilfreich, nochmals herzlichen Dank an dieser Stelle, falls ihr diesen Beitrag liest ?<\/p>\n\n\n\n<p><strong>Interessiert zu erfahren was andere Alumni gesagt haben? Hier geht&#8217;s zum <a href=\"https:\/\/hub.hslu.ch\/ikm\/2023\/01\/04\/ikm-alumni-im-interview-marc-maurer\/\" target=\"_blank\" rel=\"noreferrer noopener\">sechsten Teil<\/a><\/strong>.<\/p>\n","protected":false},"excerpt":{"rendered":"<p>Das Weiterbildungsangebot am Institut f\u00fcr Kommunikation und Marketing IKM umfasst aktuell drei MAS-Programme, 15 CAS sowie 11 Weiterbildungskurse. Im Bereich der Ausbildung auf Masterstufe wird dieses Angebot durch den Master of Science in Business Administration mit dem Major Online Business and Marketing abgerundet. Wir haben Alumni unserer Aus- und Weiterbildungen interviewt. In dieser Blog-Reihe erf\u00e4hrt ihr, wer hinter unseren Studierenden respektive Teilnehmenden steckt, was sie dazu bewogen hat eine Aus- oder Weiterbildung am IKM zu machen und wie sie davon profitieren. Im siebten Teil haben wir Martina B\u00fchler interviewt.<\/p>\n","protected":false},"author":247,"featured_media":19446,"comment_status":"open","ping_status":"open","sticky":false,"template":"","format":"standard","meta":{"_acf_changed":false,"inline_featured_image":false,"_relevanssi_hide_post":"","_relevanssi_hide_content":"","_relevanssi_pin_for_all":"","_relevanssi_pin_keywords":"","_relevanssi_unpin_keywords":"","_relevanssi_related_keywords":"","_relevanssi_related_include_ids":"","_relevanssi_related_exclude_ids":"","_relevanssi_related_no_append":"","_relevanssi_related_not_related":"","_relevanssi_related_posts":"8466,8756,7091,11983,11574,12121","_relevanssi_noindex_reason":"","footnotes":"","_links_to":"","_links_to_target":""},"categories":[86671,4165],"tags":[],"class_list":["post-19445","post","type-post","status-publish","format-standard","has-post-thumbnail","hentry","category-marketing-und-kommunikationsmanagement","category-studium"],"acf":[],"yoast_head":"<!-- This site is optimized with the Yoast SEO plugin v27.4 - https:\/\/yoast.com\/product\/yoast-seo-wordpress\/ -->\n<title>IKM Alumni im Interview \u2013 Martina B\u00fchler - IKM-Blog<\/title>\n<meta name=\"description\" content=\"Wir haben Alumni unserer Aus- und Weiterbildungen am IKM interviewt. In dieser Blog-Reihe erf\u00e4hrt ihr, wer dahinter steckt.\" \/>\n<meta name=\"robots\" content=\"index, follow, max-snippet:-1, max-image-preview:large, max-video-preview:-1\" \/>\n<link rel=\"canonical\" href=\"https:\/\/hub.hslu.ch\/ikm\/2023\/01\/12\/ikm-alumni-im-interview-martina-buehler\/\" \/>\n<meta property=\"og:locale\" content=\"de_DE\" \/>\n<meta property=\"og:type\" content=\"article\" \/>\n<meta property=\"og:title\" content=\"IKM Alumni im Interview \u2013 Martina B\u00fchler - IKM-Blog\" \/>\n<meta property=\"og:description\" content=\"Wir haben Alumni unserer Aus- und Weiterbildungen am IKM interviewt. In dieser Blog-Reihe erf\u00e4hrt ihr, wer dahinter steckt.\" \/>\n<meta property=\"og:url\" content=\"https:\/\/hub.hslu.ch\/ikm\/2023\/01\/12\/ikm-alumni-im-interview-martina-buehler\/\" \/>\n<meta property=\"og:site_name\" content=\"IKM-Blog\" \/>\n<meta property=\"article:published_time\" content=\"2023-01-12T08:53:13+00:00\" \/>\n<meta property=\"article:modified_time\" content=\"2026-02-09T13:16:32+00:00\" \/>\n<meta property=\"og:image\" content=\"https:\/\/hub.hslu.ch\/ikm\/wp-content\/blogs.dir\/489\/files\/sites\/8\/PXL_20220527_1211164102.jpg\" \/>\n\t<meta property=\"og:image:width\" content=\"2048\" \/>\n\t<meta property=\"og:image:height\" content=\"1872\" \/>\n\t<meta property=\"og:image:type\" content=\"image\/jpeg\" \/>\n<meta name=\"author\" content=\"sandramendez\" \/>\n<meta name=\"twitter:card\" content=\"summary_large_image\" \/>\n<meta name=\"twitter:label1\" content=\"Geschrieben von\" \/>\n\t<meta name=\"twitter:data1\" content=\"sandramendez\" \/>\n\t<meta name=\"twitter:label2\" content=\"Gesch\u00e4tzte Lesezeit\" \/>\n\t<meta name=\"twitter:data2\" content=\"5\u00a0Minuten\" \/>\n<script type=\"application\/ld+json\" class=\"yoast-schema-graph\">{\"@context\":\"https:\\\/\\\/schema.org\",\"@graph\":[{\"@type\":\"Article\",\"@id\":\"https:\\\/\\\/hub.hslu.ch\\\/ikm\\\/2023\\\/01\\\/12\\\/ikm-alumni-im-interview-martina-buehler\\\/#article\",\"isPartOf\":{\"@id\":\"https:\\\/\\\/hub.hslu.ch\\\/ikm\\\/2023\\\/01\\\/12\\\/ikm-alumni-im-interview-martina-buehler\\\/\"},\"author\":{\"name\":\"sandramendez\",\"@id\":\"https:\\\/\\\/hub.hslu.ch\\\/ikm\\\/#\\\/schema\\\/person\\\/f499a20cf3ea24019b09ec0b7a32f6f3\"},\"headline\":\"IKM Alumni im Interview \u2013 Martina B\u00fchler\",\"datePublished\":\"2023-01-12T08:53:13+00:00\",\"dateModified\":\"2026-02-09T13:16:32+00:00\",\"mainEntityOfPage\":{\"@id\":\"https:\\\/\\\/hub.hslu.ch\\\/ikm\\\/2023\\\/01\\\/12\\\/ikm-alumni-im-interview-martina-buehler\\\/\"},\"wordCount\":696,\"commentCount\":0,\"image\":{\"@id\":\"https:\\\/\\\/hub.hslu.ch\\\/ikm\\\/2023\\\/01\\\/12\\\/ikm-alumni-im-interview-martina-buehler\\\/#primaryimage\"},\"thumbnailUrl\":\"https:\\\/\\\/hub.hslu.ch\\\/ikm\\\/wp-content\\\/blogs.dir\\\/489\\\/files\\\/sites\\\/8\\\/PXL_20220527_1211164102.jpg\",\"articleSection\":[\"Marketing- und Kommunikationsmanagement\",\"Studium\"],\"inLanguage\":\"de-CH\",\"potentialAction\":[{\"@type\":\"CommentAction\",\"name\":\"Comment\",\"target\":[\"https:\\\/\\\/hub.hslu.ch\\\/ikm\\\/2023\\\/01\\\/12\\\/ikm-alumni-im-interview-martina-buehler\\\/#respond\"]}]},{\"@type\":\"WebPage\",\"@id\":\"https:\\\/\\\/hub.hslu.ch\\\/ikm\\\/2023\\\/01\\\/12\\\/ikm-alumni-im-interview-martina-buehler\\\/\",\"url\":\"https:\\\/\\\/hub.hslu.ch\\\/ikm\\\/2023\\\/01\\\/12\\\/ikm-alumni-im-interview-martina-buehler\\\/\",\"name\":\"IKM Alumni im Interview \u2013 Martina B\u00fchler - IKM-Blog\",\"isPartOf\":{\"@id\":\"https:\\\/\\\/hub.hslu.ch\\\/ikm\\\/#website\"},\"primaryImageOfPage\":{\"@id\":\"https:\\\/\\\/hub.hslu.ch\\\/ikm\\\/2023\\\/01\\\/12\\\/ikm-alumni-im-interview-martina-buehler\\\/#primaryimage\"},\"image\":{\"@id\":\"https:\\\/\\\/hub.hslu.ch\\\/ikm\\\/2023\\\/01\\\/12\\\/ikm-alumni-im-interview-martina-buehler\\\/#primaryimage\"},\"thumbnailUrl\":\"https:\\\/\\\/hub.hslu.ch\\\/ikm\\\/wp-content\\\/blogs.dir\\\/489\\\/files\\\/sites\\\/8\\\/PXL_20220527_1211164102.jpg\",\"datePublished\":\"2023-01-12T08:53:13+00:00\",\"dateModified\":\"2026-02-09T13:16:32+00:00\",\"author\":{\"@id\":\"https:\\\/\\\/hub.hslu.ch\\\/ikm\\\/#\\\/schema\\\/person\\\/f499a20cf3ea24019b09ec0b7a32f6f3\"},\"description\":\"Wir haben Alumni unserer Aus- und Weiterbildungen am IKM interviewt. In dieser Blog-Reihe erf\u00e4hrt ihr, wer dahinter steckt.\",\"breadcrumb\":{\"@id\":\"https:\\\/\\\/hub.hslu.ch\\\/ikm\\\/2023\\\/01\\\/12\\\/ikm-alumni-im-interview-martina-buehler\\\/#breadcrumb\"},\"inLanguage\":\"de-CH\",\"potentialAction\":[{\"@type\":\"ReadAction\",\"target\":[\"https:\\\/\\\/hub.hslu.ch\\\/ikm\\\/2023\\\/01\\\/12\\\/ikm-alumni-im-interview-martina-buehler\\\/\"]}]},{\"@type\":\"ImageObject\",\"inLanguage\":\"de-CH\",\"@id\":\"https:\\\/\\\/hub.hslu.ch\\\/ikm\\\/2023\\\/01\\\/12\\\/ikm-alumni-im-interview-martina-buehler\\\/#primaryimage\",\"url\":\"https:\\\/\\\/hub.hslu.ch\\\/ikm\\\/wp-content\\\/blogs.dir\\\/489\\\/files\\\/sites\\\/8\\\/PXL_20220527_1211164102.jpg\",\"contentUrl\":\"https:\\\/\\\/hub.hslu.ch\\\/ikm\\\/wp-content\\\/blogs.dir\\\/489\\\/files\\\/sites\\\/8\\\/PXL_20220527_1211164102.jpg\",\"width\":2048,\"height\":1872},{\"@type\":\"BreadcrumbList\",\"@id\":\"https:\\\/\\\/hub.hslu.ch\\\/ikm\\\/2023\\\/01\\\/12\\\/ikm-alumni-im-interview-martina-buehler\\\/#breadcrumb\",\"itemListElement\":[{\"@type\":\"ListItem\",\"position\":1,\"name\":\"Home\",\"item\":\"https:\\\/\\\/hub.hslu.ch\\\/ikm\\\/\"},{\"@type\":\"ListItem\",\"position\":2,\"name\":\"IKM Alumni im Interview \u2013 Martina B\u00fchler\"}]},{\"@type\":\"WebSite\",\"@id\":\"https:\\\/\\\/hub.hslu.ch\\\/ikm\\\/#website\",\"url\":\"https:\\\/\\\/hub.hslu.ch\\\/ikm\\\/\",\"name\":\"IKM-Blog\",\"description\":\"Kommunikation und Marketing an der Hochschule Luzern \u2013 Wirtschaft\",\"potentialAction\":[{\"@type\":\"SearchAction\",\"target\":{\"@type\":\"EntryPoint\",\"urlTemplate\":\"https:\\\/\\\/hub.hslu.ch\\\/ikm\\\/?s={search_term_string}\"},\"query-input\":{\"@type\":\"PropertyValueSpecification\",\"valueRequired\":true,\"valueName\":\"search_term_string\"}}],\"inLanguage\":\"de-CH\"},{\"@type\":\"Person\",\"@id\":\"https:\\\/\\\/hub.hslu.ch\\\/ikm\\\/#\\\/schema\\\/person\\\/f499a20cf3ea24019b09ec0b7a32f6f3\",\"name\":\"sandramendez\"}]}<\/script>\n<!-- \/ Yoast SEO plugin. -->","yoast_head_json":{"title":"IKM Alumni im Interview \u2013 Martina B\u00fchler - IKM-Blog","description":"Wir haben Alumni unserer Aus- und Weiterbildungen am IKM interviewt. In dieser Blog-Reihe erf\u00e4hrt ihr, wer dahinter steckt.","robots":{"index":"index","follow":"follow","max-snippet":"max-snippet:-1","max-image-preview":"max-image-preview:large","max-video-preview":"max-video-preview:-1"},"canonical":"https:\/\/hub.hslu.ch\/ikm\/2023\/01\/12\/ikm-alumni-im-interview-martina-buehler\/","og_locale":"de_DE","og_type":"article","og_title":"IKM Alumni im Interview \u2013 Martina B\u00fchler - IKM-Blog","og_description":"Wir haben Alumni unserer Aus- und Weiterbildungen am IKM interviewt. In dieser Blog-Reihe erf\u00e4hrt ihr, wer dahinter steckt.","og_url":"https:\/\/hub.hslu.ch\/ikm\/2023\/01\/12\/ikm-alumni-im-interview-martina-buehler\/","og_site_name":"IKM-Blog","article_published_time":"2023-01-12T08:53:13+00:00","article_modified_time":"2026-02-09T13:16:32+00:00","og_image":[{"width":2048,"height":1872,"url":"https:\/\/hub.hslu.ch\/ikm\/wp-content\/blogs.dir\/489\/files\/sites\/8\/PXL_20220527_1211164102.jpg","type":"image\/jpeg"}],"author":"sandramendez","twitter_card":"summary_large_image","twitter_misc":{"Geschrieben von":"sandramendez","Gesch\u00e4tzte Lesezeit":"5\u00a0Minuten"},"schema":{"@context":"https:\/\/schema.org","@graph":[{"@type":"Article","@id":"https:\/\/hub.hslu.ch\/ikm\/2023\/01\/12\/ikm-alumni-im-interview-martina-buehler\/#article","isPartOf":{"@id":"https:\/\/hub.hslu.ch\/ikm\/2023\/01\/12\/ikm-alumni-im-interview-martina-buehler\/"},"author":{"name":"sandramendez","@id":"https:\/\/hub.hslu.ch\/ikm\/#\/schema\/person\/f499a20cf3ea24019b09ec0b7a32f6f3"},"headline":"IKM Alumni im Interview \u2013 Martina B\u00fchler","datePublished":"2023-01-12T08:53:13+00:00","dateModified":"2026-02-09T13:16:32+00:00","mainEntityOfPage":{"@id":"https:\/\/hub.hslu.ch\/ikm\/2023\/01\/12\/ikm-alumni-im-interview-martina-buehler\/"},"wordCount":696,"commentCount":0,"image":{"@id":"https:\/\/hub.hslu.ch\/ikm\/2023\/01\/12\/ikm-alumni-im-interview-martina-buehler\/#primaryimage"},"thumbnailUrl":"https:\/\/hub.hslu.ch\/ikm\/wp-content\/blogs.dir\/489\/files\/sites\/8\/PXL_20220527_1211164102.jpg","articleSection":["Marketing- und Kommunikationsmanagement","Studium"],"inLanguage":"de-CH","potentialAction":[{"@type":"CommentAction","name":"Comment","target":["https:\/\/hub.hslu.ch\/ikm\/2023\/01\/12\/ikm-alumni-im-interview-martina-buehler\/#respond"]}]},{"@type":"WebPage","@id":"https:\/\/hub.hslu.ch\/ikm\/2023\/01\/12\/ikm-alumni-im-interview-martina-buehler\/","url":"https:\/\/hub.hslu.ch\/ikm\/2023\/01\/12\/ikm-alumni-im-interview-martina-buehler\/","name":"IKM Alumni im Interview \u2013 Martina B\u00fchler - IKM-Blog","isPartOf":{"@id":"https:\/\/hub.hslu.ch\/ikm\/#website"},"primaryImageOfPage":{"@id":"https:\/\/hub.hslu.ch\/ikm\/2023\/01\/12\/ikm-alumni-im-interview-martina-buehler\/#primaryimage"},"image":{"@id":"https:\/\/hub.hslu.ch\/ikm\/2023\/01\/12\/ikm-alumni-im-interview-martina-buehler\/#primaryimage"},"thumbnailUrl":"https:\/\/hub.hslu.ch\/ikm\/wp-content\/blogs.dir\/489\/files\/sites\/8\/PXL_20220527_1211164102.jpg","datePublished":"2023-01-12T08:53:13+00:00","dateModified":"2026-02-09T13:16:32+00:00","author":{"@id":"https:\/\/hub.hslu.ch\/ikm\/#\/schema\/person\/f499a20cf3ea24019b09ec0b7a32f6f3"},"description":"Wir haben Alumni unserer Aus- und Weiterbildungen am IKM interviewt. In dieser Blog-Reihe erf\u00e4hrt ihr, wer dahinter steckt.","breadcrumb":{"@id":"https:\/\/hub.hslu.ch\/ikm\/2023\/01\/12\/ikm-alumni-im-interview-martina-buehler\/#breadcrumb"},"inLanguage":"de-CH","potentialAction":[{"@type":"ReadAction","target":["https:\/\/hub.hslu.ch\/ikm\/2023\/01\/12\/ikm-alumni-im-interview-martina-buehler\/"]}]},{"@type":"ImageObject","inLanguage":"de-CH","@id":"https:\/\/hub.hslu.ch\/ikm\/2023\/01\/12\/ikm-alumni-im-interview-martina-buehler\/#primaryimage","url":"https:\/\/hub.hslu.ch\/ikm\/wp-content\/blogs.dir\/489\/files\/sites\/8\/PXL_20220527_1211164102.jpg","contentUrl":"https:\/\/hub.hslu.ch\/ikm\/wp-content\/blogs.dir\/489\/files\/sites\/8\/PXL_20220527_1211164102.jpg","width":2048,"height":1872},{"@type":"BreadcrumbList","@id":"https:\/\/hub.hslu.ch\/ikm\/2023\/01\/12\/ikm-alumni-im-interview-martina-buehler\/#breadcrumb","itemListElement":[{"@type":"ListItem","position":1,"name":"Home","item":"https:\/\/hub.hslu.ch\/ikm\/"},{"@type":"ListItem","position":2,"name":"IKM Alumni im Interview \u2013 Martina B\u00fchler"}]},{"@type":"WebSite","@id":"https:\/\/hub.hslu.ch\/ikm\/#website","url":"https:\/\/hub.hslu.ch\/ikm\/","name":"IKM-Blog","description":"Kommunikation und Marketing an der Hochschule Luzern \u2013 Wirtschaft","potentialAction":[{"@type":"SearchAction","target":{"@type":"EntryPoint","urlTemplate":"https:\/\/hub.hslu.ch\/ikm\/?s={search_term_string}"},"query-input":{"@type":"PropertyValueSpecification","valueRequired":true,"valueName":"search_term_string"}}],"inLanguage":"de-CH"},{"@type":"Person","@id":"https:\/\/hub.hslu.ch\/ikm\/#\/schema\/person\/f499a20cf3ea24019b09ec0b7a32f6f3","name":"sandramendez"}]}},"featured_image_src":"https:\/\/hub.hslu.ch\/ikm\/wp-content\/blogs.dir\/489\/files\/sites\/8\/PXL_20220527_1211164102.jpg","featured_image_src_square":"https:\/\/hub.hslu.ch\/ikm\/wp-content\/blogs.dir\/489\/files\/sites\/8\/PXL_20220527_1211164102.jpg","author_info":{"display_name":"sandramendez","author_link":"https:\/\/hub.hslu.ch\/ikm\/author\/sandramendez\/"},"_links":{"self":[{"href":"https:\/\/hub.hslu.ch\/ikm\/wp-json\/wp\/v2\/posts\/19445","targetHints":{"allow":["GET"]}}],"collection":[{"href":"https:\/\/hub.hslu.ch\/ikm\/wp-json\/wp\/v2\/posts"}],"about":[{"href":"https:\/\/hub.hslu.ch\/ikm\/wp-json\/wp\/v2\/types\/post"}],"author":[{"embeddable":true,"href":"https:\/\/hub.hslu.ch\/ikm\/wp-json\/wp\/v2\/users\/247"}],"replies":[{"embeddable":true,"href":"https:\/\/hub.hslu.ch\/ikm\/wp-json\/wp\/v2\/comments?post=19445"}],"version-history":[{"count":16,"href":"https:\/\/hub.hslu.ch\/ikm\/wp-json\/wp\/v2\/posts\/19445\/revisions"}],"predecessor-version":[{"id":24375,"href":"https:\/\/hub.hslu.ch\/ikm\/wp-json\/wp\/v2\/posts\/19445\/revisions\/24375"}],"wp:featuredmedia":[{"embeddable":true,"href":"https:\/\/hub.hslu.ch\/ikm\/wp-json\/wp\/v2\/media\/19446"}],"wp:attachment":[{"href":"https:\/\/hub.hslu.ch\/ikm\/wp-json\/wp\/v2\/media?parent=19445"}],"wp:term":[{"taxonomy":"category","embeddable":true,"href":"https:\/\/hub.hslu.ch\/ikm\/wp-json\/wp\/v2\/categories?post=19445"},{"taxonomy":"post_tag","embeddable":true,"href":"https:\/\/hub.hslu.ch\/ikm\/wp-json\/wp\/v2\/tags?post=19445"}],"curies":[{"name":"wp","href":"https:\/\/api.w.org\/{rel}","templated":true}]}}