{"id":19456,"date":"2023-01-04T10:08:41","date_gmt":"2023-01-04T09:08:41","guid":{"rendered":"https:\/\/hub.hslu.ch\/ikm\/?p=19456"},"modified":"2026-02-09T14:18:01","modified_gmt":"2026-02-09T13:18:01","slug":"ikm-alumni-im-interview-marc-maurer","status":"publish","type":"post","link":"https:\/\/hub.hslu.ch\/ikm\/2023\/01\/04\/ikm-alumni-im-interview-marc-maurer\/","title":{"rendered":"IKM Alumni im Interview \u2013 Marc Maurer"},"content":{"rendered":"\n<h2 class=\"wp-block-heading\">Wer bist du?<\/h2>\n\n\n\n<p>Mein Name ist Marc Maurer, ich bin 40 Jahre jung und wohne zusammen mit meinem Freund und unserem Hund in Z\u00fcrich. Nebst unserem Hund lese sowie koche ich gerne in meiner Freizeit und treffe Freund:innen und Familie. Ich bereise ausserdem sehr gerne die Welt und liebe fremde Kulturen.<\/p>\n\n\n\n<h2 class=\"wp-block-heading\">Weshalb hast du dich dazu entschieden, eine Weiterbildung zu besuchen?<\/h2>\n\n\n\n<p>Nach mehr als zehn Jahren ohne Weiterbildung und verschiedenen Karrierestationen im Kommunikationsbereich hatte ich das Gef\u00fchl, dass ich nicht mehr \u00abup-to-date\u00bb war mit den aktuellen Themen im Markt. Ausserdem fand ich \u00abnur\u00bb Kommunikation mittlerweile eint\u00f6nig, da es doch mit Branding, Social Media und Online Marketing so viele weitere, spannende Disziplinen gab. Ich hatte mich als erstes f\u00fcr den <a href=\"https:\/\/www.hslu.ch\/de-ch\/wirtschaft\/weiterbildung\/cas\/ikm\/brand-management\/\" target=\"_blank\" rel=\"noreferrer noopener\">CAS Brand Management<\/a> entschieden, der mir einen tiefen Einblick in die Markenf\u00fchrung von Unternehmen gab. Als zweiten CAS w\u00e4hlte ich den <a href=\"https:\/\/www.hslu.ch\/de-ch\/wirtschaft\/weiterbildung\/cas\/ikm\/digital-communication-and-marketing\/\" target=\"_blank\" rel=\"noreferrer noopener\">CAS Digital Communication and Marketing<\/a> aus, der mir die breite Palette dieses Bereichs zeigte. Den dritten CAS, Content Marketing, besuchte ich aus Zeitgr\u00fcnden an der ZHAW. Ich startete die Weiterbildungen nicht mit dem Gedanken einen MAS zu erlangen, sondern mich gezielt weiterzubilden. Erst nach dem zweiten CAS entschied ich mich, den <a href=\"https:\/\/www.hslu.ch\/de-ch\/wirtschaft\/weiterbildung\/mas\/ikm\/digital-marketing-and-communication-management\/#?filters=108\" target=\"_blank\" rel=\"noreferrer noopener\">MAS Digital Marketing and Communication Management<\/a> zu absolvieren. Ich schrieb meine MAS-Arbeit \u00fcber die digitalen Kan\u00e4le im Employer Branding, was meines Erachtens die perfekte Verbindung der drei besuchten CAS war. Die Ergebnisse konnte ich 1:1 in meinem Beruf anwenden. Da mir am Schluss noch drei ETCS-Punkte fehlten, um den MAS zu erlangen, absolvierte ich Anfang Oktober 2022 die International Study Week in Vancouver, wo wir im Rahmen von Exkursionen und Vorlesungen das Thema International Leadership behandelten. Ich kann jeder und jedem Studierenden die Study Weeks in einem anderen Land empfehlen!<\/p>\n\n\n\n<h2 class=\"wp-block-heading\">Weshalb hast du dich f\u00fcr das IKM entschieden?<\/h2>\n\n\n\n<p>Die HSLU bzw. das IKM hat meines Erachtens einen guten Ruf und bietet mit dem individuellen Aufbau der verschiedenen CAS in den Bereichen <a href=\"https:\/\/www.hslu.ch\/de-ch\/wirtschaft\/weiterbildung\/mas\/ikm\/digital-marketing-and-communication-management\/#?filters=108\" target=\"_blank\" rel=\"noreferrer noopener\">Digital Marketing and Communication Management<\/a>, <a href=\"https:\/\/www.hslu.ch\/de-ch\/wirtschaft\/weiterbildung\/mas\/ikm\/communication-management\/#?filters=108\" target=\"_blank\" rel=\"noreferrer noopener\">Communication Management<\/a> und <a href=\"https:\/\/www.hslu.ch\/de-ch\/wirtschaft\/weiterbildung\/mas\/ikm\/brand-and-marketing-management\/#?filters=108\" target=\"_blank\" rel=\"noreferrer noopener\">Brand and Marketing Management<\/a> eine breite Auswahl an aktuellen Weiterbildungsm\u00f6glichkeiten an. Ausserdem waren die Unterrichttage mit Freitag und Samstag ideal gelegen \u2013 auch wenn es bedeutete, jeweils am Samstagmorgen fr\u00fch aufzustehen, um auf den Zug zu sprinten und rechtzeitig in Luzern zu sein. ?<\/p>\n\n\n\n<figure class=\"wp-block-image size-large is-resized\"><img decoding=\"async\" src=\"https:\/\/hub.hslu.ch\/ikm\/wp-content\/blogs.dir\/489\/files\/sites\/8\/2020_Marc-Maurer-682x1024.jpg\" alt=\"\" class=\"wp-image-19462\" style=\"width:191px;height:287px\" \/><figcaption class=\"wp-element-caption\"><strong>Marc Maurer<\/strong><br>Inhaber XPLICIT und Absolvent des MAS Digital Marketing and Communication Management<\/figcaption><\/figure>\n\n\n\n<h2 class=\"wp-block-heading\">Wo arbeitest du heute?<\/h2>\n\n\n\n<p>Ich bin zum einen selbst\u00e4ndig und bin Inhaber der Social Media-Agentur <a href=\"https:\/\/www.xplicit.ch\/\" target=\"_blank\" rel=\"noreferrer noopener\">XPLICIT<\/a>, mit der wir KMU bei ihrer Social Media-Strategie und ihrem Auftritt auf den sozialen Medien unterst\u00fctzen. Zum anderen arbeite ich Teilzeit bei Siemens Schweiz, wo ich die Themen Employer Branding sowie Diversity, Equity &amp; Inclusion mitvorantreibe. Unser Ziel ist es dabei, Siemens Schweiz als attraktiven Arbeitgeber mittels Partnerschaften, Kommunikationskampagnen sowie Events in der Schweiz bei den relevanten Zielgruppen zu positionieren, um Employer of Choice zu sein. Im Bereich Diversity, Equity &amp; Inclusion sorge ich zusammen mit Kolleginnen und Kollegen, dass Siemens Schweiz noch diverser wird und sich alle Mitarbeitenden zugeh\u00f6rig f\u00fchlen.<\/p>\n\n\n\n<h2 class=\"wp-block-heading\">Haben dich die Projekte und Leistungsnachweise weitergebracht?<\/h2>\n\n\n\n<p>Die Herangehensweise an die Leistungsnachweise und Projekte konnte ich gr\u00f6sstenteils f\u00fcr mein eigenes Unternehmen brauchen. So half mir die Theorie sowie der Stoff aus den Vorlesungen systematischer an Herausforderungen heranzugehen und sie mit klarem Fokus umzusetzen.<\/p>\n\n\n\n<h2 class=\"wp-block-heading\">Wie hat dich die Weiterbildung auf pers\u00f6nlicher Ebene weitergebracht?<\/h2>\n\n\n\n<p>Dank den CAS und dem MAS habe ich einen anderen Zugang zur Theorie, der systematischen Herangehensweise sowie der Bedeutung von Daten in der Kommunikation und dem Marketing erhalten. Ich gehe nun systematischer an Aufgaben heran und entscheide vermehrt auf Faktenlage. Ausserdem f\u00fchle ich mich nun ger\u00fcstet f\u00fcr die kommenden Herausforderungen in meinem Berufsleben.<\/p>\n\n\n\n<p><strong>Interessiert zu erfahren was andere Alumni gesagt haben? Hier geht&#8217;s zum <a href=\"https:\/\/hub.hslu.ch\/ikm\/2022\/12\/22\/ikm-alumni-im-interview-anian-heierli\/\" target=\"_blank\" rel=\"noreferrer noopener\">f\u00fcnften Teil<\/a><\/strong>.<\/p>\n","protected":false},"excerpt":{"rendered":"<p>Das Weiterbildungsangebot am Institut f\u00fcr Kommunikation und Marketing IKM umfasst aktuell drei MAS-Programme, 15 CAS sowie 11 Weiterbildungskurse. Wir haben Alumni unserer Weiterbildungen interviewt. In dieser Blog-Reihe erf\u00e4hrt ihr, wer hinter unseren Teilnehmenden steckt, was sie dazu bewogen hat eine Weiterbildung am IKM zu machen und wie sie davon profitieren. Im siebten Teil haben wir Marc Maurer interviewt.<\/p>\n","protected":false},"author":247,"featured_media":19462,"comment_status":"open","ping_status":"open","sticky":false,"template":"","format":"standard","meta":{"_acf_changed":false,"inline_featured_image":false,"_relevanssi_hide_post":"","_relevanssi_hide_content":"","_relevanssi_pin_for_all":"","_relevanssi_pin_keywords":"","_relevanssi_unpin_keywords":"","_relevanssi_related_keywords":"","_relevanssi_related_include_ids":"","_relevanssi_related_exclude_ids":"","_relevanssi_related_no_append":"","_relevanssi_related_not_related":"","_relevanssi_related_posts":"11019,10713,8399,6141,7963,11052","_relevanssi_noindex_reason":"","footnotes":"","_links_to":"","_links_to_target":""},"categories":[86671,4668],"tags":[],"class_list":["post-19456","post","type-post","status-publish","format-standard","has-post-thumbnail","hentry","category-marketing-und-kommunikationsmanagement","category-weiterbildung"],"acf":[],"yoast_head":"<!-- This site is optimized with the Yoast SEO plugin v27.4 - https:\/\/yoast.com\/product\/yoast-seo-wordpress\/ -->\n<title>IKM Alumni im Interview \u2013 Marc Maurer - IKM-Blog<\/title>\n<meta name=\"description\" content=\"IKM Alumn, Marc Maurer, berichtet \u00fcber seine Weiterbildung MAS Digital Marketing and Communication Management am IKM.\" \/>\n<meta name=\"robots\" content=\"index, follow, max-snippet:-1, max-image-preview:large, max-video-preview:-1\" \/>\n<link rel=\"canonical\" href=\"https:\/\/hub.hslu.ch\/ikm\/2023\/01\/04\/ikm-alumni-im-interview-marc-maurer\/\" \/>\n<meta property=\"og:locale\" content=\"de_DE\" \/>\n<meta property=\"og:type\" content=\"article\" \/>\n<meta property=\"og:title\" content=\"IKM Alumni im Interview \u2013 Marc Maurer - IKM-Blog\" \/>\n<meta property=\"og:description\" content=\"IKM Alumn, Marc Maurer, berichtet \u00fcber seine Weiterbildung MAS Digital Marketing and Communication Management am IKM.\" \/>\n<meta property=\"og:url\" content=\"https:\/\/hub.hslu.ch\/ikm\/2023\/01\/04\/ikm-alumni-im-interview-marc-maurer\/\" \/>\n<meta property=\"og:site_name\" content=\"IKM-Blog\" \/>\n<meta property=\"article:published_time\" content=\"2023-01-04T09:08:41+00:00\" \/>\n<meta property=\"article:modified_time\" content=\"2026-02-09T13:18:01+00:00\" \/>\n<meta property=\"og:image\" content=\"https:\/\/hub.hslu.ch\/ikm\/wp-content\/blogs.dir\/489\/files\/sites\/8\/2020_Marc-Maurer-e1671712919594.jpg\" \/>\n\t<meta property=\"og:image:width\" content=\"1147\" \/>\n\t<meta property=\"og:image:height\" content=\"1041\" \/>\n\t<meta property=\"og:image:type\" content=\"image\/jpeg\" \/>\n<meta name=\"author\" content=\"sandramendez\" \/>\n<meta name=\"twitter:card\" content=\"summary_large_image\" \/>\n<meta name=\"twitter:label1\" content=\"Geschrieben von\" \/>\n\t<meta name=\"twitter:data1\" content=\"sandramendez\" \/>\n\t<meta name=\"twitter:label2\" content=\"Gesch\u00e4tzte Lesezeit\" \/>\n\t<meta name=\"twitter:data2\" content=\"4\u00a0Minuten\" \/>\n<script type=\"application\/ld+json\" class=\"yoast-schema-graph\">{\"@context\":\"https:\\\/\\\/schema.org\",\"@graph\":[{\"@type\":\"Article\",\"@id\":\"https:\\\/\\\/hub.hslu.ch\\\/ikm\\\/2023\\\/01\\\/04\\\/ikm-alumni-im-interview-marc-maurer\\\/#article\",\"isPartOf\":{\"@id\":\"https:\\\/\\\/hub.hslu.ch\\\/ikm\\\/2023\\\/01\\\/04\\\/ikm-alumni-im-interview-marc-maurer\\\/\"},\"author\":{\"name\":\"sandramendez\",\"@id\":\"https:\\\/\\\/hub.hslu.ch\\\/ikm\\\/#\\\/schema\\\/person\\\/f499a20cf3ea24019b09ec0b7a32f6f3\"},\"headline\":\"IKM Alumni im Interview \u2013 Marc Maurer\",\"datePublished\":\"2023-01-04T09:08:41+00:00\",\"dateModified\":\"2026-02-09T13:18:01+00:00\",\"mainEntityOfPage\":{\"@id\":\"https:\\\/\\\/hub.hslu.ch\\\/ikm\\\/2023\\\/01\\\/04\\\/ikm-alumni-im-interview-marc-maurer\\\/\"},\"wordCount\":627,\"commentCount\":0,\"image\":{\"@id\":\"https:\\\/\\\/hub.hslu.ch\\\/ikm\\\/2023\\\/01\\\/04\\\/ikm-alumni-im-interview-marc-maurer\\\/#primaryimage\"},\"thumbnailUrl\":\"https:\\\/\\\/hub.hslu.ch\\\/ikm\\\/wp-content\\\/blogs.dir\\\/489\\\/files\\\/sites\\\/8\\\/2020_Marc-Maurer-e1671712919594.jpg\",\"articleSection\":[\"Marketing- und Kommunikationsmanagement\",\"Weiterbildung\"],\"inLanguage\":\"de-CH\",\"potentialAction\":[{\"@type\":\"CommentAction\",\"name\":\"Comment\",\"target\":[\"https:\\\/\\\/hub.hslu.ch\\\/ikm\\\/2023\\\/01\\\/04\\\/ikm-alumni-im-interview-marc-maurer\\\/#respond\"]}]},{\"@type\":\"WebPage\",\"@id\":\"https:\\\/\\\/hub.hslu.ch\\\/ikm\\\/2023\\\/01\\\/04\\\/ikm-alumni-im-interview-marc-maurer\\\/\",\"url\":\"https:\\\/\\\/hub.hslu.ch\\\/ikm\\\/2023\\\/01\\\/04\\\/ikm-alumni-im-interview-marc-maurer\\\/\",\"name\":\"IKM Alumni im Interview \u2013 Marc Maurer - IKM-Blog\",\"isPartOf\":{\"@id\":\"https:\\\/\\\/hub.hslu.ch\\\/ikm\\\/#website\"},\"primaryImageOfPage\":{\"@id\":\"https:\\\/\\\/hub.hslu.ch\\\/ikm\\\/2023\\\/01\\\/04\\\/ikm-alumni-im-interview-marc-maurer\\\/#primaryimage\"},\"image\":{\"@id\":\"https:\\\/\\\/hub.hslu.ch\\\/ikm\\\/2023\\\/01\\\/04\\\/ikm-alumni-im-interview-marc-maurer\\\/#primaryimage\"},\"thumbnailUrl\":\"https:\\\/\\\/hub.hslu.ch\\\/ikm\\\/wp-content\\\/blogs.dir\\\/489\\\/files\\\/sites\\\/8\\\/2020_Marc-Maurer-e1671712919594.jpg\",\"datePublished\":\"2023-01-04T09:08:41+00:00\",\"dateModified\":\"2026-02-09T13:18:01+00:00\",\"author\":{\"@id\":\"https:\\\/\\\/hub.hslu.ch\\\/ikm\\\/#\\\/schema\\\/person\\\/f499a20cf3ea24019b09ec0b7a32f6f3\"},\"description\":\"IKM Alumn, Marc Maurer, berichtet \u00fcber seine Weiterbildung MAS Digital Marketing and Communication Management am IKM.\",\"breadcrumb\":{\"@id\":\"https:\\\/\\\/hub.hslu.ch\\\/ikm\\\/2023\\\/01\\\/04\\\/ikm-alumni-im-interview-marc-maurer\\\/#breadcrumb\"},\"inLanguage\":\"de-CH\",\"potentialAction\":[{\"@type\":\"ReadAction\",\"target\":[\"https:\\\/\\\/hub.hslu.ch\\\/ikm\\\/2023\\\/01\\\/04\\\/ikm-alumni-im-interview-marc-maurer\\\/\"]}]},{\"@type\":\"ImageObject\",\"inLanguage\":\"de-CH\",\"@id\":\"https:\\\/\\\/hub.hslu.ch\\\/ikm\\\/2023\\\/01\\\/04\\\/ikm-alumni-im-interview-marc-maurer\\\/#primaryimage\",\"url\":\"https:\\\/\\\/hub.hslu.ch\\\/ikm\\\/wp-content\\\/blogs.dir\\\/489\\\/files\\\/sites\\\/8\\\/2020_Marc-Maurer-e1671712919594.jpg\",\"contentUrl\":\"https:\\\/\\\/hub.hslu.ch\\\/ikm\\\/wp-content\\\/blogs.dir\\\/489\\\/files\\\/sites\\\/8\\\/2020_Marc-Maurer-e1671712919594.jpg\",\"width\":1147,\"height\":1041},{\"@type\":\"BreadcrumbList\",\"@id\":\"https:\\\/\\\/hub.hslu.ch\\\/ikm\\\/2023\\\/01\\\/04\\\/ikm-alumni-im-interview-marc-maurer\\\/#breadcrumb\",\"itemListElement\":[{\"@type\":\"ListItem\",\"position\":1,\"name\":\"Home\",\"item\":\"https:\\\/\\\/hub.hslu.ch\\\/ikm\\\/\"},{\"@type\":\"ListItem\",\"position\":2,\"name\":\"IKM Alumni im Interview \u2013 Marc Maurer\"}]},{\"@type\":\"WebSite\",\"@id\":\"https:\\\/\\\/hub.hslu.ch\\\/ikm\\\/#website\",\"url\":\"https:\\\/\\\/hub.hslu.ch\\\/ikm\\\/\",\"name\":\"IKM-Blog\",\"description\":\"Kommunikation und Marketing an der Hochschule Luzern \u2013 Wirtschaft\",\"potentialAction\":[{\"@type\":\"SearchAction\",\"target\":{\"@type\":\"EntryPoint\",\"urlTemplate\":\"https:\\\/\\\/hub.hslu.ch\\\/ikm\\\/?s={search_term_string}\"},\"query-input\":{\"@type\":\"PropertyValueSpecification\",\"valueRequired\":true,\"valueName\":\"search_term_string\"}}],\"inLanguage\":\"de-CH\"},{\"@type\":\"Person\",\"@id\":\"https:\\\/\\\/hub.hslu.ch\\\/ikm\\\/#\\\/schema\\\/person\\\/f499a20cf3ea24019b09ec0b7a32f6f3\",\"name\":\"sandramendez\"}]}<\/script>\n<!-- \/ Yoast SEO plugin. -->","yoast_head_json":{"title":"IKM Alumni im Interview \u2013 Marc Maurer - IKM-Blog","description":"IKM Alumn, Marc Maurer, berichtet \u00fcber seine Weiterbildung MAS Digital Marketing and Communication Management am IKM.","robots":{"index":"index","follow":"follow","max-snippet":"max-snippet:-1","max-image-preview":"max-image-preview:large","max-video-preview":"max-video-preview:-1"},"canonical":"https:\/\/hub.hslu.ch\/ikm\/2023\/01\/04\/ikm-alumni-im-interview-marc-maurer\/","og_locale":"de_DE","og_type":"article","og_title":"IKM Alumni im Interview \u2013 Marc Maurer - IKM-Blog","og_description":"IKM Alumn, Marc Maurer, berichtet \u00fcber seine Weiterbildung MAS Digital Marketing and Communication Management am IKM.","og_url":"https:\/\/hub.hslu.ch\/ikm\/2023\/01\/04\/ikm-alumni-im-interview-marc-maurer\/","og_site_name":"IKM-Blog","article_published_time":"2023-01-04T09:08:41+00:00","article_modified_time":"2026-02-09T13:18:01+00:00","og_image":[{"width":1147,"height":1041,"url":"https:\/\/hub.hslu.ch\/ikm\/wp-content\/blogs.dir\/489\/files\/sites\/8\/2020_Marc-Maurer-e1671712919594.jpg","type":"image\/jpeg"}],"author":"sandramendez","twitter_card":"summary_large_image","twitter_misc":{"Geschrieben von":"sandramendez","Gesch\u00e4tzte Lesezeit":"4\u00a0Minuten"},"schema":{"@context":"https:\/\/schema.org","@graph":[{"@type":"Article","@id":"https:\/\/hub.hslu.ch\/ikm\/2023\/01\/04\/ikm-alumni-im-interview-marc-maurer\/#article","isPartOf":{"@id":"https:\/\/hub.hslu.ch\/ikm\/2023\/01\/04\/ikm-alumni-im-interview-marc-maurer\/"},"author":{"name":"sandramendez","@id":"https:\/\/hub.hslu.ch\/ikm\/#\/schema\/person\/f499a20cf3ea24019b09ec0b7a32f6f3"},"headline":"IKM Alumni im Interview \u2013 Marc Maurer","datePublished":"2023-01-04T09:08:41+00:00","dateModified":"2026-02-09T13:18:01+00:00","mainEntityOfPage":{"@id":"https:\/\/hub.hslu.ch\/ikm\/2023\/01\/04\/ikm-alumni-im-interview-marc-maurer\/"},"wordCount":627,"commentCount":0,"image":{"@id":"https:\/\/hub.hslu.ch\/ikm\/2023\/01\/04\/ikm-alumni-im-interview-marc-maurer\/#primaryimage"},"thumbnailUrl":"https:\/\/hub.hslu.ch\/ikm\/wp-content\/blogs.dir\/489\/files\/sites\/8\/2020_Marc-Maurer-e1671712919594.jpg","articleSection":["Marketing- und Kommunikationsmanagement","Weiterbildung"],"inLanguage":"de-CH","potentialAction":[{"@type":"CommentAction","name":"Comment","target":["https:\/\/hub.hslu.ch\/ikm\/2023\/01\/04\/ikm-alumni-im-interview-marc-maurer\/#respond"]}]},{"@type":"WebPage","@id":"https:\/\/hub.hslu.ch\/ikm\/2023\/01\/04\/ikm-alumni-im-interview-marc-maurer\/","url":"https:\/\/hub.hslu.ch\/ikm\/2023\/01\/04\/ikm-alumni-im-interview-marc-maurer\/","name":"IKM Alumni im Interview \u2013 Marc Maurer - IKM-Blog","isPartOf":{"@id":"https:\/\/hub.hslu.ch\/ikm\/#website"},"primaryImageOfPage":{"@id":"https:\/\/hub.hslu.ch\/ikm\/2023\/01\/04\/ikm-alumni-im-interview-marc-maurer\/#primaryimage"},"image":{"@id":"https:\/\/hub.hslu.ch\/ikm\/2023\/01\/04\/ikm-alumni-im-interview-marc-maurer\/#primaryimage"},"thumbnailUrl":"https:\/\/hub.hslu.ch\/ikm\/wp-content\/blogs.dir\/489\/files\/sites\/8\/2020_Marc-Maurer-e1671712919594.jpg","datePublished":"2023-01-04T09:08:41+00:00","dateModified":"2026-02-09T13:18:01+00:00","author":{"@id":"https:\/\/hub.hslu.ch\/ikm\/#\/schema\/person\/f499a20cf3ea24019b09ec0b7a32f6f3"},"description":"IKM Alumn, Marc Maurer, berichtet \u00fcber seine Weiterbildung MAS Digital Marketing and Communication Management am IKM.","breadcrumb":{"@id":"https:\/\/hub.hslu.ch\/ikm\/2023\/01\/04\/ikm-alumni-im-interview-marc-maurer\/#breadcrumb"},"inLanguage":"de-CH","potentialAction":[{"@type":"ReadAction","target":["https:\/\/hub.hslu.ch\/ikm\/2023\/01\/04\/ikm-alumni-im-interview-marc-maurer\/"]}]},{"@type":"ImageObject","inLanguage":"de-CH","@id":"https:\/\/hub.hslu.ch\/ikm\/2023\/01\/04\/ikm-alumni-im-interview-marc-maurer\/#primaryimage","url":"https:\/\/hub.hslu.ch\/ikm\/wp-content\/blogs.dir\/489\/files\/sites\/8\/2020_Marc-Maurer-e1671712919594.jpg","contentUrl":"https:\/\/hub.hslu.ch\/ikm\/wp-content\/blogs.dir\/489\/files\/sites\/8\/2020_Marc-Maurer-e1671712919594.jpg","width":1147,"height":1041},{"@type":"BreadcrumbList","@id":"https:\/\/hub.hslu.ch\/ikm\/2023\/01\/04\/ikm-alumni-im-interview-marc-maurer\/#breadcrumb","itemListElement":[{"@type":"ListItem","position":1,"name":"Home","item":"https:\/\/hub.hslu.ch\/ikm\/"},{"@type":"ListItem","position":2,"name":"IKM Alumni im Interview \u2013 Marc Maurer"}]},{"@type":"WebSite","@id":"https:\/\/hub.hslu.ch\/ikm\/#website","url":"https:\/\/hub.hslu.ch\/ikm\/","name":"IKM-Blog","description":"Kommunikation und Marketing an der Hochschule Luzern \u2013 Wirtschaft","potentialAction":[{"@type":"SearchAction","target":{"@type":"EntryPoint","urlTemplate":"https:\/\/hub.hslu.ch\/ikm\/?s={search_term_string}"},"query-input":{"@type":"PropertyValueSpecification","valueRequired":true,"valueName":"search_term_string"}}],"inLanguage":"de-CH"},{"@type":"Person","@id":"https:\/\/hub.hslu.ch\/ikm\/#\/schema\/person\/f499a20cf3ea24019b09ec0b7a32f6f3","name":"sandramendez"}]}},"featured_image_src":"https:\/\/hub.hslu.ch\/ikm\/wp-content\/blogs.dir\/489\/files\/sites\/8\/2020_Marc-Maurer-e1671712919594.jpg","featured_image_src_square":"https:\/\/hub.hslu.ch\/ikm\/wp-content\/blogs.dir\/489\/files\/sites\/8\/2020_Marc-Maurer-e1671712919594.jpg","author_info":{"display_name":"sandramendez","author_link":"https:\/\/hub.hslu.ch\/ikm\/author\/sandramendez\/"},"_links":{"self":[{"href":"https:\/\/hub.hslu.ch\/ikm\/wp-json\/wp\/v2\/posts\/19456","targetHints":{"allow":["GET"]}}],"collection":[{"href":"https:\/\/hub.hslu.ch\/ikm\/wp-json\/wp\/v2\/posts"}],"about":[{"href":"https:\/\/hub.hslu.ch\/ikm\/wp-json\/wp\/v2\/types\/post"}],"author":[{"embeddable":true,"href":"https:\/\/hub.hslu.ch\/ikm\/wp-json\/wp\/v2\/users\/247"}],"replies":[{"embeddable":true,"href":"https:\/\/hub.hslu.ch\/ikm\/wp-json\/wp\/v2\/comments?post=19456"}],"version-history":[{"count":12,"href":"https:\/\/hub.hslu.ch\/ikm\/wp-json\/wp\/v2\/posts\/19456\/revisions"}],"predecessor-version":[{"id":24376,"href":"https:\/\/hub.hslu.ch\/ikm\/wp-json\/wp\/v2\/posts\/19456\/revisions\/24376"}],"wp:featuredmedia":[{"embeddable":true,"href":"https:\/\/hub.hslu.ch\/ikm\/wp-json\/wp\/v2\/media\/19462"}],"wp:attachment":[{"href":"https:\/\/hub.hslu.ch\/ikm\/wp-json\/wp\/v2\/media?parent=19456"}],"wp:term":[{"taxonomy":"category","embeddable":true,"href":"https:\/\/hub.hslu.ch\/ikm\/wp-json\/wp\/v2\/categories?post=19456"},{"taxonomy":"post_tag","embeddable":true,"href":"https:\/\/hub.hslu.ch\/ikm\/wp-json\/wp\/v2\/tags?post=19456"}],"curies":[{"name":"wp","href":"https:\/\/api.w.org\/{rel}","templated":true}]}}