{"id":19476,"date":"2023-01-17T09:45:46","date_gmt":"2023-01-17T08:45:46","guid":{"rendered":"https:\/\/hub.hslu.ch\/ikm\/?p=19476"},"modified":"2026-02-09T14:14:41","modified_gmt":"2026-02-09T13:14:41","slug":"ikm-alumni-im-interview-christina-schneider","status":"publish","type":"post","link":"https:\/\/hub.hslu.ch\/ikm\/2023\/01\/17\/ikm-alumni-im-interview-christina-schneider\/","title":{"rendered":"IKM Alumni im Interview \u2013 Christina Schneider"},"content":{"rendered":"\n<h2 class=\"wp-block-heading\">Wer bist du?<\/h2>\n\n\n\n<p>Ich bin Christina, 37 Jahre alt und lebe in Basel. Wenn ich nicht arbeite, geniesse ich die Zeit mit Freunden und der Familie. Als Ausgleich bewege ich mich viel, mache Yoga und versuche mit Joggen und funktionalem Training meinen K\u00f6rper und Geist fit zu halten.<\/p>\n\n\n\n<h2 class=\"wp-block-heading\">Weshalb hast du dich dazu entschieden, eine Weiterbildung zu besuchen?<\/h2>\n\n\n\n<p>Weiterbildungen habe ich schon immer als sehr wichtig empfunden. Als ich mich vor rund 2 Jahren neugierig auf die Suche nach einer passenden Weiterbildung machte, fand ich die diversen CAS-Studieng\u00e4nge und die Angebote an der HSLU f\u00fcr mich am Stimmigsten. Es war ein Mix aus Bauchgef\u00fchl und Sympathie, wie auch Interesse an den Weiterbildungen, die meinen Bed\u00fcrfnissen entsprachen. Ich startete mit dem <a href=\"https:\/\/www.hslu.ch\/de-ch\/wirtschaft\/weiterbildung\/cas\/ikm\/brand-management\/\" target=\"_blank\" rel=\"noreferrer noopener\">CAS Brand Management<\/a>, habe das <a href=\"https:\/\/www.hslu.ch\/de-ch\/wirtschaft\/weiterbildung\/cas\/ikm\/digital-media-and-campaign-management\/\" target=\"_blank\" rel=\"noreferrer noopener\">CAS Digital Media and Campaign Management<\/a> angeh\u00e4ngt und schliesste die CAS-Reihe mit dem CAS Design Thinking ab. Irgendwie geisterte der <a href=\"https:\/\/www.hslu.ch\/de-ch\/wirtschaft\/weiterbildung\/mas\/ikm\/digital-marketing-and-communication-management\/#?filters=108\" target=\"_blank\" rel=\"noreferrer noopener\">MAS Digital Marketing and Communication Management<\/a> von Anfang an in meinem Kopf herum. F\u00fcr mich macht es auch absolut Sinn, nach 3 CAS den Master noch anzuh\u00e4ngen. Warum ich die CAS-Reihe mit dem Master abschliessen wollte, kann ich gar nicht genau sagen. Ehrgeiz, Interesse, Neugier, Freude\u2026<\/p>\n\n\n\n<h2 class=\"wp-block-heading\">Weshalb hast du dich f\u00fcr das IKM entschieden?<\/h2>\n\n\n\n<p>Wie bereits oben erw\u00e4hnt, haben mir die Angebote der HSLU bzw. des IKM am Meisten zugesagt. Ich folge fast immer meinem Bauchgef\u00fchl und meinem Interesse. Daher hab ich auch 1 CAS nicht am IKM abgeschlossen, da mich das Thema Design Thinking sehr interessiert. Der HSLU bin ich jedoch treu geblieben \ud83d\ude09 und da man f\u00fcr den Master-Abschluss 1 CAS an einem \u00abfremden\u00bb Institut, sofern es anerkannt wird, absolvieren kann, habe ich diese Chance genutzt.<br>Der Entscheid f\u00fcr die HSLU habe ich nie bereut. Es ist eine tolle Hochschule mit ganz tollen Mitarbeiter:innen, die uns Teilnehmenden kompetent und herzlich betreuen \u2013 ein grosses Danke an dieser Stelle.<\/p>\n\n\n\n<figure class=\"wp-block-image size-full is-resized\"><img loading=\"lazy\" decoding=\"async\" width=\"335\" height=\"429\" src=\"https:\/\/hub.hslu.ch\/ikm\/wp-content\/blogs.dir\/489\/files\/sites\/8\/Christina-Schneider-Portrait.png\" alt=\"\" class=\"wp-image-19477\" style=\"width:172px;height:221px\" srcset=\"https:\/\/hub.hslu.ch\/ikm\/wp-content\/blogs.dir\/489\/files\/sites\/8\/Christina-Schneider-Portrait.png 335w, https:\/\/hub.hslu.ch\/ikm\/wp-content\/blogs.dir\/489\/files\/sites\/8\/Christina-Schneider-Portrait-234x300.png 234w\" sizes=\"auto, (max-width: 335px) 100vw, 335px\" \/><figcaption class=\"wp-element-caption\"><strong>Christina Schneider<\/strong><br>Projektleiterin Stiftung Pro UKBB und Absolventin des MAS <\/figcaption><\/figure>\n\n\n\n<h2 class=\"wp-block-heading\">Wo arbeitest du heute?<\/h2>\n\n\n\n<p>Ich bin Projektleiterin bei der Stiftung Pro UKBB. Das ist die Stiftung des Kinderspitals beider Basel. Da wir ein sehr kleines Team sind, habe ich sehr viele und unterschiedliche Aufgaben, was meinen Job auch sehr spannend macht. Der Fokus liegt aber klar auf Marketing\/Kommunikation, insbesondere dem Onlinemarketing, welcher mein Hauptverantwortlichkeits-Bereich ist. Fundraising geh\u00f6rt nat\u00fcrlich in einer operativen Stiftung mit dazu. Das hat aber auch sehr viel mit Kommunikation zu tun, wof\u00fcr mein Wissen im Bereich Marketing\/Kommunikation und Branding bestens verwendet werden kann.<\/p>\n\n\n\n<h2 class=\"wp-block-heading\">Welches vermittelte Wissen war f\u00fcr dich besonders spannend?<\/h2>\n\n\n\n<p>Der <a href=\"https:\/\/www.hslu.ch\/de-ch\/wirtschaft\/weiterbildung\/cas\/ikm\/brand-management\/\" target=\"_blank\" rel=\"noreferrer noopener\">CAS Brand Management<\/a> war f\u00fcr mich besonders spannend. Es war der Bereich, bei dem ich am wenigsten Vorkenntnisse hatte und somit sog ich die Unterrichtstage und das darin vermittelte Wissen wie ein Schwamm auf. Durch diverse Tools, die wir in den Unterrichtstagen gelernt haben, z.B. das Markensteuerrad nach Esch, konnte ich die Identit\u00e4t der Stiftung aufzeigen und definieren, welche bis heute angewendet wird.<\/p>\n\n\n\n<h2 class=\"wp-block-heading\">In welchem Pensum hast du nebst deiner Weiterbildung gearbeitet?<\/h2>\n\n\n\n<p>Ich habe w\u00e4hrend den CAS-Reihen wie auch w\u00e4hrend des Masters 80% gearbeitet. Dies l\u00e4sst sich gut vereinbaren, insbesondere w\u00e4hrend den CAS-Kursen. Die Master-Arbeit schreiben und 80% arbeiten ist taff, aber machbar. Hier ein Tipp von mir, was sich sehr bew\u00e4hrt hat: Die Tage absolut durchstrukturieren. Wann stehe ich auf, wann esse ich, wann mache ich Sport, wie lange lese ich in der Fachliteratur, wann schreibe ich an der Masterarbeit und ganz wichtig, wann und wie lange mache ich Pause.<\/p>\n\n\n\n<h2 class=\"wp-block-heading\">Wie hat dich die Weiterbildung auf pers\u00f6nlicher Ebene weitergebracht?<\/h2>\n\n\n\n<p>Meiner Meinung nach entwickelt man sich bei jeder Weiterbildung automatisch weiter. Fachlich wie auch pers\u00f6nlich. Ich bin eher ein praktisch, operativ veranlagter Mensch und habe auch keine akademische Vergangenheit. Daher war f\u00fcr mich insbesondere die Master-Arbeit einen neue Erfahrung. Wissenschaftlich zu arbeiten und eine wissenschaftliche Arbeit zu schreiben war pures Neuland. Dass ich diese Herausforderung angenommen und in einem Zug durchgezogen habe, hat mir pers\u00f6nlich gezeigt, dass mit Ehrgeiz und Fleiss vieles zu schaffen ist. Das finde ich toll.<\/p>\n\n\n\n<p><em>Photos by Marc Gilgen<\/em><\/p>\n\n\n\n<p><strong>Interessiert zu erfahren was andere Alumni gesagt haben? Hier geht&#8217;s zum <a href=\"https:\/\/hub.hslu.ch\/ikm\/2023\/01\/12\/ikm-alumni-im-interview-martina-buehler\/\" target=\"_blank\" rel=\"noreferrer noopener\">siebten Teil<\/a><\/strong>.<\/p>\n","protected":false},"excerpt":{"rendered":"<p>Das Weiterbildungsangebot am Institut f\u00fcr Kommunikation und Marketing IKM umfasst aktuell drei MAS-Programme, 15 CAS sowie 11 Weiterbildungskurse. Wir haben Alumni unserer Weiterbildungen interviewt. In dieser Blog-Reihe erf\u00e4hrt ihr, wer hinter unseren Teilnehmenden steckt, was sie dazu bewogen hat eine Weiterbildung am IKM zu machen und wie sie davon profitieren. Im siebten Teil haben wir Christina Schneider interviewt.<\/p>\n","protected":false},"author":247,"featured_media":19478,"comment_status":"open","ping_status":"open","sticky":false,"template":"","format":"standard","meta":{"_acf_changed":false,"inline_featured_image":false,"_relevanssi_hide_post":"","_relevanssi_hide_content":"","_relevanssi_pin_for_all":"","_relevanssi_pin_keywords":"","_relevanssi_unpin_keywords":"","_relevanssi_related_keywords":"","_relevanssi_related_include_ids":"","_relevanssi_related_exclude_ids":"","_relevanssi_related_no_append":"","_relevanssi_related_not_related":"","_relevanssi_related_posts":"11246,19337,9944,7198,12096,10332","_relevanssi_noindex_reason":"","footnotes":"","_links_to":"","_links_to_target":""},"categories":[86671,4668],"tags":[],"class_list":["post-19476","post","type-post","status-publish","format-standard","has-post-thumbnail","hentry","category-marketing-und-kommunikationsmanagement","category-weiterbildung"],"acf":[],"yoast_head":"<!-- This site is optimized with the Yoast SEO plugin v27.4 - https:\/\/yoast.com\/product\/yoast-seo-wordpress\/ -->\n<title>IKM Alumni im Interview \u2013 Christina Schneider - IKM-Blog<\/title>\n<meta name=\"description\" content=\"Wir haben Alumni unserer Weiterbildungen am IKM interviewt. In dieser Blog-Reihe erf\u00e4hrt ihr, wer hinter unseren Teilnehmenden steckt.\" \/>\n<meta name=\"robots\" content=\"index, follow, max-snippet:-1, max-image-preview:large, max-video-preview:-1\" \/>\n<link rel=\"canonical\" href=\"https:\/\/hub.hslu.ch\/ikm\/2023\/01\/17\/ikm-alumni-im-interview-christina-schneider\/\" \/>\n<meta property=\"og:locale\" content=\"de_DE\" \/>\n<meta property=\"og:type\" content=\"article\" \/>\n<meta property=\"og:title\" content=\"IKM Alumni im Interview \u2013 Christina Schneider - IKM-Blog\" \/>\n<meta property=\"og:description\" content=\"Wir haben Alumni unserer Weiterbildungen am IKM interviewt. In dieser Blog-Reihe erf\u00e4hrt ihr, wer hinter unseren Teilnehmenden steckt.\" \/>\n<meta property=\"og:url\" content=\"https:\/\/hub.hslu.ch\/ikm\/2023\/01\/17\/ikm-alumni-im-interview-christina-schneider\/\" \/>\n<meta property=\"og:site_name\" content=\"IKM-Blog\" \/>\n<meta property=\"article:published_time\" content=\"2023-01-17T08:45:46+00:00\" \/>\n<meta property=\"article:modified_time\" content=\"2026-02-09T13:14:41+00:00\" \/>\n<meta property=\"og:image\" content=\"https:\/\/hub.hslu.ch\/ikm\/wp-content\/blogs.dir\/489\/files\/sites\/8\/Foto-Christina-Schneider.jpg\" \/>\n\t<meta property=\"og:image:width\" content=\"1335\" \/>\n\t<meta property=\"og:image:height\" content=\"993\" \/>\n\t<meta property=\"og:image:type\" content=\"image\/jpeg\" \/>\n<meta name=\"author\" content=\"sandramendez\" \/>\n<meta name=\"twitter:card\" content=\"summary_large_image\" \/>\n<meta name=\"twitter:label1\" content=\"Geschrieben von\" \/>\n\t<meta name=\"twitter:data1\" content=\"sandramendez\" \/>\n\t<meta name=\"twitter:label2\" content=\"Gesch\u00e4tzte Lesezeit\" \/>\n\t<meta name=\"twitter:data2\" content=\"5\u00a0Minuten\" \/>\n<script type=\"application\/ld+json\" class=\"yoast-schema-graph\">{\"@context\":\"https:\\\/\\\/schema.org\",\"@graph\":[{\"@type\":\"Article\",\"@id\":\"https:\\\/\\\/hub.hslu.ch\\\/ikm\\\/2023\\\/01\\\/17\\\/ikm-alumni-im-interview-christina-schneider\\\/#article\",\"isPartOf\":{\"@id\":\"https:\\\/\\\/hub.hslu.ch\\\/ikm\\\/2023\\\/01\\\/17\\\/ikm-alumni-im-interview-christina-schneider\\\/\"},\"author\":{\"name\":\"sandramendez\",\"@id\":\"https:\\\/\\\/hub.hslu.ch\\\/ikm\\\/#\\\/schema\\\/person\\\/f499a20cf3ea24019b09ec0b7a32f6f3\"},\"headline\":\"IKM Alumni im Interview \u2013 Christina Schneider\",\"datePublished\":\"2023-01-17T08:45:46+00:00\",\"dateModified\":\"2026-02-09T13:14:41+00:00\",\"mainEntityOfPage\":{\"@id\":\"https:\\\/\\\/hub.hslu.ch\\\/ikm\\\/2023\\\/01\\\/17\\\/ikm-alumni-im-interview-christina-schneider\\\/\"},\"wordCount\":697,\"commentCount\":0,\"image\":{\"@id\":\"https:\\\/\\\/hub.hslu.ch\\\/ikm\\\/2023\\\/01\\\/17\\\/ikm-alumni-im-interview-christina-schneider\\\/#primaryimage\"},\"thumbnailUrl\":\"https:\\\/\\\/hub.hslu.ch\\\/ikm\\\/wp-content\\\/blogs.dir\\\/489\\\/files\\\/sites\\\/8\\\/Foto-Christina-Schneider.jpg\",\"articleSection\":[\"Marketing- und Kommunikationsmanagement\",\"Weiterbildung\"],\"inLanguage\":\"de-CH\",\"potentialAction\":[{\"@type\":\"CommentAction\",\"name\":\"Comment\",\"target\":[\"https:\\\/\\\/hub.hslu.ch\\\/ikm\\\/2023\\\/01\\\/17\\\/ikm-alumni-im-interview-christina-schneider\\\/#respond\"]}]},{\"@type\":\"WebPage\",\"@id\":\"https:\\\/\\\/hub.hslu.ch\\\/ikm\\\/2023\\\/01\\\/17\\\/ikm-alumni-im-interview-christina-schneider\\\/\",\"url\":\"https:\\\/\\\/hub.hslu.ch\\\/ikm\\\/2023\\\/01\\\/17\\\/ikm-alumni-im-interview-christina-schneider\\\/\",\"name\":\"IKM Alumni im Interview \u2013 Christina Schneider - IKM-Blog\",\"isPartOf\":{\"@id\":\"https:\\\/\\\/hub.hslu.ch\\\/ikm\\\/#website\"},\"primaryImageOfPage\":{\"@id\":\"https:\\\/\\\/hub.hslu.ch\\\/ikm\\\/2023\\\/01\\\/17\\\/ikm-alumni-im-interview-christina-schneider\\\/#primaryimage\"},\"image\":{\"@id\":\"https:\\\/\\\/hub.hslu.ch\\\/ikm\\\/2023\\\/01\\\/17\\\/ikm-alumni-im-interview-christina-schneider\\\/#primaryimage\"},\"thumbnailUrl\":\"https:\\\/\\\/hub.hslu.ch\\\/ikm\\\/wp-content\\\/blogs.dir\\\/489\\\/files\\\/sites\\\/8\\\/Foto-Christina-Schneider.jpg\",\"datePublished\":\"2023-01-17T08:45:46+00:00\",\"dateModified\":\"2026-02-09T13:14:41+00:00\",\"author\":{\"@id\":\"https:\\\/\\\/hub.hslu.ch\\\/ikm\\\/#\\\/schema\\\/person\\\/f499a20cf3ea24019b09ec0b7a32f6f3\"},\"description\":\"Wir haben Alumni unserer Weiterbildungen am IKM interviewt. In dieser Blog-Reihe erf\u00e4hrt ihr, wer hinter unseren Teilnehmenden steckt.\",\"breadcrumb\":{\"@id\":\"https:\\\/\\\/hub.hslu.ch\\\/ikm\\\/2023\\\/01\\\/17\\\/ikm-alumni-im-interview-christina-schneider\\\/#breadcrumb\"},\"inLanguage\":\"de-CH\",\"potentialAction\":[{\"@type\":\"ReadAction\",\"target\":[\"https:\\\/\\\/hub.hslu.ch\\\/ikm\\\/2023\\\/01\\\/17\\\/ikm-alumni-im-interview-christina-schneider\\\/\"]}]},{\"@type\":\"ImageObject\",\"inLanguage\":\"de-CH\",\"@id\":\"https:\\\/\\\/hub.hslu.ch\\\/ikm\\\/2023\\\/01\\\/17\\\/ikm-alumni-im-interview-christina-schneider\\\/#primaryimage\",\"url\":\"https:\\\/\\\/hub.hslu.ch\\\/ikm\\\/wp-content\\\/blogs.dir\\\/489\\\/files\\\/sites\\\/8\\\/Foto-Christina-Schneider.jpg\",\"contentUrl\":\"https:\\\/\\\/hub.hslu.ch\\\/ikm\\\/wp-content\\\/blogs.dir\\\/489\\\/files\\\/sites\\\/8\\\/Foto-Christina-Schneider.jpg\",\"width\":1335,\"height\":993},{\"@type\":\"BreadcrumbList\",\"@id\":\"https:\\\/\\\/hub.hslu.ch\\\/ikm\\\/2023\\\/01\\\/17\\\/ikm-alumni-im-interview-christina-schneider\\\/#breadcrumb\",\"itemListElement\":[{\"@type\":\"ListItem\",\"position\":1,\"name\":\"Home\",\"item\":\"https:\\\/\\\/hub.hslu.ch\\\/ikm\\\/\"},{\"@type\":\"ListItem\",\"position\":2,\"name\":\"IKM Alumni im Interview \u2013 Christina Schneider\"}]},{\"@type\":\"WebSite\",\"@id\":\"https:\\\/\\\/hub.hslu.ch\\\/ikm\\\/#website\",\"url\":\"https:\\\/\\\/hub.hslu.ch\\\/ikm\\\/\",\"name\":\"IKM-Blog\",\"description\":\"Kommunikation und Marketing an der Hochschule Luzern \u2013 Wirtschaft\",\"potentialAction\":[{\"@type\":\"SearchAction\",\"target\":{\"@type\":\"EntryPoint\",\"urlTemplate\":\"https:\\\/\\\/hub.hslu.ch\\\/ikm\\\/?s={search_term_string}\"},\"query-input\":{\"@type\":\"PropertyValueSpecification\",\"valueRequired\":true,\"valueName\":\"search_term_string\"}}],\"inLanguage\":\"de-CH\"},{\"@type\":\"Person\",\"@id\":\"https:\\\/\\\/hub.hslu.ch\\\/ikm\\\/#\\\/schema\\\/person\\\/f499a20cf3ea24019b09ec0b7a32f6f3\",\"name\":\"sandramendez\"}]}<\/script>\n<!-- \/ Yoast SEO plugin. -->","yoast_head_json":{"title":"IKM Alumni im Interview \u2013 Christina Schneider - IKM-Blog","description":"Wir haben Alumni unserer Weiterbildungen am IKM interviewt. In dieser Blog-Reihe erf\u00e4hrt ihr, wer hinter unseren Teilnehmenden steckt.","robots":{"index":"index","follow":"follow","max-snippet":"max-snippet:-1","max-image-preview":"max-image-preview:large","max-video-preview":"max-video-preview:-1"},"canonical":"https:\/\/hub.hslu.ch\/ikm\/2023\/01\/17\/ikm-alumni-im-interview-christina-schneider\/","og_locale":"de_DE","og_type":"article","og_title":"IKM Alumni im Interview \u2013 Christina Schneider - IKM-Blog","og_description":"Wir haben Alumni unserer Weiterbildungen am IKM interviewt. In dieser Blog-Reihe erf\u00e4hrt ihr, wer hinter unseren Teilnehmenden steckt.","og_url":"https:\/\/hub.hslu.ch\/ikm\/2023\/01\/17\/ikm-alumni-im-interview-christina-schneider\/","og_site_name":"IKM-Blog","article_published_time":"2023-01-17T08:45:46+00:00","article_modified_time":"2026-02-09T13:14:41+00:00","og_image":[{"width":1335,"height":993,"url":"https:\/\/hub.hslu.ch\/ikm\/wp-content\/blogs.dir\/489\/files\/sites\/8\/Foto-Christina-Schneider.jpg","type":"image\/jpeg"}],"author":"sandramendez","twitter_card":"summary_large_image","twitter_misc":{"Geschrieben von":"sandramendez","Gesch\u00e4tzte Lesezeit":"5\u00a0Minuten"},"schema":{"@context":"https:\/\/schema.org","@graph":[{"@type":"Article","@id":"https:\/\/hub.hslu.ch\/ikm\/2023\/01\/17\/ikm-alumni-im-interview-christina-schneider\/#article","isPartOf":{"@id":"https:\/\/hub.hslu.ch\/ikm\/2023\/01\/17\/ikm-alumni-im-interview-christina-schneider\/"},"author":{"name":"sandramendez","@id":"https:\/\/hub.hslu.ch\/ikm\/#\/schema\/person\/f499a20cf3ea24019b09ec0b7a32f6f3"},"headline":"IKM Alumni im Interview \u2013 Christina Schneider","datePublished":"2023-01-17T08:45:46+00:00","dateModified":"2026-02-09T13:14:41+00:00","mainEntityOfPage":{"@id":"https:\/\/hub.hslu.ch\/ikm\/2023\/01\/17\/ikm-alumni-im-interview-christina-schneider\/"},"wordCount":697,"commentCount":0,"image":{"@id":"https:\/\/hub.hslu.ch\/ikm\/2023\/01\/17\/ikm-alumni-im-interview-christina-schneider\/#primaryimage"},"thumbnailUrl":"https:\/\/hub.hslu.ch\/ikm\/wp-content\/blogs.dir\/489\/files\/sites\/8\/Foto-Christina-Schneider.jpg","articleSection":["Marketing- und Kommunikationsmanagement","Weiterbildung"],"inLanguage":"de-CH","potentialAction":[{"@type":"CommentAction","name":"Comment","target":["https:\/\/hub.hslu.ch\/ikm\/2023\/01\/17\/ikm-alumni-im-interview-christina-schneider\/#respond"]}]},{"@type":"WebPage","@id":"https:\/\/hub.hslu.ch\/ikm\/2023\/01\/17\/ikm-alumni-im-interview-christina-schneider\/","url":"https:\/\/hub.hslu.ch\/ikm\/2023\/01\/17\/ikm-alumni-im-interview-christina-schneider\/","name":"IKM Alumni im Interview \u2013 Christina Schneider - IKM-Blog","isPartOf":{"@id":"https:\/\/hub.hslu.ch\/ikm\/#website"},"primaryImageOfPage":{"@id":"https:\/\/hub.hslu.ch\/ikm\/2023\/01\/17\/ikm-alumni-im-interview-christina-schneider\/#primaryimage"},"image":{"@id":"https:\/\/hub.hslu.ch\/ikm\/2023\/01\/17\/ikm-alumni-im-interview-christina-schneider\/#primaryimage"},"thumbnailUrl":"https:\/\/hub.hslu.ch\/ikm\/wp-content\/blogs.dir\/489\/files\/sites\/8\/Foto-Christina-Schneider.jpg","datePublished":"2023-01-17T08:45:46+00:00","dateModified":"2026-02-09T13:14:41+00:00","author":{"@id":"https:\/\/hub.hslu.ch\/ikm\/#\/schema\/person\/f499a20cf3ea24019b09ec0b7a32f6f3"},"description":"Wir haben Alumni unserer Weiterbildungen am IKM interviewt. In dieser Blog-Reihe erf\u00e4hrt ihr, wer hinter unseren Teilnehmenden steckt.","breadcrumb":{"@id":"https:\/\/hub.hslu.ch\/ikm\/2023\/01\/17\/ikm-alumni-im-interview-christina-schneider\/#breadcrumb"},"inLanguage":"de-CH","potentialAction":[{"@type":"ReadAction","target":["https:\/\/hub.hslu.ch\/ikm\/2023\/01\/17\/ikm-alumni-im-interview-christina-schneider\/"]}]},{"@type":"ImageObject","inLanguage":"de-CH","@id":"https:\/\/hub.hslu.ch\/ikm\/2023\/01\/17\/ikm-alumni-im-interview-christina-schneider\/#primaryimage","url":"https:\/\/hub.hslu.ch\/ikm\/wp-content\/blogs.dir\/489\/files\/sites\/8\/Foto-Christina-Schneider.jpg","contentUrl":"https:\/\/hub.hslu.ch\/ikm\/wp-content\/blogs.dir\/489\/files\/sites\/8\/Foto-Christina-Schneider.jpg","width":1335,"height":993},{"@type":"BreadcrumbList","@id":"https:\/\/hub.hslu.ch\/ikm\/2023\/01\/17\/ikm-alumni-im-interview-christina-schneider\/#breadcrumb","itemListElement":[{"@type":"ListItem","position":1,"name":"Home","item":"https:\/\/hub.hslu.ch\/ikm\/"},{"@type":"ListItem","position":2,"name":"IKM Alumni im Interview \u2013 Christina Schneider"}]},{"@type":"WebSite","@id":"https:\/\/hub.hslu.ch\/ikm\/#website","url":"https:\/\/hub.hslu.ch\/ikm\/","name":"IKM-Blog","description":"Kommunikation und Marketing an der Hochschule Luzern \u2013 Wirtschaft","potentialAction":[{"@type":"SearchAction","target":{"@type":"EntryPoint","urlTemplate":"https:\/\/hub.hslu.ch\/ikm\/?s={search_term_string}"},"query-input":{"@type":"PropertyValueSpecification","valueRequired":true,"valueName":"search_term_string"}}],"inLanguage":"de-CH"},{"@type":"Person","@id":"https:\/\/hub.hslu.ch\/ikm\/#\/schema\/person\/f499a20cf3ea24019b09ec0b7a32f6f3","name":"sandramendez"}]}},"featured_image_src":"https:\/\/hub.hslu.ch\/ikm\/wp-content\/blogs.dir\/489\/files\/sites\/8\/Foto-Christina-Schneider.jpg","featured_image_src_square":"https:\/\/hub.hslu.ch\/ikm\/wp-content\/blogs.dir\/489\/files\/sites\/8\/Foto-Christina-Schneider.jpg","author_info":{"display_name":"sandramendez","author_link":"https:\/\/hub.hslu.ch\/ikm\/author\/sandramendez\/"},"_links":{"self":[{"href":"https:\/\/hub.hslu.ch\/ikm\/wp-json\/wp\/v2\/posts\/19476","targetHints":{"allow":["GET"]}}],"collection":[{"href":"https:\/\/hub.hslu.ch\/ikm\/wp-json\/wp\/v2\/posts"}],"about":[{"href":"https:\/\/hub.hslu.ch\/ikm\/wp-json\/wp\/v2\/types\/post"}],"author":[{"embeddable":true,"href":"https:\/\/hub.hslu.ch\/ikm\/wp-json\/wp\/v2\/users\/247"}],"replies":[{"embeddable":true,"href":"https:\/\/hub.hslu.ch\/ikm\/wp-json\/wp\/v2\/comments?post=19476"}],"version-history":[{"count":12,"href":"https:\/\/hub.hslu.ch\/ikm\/wp-json\/wp\/v2\/posts\/19476\/revisions"}],"predecessor-version":[{"id":24374,"href":"https:\/\/hub.hslu.ch\/ikm\/wp-json\/wp\/v2\/posts\/19476\/revisions\/24374"}],"wp:featuredmedia":[{"embeddable":true,"href":"https:\/\/hub.hslu.ch\/ikm\/wp-json\/wp\/v2\/media\/19478"}],"wp:attachment":[{"href":"https:\/\/hub.hslu.ch\/ikm\/wp-json\/wp\/v2\/media?parent=19476"}],"wp:term":[{"taxonomy":"category","embeddable":true,"href":"https:\/\/hub.hslu.ch\/ikm\/wp-json\/wp\/v2\/categories?post=19476"},{"taxonomy":"post_tag","embeddable":true,"href":"https:\/\/hub.hslu.ch\/ikm\/wp-json\/wp\/v2\/tags?post=19476"}],"curies":[{"name":"wp","href":"https:\/\/api.w.org\/{rel}","templated":true}]}}