{"id":19506,"date":"2023-04-26T10:03:17","date_gmt":"2023-04-26T08:03:17","guid":{"rendered":"https:\/\/hub.hslu.ch\/ikm\/?p=19506"},"modified":"2026-02-09T14:06:54","modified_gmt":"2026-02-09T13:06:54","slug":"ikm-alumni-im-interview-jeannette-ulrich","status":"publish","type":"post","link":"https:\/\/hub.hslu.ch\/ikm\/2023\/04\/26\/ikm-alumni-im-interview-jeannette-ulrich\/","title":{"rendered":"IKM Alumni im Interview \u2013 Jeannette Ulrich"},"content":{"rendered":"\n<h2 class=\"wp-block-heading\">Wer bist du?<\/h2>\n\n\n\n<p>Ich bin Jeannette, bin 46 Jahre alt und wohne aktuell in Goldau. Seit 19 Jahren bin ich im Universum Marketing &amp; Kommunikation, Brand und Product Management unterwegs. Unter anderem war ich in diesem Bereich 10 Jahre f\u00fcr die Firma Victorinox t\u00e4tig, 5 Jahre f\u00fcr das Unternehmen S-P, welches sich mit der Entwicklung einer CO<sup>2<\/sup>-neutralen Technologie befasst, bei comparis.ch im Product Management und bei AFO, in einer Agentur f\u00fcr datengetriebenes Marketing. <\/p>\n\n\n\n<p>In meiner Freizeit besch\u00e4ftige ich mich gerne mit der Ern\u00e4hrung und bin gerne draussen. Ich liebe die Berge, die frische Luft, die Farben des Himmels und Tiere.<\/p>\n\n\n\n<h2 class=\"wp-block-heading\">Weshalb hast du dich dazu entschieden, eine Weiterbildung zu besuchen?<\/h2>\n\n\n\n<p>Bildung ist wohl zusammen mit der Gesundheit unser h\u00f6chstes Gut und wir k\u00f6nnen uns gl\u00fccklich sch\u00e4tzen, so grossartige Bildungsangebote und M\u00f6glichkeiten in aller Vielfalt und Flexibilit\u00e4t, wie die HSLU sie bietet, in Anspruch nehmen zu d\u00fcrfen.<\/p>\n\n\n\n<p>Die konsequente Weiterbildung empfinde ich pers\u00f6nlich\u00ad \u2013 gerade in der heutigen Zeit \u2013 als sehr wichtig. Die Schnelllebigkeit und das rasante Tempo der Entwicklung, gerade im Marketing-Bereich, ist anspruchsvoll. <\/p>\n\n\n\n<p>An der Hochschule Luzern habe ich das <a href=\"https:\/\/www.hslu.ch\/de-ch\/wirtschaft\/weiterbildung\/cas\/ikm\/product-management-and-marketing\/\" target=\"_blank\" rel=\"noreferrer noopener\">CAS Product Management &amp; Marketing<\/a> mit Herrn <a href=\"https:\/\/www.hslu.ch\/de-ch\/hochschule-luzern\/ueber-uns\/personensuche\/profile\/?pid=260\" target=\"_blank\" rel=\"noreferrer noopener\">Prof. Ren\u00e9 Zeier<\/a> absolviert. Ein hervorragendes Programm mit brillanter Studileitung und Dozierenden! Das fantastische Curriculum vermittelt Kompetenzen f\u00fcr das erfolgreiche Management von Produkten (B-to-C- und B-to-B-M\u00e4rkte). Und nicht nur das. Die Fallbeispiele sind aufregend und praxisbezogen, aus dem echten Leben gegriffen. So bekamen wir z.B. echte Einblicke in hochkar\u00e4tige Unternehmen wie Coca-Cola, BMW, Sigg und viele mehr. Ich h\u00e4tte stundenlang da sitzenbleiben und zuh\u00f6ren k\u00f6nnen.<\/p>\n\n\n\n<h2 class=\"wp-block-heading\">Weshalb hast du dich f\u00fcr das IKM entschieden?<\/h2>\n\n\n\n<p>Die HSLU und das IKM hat mein Herz erobert, weil sie nahbar, authentisch und sehr professionell auf mich wirkte. Sehr nette Mitarbeitende, welche mich beraten und sich Zeit genommen haben f\u00fcr mich. Der Studienort Luzern ist ideal mittendrin und zentral in dieser wundersch\u00f6nen Stadt.<\/p>\n\n\n\n<p>Das Programm hat mir mit seinem Curriculum alles geboten, was ich gesucht habe. Ich wollte ein Programm absolvieren, welches mein Wissen und die Erfahrung im MarKom Bereich <strong>tats\u00e4chlich<\/strong> <strong>erg\u00e4nzt<\/strong> zu bereits Gelerntem. Wenn ich es bildlich beschreiben m\u00fcsste, w\u00fcrde ich sagen, dass Marketing ohne das Product Management-Wissen irgendwie \u00abhinkt\u00bb. Mit diesem sehr smarten Programm ist es mir also tats\u00e4chlich gelungen, meinen Horizont sehr weit auszubauen und mein Wissen nun als \u00abgrosses Ganzes\u00bb mit allen Zusammenh\u00e4ngen einsetzen zu k\u00f6nnen.<\/p>\n\n\n\n<figure class=\"wp-block-image size-full is-resized\"><img loading=\"lazy\" decoding=\"async\" width=\"554\" height=\"628\" src=\"https:\/\/hub.hslu.ch\/ikm\/wp-content\/blogs.dir\/489\/files\/sites\/8\/Foto-Jeannette-Ulrich.jpg.jpg\" alt=\"\" class=\"wp-image-19507\" style=\"width:173px;height:196px\" srcset=\"https:\/\/hub.hslu.ch\/ikm\/wp-content\/blogs.dir\/489\/files\/sites\/8\/Foto-Jeannette-Ulrich.jpg.jpg 554w, https:\/\/hub.hslu.ch\/ikm\/wp-content\/blogs.dir\/489\/files\/sites\/8\/Foto-Jeannette-Ulrich.jpg-265x300.jpg 265w\" sizes=\"auto, (max-width: 554px) 100vw, 554px\" \/><figcaption class=\"wp-element-caption\"><strong>Jeannette Ulrich<\/strong><br>Verantwortliche Marketing und Kommunikation IDS und Absolventin des CAS Product Management and Marketing<\/figcaption><\/figure>\n\n\n\n<h2 class=\"wp-block-heading\">Wo arbeitest du heute?<\/h2>\n\n\n\n<p>Mein Herzenswunsch ist in Erf\u00fcllung gegangen und die HSLU ist nun seit zwei Jahren meine Arbeitgeberin. Ich bin \u00abVerantwortliche Marketing\u00bb f\u00fcr den Master in \u00ab<a href=\"https:\/\/www.hslu.ch\/de-ch\/wirtschaft\/studium\/master\/applied-information-and-data-science\/\" target=\"_blank\" rel=\"noreferrer noopener\">Applied Information and Data Science<\/a>\u00bb im Departement Wirtschaft. Die HSLU ist eine beispielhafte Arbeitgeberin und wir haben ein tolles Team und Studileitung.<\/p>\n\n\n\n<h2 class=\"wp-block-heading\">Aus welchen Gr\u00fcnden w\u00fcrdest du eine Weiterbildung an unserem Institut weiterempfehlen?<\/h2>\n\n\n\n<p>Die Weiterbildungen sind sehr praxisnah, am Puls der Zeit und superflexibel aufgebaut mit den Wahlm\u00f6glichkeiten. Module k\u00f6nnen auch einzeln oder als Teil eines CAS absolviert werden. <\/p>\n\n\n\n<h2 class=\"wp-block-heading\">Welchen Zugang zu spannenden Fachartikeln und anderer Literatur\/Inspirationsquellen haben dir weitergeholfen?<\/h2>\n\n\n\n<p>Das Buch \u00abProduktmanagement\u00bb von Herr Prof. Dr. Frank Huber ist fantastisch, das Buch war und ist mein Begleiter und Fels in der Brandung. Ebenso gef\u00e4llt mir das Buch \u00abThe Blue Ocean Strategy\u00bb von W. Chan Kim and Renee Mauborgne und \u00abSchnelles Denken, langsames Denken\u00bb von Daniel Kahneman.<\/p>\n\n\n\n<h2 class=\"wp-block-heading\">Hat dich die Weiterbildung auf pers\u00f6nlicher Ebene weitergebracht?<\/h2>\n\n\n\n<p>Ja, sehr. Ich verstehe nun ganzheitlich viel besser die Zusammenh\u00e4nge des Produktes oder Dienstleistung mit allen Grundlagen und Methoden, welches ich dann vermarkte. Das erworbene Wissen erlaubt es mir, die richtigen Massnahmen und Instrumente zu ergreifen, allgemeine Zusammenh\u00e4nge richtig erfassen zu k\u00f6nnen und zum Stand der Dinge m\u00f6gliche Defizite, Gefahren und Optimierungspotential zu erkennen.<\/p>\n\n\n\n<h2 class=\"wp-block-heading\">Inwiefern waren die Unterrichtstage und -zeiten f\u00fcr dich gut?<\/h2>\n\n\n\n<p>Die Unterrichtstage waren mit jeweils dem Freitagnachmittag und dem ganzen Samstag f\u00fcr mich optimal terminiert. Es hat so nur kleine Anpassungen zu meinem bestehenden Pensum gegeben.<\/p>\n\n\n\n<h2 class=\"wp-block-heading\">In welchem Pensum hast du nebst deiner Weiterbildung gearbeitet?<\/h2>\n\n\n\n<p>Ich habe mit einem 90%-Pensum die Weiterbildung absolviert. Machbar, jedoch schon anspruchsvoll.<\/p>\n\n\n\n<p><strong>Interessiert zu erfahren was andere Alumni gesagt haben? Hier geht&#8217;s zum<\/strong> <strong><a href=\"https:\/\/hub.hslu.ch\/ikm\/2023\/03\/27\/ikm-alumni-im-interview-jasmin-rodriguez\/\" target=\"_blank\" rel=\"noreferrer noopener\">zehnten Teil.<\/a><\/strong><\/p>\n","protected":false},"excerpt":{"rendered":"<p>Das Weiterbildungsangebot am Institut f\u00fcr Kommunikation und Marketing IKM umfasst aktuell drei MAS-Programme, 15 CAS sowie 11 Weiterbildungskurse. Wir haben Alumni unserer Weiterbildungen interviewt. In dieser Blog-Reihe erf\u00e4hrt ihr, wer hinter unseren Teilnehmenden steckt, was sie dazu bewogen hat eine Weiterbildung am IKM zu machen und wie sie davon profitieren. Im elften Teil haben wir Jeannette Ulrich interviewt.<\/p>\n","protected":false},"author":247,"featured_media":19521,"comment_status":"open","ping_status":"open","sticky":false,"template":"","format":"standard","meta":{"_acf_changed":false,"inline_featured_image":false,"_relevanssi_hide_post":"","_relevanssi_hide_content":"","_relevanssi_pin_for_all":"","_relevanssi_pin_keywords":"","_relevanssi_unpin_keywords":"","_relevanssi_related_keywords":"","_relevanssi_related_include_ids":"","_relevanssi_related_exclude_ids":"","_relevanssi_related_no_append":"","_relevanssi_related_not_related":"","_relevanssi_related_posts":"15522,6240,9236,7685,8756,14164","_relevanssi_noindex_reason":"","footnotes":"","_links_to":"","_links_to_target":""},"categories":[86671,4165,4668],"tags":[],"class_list":["post-19506","post","type-post","status-publish","format-standard","has-post-thumbnail","hentry","category-marketing-und-kommunikationsmanagement","category-studium","category-weiterbildung"],"acf":[],"yoast_head":"<!-- This site is optimized with the Yoast SEO plugin v27.5 - https:\/\/yoast.com\/product\/yoast-seo-wordpress\/ -->\n<title>IKM Alumni im Interview \u2013 Jeannette Ulrich - IKM-Blog<\/title>\n<meta name=\"description\" content=\"Wir haben Alumni unserer Weiterbildungen am IKM interviewt. In dieser Blog-Reihe erf\u00e4hrt ihr, wer hinter unseren Teilnehmenden steckt.\" \/>\n<meta name=\"robots\" content=\"index, follow, max-snippet:-1, max-image-preview:large, max-video-preview:-1\" \/>\n<link rel=\"canonical\" href=\"https:\/\/hub.hslu.ch\/ikm\/2023\/04\/26\/ikm-alumni-im-interview-jeannette-ulrich\/\" \/>\n<meta property=\"og:locale\" content=\"de_DE\" \/>\n<meta property=\"og:type\" content=\"article\" \/>\n<meta property=\"og:title\" content=\"IKM Alumni im Interview \u2013 Jeannette Ulrich - IKM-Blog\" \/>\n<meta property=\"og:description\" content=\"Wir haben Alumni unserer Weiterbildungen am IKM interviewt. In dieser Blog-Reihe erf\u00e4hrt ihr, wer hinter unseren Teilnehmenden steckt.\" \/>\n<meta property=\"og:url\" content=\"https:\/\/hub.hslu.ch\/ikm\/2023\/04\/26\/ikm-alumni-im-interview-jeannette-ulrich\/\" \/>\n<meta property=\"og:site_name\" content=\"IKM-Blog\" \/>\n<meta property=\"article:published_time\" content=\"2023-04-26T08:03:17+00:00\" \/>\n<meta property=\"article:modified_time\" content=\"2026-02-09T13:06:54+00:00\" \/>\n<meta property=\"og:image\" content=\"https:\/\/hub.hslu.ch\/ikm\/wp-content\/blogs.dir\/489\/files\/sites\/8\/1-1-702x527.png\" \/>\n\t<meta property=\"og:image:width\" content=\"702\" \/>\n\t<meta property=\"og:image:height\" content=\"527\" \/>\n\t<meta property=\"og:image:type\" content=\"image\/png\" \/>\n<meta name=\"author\" content=\"sandramendez\" \/>\n<meta name=\"twitter:card\" content=\"summary_large_image\" \/>\n<meta name=\"twitter:label1\" content=\"Geschrieben von\" \/>\n\t<meta name=\"twitter:data1\" content=\"sandramendez\" \/>\n\t<meta name=\"twitter:label2\" content=\"Gesch\u00e4tzte Lesezeit\" \/>\n\t<meta name=\"twitter:data2\" content=\"5\u00a0Minuten\" \/>\n<script type=\"application\/ld+json\" class=\"yoast-schema-graph\">{\"@context\":\"https:\\\/\\\/schema.org\",\"@graph\":[{\"@type\":\"Article\",\"@id\":\"https:\\\/\\\/hub.hslu.ch\\\/ikm\\\/2023\\\/04\\\/26\\\/ikm-alumni-im-interview-jeannette-ulrich\\\/#article\",\"isPartOf\":{\"@id\":\"https:\\\/\\\/hub.hslu.ch\\\/ikm\\\/2023\\\/04\\\/26\\\/ikm-alumni-im-interview-jeannette-ulrich\\\/\"},\"author\":{\"name\":\"sandramendez\",\"@id\":\"https:\\\/\\\/hub.hslu.ch\\\/ikm\\\/#\\\/schema\\\/person\\\/f499a20cf3ea24019b09ec0b7a32f6f3\"},\"headline\":\"IKM Alumni im Interview \u2013 Jeannette Ulrich\",\"datePublished\":\"2023-04-26T08:03:17+00:00\",\"dateModified\":\"2026-02-09T13:06:54+00:00\",\"mainEntityOfPage\":{\"@id\":\"https:\\\/\\\/hub.hslu.ch\\\/ikm\\\/2023\\\/04\\\/26\\\/ikm-alumni-im-interview-jeannette-ulrich\\\/\"},\"wordCount\":724,\"commentCount\":0,\"image\":{\"@id\":\"https:\\\/\\\/hub.hslu.ch\\\/ikm\\\/2023\\\/04\\\/26\\\/ikm-alumni-im-interview-jeannette-ulrich\\\/#primaryimage\"},\"thumbnailUrl\":\"https:\\\/\\\/hub.hslu.ch\\\/ikm\\\/wp-content\\\/blogs.dir\\\/489\\\/files\\\/sites\\\/8\\\/1-1.png\",\"articleSection\":[\"Marketing- und Kommunikationsmanagement\",\"Studium\",\"Weiterbildung\"],\"inLanguage\":\"de-CH\",\"potentialAction\":[{\"@type\":\"CommentAction\",\"name\":\"Comment\",\"target\":[\"https:\\\/\\\/hub.hslu.ch\\\/ikm\\\/2023\\\/04\\\/26\\\/ikm-alumni-im-interview-jeannette-ulrich\\\/#respond\"]}]},{\"@type\":\"WebPage\",\"@id\":\"https:\\\/\\\/hub.hslu.ch\\\/ikm\\\/2023\\\/04\\\/26\\\/ikm-alumni-im-interview-jeannette-ulrich\\\/\",\"url\":\"https:\\\/\\\/hub.hslu.ch\\\/ikm\\\/2023\\\/04\\\/26\\\/ikm-alumni-im-interview-jeannette-ulrich\\\/\",\"name\":\"IKM Alumni im Interview \u2013 Jeannette Ulrich - IKM-Blog\",\"isPartOf\":{\"@id\":\"https:\\\/\\\/hub.hslu.ch\\\/ikm\\\/#website\"},\"primaryImageOfPage\":{\"@id\":\"https:\\\/\\\/hub.hslu.ch\\\/ikm\\\/2023\\\/04\\\/26\\\/ikm-alumni-im-interview-jeannette-ulrich\\\/#primaryimage\"},\"image\":{\"@id\":\"https:\\\/\\\/hub.hslu.ch\\\/ikm\\\/2023\\\/04\\\/26\\\/ikm-alumni-im-interview-jeannette-ulrich\\\/#primaryimage\"},\"thumbnailUrl\":\"https:\\\/\\\/hub.hslu.ch\\\/ikm\\\/wp-content\\\/blogs.dir\\\/489\\\/files\\\/sites\\\/8\\\/1-1.png\",\"datePublished\":\"2023-04-26T08:03:17+00:00\",\"dateModified\":\"2026-02-09T13:06:54+00:00\",\"author\":{\"@id\":\"https:\\\/\\\/hub.hslu.ch\\\/ikm\\\/#\\\/schema\\\/person\\\/f499a20cf3ea24019b09ec0b7a32f6f3\"},\"description\":\"Wir haben Alumni unserer Weiterbildungen am IKM interviewt. In dieser Blog-Reihe erf\u00e4hrt ihr, wer hinter unseren Teilnehmenden steckt.\",\"breadcrumb\":{\"@id\":\"https:\\\/\\\/hub.hslu.ch\\\/ikm\\\/2023\\\/04\\\/26\\\/ikm-alumni-im-interview-jeannette-ulrich\\\/#breadcrumb\"},\"inLanguage\":\"de-CH\",\"potentialAction\":[{\"@type\":\"ReadAction\",\"target\":[\"https:\\\/\\\/hub.hslu.ch\\\/ikm\\\/2023\\\/04\\\/26\\\/ikm-alumni-im-interview-jeannette-ulrich\\\/\"]}]},{\"@type\":\"ImageObject\",\"inLanguage\":\"de-CH\",\"@id\":\"https:\\\/\\\/hub.hslu.ch\\\/ikm\\\/2023\\\/04\\\/26\\\/ikm-alumni-im-interview-jeannette-ulrich\\\/#primaryimage\",\"url\":\"https:\\\/\\\/hub.hslu.ch\\\/ikm\\\/wp-content\\\/blogs.dir\\\/489\\\/files\\\/sites\\\/8\\\/1-1.png\",\"contentUrl\":\"https:\\\/\\\/hub.hslu.ch\\\/ikm\\\/wp-content\\\/blogs.dir\\\/489\\\/files\\\/sites\\\/8\\\/1-1.png\",\"width\":1920,\"height\":1440},{\"@type\":\"BreadcrumbList\",\"@id\":\"https:\\\/\\\/hub.hslu.ch\\\/ikm\\\/2023\\\/04\\\/26\\\/ikm-alumni-im-interview-jeannette-ulrich\\\/#breadcrumb\",\"itemListElement\":[{\"@type\":\"ListItem\",\"position\":1,\"name\":\"Home\",\"item\":\"https:\\\/\\\/hub.hslu.ch\\\/ikm\\\/\"},{\"@type\":\"ListItem\",\"position\":2,\"name\":\"IKM Alumni im Interview \u2013 Jeannette Ulrich\"}]},{\"@type\":\"WebSite\",\"@id\":\"https:\\\/\\\/hub.hslu.ch\\\/ikm\\\/#website\",\"url\":\"https:\\\/\\\/hub.hslu.ch\\\/ikm\\\/\",\"name\":\"IKM-Blog\",\"description\":\"Kommunikation und Marketing an der Hochschule Luzern \u2013 Wirtschaft\",\"potentialAction\":[{\"@type\":\"SearchAction\",\"target\":{\"@type\":\"EntryPoint\",\"urlTemplate\":\"https:\\\/\\\/hub.hslu.ch\\\/ikm\\\/?s={search_term_string}\"},\"query-input\":{\"@type\":\"PropertyValueSpecification\",\"valueRequired\":true,\"valueName\":\"search_term_string\"}}],\"inLanguage\":\"de-CH\"},{\"@type\":\"Person\",\"@id\":\"https:\\\/\\\/hub.hslu.ch\\\/ikm\\\/#\\\/schema\\\/person\\\/f499a20cf3ea24019b09ec0b7a32f6f3\",\"name\":\"sandramendez\"}]}<\/script>\n<!-- \/ Yoast SEO plugin. -->","yoast_head_json":{"title":"IKM Alumni im Interview \u2013 Jeannette Ulrich - IKM-Blog","description":"Wir haben Alumni unserer Weiterbildungen am IKM interviewt. In dieser Blog-Reihe erf\u00e4hrt ihr, wer hinter unseren Teilnehmenden steckt.","robots":{"index":"index","follow":"follow","max-snippet":"max-snippet:-1","max-image-preview":"max-image-preview:large","max-video-preview":"max-video-preview:-1"},"canonical":"https:\/\/hub.hslu.ch\/ikm\/2023\/04\/26\/ikm-alumni-im-interview-jeannette-ulrich\/","og_locale":"de_DE","og_type":"article","og_title":"IKM Alumni im Interview \u2013 Jeannette Ulrich - IKM-Blog","og_description":"Wir haben Alumni unserer Weiterbildungen am IKM interviewt. In dieser Blog-Reihe erf\u00e4hrt ihr, wer hinter unseren Teilnehmenden steckt.","og_url":"https:\/\/hub.hslu.ch\/ikm\/2023\/04\/26\/ikm-alumni-im-interview-jeannette-ulrich\/","og_site_name":"IKM-Blog","article_published_time":"2023-04-26T08:03:17+00:00","article_modified_time":"2026-02-09T13:06:54+00:00","og_image":[{"width":702,"height":527,"url":"https:\/\/hub.hslu.ch\/ikm\/wp-content\/blogs.dir\/489\/files\/sites\/8\/1-1-702x527.png","type":"image\/png"}],"author":"sandramendez","twitter_card":"summary_large_image","twitter_misc":{"Geschrieben von":"sandramendez","Gesch\u00e4tzte Lesezeit":"5\u00a0Minuten"},"schema":{"@context":"https:\/\/schema.org","@graph":[{"@type":"Article","@id":"https:\/\/hub.hslu.ch\/ikm\/2023\/04\/26\/ikm-alumni-im-interview-jeannette-ulrich\/#article","isPartOf":{"@id":"https:\/\/hub.hslu.ch\/ikm\/2023\/04\/26\/ikm-alumni-im-interview-jeannette-ulrich\/"},"author":{"name":"sandramendez","@id":"https:\/\/hub.hslu.ch\/ikm\/#\/schema\/person\/f499a20cf3ea24019b09ec0b7a32f6f3"},"headline":"IKM Alumni im Interview \u2013 Jeannette Ulrich","datePublished":"2023-04-26T08:03:17+00:00","dateModified":"2026-02-09T13:06:54+00:00","mainEntityOfPage":{"@id":"https:\/\/hub.hslu.ch\/ikm\/2023\/04\/26\/ikm-alumni-im-interview-jeannette-ulrich\/"},"wordCount":724,"commentCount":0,"image":{"@id":"https:\/\/hub.hslu.ch\/ikm\/2023\/04\/26\/ikm-alumni-im-interview-jeannette-ulrich\/#primaryimage"},"thumbnailUrl":"https:\/\/hub.hslu.ch\/ikm\/wp-content\/blogs.dir\/489\/files\/sites\/8\/1-1.png","articleSection":["Marketing- und Kommunikationsmanagement","Studium","Weiterbildung"],"inLanguage":"de-CH","potentialAction":[{"@type":"CommentAction","name":"Comment","target":["https:\/\/hub.hslu.ch\/ikm\/2023\/04\/26\/ikm-alumni-im-interview-jeannette-ulrich\/#respond"]}]},{"@type":"WebPage","@id":"https:\/\/hub.hslu.ch\/ikm\/2023\/04\/26\/ikm-alumni-im-interview-jeannette-ulrich\/","url":"https:\/\/hub.hslu.ch\/ikm\/2023\/04\/26\/ikm-alumni-im-interview-jeannette-ulrich\/","name":"IKM Alumni im Interview \u2013 Jeannette Ulrich - IKM-Blog","isPartOf":{"@id":"https:\/\/hub.hslu.ch\/ikm\/#website"},"primaryImageOfPage":{"@id":"https:\/\/hub.hslu.ch\/ikm\/2023\/04\/26\/ikm-alumni-im-interview-jeannette-ulrich\/#primaryimage"},"image":{"@id":"https:\/\/hub.hslu.ch\/ikm\/2023\/04\/26\/ikm-alumni-im-interview-jeannette-ulrich\/#primaryimage"},"thumbnailUrl":"https:\/\/hub.hslu.ch\/ikm\/wp-content\/blogs.dir\/489\/files\/sites\/8\/1-1.png","datePublished":"2023-04-26T08:03:17+00:00","dateModified":"2026-02-09T13:06:54+00:00","author":{"@id":"https:\/\/hub.hslu.ch\/ikm\/#\/schema\/person\/f499a20cf3ea24019b09ec0b7a32f6f3"},"description":"Wir haben Alumni unserer Weiterbildungen am IKM interviewt. In dieser Blog-Reihe erf\u00e4hrt ihr, wer hinter unseren Teilnehmenden steckt.","breadcrumb":{"@id":"https:\/\/hub.hslu.ch\/ikm\/2023\/04\/26\/ikm-alumni-im-interview-jeannette-ulrich\/#breadcrumb"},"inLanguage":"de-CH","potentialAction":[{"@type":"ReadAction","target":["https:\/\/hub.hslu.ch\/ikm\/2023\/04\/26\/ikm-alumni-im-interview-jeannette-ulrich\/"]}]},{"@type":"ImageObject","inLanguage":"de-CH","@id":"https:\/\/hub.hslu.ch\/ikm\/2023\/04\/26\/ikm-alumni-im-interview-jeannette-ulrich\/#primaryimage","url":"https:\/\/hub.hslu.ch\/ikm\/wp-content\/blogs.dir\/489\/files\/sites\/8\/1-1.png","contentUrl":"https:\/\/hub.hslu.ch\/ikm\/wp-content\/blogs.dir\/489\/files\/sites\/8\/1-1.png","width":1920,"height":1440},{"@type":"BreadcrumbList","@id":"https:\/\/hub.hslu.ch\/ikm\/2023\/04\/26\/ikm-alumni-im-interview-jeannette-ulrich\/#breadcrumb","itemListElement":[{"@type":"ListItem","position":1,"name":"Home","item":"https:\/\/hub.hslu.ch\/ikm\/"},{"@type":"ListItem","position":2,"name":"IKM Alumni im Interview \u2013 Jeannette Ulrich"}]},{"@type":"WebSite","@id":"https:\/\/hub.hslu.ch\/ikm\/#website","url":"https:\/\/hub.hslu.ch\/ikm\/","name":"IKM-Blog","description":"Kommunikation und Marketing an der Hochschule Luzern \u2013 Wirtschaft","potentialAction":[{"@type":"SearchAction","target":{"@type":"EntryPoint","urlTemplate":"https:\/\/hub.hslu.ch\/ikm\/?s={search_term_string}"},"query-input":{"@type":"PropertyValueSpecification","valueRequired":true,"valueName":"search_term_string"}}],"inLanguage":"de-CH"},{"@type":"Person","@id":"https:\/\/hub.hslu.ch\/ikm\/#\/schema\/person\/f499a20cf3ea24019b09ec0b7a32f6f3","name":"sandramendez"}]}},"featured_image_src":"https:\/\/hub.hslu.ch\/ikm\/wp-content\/blogs.dir\/489\/files\/sites\/8\/1-1.png","featured_image_src_square":"https:\/\/hub.hslu.ch\/ikm\/wp-content\/blogs.dir\/489\/files\/sites\/8\/1-1.png","author_info":{"display_name":"sandramendez","author_link":"https:\/\/hub.hslu.ch\/ikm\/author\/sandramendez\/"},"_links":{"self":[{"href":"https:\/\/hub.hslu.ch\/ikm\/wp-json\/wp\/v2\/posts\/19506","targetHints":{"allow":["GET"]}}],"collection":[{"href":"https:\/\/hub.hslu.ch\/ikm\/wp-json\/wp\/v2\/posts"}],"about":[{"href":"https:\/\/hub.hslu.ch\/ikm\/wp-json\/wp\/v2\/types\/post"}],"author":[{"embeddable":true,"href":"https:\/\/hub.hslu.ch\/ikm\/wp-json\/wp\/v2\/users\/247"}],"replies":[{"embeddable":true,"href":"https:\/\/hub.hslu.ch\/ikm\/wp-json\/wp\/v2\/comments?post=19506"}],"version-history":[{"count":20,"href":"https:\/\/hub.hslu.ch\/ikm\/wp-json\/wp\/v2\/posts\/19506\/revisions"}],"predecessor-version":[{"id":24368,"href":"https:\/\/hub.hslu.ch\/ikm\/wp-json\/wp\/v2\/posts\/19506\/revisions\/24368"}],"wp:featuredmedia":[{"embeddable":true,"href":"https:\/\/hub.hslu.ch\/ikm\/wp-json\/wp\/v2\/media\/19521"}],"wp:attachment":[{"href":"https:\/\/hub.hslu.ch\/ikm\/wp-json\/wp\/v2\/media?parent=19506"}],"wp:term":[{"taxonomy":"category","embeddable":true,"href":"https:\/\/hub.hslu.ch\/ikm\/wp-json\/wp\/v2\/categories?post=19506"},{"taxonomy":"post_tag","embeddable":true,"href":"https:\/\/hub.hslu.ch\/ikm\/wp-json\/wp\/v2\/tags?post=19506"}],"curies":[{"name":"wp","href":"https:\/\/api.w.org\/{rel}","templated":true}]}}