{"id":19522,"date":"2023-03-27T12:52:16","date_gmt":"2023-03-27T10:52:16","guid":{"rendered":"https:\/\/hub.hslu.ch\/ikm\/?p=19522"},"modified":"2026-02-09T14:09:42","modified_gmt":"2026-02-09T13:09:42","slug":"ikm-alumni-im-interview-jasmin-rodriguez","status":"publish","type":"post","link":"https:\/\/hub.hslu.ch\/ikm\/2023\/03\/27\/ikm-alumni-im-interview-jasmin-rodriguez\/","title":{"rendered":"IKM Alumni im Interview \u2013 Jasmin Rodriguez"},"content":{"rendered":"\n<h2 class=\"wp-block-heading\">Wer bist du?<\/h2>\n\n\n\n<p>Mein Name ist Jasmin Rodriguez und ich bin 28 Jahre alt. Ich interessiere mich sehr f\u00fcr Sprachen und besuche in meiner Freizeit auch Sprachkurse. Ausserdem lese ich gerne und verbringe viel Zeit mit meiner Familie und Freunden.<\/p>\n\n\n\n<h2 class=\"wp-block-heading\">Weshalb hast du dich dazu entschieden, eine Weiterbildung zu besuchen?<\/h2>\n\n\n\n<p>Ich habe mich Anfang 2022 entschieden, das <a href=\"https:\/\/www.hslu.ch\/de-ch\/wirtschaft\/weiterbildung\/cas\/ikm\/digital-analytics-in-marketing\/\" target=\"_blank\" rel=\"noreferrer noopener\">CAS Digital Analytics in Marketing<\/a> bei der HSLU zu machen. Ich interessiere mich sehr f\u00fcr dieses Thema und wollte ein gr\u00f6sseres Verst\u00e4ndnis daf\u00fcr aufbauen. Ausserdem kann ich es ideal in meinem Job anwenden. Aktuell habe ich gerade das zweite <a href=\"https:\/\/www.hslu.ch\/de-ch\/wirtschaft\/weiterbildung\/cas\/ikm\/digital-media-and-campaign-management\/\" target=\"_blank\" rel=\"noreferrer noopener\">CAS Digital Media and Campaign Management<\/a> angefangen und bin sehr gespannt auf das Semester.<\/p>\n\n\n\n<h2 class=\"wp-block-heading\">Weshalb hast du dich f\u00fcr das IKM entschieden?<\/h2>\n\n\n\n<p>Die HSLU kannte ich bereits von meine Bachelorstudium. Ich habe vor mehreren Jahren den Bachelor mit Vertiefung in Kommunikation &amp; Marketing gemacht und kannte dementsprechend auch das IKM. Das Studium hatte ich noch gut in Erinnerung und schlussendlich hat mir die Auswahl an M\u00f6glichkeiten f\u00fcr eine Weiterbildung an der HSLU sehr zugesagt. Ein Pluspunkt ist ausserdem, dass die HSLU sehr zentral gelegen ist und f\u00fcr mich deshalb gut und schnell erreichbar ist.<\/p>\n\n\n\n<figure class=\"wp-block-image size-full is-resized\"><img loading=\"lazy\" decoding=\"async\" width=\"700\" height=\"700\" src=\"https:\/\/hub.hslu.ch\/ikm\/wp-content\/blogs.dir\/489\/files\/sites\/8\/Jasmin-Rodriguez_Portrait.jpg\" alt=\"\" class=\"wp-image-19529\" style=\"width:208px;height:208px\" srcset=\"https:\/\/hub.hslu.ch\/ikm\/wp-content\/blogs.dir\/489\/files\/sites\/8\/Jasmin-Rodriguez_Portrait.jpg 700w, https:\/\/hub.hslu.ch\/ikm\/wp-content\/blogs.dir\/489\/files\/sites\/8\/Jasmin-Rodriguez_Portrait-300x300.jpg 300w, https:\/\/hub.hslu.ch\/ikm\/wp-content\/blogs.dir\/489\/files\/sites\/8\/Jasmin-Rodriguez_Portrait-150x150.jpg 150w, https:\/\/hub.hslu.ch\/ikm\/wp-content\/blogs.dir\/489\/files\/sites\/8\/Jasmin-Rodriguez_Portrait-600x600.jpg 600w, https:\/\/hub.hslu.ch\/ikm\/wp-content\/blogs.dir\/489\/files\/sites\/8\/Jasmin-Rodriguez_Portrait-698x698.jpg 698w\" sizes=\"auto, (max-width: 700px) 100vw, 700px\" \/><figcaption class=\"wp-element-caption\"><strong>Jasmin Rodriguez<\/strong><br>Brandmanager \u0160KODA und Occasionen Absolventin des CAS Digital Analytics in Marketing <\/figcaption><\/figure>\n\n\n\n<h2 class=\"wp-block-heading\">Wo arbeitest du heute?<\/h2>\n\n\n\n<p>Ich arbeite bei der AMAG Automobil und Motoren AG in Cham und bin dort im Marketingteam als Brandmanager \u0160KODA und Occasionen t\u00e4tig. Mein Hauptziel ist die nationale, einheitliche Pr\u00e4senz sowie Imagepflege von \u0160KODA und Occasionen. Ich bin somit f\u00fcr die Sicherstellung eines effektiven Marketingmix und erfolgreiche Markenpr\u00e4senz f\u00fcr \u0160KODA und Occasionen im Namen von AMAG Retail verantwortlich. Dies beinhaltet s\u00e4mtliche nationale Marketingmassnahmen wie Kampagnen, Launches, Promotionen etc.<\/p>\n\n\n\n<h2 class=\"wp-block-heading\">Kannst du deinen Mehrwert vom Peer to Peer Learning beschreiben?<\/h2>\n\n\n\n<p>F\u00fcr mich war es sehr wertvoll einerseits von den Dozenten im Frontalunterricht zu lernen aber auch den Austausch und die Inputs der anderen Teilnehmenden zu haben. Daraus entstanden viele spannende Gespr\u00e4che und <em>best practice<\/em> Beispiele wie auch <em>lessons learned<\/em> die ich meinen eigenen Alltag einbeziehen konnte.<\/p>\n\n\n\n<h2 class=\"wp-block-heading\">Haben dich die Projekte und Leistungsnachweise weitergebracht?<\/h2>\n\n\n\n<p>Als Projekt konnte ich eine reale Kampagne aus meinem Unternehmen umsetzen. Das heisst, ich konnte das gelernte direkt in die Praxis umsetzen und auch diverse Verbesserungsvorschl\u00e4ge erarbeiten, die wir danach auch umsetzen konnten. Dieser praxisnahe Bezug und das reale Projekt haben mich deshalb in meinem Job direkt weitergebracht.<\/p>\n\n\n\n<h2 class=\"wp-block-heading\">In welchem Pensum hast du nebst deiner Weiterbildung gearbeitet?<\/h2>\n\n\n\n<p>Ich habe w\u00e4hrend des CAS letztes Jahr und auch in meinem aktuellen CAS immer 100% gearbeitet. Es gibt Zeiten, da geht das Timing besser auf und andere, da wird es knapper \u2013 das ist klar. Aber grunds\u00e4tzlich konnte ich es stets gut mit meinem Berufsalltag vereinbaren, auch weil AMAG Retail mir viel Flexibilit\u00e4t bietet. Ausserdem finde ich, eignet sich der Freitagnachmittag und Samstag gut, um das CAS mit einem Vollzeitpensum zu kombinieren.<\/p>\n\n\n\n<p><strong>Interessiert zu erfahren was andere Alumni gesagt haben? Hier geht\u2019s zum&nbsp;<a href=\"https:\/\/hub.hslu.ch\/ikm\/2023\/02\/23\/ikm-alumni-im-interview-orlando-campo\/\" target=\"_blank\" rel=\"noreferrer noopener\">neunten Teil<\/a><\/strong>.<\/p>\n","protected":false},"excerpt":{"rendered":"<p>Das Weiterbildungsangebot am Institut f\u00fcr Kommunikation und Marketing IKM umfasst aktuell drei MAS-Programme, 15 CAS sowie 11 Weiterbildungskurse. Wir haben Alumni unserer Weiterbildungen interviewt. In dieser Blog-Reihe erf\u00e4hrt ihr, wer hinter unseren Teilnehmenden steckt, was sie dazu bewogen hat eine Weiterbildung am IKM zu machen und wie sie davon profitieren. Im zehnten Teil haben wir Jasmin Rodriguez interviewt.<\/p>\n","protected":false},"author":247,"featured_media":19528,"comment_status":"open","ping_status":"open","sticky":false,"template":"","format":"standard","meta":{"_acf_changed":false,"inline_featured_image":false,"_relevanssi_hide_post":"","_relevanssi_hide_content":"","_relevanssi_pin_for_all":"","_relevanssi_pin_keywords":"","_relevanssi_unpin_keywords":"","_relevanssi_related_keywords":"","_relevanssi_related_include_ids":"","_relevanssi_related_exclude_ids":"","_relevanssi_related_no_append":"","_relevanssi_related_not_related":"","_relevanssi_related_posts":"12189,14790,8318,11132,14272,10526","_relevanssi_noindex_reason":"","footnotes":"","_links_to":"","_links_to_target":""},"categories":[86671,4668],"tags":[],"class_list":["post-19522","post","type-post","status-publish","format-standard","has-post-thumbnail","hentry","category-marketing-und-kommunikationsmanagement","category-weiterbildung"],"acf":[],"yoast_head":"<!-- This site is optimized with the Yoast SEO plugin v27.5 - https:\/\/yoast.com\/product\/yoast-seo-wordpress\/ -->\n<title>IKM Alumni im Interview \u2013 Jasmin Rodriguez - IKM-Blog<\/title>\n<meta name=\"description\" content=\"Wir haben Alumni unserer Weiterbildungen am IKM interviewt. In dieser Blog-Reihe erf\u00e4hrt ihr, wer hinter unseren Teilnehmenden steckt.\" \/>\n<meta name=\"robots\" content=\"index, follow, max-snippet:-1, max-image-preview:large, max-video-preview:-1\" \/>\n<link rel=\"canonical\" href=\"https:\/\/hub.hslu.ch\/ikm\/2023\/03\/27\/ikm-alumni-im-interview-jasmin-rodriguez\/\" \/>\n<meta property=\"og:locale\" content=\"de_DE\" \/>\n<meta property=\"og:type\" content=\"article\" \/>\n<meta property=\"og:title\" content=\"IKM Alumni im Interview \u2013 Jasmin Rodriguez - IKM-Blog\" \/>\n<meta property=\"og:description\" content=\"Wir haben Alumni unserer Weiterbildungen am IKM interviewt. In dieser Blog-Reihe erf\u00e4hrt ihr, wer hinter unseren Teilnehmenden steckt.\" \/>\n<meta property=\"og:url\" content=\"https:\/\/hub.hslu.ch\/ikm\/2023\/03\/27\/ikm-alumni-im-interview-jasmin-rodriguez\/\" \/>\n<meta property=\"og:site_name\" content=\"IKM-Blog\" \/>\n<meta property=\"article:published_time\" content=\"2023-03-27T10:52:16+00:00\" \/>\n<meta property=\"article:modified_time\" content=\"2026-02-09T13:09:42+00:00\" \/>\n<meta property=\"og:image\" content=\"https:\/\/hub.hslu.ch\/ikm\/wp-content\/blogs.dir\/489\/files\/sites\/8\/Jasmin-Rodriguez_Header.jpg\" \/>\n\t<meta property=\"og:image:width\" content=\"800\" \/>\n\t<meta property=\"og:image:height\" content=\"500\" \/>\n\t<meta property=\"og:image:type\" content=\"image\/jpeg\" \/>\n<meta name=\"author\" content=\"sandramendez\" \/>\n<meta name=\"twitter:card\" content=\"summary_large_image\" \/>\n<meta name=\"twitter:label1\" content=\"Geschrieben von\" \/>\n\t<meta name=\"twitter:data1\" content=\"sandramendez\" \/>\n\t<meta name=\"twitter:label2\" content=\"Gesch\u00e4tzte Lesezeit\" \/>\n\t<meta name=\"twitter:data2\" content=\"4\u00a0Minuten\" \/>\n<script type=\"application\/ld+json\" class=\"yoast-schema-graph\">{\"@context\":\"https:\\\/\\\/schema.org\",\"@graph\":[{\"@type\":\"Article\",\"@id\":\"https:\\\/\\\/hub.hslu.ch\\\/ikm\\\/2023\\\/03\\\/27\\\/ikm-alumni-im-interview-jasmin-rodriguez\\\/#article\",\"isPartOf\":{\"@id\":\"https:\\\/\\\/hub.hslu.ch\\\/ikm\\\/2023\\\/03\\\/27\\\/ikm-alumni-im-interview-jasmin-rodriguez\\\/\"},\"author\":{\"name\":\"sandramendez\",\"@id\":\"https:\\\/\\\/hub.hslu.ch\\\/ikm\\\/#\\\/schema\\\/person\\\/f499a20cf3ea24019b09ec0b7a32f6f3\"},\"headline\":\"IKM Alumni im Interview \u2013 Jasmin Rodriguez\",\"datePublished\":\"2023-03-27T10:52:16+00:00\",\"dateModified\":\"2026-02-09T13:09:42+00:00\",\"mainEntityOfPage\":{\"@id\":\"https:\\\/\\\/hub.hslu.ch\\\/ikm\\\/2023\\\/03\\\/27\\\/ikm-alumni-im-interview-jasmin-rodriguez\\\/\"},\"wordCount\":504,\"commentCount\":0,\"image\":{\"@id\":\"https:\\\/\\\/hub.hslu.ch\\\/ikm\\\/2023\\\/03\\\/27\\\/ikm-alumni-im-interview-jasmin-rodriguez\\\/#primaryimage\"},\"thumbnailUrl\":\"https:\\\/\\\/hub.hslu.ch\\\/ikm\\\/wp-content\\\/blogs.dir\\\/489\\\/files\\\/sites\\\/8\\\/Jasmin-Rodriguez_Header.jpg\",\"articleSection\":[\"Marketing- und Kommunikationsmanagement\",\"Weiterbildung\"],\"inLanguage\":\"de-CH\",\"potentialAction\":[{\"@type\":\"CommentAction\",\"name\":\"Comment\",\"target\":[\"https:\\\/\\\/hub.hslu.ch\\\/ikm\\\/2023\\\/03\\\/27\\\/ikm-alumni-im-interview-jasmin-rodriguez\\\/#respond\"]}]},{\"@type\":\"WebPage\",\"@id\":\"https:\\\/\\\/hub.hslu.ch\\\/ikm\\\/2023\\\/03\\\/27\\\/ikm-alumni-im-interview-jasmin-rodriguez\\\/\",\"url\":\"https:\\\/\\\/hub.hslu.ch\\\/ikm\\\/2023\\\/03\\\/27\\\/ikm-alumni-im-interview-jasmin-rodriguez\\\/\",\"name\":\"IKM Alumni im Interview \u2013 Jasmin Rodriguez - IKM-Blog\",\"isPartOf\":{\"@id\":\"https:\\\/\\\/hub.hslu.ch\\\/ikm\\\/#website\"},\"primaryImageOfPage\":{\"@id\":\"https:\\\/\\\/hub.hslu.ch\\\/ikm\\\/2023\\\/03\\\/27\\\/ikm-alumni-im-interview-jasmin-rodriguez\\\/#primaryimage\"},\"image\":{\"@id\":\"https:\\\/\\\/hub.hslu.ch\\\/ikm\\\/2023\\\/03\\\/27\\\/ikm-alumni-im-interview-jasmin-rodriguez\\\/#primaryimage\"},\"thumbnailUrl\":\"https:\\\/\\\/hub.hslu.ch\\\/ikm\\\/wp-content\\\/blogs.dir\\\/489\\\/files\\\/sites\\\/8\\\/Jasmin-Rodriguez_Header.jpg\",\"datePublished\":\"2023-03-27T10:52:16+00:00\",\"dateModified\":\"2026-02-09T13:09:42+00:00\",\"author\":{\"@id\":\"https:\\\/\\\/hub.hslu.ch\\\/ikm\\\/#\\\/schema\\\/person\\\/f499a20cf3ea24019b09ec0b7a32f6f3\"},\"description\":\"Wir haben Alumni unserer Weiterbildungen am IKM interviewt. In dieser Blog-Reihe erf\u00e4hrt ihr, wer hinter unseren Teilnehmenden steckt.\",\"breadcrumb\":{\"@id\":\"https:\\\/\\\/hub.hslu.ch\\\/ikm\\\/2023\\\/03\\\/27\\\/ikm-alumni-im-interview-jasmin-rodriguez\\\/#breadcrumb\"},\"inLanguage\":\"de-CH\",\"potentialAction\":[{\"@type\":\"ReadAction\",\"target\":[\"https:\\\/\\\/hub.hslu.ch\\\/ikm\\\/2023\\\/03\\\/27\\\/ikm-alumni-im-interview-jasmin-rodriguez\\\/\"]}]},{\"@type\":\"ImageObject\",\"inLanguage\":\"de-CH\",\"@id\":\"https:\\\/\\\/hub.hslu.ch\\\/ikm\\\/2023\\\/03\\\/27\\\/ikm-alumni-im-interview-jasmin-rodriguez\\\/#primaryimage\",\"url\":\"https:\\\/\\\/hub.hslu.ch\\\/ikm\\\/wp-content\\\/blogs.dir\\\/489\\\/files\\\/sites\\\/8\\\/Jasmin-Rodriguez_Header.jpg\",\"contentUrl\":\"https:\\\/\\\/hub.hslu.ch\\\/ikm\\\/wp-content\\\/blogs.dir\\\/489\\\/files\\\/sites\\\/8\\\/Jasmin-Rodriguez_Header.jpg\",\"width\":800,\"height\":500},{\"@type\":\"BreadcrumbList\",\"@id\":\"https:\\\/\\\/hub.hslu.ch\\\/ikm\\\/2023\\\/03\\\/27\\\/ikm-alumni-im-interview-jasmin-rodriguez\\\/#breadcrumb\",\"itemListElement\":[{\"@type\":\"ListItem\",\"position\":1,\"name\":\"Home\",\"item\":\"https:\\\/\\\/hub.hslu.ch\\\/ikm\\\/\"},{\"@type\":\"ListItem\",\"position\":2,\"name\":\"IKM Alumni im Interview \u2013 Jasmin Rodriguez\"}]},{\"@type\":\"WebSite\",\"@id\":\"https:\\\/\\\/hub.hslu.ch\\\/ikm\\\/#website\",\"url\":\"https:\\\/\\\/hub.hslu.ch\\\/ikm\\\/\",\"name\":\"IKM-Blog\",\"description\":\"Kommunikation und Marketing an der Hochschule Luzern \u2013 Wirtschaft\",\"potentialAction\":[{\"@type\":\"SearchAction\",\"target\":{\"@type\":\"EntryPoint\",\"urlTemplate\":\"https:\\\/\\\/hub.hslu.ch\\\/ikm\\\/?s={search_term_string}\"},\"query-input\":{\"@type\":\"PropertyValueSpecification\",\"valueRequired\":true,\"valueName\":\"search_term_string\"}}],\"inLanguage\":\"de-CH\"},{\"@type\":\"Person\",\"@id\":\"https:\\\/\\\/hub.hslu.ch\\\/ikm\\\/#\\\/schema\\\/person\\\/f499a20cf3ea24019b09ec0b7a32f6f3\",\"name\":\"sandramendez\"}]}<\/script>\n<!-- \/ Yoast SEO plugin. -->","yoast_head_json":{"title":"IKM Alumni im Interview \u2013 Jasmin Rodriguez - IKM-Blog","description":"Wir haben Alumni unserer Weiterbildungen am IKM interviewt. In dieser Blog-Reihe erf\u00e4hrt ihr, wer hinter unseren Teilnehmenden steckt.","robots":{"index":"index","follow":"follow","max-snippet":"max-snippet:-1","max-image-preview":"max-image-preview:large","max-video-preview":"max-video-preview:-1"},"canonical":"https:\/\/hub.hslu.ch\/ikm\/2023\/03\/27\/ikm-alumni-im-interview-jasmin-rodriguez\/","og_locale":"de_DE","og_type":"article","og_title":"IKM Alumni im Interview \u2013 Jasmin Rodriguez - IKM-Blog","og_description":"Wir haben Alumni unserer Weiterbildungen am IKM interviewt. In dieser Blog-Reihe erf\u00e4hrt ihr, wer hinter unseren Teilnehmenden steckt.","og_url":"https:\/\/hub.hslu.ch\/ikm\/2023\/03\/27\/ikm-alumni-im-interview-jasmin-rodriguez\/","og_site_name":"IKM-Blog","article_published_time":"2023-03-27T10:52:16+00:00","article_modified_time":"2026-02-09T13:09:42+00:00","og_image":[{"width":800,"height":500,"url":"https:\/\/hub.hslu.ch\/ikm\/wp-content\/blogs.dir\/489\/files\/sites\/8\/Jasmin-Rodriguez_Header.jpg","type":"image\/jpeg"}],"author":"sandramendez","twitter_card":"summary_large_image","twitter_misc":{"Geschrieben von":"sandramendez","Gesch\u00e4tzte Lesezeit":"4\u00a0Minuten"},"schema":{"@context":"https:\/\/schema.org","@graph":[{"@type":"Article","@id":"https:\/\/hub.hslu.ch\/ikm\/2023\/03\/27\/ikm-alumni-im-interview-jasmin-rodriguez\/#article","isPartOf":{"@id":"https:\/\/hub.hslu.ch\/ikm\/2023\/03\/27\/ikm-alumni-im-interview-jasmin-rodriguez\/"},"author":{"name":"sandramendez","@id":"https:\/\/hub.hslu.ch\/ikm\/#\/schema\/person\/f499a20cf3ea24019b09ec0b7a32f6f3"},"headline":"IKM Alumni im Interview \u2013 Jasmin Rodriguez","datePublished":"2023-03-27T10:52:16+00:00","dateModified":"2026-02-09T13:09:42+00:00","mainEntityOfPage":{"@id":"https:\/\/hub.hslu.ch\/ikm\/2023\/03\/27\/ikm-alumni-im-interview-jasmin-rodriguez\/"},"wordCount":504,"commentCount":0,"image":{"@id":"https:\/\/hub.hslu.ch\/ikm\/2023\/03\/27\/ikm-alumni-im-interview-jasmin-rodriguez\/#primaryimage"},"thumbnailUrl":"https:\/\/hub.hslu.ch\/ikm\/wp-content\/blogs.dir\/489\/files\/sites\/8\/Jasmin-Rodriguez_Header.jpg","articleSection":["Marketing- und Kommunikationsmanagement","Weiterbildung"],"inLanguage":"de-CH","potentialAction":[{"@type":"CommentAction","name":"Comment","target":["https:\/\/hub.hslu.ch\/ikm\/2023\/03\/27\/ikm-alumni-im-interview-jasmin-rodriguez\/#respond"]}]},{"@type":"WebPage","@id":"https:\/\/hub.hslu.ch\/ikm\/2023\/03\/27\/ikm-alumni-im-interview-jasmin-rodriguez\/","url":"https:\/\/hub.hslu.ch\/ikm\/2023\/03\/27\/ikm-alumni-im-interview-jasmin-rodriguez\/","name":"IKM Alumni im Interview \u2013 Jasmin Rodriguez - IKM-Blog","isPartOf":{"@id":"https:\/\/hub.hslu.ch\/ikm\/#website"},"primaryImageOfPage":{"@id":"https:\/\/hub.hslu.ch\/ikm\/2023\/03\/27\/ikm-alumni-im-interview-jasmin-rodriguez\/#primaryimage"},"image":{"@id":"https:\/\/hub.hslu.ch\/ikm\/2023\/03\/27\/ikm-alumni-im-interview-jasmin-rodriguez\/#primaryimage"},"thumbnailUrl":"https:\/\/hub.hslu.ch\/ikm\/wp-content\/blogs.dir\/489\/files\/sites\/8\/Jasmin-Rodriguez_Header.jpg","datePublished":"2023-03-27T10:52:16+00:00","dateModified":"2026-02-09T13:09:42+00:00","author":{"@id":"https:\/\/hub.hslu.ch\/ikm\/#\/schema\/person\/f499a20cf3ea24019b09ec0b7a32f6f3"},"description":"Wir haben Alumni unserer Weiterbildungen am IKM interviewt. In dieser Blog-Reihe erf\u00e4hrt ihr, wer hinter unseren Teilnehmenden steckt.","breadcrumb":{"@id":"https:\/\/hub.hslu.ch\/ikm\/2023\/03\/27\/ikm-alumni-im-interview-jasmin-rodriguez\/#breadcrumb"},"inLanguage":"de-CH","potentialAction":[{"@type":"ReadAction","target":["https:\/\/hub.hslu.ch\/ikm\/2023\/03\/27\/ikm-alumni-im-interview-jasmin-rodriguez\/"]}]},{"@type":"ImageObject","inLanguage":"de-CH","@id":"https:\/\/hub.hslu.ch\/ikm\/2023\/03\/27\/ikm-alumni-im-interview-jasmin-rodriguez\/#primaryimage","url":"https:\/\/hub.hslu.ch\/ikm\/wp-content\/blogs.dir\/489\/files\/sites\/8\/Jasmin-Rodriguez_Header.jpg","contentUrl":"https:\/\/hub.hslu.ch\/ikm\/wp-content\/blogs.dir\/489\/files\/sites\/8\/Jasmin-Rodriguez_Header.jpg","width":800,"height":500},{"@type":"BreadcrumbList","@id":"https:\/\/hub.hslu.ch\/ikm\/2023\/03\/27\/ikm-alumni-im-interview-jasmin-rodriguez\/#breadcrumb","itemListElement":[{"@type":"ListItem","position":1,"name":"Home","item":"https:\/\/hub.hslu.ch\/ikm\/"},{"@type":"ListItem","position":2,"name":"IKM Alumni im Interview \u2013 Jasmin Rodriguez"}]},{"@type":"WebSite","@id":"https:\/\/hub.hslu.ch\/ikm\/#website","url":"https:\/\/hub.hslu.ch\/ikm\/","name":"IKM-Blog","description":"Kommunikation und Marketing an der Hochschule Luzern \u2013 Wirtschaft","potentialAction":[{"@type":"SearchAction","target":{"@type":"EntryPoint","urlTemplate":"https:\/\/hub.hslu.ch\/ikm\/?s={search_term_string}"},"query-input":{"@type":"PropertyValueSpecification","valueRequired":true,"valueName":"search_term_string"}}],"inLanguage":"de-CH"},{"@type":"Person","@id":"https:\/\/hub.hslu.ch\/ikm\/#\/schema\/person\/f499a20cf3ea24019b09ec0b7a32f6f3","name":"sandramendez"}]}},"featured_image_src":"https:\/\/hub.hslu.ch\/ikm\/wp-content\/blogs.dir\/489\/files\/sites\/8\/Jasmin-Rodriguez_Header.jpg","featured_image_src_square":"https:\/\/hub.hslu.ch\/ikm\/wp-content\/blogs.dir\/489\/files\/sites\/8\/Jasmin-Rodriguez_Header.jpg","author_info":{"display_name":"sandramendez","author_link":"https:\/\/hub.hslu.ch\/ikm\/author\/sandramendez\/"},"_links":{"self":[{"href":"https:\/\/hub.hslu.ch\/ikm\/wp-json\/wp\/v2\/posts\/19522","targetHints":{"allow":["GET"]}}],"collection":[{"href":"https:\/\/hub.hslu.ch\/ikm\/wp-json\/wp\/v2\/posts"}],"about":[{"href":"https:\/\/hub.hslu.ch\/ikm\/wp-json\/wp\/v2\/types\/post"}],"author":[{"embeddable":true,"href":"https:\/\/hub.hslu.ch\/ikm\/wp-json\/wp\/v2\/users\/247"}],"replies":[{"embeddable":true,"href":"https:\/\/hub.hslu.ch\/ikm\/wp-json\/wp\/v2\/comments?post=19522"}],"version-history":[{"count":11,"href":"https:\/\/hub.hslu.ch\/ikm\/wp-json\/wp\/v2\/posts\/19522\/revisions"}],"predecessor-version":[{"id":24369,"href":"https:\/\/hub.hslu.ch\/ikm\/wp-json\/wp\/v2\/posts\/19522\/revisions\/24369"}],"wp:featuredmedia":[{"embeddable":true,"href":"https:\/\/hub.hslu.ch\/ikm\/wp-json\/wp\/v2\/media\/19528"}],"wp:attachment":[{"href":"https:\/\/hub.hslu.ch\/ikm\/wp-json\/wp\/v2\/media?parent=19522"}],"wp:term":[{"taxonomy":"category","embeddable":true,"href":"https:\/\/hub.hslu.ch\/ikm\/wp-json\/wp\/v2\/categories?post=19522"},{"taxonomy":"post_tag","embeddable":true,"href":"https:\/\/hub.hslu.ch\/ikm\/wp-json\/wp\/v2\/tags?post=19522"}],"curies":[{"name":"wp","href":"https:\/\/api.w.org\/{rel}","templated":true}]}}