{"id":19639,"date":"2023-02-23T12:52:07","date_gmt":"2023-02-23T11:52:07","guid":{"rendered":"https:\/\/hub.hslu.ch\/ikm\/?p=19639"},"modified":"2026-02-09T14:10:29","modified_gmt":"2026-02-09T13:10:29","slug":"ikm-alumni-im-interview-orlando-campo","status":"publish","type":"post","link":"https:\/\/hub.hslu.ch\/ikm\/2023\/02\/23\/ikm-alumni-im-interview-orlando-campo\/","title":{"rendered":"IKM Alumni im Interview \u2013 Orlando Campo"},"content":{"rendered":"\n<h2 class=\"wp-block-heading\">Wer bist du?<\/h2>\n\n\n\n<p>Hallo, ich heisse Orlando Campo, bin 40 und mich zeichnet v.a meine Internationalit\u00e4t aus \ud83d\ude09 \u2026urspr\u00fcnglich komme ich aus Kolumbien, wohne aber seit Ende 2007 in Europa. Die ersten zwei Jahren lebte ich in Deutschland, danach haupts\u00e4chlich in der Schweiz. Zwischendurch war ich ein paar Monate in der UK. Mittlerweile bin ich sogar Schweizer geworden, was ich sehr sch\u00f6n finde. In meiner Freizeit bin ich gerne mit meiner Familie draussen in der Natur.<\/p>\n\n\n\n<h2 class=\"wp-block-heading\">Weshalb hast du dich dazu entschieden, eine Weiterbildung zu besuchen?<\/h2>\n\n\n\n<p>Damals als ich noch in Kolumbien lebte, setzte ich mir das Ziel in der internationalen Sport-Industrie zu arbeiten.&nbsp; Meine Leidenschaft f\u00fcr Sportprodukte kam daher, da ich ein ehemaliger Radsportprofi in Velo Trial bin und ausserdem immer meine Freizeit in den Bergen (\u00fc. 4000) Kolumbiens verbrachte.<\/p>\n\n\n\n<p>Mit diesem Ziel kam ich nach Europa, lernte Deutsch und absolvierte zuerst ein Master in Product Design und Innovation in Z\u00fcrich, wo ich den Fokus auf die kundenzentrierte Entwicklung von Sportprodukten durch die Anwendung vom Design Thinking setzte.&nbsp; Dieser Weg hat mich im Design sehr weit gebracht. Dabei sammelte ich sehr wertvolle Berufserfahrung in unterschiedlichen Branchen, wie z.B. in der Medtech-Industrie bei einem Start-up, oder in der Baubranche, wo ich am Schluss bei Hilti als Product Designer arbeitete. Dabei kam ich aber nicht wirklich im Ziel an, da ich die Sport-Industrie nur mit einigen Freelance-Designsauftr\u00e4gen tangieren konnte.<\/p>\n\n\n\n<p>Es war aber bei Hilti, wo ich die Funktion des Product Managers kennenlernte. Fasziniert hat mich v.a. die Vielseitigkeit der Rolle. Als Product Manager ist man in vielen Bereichen eines Unternehmens aktiv involviert. Aus diesem Grund entschied ich mich, meinen ersten <a href=\"https:\/\/www.hslu.ch\/de-ch\/wirtschaft\/weiterbildung\/cas\/ikm\/product-management-and-marketing\/\" target=\"_blank\" rel=\"noreferrer noopener\">CAS Product Management and Marketing<\/a> am IKM zu absolvieren. Anschliessend startete ich bei Mammut Sports Group AG. Zuerst war ich als Junior Product Manager und zuletzt als Senior Global Product Manager t\u00e4tigt. Parallel dazu leitete ich als Lean Project Manager bereichs\u00fcbergreifende operative und strategische Projekte im Rahmen des \u00abBEX\u00bb Business Excellence Programms.<\/p>\n\n\n\n<p>Mit der kundenzentrierten, digitalen Transformation von Mammut kam f\u00fcr mich die M\u00f6glichkeit, immer mehr im Bereich des Digital Marketing und Kommunikation Verantwortung zu \u00fcbernehmen. Die Komplexit\u00e4t und Herausforderungen, sowie die unz\u00e4hligen M\u00f6glichkeiten der digitalen Welt haben mich einfach fasziniert. Diese Faszination hat mich dazu bewegt weitere CAS, wie den <a href=\"https:\/\/www.hslu.ch\/de-ch\/wirtschaft\/weiterbildung\/cas\/ikm\/e-commerce-management\/\" target=\"_blank\" rel=\"noreferrer noopener\">CAS E-Commerce Management<\/a>&nbsp;sowie den <a href=\"https:\/\/www.hslu.ch\/de-ch\/wirtschaft\/weiterbildung\/cas\/ikm\/digital-customer-experience\/\" target=\"_blank\" rel=\"noreferrer noopener\">CAS Digital Customer Experience<\/a> zu besuchen. Daf\u00fcr reduzierte ich mein Arbeitspensum auf 80%. <\/p>\n\n\n\n<p>Mit dem Ziel meine Erfahrung im Bereich der kundenzentrierten Entwicklung von digitalen Produkten oder Services und des Customer Experience Managements zu vertiefen, entschied ich mich, den <a href=\"https:\/\/www.hslu.ch\/de-ch\/wirtschaft\/weiterbildung\/mas\/ikm\/digital-marketing-and-communication-management\/#?filters=108\" target=\"_blank\" rel=\"noreferrer noopener\">MAS Digital Marketing and Communication<\/a> abzuschliessen. Diese M\u00f6glichkeit nutzte ich, um eine neue Branche kennenzulernen und schrieb meine Masterarbeit f\u00fcr Die Schweizerische Mobiliar Versicherungsgesellschaft AG. F\u00fcr die Digital Business Unit der Versicherung erarbeitete ich Handlungsempfehlungen zur Verbesserung der Customer Journey und Serviceangebote (Online &amp; Offline) f\u00fcr KMUs. Dabei gelang es mir, mit der besten Masterarbeit sowie der besten m\u00fcndlichen Pr\u00fcfung des zweiten Halbjahres 2022 abzuschliessen.<\/p>\n\n\n\n<figure class=\"wp-block-image is-resized\"><img loading=\"lazy\" decoding=\"async\" width=\"702\" height=\"468\" src=\"https:\/\/hub.hslu.ch\/ikm\/wp-content\/blogs.dir\/489\/files\/sites\/8\/Orlando-Campo-702x468.jpeg\" alt=\"\" class=\"wp-image-19642\" style=\"width:362px;height:241px\" srcset=\"https:\/\/hub.hslu.ch\/ikm\/wp-content\/blogs.dir\/489\/files\/sites\/8\/Orlando-Campo-702x468.jpeg 702w, https:\/\/hub.hslu.ch\/ikm\/wp-content\/blogs.dir\/489\/files\/sites\/8\/Orlando-Campo-300x200.jpeg 300w, https:\/\/hub.hslu.ch\/ikm\/wp-content\/blogs.dir\/489\/files\/sites\/8\/Orlando-Campo-768x512.jpeg 768w, https:\/\/hub.hslu.ch\/ikm\/wp-content\/blogs.dir\/489\/files\/sites\/8\/Orlando-Campo-600x400.jpeg 600w, https:\/\/hub.hslu.ch\/ikm\/wp-content\/blogs.dir\/489\/files\/sites\/8\/Orlando-Campo-928x619.jpeg 928w, https:\/\/hub.hslu.ch\/ikm\/wp-content\/blogs.dir\/489\/files\/sites\/8\/Orlando-Campo.jpeg 1085w\" sizes=\"auto, (max-width: 702px) 100vw, 702px\" \/><figcaption class=\"wp-element-caption\"><strong>Orlando Campo<\/strong><br>Absolvent des MAS Digital Marketing and Communication und auf der Suche nach einer neuen Herausforderung<\/figcaption><\/figure>\n\n\n\n<h2 class=\"wp-block-heading\">Weshalb hast du dich f\u00fcr das IKM entschieden?<\/h2>\n\n\n\n<p>Als ich nach einer Weiterbildung im Bereich Product Management und Marketing gesucht habe, fand ich einige interessante Angebote. Die HSLU hat mich v.a. angesprochen, da der CAS dort nicht nur breit, sondern auch bei den wichtigsten Themen in die Tiefe ging, z.B. Produktstrategie, Pricing, kundenorientierte Produktentwicklung sowie Portfolio Management \u2013 kurz gesagt, es war sehr intensiv. Das hat mir nicht nur bei diesem CAS, sondern bei den weiteren zwei CAS am besten gefallen \ud83d\ude09<\/p>\n\n\n\n<h2 class=\"wp-block-heading\">Wo arbeitest du heute?<\/h2>\n\n\n\n<p>Nachdem ich mit meiner Arbeit bei Mammut mein Ziel, in der internationalen Sport-Industrie zu arbeiten, erreicht hatte, hatte ich Lust, etwas Neues zu machen. Deshalb habe ich auf Januar letzten Jahres gek\u00fcndigt und ein Jahr Sabbatical gemacht. Der Ausl\u00f6ser f\u00fcr die Entscheidung war die Geburt unserer Tochter im Februar 2022. Die Zeit nutzte ich f\u00fcr meine Familie und um den <a href=\"https:\/\/www.hslu.ch\/de-ch\/wirtschaft\/weiterbildung\/mas\/ikm\/digital-marketing-and-communication-management\/#?filters=108\" target=\"_blank\" rel=\"noreferrer noopener\">MAS Digital Marketing and Communication Management<\/a> abzuschliessen. <\/p>\n\n\n\n<p>Derzeit suche ich eine neue Herausforderung im Bereich Product- und Projektmanagement, wo ich innovative kundenzentrierte digitale Produkte oder Services durch meine Erfahrung in Design Thinking und Customer Experience Management erfolgreich entwickeln und auf dem Markt positionieren m\u00f6chte.<\/p>\n\n\n\n<h2 class=\"wp-block-heading\">Was kannst du aus der Weiterbildung in deinen Berufsalltag mitnehmen?<\/h2>\n\n\n\n<p>Ich h\u00e4tte viele Beispiele, da die Weiterbildung sehr praxisorientiert ist. Ein gutes Beispiel bezieht sich auf die Anwendung der Sequential-Incident-Laddering-Technik (SILT), die ich in meiner Masterarbeit eingesetzt habe. Die Anwendung der Technik wurde mir von Prof. Dr. Nils Hafner, Dozent an der HSLU empfohlen. Er hat meine Masterarbeit betreut und evaluiert.&nbsp;<\/p>\n\n\n\n<p>Dank dieser Technik war ich in der Lage die Customer Journey einer KMU beim Abschluss einer Betriebshaftpflichtversicherung und die f\u00fcr \u00abDie Mobiliar\u00bb relevanten Touchpoints entlang der Journey sehr detailliert und exakt zu definieren. Nachdem die Customer Journey aus Kundenperspektive in diesem Granulierungsgrad abgebildet ist, ist es sehr einfach Verbesserungen in der Customer Journey zu definieren, sowie digitale Produkte oder Services zu entwickeln, die auf die Bed\u00fcrfnisse der Kundschaft zugeschnitten sind.<\/p>\n\n\n\n<h2 class=\"wp-block-heading\">Kannst du deinen Mehrwert vom Peer to Peer Learning beschreiben?<\/h2>\n\n\n\n<p>Auf jeden Fall. F\u00fcr mich war die M\u00f6glichkeit besonders wertvoll, bei vielen spannenden Gruppenarbeiten mitgemacht zu haben und dabei top talentierte Menschen und sehr spannende Branchen kennen zu lernen. Der Mehrwert ist f\u00fcr mich klar die Erweiterung meines professionellen Netzwerks, sowie der Abschluss guter Freundschaften. Zum Beispiel wurde der Kontakt zu \u00abDie Mobiliar\u00bb f\u00fcr meine Masterarbeit durch eine Studienkollegin erstellt, die im Bereich der Business Transformation dort Projekte leitet.<\/p>\n\n\n\n<p><strong>Interessiert zu erfahren was andere Alumni gesagt haben? Hier geht\u2019s zum&nbsp;<\/strong><a href=\"https:\/\/hub.hslu.ch\/ikm\/2023\/01\/17\/ikm-alumni-im-interview-christina-schneider\/\" target=\"_blank\" rel=\"noreferrer noopener\"><strong>achten Teil<\/strong>.<\/a><\/p>\n","protected":false},"excerpt":{"rendered":"<p>Das Weiterbildungsangebot am Institut f\u00fcr Kommunikation und Marketing IKM umfasst aktuell drei MAS-Programme, 15 CAS sowie 11 Weiterbildungskurse. Wir haben Alumni unserer Weiterbildungen interviewt. In dieser Blog-Reihe erf\u00e4hrt ihr, wer hinter unseren Teilnehmenden steckt, was sie dazu bewogen hat eine Weiterbildung am IKM zu machen und wie sie davon profitieren. Im neunten Teil haben wir Orlando Campo interviewt.<\/p>\n","protected":false},"author":247,"featured_media":19644,"comment_status":"open","ping_status":"open","sticky":false,"template":"","format":"standard","meta":{"_acf_changed":false,"inline_featured_image":false,"_relevanssi_hide_post":"","_relevanssi_hide_content":"","_relevanssi_pin_for_all":"","_relevanssi_pin_keywords":"","_relevanssi_unpin_keywords":"","_relevanssi_related_keywords":"","_relevanssi_related_include_ids":"","_relevanssi_related_exclude_ids":"","_relevanssi_related_no_append":"","_relevanssi_related_not_related":"","_relevanssi_related_posts":"11302,7361,18010,11348,11901,10583","_relevanssi_noindex_reason":"","footnotes":"","_links_to":"","_links_to_target":""},"categories":[66956,19461,86671,4668],"tags":[],"class_list":["post-19639","post","type-post","status-publish","format-standard","has-post-thumbnail","hentry","category-customer-experience","category-e-commerce","category-marketing-und-kommunikationsmanagement","category-weiterbildung"],"acf":[],"yoast_head":"<!-- This site is optimized with the Yoast SEO plugin v27.4 - https:\/\/yoast.com\/product\/yoast-seo-wordpress\/ -->\n<title>IKM Alumni im Interview \u2013 Orlando Campo - IKM-Blog<\/title>\n<meta name=\"description\" content=\"Wir haben Alumni unserer Weiterbildungen am IKM interviewt. In dieser Blog-Reihe erf\u00e4hrt ihr, wer hinter unseren Teilnehmenden steckt.\" \/>\n<meta name=\"robots\" content=\"index, follow, max-snippet:-1, max-image-preview:large, max-video-preview:-1\" \/>\n<link rel=\"canonical\" href=\"https:\/\/hub.hslu.ch\/ikm\/2023\/02\/23\/ikm-alumni-im-interview-orlando-campo\/\" \/>\n<meta property=\"og:locale\" content=\"de_DE\" \/>\n<meta property=\"og:type\" content=\"article\" \/>\n<meta property=\"og:title\" content=\"IKM Alumni im Interview \u2013 Orlando Campo - IKM-Blog\" \/>\n<meta property=\"og:description\" content=\"Wir haben Alumni unserer Weiterbildungen am IKM interviewt. In dieser Blog-Reihe erf\u00e4hrt ihr, wer hinter unseren Teilnehmenden steckt.\" \/>\n<meta property=\"og:url\" content=\"https:\/\/hub.hslu.ch\/ikm\/2023\/02\/23\/ikm-alumni-im-interview-orlando-campo\/\" \/>\n<meta property=\"og:site_name\" content=\"IKM-Blog\" \/>\n<meta property=\"article:published_time\" content=\"2023-02-23T11:52:07+00:00\" \/>\n<meta property=\"article:modified_time\" content=\"2026-02-09T13:10:29+00:00\" \/>\n<meta property=\"og:image\" content=\"https:\/\/hub.hslu.ch\/ikm\/wp-content\/blogs.dir\/489\/files\/sites\/8\/Header_Orlando-Campo.jpeg\" \/>\n\t<meta property=\"og:image:width\" content=\"1085\" \/>\n\t<meta property=\"og:image:height\" content=\"724\" \/>\n\t<meta property=\"og:image:type\" content=\"image\/jpeg\" \/>\n<meta name=\"author\" content=\"sandramendez\" \/>\n<meta name=\"twitter:card\" content=\"summary_large_image\" \/>\n<meta name=\"twitter:label1\" content=\"Geschrieben von\" \/>\n\t<meta name=\"twitter:data1\" content=\"sandramendez\" \/>\n\t<meta name=\"twitter:label2\" content=\"Gesch\u00e4tzte Lesezeit\" \/>\n\t<meta name=\"twitter:data2\" content=\"6\u00a0Minuten\" \/>\n<script type=\"application\/ld+json\" class=\"yoast-schema-graph\">{\"@context\":\"https:\\\/\\\/schema.org\",\"@graph\":[{\"@type\":\"Article\",\"@id\":\"https:\\\/\\\/hub.hslu.ch\\\/ikm\\\/2023\\\/02\\\/23\\\/ikm-alumni-im-interview-orlando-campo\\\/#article\",\"isPartOf\":{\"@id\":\"https:\\\/\\\/hub.hslu.ch\\\/ikm\\\/2023\\\/02\\\/23\\\/ikm-alumni-im-interview-orlando-campo\\\/\"},\"author\":{\"name\":\"sandramendez\",\"@id\":\"https:\\\/\\\/hub.hslu.ch\\\/ikm\\\/#\\\/schema\\\/person\\\/f499a20cf3ea24019b09ec0b7a32f6f3\"},\"headline\":\"IKM Alumni im Interview \u2013 Orlando Campo\",\"datePublished\":\"2023-02-23T11:52:07+00:00\",\"dateModified\":\"2026-02-09T13:10:29+00:00\",\"mainEntityOfPage\":{\"@id\":\"https:\\\/\\\/hub.hslu.ch\\\/ikm\\\/2023\\\/02\\\/23\\\/ikm-alumni-im-interview-orlando-campo\\\/\"},\"wordCount\":952,\"commentCount\":0,\"image\":{\"@id\":\"https:\\\/\\\/hub.hslu.ch\\\/ikm\\\/2023\\\/02\\\/23\\\/ikm-alumni-im-interview-orlando-campo\\\/#primaryimage\"},\"thumbnailUrl\":\"https:\\\/\\\/hub.hslu.ch\\\/ikm\\\/wp-content\\\/blogs.dir\\\/489\\\/files\\\/sites\\\/8\\\/Header_Orlando-Campo.jpeg\",\"articleSection\":[\"Customer Experience\",\"E-Commerce\",\"Marketing- und Kommunikationsmanagement\",\"Weiterbildung\"],\"inLanguage\":\"de-CH\",\"potentialAction\":[{\"@type\":\"CommentAction\",\"name\":\"Comment\",\"target\":[\"https:\\\/\\\/hub.hslu.ch\\\/ikm\\\/2023\\\/02\\\/23\\\/ikm-alumni-im-interview-orlando-campo\\\/#respond\"]}]},{\"@type\":\"WebPage\",\"@id\":\"https:\\\/\\\/hub.hslu.ch\\\/ikm\\\/2023\\\/02\\\/23\\\/ikm-alumni-im-interview-orlando-campo\\\/\",\"url\":\"https:\\\/\\\/hub.hslu.ch\\\/ikm\\\/2023\\\/02\\\/23\\\/ikm-alumni-im-interview-orlando-campo\\\/\",\"name\":\"IKM Alumni im Interview \u2013 Orlando Campo - IKM-Blog\",\"isPartOf\":{\"@id\":\"https:\\\/\\\/hub.hslu.ch\\\/ikm\\\/#website\"},\"primaryImageOfPage\":{\"@id\":\"https:\\\/\\\/hub.hslu.ch\\\/ikm\\\/2023\\\/02\\\/23\\\/ikm-alumni-im-interview-orlando-campo\\\/#primaryimage\"},\"image\":{\"@id\":\"https:\\\/\\\/hub.hslu.ch\\\/ikm\\\/2023\\\/02\\\/23\\\/ikm-alumni-im-interview-orlando-campo\\\/#primaryimage\"},\"thumbnailUrl\":\"https:\\\/\\\/hub.hslu.ch\\\/ikm\\\/wp-content\\\/blogs.dir\\\/489\\\/files\\\/sites\\\/8\\\/Header_Orlando-Campo.jpeg\",\"datePublished\":\"2023-02-23T11:52:07+00:00\",\"dateModified\":\"2026-02-09T13:10:29+00:00\",\"author\":{\"@id\":\"https:\\\/\\\/hub.hslu.ch\\\/ikm\\\/#\\\/schema\\\/person\\\/f499a20cf3ea24019b09ec0b7a32f6f3\"},\"description\":\"Wir haben Alumni unserer Weiterbildungen am IKM interviewt. In dieser Blog-Reihe erf\u00e4hrt ihr, wer hinter unseren Teilnehmenden steckt.\",\"breadcrumb\":{\"@id\":\"https:\\\/\\\/hub.hslu.ch\\\/ikm\\\/2023\\\/02\\\/23\\\/ikm-alumni-im-interview-orlando-campo\\\/#breadcrumb\"},\"inLanguage\":\"de-CH\",\"potentialAction\":[{\"@type\":\"ReadAction\",\"target\":[\"https:\\\/\\\/hub.hslu.ch\\\/ikm\\\/2023\\\/02\\\/23\\\/ikm-alumni-im-interview-orlando-campo\\\/\"]}]},{\"@type\":\"ImageObject\",\"inLanguage\":\"de-CH\",\"@id\":\"https:\\\/\\\/hub.hslu.ch\\\/ikm\\\/2023\\\/02\\\/23\\\/ikm-alumni-im-interview-orlando-campo\\\/#primaryimage\",\"url\":\"https:\\\/\\\/hub.hslu.ch\\\/ikm\\\/wp-content\\\/blogs.dir\\\/489\\\/files\\\/sites\\\/8\\\/Header_Orlando-Campo.jpeg\",\"contentUrl\":\"https:\\\/\\\/hub.hslu.ch\\\/ikm\\\/wp-content\\\/blogs.dir\\\/489\\\/files\\\/sites\\\/8\\\/Header_Orlando-Campo.jpeg\",\"width\":1085,\"height\":724},{\"@type\":\"BreadcrumbList\",\"@id\":\"https:\\\/\\\/hub.hslu.ch\\\/ikm\\\/2023\\\/02\\\/23\\\/ikm-alumni-im-interview-orlando-campo\\\/#breadcrumb\",\"itemListElement\":[{\"@type\":\"ListItem\",\"position\":1,\"name\":\"Home\",\"item\":\"https:\\\/\\\/hub.hslu.ch\\\/ikm\\\/\"},{\"@type\":\"ListItem\",\"position\":2,\"name\":\"IKM Alumni im Interview \u2013 Orlando Campo\"}]},{\"@type\":\"WebSite\",\"@id\":\"https:\\\/\\\/hub.hslu.ch\\\/ikm\\\/#website\",\"url\":\"https:\\\/\\\/hub.hslu.ch\\\/ikm\\\/\",\"name\":\"IKM-Blog\",\"description\":\"Kommunikation und Marketing an der Hochschule Luzern \u2013 Wirtschaft\",\"potentialAction\":[{\"@type\":\"SearchAction\",\"target\":{\"@type\":\"EntryPoint\",\"urlTemplate\":\"https:\\\/\\\/hub.hslu.ch\\\/ikm\\\/?s={search_term_string}\"},\"query-input\":{\"@type\":\"PropertyValueSpecification\",\"valueRequired\":true,\"valueName\":\"search_term_string\"}}],\"inLanguage\":\"de-CH\"},{\"@type\":\"Person\",\"@id\":\"https:\\\/\\\/hub.hslu.ch\\\/ikm\\\/#\\\/schema\\\/person\\\/f499a20cf3ea24019b09ec0b7a32f6f3\",\"name\":\"sandramendez\"}]}<\/script>\n<!-- \/ Yoast SEO plugin. -->","yoast_head_json":{"title":"IKM Alumni im Interview \u2013 Orlando Campo - IKM-Blog","description":"Wir haben Alumni unserer Weiterbildungen am IKM interviewt. In dieser Blog-Reihe erf\u00e4hrt ihr, wer hinter unseren Teilnehmenden steckt.","robots":{"index":"index","follow":"follow","max-snippet":"max-snippet:-1","max-image-preview":"max-image-preview:large","max-video-preview":"max-video-preview:-1"},"canonical":"https:\/\/hub.hslu.ch\/ikm\/2023\/02\/23\/ikm-alumni-im-interview-orlando-campo\/","og_locale":"de_DE","og_type":"article","og_title":"IKM Alumni im Interview \u2013 Orlando Campo - IKM-Blog","og_description":"Wir haben Alumni unserer Weiterbildungen am IKM interviewt. In dieser Blog-Reihe erf\u00e4hrt ihr, wer hinter unseren Teilnehmenden steckt.","og_url":"https:\/\/hub.hslu.ch\/ikm\/2023\/02\/23\/ikm-alumni-im-interview-orlando-campo\/","og_site_name":"IKM-Blog","article_published_time":"2023-02-23T11:52:07+00:00","article_modified_time":"2026-02-09T13:10:29+00:00","og_image":[{"width":1085,"height":724,"url":"https:\/\/hub.hslu.ch\/ikm\/wp-content\/blogs.dir\/489\/files\/sites\/8\/Header_Orlando-Campo.jpeg","type":"image\/jpeg"}],"author":"sandramendez","twitter_card":"summary_large_image","twitter_misc":{"Geschrieben von":"sandramendez","Gesch\u00e4tzte Lesezeit":"6\u00a0Minuten"},"schema":{"@context":"https:\/\/schema.org","@graph":[{"@type":"Article","@id":"https:\/\/hub.hslu.ch\/ikm\/2023\/02\/23\/ikm-alumni-im-interview-orlando-campo\/#article","isPartOf":{"@id":"https:\/\/hub.hslu.ch\/ikm\/2023\/02\/23\/ikm-alumni-im-interview-orlando-campo\/"},"author":{"name":"sandramendez","@id":"https:\/\/hub.hslu.ch\/ikm\/#\/schema\/person\/f499a20cf3ea24019b09ec0b7a32f6f3"},"headline":"IKM Alumni im Interview \u2013 Orlando Campo","datePublished":"2023-02-23T11:52:07+00:00","dateModified":"2026-02-09T13:10:29+00:00","mainEntityOfPage":{"@id":"https:\/\/hub.hslu.ch\/ikm\/2023\/02\/23\/ikm-alumni-im-interview-orlando-campo\/"},"wordCount":952,"commentCount":0,"image":{"@id":"https:\/\/hub.hslu.ch\/ikm\/2023\/02\/23\/ikm-alumni-im-interview-orlando-campo\/#primaryimage"},"thumbnailUrl":"https:\/\/hub.hslu.ch\/ikm\/wp-content\/blogs.dir\/489\/files\/sites\/8\/Header_Orlando-Campo.jpeg","articleSection":["Customer Experience","E-Commerce","Marketing- und Kommunikationsmanagement","Weiterbildung"],"inLanguage":"de-CH","potentialAction":[{"@type":"CommentAction","name":"Comment","target":["https:\/\/hub.hslu.ch\/ikm\/2023\/02\/23\/ikm-alumni-im-interview-orlando-campo\/#respond"]}]},{"@type":"WebPage","@id":"https:\/\/hub.hslu.ch\/ikm\/2023\/02\/23\/ikm-alumni-im-interview-orlando-campo\/","url":"https:\/\/hub.hslu.ch\/ikm\/2023\/02\/23\/ikm-alumni-im-interview-orlando-campo\/","name":"IKM Alumni im Interview \u2013 Orlando Campo - IKM-Blog","isPartOf":{"@id":"https:\/\/hub.hslu.ch\/ikm\/#website"},"primaryImageOfPage":{"@id":"https:\/\/hub.hslu.ch\/ikm\/2023\/02\/23\/ikm-alumni-im-interview-orlando-campo\/#primaryimage"},"image":{"@id":"https:\/\/hub.hslu.ch\/ikm\/2023\/02\/23\/ikm-alumni-im-interview-orlando-campo\/#primaryimage"},"thumbnailUrl":"https:\/\/hub.hslu.ch\/ikm\/wp-content\/blogs.dir\/489\/files\/sites\/8\/Header_Orlando-Campo.jpeg","datePublished":"2023-02-23T11:52:07+00:00","dateModified":"2026-02-09T13:10:29+00:00","author":{"@id":"https:\/\/hub.hslu.ch\/ikm\/#\/schema\/person\/f499a20cf3ea24019b09ec0b7a32f6f3"},"description":"Wir haben Alumni unserer Weiterbildungen am IKM interviewt. In dieser Blog-Reihe erf\u00e4hrt ihr, wer hinter unseren Teilnehmenden steckt.","breadcrumb":{"@id":"https:\/\/hub.hslu.ch\/ikm\/2023\/02\/23\/ikm-alumni-im-interview-orlando-campo\/#breadcrumb"},"inLanguage":"de-CH","potentialAction":[{"@type":"ReadAction","target":["https:\/\/hub.hslu.ch\/ikm\/2023\/02\/23\/ikm-alumni-im-interview-orlando-campo\/"]}]},{"@type":"ImageObject","inLanguage":"de-CH","@id":"https:\/\/hub.hslu.ch\/ikm\/2023\/02\/23\/ikm-alumni-im-interview-orlando-campo\/#primaryimage","url":"https:\/\/hub.hslu.ch\/ikm\/wp-content\/blogs.dir\/489\/files\/sites\/8\/Header_Orlando-Campo.jpeg","contentUrl":"https:\/\/hub.hslu.ch\/ikm\/wp-content\/blogs.dir\/489\/files\/sites\/8\/Header_Orlando-Campo.jpeg","width":1085,"height":724},{"@type":"BreadcrumbList","@id":"https:\/\/hub.hslu.ch\/ikm\/2023\/02\/23\/ikm-alumni-im-interview-orlando-campo\/#breadcrumb","itemListElement":[{"@type":"ListItem","position":1,"name":"Home","item":"https:\/\/hub.hslu.ch\/ikm\/"},{"@type":"ListItem","position":2,"name":"IKM Alumni im Interview \u2013 Orlando Campo"}]},{"@type":"WebSite","@id":"https:\/\/hub.hslu.ch\/ikm\/#website","url":"https:\/\/hub.hslu.ch\/ikm\/","name":"IKM-Blog","description":"Kommunikation und Marketing an der Hochschule Luzern \u2013 Wirtschaft","potentialAction":[{"@type":"SearchAction","target":{"@type":"EntryPoint","urlTemplate":"https:\/\/hub.hslu.ch\/ikm\/?s={search_term_string}"},"query-input":{"@type":"PropertyValueSpecification","valueRequired":true,"valueName":"search_term_string"}}],"inLanguage":"de-CH"},{"@type":"Person","@id":"https:\/\/hub.hslu.ch\/ikm\/#\/schema\/person\/f499a20cf3ea24019b09ec0b7a32f6f3","name":"sandramendez"}]}},"featured_image_src":"https:\/\/hub.hslu.ch\/ikm\/wp-content\/blogs.dir\/489\/files\/sites\/8\/Header_Orlando-Campo.jpeg","featured_image_src_square":"https:\/\/hub.hslu.ch\/ikm\/wp-content\/blogs.dir\/489\/files\/sites\/8\/Header_Orlando-Campo.jpeg","author_info":{"display_name":"sandramendez","author_link":"https:\/\/hub.hslu.ch\/ikm\/author\/sandramendez\/"},"_links":{"self":[{"href":"https:\/\/hub.hslu.ch\/ikm\/wp-json\/wp\/v2\/posts\/19639","targetHints":{"allow":["GET"]}}],"collection":[{"href":"https:\/\/hub.hslu.ch\/ikm\/wp-json\/wp\/v2\/posts"}],"about":[{"href":"https:\/\/hub.hslu.ch\/ikm\/wp-json\/wp\/v2\/types\/post"}],"author":[{"embeddable":true,"href":"https:\/\/hub.hslu.ch\/ikm\/wp-json\/wp\/v2\/users\/247"}],"replies":[{"embeddable":true,"href":"https:\/\/hub.hslu.ch\/ikm\/wp-json\/wp\/v2\/comments?post=19639"}],"version-history":[{"count":11,"href":"https:\/\/hub.hslu.ch\/ikm\/wp-json\/wp\/v2\/posts\/19639\/revisions"}],"predecessor-version":[{"id":24370,"href":"https:\/\/hub.hslu.ch\/ikm\/wp-json\/wp\/v2\/posts\/19639\/revisions\/24370"}],"wp:featuredmedia":[{"embeddable":true,"href":"https:\/\/hub.hslu.ch\/ikm\/wp-json\/wp\/v2\/media\/19644"}],"wp:attachment":[{"href":"https:\/\/hub.hslu.ch\/ikm\/wp-json\/wp\/v2\/media?parent=19639"}],"wp:term":[{"taxonomy":"category","embeddable":true,"href":"https:\/\/hub.hslu.ch\/ikm\/wp-json\/wp\/v2\/categories?post=19639"},{"taxonomy":"post_tag","embeddable":true,"href":"https:\/\/hub.hslu.ch\/ikm\/wp-json\/wp\/v2\/tags?post=19639"}],"curies":[{"name":"wp","href":"https:\/\/api.w.org\/{rel}","templated":true}]}}