{"id":23627,"date":"2025-04-17T10:25:16","date_gmt":"2025-04-17T08:25:16","guid":{"rendered":"https:\/\/hub.hslu.ch\/ikm\/?p=23627"},"modified":"2026-02-11T14:53:11","modified_gmt":"2026-02-11T13:53:11","slug":"zwischen-kundenservice-und-konsequenz-zalando-sperrt-kundenkonten-wegen-retourenflut","status":"publish","type":"post","link":"https:\/\/hub.hslu.ch\/ikm\/2025\/04\/17\/zwischen-kundenservice-und-konsequenz-zalando-sperrt-kundenkonten-wegen-retourenflut\/","title":{"rendered":"Zwischen Kundenservice und Konsequenz: Zalando sperrt Kundenkonten wegen Retourenflut"},"content":{"rendered":"\n<p class=\"is-style-lead\"><em> Der Schritt ist Ausdruck eines wachsenden Spannungsfeldes zwischen kundenorientierter Servicekultur und unternehmerischer Nachhaltigkeit.&nbsp;<\/em><\/p>\n\n\n\n<p class=\"is-style-default\">In einem Interview mit RSI erl\u00e4uterte Thomas Wozniak, Experte f\u00fcr Konsumentenverhalten an der Hochschule Luzern, dass dieser Entscheid wenig \u00fcberraschend komme. Zalando sei zwar seit Jahren f\u00fcr seinen unkomplizierten, kostenlosen Retourenprozess bekannt, doch genau dieser habe sich zunehmend als betriebswirtschaftliche wie \u00f6kologische Herausforderung erwiesen.<\/p>\n\n\n\n<h2 class=\"wp-block-heading\"><strong>Retouren als Kosten- und Umweltfaktor<\/strong><\/h2>\n\n\n\n<p>Gem\u00e4ss der Onlineh\u00e4ndlerbefragung 2022 liegen die durchschnittlichen Prozesskosten f\u00fcr eine einzelne Retoure bei rund 20 Franken. Fashion-Ums\u00e4tze waren in den letzten beiden Jahren r\u00fcckl\u00e4ufig, und asiatische Anbieter dr\u00e4ngen mit Kleinpaketen in den Schweizer Onlinehandel. In diesen wirtschaftlich raueren Zeiten sind durch Retouren verursachte Kosten umso schmerzlicher.&nbsp;Die R\u00fccksendequote im Bereich Kleidung liegt laut Wozniak bei bis zu 60 Prozent. Diese hohen Zahlen lassen R\u00fcckschl\u00fcsse auf ein etabliertes Einkaufsverhalten zu: Kundinnen und Kunden bestellen bewusst mehrere Varianten zur Auswahl, in der Absicht, einen Teil zur\u00fcckzusenden.&nbsp;<\/p>\n\n\n\n<p>Dieses Verhalten ist zwar nachvollziehbar \u2013 Kleidung muss passen und gefallen \u2013 stellt aber eine Belastung f\u00fcr Logistik, Margen und f\u00fcr die Umwelt dar. Aus Unternehmenssicht ist es daher nachvollziehbar, dass Zalando nun restriktiver agiert. Laut einer Sprecherin des Unternehmens wurden jene Konten gesperrt, bei denen \u00fcberdurchschnittliches R\u00fccksendeverhalten festgestellt wurde \u2013 eine Massnahme, um den Service jenen zu erhalten, die ihn \u201everantwortungsvoll\u201c nutzen.\u00a0<\/p>\n\n\n\n<h2 class=\"wp-block-heading\"><strong>Zwischen Vertrauen und Verantwortung<\/strong>&nbsp;<\/h2>\n\n\n\n<p>F\u00fcr Marken bedeutet diese Entwicklung einen Paradigmenwechsel. Wo fr\u00fcher maximale Kulanz galt, um Kundentreue zu f\u00f6rdern, tritt heute zunehmend eine differenzierte Risikobetrachtung in den Vordergrund. Die Herausforderung besteht darin, Missbrauch zu begrenzen, ohne das Vertrauen der breiten Mehrheit zu verlieren.&nbsp;<\/p>\n\n\n\n<p>Hier kommen auch Marketing und Kommunikation ins Spiel: Wer Kundenbindungsprogramme und Serviceversprechen langfristig glaubw\u00fcrdig gestalten will, muss den Balanceakt zwischen Grossz\u00fcgigkeit und Grenzen kommunikativ begleiten. Transparente Informationen \u00fcber Retourenrichtlinien, besser aufbereitete Produktinformationen, verst\u00e4rkte Personalisierung und Nudges sind beispielsweise Massnahmen, die helfen k\u00f6nnen, das Retourenvolumen zu senken, ohne den Servicegedanken aufzugeben.\u00a0<\/p>\n\n\n\n<h2 class=\"wp-block-heading\"><strong>Nachhaltigkeit als Treiber f\u00fcr Verhaltens\u00e4nderung<\/strong><\/h2>\n\n\n\n<p>Zalandos Schritt passt auch in einen gr\u00f6sseren Kontext: Der Ruf nach \u00f6kologisch verantwortungsvollem Konsum wird lauter \u2013 nicht nur in der Politik, sondern auch bei Konsumierenden. Unternehmen, die fr\u00fchzeitig auf diese Entwicklung reagieren, positionieren sich glaubw\u00fcrdiger.&nbsp;<\/p>\n\n\n\n<p>Thomas Wozniak fasst zusammen: \u201eLetztlich liegt die Verantwortung weiterhin beim Kunden.\u201c Gleichzeitig zeigt das Beispiel Zalando, dass Anbieter heute aktiver in die Gestaltung von Konsumverhalten eingreifen \u2013 nicht nur durch Anreize, sondern auch durch Konsequenzen.<\/p>\n\n\n<div class=\"blue-box\">\n\t<div class=\"row\">\n\t\t<div class=\"col-md-12\">\n\t\t\t<p><strong>Weitere Beitr\u00e4ge zum Thema<\/strong><\/p>\n<ul>\n<li><a href=\"https:\/\/www.rsi.ch\/play\/tv\/telegiornale\/video\/zalando-blocca-i-clienti-che-fanno-troppi-resi?urn=urn:rsi:video:2745548\" target=\"_blank\" rel=\"noopener\"><span style=\"color: #000000\">Interview von Thomas Wozniak bei RSI (Radiotelevisione Svizzera der SRG SSR)<\/span><\/a><\/li>\n<li><a href=\"https:\/\/www.hslu.ch\/de-ch\/hochschule-luzern\/ueber-uns\/medien\/medienmitteilungen\/2022\/10\/18\/onlinehaendlerbefragung-2022\/\" target=\"_blank\" rel=\"noopener\">Onlineh\u00e4ndlerbefragung 2022: Retouren im Onlinehandel &#8211; Was sie kosten und wie sie vermieden werden k\u00f6nnen<\/a><\/li>\n<li><a href=\"https:\/\/news.hslu.ch\/retouren-im-onlinehandel\/\" target=\"_blank\" rel=\"noopener\">Retouren im Onlinehandel: Zur\u00fcck an den Absender<\/a><\/li>\n<\/ul>\n\t\t<\/div>\n\t<\/div>\n<\/div>\n\n\n<div class=\"blue-box\">\n\t<div class=\"row\">\n\t\t<div class=\"col-md-12\">\n\t\t\t<p><strong><span style=\"color: #000000\">Weiterbilden im E-Commerce<\/span><\/strong><\/p>\n<p><a href=\"https:\/\/www.hslu.ch\/de-ch\/wirtschaft\/weiterbildung\/cas\/ikm\/e-commerce-management\/\" target=\"_blank\" rel=\"noopener\">CAS E-Commerce Management:<\/a> In einer \u00c4ra des digitalen Wandels sind E-Commerce und Mobile Commerce zentrale Treiber. Unser CAS E-Commerce Management zeigt Ihnen praxisnah und anwendungsorientiert, wie Sie sich im E-Commerce und im Retail Management im DACH-Raum aufstellen k\u00f6nnen, um langfristig erfolgreich zu sein.<\/p>\n\t\t<\/div>\n\t<\/div>\n<\/div>\n","protected":false},"excerpt":{"rendered":"<p>Die Entscheidung von Zalando, Kundenkonten von Viel-Retournierenden zu sperren, hat in der Branche f\u00fcr Aufsehen gesorgt \u2013 nicht nur unter Konsumierenden, sondern auch in Marketing- und Kommunikationskreisen. <\/p>\n","protected":false},"author":247,"featured_media":23630,"comment_status":"open","ping_status":"open","sticky":false,"template":"","format":"standard","meta":{"_acf_changed":false,"inline_featured_image":false,"_relevanssi_hide_post":"","_relevanssi_hide_content":"","_relevanssi_pin_for_all":"","_relevanssi_pin_keywords":"","_relevanssi_unpin_keywords":"","_relevanssi_related_keywords":"","_relevanssi_related_include_ids":"","_relevanssi_related_exclude_ids":"","_relevanssi_related_no_append":"","_relevanssi_related_not_related":"","_relevanssi_related_posts":"20138,10713,21096,16377,10454,13549","_relevanssi_noindex_reason":"","footnotes":"","_links_to":"","_links_to_target":""},"categories":[86671,86670,113],"tags":[86093,67092,1729,86720,86572],"class_list":["post-23627","post","type-post","status-publish","format-standard","has-post-thumbnail","hentry","category-marketing-und-kommunikationsmanagement","category-nachhaltiges-konsumentenverhalten","category-news","tag-e-commerce","tag-konsumentenverhalten","tag-nachhaltigkeit","tag-retouren","tag-retourenmanagement"],"acf":[],"yoast_head":"<!-- This site is optimized with the Yoast SEO plugin v27.5 - https:\/\/yoast.com\/product\/yoast-seo-wordpress\/ -->\n<title>Zalando sperrt Kundenkonten wegen Retourenflut<\/title>\n<meta name=\"description\" content=\"Die Entscheidung von Zalando, Kundenkonten von Viel-Retournierenden zu sperren, sorgt f\u00fcr Aufsehen bei Marketing- und Kommunikationskreisen.\" \/>\n<meta name=\"robots\" content=\"index, follow, max-snippet:-1, max-image-preview:large, max-video-preview:-1\" \/>\n<link rel=\"canonical\" href=\"https:\/\/hub.hslu.ch\/ikm\/2025\/04\/17\/zwischen-kundenservice-und-konsequenz-zalando-sperrt-kundenkonten-wegen-retourenflut\/\" \/>\n<meta property=\"og:locale\" content=\"de_DE\" \/>\n<meta property=\"og:type\" content=\"article\" \/>\n<meta property=\"og:title\" content=\"Zalando sperrt Kundenkonten wegen Retourenflut\" \/>\n<meta property=\"og:description\" content=\"Die Entscheidung von Zalando, Kundenkonten von Viel-Retournierenden zu sperren, sorgt f\u00fcr Aufsehen bei Marketing- und Kommunikationskreisen.\" \/>\n<meta property=\"og:url\" content=\"https:\/\/hub.hslu.ch\/ikm\/2025\/04\/17\/zwischen-kundenservice-und-konsequenz-zalando-sperrt-kundenkonten-wegen-retourenflut\/\" \/>\n<meta property=\"og:site_name\" content=\"IKM-Blog\" \/>\n<meta property=\"article:published_time\" content=\"2025-04-17T08:25:16+00:00\" \/>\n<meta property=\"article:modified_time\" content=\"2026-02-11T13:53:11+00:00\" \/>\n<meta property=\"og:image\" content=\"https:\/\/hub.hslu.ch\/ikm\/wp-content\/blogs.dir\/489\/files\/sites\/8\/Beitragsbild-Zalando-Retouren-Thomas-Wozniak.jpg\" \/>\n\t<meta property=\"og:image:width\" content=\"1920\" \/>\n\t<meta property=\"og:image:height\" content=\"1100\" \/>\n\t<meta property=\"og:image:type\" content=\"image\/jpeg\" \/>\n<meta name=\"author\" content=\"sandramendez\" \/>\n<meta name=\"twitter:card\" content=\"summary_large_image\" \/>\n<meta name=\"twitter:label1\" content=\"Geschrieben von\" \/>\n\t<meta name=\"twitter:data1\" content=\"sandramendez\" \/>\n\t<meta name=\"twitter:label2\" content=\"Gesch\u00e4tzte Lesezeit\" \/>\n\t<meta name=\"twitter:data2\" content=\"3\u00a0Minuten\" \/>\n<script type=\"application\/ld+json\" class=\"yoast-schema-graph\">{\"@context\":\"https:\\\/\\\/schema.org\",\"@graph\":[{\"@type\":\"Article\",\"@id\":\"https:\\\/\\\/hub.hslu.ch\\\/ikm\\\/2025\\\/04\\\/17\\\/zwischen-kundenservice-und-konsequenz-zalando-sperrt-kundenkonten-wegen-retourenflut\\\/#article\",\"isPartOf\":{\"@id\":\"https:\\\/\\\/hub.hslu.ch\\\/ikm\\\/2025\\\/04\\\/17\\\/zwischen-kundenservice-und-konsequenz-zalando-sperrt-kundenkonten-wegen-retourenflut\\\/\"},\"author\":{\"name\":\"sandramendez\",\"@id\":\"https:\\\/\\\/hub.hslu.ch\\\/ikm\\\/#\\\/schema\\\/person\\\/f499a20cf3ea24019b09ec0b7a32f6f3\"},\"headline\":\"Zwischen Kundenservice und Konsequenz: Zalando sperrt Kundenkonten wegen Retourenflut\",\"datePublished\":\"2025-04-17T08:25:16+00:00\",\"dateModified\":\"2026-02-11T13:53:11+00:00\",\"mainEntityOfPage\":{\"@id\":\"https:\\\/\\\/hub.hslu.ch\\\/ikm\\\/2025\\\/04\\\/17\\\/zwischen-kundenservice-und-konsequenz-zalando-sperrt-kundenkonten-wegen-retourenflut\\\/\"},\"wordCount\":415,\"commentCount\":0,\"image\":{\"@id\":\"https:\\\/\\\/hub.hslu.ch\\\/ikm\\\/2025\\\/04\\\/17\\\/zwischen-kundenservice-und-konsequenz-zalando-sperrt-kundenkonten-wegen-retourenflut\\\/#primaryimage\"},\"thumbnailUrl\":\"https:\\\/\\\/hub.hslu.ch\\\/ikm\\\/wp-content\\\/blogs.dir\\\/489\\\/files\\\/sites\\\/8\\\/Beitragsbild-Zalando-Retouren-Thomas-Wozniak.jpg\",\"keywords\":[\"E-Commerce\",\"Konsumentenverhalten\",\"Nachhaltigkeit\",\"Retouren\",\"Retourenmanagement\"],\"articleSection\":[\"Marketing- und Kommunikationsmanagement\",\"Nachhaltiges Konsumentenverhalten\",\"News\"],\"inLanguage\":\"de-CH\",\"potentialAction\":[{\"@type\":\"CommentAction\",\"name\":\"Comment\",\"target\":[\"https:\\\/\\\/hub.hslu.ch\\\/ikm\\\/2025\\\/04\\\/17\\\/zwischen-kundenservice-und-konsequenz-zalando-sperrt-kundenkonten-wegen-retourenflut\\\/#respond\"]}]},{\"@type\":\"WebPage\",\"@id\":\"https:\\\/\\\/hub.hslu.ch\\\/ikm\\\/2025\\\/04\\\/17\\\/zwischen-kundenservice-und-konsequenz-zalando-sperrt-kundenkonten-wegen-retourenflut\\\/\",\"url\":\"https:\\\/\\\/hub.hslu.ch\\\/ikm\\\/2025\\\/04\\\/17\\\/zwischen-kundenservice-und-konsequenz-zalando-sperrt-kundenkonten-wegen-retourenflut\\\/\",\"name\":\"Zalando sperrt Kundenkonten wegen Retourenflut\",\"isPartOf\":{\"@id\":\"https:\\\/\\\/hub.hslu.ch\\\/ikm\\\/#website\"},\"primaryImageOfPage\":{\"@id\":\"https:\\\/\\\/hub.hslu.ch\\\/ikm\\\/2025\\\/04\\\/17\\\/zwischen-kundenservice-und-konsequenz-zalando-sperrt-kundenkonten-wegen-retourenflut\\\/#primaryimage\"},\"image\":{\"@id\":\"https:\\\/\\\/hub.hslu.ch\\\/ikm\\\/2025\\\/04\\\/17\\\/zwischen-kundenservice-und-konsequenz-zalando-sperrt-kundenkonten-wegen-retourenflut\\\/#primaryimage\"},\"thumbnailUrl\":\"https:\\\/\\\/hub.hslu.ch\\\/ikm\\\/wp-content\\\/blogs.dir\\\/489\\\/files\\\/sites\\\/8\\\/Beitragsbild-Zalando-Retouren-Thomas-Wozniak.jpg\",\"datePublished\":\"2025-04-17T08:25:16+00:00\",\"dateModified\":\"2026-02-11T13:53:11+00:00\",\"author\":{\"@id\":\"https:\\\/\\\/hub.hslu.ch\\\/ikm\\\/#\\\/schema\\\/person\\\/f499a20cf3ea24019b09ec0b7a32f6f3\"},\"description\":\"Die Entscheidung von Zalando, Kundenkonten von Viel-Retournierenden zu sperren, sorgt f\u00fcr Aufsehen bei Marketing- und Kommunikationskreisen.\",\"breadcrumb\":{\"@id\":\"https:\\\/\\\/hub.hslu.ch\\\/ikm\\\/2025\\\/04\\\/17\\\/zwischen-kundenservice-und-konsequenz-zalando-sperrt-kundenkonten-wegen-retourenflut\\\/#breadcrumb\"},\"inLanguage\":\"de-CH\",\"potentialAction\":[{\"@type\":\"ReadAction\",\"target\":[\"https:\\\/\\\/hub.hslu.ch\\\/ikm\\\/2025\\\/04\\\/17\\\/zwischen-kundenservice-und-konsequenz-zalando-sperrt-kundenkonten-wegen-retourenflut\\\/\"]}]},{\"@type\":\"ImageObject\",\"inLanguage\":\"de-CH\",\"@id\":\"https:\\\/\\\/hub.hslu.ch\\\/ikm\\\/2025\\\/04\\\/17\\\/zwischen-kundenservice-und-konsequenz-zalando-sperrt-kundenkonten-wegen-retourenflut\\\/#primaryimage\",\"url\":\"https:\\\/\\\/hub.hslu.ch\\\/ikm\\\/wp-content\\\/blogs.dir\\\/489\\\/files\\\/sites\\\/8\\\/Beitragsbild-Zalando-Retouren-Thomas-Wozniak.jpg\",\"contentUrl\":\"https:\\\/\\\/hub.hslu.ch\\\/ikm\\\/wp-content\\\/blogs.dir\\\/489\\\/files\\\/sites\\\/8\\\/Beitragsbild-Zalando-Retouren-Thomas-Wozniak.jpg\",\"width\":1920,\"height\":1100,\"caption\":\"Person packt Paket zur Retorunierung ein\"},{\"@type\":\"BreadcrumbList\",\"@id\":\"https:\\\/\\\/hub.hslu.ch\\\/ikm\\\/2025\\\/04\\\/17\\\/zwischen-kundenservice-und-konsequenz-zalando-sperrt-kundenkonten-wegen-retourenflut\\\/#breadcrumb\",\"itemListElement\":[{\"@type\":\"ListItem\",\"position\":1,\"name\":\"Home\",\"item\":\"https:\\\/\\\/hub.hslu.ch\\\/ikm\\\/\"},{\"@type\":\"ListItem\",\"position\":2,\"name\":\"Zwischen Kundenservice und Konsequenz: Zalando sperrt Kundenkonten wegen Retourenflut\"}]},{\"@type\":\"WebSite\",\"@id\":\"https:\\\/\\\/hub.hslu.ch\\\/ikm\\\/#website\",\"url\":\"https:\\\/\\\/hub.hslu.ch\\\/ikm\\\/\",\"name\":\"IKM-Blog\",\"description\":\"Kommunikation und Marketing an der Hochschule Luzern \u2013 Wirtschaft\",\"potentialAction\":[{\"@type\":\"SearchAction\",\"target\":{\"@type\":\"EntryPoint\",\"urlTemplate\":\"https:\\\/\\\/hub.hslu.ch\\\/ikm\\\/?s={search_term_string}\"},\"query-input\":{\"@type\":\"PropertyValueSpecification\",\"valueRequired\":true,\"valueName\":\"search_term_string\"}}],\"inLanguage\":\"de-CH\"},{\"@type\":\"Person\",\"@id\":\"https:\\\/\\\/hub.hslu.ch\\\/ikm\\\/#\\\/schema\\\/person\\\/f499a20cf3ea24019b09ec0b7a32f6f3\",\"name\":\"sandramendez\"}]}<\/script>\n<!-- \/ Yoast SEO plugin. -->","yoast_head_json":{"title":"Zalando sperrt Kundenkonten wegen Retourenflut","description":"Die Entscheidung von Zalando, Kundenkonten von Viel-Retournierenden zu sperren, sorgt f\u00fcr Aufsehen bei Marketing- und Kommunikationskreisen.","robots":{"index":"index","follow":"follow","max-snippet":"max-snippet:-1","max-image-preview":"max-image-preview:large","max-video-preview":"max-video-preview:-1"},"canonical":"https:\/\/hub.hslu.ch\/ikm\/2025\/04\/17\/zwischen-kundenservice-und-konsequenz-zalando-sperrt-kundenkonten-wegen-retourenflut\/","og_locale":"de_DE","og_type":"article","og_title":"Zalando sperrt Kundenkonten wegen Retourenflut","og_description":"Die Entscheidung von Zalando, Kundenkonten von Viel-Retournierenden zu sperren, sorgt f\u00fcr Aufsehen bei Marketing- und Kommunikationskreisen.","og_url":"https:\/\/hub.hslu.ch\/ikm\/2025\/04\/17\/zwischen-kundenservice-und-konsequenz-zalando-sperrt-kundenkonten-wegen-retourenflut\/","og_site_name":"IKM-Blog","article_published_time":"2025-04-17T08:25:16+00:00","article_modified_time":"2026-02-11T13:53:11+00:00","og_image":[{"width":1920,"height":1100,"url":"https:\/\/hub.hslu.ch\/ikm\/wp-content\/blogs.dir\/489\/files\/sites\/8\/Beitragsbild-Zalando-Retouren-Thomas-Wozniak.jpg","type":"image\/jpeg"}],"author":"sandramendez","twitter_card":"summary_large_image","twitter_misc":{"Geschrieben von":"sandramendez","Gesch\u00e4tzte Lesezeit":"3\u00a0Minuten"},"schema":{"@context":"https:\/\/schema.org","@graph":[{"@type":"Article","@id":"https:\/\/hub.hslu.ch\/ikm\/2025\/04\/17\/zwischen-kundenservice-und-konsequenz-zalando-sperrt-kundenkonten-wegen-retourenflut\/#article","isPartOf":{"@id":"https:\/\/hub.hslu.ch\/ikm\/2025\/04\/17\/zwischen-kundenservice-und-konsequenz-zalando-sperrt-kundenkonten-wegen-retourenflut\/"},"author":{"name":"sandramendez","@id":"https:\/\/hub.hslu.ch\/ikm\/#\/schema\/person\/f499a20cf3ea24019b09ec0b7a32f6f3"},"headline":"Zwischen Kundenservice und Konsequenz: Zalando sperrt Kundenkonten wegen Retourenflut","datePublished":"2025-04-17T08:25:16+00:00","dateModified":"2026-02-11T13:53:11+00:00","mainEntityOfPage":{"@id":"https:\/\/hub.hslu.ch\/ikm\/2025\/04\/17\/zwischen-kundenservice-und-konsequenz-zalando-sperrt-kundenkonten-wegen-retourenflut\/"},"wordCount":415,"commentCount":0,"image":{"@id":"https:\/\/hub.hslu.ch\/ikm\/2025\/04\/17\/zwischen-kundenservice-und-konsequenz-zalando-sperrt-kundenkonten-wegen-retourenflut\/#primaryimage"},"thumbnailUrl":"https:\/\/hub.hslu.ch\/ikm\/wp-content\/blogs.dir\/489\/files\/sites\/8\/Beitragsbild-Zalando-Retouren-Thomas-Wozniak.jpg","keywords":["E-Commerce","Konsumentenverhalten","Nachhaltigkeit","Retouren","Retourenmanagement"],"articleSection":["Marketing- und Kommunikationsmanagement","Nachhaltiges Konsumentenverhalten","News"],"inLanguage":"de-CH","potentialAction":[{"@type":"CommentAction","name":"Comment","target":["https:\/\/hub.hslu.ch\/ikm\/2025\/04\/17\/zwischen-kundenservice-und-konsequenz-zalando-sperrt-kundenkonten-wegen-retourenflut\/#respond"]}]},{"@type":"WebPage","@id":"https:\/\/hub.hslu.ch\/ikm\/2025\/04\/17\/zwischen-kundenservice-und-konsequenz-zalando-sperrt-kundenkonten-wegen-retourenflut\/","url":"https:\/\/hub.hslu.ch\/ikm\/2025\/04\/17\/zwischen-kundenservice-und-konsequenz-zalando-sperrt-kundenkonten-wegen-retourenflut\/","name":"Zalando sperrt Kundenkonten wegen Retourenflut","isPartOf":{"@id":"https:\/\/hub.hslu.ch\/ikm\/#website"},"primaryImageOfPage":{"@id":"https:\/\/hub.hslu.ch\/ikm\/2025\/04\/17\/zwischen-kundenservice-und-konsequenz-zalando-sperrt-kundenkonten-wegen-retourenflut\/#primaryimage"},"image":{"@id":"https:\/\/hub.hslu.ch\/ikm\/2025\/04\/17\/zwischen-kundenservice-und-konsequenz-zalando-sperrt-kundenkonten-wegen-retourenflut\/#primaryimage"},"thumbnailUrl":"https:\/\/hub.hslu.ch\/ikm\/wp-content\/blogs.dir\/489\/files\/sites\/8\/Beitragsbild-Zalando-Retouren-Thomas-Wozniak.jpg","datePublished":"2025-04-17T08:25:16+00:00","dateModified":"2026-02-11T13:53:11+00:00","author":{"@id":"https:\/\/hub.hslu.ch\/ikm\/#\/schema\/person\/f499a20cf3ea24019b09ec0b7a32f6f3"},"description":"Die Entscheidung von Zalando, Kundenkonten von Viel-Retournierenden zu sperren, sorgt f\u00fcr Aufsehen bei Marketing- und Kommunikationskreisen.","breadcrumb":{"@id":"https:\/\/hub.hslu.ch\/ikm\/2025\/04\/17\/zwischen-kundenservice-und-konsequenz-zalando-sperrt-kundenkonten-wegen-retourenflut\/#breadcrumb"},"inLanguage":"de-CH","potentialAction":[{"@type":"ReadAction","target":["https:\/\/hub.hslu.ch\/ikm\/2025\/04\/17\/zwischen-kundenservice-und-konsequenz-zalando-sperrt-kundenkonten-wegen-retourenflut\/"]}]},{"@type":"ImageObject","inLanguage":"de-CH","@id":"https:\/\/hub.hslu.ch\/ikm\/2025\/04\/17\/zwischen-kundenservice-und-konsequenz-zalando-sperrt-kundenkonten-wegen-retourenflut\/#primaryimage","url":"https:\/\/hub.hslu.ch\/ikm\/wp-content\/blogs.dir\/489\/files\/sites\/8\/Beitragsbild-Zalando-Retouren-Thomas-Wozniak.jpg","contentUrl":"https:\/\/hub.hslu.ch\/ikm\/wp-content\/blogs.dir\/489\/files\/sites\/8\/Beitragsbild-Zalando-Retouren-Thomas-Wozniak.jpg","width":1920,"height":1100,"caption":"Person packt Paket zur Retorunierung ein"},{"@type":"BreadcrumbList","@id":"https:\/\/hub.hslu.ch\/ikm\/2025\/04\/17\/zwischen-kundenservice-und-konsequenz-zalando-sperrt-kundenkonten-wegen-retourenflut\/#breadcrumb","itemListElement":[{"@type":"ListItem","position":1,"name":"Home","item":"https:\/\/hub.hslu.ch\/ikm\/"},{"@type":"ListItem","position":2,"name":"Zwischen Kundenservice und Konsequenz: Zalando sperrt Kundenkonten wegen Retourenflut"}]},{"@type":"WebSite","@id":"https:\/\/hub.hslu.ch\/ikm\/#website","url":"https:\/\/hub.hslu.ch\/ikm\/","name":"IKM-Blog","description":"Kommunikation und Marketing an der Hochschule Luzern \u2013 Wirtschaft","potentialAction":[{"@type":"SearchAction","target":{"@type":"EntryPoint","urlTemplate":"https:\/\/hub.hslu.ch\/ikm\/?s={search_term_string}"},"query-input":{"@type":"PropertyValueSpecification","valueRequired":true,"valueName":"search_term_string"}}],"inLanguage":"de-CH"},{"@type":"Person","@id":"https:\/\/hub.hslu.ch\/ikm\/#\/schema\/person\/f499a20cf3ea24019b09ec0b7a32f6f3","name":"sandramendez"}]}},"featured_image_src":"https:\/\/hub.hslu.ch\/ikm\/wp-content\/blogs.dir\/489\/files\/sites\/8\/Beitragsbild-Zalando-Retouren-Thomas-Wozniak.jpg","featured_image_src_square":"https:\/\/hub.hslu.ch\/ikm\/wp-content\/blogs.dir\/489\/files\/sites\/8\/Beitragsbild-Zalando-Retouren-Thomas-Wozniak.jpg","author_info":{"display_name":"sandramendez","author_link":"https:\/\/hub.hslu.ch\/ikm\/author\/sandramendez\/"},"_links":{"self":[{"href":"https:\/\/hub.hslu.ch\/ikm\/wp-json\/wp\/v2\/posts\/23627","targetHints":{"allow":["GET"]}}],"collection":[{"href":"https:\/\/hub.hslu.ch\/ikm\/wp-json\/wp\/v2\/posts"}],"about":[{"href":"https:\/\/hub.hslu.ch\/ikm\/wp-json\/wp\/v2\/types\/post"}],"author":[{"embeddable":true,"href":"https:\/\/hub.hslu.ch\/ikm\/wp-json\/wp\/v2\/users\/247"}],"replies":[{"embeddable":true,"href":"https:\/\/hub.hslu.ch\/ikm\/wp-json\/wp\/v2\/comments?post=23627"}],"version-history":[{"count":24,"href":"https:\/\/hub.hslu.ch\/ikm\/wp-json\/wp\/v2\/posts\/23627\/revisions"}],"predecessor-version":[{"id":24618,"href":"https:\/\/hub.hslu.ch\/ikm\/wp-json\/wp\/v2\/posts\/23627\/revisions\/24618"}],"wp:featuredmedia":[{"embeddable":true,"href":"https:\/\/hub.hslu.ch\/ikm\/wp-json\/wp\/v2\/media\/23630"}],"wp:attachment":[{"href":"https:\/\/hub.hslu.ch\/ikm\/wp-json\/wp\/v2\/media?parent=23627"}],"wp:term":[{"taxonomy":"category","embeddable":true,"href":"https:\/\/hub.hslu.ch\/ikm\/wp-json\/wp\/v2\/categories?post=23627"},{"taxonomy":"post_tag","embeddable":true,"href":"https:\/\/hub.hslu.ch\/ikm\/wp-json\/wp\/v2\/tags?post=23627"}],"curies":[{"name":"wp","href":"https:\/\/api.w.org\/{rel}","templated":true}]}}