{"id":24075,"date":"2025-12-04T13:03:49","date_gmt":"2025-12-04T12:03:49","guid":{"rendered":"https:\/\/hub.hslu.ch\/ikm\/?p=24075"},"modified":"2026-02-11T16:30:07","modified_gmt":"2026-02-11T15:30:07","slug":"konsumwahn-im-dezember-askese-im-januar-was-dieser-zyklus-fuer-markenstrategien-bedeute","status":"publish","type":"post","link":"https:\/\/hub.hslu.ch\/ikm\/2025\/12\/04\/konsumwahn-im-dezember-askese-im-januar-was-dieser-zyklus-fuer-markenstrategien-bedeute\/","title":{"rendered":"Zwischen Konsumwahn und Askese: Wie Marken klug darauf reagieren"},"content":{"rendered":"\n<h2 class=\"wp-block-heading\"><strong>Herr Zbinden, weshalb geraten Konsumentinnen und Konsumenten im Dezember in einen Genuss- und Konsummodus \u2013 und weshalb folgt im Januar so oft die asketische Gegenbewegung?<\/strong><\/h2>\n\n\n\n<p>Der Dezember ist mehrfach emotional aufgeladen. Soziale Rituale, Familie, \u00abso haben wir das schon immer gemacht\u00bb. Man g\u00f6nnt sich das bessere Essen, das Spielzeug, den Ausflug, weil es sich \u00abrichtig anf\u00fchlt\u00bb und nicht, weil es rational optimal ist. Die dunklen Tage, der stressige Jahresabschluss im Gesch\u00e4ft und der 13. Monatslohn tragen auch ihren Teil dazu bei, dass der Geldbeutel bzw. die Kreditkarte im Portemonnaie oder auf dem Smartphone lockerer sitzt. Im Alltag haben viele von uns implizite Regeln hinsichtlich eines gesunden und vern\u00fcnftigen Verhaltens, die im Dezember als letztem Monat des Jahres bewusst oder halb-bewusst ausser Kraft gesetzt werden. Psychologisch betreiben wir eine Art mentale Buchhaltung: Heute darf ich \u00fcber die Str\u00e4nge schlagen, weil ich mir innerlich verspreche, es sp\u00e4ter wieder auszugleichen. In der Forschung spricht man hier von \u00abMoral Licensing\u00bb. Im Dezember verschieben wir unser pers\u00f6nliches Limit nach oben und erfinden gute Geschichten, warum das \u00abjetzt schon okay\u00bb ist.<\/p>\n\n\n\n<h2 class=\"wp-block-heading\"><strong>Und im Januar soll dann alles anders sein?<\/strong><\/h2>\n\n\n\n<p>Diese Dezember-Entgleisungen ignorieren wir mental nicht. H\u00e4ufig schon zwischen Weihnachten und Neujahr denken sich viele, dass im Januar alles besser werden muss. In der Verhaltensforschung spricht man von einem \u00abFresh Start\u00bb. H\u00e4ufiges Problem ist, dass das \u00abneue Ich\u00bb im gechillten Ferienmodus definiert wird. Zur\u00fcck im stressigen Alltag funktioniert die grosse Willenskraft deutlich weniger gut, weshalb viele Vors\u00e4tze schon w\u00e4hrend des Januars oder kurz danach wieder \u00fcber Bord geworfen werden. Das hat auch damit zu tun, dass viele Menschen geplante Verhaltens\u00e4nderungen komplett falsch angehen. Dazu mehr in unserer neuen Podcast-Folge von VOLL PSYCHO, die am 18. Dezember erscheint: \u00abNeujahrsvors\u00e4tze: Hot oder Schrott?\u00bb.<\/p>\n\n\n\n<figure class=\"wp-block-image size-large\"><img loading=\"lazy\" decoding=\"async\" width=\"702\" height=\"467\" src=\"https:\/\/hub.hslu.ch\/ikm\/wp-content\/blogs.dir\/489\/files\/sites\/8\/Einkaufswagen_mit_Geschenke-702x467.jpeg\" alt=\"Einkaufswagen mit Geschnke\" class=\"wp-image-24074\" srcset=\"https:\/\/hub.hslu.ch\/ikm\/wp-content\/blogs.dir\/489\/files\/sites\/8\/Einkaufswagen_mit_Geschenke-702x467.jpeg 702w, https:\/\/hub.hslu.ch\/ikm\/wp-content\/blogs.dir\/489\/files\/sites\/8\/Einkaufswagen_mit_Geschenke-300x199.jpeg 300w, https:\/\/hub.hslu.ch\/ikm\/wp-content\/blogs.dir\/489\/files\/sites\/8\/Einkaufswagen_mit_Geschenke-768x510.jpeg 768w, https:\/\/hub.hslu.ch\/ikm\/wp-content\/blogs.dir\/489\/files\/sites\/8\/Einkaufswagen_mit_Geschenke-1536x1021.jpeg 1536w, https:\/\/hub.hslu.ch\/ikm\/wp-content\/blogs.dir\/489\/files\/sites\/8\/Einkaufswagen_mit_Geschenke-600x399.jpeg 600w, https:\/\/hub.hslu.ch\/ikm\/wp-content\/blogs.dir\/489\/files\/sites\/8\/Einkaufswagen_mit_Geschenke-928x617.jpeg 928w, https:\/\/hub.hslu.ch\/ikm\/wp-content\/blogs.dir\/489\/files\/sites\/8\/Einkaufswagen_mit_Geschenke.jpeg 2048w\" sizes=\"auto, (max-width: 702px) 100vw, 702px\" \/><figcaption class=\"wp-element-caption\">Christmas gifts shopping<\/figcaption><\/figure>\n\n\n\n<h2 class=\"wp-block-heading\"><strong>Welche Rolle spielen unsere internen Belohnungssysteme im Dezember, und warum sind sie in dieser Phase besonders empf\u00e4nglich f\u00fcr Konsumreize?<\/strong><\/h2>\n\n\n\n<p>Unser Belohnungssystem spielt im Dezember durchaus etwas verr\u00fcckt. Alles ist ein wenig dr\u00fcber. Aus der Hirnforschung wissen wir, dass schon die Erwartung einer Belohnung Dopamin aussch\u00fcttet. Im Dezember stehen wir praktisch permanent vor der n\u00e4chsten kleinen \u00abBelohnungsecke\u00bb: Black-Friday-Schn\u00e4ppchen, Weihnachtsm\u00e4rkte, Lichter, Firmenap\u00e9ros, Adventsanl\u00e4sse, das Finden eines passenden Geschenks, \u00fcberall Gl\u00fchwein und Guetzli. Mit jedem erlebten Reiz verst\u00e4rken wir die Belohnungsschleife. Dazu kommt, dass Alkohol und S\u00fcsses fest mit dieser Jahreszeit verkn\u00fcpft sind, was das Belohnungssystem zus\u00e4tzlich mit schnellen, intensiven Reizen f\u00fcttert.<\/p>\n\n\n\n<h2 class=\"wp-block-heading\"><strong>Was passiert im Januar psychologisch, dass pl\u00f6tzlich Selbstdisziplin, Verzicht und radikale Vors\u00e4tze dominieren?<\/strong><\/h2>\n\n\n\n<p>Im Januar kippt f\u00fcr viele der Fokus um 180 Grad. Die V\u00f6llerei im Dezember ist noch sehr pr\u00e4sent, die Diskrepanz zwischen Idealbild \u00abgesund, diszipliniert\u00bb und dem, was wir gerade gelebt haben, ist maximal. Genau das macht viele Menschen in der Schweiz besonders empf\u00e4nglich f\u00fcr Vors\u00e4tze. Dazu kommt der sogenannte Fresh-Start-Effekt. Der Jahreswechsel markiert im Kopf ein neues Kapitel. Das Verhalten des vergangenen Jahres wird dem \u00abalten Ich\u00bb zugeschoben, das \u00abneue Ich\u00bb soll ab 1. Januar alles besser machen. Medien, Freunde und Kampagnen wie Dry January oder Veganuary verst\u00e4rken dieses Gef\u00fchl, jetzt sei der Moment f\u00fcr Selbstdisziplin und Verzicht. Viele planen ihre Vors\u00e4tze zudem im entspannten Ferienmodus. In dieser Stimmung wirken radikale Pl\u00e4ne machbar, auch wenn sie sp\u00e4ter im Alltag an Zeit, Energie und Willenskraft scheitern.<\/p>\n\n\n\n<h2 class=\"wp-block-heading\"><strong>Wie sollten Marken diese psychologischen Muster im Dezember nutzen?<\/strong><\/h2>\n\n\n\n<p>Marken sollten den Dezember als hoch emotionalen Monat verstehen, nicht als Lizenz, m\u00f6glichst viel in m\u00f6glichst kurzer Zeit zu verkaufen. Viele Menschen sind m\u00fcde, gestresst, geben mehr aus als sonst und g\u00f6nnen sich bewusst etwas. Genau dort k\u00f6nnen Marken ansetzen, indem sie Produkte und Services als sinnvolle Belohnung und echte Entlastung inszenieren, d.h. weniger Sucherei, mehr Orientierung. Botschaften wie \u00abWir machen dir das Fest einfacher\u00bb passen besser in diese Stimmung als das reine \u00abKauf noch mehr\u00bb.<\/p>\n\n\n\n<p>Wichtig ist auch der Blick \u00fcber den 31. Dezember hinaus. Wer hilft, Fehlk\u00e4ufe zu vermeiden, faire Umtauschm\u00f6glichkeiten bietet und auf Qualit\u00e4t und passende Geschenke setzt, wird nach den Feiertagen als verl\u00e4sslich und vertrauensw\u00fcrdig erinnert.<br>Marken sollten also den emotionalen und sozialen Charakter des Dezembers respektieren und so kommunizieren, dass sich die Entscheidung auch im Januar noch gut anf\u00fchlt.<\/p>\n\n\n\n<h2 class=\"wp-block-heading\"><strong>Welche Fehler machen Marken im Januar besonders h\u00e4ufig, weil sie den asketischen, reset-orientierten Mindset falsch einsch\u00e4tzen?<\/strong><\/h2>\n\n\n\n<p>Ein h\u00e4ufiger Fehler ist, dass Marken den Januar genauso behandeln wie den Dezember, einfach in gesund. Statt Genuss wird dann Verzicht verkauft, aber mit derselben Logik: \u00abIn 30 Tagen zum neuen Ich\u00bb, radikale Di\u00e4ten, Fitness- oder Sparprogramme, die im Alltag kaum realistisch sind. Damit sprechen Marken zwar das Reset-Gef\u00fchl an, aber sie \u00fcbersch\u00e4tzen massiv, wie viel Willenskraft Menschen im echten Januar zwischen Job, Familie und grauem Alltag haben. Psychologisch sinnvoll w\u00e4re, an das anzukn\u00fcpfen, was realistisch umsetzbar ist: kleine, machbare Schritte, flexible Einstiege, Unterst\u00fctzung beim Dranbleiben. Das erzeugt Vertrauen und Markenbindung.<\/p>\n\n\n\n<h2 class=\"wp-block-heading\"><strong>Welche wiederkehrende Fehlannahme oder Gewohnheit im Marketing begegnet Ihnen pers\u00f6nlich am h\u00e4ufigsten \u2013 und \u00fcberrascht Sie jedes Jahr aufs Neue?<\/strong><\/h2>\n\n\n\n<p>Dies ist eine schwierige Frage, nicht einfach zu beantworten. Was mich aber jedes Jahr von Neuem erstaunt, ist die zu starke Fokussierung von Marketingans\u00e4tzen, die den radikalen Neustart betonen. Es w\u00e4re w\u00fcnschenswert, die Menschen dort abzuholen, wo sie Mitte Januar stehen. Mit realistischen Zielen, die machbar sind und zu Erfolgserlebnissen f\u00fchren. Zum Beispiel ein Fitness-Abo, das mit einem Training pro Woche startet, oder Sparziele, die kleine Schritte belohnen statt den Totalverzicht. Auch wenn sie nicht speziell auf den Januar zielt, finde ich eine Kampagne wie \u00abDu musst nicht perfekt sein, um das Klima zu sch\u00fctzen\u00bb vom WWF sehr gelungen. Sie nimmt den Druck aus der Perfektion, setzt auf kleine, machbare Schritte und holt die Menschen dort ab, wo sie tats\u00e4chlich stehen.<\/p>\n\n\n\n<div style=\"background-color:#f2f2f2;color:#32373c\" class=\"wp-block-genesis-blocks-gb-profile-box square gb-has-avatar gb-font-size-18 gb-block-profile gb-profile-columns\"><div class=\"gb-profile-column gb-profile-avatar-wrap\"><div class=\"gb-profile-image-wrap\"><figure class=\"gb-profile-image-square\"><img loading=\"lazy\" decoding=\"async\" width=\"337\" height=\"449\" class=\"gb-profile-avatar wp-image-24146\" src=\"https:\/\/hub.hslu.ch\/ikm\/wp-content\/blogs.dir\/489\/files\/sites\/8\/Herunterladen-1.jpg\" alt=\"Marcel Zbinden\n\" srcset=\"https:\/\/hub.hslu.ch\/ikm\/wp-content\/blogs.dir\/489\/files\/sites\/8\/Herunterladen-1.jpg 337w, https:\/\/hub.hslu.ch\/ikm\/wp-content\/blogs.dir\/489\/files\/sites\/8\/Herunterladen-1-225x300.jpg 225w\" sizes=\"auto, (max-width: 337px) 100vw, 337px\" \/><\/figure><\/div><\/div><div class=\"gb-profile-column gb-profile-content-wrap\"><h2 class=\"gb-profile-name\" style=\"color:#32373c\">Marcel Zbinden<\/h2><p class=\"gb-profile-title\" style=\"color:#32373c\">Dozent f\u00fcr Wirtschaftspsychologie, <br>Marktforschung und Nachhaltiger Konsum<\/p><div class=\"gb-profile-text\"><\/div><ul class=\"gb-social-links\"><\/ul><\/div><\/div>\n\n\n\n<h2 class=\"wp-block-heading\">Thematisch passende Weiterbildungsprogramme<\/h2>\n\n\n\n<figure class=\"wp-block-image size-large is-resized\"><img loading=\"lazy\" decoding=\"async\" width=\"702\" height=\"367\" src=\"https:\/\/hub.hslu.ch\/ikm\/wp-content\/blogs.dir\/489\/files\/sites\/8\/WBK-GKI-2-Vorlage-Post-LinkedIn-Nr.1-2-702x367.png\" alt=\"CAS Customer Psychology\" class=\"wp-image-24143\" style=\"width:639px;height:auto\" srcset=\"https:\/\/hub.hslu.ch\/ikm\/wp-content\/blogs.dir\/489\/files\/sites\/8\/WBK-GKI-2-Vorlage-Post-LinkedIn-Nr.1-2-702x367.png 702w, https:\/\/hub.hslu.ch\/ikm\/wp-content\/blogs.dir\/489\/files\/sites\/8\/WBK-GKI-2-Vorlage-Post-LinkedIn-Nr.1-2-300x157.png 300w, https:\/\/hub.hslu.ch\/ikm\/wp-content\/blogs.dir\/489\/files\/sites\/8\/WBK-GKI-2-Vorlage-Post-LinkedIn-Nr.1-2-768x401.png 768w, https:\/\/hub.hslu.ch\/ikm\/wp-content\/blogs.dir\/489\/files\/sites\/8\/WBK-GKI-2-Vorlage-Post-LinkedIn-Nr.1-2-928x485.png 928w, https:\/\/hub.hslu.ch\/ikm\/wp-content\/blogs.dir\/489\/files\/sites\/8\/WBK-GKI-2-Vorlage-Post-LinkedIn-Nr.1-2-600x314.png 600w, https:\/\/hub.hslu.ch\/ikm\/wp-content\/blogs.dir\/489\/files\/sites\/8\/WBK-GKI-2-Vorlage-Post-LinkedIn-Nr.1-2.png 1200w\" sizes=\"auto, (max-width: 702px) 100vw, 702px\" \/><\/figure>\n","protected":false},"excerpt":{"rendered":"<p>Im Dezember g\u00f6nnen wir uns mehr, im Januar schalten viele in den Modus des Verzichts. Hinter diesem Wechsel zwischen Genuss und Askese stehen klare psychologische Mechanismen. Konsumentenpsychologe Marcel Zbinden von der Hochschule Luzern zeigt auf, wie Belohnungssysteme, soziale Normen und Framing unser Verhalten rund um den Jahreswechsel steuern \u2013 und was daraus f\u00fcr Marken folgt.<\/p>\n","protected":false},"author":247,"featured_media":24184,"comment_status":"open","ping_status":"open","sticky":false,"template":"","format":"standard","meta":{"_acf_changed":false,"inline_featured_image":false,"_relevanssi_hide_post":"","_relevanssi_hide_content":"","_relevanssi_pin_for_all":"","_relevanssi_pin_keywords":"","_relevanssi_unpin_keywords":"","_relevanssi_related_keywords":"","_relevanssi_related_include_ids":"","_relevanssi_related_exclude_ids":"","_relevanssi_related_no_append":"","_relevanssi_related_not_related":"","_relevanssi_related_posts":"17435,13768,20519,18498,21661,10474","_relevanssi_noindex_reason":"","footnotes":"","_links_to":"","_links_to_target":""},"categories":[66956,86544,86782],"tags":[86123,67098,1051],"class_list":["post-24075","post","type-post","status-publish","format-standard","has-post-thumbnail","hentry","category-customer-experience","category-forschung","category-interview","tag-konsumenten-verhalten","tag-marken","tag-marketing"],"acf":[],"yoast_head":"<!-- This site is optimized with the Yoast SEO plugin v27.4 - https:\/\/yoast.com\/product\/yoast-seo-wordpress\/ -->\n<title>% - IKM-Blog<\/title>\n<meta name=\"description\" content=\"Warum konsumieren wir im Dezember mehr und starten im Januar mit Verzicht? Erfahren Sie, wie Marken diese psychologischen Muster erfolgreich nutzen.\" \/>\n<meta name=\"robots\" content=\"index, follow, max-snippet:-1, max-image-preview:large, max-video-preview:-1\" \/>\n<link rel=\"canonical\" href=\"https:\/\/hub.hslu.ch\/ikm\/2025\/12\/04\/konsumwahn-im-dezember-askese-im-januar-was-dieser-zyklus-fuer-markenstrategien-bedeute\/\" \/>\n<meta property=\"og:locale\" content=\"de_DE\" \/>\n<meta property=\"og:type\" content=\"article\" \/>\n<meta property=\"og:title\" content=\"% - IKM-Blog\" \/>\n<meta property=\"og:description\" content=\"Warum konsumieren wir im Dezember mehr und starten im Januar mit Verzicht? Erfahren Sie, wie Marken diese psychologischen Muster erfolgreich nutzen.\" \/>\n<meta property=\"og:url\" content=\"https:\/\/hub.hslu.ch\/ikm\/2025\/12\/04\/konsumwahn-im-dezember-askese-im-januar-was-dieser-zyklus-fuer-markenstrategien-bedeute\/\" \/>\n<meta property=\"og:site_name\" content=\"IKM-Blog\" \/>\n<meta property=\"article:published_time\" content=\"2025-12-04T12:03:49+00:00\" \/>\n<meta property=\"article:modified_time\" content=\"2026-02-11T15:30:07+00:00\" \/>\n<meta property=\"og:image\" content=\"https:\/\/hub.hslu.ch\/ikm\/wp-content\/blogs.dir\/489\/files\/sites\/8\/4-1.jpg\" \/>\n\t<meta property=\"og:image:width\" content=\"400\" \/>\n\t<meta property=\"og:image:height\" content=\"400\" \/>\n\t<meta property=\"og:image:type\" content=\"image\/jpeg\" \/>\n<meta name=\"author\" content=\"sandramendez\" \/>\n<meta name=\"twitter:card\" content=\"summary_large_image\" \/>\n<meta name=\"twitter:label1\" content=\"Geschrieben von\" \/>\n\t<meta name=\"twitter:data1\" content=\"sandramendez\" \/>\n\t<meta name=\"twitter:label2\" content=\"Gesch\u00e4tzte Lesezeit\" \/>\n\t<meta name=\"twitter:data2\" content=\"6\u00a0Minuten\" \/>\n<script type=\"application\/ld+json\" class=\"yoast-schema-graph\">{\"@context\":\"https:\\\/\\\/schema.org\",\"@graph\":[{\"@type\":\"Article\",\"@id\":\"https:\\\/\\\/hub.hslu.ch\\\/ikm\\\/2025\\\/12\\\/04\\\/konsumwahn-im-dezember-askese-im-januar-was-dieser-zyklus-fuer-markenstrategien-bedeute\\\/#article\",\"isPartOf\":{\"@id\":\"https:\\\/\\\/hub.hslu.ch\\\/ikm\\\/2025\\\/12\\\/04\\\/konsumwahn-im-dezember-askese-im-januar-was-dieser-zyklus-fuer-markenstrategien-bedeute\\\/\"},\"author\":{\"name\":\"sandramendez\",\"@id\":\"https:\\\/\\\/hub.hslu.ch\\\/ikm\\\/#\\\/schema\\\/person\\\/f499a20cf3ea24019b09ec0b7a32f6f3\"},\"headline\":\"Zwischen Konsumwahn und Askese: Wie Marken klug darauf reagieren\",\"datePublished\":\"2025-12-04T12:03:49+00:00\",\"dateModified\":\"2026-02-11T15:30:07+00:00\",\"mainEntityOfPage\":{\"@id\":\"https:\\\/\\\/hub.hslu.ch\\\/ikm\\\/2025\\\/12\\\/04\\\/konsumwahn-im-dezember-askese-im-januar-was-dieser-zyklus-fuer-markenstrategien-bedeute\\\/\"},\"wordCount\":1002,\"commentCount\":0,\"image\":{\"@id\":\"https:\\\/\\\/hub.hslu.ch\\\/ikm\\\/2025\\\/12\\\/04\\\/konsumwahn-im-dezember-askese-im-januar-was-dieser-zyklus-fuer-markenstrategien-bedeute\\\/#primaryimage\"},\"thumbnailUrl\":\"https:\\\/\\\/hub.hslu.ch\\\/ikm\\\/wp-content\\\/blogs.dir\\\/489\\\/files\\\/sites\\\/8\\\/4-1.jpg\",\"keywords\":[\"Konsumenten verhalten\",\"Marken\",\"Marketing\"],\"articleSection\":[\"Customer Experience\",\"Forschung\",\"Interview\"],\"inLanguage\":\"de-CH\",\"potentialAction\":[{\"@type\":\"CommentAction\",\"name\":\"Comment\",\"target\":[\"https:\\\/\\\/hub.hslu.ch\\\/ikm\\\/2025\\\/12\\\/04\\\/konsumwahn-im-dezember-askese-im-januar-was-dieser-zyklus-fuer-markenstrategien-bedeute\\\/#respond\"]}]},{\"@type\":\"WebPage\",\"@id\":\"https:\\\/\\\/hub.hslu.ch\\\/ikm\\\/2025\\\/12\\\/04\\\/konsumwahn-im-dezember-askese-im-januar-was-dieser-zyklus-fuer-markenstrategien-bedeute\\\/\",\"url\":\"https:\\\/\\\/hub.hslu.ch\\\/ikm\\\/2025\\\/12\\\/04\\\/konsumwahn-im-dezember-askese-im-januar-was-dieser-zyklus-fuer-markenstrategien-bedeute\\\/\",\"name\":\"% - IKM-Blog\",\"isPartOf\":{\"@id\":\"https:\\\/\\\/hub.hslu.ch\\\/ikm\\\/#website\"},\"primaryImageOfPage\":{\"@id\":\"https:\\\/\\\/hub.hslu.ch\\\/ikm\\\/2025\\\/12\\\/04\\\/konsumwahn-im-dezember-askese-im-januar-was-dieser-zyklus-fuer-markenstrategien-bedeute\\\/#primaryimage\"},\"image\":{\"@id\":\"https:\\\/\\\/hub.hslu.ch\\\/ikm\\\/2025\\\/12\\\/04\\\/konsumwahn-im-dezember-askese-im-januar-was-dieser-zyklus-fuer-markenstrategien-bedeute\\\/#primaryimage\"},\"thumbnailUrl\":\"https:\\\/\\\/hub.hslu.ch\\\/ikm\\\/wp-content\\\/blogs.dir\\\/489\\\/files\\\/sites\\\/8\\\/4-1.jpg\",\"datePublished\":\"2025-12-04T12:03:49+00:00\",\"dateModified\":\"2026-02-11T15:30:07+00:00\",\"author\":{\"@id\":\"https:\\\/\\\/hub.hslu.ch\\\/ikm\\\/#\\\/schema\\\/person\\\/f499a20cf3ea24019b09ec0b7a32f6f3\"},\"description\":\"Warum konsumieren wir im Dezember mehr und starten im Januar mit Verzicht? Erfahren Sie, wie Marken diese psychologischen Muster erfolgreich nutzen.\",\"breadcrumb\":{\"@id\":\"https:\\\/\\\/hub.hslu.ch\\\/ikm\\\/2025\\\/12\\\/04\\\/konsumwahn-im-dezember-askese-im-januar-was-dieser-zyklus-fuer-markenstrategien-bedeute\\\/#breadcrumb\"},\"inLanguage\":\"de-CH\",\"potentialAction\":[{\"@type\":\"ReadAction\",\"target\":[\"https:\\\/\\\/hub.hslu.ch\\\/ikm\\\/2025\\\/12\\\/04\\\/konsumwahn-im-dezember-askese-im-januar-was-dieser-zyklus-fuer-markenstrategien-bedeute\\\/\"]}]},{\"@type\":\"ImageObject\",\"inLanguage\":\"de-CH\",\"@id\":\"https:\\\/\\\/hub.hslu.ch\\\/ikm\\\/2025\\\/12\\\/04\\\/konsumwahn-im-dezember-askese-im-januar-was-dieser-zyklus-fuer-markenstrategien-bedeute\\\/#primaryimage\",\"url\":\"https:\\\/\\\/hub.hslu.ch\\\/ikm\\\/wp-content\\\/blogs.dir\\\/489\\\/files\\\/sites\\\/8\\\/4-1.jpg\",\"contentUrl\":\"https:\\\/\\\/hub.hslu.ch\\\/ikm\\\/wp-content\\\/blogs.dir\\\/489\\\/files\\\/sites\\\/8\\\/4-1.jpg\",\"width\":400,\"height\":400,\"caption\":\"Interview mit Marcel Zbinden\"},{\"@type\":\"BreadcrumbList\",\"@id\":\"https:\\\/\\\/hub.hslu.ch\\\/ikm\\\/2025\\\/12\\\/04\\\/konsumwahn-im-dezember-askese-im-januar-was-dieser-zyklus-fuer-markenstrategien-bedeute\\\/#breadcrumb\",\"itemListElement\":[{\"@type\":\"ListItem\",\"position\":1,\"name\":\"Home\",\"item\":\"https:\\\/\\\/hub.hslu.ch\\\/ikm\\\/\"},{\"@type\":\"ListItem\",\"position\":2,\"name\":\"Zwischen Konsumwahn und Askese: Wie Marken klug darauf reagieren\"}]},{\"@type\":\"WebSite\",\"@id\":\"https:\\\/\\\/hub.hslu.ch\\\/ikm\\\/#website\",\"url\":\"https:\\\/\\\/hub.hslu.ch\\\/ikm\\\/\",\"name\":\"IKM-Blog\",\"description\":\"Kommunikation und Marketing an der Hochschule Luzern \u2013 Wirtschaft\",\"potentialAction\":[{\"@type\":\"SearchAction\",\"target\":{\"@type\":\"EntryPoint\",\"urlTemplate\":\"https:\\\/\\\/hub.hslu.ch\\\/ikm\\\/?s={search_term_string}\"},\"query-input\":{\"@type\":\"PropertyValueSpecification\",\"valueRequired\":true,\"valueName\":\"search_term_string\"}}],\"inLanguage\":\"de-CH\"},{\"@type\":\"Person\",\"@id\":\"https:\\\/\\\/hub.hslu.ch\\\/ikm\\\/#\\\/schema\\\/person\\\/f499a20cf3ea24019b09ec0b7a32f6f3\",\"name\":\"sandramendez\"}]}<\/script>\n<!-- \/ Yoast SEO plugin. -->","yoast_head_json":{"title":"% - IKM-Blog","description":"Warum konsumieren wir im Dezember mehr und starten im Januar mit Verzicht? Erfahren Sie, wie Marken diese psychologischen Muster erfolgreich nutzen.","robots":{"index":"index","follow":"follow","max-snippet":"max-snippet:-1","max-image-preview":"max-image-preview:large","max-video-preview":"max-video-preview:-1"},"canonical":"https:\/\/hub.hslu.ch\/ikm\/2025\/12\/04\/konsumwahn-im-dezember-askese-im-januar-was-dieser-zyklus-fuer-markenstrategien-bedeute\/","og_locale":"de_DE","og_type":"article","og_title":"% - IKM-Blog","og_description":"Warum konsumieren wir im Dezember mehr und starten im Januar mit Verzicht? Erfahren Sie, wie Marken diese psychologischen Muster erfolgreich nutzen.","og_url":"https:\/\/hub.hslu.ch\/ikm\/2025\/12\/04\/konsumwahn-im-dezember-askese-im-januar-was-dieser-zyklus-fuer-markenstrategien-bedeute\/","og_site_name":"IKM-Blog","article_published_time":"2025-12-04T12:03:49+00:00","article_modified_time":"2026-02-11T15:30:07+00:00","og_image":[{"width":400,"height":400,"url":"https:\/\/hub.hslu.ch\/ikm\/wp-content\/blogs.dir\/489\/files\/sites\/8\/4-1.jpg","type":"image\/jpeg"}],"author":"sandramendez","twitter_card":"summary_large_image","twitter_misc":{"Geschrieben von":"sandramendez","Gesch\u00e4tzte Lesezeit":"6\u00a0Minuten"},"schema":{"@context":"https:\/\/schema.org","@graph":[{"@type":"Article","@id":"https:\/\/hub.hslu.ch\/ikm\/2025\/12\/04\/konsumwahn-im-dezember-askese-im-januar-was-dieser-zyklus-fuer-markenstrategien-bedeute\/#article","isPartOf":{"@id":"https:\/\/hub.hslu.ch\/ikm\/2025\/12\/04\/konsumwahn-im-dezember-askese-im-januar-was-dieser-zyklus-fuer-markenstrategien-bedeute\/"},"author":{"name":"sandramendez","@id":"https:\/\/hub.hslu.ch\/ikm\/#\/schema\/person\/f499a20cf3ea24019b09ec0b7a32f6f3"},"headline":"Zwischen Konsumwahn und Askese: Wie Marken klug darauf reagieren","datePublished":"2025-12-04T12:03:49+00:00","dateModified":"2026-02-11T15:30:07+00:00","mainEntityOfPage":{"@id":"https:\/\/hub.hslu.ch\/ikm\/2025\/12\/04\/konsumwahn-im-dezember-askese-im-januar-was-dieser-zyklus-fuer-markenstrategien-bedeute\/"},"wordCount":1002,"commentCount":0,"image":{"@id":"https:\/\/hub.hslu.ch\/ikm\/2025\/12\/04\/konsumwahn-im-dezember-askese-im-januar-was-dieser-zyklus-fuer-markenstrategien-bedeute\/#primaryimage"},"thumbnailUrl":"https:\/\/hub.hslu.ch\/ikm\/wp-content\/blogs.dir\/489\/files\/sites\/8\/4-1.jpg","keywords":["Konsumenten verhalten","Marken","Marketing"],"articleSection":["Customer Experience","Forschung","Interview"],"inLanguage":"de-CH","potentialAction":[{"@type":"CommentAction","name":"Comment","target":["https:\/\/hub.hslu.ch\/ikm\/2025\/12\/04\/konsumwahn-im-dezember-askese-im-januar-was-dieser-zyklus-fuer-markenstrategien-bedeute\/#respond"]}]},{"@type":"WebPage","@id":"https:\/\/hub.hslu.ch\/ikm\/2025\/12\/04\/konsumwahn-im-dezember-askese-im-januar-was-dieser-zyklus-fuer-markenstrategien-bedeute\/","url":"https:\/\/hub.hslu.ch\/ikm\/2025\/12\/04\/konsumwahn-im-dezember-askese-im-januar-was-dieser-zyklus-fuer-markenstrategien-bedeute\/","name":"% - IKM-Blog","isPartOf":{"@id":"https:\/\/hub.hslu.ch\/ikm\/#website"},"primaryImageOfPage":{"@id":"https:\/\/hub.hslu.ch\/ikm\/2025\/12\/04\/konsumwahn-im-dezember-askese-im-januar-was-dieser-zyklus-fuer-markenstrategien-bedeute\/#primaryimage"},"image":{"@id":"https:\/\/hub.hslu.ch\/ikm\/2025\/12\/04\/konsumwahn-im-dezember-askese-im-januar-was-dieser-zyklus-fuer-markenstrategien-bedeute\/#primaryimage"},"thumbnailUrl":"https:\/\/hub.hslu.ch\/ikm\/wp-content\/blogs.dir\/489\/files\/sites\/8\/4-1.jpg","datePublished":"2025-12-04T12:03:49+00:00","dateModified":"2026-02-11T15:30:07+00:00","author":{"@id":"https:\/\/hub.hslu.ch\/ikm\/#\/schema\/person\/f499a20cf3ea24019b09ec0b7a32f6f3"},"description":"Warum konsumieren wir im Dezember mehr und starten im Januar mit Verzicht? Erfahren Sie, wie Marken diese psychologischen Muster erfolgreich nutzen.","breadcrumb":{"@id":"https:\/\/hub.hslu.ch\/ikm\/2025\/12\/04\/konsumwahn-im-dezember-askese-im-januar-was-dieser-zyklus-fuer-markenstrategien-bedeute\/#breadcrumb"},"inLanguage":"de-CH","potentialAction":[{"@type":"ReadAction","target":["https:\/\/hub.hslu.ch\/ikm\/2025\/12\/04\/konsumwahn-im-dezember-askese-im-januar-was-dieser-zyklus-fuer-markenstrategien-bedeute\/"]}]},{"@type":"ImageObject","inLanguage":"de-CH","@id":"https:\/\/hub.hslu.ch\/ikm\/2025\/12\/04\/konsumwahn-im-dezember-askese-im-januar-was-dieser-zyklus-fuer-markenstrategien-bedeute\/#primaryimage","url":"https:\/\/hub.hslu.ch\/ikm\/wp-content\/blogs.dir\/489\/files\/sites\/8\/4-1.jpg","contentUrl":"https:\/\/hub.hslu.ch\/ikm\/wp-content\/blogs.dir\/489\/files\/sites\/8\/4-1.jpg","width":400,"height":400,"caption":"Interview mit Marcel Zbinden"},{"@type":"BreadcrumbList","@id":"https:\/\/hub.hslu.ch\/ikm\/2025\/12\/04\/konsumwahn-im-dezember-askese-im-januar-was-dieser-zyklus-fuer-markenstrategien-bedeute\/#breadcrumb","itemListElement":[{"@type":"ListItem","position":1,"name":"Home","item":"https:\/\/hub.hslu.ch\/ikm\/"},{"@type":"ListItem","position":2,"name":"Zwischen Konsumwahn und Askese: Wie Marken klug darauf reagieren"}]},{"@type":"WebSite","@id":"https:\/\/hub.hslu.ch\/ikm\/#website","url":"https:\/\/hub.hslu.ch\/ikm\/","name":"IKM-Blog","description":"Kommunikation und Marketing an der Hochschule Luzern \u2013 Wirtschaft","potentialAction":[{"@type":"SearchAction","target":{"@type":"EntryPoint","urlTemplate":"https:\/\/hub.hslu.ch\/ikm\/?s={search_term_string}"},"query-input":{"@type":"PropertyValueSpecification","valueRequired":true,"valueName":"search_term_string"}}],"inLanguage":"de-CH"},{"@type":"Person","@id":"https:\/\/hub.hslu.ch\/ikm\/#\/schema\/person\/f499a20cf3ea24019b09ec0b7a32f6f3","name":"sandramendez"}]}},"featured_image_src":"https:\/\/hub.hslu.ch\/ikm\/wp-content\/blogs.dir\/489\/files\/sites\/8\/4-1.jpg","featured_image_src_square":"https:\/\/hub.hslu.ch\/ikm\/wp-content\/blogs.dir\/489\/files\/sites\/8\/4-1.jpg","author_info":{"display_name":"sandramendez","author_link":"https:\/\/hub.hslu.ch\/ikm\/author\/sandramendez\/"},"_links":{"self":[{"href":"https:\/\/hub.hslu.ch\/ikm\/wp-json\/wp\/v2\/posts\/24075","targetHints":{"allow":["GET"]}}],"collection":[{"href":"https:\/\/hub.hslu.ch\/ikm\/wp-json\/wp\/v2\/posts"}],"about":[{"href":"https:\/\/hub.hslu.ch\/ikm\/wp-json\/wp\/v2\/types\/post"}],"author":[{"embeddable":true,"href":"https:\/\/hub.hslu.ch\/ikm\/wp-json\/wp\/v2\/users\/247"}],"replies":[{"embeddable":true,"href":"https:\/\/hub.hslu.ch\/ikm\/wp-json\/wp\/v2\/comments?post=24075"}],"version-history":[{"count":8,"href":"https:\/\/hub.hslu.ch\/ikm\/wp-json\/wp\/v2\/posts\/24075\/revisions"}],"predecessor-version":[{"id":24644,"href":"https:\/\/hub.hslu.ch\/ikm\/wp-json\/wp\/v2\/posts\/24075\/revisions\/24644"}],"wp:featuredmedia":[{"embeddable":true,"href":"https:\/\/hub.hslu.ch\/ikm\/wp-json\/wp\/v2\/media\/24184"}],"wp:attachment":[{"href":"https:\/\/hub.hslu.ch\/ikm\/wp-json\/wp\/v2\/media?parent=24075"}],"wp:term":[{"taxonomy":"category","embeddable":true,"href":"https:\/\/hub.hslu.ch\/ikm\/wp-json\/wp\/v2\/categories?post=24075"},{"taxonomy":"post_tag","embeddable":true,"href":"https:\/\/hub.hslu.ch\/ikm\/wp-json\/wp\/v2\/tags?post=24075"}],"curies":[{"name":"wp","href":"https:\/\/api.w.org\/{rel}","templated":true}]}}