{"id":24953,"date":"2026-09-02T16:41:50","date_gmt":"2026-09-02T14:41:50","guid":{"rendered":"https:\/\/hub.hslu.ch\/ikm\/?p=24953"},"modified":"2026-09-02T16:46:39","modified_gmt":"2026-09-02T14:46:39","slug":"ai-transformation-nutzen-ist-nicht-koennen","status":"publish","type":"post","link":"https:\/\/hub.hslu.ch\/ikm\/2026\/09\/02\/ai-transformation-nutzen-ist-nicht-koennen\/","title":{"rendered":"AI Transformation: Nutzen ist nicht K\u00f6nnen"},"content":{"rendered":"\n<p class=\"wp-block-paragraph\">Dreizehn Fragen, dreizehn kurze Antworten. Dr. Nadine Stutz \u00fcber AI Transformation in Marketing und Kommunikation, \u00fcber AI Slop, das Kompetenzparadox und die Frage, was Menschen k\u00fcnftig beitragen.<\/p>\n\n\n\n<p class=\"wp-block-paragraph\"><\/p>\n\n\n\n<h2 class=\"wp-block-heading\"><strong>Von der Content-Flut zur Wirkungsfrage<\/strong><\/h2>\n\n\n\n<p class=\"wp-block-paragraph\"><\/p>\n\n\n\n<p class=\"wp-block-paragraph\"><strong>Generative KI hat die Content-Produktion gel\u00f6st. Was ist das gr\u00f6sste Problem, das dadurch entstanden ist?<\/strong><\/p>\n\n\n\n<p class=\"wp-block-paragraph\">Alle reden gleichzeitig, aber fast niemand h\u00f6rt mehr zu. Wenn die Grenzkosten der Produktion gegen null gehen, produzieren alle mehr. Das ist das Jevons-Paradoxon: Effizienzgewinne f\u00fchren nicht zu weniger Verbrauch, sondern zu mehr. Die Kan\u00e4le verstopfen und die eigenen Botschaften gehen im Rauschen unter.<\/p>\n\n\n\n<p class=\"wp-block-paragraph\"><strong>Ist AI Slop ein Fehler der Maschine?<\/strong><\/p>\n\n\n\n<p class=\"wp-block-paragraph\">Nein. Die Maschine schreibt fl\u00fcssig und auf den ersten Blick passend. Sie schreibt aber auch dann, wenn es nichts zu sagen gibt. Die Frage, ob ein Content-Piece \u00fcberhaupt produziert werden soll, stellt sie sich nicht. Genau da fehlt der Mensch.<\/p>\n\n\n\n<p class=\"wp-block-paragraph\"><strong>Was ist die wichtigste Kompetenz f\u00fcr Kommunikationsprofis?<\/strong><\/p>\n\n\n\n<p class=\"wp-block-paragraph\">Urteilsverm\u00f6gen und strategisches Denken. Ein Modell weiss nicht, ob eine Aussage in der aktuellen Lage klug ist. Es kennt weder den laufenden Stakeholder-Konflikt noch die informelle Absprache vom letzten Freitag. Der mutige Entscheid, etwas nicht zu publizieren, bleibt menschlich.<\/p>\n\n\n\n<p class=\"wp-block-paragraph\"><strong>Warum Nutzen nicht K\u00f6nnen ist<\/strong><\/p>\n\n\n\n<p class=\"wp-block-paragraph\">Fachwissen. Prompting lernt man in ein paar Wochen. Ohne eigene Expertise k\u00f6nnen wir gar nicht beurteilen, ob das Ergebnis stimmt. Generative KI unterst\u00fctzt dort, wo wir bereits eigenes Wissen und eigenes Denken einbringen.<\/p>\n\n\n\n<p class=\"wp-block-paragraph\"><strong>Die Kompetenzen, die Sie beschreiben, gab es doch schon vorher.<\/strong><\/p>\n\n\n\n<p class=\"wp-block-paragraph\">Ja, neu ist nur, dass sie nicht mehr im gleichen Mass mittrainiert werden. Wer fr\u00fcher hundert Medienmitteilungen geschrieben hat, hat dabei ein Gesp\u00fcr f\u00fcr Relevanz entwickelt. Wer hundert Medienmitteilungen generieren l\u00e4sst, entwickelt dieses Gesp\u00fcr nicht automatisch. Was bisher on the job entstand, muss k\u00fcnftig gezielt aufgebaut werden.<\/p>\n\n\n\n<p class=\"wp-block-paragraph\"><strong>Die meisten Unternehmen nutzen KI l\u00e4ngst. Wo klemmt es trotzdem?<\/strong><\/p>\n\n\n\n<p class=\"wp-block-paragraph\">Zwischen Nutzung und Integration. Rund die H\u00e4lfte der Schweizer Unternehmen hat Anwendungsf\u00e4lle identifiziert und Pilotprojekte gestartet. \u00dcber die Pilotphase hinaus kommen die wenigsten, und gut ein Drittel misst den Wert dieser Projekte gar nicht erst. Mehr Nutzung bedeutet eben nicht automatisch mehr Kompetenz. Das ist das Kompetenzparadox.<\/p>\n\n\n\n<p class=\"wp-block-paragraph\">(<a href=\"https:\/\/www.cmm360.ch\/artikel\/ch-unternehmen-kommen-bei-ki-kaum-ueber-pilotprojekte-hinaus\/\">https:\/\/www.cmm360.ch\/artikel\/ch-unternehmen-kommen-bei-ki-kaum-ueber-pilotprojekte-hinaus\/<\/a>)<\/p>\n\n\n\n<p class=\"wp-block-paragraph\"><\/p>\n\n\n\n<h2 class=\"wp-block-heading\"><strong>Vom Experimentieren zum Integrieren<\/strong><\/h2>\n\n\n\n<p class=\"wp-block-paragraph\"><\/p>\n\n\n\n<p class=\"wp-block-paragraph\"><strong>Die Euphorie von 2024 ist verflogen. Ist das ein schlechtes Zeichen?<\/strong><\/p>\n\n\n\n<p class=\"wp-block-paragraph\">Im Gegenteil, es ist der Moment, in dem es interessant wird. Bei Technologieverantwortlichen ist die Zuversicht, KI erfolgreich skalieren zu k\u00f6nnen, innerhalb von zwei Jahren von rund achtzig auf unter f\u00fcnfzig Prozent gefallen (<a href=\"https:\/\/www.swissinfo.ch\/ger\/studie:-integration-von-ki-in-unternehmen-komplexer-als-gedacht\/91631955\">https:\/\/www.swissinfo.ch\/ger\/studie:-integration-von-ki-in-unternehmen-komplexer-als-gedacht\/91631955<\/a> ). Die Nutzung geht nicht zur\u00fcck, die Erwartungen werden realistischer. Genau jetzt lohnt es sich, Kompetenzen aufzubauen statt Tools zu sammeln<\/p>\n\n\n\n<p class=\"wp-block-paragraph\"><strong>Ist die Technologie der limitierende Faktor?<\/strong><\/p>\n\n\n\n<p class=\"wp-block-paragraph\">Selten. Tools gibt es genug. Was fehlt, ist Klarheit dar\u00fcber, wof\u00fcr sie eingesetzt werden und wof\u00fcr eben nicht, wer die Verantwortung f\u00fcr Qualit\u00e4t tr\u00e4gt und wie das Ganze in bestehende Abl\u00e4ufe eingebettet wird. Es sind die Menschen und Prozesse, nicht die Technologie.<\/p>\n\n\n\n<p class=\"wp-block-paragraph\"><strong>Was passiert, wenn eine Organisation diesen Rahmen nicht schafft?<\/strong><\/p>\n\n\n\n<p class=\"wp-block-paragraph\">Dann bleibt KI-Nutzung ein Zusatzaufwand, etwas, das man nebenbei macht, wenn Zeit bleibt. Das eigene K\u00f6nnen entwickelt sich langsamer, die H\u00fcrde im Alltag wird h\u00f6her. Die einzelne Person soll dann aufholen, was die Organisation nicht vorbereitet hat.<\/p>\n\n\n\n<p class=\"wp-block-paragraph\"><strong>Wer treibt diese Transformation im Unternehmen?<\/strong><\/p>\n\n\n\n<p class=\"wp-block-paragraph\">Marketing- und Kommunikationsleute sind hier in der Pole Position. Relevanz einsch\u00e4tzen, Zielgruppen verstehen, Botschaften auf Wirkung pr\u00fcfen: Das ist ohnehin unser Job. Es geht nicht darum, eine neue Technologie zu beherrschen, sondern darum, vorhandene Kompetenzen bewusst einzubringen, statt sie an das Tool abzugeben.<\/p>\n\n\n\n<p class=\"wp-block-paragraph\"><strong>Alle reden von KI-Agenten. Was heisst das f\u00fcr Kommunikationsteams?<\/strong><\/p>\n\n\n\n<p class=\"wp-block-paragraph\">Vorerst wenig Praxis und viel Ank\u00fcndigung: Die grosse Mehrheit der Schweizer Unternehmen ist bei agentischer KI noch in der Explorationsphase. Die Richtung ist aber klar. Wer heute einzelne Kampagnen ausf\u00fchrt, wird k\u00fcnftig Systeme beaufsichtigen, die vieles selbst erledigen. Und Beaufsichtigen heisst beurteilen k\u00f6nnen. Damit sind wir wieder beim Urteilsverm\u00f6gen.<\/p>\n\n\n\n<p class=\"wp-block-paragraph\"><\/p>\n\n\n\n<h2 class=\"wp-block-heading\"><strong>Zum Schluss: Kurz und knapp<\/strong><\/h2>\n\n\n\n<p class=\"wp-block-paragraph\"><\/p>\n\n\n\n<p class=\"wp-block-paragraph\"><strong>Macht KI uns \u00fcberfl\u00fcssig oder bleibt am Ende alles beim Alten?<\/strong><\/p>\n\n\n\n<p class=\"wp-block-paragraph\">Weder noch, und beide Narrative sind bequem: Sie ersparen uns das Entscheiden. Genau das k\u00f6nnen wir uns nicht leisten. Wir gestalten den Umgang mit KI, oder wir bedienen sie nur.<\/p>\n\n\n\n<p class=\"wp-block-paragraph\"><strong>Ein Satz an alle, die gerade \u00fcberfordert sind?<\/strong><\/p>\n\n\n\n<p class=\"wp-block-paragraph\">Fangen Sie nicht beim Tool an, sondern bei der Frage, was Sie beitragen, das die Maschine nicht kann.<\/p>\n\n\n\n<p class=\"wp-block-paragraph\">Generative KI hat das Produktionsproblem gel\u00f6st und daf\u00fcr ein Wirkungsproblem geschaffen. Wer k\u00fcnftig geh\u00f6rt werden will, braucht weniger Output und mehr eigenes Denken: Urteilsverm\u00f6gen, Kontextwissen, Fachexpertise. Und Organisationen, die den Sprung vom Experimentieren zum Integrieren schaffen.<\/p>\n\n\n\n<p class=\"wp-block-paragraph\">Diese Kompetenzen entstehen nicht mehr nebenbei. Sie m\u00fcssen gezielt aufgebaut werden. Genau hier setzt das SAS AI Transformation in Marketing und Kommunikation an.<\/p>\n\n\n\n<div class=\"wp-block-genesis-blocks-gb-profile-box square gb-has-avatar gb-font-size-17 gb-block-profile gb-profile-columns\" style=\"background-color:#f2f2f2;color:#32373c\"><div class=\"gb-profile-column gb-profile-avatar-wrap\"><div class=\"gb-profile-image-wrap\"><figure class=\"gb-profile-image-square\"><img loading=\"lazy\" decoding=\"async\" width=\"1382\" height=\"1365\" class=\"gb-profile-avatar wp-image-19066\" src=\"https:\/\/hub.hslu.ch\/ikm\/wp-content\/blogs.dir\/489\/files\/sites\/8\/Nadine-Stutz-e1668694758220.jpg\" alt=\"Dr. Nadine Stutz\" srcset=\"https:\/\/hub.hslu.ch\/ikm\/wp-content\/blogs.dir\/489\/files\/sites\/8\/Nadine-Stutz-e1668694758220.jpg 1382w, https:\/\/hub.hslu.ch\/ikm\/wp-content\/blogs.dir\/489\/files\/sites\/8\/Nadine-Stutz-e1668694758220-300x296.jpg 300w, https:\/\/hub.hslu.ch\/ikm\/wp-content\/blogs.dir\/489\/files\/sites\/8\/Nadine-Stutz-e1668694758220-702x693.jpg 702w, https:\/\/hub.hslu.ch\/ikm\/wp-content\/blogs.dir\/489\/files\/sites\/8\/Nadine-Stutz-e1668694758220-768x759.jpg 768w, https:\/\/hub.hslu.ch\/ikm\/wp-content\/blogs.dir\/489\/files\/sites\/8\/Nadine-Stutz-e1668694758220-707x698.jpg 707w\" sizes=\"auto, (max-width: 1382px) 100vw, 1382px\" \/><\/figure><\/div><\/div><div class=\"gb-profile-column gb-profile-content-wrap\"><h2 class=\"gb-profile-name\" style=\"color:#32373c\">Dr. Nadine Stutz <\/h2><p class=\"gb-profile-title\" style=\"color:#32373c\">Co-Leitung CAS und Dozentin Digital Communication und generative KI, Institut f\u00fcr Kommunikation und Marketing IKM, Hochschule Luzern Wirtschaft<\/p><div class=\"gb-profile-text\"><br>Dr. Nadine Stutz ist Beraterin, Dozentin und Keynote-Speakerin an der Schnittstelle von Mensch, Technologie und Kommunikation. Sie bef\u00e4higt Menschen und Organisationen in Transformationsprozessen, mit Fokus auf dem #TeamHuman, generativer KI und dem Aufbau digitaler Kompetenzen. Sie ist Dozentin am IKM an der Hochschule Luzern Wirtschaft und Inhaberin von empower digital.<\/div><ul class=\"gb-social-links\"><\/ul><\/div><\/div>\n\n\n\n<p class=\"wp-block-paragraph\"><\/p>\n\n\n\n<p class=\"wp-block-paragraph\"><strong>Thematisch passende Angebot<\/strong><\/p>\n\n\n<div class=\"wp-block-image\">\n<figure class=\"aligncenter size-full is-resized\"><a href=\"https:\/\/www.hslu.ch\/en\/lucerne-school-of-business\/continuing-education\/sas\/ikm\/ai-transformation\/\"><img loading=\"lazy\" decoding=\"async\" width=\"600\" height=\"600\" src=\"https:\/\/hub.hslu.ch\/ikm\/wp-content\/blogs.dir\/489\/files\/sites\/8\/f-6.jpg\" alt=\"SAS AI Transformation in Marketing &amp; Kommunikation\" class=\"wp-image-24954\" style=\"width:366px;height:auto\" srcset=\"https:\/\/hub.hslu.ch\/ikm\/wp-content\/blogs.dir\/489\/files\/sites\/8\/f-6.jpg 600w, https:\/\/hub.hslu.ch\/ikm\/wp-content\/blogs.dir\/489\/files\/sites\/8\/f-6-300x300.jpg 300w, https:\/\/hub.hslu.ch\/ikm\/wp-content\/blogs.dir\/489\/files\/sites\/8\/f-6-150x150.jpg 150w\" sizes=\"auto, (max-width: 600px) 100vw, 600px\" \/><\/a><figcaption class=\"wp-element-caption\">SAS am IKM<\/figcaption><\/figure>\n<\/div>\n\n\n<p class=\"wp-block-paragraph\"><strong>Das modulare CAS <\/strong><\/p>\n\n\n<div class=\"wp-block-image\">\n<figure class=\"aligncenter size-full is-resized\"><a href=\"https:\/\/www.hslu.ch\/de-ch\/wirtschaft\/weiterbildung\/cas\/ikm\/ai-in-marketing-and-communication\/?sourceurl=\/ai\"><img loading=\"lazy\" decoding=\"async\" width=\"600\" height=\"600\" src=\"https:\/\/hub.hslu.ch\/ikm\/wp-content\/blogs.dir\/489\/files\/sites\/8\/f-7.jpg\" alt=\"CAS AI in Marketing and Communication \" class=\"wp-image-24956\" style=\"width:388px;height:auto\" srcset=\"https:\/\/hub.hslu.ch\/ikm\/wp-content\/blogs.dir\/489\/files\/sites\/8\/f-7.jpg 600w, https:\/\/hub.hslu.ch\/ikm\/wp-content\/blogs.dir\/489\/files\/sites\/8\/f-7-300x300.jpg 300w, https:\/\/hub.hslu.ch\/ikm\/wp-content\/blogs.dir\/489\/files\/sites\/8\/f-7-150x150.jpg 150w\" sizes=\"auto, (max-width: 600px) 100vw, 600px\" \/><\/a><figcaption class=\"wp-element-caption\">CAS AI in Marketing and Communication <\/figcaption><\/figure>\n<\/div>\n\n\n<p class=\"wp-block-paragraph\"><strong>Die einzeln buchbaren SAS-Module<\/strong><\/p>\n\n\n\n<div class=\"wp-block-columns is-layout-flex wp-container-core-columns-is-layout-8f761849 wp-block-columns-is-layout-flex\">\n<div class=\"wp-block-column is-layout-flow wp-block-column-is-layout-flow\" style=\"flex-basis:100%\">\n<div class=\"wp-block-columns is-layout-flex wp-container-core-columns-is-layout-8f761849 wp-block-columns-is-layout-flex\">\n<div class=\"wp-block-column is-layout-flow wp-block-column-is-layout-flow\" style=\"flex-basis:100%\">\n<div class=\"wp-block-columns is-layout-flex wp-container-core-columns-is-layout-8f761849 wp-block-columns-is-layout-flex\">\n<div class=\"wp-block-column is-layout-flow wp-block-column-is-layout-flow\" style=\"flex-basis:100%\">\n<div class=\"swiper__responsive-container \">\n\t<div class=\"swiper__responsive-wrapper\">\n\t\t<div class=\"swiper mainSwiper\">\n\t\t\t<div class=\"swiper-wrapper\">\n\t\t\t\t\t\t\t\t\t\t\t\t\t\t<div class=\"swiper-slide\">\n\t\t\t\t\t\t<figure class=\"slide-figure\">\n\t\t\t\t\t\t\t<img decoding=\"async\" class=\"slide-image\" src=\"https:\/\/hub.hslu.ch\/ikm\/wp-content\/blogs.dir\/489\/files\/sites\/8\/5-1.jpg\" alt=\"SAS GEnerative KI f\u00fcr Marketing und Kommunikation\">\n\t\t\t\t\t\t\t<figcaption class=\"slide-caption\"><span><\/span><\/figcaption>\n\t\t\t\t\t\t<\/figure>\n\t\t\t\t\t\t<div class=\"slide-action-container\">\n\t\t\t\t\t\t\t<div class=\"slide-action slide-action-zoom\" data-id=\"6a9ac3cad2597\">\uf188<\/div>\n\t\t\t\t\t\t\t\t\t\t\t\t\t\t\t<div class=\"slide-action slide-action-link\">\n\t\t\t\t\t\t\t\t\t<a href=\"https:\/\/www.hslu.ch\/de-ch\/wirtschaft\/weiterbildung\/sas\/ikm\/generative-ki\/\" target=\"\">\uf504<\/a>\n\t\t\t\t\t\t\t\t<\/div>\n\t\t\t\t\t\t\t\t\t\t\t\t\t<\/div>\n\t\t\t\t\t<\/div>\n\t\t\t\t\t\t\t\t\t\t\t\t\t\t<div class=\"swiper-slide\">\n\t\t\t\t\t\t<figure class=\"slide-figure\">\n\t\t\t\t\t\t\t<img decoding=\"async\" class=\"slide-image\" src=\"https:\/\/hub.hslu.ch\/ikm\/wp-content\/blogs.dir\/489\/files\/sites\/8\/f-8.jpg\" alt=\"SAS Responsible AI in Marketing &#038; Kommunikation\">\n\t\t\t\t\t\t\t<figcaption class=\"slide-caption\"><span><\/span><\/figcaption>\n\t\t\t\t\t\t<\/figure>\n\t\t\t\t\t\t<div class=\"slide-action-container\">\n\t\t\t\t\t\t\t<div class=\"slide-action slide-action-zoom\" data-id=\"6a9ac3cad2597\">\uf188<\/div>\n\t\t\t\t\t\t\t\t\t\t\t\t\t\t\t<div class=\"slide-action slide-action-link\">\n\t\t\t\t\t\t\t\t\t<a href=\"https:\/\/www.hslu.ch\/de-ch\/wirtschaft\/weiterbildung\/sas\/ikm\/responsible-ai-in-marketing-und-kommunikation\/\" target=\"\">\uf504<\/a>\n\t\t\t\t\t\t\t\t<\/div>\n\t\t\t\t\t\t\t\t\t\t\t\t\t<\/div>\n\t\t\t\t\t<\/div>\n\t\t\t\t\t\t\t\t\t\t\t\t\t\t<div class=\"swiper-slide\">\n\t\t\t\t\t\t<figure class=\"slide-figure\">\n\t\t\t\t\t\t\t<img decoding=\"async\" class=\"slide-image\" src=\"https:\/\/hub.hslu.ch\/ikm\/wp-content\/blogs.dir\/489\/files\/sites\/8\/f-9.jpg\" alt=\"SAS Applied AI Marketing Project\">\n\t\t\t\t\t\t\t<figcaption class=\"slide-caption\"><span><\/span><\/figcaption>\n\t\t\t\t\t\t<\/figure>\n\t\t\t\t\t\t<div class=\"slide-action-container\">\n\t\t\t\t\t\t\t<div class=\"slide-action slide-action-zoom\" data-id=\"6a9ac3cad2597\">\uf188<\/div>\n\t\t\t\t\t\t\t\t\t\t\t\t\t\t\t<div class=\"slide-action slide-action-link\">\n\t\t\t\t\t\t\t\t\t<a href=\"https:\/\/www.hslu.ch\/de-ch\/wirtschaft\/weiterbildung\/sas\/ikm\/applied-ai-marketing-project\/\" target=\"\">\uf504<\/a>\n\t\t\t\t\t\t\t\t<\/div>\n\t\t\t\t\t\t\t\t\t\t\t\t\t<\/div>\n\t\t\t\t\t<\/div>\n\t\t\t\t\t\t\t<\/div>\n\t\t\t<div class=\"swiper-button-prev\"><\/div>\n\t\t\t<div class=\"swiper-button-next\"><\/div>\n\t\t<\/div>\n\t\t<div class=\"swiper-pagination\"><\/div>\n\t<\/div>\n<\/div>\n\n<div class=\"zoom-container\" data-id=\"6a9ac3cad2597\">\n\t<div class=\"zoom-container-inner\">\n\t\t<div class=\"zoom-responsive-container\">\n\t\t\t<div class=\"zoom-wrapper\">\n\t\t\t\t<div class=\"swiper zoomSwiper\">\n\t\t\t\t\t<div class=\"swiper-wrapper\">\n\t\t\t\t\t\t\t\t\t\t\t\t\t\t\t\t\t\t\t\t<div class=\"swiper-slide\">\n\t\t\t\t\t\t\t\t<figure class=\"slide-figure\">\n\t\t\t\t\t\t\t\t\t<img decoding=\"async\" class=\"slide-image\" src=\"https:\/\/hub.hslu.ch\/ikm\/wp-content\/blogs.dir\/489\/files\/sites\/8\/5-1.jpg\" alt=\"SAS GEnerative KI f\u00fcr Marketing und Kommunikation\">\n\t\t\t\t\t\t\t\t\t<figcaption class=\"slide-caption\"><span><\/span><\/figcaption>\n\t\t\t\t\t\t\t\t<\/figure>\n\t\t\t\t\t\t\t\t<div class=\"slide-action-container\">\n\t\t\t\t\t\t\t\t\t<div class=\"slide-action zoom-action-close\">\uf189<\/div>\n\t\t\t\t\t\t\t\t\t\t\t\t\t\t\t\t\t\t\t<div class=\"slide-action slide-action-link\">\n\t\t\t\t\t\t\t\t\t\t\t<a href=\"https:\/\/www.hslu.ch\/de-ch\/wirtschaft\/weiterbildung\/sas\/ikm\/generative-ki\/\" target=\"\">\uf504<\/a>\n\t\t\t\t\t\t\t\t\t\t<\/div>\n\t\t\t\t\t\t\t\t\t\t\t\t\t\t\t\t\t<\/div>\n\t\t\t\t\t\t\t<\/div>\n\t\t\t\t\t\t\t\t\t\t\t\t\t\t\t\t\t\t\t\t<div class=\"swiper-slide\">\n\t\t\t\t\t\t\t\t<figure class=\"slide-figure\">\n\t\t\t\t\t\t\t\t\t<img decoding=\"async\" class=\"slide-image\" src=\"https:\/\/hub.hslu.ch\/ikm\/wp-content\/blogs.dir\/489\/files\/sites\/8\/f-8.jpg\" alt=\"SAS Responsible AI in Marketing &#038; Kommunikation\">\n\t\t\t\t\t\t\t\t\t<figcaption class=\"slide-caption\"><span><\/span><\/figcaption>\n\t\t\t\t\t\t\t\t<\/figure>\n\t\t\t\t\t\t\t\t<div class=\"slide-action-container\">\n\t\t\t\t\t\t\t\t\t<div class=\"slide-action zoom-action-close\">\uf189<\/div>\n\t\t\t\t\t\t\t\t\t\t\t\t\t\t\t\t\t\t\t<div class=\"slide-action slide-action-link\">\n\t\t\t\t\t\t\t\t\t\t\t<a href=\"https:\/\/www.hslu.ch\/de-ch\/wirtschaft\/weiterbildung\/sas\/ikm\/responsible-ai-in-marketing-und-kommunikation\/\" target=\"\">\uf504<\/a>\n\t\t\t\t\t\t\t\t\t\t<\/div>\n\t\t\t\t\t\t\t\t\t\t\t\t\t\t\t\t\t<\/div>\n\t\t\t\t\t\t\t<\/div>\n\t\t\t\t\t\t\t\t\t\t\t\t\t\t\t\t\t\t\t\t<div class=\"swiper-slide\">\n\t\t\t\t\t\t\t\t<figure class=\"slide-figure\">\n\t\t\t\t\t\t\t\t\t<img decoding=\"async\" class=\"slide-image\" src=\"https:\/\/hub.hslu.ch\/ikm\/wp-content\/blogs.dir\/489\/files\/sites\/8\/f-9.jpg\" alt=\"SAS Applied AI Marketing Project\">\n\t\t\t\t\t\t\t\t\t<figcaption class=\"slide-caption\"><span><\/span><\/figcaption>\n\t\t\t\t\t\t\t\t<\/figure>\n\t\t\t\t\t\t\t\t<div class=\"slide-action-container\">\n\t\t\t\t\t\t\t\t\t<div class=\"slide-action zoom-action-close\">\uf189<\/div>\n\t\t\t\t\t\t\t\t\t\t\t\t\t\t\t\t\t\t\t<div class=\"slide-action slide-action-link\">\n\t\t\t\t\t\t\t\t\t\t\t<a href=\"https:\/\/www.hslu.ch\/de-ch\/wirtschaft\/weiterbildung\/sas\/ikm\/applied-ai-marketing-project\/\" target=\"\">\uf504<\/a>\n\t\t\t\t\t\t\t\t\t\t<\/div>\n\t\t\t\t\t\t\t\t\t\t\t\t\t\t\t\t\t<\/div>\n\t\t\t\t\t\t\t<\/div>\n\t\t\t\t\t\t\t\t\t\t\t<\/div>\n\t\t\t\t\t<div class=\"swiper-button-prev\"><\/div>\n\t\t\t\t\t<div class=\"swiper-button-next\"><\/div>\n\t\t\t\t<\/div>\n\t\t\t\t<div class=\"swiper-pagination\"><\/div>\n\t\t\t<\/div>\n\t\t<\/div>\n\t<\/div>\n<\/div>\n<\/div>\n<\/div>\n<\/div>\n<\/div>\n<\/div>\n<\/div>\n","protected":false},"excerpt":{"rendered":"<p>Fast alle nutzen KI, kaum jemand hat sie integriert. Rund die H\u00e4lfte der Schweizer Unternehmen steckt in Pilotprojekten fest. Denn mehr Nutzung bedeutet nicht automatisch mehr Kompetenz. Im Rapid-Fire-Format beantwortet Dr. Nadine Stutz Fragen zu AI Slop, zum Kompetenzparadox und dazu, was AI Transformation wirklich von uns verlangt.<\/p>\n","protected":false},"author":247,"featured_media":24964,"comment_status":"open","ping_status":"open","sticky":false,"template":"","format":"standard","meta":{"_acf_changed":false,"inline_featured_image":false,"_relevanssi_hide_post":"","_relevanssi_hide_content":"","_relevanssi_pin_for_all":"","_relevanssi_pin_keywords":"","_relevanssi_unpin_keywords":"","_relevanssi_related_keywords":"","_relevanssi_related_include_ids":"","_relevanssi_related_exclude_ids":"","_relevanssi_related_no_append":"","_relevanssi_related_not_related":"","_relevanssi_related_posts":"13746,11083,11712,11620,23886,19183","_relevanssi_noindex_reason":"","footnotes":"","_links_to":"","_links_to_target":""},"categories":[53989,86672,113],"tags":[86793,86627,1391,1051,134],"class_list":["post-24953","post","type-post","status-publish","format-standard","has-post-thumbnail","hentry","category-content-marketing","category-ki-in-kommunikation-und-marketing","category-news","tag-ai-transformation","tag-generative-ki","tag-kommunikation","tag-marketing","tag-weiterbildung"],"acf":[],"yoast_head":"<!-- This site is optimized with the Yoast SEO plugin v28.4 - https:\/\/yoast.com\/product\/yoast-seo-wordpress\/ -->\n<title>AI Transformation: Nutzen ist nicht K\u00f6nnen - IKM-Blog<\/title>\n<meta name=\"description\" content=\"Was AI Transformation wirklich verlangt: Dr. Nadine Stutz \u00fcber AI Slop, das Kompetenzparadox und den Weg vom Experimentieren zur Integration.\" \/>\n<meta name=\"robots\" content=\"index, follow, max-snippet:-1, max-image-preview:large, max-video-preview:-1\" \/>\n<link rel=\"canonical\" href=\"https:\/\/hub.hslu.ch\/ikm\/2026\/09\/02\/ai-transformation-nutzen-ist-nicht-koennen\/\" \/>\n<meta property=\"og:locale\" content=\"de_DE\" \/>\n<meta property=\"og:type\" content=\"article\" \/>\n<meta property=\"og:title\" content=\"AI Transformation: Nutzen ist nicht K\u00f6nnen - IKM-Blog\" \/>\n<meta property=\"og:description\" content=\"Was AI Transformation wirklich verlangt: Dr. Nadine Stutz \u00fcber AI Slop, das Kompetenzparadox und den Weg vom Experimentieren zur Integration.\" \/>\n<meta property=\"og:url\" content=\"https:\/\/hub.hslu.ch\/ikm\/2026\/09\/02\/ai-transformation-nutzen-ist-nicht-koennen\/\" \/>\n<meta property=\"og:site_name\" content=\"IKM-Blog\" \/>\n<meta property=\"article:published_time\" content=\"2026-09-02T14:41:50+00:00\" \/>\n<meta property=\"article:modified_time\" content=\"2026-09-02T14:46:39+00:00\" \/>\n<meta property=\"og:image\" content=\"https:\/\/hub.hslu.ch\/ikm\/wp-content\/blogs.dir\/489\/files\/sites\/8\/Blog-Bilder-9.jpg\" \/>\n\t<meta property=\"og:image:width\" content=\"800\" \/>\n\t<meta property=\"og:image:height\" content=\"600\" \/>\n\t<meta property=\"og:image:type\" content=\"image\/jpeg\" \/>\n<meta name=\"author\" content=\"sandramendez\" \/>\n<meta name=\"twitter:card\" content=\"summary_large_image\" \/>\n<meta name=\"twitter:label1\" content=\"Geschrieben von\" \/>\n\t<meta name=\"twitter:data1\" content=\"sandramendez\" \/>\n\t<meta name=\"twitter:label2\" content=\"Gesch\u00e4tzte Lesezeit\" \/>\n\t<meta name=\"twitter:data2\" content=\"6\u00a0Minuten\" \/>\n<script type=\"application\/ld+json\" class=\"yoast-schema-graph\">{\"@context\":\"https:\\\/\\\/schema.org\",\"@graph\":[{\"@type\":\"Article\",\"@id\":\"https:\\\/\\\/hub.hslu.ch\\\/ikm\\\/2026\\\/09\\\/02\\\/ai-transformation-nutzen-ist-nicht-koennen\\\/#article\",\"isPartOf\":{\"@id\":\"https:\\\/\\\/hub.hslu.ch\\\/ikm\\\/2026\\\/09\\\/02\\\/ai-transformation-nutzen-ist-nicht-koennen\\\/\"},\"author\":{\"name\":\"sandramendez\",\"@id\":\"https:\\\/\\\/hub.hslu.ch\\\/ikm\\\/#\\\/schema\\\/person\\\/f499a20cf3ea24019b09ec0b7a32f6f3\"},\"headline\":\"AI Transformation: Nutzen ist nicht K\u00f6nnen\",\"datePublished\":\"2026-09-02T14:41:50+00:00\",\"dateModified\":\"2026-09-02T14:46:39+00:00\",\"mainEntityOfPage\":{\"@id\":\"https:\\\/\\\/hub.hslu.ch\\\/ikm\\\/2026\\\/09\\\/02\\\/ai-transformation-nutzen-ist-nicht-koennen\\\/\"},\"wordCount\":897,\"commentCount\":0,\"image\":{\"@id\":\"https:\\\/\\\/hub.hslu.ch\\\/ikm\\\/2026\\\/09\\\/02\\\/ai-transformation-nutzen-ist-nicht-koennen\\\/#primaryimage\"},\"thumbnailUrl\":\"https:\\\/\\\/hub.hslu.ch\\\/ikm\\\/wp-content\\\/blogs.dir\\\/489\\\/files\\\/sites\\\/8\\\/Blog-Bilder-9.jpg\",\"keywords\":[\"AI Transformation\",\"Generative KI\",\"kommunikation\",\"Marketing\",\"Weiterbildung\"],\"articleSection\":[\"Content Marketing\",\"KI in Kommunikation und Marketing\",\"News\"],\"inLanguage\":\"de-CH\",\"potentialAction\":[{\"@type\":\"CommentAction\",\"name\":\"Comment\",\"target\":[\"https:\\\/\\\/hub.hslu.ch\\\/ikm\\\/2026\\\/09\\\/02\\\/ai-transformation-nutzen-ist-nicht-koennen\\\/#respond\"]}]},{\"@type\":\"WebPage\",\"@id\":\"https:\\\/\\\/hub.hslu.ch\\\/ikm\\\/2026\\\/09\\\/02\\\/ai-transformation-nutzen-ist-nicht-koennen\\\/\",\"url\":\"https:\\\/\\\/hub.hslu.ch\\\/ikm\\\/2026\\\/09\\\/02\\\/ai-transformation-nutzen-ist-nicht-koennen\\\/\",\"name\":\"AI Transformation: Nutzen ist nicht K\u00f6nnen - IKM-Blog\",\"isPartOf\":{\"@id\":\"https:\\\/\\\/hub.hslu.ch\\\/ikm\\\/#website\"},\"primaryImageOfPage\":{\"@id\":\"https:\\\/\\\/hub.hslu.ch\\\/ikm\\\/2026\\\/09\\\/02\\\/ai-transformation-nutzen-ist-nicht-koennen\\\/#primaryimage\"},\"image\":{\"@id\":\"https:\\\/\\\/hub.hslu.ch\\\/ikm\\\/2026\\\/09\\\/02\\\/ai-transformation-nutzen-ist-nicht-koennen\\\/#primaryimage\"},\"thumbnailUrl\":\"https:\\\/\\\/hub.hslu.ch\\\/ikm\\\/wp-content\\\/blogs.dir\\\/489\\\/files\\\/sites\\\/8\\\/Blog-Bilder-9.jpg\",\"datePublished\":\"2026-09-02T14:41:50+00:00\",\"dateModified\":\"2026-09-02T14:46:39+00:00\",\"author\":{\"@id\":\"https:\\\/\\\/hub.hslu.ch\\\/ikm\\\/#\\\/schema\\\/person\\\/f499a20cf3ea24019b09ec0b7a32f6f3\"},\"description\":\"Was AI Transformation wirklich verlangt: Dr. Nadine Stutz \u00fcber AI Slop, das Kompetenzparadox und den Weg vom Experimentieren zur Integration.\",\"breadcrumb\":{\"@id\":\"https:\\\/\\\/hub.hslu.ch\\\/ikm\\\/2026\\\/09\\\/02\\\/ai-transformation-nutzen-ist-nicht-koennen\\\/#breadcrumb\"},\"inLanguage\":\"de-CH\",\"potentialAction\":[{\"@type\":\"ReadAction\",\"target\":[\"https:\\\/\\\/hub.hslu.ch\\\/ikm\\\/2026\\\/09\\\/02\\\/ai-transformation-nutzen-ist-nicht-koennen\\\/\"]}]},{\"@type\":\"ImageObject\",\"inLanguage\":\"de-CH\",\"@id\":\"https:\\\/\\\/hub.hslu.ch\\\/ikm\\\/2026\\\/09\\\/02\\\/ai-transformation-nutzen-ist-nicht-koennen\\\/#primaryimage\",\"url\":\"https:\\\/\\\/hub.hslu.ch\\\/ikm\\\/wp-content\\\/blogs.dir\\\/489\\\/files\\\/sites\\\/8\\\/Blog-Bilder-9.jpg\",\"contentUrl\":\"https:\\\/\\\/hub.hslu.ch\\\/ikm\\\/wp-content\\\/blogs.dir\\\/489\\\/files\\\/sites\\\/8\\\/Blog-Bilder-9.jpg\",\"width\":800,\"height\":600,\"caption\":\"KI generiertes Bild, Frau mit Content\"},{\"@type\":\"BreadcrumbList\",\"@id\":\"https:\\\/\\\/hub.hslu.ch\\\/ikm\\\/2026\\\/09\\\/02\\\/ai-transformation-nutzen-ist-nicht-koennen\\\/#breadcrumb\",\"itemListElement\":[{\"@type\":\"ListItem\",\"position\":1,\"name\":\"Home\",\"item\":\"https:\\\/\\\/hub.hslu.ch\\\/ikm\\\/\"},{\"@type\":\"ListItem\",\"position\":2,\"name\":\"AI Transformation: Nutzen ist nicht K\u00f6nnen\"}]},{\"@type\":\"WebSite\",\"@id\":\"https:\\\/\\\/hub.hslu.ch\\\/ikm\\\/#website\",\"url\":\"https:\\\/\\\/hub.hslu.ch\\\/ikm\\\/\",\"name\":\"IKM-Blog\",\"description\":\"Kommunikation und Marketing an der Hochschule Luzern \u2013 Wirtschaft\",\"potentialAction\":[{\"@type\":\"SearchAction\",\"target\":{\"@type\":\"EntryPoint\",\"urlTemplate\":\"https:\\\/\\\/hub.hslu.ch\\\/ikm\\\/?s={search_term_string}\"},\"query-input\":{\"@type\":\"PropertyValueSpecification\",\"valueRequired\":true,\"valueName\":\"search_term_string\"}}],\"inLanguage\":\"de-CH\"},{\"@type\":\"Person\",\"@id\":\"https:\\\/\\\/hub.hslu.ch\\\/ikm\\\/#\\\/schema\\\/person\\\/f499a20cf3ea24019b09ec0b7a32f6f3\",\"name\":\"sandramendez\"}]}<\/script>\n<!-- \/ Yoast SEO plugin. -->","yoast_head_json":{"title":"AI Transformation: Nutzen ist nicht K\u00f6nnen - IKM-Blog","description":"Was AI Transformation wirklich verlangt: Dr. Nadine Stutz \u00fcber AI Slop, das Kompetenzparadox und den Weg vom Experimentieren zur Integration.","robots":{"index":"index","follow":"follow","max-snippet":"max-snippet:-1","max-image-preview":"max-image-preview:large","max-video-preview":"max-video-preview:-1"},"canonical":"https:\/\/hub.hslu.ch\/ikm\/2026\/09\/02\/ai-transformation-nutzen-ist-nicht-koennen\/","og_locale":"de_DE","og_type":"article","og_title":"AI Transformation: Nutzen ist nicht K\u00f6nnen - IKM-Blog","og_description":"Was AI Transformation wirklich verlangt: Dr. Nadine Stutz \u00fcber AI Slop, das Kompetenzparadox und den Weg vom Experimentieren zur Integration.","og_url":"https:\/\/hub.hslu.ch\/ikm\/2026\/09\/02\/ai-transformation-nutzen-ist-nicht-koennen\/","og_site_name":"IKM-Blog","article_published_time":"2026-09-02T14:41:50+00:00","article_modified_time":"2026-09-02T14:46:39+00:00","og_image":[{"width":800,"height":600,"url":"https:\/\/hub.hslu.ch\/ikm\/wp-content\/blogs.dir\/489\/files\/sites\/8\/Blog-Bilder-9.jpg","type":"image\/jpeg"}],"author":"sandramendez","twitter_card":"summary_large_image","twitter_misc":{"Geschrieben von":"sandramendez","Gesch\u00e4tzte Lesezeit":"6\u00a0Minuten"},"schema":{"@context":"https:\/\/schema.org","@graph":[{"@type":"Article","@id":"https:\/\/hub.hslu.ch\/ikm\/2026\/09\/02\/ai-transformation-nutzen-ist-nicht-koennen\/#article","isPartOf":{"@id":"https:\/\/hub.hslu.ch\/ikm\/2026\/09\/02\/ai-transformation-nutzen-ist-nicht-koennen\/"},"author":{"name":"sandramendez","@id":"https:\/\/hub.hslu.ch\/ikm\/#\/schema\/person\/f499a20cf3ea24019b09ec0b7a32f6f3"},"headline":"AI Transformation: Nutzen ist nicht K\u00f6nnen","datePublished":"2026-09-02T14:41:50+00:00","dateModified":"2026-09-02T14:46:39+00:00","mainEntityOfPage":{"@id":"https:\/\/hub.hslu.ch\/ikm\/2026\/09\/02\/ai-transformation-nutzen-ist-nicht-koennen\/"},"wordCount":897,"commentCount":0,"image":{"@id":"https:\/\/hub.hslu.ch\/ikm\/2026\/09\/02\/ai-transformation-nutzen-ist-nicht-koennen\/#primaryimage"},"thumbnailUrl":"https:\/\/hub.hslu.ch\/ikm\/wp-content\/blogs.dir\/489\/files\/sites\/8\/Blog-Bilder-9.jpg","keywords":["AI Transformation","Generative KI","kommunikation","Marketing","Weiterbildung"],"articleSection":["Content Marketing","KI in Kommunikation und Marketing","News"],"inLanguage":"de-CH","potentialAction":[{"@type":"CommentAction","name":"Comment","target":["https:\/\/hub.hslu.ch\/ikm\/2026\/09\/02\/ai-transformation-nutzen-ist-nicht-koennen\/#respond"]}]},{"@type":"WebPage","@id":"https:\/\/hub.hslu.ch\/ikm\/2026\/09\/02\/ai-transformation-nutzen-ist-nicht-koennen\/","url":"https:\/\/hub.hslu.ch\/ikm\/2026\/09\/02\/ai-transformation-nutzen-ist-nicht-koennen\/","name":"AI Transformation: Nutzen ist nicht K\u00f6nnen - IKM-Blog","isPartOf":{"@id":"https:\/\/hub.hslu.ch\/ikm\/#website"},"primaryImageOfPage":{"@id":"https:\/\/hub.hslu.ch\/ikm\/2026\/09\/02\/ai-transformation-nutzen-ist-nicht-koennen\/#primaryimage"},"image":{"@id":"https:\/\/hub.hslu.ch\/ikm\/2026\/09\/02\/ai-transformation-nutzen-ist-nicht-koennen\/#primaryimage"},"thumbnailUrl":"https:\/\/hub.hslu.ch\/ikm\/wp-content\/blogs.dir\/489\/files\/sites\/8\/Blog-Bilder-9.jpg","datePublished":"2026-09-02T14:41:50+00:00","dateModified":"2026-09-02T14:46:39+00:00","author":{"@id":"https:\/\/hub.hslu.ch\/ikm\/#\/schema\/person\/f499a20cf3ea24019b09ec0b7a32f6f3"},"description":"Was AI Transformation wirklich verlangt: Dr. Nadine Stutz \u00fcber AI Slop, das Kompetenzparadox und den Weg vom Experimentieren zur Integration.","breadcrumb":{"@id":"https:\/\/hub.hslu.ch\/ikm\/2026\/09\/02\/ai-transformation-nutzen-ist-nicht-koennen\/#breadcrumb"},"inLanguage":"de-CH","potentialAction":[{"@type":"ReadAction","target":["https:\/\/hub.hslu.ch\/ikm\/2026\/09\/02\/ai-transformation-nutzen-ist-nicht-koennen\/"]}]},{"@type":"ImageObject","inLanguage":"de-CH","@id":"https:\/\/hub.hslu.ch\/ikm\/2026\/09\/02\/ai-transformation-nutzen-ist-nicht-koennen\/#primaryimage","url":"https:\/\/hub.hslu.ch\/ikm\/wp-content\/blogs.dir\/489\/files\/sites\/8\/Blog-Bilder-9.jpg","contentUrl":"https:\/\/hub.hslu.ch\/ikm\/wp-content\/blogs.dir\/489\/files\/sites\/8\/Blog-Bilder-9.jpg","width":800,"height":600,"caption":"KI generiertes Bild, Frau mit Content"},{"@type":"BreadcrumbList","@id":"https:\/\/hub.hslu.ch\/ikm\/2026\/09\/02\/ai-transformation-nutzen-ist-nicht-koennen\/#breadcrumb","itemListElement":[{"@type":"ListItem","position":1,"name":"Home","item":"https:\/\/hub.hslu.ch\/ikm\/"},{"@type":"ListItem","position":2,"name":"AI Transformation: Nutzen ist nicht K\u00f6nnen"}]},{"@type":"WebSite","@id":"https:\/\/hub.hslu.ch\/ikm\/#website","url":"https:\/\/hub.hslu.ch\/ikm\/","name":"IKM-Blog","description":"Kommunikation und Marketing an der Hochschule Luzern \u2013 Wirtschaft","potentialAction":[{"@type":"SearchAction","target":{"@type":"EntryPoint","urlTemplate":"https:\/\/hub.hslu.ch\/ikm\/?s={search_term_string}"},"query-input":{"@type":"PropertyValueSpecification","valueRequired":true,"valueName":"search_term_string"}}],"inLanguage":"de-CH"},{"@type":"Person","@id":"https:\/\/hub.hslu.ch\/ikm\/#\/schema\/person\/f499a20cf3ea24019b09ec0b7a32f6f3","name":"sandramendez"}]}},"featured_image_src":"https:\/\/hub.hslu.ch\/ikm\/wp-content\/blogs.dir\/489\/files\/sites\/8\/Blog-Bilder-9-600x400.jpg","featured_image_src_square":"https:\/\/hub.hslu.ch\/ikm\/wp-content\/blogs.dir\/489\/files\/sites\/8\/Blog-Bilder-9-600x600.jpg","author_info":{"display_name":"sandramendez","author_link":"https:\/\/hub.hslu.ch\/ikm\/author\/sandramendez\/"},"_links":{"self":[{"href":"https:\/\/hub.hslu.ch\/ikm\/wp-json\/wp\/v2\/posts\/24953","targetHints":{"allow":["GET"]}}],"collection":[{"href":"https:\/\/hub.hslu.ch\/ikm\/wp-json\/wp\/v2\/posts"}],"about":[{"href":"https:\/\/hub.hslu.ch\/ikm\/wp-json\/wp\/v2\/types\/post"}],"author":[{"embeddable":true,"href":"https:\/\/hub.hslu.ch\/ikm\/wp-json\/wp\/v2\/users\/247"}],"replies":[{"embeddable":true,"href":"https:\/\/hub.hslu.ch\/ikm\/wp-json\/wp\/v2\/comments?post=24953"}],"version-history":[{"count":2,"href":"https:\/\/hub.hslu.ch\/ikm\/wp-json\/wp\/v2\/posts\/24953\/revisions"}],"predecessor-version":[{"id":24962,"href":"https:\/\/hub.hslu.ch\/ikm\/wp-json\/wp\/v2\/posts\/24953\/revisions\/24962"}],"wp:featuredmedia":[{"embeddable":true,"href":"https:\/\/hub.hslu.ch\/ikm\/wp-json\/wp\/v2\/media\/24964"}],"wp:attachment":[{"href":"https:\/\/hub.hslu.ch\/ikm\/wp-json\/wp\/v2\/media?parent=24953"}],"wp:term":[{"taxonomy":"category","embeddable":true,"href":"https:\/\/hub.hslu.ch\/ikm\/wp-json\/wp\/v2\/categories?post=24953"},{"taxonomy":"post_tag","embeddable":true,"href":"https:\/\/hub.hslu.ch\/ikm\/wp-json\/wp\/v2\/tags?post=24953"}],"curies":[{"name":"wp","href":"https:\/\/api.w.org\/{rel}","templated":true}]}}