{"id":6361,"date":"2016-02-04T08:00:04","date_gmt":"2016-02-04T07:00:04","guid":{"rendered":"http:\/\/ikm-hslu.ch\/ikm-blog\/?p=6361"},"modified":"2024-08-07T15:40:14","modified_gmt":"2024-08-07T13:40:14","slug":"interne-unternehmenskommunikation-die-relevanz-steigt","status":"publish","type":"post","link":"https:\/\/hub.hslu.ch\/ikm\/2016\/02\/04\/interne-unternehmenskommunikation-die-relevanz-steigt\/","title":{"rendered":"Interne Unternehmenskommunikation \u2013 die Relevanz steigt"},"content":{"rendered":"\n<p class=\"is-style-lead\"><em>Ein neues Forschungsprojekt am Institut f\u00fcr Kommunikation und Marketing (IKM) der Hochschule Luzern\u00a0\u2013\u00a0Wirtschaft widmet sich den ver\u00e4nderten Bedingungen der internen Kommunikation. Dabei wird in einem ersten Schritt der Fokus auf die interne Kommunikation in der Schweiz gerichtet. In einem zweiten Schritt soll die Entwicklung der internen Kommunikation der Schweiz alle zwei Jahre erfasst und in einen Vergleich mit Deutschland gestellt werden.<\/em><\/p>\n\n\n\n<!--more-->\n\n\n\n<p>Im Gegensatz zur \u00f6ffentlichen Unternehmenskommunikation wurde die interne Kommunikation sowohl in der Praxis als auch in der Forschung lange zweitrangig behandelt. Die interne Kommunikation galt als eine nette Geste zur F\u00f6rderung der Gemeinschaft, wobei aus einer hierarchischen Perspektive kommuniziert wurde. Knappe finanzielle Mittel waren und sind bis heute zudem oft der Grund, weshalb die interne Kommunikation auf den zweiten Platz, hinter die externe Kommunikation oder als untergeordneten Teilbereich davon verwiesen wird.<\/p>\n\n\n\n<p>Globalisierung, stetiger Wandel und <a href=\"http:\/\/www.4managers.de\/management\/themen\/war-for-talents\/\" target=\"_blank\" rel=\"noopener\">War for Talent<\/a> sind Themen, die daf\u00fcr sprechen, der internen Kommunikation einen h\u00f6heren Stellenwert beizumessen. Mit der Globalisierung wurde der lokale zu einem globalen Wettbewerb, was die Produktion, den Transport und auch die Kommunikation des Handels beschleunigten. Durch diese Beschleunigung wurde der Wandel zum stetigen Begleiter von Unternehmen. Als wettbewerbsf\u00e4hig gelten agile Unternehmen und Mitarbeitende, die schnell auf \u00f6konomische, aber auch gesellschaftliche und politische Ver\u00e4nderungen sowie wechselnde Situationen reagieren k\u00f6nnen.<\/p>\n\n\n\n<blockquote class=\"wp-block-quote is-layout-flow wp-block-quote-is-layout-flow\">\n<p>Diesen Marktgegebenheiten k\u00f6nnen eher Unternehmen mit Mitarbeitenden gerecht werden, die qualifiziert sind und die sich trotz stetigen Ver\u00e4nderungen und Unsicherheiten mit ihren Unternehmen identifizieren und ihnen verbunden sind.<\/p>\n<\/blockquote>\n\n\n\n<p>Im globalen War for Talent versuchen Unternehmen, solche Mitarbeitenden m\u00f6glichst langfristig zu binden. Die Mitarbeitenden sind sich ihres hohen Markwertes bewusst und stellen entsprechende Forderungen an Unternehmen. Materielle Gratifikationen sind dabei nicht der einzige ausschlaggebende Punkt f\u00fcr ein Unternehmen zu arbeiten. Damit qualifizierte Arbeitnehmende langfristig f\u00fcr ein Unternehmen t\u00e4tig sind und mit ihrer Person f\u00fcr ein Unternehmen einstehen, ist die Glaubw\u00fcrdigkeit und N\u00e4he des Managements zentral, was durch interne Kommunikation massgeblich gef\u00f6rdert und unterst\u00fctzt werden kann.<\/p>\n\n\n\n<p>Den Ver\u00e4nderungsprozessen und Trends der internen Kommunikation widmet sich das <a href=\"https:\/\/www.hslu.ch\/de-ch\/hochschule-luzern\/forschung\/projekte\/detail\/?pid=3274\" target=\"_blank\" rel=\"noopener\">Forschungsprojekt \u00abStrategien f\u00fcr eine zukunftsorientierte interne Kommunikation in Schweizer Unternehmen\u00bb&nbsp;am IKM<\/a>. Im Rahmen einer laufenden qualitativen Studie wird zuerst eine Standortbestimmung der internen Kommunikationslandschaft der Schweiz vorgenommen. Danach ist geplant, alle zwei Jahre eine Online-Befragung mit Verantwortlichen f\u00fcr die interne Kommunikation durchzuf\u00fchren. Die Ergebnisse der Schweiz werden mit einer Studie zur internen Kommunikation in Deutschland, die ebenfalls alle zwei Jahre durchgef\u00fchrt wird, abgeglichen. Damit ist ein L\u00e4ndervergleich mit einem gr\u00f6sseren Datensatz m\u00f6glich. Die deutsche Langzeitstudie wird bereits seit 2008 von der Hochschule Pforzheim und der Universit\u00e4t Hohenheim durchgef\u00fchrt.<\/p>\n","protected":false},"excerpt":{"rendered":"<p>Ein neues Forschungsprojekt am Institut f\u00fcr Kommunikation und Marketing (IKM) der Hochschule Luzern\u00a0\u2013\u00a0Wirtschaft widmet sich den ver\u00e4nderten Bedingungen der internen Kommunikation. Dabei wird in einem ersten Schritt der Fokus auf die interne Kommunikation in der Schweiz gerichtet. In einem zweiten Schritt soll die Entwicklung der internen Kommunikation der Schweiz alle zwei Jahre erfasst und in<\/p>\n","protected":false},"author":2540,"featured_media":6366,"comment_status":"open","ping_status":"open","sticky":false,"template":"","format":"standard","meta":{"_acf_changed":false,"inline_featured_image":false,"_relevanssi_hide_post":"","_relevanssi_hide_content":"","_relevanssi_pin_for_all":"","_relevanssi_pin_keywords":"","_relevanssi_unpin_keywords":"","_relevanssi_related_keywords":"","_relevanssi_related_include_ids":"","_relevanssi_related_exclude_ids":"","_relevanssi_related_no_append":"","_relevanssi_related_not_related":"","_relevanssi_related_posts":"19183,10123,11083,8361,16881,10674","_relevanssi_noindex_reason":"","footnotes":"","_links_to":"","_links_to_target":""},"categories":[66959,86671],"tags":[85513,21020,85640],"class_list":["post-6361","post","type-post","status-publish","format-standard","has-post-thumbnail","hentry","category-communication-management","category-marketing-und-kommunikationsmanagement","tag-interne-kommunikation","tag-projekte-hslu","tag-unternehmenskommunikation"],"acf":[],"yoast_head":"<!-- This site is optimized with the Yoast SEO plugin v27.4 - https:\/\/yoast.com\/product\/yoast-seo-wordpress\/ -->\n<title>Interne Unternehmenskommunikation \u2013 die Relevanz steigt - IKM-Blog<\/title>\n<meta name=\"description\" content=\"Ein neues Forschungsprojekt am Institut f\u00fcr Kommunikation und Marketing (IKM) der Hochschule Luzern\u00a0\u2013\u00a0Wirtschaft widmet sich den ver\u00e4nderten Bedingungen\" \/>\n<meta name=\"robots\" content=\"index, follow, max-snippet:-1, max-image-preview:large, max-video-preview:-1\" \/>\n<link rel=\"canonical\" href=\"https:\/\/hub.hslu.ch\/ikm\/2016\/02\/04\/interne-unternehmenskommunikation-die-relevanz-steigt\/\" \/>\n<meta property=\"og:locale\" content=\"de_DE\" \/>\n<meta property=\"og:type\" content=\"article\" \/>\n<meta property=\"og:title\" content=\"Interne Unternehmenskommunikation \u2013 die Relevanz steigt - IKM-Blog\" \/>\n<meta property=\"og:description\" content=\"Ein neues Forschungsprojekt am Institut f\u00fcr Kommunikation und Marketing (IKM) der Hochschule Luzern\u00a0\u2013\u00a0Wirtschaft widmet sich den ver\u00e4nderten Bedingungen\" \/>\n<meta property=\"og:url\" content=\"https:\/\/hub.hslu.ch\/ikm\/2016\/02\/04\/interne-unternehmenskommunikation-die-relevanz-steigt\/\" \/>\n<meta property=\"og:site_name\" content=\"IKM-Blog\" \/>\n<meta property=\"article:published_time\" content=\"2016-02-04T07:00:04+00:00\" \/>\n<meta property=\"article:modified_time\" content=\"2024-08-07T13:40:14+00:00\" \/>\n<meta property=\"og:image\" content=\"https:\/\/hub.hslu.ch\/ikm\/wp-content\/blogs.dir\/489\/files\/sites\/8\/talent.jpg\" \/>\n\t<meta property=\"og:image:width\" content=\"702\" \/>\n\t<meta property=\"og:image:height\" content=\"336\" \/>\n\t<meta property=\"og:image:type\" content=\"image\/jpeg\" \/>\n<meta name=\"twitter:card\" content=\"summary_large_image\" \/>\n<meta name=\"twitter:label1\" content=\"Geschrieben von\" \/>\n\t<meta name=\"twitter:data1\" content=\"\" \/>\n\t<meta name=\"twitter:label2\" content=\"Gesch\u00e4tzte Lesezeit\" \/>\n\t<meta name=\"twitter:data2\" content=\"3\u00a0Minuten\" \/>\n<script type=\"application\/ld+json\" class=\"yoast-schema-graph\">{\"@context\":\"https:\\\/\\\/schema.org\",\"@graph\":[{\"@type\":\"Article\",\"@id\":\"https:\\\/\\\/hub.hslu.ch\\\/ikm\\\/2016\\\/02\\\/04\\\/interne-unternehmenskommunikation-die-relevanz-steigt\\\/#article\",\"isPartOf\":{\"@id\":\"https:\\\/\\\/hub.hslu.ch\\\/ikm\\\/2016\\\/02\\\/04\\\/interne-unternehmenskommunikation-die-relevanz-steigt\\\/\"},\"author\":{\"name\":\"\",\"@id\":\"\"},\"headline\":\"Interne Unternehmenskommunikation \u2013 die Relevanz steigt\",\"datePublished\":\"2016-02-04T07:00:04+00:00\",\"dateModified\":\"2024-08-07T13:40:14+00:00\",\"mainEntityOfPage\":{\"@id\":\"https:\\\/\\\/hub.hslu.ch\\\/ikm\\\/2016\\\/02\\\/04\\\/interne-unternehmenskommunikation-die-relevanz-steigt\\\/\"},\"wordCount\":444,\"commentCount\":0,\"image\":{\"@id\":\"https:\\\/\\\/hub.hslu.ch\\\/ikm\\\/2016\\\/02\\\/04\\\/interne-unternehmenskommunikation-die-relevanz-steigt\\\/#primaryimage\"},\"thumbnailUrl\":\"https:\\\/\\\/hub.hslu.ch\\\/ikm\\\/wp-content\\\/blogs.dir\\\/489\\\/files\\\/sites\\\/8\\\/talent.jpg\",\"keywords\":[\"Interne Kommunikation\",\"Projekte HSLU\",\"Unternehmenskommunikation\"],\"articleSection\":[\"Communication Management\",\"Marketing- und Kommunikationsmanagement\"],\"inLanguage\":\"de-CH\",\"potentialAction\":[{\"@type\":\"CommentAction\",\"name\":\"Comment\",\"target\":[\"https:\\\/\\\/hub.hslu.ch\\\/ikm\\\/2016\\\/02\\\/04\\\/interne-unternehmenskommunikation-die-relevanz-steigt\\\/#respond\"]}]},{\"@type\":\"WebPage\",\"@id\":\"https:\\\/\\\/hub.hslu.ch\\\/ikm\\\/2016\\\/02\\\/04\\\/interne-unternehmenskommunikation-die-relevanz-steigt\\\/\",\"url\":\"https:\\\/\\\/hub.hslu.ch\\\/ikm\\\/2016\\\/02\\\/04\\\/interne-unternehmenskommunikation-die-relevanz-steigt\\\/\",\"name\":\"Interne Unternehmenskommunikation \u2013 die Relevanz steigt - IKM-Blog\",\"isPartOf\":{\"@id\":\"https:\\\/\\\/hub.hslu.ch\\\/ikm\\\/#website\"},\"primaryImageOfPage\":{\"@id\":\"https:\\\/\\\/hub.hslu.ch\\\/ikm\\\/2016\\\/02\\\/04\\\/interne-unternehmenskommunikation-die-relevanz-steigt\\\/#primaryimage\"},\"image\":{\"@id\":\"https:\\\/\\\/hub.hslu.ch\\\/ikm\\\/2016\\\/02\\\/04\\\/interne-unternehmenskommunikation-die-relevanz-steigt\\\/#primaryimage\"},\"thumbnailUrl\":\"https:\\\/\\\/hub.hslu.ch\\\/ikm\\\/wp-content\\\/blogs.dir\\\/489\\\/files\\\/sites\\\/8\\\/talent.jpg\",\"datePublished\":\"2016-02-04T07:00:04+00:00\",\"dateModified\":\"2024-08-07T13:40:14+00:00\",\"author\":{\"@id\":\"\"},\"description\":\"Ein neues Forschungsprojekt am Institut f\u00fcr Kommunikation und Marketing (IKM) der Hochschule Luzern\u00a0\u2013\u00a0Wirtschaft widmet sich den ver\u00e4nderten Bedingungen\",\"breadcrumb\":{\"@id\":\"https:\\\/\\\/hub.hslu.ch\\\/ikm\\\/2016\\\/02\\\/04\\\/interne-unternehmenskommunikation-die-relevanz-steigt\\\/#breadcrumb\"},\"inLanguage\":\"de-CH\",\"potentialAction\":[{\"@type\":\"ReadAction\",\"target\":[\"https:\\\/\\\/hub.hslu.ch\\\/ikm\\\/2016\\\/02\\\/04\\\/interne-unternehmenskommunikation-die-relevanz-steigt\\\/\"]}]},{\"@type\":\"ImageObject\",\"inLanguage\":\"de-CH\",\"@id\":\"https:\\\/\\\/hub.hslu.ch\\\/ikm\\\/2016\\\/02\\\/04\\\/interne-unternehmenskommunikation-die-relevanz-steigt\\\/#primaryimage\",\"url\":\"https:\\\/\\\/hub.hslu.ch\\\/ikm\\\/wp-content\\\/blogs.dir\\\/489\\\/files\\\/sites\\\/8\\\/talent.jpg\",\"contentUrl\":\"https:\\\/\\\/hub.hslu.ch\\\/ikm\\\/wp-content\\\/blogs.dir\\\/489\\\/files\\\/sites\\\/8\\\/talent.jpg\",\"width\":702,\"height\":336,\"caption\":\"interne Kommunikation wird wichtiger\"},{\"@type\":\"BreadcrumbList\",\"@id\":\"https:\\\/\\\/hub.hslu.ch\\\/ikm\\\/2016\\\/02\\\/04\\\/interne-unternehmenskommunikation-die-relevanz-steigt\\\/#breadcrumb\",\"itemListElement\":[{\"@type\":\"ListItem\",\"position\":1,\"name\":\"Home\",\"item\":\"https:\\\/\\\/hub.hslu.ch\\\/ikm\\\/\"},{\"@type\":\"ListItem\",\"position\":2,\"name\":\"Interne Unternehmenskommunikation \u2013 die Relevanz steigt\"}]},{\"@type\":\"WebSite\",\"@id\":\"https:\\\/\\\/hub.hslu.ch\\\/ikm\\\/#website\",\"url\":\"https:\\\/\\\/hub.hslu.ch\\\/ikm\\\/\",\"name\":\"IKM-Blog\",\"description\":\"Kommunikation und Marketing an der Hochschule Luzern \u2013 Wirtschaft\",\"potentialAction\":[{\"@type\":\"SearchAction\",\"target\":{\"@type\":\"EntryPoint\",\"urlTemplate\":\"https:\\\/\\\/hub.hslu.ch\\\/ikm\\\/?s={search_term_string}\"},\"query-input\":{\"@type\":\"PropertyValueSpecification\",\"valueRequired\":true,\"valueName\":\"search_term_string\"}}],\"inLanguage\":\"de-CH\"},{\"@type\":\"Person\",\"@id\":\"\"}]}<\/script>\n<!-- \/ Yoast SEO plugin. -->","yoast_head_json":{"title":"Interne Unternehmenskommunikation \u2013 die Relevanz steigt - IKM-Blog","description":"Ein neues Forschungsprojekt am Institut f\u00fcr Kommunikation und Marketing (IKM) der Hochschule Luzern\u00a0\u2013\u00a0Wirtschaft widmet sich den ver\u00e4nderten Bedingungen","robots":{"index":"index","follow":"follow","max-snippet":"max-snippet:-1","max-image-preview":"max-image-preview:large","max-video-preview":"max-video-preview:-1"},"canonical":"https:\/\/hub.hslu.ch\/ikm\/2016\/02\/04\/interne-unternehmenskommunikation-die-relevanz-steigt\/","og_locale":"de_DE","og_type":"article","og_title":"Interne Unternehmenskommunikation \u2013 die Relevanz steigt - IKM-Blog","og_description":"Ein neues Forschungsprojekt am Institut f\u00fcr Kommunikation und Marketing (IKM) der Hochschule Luzern\u00a0\u2013\u00a0Wirtschaft widmet sich den ver\u00e4nderten Bedingungen","og_url":"https:\/\/hub.hslu.ch\/ikm\/2016\/02\/04\/interne-unternehmenskommunikation-die-relevanz-steigt\/","og_site_name":"IKM-Blog","article_published_time":"2016-02-04T07:00:04+00:00","article_modified_time":"2024-08-07T13:40:14+00:00","og_image":[{"width":702,"height":336,"url":"https:\/\/hub.hslu.ch\/ikm\/wp-content\/blogs.dir\/489\/files\/sites\/8\/talent.jpg","type":"image\/jpeg"}],"twitter_card":"summary_large_image","twitter_misc":{"Geschrieben von":"","Gesch\u00e4tzte Lesezeit":"3\u00a0Minuten"},"schema":{"@context":"https:\/\/schema.org","@graph":[{"@type":"Article","@id":"https:\/\/hub.hslu.ch\/ikm\/2016\/02\/04\/interne-unternehmenskommunikation-die-relevanz-steigt\/#article","isPartOf":{"@id":"https:\/\/hub.hslu.ch\/ikm\/2016\/02\/04\/interne-unternehmenskommunikation-die-relevanz-steigt\/"},"author":{"name":"","@id":""},"headline":"Interne Unternehmenskommunikation \u2013 die Relevanz steigt","datePublished":"2016-02-04T07:00:04+00:00","dateModified":"2024-08-07T13:40:14+00:00","mainEntityOfPage":{"@id":"https:\/\/hub.hslu.ch\/ikm\/2016\/02\/04\/interne-unternehmenskommunikation-die-relevanz-steigt\/"},"wordCount":444,"commentCount":0,"image":{"@id":"https:\/\/hub.hslu.ch\/ikm\/2016\/02\/04\/interne-unternehmenskommunikation-die-relevanz-steigt\/#primaryimage"},"thumbnailUrl":"https:\/\/hub.hslu.ch\/ikm\/wp-content\/blogs.dir\/489\/files\/sites\/8\/talent.jpg","keywords":["Interne Kommunikation","Projekte HSLU","Unternehmenskommunikation"],"articleSection":["Communication Management","Marketing- und Kommunikationsmanagement"],"inLanguage":"de-CH","potentialAction":[{"@type":"CommentAction","name":"Comment","target":["https:\/\/hub.hslu.ch\/ikm\/2016\/02\/04\/interne-unternehmenskommunikation-die-relevanz-steigt\/#respond"]}]},{"@type":"WebPage","@id":"https:\/\/hub.hslu.ch\/ikm\/2016\/02\/04\/interne-unternehmenskommunikation-die-relevanz-steigt\/","url":"https:\/\/hub.hslu.ch\/ikm\/2016\/02\/04\/interne-unternehmenskommunikation-die-relevanz-steigt\/","name":"Interne Unternehmenskommunikation \u2013 die Relevanz steigt - IKM-Blog","isPartOf":{"@id":"https:\/\/hub.hslu.ch\/ikm\/#website"},"primaryImageOfPage":{"@id":"https:\/\/hub.hslu.ch\/ikm\/2016\/02\/04\/interne-unternehmenskommunikation-die-relevanz-steigt\/#primaryimage"},"image":{"@id":"https:\/\/hub.hslu.ch\/ikm\/2016\/02\/04\/interne-unternehmenskommunikation-die-relevanz-steigt\/#primaryimage"},"thumbnailUrl":"https:\/\/hub.hslu.ch\/ikm\/wp-content\/blogs.dir\/489\/files\/sites\/8\/talent.jpg","datePublished":"2016-02-04T07:00:04+00:00","dateModified":"2024-08-07T13:40:14+00:00","author":{"@id":""},"description":"Ein neues Forschungsprojekt am Institut f\u00fcr Kommunikation und Marketing (IKM) der Hochschule Luzern\u00a0\u2013\u00a0Wirtschaft widmet sich den ver\u00e4nderten Bedingungen","breadcrumb":{"@id":"https:\/\/hub.hslu.ch\/ikm\/2016\/02\/04\/interne-unternehmenskommunikation-die-relevanz-steigt\/#breadcrumb"},"inLanguage":"de-CH","potentialAction":[{"@type":"ReadAction","target":["https:\/\/hub.hslu.ch\/ikm\/2016\/02\/04\/interne-unternehmenskommunikation-die-relevanz-steigt\/"]}]},{"@type":"ImageObject","inLanguage":"de-CH","@id":"https:\/\/hub.hslu.ch\/ikm\/2016\/02\/04\/interne-unternehmenskommunikation-die-relevanz-steigt\/#primaryimage","url":"https:\/\/hub.hslu.ch\/ikm\/wp-content\/blogs.dir\/489\/files\/sites\/8\/talent.jpg","contentUrl":"https:\/\/hub.hslu.ch\/ikm\/wp-content\/blogs.dir\/489\/files\/sites\/8\/talent.jpg","width":702,"height":336,"caption":"interne Kommunikation wird wichtiger"},{"@type":"BreadcrumbList","@id":"https:\/\/hub.hslu.ch\/ikm\/2016\/02\/04\/interne-unternehmenskommunikation-die-relevanz-steigt\/#breadcrumb","itemListElement":[{"@type":"ListItem","position":1,"name":"Home","item":"https:\/\/hub.hslu.ch\/ikm\/"},{"@type":"ListItem","position":2,"name":"Interne Unternehmenskommunikation \u2013 die Relevanz steigt"}]},{"@type":"WebSite","@id":"https:\/\/hub.hslu.ch\/ikm\/#website","url":"https:\/\/hub.hslu.ch\/ikm\/","name":"IKM-Blog","description":"Kommunikation und Marketing an der Hochschule Luzern \u2013 Wirtschaft","potentialAction":[{"@type":"SearchAction","target":{"@type":"EntryPoint","urlTemplate":"https:\/\/hub.hslu.ch\/ikm\/?s={search_term_string}"},"query-input":{"@type":"PropertyValueSpecification","valueRequired":true,"valueName":"search_term_string"}}],"inLanguage":"de-CH"},{"@type":"Person","@id":""}]}},"featured_image_src":"https:\/\/hub.hslu.ch\/ikm\/wp-content\/blogs.dir\/489\/files\/sites\/8\/talent.jpg","featured_image_src_square":"https:\/\/hub.hslu.ch\/ikm\/wp-content\/blogs.dir\/489\/files\/sites\/8\/talent.jpg","author_info":{"display_name":"","author_link":"https:\/\/hub.hslu.ch\/ikm\/author\/"},"_links":{"self":[{"href":"https:\/\/hub.hslu.ch\/ikm\/wp-json\/wp\/v2\/posts\/6361","targetHints":{"allow":["GET"]}}],"collection":[{"href":"https:\/\/hub.hslu.ch\/ikm\/wp-json\/wp\/v2\/posts"}],"about":[{"href":"https:\/\/hub.hslu.ch\/ikm\/wp-json\/wp\/v2\/types\/post"}],"author":[{"embeddable":true,"href":"https:\/\/hub.hslu.ch\/ikm\/wp-json\/wp\/v2\/users\/2540"}],"replies":[{"embeddable":true,"href":"https:\/\/hub.hslu.ch\/ikm\/wp-json\/wp\/v2\/comments?post=6361"}],"version-history":[{"count":6,"href":"https:\/\/hub.hslu.ch\/ikm\/wp-json\/wp\/v2\/posts\/6361\/revisions"}],"predecessor-version":[{"id":22853,"href":"https:\/\/hub.hslu.ch\/ikm\/wp-json\/wp\/v2\/posts\/6361\/revisions\/22853"}],"wp:featuredmedia":[{"embeddable":true,"href":"https:\/\/hub.hslu.ch\/ikm\/wp-json\/wp\/v2\/media\/6366"}],"wp:attachment":[{"href":"https:\/\/hub.hslu.ch\/ikm\/wp-json\/wp\/v2\/media?parent=6361"}],"wp:term":[{"taxonomy":"category","embeddable":true,"href":"https:\/\/hub.hslu.ch\/ikm\/wp-json\/wp\/v2\/categories?post=6361"},{"taxonomy":"post_tag","embeddable":true,"href":"https:\/\/hub.hslu.ch\/ikm\/wp-json\/wp\/v2\/tags?post=6361"}],"curies":[{"name":"wp","href":"https:\/\/api.w.org\/{rel}","templated":true}]}}