{"id":1217,"date":"2013-09-12T07:20:06","date_gmt":"2013-09-12T05:20:06","guid":{"rendered":"https:\/\/hub.hslu.ch\/immobilienblog\/?p=1217"},"modified":"2013-09-12T07:20:06","modified_gmt":"2013-09-12T05:20:06","slug":"immobilie-statt-altersvorsorge","status":"publish","type":"post","link":"https:\/\/hub.hslu.ch\/immobilienblog\/2013\/09\/12\/immobilie-statt-altersvorsorge\/","title":{"rendered":"Immobilie statt Altersvorsorge"},"content":{"rendered":"<p><em>von\u00a0<a href=\"http:\/\/www.hslu.ch\/hochschule-luzern\/h-ueber-uns\/h-person.htm?id_person=1097574&amp;id_teilschule=25650&amp;row=1\" target=\"_blank\">Prof.\u00a0Dr. Yvonne Seiler<\/a><\/em><br \/>\n<em>Dozentin und Projektleiterin am Institut f\u00fcr Finanzdienstleistungen Zug IFZ\u00a0<\/em><\/p>\n<p>Der Schweizer Wohnungsmarkt bleibt mit seinem ungebrochenen Wachstum und hohen Preisen Thema f\u00fcr in- und ausl\u00e4ndische Medien. Zumal die Sorge in den vergangenen Monaten stark gewachsen ist, dass eine Immobilienblase \u2013 beg\u00fcnstigt durch die derzeit \u00e4usserst g\u00fcnstigen Hypothekarzinsen \u2013 entstehen, respektive platzen k\u00f6nnte. Zuletzt allerdings mehrten sich Anzeichen daf\u00fcr, dass die staatlichen Eingriffe in den Hypothekarmarkt greifen und sich der Markt an vielen Orten beruhigt. Inzwischen gehen viele Experten davon aus, dass ein Immobiliencrash wenig wahrscheinlich ist, eher eine Wende zu stagnierenden Preisen auf hohem Niveau. Statistiken wie etwa die sich zuletzt abflachende Kurve des UBS Real Estate Bubble Index und die Ergebnisse aktueller Studien sprechen in der Tat f\u00fcr die Prognose einer \u00absanften Landung\u00bb.<\/p>\n<p>&nbsp;<\/p>\n<p><a href=\"https:\/\/hub.hslu.ch\/ifz\/wp-content\/blogs.dir\/165\/files\/sites\/6\/2013\/09\/12341.jpg\"><img loading=\"lazy\" decoding=\"async\" alt=\"1234\" src=\"https:\/\/hub.hslu.ch\/ifz\/wp-content\/blogs.dir\/165\/files\/sites\/6\/2013\/09\/12341.jpg\" width=\"542\" height=\"145\" \/><\/a><\/p>\n<p>&nbsp;<\/p>\n<p>Nach einer Studie der ETH Z\u00fcrich und Comparis.ch ist die Zahl an \u00abkritischen\u00bb Bezirken mit starken Anzeichen einer Immobilienblase gegen\u00fcber Anfang Jahr deutlich gesunken. Ferner tr\u00e4gt zur Beruhigung bei, dass eine \u00abscharfe Zinswende\u00bb bisher nicht in Sicht ist. Allerdings gilt als unstrittig, dass \u00a0manche Eigenheim-Erwerber bei einem Anstieg der Zinsen um zwei bis drei Prozent in Schwierigkeiten geraten k\u00f6nnten. Wie viele Schuldner ihre Hypothekarvertr\u00e4ge bei steigenden Zinss\u00e4tzen nicht mehr bedienen k\u00f6nnten \u2013 davor hatte die Schweizerische Nationalbank zuletzt im Sommer gewarnt \u2013\u00a0 ist indes unklar.<\/p>\n<p><strong>Interesse geweckt?<\/strong><br \/>\nLesen Sie weiter \u2013 den gesamten Artikel aus dem Schweizer Immobilienbrief mit exklusiven Einsch\u00e4tzungen von\u00a0<a href=\"http:\/\/www.hslu.ch\/hochschule-luzern\/h-ueber-uns\/h-person.htm?id_person=1097574&amp;id_teilschule=25650&amp;row=1\" target=\"_blank\">Prof. Dr. Yvonne Seiler<\/a>\u00a0finden Sie\u00a0<a href=\"https:\/\/hub.hslu.ch\/ifz\/wp-content\/blogs.dir\/165\/files\/sites\/6\/2013\/09\/IBR_165_2013_09_021.pdf\">hier<\/a><\/p>\n<p><strong>Das k\u00f6nnte Sie ebenfalls interessieren:<\/strong><\/p>\n<p><strong><a href=\"https:\/\/hub.hslu.ch\/ifz\/wp-content\/blogs.dir\/165\/files\/sites\/6\/2013\/05\/15.jpg\"><img loading=\"lazy\" decoding=\"async\" alt=\"1\" src=\"https:\/\/hub.hslu.ch\/ifz\/wp-content\/blogs.dir\/165\/files\/sites\/6\/2013\/05\/15.jpg\" width=\"146\" height=\"135\" \/><\/a><\/strong><br \/>\n<strong><em><strong>Immobilienkonferenz 2013 \u2013 Wohnungsmarkt Schweiz<\/strong><\/em><br \/>\n<\/strong>Konferenz am Institut f\u00fcr Finanzdienstleistungen<br \/>\nDonnerstag, 3. Oktober 2013 von 08.45 bis 17.15 Uhr<br \/>\nWeitere Details zum Seminar erhalten Sie\u00a0<a href=\"http:\/\/www.hslu.ch\/wirtschaft\/w-outside-navigation\/ifz\/w-ifz-veranstaltungen.htm?ve_id=5667\" target=\"_blank\">hier<\/a><\/p>\n","protected":false},"excerpt":{"rendered":"<p>von\u00a0Prof.\u00a0Dr. Yvonne Seiler Dozentin und Projektleiterin am Institut f\u00fcr Finanzdienstleistungen Zug IFZ\u00a0 Der Schweizer Wohnungsmarkt bleibt mit seinem ungebrochenen Wachstum und hohen Preisen Thema f\u00fcr in- und ausl\u00e4ndische Medien. Zumal die Sorge in den vergangenen Monaten stark gewachsen ist, dass eine Immobilienblase \u2013 beg\u00fcnstigt durch die derzeit \u00e4usserst g\u00fcnstigen Hypothekarzinsen \u2013 entstehen, respektive platzen k\u00f6nnte.<\/p>\n","protected":false},"author":966,"featured_media":0,"comment_status":"open","ping_status":"open","sticky":false,"template":"","format":"standard","meta":{"_acf_changed":false,"inline_featured_image":false,"_relevanssi_hide_post":"","_relevanssi_hide_content":"","_relevanssi_pin_for_all":"","_relevanssi_pin_keywords":"","_relevanssi_unpin_keywords":"","_relevanssi_related_keywords":"","_relevanssi_related_include_ids":"","_relevanssi_related_exclude_ids":"","_relevanssi_related_no_append":"","_relevanssi_related_not_related":"","_relevanssi_related_posts":"","_relevanssi_noindex_reason":"","footnotes":"","_links_to":"","_links_to_target":""},"categories":[1],"tags":[64352,146,7527],"class_list":["post-1217","post","type-post","status-publish","format-standard","hentry","category-alte-beitraege","tag-finanzierung","tag-forschung","tag-wohneigentum"],"acf":[],"yoast_head":"<!-- This site is optimized with the Yoast SEO plugin v27.5 - https:\/\/yoast.com\/product\/yoast-seo-wordpress\/ -->\n<title>Immobilie statt Altersvorsorge - Immobilienblog Hochschule Luzern<\/title>\n<meta name=\"description\" content=\"von\u00a0Prof.\u00a0Dr. Yvonne Seiler Dozentin und Projektleiterin am Institut f\u00fcr Finanzdienstleistungen Zug IFZ\u00a0 Der Schweizer Wohnungsmarkt bleibt mit seinem\" \/>\n<meta name=\"robots\" content=\"index, follow, max-snippet:-1, max-image-preview:large, max-video-preview:-1\" \/>\n<link rel=\"canonical\" href=\"https:\/\/hub.hslu.ch\/immobilienblog\/2013\/09\/12\/immobilie-statt-altersvorsorge\/\" \/>\n<meta property=\"og:locale\" content=\"de_DE\" \/>\n<meta property=\"og:type\" content=\"article\" \/>\n<meta property=\"og:title\" content=\"Immobilie statt Altersvorsorge - Immobilienblog Hochschule Luzern\" \/>\n<meta property=\"og:description\" content=\"von\u00a0Prof.\u00a0Dr. Yvonne Seiler Dozentin und Projektleiterin am Institut f\u00fcr Finanzdienstleistungen Zug IFZ\u00a0 Der Schweizer Wohnungsmarkt bleibt mit seinem\" \/>\n<meta property=\"og:url\" content=\"https:\/\/hub.hslu.ch\/immobilienblog\/2013\/09\/12\/immobilie-statt-altersvorsorge\/\" \/>\n<meta property=\"og:site_name\" content=\"Immobilienblog Hochschule Luzern\" \/>\n<meta property=\"article:published_time\" content=\"2013-09-12T05:20:06+00:00\" \/>\n<meta property=\"og:image\" content=\"https:\/\/hub.hslu.ch\/ifz\/wp-content\/blogs.dir\/165\/files\/sites\/6\/2013\/09\/12341.jpg\" \/>\n<meta name=\"twitter:card\" content=\"summary_large_image\" \/>\n<meta name=\"twitter:label1\" content=\"Geschrieben von\" \/>\n\t<meta name=\"twitter:data1\" content=\"\" \/>\n\t<meta name=\"twitter:label2\" content=\"Gesch\u00e4tzte Lesezeit\" \/>\n\t<meta name=\"twitter:data2\" content=\"1\u00a0Minute\" \/>\n<script type=\"application\/ld+json\" class=\"yoast-schema-graph\">{\"@context\":\"https:\\\/\\\/schema.org\",\"@graph\":[{\"@type\":\"Article\",\"@id\":\"https:\\\/\\\/hub.hslu.ch\\\/immobilienblog\\\/2013\\\/09\\\/12\\\/immobilie-statt-altersvorsorge\\\/#article\",\"isPartOf\":{\"@id\":\"https:\\\/\\\/hub.hslu.ch\\\/immobilienblog\\\/2013\\\/09\\\/12\\\/immobilie-statt-altersvorsorge\\\/\"},\"author\":{\"name\":\"\",\"@id\":\"\"},\"headline\":\"Immobilie statt Altersvorsorge\",\"datePublished\":\"2013-09-12T05:20:06+00:00\",\"mainEntityOfPage\":{\"@id\":\"https:\\\/\\\/hub.hslu.ch\\\/immobilienblog\\\/2013\\\/09\\\/12\\\/immobilie-statt-altersvorsorge\\\/\"},\"wordCount\":282,\"commentCount\":2,\"image\":{\"@id\":\"https:\\\/\\\/hub.hslu.ch\\\/immobilienblog\\\/2013\\\/09\\\/12\\\/immobilie-statt-altersvorsorge\\\/#primaryimage\"},\"thumbnailUrl\":\"https:\\\/\\\/hub.hslu.ch\\\/ifz\\\/wp-content\\\/blogs.dir\\\/165\\\/files\\\/sites\\\/6\\\/2013\\\/09\\\/12341.jpg\",\"keywords\":[\"Finanzierung\",\"Forschung\",\"Wohneigentum\"],\"articleSection\":[\"Archiv\"],\"inLanguage\":\"de-CH\",\"potentialAction\":[{\"@type\":\"CommentAction\",\"name\":\"Comment\",\"target\":[\"https:\\\/\\\/hub.hslu.ch\\\/immobilienblog\\\/2013\\\/09\\\/12\\\/immobilie-statt-altersvorsorge\\\/#respond\"]}]},{\"@type\":\"WebPage\",\"@id\":\"https:\\\/\\\/hub.hslu.ch\\\/immobilienblog\\\/2013\\\/09\\\/12\\\/immobilie-statt-altersvorsorge\\\/\",\"url\":\"https:\\\/\\\/hub.hslu.ch\\\/immobilienblog\\\/2013\\\/09\\\/12\\\/immobilie-statt-altersvorsorge\\\/\",\"name\":\"Immobilie statt Altersvorsorge - Immobilienblog Hochschule Luzern\",\"isPartOf\":{\"@id\":\"https:\\\/\\\/hub.hslu.ch\\\/immobilienblog\\\/#website\"},\"primaryImageOfPage\":{\"@id\":\"https:\\\/\\\/hub.hslu.ch\\\/immobilienblog\\\/2013\\\/09\\\/12\\\/immobilie-statt-altersvorsorge\\\/#primaryimage\"},\"image\":{\"@id\":\"https:\\\/\\\/hub.hslu.ch\\\/immobilienblog\\\/2013\\\/09\\\/12\\\/immobilie-statt-altersvorsorge\\\/#primaryimage\"},\"thumbnailUrl\":\"https:\\\/\\\/hub.hslu.ch\\\/ifz\\\/wp-content\\\/blogs.dir\\\/165\\\/files\\\/sites\\\/6\\\/2013\\\/09\\\/12341.jpg\",\"datePublished\":\"2013-09-12T05:20:06+00:00\",\"author\":{\"@id\":\"\"},\"description\":\"von\u00a0Prof.\u00a0Dr. Yvonne Seiler Dozentin und Projektleiterin am Institut f\u00fcr Finanzdienstleistungen Zug IFZ\u00a0 Der Schweizer Wohnungsmarkt bleibt mit seinem\",\"inLanguage\":\"de-CH\",\"potentialAction\":[{\"@type\":\"ReadAction\",\"target\":[\"https:\\\/\\\/hub.hslu.ch\\\/immobilienblog\\\/2013\\\/09\\\/12\\\/immobilie-statt-altersvorsorge\\\/\"]}]},{\"@type\":\"ImageObject\",\"inLanguage\":\"de-CH\",\"@id\":\"https:\\\/\\\/hub.hslu.ch\\\/immobilienblog\\\/2013\\\/09\\\/12\\\/immobilie-statt-altersvorsorge\\\/#primaryimage\",\"url\":\"https:\\\/\\\/hub.hslu.ch\\\/ifz\\\/wp-content\\\/blogs.dir\\\/165\\\/files\\\/sites\\\/6\\\/2013\\\/09\\\/12341.jpg\",\"contentUrl\":\"https:\\\/\\\/hub.hslu.ch\\\/ifz\\\/wp-content\\\/blogs.dir\\\/165\\\/files\\\/sites\\\/6\\\/2013\\\/09\\\/12341.jpg\"},{\"@type\":\"WebSite\",\"@id\":\"https:\\\/\\\/hub.hslu.ch\\\/immobilienblog\\\/#website\",\"url\":\"https:\\\/\\\/hub.hslu.ch\\\/immobilienblog\\\/\",\"name\":\"Immobilienblog Hochschule Luzern\",\"description\":\"Immobilienmanagement am Institut f\u00fcr Finanzdienstleistungen Zug - IFZ\",\"potentialAction\":[{\"@type\":\"SearchAction\",\"target\":{\"@type\":\"EntryPoint\",\"urlTemplate\":\"https:\\\/\\\/hub.hslu.ch\\\/immobilienblog\\\/?s={search_term_string}\"},\"query-input\":{\"@type\":\"PropertyValueSpecification\",\"valueRequired\":true,\"valueName\":\"search_term_string\"}}],\"inLanguage\":\"de-CH\"},{\"@type\":\"Person\",\"@id\":\"\"}]}<\/script>\n<!-- \/ Yoast SEO plugin. -->","yoast_head_json":{"title":"Immobilie statt Altersvorsorge - Immobilienblog Hochschule Luzern","description":"von\u00a0Prof.\u00a0Dr. Yvonne Seiler Dozentin und Projektleiterin am Institut f\u00fcr Finanzdienstleistungen Zug IFZ\u00a0 Der Schweizer Wohnungsmarkt bleibt mit seinem","robots":{"index":"index","follow":"follow","max-snippet":"max-snippet:-1","max-image-preview":"max-image-preview:large","max-video-preview":"max-video-preview:-1"},"canonical":"https:\/\/hub.hslu.ch\/immobilienblog\/2013\/09\/12\/immobilie-statt-altersvorsorge\/","og_locale":"de_DE","og_type":"article","og_title":"Immobilie statt Altersvorsorge - Immobilienblog Hochschule Luzern","og_description":"von\u00a0Prof.\u00a0Dr. Yvonne Seiler Dozentin und Projektleiterin am Institut f\u00fcr Finanzdienstleistungen Zug IFZ\u00a0 Der Schweizer Wohnungsmarkt bleibt mit seinem","og_url":"https:\/\/hub.hslu.ch\/immobilienblog\/2013\/09\/12\/immobilie-statt-altersvorsorge\/","og_site_name":"Immobilienblog Hochschule Luzern","article_published_time":"2013-09-12T05:20:06+00:00","og_image":[{"url":"https:\/\/hub.hslu.ch\/ifz\/wp-content\/blogs.dir\/165\/files\/sites\/6\/2013\/09\/12341.jpg","type":"","width":"","height":""}],"twitter_card":"summary_large_image","twitter_misc":{"Geschrieben von":"","Gesch\u00e4tzte Lesezeit":"1\u00a0Minute"},"schema":{"@context":"https:\/\/schema.org","@graph":[{"@type":"Article","@id":"https:\/\/hub.hslu.ch\/immobilienblog\/2013\/09\/12\/immobilie-statt-altersvorsorge\/#article","isPartOf":{"@id":"https:\/\/hub.hslu.ch\/immobilienblog\/2013\/09\/12\/immobilie-statt-altersvorsorge\/"},"author":{"name":"","@id":""},"headline":"Immobilie statt Altersvorsorge","datePublished":"2013-09-12T05:20:06+00:00","mainEntityOfPage":{"@id":"https:\/\/hub.hslu.ch\/immobilienblog\/2013\/09\/12\/immobilie-statt-altersvorsorge\/"},"wordCount":282,"commentCount":2,"image":{"@id":"https:\/\/hub.hslu.ch\/immobilienblog\/2013\/09\/12\/immobilie-statt-altersvorsorge\/#primaryimage"},"thumbnailUrl":"https:\/\/hub.hslu.ch\/ifz\/wp-content\/blogs.dir\/165\/files\/sites\/6\/2013\/09\/12341.jpg","keywords":["Finanzierung","Forschung","Wohneigentum"],"articleSection":["Archiv"],"inLanguage":"de-CH","potentialAction":[{"@type":"CommentAction","name":"Comment","target":["https:\/\/hub.hslu.ch\/immobilienblog\/2013\/09\/12\/immobilie-statt-altersvorsorge\/#respond"]}]},{"@type":"WebPage","@id":"https:\/\/hub.hslu.ch\/immobilienblog\/2013\/09\/12\/immobilie-statt-altersvorsorge\/","url":"https:\/\/hub.hslu.ch\/immobilienblog\/2013\/09\/12\/immobilie-statt-altersvorsorge\/","name":"Immobilie statt Altersvorsorge - Immobilienblog Hochschule Luzern","isPartOf":{"@id":"https:\/\/hub.hslu.ch\/immobilienblog\/#website"},"primaryImageOfPage":{"@id":"https:\/\/hub.hslu.ch\/immobilienblog\/2013\/09\/12\/immobilie-statt-altersvorsorge\/#primaryimage"},"image":{"@id":"https:\/\/hub.hslu.ch\/immobilienblog\/2013\/09\/12\/immobilie-statt-altersvorsorge\/#primaryimage"},"thumbnailUrl":"https:\/\/hub.hslu.ch\/ifz\/wp-content\/blogs.dir\/165\/files\/sites\/6\/2013\/09\/12341.jpg","datePublished":"2013-09-12T05:20:06+00:00","author":{"@id":""},"description":"von\u00a0Prof.\u00a0Dr. Yvonne Seiler Dozentin und Projektleiterin am Institut f\u00fcr Finanzdienstleistungen Zug IFZ\u00a0 Der Schweizer Wohnungsmarkt bleibt mit seinem","inLanguage":"de-CH","potentialAction":[{"@type":"ReadAction","target":["https:\/\/hub.hslu.ch\/immobilienblog\/2013\/09\/12\/immobilie-statt-altersvorsorge\/"]}]},{"@type":"ImageObject","inLanguage":"de-CH","@id":"https:\/\/hub.hslu.ch\/immobilienblog\/2013\/09\/12\/immobilie-statt-altersvorsorge\/#primaryimage","url":"https:\/\/hub.hslu.ch\/ifz\/wp-content\/blogs.dir\/165\/files\/sites\/6\/2013\/09\/12341.jpg","contentUrl":"https:\/\/hub.hslu.ch\/ifz\/wp-content\/blogs.dir\/165\/files\/sites\/6\/2013\/09\/12341.jpg"},{"@type":"WebSite","@id":"https:\/\/hub.hslu.ch\/immobilienblog\/#website","url":"https:\/\/hub.hslu.ch\/immobilienblog\/","name":"Immobilienblog Hochschule Luzern","description":"Immobilienmanagement am Institut f\u00fcr Finanzdienstleistungen Zug - IFZ","potentialAction":[{"@type":"SearchAction","target":{"@type":"EntryPoint","urlTemplate":"https:\/\/hub.hslu.ch\/immobilienblog\/?s={search_term_string}"},"query-input":{"@type":"PropertyValueSpecification","valueRequired":true,"valueName":"search_term_string"}}],"inLanguage":"de-CH"},{"@type":"Person","@id":""}]}},"featured_image_src":null,"featured_image_src_square":null,"author_info":{"display_name":"","author_link":"https:\/\/hub.hslu.ch\/immobilienblog\/author\/"},"_links":{"self":[{"href":"https:\/\/hub.hslu.ch\/immobilienblog\/wp-json\/wp\/v2\/posts\/1217","targetHints":{"allow":["GET"]}}],"collection":[{"href":"https:\/\/hub.hslu.ch\/immobilienblog\/wp-json\/wp\/v2\/posts"}],"about":[{"href":"https:\/\/hub.hslu.ch\/immobilienblog\/wp-json\/wp\/v2\/types\/post"}],"author":[{"embeddable":true,"href":"https:\/\/hub.hslu.ch\/immobilienblog\/wp-json\/wp\/v2\/users\/966"}],"replies":[{"embeddable":true,"href":"https:\/\/hub.hslu.ch\/immobilienblog\/wp-json\/wp\/v2\/comments?post=1217"}],"version-history":[{"count":3,"href":"https:\/\/hub.hslu.ch\/immobilienblog\/wp-json\/wp\/v2\/posts\/1217\/revisions"}],"predecessor-version":[{"id":1220,"href":"https:\/\/hub.hslu.ch\/immobilienblog\/wp-json\/wp\/v2\/posts\/1217\/revisions\/1220"}],"wp:attachment":[{"href":"https:\/\/hub.hslu.ch\/immobilienblog\/wp-json\/wp\/v2\/media?parent=1217"}],"wp:term":[{"taxonomy":"category","embeddable":true,"href":"https:\/\/hub.hslu.ch\/immobilienblog\/wp-json\/wp\/v2\/categories?post=1217"},{"taxonomy":"post_tag","embeddable":true,"href":"https:\/\/hub.hslu.ch\/immobilienblog\/wp-json\/wp\/v2\/tags?post=1217"}],"curies":[{"name":"wp","href":"https:\/\/api.w.org\/{rel}","templated":true}]}}