{"id":5525,"date":"2020-12-07T06:45:00","date_gmt":"2020-12-07T05:45:00","guid":{"rendered":"https:\/\/hub.hslu.ch\/immobilienblog\/?p=5525"},"modified":"2026-01-30T10:01:16","modified_gmt":"2026-01-30T09:01:16","slug":"schweizer-bauforum-nachhaltig-bauen-wunsch-und-wirklichkeit","status":"publish","type":"post","link":"https:\/\/hub.hslu.ch\/immobilienblog\/2020\/12\/07\/schweizer-bauforum-nachhaltig-bauen-wunsch-und-wirklichkeit\/","title":{"rendered":"Schweizer Bauforum: Nachhaltig bauen \u2013 Wunsch und Wirklichkeit"},"content":{"rendered":"\n<p>Die Stadt Z\u00fcrich muss ihre Anstrengungen \u00abmassiv verst\u00e4rken\u00bb, wenn sie das Ziel von Netto Null CO2-Ausstoss erreichen will, wie Katrin G\u00fcgler, Direktorin des <a href=\"https:\/\/www.stadt-zuerich.ch\/hbd\/de\/index\/staedtebau\/afs.html\" target=\"_blank\" rel=\"noreferrer noopener\">Amtes f\u00fcr St\u00e4dtebau der Stadt Z\u00fcrich<\/a>, am Schweizer Bauforum ausf\u00fchrte. Das fand am Mittwoch, 18. November 2020, in einer Online-Variante vor 120 Bau- und Immobilienfachleuten statt. Es wird veranstaltet vom <a href=\"https:\/\/www.hslu.ch\/de-ch\/technik-architektur\/institute\/gebaeudetechnik-und-energie\/\" target=\"_blank\" rel=\"noreferrer noopener\">Institut f\u00fcr Geb\u00e4udetechnik und Energie IGE<\/a> und vom <a href=\"https:\/\/www.hslu.ch\/de-ch\/wirtschaft\/institute\/ifz\/\" target=\"_blank\" rel=\"noreferrer noopener\">Institut f\u00fcr Finanzdienstleistungen Zug IFZ <\/a>der <a href=\"https:\/\/www.hslu.ch\/de-ch\/\" target=\"_blank\" rel=\"noreferrer noopener\">Hochschule Luzern<\/a> in Zusammenarbeit mit dem <a href=\"https:\/\/www.nnbs.ch\/\" target=\"_blank\" rel=\"noreferrer noopener\">Netzwerk Nachhaltiges Bauen Schweiz<\/a> (NNBS).<\/p>\n\n\n\n<p>Die Anforderungen an die Baubranche, den Ausstoss sch\u00e4dlicher Klimagase zu drosseln und den Energiebedarf zu senken, sind hoch. Trotz aller Massnahmen steigt der CO2-Ausstoss stetig weiter, wie Dietmar Eberle von <a href=\"https:\/\/www.baumschlager-eberle.com\/\" target=\"_blank\" rel=\"noreferrer noopener\">Baumschlager Eberle Architekten<\/a> feststellt. Die Klimaziele k\u00f6nnen nur erreicht werden, wenn die Branche eine drastische Evaluation der Mittel aus der Vergangenheit durchf\u00fchrt. \u00abIm Bauen hat man sich Schritt f\u00fcr Schritt hochger\u00fcstet\u00bb, sagte Eberle, \u00abes lohnt sich aber, einmal alles wegzulassen und dann zu schauen, was wirklich n\u00f6tig ist.\u00bb Er pl\u00e4dierte daf\u00fcr, sich auf einige wenige, aber grundlegende Kriterien zu konzentrieren und nannte Gesundheit, Komfort, das Nutzen lokaler und nat\u00fcrlicher Ressourcen sowie die Reduktion von Energieverbrauch, CO2-Emmission und von Erstellungs- und Betriebskosten. Unter dem Titel \u00ab2226\u00bb realisiert Baumschlager Eberle Architekten in der Schweiz, in \u00d6sterreich und Deutschland aus Ziegelstein gemauerte Geb\u00e4ude ohne Heizung, K\u00fchlung und L\u00fcftung.<\/p>\n\n\n\n<p>Solche radikalen Schritte k\u00f6nnten die L\u00f6sung sein, dem stimmt auch Holger Wallbaum zu, Professor f\u00fcr Nachhaltiges Bauen an der <a href=\"https:\/\/www.chalmers.se\/sv\/utbildning\/Sidor\/default.aspx\" target=\"_blank\" rel=\"noreferrer noopener\">Chalmers University of Technology in G\u00f6teborg<\/a> und vorher lange an der <a href=\"https:\/\/ethz.ch\/de.html\" target=\"_blank\" rel=\"noreferrer noopener\">ETH Z\u00fcrich<\/a>. Er zieht in seinem \u00abFaktencheck Bau \u2013 Wunsch und Wirklichkeit\u00bb den Blickwinkel auf, schaut auf europ\u00e4ische und globale Dimensionen und attestiert der Schweiz, nach sehr fortschrittlichen Anf\u00e4ngen aktuell nicht gen\u00fcgend zu tun. Er formulierte drastisch: \u00abEs geht nicht mehr um eine Transformation. Es geht nur noch mit einem radikalen Bruch.\u00bb<\/p>\n\n\n\n<p>Peter Wellauer, Gesch\u00e4ftsf\u00fchrer der <a href=\"https:\/\/betonsuisse.ch\/\" target=\"_blank\" rel=\"noreferrer noopener\">BETONSUISSE AG<\/a>, sieht auch in Zukunft Potential f\u00fcr den Baustoff Beton. Er pl\u00e4diert daf\u00fcr, mit l\u00e4nger nutzbaren, regionalen Baustoffen zu bauen, weitsichtiger und intelligenter zu planen, um weniger Material und Energie zu verbrauchen und dabei den R\u00fcckbau einzuplanen, Stichwort: \u00abUrban Mining\u00bb. Diesem Ansatz folgte <a href=\"https:\/\/www.losinger-marazzi.ch\/de\/\" target=\"_blank\" rel=\"noreferrer noopener\">Losinger Marazzi AG<\/a> in den Quartieren <a href=\"https:\/\/greencity-offices.ch\/\" target=\"_blank\" rel=\"noreferrer noopener\">Greencity in Z\u00fcrich-Manegg<\/a> und <a href=\"http:\/\/erlenmatt-west.ch\/\" target=\"_blank\" rel=\"noreferrer noopener\">Erlenmatt West in Basel<\/a>. Nina Tammler und Ren\u00e9 B\u00e4bler stellten die beiden \u00ab2000-Watt-Areale\u00bb als lebendige Quartiere vor.<\/p>\n\n\n\n<p>Die <a href=\"https:\/\/www.suurstoffi.ch\/startseite\" target=\"_blank\" rel=\"noreferrer noopener\">Suurstoffi in Rotkreuz<\/a> gilt als \u00abNetto Null\u00bb-Areal. Daf\u00fcr sorgen ein Anergienetz und Photovoltaik-Anlagen, wie Martin J\u00f6ri, Leiter strategisches Arealmanagement bei<a href=\"https:\/\/www.zugestates.ch\/nc\/home.html\" target=\"_blank\" rel=\"noreferrer noopener\"> Zug Estates AG<\/a>, in seinem \u00abPraxisbericht Suurstoffi\u00bb ausf\u00fchrte. Zug Estates AG war Pionier in der Schweiz und musste deshalb zahlreichen Herausforderungen begegnen. Etwa wenn Planwerte in der Realit\u00e4t nicht eintrafen, das System nicht flexibel genug reagieren konnte oder Pflichtenhefte nicht klar formuliert waren. J\u00f6ri riet daher, Bauten und Anlagen immer vom Ende her zu denken und die Planung daran auszurichten.<\/p>\n\n\n\n<p>Sarah Thury, Projektleiterin Strategy &amp; Development, hat bei <a href=\"https:\/\/www.wincasa.ch\/de-ch\/wie-konnen-wir-helfen\" target=\"_blank\" rel=\"noreferrer noopener\">Wincasa AG <\/a>die Aufgabe, den CO2-Ausstoss des bestehenden Immobilienportfolios zu reduzieren. \u00abDie energetische Umr\u00fcstung des Geb\u00e4udeparks ist f\u00fcr den Erfolg der schweizerischen Energiewende zentral\u00bb, sagt sie. Doch k\u00f6nne die Wincasa AG nicht auf standardisierte L\u00f6sungen setzen, sondern m\u00fcsse spezifische Massnahmen f\u00fcr jedes einzelne Geb\u00e4ude finden.<\/p>\n\n\n\n<p>Peter Schmid von der Baugenossenschaft \u00ab<a href=\"https:\/\/www.mehralswohnen.ch\/\" target=\"_blank\" rel=\"noreferrer noopener\">mehr als wohnen<\/a>\u00bb stellte klar, dass ein Investor viele M\u00f6glichkeiten habe, um eine \u00dcberbauung wie das <a href=\"https:\/\/www.mehralswohnen.ch\/hunziker-areal\/das-quartier\/\" target=\"_blank\" rel=\"noreferrer noopener\">Z\u00fcrcher Hunziker-Areal<\/a> zu einem lebendigen und auch sozial nachhaltigen Quartier zu machen. Ber\u00fccksichtigen m\u00fcsse man dabei insbesondere, dass die Struktur der Bewohnenden durchmischt sei. Das gelte nicht nur f\u00fcr Alter und Einkommen der Bewohnenden, sondern auch f\u00fcr die Zusammensetzung im Haus und den Mix verschiedener Wohnformen.<\/p>\n\n\n\n<p>Das<a href=\"https:\/\/www.hslu.ch\/de-ch\/technik-architektur\/forschung\/kompetenzzentren\/zig\/schweizer-bauforum\/bauforum-2020\/\" target=\"_blank\" rel=\"noreferrer noopener\"> Schweizer Bauforum 2020 <\/a>zeigte deutlich, dass \u00abWeiter wie bisher\u00bb nicht gen\u00fcgt, dass es radikale Ver\u00e4nderungen braucht. Es zeigte aber auch, dass es durchaus schon viele gute Beispiele gibt, welche diese Anforderungen umsetzen. <\/p>\n\n\n\n<h2 class=\"wp-block-heading\"><span style=\"color:#ff3ebc\" class=\"has-inline-color\">Save the Date!<\/span><\/h2>\n\n\n\n<p>Am <strong><span style=\"color:#ff3ebc\" class=\"has-inline-color\">24. November 2021<\/span><\/strong> findet das 4. <a href=\"https:\/\/www.hslu.ch\/de-ch\/technik-architektur\/forschung\/kompetenzzentren\/zig\/schweizer-bauforum\/bauforum-2020\/\" target=\"_blank\" rel=\"noreferrer noopener\">Schweizer Bauforum<\/a> statt. Dort wird sich andeuten, ob die Branche die ehrgeizigen Klimaziele wird erreichen k\u00f6nnen. Weitere Informationen folgen demn\u00e4chst!<\/p>\n\n\n\n<h2 class=\"wp-block-heading\"><span style=\"color:#ff3ebc\" class=\"has-inline-color\">Das Schweizer Bauforum 2020 im Web:<\/span><\/h2>\n\n\n<div class=\"detail-link\">\n\n\t\t\t\t\n\t\t\t\t\t\t\t\t<a target=\"_blank\" href=\"https:\/\/www.hslu.ch\/de-ch\/technik-architektur\/forschung\/kompetenzzentren\/zig\/schweizer-bauforum\/bauforum-2020\/\">\n\t\t\t\t\t\t<div class=\"detail-link--wrapper\">\n\t\t\t\t\t\t\t<p>Hier finden Sie die Pr\u00e4sentationen der Referierenden sowie die Poster der Ausstellung.<\/p><span><img decoding=\"async\" src=\"https:\/\/hub.hslu.ch\/immobilienblog\/wp-content\/themes\/hub-hslu-multisite-theme\/images\/Icons\/black-arrow.svg\" alt=\"\"><\/span>\n\t\t\t\t\t\t<\/div>\n\t\t\t\t\t<\/a>\n\t\t\t\t\t\t\t\t\t\t<\/div>\n\n\n\n\n<h2 class=\"wp-block-heading\"><strong><span style=\"color:#ff3ebc\" class=\"has-inline-color\">Das k\u00f6nnte Sie ebenfalls interessieren:<\/span><\/strong><\/h2>\n\n\n\n<p>Entdecken Sie die&nbsp;<a href=\"https:\/\/www.hslu.ch\/de-ch\/wirtschaft\/themen\/immobilien\/?sourceurl=\/immobilien\" target=\"_blank\" rel=\"noreferrer noopener\">Welt des Immobilienmanagements<\/a>&nbsp;und erfahren Sie alles Wissenswerte rund um den&nbsp;<a href=\"https:\/\/www.hslu.ch\/de-ch\/wirtschaft\/weiterbildung\/mas\/ifz\/immobilienmanagement\/\" target=\"_blank\" rel=\"noreferrer noopener\">MAS Immobilienmanagement<\/a>&nbsp;und andere Angebote zum Thema&nbsp;<a href=\"https:\/\/www.hslu.ch\/de-ch\/wirtschaft\/themen\/immobilien\/?sourceurl=\/immobilien\" target=\"_blank\" rel=\"noreferrer noopener\">Immobilien<\/a>. Gerne beantworten Ihnen&nbsp;<a href=\"https:\/\/www.hslu.ch\/de-ch\/wirtschaft\/ueber-uns\/personensuche\/person-detail-site\/?pid=248\" target=\"_blank\" rel=\"noreferrer noopener\">Prof. Dr. Markus Schmidiger<\/a> und&nbsp;<a href=\"https:\/\/www.hslu.ch\/de-ch\/wirtschaft\/ueber-uns\/personensuche\/person-detail-site\/?pid=974\" target=\"_blank\" rel=\"noreferrer noopener\">Prof. Dr. John Davidson<\/a>vom&nbsp;<a href=\"https:\/\/www.hslu.ch\/de-ch\/wirtschaft\/ueber-uns\/institute\/ifz\/?sourceurl=\/ifz\" target=\"_blank\" rel=\"noreferrer noopener\">IFZ<\/a>&nbsp;Ihre Fragen.<\/p>\n","protected":false},"excerpt":{"rendered":"<p>Nachhaltiges Bauen im Reality-Check \u2013 was wurde geplant, was hat sich in der Praxis bew\u00e4hrt? Das war Thema des Schweizer Bauforums 2020, das 120 Bau- und Immobilienfach leute zu einer Online-Konferenz in die Suurstoffi nach Rotkreuz lud.<\/p>\n","protected":false},"author":105,"featured_media":5530,"comment_status":"open","ping_status":"closed","sticky":false,"template":"","format":"standard","meta":{"_acf_changed":false,"inline_featured_image":false,"_relevanssi_hide_post":"","_relevanssi_hide_content":"","_relevanssi_pin_for_all":"","_relevanssi_pin_keywords":"","_relevanssi_unpin_keywords":"","_relevanssi_related_keywords":"","_relevanssi_related_include_ids":"","_relevanssi_related_exclude_ids":"","_relevanssi_related_no_append":"","_relevanssi_related_not_related":"","_relevanssi_related_posts":"9202,9187,9133,9088,9071,9056","_relevanssi_noindex_reason":"","footnotes":"","_links_to":"","_links_to_target":""},"categories":[1],"tags":[],"class_list":["post-5525","post","type-post","status-publish","format-standard","has-post-thumbnail","hentry","category-alte-beitraege"],"acf":[],"yoast_head":"<!-- This site is optimized with the Yoast SEO plugin v27.5 - https:\/\/yoast.com\/product\/yoast-seo-wordpress\/ -->\n<title>Schweizer Bauforum: Nachhaltig bauen \u2013 Wunsch und Wirklichkeit - Immobilienblog Hochschule Luzern<\/title>\n<meta name=\"description\" content=\"Nachhaltiges Bauen im Reality-Check \u2013 was wurde geplant, was hat sich in der Praxis bew\u00e4hrt? Das war Thema des Schweizer Bauforums 2020, das 120 Bau- und Immobilienfach leute zu einer Online-Konferenz in die Suurstoffi nach Rotkreuz lud.\" \/>\n<meta name=\"robots\" content=\"index, follow, max-snippet:-1, max-image-preview:large, max-video-preview:-1\" \/>\n<link rel=\"canonical\" href=\"https:\/\/hub.hslu.ch\/immobilienblog\/2020\/12\/07\/schweizer-bauforum-nachhaltig-bauen-wunsch-und-wirklichkeit\/\" \/>\n<meta property=\"og:locale\" content=\"de_DE\" \/>\n<meta property=\"og:type\" content=\"article\" \/>\n<meta property=\"og:title\" content=\"Schweizer Bauforum: Nachhaltig bauen \u2013 Wunsch und Wirklichkeit - Immobilienblog Hochschule Luzern\" \/>\n<meta property=\"og:description\" content=\"Nachhaltiges Bauen im Reality-Check \u2013 was wurde geplant, was hat sich in der Praxis bew\u00e4hrt? Das war Thema des Schweizer Bauforums 2020, das 120 Bau- und Immobilienfach leute zu einer Online-Konferenz in die Suurstoffi nach Rotkreuz lud.\" \/>\n<meta property=\"og:url\" content=\"https:\/\/hub.hslu.ch\/immobilienblog\/2020\/12\/07\/schweizer-bauforum-nachhaltig-bauen-wunsch-und-wirklichkeit\/\" \/>\n<meta property=\"og:site_name\" content=\"Immobilienblog Hochschule Luzern\" \/>\n<meta property=\"article:published_time\" content=\"2020-12-07T05:45:00+00:00\" \/>\n<meta property=\"article:modified_time\" content=\"2026-01-30T09:01:16+00:00\" \/>\n<meta property=\"og:image\" content=\"https:\/\/hub.hslu.ch\/immobilienblog\/wp-content\/blogs.dir\/443\/files\/sites\/9\/2020\/12\/Capture-2.jpg\" \/>\n\t<meta property=\"og:image:width\" content=\"964\" \/>\n\t<meta property=\"og:image:height\" content=\"354\" \/>\n\t<meta property=\"og:image:type\" content=\"image\/jpeg\" \/>\n<meta name=\"twitter:card\" content=\"summary_large_image\" \/>\n<meta name=\"twitter:label1\" content=\"Geschrieben von\" \/>\n\t<meta name=\"twitter:data1\" content=\"\" \/>\n\t<meta name=\"twitter:label2\" content=\"Gesch\u00e4tzte Lesezeit\" \/>\n\t<meta name=\"twitter:data2\" content=\"5\u00a0Minuten\" \/>\n<script type=\"application\/ld+json\" class=\"yoast-schema-graph\">{\"@context\":\"https:\\\/\\\/schema.org\",\"@graph\":[{\"@type\":\"Article\",\"@id\":\"https:\\\/\\\/hub.hslu.ch\\\/immobilienblog\\\/2020\\\/12\\\/07\\\/schweizer-bauforum-nachhaltig-bauen-wunsch-und-wirklichkeit\\\/#article\",\"isPartOf\":{\"@id\":\"https:\\\/\\\/hub.hslu.ch\\\/immobilienblog\\\/2020\\\/12\\\/07\\\/schweizer-bauforum-nachhaltig-bauen-wunsch-und-wirklichkeit\\\/\"},\"author\":{\"name\":\"\",\"@id\":\"\"},\"headline\":\"Schweizer Bauforum: Nachhaltig bauen \u2013 Wunsch und Wirklichkeit\",\"datePublished\":\"2020-12-07T05:45:00+00:00\",\"dateModified\":\"2026-01-30T09:01:16+00:00\",\"mainEntityOfPage\":{\"@id\":\"https:\\\/\\\/hub.hslu.ch\\\/immobilienblog\\\/2020\\\/12\\\/07\\\/schweizer-bauforum-nachhaltig-bauen-wunsch-und-wirklichkeit\\\/\"},\"wordCount\":756,\"commentCount\":0,\"image\":{\"@id\":\"https:\\\/\\\/hub.hslu.ch\\\/immobilienblog\\\/2020\\\/12\\\/07\\\/schweizer-bauforum-nachhaltig-bauen-wunsch-und-wirklichkeit\\\/#primaryimage\"},\"thumbnailUrl\":\"https:\\\/\\\/hub.hslu.ch\\\/immobilienblog\\\/wp-content\\\/blogs.dir\\\/443\\\/files\\\/sites\\\/9\\\/2020\\\/12\\\/Capture-2.jpg\",\"articleSection\":[\"Archiv\"],\"inLanguage\":\"de-CH\",\"potentialAction\":[{\"@type\":\"CommentAction\",\"name\":\"Comment\",\"target\":[\"https:\\\/\\\/hub.hslu.ch\\\/immobilienblog\\\/2020\\\/12\\\/07\\\/schweizer-bauforum-nachhaltig-bauen-wunsch-und-wirklichkeit\\\/#respond\"]}]},{\"@type\":\"WebPage\",\"@id\":\"https:\\\/\\\/hub.hslu.ch\\\/immobilienblog\\\/2020\\\/12\\\/07\\\/schweizer-bauforum-nachhaltig-bauen-wunsch-und-wirklichkeit\\\/\",\"url\":\"https:\\\/\\\/hub.hslu.ch\\\/immobilienblog\\\/2020\\\/12\\\/07\\\/schweizer-bauforum-nachhaltig-bauen-wunsch-und-wirklichkeit\\\/\",\"name\":\"Schweizer Bauforum: Nachhaltig bauen \u2013 Wunsch und Wirklichkeit - Immobilienblog Hochschule Luzern\",\"isPartOf\":{\"@id\":\"https:\\\/\\\/hub.hslu.ch\\\/immobilienblog\\\/#website\"},\"primaryImageOfPage\":{\"@id\":\"https:\\\/\\\/hub.hslu.ch\\\/immobilienblog\\\/2020\\\/12\\\/07\\\/schweizer-bauforum-nachhaltig-bauen-wunsch-und-wirklichkeit\\\/#primaryimage\"},\"image\":{\"@id\":\"https:\\\/\\\/hub.hslu.ch\\\/immobilienblog\\\/2020\\\/12\\\/07\\\/schweizer-bauforum-nachhaltig-bauen-wunsch-und-wirklichkeit\\\/#primaryimage\"},\"thumbnailUrl\":\"https:\\\/\\\/hub.hslu.ch\\\/immobilienblog\\\/wp-content\\\/blogs.dir\\\/443\\\/files\\\/sites\\\/9\\\/2020\\\/12\\\/Capture-2.jpg\",\"datePublished\":\"2020-12-07T05:45:00+00:00\",\"dateModified\":\"2026-01-30T09:01:16+00:00\",\"author\":{\"@id\":\"\"},\"description\":\"Nachhaltiges Bauen im Reality-Check \u2013 was wurde geplant, was hat sich in der Praxis bew\u00e4hrt? Das war Thema des Schweizer Bauforums 2020, das 120 Bau- und Immobilienfach leute zu einer Online-Konferenz in die Suurstoffi nach Rotkreuz lud.\",\"inLanguage\":\"de-CH\",\"potentialAction\":[{\"@type\":\"ReadAction\",\"target\":[\"https:\\\/\\\/hub.hslu.ch\\\/immobilienblog\\\/2020\\\/12\\\/07\\\/schweizer-bauforum-nachhaltig-bauen-wunsch-und-wirklichkeit\\\/\"]}]},{\"@type\":\"ImageObject\",\"inLanguage\":\"de-CH\",\"@id\":\"https:\\\/\\\/hub.hslu.ch\\\/immobilienblog\\\/2020\\\/12\\\/07\\\/schweizer-bauforum-nachhaltig-bauen-wunsch-und-wirklichkeit\\\/#primaryimage\",\"url\":\"https:\\\/\\\/hub.hslu.ch\\\/immobilienblog\\\/wp-content\\\/blogs.dir\\\/443\\\/files\\\/sites\\\/9\\\/2020\\\/12\\\/Capture-2.jpg\",\"contentUrl\":\"https:\\\/\\\/hub.hslu.ch\\\/immobilienblog\\\/wp-content\\\/blogs.dir\\\/443\\\/files\\\/sites\\\/9\\\/2020\\\/12\\\/Capture-2.jpg\",\"width\":964,\"height\":354},{\"@type\":\"WebSite\",\"@id\":\"https:\\\/\\\/hub.hslu.ch\\\/immobilienblog\\\/#website\",\"url\":\"https:\\\/\\\/hub.hslu.ch\\\/immobilienblog\\\/\",\"name\":\"Immobilienblog Hochschule Luzern\",\"description\":\"Immobilienmanagement am Institut f\u00fcr Finanzdienstleistungen Zug - IFZ\",\"potentialAction\":[{\"@type\":\"SearchAction\",\"target\":{\"@type\":\"EntryPoint\",\"urlTemplate\":\"https:\\\/\\\/hub.hslu.ch\\\/immobilienblog\\\/?s={search_term_string}\"},\"query-input\":{\"@type\":\"PropertyValueSpecification\",\"valueRequired\":true,\"valueName\":\"search_term_string\"}}],\"inLanguage\":\"de-CH\"},{\"@type\":\"Person\",\"@id\":\"\"}]}<\/script>\n<!-- \/ Yoast SEO plugin. -->","yoast_head_json":{"title":"Schweizer Bauforum: Nachhaltig bauen \u2013 Wunsch und Wirklichkeit - Immobilienblog Hochschule Luzern","description":"Nachhaltiges Bauen im Reality-Check \u2013 was wurde geplant, was hat sich in der Praxis bew\u00e4hrt? Das war Thema des Schweizer Bauforums 2020, das 120 Bau- und Immobilienfach leute zu einer Online-Konferenz in die Suurstoffi nach Rotkreuz lud.","robots":{"index":"index","follow":"follow","max-snippet":"max-snippet:-1","max-image-preview":"max-image-preview:large","max-video-preview":"max-video-preview:-1"},"canonical":"https:\/\/hub.hslu.ch\/immobilienblog\/2020\/12\/07\/schweizer-bauforum-nachhaltig-bauen-wunsch-und-wirklichkeit\/","og_locale":"de_DE","og_type":"article","og_title":"Schweizer Bauforum: Nachhaltig bauen \u2013 Wunsch und Wirklichkeit - Immobilienblog Hochschule Luzern","og_description":"Nachhaltiges Bauen im Reality-Check \u2013 was wurde geplant, was hat sich in der Praxis bew\u00e4hrt? Das war Thema des Schweizer Bauforums 2020, das 120 Bau- und Immobilienfach leute zu einer Online-Konferenz in die Suurstoffi nach Rotkreuz lud.","og_url":"https:\/\/hub.hslu.ch\/immobilienblog\/2020\/12\/07\/schweizer-bauforum-nachhaltig-bauen-wunsch-und-wirklichkeit\/","og_site_name":"Immobilienblog Hochschule Luzern","article_published_time":"2020-12-07T05:45:00+00:00","article_modified_time":"2026-01-30T09:01:16+00:00","og_image":[{"width":964,"height":354,"url":"https:\/\/hub.hslu.ch\/immobilienblog\/wp-content\/blogs.dir\/443\/files\/sites\/9\/2020\/12\/Capture-2.jpg","type":"image\/jpeg"}],"twitter_card":"summary_large_image","twitter_misc":{"Geschrieben von":"","Gesch\u00e4tzte Lesezeit":"5\u00a0Minuten"},"schema":{"@context":"https:\/\/schema.org","@graph":[{"@type":"Article","@id":"https:\/\/hub.hslu.ch\/immobilienblog\/2020\/12\/07\/schweizer-bauforum-nachhaltig-bauen-wunsch-und-wirklichkeit\/#article","isPartOf":{"@id":"https:\/\/hub.hslu.ch\/immobilienblog\/2020\/12\/07\/schweizer-bauforum-nachhaltig-bauen-wunsch-und-wirklichkeit\/"},"author":{"name":"","@id":""},"headline":"Schweizer Bauforum: Nachhaltig bauen \u2013 Wunsch und Wirklichkeit","datePublished":"2020-12-07T05:45:00+00:00","dateModified":"2026-01-30T09:01:16+00:00","mainEntityOfPage":{"@id":"https:\/\/hub.hslu.ch\/immobilienblog\/2020\/12\/07\/schweizer-bauforum-nachhaltig-bauen-wunsch-und-wirklichkeit\/"},"wordCount":756,"commentCount":0,"image":{"@id":"https:\/\/hub.hslu.ch\/immobilienblog\/2020\/12\/07\/schweizer-bauforum-nachhaltig-bauen-wunsch-und-wirklichkeit\/#primaryimage"},"thumbnailUrl":"https:\/\/hub.hslu.ch\/immobilienblog\/wp-content\/blogs.dir\/443\/files\/sites\/9\/2020\/12\/Capture-2.jpg","articleSection":["Archiv"],"inLanguage":"de-CH","potentialAction":[{"@type":"CommentAction","name":"Comment","target":["https:\/\/hub.hslu.ch\/immobilienblog\/2020\/12\/07\/schweizer-bauforum-nachhaltig-bauen-wunsch-und-wirklichkeit\/#respond"]}]},{"@type":"WebPage","@id":"https:\/\/hub.hslu.ch\/immobilienblog\/2020\/12\/07\/schweizer-bauforum-nachhaltig-bauen-wunsch-und-wirklichkeit\/","url":"https:\/\/hub.hslu.ch\/immobilienblog\/2020\/12\/07\/schweizer-bauforum-nachhaltig-bauen-wunsch-und-wirklichkeit\/","name":"Schweizer Bauforum: Nachhaltig bauen \u2013 Wunsch und Wirklichkeit - Immobilienblog Hochschule Luzern","isPartOf":{"@id":"https:\/\/hub.hslu.ch\/immobilienblog\/#website"},"primaryImageOfPage":{"@id":"https:\/\/hub.hslu.ch\/immobilienblog\/2020\/12\/07\/schweizer-bauforum-nachhaltig-bauen-wunsch-und-wirklichkeit\/#primaryimage"},"image":{"@id":"https:\/\/hub.hslu.ch\/immobilienblog\/2020\/12\/07\/schweizer-bauforum-nachhaltig-bauen-wunsch-und-wirklichkeit\/#primaryimage"},"thumbnailUrl":"https:\/\/hub.hslu.ch\/immobilienblog\/wp-content\/blogs.dir\/443\/files\/sites\/9\/2020\/12\/Capture-2.jpg","datePublished":"2020-12-07T05:45:00+00:00","dateModified":"2026-01-30T09:01:16+00:00","author":{"@id":""},"description":"Nachhaltiges Bauen im Reality-Check \u2013 was wurde geplant, was hat sich in der Praxis bew\u00e4hrt? Das war Thema des Schweizer Bauforums 2020, das 120 Bau- und Immobilienfach leute zu einer Online-Konferenz in die Suurstoffi nach Rotkreuz lud.","inLanguage":"de-CH","potentialAction":[{"@type":"ReadAction","target":["https:\/\/hub.hslu.ch\/immobilienblog\/2020\/12\/07\/schweizer-bauforum-nachhaltig-bauen-wunsch-und-wirklichkeit\/"]}]},{"@type":"ImageObject","inLanguage":"de-CH","@id":"https:\/\/hub.hslu.ch\/immobilienblog\/2020\/12\/07\/schweizer-bauforum-nachhaltig-bauen-wunsch-und-wirklichkeit\/#primaryimage","url":"https:\/\/hub.hslu.ch\/immobilienblog\/wp-content\/blogs.dir\/443\/files\/sites\/9\/2020\/12\/Capture-2.jpg","contentUrl":"https:\/\/hub.hslu.ch\/immobilienblog\/wp-content\/blogs.dir\/443\/files\/sites\/9\/2020\/12\/Capture-2.jpg","width":964,"height":354},{"@type":"WebSite","@id":"https:\/\/hub.hslu.ch\/immobilienblog\/#website","url":"https:\/\/hub.hslu.ch\/immobilienblog\/","name":"Immobilienblog Hochschule Luzern","description":"Immobilienmanagement am Institut f\u00fcr Finanzdienstleistungen Zug - IFZ","potentialAction":[{"@type":"SearchAction","target":{"@type":"EntryPoint","urlTemplate":"https:\/\/hub.hslu.ch\/immobilienblog\/?s={search_term_string}"},"query-input":{"@type":"PropertyValueSpecification","valueRequired":true,"valueName":"search_term_string"}}],"inLanguage":"de-CH"},{"@type":"Person","@id":""}]}},"featured_image_src":"https:\/\/hub.hslu.ch\/immobilienblog\/wp-content\/blogs.dir\/443\/files\/sites\/9\/2020\/12\/Capture-2.jpg","featured_image_src_square":"https:\/\/hub.hslu.ch\/immobilienblog\/wp-content\/blogs.dir\/443\/files\/sites\/9\/2020\/12\/Capture-2.jpg","author_info":{"display_name":"","author_link":"https:\/\/hub.hslu.ch\/immobilienblog\/author\/"},"_links":{"self":[{"href":"https:\/\/hub.hslu.ch\/immobilienblog\/wp-json\/wp\/v2\/posts\/5525","targetHints":{"allow":["GET"]}}],"collection":[{"href":"https:\/\/hub.hslu.ch\/immobilienblog\/wp-json\/wp\/v2\/posts"}],"about":[{"href":"https:\/\/hub.hslu.ch\/immobilienblog\/wp-json\/wp\/v2\/types\/post"}],"author":[{"embeddable":true,"href":"https:\/\/hub.hslu.ch\/immobilienblog\/wp-json\/wp\/v2\/users\/105"}],"replies":[{"embeddable":true,"href":"https:\/\/hub.hslu.ch\/immobilienblog\/wp-json\/wp\/v2\/comments?post=5525"}],"version-history":[{"count":4,"href":"https:\/\/hub.hslu.ch\/immobilienblog\/wp-json\/wp\/v2\/posts\/5525\/revisions"}],"predecessor-version":[{"id":9245,"href":"https:\/\/hub.hslu.ch\/immobilienblog\/wp-json\/wp\/v2\/posts\/5525\/revisions\/9245"}],"wp:featuredmedia":[{"embeddable":true,"href":"https:\/\/hub.hslu.ch\/immobilienblog\/wp-json\/wp\/v2\/media\/5530"}],"wp:attachment":[{"href":"https:\/\/hub.hslu.ch\/immobilienblog\/wp-json\/wp\/v2\/media?parent=5525"}],"wp:term":[{"taxonomy":"category","embeddable":true,"href":"https:\/\/hub.hslu.ch\/immobilienblog\/wp-json\/wp\/v2\/categories?post=5525"},{"taxonomy":"post_tag","embeddable":true,"href":"https:\/\/hub.hslu.ch\/immobilienblog\/wp-json\/wp\/v2\/tags?post=5525"}],"curies":[{"name":"wp","href":"https:\/\/api.w.org\/{rel}","templated":true}]}}