{"id":79,"date":"2011-10-03T16:13:23","date_gmt":"2011-10-03T16:13:23","guid":{"rendered":"https:\/\/hub.hslu.ch\/immobilienblog\/?p=79"},"modified":"2011-10-18T10:52:05","modified_gmt":"2011-10-18T08:52:05","slug":"es-ist-an-der-zeit-die-realitat-anzuerkennen","status":"publish","type":"post","link":"https:\/\/hub.hslu.ch\/immobilienblog\/2011\/10\/03\/es-ist-an-der-zeit-die-realitat-anzuerkennen\/","title":{"rendered":"Es ist an der Zeit, die Realit\u00e4t anzuerkennen&#8230;"},"content":{"rendered":"<p>Die Schuldenkrise ist noch lange nicht ausgestanden. Die Europ\u00e4ischen Regierungen versuchen zwar immer noch, den Schein zu wahren und ihren Mitb\u00fcrgern glauben zu machen, die Schuldenl\u00f6cher liesen sich zwar mit viel Aufwand, aber eben doch noch stopfen. Die Experten, die erkannt haben, dass es sich nicht um eine &#171;normale&#187; Schuldenkrise handelt, sondern um eine &#171;balance sheet Recession&#187; aufgrund der w\u00e4hrend der letzten 25 Jahre des &#171;billigen Geldes&#187; angeh\u00e4uften Schuldenlast sind wesentlich skeptischer. Die NZZ liefert in ihrem <a href=\"http:\/\/www.nzz.ch\/finanzen\/nachrichten\/es_ist_an_der_zeit_die_realitaet_anzuerkennen_1.12783756.html\">Artikel<\/a> vom 3.10.2011 eine hervorragende Situationsanalyse.<\/p>\n<p><strong>Was bedeutet das f\u00fcr die Immobilienbranche?<\/strong><\/p>\n<p>Das Immobiliengespr\u00e4ch vom 13.10.2011 widmet sich unter dem Titel <strong>&#171;Wann geht der aktuelle Immobilienzyklus zu Ende und was kommt danach?&#187;<\/strong> den Fragen nach m\u00f6glichen Szenarien und Auswirkungen f\u00fcr Immobilieninvestoren, Nutzer und Immobilienentwickler. Melden Sie sich direkt <a href=\"http:\/\/www.immobilienbusiness.ch\/de\/events\/nchstegesprche\/\" target=\"_blank\">hier<\/a> an.<\/p>\n<p><a href=\"https:\/\/hub.hslu.ch\/immobilienblog\/wp-content\/blogs.dir\/443\/files\/sites\/9\/2011\/10\/lagarde_trichet_lead_1.12785491.1317622679.jpg\"><img loading=\"lazy\" decoding=\"async\" class=\"alignleft size-full wp-image-80\" src=\"https:\/\/hub.hslu.ch\/immobilienblog\/wp-content\/blogs.dir\/443\/files\/sites\/9\/2011\/10\/lagarde_trichet_lead_1.12785491.1317622679.jpg\" alt=\"\" width=\"370\" height=\"210\" srcset=\"https:\/\/hub.hslu.ch\/immobilienblog\/wp-content\/blogs.dir\/443\/files\/sites\/9\/2011\/10\/lagarde_trichet_lead_1.12785491.1317622679.jpg 370w, https:\/\/hub.hslu.ch\/immobilienblog\/wp-content\/blogs.dir\/443\/files\/sites\/9\/2011\/10\/lagarde_trichet_lead_1.12785491.1317622679-300x170.jpg 300w\" sizes=\"auto, (max-width: 370px) 100vw, 370px\" \/><\/a><\/p>\n<p><strong>Das k\u00f6nnte Sie ebenfalls interessieren:<\/strong><\/p>\n<p>Entdecken Sie die\u00a0<a href=\"http:\/\/immobilien.hslu.ch\/\" target=\"_blank\">Welt des Immobilienmanagements<\/a>\u00a0und erfahren Sie alles Wissenswerte rund um den\u00a0<a href=\"http:\/\/www.weiterbildung.hslu.ch\/wirtschaft\/finanzdienstleistungen\/kurs.asp?kid=1679&amp;m=10\" target=\"_blank\">MAS Immobilienmanagement<\/a>\u00a0und andere Angebote zum Thema Immobilien.\u00a0Gerne beantworten Ihnen\u00a0<a href=\"http:\/\/immobilien.hslu.ch\/immobilien\/h-mas_immobilienmanagement\/h-leitungsteam.htm\" target=\"_blank\">Dr. Markus Schmidiger<\/a>\u00a0oder\u00a0<a href=\"http:\/\/immobilien.hslu.ch\/immobilien\/h-mas_immobilienmanagement\/h-leitungsteam.htm\" target=\"_blank\">Prof.\u00a0Dr. John Davidson\u00a0<\/a>vom\u00a0<a href=\"http:\/\/www.hslu.ch\/ifz\" target=\"_blank\">IFZ\u00a0<\/a>Ihre Fragen.<\/p>\n","protected":false},"excerpt":{"rendered":"<p>Die Schuldenkrise ist noch lange nicht ausgestanden. Die Europ\u00e4ischen Regierungen versuchen zwar immer noch, den Schein zu wahren und ihren Mitb\u00fcrgern glauben zu machen, die Schuldenl\u00f6cher liesen sich zwar mit viel Aufwand, aber eben doch noch stopfen. Die Experten, die erkannt haben, dass es sich nicht um eine &#171;normale&#187; Schuldenkrise handelt, sondern um eine &#171;balance<\/p>\n","protected":false},"author":966,"featured_media":0,"comment_status":"open","ping_status":"open","sticky":false,"template":"","format":"standard","meta":{"_acf_changed":false,"inline_featured_image":false,"_relevanssi_hide_post":"","_relevanssi_hide_content":"","_relevanssi_pin_for_all":"","_relevanssi_pin_keywords":"","_relevanssi_unpin_keywords":"","_relevanssi_related_keywords":"","_relevanssi_related_include_ids":"","_relevanssi_related_exclude_ids":"","_relevanssi_related_no_append":"","_relevanssi_related_not_related":"","_relevanssi_related_posts":"","_relevanssi_noindex_reason":"","footnotes":"","_links_to":"","_links_to_target":""},"categories":[1],"tags":[504,146,7089,7096,7083,3851,7097,134],"class_list":["post-79","post","type-post","status-publish","format-standard","hentry","category-alte-beitraege","tag-finanzkrise","tag-forschung","tag-immobilien","tag-immobilienzyklus","tag-investment","tag-real-estate","tag-szenarien","tag-weiterbildung"],"acf":[],"yoast_head":"<!-- This site is optimized with the Yoast SEO plugin v27.5 - https:\/\/yoast.com\/product\/yoast-seo-wordpress\/ -->\n<title>Es ist an der Zeit, die Realit\u00e4t anzuerkennen... - Immobilienblog Hochschule Luzern<\/title>\n<meta name=\"description\" content=\"Die Schuldenkrise ist noch lange nicht ausgestanden. Die Europ\u00e4ischen Regierungen versuchen zwar immer noch, den Schein zu wahren und ihren Mitb\u00fcrgern\" \/>\n<meta name=\"robots\" content=\"index, follow, max-snippet:-1, max-image-preview:large, max-video-preview:-1\" \/>\n<link rel=\"canonical\" href=\"https:\/\/hub.hslu.ch\/immobilienblog\/2011\/10\/03\/es-ist-an-der-zeit-die-realitat-anzuerkennen\/\" \/>\n<meta property=\"og:locale\" content=\"de_DE\" \/>\n<meta property=\"og:type\" content=\"article\" \/>\n<meta property=\"og:title\" content=\"Es ist an der Zeit, die Realit\u00e4t anzuerkennen... - Immobilienblog Hochschule Luzern\" \/>\n<meta property=\"og:description\" content=\"Die Schuldenkrise ist noch lange nicht ausgestanden. Die Europ\u00e4ischen Regierungen versuchen zwar immer noch, den Schein zu wahren und ihren Mitb\u00fcrgern\" \/>\n<meta property=\"og:url\" content=\"https:\/\/hub.hslu.ch\/immobilienblog\/2011\/10\/03\/es-ist-an-der-zeit-die-realitat-anzuerkennen\/\" \/>\n<meta property=\"og:site_name\" content=\"Immobilienblog Hochschule Luzern\" \/>\n<meta property=\"article:published_time\" content=\"2011-10-03T16:13:23+00:00\" \/>\n<meta property=\"article:modified_time\" content=\"2011-10-18T08:52:05+00:00\" \/>\n<meta property=\"og:image\" content=\"https:\/\/hub.hslu.ch\/immobilienblog\/wp-content\/blogs.dir\/443\/files\/sites\/9\/2011\/10\/lagarde_trichet_lead_1.12785491.1317622679.jpg\" \/>\n<meta name=\"twitter:card\" content=\"summary_large_image\" \/>\n<meta name=\"twitter:label1\" content=\"Geschrieben von\" \/>\n\t<meta name=\"twitter:data1\" content=\"\" \/>\n\t<meta name=\"twitter:label2\" content=\"Gesch\u00e4tzte Lesezeit\" \/>\n\t<meta name=\"twitter:data2\" content=\"1\u00a0Minute\" \/>\n<script type=\"application\/ld+json\" class=\"yoast-schema-graph\">{\"@context\":\"https:\\\/\\\/schema.org\",\"@graph\":[{\"@type\":\"Article\",\"@id\":\"https:\\\/\\\/hub.hslu.ch\\\/immobilienblog\\\/2011\\\/10\\\/03\\\/es-ist-an-der-zeit-die-realitat-anzuerkennen\\\/#article\",\"isPartOf\":{\"@id\":\"https:\\\/\\\/hub.hslu.ch\\\/immobilienblog\\\/2011\\\/10\\\/03\\\/es-ist-an-der-zeit-die-realitat-anzuerkennen\\\/\"},\"author\":{\"name\":\"\",\"@id\":\"\"},\"headline\":\"Es ist an der Zeit, die Realit\u00e4t anzuerkennen&#8230;\",\"datePublished\":\"2011-10-03T16:13:23+00:00\",\"dateModified\":\"2011-10-18T08:52:05+00:00\",\"mainEntityOfPage\":{\"@id\":\"https:\\\/\\\/hub.hslu.ch\\\/immobilienblog\\\/2011\\\/10\\\/03\\\/es-ist-an-der-zeit-die-realitat-anzuerkennen\\\/\"},\"wordCount\":185,\"commentCount\":0,\"image\":{\"@id\":\"https:\\\/\\\/hub.hslu.ch\\\/immobilienblog\\\/2011\\\/10\\\/03\\\/es-ist-an-der-zeit-die-realitat-anzuerkennen\\\/#primaryimage\"},\"thumbnailUrl\":\"https:\\\/\\\/hub.hslu.ch\\\/immobilienblog\\\/wp-content\\\/blogs.dir\\\/443\\\/files\\\/sites\\\/9\\\/2011\\\/10\\\/lagarde_trichet_lead_1.12785491.1317622679.jpg\",\"keywords\":[\"Finanzkrise\",\"Forschung\",\"Immobilien\",\"Immobilienzyklus\",\"Investment\",\"Real Estate\",\"Szenarien\",\"Weiterbildung\"],\"articleSection\":[\"Archiv\"],\"inLanguage\":\"de-CH\",\"potentialAction\":[{\"@type\":\"CommentAction\",\"name\":\"Comment\",\"target\":[\"https:\\\/\\\/hub.hslu.ch\\\/immobilienblog\\\/2011\\\/10\\\/03\\\/es-ist-an-der-zeit-die-realitat-anzuerkennen\\\/#respond\"]}]},{\"@type\":\"WebPage\",\"@id\":\"https:\\\/\\\/hub.hslu.ch\\\/immobilienblog\\\/2011\\\/10\\\/03\\\/es-ist-an-der-zeit-die-realitat-anzuerkennen\\\/\",\"url\":\"https:\\\/\\\/hub.hslu.ch\\\/immobilienblog\\\/2011\\\/10\\\/03\\\/es-ist-an-der-zeit-die-realitat-anzuerkennen\\\/\",\"name\":\"Es ist an der Zeit, die Realit\u00e4t anzuerkennen... - Immobilienblog Hochschule Luzern\",\"isPartOf\":{\"@id\":\"https:\\\/\\\/hub.hslu.ch\\\/immobilienblog\\\/#website\"},\"primaryImageOfPage\":{\"@id\":\"https:\\\/\\\/hub.hslu.ch\\\/immobilienblog\\\/2011\\\/10\\\/03\\\/es-ist-an-der-zeit-die-realitat-anzuerkennen\\\/#primaryimage\"},\"image\":{\"@id\":\"https:\\\/\\\/hub.hslu.ch\\\/immobilienblog\\\/2011\\\/10\\\/03\\\/es-ist-an-der-zeit-die-realitat-anzuerkennen\\\/#primaryimage\"},\"thumbnailUrl\":\"https:\\\/\\\/hub.hslu.ch\\\/immobilienblog\\\/wp-content\\\/blogs.dir\\\/443\\\/files\\\/sites\\\/9\\\/2011\\\/10\\\/lagarde_trichet_lead_1.12785491.1317622679.jpg\",\"datePublished\":\"2011-10-03T16:13:23+00:00\",\"dateModified\":\"2011-10-18T08:52:05+00:00\",\"author\":{\"@id\":\"\"},\"description\":\"Die Schuldenkrise ist noch lange nicht ausgestanden. Die Europ\u00e4ischen Regierungen versuchen zwar immer noch, den Schein zu wahren und ihren Mitb\u00fcrgern\",\"inLanguage\":\"de-CH\",\"potentialAction\":[{\"@type\":\"ReadAction\",\"target\":[\"https:\\\/\\\/hub.hslu.ch\\\/immobilienblog\\\/2011\\\/10\\\/03\\\/es-ist-an-der-zeit-die-realitat-anzuerkennen\\\/\"]}]},{\"@type\":\"ImageObject\",\"inLanguage\":\"de-CH\",\"@id\":\"https:\\\/\\\/hub.hslu.ch\\\/immobilienblog\\\/2011\\\/10\\\/03\\\/es-ist-an-der-zeit-die-realitat-anzuerkennen\\\/#primaryimage\",\"url\":\"https:\\\/\\\/hub.hslu.ch\\\/immobilienblog\\\/wp-content\\\/blogs.dir\\\/443\\\/files\\\/sites\\\/9\\\/2011\\\/10\\\/lagarde_trichet_lead_1.12785491.1317622679.jpg\",\"contentUrl\":\"https:\\\/\\\/hub.hslu.ch\\\/immobilienblog\\\/wp-content\\\/blogs.dir\\\/443\\\/files\\\/sites\\\/9\\\/2011\\\/10\\\/lagarde_trichet_lead_1.12785491.1317622679.jpg\",\"width\":370,\"height\":210},{\"@type\":\"WebSite\",\"@id\":\"https:\\\/\\\/hub.hslu.ch\\\/immobilienblog\\\/#website\",\"url\":\"https:\\\/\\\/hub.hslu.ch\\\/immobilienblog\\\/\",\"name\":\"Immobilienblog Hochschule Luzern\",\"description\":\"Immobilienmanagement am Institut f\u00fcr Finanzdienstleistungen Zug - IFZ\",\"potentialAction\":[{\"@type\":\"SearchAction\",\"target\":{\"@type\":\"EntryPoint\",\"urlTemplate\":\"https:\\\/\\\/hub.hslu.ch\\\/immobilienblog\\\/?s={search_term_string}\"},\"query-input\":{\"@type\":\"PropertyValueSpecification\",\"valueRequired\":true,\"valueName\":\"search_term_string\"}}],\"inLanguage\":\"de-CH\"},{\"@type\":\"Person\",\"@id\":\"\"}]}<\/script>\n<!-- \/ Yoast SEO plugin. -->","yoast_head_json":{"title":"Es ist an der Zeit, die Realit\u00e4t anzuerkennen... - Immobilienblog Hochschule Luzern","description":"Die Schuldenkrise ist noch lange nicht ausgestanden. Die Europ\u00e4ischen Regierungen versuchen zwar immer noch, den Schein zu wahren und ihren Mitb\u00fcrgern","robots":{"index":"index","follow":"follow","max-snippet":"max-snippet:-1","max-image-preview":"max-image-preview:large","max-video-preview":"max-video-preview:-1"},"canonical":"https:\/\/hub.hslu.ch\/immobilienblog\/2011\/10\/03\/es-ist-an-der-zeit-die-realitat-anzuerkennen\/","og_locale":"de_DE","og_type":"article","og_title":"Es ist an der Zeit, die Realit\u00e4t anzuerkennen... - Immobilienblog Hochschule Luzern","og_description":"Die Schuldenkrise ist noch lange nicht ausgestanden. Die Europ\u00e4ischen Regierungen versuchen zwar immer noch, den Schein zu wahren und ihren Mitb\u00fcrgern","og_url":"https:\/\/hub.hslu.ch\/immobilienblog\/2011\/10\/03\/es-ist-an-der-zeit-die-realitat-anzuerkennen\/","og_site_name":"Immobilienblog Hochschule Luzern","article_published_time":"2011-10-03T16:13:23+00:00","article_modified_time":"2011-10-18T08:52:05+00:00","og_image":[{"url":"https:\/\/hub.hslu.ch\/immobilienblog\/wp-content\/blogs.dir\/443\/files\/sites\/9\/2011\/10\/lagarde_trichet_lead_1.12785491.1317622679.jpg","type":"","width":"","height":""}],"twitter_card":"summary_large_image","twitter_misc":{"Geschrieben von":"","Gesch\u00e4tzte Lesezeit":"1\u00a0Minute"},"schema":{"@context":"https:\/\/schema.org","@graph":[{"@type":"Article","@id":"https:\/\/hub.hslu.ch\/immobilienblog\/2011\/10\/03\/es-ist-an-der-zeit-die-realitat-anzuerkennen\/#article","isPartOf":{"@id":"https:\/\/hub.hslu.ch\/immobilienblog\/2011\/10\/03\/es-ist-an-der-zeit-die-realitat-anzuerkennen\/"},"author":{"name":"","@id":""},"headline":"Es ist an der Zeit, die Realit\u00e4t anzuerkennen&#8230;","datePublished":"2011-10-03T16:13:23+00:00","dateModified":"2011-10-18T08:52:05+00:00","mainEntityOfPage":{"@id":"https:\/\/hub.hslu.ch\/immobilienblog\/2011\/10\/03\/es-ist-an-der-zeit-die-realitat-anzuerkennen\/"},"wordCount":185,"commentCount":0,"image":{"@id":"https:\/\/hub.hslu.ch\/immobilienblog\/2011\/10\/03\/es-ist-an-der-zeit-die-realitat-anzuerkennen\/#primaryimage"},"thumbnailUrl":"https:\/\/hub.hslu.ch\/immobilienblog\/wp-content\/blogs.dir\/443\/files\/sites\/9\/2011\/10\/lagarde_trichet_lead_1.12785491.1317622679.jpg","keywords":["Finanzkrise","Forschung","Immobilien","Immobilienzyklus","Investment","Real Estate","Szenarien","Weiterbildung"],"articleSection":["Archiv"],"inLanguage":"de-CH","potentialAction":[{"@type":"CommentAction","name":"Comment","target":["https:\/\/hub.hslu.ch\/immobilienblog\/2011\/10\/03\/es-ist-an-der-zeit-die-realitat-anzuerkennen\/#respond"]}]},{"@type":"WebPage","@id":"https:\/\/hub.hslu.ch\/immobilienblog\/2011\/10\/03\/es-ist-an-der-zeit-die-realitat-anzuerkennen\/","url":"https:\/\/hub.hslu.ch\/immobilienblog\/2011\/10\/03\/es-ist-an-der-zeit-die-realitat-anzuerkennen\/","name":"Es ist an der Zeit, die Realit\u00e4t anzuerkennen... - Immobilienblog Hochschule Luzern","isPartOf":{"@id":"https:\/\/hub.hslu.ch\/immobilienblog\/#website"},"primaryImageOfPage":{"@id":"https:\/\/hub.hslu.ch\/immobilienblog\/2011\/10\/03\/es-ist-an-der-zeit-die-realitat-anzuerkennen\/#primaryimage"},"image":{"@id":"https:\/\/hub.hslu.ch\/immobilienblog\/2011\/10\/03\/es-ist-an-der-zeit-die-realitat-anzuerkennen\/#primaryimage"},"thumbnailUrl":"https:\/\/hub.hslu.ch\/immobilienblog\/wp-content\/blogs.dir\/443\/files\/sites\/9\/2011\/10\/lagarde_trichet_lead_1.12785491.1317622679.jpg","datePublished":"2011-10-03T16:13:23+00:00","dateModified":"2011-10-18T08:52:05+00:00","author":{"@id":""},"description":"Die Schuldenkrise ist noch lange nicht ausgestanden. Die Europ\u00e4ischen Regierungen versuchen zwar immer noch, den Schein zu wahren und ihren Mitb\u00fcrgern","inLanguage":"de-CH","potentialAction":[{"@type":"ReadAction","target":["https:\/\/hub.hslu.ch\/immobilienblog\/2011\/10\/03\/es-ist-an-der-zeit-die-realitat-anzuerkennen\/"]}]},{"@type":"ImageObject","inLanguage":"de-CH","@id":"https:\/\/hub.hslu.ch\/immobilienblog\/2011\/10\/03\/es-ist-an-der-zeit-die-realitat-anzuerkennen\/#primaryimage","url":"https:\/\/hub.hslu.ch\/immobilienblog\/wp-content\/blogs.dir\/443\/files\/sites\/9\/2011\/10\/lagarde_trichet_lead_1.12785491.1317622679.jpg","contentUrl":"https:\/\/hub.hslu.ch\/immobilienblog\/wp-content\/blogs.dir\/443\/files\/sites\/9\/2011\/10\/lagarde_trichet_lead_1.12785491.1317622679.jpg","width":370,"height":210},{"@type":"WebSite","@id":"https:\/\/hub.hslu.ch\/immobilienblog\/#website","url":"https:\/\/hub.hslu.ch\/immobilienblog\/","name":"Immobilienblog Hochschule Luzern","description":"Immobilienmanagement am Institut f\u00fcr Finanzdienstleistungen Zug - IFZ","potentialAction":[{"@type":"SearchAction","target":{"@type":"EntryPoint","urlTemplate":"https:\/\/hub.hslu.ch\/immobilienblog\/?s={search_term_string}"},"query-input":{"@type":"PropertyValueSpecification","valueRequired":true,"valueName":"search_term_string"}}],"inLanguage":"de-CH"},{"@type":"Person","@id":""}]}},"featured_image_src":null,"featured_image_src_square":null,"author_info":{"display_name":"","author_link":"https:\/\/hub.hslu.ch\/immobilienblog\/author\/"},"_links":{"self":[{"href":"https:\/\/hub.hslu.ch\/immobilienblog\/wp-json\/wp\/v2\/posts\/79","targetHints":{"allow":["GET"]}}],"collection":[{"href":"https:\/\/hub.hslu.ch\/immobilienblog\/wp-json\/wp\/v2\/posts"}],"about":[{"href":"https:\/\/hub.hslu.ch\/immobilienblog\/wp-json\/wp\/v2\/types\/post"}],"author":[{"embeddable":true,"href":"https:\/\/hub.hslu.ch\/immobilienblog\/wp-json\/wp\/v2\/users\/966"}],"replies":[{"embeddable":true,"href":"https:\/\/hub.hslu.ch\/immobilienblog\/wp-json\/wp\/v2\/comments?post=79"}],"version-history":[{"count":9,"href":"https:\/\/hub.hslu.ch\/immobilienblog\/wp-json\/wp\/v2\/posts\/79\/revisions"}],"predecessor-version":[{"id":163,"href":"https:\/\/hub.hslu.ch\/immobilienblog\/wp-json\/wp\/v2\/posts\/79\/revisions\/163"}],"wp:attachment":[{"href":"https:\/\/hub.hslu.ch\/immobilienblog\/wp-json\/wp\/v2\/media?parent=79"}],"wp:term":[{"taxonomy":"category","embeddable":true,"href":"https:\/\/hub.hslu.ch\/immobilienblog\/wp-json\/wp\/v2\/categories?post=79"},{"taxonomy":"post_tag","embeddable":true,"href":"https:\/\/hub.hslu.ch\/immobilienblog\/wp-json\/wp\/v2\/tags?post=79"}],"curies":[{"name":"wp","href":"https:\/\/api.w.org\/{rel}","templated":true}]}}