{"id":8584,"date":"2025-03-03T06:30:00","date_gmt":"2025-03-03T05:30:00","guid":{"rendered":"https:\/\/hub.hslu.ch\/immobilienblog\/?p=8584"},"modified":"2026-02-11T14:53:22","modified_gmt":"2026-02-11T13:53:22","slug":"neue-anforderungen-an-bueroflaechen-flexibles-arbeiten-veraendert-den-zuercher-markt-und-erhoeht-die-ansprueche","status":"publish","type":"post","link":"https:\/\/hub.hslu.ch\/immobilienblog\/2025\/03\/03\/neue-anforderungen-an-bueroflaechen-flexibles-arbeiten-veraendert-den-zuercher-markt-und-erhoeht-die-ansprueche\/","title":{"rendered":"Neue Anforderungen an B\u00fcrofl\u00e4chen: Flexibles Arbeiten ver\u00e4ndert den Z\u00fcrcher Markt und erh\u00f6ht die Anspr\u00fcche"},"content":{"rendered":"\n\n\n<p>Ein Artikel von <a href=\"https:\/\/www.linkedin.com\/in\/saskia-engeler\/\">Saskia Engeler<\/a> und <a href=\"https:\/\/www.linkedin.com\/in\/eugeniafurrer\/\">Eugenia Furrer<\/a><\/p>\n\n\n\n<p>Gem\u00e4ss Prognosen der Stadt Z\u00fcrich wird die Zahl der Besch\u00e4ftigten im terti\u00e4ren Sektor bis 2050 von derzeit rund 500\u2019000 auf 580\u2019000 ansteigen. Dieses Wachstum der Erwerbsbev\u00f6lkerung stellt nicht nur den Arbeits-markt vor neue Herausforderungen, sondern hat auch direkte Auswirkungen auf die B\u00fcrofl\u00e4chennachfrage. W\u00e4hrend flexible Arbeitsmodelle kurzfristig den Bedarf an B\u00fcrofl\u00e4chen verringern k\u00f6nnten, d\u00fcrfte das Wachstum der Erwerbsbev\u00f6lkerung langfristig zu einer erh\u00f6hten Nachfrage nach modernen, flexiblen Arbeitsumgebungen f\u00fchren (<a href=\"https:\/\/www.linkedin.com\/posts\/h%26brealestate_b%C3%BCromarkt-z%C3%BCrich-report-2024-activity-7230098516457492480-uSdq?utm_source=share&amp;utm_medium=member_desktop\">H&amp;B Real Estate AG, 2024<\/a>).<\/p>\n\n\n\n<h2 class=\"wp-block-heading\"><strong>Hybride Arbeitsmodelle und die Zukunft der Arbeitswelt<\/strong><\/h2>\n\n\n\n<p>Vor der Pandemie war das Arbeiten im Homeoffice in vielen Branchen eine seltene Ausnahme. Die Krise wirkte jedoch wie ein Beschleuniger f\u00fcr die Einf\u00fchrung flexibler Arbeitsmodelle. Laut dem \u201cHybrid Work Compass\u201d der Universit\u00e4t St. Gallen setzen heute 77 % der Schweizer Unternehmen auf hybride Arbeitsmodelle \u2013 ein signifikanter Anstieg gegen\u00fcber den 35 % die vor der Pandemie verzeichnet wurden (<a href=\"https:\/\/www.unisg.ch\/de\/newsdetail\/news\/hybrid-work-compass-kompass-fuer-die-arbeitswelt-der-zukunft\/\">Universit\u00e4t St.Gallen, 2021<\/a>).<\/p>\n\n\n\n<p>Weiter treibt die Generation Z den Wandel der Arbeitswelt voran, indem sie mehr Flexibilit\u00e4t und eine ausgewogene Lebensgestaltung fordert. Hybride Arbeitsmodelle, die Homeoffice und B\u00fcroarbeit kombinieren, sind daf\u00fcr ideal. Diese technikaffine Generation setzt auf moderne Technologien wie ChatGPT und Kollaborationssoftware, um die Produktivit\u00e4t zu steigern und die Zusammenarbeit zu erleichtern. Ya\u00ebl Meier, Unternehmerin und Expertin f\u00fcr die Generation Z, betont, wie essenziell Vertrauen und die \u00dcbertragung von F\u00fchrungsverantwortung f\u00fcr junge Talente sind. Sie sieht innovative Ans\u00e4tze wie Reverse Mentoring als Schl\u00fcssel, um eine \u201eManagementl\u00fccke\u201c zu vermeiden. Dieses Konzept erm\u00f6glicht \u00e4lteren Mitarbeitenden, ihr Wissen zu teilen, w\u00e4hrend sie gleichzeitig von den digitalen Kompetenzen der j\u00fcngeren Generation profitieren. Flexible Arbeitsmodelle bilden die ideale Basis f\u00fcr generationen\u00fcbergreifendes Lernen und ben\u00f6tigen moderne, gut ausgestattete B\u00fcrofl\u00e4chen, die diese Arbeitsweise f\u00f6rdern (<a href=\"https:\/\/www.tagesanzeiger.ch\/yael-meier-im-interview-zu-den-fuehrungsqualitaeten-der-generation-z-832740630923\">Marti, 2024a<\/a>). Viele Unternehmen haben erkannt, dass hybride Arbeitsmodelle nicht nur die Produktivit\u00e4t f\u00f6rdern, sondern auch die Zufriedenheit der Mitarbeitenden nachhaltig steigern k\u00f6nnen. Eine Studie von Sotomo belegt, dass die Mehrheit der Mitarbeitenden flexible Arbeitszeiten als sehr vorteilhaft empfindet (<a href=\"https:\/\/www.tagesanzeiger.ch\/sotomo-studie-flexible-arbeitszeiten-nur-fuer-minderheit-belastend-330820901422\">Leu, 2024<\/a>). Laut dem UBS Real Estate Focus 2024 best\u00e4tigt sich zudem eine zunehmende Nachfrage nach flexiblen B\u00fcrofl\u00e4chen und Coworking Spaces, die es den Mitarbeitenden erm\u00f6glichen, ortsunabh\u00e4ngig zu arbeiten. Zentrale Lagen&nbsp; bleiben weiterhin beliebt, doch gleichzeitig steigt die Nachfrage nach dezentralen und wohnortnahen Arbeits-pl\u00e4tzen. Dies spiegelt den Trend wider, dass viele Mitarbeitende k\u00fcrzere Pendelzeiten und eine bessere Vereinbarkeit von Beruf und Privatleben bevorzugen (<a href=\"https:\/\/www.ubs.com\/content\/dam\/assets\/news\/2024\/04\/11\/ubs-real-estate-focus-2024-de.pdf\">UBS, 2024<\/a>).<\/p>\n\n\n\n<figure class=\"wp-block-image size-large\"><img loading=\"lazy\" decoding=\"async\" width=\"1024\" height=\"574\" src=\"https:\/\/hub.hslu.ch\/immobilienblog\/wp-content\/blogs.dir\/443\/files\/sites\/9\/2025\/02\/ismael-weege-7-QoXwv3OdE-unsplash-1024x574.jpg\" alt=\"\" class=\"wp-image-8587\" srcset=\"https:\/\/hub.hslu.ch\/immobilienblog\/wp-content\/blogs.dir\/443\/files\/sites\/9\/2025\/02\/ismael-weege-7-QoXwv3OdE-unsplash-1024x574.jpg 1024w, https:\/\/hub.hslu.ch\/immobilienblog\/wp-content\/blogs.dir\/443\/files\/sites\/9\/2025\/02\/ismael-weege-7-QoXwv3OdE-unsplash-300x168.jpg 300w, https:\/\/hub.hslu.ch\/immobilienblog\/wp-content\/blogs.dir\/443\/files\/sites\/9\/2025\/02\/ismael-weege-7-QoXwv3OdE-unsplash-768x431.jpg 768w, https:\/\/hub.hslu.ch\/immobilienblog\/wp-content\/blogs.dir\/443\/files\/sites\/9\/2025\/02\/ismael-weege-7-QoXwv3OdE-unsplash-1536x861.jpg 1536w, https:\/\/hub.hslu.ch\/immobilienblog\/wp-content\/blogs.dir\/443\/files\/sites\/9\/2025\/02\/ismael-weege-7-QoXwv3OdE-unsplash-928x520.jpg 928w, https:\/\/hub.hslu.ch\/immobilienblog\/wp-content\/blogs.dir\/443\/files\/sites\/9\/2025\/02\/ismael-weege-7-QoXwv3OdE-unsplash-600x336.jpg 600w, https:\/\/hub.hslu.ch\/immobilienblog\/wp-content\/blogs.dir\/443\/files\/sites\/9\/2025\/02\/ismael-weege-7-QoXwv3OdE-unsplash.jpg 2048w\" sizes=\"auto, (max-width: 1024px) 100vw, 1024px\" \/><figcaption class=\"wp-element-caption\">Abbildung 1: Home Office (Foto von <a href=\"https:\/\/unsplash.com\/de\/@weedigital?utm_content=creditCopyText&amp;utm_medium=referral&amp;utm_source=unsplash\">Ismael Weege<\/a> auf <a href=\"https:\/\/unsplash.com\/de\/fotos\/ein-laptop-der-auf-einem-holzernen-schreibtisch-steht-7-QoXwv3OdE?utm_content=creditCopyText&amp;utm_medium=referral&amp;utm_source=unsplash\">Unsplash<\/a>)<\/figcaption><\/figure>\n\n\n\n<h2 class=\"wp-block-heading\"><strong>Neue Anforderungen an B\u00fcrofl\u00e4chen<\/strong><\/h2>\n\n\n\n<p>Unternehmen passen ihre Fl\u00e4chenstrategien zunehmend an, um flexible Arbeitsumgebungen zu schaffen, die sowohl Remote-Arbeit als auch B\u00fcropr\u00e4senz optimal unterst\u00fctzen. Diese Ver\u00e4nderungen f\u00fchren dazu, dass die Nachfrage nach traditionellen, fest zugewiesenen B\u00fcrofl\u00e4chen sp\u00fcrbar abnimmt, w\u00e4hrend flexible und multifunktionale Arbeitsbereiche an Bedeutung gewinnen (<a href=\"https:\/\/www.linkedin.com\/posts\/h%26brealestate_b%C3%BCromarkt-z%C3%BCrich-report-2024-activity-7230098516457492480-uSdq?utm_source=share&amp;utm_medium=member_desktop\">H&amp;B Real Estate, 2024<\/a>).<\/p>\n\n\n\n<p>Laut einer Umfrage von W\u00fcest Partner im Herbst 2024 bewerten &#171;59 % der Unternehmen die Qualit\u00e4t der Arbeitspl\u00e4tze als sehr wichtig&#187;, weitere 37 % als &#171;eher wichtig&#187;. Entscheidend sind moderne Ausstattung, ergonomisches Mobiliar, nachhaltige Bauweise sowie eine gute Anbindung an den \u00f6ffentlichen Verkehr und die Erreichbarkeit mit dem Auto. Unternehmen legen zudem Wert auf energieeffiziente B\u00fcros, um Nachhaltigkeitsziele zu erreichen und Kosten zu senken. Diese neuen B\u00fcrofl\u00e4chenkonzepte f\u00f6rdern Kommunikation und Zusammenarbeit, bieten aber auch R\u00fcckzugsm\u00f6glichkeiten f\u00fcr konzentriertes Arbeiten. Sie spiegeln die wachsenden Anspr\u00fcche an flexible und multifunktionale Arbeitsumgebungen wider (<a href=\"https:\/\/www.wuestpartner.com\/ch-de\/2024\/11\/04\/wandelnde-ansprueche-an-das-moderne-buero\/\">W\u00fcest Partner, 2024<\/a>).<\/p>\n\n\n\n<p>H&amp;B Real Estate betont ebenfalls: \u00abFlexible Arbeitsmodelle erfordern mehr Raum f\u00fcr Gemeinschafts- und Kollaborationsfl\u00e4chen, um den Bed\u00fcrfnissen moderner Arbeitsumgebungen gerecht zu werden.\u00bb Unternehmen, die im Wettbewerb um Talente stehen, setzen verst\u00e4rkt auf modern gestaltete B\u00fcros, die als integraler Bestandteil ihres Employer Brandings dienen. Ein attraktives Arbeitsumfeld unterst\u00fctzt nicht nur dabei, talentierte Mitarbeitende zu gewinnen, sondern auch, sie langfristig an das Unternehmen zu binden (<a href=\"https:\/\/www.linkedin.com\/posts\/h%26brealestate_b%C3%BCromarkt-z%C3%BCrich-report-2024-activity-7230098516457492480-uSdq?utm_source=share&amp;utm_medium=member_desktop\">H&amp;B Real Estate AG, 2024<\/a>).<\/p>\n\n\n\n<h2 class=\"wp-block-heading\"><strong>Trends und Entwicklungen im Z\u00fcrcher B\u00fcromarkt<\/strong><\/h2>\n\n\n\n<p>Gem\u00e4ss Angaben der Stadt Z\u00fcrich sind seit 2022 insbesondere die Bereiche \u201efreiberufliche, wissenschaftliche und technische Dienstleistungen\u201c stark gewachsen und z\u00e4hlen nun zu den besch\u00e4ftigungsst\u00e4rksten Wirtschaftszweigen. Frauen stellen fast die H\u00e4lfte der Besch\u00e4ftigten, arbeiten jedoch \u00fcberdurchschnittlich h\u00e4ufig in Teilzeit. In Vollzeit\u00e4quivalenten liegt der Frauenanteil bei 42 %, w\u00e4hrend M\u00e4nner 58 % ausmachen. Trotz des Anstiegs des Frauenanteils in vielen Branchen bestehen weiterhin erhebliche Geschlechterunterschiede, die bei der Planung moderner Arbeitsumgebungen gezielt ber\u00fccksichtigt werden sollten. Flexible Arbeitsmodelle und Homeoffice-Optionen m\u00fcssen bei der Gestaltung von B\u00fcrofl\u00e4chen noch st\u00e4rker integriert werden, um den vielf\u00e4ltigen Bed\u00fcrfnissen der Besch\u00e4ftigten gerecht zu werden (<a href=\"https:\/\/www.stadt-zuerich.ch\/artikel\/de\/statistik-und-daten\/2024-08-29_zuerichs-arbeitsmarkt-im-ueberblick_beschaeftigungswachstum-und-geschlechterunterschiede.html\">Stadt Z\u00fcrich, 2024<\/a>).<\/p>\n\n\n\n<p>Im Jahr 2024 haben Schweizer Investoren ihre Ausgaben f\u00fcr den Bau von B\u00fcrofl\u00e4chen deutlich reduziert. Im dritten Quartal lag das Investitionsvolumen f\u00fcr Neubaubewilligungen rund&nbsp; 40 Prozent unter dem Durchschnitt der letzten zehn Jahre. Dieser Trend zeichnete sich bereits w\u00e4hrend der Pandemie ab, als Bauherren aufgrund der Ver\u00e4nderungen im B\u00fcrofl\u00e4chenmarkt und der damit verbundenen Unsicherheiten vorsichtiger wurden. Aktuell tragen zudem die gestiegenen Finanzierungs- und Baukosten zur r\u00fcckl\u00e4ufigen Baut\u00e4tigkeit im B\u00fcrofl\u00e4chensektor bei (<a href=\"https:\/\/www.tagesanzeiger.ch\/steigende-anzahl-an-baubewilligungen-bautaetigkeit-duerfte-kommendes-jahr-stark-zunehmen-746762756707\">Meier, 2024<\/a>).<\/p>\n\n\n\n<p>Gem\u00e4ss JLL setzt sich der Anstieg der verf\u00fcgbaren B\u00fcrofl\u00e4chen in der Region Z\u00fcrich fort, begleitet von einer stabilen Nachfrage nach erstklassigen B\u00fcrofl\u00e4chen und einer leichten Erh\u00f6hung der Angebotsquote. In den zentralen Stadt-Lagen bleiben die Mietpreise f\u00fcr B\u00fcrofl\u00e4chen hoch, mit Spitzenmieten von CHF 925 pro Quadratmeter und Jahr netto. Herausfordernd gestaltet sich hingegen die Vermietung von Fl\u00e4chen in \u00e4lteren Geb\u00e4uden an weniger gut erschlossenen Standorten. In peripheren Lagen wie Opfikon\/Glattbrugg besteht derzeit ein deutliches \u00dcberangebot an B\u00fcrofl\u00e4chen, mit einer Angebotsquote von 29,9% &#8211; der h\u00f6chsten in der Schweiz (<a href=\"https:\/\/www.jll.ch\/de\/trends-and-insights\/research\/buromarkt-schweiz\/zurich\">Jones Lang LaSalle AG, 2023<\/a>).<\/p>\n\n\n\n<figure class=\"wp-block-image size-full\"><a href=\"https:\/\/hub.hslu.ch\/immobilienblog\/wp-content\/blogs.dir\/443\/files\/sites\/9\/2025\/02\/Grafik-JLL_Angebots-und-Spitzenmiete-in-Zuerich.jpg\"><img loading=\"lazy\" decoding=\"async\" width=\"646\" height=\"405\" src=\"https:\/\/hub.hslu.ch\/immobilienblog\/wp-content\/blogs.dir\/443\/files\/sites\/9\/2025\/02\/Grafik-JLL_Angebots-und-Spitzenmiete-in-Zuerich.jpg\" alt=\"\" class=\"wp-image-8585\" srcset=\"https:\/\/hub.hslu.ch\/immobilienblog\/wp-content\/blogs.dir\/443\/files\/sites\/9\/2025\/02\/Grafik-JLL_Angebots-und-Spitzenmiete-in-Zuerich.jpg 646w, https:\/\/hub.hslu.ch\/immobilienblog\/wp-content\/blogs.dir\/443\/files\/sites\/9\/2025\/02\/Grafik-JLL_Angebots-und-Spitzenmiete-in-Zuerich-300x188.jpg 300w, https:\/\/hub.hslu.ch\/immobilienblog\/wp-content\/blogs.dir\/443\/files\/sites\/9\/2025\/02\/Grafik-JLL_Angebots-und-Spitzenmiete-in-Zuerich-600x376.jpg 600w\" sizes=\"auto, (max-width: 646px) 100vw, 646px\" \/><\/a><figcaption class=\"wp-element-caption\">Abbildung 2:&nbsp;Angebots- und Spitzenmiete in der Region Z\u00fcrich (<a href=\"https:\/\/www.jll.ch\/de\/trends-and-insights\/research\/buromarkt-schweiz\/zurich\">Jones Lang LaSalle AG, 2023<\/a>)<\/figcaption><\/figure>\n\n\n\n<p>Gebiete wie Z\u00fcrich West und Z\u00fcrich Nord sind derzeit besonders gefragt bei Unternehmen aus der Hightech-Industrie und von internationalen Firmen. Diese Stadtbezirke zeichnen sich durch hervorragende Verkehrsanbindungen, eine lebendige Umgebung und die N\u00e4he zur ETH Z\u00fcrich aus, was die Zusammenarbeit mit akademischen Institutionen erleichtert und f\u00f6rdert. Auch serviced und flexible Offices haben sich als wichtiger Bestandteil des B\u00fcromarktes etabliert. In Z\u00fcrich gibt es diverse Anbieter, darunter Regus, Spaces und FlexOffice, die meist in zentralen Lagen wie dem CBD (Central Business District &#8211; zentrales Gesch\u00e4ftsviertel), Z\u00fcrich West und dem Bahnhof Oerlikon vertreten sind. Diese flexiblen B\u00fcros bieten zahl-reiche Vorteile: schnelle Verf\u00fcgbarkeit, flexible Mietlaufzeiten, Erweiterungsm\u00f6glichkeiten, transparente Kosten, gemeinsame Ressourcen, Networking-M\u00f6glichkeiten sowie eine hochwertige Infrastruktur. (<a href=\"https:\/\/www.linkedin.com\/posts\/h%26brealestate_b%C3%BCromarkt-z%C3%BCrich-report-2024-activity-7230098516457492480-uSdq?utm_source=share&amp;utm_medium=member_desktop\">H&amp;B Real Estate, 2024<\/a>).<\/p>\n\n\n\n<h2 class=\"wp-block-heading\"><strong>Debatte um Pr\u00e4senzpflicht und Homeoffice<\/strong><\/h2>\n\n\n\n<p>Die R\u00fcckkehr zur B\u00fcropr\u00e4senz wird zunehmend kontrovers diskutiert. Viele Unternehmen, darunter Sulzer, Schindler, Swisscom und Novartis, haben ihre Homeoffice-Regelungen eingeschr\u00e4nkt und verlangen nun mehrere Tage Pr\u00e4senz pro Woche (<a href=\"https:\/\/www.20min.ch\/story\/homeoffice-verbot-droht-unternehmen-kuendigungswelle-103194510\">Janssen, 2024<\/a>). Arbeitgeber argumentieren, dass die Produktivit\u00e4t leidet, wenn Mitarbeitende ausschliesslich von zu Hause aus arbeiten. Arbeitnehmer hingegen sch\u00e4tzen die Flexibilit\u00e4t und den Wegfall des Arbeitswegs. Diese unterschiedlichen Perspektiven f\u00fchren zu einer intensiven Debatte \u00fcber die zuk\u00fcnftige Arbeitsgestaltung.<\/p>\n\n\n\n<p>Professorin Heike Bruch von der Universit\u00e4t St. Gallen kritisiert den Entscheid von Sulzer, Homeoffice zu verbieten, als falsch und nicht zeitgem\u00e4ss. Sie betont, dass flexible Arbeitsmodelle, einschliesslich Homeoffice, entscheidend f\u00fcr Fortschritt und Produktivit\u00e4t sind. Ihrer Ansicht nach stellt die R\u00fcckkehr zu traditionellen Arbeitsmodellen eine verpasste Chance dar, die Vorteile moderner Arbeitsweisen zu nutzen (<a href=\"https:\/\/www.handelszeitung.ch\/bilanz\/die-rolle-ruckwarts-ist-nicht-sinnvoll-753391\">Kuhn-Spogat &amp; BILANZ, 2024<\/a>). Auch der Schweizerische Arbeitgeberverband hebt hervor, dass flexible Arbeitsmodelle besonders angesichts des Arbeitskr\u00e4ftemangels wichtige Faktoren f\u00fcr die Attraktivit\u00e4t eines Arbeitgebers sind (<a href=\"https:\/\/www.20min.ch\/story\/homeoffice-verbot-droht-unternehmen-kuendigungswelle-103194510\">Janssen, 2024<\/a>).<\/p>\n\n\n\n<p>Obwohl Unternehmen wie Sulzer international \u00e4hnliche Ans\u00e4tze verfolgen, zeigt ein prominentes Gegenbeispiel, wie es anders geht: Im Gegensatz zu Unternehmen wie Amazon und Dell, die auf B\u00fcropr\u00e4senz bestehen, setzt Spotify seit 2021 konsequent auf seine \u201cWork-from-Anywhere\u201d-Strategie. Laut HR-Chefin Katarina Berg ist Vertrauen zentral: \u201cDu kannst keine Erwachsenen einstellen und sie dann wie Kinder behandeln.\u201d Da die Produktivit\u00e4t stabil bleibt, sieht Spotify keinen Grund, Mitarbeitende ins B\u00fcro zu zwingen. Gleichzeitig betrachtet das Unternehmen das B\u00fcro als wichtigen Ort f\u00fcr Interaktion und Entwicklung und schafft mit attraktiven Erlebnissen Anreize f\u00fcr freiwillige Pr\u00e4senz. Diese Strategie hat die Fluktuation bei Spotify um 15 % reduziert, was auf eine h\u00f6here Mitarbeiterzufriedenheit und st\u00e4rkere Bindung ans Unternehmen hinweist (<a href=\"https:\/\/smartup-news.de\/arbeitswelt\/spotify-setzt-auf-homeoffice-du-kannst-keine-erwachsenen-einstellen-und-sie-dann-wie-kinder-behandeln\/\">Bajrica, 2024<\/a>).<\/p>\n\n\n\n<h2 class=\"wp-block-heading\"><strong>Zukunftsaussichten<\/strong><\/h2>\n\n\n\n<p>Die Prognosen von W\u00fcest Partner zeigen f\u00fcr das kommende Jahr eine Verschiebung im B\u00fcrofl\u00e4chenmarkt: W\u00e4hrend die Neubaut\u00e4tigkeit im Gesch\u00e4ftsfl\u00e4chensegment um 14,5 % zur\u00fcckgehen d\u00fcrfte, wird gleichzeitig ein Anstieg bei Umbauten und Modernisierungen erwartet. Unternehmen konzentrieren sich zunehmend auf energetische Sanierungen, um ihre Nachhaltigkeitsziele zu erreichen und bestehende B\u00fcrofl\u00e4chen an ver\u00e4nderte Anforderungen anzupassen. Diese Entwicklung tr\u00e4gt zur Stabilisierung des Marktes bei und verhindert ein \u00dcberangebot. Zugleich wird ein wachsendes Interesse am Hochbau prognostiziert, mit einem Anstieg von 4,6 % im kommenden Jahr. Diese Verschiebung hin zu Umbauten und gezielten Investitionen zeigt, dass der B\u00fcrofl\u00e4chenmarkt sich zunehmend auf Nachhaltigkeit und neue Arbeitsmodelle ausrichtet (<a href=\"https:\/\/www.tagesanzeiger.ch\/steigende-anzahl-an-baubewilligungen-bautaetigkeit-duerfte-kommendes-jahr-stark-zunehmen-746762756707\">Meier, 2024<\/a>).<\/p>\n\n\n\n<p>Bereits 2024 lag die Zahl der ausgeschriebenen B\u00fcrofl\u00e4chen 11 % unter dem Niveau von 2019, was durch stabilisierte Homeoffice-Quoten und die Einf\u00fchrung von Pr\u00e4senztagen unterst\u00fctzt wurde. Viele Arbeitgeber setzen darauf, Mitarbeitende durch soziale Events, moderne Infrastruktur und IT-L\u00f6sungen zur\u00fcck ins B\u00fcro zu holen \u2013 oft jedoch im Spannungsfeld zwischen Unternehmenszielen und den Bed\u00fcrfnissen der Mitarbeitenden, die weiterhin Flexibilit\u00e4t sch\u00e4tzen (<a href=\"https:\/\/www.tagesanzeiger.ch\/steigende-anzahl-an-baubewilligungen-bautaetigkeit-duerfte-kommendes-jahr-stark-zunehmen-746762756707\">Meier, 2024<\/a>).<\/p>\n\n\n\n<p>Die Experten von Fahrl\u00e4nder Partner erwarten, dass die B\u00fcromietpreise in Z\u00fcrich in den n\u00e4chsten zw\u00f6lf Monaten stabil bleiben oder leicht sinken k\u00f6nnten. Ausschlaggebend ist die \u00dcbernahme der Credit Suisse durch UBS, die grosse B\u00fcrofl\u00e4chen, wie in Z\u00fcrich-Oerlikon, freisetzt und damit zus\u00e4tzlichen Druck auf den Markt aus\u00fcbt. Ein \u00dcberangebot k\u00f6nnte die Mietpreise weiter nach unten treiben. Moderne B\u00fcrokonzepte wie \u201cNew Work\u201d, die auf gemeinschaftlich genutzte Bereiche und Ruhezonen setzen, k\u00f6nnten diesen Trend jedoch ausgleichen. Sie richten sich an die Bed\u00fcrfnisse der Mitarbeitenden und f\u00f6rdern eine Arbeitsumgebung, die soziale Interaktion, Unternehmenskultur und Innovation unterst\u00fctzt \u2013 Aspekte, die das Homeoffice allein nicht leisten kann (<a href=\"https:\/\/fpre.ch\/wp-content\/uploads\/FPREview_Q3_2024.pdf\">Fahrl\u00e4nder Partner Raumentwicklung, 2024<\/a>).<\/p>\n\n\n\n<p>Die Zukunft des B\u00fcrofl\u00e4chensektors in Z\u00fcrich wird stark von der Anpassung an neue Arbeitsmodelle und Nachhaltigkeitsziele gepr\u00e4gt sein. Die verst\u00e4rkten Investitionen in Umbauten und Modernisierungen zeigen, dass Unternehmen nicht nur auf Effizienz, sondern auch auf Attraktivit\u00e4t f\u00fcr Mitarbeitende setzen. Flexible Arbeitskonzepte und nachhaltige Ans\u00e4tze k\u00f6nnten nicht nur die Nachfrage stabilisieren, sondern auch dazu beitragen, den Wert bestehender B\u00fcrofl\u00e4chen langfristig zu sichern. Zentral gelegene Fl\u00e4chen bleiben gefragt, w\u00e4hrend periphere Standorte verst\u00e4rkt von innovativen Nutzungskonzepten profitieren m\u00fcssen, um konkurrenzf\u00e4hig zu bleiben.<\/p>\n\n\n\n<h2 class=\"wp-block-heading\"><strong>Das k\u00f6nnte Sie ebenfalls interessieren:<\/strong><\/h2>\n\n\n\n<p>Entdecken Sie die&nbsp;<a href=\"https:\/\/www.hslu.ch\/de-ch\/wirtschaft\/themen\/immobilien\/?sourceurl=\/immobilien\">Welt des Immobilienmanagements<\/a>&nbsp;und erfahren Sie alles Wissenswerte rund um den&nbsp;<a href=\"https:\/\/www.hslu.ch\/de-ch\/wirtschaft\/weiterbildung\/mas\/ifz\/immobilienmanagement\/\">MAS Immobilienmanagement<\/a>&nbsp;und andere Angebote zum Thema&nbsp;<a href=\"https:\/\/www.hslu.ch\/de-ch\/wirtschaft\/themen\/immobilien\/?sourceurl=\/immobilien\">Immobilien<\/a>. Gerne beantworten Ihnen&nbsp;<a href=\"https:\/\/www.hslu.ch\/de-ch\/wirtschaft\/ueber-uns\/personensuche\/person-detail-site\/?pid=248\">Prof. Dr. Markus Schmidiger<\/a>&nbsp;und&nbsp;<a href=\"https:\/\/www.hslu.ch\/de-ch\/wirtschaft\/ueber-uns\/personensuche\/person-detail-site\/?pid=974\">Prof. Dr. John Davidson<\/a>&nbsp;vom&nbsp;<a href=\"https:\/\/www.hslu.ch\/de-ch\/wirtschaft\/ueber-uns\/institute\/ifz\/?sourceurl=\/ifz\">IFZ<\/a>&nbsp;Ihre Fragen.<\/p>\n\n\n\n<p>Der neue&nbsp;<a href=\"https:\/\/www.hslu.ch\/de-ch\/wirtschaft\/weiterbildung\/cas\/ifz\/real-estate-investment-management\/\">CAS Real Estate Investment Management<\/a>&nbsp;bef\u00e4higt Sie, erfolgreich in Immobilien zu investieren und Immobilienportfolien erfolgreich zu f\u00fchren. Melden Sie sich&nbsp;<a href=\"https:\/\/www.hslu.ch\/de-ch\/wirtschaft\/weiterbildung\/cas\/ifz\/real-estate-investment-management\/\">hier an<\/a>.<\/p>\n\n\n\n<p>Mit dem&nbsp;<a href=\"https:\/\/www.hslu.ch\/de-ch\/wirtschaft\/weiterbildung\/mas\/ifz\/immobilienmanagement\/\">MAS Immobilienmanagement<\/a>&nbsp;werden Sie zum Generalisten und sind in der Lage, anspruchsvolle Fach- und F\u00fchrungsaufgaben rund um das Immobilienmanagement erfolgreich zu \u00fcbernehmen. Melden Sie sich&nbsp;<a href=\"https:\/\/www.hslu.ch\/de-ch\/wirtschaft\/weiterbildung\/mas\/ifz\/immobilienmanagement\/\">hier an.<\/a><\/p>\n\n\n\n<p><a href=\"https:\/\/www.hslu.ch\/de-ch\/wirtschaft\/studium\/master\/real-estate\/\">Master of Science in Real Estate<\/a>&nbsp;\u2013 Die Ausbildung f\u00fcr k\u00fcnftige F\u00fchrungskr\u00e4fte in der Immobilienbranche.<\/p>\n\n\n\n<p>Das Studium des Master of Science in Real Estate bereitet auf anspruchsvolle T\u00e4tigkeiten in der Immobilienwirtschaft vor. Studierende erhalten ein vertieftes Verst\u00e4ndnis \u00fcber immobilienwirtschaftliche Zusammenh\u00e4nge mit besonderem Schwerpunkt im Bereich Investment, Finanzierung, Projektentwicklung und Management. Gerne beantworten Ihnen&nbsp;<a href=\"https:\/\/www.hslu.ch\/de-ch\/wirtschaft\/ueber-uns\/personensuche\/person-detail-site\/?pid=2413\">Prof. Dr. Michael Tr\u00fcbestein<\/a>&nbsp;und&nbsp;<a href=\"https:\/\/www.hslu.ch\/de-ch\/hochschule-luzern\/ueber-uns\/personensuche\/profile\/?pid=4982\">Prof. Dr. Daniel Steffen<\/a>&nbsp;vom&nbsp;<a href=\"https:\/\/www.hslu.ch\/de-ch\/wirtschaft\/ueber-uns\/institute\/ifz\/?sourceurl=\/ifz\">IFZ<\/a>&nbsp;Ihre Fragen.<\/p>\n\n\n\n<p><strong>Lesen Sie hier die k\u00fcrzlich ver\u00f6ffentlichten Blogbeitr\u00e4ge:<\/strong><\/p>\n\n\n\n<p><a href=\"https:\/\/hub.hslu.ch\/immobilienblog\/2025\/02\/24\/basel-iii-auswirkungen-auf-banken-eigentuemer-und-kaufinteressenten\/\">Basel III \u2013 Auswirkungen auf Banken, Eigent\u00fcmer und Kaufinteressenten<br><\/a><a href=\"https:\/\/hub.hslu.ch\/immobilienblog\/2025\/02\/17\/preisguenstiger-wohnraum-zwischen-markt-und-foerderung\/\">Preisg\u00fcnstiger Wohnraum: Zwischen Markt und F\u00f6rderung<br><\/a><a href=\"https:\/\/hub.hslu.ch\/immobilienblog\/2025\/02\/10\/wohnen-im-alter-eine-empirische-untersuchung-der-wohnsituation-und-mobilitaet-aelterer-menschen-in-der-schweiz\/\">Wohnen im Alter: Eine empirische Untersuchung der Wohnsituation und -mobilit\u00e4t \u00e4lterer Menschen in der Schweiz<br><\/a><a href=\"https:\/\/hub.hslu.ch\/immobilienblog\/2025\/02\/04\/soziale-nachhaltigkeit-in-der-immobilienwirtschaft\/\">Soziale Nachhaltigkeit in der Immobilienwirtschaft<\/a><\/p>\n\n\n","protected":false},"excerpt":{"rendered":"<p>Der B\u00fcrofl\u00e4chenmarkt in Z\u00fcrich befindet sich in einem kontinuierlichen Wandel. Hybride Arbeitsmodelle, technologische Fortschritte und die Anspr\u00fcche einer neuen Generation von Mitarbeitenden pr\u00e4gen diese Transformation. W\u00e4hrend die Nachfrage nach klassischen Arbeitspl\u00e4tzen sinkt, investieren Unternehmen zunehmend in die Umgestaltung bestehender Fl\u00e4chen. Flexible Konzepte wie &#8218;New Work&#8216;, nachhaltige Sanierungen und moderne Technologien stehen im Fokus, um den steigenden Anforderungen der Mitarbeitenden an zeitgem\u00e4sse Arbeitsumgebungen, Effizienz und eine ausgewogene Work-Life-Balance gerecht zu werden.<\/p>\n","protected":false},"author":227,"featured_media":8586,"comment_status":"open","ping_status":"closed","sticky":false,"template":"","format":"standard","meta":{"_acf_changed":false,"inline_featured_image":false,"_relevanssi_hide_post":"","_relevanssi_hide_content":"","_relevanssi_pin_for_all":"","_relevanssi_pin_keywords":"","_relevanssi_unpin_keywords":"","_relevanssi_related_keywords":"","_relevanssi_related_include_ids":"","_relevanssi_related_exclude_ids":"","_relevanssi_related_no_append":"","_relevanssi_related_not_related":"","_relevanssi_related_posts":"6808,6356,654,7578,4934,2072","_relevanssi_noindex_reason":"","footnotes":"","_links_to":"","_links_to_target":""},"categories":[153166],"tags":[153226,7089,3851,134],"class_list":["post-8584","post","type-post","status-publish","format-standard","has-post-thumbnail","hentry","category-studentische-beitraege","tag-bueroflaechen","tag-immobilien","tag-real-estate","tag-weiterbildung"],"acf":[],"yoast_head":"<!-- This site is optimized with the Yoast SEO plugin v27.4 - https:\/\/yoast.com\/product\/yoast-seo-wordpress\/ -->\n<title>Neue Anforderungen an B\u00fcrofl\u00e4chen<\/title>\n<meta name=\"description\" content=\"Der B\u00fcrofl\u00e4chenmarkt in Z\u00fcrich befindet sich in einem kontinuierlichen Wandel.\" \/>\n<meta name=\"robots\" content=\"index, follow, max-snippet:-1, max-image-preview:large, max-video-preview:-1\" \/>\n<link rel=\"canonical\" href=\"https:\/\/hub.hslu.ch\/immobilienblog\/2025\/03\/03\/neue-anforderungen-an-bueroflaechen-flexibles-arbeiten-veraendert-den-zuercher-markt-und-erhoeht-die-ansprueche\/\" \/>\n<meta property=\"og:locale\" content=\"de_DE\" \/>\n<meta property=\"og:type\" content=\"article\" \/>\n<meta property=\"og:title\" content=\"Neue Anforderungen an B\u00fcrofl\u00e4chen\" \/>\n<meta property=\"og:description\" content=\"Der B\u00fcrofl\u00e4chenmarkt in Z\u00fcrich befindet sich in einem kontinuierlichen Wandel.\" \/>\n<meta property=\"og:url\" content=\"https:\/\/hub.hslu.ch\/immobilienblog\/2025\/03\/03\/neue-anforderungen-an-bueroflaechen-flexibles-arbeiten-veraendert-den-zuercher-markt-und-erhoeht-die-ansprueche\/\" \/>\n<meta property=\"og:site_name\" content=\"Immobilienblog Hochschule Luzern\" \/>\n<meta property=\"article:published_time\" content=\"2025-03-03T05:30:00+00:00\" \/>\n<meta property=\"article:modified_time\" content=\"2026-02-11T13:53:22+00:00\" \/>\n<meta property=\"og:image\" content=\"https:\/\/hub.hslu.ch\/immobilienblog\/wp-content\/blogs.dir\/443\/files\/sites\/9\/2025\/02\/henrique-ferreira-LivEEHjulTE-unsplash.jpg\" \/>\n\t<meta property=\"og:image:width\" content=\"2048\" \/>\n\t<meta property=\"og:image:height\" content=\"1364\" \/>\n\t<meta property=\"og:image:type\" content=\"image\/jpeg\" \/>\n<meta name=\"author\" content=\"jonashaab\" \/>\n<meta name=\"twitter:card\" content=\"summary_large_image\" \/>\n<meta name=\"twitter:label1\" content=\"Geschrieben von\" \/>\n\t<meta name=\"twitter:data1\" content=\"jonashaab\" \/>\n\t<meta name=\"twitter:label2\" content=\"Gesch\u00e4tzte Lesezeit\" \/>\n\t<meta name=\"twitter:data2\" content=\"12\u00a0Minuten\" \/>\n<script type=\"application\/ld+json\" class=\"yoast-schema-graph\">{\"@context\":\"https:\\\/\\\/schema.org\",\"@graph\":[{\"@type\":\"Article\",\"@id\":\"https:\\\/\\\/hub.hslu.ch\\\/immobilienblog\\\/2025\\\/03\\\/03\\\/neue-anforderungen-an-bueroflaechen-flexibles-arbeiten-veraendert-den-zuercher-markt-und-erhoeht-die-ansprueche\\\/#article\",\"isPartOf\":{\"@id\":\"https:\\\/\\\/hub.hslu.ch\\\/immobilienblog\\\/2025\\\/03\\\/03\\\/neue-anforderungen-an-bueroflaechen-flexibles-arbeiten-veraendert-den-zuercher-markt-und-erhoeht-die-ansprueche\\\/\"},\"author\":{\"name\":\"jonashaab\",\"@id\":\"https:\\\/\\\/hub.hslu.ch\\\/immobilienblog\\\/#\\\/schema\\\/person\\\/712458f429713b72a99d29304d5e0914\"},\"headline\":\"Neue Anforderungen an B\u00fcrofl\u00e4chen: Flexibles Arbeiten ver\u00e4ndert den Z\u00fcrcher Markt und erh\u00f6ht die Anspr\u00fcche\",\"datePublished\":\"2025-03-03T05:30:00+00:00\",\"dateModified\":\"2026-02-11T13:53:22+00:00\",\"mainEntityOfPage\":{\"@id\":\"https:\\\/\\\/hub.hslu.ch\\\/immobilienblog\\\/2025\\\/03\\\/03\\\/neue-anforderungen-an-bueroflaechen-flexibles-arbeiten-veraendert-den-zuercher-markt-und-erhoeht-die-ansprueche\\\/\"},\"wordCount\":2070,\"commentCount\":0,\"image\":{\"@id\":\"https:\\\/\\\/hub.hslu.ch\\\/immobilienblog\\\/2025\\\/03\\\/03\\\/neue-anforderungen-an-bueroflaechen-flexibles-arbeiten-veraendert-den-zuercher-markt-und-erhoeht-die-ansprueche\\\/#primaryimage\"},\"thumbnailUrl\":\"https:\\\/\\\/hub.hslu.ch\\\/immobilienblog\\\/wp-content\\\/blogs.dir\\\/443\\\/files\\\/sites\\\/9\\\/2025\\\/02\\\/henrique-ferreira-LivEEHjulTE-unsplash.jpg\",\"keywords\":[\"B\u00fcrofl\u00e4chen\",\"Immobilien\",\"Real Estate\",\"Weiterbildung\"],\"articleSection\":[\"Studentische Beitr\u00e4ge\"],\"inLanguage\":\"de-CH\",\"potentialAction\":[{\"@type\":\"CommentAction\",\"name\":\"Comment\",\"target\":[\"https:\\\/\\\/hub.hslu.ch\\\/immobilienblog\\\/2025\\\/03\\\/03\\\/neue-anforderungen-an-bueroflaechen-flexibles-arbeiten-veraendert-den-zuercher-markt-und-erhoeht-die-ansprueche\\\/#respond\"]}]},{\"@type\":\"WebPage\",\"@id\":\"https:\\\/\\\/hub.hslu.ch\\\/immobilienblog\\\/2025\\\/03\\\/03\\\/neue-anforderungen-an-bueroflaechen-flexibles-arbeiten-veraendert-den-zuercher-markt-und-erhoeht-die-ansprueche\\\/\",\"url\":\"https:\\\/\\\/hub.hslu.ch\\\/immobilienblog\\\/2025\\\/03\\\/03\\\/neue-anforderungen-an-bueroflaechen-flexibles-arbeiten-veraendert-den-zuercher-markt-und-erhoeht-die-ansprueche\\\/\",\"name\":\"Neue Anforderungen an B\u00fcrofl\u00e4chen\",\"isPartOf\":{\"@id\":\"https:\\\/\\\/hub.hslu.ch\\\/immobilienblog\\\/#website\"},\"primaryImageOfPage\":{\"@id\":\"https:\\\/\\\/hub.hslu.ch\\\/immobilienblog\\\/2025\\\/03\\\/03\\\/neue-anforderungen-an-bueroflaechen-flexibles-arbeiten-veraendert-den-zuercher-markt-und-erhoeht-die-ansprueche\\\/#primaryimage\"},\"image\":{\"@id\":\"https:\\\/\\\/hub.hslu.ch\\\/immobilienblog\\\/2025\\\/03\\\/03\\\/neue-anforderungen-an-bueroflaechen-flexibles-arbeiten-veraendert-den-zuercher-markt-und-erhoeht-die-ansprueche\\\/#primaryimage\"},\"thumbnailUrl\":\"https:\\\/\\\/hub.hslu.ch\\\/immobilienblog\\\/wp-content\\\/blogs.dir\\\/443\\\/files\\\/sites\\\/9\\\/2025\\\/02\\\/henrique-ferreira-LivEEHjulTE-unsplash.jpg\",\"datePublished\":\"2025-03-03T05:30:00+00:00\",\"dateModified\":\"2026-02-11T13:53:22+00:00\",\"author\":{\"@id\":\"https:\\\/\\\/hub.hslu.ch\\\/immobilienblog\\\/#\\\/schema\\\/person\\\/712458f429713b72a99d29304d5e0914\"},\"description\":\"Der B\u00fcrofl\u00e4chenmarkt in Z\u00fcrich befindet sich in einem kontinuierlichen Wandel.\",\"inLanguage\":\"de-CH\",\"potentialAction\":[{\"@type\":\"ReadAction\",\"target\":[\"https:\\\/\\\/hub.hslu.ch\\\/immobilienblog\\\/2025\\\/03\\\/03\\\/neue-anforderungen-an-bueroflaechen-flexibles-arbeiten-veraendert-den-zuercher-markt-und-erhoeht-die-ansprueche\\\/\"]}]},{\"@type\":\"ImageObject\",\"inLanguage\":\"de-CH\",\"@id\":\"https:\\\/\\\/hub.hslu.ch\\\/immobilienblog\\\/2025\\\/03\\\/03\\\/neue-anforderungen-an-bueroflaechen-flexibles-arbeiten-veraendert-den-zuercher-markt-und-erhoeht-die-ansprueche\\\/#primaryimage\",\"url\":\"https:\\\/\\\/hub.hslu.ch\\\/immobilienblog\\\/wp-content\\\/blogs.dir\\\/443\\\/files\\\/sites\\\/9\\\/2025\\\/02\\\/henrique-ferreira-LivEEHjulTE-unsplash.jpg\",\"contentUrl\":\"https:\\\/\\\/hub.hslu.ch\\\/immobilienblog\\\/wp-content\\\/blogs.dir\\\/443\\\/files\\\/sites\\\/9\\\/2025\\\/02\\\/henrique-ferreira-LivEEHjulTE-unsplash.jpg\",\"width\":2048,\"height\":1364,\"caption\":\"Titelbild: Prime Tower, Z\u00fcrich West (Foto von Henrique Ferreira auf Unsplash)\"},{\"@type\":\"WebSite\",\"@id\":\"https:\\\/\\\/hub.hslu.ch\\\/immobilienblog\\\/#website\",\"url\":\"https:\\\/\\\/hub.hslu.ch\\\/immobilienblog\\\/\",\"name\":\"Immobilienblog Hochschule Luzern\",\"description\":\"Immobilienmanagement am Institut f\u00fcr Finanzdienstleistungen Zug - IFZ\",\"potentialAction\":[{\"@type\":\"SearchAction\",\"target\":{\"@type\":\"EntryPoint\",\"urlTemplate\":\"https:\\\/\\\/hub.hslu.ch\\\/immobilienblog\\\/?s={search_term_string}\"},\"query-input\":{\"@type\":\"PropertyValueSpecification\",\"valueRequired\":true,\"valueName\":\"search_term_string\"}}],\"inLanguage\":\"de-CH\"},{\"@type\":\"Person\",\"@id\":\"https:\\\/\\\/hub.hslu.ch\\\/immobilienblog\\\/#\\\/schema\\\/person\\\/712458f429713b72a99d29304d5e0914\",\"name\":\"jonashaab\"}]}<\/script>\n<!-- \/ Yoast SEO plugin. -->","yoast_head_json":{"title":"Neue Anforderungen an B\u00fcrofl\u00e4chen","description":"Der B\u00fcrofl\u00e4chenmarkt in Z\u00fcrich befindet sich in einem kontinuierlichen Wandel.","robots":{"index":"index","follow":"follow","max-snippet":"max-snippet:-1","max-image-preview":"max-image-preview:large","max-video-preview":"max-video-preview:-1"},"canonical":"https:\/\/hub.hslu.ch\/immobilienblog\/2025\/03\/03\/neue-anforderungen-an-bueroflaechen-flexibles-arbeiten-veraendert-den-zuercher-markt-und-erhoeht-die-ansprueche\/","og_locale":"de_DE","og_type":"article","og_title":"Neue Anforderungen an B\u00fcrofl\u00e4chen","og_description":"Der B\u00fcrofl\u00e4chenmarkt in Z\u00fcrich befindet sich in einem kontinuierlichen Wandel.","og_url":"https:\/\/hub.hslu.ch\/immobilienblog\/2025\/03\/03\/neue-anforderungen-an-bueroflaechen-flexibles-arbeiten-veraendert-den-zuercher-markt-und-erhoeht-die-ansprueche\/","og_site_name":"Immobilienblog Hochschule Luzern","article_published_time":"2025-03-03T05:30:00+00:00","article_modified_time":"2026-02-11T13:53:22+00:00","og_image":[{"width":2048,"height":1364,"url":"https:\/\/hub.hslu.ch\/immobilienblog\/wp-content\/blogs.dir\/443\/files\/sites\/9\/2025\/02\/henrique-ferreira-LivEEHjulTE-unsplash.jpg","type":"image\/jpeg"}],"author":"jonashaab","twitter_card":"summary_large_image","twitter_misc":{"Geschrieben von":"jonashaab","Gesch\u00e4tzte Lesezeit":"12\u00a0Minuten"},"schema":{"@context":"https:\/\/schema.org","@graph":[{"@type":"Article","@id":"https:\/\/hub.hslu.ch\/immobilienblog\/2025\/03\/03\/neue-anforderungen-an-bueroflaechen-flexibles-arbeiten-veraendert-den-zuercher-markt-und-erhoeht-die-ansprueche\/#article","isPartOf":{"@id":"https:\/\/hub.hslu.ch\/immobilienblog\/2025\/03\/03\/neue-anforderungen-an-bueroflaechen-flexibles-arbeiten-veraendert-den-zuercher-markt-und-erhoeht-die-ansprueche\/"},"author":{"name":"jonashaab","@id":"https:\/\/hub.hslu.ch\/immobilienblog\/#\/schema\/person\/712458f429713b72a99d29304d5e0914"},"headline":"Neue Anforderungen an B\u00fcrofl\u00e4chen: Flexibles Arbeiten ver\u00e4ndert den Z\u00fcrcher Markt und erh\u00f6ht die Anspr\u00fcche","datePublished":"2025-03-03T05:30:00+00:00","dateModified":"2026-02-11T13:53:22+00:00","mainEntityOfPage":{"@id":"https:\/\/hub.hslu.ch\/immobilienblog\/2025\/03\/03\/neue-anforderungen-an-bueroflaechen-flexibles-arbeiten-veraendert-den-zuercher-markt-und-erhoeht-die-ansprueche\/"},"wordCount":2070,"commentCount":0,"image":{"@id":"https:\/\/hub.hslu.ch\/immobilienblog\/2025\/03\/03\/neue-anforderungen-an-bueroflaechen-flexibles-arbeiten-veraendert-den-zuercher-markt-und-erhoeht-die-ansprueche\/#primaryimage"},"thumbnailUrl":"https:\/\/hub.hslu.ch\/immobilienblog\/wp-content\/blogs.dir\/443\/files\/sites\/9\/2025\/02\/henrique-ferreira-LivEEHjulTE-unsplash.jpg","keywords":["B\u00fcrofl\u00e4chen","Immobilien","Real Estate","Weiterbildung"],"articleSection":["Studentische Beitr\u00e4ge"],"inLanguage":"de-CH","potentialAction":[{"@type":"CommentAction","name":"Comment","target":["https:\/\/hub.hslu.ch\/immobilienblog\/2025\/03\/03\/neue-anforderungen-an-bueroflaechen-flexibles-arbeiten-veraendert-den-zuercher-markt-und-erhoeht-die-ansprueche\/#respond"]}]},{"@type":"WebPage","@id":"https:\/\/hub.hslu.ch\/immobilienblog\/2025\/03\/03\/neue-anforderungen-an-bueroflaechen-flexibles-arbeiten-veraendert-den-zuercher-markt-und-erhoeht-die-ansprueche\/","url":"https:\/\/hub.hslu.ch\/immobilienblog\/2025\/03\/03\/neue-anforderungen-an-bueroflaechen-flexibles-arbeiten-veraendert-den-zuercher-markt-und-erhoeht-die-ansprueche\/","name":"Neue Anforderungen an B\u00fcrofl\u00e4chen","isPartOf":{"@id":"https:\/\/hub.hslu.ch\/immobilienblog\/#website"},"primaryImageOfPage":{"@id":"https:\/\/hub.hslu.ch\/immobilienblog\/2025\/03\/03\/neue-anforderungen-an-bueroflaechen-flexibles-arbeiten-veraendert-den-zuercher-markt-und-erhoeht-die-ansprueche\/#primaryimage"},"image":{"@id":"https:\/\/hub.hslu.ch\/immobilienblog\/2025\/03\/03\/neue-anforderungen-an-bueroflaechen-flexibles-arbeiten-veraendert-den-zuercher-markt-und-erhoeht-die-ansprueche\/#primaryimage"},"thumbnailUrl":"https:\/\/hub.hslu.ch\/immobilienblog\/wp-content\/blogs.dir\/443\/files\/sites\/9\/2025\/02\/henrique-ferreira-LivEEHjulTE-unsplash.jpg","datePublished":"2025-03-03T05:30:00+00:00","dateModified":"2026-02-11T13:53:22+00:00","author":{"@id":"https:\/\/hub.hslu.ch\/immobilienblog\/#\/schema\/person\/712458f429713b72a99d29304d5e0914"},"description":"Der B\u00fcrofl\u00e4chenmarkt in Z\u00fcrich befindet sich in einem kontinuierlichen Wandel.","inLanguage":"de-CH","potentialAction":[{"@type":"ReadAction","target":["https:\/\/hub.hslu.ch\/immobilienblog\/2025\/03\/03\/neue-anforderungen-an-bueroflaechen-flexibles-arbeiten-veraendert-den-zuercher-markt-und-erhoeht-die-ansprueche\/"]}]},{"@type":"ImageObject","inLanguage":"de-CH","@id":"https:\/\/hub.hslu.ch\/immobilienblog\/2025\/03\/03\/neue-anforderungen-an-bueroflaechen-flexibles-arbeiten-veraendert-den-zuercher-markt-und-erhoeht-die-ansprueche\/#primaryimage","url":"https:\/\/hub.hslu.ch\/immobilienblog\/wp-content\/blogs.dir\/443\/files\/sites\/9\/2025\/02\/henrique-ferreira-LivEEHjulTE-unsplash.jpg","contentUrl":"https:\/\/hub.hslu.ch\/immobilienblog\/wp-content\/blogs.dir\/443\/files\/sites\/9\/2025\/02\/henrique-ferreira-LivEEHjulTE-unsplash.jpg","width":2048,"height":1364,"caption":"Titelbild: Prime Tower, Z\u00fcrich West (Foto von Henrique Ferreira auf Unsplash)"},{"@type":"WebSite","@id":"https:\/\/hub.hslu.ch\/immobilienblog\/#website","url":"https:\/\/hub.hslu.ch\/immobilienblog\/","name":"Immobilienblog Hochschule Luzern","description":"Immobilienmanagement am Institut f\u00fcr Finanzdienstleistungen Zug - IFZ","potentialAction":[{"@type":"SearchAction","target":{"@type":"EntryPoint","urlTemplate":"https:\/\/hub.hslu.ch\/immobilienblog\/?s={search_term_string}"},"query-input":{"@type":"PropertyValueSpecification","valueRequired":true,"valueName":"search_term_string"}}],"inLanguage":"de-CH"},{"@type":"Person","@id":"https:\/\/hub.hslu.ch\/immobilienblog\/#\/schema\/person\/712458f429713b72a99d29304d5e0914","name":"jonashaab"}]}},"featured_image_src":"https:\/\/hub.hslu.ch\/immobilienblog\/wp-content\/blogs.dir\/443\/files\/sites\/9\/2025\/02\/henrique-ferreira-LivEEHjulTE-unsplash.jpg","featured_image_src_square":"https:\/\/hub.hslu.ch\/immobilienblog\/wp-content\/blogs.dir\/443\/files\/sites\/9\/2025\/02\/henrique-ferreira-LivEEHjulTE-unsplash.jpg","author_info":{"display_name":"jonashaab","author_link":"https:\/\/hub.hslu.ch\/immobilienblog\/author\/jonashaab\/"},"_links":{"self":[{"href":"https:\/\/hub.hslu.ch\/immobilienblog\/wp-json\/wp\/v2\/posts\/8584","targetHints":{"allow":["GET"]}}],"collection":[{"href":"https:\/\/hub.hslu.ch\/immobilienblog\/wp-json\/wp\/v2\/posts"}],"about":[{"href":"https:\/\/hub.hslu.ch\/immobilienblog\/wp-json\/wp\/v2\/types\/post"}],"author":[{"embeddable":true,"href":"https:\/\/hub.hslu.ch\/immobilienblog\/wp-json\/wp\/v2\/users\/227"}],"replies":[{"embeddable":true,"href":"https:\/\/hub.hslu.ch\/immobilienblog\/wp-json\/wp\/v2\/comments?post=8584"}],"version-history":[{"count":5,"href":"https:\/\/hub.hslu.ch\/immobilienblog\/wp-json\/wp\/v2\/posts\/8584\/revisions"}],"predecessor-version":[{"id":9543,"href":"https:\/\/hub.hslu.ch\/immobilienblog\/wp-json\/wp\/v2\/posts\/8584\/revisions\/9543"}],"wp:featuredmedia":[{"embeddable":true,"href":"https:\/\/hub.hslu.ch\/immobilienblog\/wp-json\/wp\/v2\/media\/8586"}],"wp:attachment":[{"href":"https:\/\/hub.hslu.ch\/immobilienblog\/wp-json\/wp\/v2\/media?parent=8584"}],"wp:term":[{"taxonomy":"category","embeddable":true,"href":"https:\/\/hub.hslu.ch\/immobilienblog\/wp-json\/wp\/v2\/categories?post=8584"},{"taxonomy":"post_tag","embeddable":true,"href":"https:\/\/hub.hslu.ch\/immobilienblog\/wp-json\/wp\/v2\/tags?post=8584"}],"curies":[{"name":"wp","href":"https:\/\/api.w.org\/{rel}","templated":true}]}}