{"id":12682,"date":"2021-07-01T11:31:15","date_gmt":"2021-07-01T09:31:15","guid":{"rendered":"https:\/\/hub.hslu.ch\/informatik\/?p=12682"},"modified":"2026-02-06T15:21:53","modified_gmt":"2026-02-06T14:21:53","slug":"diese-geschichte-moechte-ich-fortschreiben","status":"publish","type":"post","link":"https:\/\/hub.hslu.ch\/informatik\/diese-geschichte-moechte-ich-fortschreiben\/","title":{"rendered":"\u00abDiese Geschichte m\u00f6chte ich fortschreiben\u00bb"},"content":{"rendered":"\n<p>Von Yasmin Billeter<\/p>\n\n\n\n<p><\/p>\n\n\n\n<p><strong>Frau Hauser, was fasziniert Sie an der Informatik?<\/strong><\/p>\n\n\n\n<p>Die Informatik ist eine Innovationstreiberin. \u00dcberall. In jedem Bereich. Ich weiss nicht, was es Attraktiveres gibt.<\/p>\n\n\n\n<p><strong>Sie waren als Sch\u00fclerin stark in Deutsch und Mathe. Was reizte sie schliesslich am Informatikstudium?<\/strong><\/p>\n\n\n\n<p>Informatik hat viel mit Sprache und Mathematik zu tun. Mich interessierte, wie Programme gebaut werden, zudem gab es in der Informatik viele spannende Jobs und die Branche galt als innovativ. Das machte mich neugierig und so studierte ich Informatik an der ETH.<\/p>\n\n\n\n<p><strong>Was hat Ihnen schliesslich am Studium besonders gefallen?<\/strong><\/p>\n\n\n\n<p>Das Programmieren. Auch die Verbindung von Job und Studium hat mir zugesagt. Heute w\u00e4re ich wohl die klassische berufsbegleitend Studierende. Nach dem Studium bin ich von der Entwicklung ins Consulting eingestiegen. Dies hat mir Zugang zu internationalen, grossen Projekten und technisch komplexen Fragestellungen wie Parallel Computing erm\u00f6glicht.<\/p>\n\n\n\n<blockquote class=\"wp-block-quote is-layout-flow wp-block-quote-is-layout-flow\">\n<p>Wir lehren die neusten Technologien und setzen Trends.<\/p>\n<\/blockquote>\n\n\n\n<p><strong>Sie hatten einen dynamischen Job in der Privatwirtschaft. Was reizte Sie an Ihrem Wechsel ins Bildungswesen an die Fachhochschule Nordwestschweiz (FHNW)?<\/strong><\/p>\n\n\n\n<p>Das sind verschiedene Welten, aber sie haben auch viel Gemeinsames. An der Fachhochschule begeisterte mich die Praxisorientierung und ich lehre gerne. Ich erlebte, wie kompetent Absolventinnen und Absolventen einer Fachhochschule auf dem Arbeitsmarkt agieren und sich einbringen. An der FHNW unterrichtete ich, forschte und wurde Professorin. Zuletzt war ich Leiterin des Studiengangs Informatik.<\/p>\n\n\n\n<p><strong>An der FHNW haben Sie es geschafft, mehr Frauen anzuziehen. Ist das auch ein Ziel f\u00fcr die Hochschule Luzern?<\/strong><\/p>\n\n\n\n<p>An der FHNW haben wir einen Studiengang entwickelt, welcher Informatik mit Design- und Managementkompetenzen verbindet. Frauen machen in diesem Studiengang einen Drittel der Studierenden aus. Die Informatik ist attraktiv f\u00fcr unterschiedliche Zielgruppen, auch f\u00fcr Frauen. Das Team und die Didaktik sind dabei zentral. Auch an der Hochschule Luzern verfolgen wir diese Ziele.<\/p>\n\n\n\n<p><strong>Wie haben Sie pers\u00f6nlich Ihren beruflichen Werdegang in der IT-Branche als Frau erlebt?<\/strong><\/p>\n\n\n\n<p>W\u00e4hrend meines Studiums an der ETH war ich eine von etwa f\u00fcnf Frauen, die Informatik studierten. Dann eine von zwei Softwareentwicklerinnen. Eine Minderheit, trotzdem habe ich mich als Frau nie benachteiligt gef\u00fchlt. Heute habe ich deutlich mehr Kolleginnen um mich und das finde ich gut.<\/p>\n\n\n\n<blockquote class=\"wp-block-quote is-layout-flow wp-block-quote-is-layout-flow\">\n<p>Ich erlebe die Informatik heute farbiger und vielf\u00e4ltiger.<\/p>\n<\/blockquote>\n\n\n\n<p><strong>Haben die bisherigen Massnahmen zur F\u00f6rderung von Frauen in der IT-Branche etwas gebracht?<\/strong><\/p>\n\n\n\n<p>Die verschiedenen Massnahmen als Ganzes zeigen Wirkung. Alle Frauen in der IT tragen dazu bei. Beispielsweise jedes Referat oder Portrait, welches die Informatikerinnen sichtbar macht. Ich hoffe, es werden sich noch viele Menschen f\u00fcr die Vielfalt engagieren. Eines ist klar: Gemischte Teams sind erfolgreicher. Im Vergleich zu vor zehn Jahren erlebe ich die Informatik heute farbiger und vielf\u00e4ltiger.<\/p>\n\n\n\n<p><strong>Wieso sind Sie zur Hochschule Luzern \u2013 Informatik gekommen?<\/strong><\/p>\n\n\n\n<p>Das Departement Informatik ist ein Wurf. Die gesamte Informatik Ausbildung, Weiterbildung und Forschung ist unter einem Dach vereint, bietet Raum zur Entfaltung und einen attraktiven Standort. Diese Geschichte m\u00f6chte ich gerne mit der Ausbildung fortschreiben.<\/p>\n\n\n\n<p><strong>Was sind Ihre Visionen an der Hochschule Luzern \u2013 Informatik?<\/strong><\/p>\n\n\n\n<p>Pers\u00f6nlich sehe ich uns als die Adresse, f\u00fcr eine vielf\u00e4ltige, aktuelle und interdisziplin\u00e4re Informatik-Ausbildung. In Rotkreuz bieten wir Menschen mit unterschiedlichen Hintergr\u00fcnden Zug\u00e4nge und Perspektiven in der Informatik. Wir aktualisieren fortlaufend, lehren die neusten Technologien und setzen Trends. An Ideen und Vorschl\u00e4gen fehlt es nicht, auch bin ich \u00fcberzeugt, dass wir ein gutes Zusammenspiel von Pr\u00e4senz und Online finden. Eine Vision werden wir gemeinsam entwickeln und haben soeben die Einladung f\u00fcr den Visionsprozess an die Mitarbeitenden verschickt. Ich freue mich sehr auf diese Arbeit an unseren Perspektiven.<\/p>\n\n\n\n<blockquote class=\"wp-block-quote is-layout-flow wp-block-quote-is-layout-flow\">\n<p>Im Herbst 2021 werden rund 15 Prozent der Module komplett online angeboten.<\/p>\n<\/blockquote>\n\n\n\n<p><strong>Wie werden die Ausbildungs-Angebote an der Hochschule Luzern \u2013 Informatik bez\u00fcglich Distance Learning n\u00e4chstes Semester aussehen?<\/strong><\/p>\n\n\n\n<p>Im Herbst wird unser Campus wieder belebt sein. Ich freue mich, Studierende und Kolleginnen und Kollegen vor Ort zu treffen. Zugleich werden wir die Herausforderung angehen, eine gute Kombination des Pr\u00e4senz- und Distanz-Lernens zu finden. Im Herbst 2021 werden rund 15 Prozent der Module komplett online angeboten.<\/p>\n\n\n\n<p><strong>Welche p\u00e4dagogisch-didaktischen \u00dcberlegungen macht sich die Hochschule hierzu?<\/strong><\/p>\n\n\n\n<p>Die Hochschule Luzern bleibt eine Pr\u00e4senzhochschule. Aber wir nutzen die aktuelle Entwicklungschance und werden die Online-Lehre k\u00fcnftig miteinbeziehen. Aktuell pr\u00fcfen wir, f\u00fcr welche Situationen welches Format am besten geeignet ist. Beispielsweise kann die reine Wissensvermittlung in Distanz erfolgen, nicht aber die praktische Erfahrung im Networking Lab.<\/p>\n\n\n\n<p><strong>Digitalisierung und Informatik betreffen die gesamte Gesellschaft. Welchen Aspekt finden Sie besonders spannend?<\/strong><\/p>\n\n\n\n<p>Die Verkn\u00fcpfung von Design und Informatik finde ich gesamtgesellschaftlich interessant. Design ist ein T\u00fcr\u00f6ffner und hat die Informatik in den letzten Jahren positiv positioniert, gar zu einem Lifestyle-Produkt gemacht. Erweiterte und virtuelle Realit\u00e4ten, AR und VR, werden diese Entwicklung weitertreiben. Hinter solchen Anwendungen steckt die ganze Technik, beispielsweise spannende Technologien wie im Bereich Artifical Intelligence oder Cyber Security. Diese sind f\u00fcr uns Informatikerinnen und Informatiker genauso interessant.<\/p>\n\n\n\n<blockquote class=\"wp-block-quote is-layout-flow wp-block-quote-is-layout-flow\">\n<p>Als Familie reiten wir auch auf den Wellen am Meer.<\/p>\n<\/blockquote>\n\n\n\n<p><strong>In unserer Serie <\/strong><a href=\"https:\/\/hub.hslu.ch\/informatik\/tag\/mitarbeitende-mit-doppelleben\/\" target=\"_blank\" rel=\"noreferrer noopener\"><strong>\u00abMitarbeitende mit Doppelleben\u00bb<\/strong><\/a><strong> portraitieren wir Mitarbeitende abseits ihrer Arbeit am Departement. Was k\u00f6nnte man \u00fcber Sie in dieser Serie erfahren?<\/strong><\/p>\n\n\n\n<p>\u00dcber mein Doppelleben als \u00abReiterin\u00bb zum Beispiel (lacht). Ich habe ein eigenes Pferd: Lautrec Hill. Die ganze Familie ist Fan davon. Als Familie reiten wir aber auch auf den Wellen am Meer. Es ist unsere gemeinsame Passion. Unsere T\u00f6chter sind neun und sechs Jahre alt. Zum Surfen geh\u00f6rt unser Oldtimer VW-Bus und wir sind dann auch ganz analog unterwegs. Diesen Sommer geht es nach Portugal.<\/p>\n\n\n\n<p><strong>Wie gelingt der Spagat zwischen Familie und Karriere?<\/strong><\/p>\n\n\n\n<p>Der gelingt recht gut. Wir sind eine moderne Familie und alle helfen mit, auch die Grosseltern. Es schlagen zwei Herzen in meiner Brust: Ich liebe meine Familie, ich liebe meine Kinder \u00ad\u2013 sie sind das Gr\u00f6sste! Und ich liebe meinen Job.<\/p>\n\n\n\n<p><strong>Sie haben zwei T\u00f6chter. Wie sensibilisieren Sie sie f\u00fcr die Informatik?<\/strong><\/p>\n\n\n\n<p>Da mein Mann auch Informatiker ist, ist bei uns zu Hause das Angebot vorhanden. Vor allem unsere \u00e4ltere Tochter hat Feuer gefangen. Ihr Thema sind Roboter \u2013 sie hat schon einige davon (lacht). Wir frischen gerade zusammen mit ihr unser Wissen auf.<\/p>\n\n\n\n<p><strong>Wie sieht Ihr erster Arbeitstag an der Hochschule Luzern aus?<\/strong><\/p>\n\n\n\n<p>Am 1. Juli, meinem ersten offiziellen Arbeitstag, werde ich in Rotkreuz im 8. Stock starten, mit einem guten Kaffee und Blick auf die Berge. Ich habe mich am neuen Arbeitsplatz bereits eingerichtet. Nat\u00fcrlich sind auch Treffen mit Mitarbeitenden geplant.<\/p>\n\n\n\n<p><strong>Und wie halten Sie es k\u00fcnftig mit dem Homeoffice?<\/strong><\/p>\n\n\n\n<p>Das Homeoffice hat f\u00fcr mich Vor- und Nachteile. In meinem B\u00fcro zu Hause kann ich effizient arbeiten und gewinne Zeit, da die Anreise wegf\u00e4llt. Zugleich fehlt der Austausch mit Menschen, welcher spontane gemeinsame Ideen entstehen l\u00e4sst. Auch komme ich einfach gern auf den Campus, weil ich diesen als sehr angenehmen Ort zum Arbeiten erlebe. Ich strebe eine gute Kombination an und werde viel vor Ort sein, aber auch Homeoffice-Tage einlegen \u2013 um mal in Ruhe arbeiten zu k\u00f6nnen (lacht).<\/p>\n\n\n\n<p>Publiziert: 1. Juli 2020<\/p>\n\n\n<div class=\"blue-box\">\n\t<div class=\"row\">\n\t\t<div class=\"col-md-12\">\n\t\t\t<p><a href=\"https:\/\/www.hslu.ch\/de-ch\/hochschule-luzern\/ueber-uns\/personensuche\/profile\/?pid=5076\" target=\"_blank\" rel=\"noopener\"><strong>Sarah Hauser<\/strong><\/a> fasziniert, dass die Informatik eine Innovationstreiberin ist und st\u00e4ndig neue L\u00f6sungen m\u00f6glich sind. Seit 1. Juli 2021 ist sie Vizedirektorin und leitet das Ressort Ausbildung am Departement Informatik.<\/p>\n<p><strong>Studieren an der Hochschule Luzern \u2013 Informatik<\/strong><br \/>\n<strong>Bachelor:<\/strong> <a href=\"https:\/\/www.hslu.ch\/de-ch\/informatik\/studium\/bachelor\/artificial-intelligence-and-machine-learning\/\" target=\"_blank\" rel=\"noopener\">Artificial Intelligence &amp; Machine Learning<\/a>, <a href=\"https:\/\/www.hslu.ch\/de-ch\/informatik\/studium\/bachelor\/digital-ideation\/\" target=\"_blank\" rel=\"noopener\">Digital Ideation<\/a>, <a href=\"https:\/\/www.hslu.ch\/de-ch\/informatik\/studium\/bachelor\/informatik\/\" target=\"_blank\" rel=\"noopener\">Informatik<\/a>, <a href=\"https:\/\/www.hslu.ch\/de-ch\/informatik\/studium\/bachelor\/information-and-cyber-security\/\" target=\"_blank\" rel=\"noopener\">Information &amp; Cyber Security<\/a>, <a href=\"https:\/\/www.hslu.ch\/de-ch\/informatik\/studium\/bachelor\/international-it-management\/\" target=\"_blank\" rel=\"noopener\">International IT Management<\/a>, \u00a0<a href=\"https:\/\/www.hslu.ch\/de-ch\/informatik\/studium\/bachelor\/wirtschaftsinformatik\/\" target=\"_blank\" rel=\"noopener\">Wirtschaftsinformatik<\/a><strong><br \/>\nMaster:<\/strong> <a href=\"https:\/\/www.hslu.ch\/de-ch\/informatik\/studium\/master\/computer-science-und-data-science\/\" target=\"_blank\" rel=\"noopener\">Informatik<\/a>, <a href=\"https:\/\/www.hslu.ch\/de-ch\/informatik\/studium\/master\/wirtschaftsinformatik\/\" target=\"_blank\" rel=\"noopener\">Wirtschaftsinformatik<\/a>, <a href=\"https:\/\/www.hslu.ch\/de-ch\/design-kunst\/studium\/master\/master-digital-ideation\/\" target=\"_blank\" rel=\"noopener\">Digital Ideation<\/a><\/p>\n<p><strong>&#8211;&gt; Besuchen Sie unsere<\/strong> (<strong><a href=\"https:\/\/www.hslu.ch\/de-ch\/informatik\/agenda\/veranstaltungen\/#?filters=1621&amp;q=Bachelor\" target=\"_blank\" rel=\"noopener\">Online)-Info-Veranstaltungen<\/a><\/strong><\/p>\n<p><strong>Gef\u00e4llt Ihnen unser Informatik-Blog?<br \/>\n<\/strong>Hier erhalten Sie Tipps und lesen \u00fcber Trends aus der Welt der Informatik. Wir bieten Einsichten in unser Departement und Portr\u00e4ts von IT-Vordenkerinnen, Vision\u00e4ren und spannenden Menschen: <a href=\"https:\/\/hub.hslu.ch\/informatik\/#newsletter\" target=\"_blank\" rel=\"noopener\">Abonnieren Sie jetzt unseren Blog<\/a>!<\/p>\n\t\t<\/div>\n\t<\/div>\n<\/div>\n\n\n\n<p><\/p>\n","protected":false},"excerpt":{"rendered":"<p>\u00abDas Departement Informatik ist ein Wurf\u00bb, sagt die neue Vizedirektorin Sarah Hauser. Die Informatik-Professorin leitet neu das Ressort Ausbildung. Sie m\u00f6chte daf\u00fcr sorgen, dass die Informatik-Ausbildung noch vielf\u00e4ltiger und attraktiver wird. Im Interview spricht sie \u00fcber ihre Visionen und ihr Doppelleben als (Wellen-) Reiterin.<\/p>\n","protected":false},"author":4,"featured_media":12683,"comment_status":"open","ping_status":"closed","sticky":false,"template":"","format":"standard","meta":{"_acf_changed":false,"inline_featured_image":false,"_relevanssi_hide_post":"","_relevanssi_hide_content":"","_relevanssi_pin_for_all":"","_relevanssi_pin_keywords":"","_relevanssi_unpin_keywords":"","_relevanssi_related_keywords":"","_relevanssi_related_include_ids":"","_relevanssi_related_exclude_ids":"","_relevanssi_related_no_append":"","_relevanssi_related_not_related":"","_relevanssi_related_posts":"19246,19271,19170,19142,19069,19000","_relevanssi_noindex_reason":"","footnotes":"","_links_to":"","_links_to_target":""},"categories":[4678],"tags":[1194,653651],"class_list":["post-12682","post","type-post","status-publish","format-standard","has-post-thumbnail","hentry","category-informatik","tag-frauen-informatik","tag-workhslu_i"],"acf":[],"yoast_head":"<!-- This site is optimized with the Yoast SEO plugin v27.5 - https:\/\/yoast.com\/product\/yoast-seo-wordpress\/ -->\n<title>\u00abDiese Geschichte m\u00f6chte ich fortschreiben\u00bb - Informatik an der Hochschule Luzern<\/title>\n<meta name=\"description\" content=\"\u00abDas Departement Informatik ist ein Wurf\u00bb, sagt die neue Vizedirektorin Sarah Hauser. Die Informatik-Professorin leitet neu das Ressort Ausbildung. Sie m\u00f6chte daf\u00fcr sorgen, dass die Informatik-Ausbildung noch vielf\u00e4ltiger und attraktiver wird. Im Interview spricht sie \u00fcber ihre Visionen und ihr Doppelleben als (Wellen-) Reiterin. %\" \/>\n<meta name=\"robots\" content=\"index, follow, max-snippet:-1, max-image-preview:large, max-video-preview:-1\" \/>\n<link rel=\"canonical\" href=\"https:\/\/hub.hslu.ch\/informatik\/diese-geschichte-moechte-ich-fortschreiben\/\" \/>\n<meta property=\"og:locale\" content=\"de_DE\" \/>\n<meta property=\"og:type\" content=\"article\" \/>\n<meta property=\"og:title\" content=\"\u00abDiese Geschichte m\u00f6chte ich fortschreiben\u00bb - Informatik an der Hochschule Luzern\" \/>\n<meta property=\"og:description\" content=\"\u00abDas Departement Informatik ist ein Wurf\u00bb, sagt die neue Vizedirektorin Sarah Hauser. Die Informatik-Professorin leitet neu das Ressort Ausbildung. Sie m\u00f6chte daf\u00fcr sorgen, dass die Informatik-Ausbildung noch vielf\u00e4ltiger und attraktiver wird. Im Interview spricht sie \u00fcber ihre Visionen und ihr Doppelleben als (Wellen-) Reiterin. %\" \/>\n<meta property=\"og:url\" content=\"https:\/\/hub.hslu.ch\/informatik\/diese-geschichte-moechte-ich-fortschreiben\/\" \/>\n<meta property=\"og:site_name\" content=\"Informatik an der Hochschule Luzern\" \/>\n<meta property=\"article:published_time\" content=\"2021-07-01T09:31:15+00:00\" \/>\n<meta property=\"article:modified_time\" content=\"2026-02-06T14:21:53+00:00\" \/>\n<meta property=\"og:image\" content=\"https:\/\/hub.hslu.ch\/informatik\/wp-content\/blogs.dir\/632\/files\/sites\/3\/Sarah-Hauser.jpg\" \/>\n\t<meta property=\"og:image:width\" content=\"2048\" \/>\n\t<meta property=\"og:image:height\" content=\"1363\" \/>\n\t<meta property=\"og:image:type\" content=\"image\/jpeg\" \/>\n<meta name=\"author\" content=\"Yasmin Billeter\" \/>\n<meta name=\"twitter:card\" content=\"summary_large_image\" \/>\n<meta name=\"twitter:creator\" content=\"@weitertanzen\" \/>\n<meta name=\"twitter:label1\" content=\"Geschrieben von\" \/>\n\t<meta name=\"twitter:data1\" content=\"Yasmin Billeter\" \/>\n\t<meta name=\"twitter:label2\" content=\"Gesch\u00e4tzte Lesezeit\" \/>\n\t<meta name=\"twitter:data2\" content=\"7\u00a0Minuten\" \/>\n<script type=\"application\/ld+json\" class=\"yoast-schema-graph\">{\"@context\":\"https:\\\/\\\/schema.org\",\"@graph\":[{\"@type\":[\"Article\",\"BlogPosting\"],\"@id\":\"https:\\\/\\\/hub.hslu.ch\\\/informatik\\\/diese-geschichte-moechte-ich-fortschreiben\\\/#article\",\"isPartOf\":{\"@id\":\"https:\\\/\\\/hub.hslu.ch\\\/informatik\\\/diese-geschichte-moechte-ich-fortschreiben\\\/\"},\"author\":{\"name\":\"Yasmin Billeter\",\"@id\":\"https:\\\/\\\/hub.hslu.ch\\\/informatik\\\/#\\\/schema\\\/person\\\/812dcf123b47ed2e36ce795218a6564f\"},\"headline\":\"\u00abDiese Geschichte m\u00f6chte ich fortschreiben\u00bb\",\"datePublished\":\"2021-07-01T09:31:15+00:00\",\"dateModified\":\"2026-02-06T14:21:53+00:00\",\"mainEntityOfPage\":{\"@id\":\"https:\\\/\\\/hub.hslu.ch\\\/informatik\\\/diese-geschichte-moechte-ich-fortschreiben\\\/\"},\"wordCount\":1162,\"commentCount\":1,\"image\":{\"@id\":\"https:\\\/\\\/hub.hslu.ch\\\/informatik\\\/diese-geschichte-moechte-ich-fortschreiben\\\/#primaryimage\"},\"thumbnailUrl\":\"https:\\\/\\\/hub.hslu.ch\\\/informatik\\\/wp-content\\\/blogs.dir\\\/632\\\/files\\\/sites\\\/3\\\/Sarah-Hauser.jpg\",\"keywords\":[\"Frauen in der Informatik\",\"work@hslu_i\"],\"articleSection\":[\"Studium\"],\"inLanguage\":\"de-CH\",\"potentialAction\":[{\"@type\":\"CommentAction\",\"name\":\"Comment\",\"target\":[\"https:\\\/\\\/hub.hslu.ch\\\/informatik\\\/diese-geschichte-moechte-ich-fortschreiben\\\/#respond\"]}]},{\"@type\":[\"WebPage\",\"ItemPage\"],\"@id\":\"https:\\\/\\\/hub.hslu.ch\\\/informatik\\\/diese-geschichte-moechte-ich-fortschreiben\\\/\",\"url\":\"https:\\\/\\\/hub.hslu.ch\\\/informatik\\\/diese-geschichte-moechte-ich-fortschreiben\\\/\",\"name\":\"\u00abDiese Geschichte m\u00f6chte ich fortschreiben\u00bb - Informatik an der Hochschule Luzern\",\"isPartOf\":{\"@id\":\"https:\\\/\\\/hub.hslu.ch\\\/informatik\\\/#website\"},\"primaryImageOfPage\":{\"@id\":\"https:\\\/\\\/hub.hslu.ch\\\/informatik\\\/diese-geschichte-moechte-ich-fortschreiben\\\/#primaryimage\"},\"image\":{\"@id\":\"https:\\\/\\\/hub.hslu.ch\\\/informatik\\\/diese-geschichte-moechte-ich-fortschreiben\\\/#primaryimage\"},\"thumbnailUrl\":\"https:\\\/\\\/hub.hslu.ch\\\/informatik\\\/wp-content\\\/blogs.dir\\\/632\\\/files\\\/sites\\\/3\\\/Sarah-Hauser.jpg\",\"datePublished\":\"2021-07-01T09:31:15+00:00\",\"dateModified\":\"2026-02-06T14:21:53+00:00\",\"author\":{\"@id\":\"https:\\\/\\\/hub.hslu.ch\\\/informatik\\\/#\\\/schema\\\/person\\\/812dcf123b47ed2e36ce795218a6564f\"},\"description\":\"\u00abDas Departement Informatik ist ein Wurf\u00bb, sagt die neue Vizedirektorin Sarah Hauser. Die Informatik-Professorin leitet neu das Ressort Ausbildung. Sie m\u00f6chte daf\u00fcr sorgen, dass die Informatik-Ausbildung noch vielf\u00e4ltiger und attraktiver wird. Im Interview spricht sie \u00fcber ihre Visionen und ihr Doppelleben als (Wellen-) Reiterin. %\",\"breadcrumb\":{\"@id\":\"https:\\\/\\\/hub.hslu.ch\\\/informatik\\\/diese-geschichte-moechte-ich-fortschreiben\\\/#breadcrumb\"},\"inLanguage\":\"de-CH\",\"potentialAction\":[{\"@type\":\"ReadAction\",\"target\":[\"https:\\\/\\\/hub.hslu.ch\\\/informatik\\\/diese-geschichte-moechte-ich-fortschreiben\\\/\"]}]},{\"@type\":\"ImageObject\",\"inLanguage\":\"de-CH\",\"@id\":\"https:\\\/\\\/hub.hslu.ch\\\/informatik\\\/diese-geschichte-moechte-ich-fortschreiben\\\/#primaryimage\",\"url\":\"https:\\\/\\\/hub.hslu.ch\\\/informatik\\\/wp-content\\\/blogs.dir\\\/632\\\/files\\\/sites\\\/3\\\/Sarah-Hauser.jpg\",\"contentUrl\":\"https:\\\/\\\/hub.hslu.ch\\\/informatik\\\/wp-content\\\/blogs.dir\\\/632\\\/files\\\/sites\\\/3\\\/Sarah-Hauser.jpg\",\"width\":2048,\"height\":1363,\"caption\":\"Sarah Hauser ist ab 1. Juli Vizedirektorin und leitet das Ressort Ausbildung am Departement Informatik. Sie sagt: \u00abIch sehe uns als die Adresse, f\u00fcr eine vielf\u00e4ltige, aktuelle und interdisziplin\u00e4re Informatik-Ausbildung.\u00bb\"},{\"@type\":\"BreadcrumbList\",\"@id\":\"https:\\\/\\\/hub.hslu.ch\\\/informatik\\\/diese-geschichte-moechte-ich-fortschreiben\\\/#breadcrumb\",\"itemListElement\":[{\"@type\":\"ListItem\",\"position\":1,\"name\":\"Home\",\"item\":\"https:\\\/\\\/hub.hslu.ch\\\/informatik\\\/\"},{\"@type\":\"ListItem\",\"position\":2,\"name\":\"\u00abDiese Geschichte m\u00f6chte ich fortschreiben\u00bb\"}]},{\"@type\":\"WebSite\",\"@id\":\"https:\\\/\\\/hub.hslu.ch\\\/informatik\\\/#website\",\"url\":\"https:\\\/\\\/hub.hslu.ch\\\/informatik\\\/\",\"name\":\"Informatik an der Hochschule Luzern\",\"description\":\"Der offizielle Blog der Hochschule Luzern \u2013 Informatik\",\"potentialAction\":[{\"@type\":\"SearchAction\",\"target\":{\"@type\":\"EntryPoint\",\"urlTemplate\":\"https:\\\/\\\/hub.hslu.ch\\\/informatik\\\/?s={search_term_string}\"},\"query-input\":{\"@type\":\"PropertyValueSpecification\",\"valueRequired\":true,\"valueName\":\"search_term_string\"}}],\"inLanguage\":\"de-CH\"},{\"@type\":\"Person\",\"@id\":\"https:\\\/\\\/hub.hslu.ch\\\/informatik\\\/#\\\/schema\\\/person\\\/812dcf123b47ed2e36ce795218a6564f\",\"name\":\"Yasmin Billeter\",\"description\":\"Verantwortlich f\u00fcr den Informatik-Blog der Hochschule Luzern. Hier geben wir Tipps &amp; Neuigkeiten aus der Welt der IT, portr\u00e4tieren Menschen und schreiben \u00fcber Technologien, welche die HSLU \u2013 I mitpr\u00e4gen.\",\"sameAs\":[\"https:\\\/\\\/www.linkedin.com\\\/in\\\/yasmin-billeter\\\/\",\"https:\\\/\\\/x.com\\\/weitertanzen\"]}]}<\/script>\n<!-- \/ Yoast SEO plugin. -->","yoast_head_json":{"title":"\u00abDiese Geschichte m\u00f6chte ich fortschreiben\u00bb - Informatik an der Hochschule Luzern","description":"\u00abDas Departement Informatik ist ein Wurf\u00bb, sagt die neue Vizedirektorin Sarah Hauser. Die Informatik-Professorin leitet neu das Ressort Ausbildung. Sie m\u00f6chte daf\u00fcr sorgen, dass die Informatik-Ausbildung noch vielf\u00e4ltiger und attraktiver wird. Im Interview spricht sie \u00fcber ihre Visionen und ihr Doppelleben als (Wellen-) Reiterin. %","robots":{"index":"index","follow":"follow","max-snippet":"max-snippet:-1","max-image-preview":"max-image-preview:large","max-video-preview":"max-video-preview:-1"},"canonical":"https:\/\/hub.hslu.ch\/informatik\/diese-geschichte-moechte-ich-fortschreiben\/","og_locale":"de_DE","og_type":"article","og_title":"\u00abDiese Geschichte m\u00f6chte ich fortschreiben\u00bb - Informatik an der Hochschule Luzern","og_description":"\u00abDas Departement Informatik ist ein Wurf\u00bb, sagt die neue Vizedirektorin Sarah Hauser. Die Informatik-Professorin leitet neu das Ressort Ausbildung. Sie m\u00f6chte daf\u00fcr sorgen, dass die Informatik-Ausbildung noch vielf\u00e4ltiger und attraktiver wird. Im Interview spricht sie \u00fcber ihre Visionen und ihr Doppelleben als (Wellen-) Reiterin. %","og_url":"https:\/\/hub.hslu.ch\/informatik\/diese-geschichte-moechte-ich-fortschreiben\/","og_site_name":"Informatik an der Hochschule Luzern","article_published_time":"2021-07-01T09:31:15+00:00","article_modified_time":"2026-02-06T14:21:53+00:00","og_image":[{"width":2048,"height":1363,"url":"https:\/\/hub.hslu.ch\/informatik\/wp-content\/blogs.dir\/632\/files\/sites\/3\/Sarah-Hauser.jpg","type":"image\/jpeg"}],"author":"Yasmin Billeter","twitter_card":"summary_large_image","twitter_creator":"@weitertanzen","twitter_misc":{"Geschrieben von":"Yasmin Billeter","Gesch\u00e4tzte Lesezeit":"7\u00a0Minuten"},"schema":{"@context":"https:\/\/schema.org","@graph":[{"@type":["Article","BlogPosting"],"@id":"https:\/\/hub.hslu.ch\/informatik\/diese-geschichte-moechte-ich-fortschreiben\/#article","isPartOf":{"@id":"https:\/\/hub.hslu.ch\/informatik\/diese-geschichte-moechte-ich-fortschreiben\/"},"author":{"name":"Yasmin Billeter","@id":"https:\/\/hub.hslu.ch\/informatik\/#\/schema\/person\/812dcf123b47ed2e36ce795218a6564f"},"headline":"\u00abDiese Geschichte m\u00f6chte ich fortschreiben\u00bb","datePublished":"2021-07-01T09:31:15+00:00","dateModified":"2026-02-06T14:21:53+00:00","mainEntityOfPage":{"@id":"https:\/\/hub.hslu.ch\/informatik\/diese-geschichte-moechte-ich-fortschreiben\/"},"wordCount":1162,"commentCount":1,"image":{"@id":"https:\/\/hub.hslu.ch\/informatik\/diese-geschichte-moechte-ich-fortschreiben\/#primaryimage"},"thumbnailUrl":"https:\/\/hub.hslu.ch\/informatik\/wp-content\/blogs.dir\/632\/files\/sites\/3\/Sarah-Hauser.jpg","keywords":["Frauen in der Informatik","work@hslu_i"],"articleSection":["Studium"],"inLanguage":"de-CH","potentialAction":[{"@type":"CommentAction","name":"Comment","target":["https:\/\/hub.hslu.ch\/informatik\/diese-geschichte-moechte-ich-fortschreiben\/#respond"]}]},{"@type":["WebPage","ItemPage"],"@id":"https:\/\/hub.hslu.ch\/informatik\/diese-geschichte-moechte-ich-fortschreiben\/","url":"https:\/\/hub.hslu.ch\/informatik\/diese-geschichte-moechte-ich-fortschreiben\/","name":"\u00abDiese Geschichte m\u00f6chte ich fortschreiben\u00bb - Informatik an der Hochschule Luzern","isPartOf":{"@id":"https:\/\/hub.hslu.ch\/informatik\/#website"},"primaryImageOfPage":{"@id":"https:\/\/hub.hslu.ch\/informatik\/diese-geschichte-moechte-ich-fortschreiben\/#primaryimage"},"image":{"@id":"https:\/\/hub.hslu.ch\/informatik\/diese-geschichte-moechte-ich-fortschreiben\/#primaryimage"},"thumbnailUrl":"https:\/\/hub.hslu.ch\/informatik\/wp-content\/blogs.dir\/632\/files\/sites\/3\/Sarah-Hauser.jpg","datePublished":"2021-07-01T09:31:15+00:00","dateModified":"2026-02-06T14:21:53+00:00","author":{"@id":"https:\/\/hub.hslu.ch\/informatik\/#\/schema\/person\/812dcf123b47ed2e36ce795218a6564f"},"description":"\u00abDas Departement Informatik ist ein Wurf\u00bb, sagt die neue Vizedirektorin Sarah Hauser. Die Informatik-Professorin leitet neu das Ressort Ausbildung. Sie m\u00f6chte daf\u00fcr sorgen, dass die Informatik-Ausbildung noch vielf\u00e4ltiger und attraktiver wird. Im Interview spricht sie \u00fcber ihre Visionen und ihr Doppelleben als (Wellen-) Reiterin. %","breadcrumb":{"@id":"https:\/\/hub.hslu.ch\/informatik\/diese-geschichte-moechte-ich-fortschreiben\/#breadcrumb"},"inLanguage":"de-CH","potentialAction":[{"@type":"ReadAction","target":["https:\/\/hub.hslu.ch\/informatik\/diese-geschichte-moechte-ich-fortschreiben\/"]}]},{"@type":"ImageObject","inLanguage":"de-CH","@id":"https:\/\/hub.hslu.ch\/informatik\/diese-geschichte-moechte-ich-fortschreiben\/#primaryimage","url":"https:\/\/hub.hslu.ch\/informatik\/wp-content\/blogs.dir\/632\/files\/sites\/3\/Sarah-Hauser.jpg","contentUrl":"https:\/\/hub.hslu.ch\/informatik\/wp-content\/blogs.dir\/632\/files\/sites\/3\/Sarah-Hauser.jpg","width":2048,"height":1363,"caption":"Sarah Hauser ist ab 1. Juli Vizedirektorin und leitet das Ressort Ausbildung am Departement Informatik. Sie sagt: \u00abIch sehe uns als die Adresse, f\u00fcr eine vielf\u00e4ltige, aktuelle und interdisziplin\u00e4re Informatik-Ausbildung.\u00bb"},{"@type":"BreadcrumbList","@id":"https:\/\/hub.hslu.ch\/informatik\/diese-geschichte-moechte-ich-fortschreiben\/#breadcrumb","itemListElement":[{"@type":"ListItem","position":1,"name":"Home","item":"https:\/\/hub.hslu.ch\/informatik\/"},{"@type":"ListItem","position":2,"name":"\u00abDiese Geschichte m\u00f6chte ich fortschreiben\u00bb"}]},{"@type":"WebSite","@id":"https:\/\/hub.hslu.ch\/informatik\/#website","url":"https:\/\/hub.hslu.ch\/informatik\/","name":"Informatik an der Hochschule Luzern","description":"Der offizielle Blog der Hochschule Luzern \u2013 Informatik","potentialAction":[{"@type":"SearchAction","target":{"@type":"EntryPoint","urlTemplate":"https:\/\/hub.hslu.ch\/informatik\/?s={search_term_string}"},"query-input":{"@type":"PropertyValueSpecification","valueRequired":true,"valueName":"search_term_string"}}],"inLanguage":"de-CH"},{"@type":"Person","@id":"https:\/\/hub.hslu.ch\/informatik\/#\/schema\/person\/812dcf123b47ed2e36ce795218a6564f","name":"Yasmin Billeter","description":"Verantwortlich f\u00fcr den Informatik-Blog der Hochschule Luzern. Hier geben wir Tipps &amp; Neuigkeiten aus der Welt der IT, portr\u00e4tieren Menschen und schreiben \u00fcber Technologien, welche die HSLU \u2013 I mitpr\u00e4gen.","sameAs":["https:\/\/www.linkedin.com\/in\/yasmin-billeter\/","https:\/\/x.com\/weitertanzen"]}]}},"featured_image_src":"https:\/\/hub.hslu.ch\/informatik\/wp-content\/blogs.dir\/632\/files\/sites\/3\/Sarah-Hauser.jpg","featured_image_src_square":"https:\/\/hub.hslu.ch\/informatik\/wp-content\/blogs.dir\/632\/files\/sites\/3\/Sarah-Hauser.jpg","author_info":{"display_name":"Yasmin Billeter","author_link":"https:\/\/hub.hslu.ch\/informatik\/author\/yasminbilleter\/"},"_links":{"self":[{"href":"https:\/\/hub.hslu.ch\/informatik\/wp-json\/wp\/v2\/posts\/12682","targetHints":{"allow":["GET"]}}],"collection":[{"href":"https:\/\/hub.hslu.ch\/informatik\/wp-json\/wp\/v2\/posts"}],"about":[{"href":"https:\/\/hub.hslu.ch\/informatik\/wp-json\/wp\/v2\/types\/post"}],"author":[{"embeddable":true,"href":"https:\/\/hub.hslu.ch\/informatik\/wp-json\/wp\/v2\/users\/4"}],"replies":[{"embeddable":true,"href":"https:\/\/hub.hslu.ch\/informatik\/wp-json\/wp\/v2\/comments?post=12682"}],"version-history":[{"count":35,"href":"https:\/\/hub.hslu.ch\/informatik\/wp-json\/wp\/v2\/posts\/12682\/revisions"}],"predecessor-version":[{"id":26516,"href":"https:\/\/hub.hslu.ch\/informatik\/wp-json\/wp\/v2\/posts\/12682\/revisions\/26516"}],"wp:featuredmedia":[{"embeddable":true,"href":"https:\/\/hub.hslu.ch\/informatik\/wp-json\/wp\/v2\/media\/12683"}],"wp:attachment":[{"href":"https:\/\/hub.hslu.ch\/informatik\/wp-json\/wp\/v2\/media?parent=12682"}],"wp:term":[{"taxonomy":"category","embeddable":true,"href":"https:\/\/hub.hslu.ch\/informatik\/wp-json\/wp\/v2\/categories?post=12682"},{"taxonomy":"post_tag","embeddable":true,"href":"https:\/\/hub.hslu.ch\/informatik\/wp-json\/wp\/v2\/tags?post=12682"}],"curies":[{"name":"wp","href":"https:\/\/api.w.org\/{rel}","templated":true}]}}