{"id":19328,"date":"2023-03-21T08:35:25","date_gmt":"2023-03-21T07:35:25","guid":{"rendered":"https:\/\/hub.hslu.ch\/informatik\/?p=19328"},"modified":"2026-02-10T10:17:43","modified_gmt":"2026-02-10T09:17:43","slug":"weiterbildung-weiterdenken-ueber-den-tellerrand-hinaus","status":"publish","type":"post","link":"https:\/\/hub.hslu.ch\/informatik\/weiterbildung-weiterdenken-ueber-den-tellerrand-hinaus\/","title":{"rendered":"Weiterbildung weiterdenken: \u00ab\u00dcber den Tellerrand hinaus\u00bb"},"content":{"rendered":"\n<p><\/p>\n\n\n\n<p>Von <a href=\"https:\/\/www.hslu.ch\/de-ch\/hochschule-luzern\/ueber-uns\/personensuche\/profile\/?pid=4745\" target=\"_blank\" rel=\"noreferrer noopener\">Gabriela Bonin<\/a><\/p>\n\n\n\n<p><strong>Frau Sury, Sie bieten in der Weiterbildung immer mehr neue Produkte an. Welche Neuerungen freuen Sie derzeit besonders?<\/strong><\/p>\n\n\n\n<p><a href=\"https:\/\/www.hslu.ch\/de-ch\/hochschule-luzern\/ueber-uns\/personensuche\/profile\/?pid=252\" target=\"_blank\" rel=\"noreferrer noopener\">Ursula Sury<\/a>: Das Department Informatik wird immer sichtbarer. Wir k\u00f6nnen immer vernetzter arbeiten: Ausw\u00e4rtige Bildungsinstitute und Organisationen aus der Privatwirtschaft interessieren sich zunehmend f\u00fcr unser digitales Fachwissen, weil die Digitalisierung \u00fcberall Einzug h\u00e4lt. Darum entstehen neue Kooperationen. So freut es mich zum Beispiel, dass die Universit\u00e4t Luzern wegen unserer spezifischen Fachexpertise auf uns zugekommen ist. Das f\u00fchrte zu einer Zusammenarbeit im Weiterbildungsbereich.<\/p>\n\n\n\n<p><strong>Sie sprechen das neue <\/strong><a href=\"https:\/\/www.hslu.ch\/de-ch\/informatik\/weiterbildung\/applied-data-intelligence\/cas-artificial-intelligence-management-for-business-value\/\" target=\"_blank\" rel=\"noreferrer noopener\"><strong>CAS Artificial Intelligence Management for Business Value<\/strong><\/a><strong> an, das Sie zusammen mit der Uni Luzern anbieten. Welche Rolle spielt das Informatik-Departement dabei?<\/strong><\/p>\n\n\n\n<p>Die Universit\u00e4t bietet das CAS an, unsere AI-Expertin <a href=\"https:\/\/www.hslu.ch\/de-ch\/hochschule-luzern\/ueber-uns\/personensuche\/profile\/?pid=1275\" target=\"_blank\" rel=\"noreferrer noopener\">Jana Koehler<\/a> bringt als Co-Programmleiterin und Informatik-Professorin ihr Fachwissen ein. Sie arbeitet eng mit dem Studiengangleiter <a href=\"https:\/\/www.unilu.ch\/fakultaeten\/wf\/professuren\/prof-dr-leif-brandes\/#tab=c64303\" target=\"_blank\" rel=\"noreferrer noopener\">Leif Brandes<\/a> zusammen. Dieser wiederum ist Ordentlicher Professor f\u00fcr Marketing &amp; Strategie an der wirtschaftswissenschaftlichen Fakult\u00e4t der Uni Luzern.<\/p>\n\n\n\n<figure class=\"wp-block-image size-large\"><a href=\"https:\/\/hub.hslu.ch\/informatik\/wp-content\/blogs.dir\/632\/files\/sites\/3\/Departement-Informatik-TM-0228_CAS-AIM.jpg\"><img loading=\"lazy\" decoding=\"async\" width=\"1024\" height=\"739\" src=\"https:\/\/hub.hslu.ch\/informatik\/wp-content\/blogs.dir\/632\/files\/sites\/3\/Departement-Informatik-TM-0228_CAS-AIM-1024x739.jpg\" alt=\"\" class=\"wp-image-19348\" srcset=\"https:\/\/hub.hslu.ch\/informatik\/wp-content\/blogs.dir\/632\/files\/sites\/3\/Departement-Informatik-TM-0228_CAS-AIM-1024x739.jpg 1024w, https:\/\/hub.hslu.ch\/informatik\/wp-content\/blogs.dir\/632\/files\/sites\/3\/Departement-Informatik-TM-0228_CAS-AIM-300x217.jpg 300w, https:\/\/hub.hslu.ch\/informatik\/wp-content\/blogs.dir\/632\/files\/sites\/3\/Departement-Informatik-TM-0228_CAS-AIM-768x554.jpg 768w, https:\/\/hub.hslu.ch\/informatik\/wp-content\/blogs.dir\/632\/files\/sites\/3\/Departement-Informatik-TM-0228_CAS-AIM-928x670.jpg 928w, https:\/\/hub.hslu.ch\/informatik\/wp-content\/blogs.dir\/632\/files\/sites\/3\/Departement-Informatik-TM-0228_CAS-AIM.jpg 1205w\" sizes=\"auto, (max-width: 1024px) 100vw, 1024px\" \/><\/a><figcaption class=\"wp-element-caption\">Neue Kooperation mit der Universit\u00e4t Luzern: Im neuen CAS AI Management for Business Value kooperieren Jana Koehler von der Hochschule Luzern \u2013 Informatik und Leif Brandes von der Uni Luzern.<\/figcaption><\/figure>\n\n\n\n<p><strong>Wie kommt eine derartige Kooperation den Weiterbildungs-Teilnehmenden zugute?<\/strong><br><br>Die CAS-Teilnehmenden profitieren dank dieser engen Zusammenarbeit: Sie erhalten ein strategisches Methoden-Portfolio, welches sich in der Praxis bew\u00e4hrt hat und durch die neuesten wissenschaftlichen Erkenntnisse erg\u00e4nzt wird.&nbsp;<\/p>\n\n\n\n<p><strong>Warum begr\u00fcssen Sie Kooperationen und interdisziplin\u00e4re Zusammenarbeit?<\/strong><\/p>\n\n\n\n<p>Die Problemstellungen der Praxis sind heute immer interdisziplin\u00e4r. Ohne Zusammenarbeit k\u00f6nnen wir keine attraktiven und bed\u00fcrfnisgerechten Weiterbildungen anbieten. Zudem ergeben sich dank und \u00fcber Zusammenarbeitsformen neue Synergien. Interdisziplinarit\u00e4t und folglich Zusammenarbeit ist auch ein strategisches Ziel unseres Departements.<\/p>\n\n\n\n<p><strong>Stehen weitere neue Kooperationen an?<\/strong><\/p>\n\n\n\n<p>Ja, die Universit\u00e4t Liechtenstein ist auf uns zugekommen. Ab Herbst 2023 kooperieren wir im <a href=\"https:\/\/www.hslu.ch\/de-ch\/informatik\/weiterbildung\/digital-business-innovation\/das-digital-business-leader\/\" target=\"_blank\" rel=\"noreferrer noopener\">DAS Digital Business Leader<\/a> mit der <a href=\"https:\/\/www.uni.li\/de\/universitaet\/schools\/liechtenstein-business-school\/liechtenstein-business-school\" target=\"_blank\" rel=\"noreferrer noopener\">Liechtenstein Business School<\/a>, die dieses DAS neu anbietet.  <a href=\"https:\/\/www.hslu.ch\/de-ch\/informatik\/ueber-uns\/kooperationen-mitgliedschaften\" target=\"_blank\" rel=\"noreferrer noopener\">Neue Kooperationen<\/a> entstehen nicht nur im Zusammenhang mit neuen CAS. Wir vernetzen uns auch zunehmend mit Partnerinnen und Partnern aus der Wirtschaft und der Industrie sowie innerhalb von Fach-Communities und Verb\u00e4nden.<br><br>Darunter ist zum Beispiel der Verein <a href=\"https:\/\/hub.hslu.ch\/informatik\/neue-datenschutz-community\/\" target=\"_blank\" rel=\"noreferrer noopener\">Data Privacy Community<\/a>, den ich einst initiiert habe. Wie all unsere Communities bietet er eine niederschwellige praxisbezogene Gemeinschaft. Man pflegt den Fachaustausch auf Augenh\u00f6he und bildet sich stetig weiter \u2013 dank Crowdsourcing-Prinzip.<\/p>\n\n\n\n<figure class=\"wp-block-image size-full\"><a href=\"https:\/\/hub.hslu.ch\/informatik\/wp-content\/blogs.dir\/632\/files\/sites\/3\/Grafik-HSLU-1.jpg\"><img loading=\"lazy\" decoding=\"async\" width=\"788\" height=\"447\" src=\"https:\/\/hub.hslu.ch\/informatik\/wp-content\/blogs.dir\/632\/files\/sites\/3\/Grafik-HSLU-1.jpg\" alt=\"\" class=\"wp-image-19331\" srcset=\"https:\/\/hub.hslu.ch\/informatik\/wp-content\/blogs.dir\/632\/files\/sites\/3\/Grafik-HSLU-1.jpg 788w, https:\/\/hub.hslu.ch\/informatik\/wp-content\/blogs.dir\/632\/files\/sites\/3\/Grafik-HSLU-1-300x170.jpg 300w, https:\/\/hub.hslu.ch\/informatik\/wp-content\/blogs.dir\/632\/files\/sites\/3\/Grafik-HSLU-1-768x436.jpg 768w\" sizes=\"auto, (max-width: 788px) 100vw, 788px\" \/><\/a><figcaption class=\"wp-element-caption\">Immer mehr andere Bildungsinstitute interessieren sich f\u00fcr das Fachwissen der Hochschule Luzern \u2013 Informatik. Denn: \u00abEin bisschen i tut allen gut.\u00bb: Illustration aus einem aktuellen Visions-Workshop des Informatik-Departements. (Bild:&nbsp;<a href=\"https:\/\/jonasraeber.com\/jonasraeber-work-in-progress.html\" target=\"_blank\" rel=\"noreferrer noopener\">Jonas Raeber<\/a>)<\/figcaption><\/figure>\n\n\n\n<p><strong>Das Departement Informatik <\/strong><a href=\"https:\/\/hub.hslu.ch\/informatik\/5-jahre-jubliaeum-neues-informatik-departement-chance-gepackt\/\" target=\"_blank\" rel=\"noreferrer noopener\"><strong>w\u00e4chst stetig<\/strong><\/a><strong>. Wie halten Sie diese Dynamik weiterhin aufrecht?<\/strong><\/p>\n\n\n\n<p>Indem wir den innovativen Geist unseres Departements bewusst pflegen. Wenn Organisationen derart wachsen, m\u00fcssen zudem die Verantwortlichkeiten klar geregelt sein. Darum habe ich den Bereich Weiterbildung im vergangenen Jahr neu organisiert. Diese neue agile Organisation haben wir seit knapp einem Jahr. Ich erwarte, dass sie sich nun gut installiert.<\/p>\n\n\n\n<p>Wir bieten inzwischen \u00fcber 80 Produkte an. Bislang waren diese in vier Bereiche unterteilt, die mir unterstellt waren. Neu habe ich daraus <a href=\"https:\/\/www.hslu.ch\/de-ch\/informatik\/weiterbildung\/\" target=\"_blank\" rel=\"noreferrer noopener\">sechs Themenfelder<\/a> definiert, die einer Themenfeldverantwortung unterstehen. Diese erf\u00fcllen \u00e4hnliche Aufgaben, wie sie beispielsweise an gewissen Universit\u00e4ten die Kompetenzzentren verantworten.<\/p>\n\n\n\n<p><strong>Sie haben die Arbeit also auf mehr K\u00f6pfe verteilt und diesen neue Kompetenzen verliehen?<\/strong><\/p>\n\n\n\n<p>Ja, die Themenverantwortlichen arbeiten sehr eigenst\u00e4ndig. Ich schreibe ihnen nicht vor, wie sie ihre Arbeit erledigen sollen. Wir definieren zusammen die Ziele \u2013 und sie setzen sie um. Die Themenfeldverantwortlichen sind f\u00fcr ihre einzelnen Programme und Angebote selbst verantwortlich: von unseren <a href=\"https:\/\/www.hslu.ch\/de-ch\/informatik\/agenda\/veranstaltungen\/#?filters=1621\" target=\"_blank\" rel=\"noreferrer noopener\">Veranstaltungen<\/a> \u00fcber unsere <a href=\"https:\/\/www.hslu.ch\/de-ch\/informatik\/weiterbildung\/smart-steps\/\" target=\"_blank\" rel=\"noreferrer noopener\">Fachkurse und Seminare, den Smart Steps<\/a>, bis hin zu <a href=\"https:\/\/www.hslu.ch\/de-ch\/informatik\/weiterbildung\/cas-programme\/#?filters=1621,23\" target=\"_blank\" rel=\"noreferrer noopener\">CAS<\/a>, <a href=\"https:\/\/www.hslu.ch\/de-ch\/informatik\/weiterbildung\/das-programme\/#?filters=1621,24\" target=\"_blank\" rel=\"noreferrer noopener\">DAS<\/a> oder <a href=\"https:\/\/www.hslu.ch\/de-ch\/informatik\/weiterbildung\/mas-das-programme\/#?filters=1621,27\" target=\"_blank\" rel=\"noreferrer noopener\">MAS<\/a>.&nbsp;Sie treten f\u00fcr die fachliche, inhaltliche und methodische Weiterentwicklung ihres Themenfeldes ein.<\/p>\n\n\n\n<p><strong>Welche Vorteile bringt diese neue Aufteilung?<\/strong><\/p>\n\n\n\n<p>Sie erlaubt mehr Eigenst\u00e4ndigkeit und unterst\u00fctzt so die Dynamik unseres Departements. Die Verantwortlichen der Themenfelder tauschen sich untereinander aus. Sie teilen Best-Practice-Erfahrungen und geben einander Tipps. Sie bearbeiten Synergien, sorgen f\u00fcr die Qualit\u00e4tssicherung und koordinieren ihre Ressourcen.<\/p>\n\n\n\n<figure class=\"wp-block-image size-large\"><a href=\"https:\/\/hub.hslu.ch\/informatik\/wp-content\/blogs.dir\/632\/files\/sites\/3\/publicpreview1.jpg\"><img loading=\"lazy\" decoding=\"async\" width=\"1024\" height=\"683\" src=\"https:\/\/hub.hslu.ch\/informatik\/wp-content\/blogs.dir\/632\/files\/sites\/3\/publicpreview1-1024x683.jpg\" alt=\"\" class=\"wp-image-19332\" srcset=\"https:\/\/hub.hslu.ch\/informatik\/wp-content\/blogs.dir\/632\/files\/sites\/3\/publicpreview1-1024x683.jpg 1024w, https:\/\/hub.hslu.ch\/informatik\/wp-content\/blogs.dir\/632\/files\/sites\/3\/publicpreview1-300x200.jpg 300w, https:\/\/hub.hslu.ch\/informatik\/wp-content\/blogs.dir\/632\/files\/sites\/3\/publicpreview1-768x512.jpg 768w, https:\/\/hub.hslu.ch\/informatik\/wp-content\/blogs.dir\/632\/files\/sites\/3\/publicpreview1-1536x1024.jpg 1536w, https:\/\/hub.hslu.ch\/informatik\/wp-content\/blogs.dir\/632\/files\/sites\/3\/publicpreview1-600x400.jpg 600w, https:\/\/hub.hslu.ch\/informatik\/wp-content\/blogs.dir\/632\/files\/sites\/3\/publicpreview1-928x619.jpg 928w, https:\/\/hub.hslu.ch\/informatik\/wp-content\/blogs.dir\/632\/files\/sites\/3\/publicpreview1.jpg 1920w\" sizes=\"auto, (max-width: 1024px) 100vw, 1024px\" \/><\/a><figcaption class=\"wp-element-caption\">\u00dcbertr\u00e4gt ihren Mitarbeitenden viel Eigenverantwortung: Ursula Sury spricht an der Abschlussfeier eines CAS zu den diplomierten Weiterbildungs-Teilnehmenden und zu den Themenfeldverantwortlichen (in der vorderen Reihe sitzend).<\/figcaption><\/figure>\n\n\n\n<p><strong>Wie funktionieren der interne Austausch und der Dialog mit externen Stellen?<\/strong><\/p>\n\n\n\n<p>Die Themenfeldverantwortlichen und ihre Programmleitenden sind gut vernetzt. Sie erhalten wichtige Impulse und Inputs von aussen. Sie tauschen sich mit Expertinnen und Experten aus, mit der Forschung sowie mit der Industrie und Wirtschaft. Auf diese Weise stellen wir sicher, dass unsere Angebote den Bed\u00fcrfnissen des Marktes entsprechen. Selbstverst\u00e4ndlich bin ich mit allen sechs Themenfeldverantwortlichen stetig im Gespr\u00e4ch.<\/p>\n\n\n\n<p>Wir haben auch einen Fachbeirat mit Fachleuten aus der Industrie. Diese reflektieren bestehende und m\u00f6gliche neue Weiterbildungsangebote. Dieser wertvolle Input ist sehr wichtig.<\/p>\n\n\n\n<p><strong>Vor welchen Herausforderungen stehen Sie derzeit in der Weiterbildung?<\/strong><\/p>\n\n\n\n<p>Im Moment ben\u00f6tigen wir mehr Unterrichtsr\u00e4ume. Wir pr\u00fcfen, wer wo unterrichten soll. Auch der Fachkr\u00e4ftemangel ist ein Thema, zum Gl\u00fcck aber nicht allzu dr\u00e4ngend.<\/p>\n\n\n\n<p>Es ist auch herausfordernd, bei unseren Inhalten aktuell und qualitativ hochstehend zu bleiben. Wir wollen Firstmover bleiben, dies zum Beispiel auch im Bereich Blockchain, in dem es zunehmend mehr Konkurrenz gibt. Wir achten daher darauf, dass wir unser Profil bewusst immer wieder neu pr\u00e4zisieren.<\/p>\n\n\n\n<p>Ich f\u00f6rdere den Austausch in kleinen Gruppen, lebendige Diskussionen vor Ort. Von meinen Mitarbeitenden erwarte ich, dass sie eigenst\u00e4ndig und eigenverantwortlich arbeiten. Es geht auch immer wieder darum, alte Z\u00f6pfe abzuschneiden. &nbsp;<\/p>\n\n\n\n<p>Es ist auch eine Herausforderung, die richtige Balance zu finden: Zum Beispiel in der Frage, wie viel wir in Deutsch respektive in Englisch unterrichten. Oder wie viel wir vor Ort oder im Distance Learning unterrichten. Es gilt, einen attraktiven Mix von Pr\u00e4senz- und Onlineangeboten zu entwickeln.<\/p>\n\n\n\n<p>Wir arbeiten an innovativen hybriden Lehrformen. So bieten wir zum Beispiel ein neuartiges CAS an, das wir mehrheitlich im Distance Learning durchf\u00fchren: In diesem <a href=\"https:\/\/www.hslu.ch\/de-ch\/informatik\/weiterbildung\/technologies-and-methods\/cas-smart-technologies\/\" target=\"_blank\" rel=\"noreferrer noopener\">CAS Smart Technologies<\/a> bilden sich die Teilnehmenden in On-demand-Online-Webinaren weiter. Sie legen ihre Pr\u00fcfungen online ab. Wenn<strong> <\/strong>sie drei Module erfolgreich abgeschlossen haben, qualifizieren Sie sich f\u00fcr sogenannte Bootcamps.<\/p>\n\n\n\n<p><strong>Wie kann die HSLU \u2013 Informatik noch nachhaltiger werden?<\/strong><\/p>\n\n\n\n<p>Das <a href=\"https:\/\/www.hslu.ch\/de-ch\/informatik\/weiterbildung\/digital-transformation\/cas-nachhaltige-digitalisierung\/\" target=\"_blank\" rel=\"noreferrer noopener\">CAS Nachhaltige Digitalisierung<\/a> gibt es schon lange. Die Hochschule Luzern \u2013 Informatik unterst\u00fctzt die <a href=\"https:\/\/www.are.admin.ch\/are\/de\/home\/nachhaltige-entwicklung\/nachhaltigkeitspolitik\/agenda2030.html\" target=\"_blank\" rel=\"noreferrer noopener\">Agenda 2030<\/a> der Vereinten Nationen. Es gilt, die 17 UN-Nachhaltigkeitsziele zu erreichen. Dazu tr\u00e4gt auch der <a href=\"https:\/\/hub.hslu.ch\/informatik\/fuer-eine-bessere-welt-neuer-it-master-nachhaltigkeit-sustainability\/\" target=\"_blank\" rel=\"noreferrer noopener\">neue Master-Studiengang IT Digitalization and Sustainability<\/a> bei. Wo immer m\u00f6glich, thematisieren wir die Nachhaltigkeit auch in der Weiterbildung. So sind zum Beispiel unsere Give-aways nachhaltig: Wir verschenken an der Zertifikatsfeier einen Gem\u00fcsesack und verteilen vegane Gummib\u00e4rchen. Wir waren die Ersten, die allen Teilnehmenden eine Glasflasche schenkten.<\/p>\n\n\n\n<figure class=\"wp-block-embed is-type-video is-provider-vimeo wp-block-embed-vimeo wp-embed-aspect-16-9 wp-has-aspect-ratio\"><div class=\"wp-block-embed__wrapper\">\n<iframe loading=\"lazy\" title=\"HSLU Informatik - CAS Smart Technologies\" src=\"https:\/\/player.vimeo.com\/video\/655405528?dnt=1&amp;app_id=122963\" width=\"640\" height=\"360\" frameborder=\"0\" allow=\"autoplay; fullscreen; picture-in-picture; clipboard-write\"><\/iframe>\n<\/div><figcaption class=\"wp-element-caption\">Das neue CAS Smart Technologies bietet die M\u00f6glichkeit, den Stoff im Distance Learning zu lernen.<\/figcaption><\/figure>\n\n\n\n<p><strong>Wie entwickeln sich die Fachveranstaltungen, die Sie zum Beispiel mit der Abendveranstaltung <\/strong><a href=\"https:\/\/www.hslu.ch\/de-ch\/informatik\/agenda\/veranstaltungen\/community-im-gespraech\/\" target=\"_blank\" rel=\"noreferrer noopener\"><strong>Community im Gespr\u00e4ch<\/strong><\/a><strong> anbieten?<\/strong><\/p>\n\n\n\n<p>Diese Veranstaltungen laufen wie verr\u00fcckt, vor Ort, aber auch online. Wir werden sie weiter ausbauen. Daf\u00fcr greifen wir strategisch wichtige Themen der Digitalisierung auf. Fachleute und Teilnehmende diskutieren miteinander und vernetzen sich.<\/p>\n\n\n\n<p><strong>F\u00fchren Sie wieder viele Weiterbildungen vor Ort durch?<\/strong><\/p>\n\n\n\n<p>Ja, insbesondere Weiterbildungsteilnehmende sch\u00e4tzen den Austausch vor Ort. Die Studierenden betreiben seit 2022 auf dem Campus die <a href=\"https:\/\/stair.ch\/docker-bar\/\" target=\"_blank\" rel=\"noreferrer noopener\">neue Docker-Bar<\/a>. Die Weiterbildung unterst\u00fctzt dies. Da haben wir schon wunderbare Events erlebt \u2013 mit unterschiedlichsten G\u00e4sten. &nbsp;&nbsp;<\/p>\n\n\n\n<p><strong>Worauf sind Sie stolz?<\/strong><\/p>\n\n\n\n<p>Auf unseren Drive, auf den innovativen Geist, der in der Weiterbildung herrscht. Ich bekomme viel positives Feedback von unseren CAS-Teilnehmenden. Wir arbeiten rentabel. Das alles ist nicht selbstverst\u00e4ndlich. Ich sage mir: Super, warum nicht noch mehr davon?!<\/p>\n\n\n\n<p><em>Frage in die Runde: Was sch\u00e4tzen Sie am Weiterbildungsangebot der Hochschule Luzern \u2013 Informatik? Wo h\u00e4tten Sie noch Verbesserungsvorschl\u00e4ge? Bitte schreiben Sie Ihren Hinweis hier zuunterst in die Kommentarspalte.<\/em><\/p>\n\n\n\n<p>Ver\u00f6ffentlicht am: 21. M\u00e4rz 2023<\/p>\n\n\n<div class=\"blue-box\">\n\t<div class=\"row\">\n\t\t<div class=\"col-md-12\">\n\t\t\t<p><strong><a href=\"https:\/\/hub.hslu.ch\/informatik\/wp-content\/blogs.dir\/632\/files\/sites\/3\/Sury.jpg\"><img loading=\"lazy\" decoding=\"async\" class=\"size-thumbnail wp-image-15026 alignleft\" src=\"https:\/\/hub.hslu.ch\/informatik\/wp-content\/blogs.dir\/632\/files\/sites\/3\/Sury-150x150.jpg\" alt=\"\" width=\"150\" height=\"150\" \/><\/a>Bietet Mehrwert in der Digitalisierung<\/strong>: <a href=\"https:\/\/www.hslu.ch\/de-ch\/hochschule-luzern\/ueber-uns\/personensuche\/profile\/?pid=252\" target=\"_blank\" rel=\"noopener\">Ursula Sury<\/a> ist Vizedirektorin an der Hochschule Luzern \u2013 Informatik und Leiterin des Bereichs Weiterbildung. Sie ist Professorin f\u00fcr Informatikrecht, Datenschutzrecht und Urheberrecht an der HSLU.<\/p>\n<p><strong><a href=\"https:\/\/hub.hslu.ch\/informatik\/wp-content\/blogs.dir\/632\/files\/sites\/3\/small-44437C7C33333532357C7C434F50.jpg\"><img loading=\"lazy\" decoding=\"async\" class=\"size-thumbnail wp-image-19336 alignright\" src=\"https:\/\/hub.hslu.ch\/informatik\/wp-content\/blogs.dir\/632\/files\/sites\/3\/small-44437C7C33333532357C7C434F50-150x150.jpg\" alt=\"\" width=\"150\" height=\"150\" \/><\/a>Informatikrecht verstehen<\/strong>: 2021 erschien Ihr Fachbuch \u00ab<a href=\"https:\/\/www.staempfliverlag.com\/detail\/ISBN-9783727286407\/Sury-Ursula\/Digital-in-Law\" target=\"_blank\" rel=\"noopener\">Digital in Law<\/a>\u00bb im St\u00e4mpfli- Verlag. Ursula Sury bietet damit einen umfassenden \u00dcberblick \u00fcber die Rechtsaspekte in der digitalen Welt. Das Buch hilft, Herausforderungen in digitalen Realit\u00e4ten fr\u00fchzeitig zu erkennen.<\/p>\n<p><strong>Bilden Sie sich weiter:<\/strong> Die <a href=\"https:\/\/www.hslu.ch\/de-ch\/informatik\/weiterbildung\/\" target=\"_blank\" rel=\"noopener\">Weiterbildungsprogramme<\/a> des Departements Informatik der Hochschule Luzern richten sich an Informatikfachpersonen, die ihr Wissen aktualisieren, erweitern und vertiefen m\u00f6chten. Das Angebot basiert auf anwendungsorientierter Forschung und Erfahrung.<\/p>\n<p>Neue Kooperation: Ab Herbst 2023 bietet die\u00a0 <a href=\"https:\/\/www.uni.li\/de\/universitaet\/schools\/liechtenstein-business-school\/liechtenstein-business-school\" target=\"_blank\" rel=\"noreferrer noopener\">Liechtenstein Business School<\/a> neu das <a href=\"https:\/\/www.hslu.ch\/de-ch\/informatik\/weiterbildung\/digital-business-innovation\/das-digital-business-leader\/\" target=\"_blank\" rel=\"noreferrer noopener\">DAS Digital Business Leader<\/a> an, bei dem die Hochschule Luzern &#8211; Informatik beteiligt ist. Das Programm stattet F\u00fchrungskr\u00e4fte mit den notwendigen F\u00e4higkeiten aus, um sich agil an die sich schnell ver\u00e4ndernde digitale Landschaft anzupassen.<\/p>\n<p><strong>?Besuchen Sie unsere <\/strong>(<a href=\"https:\/\/www.hslu.ch\/de-ch\/informatik\/agenda\/veranstaltungen\/\" target=\"_blank\" rel=\"noopener\">Online-)Info-Veranstaltungen<\/a><strong>!\u00a0<\/strong><\/p>\n<p><strong>Welche Weiterbildung passt zu mir?<\/strong>\u00a0Der\u00a0<a href=\"https:\/\/www.hslu.ch\/de-ch\/hochschule-luzern\/weiterbildung\/weiterbildungs-konfigurator#\/\" target=\"_blank\" rel=\"noopener\">Weiterbildungs-Finder<\/a>\u00a0verschafft Ihnen den Durchblick.<\/p>\n<p><strong>Gef\u00e4llt Ihnen unser Informatik-Blog?\u00a0<\/strong>Hier erhalten Sie Tipps und lesen \u00fcber Trends aus der Welt der Informatik. Wir bieten Einsichten in unser Departement und bringen Storys \u00fcber IT-Vordenkerinnen, Vision\u00e4re und spannende Menschen:\u00a0<a href=\"https:\/\/hub.hslu.ch\/informatik\/#newsletter\" target=\"_blank\" rel=\"noopener\">Abonnieren Sie jetzt unseren Blog<\/a>!<\/p>\n\t\t<\/div>\n\t<\/div>\n<\/div>\n","protected":false},"excerpt":{"rendered":"<p>Neue Kooperationen mit anderen Bildungsinstituten, neuartige CAS, umgekrempelte agile Verantwortlichkeiten: Ursula Sury, Leiterin Weiterbildung an der Hochschule Luzern \u2013 Informatik, spricht in diesem Interview \u00fcber Herausforderungen und Highlights in Zeiten starken Wachstums.<\/p>\n","protected":false},"author":21,"featured_media":19329,"comment_status":"open","ping_status":"closed","sticky":false,"template":"","format":"standard","meta":{"_acf_changed":false,"inline_featured_image":false,"_relevanssi_hide_post":"","_relevanssi_hide_content":"","_relevanssi_pin_for_all":"","_relevanssi_pin_keywords":"","_relevanssi_unpin_keywords":"","_relevanssi_related_keywords":"","_relevanssi_related_include_ids":"","_relevanssi_related_exclude_ids":"","_relevanssi_related_no_append":"","_relevanssi_related_not_related":"","_relevanssi_related_posts":"13679,11726,17311,7939,4664,13815","_relevanssi_noindex_reason":"","footnotes":"","_links_to":"","_links_to_target":""},"categories":[134],"tags":[653287,653649,653651],"class_list":["post-19328","post","type-post","status-publish","format-standard","has-post-thumbnail","hentry","category-weiterbildung","tag-interdisziplinaritaet","tag-kooperation-netzwerk","tag-workhslu_i"],"acf":[],"yoast_head":"<!-- This site is optimized with the Yoast SEO plugin v27.5 - https:\/\/yoast.com\/product\/yoast-seo-wordpress\/ -->\n<title>Weiterbildung weiterdenken: \u00ab\u00dcber den Tellerrand hinaus\u00bb - Informatik an der Hochschule Luzern<\/title>\n<meta name=\"description\" content=\"Neue Kooperationen mit anderen Bildungsinstituten, neuartige CAS, umgekrempelte agile Verantwortlichkeiten: Ursula Sury, Leiterin Weiterbildung an der Hochschule Luzern \u2013 Informatik, spricht in diesem Interview \u00fcber Herausforderungen und Highlights in Zeiten starken Wachstums. %\" \/>\n<meta name=\"robots\" content=\"index, follow, max-snippet:-1, max-image-preview:large, max-video-preview:-1\" \/>\n<link rel=\"canonical\" href=\"https:\/\/hub.hslu.ch\/informatik\/weiterbildung-weiterdenken-ueber-den-tellerrand-hinaus\/\" \/>\n<meta property=\"og:locale\" content=\"de_DE\" \/>\n<meta property=\"og:type\" content=\"article\" \/>\n<meta property=\"og:title\" content=\"Weiterbildung weiterdenken: \u00ab\u00dcber den Tellerrand hinaus\u00bb - Informatik an der Hochschule Luzern\" \/>\n<meta property=\"og:description\" content=\"Neue Kooperationen mit anderen Bildungsinstituten, neuartige CAS, umgekrempelte agile Verantwortlichkeiten: Ursula Sury, Leiterin Weiterbildung an der Hochschule Luzern \u2013 Informatik, spricht in diesem Interview \u00fcber Herausforderungen und Highlights in Zeiten starken Wachstums. %\" \/>\n<meta property=\"og:url\" content=\"https:\/\/hub.hslu.ch\/informatik\/weiterbildung-weiterdenken-ueber-den-tellerrand-hinaus\/\" \/>\n<meta property=\"og:site_name\" content=\"Informatik an der Hochschule Luzern\" \/>\n<meta property=\"article:published_time\" content=\"2023-03-21T07:35:25+00:00\" \/>\n<meta property=\"article:modified_time\" content=\"2026-02-10T09:17:43+00:00\" \/>\n<meta property=\"og:image\" content=\"https:\/\/hub.hslu.ch\/informatik\/wp-content\/blogs.dir\/632\/files\/sites\/3\/EA220408-K-022.jpg\" \/>\n\t<meta property=\"og:image:width\" content=\"2048\" \/>\n\t<meta property=\"og:image:height\" content=\"1365\" \/>\n\t<meta property=\"og:image:type\" content=\"image\/jpeg\" \/>\n<meta name=\"author\" content=\"Gabriela Bonin\" \/>\n<meta name=\"twitter:card\" content=\"summary_large_image\" \/>\n<meta name=\"twitter:label1\" content=\"Geschrieben von\" \/>\n\t<meta name=\"twitter:data1\" content=\"Gabriela Bonin\" \/>\n\t<meta name=\"twitter:label2\" content=\"Gesch\u00e4tzte Lesezeit\" \/>\n\t<meta name=\"twitter:data2\" content=\"8\u00a0Minuten\" \/>\n<script type=\"application\/ld+json\" class=\"yoast-schema-graph\">{\"@context\":\"https:\\\/\\\/schema.org\",\"@graph\":[{\"@type\":[\"Article\",\"BlogPosting\"],\"@id\":\"https:\\\/\\\/hub.hslu.ch\\\/informatik\\\/weiterbildung-weiterdenken-ueber-den-tellerrand-hinaus\\\/#article\",\"isPartOf\":{\"@id\":\"https:\\\/\\\/hub.hslu.ch\\\/informatik\\\/weiterbildung-weiterdenken-ueber-den-tellerrand-hinaus\\\/\"},\"author\":{\"name\":\"Gabriela Bonin\",\"@id\":\"https:\\\/\\\/hub.hslu.ch\\\/informatik\\\/#\\\/schema\\\/person\\\/27da2348b7e471b60538f142295c83eb\"},\"headline\":\"Weiterbildung weiterdenken: \u00ab\u00dcber den Tellerrand hinaus\u00bb\",\"datePublished\":\"2023-03-21T07:35:25+00:00\",\"dateModified\":\"2026-02-10T09:17:43+00:00\",\"mainEntityOfPage\":{\"@id\":\"https:\\\/\\\/hub.hslu.ch\\\/informatik\\\/weiterbildung-weiterdenken-ueber-den-tellerrand-hinaus\\\/\"},\"wordCount\":1286,\"commentCount\":0,\"image\":{\"@id\":\"https:\\\/\\\/hub.hslu.ch\\\/informatik\\\/weiterbildung-weiterdenken-ueber-den-tellerrand-hinaus\\\/#primaryimage\"},\"thumbnailUrl\":\"https:\\\/\\\/hub.hslu.ch\\\/informatik\\\/wp-content\\\/blogs.dir\\\/632\\\/files\\\/sites\\\/3\\\/EA220408-K-022.jpg\",\"keywords\":[\"Interdisziplinarit\u00e4t\",\"Kooperation &amp; Netzwerk\",\"work@hslu_i\"],\"articleSection\":[\"Weiterbildung\"],\"inLanguage\":\"de-CH\",\"potentialAction\":[{\"@type\":\"CommentAction\",\"name\":\"Comment\",\"target\":[\"https:\\\/\\\/hub.hslu.ch\\\/informatik\\\/weiterbildung-weiterdenken-ueber-den-tellerrand-hinaus\\\/#respond\"]}]},{\"@type\":[\"WebPage\",\"ItemPage\"],\"@id\":\"https:\\\/\\\/hub.hslu.ch\\\/informatik\\\/weiterbildung-weiterdenken-ueber-den-tellerrand-hinaus\\\/\",\"url\":\"https:\\\/\\\/hub.hslu.ch\\\/informatik\\\/weiterbildung-weiterdenken-ueber-den-tellerrand-hinaus\\\/\",\"name\":\"Weiterbildung weiterdenken: \u00ab\u00dcber den Tellerrand hinaus\u00bb - Informatik an der Hochschule Luzern\",\"isPartOf\":{\"@id\":\"https:\\\/\\\/hub.hslu.ch\\\/informatik\\\/#website\"},\"primaryImageOfPage\":{\"@id\":\"https:\\\/\\\/hub.hslu.ch\\\/informatik\\\/weiterbildung-weiterdenken-ueber-den-tellerrand-hinaus\\\/#primaryimage\"},\"image\":{\"@id\":\"https:\\\/\\\/hub.hslu.ch\\\/informatik\\\/weiterbildung-weiterdenken-ueber-den-tellerrand-hinaus\\\/#primaryimage\"},\"thumbnailUrl\":\"https:\\\/\\\/hub.hslu.ch\\\/informatik\\\/wp-content\\\/blogs.dir\\\/632\\\/files\\\/sites\\\/3\\\/EA220408-K-022.jpg\",\"datePublished\":\"2023-03-21T07:35:25+00:00\",\"dateModified\":\"2026-02-10T09:17:43+00:00\",\"author\":{\"@id\":\"https:\\\/\\\/hub.hslu.ch\\\/informatik\\\/#\\\/schema\\\/person\\\/27da2348b7e471b60538f142295c83eb\"},\"description\":\"Neue Kooperationen mit anderen Bildungsinstituten, neuartige CAS, umgekrempelte agile Verantwortlichkeiten: Ursula Sury, Leiterin Weiterbildung an der Hochschule Luzern \u2013 Informatik, spricht in diesem Interview \u00fcber Herausforderungen und Highlights in Zeiten starken Wachstums. %\",\"breadcrumb\":{\"@id\":\"https:\\\/\\\/hub.hslu.ch\\\/informatik\\\/weiterbildung-weiterdenken-ueber-den-tellerrand-hinaus\\\/#breadcrumb\"},\"inLanguage\":\"de-CH\",\"potentialAction\":[{\"@type\":\"ReadAction\",\"target\":[\"https:\\\/\\\/hub.hslu.ch\\\/informatik\\\/weiterbildung-weiterdenken-ueber-den-tellerrand-hinaus\\\/\"]}]},{\"@type\":\"ImageObject\",\"inLanguage\":\"de-CH\",\"@id\":\"https:\\\/\\\/hub.hslu.ch\\\/informatik\\\/weiterbildung-weiterdenken-ueber-den-tellerrand-hinaus\\\/#primaryimage\",\"url\":\"https:\\\/\\\/hub.hslu.ch\\\/informatik\\\/wp-content\\\/blogs.dir\\\/632\\\/files\\\/sites\\\/3\\\/EA220408-K-022.jpg\",\"contentUrl\":\"https:\\\/\\\/hub.hslu.ch\\\/informatik\\\/wp-content\\\/blogs.dir\\\/632\\\/files\\\/sites\\\/3\\\/EA220408-K-022.jpg\",\"width\":2048,\"height\":1365,\"caption\":\"Ist stolz auf den \u00abinnovativen Drive\u00bb am Informatik-Departement, den sie weiter kultivieren will: Ursula Sury, Leiterin Weiterbildung an der Hochschule Luzern - Informatik.\"},{\"@type\":\"BreadcrumbList\",\"@id\":\"https:\\\/\\\/hub.hslu.ch\\\/informatik\\\/weiterbildung-weiterdenken-ueber-den-tellerrand-hinaus\\\/#breadcrumb\",\"itemListElement\":[{\"@type\":\"ListItem\",\"position\":1,\"name\":\"Home\",\"item\":\"https:\\\/\\\/hub.hslu.ch\\\/informatik\\\/\"},{\"@type\":\"ListItem\",\"position\":2,\"name\":\"Weiterbildung weiterdenken: \u00ab\u00dcber den Tellerrand hinaus\u00bb\"}]},{\"@type\":\"WebSite\",\"@id\":\"https:\\\/\\\/hub.hslu.ch\\\/informatik\\\/#website\",\"url\":\"https:\\\/\\\/hub.hslu.ch\\\/informatik\\\/\",\"name\":\"Informatik an der Hochschule Luzern\",\"description\":\"Der offizielle Blog der Hochschule Luzern \u2013 Informatik\",\"potentialAction\":[{\"@type\":\"SearchAction\",\"target\":{\"@type\":\"EntryPoint\",\"urlTemplate\":\"https:\\\/\\\/hub.hslu.ch\\\/informatik\\\/?s={search_term_string}\"},\"query-input\":{\"@type\":\"PropertyValueSpecification\",\"valueRequired\":true,\"valueName\":\"search_term_string\"}}],\"inLanguage\":\"de-CH\"},{\"@type\":\"Person\",\"@id\":\"https:\\\/\\\/hub.hslu.ch\\\/informatik\\\/#\\\/schema\\\/person\\\/27da2348b7e471b60538f142295c83eb\",\"name\":\"Gabriela Bonin\",\"description\":\"Bloggerin, Textcoach, Dozentin. Gabriela Bonin arbeitet als Bloggerin und Textcoach bei der Hochschule Luzern, im Department Informatik. Daneben ist sie als Dozentin an der Journalistenschule MAZ und als Texterin t\u00e4tig.\",\"sameAs\":[\"http:\\\/\\\/www.gbonin.com\",\"https:\\\/\\\/www.linkedin.com\\\/in\\\/gabriela-bonin\\\/\"]}]}<\/script>\n<!-- \/ Yoast SEO plugin. -->","yoast_head_json":{"title":"Weiterbildung weiterdenken: \u00ab\u00dcber den Tellerrand hinaus\u00bb - Informatik an der Hochschule Luzern","description":"Neue Kooperationen mit anderen Bildungsinstituten, neuartige CAS, umgekrempelte agile Verantwortlichkeiten: Ursula Sury, Leiterin Weiterbildung an der Hochschule Luzern \u2013 Informatik, spricht in diesem Interview \u00fcber Herausforderungen und Highlights in Zeiten starken Wachstums. %","robots":{"index":"index","follow":"follow","max-snippet":"max-snippet:-1","max-image-preview":"max-image-preview:large","max-video-preview":"max-video-preview:-1"},"canonical":"https:\/\/hub.hslu.ch\/informatik\/weiterbildung-weiterdenken-ueber-den-tellerrand-hinaus\/","og_locale":"de_DE","og_type":"article","og_title":"Weiterbildung weiterdenken: \u00ab\u00dcber den Tellerrand hinaus\u00bb - Informatik an der Hochschule Luzern","og_description":"Neue Kooperationen mit anderen Bildungsinstituten, neuartige CAS, umgekrempelte agile Verantwortlichkeiten: Ursula Sury, Leiterin Weiterbildung an der Hochschule Luzern \u2013 Informatik, spricht in diesem Interview \u00fcber Herausforderungen und Highlights in Zeiten starken Wachstums. %","og_url":"https:\/\/hub.hslu.ch\/informatik\/weiterbildung-weiterdenken-ueber-den-tellerrand-hinaus\/","og_site_name":"Informatik an der Hochschule Luzern","article_published_time":"2023-03-21T07:35:25+00:00","article_modified_time":"2026-02-10T09:17:43+00:00","og_image":[{"width":2048,"height":1365,"url":"https:\/\/hub.hslu.ch\/informatik\/wp-content\/blogs.dir\/632\/files\/sites\/3\/EA220408-K-022.jpg","type":"image\/jpeg"}],"author":"Gabriela Bonin","twitter_card":"summary_large_image","twitter_misc":{"Geschrieben von":"Gabriela Bonin","Gesch\u00e4tzte Lesezeit":"8\u00a0Minuten"},"schema":{"@context":"https:\/\/schema.org","@graph":[{"@type":["Article","BlogPosting"],"@id":"https:\/\/hub.hslu.ch\/informatik\/weiterbildung-weiterdenken-ueber-den-tellerrand-hinaus\/#article","isPartOf":{"@id":"https:\/\/hub.hslu.ch\/informatik\/weiterbildung-weiterdenken-ueber-den-tellerrand-hinaus\/"},"author":{"name":"Gabriela Bonin","@id":"https:\/\/hub.hslu.ch\/informatik\/#\/schema\/person\/27da2348b7e471b60538f142295c83eb"},"headline":"Weiterbildung weiterdenken: \u00ab\u00dcber den Tellerrand hinaus\u00bb","datePublished":"2023-03-21T07:35:25+00:00","dateModified":"2026-02-10T09:17:43+00:00","mainEntityOfPage":{"@id":"https:\/\/hub.hslu.ch\/informatik\/weiterbildung-weiterdenken-ueber-den-tellerrand-hinaus\/"},"wordCount":1286,"commentCount":0,"image":{"@id":"https:\/\/hub.hslu.ch\/informatik\/weiterbildung-weiterdenken-ueber-den-tellerrand-hinaus\/#primaryimage"},"thumbnailUrl":"https:\/\/hub.hslu.ch\/informatik\/wp-content\/blogs.dir\/632\/files\/sites\/3\/EA220408-K-022.jpg","keywords":["Interdisziplinarit\u00e4t","Kooperation &amp; Netzwerk","work@hslu_i"],"articleSection":["Weiterbildung"],"inLanguage":"de-CH","potentialAction":[{"@type":"CommentAction","name":"Comment","target":["https:\/\/hub.hslu.ch\/informatik\/weiterbildung-weiterdenken-ueber-den-tellerrand-hinaus\/#respond"]}]},{"@type":["WebPage","ItemPage"],"@id":"https:\/\/hub.hslu.ch\/informatik\/weiterbildung-weiterdenken-ueber-den-tellerrand-hinaus\/","url":"https:\/\/hub.hslu.ch\/informatik\/weiterbildung-weiterdenken-ueber-den-tellerrand-hinaus\/","name":"Weiterbildung weiterdenken: \u00ab\u00dcber den Tellerrand hinaus\u00bb - Informatik an der Hochschule Luzern","isPartOf":{"@id":"https:\/\/hub.hslu.ch\/informatik\/#website"},"primaryImageOfPage":{"@id":"https:\/\/hub.hslu.ch\/informatik\/weiterbildung-weiterdenken-ueber-den-tellerrand-hinaus\/#primaryimage"},"image":{"@id":"https:\/\/hub.hslu.ch\/informatik\/weiterbildung-weiterdenken-ueber-den-tellerrand-hinaus\/#primaryimage"},"thumbnailUrl":"https:\/\/hub.hslu.ch\/informatik\/wp-content\/blogs.dir\/632\/files\/sites\/3\/EA220408-K-022.jpg","datePublished":"2023-03-21T07:35:25+00:00","dateModified":"2026-02-10T09:17:43+00:00","author":{"@id":"https:\/\/hub.hslu.ch\/informatik\/#\/schema\/person\/27da2348b7e471b60538f142295c83eb"},"description":"Neue Kooperationen mit anderen Bildungsinstituten, neuartige CAS, umgekrempelte agile Verantwortlichkeiten: Ursula Sury, Leiterin Weiterbildung an der Hochschule Luzern \u2013 Informatik, spricht in diesem Interview \u00fcber Herausforderungen und Highlights in Zeiten starken Wachstums. %","breadcrumb":{"@id":"https:\/\/hub.hslu.ch\/informatik\/weiterbildung-weiterdenken-ueber-den-tellerrand-hinaus\/#breadcrumb"},"inLanguage":"de-CH","potentialAction":[{"@type":"ReadAction","target":["https:\/\/hub.hslu.ch\/informatik\/weiterbildung-weiterdenken-ueber-den-tellerrand-hinaus\/"]}]},{"@type":"ImageObject","inLanguage":"de-CH","@id":"https:\/\/hub.hslu.ch\/informatik\/weiterbildung-weiterdenken-ueber-den-tellerrand-hinaus\/#primaryimage","url":"https:\/\/hub.hslu.ch\/informatik\/wp-content\/blogs.dir\/632\/files\/sites\/3\/EA220408-K-022.jpg","contentUrl":"https:\/\/hub.hslu.ch\/informatik\/wp-content\/blogs.dir\/632\/files\/sites\/3\/EA220408-K-022.jpg","width":2048,"height":1365,"caption":"Ist stolz auf den \u00abinnovativen Drive\u00bb am Informatik-Departement, den sie weiter kultivieren will: Ursula Sury, Leiterin Weiterbildung an der Hochschule Luzern - Informatik."},{"@type":"BreadcrumbList","@id":"https:\/\/hub.hslu.ch\/informatik\/weiterbildung-weiterdenken-ueber-den-tellerrand-hinaus\/#breadcrumb","itemListElement":[{"@type":"ListItem","position":1,"name":"Home","item":"https:\/\/hub.hslu.ch\/informatik\/"},{"@type":"ListItem","position":2,"name":"Weiterbildung weiterdenken: \u00ab\u00dcber den Tellerrand hinaus\u00bb"}]},{"@type":"WebSite","@id":"https:\/\/hub.hslu.ch\/informatik\/#website","url":"https:\/\/hub.hslu.ch\/informatik\/","name":"Informatik an der Hochschule Luzern","description":"Der offizielle Blog der Hochschule Luzern \u2013 Informatik","potentialAction":[{"@type":"SearchAction","target":{"@type":"EntryPoint","urlTemplate":"https:\/\/hub.hslu.ch\/informatik\/?s={search_term_string}"},"query-input":{"@type":"PropertyValueSpecification","valueRequired":true,"valueName":"search_term_string"}}],"inLanguage":"de-CH"},{"@type":"Person","@id":"https:\/\/hub.hslu.ch\/informatik\/#\/schema\/person\/27da2348b7e471b60538f142295c83eb","name":"Gabriela Bonin","description":"Bloggerin, Textcoach, Dozentin. Gabriela Bonin arbeitet als Bloggerin und Textcoach bei der Hochschule Luzern, im Department Informatik. Daneben ist sie als Dozentin an der Journalistenschule MAZ und als Texterin t\u00e4tig.","sameAs":["http:\/\/www.gbonin.com","https:\/\/www.linkedin.com\/in\/gabriela-bonin\/"]}]}},"featured_image_src":"https:\/\/hub.hslu.ch\/informatik\/wp-content\/blogs.dir\/632\/files\/sites\/3\/EA220408-K-022.jpg","featured_image_src_square":"https:\/\/hub.hslu.ch\/informatik\/wp-content\/blogs.dir\/632\/files\/sites\/3\/EA220408-K-022.jpg","author_info":{"display_name":"Gabriela Bonin","author_link":"https:\/\/hub.hslu.ch\/informatik\/author\/gabrielabonin\/"},"_links":{"self":[{"href":"https:\/\/hub.hslu.ch\/informatik\/wp-json\/wp\/v2\/posts\/19328","targetHints":{"allow":["GET"]}}],"collection":[{"href":"https:\/\/hub.hslu.ch\/informatik\/wp-json\/wp\/v2\/posts"}],"about":[{"href":"https:\/\/hub.hslu.ch\/informatik\/wp-json\/wp\/v2\/types\/post"}],"author":[{"embeddable":true,"href":"https:\/\/hub.hslu.ch\/informatik\/wp-json\/wp\/v2\/users\/21"}],"replies":[{"embeddable":true,"href":"https:\/\/hub.hslu.ch\/informatik\/wp-json\/wp\/v2\/comments?post=19328"}],"version-history":[{"count":29,"href":"https:\/\/hub.hslu.ch\/informatik\/wp-json\/wp\/v2\/posts\/19328\/revisions"}],"predecessor-version":[{"id":26603,"href":"https:\/\/hub.hslu.ch\/informatik\/wp-json\/wp\/v2\/posts\/19328\/revisions\/26603"}],"wp:featuredmedia":[{"embeddable":true,"href":"https:\/\/hub.hslu.ch\/informatik\/wp-json\/wp\/v2\/media\/19329"}],"wp:attachment":[{"href":"https:\/\/hub.hslu.ch\/informatik\/wp-json\/wp\/v2\/media?parent=19328"}],"wp:term":[{"taxonomy":"category","embeddable":true,"href":"https:\/\/hub.hslu.ch\/informatik\/wp-json\/wp\/v2\/categories?post=19328"},{"taxonomy":"post_tag","embeddable":true,"href":"https:\/\/hub.hslu.ch\/informatik\/wp-json\/wp\/v2\/tags?post=19328"}],"curies":[{"name":"wp","href":"https:\/\/api.w.org\/{rel}","templated":true}]}}