{"id":24856,"date":"2025-08-29T12:18:09","date_gmt":"2025-08-29T10:18:09","guid":{"rendered":"https:\/\/hub.hslu.ch\/informatik\/?p=24856"},"modified":"2026-02-11T14:52:39","modified_gmt":"2026-02-11T13:52:39","slug":"hslu-informatik-departement-direktor-rene-husler-ein-wegbereiter-geht-neue-wege","status":"publish","type":"post","link":"https:\/\/hub.hslu.ch\/informatik\/hslu-informatik-departement-direktor-rene-husler-ein-wegbereiter-geht-neue-wege\/","title":{"rendered":"Ren\u00e9 H\u00fcsler: Ein Wegbereiter geht neue Wege"},"content":{"rendered":"\n<p class=\"is-style-lead\"><strong><\/strong><\/p>\n\n\n\n<p><a href=\"https:\/\/www.hslu.ch\/de-ch\/hochschule-luzern\/ueber-uns\/personensuche\/profile\/?pid=571\" target=\"_blank\" rel=\"noreferrer noopener\">Ren\u00e9 H\u00fcsler<\/a> geht \u2013 doch seine Anf\u00e4nge, seine Rolle als Enabler (Erm\u00f6glicher) und seine Art, Dinge anzupacken, bleiben in Erinnerung. Pers\u00f6nliche Stimmen und Anekdoten geben Einblicke.<\/p>\n\n\n\n<p>2016 gr\u00fcndete Ren\u00e9 H\u00fcsler das Departement Informatik. Es hat sich seither von gut 500 auf rund 1300 Studierende entwickelt. Zu Beginn arbeiteten gut 80 Mitarbeitende hier, heute sind es \u00fcber 320. Auch in der Weiterbildung und der Forschung hat das Departement die Erwartungen deutlich \u00fcbertroffen.<\/p>\n\n\n\n<figure class=\"wp-block-pullquote\"><blockquote><p>Auch im Hochschulmanagement steckt noch etwas der \u00abTechniker\u00bb in ihm: Man kann mal etwas aust\u00fcfteln, und wenn es dann nicht passt, dann nimmt man die Teile nochmals auseinander und verbindet sie neu. Diese Gelassenheit erm\u00f6glicht Kreativit\u00e4t und Mut f\u00fcr Neues.<\/p><cite>Christine B\u00f6ckelmann, Direktorin Departement Wirtschaft<\/cite><\/blockquote><\/figure>\n\n\n\n<figure class=\"wp-block-image size-large\"><a href=\"https:\/\/hub.hslu.ch\/informatik\/wp-content\/blogs.dir\/632\/files\/sites\/3\/Spatenstich_korr-2.jpg\"><img loading=\"lazy\" decoding=\"async\" width=\"1024\" height=\"683\" src=\"https:\/\/hub.hslu.ch\/informatik\/wp-content\/blogs.dir\/632\/files\/sites\/3\/Spatenstich_korr-2-1024x683.jpg\" alt=\"\" class=\"wp-image-25070\" srcset=\"https:\/\/hub.hslu.ch\/informatik\/wp-content\/blogs.dir\/632\/files\/sites\/3\/Spatenstich_korr-2-1024x683.jpg 1024w, https:\/\/hub.hslu.ch\/informatik\/wp-content\/blogs.dir\/632\/files\/sites\/3\/Spatenstich_korr-2-300x200.jpg 300w, https:\/\/hub.hslu.ch\/informatik\/wp-content\/blogs.dir\/632\/files\/sites\/3\/Spatenstich_korr-2-768x512.jpg 768w, https:\/\/hub.hslu.ch\/informatik\/wp-content\/blogs.dir\/632\/files\/sites\/3\/Spatenstich_korr-2-1536x1024.jpg 1536w, https:\/\/hub.hslu.ch\/informatik\/wp-content\/blogs.dir\/632\/files\/sites\/3\/Spatenstich_korr-2-600x400.jpg 600w, https:\/\/hub.hslu.ch\/informatik\/wp-content\/blogs.dir\/632\/files\/sites\/3\/Spatenstich_korr-2-928x619.jpg 928w, https:\/\/hub.hslu.ch\/informatik\/wp-content\/blogs.dir\/632\/files\/sites\/3\/Spatenstich_korr-2.jpg 2048w\" sizes=\"auto, (max-width: 1024px) 100vw, 1024px\" \/><\/a><figcaption class=\"wp-element-caption\"><em>Direktor mit Weitblick \u2013 und mit Lust, Dinge anzupacken: Ren\u00e9 H\u00fcsler (rechts) beim Spatenstich des neuen Informatik-Departements in Rotkreuz, Mai 2014. Links neben ihm steht Tobias Achermann, damals CEO der Zug Estates Holding AG.<\/em><\/figcaption><\/figure>\n\n\n\n<h2 class=\"wp-block-heading\">Was man zun\u00e4chst nicht ahnen konnte: Weggef\u00e4hrten erinnern sich<\/h2>\n\n\n\n<p>In den folgenden Aufklapp-Abschnitten erinnern sich Weggef\u00e4hrten an die Anf\u00e4nge des Informatik-Departements. Einer davon ist St\u00e4nderat <a href=\"https:\/\/www.linkedin.com\/in\/michelzug\/\" target=\"_blank\" rel=\"noreferrer noopener\">Matthias Michel<\/a>: Er war als Zuger Regierungsrat politisch mitverantwortlich, dass Rotkreuz zum Standort wurde. Oder Hansj\u00f6rg Diethelm, unser fr\u00fcherer Studiengangleiter Informatik. Er arbeitete insgesamt 23 Jahre mit Ren\u00e9 H\u00fcsler zusammen \u2013 anfangs noch an der damaligen Hochschule f\u00fcr Technik und Architektur Luzern.<\/p>\n\n\n\n<details class=\"wp-block-details is-layout-flow wp-block-details-is-layout-flow\"><summary><strong>Hansj\u00f6rg Diethelm blickt zur\u00fcck auf 23 gemeinsame Arbeitsjahre<\/strong><\/summary>\n<p><strong>Das sind Attribute, die ich spontan mit Ren\u00e9 verbinde (alphabetisch):<\/strong><\/p>\n\n\n\n<ul class=\"wp-block-list\">\n<li>arbeitet von fr\u00fch bis sp\u00e4t<\/li>\n\n\n\n<li>bescheiden<\/li>\n\n\n\n<li>bleibt immer ruhig<\/li>\n\n\n\n<li>ehrgeizig<\/li>\n\n\n\n<li>geradlinig<\/li>\n\n\n\n<li>gutes Erinnerungsverm\u00f6gen<\/li>\n\n\n\n<li>hat immer Zeit<\/li>\n\n\n\n<li>hat spezielle Steckenpferde: Comics, Spiele, Informatik-Gadgets<\/li>\n\n\n\n<li>nie schlecht gelaunt<\/li>\n\n\n\n<li>optimistisch<\/li>\n\n\n\n<li>sachlich<\/li>\n\n\n\n<li>stellt sich nicht ins Zentrum<\/li>\n\n\n\n<li>wertsch\u00e4tzend<\/li>\n<\/ul>\n\n\n\n<p>Damit schafft Ren\u00e9 die \u00abQuadratur des Kreises\u00bb: ein sympathischer, bescheidener und zielstrebiger Gewinner \u2013 mit Biss, Understatement und immer wieder f\u00fcr eine \u00dcberraschung gut.<br><br>Mehr als 23 Jahre war ich beruflich mit Ren\u00e9 verbunden. 2002 wechselt Ren\u00e9 von der Privatwirtschaft hauptberuflich an die damalige Hochschule f\u00fcr Technik und Architektur Luzern in Horw (HTA), nicht zuletzt auf meine Intension hin. An der damaligen neuen Abteilung Informatik leitete und baute Ren\u00e9 das Institut f\u00fcr Sichere Softwaresysteme (ISIS) auf. Ich war Abteilungsleiter.<\/p>\n\n\n\n<p>Einige Jahre sp\u00e4ter wurde Ren\u00e9 Vizedirektor Forschung an der HTA Luzern. Danach \u00fcbernahm er die Direktion der <a href=\"https:\/\/www.hslu.ch\/de-ch\/technik-architektur\/\" target=\"_blank\" rel=\"noreferrer noopener\">HSLU Technik &amp; Architektur<\/a>. 2013 fiel der Entscheid, ein eigenst\u00e4ndiges Departement Informatik aufzubauen. Ab 2016 baute er das neue Departement am Standort Rotkreuz auf \u2013 gepr\u00e4gt von einer flachen Hierarchie. Es gab offene Arbeitspl\u00e4tze, keine T\u00fcren oderSchranken. Er pflegte eine unkomplizierte, direkte Zusammenarbeit und einen wertsch\u00e4tzenden Umgang mit allen.<br><br>Ich selbst wechselte ebenfalls ins Informatik-Departement und \u00fcbernahm die Leitung des <a href=\"https:\/\/www.hslu.ch\/de-ch\/informatik\/studium\/bachelor\/\" target=\"_blank\" rel=\"noreferrer noopener\">Studiengangs Informatik<\/a>. Seit Sommer bin ich 2025 in Pension.<\/p>\n\n\n\n<figure class=\"wp-block-image size-large\"><a href=\"https:\/\/hub.hslu.ch\/informatik\/wp-content\/blogs.dir\/632\/files\/sites\/3\/P1010013-1.jpg\"><img loading=\"lazy\" decoding=\"async\" width=\"1024\" height=\"768\" src=\"https:\/\/hub.hslu.ch\/informatik\/wp-content\/blogs.dir\/632\/files\/sites\/3\/P1010013-1-1024x768.jpg\" alt=\"\" class=\"wp-image-25062\" srcset=\"https:\/\/hub.hslu.ch\/informatik\/wp-content\/blogs.dir\/632\/files\/sites\/3\/P1010013-1-1024x768.jpg 1024w, https:\/\/hub.hslu.ch\/informatik\/wp-content\/blogs.dir\/632\/files\/sites\/3\/P1010013-1-300x225.jpg 300w, https:\/\/hub.hslu.ch\/informatik\/wp-content\/blogs.dir\/632\/files\/sites\/3\/P1010013-1-768x576.jpg 768w, https:\/\/hub.hslu.ch\/informatik\/wp-content\/blogs.dir\/632\/files\/sites\/3\/P1010013-1-1536x1152.jpg 1536w, https:\/\/hub.hslu.ch\/informatik\/wp-content\/blogs.dir\/632\/files\/sites\/3\/P1010013-1-928x696.jpg 928w, https:\/\/hub.hslu.ch\/informatik\/wp-content\/blogs.dir\/632\/files\/sites\/3\/P1010013-1-600x450.jpg 600w, https:\/\/hub.hslu.ch\/informatik\/wp-content\/blogs.dir\/632\/files\/sites\/3\/P1010013-1.jpg 1600w\" sizes=\"auto, (max-width: 1024px) 100vw, 1024px\" \/><\/a><figcaption class=\"wp-element-caption\"><em>Ein Schnappschuss von Hansj\u00f6rg Diethelm zeigt Ren\u00e9 H\u00fcsler2002, ganz in den Anf\u00e4ngen an einem Tag der offenen T\u00fcr.<\/em><\/figcaption><\/figure>\n<\/details>\n\n\n\n<details class=\"wp-block-details is-layout-flow wp-block-details-is-layout-flow\"><summary><strong><a href=\"https:\/\/www.linkedin.com\/in\/michelzug\/\" target=\"_blank\" rel=\"noreferrer noopener\">Matthias Michel<\/a>, St\u00e4nderat, ehemaliger Regierungsrat, \u00fcber einen Pionier im Crypto Valley<\/strong><\/summary>\n<p>In meiner Funktion als damaliger Regierungsrat des Kantons Zug (Volkswirtschaftsdirektion) war ich zust\u00e4ndig f\u00fcr die Berufsbildung und damit auch Mitglied im Konkordatsrat der Fachhochschule Zentralschweiz. So konnte ich das Departement Informatik von Beginn an unterst\u00fctzen und war politisch mitverantwortlich f\u00fcr den Aufbau des Standorts Rotkreuz.<\/p>\n\n\n\n<p>Es freute mich sehr, dass wir mit Ren\u00e9 H\u00fcsler den ersten Direktor f\u00fcr das neue Departement gewinnen konnten. Als vormaliger Direktor von Technik &amp; Architektur kannte er unsere Hochschule bestens. Gleichzeitig brachte er innovativen Geist und unternehmerischen Mut mit, um das Departement erfolgreich aufzubauen. Er ist ein hervorragender Netzwerker und echter Enabler. Dies zeigte sich auch in seinem Engagement in verschiedenen Gremien f\u00fcr zukunftsweisende Technologien, nicht zuletzt im <a href=\"https:\/\/www.cryptovalleypioneers.ch\/\" target=\"_blank\" rel=\"noreferrer noopener\">Crypto Valley Zug<\/a>. Bei allem blieb er stets unaufgeregt und bescheiden.<\/p>\n<\/details>\n\n\n\n<details class=\"wp-block-details is-layout-flow wp-block-details-is-layout-flow\"><summary><strong><a href=\"https:\/\/www.linkedin.com\/in\/erwin-mathis-b92b2b156\/?originalSubdomain=ch\" target=\"_blank\" rel=\"noreferrer noopener\">Erwin Mathis<\/a> \u00fcber wegweisende Entscheide am Anfang<\/strong><\/summary>\n<p>Zu Beginn des Informatik-Departements bewies Ren\u00e9 seine Weitsicht: Statt alle Studierenden in eine gemeinsame Programmier-Grundausbildung zu schicken, entschied er sich nach intensiven Gespr\u00e4chen mit uns Dozierenden f\u00fcr ein flexibles Modell mit drei Stufen. So konnten Anf\u00e4ngerinnen, technisch ausgebildete Berufsschulabg\u00e4nger und erfahrene Informatikerinnen auf ihrem jeweiligen Niveau starten \u2013 und wurden gezielt gef\u00f6rdert.<\/p>\n\n\n\n<p>Diese Entscheidung war wegweisend, weil praktisch alle Studierenden einen guten Einstieg fanden und das Departement von Anfang an wachsen konnte.<\/p>\n\n\n\n<p>Ich war damals Dozent an der HSLU Wirtschaftsinformatik und eng in die Diskussionen eingebunden. R\u00fcckblickend bin ich dankbar, dass Ren\u00e9 den Mut hatte, diesen Weg einzuschlagen \u2013 er wurde zu einem entscheidenden Pfeiler f\u00fcr die Erfolgsgeschichte des Departements.<\/p>\n<\/details>\n\n\n\n<details class=\"wp-block-details is-layout-flow wp-block-details-is-layout-flow\"><summary><strong><a href=\"https:\/\/www.linkedin.com\/in\/j%C3%B6rg-hofstetter-87219850\/\" target=\"_blank\" rel=\"noreferrer noopener\">J\u00f6rg Hofstetter<\/a> \u00fcber Optimismus, Zweifel \u2013 und einen langen Atem<\/strong><\/summary>\n<p>2014 \u00fcbernahm Ren\u00e9 die Leitung des neu aufzubauenden Departements Informatik \u2013 mit einer schweren Aufgabe und ehrgeizigen Zielen: Die Studierendenzahlen sollten sich mehr als verdoppeln. Startgelder mussten aus der Wirtschaft gewonnen werden.<\/p>\n\n\n\n<p>Viele zweifelten damals, ob das realistisch sei. Doch Ren\u00e9 ging mit Optimismus ans Werk \u2013 und erreichte die Ziele. Selbst wenn man es ihm nicht anmerkte, d\u00fcrfte ihn die Verantwortung bisweilen auch besch\u00e4ftigt haben. Oft war es wohl eine intensive Mountainbike-Tour, die ihm half, das innere Gleichgewicht wiederzufinden.<\/p>\n<\/details>\n\n\n\n<details class=\"wp-block-details is-layout-flow wp-block-details-is-layout-flow\"><summary><strong><a href=\"https:\/\/www.hslu.ch\/de-ch\/hochschule-luzern\/ueber-uns\/personensuche\/profile\/?pid=728\" target=\"_blank\" rel=\"noreferrer noopener\">Patrick R\u00f6\u00f6sli<\/a> \u00fcber das Prinzip: so viel wie n\u00f6tig, so wenig wie m\u00f6glich<\/strong><\/summary>\n<p>Nach dem Aufbau des Departements Informatik legte Ren\u00e9 2017 an der HSL dar, was seine Vorgaben f\u00fcr das neue Departement waren. Zum Thema \u00abProzesse\u00bb schrieb er: <em>\u00abAusgehend von der Aufbauorganisation werden die Abl\u00e4ufe definiert, dokumentiert und implementiert. Als Grundsatz gilt: so viel wie n\u00f6tig und so wenig wie m\u00f6glich.\u00bb<\/em><\/p>\n\n\n\n<p>Genau so habe ich Ren\u00e9 in all den Jahren erlebt: Er konzentrierte sich auf das Wesentliche, stellte das Ruder in die richtige Richtung \u2013 und liess Prozessen, Mitarbeitenden und Themen dann ihren guten und freien Lauf.<\/p>\n<\/details>\n\n\n\n<figure class=\"wp-block-pullquote\"><blockquote><p>Er schafft die Quadratur des Kreises und ist immer wieder f\u00fcr eine \u00dcberraschung gut.<\/p><cite>Hansj\u00f6rg Diethelm, hat 23 Jahre mit Ren\u00e9 H\u00fcsler zusammengearbeitet.<\/cite><\/blockquote><\/figure>\n\n\n\n<figure class=\"wp-block-image size-large\"><a href=\"https:\/\/hub.hslu.ch\/informatik\/wp-content\/blogs.dir\/632\/files\/sites\/3\/HSLU_Leitung_Immersive_Realities_Center_28-1.jpg\"><img loading=\"lazy\" decoding=\"async\" width=\"1024\" height=\"682\" src=\"https:\/\/hub.hslu.ch\/informatik\/wp-content\/blogs.dir\/632\/files\/sites\/3\/HSLU_Leitung_Immersive_Realities_Center_28-1-1024x682.jpg\" alt=\"\" class=\"wp-image-25072\" srcset=\"https:\/\/hub.hslu.ch\/informatik\/wp-content\/blogs.dir\/632\/files\/sites\/3\/HSLU_Leitung_Immersive_Realities_Center_28-1-1024x682.jpg 1024w, https:\/\/hub.hslu.ch\/informatik\/wp-content\/blogs.dir\/632\/files\/sites\/3\/HSLU_Leitung_Immersive_Realities_Center_28-1-300x200.jpg 300w, https:\/\/hub.hslu.ch\/informatik\/wp-content\/blogs.dir\/632\/files\/sites\/3\/HSLU_Leitung_Immersive_Realities_Center_28-1-768x511.jpg 768w, https:\/\/hub.hslu.ch\/informatik\/wp-content\/blogs.dir\/632\/files\/sites\/3\/HSLU_Leitung_Immersive_Realities_Center_28-1-600x399.jpg 600w, https:\/\/hub.hslu.ch\/informatik\/wp-content\/blogs.dir\/632\/files\/sites\/3\/HSLU_Leitung_Immersive_Realities_Center_28-1-928x618.jpg 928w, https:\/\/hub.hslu.ch\/informatik\/wp-content\/blogs.dir\/632\/files\/sites\/3\/HSLU_Leitung_Immersive_Realities_Center_28-1.jpg 1280w\" sizes=\"auto, (max-width: 1024px) 100vw, 1024px\" \/><\/a><figcaption class=\"wp-element-caption\"><em>Begeistert von Virtual Reality: Ren\u00e9 H\u00fcsler (rechts) unterst\u00fctzte schon fr\u00fch Immersive Technologies. Seine Nachfolgerin Sarah Hauser (links) f\u00fchrt diese Wege \u2013 und H\u00f6henfl\u00fcge \u2013 fort. <\/em><\/figcaption><\/figure>\n\n\n\n<h2 class=\"wp-block-heading\">Und was beh\u00e4lt er selbst gern in Erinnung? Ren\u00e9 H\u00fcslers Highlights <\/h2>\n\n\n\n\n\n<details class=\"wp-block-details is-layout-flow wp-block-details-is-layout-flow\"><summary><strong>Hier hebt Ren\u00e9 H\u00fcsler Momente hervor, die ihm besonders wichtig waren<\/strong><\/summary>\n<p><strong>Schweiss, Sonne, Startschuss<\/strong>: \u00abWir haben das Informatik-Departement gemeinsam gestaltet. Am Anfang haben alle Mitarbeitenden mitbestimmt und mitgestaltet. Ein Schl\u00fcsselmoment war f\u00fcr mich unser Treffen im <a href=\"https:\/\/www.caribbean-village.ch\/\" target=\"_blank\" rel=\"noreferrer noopener\">Caribbean Village<\/a> in Nottwil, einer Event-Location, die ihrem Namen alle Ehre machte. Dort war die Stimmung ebenso heiss wie die Temperaturen.\u00bb<\/p>\n\n\n\n<figure class=\"wp-block-image size-large\"><a href=\"https:\/\/hub.hslu.ch\/informatik\/wp-content\/blogs.dir\/632\/files\/sites\/3\/2025-08-12-14_48_29-Nitro-Pro.png\"><img loading=\"lazy\" decoding=\"async\" width=\"1024\" height=\"677\" src=\"https:\/\/hub.hslu.ch\/informatik\/wp-content\/blogs.dir\/632\/files\/sites\/3\/2025-08-12-14_48_29-Nitro-Pro-1024x677.png\" alt=\"\" class=\"wp-image-25006\" srcset=\"https:\/\/hub.hslu.ch\/informatik\/wp-content\/blogs.dir\/632\/files\/sites\/3\/2025-08-12-14_48_29-Nitro-Pro-1024x677.png 1024w, https:\/\/hub.hslu.ch\/informatik\/wp-content\/blogs.dir\/632\/files\/sites\/3\/2025-08-12-14_48_29-Nitro-Pro-300x198.png 300w, https:\/\/hub.hslu.ch\/informatik\/wp-content\/blogs.dir\/632\/files\/sites\/3\/2025-08-12-14_48_29-Nitro-Pro-768x507.png 768w, https:\/\/hub.hslu.ch\/informatik\/wp-content\/blogs.dir\/632\/files\/sites\/3\/2025-08-12-14_48_29-Nitro-Pro-928x613.png 928w, https:\/\/hub.hslu.ch\/informatik\/wp-content\/blogs.dir\/632\/files\/sites\/3\/2025-08-12-14_48_29-Nitro-Pro-600x396.png 600w, https:\/\/hub.hslu.ch\/informatik\/wp-content\/blogs.dir\/632\/files\/sites\/3\/2025-08-12-14_48_29-Nitro-Pro.png 1120w\" sizes=\"auto, (max-width: 1024px) 100vw, 1024px\" \/><\/a><figcaption class=\"wp-element-caption\"><em>Die Mitarbeitenden der ersten Stunde an ihrer ersten gemeinsamen Feier im Carribean Village.<\/em><\/figcaption><\/figure>\n\n\n\n<p><strong>Start im Wohnzimmer \u2013 nicht in einer Garage! \u2013 Ziel im Hochhaus: <\/strong>\u00abWir starteten zun\u00e4chst in einer Wohnung im Geb\u00e4ude Suurstoffi 8, in Rotkreuz. Von dort sind wir Schritt f\u00fcr Schritt zu einem bekannten und respektierten Departement geworden. Erst sp\u00e4ter folgte der Umzug ins Hochhaus \u2013 ein grosser Schritt in unserer Entwicklung.<\/p>\n\n\n\n<figure class=\"wp-block-image size-large\"><a href=\"https:\/\/hub.hslu.ch\/informatik\/wp-content\/blogs.dir\/632\/files\/sites\/3\/2025-08-12-14_49_10-Nitro-Pro.png\"><img loading=\"lazy\" decoding=\"async\" width=\"1024\" height=\"675\" src=\"https:\/\/hub.hslu.ch\/informatik\/wp-content\/blogs.dir\/632\/files\/sites\/3\/2025-08-12-14_49_10-Nitro-Pro-1024x675.png\" alt=\"\" class=\"wp-image-25008\" srcset=\"https:\/\/hub.hslu.ch\/informatik\/wp-content\/blogs.dir\/632\/files\/sites\/3\/2025-08-12-14_49_10-Nitro-Pro-1024x675.png 1024w, https:\/\/hub.hslu.ch\/informatik\/wp-content\/blogs.dir\/632\/files\/sites\/3\/2025-08-12-14_49_10-Nitro-Pro-300x198.png 300w, https:\/\/hub.hslu.ch\/informatik\/wp-content\/blogs.dir\/632\/files\/sites\/3\/2025-08-12-14_49_10-Nitro-Pro-768x506.png 768w, https:\/\/hub.hslu.ch\/informatik\/wp-content\/blogs.dir\/632\/files\/sites\/3\/2025-08-12-14_49_10-Nitro-Pro-928x612.png 928w, https:\/\/hub.hslu.ch\/informatik\/wp-content\/blogs.dir\/632\/files\/sites\/3\/2025-08-12-14_49_10-Nitro-Pro-600x395.png 600w, https:\/\/hub.hslu.ch\/informatik\/wp-content\/blogs.dir\/632\/files\/sites\/3\/2025-08-12-14_49_10-Nitro-Pro.png 1405w\" sizes=\"auto, (max-width: 1024px) 100vw, 1024px\" \/><\/a><figcaption class=\"wp-element-caption\"><em>Erste Sitzungen in einer Suurstoffi-Wohnung &#8211; ins Hochhaus geht&#8217;s erst sp\u00e4ter.<\/em><\/figcaption><\/figure>\n\n\n\n<p><strong>Studieng\u00e4nge mit Pioniergeist<\/strong>: \u00abUnsere Neugier hat uns immer weitergebracht. Wir haben neue <a href=\"https:\/\/www.hslu.ch\/de-ch\/informatik\/studium\/\" target=\"_blank\" rel=\"noreferrer noopener\">Studieng\u00e4nge<\/a> und <a href=\"https:\/\/www.hslu.ch\/de-ch\/informatik\/weiterbildung\/\" target=\"_blank\" rel=\"noreferrer noopener\">Weiterbildungsangebote<\/a> geschaffen, die teilweise bis heute einzigartig sind \u2013 darunter <a href=\"https:\/\/www.hslu.ch\/de-ch\/informatik\/studium\/bachelor\/digital-ideation\/\">Digital Ideation<\/a>, <a href=\"https:\/\/www.hslu.ch\/de-ch\/informatik\/studium\/bachelor\/artificial-intelligence-and-machine-learning\/\" target=\"_blank\" rel=\"noreferrer noopener\">Artificial Intelligence &amp; Machine Learning<\/a> und <a href=\"https:\/\/www.hslu.ch\/de-ch\/informatik\/studium\/bachelor\/immersive-technologies\/\" target=\"_blank\" rel=\"noreferrer noopener\">Immersive Technologies<\/a>.\u00bb<\/p>\n\n\n\n<p><strong>Wachstum in allen Dimensionen<\/strong>: \u00abDie Entwicklung des Departements hat alle Erwartungen \u00fcbertroffen: Die Zahl der Mitarbeitenden ist von 85 auf \u00fcber 330 gestiegen, die Zahl der Studierenden von 521 auf \u00fcber 1300. Die Weiterbildung ist von 12 auf 90 Angebote gewachsen. Auch die Forschung hat stark zugelegt: Das Forschungsvolumen wuchs von 3,2 auf 8,6 Millionen Franken.\u00bb<\/p>\n\n\n\n<figure class=\"wp-block-image size-full\"><a href=\"https:\/\/hub.hslu.ch\/informatik\/wp-content\/blogs.dir\/632\/files\/sites\/3\/Parmelin-HSLU-Informatik-7Ingo-Hoehn.jpg\"><img loading=\"lazy\" decoding=\"async\" width=\"534\" height=\"800\" src=\"https:\/\/hub.hslu.ch\/informatik\/wp-content\/blogs.dir\/632\/files\/sites\/3\/Parmelin-HSLU-Informatik-7Ingo-Hoehn.jpg\" alt=\"\" class=\"wp-image-25061\" srcset=\"https:\/\/hub.hslu.ch\/informatik\/wp-content\/blogs.dir\/632\/files\/sites\/3\/Parmelin-HSLU-Informatik-7Ingo-Hoehn.jpg 534w, https:\/\/hub.hslu.ch\/informatik\/wp-content\/blogs.dir\/632\/files\/sites\/3\/Parmelin-HSLU-Informatik-7Ingo-Hoehn-200x300.jpg 200w, https:\/\/hub.hslu.ch\/informatik\/wp-content\/blogs.dir\/632\/files\/sites\/3\/Parmelin-HSLU-Informatik-7Ingo-Hoehn-466x698.jpg 466w\" sizes=\"auto, (max-width: 534px) 100vw, 534px\" \/><\/a><figcaption class=\"wp-element-caption\"><em>Bundesrat Guy Parmelin an der Hochschule Luzern &#8211; Informatik<\/em><\/figcaption><\/figure>\n\n\n\n<p><strong>Ein H\u00f6hepunkt mit Bundesrat<\/strong>: \u00abEin pers\u00f6nlicher H\u00f6hepunkt war die Er\u00f6ffnung des Bachelorstudiengangs <a href=\"https:\/\/www.hslu.ch\/de-ch\/informatik\/studium\/bachelor\/information-and-cyber-security\/\" target=\"_blank\" rel=\"noreferrer noopener\">Information &amp; Cyber Security<\/a> im Jahr 2018 \u2013 <a href=\"https:\/\/www.hslu.ch\/de-ch\/hochschule-luzern\/ueber-uns\/medien\/medienmitteilungen\/2018\/10\/18\/tagung-information-cyber-security\/\" target=\"_blank\" rel=\"noreferrer noopener\">mit Bundesrat Guy Parmelin und G\u00e4sten aus den USA<\/a>.\u00bb<\/p>\n\n\n\n<p><strong>Von virtuellen Welten bis Crypto Valley: <\/strong>\u00abIch habe den Schwerpunkt auf <a href=\"https:\/\/www.hslu.ch\/de-ch\/informatik\/ueber-uns\/center-und-labs\/immersive-realities-center-hochschule-luzern\/\" target=\"_blank\" rel=\"noreferrer noopener\">Virtual Reality<\/a> stark unterst\u00fctzt. Ebenso stolz bin ich darauf, dass wir mit der <a href=\"https:\/\/cryptovalley.swiss\/\" target=\"_blank\" rel=\"noreferrer noopener\">Crypto Valley Association<\/a>, der <a href=\"https:\/\/www.hslu.ch\/de-ch\/hochschule-luzern\/ueber-uns\/medien\/medienmitteilungen\/2024\/05\/08\/blockchainzug2024\/\" target=\"_blank\" rel=\"noreferrer noopener\">Blockchain-Initiative<\/a> und <a href=\"https:\/\/www.hslu.ch\/de-ch\/informatik\/ueber-uns\/foerderung-und-partnerschaften\/kooperationen-mitgliedschaften\/\" target=\"_blank\" rel=\"noreferrer noopener\">weiteren Kooperationen<\/a> in Zug neue Wege gegangen sind.\u00bb<\/p>\n\n\n\n<p><strong>Gemeinschaft, Feiern und Erinnerung<\/strong>: \u00abUnvergesslich bleiben auch unsere internen Anl\u00e4sse \u2013 von der Er\u00f6ffnungsfeier \u00fcber das <a href=\"https:\/\/hub.hslu.ch\/informatik\/5-jahre-jubliaeum-warum-man-gerne-am-informatik-departement-arbeitet-und-feiert\/\" target=\"_blank\" rel=\"noreferrer noopener\">versp\u00e4tete F\u00fcnf-Jahr-Jubil\u00e4um<\/a> nach Corona bis zu Sommerfesten mit den Familien.\u00bb<\/p>\n\n\n\n<figure class=\"wp-block-image size-large\"><a href=\"https:\/\/hub.hslu.ch\/informatik\/wp-content\/blogs.dir\/632\/files\/sites\/3\/1657275377055_52223990636_o-1.jpg\"><img loading=\"lazy\" decoding=\"async\" width=\"683\" height=\"1024\" src=\"https:\/\/hub.hslu.ch\/informatik\/wp-content\/blogs.dir\/632\/files\/sites\/3\/1657275377055_52223990636_o-1-683x1024.jpg\" alt=\"\" class=\"wp-image-25007\" srcset=\"https:\/\/hub.hslu.ch\/informatik\/wp-content\/blogs.dir\/632\/files\/sites\/3\/1657275377055_52223990636_o-1-683x1024.jpg 683w, https:\/\/hub.hslu.ch\/informatik\/wp-content\/blogs.dir\/632\/files\/sites\/3\/1657275377055_52223990636_o-1-200x300.jpg 200w, https:\/\/hub.hslu.ch\/informatik\/wp-content\/blogs.dir\/632\/files\/sites\/3\/1657275377055_52223990636_o-1-768x1152.jpg 768w, https:\/\/hub.hslu.ch\/informatik\/wp-content\/blogs.dir\/632\/files\/sites\/3\/1657275377055_52223990636_o-1-1024x1536.jpg 1024w, https:\/\/hub.hslu.ch\/informatik\/wp-content\/blogs.dir\/632\/files\/sites\/3\/1657275377055_52223990636_o-1-465x698.jpg 465w, https:\/\/hub.hslu.ch\/informatik\/wp-content\/blogs.dir\/632\/files\/sites\/3\/1657275377055_52223990636_o-1-600x900.jpg 600w, https:\/\/hub.hslu.ch\/informatik\/wp-content\/blogs.dir\/632\/files\/sites\/3\/1657275377055_52223990636_o-1.jpg 1200w\" sizes=\"auto, (max-width: 683px) 100vw, 683px\" \/><\/a><figcaption class=\"wp-element-caption\"><em>Ren\u00e9 H\u00fcsler 2022 an der F\u00fcnf-Jahres-Feier des Informatik-Departements (Bild: Hansj\u00f6rg Diethelm). <\/em><\/figcaption><\/figure>\n\n\n\n<p><strong>Lernen aus der Krise<\/strong>: \u00abDie Erfahrungen aus der Corona-Zeit haben wir positiv genutzt und verstetigt. Heute sind hybride Formen und digitale Lehrmodelle selbstverst\u00e4ndlicher Teil unserer Arbeit und Lehre.\u00bb <\/p>\n<\/details>\n\n\n\n<figure class=\"wp-block-pullquote\"><blockquote><p>Er weiss nicht, ob es reicht, aber er vertraut auf den Schwung.<\/p><cite>Sarah Hauser, ab September 2025 die neue Direktorin der Hochschule Luzern &#8211; Informatik<\/cite><\/blockquote><\/figure>\n\n\n\n<h2 class=\"wp-block-heading\">Enabler-Momente: Das hat Ren\u00e9 H\u00fcsler m\u00f6glich gemacht<\/h2>\n\n\n\n<p>Nach diesen Highlights wird klar: Ren\u00e9 H\u00fcsler war nicht nur ein Gestalter, sondern vor allem ein Erm\u00f6glicher. Immer wieder hat er Ideen befl\u00fcgelt, R\u00e4ume ge\u00f6ffnet und Vertrauen geschenkt. Ob bei neuen Studieng\u00e4ngen und Weiterbildungsangeboten, beim Aufbau des <a href=\"https:\/\/hub.hslu.ch\/informatik\/neues-applied-ai-center-der-hslu-ki-fuer-die-praxis\/\" target=\"_blank\" rel=\"noreferrer noopener\">Applied AI Centers<\/a>, beim <a href=\"https:\/\/www.hslu.ch\/de-ch\/informatik\/forschung\/labs\/systems-and-software\/internet-of-things\/\" target=\"_blank\" rel=\"noreferrer noopener\">Internet of Things (IoT)<\/a> oder <a href=\"https:\/\/www.hslu.ch\/de-ch\/informatik\/ueber-uns\/mint-foerderung\/\" target=\"_blank\" rel=\"noreferrer noopener\">MINT-Initiativen<\/a> \u2013 dieses \u00abGo-for-it\u00bb-Mindset pr\u00e4gte das Departement. In den folgenden Aufklapp-Abschnitten erz\u00e4hlen Mitarbeitende, welche Projekte Ren\u00e9 H\u00fcsler als Enabler auf den Weg gebracht hat.<\/p>\n\n\n\n<details class=\"wp-block-details is-layout-flow wp-block-details-is-layout-flow\"><summary><strong><a href=\"https:\/\/www.hslu.ch\/de-ch\/hochschule-luzern\/ueber-uns\/personensuche\/profile\/?pid=5178\" target=\"_blank\" rel=\"noreferrer noopener\">Nathaly Tschanz<\/a> \u00fcber das \u00abGo for it\u00bb zum Start eines Bachelors Immersive Technologies<\/strong><\/summary>\n<p>Ich werde den Tag nie vergessen, an dem ich der Departementsleitung meine Szenarien f\u00fcr einen neuen Bachelorstudiengang pr\u00e4sentierte \u2013 und noch in derselben Sitzung das Go von Ren\u00e9 und unserem Leitungsgremium erhielt: Ich bekam den Auftrag, ein Konzept f\u00fcr einen eigenen <a href=\"https:\/\/www.hslu.ch\/de-ch\/informatik\/studium\/bachelor\/immersive-technologies\/\">Studiengang in Immersive Technologies<\/a> zu entwickeln. Das war alles andere als selbstverst\u00e4ndlich. Es zeugt von Entschlossenheit, Weitsicht und Mut, auch Risiken einzugehen, ganz nach dem Motto: \u00abGo for it!\u00bb<\/p>\n\n\n\n<p>Der Weg dahin begann im <a href=\"https:\/\/sites.hslu.ch\/immersive-realities\/\" target=\"_blank\" rel=\"noreferrer noopener\">Immersive Reality Center<\/a> mit einem Major, also einer Vertiefungsrichtung in Augmented und Virtual Reality in den Studieng\u00e4ngen Informatik und Wirtschaftsinformatik. Bald zeigte sich jedoch, dass dieses Modell nicht optimal funktionierte. Unser Bereich verbindet Technologie, Design und Psychologie \u2013 und deshalb denkt und arbeitet unsere Zielgruppe etwas anders. Als Programmleiterin in der Weiterbildung hatte ich bereits zwei CAS in Augmented Reality und Virtual Reality aufgebaut. So baten mich meine Kolleginnen und Kollegen, verschiedene Szenarien zu entwickeln, wie sich das Thema besser in der Lehre verankern liesse.<\/p>\n<\/details>\n\n\n\n<details class=\"wp-block-details is-layout-flow wp-block-details-is-layout-flow\"><summary><strong><a href=\"https:\/\/www.hslu.ch\/de-ch\/hochschule-luzern\/ueber-uns\/personensuche\/profile\/?pid=4717\" target=\"_blank\" rel=\"noreferrer noopener\">Donnacha Daly<\/a> \u00fcber die Vision zum Applied AI Center<\/strong><\/summary>\n<p>2020, lange bevor ChatGPT in unser Leben kam, lancierte die HSLU den <a href=\"https:\/\/www.hslu.ch\/de-ch\/informatik\/studium\/bachelor\/artificial-intelligence-and-machine-learning\/\" target=\"_blank\" rel=\"noreferrer noopener\">ersten KI-Bachelor in der Schweiz<\/a>. 2024 folgte das<a href=\"https:\/\/hub.hslu.ch\/informatik\/neues-applied-ai-center-der-hslu-ki-fuer-die-praxis\/\" target=\"_blank\" rel=\"noreferrer noopener\"> Applied AI Center<\/a> \u2013 heute eine nationale Spitzenadresse f\u00fcr reale Anwendungen in der Industrie. In beiden F\u00e4llen war Ren\u00e9 der Wegbereiter: Er erm\u00f6glichte unserem Expertinnen- und Experten-Team, diese Initiativen zu Erfolgsgeschichten zu machen. Danke, Ren\u00e9, f\u00fcr deine Visionen und deine Unterst\u00fctzung!<\/p>\n<\/details>\n\n\n\n<details class=\"wp-block-details is-layout-flow wp-block-details-is-layout-flow\"><summary><strong><a href=\"https:\/\/www.hslu.ch\/de-ch\/hochschule-luzern\/ueber-uns\/personensuche\/profile\/?pid=4083\" target=\"_blank\" rel=\"noreferrer noopener\">Angela Nicoara<\/a> \u00fcber Silicon Valley Spirit in der Zentralschweiz \u2013 und ein Enabler f\u00fcr IoT<\/strong><\/summary>\n<p>Mit Ren\u00e9 H\u00fcsler bekam unser Departement einen Hauch Silicon Valley: Aufbruch, Mut und der Puls, Neues zu wagen. Er vertraut seinen Mitarbeitenden und f\u00f6rdert sie auf ihrem Weg. Dieses Vertrauen habe auch ich gesp\u00fcrt \u2013 von Anfang an. <br><br>Er hat es mir erm\u00f6glicht, das IoT Innovation Lab und die<a href=\"https:\/\/www.hslu.ch\/en\/lucerne-school-of-information-technology\/research\/labs\/systems-and-software\/internet-of-things\/\" target=\"_blank\" rel=\"noreferrer noopener\"> IoT Research Group<\/a> von Grund auf aufzubauen und neue Lehrangebote in IoT und Edge-to-Cloud-Technologien zu entwickeln. Er hat Br\u00fccken zwischen Forschung und Industrie gef\u00f6rdert, T\u00fcren zu f\u00fchrenden Pers\u00f6nlichkeiten ge\u00f6ffnet \u2013 und er hat mich stark unterst\u00fctzt auf meinem Weg zur Professorin und in eine leitende Rolle.<\/p>\n<\/details>\n\n\n\n<details class=\"wp-block-details is-layout-flow wp-block-details-is-layout-flow\"><summary><strong><a href=\"http:\/\/uf den Schwung vertraut\" target=\"_blank\" rel=\"noreferrer noopener\">Sarah Hauser<\/a> \u00fcber einen, der auf den Schwung vertraut<\/strong><\/summary>\n<p>Ren\u00e9 denkt schnell und blickt nach vorn. Wo an Hochschulen vieles mehrfach diskutiert und abgewogen wird, sieht Ren\u00e9 den Weg \u2013 und vertraut auf sein Team. Das habe ich besonders bei neuen Ausbildungsangeboten erlebt: von Immersive Technologies \u00fcber zwei neue Master bis hin zur Neukonzeption der <a href=\"https:\/\/www.hslu.ch\/de-ch\/informatik\/studium\/voraussetzungen\/wirtschaftsinformatik\/\" target=\"_blank\" rel=\"noreferrer noopener\">Wirtschaftsinformatik<\/a> und erfolgreichen <a href=\"https:\/\/www.hslu.ch\/de-ch\/informatik\/international\/double-degree\/\" target=\"_blank\" rel=\"noreferrer noopener\">Double-Degree-Partnerschaften<\/a>.<\/p>\n\n\n\n<p>Ein Bild passt perfekt zu Ren\u00e9: Er f\u00e4hrt mit dem Velo auf eine breite Wasserlache zu. Statt zu z\u00f6gern, nimmt er Anlauf, zieht die Beine hoch \u2013 und kommt trocken auf der anderen Seite an. Er weiss nicht, ob es reicht, aber er vertraut auf den Schwung.<\/p>\n\n\n\n<figure class=\"wp-block-image size-large\"><a href=\"https:\/\/hub.hslu.ch\/informatik\/wp-content\/blogs.dir\/632\/files\/sites\/3\/HSLU_Leitung_Flipchart_etc_13.jpg\"><img loading=\"lazy\" decoding=\"async\" width=\"1024\" height=\"682\" src=\"https:\/\/hub.hslu.ch\/informatik\/wp-content\/blogs.dir\/632\/files\/sites\/3\/HSLU_Leitung_Flipchart_etc_13-1024x682.jpg\" alt=\"\" class=\"wp-image-25063\" srcset=\"https:\/\/hub.hslu.ch\/informatik\/wp-content\/blogs.dir\/632\/files\/sites\/3\/HSLU_Leitung_Flipchart_etc_13-1024x682.jpg 1024w, https:\/\/hub.hslu.ch\/informatik\/wp-content\/blogs.dir\/632\/files\/sites\/3\/HSLU_Leitung_Flipchart_etc_13-300x200.jpg 300w, https:\/\/hub.hslu.ch\/informatik\/wp-content\/blogs.dir\/632\/files\/sites\/3\/HSLU_Leitung_Flipchart_etc_13-768x511.jpg 768w, https:\/\/hub.hslu.ch\/informatik\/wp-content\/blogs.dir\/632\/files\/sites\/3\/HSLU_Leitung_Flipchart_etc_13-600x399.jpg 600w, https:\/\/hub.hslu.ch\/informatik\/wp-content\/blogs.dir\/632\/files\/sites\/3\/HSLU_Leitung_Flipchart_etc_13-928x618.jpg 928w, https:\/\/hub.hslu.ch\/informatik\/wp-content\/blogs.dir\/632\/files\/sites\/3\/HSLU_Leitung_Flipchart_etc_13.jpg 1280w\" sizes=\"auto, (max-width: 1024px) 100vw, 1024px\" \/><\/a><figcaption class=\"wp-element-caption\"><em>Die Leitung der Hochschule Luzern &#8211; Informatik <em>(von links nach rechts): <\/em>Eckart Zitzler, der scheidende Ren\u00e9 H\u00fcsler, seine Nachfolgerin Sarah Hauser und Ursula Sury.<\/em><\/figcaption><\/figure>\n<\/details>\n\n\n\n<details class=\"wp-block-details is-layout-flow wp-block-details-is-layout-flow\"><summary><strong><a href=\"https:\/\/www.hslu.ch\/de-ch\/hochschule-luzern\/ueber-uns\/personensuche\/profile\/?pid=4822\" target=\"_blank\" rel=\"noreferrer noopener\">Tim Schmid<\/a> \u00fcber einen Direktor, der auch die J\u00fcngsten ernst nimmt<\/strong><\/summary>\n<p>Ren\u00e9 hat die MINT-F\u00f6rderung und die Berufsbildung stets unterst\u00fctzt \u2013 indem er unsere Ideen immer ernst nahm. Die <a href=\"https:\/\/www.hslu.ch\/de-ch\/informatik\/ueber-uns\/mint-foerderung\/\" target=\"_blank\" rel=\"noreferrer noopener\">F\u00f6rderung von MINT<\/a> (Mathematik, Informatik, Naturwissenschaft und Technik) liegt uns im Informatikdepartement am Herzen. Wir organisieren Events, Workshops und Angeboten. Wir zeigen Kindern und Jugendlichen die faszinierende Welt von MINT &#8211; Ren\u00e9 hat uns dazu immer R\u00fcckenwind gegeben.<\/p>\n\n\n\n<figure class=\"wp-block-image size-full\"><a href=\"https:\/\/hub.hslu.ch\/informatik\/wp-content\/blogs.dir\/632\/files\/sites\/3\/LEGO-League-20-131\u252c\u00aeIngo-Hoehn-928x619-1.jpg\"><img loading=\"lazy\" decoding=\"async\" width=\"928\" height=\"619\" src=\"https:\/\/hub.hslu.ch\/informatik\/wp-content\/blogs.dir\/632\/files\/sites\/3\/LEGO-League-20-131\u252c\u00aeIngo-Hoehn-928x619-1.jpg\" alt=\"\" class=\"wp-image-25078\" srcset=\"https:\/\/hub.hslu.ch\/informatik\/wp-content\/blogs.dir\/632\/files\/sites\/3\/LEGO-League-20-131\u252c\u00aeIngo-Hoehn-928x619-1.jpg 928w, https:\/\/hub.hslu.ch\/informatik\/wp-content\/blogs.dir\/632\/files\/sites\/3\/LEGO-League-20-131\u252c\u00aeIngo-Hoehn-928x619-1-300x200.jpg 300w, https:\/\/hub.hslu.ch\/informatik\/wp-content\/blogs.dir\/632\/files\/sites\/3\/LEGO-League-20-131\u252c\u00aeIngo-Hoehn-928x619-1-768x512.jpg 768w, https:\/\/hub.hslu.ch\/informatik\/wp-content\/blogs.dir\/632\/files\/sites\/3\/LEGO-League-20-131\u252c\u00aeIngo-Hoehn-928x619-1-600x400.jpg 600w\" sizes=\"auto, (max-width: 928px) 100vw, 928px\" \/><\/a><figcaption class=\"wp-element-caption\">Interessiert am Nachwuchs: Direktor Ren\u00e9 H\u00fcsler (links) studiert als Gutachter ein \u00abZukunftshaus\u00bb eines Kinder-Teams an der <a href=\"https:\/\/hub.hslu.ch\/informatik\/forscherdrang-in-reinkultur\/\" target=\"_blank\" rel=\"noreferrer noopener\">First Lego League Junio (FLL) 2020 in Rotkreuz<\/a> (Bild: Ingo Hoehn).<\/figcaption><\/figure>\n<\/details>\n\n\n\n<details class=\"wp-block-details is-layout-flow wp-block-details-is-layout-flow\"><summary><strong><a href=\"https:\/\/www.hslu.ch\/de-ch\/hochschule-luzern\/ueber-uns\/personensuche\/profile\/?pid=4300\" target=\"_blank\" rel=\"noreferrer noopener\">Nina Bl\u00e4tter<\/a> \u00fcber den Mut zu ungew\u00f6hnlichen Entscheiden f\u00fcr Mitarbeitende und Studierende<\/strong><\/summary>\n<p>Als Pr\u00e4sidentin der Mitwirkungskommission (MWK) seit 2021 habe ich Ren\u00e9 als Direktor erlebt, der grosse strategische Entscheide f\u00fcr das Departement Informatik gef\u00e4llt hat \u2013 und gleichzeitig den Mut hatte, auch in ungew\u00f6hnlichen oder umstrittenen Fragen neue Wege zu gehen. So etwa bei den All-Gender-Toiletten, den Menstruationsartikeln, den Stickern in den Toiletten, den unkonventionellen Departements-Seminaren und vielem mehr. Die MWK wird Ren\u00e9 vermissen und w\u00fcnscht ihm f\u00fcr seine neuen Aufgaben alles Gute. Die Mitwirkungskommission der HSLU vertritt die Anliegen und Interessen der Mitarbeitenden. <\/p>\n\n\n\n<figure class=\"wp-block-image size-large\"><a href=\"https:\/\/hub.hslu.ch\/informatik\/wp-content\/blogs.dir\/632\/files\/sites\/3\/2025-08-28-09_02_48-.JPG-ACDSee-Quick-View.png\"><img loading=\"lazy\" decoding=\"async\" width=\"1024\" height=\"647\" src=\"https:\/\/hub.hslu.ch\/informatik\/wp-content\/blogs.dir\/632\/files\/sites\/3\/2025-08-28-09_02_48-.JPG-ACDSee-Quick-View-1024x647.png\" alt=\"\" class=\"wp-image-25095\" srcset=\"https:\/\/hub.hslu.ch\/informatik\/wp-content\/blogs.dir\/632\/files\/sites\/3\/2025-08-28-09_02_48-.JPG-ACDSee-Quick-View-1024x647.png 1024w, https:\/\/hub.hslu.ch\/informatik\/wp-content\/blogs.dir\/632\/files\/sites\/3\/2025-08-28-09_02_48-.JPG-ACDSee-Quick-View-300x189.png 300w, https:\/\/hub.hslu.ch\/informatik\/wp-content\/blogs.dir\/632\/files\/sites\/3\/2025-08-28-09_02_48-.JPG-ACDSee-Quick-View-768x485.png 768w, https:\/\/hub.hslu.ch\/informatik\/wp-content\/blogs.dir\/632\/files\/sites\/3\/2025-08-28-09_02_48-.JPG-ACDSee-Quick-View-928x586.png 928w, https:\/\/hub.hslu.ch\/informatik\/wp-content\/blogs.dir\/632\/files\/sites\/3\/2025-08-28-09_02_48-.JPG-ACDSee-Quick-View-600x379.png 600w, https:\/\/hub.hslu.ch\/informatik\/wp-content\/blogs.dir\/632\/files\/sites\/3\/2025-08-28-09_02_48-.JPG-ACDSee-Quick-View.png 1286w\" sizes=\"auto, (max-width: 1024px) 100vw, 1024px\" \/><\/a><figcaption class=\"wp-element-caption\"><em>An den j\u00e4hrlichen Departementsseminaren setzen sich alle Mitarbeitenden mit aktuellen Themen auseinander: 2021 stand das Seminar unter dem Motto \u00abDiversity\u00bb.<\/em> <em>Nina Bl\u00e4tter (dritte von links) steht hier neben der Drag Queen <a href=\"https:\/\/www.monagamie.ch\/\" target=\"_blank\" rel=\"noreferrer noopener\">Mona Gamie<\/a>, die das Auftaktreferat gehalten hat. <\/em><\/figcaption><\/figure>\n<\/details>\n\n\n\n<details class=\"wp-block-details is-layout-flow wp-block-details-is-layout-flow\"><summary><strong><a href=\"https:\/\/www.hslu.ch\/de-ch\/hochschule-luzern\/ueber-uns\/personensuche\/profile\/?pid=4712\" target=\"_blank\" rel=\"noreferrer noopener\">Yasmin Billeter<\/a> \u00fcber Star-Wars- und Go-for-IT-Spirit<\/strong><\/summary>\n<p>Ren\u00e9 hat den <a href=\"https:\/\/hub.hslu.ch\/informatik\/\" target=\"_blank\" rel=\"noreferrer noopener\">Informatik-Blog<\/a> ins Leben gerufen. Es hat unsere <a href=\"https:\/\/www.linkedin.com\/showcase\/hochschule-luzern-informatik\/\" target=\"_blank\" rel=\"noreferrer noopener\">LinkedIn-Fokus-Seite<\/a> aufgebaut und die Nachhaltigkeitsanliegen unseres <a href=\"https:\/\/www.hslu.ch\/de-ch\/informatik\/ueber-uns\/nachhaltigkeit\/\" target=\"_blank\" rel=\"noreferrer noopener\">Impact Teams<\/a> von Anfang an gef\u00f6rdert. Er verk\u00f6rpert den \u00abGo-for-IT\u00bb-Spirit: ikonisch wie Star Wars, sympathisch mit dem Velo unterwegs, gerne Cola trinkend \u2013 und immer authentisch.<\/p>\n<\/details>\n\n\n\n<details class=\"wp-block-details is-layout-flow wp-block-details-is-layout-flow\"><summary><strong><a href=\"https:\/\/www.hslu.ch\/de-ch\/hochschule-luzern\/ueber-uns\/personensuche\/profile\/?pid=1275\" target=\"_blank\" rel=\"noreferrer noopener\">Jana Koehler<\/a> \u00fcber Pepper, ein Experiment auf der Rigi und Cognitive Robotics<\/strong><\/summary>\n<p>Ren\u00e9 war immer f\u00fcr ungew\u00f6hnliche Ideen zu haben. Er hat es uns zum Beispiel erm\u00f6glicht, dass wir bereits 2016 zwei<a href=\"https:\/\/hub.hslu.ch\/informatik\/mit-pepper-in-die-zukunft\/\"> humanoide Roboter vom Typ Pepper<\/a> kaufen konnten. Ich leitete damals eines der ersten Forschungslabore. Die beiden Pepper wurden bald zu Maskottchen unsere <a href=\"https:\/\/www.hslu.ch\/de-ch\/informatik\/studium\/bachelor\/artificial-intelligence-and-machine-learning\/\" target=\"_blank\" rel=\"noreferrer noopener\">AIML<\/a>-Studiengangs (Bachelor in Artificial Intelligence &amp; Machine Learning). F\u00fcr ein Experiment standen sie bereits im Winter 2016 f\u00fcr einen Tag auf der Rigi und gaben Touristinnen und Touristen Auskunft. Sie begr\u00fcndeten unser erstes Modul in AI &amp; Robotik \u2013 damals noch \u00abCognitive Robotics\u00bb.<\/p>\n\n\n\n<figure class=\"wp-block-image size-large\"><a href=\"https:\/\/hub.hslu.ch\/informatik\/wp-content\/blogs.dir\/632\/files\/sites\/3\/DSF3948.jpg\"><img loading=\"lazy\" decoding=\"async\" width=\"1024\" height=\"682\" src=\"https:\/\/hub.hslu.ch\/informatik\/wp-content\/blogs.dir\/632\/files\/sites\/3\/DSF3948-1024x682.jpg\" alt=\"\" class=\"wp-image-25064\" srcset=\"https:\/\/hub.hslu.ch\/informatik\/wp-content\/blogs.dir\/632\/files\/sites\/3\/DSF3948-1024x682.jpg 1024w, https:\/\/hub.hslu.ch\/informatik\/wp-content\/blogs.dir\/632\/files\/sites\/3\/DSF3948-300x200.jpg 300w, https:\/\/hub.hslu.ch\/informatik\/wp-content\/blogs.dir\/632\/files\/sites\/3\/DSF3948-768x512.jpg 768w, https:\/\/hub.hslu.ch\/informatik\/wp-content\/blogs.dir\/632\/files\/sites\/3\/DSF3948-600x400.jpg 600w, https:\/\/hub.hslu.ch\/informatik\/wp-content\/blogs.dir\/632\/files\/sites\/3\/DSF3948-928x618.jpg 928w, https:\/\/hub.hslu.ch\/informatik\/wp-content\/blogs.dir\/632\/files\/sites\/3\/DSF3948.jpg 1280w\" sizes=\"auto, (max-width: 1024px) 100vw, 1024px\" \/><\/a><figcaption class=\"wp-element-caption\"><em>Roboter Pepper bereichert als Mascottchen das Departement.<\/em><\/figcaption><\/figure>\n<\/details>\n\n\n\n<figure class=\"wp-block-pullquote\"><blockquote><p>Von Ren\u00e9 habe ich gelernt, Termine nicht einfach nur wahrzunehmen, sondern sie wie ein Hochleistungsdrucker im Turbomodus abzuarbeiten: zack, zack, zack \u2013 jeder Slot sitzt, kein Papierstau, keine Verz\u00f6gerung.<\/p><cite>Simone Brun, Assistentin Vizedirektion Weiterbildung<\/cite><\/blockquote><\/figure>\n\n\n\n<h2 class=\"wp-block-heading\">Ein Weggef\u00e4hrten, den man ungern ziehen l\u00e4sst: Was wir an ihm sch\u00e4tzten<\/h2>\n\n\n\n<p>Nach all den Momenten, in denen Ren\u00e9 Neues m\u00f6glich gemacht hat, f\u00e4llt noch etwas anderes auf: seine besondere Arbeitsweise. Manche erinnern sich an seinen \u00abZack-Zack-Modus\u00bb. Andere betonen seine pragmatische Seite: Er probierte lieber aus und baute bei Bedarf wieder um, statt endlos zu diskutieren. Dazu \u00e4ussern sich in den folgenden Aufklapp-Abschnitten etwa <a href=\"https:\/\/www.hslu.ch\/de-ch\/hochschule-luzern\/ueber-uns\/personensuche\/profile\/?pid=3223\" target=\"_blank\" rel=\"noreferrer noopener\">Christine B\u00f6ckelmann<\/a>, Direktorin des Departements Wirtschaft, und <a href=\"https:\/\/www.eglivonmatt.ch\/ueber-mich\/\" target=\"_blank\" rel=\"noreferrer noopener\">Silvia Egli von Matt<\/a>, ehemalige <a href=\"https:\/\/www.hslu.ch\/de-ch\/hochschule-luzern\/ueber-uns\/leitung-und-organisation\/\" target=\"_blank\" rel=\"noreferrer noopener\">Fachhochschulr\u00e4tin<\/a>. Stimmen kommen auch von Mitarbeiterinnen, die \u00fcber Jahre Pult an Pult mit ihm arbeiteten.<\/p>\n\n\n\n<details class=\"wp-block-details is-layout-flow wp-block-details-is-layout-flow\"><summary><strong><a href=\"https:\/\/www.linkedin.com\/in\/susie-zai-06228583\/?originalSubdomain=ch\" target=\"_blank\" rel=\"noreferrer noopener\">Susie Zai<\/a> \u00fcber Krypto, Finanzen und ein K\u00e4sseli f\u00fcr gute Ideen<\/strong><\/summary>\n<p>Ren\u00e9 war Gr\u00fcndungsmitglied der Crypto Valley Association und mehrere Jahre im Vorstand, wo er die Finanzen leitete. Daraus entstand sp\u00e4ter auch die Crypto Valley Conference. In den ersten beiden Jahren f\u00fchrten wir gemeinsam die Buchhaltung. Ich war damals noch seine Assistentin und schrieb jeweils am Abend die Protokolle der Vorstandssitzungen. Sogar die Teilnahmegeb\u00fchren f\u00fcr die Conference konnten in verschiedensten Kryptow\u00e4hrungen bezahlt werden \u2013 mit allen Kursschwankungen, die das mit sich brachte. Ren\u00e9 machte es m\u00f6glich.<\/p>\n\n\n\n<p>Auch im Departement Informatik wusste er fr\u00fch, wo Investitionen n\u00f6tig waren. So ging das Departement bald eine Zusammenarbeit mit der Firma EON im Bereich Immersive Realities ein \u2013 Jahre sp\u00e4ter entstand daraus sogar ein Bachelor-Studiengang.<\/p>\n\n\n\n<p>Legend\u00e4r ist auch die Gr\u00fcndung der \u00ab<a href=\"https:\/\/stair.ch\/docker-bar\/\" target=\"_blank\" rel=\"noreferrer noopener\">Dockerbar<\/a>\u00bb auf dem Campus Rotkreuz: Ren\u00e9 sprach das Geld f\u00fcr ihre Anschaffung. \u00dcberhaupt fand er immer Wege, Projekte zu erm\u00f6glichen \u2013 manchmal, weil sich irgendwo noch ein K\u00e4sseli fand.<\/p>\n<\/details>\n\n\n\n<details class=\"wp-block-details is-layout-flow wp-block-details-is-layout-flow\"><summary><strong><a href=\"https:\/\/www.hslu.ch\/de-ch\/hochschule-luzern\/ueber-uns\/personensuche\/profile\/?pid=4014\" target=\"_blank\" rel=\"noreferrer noopener\">Simone Brun<\/a> \u00fcber Effizienz im Zack-Zack-Modus<\/strong><\/summary>\n<p>Von Ren\u00e9 habe ich gelernt, Termine nicht einfach nur wahrzunehmen, sondern sie wie ein Hochleistungsdrucker im Turbomodus abzuarbeiten: zack, zack, zack \u2013 jeder Slot sitzt, kein Papierstau, keine Verz\u00f6gerung. Wenn Effizienz eine olympische Disziplin w\u00e4re, h\u00e4tte Ren\u00e9 l\u00e4ngst Gold geholt \u2013 r\u00fcckw\u00e4rts, mit verbundenen Augen und einem Tee in der Hand.<\/p>\n<\/details>\n\n\n\n<details class=\"wp-block-details is-layout-flow wp-block-details-is-layout-flow\"><summary><strong><a href=\"https:\/\/www.hslu.ch\/de-ch\/hochschule-luzern\/ueber-uns\/personensuche\/profile\/?pid=3223\" target=\"_blank\" rel=\"noreferrer noopener\">Christine B\u00f6ckelmann<\/a> \u00fcber den \u00abTechniker\u00bb, der schrauben und auch wieder l\u00f6sen kann<\/strong><\/summary>\n<p>Ren\u00e9 ist pragmatisch und handlungsorientiert: lieber machen und sehen, was geschieht, statt lange diskutieren. Geht dabei einmal etwas schief, ist das selten schlimm \u2013 er findet einen Weg, es wieder geradezubiegen. Auch im Hochschulmanagement steckt noch etwas der \u00abTechniker\u00bb in ihm: Man kann mal etwas aust\u00fcfteln, und wenn es dann nicht passt, dann nimmt man die Teile nochmals auseinander und verbindet sie neu. Diese Gelassenheit erm\u00f6glicht Kreativit\u00e4t und Mut f\u00fcr Neues.<\/p>\n<\/details>\n\n\n\n<details class=\"wp-block-details is-layout-flow wp-block-details-is-layout-flow\"><summary><strong><a href=\"https:\/\/www.linkedin.com\/in\/sylvia-egli-von-matt-99745a15\/\" target=\"_blank\" rel=\"noreferrer noopener\">Silvia Egli von Matt<\/a> \u00fcber Nizza, Optimieren und den Fachhochschulrat<\/strong><\/summary>\n<p>Zu Ren\u00e9 kommen mir zwei Bilder in den Sinn: Das erste zeigt ihn an Fachhochschulrats-Sitzungen \u2013 mit leuchtenden Augen, eloquenten Pr\u00e4sentationen, schwarzen Zahlen und stylischem Hemd. Wenig sp\u00e4ter \u2013 \u00a0meistens\u00a0\u2013 ein \u00fcberzeugtes Ja von uns zu einem weiteren Ren\u00e9-Team-Projekt, das die HSLU in eine eigene Technik- oder Informatik-Liga f\u00fchrt. Und wenn das\u00a0Okay\u00a0nicht kommt? Dann erscheint Ren\u00e9 bei einer der n\u00e4chsten Sitzungen wieder \u2013 mit schlauen Optimierungen und einem anderen stylischen Hemd.<br><br>Das zweite Bild f\u00fchrt nach Nizza, wo Ren\u00e9 sich sprachlich auf seine zweite Direktionsstelle vorbereitet:\u00a0Kommune\u00a0Sprachschule, keine Sonderbehandlung, sondern allgemeine Klasse und Gastfamilie. Abends strampelt er mit einem schweren, eher lausigen Publibike hoch zur Corniche. Und wenn wir uns gelegentlich zu dritt zum Nachtessen treffen \u2013 ich frische mein Franz\u00f6sisch gleichzeitig an der C\u00f4te auf \u2013 gibt es zwar feines Essen und passenden Wein. Gespr\u00e4chsstoff aber bilden \u2013 wen wundert\u2019s \u2013 neue Ideen f\u00fcr die HSLU.<\/p>\n<\/details>\n\n\n\n<figure class=\"wp-block-pullquote\"><blockquote><p>Er konzentrierte sich auf das Wesentliche, stellte das Ruder in die richtige Richtung \u2013 und liess Prozessen, Mitarbeitenden und Themen dann ihren guten und freien Lauf.<\/p><cite>Patrick R\u00f6\u00f6sli, Generalsekret\u00e4r, Hochschule Luzern<\/cite><\/blockquote><\/figure>\n\n\n\n<p>Lieber Ren\u00e9, danke f\u00fcr alles, was du m\u00f6glich gemacht hast. Du bleibst f\u00fcr uns ein Wegbereiter \u2013 und gehst doch weiter. Wir w\u00fcnschen dir Freude und Erfolg auf deinem neuen Weg.<\/p>\n\n\n\n<figure class=\"wp-block-image size-large\"><a href=\"https:\/\/hub.hslu.ch\/informatik\/wp-content\/blogs.dir\/632\/files\/sites\/3\/2025-08-26-18_08_17-HSLU_Ren-_H-sler_11.jpg-ACDSee-Quick-View-1.png\"><img loading=\"lazy\" decoding=\"async\" width=\"1024\" height=\"680\" src=\"https:\/\/hub.hslu.ch\/informatik\/wp-content\/blogs.dir\/632\/files\/sites\/3\/2025-08-26-18_08_17-HSLU_Ren-_H-sler_11.jpg-ACDSee-Quick-View-1-1024x680.png\" alt=\"\" class=\"wp-image-25071\" srcset=\"https:\/\/hub.hslu.ch\/informatik\/wp-content\/blogs.dir\/632\/files\/sites\/3\/2025-08-26-18_08_17-HSLU_Ren-_H-sler_11.jpg-ACDSee-Quick-View-1-1024x680.png 1024w, https:\/\/hub.hslu.ch\/informatik\/wp-content\/blogs.dir\/632\/files\/sites\/3\/2025-08-26-18_08_17-HSLU_Ren-_H-sler_11.jpg-ACDSee-Quick-View-1-300x199.png 300w, https:\/\/hub.hslu.ch\/informatik\/wp-content\/blogs.dir\/632\/files\/sites\/3\/2025-08-26-18_08_17-HSLU_Ren-_H-sler_11.jpg-ACDSee-Quick-View-1-768x510.png 768w, https:\/\/hub.hslu.ch\/informatik\/wp-content\/blogs.dir\/632\/files\/sites\/3\/2025-08-26-18_08_17-HSLU_Ren-_H-sler_11.jpg-ACDSee-Quick-View-1-928x616.png 928w, https:\/\/hub.hslu.ch\/informatik\/wp-content\/blogs.dir\/632\/files\/sites\/3\/2025-08-26-18_08_17-HSLU_Ren-_H-sler_11.jpg-ACDSee-Quick-View-1-600x398.png 600w, https:\/\/hub.hslu.ch\/informatik\/wp-content\/blogs.dir\/632\/files\/sites\/3\/2025-08-26-18_08_17-HSLU_Ren-_H-sler_11.jpg-ACDSee-Quick-View-1.png 1279w\" sizes=\"auto, (max-width: 1024px) 100vw, 1024px\" \/><\/a><figcaption class=\"wp-element-caption\"><em>Schenkte Mitarbeitenden viel Vertrauen und stellte sich hinter sie: Auf diesem Bild steht Ren\u00e9 H\u00fcsler indes vor den Polaroid-Bildern aller Kolleginnen und Kollegen. <\/em><\/figcaption><\/figure>\n\n\n\n<p>Von: <a href=\"https:\/\/www.hslu.ch\/de-ch\/hochschule-luzern\/ueber-uns\/personensuche\/profile\/?pid=4745\" target=\"_blank\" rel=\"noreferrer noopener\">Gabriela Bonin<\/a><br>Ver\u00f6ffentlicht am: 29. August 2025<\/p>\n\n\n\n<ul class=\"wp-block-list\">\n<li>Bilder von <a href=\"https:\/\/www.linkedin.com\/posts\/hochschule-luzern-informatik_hslu-leadership-innovation-activity-7364644013951303680-3ynI?utm_source=share&amp;utm_medium=member_desktop&amp;rcm=ACoAAAKXbg0BEjeG8-ejn-VVKuFo9BXQHgrpw58\" target=\"_blank\" rel=\"noreferrer noopener\">Ren\u00e9 H\u00fcslers Abschied<\/a>.<\/li>\n\n\n\n<li>Portr\u00e4t \u00fcber ihn in der <a href=\"https:\/\/www.zugerzeitung.ch\/zentralschweiz\/zug\/bildung-rene-huesler-hat-fuer-die-hochschule-luzern-pionierarbeit-geleistet-jetzt-verlaesst-er-den-standort-rotkreuz-ld.2806500\" target=\"_blank\" rel=\"noreferrer noopener\">Zuger Zeitung<\/a>.<\/li>\n<\/ul>\n\n\n<div class=\"blue-box\">\n\t<div class=\"row\">\n\t\t<div class=\"col-md-12\">\n\t\t\t<p><strong><a href=\"https:\/\/hub.hslu.ch\/informatik\/wp-content\/blogs.dir\/632\/files\/sites\/3\/2020-03-05-11_42_33-Start.jpg\"><img loading=\"lazy\" decoding=\"async\" class=\"size-thumbnail wp-image-7642 alignleft\" src=\"https:\/\/hub.hslu.ch\/informatik\/wp-content\/blogs.dir\/632\/files\/sites\/3\/2020-03-05-11_42_33-Start-150x150.jpg\" alt=\"Ren\u00e9 H\u00fcsler, Direktor Department Informatik Hochschule Luzern\" width=\"150\" height=\"150\" \/><\/a>Wegbereiter f\u00fcr das Departement \u2013 Weggestalter f\u00fcr die Hochschule<\/strong><\/p>\n<p><a href=\"https:\/\/www.hslu.ch\/de-ch\/hochschule-luzern\/ueber-uns\/personensuche\/profile\/?pid=571\" target=\"_blank\" rel=\"noreferrer noopener\">Ren\u00e9 H\u00fcsler<\/a> (61) leitete seit 2016 das neu geschaffene Departement Informatik in Rotkreuz. Unter seiner F\u00fchrung wuchs das Departement von rund 500 auf 1300 Studierende und von gut 80 auf \u00fcber 320 Mitarbeitende. Ren\u00e9 H\u00fcsler wechselt nach Luzern und \u00fcbernimmt in der <a href=\"https:\/\/www.hslu.ch\/de-ch\/\" target=\"_blank\" rel=\"noopener\">Hochschule Luzern<\/a> die Funktion als Bereichsleiter Digitale Entwicklungen und Services.<\/p>\n<p><a href=\"https:\/\/hub.hslu.ch\/informatik\/wp-content\/blogs.dir\/632\/files\/sites\/3\/Sarah-Hauser-1.jpg\"><img loading=\"lazy\" decoding=\"async\" class=\"size-thumbnail wp-image-12816 alignright\" src=\"https:\/\/hub.hslu.ch\/informatik\/wp-content\/blogs.dir\/632\/files\/sites\/3\/Sarah-Hauser-1-150x150.jpg\" alt=\"Sarah Hauser\" width=\"150\" height=\"150\" \/><\/a><strong>Bisher Vizedirektorin, neu Direktorin<\/strong>: Per 1. September 2025 \u00fcbergibt Ren\u00e9 H\u00fcsler die Leitung an <a href=\"https:\/\/www.hslu.ch\/de-ch\/hochschule-luzern\/ueber-uns\/personensuche\/profile\/?pid=5076\" target=\"_blank\" rel=\"noopener\">Sarah Hauser<\/a>.\u00a0 Die Informatikprofessorin und bisherige Vizedirektorin ist mit der Organisation bestens vertraut. Sie wirkte bereits in den vergangenen Jahren aktiv an wichtigen Neuerungen und Entwicklungen mit. Als Stellvertreterin von Ren\u00e9 H\u00fcsler hatte sie das Departement mehrfach interimistisch gef\u00fchrt und als Mitglied der Hochschulleitung gewirkt. Hier geht&#8217;s zur <a href=\"https:\/\/www.hslu.ch\/de-ch\/hochschule-luzern\/ueber-uns\/medien\/medienmitteilungen\/2025\/07\/10\/nachfolge-rene-huesler\/\" target=\"_blank\" rel=\"noopener\">Medienmitteilung \u00fcber den F\u00fchrungswechsel<\/a>.<\/p>\n<p><strong>Aus- und weiterbilden:<\/strong> Die Hochschule Luzern\u00a0\u2013 Informatik bietet\u00a0<a href=\"https:\/\/www.hslu.ch\/de-ch\/informatik\/studium\/\" target=\"_blank\" rel=\"noopener\">Bachelor- und Master-Studieng\u00e4nge<\/a>, anwendungsorientierte\u00a0<a href=\"https:\/\/www.hslu.ch\/de-ch\/informatik\/forschung\/\" target=\"_blank\" rel=\"noopener\">Forschung<\/a>\u00a0und Entwicklung sowie\u00a0<a href=\"https:\/\/www.hslu.ch\/de-ch\/informatik\/weiterbildung\/\" target=\"_blank\" rel=\"noopener\">Weiterbildungsangebote<\/a> der Informatik und Wirtschaftsinformatik auf einem Campus.<\/p>\n<p><strong><img decoding=\"async\" class=\"emoji\" role=\"img\" src=\"https:\/\/s.w.org\/images\/core\/emoji\/16.0.1\/svg\/1f680.svg\" alt=\"?\" \/>\u00a0Besuche unsere\u00a0<a href=\"https:\/\/www.hslu.ch\/de-ch\/informatik\/agenda\/veranstaltungen\/#?filters=1621&amp;q=Bachelor\" target=\"_blank\" rel=\"noopener\">Online-Info-Veranstaltungen<\/a><\/strong><\/p>\n<p><strong>Gef\u00e4llt dir unser Blog?<\/strong> Hier erh\u00e4ltst du Tipps und liest \u00fcber Trends aus der Welt der Informatik. Wir bieten Einsichten in unser Departement und Portr\u00e4ts von IT-Vordenkerinnen, Vision\u00e4ren und spannenden Menschen. <a href=\"https:\/\/hub.hslu.ch\/informatik\/#newsletter\" target=\"_blank\" rel=\"noopener\">Jetzt Informatik-Blog abonnieren<\/a>!<\/p>\n<p>Aktuelles aus unserem Departement auf LinkedIn.\u00a0<strong><img decoding=\"async\" class=\"emoji\" role=\"img\" src=\"https:\/\/s.w.org\/images\/core\/emoji\/16.0.1\/svg\/1f440.svg\" alt=\"?\" \/><\/strong>\u00a0Jetzt\u00a0<a href=\"https:\/\/www.linkedin.com\/showcase\/hochschule-luzern-informatik\/?viewAsMember=true\" target=\"_blank\" rel=\"noopener\">folgen<\/a>!<\/p>\n\t\t<\/div>\n\t<\/div>\n<\/div>\n\n\n","protected":false},"excerpt":{"rendered":"<p>Dies ist kein gew\u00f6hnlicher Abschiedsbeitrag. Wir teilen pers\u00f6nliche Worte, Erinnerungen und Anekdoten zu Ren\u00e9 H\u00fcsler \u2013 dem Wegbereiter, der unser Departement Informatik aufgebaut und gepr\u00e4gt hat.<\/p>\n","protected":false},"author":21,"featured_media":25041,"comment_status":"open","ping_status":"closed","sticky":false,"template":"","format":"standard","meta":{"_acf_changed":false,"inline_featured_image":false,"_relevanssi_hide_post":"","_relevanssi_hide_content":"","_relevanssi_pin_for_all":"","_relevanssi_pin_keywords":"","_relevanssi_unpin_keywords":"","_relevanssi_related_keywords":"","_relevanssi_related_include_ids":"","_relevanssi_related_exclude_ids":"","_relevanssi_related_no_append":"","_relevanssi_related_not_related":"","_relevanssi_related_posts":"12479,2599,5745,574,12230,283","_relevanssi_noindex_reason":"","footnotes":"","_links_to":"","_links_to_target":""},"categories":[653304,71255,393030,124927,4678,134],"tags":[653819,653651],"class_list":["post-24856","post","type-post","status-publish","format-standard","has-post-thumbnail","hentry","category-artificial-intelligence-machine-learning","category-forschung-entwicklung","category-immersive-realities","category-nachwuchsfoerderung","category-informatik","category-weiterbildung","tag-fuehrungsstaerke","tag-workhslu_i"],"acf":[],"yoast_head":"<!-- This site is optimized with the Yoast SEO plugin v27.5 - https:\/\/yoast.com\/product\/yoast-seo-wordpress\/ -->\n<title>Ren\u00e9 H\u00fcsler: Ein Wegbereiter geht neue Wege - Informatik an der Hochschule Luzern<\/title>\n<meta name=\"description\" content=\"Dies ist kein gew\u00f6hnlicher Abschiedsbeitrag. Wir teilen pers\u00f6nliche Worte, Erinnerungen und Anekdoten zu Ren\u00e9 H\u00fcsler \u2013 dem Wegbereiter, der unser Departement Informatik aufgebaut und gepr\u00e4gt hat. %\" \/>\n<meta name=\"robots\" content=\"index, follow, max-snippet:-1, max-image-preview:large, max-video-preview:-1\" \/>\n<link rel=\"canonical\" href=\"https:\/\/hub.hslu.ch\/informatik\/hslu-informatik-departement-direktor-rene-husler-ein-wegbereiter-geht-neue-wege\/\" \/>\n<meta property=\"og:locale\" content=\"de_DE\" \/>\n<meta property=\"og:type\" content=\"article\" \/>\n<meta property=\"og:title\" content=\"Ren\u00e9 H\u00fcsler: Ein Wegbereiter geht neue Wege - Informatik an der Hochschule Luzern\" \/>\n<meta property=\"og:description\" content=\"Dies ist kein gew\u00f6hnlicher Abschiedsbeitrag. Wir teilen pers\u00f6nliche Worte, Erinnerungen und Anekdoten zu Ren\u00e9 H\u00fcsler \u2013 dem Wegbereiter, der unser Departement Informatik aufgebaut und gepr\u00e4gt hat. %\" \/>\n<meta property=\"og:url\" content=\"https:\/\/hub.hslu.ch\/informatik\/hslu-informatik-departement-direktor-rene-husler-ein-wegbereiter-geht-neue-wege\/\" \/>\n<meta property=\"og:site_name\" content=\"Informatik an der Hochschule Luzern\" \/>\n<meta property=\"article:published_time\" content=\"2025-08-29T10:18:09+00:00\" \/>\n<meta property=\"article:modified_time\" content=\"2026-02-11T13:52:39+00:00\" \/>\n<meta property=\"og:image\" content=\"https:\/\/hub.hslu.ch\/informatik\/wp-content\/blogs.dir\/632\/files\/sites\/3\/Rene-Huesler-Foto-Tom-Egli.jpg\" \/>\n\t<meta property=\"og:image:width\" content=\"2000\" \/>\n\t<meta property=\"og:image:height\" content=\"1333\" \/>\n\t<meta property=\"og:image:type\" content=\"image\/jpeg\" \/>\n<meta name=\"author\" content=\"Gabriela Bonin\" \/>\n<meta name=\"twitter:card\" content=\"summary_large_image\" \/>\n<meta name=\"twitter:label1\" content=\"Geschrieben von\" \/>\n\t<meta name=\"twitter:data1\" content=\"Gabriela Bonin\" \/>\n\t<meta name=\"twitter:label2\" content=\"Gesch\u00e4tzte Lesezeit\" \/>\n\t<meta name=\"twitter:data2\" content=\"19\u00a0Minuten\" \/>\n<script type=\"application\/ld+json\" class=\"yoast-schema-graph\">{\"@context\":\"https:\\\/\\\/schema.org\",\"@graph\":[{\"@type\":[\"Article\",\"BlogPosting\"],\"@id\":\"https:\\\/\\\/hub.hslu.ch\\\/informatik\\\/hslu-informatik-departement-direktor-rene-husler-ein-wegbereiter-geht-neue-wege\\\/#article\",\"isPartOf\":{\"@id\":\"https:\\\/\\\/hub.hslu.ch\\\/informatik\\\/hslu-informatik-departement-direktor-rene-husler-ein-wegbereiter-geht-neue-wege\\\/\"},\"author\":{\"name\":\"Gabriela Bonin\",\"@id\":\"https:\\\/\\\/hub.hslu.ch\\\/informatik\\\/#\\\/schema\\\/person\\\/27da2348b7e471b60538f142295c83eb\"},\"headline\":\"Ren\u00e9 H\u00fcsler: Ein Wegbereiter geht neue Wege\",\"datePublished\":\"2025-08-29T10:18:09+00:00\",\"dateModified\":\"2026-02-11T13:52:39+00:00\",\"mainEntityOfPage\":{\"@id\":\"https:\\\/\\\/hub.hslu.ch\\\/informatik\\\/hslu-informatik-departement-direktor-rene-husler-ein-wegbereiter-geht-neue-wege\\\/\"},\"wordCount\":3109,\"commentCount\":0,\"image\":{\"@id\":\"https:\\\/\\\/hub.hslu.ch\\\/informatik\\\/hslu-informatik-departement-direktor-rene-husler-ein-wegbereiter-geht-neue-wege\\\/#primaryimage\"},\"thumbnailUrl\":\"https:\\\/\\\/hub.hslu.ch\\\/informatik\\\/wp-content\\\/blogs.dir\\\/632\\\/files\\\/sites\\\/3\\\/Rene-Huesler-Foto-Tom-Egli.jpg\",\"keywords\":[\"F\u00fchrungsst\u00e4rke\",\"work@hslu_i\"],\"articleSection\":[\"Artificial Intelligence\",\"Forschung &amp; Dienstleistung\",\"Immersive Realities\",\"Nachwuchsf\u00f6rderung\",\"Studium\",\"Weiterbildung\"],\"inLanguage\":\"de-CH\",\"potentialAction\":[{\"@type\":\"CommentAction\",\"name\":\"Comment\",\"target\":[\"https:\\\/\\\/hub.hslu.ch\\\/informatik\\\/hslu-informatik-departement-direktor-rene-husler-ein-wegbereiter-geht-neue-wege\\\/#respond\"]}]},{\"@type\":[\"WebPage\",\"ItemPage\"],\"@id\":\"https:\\\/\\\/hub.hslu.ch\\\/informatik\\\/hslu-informatik-departement-direktor-rene-husler-ein-wegbereiter-geht-neue-wege\\\/\",\"url\":\"https:\\\/\\\/hub.hslu.ch\\\/informatik\\\/hslu-informatik-departement-direktor-rene-husler-ein-wegbereiter-geht-neue-wege\\\/\",\"name\":\"Ren\u00e9 H\u00fcsler: Ein Wegbereiter geht neue Wege - Informatik an der Hochschule Luzern\",\"isPartOf\":{\"@id\":\"https:\\\/\\\/hub.hslu.ch\\\/informatik\\\/#website\"},\"primaryImageOfPage\":{\"@id\":\"https:\\\/\\\/hub.hslu.ch\\\/informatik\\\/hslu-informatik-departement-direktor-rene-husler-ein-wegbereiter-geht-neue-wege\\\/#primaryimage\"},\"image\":{\"@id\":\"https:\\\/\\\/hub.hslu.ch\\\/informatik\\\/hslu-informatik-departement-direktor-rene-husler-ein-wegbereiter-geht-neue-wege\\\/#primaryimage\"},\"thumbnailUrl\":\"https:\\\/\\\/hub.hslu.ch\\\/informatik\\\/wp-content\\\/blogs.dir\\\/632\\\/files\\\/sites\\\/3\\\/Rene-Huesler-Foto-Tom-Egli.jpg\",\"datePublished\":\"2025-08-29T10:18:09+00:00\",\"dateModified\":\"2026-02-11T13:52:39+00:00\",\"author\":{\"@id\":\"https:\\\/\\\/hub.hslu.ch\\\/informatik\\\/#\\\/schema\\\/person\\\/27da2348b7e471b60538f142295c83eb\"},\"description\":\"Dies ist kein gew\u00f6hnlicher Abschiedsbeitrag. Wir teilen pers\u00f6nliche Worte, Erinnerungen und Anekdoten zu Ren\u00e9 H\u00fcsler \u2013 dem Wegbereiter, der unser Departement Informatik aufgebaut und gepr\u00e4gt hat. %\",\"breadcrumb\":{\"@id\":\"https:\\\/\\\/hub.hslu.ch\\\/informatik\\\/hslu-informatik-departement-direktor-rene-husler-ein-wegbereiter-geht-neue-wege\\\/#breadcrumb\"},\"inLanguage\":\"de-CH\",\"potentialAction\":[{\"@type\":\"ReadAction\",\"target\":[\"https:\\\/\\\/hub.hslu.ch\\\/informatik\\\/hslu-informatik-departement-direktor-rene-husler-ein-wegbereiter-geht-neue-wege\\\/\"]}]},{\"@type\":\"ImageObject\",\"inLanguage\":\"de-CH\",\"@id\":\"https:\\\/\\\/hub.hslu.ch\\\/informatik\\\/hslu-informatik-departement-direktor-rene-husler-ein-wegbereiter-geht-neue-wege\\\/#primaryimage\",\"url\":\"https:\\\/\\\/hub.hslu.ch\\\/informatik\\\/wp-content\\\/blogs.dir\\\/632\\\/files\\\/sites\\\/3\\\/Rene-Huesler-Foto-Tom-Egli.jpg\",\"contentUrl\":\"https:\\\/\\\/hub.hslu.ch\\\/informatik\\\/wp-content\\\/blogs.dir\\\/632\\\/files\\\/sites\\\/3\\\/Rene-Huesler-Foto-Tom-Egli.jpg\",\"width\":2000,\"height\":1333,\"caption\":\"Ren\u00e9 H\u00fcsler, scheidender Direktor des Departements Informatik, \u00fcbernimmt neu die Funktion als Bereichsleiter Digitale Entwicklungen und Services an der Hochschule Luzern (Foto: Thomas Egli).\"},{\"@type\":\"BreadcrumbList\",\"@id\":\"https:\\\/\\\/hub.hslu.ch\\\/informatik\\\/hslu-informatik-departement-direktor-rene-husler-ein-wegbereiter-geht-neue-wege\\\/#breadcrumb\",\"itemListElement\":[{\"@type\":\"ListItem\",\"position\":1,\"name\":\"Home\",\"item\":\"https:\\\/\\\/hub.hslu.ch\\\/informatik\\\/\"},{\"@type\":\"ListItem\",\"position\":2,\"name\":\"Ren\u00e9 H\u00fcsler: Ein Wegbereiter geht neue Wege\"}]},{\"@type\":\"WebSite\",\"@id\":\"https:\\\/\\\/hub.hslu.ch\\\/informatik\\\/#website\",\"url\":\"https:\\\/\\\/hub.hslu.ch\\\/informatik\\\/\",\"name\":\"Informatik an der Hochschule Luzern\",\"description\":\"Der offizielle Blog der Hochschule Luzern \u2013 Informatik\",\"potentialAction\":[{\"@type\":\"SearchAction\",\"target\":{\"@type\":\"EntryPoint\",\"urlTemplate\":\"https:\\\/\\\/hub.hslu.ch\\\/informatik\\\/?s={search_term_string}\"},\"query-input\":{\"@type\":\"PropertyValueSpecification\",\"valueRequired\":true,\"valueName\":\"search_term_string\"}}],\"inLanguage\":\"de-CH\"},{\"@type\":\"Person\",\"@id\":\"https:\\\/\\\/hub.hslu.ch\\\/informatik\\\/#\\\/schema\\\/person\\\/27da2348b7e471b60538f142295c83eb\",\"name\":\"Gabriela Bonin\",\"description\":\"Bloggerin, Textcoach, Dozentin. Gabriela Bonin arbeitet als Bloggerin und Textcoach bei der Hochschule Luzern, im Department Informatik. Daneben ist sie als Dozentin an der Journalistenschule MAZ und als Texterin t\u00e4tig.\",\"sameAs\":[\"http:\\\/\\\/www.gbonin.com\",\"https:\\\/\\\/www.linkedin.com\\\/in\\\/gabriela-bonin\\\/\"]}]}<\/script>\n<!-- \/ Yoast SEO plugin. -->","yoast_head_json":{"title":"Ren\u00e9 H\u00fcsler: Ein Wegbereiter geht neue Wege - Informatik an der Hochschule Luzern","description":"Dies ist kein gew\u00f6hnlicher Abschiedsbeitrag. Wir teilen pers\u00f6nliche Worte, Erinnerungen und Anekdoten zu Ren\u00e9 H\u00fcsler \u2013 dem Wegbereiter, der unser Departement Informatik aufgebaut und gepr\u00e4gt hat. %","robots":{"index":"index","follow":"follow","max-snippet":"max-snippet:-1","max-image-preview":"max-image-preview:large","max-video-preview":"max-video-preview:-1"},"canonical":"https:\/\/hub.hslu.ch\/informatik\/hslu-informatik-departement-direktor-rene-husler-ein-wegbereiter-geht-neue-wege\/","og_locale":"de_DE","og_type":"article","og_title":"Ren\u00e9 H\u00fcsler: Ein Wegbereiter geht neue Wege - Informatik an der Hochschule Luzern","og_description":"Dies ist kein gew\u00f6hnlicher Abschiedsbeitrag. Wir teilen pers\u00f6nliche Worte, Erinnerungen und Anekdoten zu Ren\u00e9 H\u00fcsler \u2013 dem Wegbereiter, der unser Departement Informatik aufgebaut und gepr\u00e4gt hat. %","og_url":"https:\/\/hub.hslu.ch\/informatik\/hslu-informatik-departement-direktor-rene-husler-ein-wegbereiter-geht-neue-wege\/","og_site_name":"Informatik an der Hochschule Luzern","article_published_time":"2025-08-29T10:18:09+00:00","article_modified_time":"2026-02-11T13:52:39+00:00","og_image":[{"width":2000,"height":1333,"url":"https:\/\/hub.hslu.ch\/informatik\/wp-content\/blogs.dir\/632\/files\/sites\/3\/Rene-Huesler-Foto-Tom-Egli.jpg","type":"image\/jpeg"}],"author":"Gabriela Bonin","twitter_card":"summary_large_image","twitter_misc":{"Geschrieben von":"Gabriela Bonin","Gesch\u00e4tzte Lesezeit":"19\u00a0Minuten"},"schema":{"@context":"https:\/\/schema.org","@graph":[{"@type":["Article","BlogPosting"],"@id":"https:\/\/hub.hslu.ch\/informatik\/hslu-informatik-departement-direktor-rene-husler-ein-wegbereiter-geht-neue-wege\/#article","isPartOf":{"@id":"https:\/\/hub.hslu.ch\/informatik\/hslu-informatik-departement-direktor-rene-husler-ein-wegbereiter-geht-neue-wege\/"},"author":{"name":"Gabriela Bonin","@id":"https:\/\/hub.hslu.ch\/informatik\/#\/schema\/person\/27da2348b7e471b60538f142295c83eb"},"headline":"Ren\u00e9 H\u00fcsler: Ein Wegbereiter geht neue Wege","datePublished":"2025-08-29T10:18:09+00:00","dateModified":"2026-02-11T13:52:39+00:00","mainEntityOfPage":{"@id":"https:\/\/hub.hslu.ch\/informatik\/hslu-informatik-departement-direktor-rene-husler-ein-wegbereiter-geht-neue-wege\/"},"wordCount":3109,"commentCount":0,"image":{"@id":"https:\/\/hub.hslu.ch\/informatik\/hslu-informatik-departement-direktor-rene-husler-ein-wegbereiter-geht-neue-wege\/#primaryimage"},"thumbnailUrl":"https:\/\/hub.hslu.ch\/informatik\/wp-content\/blogs.dir\/632\/files\/sites\/3\/Rene-Huesler-Foto-Tom-Egli.jpg","keywords":["F\u00fchrungsst\u00e4rke","work@hslu_i"],"articleSection":["Artificial Intelligence","Forschung &amp; Dienstleistung","Immersive Realities","Nachwuchsf\u00f6rderung","Studium","Weiterbildung"],"inLanguage":"de-CH","potentialAction":[{"@type":"CommentAction","name":"Comment","target":["https:\/\/hub.hslu.ch\/informatik\/hslu-informatik-departement-direktor-rene-husler-ein-wegbereiter-geht-neue-wege\/#respond"]}]},{"@type":["WebPage","ItemPage"],"@id":"https:\/\/hub.hslu.ch\/informatik\/hslu-informatik-departement-direktor-rene-husler-ein-wegbereiter-geht-neue-wege\/","url":"https:\/\/hub.hslu.ch\/informatik\/hslu-informatik-departement-direktor-rene-husler-ein-wegbereiter-geht-neue-wege\/","name":"Ren\u00e9 H\u00fcsler: Ein Wegbereiter geht neue Wege - Informatik an der Hochschule Luzern","isPartOf":{"@id":"https:\/\/hub.hslu.ch\/informatik\/#website"},"primaryImageOfPage":{"@id":"https:\/\/hub.hslu.ch\/informatik\/hslu-informatik-departement-direktor-rene-husler-ein-wegbereiter-geht-neue-wege\/#primaryimage"},"image":{"@id":"https:\/\/hub.hslu.ch\/informatik\/hslu-informatik-departement-direktor-rene-husler-ein-wegbereiter-geht-neue-wege\/#primaryimage"},"thumbnailUrl":"https:\/\/hub.hslu.ch\/informatik\/wp-content\/blogs.dir\/632\/files\/sites\/3\/Rene-Huesler-Foto-Tom-Egli.jpg","datePublished":"2025-08-29T10:18:09+00:00","dateModified":"2026-02-11T13:52:39+00:00","author":{"@id":"https:\/\/hub.hslu.ch\/informatik\/#\/schema\/person\/27da2348b7e471b60538f142295c83eb"},"description":"Dies ist kein gew\u00f6hnlicher Abschiedsbeitrag. Wir teilen pers\u00f6nliche Worte, Erinnerungen und Anekdoten zu Ren\u00e9 H\u00fcsler \u2013 dem Wegbereiter, der unser Departement Informatik aufgebaut und gepr\u00e4gt hat. %","breadcrumb":{"@id":"https:\/\/hub.hslu.ch\/informatik\/hslu-informatik-departement-direktor-rene-husler-ein-wegbereiter-geht-neue-wege\/#breadcrumb"},"inLanguage":"de-CH","potentialAction":[{"@type":"ReadAction","target":["https:\/\/hub.hslu.ch\/informatik\/hslu-informatik-departement-direktor-rene-husler-ein-wegbereiter-geht-neue-wege\/"]}]},{"@type":"ImageObject","inLanguage":"de-CH","@id":"https:\/\/hub.hslu.ch\/informatik\/hslu-informatik-departement-direktor-rene-husler-ein-wegbereiter-geht-neue-wege\/#primaryimage","url":"https:\/\/hub.hslu.ch\/informatik\/wp-content\/blogs.dir\/632\/files\/sites\/3\/Rene-Huesler-Foto-Tom-Egli.jpg","contentUrl":"https:\/\/hub.hslu.ch\/informatik\/wp-content\/blogs.dir\/632\/files\/sites\/3\/Rene-Huesler-Foto-Tom-Egli.jpg","width":2000,"height":1333,"caption":"Ren\u00e9 H\u00fcsler, scheidender Direktor des Departements Informatik, \u00fcbernimmt neu die Funktion als Bereichsleiter Digitale Entwicklungen und Services an der Hochschule Luzern (Foto: Thomas Egli)."},{"@type":"BreadcrumbList","@id":"https:\/\/hub.hslu.ch\/informatik\/hslu-informatik-departement-direktor-rene-husler-ein-wegbereiter-geht-neue-wege\/#breadcrumb","itemListElement":[{"@type":"ListItem","position":1,"name":"Home","item":"https:\/\/hub.hslu.ch\/informatik\/"},{"@type":"ListItem","position":2,"name":"Ren\u00e9 H\u00fcsler: Ein Wegbereiter geht neue Wege"}]},{"@type":"WebSite","@id":"https:\/\/hub.hslu.ch\/informatik\/#website","url":"https:\/\/hub.hslu.ch\/informatik\/","name":"Informatik an der Hochschule Luzern","description":"Der offizielle Blog der Hochschule Luzern \u2013 Informatik","potentialAction":[{"@type":"SearchAction","target":{"@type":"EntryPoint","urlTemplate":"https:\/\/hub.hslu.ch\/informatik\/?s={search_term_string}"},"query-input":{"@type":"PropertyValueSpecification","valueRequired":true,"valueName":"search_term_string"}}],"inLanguage":"de-CH"},{"@type":"Person","@id":"https:\/\/hub.hslu.ch\/informatik\/#\/schema\/person\/27da2348b7e471b60538f142295c83eb","name":"Gabriela Bonin","description":"Bloggerin, Textcoach, Dozentin. Gabriela Bonin arbeitet als Bloggerin und Textcoach bei der Hochschule Luzern, im Department Informatik. Daneben ist sie als Dozentin an der Journalistenschule MAZ und als Texterin t\u00e4tig.","sameAs":["http:\/\/www.gbonin.com","https:\/\/www.linkedin.com\/in\/gabriela-bonin\/"]}]}},"featured_image_src":"https:\/\/hub.hslu.ch\/informatik\/wp-content\/blogs.dir\/632\/files\/sites\/3\/Rene-Huesler-Foto-Tom-Egli.jpg","featured_image_src_square":"https:\/\/hub.hslu.ch\/informatik\/wp-content\/blogs.dir\/632\/files\/sites\/3\/Rene-Huesler-Foto-Tom-Egli.jpg","author_info":{"display_name":"Gabriela Bonin","author_link":"https:\/\/hub.hslu.ch\/informatik\/author\/gabrielabonin\/"},"_links":{"self":[{"href":"https:\/\/hub.hslu.ch\/informatik\/wp-json\/wp\/v2\/posts\/24856","targetHints":{"allow":["GET"]}}],"collection":[{"href":"https:\/\/hub.hslu.ch\/informatik\/wp-json\/wp\/v2\/posts"}],"about":[{"href":"https:\/\/hub.hslu.ch\/informatik\/wp-json\/wp\/v2\/types\/post"}],"author":[{"embeddable":true,"href":"https:\/\/hub.hslu.ch\/informatik\/wp-json\/wp\/v2\/users\/21"}],"replies":[{"embeddable":true,"href":"https:\/\/hub.hslu.ch\/informatik\/wp-json\/wp\/v2\/comments?post=24856"}],"version-history":[{"count":51,"href":"https:\/\/hub.hslu.ch\/informatik\/wp-json\/wp\/v2\/posts\/24856\/revisions"}],"predecessor-version":[{"id":26922,"href":"https:\/\/hub.hslu.ch\/informatik\/wp-json\/wp\/v2\/posts\/24856\/revisions\/26922"}],"wp:featuredmedia":[{"embeddable":true,"href":"https:\/\/hub.hslu.ch\/informatik\/wp-json\/wp\/v2\/media\/25041"}],"wp:attachment":[{"href":"https:\/\/hub.hslu.ch\/informatik\/wp-json\/wp\/v2\/media?parent=24856"}],"wp:term":[{"taxonomy":"category","embeddable":true,"href":"https:\/\/hub.hslu.ch\/informatik\/wp-json\/wp\/v2\/categories?post=24856"},{"taxonomy":"post_tag","embeddable":true,"href":"https:\/\/hub.hslu.ch\/informatik\/wp-json\/wp\/v2\/tags?post=24856"}],"curies":[{"name":"wp","href":"https:\/\/api.w.org\/{rel}","templated":true}]}}