{"id":24883,"date":"2025-07-21T09:45:45","date_gmt":"2025-07-21T07:45:45","guid":{"rendered":"https:\/\/hub.hslu.ch\/informatik\/?p=24883"},"modified":"2026-02-11T14:52:39","modified_gmt":"2026-02-11T13:52:39","slug":"von-alltag-bis-ai-tiefsinnige-podcast-gespraeche","status":"publish","type":"post","link":"https:\/\/hub.hslu.ch\/informatik\/von-alltag-bis-ai-tiefsinnige-podcast-gespraeche\/","title":{"rendered":"Von Alltag bis AI: Tiefsinnige Podcast-Gespr\u00e4che"},"content":{"rendered":"\n\n\n<p><a href=\"https:\/\/www.linkedin.com\/in\/silvan-vifian\/\" target=\"_blank\" rel=\"noreferrer noopener\">Silvan Vifian<\/a> studiert im Bachelor-Studiengang <a href=\"https:\/\/www.hslu.ch\/de-ch\/informatik\/studium\/bachelor\/artificial-intelligence-and-machine-learning\/\" target=\"_blank\" rel=\"noreferrer noopener\">Artificial Intelligence &amp; Machine Learning<\/a> (AI\/ML) an der Hochschule Luzern \u2013 Informatik (HSLU). Und er ist neugierig. Nicht nur auf K\u00fcnstliche Intelligenz (KI), sondern auf das Leben.<\/p>\n\n\n\n<p>Im M\u00e4rz 2025 startete er seinen Podcast \u00abLife Happens\u00bb. Darin spricht er mit Menschen, deren Biografien spannend sind: Bislang mit einem Rapper, einem Hotelmeister \u2013 und zwei HSLU-Professoren: <a href=\"https:\/\/www.hslu.ch\/de-ch\/hochschule-luzern\/ueber-uns\/personensuche\/profile\/?pid=4717\" target=\"_blank\" rel=\"noreferrer noopener\">Donnacha Daly<\/a> leitet den AI\/ML-Studiengang an der HSLU; <a href=\"https:\/\/www.hslu.ch\/de-ch\/hochschule-luzern\/ueber-uns\/personensuche\/profile\/?pid=116\" target=\"_blank\" rel=\"noreferrer noopener\">Peter A. Schmid<\/a> brachte dort ethische und philosophische Perspektiven ein. &nbsp;&nbsp;<\/p>\n\n\n\n<details class=\"wp-block-details is-layout-flow wp-block-details-is-layout-flow\"><summary><strong>Mehr \u00fcber den Podcast von Silvan Vifian<\/strong><\/summary>\n<p>Silvan Vifian wollte schon fr\u00fch etwas \u00d6ffentliches machen. Heute hostet er den neuen Podcast <a href=\"https:\/\/open.spotify.com\/show\/3ArrEyIpCzm5tMO6waIXke\" target=\"_blank\" rel=\"noreferrer noopener\">Life Happens \u2013 Der Podcast von Silvan Vifian<\/a>. Darin f\u00fchrt er Gespr\u00e4che, in denen ein echtes Interesse an Menschen sp\u00fcrbar wird. Dank seiner Freude am Netzwerken hat er bereits viele spannende Menschen getroffen. Er h\u00f6rt zu, fragt weiter und verbindet unterschiedliche Lebenswelten und Perspektiven. Geplant sind zum Beispiel Gespr\u00e4che mit einer Frau, die mit Tetraplegie und grosser Lebensfreude lebt. Oder mit einem Kindheitsfreund, der sich f\u00fcr das landwirtschaftliche Leben entschieden hat und dementsprechend ganz andere Lebensrealit\u00e4ten als der KI-Student hat.<\/p>\n<\/details>\n\n\n\n<p>Beide Professoren arbeiten in ihren Fachbereichen auf hoher Abstraktionsebene: Daly in der Informatik und KI, Schmid in der Philosophie. Beide durchdringen komplexe Zusammenh\u00e4nge \u2013 ohne sie zu vereinfachen. Und beide k\u00f6nnen verst\u00e4ndlich dar\u00fcber reden. Das zeichnet gute Dozierende aus.<\/p>\n\n\n\n<p><strong>Donnacha Daly: \u00dcber Mut, M\u00e4rkte und Maschinen<br><br><\/strong>Daly spricht im Podcast \u00fcber die Ver\u00e4nderungen durch KI: W\u00e4hrend klassische Berufe verschwinden, entstehen neue Chancen: etwa in Finance oder Sales. Er ermutigt Studierende, beherzt nach ihren Berufstr\u00e4umen zu greifen.&nbsp;&nbsp;<\/p>\n\n\n\n<p>Dass Studierende wie Silvan Vifian gerade dieses Studium gew\u00e4hlt haben, bezeichnet er als Gl\u00fccksfall. \u00abIt\u2019s a great time to be in computer science\u00bb, sagt er \u2013 mit Blick auf neue Berufsfelder, Forschungsthemen und gesellschaftliche Herausforderungen.<\/p>\n\n\n\n<p>Daly ist kein Freund linearer Karrieren. Er r\u00e4t jungen Menschen, unkonventionelle Wege zu gehen, Neues auszuprobieren \u2013 auch ausserhalb des eigenen Fachs. \u00abSeid neugierig und folgt euren Leidenschaften!\u00bb Wer etwas versuchen will, soll direkt auf Fachpersonen und Schl\u00fcsselfiguren zugehen, Fragen stellen, um Rat bitten. \u00ab<em>Don\u2019t be afraid to ask<\/em>\u00bb, sagt er \u2013 und spricht aus eigener Erfahrung.&nbsp;<\/p>\n\n\n\n<p><strong>Leben mit einer zweiten Intelligenz<\/strong>&nbsp;<br><br>Im Gespr\u00e4ch mit Vifian regt Daly dazu an, \u00fcber unser Selbstbild nachzudenken \u2013 wenn wir k\u00fcnftig mit einer weiteren Intelligenz auf unserem Planeten zusammenleben. Damit schl\u00e4gt er den Bogen zu einer ganz anderen, aber ebenso tiefgehenden Perspektive: der von Peter A. Schmid, einem weiteren Gast im Podcast. Der Philosoph und HSLU-Dozent erkl\u00e4rt im Gespr\u00e4ch, warum Begriffe wie \u00abk\u00fcnstlich\u00bb und \u00abIntelligenz\u00bb zutiefst philosophisch sind.<br><br>Philosophie, sagt Schmid, bedeutet pr\u00e4zise Begriffsarbeit und klare Analyse komplexer Zusammenh\u00e4nge \u2013 ohne sie zu vereinfachen. Wer sich darauf einl\u00e4sst, versteht besser, wie sich Technologie, Gesellschaft und Menschsein gegenseitig beeinflussen. Im Kontext von KI lohnt sich dieser Blick. Denn auch hier geht es letztlich um Orientierung in einer Welt, die sich rasant ver\u00e4ndert.&nbsp;<\/p>\n\n\n\n<p><strong>Eine Epoche der Clowns<\/strong><\/p>\n\n\n\n<p>Nicht alle technisch interessierten Studierenden m\u00f6chten sich mit Fragen wie \u00abWas ist k\u00fcnstlich?\u00bb oder \u00abWas heisst Intelligenz?\u00bb besch\u00e4ftigen. Doch diese pr\u00e4zise Begriffsarbeit ist f\u00fcr Schmid ein zentrales Element des philosophischen Denkens: Wer K\u00fcnstliche Intelligenz verstehen will, muss auch begreifen, wie Sprache funktioniert. Wie wir ordnen, unterscheiden, abstrahieren. Und wie wir mit der Welt umgehen, wenn sie sich nicht ordnen l\u00e4sst.&nbsp;<br><br>Die Folge mit Schmid klingt fast wie eine Zeitreise \u2013 in die Anfangsjahre der IT, aber auch in ein anderes Verst\u00e4ndnis von Bildung. Heute, so sagt Schmid, lebten wir in einer \u00abEpoche der Clowns\u00bb, in der viele Menschen Pippi-Langstrumpf spielen: \u00abIch mach mir die Welt, wie sie mir gef\u00e4llt.\u00bb Es sei gef\u00e4hrlich, wenn man sich dabei nicht \u00fcber die Konsequenzen bewusst ist \u2013 besonders in gesellschaftlicher oder politischer Verantwortung.&nbsp;&nbsp;<\/p>\n\n\n\n<p><strong>Wenn aus Lehre Leben wird&nbsp;<\/strong><\/p>\n\n\n\n<p>Der AI\/ML- Studiengang an der HSLU profitiert von gelebter Expertise aus der Praxis, von der engen Zusammenarbeit mit Partnerfirmen und den zahlreichen Gelegenheiten zum Austausch mit der Industrie. Beide Podcast-Gespr\u00e4che zeigen zudem: Unsere Studieng\u00e4nge leben auch von der Vielfalt und Lebenserfahrung ihrer Dozierenden.<\/p>\n\n\n\n<p>Silvan Vifian hat diese Gespr\u00e4che nicht wie ein Journalist aufgebaut. Er hat sie gesucht, gef\u00fchrt und geteilt \u2013 als ein Studierender, der wirklich verstehen will. Das macht seine Gespr\u00e4che stark.<\/p>\n\n\n\n<p>? Demn\u00e4chst folgen weitere Episoden: Hier geht\u2019s zum Podcast: <a href=\"https:\/\/open.spotify.com\/show\/3ArrEyIpCzm5tMO6waIXke\" target=\"_blank\" rel=\"noreferrer noopener\">Life Happens \u2013 Der Podcast von Silvan Vifian<\/a><\/p>\n\n\n\n<p>Von: <a href=\"https:\/\/www.hslu.ch\/de-ch\/hochschule-luzern\/ueber-uns\/personensuche\/profile\/?pid=4745\" target=\"_blank\" rel=\"noreferrer noopener\">Gabriela Bonin<\/a><br>Ver\u00f6ffentlicht am: 21. Juli 2025<\/p>\n\n\n<div class=\"blue-box\">\n\t<div class=\"row\">\n\t\t<div class=\"col-md-12\">\n\t\t\t<p><strong><a href=\"https:\/\/hub.hslu.ch\/informatik\/wp-content\/blogs.dir\/632\/files\/sites\/3\/Vifian.jpeg\"><img loading=\"lazy\" decoding=\"async\" class=\"size-thumbnail wp-image-24887 alignright\" src=\"https:\/\/hub.hslu.ch\/informatik\/wp-content\/blogs.dir\/632\/files\/sites\/3\/Vifian-150x150.jpeg\" alt=\"Portr\u00e4t von Silvan Vifian\" width=\"150\" height=\"150\" srcset=\"https:\/\/hub.hslu.ch\/informatik\/wp-content\/blogs.dir\/632\/files\/sites\/3\/Vifian-150x150.jpeg 150w, https:\/\/hub.hslu.ch\/informatik\/wp-content\/blogs.dir\/632\/files\/sites\/3\/Vifian-300x300.jpeg 300w, https:\/\/hub.hslu.ch\/informatik\/wp-content\/blogs.dir\/632\/files\/sites\/3\/Vifian-768x768.jpeg 768w, https:\/\/hub.hslu.ch\/informatik\/wp-content\/blogs.dir\/632\/files\/sites\/3\/Vifian-600x600.jpeg 600w, https:\/\/hub.hslu.ch\/informatik\/wp-content\/blogs.dir\/632\/files\/sites\/3\/Vifian-698x698.jpeg 698w, https:\/\/hub.hslu.ch\/informatik\/wp-content\/blogs.dir\/632\/files\/sites\/3\/Vifian.jpeg 800w\" sizes=\"auto, (max-width: 150px) 100vw, 150px\" \/><\/a>Student, Gestalter, Firmengr\u00fcnder: <\/strong><a href=\"https:\/\/www.linkedin.com\/in\/silvan-vifian\/\" target=\"_blank\" rel=\"noreferrer noopener\">Silvan Vifian<\/a> studiert im vierten Jahr <a href=\"https:\/\/www.hslu.ch\/de-ch\/informatik\/studium\/bachelor\/artificial-intelligence-and-machine-learning\/\" target=\"_blank\" rel=\"noopener\">Artificial Intelligence &amp; Machine Learning<\/a> an der HSLU. Er bezeichnet es als \u00abGl\u00fcck\u00bb, dass er den Studiengang noch vor dem Boom rund um ChatGPT gew\u00e4hlt habe, sagt Vifian heute. So konnte er fr\u00fchzeitig seine Weichen stellen und ein tieferes Verst\u00e4ndnis f\u00fcr ein mittlerweile sehr gefragtes Berufsbild entwickeln. Vifian arbeitet als Requirements Engineer beim Zentralschweizer-Fintech-Unternehmen <a href=\"https:\/\/www.yarowa.com\/\" target=\"_blank\" rel=\"noopener\">Yarowa<\/a> und ist Mitgr\u00fcnder der Berner KI-Agentur <a href=\"https:\/\/beyonddreams.ch\/\" target=\"_blank\" rel=\"noopener\">BeyondDreams.ch<\/a>.<\/p>\n<p>Schon fr\u00fch zeigte der Bauernsohn Unternehmergeist: Mit einer Multimedia-Agentur w\u00e4hrend seiner Mediamatiker-Lehre bei Swisscom. Im Netzwerk von <a href=\"https:\/\/ja-alumni.eu\/\" target=\"_blank\" rel=\"noopener\">JA (Junior Achievement)<\/a> war er Pr\u00e4sident des Schweizer Alumni-Netzwerks und ist seit Sommer 2024 Vorstandsmitglied von JA Alumni Europe. Er war Jurymitglied beim Alumni Leadership Award in Athen und absolvierte ein Austauschsemester an der Hanyang Universit\u00e4t in Seoul.<\/p>\n<p><strong><a href=\"https:\/\/hub.hslu.ch\/informatik\/wp-content\/blogs.dir\/632\/files\/sites\/3\/Peter-A-Schmid.jpg\"><img loading=\"lazy\" decoding=\"async\" class=\"size-thumbnail wp-image-16843 alignleft\" src=\"https:\/\/hub.hslu.ch\/informatik\/wp-content\/blogs.dir\/632\/files\/sites\/3\/Peter-A-Schmid-150x150.jpg\" alt=\"Portr\u00e4t von Peter A Schmid\" width=\"150\" height=\"150\" \/><\/a><\/strong><strong>Philosoph mit IT-Wurzeln<\/strong>: <a href=\"https:\/\/www.hslu.ch\/de-ch\/hochschule-luzern\/ueber-uns\/personensuche\/profile\/?pid=116\" target=\"_blank\" rel=\"noopener\">Peter A. Schmid<\/a> unterrichtet an der Hochschule Luzern \u2013 Soziale Arbeit. Im Bachelor-Studiengang\u202f<a href=\"https:\/\/www.hslu.ch\/de-ch\/informatik\/studium\/bachelor\/artificial-intelligence-and-machine-learning\/\" target=\"_blank\" rel=\"noopener\">Artificial Intelligence &amp; Machine Learning<\/a> begleitete er ein Modul zu Philosophie und Ethik. Daraus entstand unter anderem eine <a href=\"https:\/\/hub.hslu.ch\/informatik\/tag\/ki-philosophie-serie\/\" target=\"_blank\" rel=\"noopener\">inspirierende KI-Philosophie-Serie<\/a> mit\u00a0 Blogbeitr\u00e4gen, in denen sich Studierende mit entsprechenden Themen auseinandersetzen. Schmid machte eine KV-Lehre, bildete sich im IT-Bereich weiter \u2013 und entdeckte erst sp\u00e4ter, \u00fcber einen Radiobeitrag zu Carl Jaspers, die Philosophie. Schmid holte die Matura nach, studierte Philosophie und Staatsrecht, engagierte sich politisch und wurde sp\u00e4ter Dozent.<\/p>\n<p><strong><a href=\"https:\/\/hub.hslu.ch\/informatik\/wp-content\/blogs.dir\/632\/files\/sites\/3\/Daly_Donnacha_B.jpg\"><img loading=\"lazy\" decoding=\"async\" class=\"size-thumbnail wp-image-8941 alignleft\" src=\"https:\/\/hub.hslu.ch\/informatik\/wp-content\/blogs.dir\/632\/files\/sites\/3\/Daly_Donnacha_B-150x150.jpg\" alt=\"Portr\u00e4t von Donnacha Daly\" width=\"150\" height=\"150\" \/><\/a>Leiter, Gr\u00fcnder, Br\u00fcckenbauer: <\/strong><a href=\"https:\/\/www.hslu.ch\/de-ch\/hochschule-luzern\/ueber-uns\/personensuche\/profile\/?pid=4717\" target=\"_blank\" rel=\"noopener\">Donnacha Daly<\/a> leitet den Bachelor-Studiengang\u202f<a href=\"https:\/\/www.hslu.ch\/de-ch\/informatik\/studium\/bachelor\/artificial-intelligence-and-machine-learning\/\" target=\"_blank\" rel=\"noopener\">Artificial Intelligence &amp; Machine Learning<\/a> an der HSLU. Er ist Mitgr\u00fcnder des <a href=\"https:\/\/www.hslu.ch\/de-ch\/informatik\/ueber-uns\/center-und-labs\/applied-ai-center\/\" target=\"_blank\" rel=\"noopener\">Applied Ai Centers @ HSLU<\/a>. Der Ire promovierte in Dublin, arbeitete international und ist seit 2020 Gr\u00fcnder des ersten und heute gr\u00f6ssten KI-Bachelor-Programms der Schweiz. Der Studiengang z\u00e4hlt mittlerweile \u00fcber 150 Studierende. Daly sieht enorme Chancen durch KI und betont die Bedeutung von Praxisn\u00e4he, Netzwerkarbeit und unkonventionellen Lebenswegen als Motor f\u00fcr Widerstandskraft und Kreativit\u00e4t<\/p>\n<p><strong>Bilden Sie sich aus und weiter:<\/strong><\/p>\n<ul>\n<li>Unser zukunftsweisender Bachelor-Studiengang\u00a0<a href=\"https:\/\/www.hslu.ch\/de-ch\/informatik\/studium\/bachelor\/artificial-intelligence-and-machine-learning\/\" target=\"_blank\" rel=\"noopener\">Artificial Intelligence &amp; Machine Learning<\/a>\u00a0legt seinen Fokus auf die Schl\u00fcsseltechnologien der K\u00fcnstlichen Intelligenz. Hier holen Sie sich das R\u00fcstzeug f\u00fcr die Bereiche K\u00fcnstliche Intelligenz und Robotik.<\/li>\n<li>Im\u00a0<a href=\"https:\/\/www.hslu.ch\/de-ch\/informatik\/weiterbildung\/applied-data-intelligence\/cas-machine-learning\/\" target=\"_blank\" rel=\"noopener\">CAS Machine Learning<\/a> lernen Sie, wie Sie K\u00fcnstliche Intelligenz verstehen und innovativ anwenden. Machine Learning ist ein Teilbereich der K\u00fcnstlichen Intelligenz.<\/li>\n<\/ul>\n<p><strong>Welche Weiterbildung passt?<\/strong>\u00a0Der\u00a0<a href=\"https:\/\/www.hslu.ch\/de-ch\/hochschule-luzern\/weiterbildung\/weiterbildungs-konfigurator#\/\" target=\"_blank\" rel=\"noopener\">Weiterbildungs-Finder<\/a>\u00a0verschafft Ihnen den Durchblick.<\/p>\n<p><strong>Besuchen Sie unsere\u00a0(<\/strong><a href=\"https:\/\/www.hslu.ch\/de-ch\/informatik\/agenda\/veranstaltungen\/#?filters=1621,1050\" target=\"_blank\" rel=\"noopener\"><strong>Online-)Info-Veranstaltungen<\/strong><\/a><\/p>\n<p><strong>Interessiert an Informatik-Trends und spannenden Pers\u00f6nlichkeiten?<\/strong>\u00a0<a href=\"https:\/\/hub.hslu.ch\/informatik\/#newsletter\" target=\"_blank\" rel=\"noopener\">Abonnieren Sie jetzt unseren Blog<\/a>!<\/p>\n<p><strong>LinkedIn:<\/strong>\u00a0Aktuelles aus unserem Departement \u2013 \u00a0jetzt <a href=\"https:\/\/www.linkedin.com\/showcase\/hochschule-luzern-informatik\/?viewAsMember=true\" target=\"_blank\" rel=\"noopener\">folgen<\/a>!<\/p>\n\t\t<\/div>\n\t<\/div>\n<\/div>\n\n\n\n<figure class=\"wp-block-embed is-type-video is-provider-youtube wp-block-embed-youtube wp-embed-aspect-16-9 wp-has-aspect-ratio\"><div class=\"wp-block-embed__wrapper\">\n<iframe loading=\"lazy\" title=\"Machine Learning einfach erkl\u00e4rt\" width=\"640\" height=\"360\" src=\"https:\/\/www.youtube.com\/embed\/LAJHeUAP9l4?start=2&#038;feature=oembed\" frameborder=\"0\" allow=\"accelerometer; autoplay; clipboard-write; encrypted-media; gyroscope; picture-in-picture; web-share\" referrerpolicy=\"strict-origin-when-cross-origin\" allowfullscreen><\/iframe>\n<\/div><\/figure>\n","protected":false},"excerpt":{"rendered":"<p>Silvan Vifian studiert K\u00fcnstliche Intelligenz \u2013 und interessiert sich ebenso f\u00fcr Menschen und ihre Geschichten. In seinem Podcast \u00abLife Happens\u00bb spricht er mit inspirierenden Pers\u00f6nlichkeiten \u00fcber Lebenswege. Auch zwei Professoren der Hochschule Luzern kommen zu Wort. Sie erz\u00e4hlen von internationaler Praxis, philosophischer Tiefe und ihrer Sicht auf KI.<\/p>\n","protected":false},"author":21,"featured_media":24884,"comment_status":"open","ping_status":"closed","sticky":false,"template":"","format":"standard","meta":{"_acf_changed":false,"inline_featured_image":false,"_relevanssi_hide_post":"","_relevanssi_hide_content":"","_relevanssi_pin_for_all":"","_relevanssi_pin_keywords":"","_relevanssi_unpin_keywords":"","_relevanssi_related_keywords":"","_relevanssi_related_include_ids":"","_relevanssi_related_exclude_ids":"","_relevanssi_related_no_append":"","_relevanssi_related_not_related":"","_relevanssi_related_posts":"447,19891,19952,3897,8051,19850","_relevanssi_noindex_reason":"","footnotes":"","_links_to":"","_links_to_target":""},"categories":[653304,4678],"tags":[653328,653757,653813,653327,103467,653812],"class_list":["post-24883","post","type-post","status-publish","format-standard","has-post-thumbnail","hentry","category-artificial-intelligence-machine-learning","category-informatik","tag-ai","tag-ethik","tag-karriereplanung","tag-ki","tag-kuenstliche-intelligenz","tag-philosophie"],"acf":[],"yoast_head":"<!-- This site is optimized with the Yoast SEO plugin v27.5 - https:\/\/yoast.com\/product\/yoast-seo-wordpress\/ -->\n<title>Von Alltag bis AI: Tiefsinnige Podcast-Gespr\u00e4che - Informatik an der Hochschule Luzern<\/title>\n<meta name=\"description\" content=\"Silvan Vifian studiert K\u00fcnstliche Intelligenz \u2013 und interessiert sich ebenso f\u00fcr Menschen und ihre Geschichten. In seinem Podcast \u00abLife Happens\u00bb spricht er mit inspirierenden Pers\u00f6nlichkeiten \u00fcber Lebenswege. Auch zwei Professoren der Hochschule Luzern kommen zu Wort. Sie erz\u00e4hlen von internationaler Praxis, philosophischer Tiefe und ihrer Sicht auf KI. %\" \/>\n<meta name=\"robots\" content=\"index, follow, max-snippet:-1, max-image-preview:large, max-video-preview:-1\" \/>\n<link rel=\"canonical\" href=\"https:\/\/hub.hslu.ch\/informatik\/von-alltag-bis-ai-tiefsinnige-podcast-gespraeche\/\" \/>\n<meta property=\"og:locale\" content=\"de_DE\" \/>\n<meta property=\"og:type\" content=\"article\" \/>\n<meta property=\"og:title\" content=\"Von Alltag bis AI: Tiefsinnige Podcast-Gespr\u00e4che - Informatik an der Hochschule Luzern\" \/>\n<meta property=\"og:description\" content=\"Silvan Vifian studiert K\u00fcnstliche Intelligenz \u2013 und interessiert sich ebenso f\u00fcr Menschen und ihre Geschichten. In seinem Podcast \u00abLife Happens\u00bb spricht er mit inspirierenden Pers\u00f6nlichkeiten \u00fcber Lebenswege. Auch zwei Professoren der Hochschule Luzern kommen zu Wort. Sie erz\u00e4hlen von internationaler Praxis, philosophischer Tiefe und ihrer Sicht auf KI. %\" \/>\n<meta property=\"og:url\" content=\"https:\/\/hub.hslu.ch\/informatik\/von-alltag-bis-ai-tiefsinnige-podcast-gespraeche\/\" \/>\n<meta property=\"og:site_name\" content=\"Informatik an der Hochschule Luzern\" \/>\n<meta property=\"article:published_time\" content=\"2025-07-21T07:45:45+00:00\" \/>\n<meta property=\"article:modified_time\" content=\"2026-02-11T13:52:39+00:00\" \/>\n<meta property=\"og:image\" content=\"https:\/\/hub.hslu.ch\/informatik\/wp-content\/blogs.dir\/632\/files\/sites\/3\/DSC_17218.jpg\" \/>\n\t<meta property=\"og:image:width\" content=\"2048\" \/>\n\t<meta property=\"og:image:height\" content=\"1366\" \/>\n\t<meta property=\"og:image:type\" content=\"image\/jpeg\" \/>\n<meta name=\"author\" content=\"Gabriela Bonin\" \/>\n<meta name=\"twitter:card\" content=\"summary_large_image\" \/>\n<meta name=\"twitter:label1\" content=\"Geschrieben von\" \/>\n\t<meta name=\"twitter:data1\" content=\"Gabriela Bonin\" \/>\n\t<meta name=\"twitter:label2\" content=\"Gesch\u00e4tzte Lesezeit\" \/>\n\t<meta name=\"twitter:data2\" content=\"5\u00a0Minuten\" \/>\n<script type=\"application\/ld+json\" class=\"yoast-schema-graph\">{\"@context\":\"https:\\\/\\\/schema.org\",\"@graph\":[{\"@type\":[\"Article\",\"BlogPosting\"],\"@id\":\"https:\\\/\\\/hub.hslu.ch\\\/informatik\\\/von-alltag-bis-ai-tiefsinnige-podcast-gespraeche\\\/#article\",\"isPartOf\":{\"@id\":\"https:\\\/\\\/hub.hslu.ch\\\/informatik\\\/von-alltag-bis-ai-tiefsinnige-podcast-gespraeche\\\/\"},\"author\":{\"name\":\"Gabriela Bonin\",\"@id\":\"https:\\\/\\\/hub.hslu.ch\\\/informatik\\\/#\\\/schema\\\/person\\\/27da2348b7e471b60538f142295c83eb\"},\"headline\":\"Von Alltag bis AI: Tiefsinnige Podcast-Gespr\u00e4che\",\"datePublished\":\"2025-07-21T07:45:45+00:00\",\"dateModified\":\"2026-02-11T13:52:39+00:00\",\"mainEntityOfPage\":{\"@id\":\"https:\\\/\\\/hub.hslu.ch\\\/informatik\\\/von-alltag-bis-ai-tiefsinnige-podcast-gespraeche\\\/\"},\"wordCount\":775,\"commentCount\":0,\"image\":{\"@id\":\"https:\\\/\\\/hub.hslu.ch\\\/informatik\\\/von-alltag-bis-ai-tiefsinnige-podcast-gespraeche\\\/#primaryimage\"},\"thumbnailUrl\":\"https:\\\/\\\/hub.hslu.ch\\\/informatik\\\/wp-content\\\/blogs.dir\\\/632\\\/files\\\/sites\\\/3\\\/DSC_17218.jpg\",\"keywords\":[\"AI\",\"Ethik\",\"Karriereplanung\",\"KI\",\"K\u00fcnstliche Intelligenz\",\"Philosophie\"],\"articleSection\":[\"Artificial Intelligence\",\"Studium\"],\"inLanguage\":\"de-CH\",\"potentialAction\":[{\"@type\":\"CommentAction\",\"name\":\"Comment\",\"target\":[\"https:\\\/\\\/hub.hslu.ch\\\/informatik\\\/von-alltag-bis-ai-tiefsinnige-podcast-gespraeche\\\/#respond\"]}]},{\"@type\":[\"WebPage\",\"ItemPage\"],\"@id\":\"https:\\\/\\\/hub.hslu.ch\\\/informatik\\\/von-alltag-bis-ai-tiefsinnige-podcast-gespraeche\\\/\",\"url\":\"https:\\\/\\\/hub.hslu.ch\\\/informatik\\\/von-alltag-bis-ai-tiefsinnige-podcast-gespraeche\\\/\",\"name\":\"Von Alltag bis AI: Tiefsinnige Podcast-Gespr\u00e4che - Informatik an der Hochschule Luzern\",\"isPartOf\":{\"@id\":\"https:\\\/\\\/hub.hslu.ch\\\/informatik\\\/#website\"},\"primaryImageOfPage\":{\"@id\":\"https:\\\/\\\/hub.hslu.ch\\\/informatik\\\/von-alltag-bis-ai-tiefsinnige-podcast-gespraeche\\\/#primaryimage\"},\"image\":{\"@id\":\"https:\\\/\\\/hub.hslu.ch\\\/informatik\\\/von-alltag-bis-ai-tiefsinnige-podcast-gespraeche\\\/#primaryimage\"},\"thumbnailUrl\":\"https:\\\/\\\/hub.hslu.ch\\\/informatik\\\/wp-content\\\/blogs.dir\\\/632\\\/files\\\/sites\\\/3\\\/DSC_17218.jpg\",\"datePublished\":\"2025-07-21T07:45:45+00:00\",\"dateModified\":\"2026-02-11T13:52:39+00:00\",\"author\":{\"@id\":\"https:\\\/\\\/hub.hslu.ch\\\/informatik\\\/#\\\/schema\\\/person\\\/27da2348b7e471b60538f142295c83eb\"},\"description\":\"Silvan Vifian studiert K\u00fcnstliche Intelligenz \u2013 und interessiert sich ebenso f\u00fcr Menschen und ihre Geschichten. In seinem Podcast \u00abLife Happens\u00bb spricht er mit inspirierenden Pers\u00f6nlichkeiten \u00fcber Lebenswege. Auch zwei Professoren der Hochschule Luzern kommen zu Wort. Sie erz\u00e4hlen von internationaler Praxis, philosophischer Tiefe und ihrer Sicht auf KI. %\",\"breadcrumb\":{\"@id\":\"https:\\\/\\\/hub.hslu.ch\\\/informatik\\\/von-alltag-bis-ai-tiefsinnige-podcast-gespraeche\\\/#breadcrumb\"},\"inLanguage\":\"de-CH\",\"potentialAction\":[{\"@type\":\"ReadAction\",\"target\":[\"https:\\\/\\\/hub.hslu.ch\\\/informatik\\\/von-alltag-bis-ai-tiefsinnige-podcast-gespraeche\\\/\"]}]},{\"@type\":\"ImageObject\",\"inLanguage\":\"de-CH\",\"@id\":\"https:\\\/\\\/hub.hslu.ch\\\/informatik\\\/von-alltag-bis-ai-tiefsinnige-podcast-gespraeche\\\/#primaryimage\",\"url\":\"https:\\\/\\\/hub.hslu.ch\\\/informatik\\\/wp-content\\\/blogs.dir\\\/632\\\/files\\\/sites\\\/3\\\/DSC_17218.jpg\",\"contentUrl\":\"https:\\\/\\\/hub.hslu.ch\\\/informatik\\\/wp-content\\\/blogs.dir\\\/632\\\/files\\\/sites\\\/3\\\/DSC_17218.jpg\",\"width\":2048,\"height\":1366,\"caption\":\"Netzwerker und KI-Student Silvan Vifian f\u00fchrt in seinem neuen Podcast gehaltvolle Gespr\u00e4che.\"},{\"@type\":\"BreadcrumbList\",\"@id\":\"https:\\\/\\\/hub.hslu.ch\\\/informatik\\\/von-alltag-bis-ai-tiefsinnige-podcast-gespraeche\\\/#breadcrumb\",\"itemListElement\":[{\"@type\":\"ListItem\",\"position\":1,\"name\":\"Home\",\"item\":\"https:\\\/\\\/hub.hslu.ch\\\/informatik\\\/\"},{\"@type\":\"ListItem\",\"position\":2,\"name\":\"Von Alltag bis AI: Tiefsinnige Podcast-Gespr\u00e4che\"}]},{\"@type\":\"WebSite\",\"@id\":\"https:\\\/\\\/hub.hslu.ch\\\/informatik\\\/#website\",\"url\":\"https:\\\/\\\/hub.hslu.ch\\\/informatik\\\/\",\"name\":\"Informatik an der Hochschule Luzern\",\"description\":\"Der offizielle Blog der Hochschule Luzern \u2013 Informatik\",\"potentialAction\":[{\"@type\":\"SearchAction\",\"target\":{\"@type\":\"EntryPoint\",\"urlTemplate\":\"https:\\\/\\\/hub.hslu.ch\\\/informatik\\\/?s={search_term_string}\"},\"query-input\":{\"@type\":\"PropertyValueSpecification\",\"valueRequired\":true,\"valueName\":\"search_term_string\"}}],\"inLanguage\":\"de-CH\"},{\"@type\":\"Person\",\"@id\":\"https:\\\/\\\/hub.hslu.ch\\\/informatik\\\/#\\\/schema\\\/person\\\/27da2348b7e471b60538f142295c83eb\",\"name\":\"Gabriela Bonin\",\"description\":\"Bloggerin, Textcoach, Dozentin. Gabriela Bonin arbeitet als Bloggerin und Textcoach bei der Hochschule Luzern, im Department Informatik. Daneben ist sie als Dozentin an der Journalistenschule MAZ und als Texterin t\u00e4tig.\",\"sameAs\":[\"http:\\\/\\\/www.gbonin.com\",\"https:\\\/\\\/www.linkedin.com\\\/in\\\/gabriela-bonin\\\/\"]}]}<\/script>\n<!-- \/ Yoast SEO plugin. -->","yoast_head_json":{"title":"Von Alltag bis AI: Tiefsinnige Podcast-Gespr\u00e4che - Informatik an der Hochschule Luzern","description":"Silvan Vifian studiert K\u00fcnstliche Intelligenz \u2013 und interessiert sich ebenso f\u00fcr Menschen und ihre Geschichten. In seinem Podcast \u00abLife Happens\u00bb spricht er mit inspirierenden Pers\u00f6nlichkeiten \u00fcber Lebenswege. Auch zwei Professoren der Hochschule Luzern kommen zu Wort. Sie erz\u00e4hlen von internationaler Praxis, philosophischer Tiefe und ihrer Sicht auf KI. %","robots":{"index":"index","follow":"follow","max-snippet":"max-snippet:-1","max-image-preview":"max-image-preview:large","max-video-preview":"max-video-preview:-1"},"canonical":"https:\/\/hub.hslu.ch\/informatik\/von-alltag-bis-ai-tiefsinnige-podcast-gespraeche\/","og_locale":"de_DE","og_type":"article","og_title":"Von Alltag bis AI: Tiefsinnige Podcast-Gespr\u00e4che - Informatik an der Hochschule Luzern","og_description":"Silvan Vifian studiert K\u00fcnstliche Intelligenz \u2013 und interessiert sich ebenso f\u00fcr Menschen und ihre Geschichten. In seinem Podcast \u00abLife Happens\u00bb spricht er mit inspirierenden Pers\u00f6nlichkeiten \u00fcber Lebenswege. Auch zwei Professoren der Hochschule Luzern kommen zu Wort. Sie erz\u00e4hlen von internationaler Praxis, philosophischer Tiefe und ihrer Sicht auf KI. %","og_url":"https:\/\/hub.hslu.ch\/informatik\/von-alltag-bis-ai-tiefsinnige-podcast-gespraeche\/","og_site_name":"Informatik an der Hochschule Luzern","article_published_time":"2025-07-21T07:45:45+00:00","article_modified_time":"2026-02-11T13:52:39+00:00","og_image":[{"width":2048,"height":1366,"url":"https:\/\/hub.hslu.ch\/informatik\/wp-content\/blogs.dir\/632\/files\/sites\/3\/DSC_17218.jpg","type":"image\/jpeg"}],"author":"Gabriela Bonin","twitter_card":"summary_large_image","twitter_misc":{"Geschrieben von":"Gabriela Bonin","Gesch\u00e4tzte Lesezeit":"5\u00a0Minuten"},"schema":{"@context":"https:\/\/schema.org","@graph":[{"@type":["Article","BlogPosting"],"@id":"https:\/\/hub.hslu.ch\/informatik\/von-alltag-bis-ai-tiefsinnige-podcast-gespraeche\/#article","isPartOf":{"@id":"https:\/\/hub.hslu.ch\/informatik\/von-alltag-bis-ai-tiefsinnige-podcast-gespraeche\/"},"author":{"name":"Gabriela Bonin","@id":"https:\/\/hub.hslu.ch\/informatik\/#\/schema\/person\/27da2348b7e471b60538f142295c83eb"},"headline":"Von Alltag bis AI: Tiefsinnige Podcast-Gespr\u00e4che","datePublished":"2025-07-21T07:45:45+00:00","dateModified":"2026-02-11T13:52:39+00:00","mainEntityOfPage":{"@id":"https:\/\/hub.hslu.ch\/informatik\/von-alltag-bis-ai-tiefsinnige-podcast-gespraeche\/"},"wordCount":775,"commentCount":0,"image":{"@id":"https:\/\/hub.hslu.ch\/informatik\/von-alltag-bis-ai-tiefsinnige-podcast-gespraeche\/#primaryimage"},"thumbnailUrl":"https:\/\/hub.hslu.ch\/informatik\/wp-content\/blogs.dir\/632\/files\/sites\/3\/DSC_17218.jpg","keywords":["AI","Ethik","Karriereplanung","KI","K\u00fcnstliche Intelligenz","Philosophie"],"articleSection":["Artificial Intelligence","Studium"],"inLanguage":"de-CH","potentialAction":[{"@type":"CommentAction","name":"Comment","target":["https:\/\/hub.hslu.ch\/informatik\/von-alltag-bis-ai-tiefsinnige-podcast-gespraeche\/#respond"]}]},{"@type":["WebPage","ItemPage"],"@id":"https:\/\/hub.hslu.ch\/informatik\/von-alltag-bis-ai-tiefsinnige-podcast-gespraeche\/","url":"https:\/\/hub.hslu.ch\/informatik\/von-alltag-bis-ai-tiefsinnige-podcast-gespraeche\/","name":"Von Alltag bis AI: Tiefsinnige Podcast-Gespr\u00e4che - Informatik an der Hochschule Luzern","isPartOf":{"@id":"https:\/\/hub.hslu.ch\/informatik\/#website"},"primaryImageOfPage":{"@id":"https:\/\/hub.hslu.ch\/informatik\/von-alltag-bis-ai-tiefsinnige-podcast-gespraeche\/#primaryimage"},"image":{"@id":"https:\/\/hub.hslu.ch\/informatik\/von-alltag-bis-ai-tiefsinnige-podcast-gespraeche\/#primaryimage"},"thumbnailUrl":"https:\/\/hub.hslu.ch\/informatik\/wp-content\/blogs.dir\/632\/files\/sites\/3\/DSC_17218.jpg","datePublished":"2025-07-21T07:45:45+00:00","dateModified":"2026-02-11T13:52:39+00:00","author":{"@id":"https:\/\/hub.hslu.ch\/informatik\/#\/schema\/person\/27da2348b7e471b60538f142295c83eb"},"description":"Silvan Vifian studiert K\u00fcnstliche Intelligenz \u2013 und interessiert sich ebenso f\u00fcr Menschen und ihre Geschichten. In seinem Podcast \u00abLife Happens\u00bb spricht er mit inspirierenden Pers\u00f6nlichkeiten \u00fcber Lebenswege. Auch zwei Professoren der Hochschule Luzern kommen zu Wort. Sie erz\u00e4hlen von internationaler Praxis, philosophischer Tiefe und ihrer Sicht auf KI. %","breadcrumb":{"@id":"https:\/\/hub.hslu.ch\/informatik\/von-alltag-bis-ai-tiefsinnige-podcast-gespraeche\/#breadcrumb"},"inLanguage":"de-CH","potentialAction":[{"@type":"ReadAction","target":["https:\/\/hub.hslu.ch\/informatik\/von-alltag-bis-ai-tiefsinnige-podcast-gespraeche\/"]}]},{"@type":"ImageObject","inLanguage":"de-CH","@id":"https:\/\/hub.hslu.ch\/informatik\/von-alltag-bis-ai-tiefsinnige-podcast-gespraeche\/#primaryimage","url":"https:\/\/hub.hslu.ch\/informatik\/wp-content\/blogs.dir\/632\/files\/sites\/3\/DSC_17218.jpg","contentUrl":"https:\/\/hub.hslu.ch\/informatik\/wp-content\/blogs.dir\/632\/files\/sites\/3\/DSC_17218.jpg","width":2048,"height":1366,"caption":"Netzwerker und KI-Student Silvan Vifian f\u00fchrt in seinem neuen Podcast gehaltvolle Gespr\u00e4che."},{"@type":"BreadcrumbList","@id":"https:\/\/hub.hslu.ch\/informatik\/von-alltag-bis-ai-tiefsinnige-podcast-gespraeche\/#breadcrumb","itemListElement":[{"@type":"ListItem","position":1,"name":"Home","item":"https:\/\/hub.hslu.ch\/informatik\/"},{"@type":"ListItem","position":2,"name":"Von Alltag bis AI: Tiefsinnige Podcast-Gespr\u00e4che"}]},{"@type":"WebSite","@id":"https:\/\/hub.hslu.ch\/informatik\/#website","url":"https:\/\/hub.hslu.ch\/informatik\/","name":"Informatik an der Hochschule Luzern","description":"Der offizielle Blog der Hochschule Luzern \u2013 Informatik","potentialAction":[{"@type":"SearchAction","target":{"@type":"EntryPoint","urlTemplate":"https:\/\/hub.hslu.ch\/informatik\/?s={search_term_string}"},"query-input":{"@type":"PropertyValueSpecification","valueRequired":true,"valueName":"search_term_string"}}],"inLanguage":"de-CH"},{"@type":"Person","@id":"https:\/\/hub.hslu.ch\/informatik\/#\/schema\/person\/27da2348b7e471b60538f142295c83eb","name":"Gabriela Bonin","description":"Bloggerin, Textcoach, Dozentin. Gabriela Bonin arbeitet als Bloggerin und Textcoach bei der Hochschule Luzern, im Department Informatik. Daneben ist sie als Dozentin an der Journalistenschule MAZ und als Texterin t\u00e4tig.","sameAs":["http:\/\/www.gbonin.com","https:\/\/www.linkedin.com\/in\/gabriela-bonin\/"]}]}},"featured_image_src":"https:\/\/hub.hslu.ch\/informatik\/wp-content\/blogs.dir\/632\/files\/sites\/3\/DSC_17218.jpg","featured_image_src_square":"https:\/\/hub.hslu.ch\/informatik\/wp-content\/blogs.dir\/632\/files\/sites\/3\/DSC_17218.jpg","author_info":{"display_name":"Gabriela Bonin","author_link":"https:\/\/hub.hslu.ch\/informatik\/author\/gabrielabonin\/"},"_links":{"self":[{"href":"https:\/\/hub.hslu.ch\/informatik\/wp-json\/wp\/v2\/posts\/24883","targetHints":{"allow":["GET"]}}],"collection":[{"href":"https:\/\/hub.hslu.ch\/informatik\/wp-json\/wp\/v2\/posts"}],"about":[{"href":"https:\/\/hub.hslu.ch\/informatik\/wp-json\/wp\/v2\/types\/post"}],"author":[{"embeddable":true,"href":"https:\/\/hub.hslu.ch\/informatik\/wp-json\/wp\/v2\/users\/21"}],"replies":[{"embeddable":true,"href":"https:\/\/hub.hslu.ch\/informatik\/wp-json\/wp\/v2\/comments?post=24883"}],"version-history":[{"count":31,"href":"https:\/\/hub.hslu.ch\/informatik\/wp-json\/wp\/v2\/posts\/24883\/revisions"}],"predecessor-version":[{"id":26918,"href":"https:\/\/hub.hslu.ch\/informatik\/wp-json\/wp\/v2\/posts\/24883\/revisions\/26918"}],"wp:featuredmedia":[{"embeddable":true,"href":"https:\/\/hub.hslu.ch\/informatik\/wp-json\/wp\/v2\/media\/24884"}],"wp:attachment":[{"href":"https:\/\/hub.hslu.ch\/informatik\/wp-json\/wp\/v2\/media?parent=24883"}],"wp:term":[{"taxonomy":"category","embeddable":true,"href":"https:\/\/hub.hslu.ch\/informatik\/wp-json\/wp\/v2\/categories?post=24883"},{"taxonomy":"post_tag","embeddable":true,"href":"https:\/\/hub.hslu.ch\/informatik\/wp-json\/wp\/v2\/tags?post=24883"}],"curies":[{"name":"wp","href":"https:\/\/api.w.org\/{rel}","templated":true}]}}