{"id":4664,"date":"2019-07-04T11:33:44","date_gmt":"2019-07-04T09:33:44","guid":{"rendered":"https:\/\/hub.hslu.ch\/informatik\/?p=4664"},"modified":"2026-02-10T11:38:21","modified_gmt":"2026-02-10T10:38:21","slug":"die-sommeruniversiade-im-visier","status":"publish","type":"post","link":"https:\/\/hub.hslu.ch\/informatik\/die-sommeruniversiade-im-visier\/","title":{"rendered":"Die Sommeruniversiade im Visier"},"content":{"rendered":"\n<div class=\"post-meta-custom\">By Yasmin Billeter am 4. Juli 2019<\/div>\n\n\n\n<p><\/p>\n\n\n\n<p>Bei \u00fcber 30 Grad im Schatten und einer Luft zum Schneiden treffen wir <a href=\"https:\/\/www.hslu.ch\/de-ch\/informatik\/studium\/bachelor\/informatik\/\" target=\"_blank\" rel=\"noopener noreferrer\">Informatik<\/a>-Student Iwan Bolzern vor dem Indoor-Schiessstand in Kriens. Er kommt direkt von einer Bachelor-Abschlusspr\u00fcfung und zeigt uns hier sein \u00abzweites Zuhause\u00bb.<\/p>\n\n\n\n<figure class=\"wp-block-embed is-type-video is-provider-youtube wp-block-embed-youtube wp-embed-aspect-16-9 wp-has-aspect-ratio\"><div class=\"wp-block-embed__wrapper\">\n<iframe loading=\"lazy\" title=\"Iwan Bolzern nimmt Sommeruniversiade ins Visier\" width=\"640\" height=\"360\" src=\"https:\/\/www.youtube.com\/embed\/brCNln7AHOo?feature=oembed\" frameborder=\"0\" allow=\"accelerometer; autoplay; clipboard-write; encrypted-media; gyroscope; picture-in-picture; web-share\" referrerpolicy=\"strict-origin-when-cross-origin\" allowfullscreen><\/iframe>\n<\/div><\/figure>\n\n\n\n<p>Dass Bolzern f\u00fcr den Schweizer Schiesssport an der <a href=\"https:\/\/swissuniversitysports.ch\/wettkaempfe\/napoli-2019\/\" target=\"_blank\" rel=\"noopener noreferrer\">Sommeruniversiade<\/a> in Neapel teilnimmt, war nicht geplant. Aufgrund seiner hohen Punktzahl bei den Hochschulmeisterschaften wurde er jedoch w\u00e4hrend des Selektionsverfahrens angefragt \u2013 und hat sich qualifiziert. \u00abDas ist eine sehr sch\u00f6ne Gelegenheit\u00bb, sagt Bolzern stolz. \u00abDenn eigentlich bin ich gar nicht mehr im Spitzensport aktiv, da dieser sehr aufw\u00e4ndig ist.\u00bb<\/p>\n\n\n\n<p><strong>Ein bisschen wie Olympia&nbsp;<\/strong><\/p>\n\n\n\n<p>Der Sch\u00fctze nimmt aber noch regelm\u00e4ssig an kleineren nationalen Meisterschaften teil und wurde 2018 und 2019 Luzerner Kantonsmeister im Luftgewehr. \u00abWettk\u00e4mpfe laufen national und international immer gleich ab\u00bb, sagt er.<\/p>\n\n\n\n<p>Und doch wird an der Universiade einiges anders sein: Medieninterviews, TV-\u00dcbertragung, die olympischen D\u00f6rfer, welche auf zwei Kreuzfahrtschiffe verteilt sind, und \u00fcber 10\u2019000 Teilnehmende. \u00abIch freue mich besonders auf den Austausch mit den anderen Athletinnen und Athleten\u00bb, sagt Bolzern.&nbsp;<\/p>\n\n\n\n<blockquote class=\"wp-block-quote is-layout-flow wp-block-quote-is-layout-flow\">\n<p> \u00abIch freue mich besonders auf den Austausch mit den anderen Athletinnen und Athleten\u00bb <\/p>\n<cite> <strong>Iwan Bolzern<\/strong> <\/cite><\/blockquote>\n\n\n\n<p>Seine Chancen einzusch\u00e4tzen, f\u00e4llt ihm schwer. \u00abEs ist noch nicht bekannt, wer von den international erfolgreichen Sch\u00fctzen am Wettkampf teilnehmen wird\u00bb. Bolzerns Ziel ist es, die Leistung, die er im Training erbringt, auch im Wettkampf abzurufen \u2013 keine Selbstverst\u00e4ndlichkeit.<\/p>\n\n\n\n<p><strong>Mehr als <\/strong><strong>ein gutes Auge und eine ruhige Hand <\/strong><\/p>\n\n\n\n<p>Denn nur wer im Kopf bereit ist, trifft: \u00abIm richtigen Moment die richtige Leistung abzurufen, ist anspruchsvoll und schwer zu trainieren\u00bb, erkl\u00e4rt er. Was Topsch\u00fctzinnen und -sch\u00fctzen ausmache, seien K\u00f6rperbeherrschung, Kondition, Koordination und ein hohes Konzentrationsverm\u00f6gen. Selbst bei grosser psychischer Belastung m\u00fcssten sie Schussabl\u00e4ufe perfekt ausf\u00fchren und die Muskelspannung kontrollieren.<\/p>\n\n\n\n<blockquote class=\"wp-block-quote is-layout-flow wp-block-quote-is-layout-flow\">\n<p><span style=\"color: #993366\">\u00abIm richtigen Moment die richtige Leistung abzurufen, ist anspruchsvoll und schwer zu trainieren\u00bb<\/span><strong><br><\/strong><\/p>\n<cite> <strong>Iwan Bolzern<\/strong> <\/cite><\/blockquote>\n\n\n\n<p>Als Vorbereitung auf die Universiade ist Iwan Bolzern dreimal w\u00f6chentlich in der Schiesssporthalle neben der Allmend anzutreffen. Meist trainiert er alleine, manchmal mit einem guten Freund aus dem Verein. Auch Mentaltraining geh\u00f6rt dazu: \u00abIch stelle mir vor, wie die Ger\u00e4usche oder die Temperatur sein werden, um mich auf die Situation in Neapel einzustellen.\u00bb<\/p>\n\n\n\n<p>Die k\u00f6rperliche Fitness ist ohnehin ein Muss: Schiessen sei nicht offensichtlich anstrengend, erkl\u00e4rt Bolzern, es brauche jedoch eine gute Kondition, um das 5.5 Kilogramm schwere Sportger\u00e4t w\u00e4hrend des Wettkampfs rund 75-mal zu stemmen. Neben dem Schiesstraining joggt Bolzern deshalb zweimal die Woche und spielt Beachvolleyball.<\/p>\n\n\n\n<p><strong>Spitzensport und Studium<\/strong><\/p>\n\n\n\n<p>Bleibt bei all dem Sport Zeit f\u00fcrs Studium? \u00abIch kann das relativ gut vereinen, da ich berufsbegleitend studiere\u00bb, sagt der 24-J\u00e4hrige. Er arbeitet seit seinem Zivildienst beim <a href=\"https:\/\/www.hslu.ch\/de-ch\/technik-architektur\/forschung\/kompetenzzentren\/ihomelab\/\" target=\"_blank\" rel=\"noopener noreferrer\">iHomeLab<\/a>. \u00abAusserdem bin ich erst durch die Universiade wieder zum Spitzensport gekommen.\u00bb<\/p>\n\n\n\n<blockquote class=\"wp-block-quote is-layout-flow wp-block-quote-is-layout-flow\">\n<p>  \u00abMein Trick ist, dass ich gleichzeitig arbeite und studiere.\u00bb <\/p>\n<cite> <strong>Iwan Bolzern<\/strong>  <\/cite><\/blockquote>\n\n\n\n<p>Tats\u00e4chlich gl\u00e4nzte er w\u00e4hrend des Studiums durch sehr gute Leistungen und hat die ehrenvolle Aufgabe, an der Diplomfeier 2019 das Schlusswort zu halten. Er winkt bescheiden ab. \u00abMein Trick ist, dass ich gleichzeitig arbeite und studiere. So lerne ich gezielt und kann den Stoff verarbeiten und anwenden. Der Abstand ist mein Schl\u00fcssel zum Erfolg.\u00bb<\/p>\n\n\n\n<p>Eine Erkenntnis, die auch auf den Sport zutrifft: \u00abAls ich mich mit 20 aus dem Spitzensport verabschiedet habe, konnte ich meine Leistungen wieder steigern. Je mehr Abwechslung, desto besser kann ich mich fokussieren, wenn es darauf ankommt.\u00bb<\/p>\n\n\n\n<p>Nach dem Studium wird er noch Ferien in Norwegen machen&nbsp; bevor er bei Z\u00fchlke als Data-Ingenieur startet. Zuerst fliegt Iwan Bolzern jedoch diese Woche mit dem Schweizer Team nach Neapel, wo er am Donnerstag und am Samstag als einziger Vertreter der Hochschule Luzern zum Wettkampf antritt.<\/p>\n\n\n\n<figure class=\"wp-block-embed is-type-video is-provider-youtube wp-block-embed-youtube wp-embed-aspect-16-9 wp-has-aspect-ratio\"><div class=\"wp-block-embed__wrapper\">\n<iframe loading=\"lazy\" title=\"Napoli 2019 Official Video\" width=\"640\" height=\"360\" src=\"https:\/\/www.youtube.com\/embed\/lAJ6K1doruQ?feature=oembed\" frameborder=\"0\" allow=\"accelerometer; autoplay; clipboard-write; encrypted-media; gyroscope; picture-in-picture; web-share\" referrerpolicy=\"strict-origin-when-cross-origin\" allowfullscreen><\/iframe>\n<\/div><\/figure>\n\n\n\n<p><em>Die Sommeruniversiade findet vom 3. bis 14. Juli in Neapel (Italien) statt. Die Schweizer Delegation tritt mit 82 Athletinnen und Athleten in 11 Sportarten an. 2021 ist Luzern der Austragungsort der alle zwei Jahre stattfindenden <\/em><a href=\"https:\/\/www.winteruniversiade2021.ch\/\" target=\"_blank\" rel=\"noopener noreferrer\"><em>Winteruniversiade<\/em><\/a><em>.<\/em><\/p>\n\n\n<div class=\"blue-box\">\n\t<div class=\"row\">\n\t\t<div class=\"col-md-12\">\n\t\t\t<h3><strong><a href=\"https:\/\/www.hslu.ch\/de-ch\/informatik\/studium\/bachelor\/informatik\/\">Bachelor in Informatik<\/a><\/strong><\/h3>\n<p>Das Informatik-Studium passt sich Ihren Bed\u00fcrfnissen an: grosse Auswahl an Modulen, Vollzeit, Teilzeit oder berufsbegleitendes Studium und Start im September oder Februar.<\/p>\n<h3><strong><a href=\"https:\/\/www.unilu.ch\/uni-leben\/sport\/\">Hochschulsport Campus Luzern<\/a><\/strong><\/h3>\n<p>Ein Ausgleich zum Studium und zur Arbeit: Der Hochschulsport Campus Luzern (HSCL) bietet im Auftrag der Hochschulen Luzern (UniLU, HSLU, PH Luzern) ein abwechslungsreiches Sportprogramm, in welchem Studierende und Mitarbeitende zahlreiche Sportarten erlernen und aus\u00fcben k\u00f6nnen.<\/p>\n<h3><strong>\u00dcber den Informatik-Blog<\/strong><\/h3>\n<p>Hier erhalten Sie Tipps und Neuigkeiten aus der Welt der IT. Wir portr\u00e4tieren Menschen und schreiben \u00fcber Technologien, welche die Hochschule Luzern \u2013 Informatik mitpr\u00e4gt. <a href=\"https:\/\/hub.hslu.ch\/informatik\/\">Abonnieren Sie jetzt unseren Blog<\/a> und bleiben Sie informiert.<\/p>\n\t\t<\/div>\n\t<\/div>\n<\/div>\n","protected":false},"excerpt":{"rendered":"<p>Iwan Bolzern schiesst f\u00fcr die Hochschule Luzern an der Sommeruniversiade in Neapel. Wie er Studium und Spitzensport vereint \u2013 und warum seine Teilnahme nicht geplant war.<\/p>\n","protected":false},"author":4,"featured_media":4676,"comment_status":"open","ping_status":"closed","sticky":false,"template":"","format":"standard","meta":{"_acf_changed":false,"inline_featured_image":false,"_relevanssi_hide_post":"","_relevanssi_hide_content":"","_relevanssi_pin_for_all":"","_relevanssi_pin_keywords":"","_relevanssi_unpin_keywords":"","_relevanssi_related_keywords":"","_relevanssi_related_include_ids":"","_relevanssi_related_exclude_ids":"","_relevanssi_related_no_append":"","_relevanssi_related_not_related":"","_relevanssi_related_posts":"26450,26275,26420,26236,26222,25888","_relevanssi_noindex_reason":"","footnotes":"","_links_to":"","_links_to_target":""},"categories":[4678],"tags":[124901,4165],"class_list":["post-4664","post","type-post","status-publish","format-standard","has-post-thumbnail","hentry","category-informatik","tag-spitzensport","tag-studium"],"acf":[],"yoast_head":"<!-- This site is optimized with the Yoast SEO plugin v27.5 - https:\/\/yoast.com\/product\/yoast-seo-wordpress\/ -->\n<title>Die Sommeruniversiade im Visier - Informatik an der Hochschule Luzern<\/title>\n<meta name=\"description\" content=\"Iwan Bolzern schiesst f\u00fcr die Hochschule Luzern an der Sommeruniversiade in Neapel. Wie er Studium und Spitzensport vereint \u2013 und warum seine Teilnahme nicht geplant war. %\" \/>\n<meta name=\"robots\" content=\"index, follow, max-snippet:-1, max-image-preview:large, max-video-preview:-1\" \/>\n<link rel=\"canonical\" href=\"https:\/\/hub.hslu.ch\/informatik\/die-sommeruniversiade-im-visier\/\" \/>\n<meta property=\"og:locale\" content=\"de_DE\" \/>\n<meta property=\"og:type\" content=\"article\" \/>\n<meta property=\"og:title\" content=\"Die Sommeruniversiade im Visier - Informatik an der Hochschule Luzern\" \/>\n<meta property=\"og:description\" content=\"Iwan Bolzern schiesst f\u00fcr die Hochschule Luzern an der Sommeruniversiade in Neapel. Wie er Studium und Spitzensport vereint \u2013 und warum seine Teilnahme nicht geplant war. %\" \/>\n<meta property=\"og:url\" content=\"https:\/\/hub.hslu.ch\/informatik\/die-sommeruniversiade-im-visier\/\" \/>\n<meta property=\"og:site_name\" content=\"Informatik an der Hochschule Luzern\" \/>\n<meta property=\"article:published_time\" content=\"2019-07-04T09:33:44+00:00\" \/>\n<meta property=\"article:modified_time\" content=\"2026-02-10T10:38:21+00:00\" \/>\n<meta property=\"og:image\" content=\"https:\/\/hub.hslu.ch\/informatik\/wp-content\/blogs.dir\/632\/files\/sites\/3\/Iwan-Bolzern-Universiade.jpg\" \/>\n\t<meta property=\"og:image:width\" content=\"700\" \/>\n\t<meta property=\"og:image:height\" content=\"351\" \/>\n\t<meta property=\"og:image:type\" content=\"image\/jpeg\" \/>\n<meta name=\"author\" content=\"Yasmin Billeter\" \/>\n<meta name=\"twitter:card\" content=\"summary_large_image\" \/>\n<meta name=\"twitter:creator\" content=\"@weitertanzen\" \/>\n<meta name=\"twitter:label1\" content=\"Geschrieben von\" \/>\n\t<meta name=\"twitter:data1\" content=\"Yasmin Billeter\" \/>\n\t<meta name=\"twitter:label2\" content=\"Gesch\u00e4tzte Lesezeit\" \/>\n\t<meta name=\"twitter:data2\" content=\"4\u00a0Minuten\" \/>\n<script type=\"application\/ld+json\" class=\"yoast-schema-graph\">{\"@context\":\"https:\\\/\\\/schema.org\",\"@graph\":[{\"@type\":[\"Article\",\"BlogPosting\"],\"@id\":\"https:\\\/\\\/hub.hslu.ch\\\/informatik\\\/die-sommeruniversiade-im-visier\\\/#article\",\"isPartOf\":{\"@id\":\"https:\\\/\\\/hub.hslu.ch\\\/informatik\\\/die-sommeruniversiade-im-visier\\\/\"},\"author\":{\"name\":\"Yasmin Billeter\",\"@id\":\"https:\\\/\\\/hub.hslu.ch\\\/informatik\\\/#\\\/schema\\\/person\\\/812dcf123b47ed2e36ce795218a6564f\"},\"headline\":\"Die Sommeruniversiade im Visier\",\"datePublished\":\"2019-07-04T09:33:44+00:00\",\"dateModified\":\"2026-02-10T10:38:21+00:00\",\"mainEntityOfPage\":{\"@id\":\"https:\\\/\\\/hub.hslu.ch\\\/informatik\\\/die-sommeruniversiade-im-visier\\\/\"},\"wordCount\":668,\"commentCount\":0,\"image\":{\"@id\":\"https:\\\/\\\/hub.hslu.ch\\\/informatik\\\/die-sommeruniversiade-im-visier\\\/#primaryimage\"},\"thumbnailUrl\":\"https:\\\/\\\/hub.hslu.ch\\\/informatik\\\/wp-content\\\/blogs.dir\\\/632\\\/files\\\/sites\\\/3\\\/Iwan-Bolzern-Universiade.jpg\",\"keywords\":[\"Spitzensport\",\"Studium &amp; Campus\"],\"articleSection\":[\"Studium\"],\"inLanguage\":\"de-CH\",\"potentialAction\":[{\"@type\":\"CommentAction\",\"name\":\"Comment\",\"target\":[\"https:\\\/\\\/hub.hslu.ch\\\/informatik\\\/die-sommeruniversiade-im-visier\\\/#respond\"]}]},{\"@type\":[\"WebPage\",\"ItemPage\"],\"@id\":\"https:\\\/\\\/hub.hslu.ch\\\/informatik\\\/die-sommeruniversiade-im-visier\\\/\",\"url\":\"https:\\\/\\\/hub.hslu.ch\\\/informatik\\\/die-sommeruniversiade-im-visier\\\/\",\"name\":\"Die Sommeruniversiade im Visier - Informatik an der Hochschule Luzern\",\"isPartOf\":{\"@id\":\"https:\\\/\\\/hub.hslu.ch\\\/informatik\\\/#website\"},\"primaryImageOfPage\":{\"@id\":\"https:\\\/\\\/hub.hslu.ch\\\/informatik\\\/die-sommeruniversiade-im-visier\\\/#primaryimage\"},\"image\":{\"@id\":\"https:\\\/\\\/hub.hslu.ch\\\/informatik\\\/die-sommeruniversiade-im-visier\\\/#primaryimage\"},\"thumbnailUrl\":\"https:\\\/\\\/hub.hslu.ch\\\/informatik\\\/wp-content\\\/blogs.dir\\\/632\\\/files\\\/sites\\\/3\\\/Iwan-Bolzern-Universiade.jpg\",\"datePublished\":\"2019-07-04T09:33:44+00:00\",\"dateModified\":\"2026-02-10T10:38:21+00:00\",\"author\":{\"@id\":\"https:\\\/\\\/hub.hslu.ch\\\/informatik\\\/#\\\/schema\\\/person\\\/812dcf123b47ed2e36ce795218a6564f\"},\"description\":\"Iwan Bolzern schiesst f\u00fcr die Hochschule Luzern an der Sommeruniversiade in Neapel. Wie er Studium und Spitzensport vereint \u2013 und warum seine Teilnahme nicht geplant war. %\",\"breadcrumb\":{\"@id\":\"https:\\\/\\\/hub.hslu.ch\\\/informatik\\\/die-sommeruniversiade-im-visier\\\/#breadcrumb\"},\"inLanguage\":\"de-CH\",\"potentialAction\":[{\"@type\":\"ReadAction\",\"target\":[\"https:\\\/\\\/hub.hslu.ch\\\/informatik\\\/die-sommeruniversiade-im-visier\\\/\"]}]},{\"@type\":\"ImageObject\",\"inLanguage\":\"de-CH\",\"@id\":\"https:\\\/\\\/hub.hslu.ch\\\/informatik\\\/die-sommeruniversiade-im-visier\\\/#primaryimage\",\"url\":\"https:\\\/\\\/hub.hslu.ch\\\/informatik\\\/wp-content\\\/blogs.dir\\\/632\\\/files\\\/sites\\\/3\\\/Iwan-Bolzern-Universiade.jpg\",\"contentUrl\":\"https:\\\/\\\/hub.hslu.ch\\\/informatik\\\/wp-content\\\/blogs.dir\\\/632\\\/files\\\/sites\\\/3\\\/Iwan-Bolzern-Universiade.jpg\",\"width\":700,\"height\":351,\"caption\":\"Iwan Bolzern tritt f\u00fcr die Schweiz an der 30. Sommeruniversiade \u2013 der nach den olympischen Spielen gr\u00f6ssten Multisport-Veranstaltung der Welt \u2013 im Sportschiessen an.\"},{\"@type\":\"BreadcrumbList\",\"@id\":\"https:\\\/\\\/hub.hslu.ch\\\/informatik\\\/die-sommeruniversiade-im-visier\\\/#breadcrumb\",\"itemListElement\":[{\"@type\":\"ListItem\",\"position\":1,\"name\":\"Home\",\"item\":\"https:\\\/\\\/hub.hslu.ch\\\/informatik\\\/\"},{\"@type\":\"ListItem\",\"position\":2,\"name\":\"Die Sommeruniversiade im Visier\"}]},{\"@type\":\"WebSite\",\"@id\":\"https:\\\/\\\/hub.hslu.ch\\\/informatik\\\/#website\",\"url\":\"https:\\\/\\\/hub.hslu.ch\\\/informatik\\\/\",\"name\":\"Informatik an der Hochschule Luzern\",\"description\":\"Der offizielle Blog der Hochschule Luzern \u2013 Informatik\",\"potentialAction\":[{\"@type\":\"SearchAction\",\"target\":{\"@type\":\"EntryPoint\",\"urlTemplate\":\"https:\\\/\\\/hub.hslu.ch\\\/informatik\\\/?s={search_term_string}\"},\"query-input\":{\"@type\":\"PropertyValueSpecification\",\"valueRequired\":true,\"valueName\":\"search_term_string\"}}],\"inLanguage\":\"de-CH\"},{\"@type\":\"Person\",\"@id\":\"https:\\\/\\\/hub.hslu.ch\\\/informatik\\\/#\\\/schema\\\/person\\\/812dcf123b47ed2e36ce795218a6564f\",\"name\":\"Yasmin Billeter\",\"description\":\"Verantwortlich f\u00fcr den Informatik-Blog der Hochschule Luzern. Hier geben wir Tipps &amp; Neuigkeiten aus der Welt der IT, portr\u00e4tieren Menschen und schreiben \u00fcber Technologien, welche die HSLU \u2013 I mitpr\u00e4gen.\",\"sameAs\":[\"https:\\\/\\\/www.linkedin.com\\\/in\\\/yasmin-billeter\\\/\",\"https:\\\/\\\/x.com\\\/weitertanzen\"]}]}<\/script>\n<!-- \/ Yoast SEO plugin. -->","yoast_head_json":{"title":"Die Sommeruniversiade im Visier - Informatik an der Hochschule Luzern","description":"Iwan Bolzern schiesst f\u00fcr die Hochschule Luzern an der Sommeruniversiade in Neapel. Wie er Studium und Spitzensport vereint \u2013 und warum seine Teilnahme nicht geplant war. %","robots":{"index":"index","follow":"follow","max-snippet":"max-snippet:-1","max-image-preview":"max-image-preview:large","max-video-preview":"max-video-preview:-1"},"canonical":"https:\/\/hub.hslu.ch\/informatik\/die-sommeruniversiade-im-visier\/","og_locale":"de_DE","og_type":"article","og_title":"Die Sommeruniversiade im Visier - Informatik an der Hochschule Luzern","og_description":"Iwan Bolzern schiesst f\u00fcr die Hochschule Luzern an der Sommeruniversiade in Neapel. Wie er Studium und Spitzensport vereint \u2013 und warum seine Teilnahme nicht geplant war. %","og_url":"https:\/\/hub.hslu.ch\/informatik\/die-sommeruniversiade-im-visier\/","og_site_name":"Informatik an der Hochschule Luzern","article_published_time":"2019-07-04T09:33:44+00:00","article_modified_time":"2026-02-10T10:38:21+00:00","og_image":[{"width":700,"height":351,"url":"https:\/\/hub.hslu.ch\/informatik\/wp-content\/blogs.dir\/632\/files\/sites\/3\/Iwan-Bolzern-Universiade.jpg","type":"image\/jpeg"}],"author":"Yasmin Billeter","twitter_card":"summary_large_image","twitter_creator":"@weitertanzen","twitter_misc":{"Geschrieben von":"Yasmin Billeter","Gesch\u00e4tzte Lesezeit":"4\u00a0Minuten"},"schema":{"@context":"https:\/\/schema.org","@graph":[{"@type":["Article","BlogPosting"],"@id":"https:\/\/hub.hslu.ch\/informatik\/die-sommeruniversiade-im-visier\/#article","isPartOf":{"@id":"https:\/\/hub.hslu.ch\/informatik\/die-sommeruniversiade-im-visier\/"},"author":{"name":"Yasmin Billeter","@id":"https:\/\/hub.hslu.ch\/informatik\/#\/schema\/person\/812dcf123b47ed2e36ce795218a6564f"},"headline":"Die Sommeruniversiade im Visier","datePublished":"2019-07-04T09:33:44+00:00","dateModified":"2026-02-10T10:38:21+00:00","mainEntityOfPage":{"@id":"https:\/\/hub.hslu.ch\/informatik\/die-sommeruniversiade-im-visier\/"},"wordCount":668,"commentCount":0,"image":{"@id":"https:\/\/hub.hslu.ch\/informatik\/die-sommeruniversiade-im-visier\/#primaryimage"},"thumbnailUrl":"https:\/\/hub.hslu.ch\/informatik\/wp-content\/blogs.dir\/632\/files\/sites\/3\/Iwan-Bolzern-Universiade.jpg","keywords":["Spitzensport","Studium &amp; Campus"],"articleSection":["Studium"],"inLanguage":"de-CH","potentialAction":[{"@type":"CommentAction","name":"Comment","target":["https:\/\/hub.hslu.ch\/informatik\/die-sommeruniversiade-im-visier\/#respond"]}]},{"@type":["WebPage","ItemPage"],"@id":"https:\/\/hub.hslu.ch\/informatik\/die-sommeruniversiade-im-visier\/","url":"https:\/\/hub.hslu.ch\/informatik\/die-sommeruniversiade-im-visier\/","name":"Die Sommeruniversiade im Visier - Informatik an der Hochschule Luzern","isPartOf":{"@id":"https:\/\/hub.hslu.ch\/informatik\/#website"},"primaryImageOfPage":{"@id":"https:\/\/hub.hslu.ch\/informatik\/die-sommeruniversiade-im-visier\/#primaryimage"},"image":{"@id":"https:\/\/hub.hslu.ch\/informatik\/die-sommeruniversiade-im-visier\/#primaryimage"},"thumbnailUrl":"https:\/\/hub.hslu.ch\/informatik\/wp-content\/blogs.dir\/632\/files\/sites\/3\/Iwan-Bolzern-Universiade.jpg","datePublished":"2019-07-04T09:33:44+00:00","dateModified":"2026-02-10T10:38:21+00:00","author":{"@id":"https:\/\/hub.hslu.ch\/informatik\/#\/schema\/person\/812dcf123b47ed2e36ce795218a6564f"},"description":"Iwan Bolzern schiesst f\u00fcr die Hochschule Luzern an der Sommeruniversiade in Neapel. Wie er Studium und Spitzensport vereint \u2013 und warum seine Teilnahme nicht geplant war. %","breadcrumb":{"@id":"https:\/\/hub.hslu.ch\/informatik\/die-sommeruniversiade-im-visier\/#breadcrumb"},"inLanguage":"de-CH","potentialAction":[{"@type":"ReadAction","target":["https:\/\/hub.hslu.ch\/informatik\/die-sommeruniversiade-im-visier\/"]}]},{"@type":"ImageObject","inLanguage":"de-CH","@id":"https:\/\/hub.hslu.ch\/informatik\/die-sommeruniversiade-im-visier\/#primaryimage","url":"https:\/\/hub.hslu.ch\/informatik\/wp-content\/blogs.dir\/632\/files\/sites\/3\/Iwan-Bolzern-Universiade.jpg","contentUrl":"https:\/\/hub.hslu.ch\/informatik\/wp-content\/blogs.dir\/632\/files\/sites\/3\/Iwan-Bolzern-Universiade.jpg","width":700,"height":351,"caption":"Iwan Bolzern tritt f\u00fcr die Schweiz an der 30. Sommeruniversiade \u2013 der nach den olympischen Spielen gr\u00f6ssten Multisport-Veranstaltung der Welt \u2013 im Sportschiessen an."},{"@type":"BreadcrumbList","@id":"https:\/\/hub.hslu.ch\/informatik\/die-sommeruniversiade-im-visier\/#breadcrumb","itemListElement":[{"@type":"ListItem","position":1,"name":"Home","item":"https:\/\/hub.hslu.ch\/informatik\/"},{"@type":"ListItem","position":2,"name":"Die Sommeruniversiade im Visier"}]},{"@type":"WebSite","@id":"https:\/\/hub.hslu.ch\/informatik\/#website","url":"https:\/\/hub.hslu.ch\/informatik\/","name":"Informatik an der Hochschule Luzern","description":"Der offizielle Blog der Hochschule Luzern \u2013 Informatik","potentialAction":[{"@type":"SearchAction","target":{"@type":"EntryPoint","urlTemplate":"https:\/\/hub.hslu.ch\/informatik\/?s={search_term_string}"},"query-input":{"@type":"PropertyValueSpecification","valueRequired":true,"valueName":"search_term_string"}}],"inLanguage":"de-CH"},{"@type":"Person","@id":"https:\/\/hub.hslu.ch\/informatik\/#\/schema\/person\/812dcf123b47ed2e36ce795218a6564f","name":"Yasmin Billeter","description":"Verantwortlich f\u00fcr den Informatik-Blog der Hochschule Luzern. Hier geben wir Tipps &amp; Neuigkeiten aus der Welt der IT, portr\u00e4tieren Menschen und schreiben \u00fcber Technologien, welche die HSLU \u2013 I mitpr\u00e4gen.","sameAs":["https:\/\/www.linkedin.com\/in\/yasmin-billeter\/","https:\/\/x.com\/weitertanzen"]}]}},"featured_image_src":"https:\/\/hub.hslu.ch\/informatik\/wp-content\/blogs.dir\/632\/files\/sites\/3\/Iwan-Bolzern-Universiade.jpg","featured_image_src_square":"https:\/\/hub.hslu.ch\/informatik\/wp-content\/blogs.dir\/632\/files\/sites\/3\/Iwan-Bolzern-Universiade.jpg","author_info":{"display_name":"Yasmin Billeter","author_link":"https:\/\/hub.hslu.ch\/informatik\/author\/yasminbilleter\/"},"_links":{"self":[{"href":"https:\/\/hub.hslu.ch\/informatik\/wp-json\/wp\/v2\/posts\/4664","targetHints":{"allow":["GET"]}}],"collection":[{"href":"https:\/\/hub.hslu.ch\/informatik\/wp-json\/wp\/v2\/posts"}],"about":[{"href":"https:\/\/hub.hslu.ch\/informatik\/wp-json\/wp\/v2\/types\/post"}],"author":[{"embeddable":true,"href":"https:\/\/hub.hslu.ch\/informatik\/wp-json\/wp\/v2\/users\/4"}],"replies":[{"embeddable":true,"href":"https:\/\/hub.hslu.ch\/informatik\/wp-json\/wp\/v2\/comments?post=4664"}],"version-history":[{"count":18,"href":"https:\/\/hub.hslu.ch\/informatik\/wp-json\/wp\/v2\/posts\/4664\/revisions"}],"predecessor-version":[{"id":26685,"href":"https:\/\/hub.hslu.ch\/informatik\/wp-json\/wp\/v2\/posts\/4664\/revisions\/26685"}],"wp:featuredmedia":[{"embeddable":true,"href":"https:\/\/hub.hslu.ch\/informatik\/wp-json\/wp\/v2\/media\/4676"}],"wp:attachment":[{"href":"https:\/\/hub.hslu.ch\/informatik\/wp-json\/wp\/v2\/media?parent=4664"}],"wp:term":[{"taxonomy":"category","embeddable":true,"href":"https:\/\/hub.hslu.ch\/informatik\/wp-json\/wp\/v2\/categories?post=4664"},{"taxonomy":"post_tag","embeddable":true,"href":"https:\/\/hub.hslu.ch\/informatik\/wp-json\/wp\/v2\/tags?post=4664"}],"curies":[{"name":"wp","href":"https:\/\/api.w.org\/{rel}","templated":true}]}}