{"id":1114,"date":"2020-04-03T13:40:52","date_gmt":"2020-04-03T11:40:52","guid":{"rendered":"https:\/\/hub.hslu.ch\/leadership\/?p=1114"},"modified":"2026-02-11T14:53:53","modified_gmt":"2026-02-11T13:53:53","slug":"kollaborative-fuehrung-mitarbeitende-an-die-macht","status":"publish","type":"post","link":"https:\/\/hub.hslu.ch\/leadership\/2020\/04\/03\/kollaborative-fuehrung-mitarbeitende-an-die-macht\/","title":{"rendered":"Kollaborative F\u00fchrung: Mitarbeitende an die Macht!"},"content":{"rendered":"\n\n\n<p><strong>Herausforderndes Umfeld erfordert andere F\u00fchrungsformen<\/strong><\/p>\n\n\n\n<p>Globalisierung, Innovationsdruck, Digitalisierung: Der aktuelle Wandel in der Arbeitswelt f\u00fchrt zu einer zunehmenden Komplexit\u00e4t der Arbeitsprozesse. Das Unternehmensumfeld ist so komplex und volatil geworden, dass einige wenige Manager nicht mehr alles \u00fcberblicken und allein entscheiden k\u00f6nnen. Ver\u00e4nderte Arbeitsformen wie Home-Office, mobiles Arbeiten und globale Teams f\u00fchren zu einer r\u00e4umlichen Verteilung und virtuellen Arbeitsbeziehungen. Im Rahmen dieser Ver\u00e4nderungen wird eine effiziente und effektive Zusammenarbeit f\u00fcr Unternehmen immer mehr zum Erfolgsfaktor und erfordert neue F\u00fchrungsans\u00e4tze (NZZ online, 2018; K\u00fcnkel, 2017).<\/p>\n\n\n\n<p>Klare Hierarchien, welche als starke Vereinfachung der Realit\u00e4t angesehen werden k\u00f6nnen, machen einer dynamischen, kollektiven Form der F\u00fchrung Platz. Im heutigen Unternehmensumfeld k\u00f6nnen Fragen wie &#171;Wer ist zust\u00e4ndig?&#187;, &#171;Wer entscheidet?&#187; und &#171;Wer kann mir weiterhelfen?&#187; nicht mehr mit einem Blick auf das Organigramm beantwortet werden. Um die heutigen Herausforderungen meistern zu k\u00f6nnen, findet ein Wechsel von hierarchischen und statischen F\u00fchrungsstrukturen in Richtung einer dynamischen, kollektiven Form der F\u00fchrung statt (NZZ online, 2018; Aebi, 2017; Kauffeld et al., 2017).<\/p>\n\n\n\n<blockquote class=\"wp-block-quote is-layout-flow wp-block-quote-is-layout-flow\"><p><strong>\u00abIm besten Fall sind sie zu langsam, im schlechtesten Fall liegen sie falsch.\u00bb <\/strong><\/p><cite>Hermann Arnold \u00fcber F\u00fchrungskr\u00e4fte, die im komplexen, schnellen und unplanbaren Unternehmensumfeld die alleinige F\u00fchrungsverantwortung \u00fcbernehmen.<\/cite><\/blockquote>\n\n\n\n\n\n\n\n<p><strong>Kollaborative F\u00fchrung: Wie funktioniert das?<\/strong><\/p>\n\n\n\n<p>Kollaborative F\u00fchrung sieht eine Verteilung der F\u00fchrungsaufgaben auf verschiedene Individuen vor, anstatt sie bei einem Vorgesetzen zu zentralisieren. Unter kollaborativer F\u00fchrung oder auch &#171;geteilter F\u00fchrung&#187; versteht man also einen Prozess, in dem die F\u00fchrung aus einer Gruppe hervorgeht und sich die Individuen gegenseitig f\u00fchren (Piecha, Wegge, Werth, &amp; Richter, 2012). Beim gemeinsamen Ausf\u00fchren von F\u00fchrungsaufgaben teilen die Teammitglieder F\u00fchrungsfunktionen untereinander auf. Die Aufgaben k\u00f6nnen je nach Knowhow, Motivation und Verf\u00fcgbarkeit zwischen den Teammitgliedern wechseln oder gemeinsam wahrgenommen werden. Das bedeutet auch, dass F\u00fchrungslinien mit der Anwendung von kollaborativer F\u00fchrung zahlreicher und \u00fcberschneidender werden. Gleichzeitig k\u00f6nnen F\u00fchrungslinien in verschiedene Richtungen verlaufen. Das bedeutet beispielsweise, dass Mitarbeiterin Meier den Mitarbeiter B\u00fchler im Bereich Prozessoptimierung f\u00fchrt, aber gleichzeitig B\u00fchler der Mitarbeiterin Meier im Tagesgesch\u00e4ft vorgesetzt ist. Die F\u00fchrungslinien werden aber durch kollaborative F\u00fchrung k\u00fcrzer und direkter (NZZ online, 2018; Lang &amp; Rybnikova, 2014; Piecha et al., 2012).<\/p>\n\n\n\n<blockquote class=\"wp-block-quote is-layout-flow wp-block-quote-is-layout-flow\"><p><strong>\u00abGeteilte F\u00fchrung ist ein dynamischer, interaktiver Beeinflussungsprozess zwischen Individuen in Gruppen mit dem Ziel, sich gegenseitig zu f\u00fchren, um Gruppen- oder Organisationsziele oder beides zu erreichen.\u00bb (Piecha et al., 2012, S. 560).<\/strong><\/p><\/blockquote>\n\n\n\n\n\n<p><strong>Welche F\u00fchrungst\u00e4tigkeiten k\u00f6nnen zuk\u00fcnftig von Mitarbeitenden \u00fcbernommen werden?<\/strong><\/p>\n\n\n\n<p>Obwohl schon l\u00e4nger klar ist, dass kollaborative F\u00fchrung eine positive Auswirkung auf die Teamleistung haben kann, war man sich nicht einig, welche F\u00fchrungsaufgaben wirklich in den Teams umgesetzt werden k\u00f6nnen. Heute ist man \u00fcberzeugt, dass das Spektrum an sich eignenden F\u00fchrungsaufgaben relativ breit ist. Diese lassen sich in die vier folgenden F\u00fchrungsdimensionen zusammenfassen (Carson, Tesluk &amp; Marrone, 2007; Lang &amp; Rybnikova, 2014):<\/p>\n\n\n\n<figure class=\"wp-block-image size-large\"><img loading=\"lazy\" decoding=\"async\" width=\"1024\" height=\"508\" src=\"https:\/\/hub.hslu.ch\/leadership\/wp-content\/uploads\/sites\/18\/2020\/04\/Kauffeld-et-al.-2017-1-1024x508.png\" alt=\"\" class=\"wp-image-1120\" srcset=\"https:\/\/hub.hslu.ch\/leadership\/wp-content\/uploads\/sites\/18\/2020\/04\/Kauffeld-et-al.-2017-1-1024x508.png 1024w, https:\/\/hub.hslu.ch\/leadership\/wp-content\/uploads\/sites\/18\/2020\/04\/Kauffeld-et-al.-2017-1-300x149.png 300w, https:\/\/hub.hslu.ch\/leadership\/wp-content\/uploads\/sites\/18\/2020\/04\/Kauffeld-et-al.-2017-1-768x381.png 768w, https:\/\/hub.hslu.ch\/leadership\/wp-content\/uploads\/sites\/18\/2020\/04\/Kauffeld-et-al.-2017-1.png 1413w\" sizes=\"auto, (max-width: 1024px) 100vw, 1024px\" \/><figcaption><strong>Abbildung 1: Dimensionen der F\u00fchrungst\u00e4tigkeiten f\u00fcr Mitarbeitende<\/strong><br>Quelle: Kauffeld et al., 2017<\/figcaption><\/figure>\n\n\n\n<ul class=\"wp-block-list\"><li><strong>Aufgabenmanagement:<\/strong> Aufgabenverteilung, Zielsetzung, Sicherstellung Informationsfluss<\/li><li><strong>Beziehungsmanagement:<\/strong> Respektvoller Umgang, Feedbackkultur, gegenseitige Weiterbildung<\/li><li><strong>Ver\u00e4nderungsmanagement:<\/strong> Reflexionsprozess, Umsetzung von Optimierungsmassnahmen<\/li><li><strong>Mikropolitisches Management:<\/strong> Teammitglieder helfen sich gegenseitig, sich zu vernetzen (Networking), sind loyal und holen bei Problemen aktiv Hilfe<\/li><\/ul>\n\n\n\n<p><strong>Und welche Rolle bleibt dem Chef?<\/strong><\/p>\n\n\n\n<p>Klar ist, dass die kollaborativen F\u00fchrungsans\u00e4tze die F\u00fchrungsrollen der Vorgesetzten stark ver\u00e4ndern. Es ist allerdings wichtig zu erw\u00e4hnen, dass die geteilte F\u00fchrung die vertikale F\u00fchrung nicht eliminiert, sondern sie parallel zum informellen Teamprozess auftreten l\u00e4sst (Werther, 2013; Carson et al., 2007).<\/p>\n\n\n\n<p>Die F\u00fchrungskompetenzen der Vorgesetzten \u00e4ndern sich. Ihnen kommt mit der Anwendung der kollaborativen F\u00fchrungsans\u00e4tze viel mehr die Rolle als Mentor, Partner und Coach zu. Ihr Ziel soll es sein, von ihren Mitarbeitenden als Vorbild betrachtet zu werden. Die zuk\u00fcnftigen Chefs sollen die Mitarbeitenden in ihrer t\u00e4glichen Arbeit inspirieren und zu kreativem Denken bewegen (Antoni &amp; Syrek, 2017; Kauffeld et al., 2017).<\/p>\n\n\n\n<div class=\"wp-block-group\"><div class=\"wp-block-group__inner-container is-layout-flow wp-block-group-is-layout-flow\">\n<p class=\"has-text-align-left has-vivid-red-color has-text-color\">&#8211;&gt; <strong>Linda Hill, Harvard Business School, \u00fcber die ver\u00e4nderten Aufgaben von F\u00fchrungspersonen<\/strong><\/p>\n\n\n\n<figure><\/figure>\n<\/div><\/div>\n\n\n\n<p><strong>Welcher Nutzen entsteht durch kollaborative F\u00fchrung?<\/strong><\/p>\n\n\n\n<p>Die Forschung zeigt, dass kollaborativ gef\u00fchrte Teams nicht nur zufriedener sind, sondern auch komplexe Situationen besser meistern. Dies ist vor allem auf die kurzen Entscheidungswege und R\u00fccksichtnahme auf die individuellen Kompetenzen zur\u00fcckzuf\u00fchren. Die Teammitglieder interagieren eng miteinander, kooperieren und treiben Initiativen internistisch voran (Kauffeld et al., 2017; K\u00fcnzle, 2010).<\/p>\n\n\n\n<p>Die F\u00fchrung zu teilen bedeutet auch Aufwand zu teilen. So kann die kollaborative F\u00fchrung dazu beitragen, dass die zeitliche F\u00fchrungsbelastung auf verschiedene Schultern verteilt werden kann. Dies entspricht vor allem einem Bed\u00fcrfnis der Generationen Y und Z, welche zwar gerne F\u00fchrungsaufgaben \u00fcbernehmen, aber auch viel Wert auf eine ausgewogene Work-Life-Balance legen. Diese flexible Aufgabenverteilung hat auch Vorteile f\u00fcr die Arbeitsgeberin. Dank kollaborativer F\u00fchrung funktionieren Teams auch bei Abwesenheiten von Teammitgliedern wie gewohnt (Kels &amp; Kaudela, 2019; NZZ online, 2018; K\u00fcnzle, 2010).<\/p>\n\n\n\n<p><strong>Was sind die Voraussetzungen und was kann schiefgehen?<\/strong><\/p>\n\n\n\n<p>In vielen Organisationen besteht grosser Widerstand gegen die Einf\u00fchrung von kollaborativen F\u00fchrungsans\u00e4tzen. Dies liegt einerseits daran, dass F\u00fchrung traditionell auf einer einzigen F\u00fchrungsperson beruht. Andererseits empfinden viele F\u00fchrungskr\u00e4fte das Verteilen von Autorit\u00e4t und Macht als pers\u00f6nlichen Verlust. Mit der Weitergabe der Verantwortung an die Mitarbeitenden steigt auch die Gefahr von Teamkonflikten. Prozesskonflikte und Machtk\u00e4mpfe zwischen den Mitarbeitenden k\u00f6nnen die Dynamik hemmen und den oben beschriebenen Nutzen verhindern (Kauffeld et al., 2017; K\u00fcnzle, 2010).<\/p>\n\n\n\n<p>Geteilte F\u00fchrung eignet sich nicht in allen Situationen. Die erfolgreiche Einf\u00fchrung bedarf einer detaillierten Planung und h\u00e4ngt stark vom Team und den involvierten Mitarbeitenden ab. Mitarbeitende mit gutem Selbstmanagement und Selbstf\u00fchrungskompetenzen sind genauso Voraussetzung wie das bedingungslose Committment der Mitarbeitenden zum F\u00fchrungskonzept. Die Praxis hat gezeigt, dass sich kollaborative F\u00fchrung f\u00fcr Teams mit vielen Interdependenzen und gegenseitigem Vertrauen eignet und f\u00fcr die Umsetzung von komplexen, nicht allt\u00e4glichen Aufgaben nutzenstiftend ist.<\/p>\n\n\n\n<p class=\"has-vivid-red-color has-text-color\">&#8211;&gt; <strong>Lorna Davis, ehemalige CEO Danone North America, erz\u00e4hlt \u00fcber ihre Erfahrungen mit kollaborativer F\u00fchrung<\/strong><\/p>\n\n\n\n<figure><\/figure>\n\n\n\n<p class=\"has-very-light-gray-background-color has-background\"><strong>Autoren:<\/strong> Eliane Albisser, Dominik Gabler &amp; Michael Wechsler, Teilnehmende der Digital Leadership Blockwoche Februar 20 \/ Hochschule Luzern \u2013 Wirtschaft<\/p>\n\n\n\n<p class=\"has-very-light-gray-background-color has-background\"><strong>Weiterf\u00fchrende Literatur<\/strong><br><br>Aebi, D. (2017). F\u00fchrung findet heute anders statt, der tonangebende Chef hat ausgedient. Abgerufen am 18.02.2020 von <a href=\"https:\/\/www.nzz.ch\/meinung\/kolumnen\/umbruch-verlangt-aufbruchld.1334731\" target=\"_blank\" rel=\"noreferrer noopener\">https:\/\/www.nzz.ch\/meinung\/kolumnen\/umbruch-verlangt-aufbruchld.1334731<\/a><br><br>Leite, T. (2019). Mit gutem Beispiel vorangehen: Wie kollaborative F\u00fchrung Teams st\u00e4rkt. Abgerufen am 21.02.2020 von <a href=\"https:\/\/www.honestly.de\/blog\/kollaborative-fuehrung\/\" target=\"_blank\" rel=\"noreferrer noopener\">https:\/\/www.honestly.de\/blog\/kollaborative-fuehrung\/<\/a><br><br>NZZ (2018). Verteilte F\u00fchrung \/ Shared Leadership \u2013 Was? Wieso? Wie? Abgerufen am 13.02.2020 von <a href=\"https:\/\/jobs.nzz.ch\/news%2F19%2Fmanagement-fuhrung\/artikel\/255\/%2Fverteilte-fuhrungshared-leadership-was-wieso-wie\" target=\"_blank\" rel=\"noreferrer noopener\">https:\/\/jobs.nzz.ch\/news%2F19%2Fmanagement-fuhrung\/artikel\/255\/%2Fverteilte-fuhrungshared-leadership-was-wieso-wie<\/a><br><br>Wimmer, L. (2019). Ist die Collaborative Leadership der F\u00fchrungsstil der Zukunft? Abgerufen am 21.02.2020 von <a href=\"https:\/\/www.stackfield.com\/de\/blog\/collaborative-leadership-71\" target=\"_blank\" rel=\"noreferrer noopener\">https:\/\/www.stackfield.com\/de\/blog\/collaborative-leadership-71<\/a><\/p>\n\n\n\n<p class=\"has-very-dark-gray-color has-very-light-gray-background-color has-text-color has-background\"><strong>Literaturverzeichnis<\/strong><br><br>Aebi, D. (2017). F\u00fchrung findet heute anders statt, der tonangebende Chef hat ausgedient. Abgerufen am 18.02.2020 von <a rel=\"noreferrer noopener\" href=\"https:\/\/www.nzz.ch\/meinung\/kolumnen\/umbruch-verlangt-aufbruchld.1334731\" target=\"_blank\">https:\/\/www.nzz.ch\/meinung\/kolumnen\/umbruch-verlangt-aufbruchld.1334731<\/a><br><br>Antoni, C. &amp; Syrek, C. (2017). Digitalisierung der Arbeit: Konsequenzen f\u00fcr F\u00fchrung und Zusammenarbeit. Gruppe. Interaktion. Organisation. Zeitschrift F\u00fcr Angewandte Organisationspsychologie (GIO), 48, S. 247-258.<br><br>Carson, J. B., Tesluk, P. E., &amp; Marrone, J. A. (2007). Shared leadership in teams: An investigation of antecedent conditions and performance. Academy of management Journal, 50(5), pp. 1217-1234.<br><br>Kauffeld, S., Sauer, N., &amp; Handke, L. (2017). Shared leadership. Gruppe. Interaktion. Organisation. Zeitschrift F\u00fcr Angewandte Organisationspsychologie (GIO), 48(3), S. 235-238.<br><br>Kels, P. &amp; Kaudela-Baum, S. (2019). Experten f\u00fchren. Wiesbaden: Springer Fachmedien.<br><br>K\u00fcnkel, P. (2017). Die Zukunft von F\u00fchrung ist kollektiv. Wiesbaden: Springer Gabler.<br><br>K\u00fcnzle, B. (2010). Die geteilte F\u00fchrung: Mehr Innovation als Lohn f\u00fcr den Mut zum Risiko. Abgerufen am 13.02.2020 von <a rel=\"noreferrer noopener\" href=\"https:\/\/www.hrtoday.ch\/de\/article\/die-geteilte-fuehrung-mehr-innovation%E2%80%A8als-lohn-fuer-den-mut-zum-risiko\" target=\"_blank\">https:\/\/www.hrtoday.ch\/de\/article\/die-geteilte-fuehrung-mehr-innovation%E2%80%A8als-lohn-fuer-den-mut-zum-risiko<\/a><br><br>Lang, R. &amp; Rybnikova, I. (2014). Aktuelle F\u00fchrungstheorien und -konzepte. Springer Gabler.<br><br>NZZ (2018). Verteilte F\u00fchrung \/ Shared Leadership \u2013 Was? Wieso? Wie? Abgerufen am 13.02.2020 von <a rel=\"noreferrer noopener\" href=\"https:\/\/jobs.nzz.ch\/news%2F19%2Fmanagement-fuhrung\/artikel\/255\/%2Fverteilte-fuhrungshared-leadership-was-wieso-wie\" target=\"_blank\">https:\/\/jobs.nzz.ch\/news%2F19%2Fmanagement-fuhrung\/artikel\/255\/%2Fverteilte-fuhrungshared-leadership-was-wieso-wie<\/a><br><br>Piecha, A., Wegge, J., Werth, L., &amp; Richter, P. G. (2012). Geteilte F\u00fchrung in Arbeitsgruppen \u2013 ein Modell f\u00fcr die Zukunft? In S. Grote (Hrsg.). Die Zukunft der F\u00fchrung (S. 557-572). Berlin Heidelberg: Springer-Verlag.<br><br>Werther, S. (2013). Geteilte F\u00fchrung. Wiesbaden: Springer Gabler.<\/p>\n","protected":false},"excerpt":{"rendered":"<p>Das Arbeitsumfeld der Unternehmen ist gepr\u00e4gt von schnellen Ver\u00e4nderungen. Arbeitsprozesse werden immer komplexer und k\u00f6nnen nicht mehr von einer einzelnen Person gef\u00fchrt werden. Dieser Blogbeitrag erkl\u00e4rt, was &#171;kollaborative F\u00fchrung&#187; bedeutet, in welchen Bereichen sich das Konzept eignet und wie sie die Verantwortlichkeiten von Mitarbeitenden und den heutigen F\u00fchrungspersonen signifikant ver\u00e4ndern kann.<\/p>\n","protected":false},"author":98,"featured_media":1120,"comment_status":"open","ping_status":"open","sticky":false,"template":"","format":"standard","meta":{"_acf_changed":false,"inline_featured_image":false,"_relevanssi_hide_post":"","_relevanssi_hide_content":"","_relevanssi_pin_for_all":"","_relevanssi_pin_keywords":"","_relevanssi_unpin_keywords":"","_relevanssi_related_keywords":"","_relevanssi_related_include_ids":"","_relevanssi_related_exclude_ids":"","_relevanssi_related_no_append":"","_relevanssi_related_not_related":"","_relevanssi_related_posts":"","_relevanssi_noindex_reason":"","footnotes":"","_links_to":"","_links_to_target":""},"categories":[2],"tags":[18,23,24,32,33,40],"class_list":["post-1114","post","type-post","status-publish","format-standard","has-post-thumbnail","hentry","category-allgemein","tag-collaborative-leadership","tag-fuehrungsdimensionen","tag-fuehrungskompetenzen","tag-kollaborative-fuehrung","tag-komplexes-umfeld","tag-neue-arbeitsformen"],"acf":[],"yoast_head":"<!-- This site is optimized with the Yoast SEO plugin v27.5 - https:\/\/yoast.com\/product\/yoast-seo-wordpress\/ -->\n<title>Kollaborative F\u00fchrung: Mitarbeitende an die Macht! - Leadership Network Lucerne<\/title>\n<meta name=\"description\" content=\"Das Arbeitsumfeld der Unternehmen ist gepr\u00e4gt von schnellen Ver\u00e4nderungen. Arbeitsprozesse werden immer komplexer und k\u00f6nnen nicht mehr von einer einzelnen Person gef\u00fchrt werden. Dieser Blogbeitrag erkl\u00e4rt, was &quot;kollaborative F\u00fchrung&quot; bedeutet, in welchen Bereichen sich das Konzept eignet und wie sie die Verantwortlichkeiten von Mitarbeitenden und den heutigen F\u00fchrungspersonen signifikant ver\u00e4ndern kann.\" \/>\n<meta name=\"robots\" content=\"index, follow, max-snippet:-1, max-image-preview:large, max-video-preview:-1\" \/>\n<link rel=\"canonical\" href=\"https:\/\/hub.hslu.ch\/leadership\/2020\/04\/03\/kollaborative-fuehrung-mitarbeitende-an-die-macht\/\" \/>\n<meta property=\"og:locale\" content=\"de_DE\" \/>\n<meta property=\"og:type\" content=\"article\" \/>\n<meta property=\"og:title\" content=\"Kollaborative F\u00fchrung: Mitarbeitende an die Macht! - Leadership Network Lucerne\" \/>\n<meta property=\"og:description\" content=\"Das Arbeitsumfeld der Unternehmen ist gepr\u00e4gt von schnellen Ver\u00e4nderungen. Arbeitsprozesse werden immer komplexer und k\u00f6nnen nicht mehr von einer einzelnen Person gef\u00fchrt werden. Dieser Blogbeitrag erkl\u00e4rt, was &quot;kollaborative F\u00fchrung&quot; bedeutet, in welchen Bereichen sich das Konzept eignet und wie sie die Verantwortlichkeiten von Mitarbeitenden und den heutigen F\u00fchrungspersonen signifikant ver\u00e4ndern kann.\" \/>\n<meta property=\"og:url\" content=\"https:\/\/hub.hslu.ch\/leadership\/2020\/04\/03\/kollaborative-fuehrung-mitarbeitende-an-die-macht\/\" \/>\n<meta property=\"og:site_name\" content=\"Leadership Network Lucerne\" \/>\n<meta property=\"article:published_time\" content=\"2020-04-03T11:40:52+00:00\" \/>\n<meta property=\"article:modified_time\" content=\"2026-02-11T13:53:53+00:00\" \/>\n<meta property=\"og:image\" content=\"https:\/\/hub.hslu.ch\/leadership\/wp-content\/uploads\/sites\/18\/2020\/04\/Kauffeld-et-al.-2017-1.png\" \/>\n\t<meta property=\"og:image:width\" content=\"1413\" \/>\n\t<meta property=\"og:image:height\" content=\"701\" \/>\n\t<meta property=\"og:image:type\" content=\"image\/png\" \/>\n<meta name=\"author\" content=\"luziafuchs\" \/>\n<meta name=\"twitter:card\" content=\"summary_large_image\" \/>\n<meta name=\"twitter:label1\" content=\"Geschrieben von\" \/>\n\t<meta name=\"twitter:data1\" content=\"luziafuchs\" \/>\n\t<meta name=\"twitter:label2\" content=\"Gesch\u00e4tzte Lesezeit\" \/>\n\t<meta name=\"twitter:data2\" content=\"7\u00a0Minuten\" \/>\n<script type=\"application\/ld+json\" class=\"yoast-schema-graph\">{\"@context\":\"https:\\\/\\\/schema.org\",\"@graph\":[{\"@type\":\"Article\",\"@id\":\"https:\\\/\\\/hub.hslu.ch\\\/leadership\\\/2020\\\/04\\\/03\\\/kollaborative-fuehrung-mitarbeitende-an-die-macht\\\/#article\",\"isPartOf\":{\"@id\":\"https:\\\/\\\/hub.hslu.ch\\\/leadership\\\/2020\\\/04\\\/03\\\/kollaborative-fuehrung-mitarbeitende-an-die-macht\\\/\"},\"author\":{\"name\":\"luziafuchs\",\"@id\":\"https:\\\/\\\/hub.hslu.ch\\\/leadership\\\/#\\\/schema\\\/person\\\/34d2a648579980b50bd55210d88fd43e\"},\"headline\":\"Kollaborative F\u00fchrung: Mitarbeitende an die Macht!\",\"datePublished\":\"2020-04-03T11:40:52+00:00\",\"dateModified\":\"2026-02-11T13:53:53+00:00\",\"mainEntityOfPage\":{\"@id\":\"https:\\\/\\\/hub.hslu.ch\\\/leadership\\\/2020\\\/04\\\/03\\\/kollaborative-fuehrung-mitarbeitende-an-die-macht\\\/\"},\"wordCount\":1339,\"commentCount\":0,\"image\":{\"@id\":\"https:\\\/\\\/hub.hslu.ch\\\/leadership\\\/2020\\\/04\\\/03\\\/kollaborative-fuehrung-mitarbeitende-an-die-macht\\\/#primaryimage\"},\"thumbnailUrl\":\"https:\\\/\\\/hub.hslu.ch\\\/leadership\\\/wp-content\\\/uploads\\\/sites\\\/18\\\/2020\\\/04\\\/Kauffeld-et-al.-2017-1.png\",\"keywords\":[\"Collaborative Leadership\",\"F\u00fchrungsdimensionen\",\"F\u00fchrungskompetenzen\",\"kollaborative F\u00fchrung\",\"komplexes Umfeld\",\"neue Arbeitsformen\"],\"inLanguage\":\"de-CH\",\"potentialAction\":[{\"@type\":\"CommentAction\",\"name\":\"Comment\",\"target\":[\"https:\\\/\\\/hub.hslu.ch\\\/leadership\\\/2020\\\/04\\\/03\\\/kollaborative-fuehrung-mitarbeitende-an-die-macht\\\/#respond\"]}]},{\"@type\":\"WebPage\",\"@id\":\"https:\\\/\\\/hub.hslu.ch\\\/leadership\\\/2020\\\/04\\\/03\\\/kollaborative-fuehrung-mitarbeitende-an-die-macht\\\/\",\"url\":\"https:\\\/\\\/hub.hslu.ch\\\/leadership\\\/2020\\\/04\\\/03\\\/kollaborative-fuehrung-mitarbeitende-an-die-macht\\\/\",\"name\":\"Kollaborative F\u00fchrung: Mitarbeitende an die Macht! - Leadership Network Lucerne\",\"isPartOf\":{\"@id\":\"https:\\\/\\\/hub.hslu.ch\\\/leadership\\\/#website\"},\"primaryImageOfPage\":{\"@id\":\"https:\\\/\\\/hub.hslu.ch\\\/leadership\\\/2020\\\/04\\\/03\\\/kollaborative-fuehrung-mitarbeitende-an-die-macht\\\/#primaryimage\"},\"image\":{\"@id\":\"https:\\\/\\\/hub.hslu.ch\\\/leadership\\\/2020\\\/04\\\/03\\\/kollaborative-fuehrung-mitarbeitende-an-die-macht\\\/#primaryimage\"},\"thumbnailUrl\":\"https:\\\/\\\/hub.hslu.ch\\\/leadership\\\/wp-content\\\/uploads\\\/sites\\\/18\\\/2020\\\/04\\\/Kauffeld-et-al.-2017-1.png\",\"datePublished\":\"2020-04-03T11:40:52+00:00\",\"dateModified\":\"2026-02-11T13:53:53+00:00\",\"author\":{\"@id\":\"https:\\\/\\\/hub.hslu.ch\\\/leadership\\\/#\\\/schema\\\/person\\\/34d2a648579980b50bd55210d88fd43e\"},\"description\":\"Das Arbeitsumfeld der Unternehmen ist gepr\u00e4gt von schnellen Ver\u00e4nderungen. Arbeitsprozesse werden immer komplexer und k\u00f6nnen nicht mehr von einer einzelnen Person gef\u00fchrt werden. Dieser Blogbeitrag erkl\u00e4rt, was \\\"kollaborative F\u00fchrung\\\" bedeutet, in welchen Bereichen sich das Konzept eignet und wie sie die Verantwortlichkeiten von Mitarbeitenden und den heutigen F\u00fchrungspersonen signifikant ver\u00e4ndern kann.\",\"inLanguage\":\"de-CH\",\"potentialAction\":[{\"@type\":\"ReadAction\",\"target\":[\"https:\\\/\\\/hub.hslu.ch\\\/leadership\\\/2020\\\/04\\\/03\\\/kollaborative-fuehrung-mitarbeitende-an-die-macht\\\/\"]}]},{\"@type\":\"ImageObject\",\"inLanguage\":\"de-CH\",\"@id\":\"https:\\\/\\\/hub.hslu.ch\\\/leadership\\\/2020\\\/04\\\/03\\\/kollaborative-fuehrung-mitarbeitende-an-die-macht\\\/#primaryimage\",\"url\":\"https:\\\/\\\/hub.hslu.ch\\\/leadership\\\/wp-content\\\/uploads\\\/sites\\\/18\\\/2020\\\/04\\\/Kauffeld-et-al.-2017-1.png\",\"contentUrl\":\"https:\\\/\\\/hub.hslu.ch\\\/leadership\\\/wp-content\\\/uploads\\\/sites\\\/18\\\/2020\\\/04\\\/Kauffeld-et-al.-2017-1.png\",\"width\":1413,\"height\":701},{\"@type\":\"WebSite\",\"@id\":\"https:\\\/\\\/hub.hslu.ch\\\/leadership\\\/#website\",\"url\":\"https:\\\/\\\/hub.hslu.ch\\\/leadership\\\/\",\"name\":\"Leadership Network Lucerne\",\"description\":\"Sichtwechsel. Leadership ist Haltung. Das lehren wir.\",\"potentialAction\":[{\"@type\":\"SearchAction\",\"target\":{\"@type\":\"EntryPoint\",\"urlTemplate\":\"https:\\\/\\\/hub.hslu.ch\\\/leadership\\\/?s={search_term_string}\"},\"query-input\":{\"@type\":\"PropertyValueSpecification\",\"valueRequired\":true,\"valueName\":\"search_term_string\"}}],\"inLanguage\":\"de-CH\"},{\"@type\":\"Person\",\"@id\":\"https:\\\/\\\/hub.hslu.ch\\\/leadership\\\/#\\\/schema\\\/person\\\/34d2a648579980b50bd55210d88fd43e\",\"name\":\"luziafuchs\"}]}<\/script>\n<!-- \/ Yoast SEO plugin. -->","yoast_head_json":{"title":"Kollaborative F\u00fchrung: Mitarbeitende an die Macht! - Leadership Network Lucerne","description":"Das Arbeitsumfeld der Unternehmen ist gepr\u00e4gt von schnellen Ver\u00e4nderungen. Arbeitsprozesse werden immer komplexer und k\u00f6nnen nicht mehr von einer einzelnen Person gef\u00fchrt werden. Dieser Blogbeitrag erkl\u00e4rt, was \"kollaborative F\u00fchrung\" bedeutet, in welchen Bereichen sich das Konzept eignet und wie sie die Verantwortlichkeiten von Mitarbeitenden und den heutigen F\u00fchrungspersonen signifikant ver\u00e4ndern kann.","robots":{"index":"index","follow":"follow","max-snippet":"max-snippet:-1","max-image-preview":"max-image-preview:large","max-video-preview":"max-video-preview:-1"},"canonical":"https:\/\/hub.hslu.ch\/leadership\/2020\/04\/03\/kollaborative-fuehrung-mitarbeitende-an-die-macht\/","og_locale":"de_DE","og_type":"article","og_title":"Kollaborative F\u00fchrung: Mitarbeitende an die Macht! - Leadership Network Lucerne","og_description":"Das Arbeitsumfeld der Unternehmen ist gepr\u00e4gt von schnellen Ver\u00e4nderungen. Arbeitsprozesse werden immer komplexer und k\u00f6nnen nicht mehr von einer einzelnen Person gef\u00fchrt werden. Dieser Blogbeitrag erkl\u00e4rt, was \"kollaborative F\u00fchrung\" bedeutet, in welchen Bereichen sich das Konzept eignet und wie sie die Verantwortlichkeiten von Mitarbeitenden und den heutigen F\u00fchrungspersonen signifikant ver\u00e4ndern kann.","og_url":"https:\/\/hub.hslu.ch\/leadership\/2020\/04\/03\/kollaborative-fuehrung-mitarbeitende-an-die-macht\/","og_site_name":"Leadership Network Lucerne","article_published_time":"2020-04-03T11:40:52+00:00","article_modified_time":"2026-02-11T13:53:53+00:00","og_image":[{"width":1413,"height":701,"url":"https:\/\/hub.hslu.ch\/leadership\/wp-content\/uploads\/sites\/18\/2020\/04\/Kauffeld-et-al.-2017-1.png","type":"image\/png"}],"author":"luziafuchs","twitter_card":"summary_large_image","twitter_misc":{"Geschrieben von":"luziafuchs","Gesch\u00e4tzte Lesezeit":"7\u00a0Minuten"},"schema":{"@context":"https:\/\/schema.org","@graph":[{"@type":"Article","@id":"https:\/\/hub.hslu.ch\/leadership\/2020\/04\/03\/kollaborative-fuehrung-mitarbeitende-an-die-macht\/#article","isPartOf":{"@id":"https:\/\/hub.hslu.ch\/leadership\/2020\/04\/03\/kollaborative-fuehrung-mitarbeitende-an-die-macht\/"},"author":{"name":"luziafuchs","@id":"https:\/\/hub.hslu.ch\/leadership\/#\/schema\/person\/34d2a648579980b50bd55210d88fd43e"},"headline":"Kollaborative F\u00fchrung: Mitarbeitende an die Macht!","datePublished":"2020-04-03T11:40:52+00:00","dateModified":"2026-02-11T13:53:53+00:00","mainEntityOfPage":{"@id":"https:\/\/hub.hslu.ch\/leadership\/2020\/04\/03\/kollaborative-fuehrung-mitarbeitende-an-die-macht\/"},"wordCount":1339,"commentCount":0,"image":{"@id":"https:\/\/hub.hslu.ch\/leadership\/2020\/04\/03\/kollaborative-fuehrung-mitarbeitende-an-die-macht\/#primaryimage"},"thumbnailUrl":"https:\/\/hub.hslu.ch\/leadership\/wp-content\/uploads\/sites\/18\/2020\/04\/Kauffeld-et-al.-2017-1.png","keywords":["Collaborative Leadership","F\u00fchrungsdimensionen","F\u00fchrungskompetenzen","kollaborative F\u00fchrung","komplexes Umfeld","neue Arbeitsformen"],"inLanguage":"de-CH","potentialAction":[{"@type":"CommentAction","name":"Comment","target":["https:\/\/hub.hslu.ch\/leadership\/2020\/04\/03\/kollaborative-fuehrung-mitarbeitende-an-die-macht\/#respond"]}]},{"@type":"WebPage","@id":"https:\/\/hub.hslu.ch\/leadership\/2020\/04\/03\/kollaborative-fuehrung-mitarbeitende-an-die-macht\/","url":"https:\/\/hub.hslu.ch\/leadership\/2020\/04\/03\/kollaborative-fuehrung-mitarbeitende-an-die-macht\/","name":"Kollaborative F\u00fchrung: Mitarbeitende an die Macht! - Leadership Network Lucerne","isPartOf":{"@id":"https:\/\/hub.hslu.ch\/leadership\/#website"},"primaryImageOfPage":{"@id":"https:\/\/hub.hslu.ch\/leadership\/2020\/04\/03\/kollaborative-fuehrung-mitarbeitende-an-die-macht\/#primaryimage"},"image":{"@id":"https:\/\/hub.hslu.ch\/leadership\/2020\/04\/03\/kollaborative-fuehrung-mitarbeitende-an-die-macht\/#primaryimage"},"thumbnailUrl":"https:\/\/hub.hslu.ch\/leadership\/wp-content\/uploads\/sites\/18\/2020\/04\/Kauffeld-et-al.-2017-1.png","datePublished":"2020-04-03T11:40:52+00:00","dateModified":"2026-02-11T13:53:53+00:00","author":{"@id":"https:\/\/hub.hslu.ch\/leadership\/#\/schema\/person\/34d2a648579980b50bd55210d88fd43e"},"description":"Das Arbeitsumfeld der Unternehmen ist gepr\u00e4gt von schnellen Ver\u00e4nderungen. Arbeitsprozesse werden immer komplexer und k\u00f6nnen nicht mehr von einer einzelnen Person gef\u00fchrt werden. Dieser Blogbeitrag erkl\u00e4rt, was \"kollaborative F\u00fchrung\" bedeutet, in welchen Bereichen sich das Konzept eignet und wie sie die Verantwortlichkeiten von Mitarbeitenden und den heutigen F\u00fchrungspersonen signifikant ver\u00e4ndern kann.","inLanguage":"de-CH","potentialAction":[{"@type":"ReadAction","target":["https:\/\/hub.hslu.ch\/leadership\/2020\/04\/03\/kollaborative-fuehrung-mitarbeitende-an-die-macht\/"]}]},{"@type":"ImageObject","inLanguage":"de-CH","@id":"https:\/\/hub.hslu.ch\/leadership\/2020\/04\/03\/kollaborative-fuehrung-mitarbeitende-an-die-macht\/#primaryimage","url":"https:\/\/hub.hslu.ch\/leadership\/wp-content\/uploads\/sites\/18\/2020\/04\/Kauffeld-et-al.-2017-1.png","contentUrl":"https:\/\/hub.hslu.ch\/leadership\/wp-content\/uploads\/sites\/18\/2020\/04\/Kauffeld-et-al.-2017-1.png","width":1413,"height":701},{"@type":"WebSite","@id":"https:\/\/hub.hslu.ch\/leadership\/#website","url":"https:\/\/hub.hslu.ch\/leadership\/","name":"Leadership Network Lucerne","description":"Sichtwechsel. Leadership ist Haltung. Das lehren wir.","potentialAction":[{"@type":"SearchAction","target":{"@type":"EntryPoint","urlTemplate":"https:\/\/hub.hslu.ch\/leadership\/?s={search_term_string}"},"query-input":{"@type":"PropertyValueSpecification","valueRequired":true,"valueName":"search_term_string"}}],"inLanguage":"de-CH"},{"@type":"Person","@id":"https:\/\/hub.hslu.ch\/leadership\/#\/schema\/person\/34d2a648579980b50bd55210d88fd43e","name":"luziafuchs"}]}},"featured_image_src":"https:\/\/hub.hslu.ch\/leadership\/wp-content\/uploads\/sites\/18\/2020\/04\/Kauffeld-et-al.-2017-1.png","featured_image_src_square":"https:\/\/hub.hslu.ch\/leadership\/wp-content\/uploads\/sites\/18\/2020\/04\/Kauffeld-et-al.-2017-1.png","author_info":{"display_name":"luziafuchs","author_link":"https:\/\/hub.hslu.ch\/leadership\/author\/luziafuchs\/"},"_links":{"self":[{"href":"https:\/\/hub.hslu.ch\/leadership\/wp-json\/wp\/v2\/posts\/1114","targetHints":{"allow":["GET"]}}],"collection":[{"href":"https:\/\/hub.hslu.ch\/leadership\/wp-json\/wp\/v2\/posts"}],"about":[{"href":"https:\/\/hub.hslu.ch\/leadership\/wp-json\/wp\/v2\/types\/post"}],"author":[{"embeddable":true,"href":"https:\/\/hub.hslu.ch\/leadership\/wp-json\/wp\/v2\/users\/98"}],"replies":[{"embeddable":true,"href":"https:\/\/hub.hslu.ch\/leadership\/wp-json\/wp\/v2\/comments?post=1114"}],"version-history":[{"count":4,"href":"https:\/\/hub.hslu.ch\/leadership\/wp-json\/wp\/v2\/posts\/1114\/revisions"}],"predecessor-version":[{"id":3649,"href":"https:\/\/hub.hslu.ch\/leadership\/wp-json\/wp\/v2\/posts\/1114\/revisions\/3649"}],"wp:featuredmedia":[{"embeddable":true,"href":"https:\/\/hub.hslu.ch\/leadership\/wp-json\/wp\/v2\/media\/1120"}],"wp:attachment":[{"href":"https:\/\/hub.hslu.ch\/leadership\/wp-json\/wp\/v2\/media?parent=1114"}],"wp:term":[{"taxonomy":"category","embeddable":true,"href":"https:\/\/hub.hslu.ch\/leadership\/wp-json\/wp\/v2\/categories?post=1114"},{"taxonomy":"post_tag","embeddable":true,"href":"https:\/\/hub.hslu.ch\/leadership\/wp-json\/wp\/v2\/tags?post=1114"}],"curies":[{"name":"wp","href":"https:\/\/api.w.org\/{rel}","templated":true}]}}