{"id":3485,"date":"2025-12-18T09:22:29","date_gmt":"2025-12-18T08:22:29","guid":{"rendered":"https:\/\/hub.hslu.ch\/leadership\/?p=3485"},"modified":"2026-02-05T14:21:47","modified_gmt":"2026-02-05T13:21:47","slug":"lust-am-fuehren","status":"publish","type":"post","link":"https:\/\/hub.hslu.ch\/leadership\/2025\/12\/18\/lust-am-fuehren\/","title":{"rendered":"Lust am F\u00fchren!\u00a0"},"content":{"rendered":"\n<h2 class=\"wp-block-heading\">Wie F\u00fchrung in der \u00f6ffentlichen Verwaltung und Politik neu gedacht werden kann.<\/h2>\n\n\n\n<p class=\"is-style-lead\"><strong>Zwischen Sinnhaftigkeit und struktureller Realit\u00e4t<\/strong><\/p>\n\n\n\n<p>F\u00fchrung in der Verwaltung ist von einem besonderen Spannungsfeld gepr\u00e4gt. Viele der anwesenden F\u00fchrungspersonen erleben ihre Aufgaben als sinnstiftend: Sie gestalten Gemeinwohl, erm\u00f6glichen Entwicklung und tragen Verantwortung f\u00fcr Menschen. Gleichzeitig treffen diese Bed\u00fcrfnisse auf komplexe Abl\u00e4ufe, etablierte Strukturen und begrenzte Spielr\u00e4ume. Das diesj\u00e4hrige LMF gab verschiedene Impulse, wie F\u00fchrung unter solchen Bedingungen gedacht und gelebt werden kann \u2013 sodass die strukturelle Realit\u00e4t nicht zur Ern\u00fcchterung oder Konsternation f\u00fchrt. Die verschiedenen Beitr\u00e4ge am 12. LMF beleuchteten den Umgang mit Fehlern, die Gestaltung von Beziehungen und Macht, die Nutzung organisationaler Spielr\u00e4ume und die Frage, was wirksame und gute F\u00fchrung heute \u00fcberhaupt ausmacht.<\/p>\n\n\n\n<h3 class=\"wp-block-heading\"><strong>Just Culture schafft Orientierung und st\u00e4rkt Verantwortung<\/strong><\/h3>\n\n\n\n<p>Ein zentraler Aspekt wirksamer F\u00fchrung ist der Umgang mit Fehlern. Gerade in anspruchsvollen und stark regulierten Umgebungen wie der \u00f6ffentlichen Verwaltung kann eine konstruktive Fehlerkultur Innovation erm\u00f6glichen und dazu beitragen, dass Mitarbeitende Verantwortung \u00fcbernehmen wollen.<\/p>\n\n\n\n<blockquote class=\"wp-block-quote is-layout-flow wp-block-quote-is-layout-flow\">\n<p><em>&#171;Gut gemeint ist immerhin gut gemeint.&#187; <\/em><\/p>\n<cite><em>Aldo C. Schellenberg<\/em><\/cite><\/blockquote>\n\n\n\n<p><strong>Aldo C. Schellenberg<\/strong>, Mehrfachverwaltungsrat und ehemaliger Stellvertreter des Chefs der Armee, erkl\u00e4rte, wie in der Just Culture mit Fehlern umgegangen wird. Sie unterscheidet zwischen Versehen, gut gemeinten Regelabweichungen und vors\u00e4tzlichem Fehlverhalten. Entscheidend ist, dass positive Absichten als solche anerkannt werden: \u00abGut gemeint ist immerhin gut gemeint.\u00bb Es ist wichtig, dies zu w\u00fcrdigen, ohne Verantwortlichkeiten zu verwischen. Eine solche Kultur schafft Transparenz und Vertrauen. Letztlich st\u00e4rkt sie so die Bereitschaft, Verantwortung zu \u00fcbernehmen und erm\u00f6glicht es sowohl Mitarbeitenden als auch der Organisation, zu wachsen und zu lernen.<\/p>\n\n\n\n<figure class=\"wp-block-image size-medium is-style-default\"><a href=\"https:\/\/hub.hslu.ch\/leadership\/wp-content\/uploads\/sites\/18\/2025\/12\/01-Aldo-C-Schellenberg-2-LMF-2025.jpg\"><img loading=\"lazy\" decoding=\"async\" width=\"300\" height=\"169\" src=\"https:\/\/hub.hslu.ch\/leadership\/wp-content\/uploads\/sites\/18\/2025\/12\/01-Aldo-C-Schellenberg-2-LMF-2025-300x169.jpg\" alt=\"Aldo C. Schellenberg LMF\" class=\"wp-image-3490\" srcset=\"https:\/\/hub.hslu.ch\/leadership\/wp-content\/uploads\/sites\/18\/2025\/12\/01-Aldo-C-Schellenberg-2-LMF-2025-300x169.jpg 300w, https:\/\/hub.hslu.ch\/leadership\/wp-content\/uploads\/sites\/18\/2025\/12\/01-Aldo-C-Schellenberg-2-LMF-2025-1024x576.jpg 1024w, https:\/\/hub.hslu.ch\/leadership\/wp-content\/uploads\/sites\/18\/2025\/12\/01-Aldo-C-Schellenberg-2-LMF-2025-768x432.jpg 768w, https:\/\/hub.hslu.ch\/leadership\/wp-content\/uploads\/sites\/18\/2025\/12\/01-Aldo-C-Schellenberg-2-LMF-2025-1536x864.jpg 1536w, https:\/\/hub.hslu.ch\/leadership\/wp-content\/uploads\/sites\/18\/2025\/12\/01-Aldo-C-Schellenberg-2-LMF-2025-928x522.jpg 928w, https:\/\/hub.hslu.ch\/leadership\/wp-content\/uploads\/sites\/18\/2025\/12\/01-Aldo-C-Schellenberg-2-LMF-2025-600x338.jpg 600w, https:\/\/hub.hslu.ch\/leadership\/wp-content\/uploads\/sites\/18\/2025\/12\/01-Aldo-C-Schellenberg-2-LMF-2025.jpg 2048w\" sizes=\"auto, (max-width: 300px) 100vw, 300px\" \/><\/a><figcaption class=\"wp-element-caption\">Aldo C. Schellenberg<\/figcaption><\/figure>\n\n\n\n<h3 class=\"wp-block-heading\"><strong>F\u00fchrung (wieder) attraktiv machen<\/strong><\/h3>\n\n\n\n<p>Bei den j\u00fcngeren Generationen haben F\u00fchrungsaufgaben und -rollen einen besonders schweren Stand. Die Studie <em>Voices of the Leaders of Tomorrow (VOLOT 2025)<\/em> zeigt, dass j\u00fcngere F\u00fchrungskr\u00e4fte andere Erwartungen an ihre Rolle stellen: Sie w\u00fcnschen sich klare Verantwortlichkeiten, transparente Strukturen und vor allem Gestaltungsm\u00f6glichkeiten. Klassisch-hierarchische F\u00fchrungsbilder verlieren an Attraktivit\u00e4t.<\/p>\n\n\n\n<p><strong>Vanessa Aebli,<\/strong> Direktorin des Bev\u00f6lkerungsamts der Stadt Z\u00fcrich, verdeutlichte dieses Bild: Unklare Abgrenzungen zwischen Fach-, Projekt- und Linienf\u00fchrung f\u00fchren h\u00e4ufig zu Unsicherheit und \u00dcberforderung. Wenn nicht klar ist, wer f\u00fchrt oder entscheidet, entstehen Leerl\u00e4ufe, Frust und das Gef\u00fchl von Selbstwirksamkeit schwindet.<\/p>\n\n\n\n<blockquote class=\"wp-block-quote is-layout-flow wp-block-quote-is-layout-flow\">\n<p><em>&#171;Wann haben Sie das letzte Mal Kontrolle abgegeben?&#187;<\/em><\/p>\n<cite>Vanessa Aebli<\/cite><\/blockquote>\n\n\n\n<p>Doch das bedeutet auf keinen Fall, dass eine Person die alleinige Verantwortung tragen soll. Im Gegenteil, betonte Aebli, F\u00fchrung wird vor allem dann (wieder) attraktiv, wenn sie gemeinsam getragenwird. Wenn Kontrolle abgegeben und dadurch mehr Raum f\u00fcr anderes geschaffen wird. Anhand konkreter Beispiele aus der Z\u00fcrcher Stadtverwaltung zeigte sie auf, dass es f\u00fcr diese Kultur mehr braucht als punktuelle Massnahmen. Es braucht eine Vision und Haltung, aber auch viel Zeit und Geduld. Letztlich lohne sich diese Investition, wie ein Afrikanisches Sprichwort besagt: &#171;If you want to go fast, go alone. If you want to go far, go together.&#187;<\/p>\n\n\n\n<figure class=\"wp-block-image size-medium\"><a href=\"https:\/\/hub.hslu.ch\/leadership\/wp-content\/uploads\/sites\/18\/2025\/12\/03-Aebli.jpg\"><img loading=\"lazy\" decoding=\"async\" width=\"300\" height=\"169\" src=\"https:\/\/hub.hslu.ch\/leadership\/wp-content\/uploads\/sites\/18\/2025\/12\/03-Aebli-300x169.jpg\" alt=\"\" class=\"wp-image-3489\" srcset=\"https:\/\/hub.hslu.ch\/leadership\/wp-content\/uploads\/sites\/18\/2025\/12\/03-Aebli-300x169.jpg 300w, https:\/\/hub.hslu.ch\/leadership\/wp-content\/uploads\/sites\/18\/2025\/12\/03-Aebli-1024x576.jpg 1024w, https:\/\/hub.hslu.ch\/leadership\/wp-content\/uploads\/sites\/18\/2025\/12\/03-Aebli-768x432.jpg 768w, https:\/\/hub.hslu.ch\/leadership\/wp-content\/uploads\/sites\/18\/2025\/12\/03-Aebli-1536x864.jpg 1536w, https:\/\/hub.hslu.ch\/leadership\/wp-content\/uploads\/sites\/18\/2025\/12\/03-Aebli-928x522.jpg 928w, https:\/\/hub.hslu.ch\/leadership\/wp-content\/uploads\/sites\/18\/2025\/12\/03-Aebli-600x338.jpg 600w, https:\/\/hub.hslu.ch\/leadership\/wp-content\/uploads\/sites\/18\/2025\/12\/03-Aebli.jpg 2048w\" sizes=\"auto, (max-width: 300px) 100vw, 300px\" \/><\/a><figcaption class=\"wp-element-caption\">Vanessa Aebli<\/figcaption><\/figure>\n\n\n\n<h3 class=\"wp-block-heading\"><strong>F\u00fchrung muss m\u00f6glich gemacht werden<\/strong><\/h3>\n\n\n\n<p>Ob und wie die Strukturen der Verwaltung wirksame F\u00fchrung \u00fcberhaupt zulassen, damit besch\u00e4ftigte sich <strong>Nils L\u00f6ffel,<\/strong> Stadtrat sowie Bildungs- und Sportdirektor der Stadt Olten. F\u00fcr ihn ist klar, dass gute F\u00fchrung auch ein kreativer Umgang mit den bestehenden Rahmenbedingungen bedeutet.<\/p>\n\n\n\n<blockquote class=\"wp-block-quote is-layout-flow wp-block-quote-is-layout-flow\">\n<p><em>\u00abIch habe noch nie an einem Ort gearbeitet, bei dem ich so wenig Kompetenzen und<\/em><\/p>\n\n\n\n<p><em>gleichzeitig so viel Handlungsspielraum hatte.&#187;<\/em><\/p>\n<cite><em>Ehemaliger Arbeitskollege von Nils L\u00f6ffler<\/em><\/cite><\/blockquote>\n\n\n\n<p>L\u00f6ffel machte deutlich, dass selbst in komplexen oder vermeintlich starren Organisationen mehr Handlungsspielraum vorhanden ist, als oft angenommen wird. In dem Sinne zitierte er einen ehemaligen Arbeitskollegen: \u00abIch habe noch nie an einem Ort gearbeitet, bei dem ich so wenig Kompetenzen und gleichzeitig so viel Handlungsspielraum hatte.&#187;<em><\/em><\/p>\n\n\n\n<p>Es braucht allerdings Menschen, die diesen Spielraum einfordern. F\u00fchrung entstehe nicht durch ideale Bedingungen, sondern durch Nutzung der vorhandenen M\u00f6glichkeiten. Besonders betonte er die Rolle der Nachwuchsf\u00f6rderung: Junge Mitarbeitende sollen fr\u00fch Verantwortung \u00fcbernehmen k\u00f6nnen. <em><\/em><\/p>\n\n\n\n<p>In diesem Sinne ermutigte L\u00f6ffel die Anwesenden, in den kommenden Tagen einen konkreten Schritt zu planen, der mehr F\u00fchrung erm\u00f6glicht \u2013 sei es durch Delegation, durch Vereinfachung eines Prozesses oder durch die bewusste St\u00e4rkung von Nachwuchs.<\/p>\n\n\n\n<figure class=\"wp-block-image size-medium\"><a href=\"https:\/\/hub.hslu.ch\/leadership\/wp-content\/uploads\/sites\/18\/2025\/12\/04-Niels-Loeffel-LMF-2025.jpg\"><img loading=\"lazy\" decoding=\"async\" width=\"300\" height=\"200\" src=\"https:\/\/hub.hslu.ch\/leadership\/wp-content\/uploads\/sites\/18\/2025\/12\/04-Niels-Loeffel-LMF-2025-300x200.jpg\" alt=\"Niels L\u00f6ffel\" class=\"wp-image-3499\" srcset=\"https:\/\/hub.hslu.ch\/leadership\/wp-content\/uploads\/sites\/18\/2025\/12\/04-Niels-Loeffel-LMF-2025-300x200.jpg 300w, https:\/\/hub.hslu.ch\/leadership\/wp-content\/uploads\/sites\/18\/2025\/12\/04-Niels-Loeffel-LMF-2025-1024x683.jpg 1024w, https:\/\/hub.hslu.ch\/leadership\/wp-content\/uploads\/sites\/18\/2025\/12\/04-Niels-Loeffel-LMF-2025-768x512.jpg 768w, https:\/\/hub.hslu.ch\/leadership\/wp-content\/uploads\/sites\/18\/2025\/12\/04-Niels-Loeffel-LMF-2025-1536x1025.jpg 1536w, https:\/\/hub.hslu.ch\/leadership\/wp-content\/uploads\/sites\/18\/2025\/12\/04-Niels-Loeffel-LMF-2025-600x400.jpg 600w, https:\/\/hub.hslu.ch\/leadership\/wp-content\/uploads\/sites\/18\/2025\/12\/04-Niels-Loeffel-LMF-2025-928x619.jpg 928w, https:\/\/hub.hslu.ch\/leadership\/wp-content\/uploads\/sites\/18\/2025\/12\/04-Niels-Loeffel-LMF-2025.jpg 2048w\" sizes=\"auto, (max-width: 300px) 100vw, 300px\" \/><\/a><figcaption class=\"wp-element-caption\">Niels L\u00f6ffel<\/figcaption><\/figure>\n\n\n\n<h3 class=\"wp-block-heading\"><strong>Bescheidenheit als wichtigste Leadership-Qualit\u00e4t<\/strong><\/h3>\n\n\n\n<p>Zum Abschluss richtete <strong>Martin Gutmann, <\/strong>Professor f\u00fcr Leadership und Management an der Hochschule Luzern, den Blick auf eine Form von F\u00fchrung, die h\u00e4ufig untersch\u00e4tzt wird: Unspektakul\u00e4re, stille und zur\u00fcckhaltende F\u00fchrung.<\/p>\n\n\n\n<p>Gutmann erkl\u00e4rte das Ph\u00e4nomen der \u201eAction Fallacy\u201c: Wir tendieren dazu, jene Menschen zu bewundern, die in Krisen gl\u00e4nzen und \u00fcbersehen diejenigen, die durch ruhige, verl\u00e4ssliche und bedachte F\u00fchrung verhindern, dass Krisen \u00fcberhaupt entstehen. Doch gerade diese Form der F\u00fchrung pr\u00e4gt Organisationen nachhaltig positiv. Wirklich gute F\u00fchrungspersonen, so Gutmann, verbinden Vision mit Alltag und Ehrgeiz mit Bescheidenheit.<\/p>\n\n\n\n<blockquote class=\"wp-block-quote is-layout-flow wp-block-quote-is-layout-flow\">\n<p><em>&#171;Wir m\u00fcssen \u00fcberdenken, wie gute F\u00fchrung \u00fcberhaupt aussieht.&#187;<\/em><\/p>\n<cite><em> Martin Gutmann<\/em><\/cite><\/blockquote>\n\n\n\n<p>Es sind oft nicht die lautesten oder sichtbarsten F\u00fchrungspersonen, die den gr\u00f6ssten Unterschied machen, sondern jene, die aufmerksam zuh\u00f6ren, umsichtig entscheiden und Verantwortung als kollektive Aufgabe verstehen.<\/p>\n\n\n\n<figure class=\"wp-block-image size-medium is-style-default\"><a href=\"https:\/\/hub.hslu.ch\/leadership\/wp-content\/uploads\/sites\/18\/2025\/12\/05-Martin-Gutmann-HSLU-LMF-2025.jpg\"><img loading=\"lazy\" decoding=\"async\" width=\"300\" height=\"200\" src=\"https:\/\/hub.hslu.ch\/leadership\/wp-content\/uploads\/sites\/18\/2025\/12\/05-Martin-Gutmann-HSLU-LMF-2025-300x200.jpg\" alt=\"\" class=\"wp-image-3495\" srcset=\"https:\/\/hub.hslu.ch\/leadership\/wp-content\/uploads\/sites\/18\/2025\/12\/05-Martin-Gutmann-HSLU-LMF-2025-300x200.jpg 300w, https:\/\/hub.hslu.ch\/leadership\/wp-content\/uploads\/sites\/18\/2025\/12\/05-Martin-Gutmann-HSLU-LMF-2025-1024x683.jpg 1024w, https:\/\/hub.hslu.ch\/leadership\/wp-content\/uploads\/sites\/18\/2025\/12\/05-Martin-Gutmann-HSLU-LMF-2025-768x512.jpg 768w, https:\/\/hub.hslu.ch\/leadership\/wp-content\/uploads\/sites\/18\/2025\/12\/05-Martin-Gutmann-HSLU-LMF-2025-1536x1025.jpg 1536w, https:\/\/hub.hslu.ch\/leadership\/wp-content\/uploads\/sites\/18\/2025\/12\/05-Martin-Gutmann-HSLU-LMF-2025-600x400.jpg 600w, https:\/\/hub.hslu.ch\/leadership\/wp-content\/uploads\/sites\/18\/2025\/12\/05-Martin-Gutmann-HSLU-LMF-2025-928x619.jpg 928w, https:\/\/hub.hslu.ch\/leadership\/wp-content\/uploads\/sites\/18\/2025\/12\/05-Martin-Gutmann-HSLU-LMF-2025.jpg 2048w\" sizes=\"auto, (max-width: 300px) 100vw, 300px\" \/><\/a><figcaption class=\"wp-element-caption\">Prof. Dr. Martin Gutmann<\/figcaption><\/figure>\n\n\n\n<p>Zum Abschluss zeigte eine Live-Abstimmung im Saal ein \u00fcberraschend positives Bild: Rund drei Viertel der Teilnehmenden stuften ihren \u00abF\u00fchrungs-Frustrationsgrad\u00bb zwischen 0 und 33 Prozent ein. Trotz mancher Ern\u00fcchterung und herausfordernder Rahmenbedingungen erleben viele also durchaus Handlungsspielraum.<\/p>\n\n\n\n<p>Damit wurde die Essenz des Tages sichtbar: Wirksame F\u00fchrung in der Verwaltung ist m\u00f6glich. Mit den richtigen Impulsen, praxistauglichen Werkzeugen \u2013 und mit Zeit, Geduld und Mut. So kann F\u00fchrung genau das sein, was viele der Anwesenden in den Tischdiskussionen betonten: sinnvoll, wirksam und erf\u00fcllend.<\/p>\n\n\n\n<figure class=\"wp-block-gallery has-nested-images columns-default is-cropped wp-block-gallery-1 is-layout-flex wp-block-gallery-is-layout-flex\">\n<figure class=\"wp-block-image size-large\"><a href=\"https:\/\/hub.hslu.ch\/leadership\/wp-content\/uploads\/sites\/18\/2025\/12\/00-LMF-2025.jpg\"><img loading=\"lazy\" decoding=\"async\" width=\"1024\" height=\"683\" data-id=\"3496\" src=\"https:\/\/hub.hslu.ch\/leadership\/wp-content\/uploads\/sites\/18\/2025\/12\/00-LMF-2025-1024x683.jpg\" alt=\"\" class=\"wp-image-3496\" srcset=\"https:\/\/hub.hslu.ch\/leadership\/wp-content\/uploads\/sites\/18\/2025\/12\/00-LMF-2025-1024x683.jpg 1024w, https:\/\/hub.hslu.ch\/leadership\/wp-content\/uploads\/sites\/18\/2025\/12\/00-LMF-2025-300x200.jpg 300w, https:\/\/hub.hslu.ch\/leadership\/wp-content\/uploads\/sites\/18\/2025\/12\/00-LMF-2025-768x512.jpg 768w, https:\/\/hub.hslu.ch\/leadership\/wp-content\/uploads\/sites\/18\/2025\/12\/00-LMF-2025-1536x1025.jpg 1536w, https:\/\/hub.hslu.ch\/leadership\/wp-content\/uploads\/sites\/18\/2025\/12\/00-LMF-2025-600x400.jpg 600w, https:\/\/hub.hslu.ch\/leadership\/wp-content\/uploads\/sites\/18\/2025\/12\/00-LMF-2025-928x619.jpg 928w, https:\/\/hub.hslu.ch\/leadership\/wp-content\/uploads\/sites\/18\/2025\/12\/00-LMF-2025.jpg 2048w\" sizes=\"auto, (max-width: 1024px) 100vw, 1024px\" \/><\/a><\/figure>\n\n\n\n<figure class=\"wp-block-image size-large\"><a href=\"https:\/\/hub.hslu.ch\/leadership\/wp-content\/uploads\/sites\/18\/2025\/12\/01-Aldo-C-Schellenberg-2-LMF-2025.jpg\"><img loading=\"lazy\" decoding=\"async\" width=\"1024\" height=\"576\" data-id=\"3490\" src=\"https:\/\/hub.hslu.ch\/leadership\/wp-content\/uploads\/sites\/18\/2025\/12\/01-Aldo-C-Schellenberg-2-LMF-2025-1024x576.jpg\" alt=\"\" class=\"wp-image-3490\" srcset=\"https:\/\/hub.hslu.ch\/leadership\/wp-content\/uploads\/sites\/18\/2025\/12\/01-Aldo-C-Schellenberg-2-LMF-2025-1024x576.jpg 1024w, https:\/\/hub.hslu.ch\/leadership\/wp-content\/uploads\/sites\/18\/2025\/12\/01-Aldo-C-Schellenberg-2-LMF-2025-300x169.jpg 300w, https:\/\/hub.hslu.ch\/leadership\/wp-content\/uploads\/sites\/18\/2025\/12\/01-Aldo-C-Schellenberg-2-LMF-2025-768x432.jpg 768w, https:\/\/hub.hslu.ch\/leadership\/wp-content\/uploads\/sites\/18\/2025\/12\/01-Aldo-C-Schellenberg-2-LMF-2025-1536x864.jpg 1536w, https:\/\/hub.hslu.ch\/leadership\/wp-content\/uploads\/sites\/18\/2025\/12\/01-Aldo-C-Schellenberg-2-LMF-2025-928x522.jpg 928w, https:\/\/hub.hslu.ch\/leadership\/wp-content\/uploads\/sites\/18\/2025\/12\/01-Aldo-C-Schellenberg-2-LMF-2025-600x338.jpg 600w, https:\/\/hub.hslu.ch\/leadership\/wp-content\/uploads\/sites\/18\/2025\/12\/01-Aldo-C-Schellenberg-2-LMF-2025.jpg 2048w\" sizes=\"auto, (max-width: 1024px) 100vw, 1024px\" \/><\/a><\/figure>\n\n\n\n<figure class=\"wp-block-image size-large\"><a href=\"https:\/\/hub.hslu.ch\/leadership\/wp-content\/uploads\/sites\/18\/2025\/12\/01-Aldo-C-Schellenberg-LMF-2025.jpg\"><img loading=\"lazy\" decoding=\"async\" width=\"1024\" height=\"683\" data-id=\"3491\" src=\"https:\/\/hub.hslu.ch\/leadership\/wp-content\/uploads\/sites\/18\/2025\/12\/01-Aldo-C-Schellenberg-LMF-2025-1024x683.jpg\" alt=\"\" class=\"wp-image-3491\" srcset=\"https:\/\/hub.hslu.ch\/leadership\/wp-content\/uploads\/sites\/18\/2025\/12\/01-Aldo-C-Schellenberg-LMF-2025-1024x683.jpg 1024w, https:\/\/hub.hslu.ch\/leadership\/wp-content\/uploads\/sites\/18\/2025\/12\/01-Aldo-C-Schellenberg-LMF-2025-300x200.jpg 300w, https:\/\/hub.hslu.ch\/leadership\/wp-content\/uploads\/sites\/18\/2025\/12\/01-Aldo-C-Schellenberg-LMF-2025-768x512.jpg 768w, https:\/\/hub.hslu.ch\/leadership\/wp-content\/uploads\/sites\/18\/2025\/12\/01-Aldo-C-Schellenberg-LMF-2025-1536x1025.jpg 1536w, https:\/\/hub.hslu.ch\/leadership\/wp-content\/uploads\/sites\/18\/2025\/12\/01-Aldo-C-Schellenberg-LMF-2025-600x400.jpg 600w, https:\/\/hub.hslu.ch\/leadership\/wp-content\/uploads\/sites\/18\/2025\/12\/01-Aldo-C-Schellenberg-LMF-2025-928x619.jpg 928w, https:\/\/hub.hslu.ch\/leadership\/wp-content\/uploads\/sites\/18\/2025\/12\/01-Aldo-C-Schellenberg-LMF-2025.jpg 2048w\" sizes=\"auto, (max-width: 1024px) 100vw, 1024px\" \/><\/a><\/figure>\n\n\n\n<figure class=\"wp-block-image size-large\"><img loading=\"lazy\" decoding=\"async\" width=\"683\" height=\"1024\" data-id=\"3492\" src=\"https:\/\/hub.hslu.ch\/leadership\/wp-content\/uploads\/sites\/18\/2025\/12\/02-Jonas-Willisegger-LMF-2025-683x1024.jpg\" alt=\"\" class=\"wp-image-3492\" srcset=\"https:\/\/hub.hslu.ch\/leadership\/wp-content\/uploads\/sites\/18\/2025\/12\/02-Jonas-Willisegger-LMF-2025-683x1024.jpg 683w, https:\/\/hub.hslu.ch\/leadership\/wp-content\/uploads\/sites\/18\/2025\/12\/02-Jonas-Willisegger-LMF-2025-200x300.jpg 200w, https:\/\/hub.hslu.ch\/leadership\/wp-content\/uploads\/sites\/18\/2025\/12\/02-Jonas-Willisegger-LMF-2025-768x1151.jpg 768w, https:\/\/hub.hslu.ch\/leadership\/wp-content\/uploads\/sites\/18\/2025\/12\/02-Jonas-Willisegger-LMF-2025-1025x1536.jpg 1025w, https:\/\/hub.hslu.ch\/leadership\/wp-content\/uploads\/sites\/18\/2025\/12\/02-Jonas-Willisegger-LMF-2025-466x698.jpg 466w, https:\/\/hub.hslu.ch\/leadership\/wp-content\/uploads\/sites\/18\/2025\/12\/02-Jonas-Willisegger-LMF-2025-600x900.jpg 600w, https:\/\/hub.hslu.ch\/leadership\/wp-content\/uploads\/sites\/18\/2025\/12\/02-Jonas-Willisegger-LMF-2025.jpg 1366w\" sizes=\"auto, (max-width: 683px) 100vw, 683px\" \/><\/figure>\n\n\n\n<figure class=\"wp-block-image size-large\"><a href=\"https:\/\/hub.hslu.ch\/leadership\/wp-content\/uploads\/sites\/18\/2025\/12\/03-Aebli.jpg\"><img loading=\"lazy\" decoding=\"async\" width=\"1024\" height=\"576\" data-id=\"3489\" src=\"https:\/\/hub.hslu.ch\/leadership\/wp-content\/uploads\/sites\/18\/2025\/12\/03-Aebli-1024x576.jpg\" alt=\"\" class=\"wp-image-3489\" srcset=\"https:\/\/hub.hslu.ch\/leadership\/wp-content\/uploads\/sites\/18\/2025\/12\/03-Aebli-1024x576.jpg 1024w, https:\/\/hub.hslu.ch\/leadership\/wp-content\/uploads\/sites\/18\/2025\/12\/03-Aebli-300x169.jpg 300w, https:\/\/hub.hslu.ch\/leadership\/wp-content\/uploads\/sites\/18\/2025\/12\/03-Aebli-768x432.jpg 768w, https:\/\/hub.hslu.ch\/leadership\/wp-content\/uploads\/sites\/18\/2025\/12\/03-Aebli-1536x864.jpg 1536w, https:\/\/hub.hslu.ch\/leadership\/wp-content\/uploads\/sites\/18\/2025\/12\/03-Aebli-928x522.jpg 928w, https:\/\/hub.hslu.ch\/leadership\/wp-content\/uploads\/sites\/18\/2025\/12\/03-Aebli-600x338.jpg 600w, https:\/\/hub.hslu.ch\/leadership\/wp-content\/uploads\/sites\/18\/2025\/12\/03-Aebli.jpg 2048w\" sizes=\"auto, (max-width: 1024px) 100vw, 1024px\" \/><\/a><\/figure>\n\n\n\n<figure class=\"wp-block-image size-large\"><a href=\"https:\/\/hub.hslu.ch\/leadership\/wp-content\/uploads\/sites\/18\/2025\/12\/04-Niels-Loeffel-LMF-2025.jpg\"><img loading=\"lazy\" decoding=\"async\" width=\"1024\" height=\"683\" data-id=\"3499\" src=\"https:\/\/hub.hslu.ch\/leadership\/wp-content\/uploads\/sites\/18\/2025\/12\/04-Niels-Loeffel-LMF-2025-1024x683.jpg\" alt=\"\" class=\"wp-image-3499\" srcset=\"https:\/\/hub.hslu.ch\/leadership\/wp-content\/uploads\/sites\/18\/2025\/12\/04-Niels-Loeffel-LMF-2025-1024x683.jpg 1024w, https:\/\/hub.hslu.ch\/leadership\/wp-content\/uploads\/sites\/18\/2025\/12\/04-Niels-Loeffel-LMF-2025-300x200.jpg 300w, https:\/\/hub.hslu.ch\/leadership\/wp-content\/uploads\/sites\/18\/2025\/12\/04-Niels-Loeffel-LMF-2025-768x512.jpg 768w, https:\/\/hub.hslu.ch\/leadership\/wp-content\/uploads\/sites\/18\/2025\/12\/04-Niels-Loeffel-LMF-2025-1536x1025.jpg 1536w, https:\/\/hub.hslu.ch\/leadership\/wp-content\/uploads\/sites\/18\/2025\/12\/04-Niels-Loeffel-LMF-2025-600x400.jpg 600w, https:\/\/hub.hslu.ch\/leadership\/wp-content\/uploads\/sites\/18\/2025\/12\/04-Niels-Loeffel-LMF-2025-928x619.jpg 928w, https:\/\/hub.hslu.ch\/leadership\/wp-content\/uploads\/sites\/18\/2025\/12\/04-Niels-Loeffel-LMF-2025.jpg 2048w\" sizes=\"auto, (max-width: 1024px) 100vw, 1024px\" \/><\/a><\/figure>\n\n\n\n<figure class=\"wp-block-image size-large\"><a href=\"https:\/\/hub.hslu.ch\/leadership\/wp-content\/uploads\/sites\/18\/2025\/12\/05-Martin-Gutmann-HSLU-LMF-2025.jpg\"><img loading=\"lazy\" decoding=\"async\" width=\"1024\" height=\"683\" data-id=\"3495\" src=\"https:\/\/hub.hslu.ch\/leadership\/wp-content\/uploads\/sites\/18\/2025\/12\/05-Martin-Gutmann-HSLU-LMF-2025-1024x683.jpg\" alt=\"\" class=\"wp-image-3495\" srcset=\"https:\/\/hub.hslu.ch\/leadership\/wp-content\/uploads\/sites\/18\/2025\/12\/05-Martin-Gutmann-HSLU-LMF-2025-1024x683.jpg 1024w, https:\/\/hub.hslu.ch\/leadership\/wp-content\/uploads\/sites\/18\/2025\/12\/05-Martin-Gutmann-HSLU-LMF-2025-300x200.jpg 300w, https:\/\/hub.hslu.ch\/leadership\/wp-content\/uploads\/sites\/18\/2025\/12\/05-Martin-Gutmann-HSLU-LMF-2025-768x512.jpg 768w, https:\/\/hub.hslu.ch\/leadership\/wp-content\/uploads\/sites\/18\/2025\/12\/05-Martin-Gutmann-HSLU-LMF-2025-1536x1025.jpg 1536w, https:\/\/hub.hslu.ch\/leadership\/wp-content\/uploads\/sites\/18\/2025\/12\/05-Martin-Gutmann-HSLU-LMF-2025-600x400.jpg 600w, https:\/\/hub.hslu.ch\/leadership\/wp-content\/uploads\/sites\/18\/2025\/12\/05-Martin-Gutmann-HSLU-LMF-2025-928x619.jpg 928w, https:\/\/hub.hslu.ch\/leadership\/wp-content\/uploads\/sites\/18\/2025\/12\/05-Martin-Gutmann-HSLU-LMF-2025.jpg 2048w\" sizes=\"auto, (max-width: 1024px) 100vw, 1024px\" \/><\/a><\/figure>\n\n\n\n<figure class=\"wp-block-image size-large\"><a href=\"https:\/\/hub.hslu.ch\/leadership\/wp-content\/uploads\/sites\/18\/2025\/12\/06-Martin-Gutmann-HSLU-LMF-2025.jpg\"><img loading=\"lazy\" decoding=\"async\" width=\"1024\" height=\"683\" data-id=\"3497\" src=\"https:\/\/hub.hslu.ch\/leadership\/wp-content\/uploads\/sites\/18\/2025\/12\/06-Martin-Gutmann-HSLU-LMF-2025-1024x683.jpg\" alt=\"\" class=\"wp-image-3497\" srcset=\"https:\/\/hub.hslu.ch\/leadership\/wp-content\/uploads\/sites\/18\/2025\/12\/06-Martin-Gutmann-HSLU-LMF-2025-1024x683.jpg 1024w, https:\/\/hub.hslu.ch\/leadership\/wp-content\/uploads\/sites\/18\/2025\/12\/06-Martin-Gutmann-HSLU-LMF-2025-300x200.jpg 300w, https:\/\/hub.hslu.ch\/leadership\/wp-content\/uploads\/sites\/18\/2025\/12\/06-Martin-Gutmann-HSLU-LMF-2025-768x512.jpg 768w, https:\/\/hub.hslu.ch\/leadership\/wp-content\/uploads\/sites\/18\/2025\/12\/06-Martin-Gutmann-HSLU-LMF-2025-1536x1025.jpg 1536w, https:\/\/hub.hslu.ch\/leadership\/wp-content\/uploads\/sites\/18\/2025\/12\/06-Martin-Gutmann-HSLU-LMF-2025-600x400.jpg 600w, https:\/\/hub.hslu.ch\/leadership\/wp-content\/uploads\/sites\/18\/2025\/12\/06-Martin-Gutmann-HSLU-LMF-2025-928x619.jpg 928w, https:\/\/hub.hslu.ch\/leadership\/wp-content\/uploads\/sites\/18\/2025\/12\/06-Martin-Gutmann-HSLU-LMF-2025.jpg 2048w\" sizes=\"auto, (max-width: 1024px) 100vw, 1024px\" \/><\/a><\/figure>\n\n\n\n<figure class=\"wp-block-image size-large\"><a href=\"https:\/\/hub.hslu.ch\/leadership\/wp-content\/uploads\/sites\/18\/2025\/12\/07-LMF-2025.jpg\"><img loading=\"lazy\" decoding=\"async\" width=\"1024\" height=\"683\" data-id=\"3493\" src=\"https:\/\/hub.hslu.ch\/leadership\/wp-content\/uploads\/sites\/18\/2025\/12\/07-LMF-2025-1024x683.jpg\" alt=\"\" class=\"wp-image-3493\" srcset=\"https:\/\/hub.hslu.ch\/leadership\/wp-content\/uploads\/sites\/18\/2025\/12\/07-LMF-2025-1024x683.jpg 1024w, https:\/\/hub.hslu.ch\/leadership\/wp-content\/uploads\/sites\/18\/2025\/12\/07-LMF-2025-300x200.jpg 300w, https:\/\/hub.hslu.ch\/leadership\/wp-content\/uploads\/sites\/18\/2025\/12\/07-LMF-2025-768x512.jpg 768w, https:\/\/hub.hslu.ch\/leadership\/wp-content\/uploads\/sites\/18\/2025\/12\/07-LMF-2025-1536x1025.jpg 1536w, https:\/\/hub.hslu.ch\/leadership\/wp-content\/uploads\/sites\/18\/2025\/12\/07-LMF-2025-600x400.jpg 600w, https:\/\/hub.hslu.ch\/leadership\/wp-content\/uploads\/sites\/18\/2025\/12\/07-LMF-2025-928x619.jpg 928w, https:\/\/hub.hslu.ch\/leadership\/wp-content\/uploads\/sites\/18\/2025\/12\/07-LMF-2025.jpg 2048w\" sizes=\"auto, (max-width: 1024px) 100vw, 1024px\" \/><\/a><\/figure>\n\n\n\n<figure class=\"wp-block-image size-large\"><a href=\"https:\/\/hub.hslu.ch\/leadership\/wp-content\/uploads\/sites\/18\/2025\/12\/08-LMF-2025.jpg\"><img loading=\"lazy\" decoding=\"async\" width=\"1024\" height=\"683\" data-id=\"3498\" src=\"https:\/\/hub.hslu.ch\/leadership\/wp-content\/uploads\/sites\/18\/2025\/12\/08-LMF-2025-1024x683.jpg\" alt=\"\" class=\"wp-image-3498\" srcset=\"https:\/\/hub.hslu.ch\/leadership\/wp-content\/uploads\/sites\/18\/2025\/12\/08-LMF-2025-1024x683.jpg 1024w, https:\/\/hub.hslu.ch\/leadership\/wp-content\/uploads\/sites\/18\/2025\/12\/08-LMF-2025-300x200.jpg 300w, https:\/\/hub.hslu.ch\/leadership\/wp-content\/uploads\/sites\/18\/2025\/12\/08-LMF-2025-768x512.jpg 768w, https:\/\/hub.hslu.ch\/leadership\/wp-content\/uploads\/sites\/18\/2025\/12\/08-LMF-2025-1536x1025.jpg 1536w, https:\/\/hub.hslu.ch\/leadership\/wp-content\/uploads\/sites\/18\/2025\/12\/08-LMF-2025-600x400.jpg 600w, https:\/\/hub.hslu.ch\/leadership\/wp-content\/uploads\/sites\/18\/2025\/12\/08-LMF-2025-928x619.jpg 928w, https:\/\/hub.hslu.ch\/leadership\/wp-content\/uploads\/sites\/18\/2025\/12\/08-LMF-2025.jpg 2048w\" sizes=\"auto, (max-width: 1024px) 100vw, 1024px\" \/><\/a><\/figure>\n\n\n\n<figure class=\"wp-block-image size-large\"><a href=\"https:\/\/hub.hslu.ch\/leadership\/wp-content\/uploads\/sites\/18\/2025\/12\/09-Stefanie-Ruebenacker-Autorin-Blogbeitrag-LMF-2025.jpg\"><img loading=\"lazy\" decoding=\"async\" width=\"1024\" height=\"683\" data-id=\"3494\" src=\"https:\/\/hub.hslu.ch\/leadership\/wp-content\/uploads\/sites\/18\/2025\/12\/09-Stefanie-Ruebenacker-Autorin-Blogbeitrag-LMF-2025-1024x683.jpg\" alt=\"\" class=\"wp-image-3494\" srcset=\"https:\/\/hub.hslu.ch\/leadership\/wp-content\/uploads\/sites\/18\/2025\/12\/09-Stefanie-Ruebenacker-Autorin-Blogbeitrag-LMF-2025-1024x683.jpg 1024w, https:\/\/hub.hslu.ch\/leadership\/wp-content\/uploads\/sites\/18\/2025\/12\/09-Stefanie-Ruebenacker-Autorin-Blogbeitrag-LMF-2025-300x200.jpg 300w, https:\/\/hub.hslu.ch\/leadership\/wp-content\/uploads\/sites\/18\/2025\/12\/09-Stefanie-Ruebenacker-Autorin-Blogbeitrag-LMF-2025-768x512.jpg 768w, https:\/\/hub.hslu.ch\/leadership\/wp-content\/uploads\/sites\/18\/2025\/12\/09-Stefanie-Ruebenacker-Autorin-Blogbeitrag-LMF-2025-1536x1025.jpg 1536w, https:\/\/hub.hslu.ch\/leadership\/wp-content\/uploads\/sites\/18\/2025\/12\/09-Stefanie-Ruebenacker-Autorin-Blogbeitrag-LMF-2025-600x400.jpg 600w, https:\/\/hub.hslu.ch\/leadership\/wp-content\/uploads\/sites\/18\/2025\/12\/09-Stefanie-Ruebenacker-Autorin-Blogbeitrag-LMF-2025-928x619.jpg 928w, https:\/\/hub.hslu.ch\/leadership\/wp-content\/uploads\/sites\/18\/2025\/12\/09-Stefanie-Ruebenacker-Autorin-Blogbeitrag-LMF-2025.jpg 2048w\" sizes=\"auto, (max-width: 1024px) 100vw, 1024px\" \/><\/a><\/figure>\n<\/figure>\n\n\n\n<h2 class=\"wp-block-heading\"><strong>SAVE THE DATE<\/strong><\/h2>\n\n\n\n<p>Am <strong>3. Dezember 2026<\/strong> findet das 13. Luzerner Management Forum f\u00fcr die \u00f6ffentliche Verwaltung statt. Halten Sie sich <a href=\"http:\/\/www.hslu.ch\/lmf\">hier<\/a> auf dem Laufenden.<\/p>\n","protected":false},"excerpt":{"rendered":"<p>Das 12. Luzerner Management Forum fand am 4. Dezember 2025 im Hotel Schweizerhof Luzern statt. Unter dem Titel \u00abLust am F\u00fchren!\u00bb diskutierten F\u00fchrungspersonen aus Verwaltung und Politik dar\u00fcber, wie F\u00fchrung heute gelingen kann und welche Haltungen und Strukturen daf\u00fcr entscheidend sind.<\/p>\n","protected":false},"author":98,"featured_media":3498,"comment_status":"open","ping_status":"open","sticky":false,"template":"","format":"standard","meta":{"_acf_changed":false,"inline_featured_image":false,"_relevanssi_hide_post":"","_relevanssi_hide_content":"","_relevanssi_pin_for_all":"","_relevanssi_pin_keywords":"","_relevanssi_unpin_keywords":"","_relevanssi_related_keywords":"","_relevanssi_related_include_ids":"","_relevanssi_related_exclude_ids":"","_relevanssi_related_no_append":"","_relevanssi_related_not_related":"","_relevanssi_related_posts":"898,1530,244,1948,3006,2934","_relevanssi_noindex_reason":"","footnotes":"","_links_to":"","_links_to_target":""},"categories":[9,98],"tags":[22,24],"class_list":["post-3485","post","type-post","status-publish","format-standard","has-post-thumbnail","hentry","category-leading-experts","category-people-management","tag-fuehrung","tag-fuehrungskompetenzen"],"acf":[],"yoast_head":"<!-- This site is optimized with the Yoast SEO plugin v27.5 - https:\/\/yoast.com\/product\/yoast-seo-wordpress\/ -->\n<title>Lust am F\u00fchren!\u00a0 - Leadership Network Lucerne<\/title>\n<meta name=\"description\" content=\"Wie F\u00fchrung in der \u00f6ffentlichen Verwaltung und Politik neu gedacht werden kann. Das Luzerner Management Forum hat nach Antworten gesucht.\" \/>\n<meta name=\"robots\" content=\"index, follow, max-snippet:-1, max-image-preview:large, max-video-preview:-1\" \/>\n<link rel=\"canonical\" href=\"https:\/\/hub.hslu.ch\/leadership\/2025\/12\/18\/lust-am-fuehren\/\" \/>\n<meta property=\"og:locale\" content=\"de_DE\" \/>\n<meta property=\"og:type\" content=\"article\" \/>\n<meta property=\"og:title\" content=\"Lust am F\u00fchren!\u00a0 - Leadership Network Lucerne\" \/>\n<meta property=\"og:description\" content=\"Wie F\u00fchrung in der \u00f6ffentlichen Verwaltung und Politik neu gedacht werden kann. Das Luzerner Management Forum hat nach Antworten gesucht.\" \/>\n<meta property=\"og:url\" content=\"https:\/\/hub.hslu.ch\/leadership\/2025\/12\/18\/lust-am-fuehren\/\" \/>\n<meta property=\"og:site_name\" content=\"Leadership Network Lucerne\" \/>\n<meta property=\"article:published_time\" content=\"2025-12-18T08:22:29+00:00\" \/>\n<meta property=\"article:modified_time\" content=\"2026-02-05T13:21:47+00:00\" \/>\n<meta property=\"og:image\" content=\"https:\/\/hub.hslu.ch\/leadership\/wp-content\/uploads\/sites\/18\/2025\/12\/08-LMF-2025.jpg\" \/>\n\t<meta property=\"og:image:width\" content=\"2048\" \/>\n\t<meta property=\"og:image:height\" content=\"1366\" \/>\n\t<meta property=\"og:image:type\" content=\"image\/jpeg\" \/>\n<meta name=\"author\" content=\"luziafuchs\" \/>\n<meta name=\"twitter:card\" content=\"summary_large_image\" \/>\n<meta name=\"twitter:label1\" content=\"Geschrieben von\" \/>\n\t<meta name=\"twitter:data1\" content=\"luziafuchs\" \/>\n\t<meta name=\"twitter:label2\" content=\"Gesch\u00e4tzte Lesezeit\" \/>\n\t<meta name=\"twitter:data2\" content=\"8\u00a0Minuten\" \/>\n<script type=\"application\/ld+json\" class=\"yoast-schema-graph\">{\"@context\":\"https:\\\/\\\/schema.org\",\"@graph\":[{\"@type\":\"Article\",\"@id\":\"https:\\\/\\\/hub.hslu.ch\\\/leadership\\\/2025\\\/12\\\/18\\\/lust-am-fuehren\\\/#article\",\"isPartOf\":{\"@id\":\"https:\\\/\\\/hub.hslu.ch\\\/leadership\\\/2025\\\/12\\\/18\\\/lust-am-fuehren\\\/\"},\"author\":{\"name\":\"luziafuchs\",\"@id\":\"https:\\\/\\\/hub.hslu.ch\\\/leadership\\\/#\\\/schema\\\/person\\\/34d2a648579980b50bd55210d88fd43e\"},\"headline\":\"Lust am F\u00fchren!\u00a0\",\"datePublished\":\"2025-12-18T08:22:29+00:00\",\"dateModified\":\"2026-02-05T13:21:47+00:00\",\"mainEntityOfPage\":{\"@id\":\"https:\\\/\\\/hub.hslu.ch\\\/leadership\\\/2025\\\/12\\\/18\\\/lust-am-fuehren\\\/\"},\"wordCount\":975,\"commentCount\":0,\"image\":{\"@id\":\"https:\\\/\\\/hub.hslu.ch\\\/leadership\\\/2025\\\/12\\\/18\\\/lust-am-fuehren\\\/#primaryimage\"},\"thumbnailUrl\":\"https:\\\/\\\/hub.hslu.ch\\\/leadership\\\/wp-content\\\/uploads\\\/sites\\\/18\\\/2025\\\/12\\\/08-LMF-2025.jpg\",\"keywords\":[\"F\u00fchrung\",\"F\u00fchrungskompetenzen\"],\"articleSection\":[\"Leading Experts\",\"People Management\"],\"inLanguage\":\"de-CH\",\"potentialAction\":[{\"@type\":\"CommentAction\",\"name\":\"Comment\",\"target\":[\"https:\\\/\\\/hub.hslu.ch\\\/leadership\\\/2025\\\/12\\\/18\\\/lust-am-fuehren\\\/#respond\"]}]},{\"@type\":\"WebPage\",\"@id\":\"https:\\\/\\\/hub.hslu.ch\\\/leadership\\\/2025\\\/12\\\/18\\\/lust-am-fuehren\\\/\",\"url\":\"https:\\\/\\\/hub.hslu.ch\\\/leadership\\\/2025\\\/12\\\/18\\\/lust-am-fuehren\\\/\",\"name\":\"Lust am F\u00fchren!\u00a0 - Leadership Network Lucerne\",\"isPartOf\":{\"@id\":\"https:\\\/\\\/hub.hslu.ch\\\/leadership\\\/#website\"},\"primaryImageOfPage\":{\"@id\":\"https:\\\/\\\/hub.hslu.ch\\\/leadership\\\/2025\\\/12\\\/18\\\/lust-am-fuehren\\\/#primaryimage\"},\"image\":{\"@id\":\"https:\\\/\\\/hub.hslu.ch\\\/leadership\\\/2025\\\/12\\\/18\\\/lust-am-fuehren\\\/#primaryimage\"},\"thumbnailUrl\":\"https:\\\/\\\/hub.hslu.ch\\\/leadership\\\/wp-content\\\/uploads\\\/sites\\\/18\\\/2025\\\/12\\\/08-LMF-2025.jpg\",\"datePublished\":\"2025-12-18T08:22:29+00:00\",\"dateModified\":\"2026-02-05T13:21:47+00:00\",\"author\":{\"@id\":\"https:\\\/\\\/hub.hslu.ch\\\/leadership\\\/#\\\/schema\\\/person\\\/34d2a648579980b50bd55210d88fd43e\"},\"description\":\"Wie F\u00fchrung in der \u00f6ffentlichen Verwaltung und Politik neu gedacht werden kann. Das Luzerner Management Forum hat nach Antworten gesucht.\",\"inLanguage\":\"de-CH\",\"potentialAction\":[{\"@type\":\"ReadAction\",\"target\":[\"https:\\\/\\\/hub.hslu.ch\\\/leadership\\\/2025\\\/12\\\/18\\\/lust-am-fuehren\\\/\"]}]},{\"@type\":\"ImageObject\",\"inLanguage\":\"de-CH\",\"@id\":\"https:\\\/\\\/hub.hslu.ch\\\/leadership\\\/2025\\\/12\\\/18\\\/lust-am-fuehren\\\/#primaryimage\",\"url\":\"https:\\\/\\\/hub.hslu.ch\\\/leadership\\\/wp-content\\\/uploads\\\/sites\\\/18\\\/2025\\\/12\\\/08-LMF-2025.jpg\",\"contentUrl\":\"https:\\\/\\\/hub.hslu.ch\\\/leadership\\\/wp-content\\\/uploads\\\/sites\\\/18\\\/2025\\\/12\\\/08-LMF-2025.jpg\",\"width\":2048,\"height\":1366,\"caption\":\"Luzerner Management Forum f\u00fcr die \u00f6ffentliche Verwaltung Schweizerhof Luzern\"},{\"@type\":\"WebSite\",\"@id\":\"https:\\\/\\\/hub.hslu.ch\\\/leadership\\\/#website\",\"url\":\"https:\\\/\\\/hub.hslu.ch\\\/leadership\\\/\",\"name\":\"Leadership Network Lucerne\",\"description\":\"Sichtwechsel. Leadership ist Haltung. Das lehren wir.\",\"potentialAction\":[{\"@type\":\"SearchAction\",\"target\":{\"@type\":\"EntryPoint\",\"urlTemplate\":\"https:\\\/\\\/hub.hslu.ch\\\/leadership\\\/?s={search_term_string}\"},\"query-input\":{\"@type\":\"PropertyValueSpecification\",\"valueRequired\":true,\"valueName\":\"search_term_string\"}}],\"inLanguage\":\"de-CH\"},{\"@type\":\"Person\",\"@id\":\"https:\\\/\\\/hub.hslu.ch\\\/leadership\\\/#\\\/schema\\\/person\\\/34d2a648579980b50bd55210d88fd43e\",\"name\":\"luziafuchs\"}]}<\/script>\n<!-- \/ Yoast SEO plugin. -->","yoast_head_json":{"title":"Lust am F\u00fchren!\u00a0 - Leadership Network Lucerne","description":"Wie F\u00fchrung in der \u00f6ffentlichen Verwaltung und Politik neu gedacht werden kann. Das Luzerner Management Forum hat nach Antworten gesucht.","robots":{"index":"index","follow":"follow","max-snippet":"max-snippet:-1","max-image-preview":"max-image-preview:large","max-video-preview":"max-video-preview:-1"},"canonical":"https:\/\/hub.hslu.ch\/leadership\/2025\/12\/18\/lust-am-fuehren\/","og_locale":"de_DE","og_type":"article","og_title":"Lust am F\u00fchren!\u00a0 - Leadership Network Lucerne","og_description":"Wie F\u00fchrung in der \u00f6ffentlichen Verwaltung und Politik neu gedacht werden kann. Das Luzerner Management Forum hat nach Antworten gesucht.","og_url":"https:\/\/hub.hslu.ch\/leadership\/2025\/12\/18\/lust-am-fuehren\/","og_site_name":"Leadership Network Lucerne","article_published_time":"2025-12-18T08:22:29+00:00","article_modified_time":"2026-02-05T13:21:47+00:00","og_image":[{"width":2048,"height":1366,"url":"https:\/\/hub.hslu.ch\/leadership\/wp-content\/uploads\/sites\/18\/2025\/12\/08-LMF-2025.jpg","type":"image\/jpeg"}],"author":"luziafuchs","twitter_card":"summary_large_image","twitter_misc":{"Geschrieben von":"luziafuchs","Gesch\u00e4tzte Lesezeit":"8\u00a0Minuten"},"schema":{"@context":"https:\/\/schema.org","@graph":[{"@type":"Article","@id":"https:\/\/hub.hslu.ch\/leadership\/2025\/12\/18\/lust-am-fuehren\/#article","isPartOf":{"@id":"https:\/\/hub.hslu.ch\/leadership\/2025\/12\/18\/lust-am-fuehren\/"},"author":{"name":"luziafuchs","@id":"https:\/\/hub.hslu.ch\/leadership\/#\/schema\/person\/34d2a648579980b50bd55210d88fd43e"},"headline":"Lust am F\u00fchren!\u00a0","datePublished":"2025-12-18T08:22:29+00:00","dateModified":"2026-02-05T13:21:47+00:00","mainEntityOfPage":{"@id":"https:\/\/hub.hslu.ch\/leadership\/2025\/12\/18\/lust-am-fuehren\/"},"wordCount":975,"commentCount":0,"image":{"@id":"https:\/\/hub.hslu.ch\/leadership\/2025\/12\/18\/lust-am-fuehren\/#primaryimage"},"thumbnailUrl":"https:\/\/hub.hslu.ch\/leadership\/wp-content\/uploads\/sites\/18\/2025\/12\/08-LMF-2025.jpg","keywords":["F\u00fchrung","F\u00fchrungskompetenzen"],"articleSection":["Leading Experts","People Management"],"inLanguage":"de-CH","potentialAction":[{"@type":"CommentAction","name":"Comment","target":["https:\/\/hub.hslu.ch\/leadership\/2025\/12\/18\/lust-am-fuehren\/#respond"]}]},{"@type":"WebPage","@id":"https:\/\/hub.hslu.ch\/leadership\/2025\/12\/18\/lust-am-fuehren\/","url":"https:\/\/hub.hslu.ch\/leadership\/2025\/12\/18\/lust-am-fuehren\/","name":"Lust am F\u00fchren!\u00a0 - Leadership Network Lucerne","isPartOf":{"@id":"https:\/\/hub.hslu.ch\/leadership\/#website"},"primaryImageOfPage":{"@id":"https:\/\/hub.hslu.ch\/leadership\/2025\/12\/18\/lust-am-fuehren\/#primaryimage"},"image":{"@id":"https:\/\/hub.hslu.ch\/leadership\/2025\/12\/18\/lust-am-fuehren\/#primaryimage"},"thumbnailUrl":"https:\/\/hub.hslu.ch\/leadership\/wp-content\/uploads\/sites\/18\/2025\/12\/08-LMF-2025.jpg","datePublished":"2025-12-18T08:22:29+00:00","dateModified":"2026-02-05T13:21:47+00:00","author":{"@id":"https:\/\/hub.hslu.ch\/leadership\/#\/schema\/person\/34d2a648579980b50bd55210d88fd43e"},"description":"Wie F\u00fchrung in der \u00f6ffentlichen Verwaltung und Politik neu gedacht werden kann. Das Luzerner Management Forum hat nach Antworten gesucht.","inLanguage":"de-CH","potentialAction":[{"@type":"ReadAction","target":["https:\/\/hub.hslu.ch\/leadership\/2025\/12\/18\/lust-am-fuehren\/"]}]},{"@type":"ImageObject","inLanguage":"de-CH","@id":"https:\/\/hub.hslu.ch\/leadership\/2025\/12\/18\/lust-am-fuehren\/#primaryimage","url":"https:\/\/hub.hslu.ch\/leadership\/wp-content\/uploads\/sites\/18\/2025\/12\/08-LMF-2025.jpg","contentUrl":"https:\/\/hub.hslu.ch\/leadership\/wp-content\/uploads\/sites\/18\/2025\/12\/08-LMF-2025.jpg","width":2048,"height":1366,"caption":"Luzerner Management Forum f\u00fcr die \u00f6ffentliche Verwaltung Schweizerhof Luzern"},{"@type":"WebSite","@id":"https:\/\/hub.hslu.ch\/leadership\/#website","url":"https:\/\/hub.hslu.ch\/leadership\/","name":"Leadership Network Lucerne","description":"Sichtwechsel. Leadership ist Haltung. Das lehren wir.","potentialAction":[{"@type":"SearchAction","target":{"@type":"EntryPoint","urlTemplate":"https:\/\/hub.hslu.ch\/leadership\/?s={search_term_string}"},"query-input":{"@type":"PropertyValueSpecification","valueRequired":true,"valueName":"search_term_string"}}],"inLanguage":"de-CH"},{"@type":"Person","@id":"https:\/\/hub.hslu.ch\/leadership\/#\/schema\/person\/34d2a648579980b50bd55210d88fd43e","name":"luziafuchs"}]}},"featured_image_src":"https:\/\/hub.hslu.ch\/leadership\/wp-content\/uploads\/sites\/18\/2025\/12\/08-LMF-2025.jpg","featured_image_src_square":"https:\/\/hub.hslu.ch\/leadership\/wp-content\/uploads\/sites\/18\/2025\/12\/08-LMF-2025.jpg","author_info":{"display_name":"luziafuchs","author_link":"https:\/\/hub.hslu.ch\/leadership\/author\/luziafuchs\/"},"_links":{"self":[{"href":"https:\/\/hub.hslu.ch\/leadership\/wp-json\/wp\/v2\/posts\/3485","targetHints":{"allow":["GET"]}}],"collection":[{"href":"https:\/\/hub.hslu.ch\/leadership\/wp-json\/wp\/v2\/posts"}],"about":[{"href":"https:\/\/hub.hslu.ch\/leadership\/wp-json\/wp\/v2\/types\/post"}],"author":[{"embeddable":true,"href":"https:\/\/hub.hslu.ch\/leadership\/wp-json\/wp\/v2\/users\/98"}],"replies":[{"embeddable":true,"href":"https:\/\/hub.hslu.ch\/leadership\/wp-json\/wp\/v2\/comments?post=3485"}],"version-history":[{"count":35,"href":"https:\/\/hub.hslu.ch\/leadership\/wp-json\/wp\/v2\/posts\/3485\/revisions"}],"predecessor-version":[{"id":3561,"href":"https:\/\/hub.hslu.ch\/leadership\/wp-json\/wp\/v2\/posts\/3485\/revisions\/3561"}],"wp:featuredmedia":[{"embeddable":true,"href":"https:\/\/hub.hslu.ch\/leadership\/wp-json\/wp\/v2\/media\/3498"}],"wp:attachment":[{"href":"https:\/\/hub.hslu.ch\/leadership\/wp-json\/wp\/v2\/media?parent=3485"}],"wp:term":[{"taxonomy":"category","embeddable":true,"href":"https:\/\/hub.hslu.ch\/leadership\/wp-json\/wp\/v2\/categories?post=3485"},{"taxonomy":"post_tag","embeddable":true,"href":"https:\/\/hub.hslu.ch\/leadership\/wp-json\/wp\/v2\/tags?post=3485"}],"curies":[{"name":"wp","href":"https:\/\/api.w.org\/{rel}","templated":true}]}}