{"id":734,"date":"2019-07-02T18:57:51","date_gmt":"2019-07-02T16:57:51","guid":{"rendered":"https:\/\/hub.hslu.ch\/leadership\/?p=734"},"modified":"2026-02-11T14:53:52","modified_gmt":"2026-02-11T13:53:52","slug":"international-leadership-forum-luzern","status":"publish","type":"post","link":"https:\/\/hub.hslu.ch\/leadership\/2019\/07\/02\/international-leadership-forum-luzern\/","title":{"rendered":"International Leadership Forum Luzern: Erfolgsrezepte f\u00fcr KMU-Internationalisierung"},"content":{"rendered":"\n<div class=\"wp-block-image\"><figure class=\"aligncenter\"><img loading=\"lazy\" decoding=\"async\" width=\"1024\" height=\"727\" src=\"https:\/\/hub.hslu.ch\/leadership\/wp-content\/uploads\/sites\/18\/2019\/07\/Foto_Blogbeitrag_ILFL_2019-1-1-1024x727.jpg\" alt=\"\" class=\"wp-image-775\" srcset=\"https:\/\/hub.hslu.ch\/leadership\/wp-content\/uploads\/sites\/18\/2019\/07\/Foto_Blogbeitrag_ILFL_2019-1-1-1024x727.jpg 1024w, https:\/\/hub.hslu.ch\/leadership\/wp-content\/uploads\/sites\/18\/2019\/07\/Foto_Blogbeitrag_ILFL_2019-1-1-300x213.jpg 300w, https:\/\/hub.hslu.ch\/leadership\/wp-content\/uploads\/sites\/18\/2019\/07\/Foto_Blogbeitrag_ILFL_2019-1-1-768x545.jpg 768w, https:\/\/hub.hslu.ch\/leadership\/wp-content\/uploads\/sites\/18\/2019\/07\/Foto_Blogbeitrag_ILFL_2019-1-1-1536x1090.jpg 1536w, https:\/\/hub.hslu.ch\/leadership\/wp-content\/uploads\/sites\/18\/2019\/07\/Foto_Blogbeitrag_ILFL_2019-1-1-2048x1454.jpg 2048w\" sizes=\"auto, (max-width: 1024px) 100vw, 1024px\" \/><figcaption>Bild: International Leadership Forum Luzern vom 26. Juni 2019<\/figcaption><\/figure><\/div>\n\n\n\n<p><strong>Autor: <a aria-label=\"Sebastian&nbsp;Huber (\u00f6ffnet in neuem Tab)\" href=\"https:\/\/www.hslu.ch\/de-ch\/hochschule-luzern\/ueber-uns\/personensuche\/profile\/?pid=3931\" target=\"_blank\" rel=\"noreferrer noopener\">Sebastian&nbsp;Huber<\/a><\/strong><\/p>\n\n\n\n<p style=\"font-size:18px\">Oft sind sie die globalen Champions ihrer Branche: hochspezialisierte Schweizer KMU mit aussergew\u00f6hnlichen Fertigungskompetenzen und einem Produkt oder Service in absoluter Topqualit\u00e4t. Swiss made eben. Mit begrenzten Wachstumsm\u00f6glichkeiten auf ihrem Schweizer Heimmarkt dr\u00e4ngen diese KMU schnell ins Ausland, wobei sie h\u00e4ufig nicht auf erprobte Internationalisierungsstrategien zur\u00fcckgreifen k\u00f6nnen. Ihre Internationalisierung verl\u00e4uft n\u00e4mlich ganz anders als bei Grossunternehmen, wie eine <a aria-label=\" (\u00f6ffnet in neuem Tab)\" href=\"https:\/\/www.hslu.ch\/kmu-international\" target=\"_blank\" rel=\"noreferrer noopener\">Forschungsstudie<\/a> der Hochschule Luzern ergeben hat.  <\/p>\n\n\n\n<p><strong>In drei Phasen zum internationalen Erfolg<\/strong><\/p>\n\n\n\n<p>Die Praxisbeispiele am ILFL untermauern unsere Forschungsergebnisse, dass der Internationalisierungsprozess bei KMU anders als bei Grossunternehmen verl\u00e4uft. Ihre Internationalisierung erfolgt in schnellen Zyklen, orientiert sich an Gelegenheiten und ist dabei stark vom Entrepreneurship und den Managementkompetenzen der F\u00fchrungskr\u00e4fte abh\u00e4ngig. Eine <strong>Start-Phase<\/strong> ist gepr\u00e4gt vom Experimentieren und der Ideenfindung. Dabei dient das private und berufliche Netzwerk dazu, rasch und kosteng\u00fcnstig Informationen zu sammeln und erste Internationalisierungsideen zu entwickeln. In einer <strong>Konsolidierungs-Phase<\/strong> werden diese Informationen verdichtet und erste Pilotprojekte entwickelt, um die Internationalisierungsideen zu testen. Erst in einer <strong>Etablierungs-Phase<\/strong> werden Ressourcen gezielt eingesetzt und mutig die erfolgsversprechenden L\u00f6sungen skaliert und umgesetzt.<\/p>\n\n\n\n<p>Der Austausch mit den F\u00fchrungskr\u00e4ften am ILFL hat uns vor Augen gef\u00fchrt, wieviel Mut es braucht, den ersten Schritt zu wagen und ins kalte Wasser unbekannter M\u00e4rkte zu springen, aber auch, dass diese Risikobereitschaft Grundvoraussetzung f\u00fcr internationalen Erfolg ist. Denn nur durch das Experimentieren und Testen m\u00f6glicher Internationalisierungsideen kann jede Unternehmerin und jeder Unternehmer die f\u00fcr ihr oder sein KMU individuell beste Vorgehensweise finden und die begrenzten Ressourcen zum richtigen Zeitpunkt erfolgsversprechend einsetzen. Auch hilft das grundlegende Bewusstsein, dass die Internationalisierung eines KMUs eben nicht gradlinig, sondern in schnellen, zyklischen Phasen durchlaufen wird. Wenn also im ersten Versuch der Durchbruch nicht gleich gelingt, so ist das zwar entt\u00e4uschend, aber auch durchaus zu erwarten, denn mit schnellem Ausprobieren und Lernen gehen KMU bei ihrer Internationalisierung vor.<\/p>\n\n\n\n<p><strong>Internationalisierungskompetenz bewusst auf- und ausbauen<\/strong><\/p>\n\n\n\n<p>Erfolgreiche\nInternationalisierung ist in erster Linie F\u00fchrungsaufgabe. Das eigene KMU im\nAusland erfolgreich zu positionieren erfordert unterschiedliche F\u00fchrungs- und\nManagementkompetenzen aus den Bereichen Risikobewusstsein, Strategie, lernf\u00e4hige\nOrganisation, Unternehmergeist, interkulturelle Kompetenz, internationale Partnerschaften\nund Marktorientierung. Die am ILFL pr\u00e4sentierten Erfolgsbeispiele haben\ngezeigt, wer sein KMU und seine Internationalisierungskompetenzen kennt, kann den\nHebel am richtigen Ort ansetzen und mit vergleichsweise einfachen Mitteln eine\ngrosse Wirkung erzielen. So kann selbst das beste Produkt im Ausland nur dann erfolgreich\nsein, wenn es dort auf die Kunden- und Marktbed\u00fcrfnisse passt. Auch gelingt es\nnur dann einen neuen Markt zu erobern, wenn auch das Verkaufspersonal vor Ort vom\neigenen Produkt begeistert ist.<\/p>\n\n\n\n<p>Unternehmerinnen\nund Unternehmer unterstrichen am ILFL wie wichtig ein Bewusstsein f\u00fcr die\neigenen Internationalisierungskompetenzen ist, um diese mit jeder Phase des\nAusprobierens zu st\u00e4rken und dazuzulernen. Langfristiger Erfolg erwartet\ndiejenigen KMU, die mutig durch die drei Phasen schreiten und ihre Ressourcen immer\nwieder neu einsetzen \u2013 zum richtigen Zeitpunkt und am richtigen Ort.<\/p>\n\n\n\n<figure class=\"wp-block-table alignleft is-style-stripes\"><table class=\"has-fixed-layout\"><tbody><tr><td>Wer sich und seine Internationalisierungskompetenz richtig einsch\u00e4tzen und ausbauen m\u00f6chte, kann dies mit dem Messinstrument \u201eAssessment KMU-Internationalisierung\u201c (Kontakt: <a aria-label=\" (\u00f6ffnet in neuem Tab)\" href=\"https:\/\/home.kpmg\/ch\/de\/home\/contacts\/a\/thomas-affolter.html\" target=\"_blank\" rel=\"noreferrer noopener\">Thomas Affolter<\/a> und <a aria-label=\" (\u00f6ffnet in neuem Tab)\" href=\"https:\/\/www.hslu.ch\/de-ch\/hochschule-luzern\/ueber-uns\/personensuche\/profile\/?pid=2628\" target=\"_blank\" rel=\"noreferrer noopener\">Prof. Dr. Ingo Stolz<\/a>) und mit einer praxisnahen Weiterbildung wie dem <a aria-label=\" (\u00f6ffnet in neuem Tab)\" href=\"http:\/\/www.hslu.ch\/il\" target=\"_blank\" rel=\"noreferrer noopener\">CAS International Leadership<\/a> oder dem <a aria-label=\" (\u00f6ffnet in neuem Tab)\" href=\"http:\/\/www.hslu.ch\/im\" target=\"_blank\" rel=\"noreferrer noopener\">MAS International Management \/ Doctor of Business Administration<\/a>.<br><br>Das International Leadership Forum Luzern findet auch n\u00e4chstes Jahr wieder Ende Juni statt. <a aria-label=\"Hier (\u00f6ffnet in neuem Tab)\" href=\"https:\/\/www.hslu.ch\/kmu-international\" target=\"_blank\" rel=\"noreferrer noopener\">Hier<\/a> finden Sie unsere Studienergebnisse und bleiben bis zum ILFL 2020 up to date: <a aria-label=\" (\u00f6ffnet in neuem Tab)\" href=\"http:\/\/www.hslu.ch\/ilfl\" target=\"_blank\" rel=\"noreferrer noopener\">www.hslu.ch\/ilfl<\/a> <\/td><\/tr><\/tbody><\/table><\/figure>\n\n\n","protected":false},"excerpt":{"rendered":"<p>Wie sich KMU trotz beschr\u00e4nkter Ressourcen und mit vergleichsweise einfachen Mitteln im internationalen Gesch\u00e4ft erfolgreich behaupten, diskutierten wir mit F\u00fchrungskr\u00e4ften am ersten International Leadership Forum Luzern (ILFL).<\/p>\n","protected":false},"author":98,"featured_media":1300,"comment_status":"open","ping_status":"open","sticky":false,"template":"","format":"standard","meta":{"_acf_changed":false,"inline_featured_image":false,"_relevanssi_hide_post":"","_relevanssi_hide_content":"","_relevanssi_pin_for_all":"","_relevanssi_pin_keywords":"","_relevanssi_unpin_keywords":"","_relevanssi_related_keywords":"","_relevanssi_related_include_ids":"","_relevanssi_related_exclude_ids":"","_relevanssi_related_no_append":"","_relevanssi_related_not_related":"","_relevanssi_related_posts":"","_relevanssi_noindex_reason":"","footnotes":"","_links_to":"","_links_to_target":""},"categories":[5,7],"tags":[],"class_list":["post-734","post","type-post","status-publish","format-standard","has-post-thumbnail","hentry","category-international","category-kmu"],"acf":[],"yoast_head":"<!-- This site is optimized with the Yoast SEO plugin v27.5 - https:\/\/yoast.com\/product\/yoast-seo-wordpress\/ -->\n<title>International Leadership Forum Luzern: Erfolgsrezepte f\u00fcr KMU-Internationalisierung - Leadership Network Lucerne<\/title>\n<meta name=\"description\" content=\"Wie sich KMU trotz beschr\u00e4nkter Ressourcen und mit vergleichsweise einfachen Mitteln im internationalen Gesch\u00e4ft erfolgreich behaupten, diskutierten wir mit F\u00fchrungskr\u00e4ften am ersten International Leadership Forum Luzern (ILFL).\" \/>\n<meta name=\"robots\" content=\"index, follow, max-snippet:-1, max-image-preview:large, max-video-preview:-1\" \/>\n<link rel=\"canonical\" href=\"https:\/\/hub.hslu.ch\/leadership\/2019\/07\/02\/international-leadership-forum-luzern\/\" \/>\n<meta property=\"og:locale\" content=\"de_DE\" \/>\n<meta property=\"og:type\" content=\"article\" \/>\n<meta property=\"og:title\" content=\"International Leadership Forum Luzern: Erfolgsrezepte f\u00fcr KMU-Internationalisierung - Leadership Network Lucerne\" \/>\n<meta property=\"og:description\" content=\"Wie sich KMU trotz beschr\u00e4nkter Ressourcen und mit vergleichsweise einfachen Mitteln im internationalen Gesch\u00e4ft erfolgreich behaupten, diskutierten wir mit F\u00fchrungskr\u00e4ften am ersten International Leadership Forum Luzern (ILFL).\" \/>\n<meta property=\"og:url\" content=\"https:\/\/hub.hslu.ch\/leadership\/2019\/07\/02\/international-leadership-forum-luzern\/\" \/>\n<meta property=\"og:site_name\" content=\"Leadership Network Lucerne\" \/>\n<meta property=\"article:published_time\" content=\"2019-07-02T16:57:51+00:00\" \/>\n<meta property=\"article:modified_time\" content=\"2026-02-11T13:53:52+00:00\" \/>\n<meta property=\"og:image\" content=\"https:\/\/hub.hslu.ch\/leadership\/wp-content\/uploads\/sites\/18\/2019\/07\/International-Leadership-Forum-Luzern20191500x700-1.jpg\" \/>\n\t<meta property=\"og:image:width\" content=\"1500\" \/>\n\t<meta property=\"og:image:height\" content=\"700\" \/>\n\t<meta property=\"og:image:type\" content=\"image\/jpeg\" \/>\n<meta name=\"author\" content=\"luziafuchs\" \/>\n<meta name=\"twitter:card\" content=\"summary_large_image\" \/>\n<meta name=\"twitter:label1\" content=\"Geschrieben von\" \/>\n\t<meta name=\"twitter:data1\" content=\"luziafuchs\" \/>\n\t<meta name=\"twitter:label2\" content=\"Gesch\u00e4tzte Lesezeit\" \/>\n\t<meta name=\"twitter:data2\" content=\"3\u00a0Minuten\" \/>\n<script type=\"application\/ld+json\" class=\"yoast-schema-graph\">{\"@context\":\"https:\\\/\\\/schema.org\",\"@graph\":[{\"@type\":\"Article\",\"@id\":\"https:\\\/\\\/hub.hslu.ch\\\/leadership\\\/2019\\\/07\\\/02\\\/international-leadership-forum-luzern\\\/#article\",\"isPartOf\":{\"@id\":\"https:\\\/\\\/hub.hslu.ch\\\/leadership\\\/2019\\\/07\\\/02\\\/international-leadership-forum-luzern\\\/\"},\"author\":{\"name\":\"luziafuchs\",\"@id\":\"https:\\\/\\\/hub.hslu.ch\\\/leadership\\\/#\\\/schema\\\/person\\\/34d2a648579980b50bd55210d88fd43e\"},\"headline\":\"International Leadership Forum Luzern: Erfolgsrezepte f\u00fcr KMU-Internationalisierung\",\"datePublished\":\"2019-07-02T16:57:51+00:00\",\"dateModified\":\"2026-02-11T13:53:52+00:00\",\"mainEntityOfPage\":{\"@id\":\"https:\\\/\\\/hub.hslu.ch\\\/leadership\\\/2019\\\/07\\\/02\\\/international-leadership-forum-luzern\\\/\"},\"wordCount\":584,\"commentCount\":0,\"image\":{\"@id\":\"https:\\\/\\\/hub.hslu.ch\\\/leadership\\\/2019\\\/07\\\/02\\\/international-leadership-forum-luzern\\\/#primaryimage\"},\"thumbnailUrl\":\"https:\\\/\\\/hub.hslu.ch\\\/leadership\\\/wp-content\\\/uploads\\\/sites\\\/18\\\/2019\\\/07\\\/International-Leadership-Forum-Luzern20191500x700-1.jpg\",\"articleSection\":[\"International\",\"KMU\"],\"inLanguage\":\"de-CH\",\"potentialAction\":[{\"@type\":\"CommentAction\",\"name\":\"Comment\",\"target\":[\"https:\\\/\\\/hub.hslu.ch\\\/leadership\\\/2019\\\/07\\\/02\\\/international-leadership-forum-luzern\\\/#respond\"]}]},{\"@type\":\"WebPage\",\"@id\":\"https:\\\/\\\/hub.hslu.ch\\\/leadership\\\/2019\\\/07\\\/02\\\/international-leadership-forum-luzern\\\/\",\"url\":\"https:\\\/\\\/hub.hslu.ch\\\/leadership\\\/2019\\\/07\\\/02\\\/international-leadership-forum-luzern\\\/\",\"name\":\"International Leadership Forum Luzern: Erfolgsrezepte f\u00fcr KMU-Internationalisierung - Leadership Network Lucerne\",\"isPartOf\":{\"@id\":\"https:\\\/\\\/hub.hslu.ch\\\/leadership\\\/#website\"},\"primaryImageOfPage\":{\"@id\":\"https:\\\/\\\/hub.hslu.ch\\\/leadership\\\/2019\\\/07\\\/02\\\/international-leadership-forum-luzern\\\/#primaryimage\"},\"image\":{\"@id\":\"https:\\\/\\\/hub.hslu.ch\\\/leadership\\\/2019\\\/07\\\/02\\\/international-leadership-forum-luzern\\\/#primaryimage\"},\"thumbnailUrl\":\"https:\\\/\\\/hub.hslu.ch\\\/leadership\\\/wp-content\\\/uploads\\\/sites\\\/18\\\/2019\\\/07\\\/International-Leadership-Forum-Luzern20191500x700-1.jpg\",\"datePublished\":\"2019-07-02T16:57:51+00:00\",\"dateModified\":\"2026-02-11T13:53:52+00:00\",\"author\":{\"@id\":\"https:\\\/\\\/hub.hslu.ch\\\/leadership\\\/#\\\/schema\\\/person\\\/34d2a648579980b50bd55210d88fd43e\"},\"description\":\"Wie sich KMU trotz beschr\u00e4nkter Ressourcen und mit vergleichsweise einfachen Mitteln im internationalen Gesch\u00e4ft erfolgreich behaupten, diskutierten wir mit F\u00fchrungskr\u00e4ften am ersten International Leadership Forum Luzern (ILFL).\",\"inLanguage\":\"de-CH\",\"potentialAction\":[{\"@type\":\"ReadAction\",\"target\":[\"https:\\\/\\\/hub.hslu.ch\\\/leadership\\\/2019\\\/07\\\/02\\\/international-leadership-forum-luzern\\\/\"]}]},{\"@type\":\"ImageObject\",\"inLanguage\":\"de-CH\",\"@id\":\"https:\\\/\\\/hub.hslu.ch\\\/leadership\\\/2019\\\/07\\\/02\\\/international-leadership-forum-luzern\\\/#primaryimage\",\"url\":\"https:\\\/\\\/hub.hslu.ch\\\/leadership\\\/wp-content\\\/uploads\\\/sites\\\/18\\\/2019\\\/07\\\/International-Leadership-Forum-Luzern20191500x700-1.jpg\",\"contentUrl\":\"https:\\\/\\\/hub.hslu.ch\\\/leadership\\\/wp-content\\\/uploads\\\/sites\\\/18\\\/2019\\\/07\\\/International-Leadership-Forum-Luzern20191500x700-1.jpg\",\"width\":1500,\"height\":700,\"caption\":\"Projektmitglieder\"},{\"@type\":\"WebSite\",\"@id\":\"https:\\\/\\\/hub.hslu.ch\\\/leadership\\\/#website\",\"url\":\"https:\\\/\\\/hub.hslu.ch\\\/leadership\\\/\",\"name\":\"Leadership Network Lucerne\",\"description\":\"Sichtwechsel. Leadership ist Haltung. Das lehren wir.\",\"potentialAction\":[{\"@type\":\"SearchAction\",\"target\":{\"@type\":\"EntryPoint\",\"urlTemplate\":\"https:\\\/\\\/hub.hslu.ch\\\/leadership\\\/?s={search_term_string}\"},\"query-input\":{\"@type\":\"PropertyValueSpecification\",\"valueRequired\":true,\"valueName\":\"search_term_string\"}}],\"inLanguage\":\"de-CH\"},{\"@type\":\"Person\",\"@id\":\"https:\\\/\\\/hub.hslu.ch\\\/leadership\\\/#\\\/schema\\\/person\\\/34d2a648579980b50bd55210d88fd43e\",\"name\":\"luziafuchs\"}]}<\/script>\n<!-- \/ Yoast SEO plugin. -->","yoast_head_json":{"title":"International Leadership Forum Luzern: Erfolgsrezepte f\u00fcr KMU-Internationalisierung - Leadership Network Lucerne","description":"Wie sich KMU trotz beschr\u00e4nkter Ressourcen und mit vergleichsweise einfachen Mitteln im internationalen Gesch\u00e4ft erfolgreich behaupten, diskutierten wir mit F\u00fchrungskr\u00e4ften am ersten International Leadership Forum Luzern (ILFL).","robots":{"index":"index","follow":"follow","max-snippet":"max-snippet:-1","max-image-preview":"max-image-preview:large","max-video-preview":"max-video-preview:-1"},"canonical":"https:\/\/hub.hslu.ch\/leadership\/2019\/07\/02\/international-leadership-forum-luzern\/","og_locale":"de_DE","og_type":"article","og_title":"International Leadership Forum Luzern: Erfolgsrezepte f\u00fcr KMU-Internationalisierung - Leadership Network Lucerne","og_description":"Wie sich KMU trotz beschr\u00e4nkter Ressourcen und mit vergleichsweise einfachen Mitteln im internationalen Gesch\u00e4ft erfolgreich behaupten, diskutierten wir mit F\u00fchrungskr\u00e4ften am ersten International Leadership Forum Luzern (ILFL).","og_url":"https:\/\/hub.hslu.ch\/leadership\/2019\/07\/02\/international-leadership-forum-luzern\/","og_site_name":"Leadership Network Lucerne","article_published_time":"2019-07-02T16:57:51+00:00","article_modified_time":"2026-02-11T13:53:52+00:00","og_image":[{"width":1500,"height":700,"url":"https:\/\/hub.hslu.ch\/leadership\/wp-content\/uploads\/sites\/18\/2019\/07\/International-Leadership-Forum-Luzern20191500x700-1.jpg","type":"image\/jpeg"}],"author":"luziafuchs","twitter_card":"summary_large_image","twitter_misc":{"Geschrieben von":"luziafuchs","Gesch\u00e4tzte Lesezeit":"3\u00a0Minuten"},"schema":{"@context":"https:\/\/schema.org","@graph":[{"@type":"Article","@id":"https:\/\/hub.hslu.ch\/leadership\/2019\/07\/02\/international-leadership-forum-luzern\/#article","isPartOf":{"@id":"https:\/\/hub.hslu.ch\/leadership\/2019\/07\/02\/international-leadership-forum-luzern\/"},"author":{"name":"luziafuchs","@id":"https:\/\/hub.hslu.ch\/leadership\/#\/schema\/person\/34d2a648579980b50bd55210d88fd43e"},"headline":"International Leadership Forum Luzern: Erfolgsrezepte f\u00fcr KMU-Internationalisierung","datePublished":"2019-07-02T16:57:51+00:00","dateModified":"2026-02-11T13:53:52+00:00","mainEntityOfPage":{"@id":"https:\/\/hub.hslu.ch\/leadership\/2019\/07\/02\/international-leadership-forum-luzern\/"},"wordCount":584,"commentCount":0,"image":{"@id":"https:\/\/hub.hslu.ch\/leadership\/2019\/07\/02\/international-leadership-forum-luzern\/#primaryimage"},"thumbnailUrl":"https:\/\/hub.hslu.ch\/leadership\/wp-content\/uploads\/sites\/18\/2019\/07\/International-Leadership-Forum-Luzern20191500x700-1.jpg","articleSection":["International","KMU"],"inLanguage":"de-CH","potentialAction":[{"@type":"CommentAction","name":"Comment","target":["https:\/\/hub.hslu.ch\/leadership\/2019\/07\/02\/international-leadership-forum-luzern\/#respond"]}]},{"@type":"WebPage","@id":"https:\/\/hub.hslu.ch\/leadership\/2019\/07\/02\/international-leadership-forum-luzern\/","url":"https:\/\/hub.hslu.ch\/leadership\/2019\/07\/02\/international-leadership-forum-luzern\/","name":"International Leadership Forum Luzern: Erfolgsrezepte f\u00fcr KMU-Internationalisierung - Leadership Network Lucerne","isPartOf":{"@id":"https:\/\/hub.hslu.ch\/leadership\/#website"},"primaryImageOfPage":{"@id":"https:\/\/hub.hslu.ch\/leadership\/2019\/07\/02\/international-leadership-forum-luzern\/#primaryimage"},"image":{"@id":"https:\/\/hub.hslu.ch\/leadership\/2019\/07\/02\/international-leadership-forum-luzern\/#primaryimage"},"thumbnailUrl":"https:\/\/hub.hslu.ch\/leadership\/wp-content\/uploads\/sites\/18\/2019\/07\/International-Leadership-Forum-Luzern20191500x700-1.jpg","datePublished":"2019-07-02T16:57:51+00:00","dateModified":"2026-02-11T13:53:52+00:00","author":{"@id":"https:\/\/hub.hslu.ch\/leadership\/#\/schema\/person\/34d2a648579980b50bd55210d88fd43e"},"description":"Wie sich KMU trotz beschr\u00e4nkter Ressourcen und mit vergleichsweise einfachen Mitteln im internationalen Gesch\u00e4ft erfolgreich behaupten, diskutierten wir mit F\u00fchrungskr\u00e4ften am ersten International Leadership Forum Luzern (ILFL).","inLanguage":"de-CH","potentialAction":[{"@type":"ReadAction","target":["https:\/\/hub.hslu.ch\/leadership\/2019\/07\/02\/international-leadership-forum-luzern\/"]}]},{"@type":"ImageObject","inLanguage":"de-CH","@id":"https:\/\/hub.hslu.ch\/leadership\/2019\/07\/02\/international-leadership-forum-luzern\/#primaryimage","url":"https:\/\/hub.hslu.ch\/leadership\/wp-content\/uploads\/sites\/18\/2019\/07\/International-Leadership-Forum-Luzern20191500x700-1.jpg","contentUrl":"https:\/\/hub.hslu.ch\/leadership\/wp-content\/uploads\/sites\/18\/2019\/07\/International-Leadership-Forum-Luzern20191500x700-1.jpg","width":1500,"height":700,"caption":"Projektmitglieder"},{"@type":"WebSite","@id":"https:\/\/hub.hslu.ch\/leadership\/#website","url":"https:\/\/hub.hslu.ch\/leadership\/","name":"Leadership Network Lucerne","description":"Sichtwechsel. Leadership ist Haltung. Das lehren wir.","potentialAction":[{"@type":"SearchAction","target":{"@type":"EntryPoint","urlTemplate":"https:\/\/hub.hslu.ch\/leadership\/?s={search_term_string}"},"query-input":{"@type":"PropertyValueSpecification","valueRequired":true,"valueName":"search_term_string"}}],"inLanguage":"de-CH"},{"@type":"Person","@id":"https:\/\/hub.hslu.ch\/leadership\/#\/schema\/person\/34d2a648579980b50bd55210d88fd43e","name":"luziafuchs"}]}},"featured_image_src":"https:\/\/hub.hslu.ch\/leadership\/wp-content\/uploads\/sites\/18\/2019\/07\/International-Leadership-Forum-Luzern20191500x700-1.jpg","featured_image_src_square":"https:\/\/hub.hslu.ch\/leadership\/wp-content\/uploads\/sites\/18\/2019\/07\/International-Leadership-Forum-Luzern20191500x700-1.jpg","author_info":{"display_name":"luziafuchs","author_link":"https:\/\/hub.hslu.ch\/leadership\/author\/luziafuchs\/"},"_links":{"self":[{"href":"https:\/\/hub.hslu.ch\/leadership\/wp-json\/wp\/v2\/posts\/734","targetHints":{"allow":["GET"]}}],"collection":[{"href":"https:\/\/hub.hslu.ch\/leadership\/wp-json\/wp\/v2\/posts"}],"about":[{"href":"https:\/\/hub.hslu.ch\/leadership\/wp-json\/wp\/v2\/types\/post"}],"author":[{"embeddable":true,"href":"https:\/\/hub.hslu.ch\/leadership\/wp-json\/wp\/v2\/users\/98"}],"replies":[{"embeddable":true,"href":"https:\/\/hub.hslu.ch\/leadership\/wp-json\/wp\/v2\/comments?post=734"}],"version-history":[{"count":2,"href":"https:\/\/hub.hslu.ch\/leadership\/wp-json\/wp\/v2\/posts\/734\/revisions"}],"predecessor-version":[{"id":3639,"href":"https:\/\/hub.hslu.ch\/leadership\/wp-json\/wp\/v2\/posts\/734\/revisions\/3639"}],"wp:featuredmedia":[{"embeddable":true,"href":"https:\/\/hub.hslu.ch\/leadership\/wp-json\/wp\/v2\/media\/1300"}],"wp:attachment":[{"href":"https:\/\/hub.hslu.ch\/leadership\/wp-json\/wp\/v2\/media?parent=734"}],"wp:term":[{"taxonomy":"category","embeddable":true,"href":"https:\/\/hub.hslu.ch\/leadership\/wp-json\/wp\/v2\/categories?post=734"},{"taxonomy":"post_tag","embeddable":true,"href":"https:\/\/hub.hslu.ch\/leadership\/wp-json\/wp\/v2\/tags?post=734"}],"curies":[{"name":"wp","href":"https:\/\/api.w.org\/{rel}","templated":true}]}}