{"id":1124,"date":"2019-09-12T08:44:24","date_gmt":"2019-09-12T06:44:24","guid":{"rendered":"https:\/\/hub.hslu.ch\/management-and-law\/?p=1124"},"modified":"2026-02-11T14:53:42","modified_gmt":"2026-02-11T13:53:42","slug":"airbnb-co-was-sagt-das-recht","status":"publish","type":"post","link":"https:\/\/hub.hslu.ch\/management-and-law\/2019\/09\/12\/airbnb-co-was-sagt-das-recht\/","title":{"rendered":"Airbnb &amp; Co. &#8211; Was sagt das Recht?"},"content":{"rendered":"\n\n\n<p>\u00abObwohl mittlerweile ein beachtlicher Teil der schweizerischen Logiern\u00e4chte \u00fcber Airbnb und \u00e4hnliche Portale vermittelt und gebucht wird, sind nicht alle juristischen Fragen rund um das kurzzeitige Anbieten von Wohnraum \u00fcber Online-Plattformen gekl\u00e4rt\u00bb, schreibt <a href=\"https:\/\/www.hslu.ch\/de-ch\/hochschule-luzern\/ueber-uns\/personensuche\/profile\/?pid=4133\" target=\"_blank\" rel=\"noreferrer noopener\">Isabelle Oehri<\/a> in einem k\u00fcrzlich auf WEKA Recht &amp; Praxis ver\u00f6ffentlichten Artikel.<\/p>\n\n\n\n<p>Mit diesen spannenden rechtlichen Fragen rund um Airbnb und Co. befasst sich die Rechtsanw\u00e4ltin und Mitarbeiterin des Kompetenzzentrum Management and Law in ihrem Beitrag <a href=\"https:\/\/www.weka.ch\/themen\/bau-immobilien\/mietrecht\/mietzins-und-nebenkosten\/article\/airbnb-rechtliche-stolpersteine-bei-der-vermietung\/\" target=\"_blank\" rel=\"noreferrer noopener\"><strong>\u00abAirbnb: Rechtliche Stolpersteine bei der Vermietung\u00bb<\/strong><\/a>.<\/p>\n\n\n\n<p>Viel Vergn\u00fcgen bei der Lekt\u00fcre!<\/p>\n\n\n\n<hr class=\"wp-block-separator\"\/>\n\n\n<div class=\"blue-box\">\n\t<div class=\"row\">\n\t\t<div class=\"col-md-12\">\n\t\t\t<p><!-- wp:paragraph --><\/p>\n<p>Weitere Informationen zur Autorin:<\/p>\n<p><!-- \/wp:paragraph --> <!-- wp:paragraph --><\/p>\n<p><a href=\"https:\/\/www.hslu.ch\/de-ch\/hochschule-luzern\/ueber-uns\/personensuche\/profile\/?pid=4133\" target=\"_blank\" rel=\"noreferrer noopener\">Isabelle Oehri<\/a>, Rechtsanw\u00e4ltin, M.A. HSG in Law &amp; Economics, Senior Wissenschaftliche Mitarbeiterin an der Hochschule Luzern &#8211; Wirtschaft<\/p>\n<p><!-- \/wp:paragraph --><\/p>\n\t\t<\/div>\n\t<\/div>\n<\/div>\n\n\n","protected":false},"excerpt":{"rendered":"<p>Online-Beherbergungsportale boomen. Vielleicht haben auch Sie Ihre Sommerferien \u00fcber Airbnb gebucht? Oder haben Sie sogar schon mal Ihre Wohnung oder ein Zimmer auf der Plattform angeboten? Darf man das \u00fcberhaupt? Was sagt eigentlich das Recht zu dieser neuen Form der Vermietung?<\/p>\n","protected":false},"author":59,"featured_media":1126,"comment_status":"open","ping_status":"closed","sticky":false,"template":"","format":"standard","meta":{"_acf_changed":false,"inline_featured_image":false,"_relevanssi_hide_post":"","_relevanssi_hide_content":"","_relevanssi_pin_for_all":"","_relevanssi_pin_keywords":"","_relevanssi_unpin_keywords":"","_relevanssi_related_keywords":"","_relevanssi_related_include_ids":"","_relevanssi_related_exclude_ids":"","_relevanssi_related_no_append":"","_relevanssi_related_not_related":"","_relevanssi_related_posts":"7252,7231,7219,7146,7138,7129","_relevanssi_noindex_reason":"","footnotes":"","_links_to":"","_links_to_target":""},"categories":[563231,563237,563223],"tags":[],"class_list":["post-1124","post","type-post","status-publish","format-standard","has-post-thumbnail","hentry","category-digital-law","category-governance-handelsrecht","category-vertragsrecht"],"acf":[],"yoast_head":"<!-- This site is optimized with the Yoast SEO plugin v27.5 - https:\/\/yoast.com\/product\/yoast-seo-wordpress\/ -->\n<title>Airbnb &amp; Co. - Was sagt das Recht? - Management and Law Blog<\/title>\n<meta name=\"robots\" content=\"index, follow, max-snippet:-1, max-image-preview:large, max-video-preview:-1\" \/>\n<link rel=\"canonical\" href=\"https:\/\/hub.hslu.ch\/management-and-law\/2019\/09\/12\/airbnb-co-was-sagt-das-recht\/\" \/>\n<meta property=\"og:locale\" content=\"de_DE\" \/>\n<meta property=\"og:type\" content=\"article\" \/>\n<meta property=\"og:title\" content=\"Airbnb &amp; Co. - Was sagt das Recht? - Management and Law Blog\" \/>\n<meta property=\"og:description\" content=\"Online-Beherbergungsportale boomen. Vielleicht haben auch Sie Ihre Sommerferien \u00fcber Airbnb gebucht? Oder haben Sie sogar schon mal Ihre Wohnung oder ein Zimmer auf der Plattform angeboten? Darf man das \u00fcberhaupt? Was sagt eigentlich das Recht zu dieser neuen Form der Vermietung?\" \/>\n<meta property=\"og:url\" content=\"https:\/\/hub.hslu.ch\/management-and-law\/2019\/09\/12\/airbnb-co-was-sagt-das-recht\/\" \/>\n<meta property=\"og:site_name\" content=\"Management and Law Blog\" \/>\n<meta property=\"article:published_time\" content=\"2019-09-12T06:44:24+00:00\" \/>\n<meta property=\"article:modified_time\" content=\"2026-02-11T13:53:42+00:00\" \/>\n<meta property=\"og:image\" content=\"https:\/\/hub.hslu.ch\/management-and-law\/wp-content\/blogs.dir\/901\/files\/sites\/15\/2019\/09\/airbnb-2384737_1920-1.jpg\" \/>\n\t<meta property=\"og:image:width\" content=\"1920\" \/>\n\t<meta property=\"og:image:height\" content=\"1105\" \/>\n\t<meta property=\"og:image:type\" content=\"image\/jpeg\" \/>\n<meta name=\"author\" content=\"Hausjurist\" \/>\n<meta name=\"twitter:card\" content=\"summary_large_image\" \/>\n<meta name=\"twitter:label1\" content=\"Geschrieben von\" \/>\n\t<meta name=\"twitter:data1\" content=\"Hausjurist\" \/>\n\t<meta name=\"twitter:label2\" content=\"Gesch\u00e4tzte Lesezeit\" \/>\n\t<meta name=\"twitter:data2\" content=\"1\u00a0Minute\" \/>\n<script type=\"application\/ld+json\" class=\"yoast-schema-graph\">{\"@context\":\"https:\\\/\\\/schema.org\",\"@graph\":[{\"@type\":\"Article\",\"@id\":\"https:\\\/\\\/hub.hslu.ch\\\/management-and-law\\\/2019\\\/09\\\/12\\\/airbnb-co-was-sagt-das-recht\\\/#article\",\"isPartOf\":{\"@id\":\"https:\\\/\\\/hub.hslu.ch\\\/management-and-law\\\/2019\\\/09\\\/12\\\/airbnb-co-was-sagt-das-recht\\\/\"},\"author\":{\"name\":\"Hausjurist\",\"@id\":\"https:\\\/\\\/hub.hslu.ch\\\/management-and-law\\\/#\\\/schema\\\/person\\\/ce752beebc7329595433676b8f97eb71\"},\"headline\":\"Airbnb &amp; Co. &#8211; Was sagt das Recht?\",\"datePublished\":\"2019-09-12T06:44:24+00:00\",\"dateModified\":\"2026-02-11T13:53:42+00:00\",\"mainEntityOfPage\":{\"@id\":\"https:\\\/\\\/hub.hslu.ch\\\/management-and-law\\\/2019\\\/09\\\/12\\\/airbnb-co-was-sagt-das-recht\\\/\"},\"wordCount\":141,\"commentCount\":0,\"image\":{\"@id\":\"https:\\\/\\\/hub.hslu.ch\\\/management-and-law\\\/2019\\\/09\\\/12\\\/airbnb-co-was-sagt-das-recht\\\/#primaryimage\"},\"thumbnailUrl\":\"https:\\\/\\\/hub.hslu.ch\\\/management-and-law\\\/wp-content\\\/blogs.dir\\\/901\\\/files\\\/sites\\\/15\\\/2019\\\/09\\\/airbnb-2384737_1920-1.jpg\",\"articleSection\":[\"Digitalisierung und Digital Law\",\"Governance &amp; Handelsrecht\",\"Vertragsrecht\"],\"inLanguage\":\"de-CH\",\"potentialAction\":[{\"@type\":\"CommentAction\",\"name\":\"Comment\",\"target\":[\"https:\\\/\\\/hub.hslu.ch\\\/management-and-law\\\/2019\\\/09\\\/12\\\/airbnb-co-was-sagt-das-recht\\\/#respond\"]}]},{\"@type\":\"WebPage\",\"@id\":\"https:\\\/\\\/hub.hslu.ch\\\/management-and-law\\\/2019\\\/09\\\/12\\\/airbnb-co-was-sagt-das-recht\\\/\",\"url\":\"https:\\\/\\\/hub.hslu.ch\\\/management-and-law\\\/2019\\\/09\\\/12\\\/airbnb-co-was-sagt-das-recht\\\/\",\"name\":\"Airbnb &amp; Co. - Was sagt das Recht? - Management and Law Blog\",\"isPartOf\":{\"@id\":\"https:\\\/\\\/hub.hslu.ch\\\/management-and-law\\\/#website\"},\"primaryImageOfPage\":{\"@id\":\"https:\\\/\\\/hub.hslu.ch\\\/management-and-law\\\/2019\\\/09\\\/12\\\/airbnb-co-was-sagt-das-recht\\\/#primaryimage\"},\"image\":{\"@id\":\"https:\\\/\\\/hub.hslu.ch\\\/management-and-law\\\/2019\\\/09\\\/12\\\/airbnb-co-was-sagt-das-recht\\\/#primaryimage\"},\"thumbnailUrl\":\"https:\\\/\\\/hub.hslu.ch\\\/management-and-law\\\/wp-content\\\/blogs.dir\\\/901\\\/files\\\/sites\\\/15\\\/2019\\\/09\\\/airbnb-2384737_1920-1.jpg\",\"datePublished\":\"2019-09-12T06:44:24+00:00\",\"dateModified\":\"2026-02-11T13:53:42+00:00\",\"author\":{\"@id\":\"https:\\\/\\\/hub.hslu.ch\\\/management-and-law\\\/#\\\/schema\\\/person\\\/ce752beebc7329595433676b8f97eb71\"},\"breadcrumb\":{\"@id\":\"https:\\\/\\\/hub.hslu.ch\\\/management-and-law\\\/2019\\\/09\\\/12\\\/airbnb-co-was-sagt-das-recht\\\/#breadcrumb\"},\"inLanguage\":\"de-CH\",\"potentialAction\":[{\"@type\":\"ReadAction\",\"target\":[\"https:\\\/\\\/hub.hslu.ch\\\/management-and-law\\\/2019\\\/09\\\/12\\\/airbnb-co-was-sagt-das-recht\\\/\"]}]},{\"@type\":\"ImageObject\",\"inLanguage\":\"de-CH\",\"@id\":\"https:\\\/\\\/hub.hslu.ch\\\/management-and-law\\\/2019\\\/09\\\/12\\\/airbnb-co-was-sagt-das-recht\\\/#primaryimage\",\"url\":\"https:\\\/\\\/hub.hslu.ch\\\/management-and-law\\\/wp-content\\\/blogs.dir\\\/901\\\/files\\\/sites\\\/15\\\/2019\\\/09\\\/airbnb-2384737_1920-1.jpg\",\"contentUrl\":\"https:\\\/\\\/hub.hslu.ch\\\/management-and-law\\\/wp-content\\\/blogs.dir\\\/901\\\/files\\\/sites\\\/15\\\/2019\\\/09\\\/airbnb-2384737_1920-1.jpg\",\"width\":1920,\"height\":1105},{\"@type\":\"BreadcrumbList\",\"@id\":\"https:\\\/\\\/hub.hslu.ch\\\/management-and-law\\\/2019\\\/09\\\/12\\\/airbnb-co-was-sagt-das-recht\\\/#breadcrumb\",\"itemListElement\":[{\"@type\":\"ListItem\",\"position\":1,\"name\":\"Home\",\"item\":\"https:\\\/\\\/hub.hslu.ch\\\/management-and-law\\\/\"},{\"@type\":\"ListItem\",\"position\":2,\"name\":\"Airbnb &amp; Co. &#8211; Was sagt das Recht?\"}]},{\"@type\":\"WebSite\",\"@id\":\"https:\\\/\\\/hub.hslu.ch\\\/management-and-law\\\/#website\",\"url\":\"https:\\\/\\\/hub.hslu.ch\\\/management-and-law\\\/\",\"name\":\"Management and Law Blog\",\"description\":\"Institut f\u00fcr Betriebs- und Regional\u00f6konomie IBR\",\"potentialAction\":[{\"@type\":\"SearchAction\",\"target\":{\"@type\":\"EntryPoint\",\"urlTemplate\":\"https:\\\/\\\/hub.hslu.ch\\\/management-and-law\\\/?s={search_term_string}\"},\"query-input\":{\"@type\":\"PropertyValueSpecification\",\"valueRequired\":true,\"valueName\":\"search_term_string\"}}],\"inLanguage\":\"de-CH\"},{\"@type\":\"Person\",\"@id\":\"https:\\\/\\\/hub.hslu.ch\\\/management-and-law\\\/#\\\/schema\\\/person\\\/ce752beebc7329595433676b8f97eb71\",\"name\":\"Hausjurist\"}]}<\/script>\n<!-- \/ Yoast SEO plugin. -->","yoast_head_json":{"title":"Airbnb &amp; Co. - Was sagt das Recht? - Management and Law Blog","robots":{"index":"index","follow":"follow","max-snippet":"max-snippet:-1","max-image-preview":"max-image-preview:large","max-video-preview":"max-video-preview:-1"},"canonical":"https:\/\/hub.hslu.ch\/management-and-law\/2019\/09\/12\/airbnb-co-was-sagt-das-recht\/","og_locale":"de_DE","og_type":"article","og_title":"Airbnb &amp; Co. - Was sagt das Recht? - Management and Law Blog","og_description":"Online-Beherbergungsportale boomen. Vielleicht haben auch Sie Ihre Sommerferien \u00fcber Airbnb gebucht? Oder haben Sie sogar schon mal Ihre Wohnung oder ein Zimmer auf der Plattform angeboten? Darf man das \u00fcberhaupt? Was sagt eigentlich das Recht zu dieser neuen Form der Vermietung?","og_url":"https:\/\/hub.hslu.ch\/management-and-law\/2019\/09\/12\/airbnb-co-was-sagt-das-recht\/","og_site_name":"Management and Law Blog","article_published_time":"2019-09-12T06:44:24+00:00","article_modified_time":"2026-02-11T13:53:42+00:00","og_image":[{"width":1920,"height":1105,"url":"https:\/\/hub.hslu.ch\/management-and-law\/wp-content\/blogs.dir\/901\/files\/sites\/15\/2019\/09\/airbnb-2384737_1920-1.jpg","type":"image\/jpeg"}],"author":"Hausjurist","twitter_card":"summary_large_image","twitter_misc":{"Geschrieben von":"Hausjurist","Gesch\u00e4tzte Lesezeit":"1\u00a0Minute"},"schema":{"@context":"https:\/\/schema.org","@graph":[{"@type":"Article","@id":"https:\/\/hub.hslu.ch\/management-and-law\/2019\/09\/12\/airbnb-co-was-sagt-das-recht\/#article","isPartOf":{"@id":"https:\/\/hub.hslu.ch\/management-and-law\/2019\/09\/12\/airbnb-co-was-sagt-das-recht\/"},"author":{"name":"Hausjurist","@id":"https:\/\/hub.hslu.ch\/management-and-law\/#\/schema\/person\/ce752beebc7329595433676b8f97eb71"},"headline":"Airbnb &amp; Co. &#8211; Was sagt das Recht?","datePublished":"2019-09-12T06:44:24+00:00","dateModified":"2026-02-11T13:53:42+00:00","mainEntityOfPage":{"@id":"https:\/\/hub.hslu.ch\/management-and-law\/2019\/09\/12\/airbnb-co-was-sagt-das-recht\/"},"wordCount":141,"commentCount":0,"image":{"@id":"https:\/\/hub.hslu.ch\/management-and-law\/2019\/09\/12\/airbnb-co-was-sagt-das-recht\/#primaryimage"},"thumbnailUrl":"https:\/\/hub.hslu.ch\/management-and-law\/wp-content\/blogs.dir\/901\/files\/sites\/15\/2019\/09\/airbnb-2384737_1920-1.jpg","articleSection":["Digitalisierung und Digital Law","Governance &amp; Handelsrecht","Vertragsrecht"],"inLanguage":"de-CH","potentialAction":[{"@type":"CommentAction","name":"Comment","target":["https:\/\/hub.hslu.ch\/management-and-law\/2019\/09\/12\/airbnb-co-was-sagt-das-recht\/#respond"]}]},{"@type":"WebPage","@id":"https:\/\/hub.hslu.ch\/management-and-law\/2019\/09\/12\/airbnb-co-was-sagt-das-recht\/","url":"https:\/\/hub.hslu.ch\/management-and-law\/2019\/09\/12\/airbnb-co-was-sagt-das-recht\/","name":"Airbnb &amp; Co. - Was sagt das Recht? - Management and Law Blog","isPartOf":{"@id":"https:\/\/hub.hslu.ch\/management-and-law\/#website"},"primaryImageOfPage":{"@id":"https:\/\/hub.hslu.ch\/management-and-law\/2019\/09\/12\/airbnb-co-was-sagt-das-recht\/#primaryimage"},"image":{"@id":"https:\/\/hub.hslu.ch\/management-and-law\/2019\/09\/12\/airbnb-co-was-sagt-das-recht\/#primaryimage"},"thumbnailUrl":"https:\/\/hub.hslu.ch\/management-and-law\/wp-content\/blogs.dir\/901\/files\/sites\/15\/2019\/09\/airbnb-2384737_1920-1.jpg","datePublished":"2019-09-12T06:44:24+00:00","dateModified":"2026-02-11T13:53:42+00:00","author":{"@id":"https:\/\/hub.hslu.ch\/management-and-law\/#\/schema\/person\/ce752beebc7329595433676b8f97eb71"},"breadcrumb":{"@id":"https:\/\/hub.hslu.ch\/management-and-law\/2019\/09\/12\/airbnb-co-was-sagt-das-recht\/#breadcrumb"},"inLanguage":"de-CH","potentialAction":[{"@type":"ReadAction","target":["https:\/\/hub.hslu.ch\/management-and-law\/2019\/09\/12\/airbnb-co-was-sagt-das-recht\/"]}]},{"@type":"ImageObject","inLanguage":"de-CH","@id":"https:\/\/hub.hslu.ch\/management-and-law\/2019\/09\/12\/airbnb-co-was-sagt-das-recht\/#primaryimage","url":"https:\/\/hub.hslu.ch\/management-and-law\/wp-content\/blogs.dir\/901\/files\/sites\/15\/2019\/09\/airbnb-2384737_1920-1.jpg","contentUrl":"https:\/\/hub.hslu.ch\/management-and-law\/wp-content\/blogs.dir\/901\/files\/sites\/15\/2019\/09\/airbnb-2384737_1920-1.jpg","width":1920,"height":1105},{"@type":"BreadcrumbList","@id":"https:\/\/hub.hslu.ch\/management-and-law\/2019\/09\/12\/airbnb-co-was-sagt-das-recht\/#breadcrumb","itemListElement":[{"@type":"ListItem","position":1,"name":"Home","item":"https:\/\/hub.hslu.ch\/management-and-law\/"},{"@type":"ListItem","position":2,"name":"Airbnb &amp; Co. &#8211; Was sagt das Recht?"}]},{"@type":"WebSite","@id":"https:\/\/hub.hslu.ch\/management-and-law\/#website","url":"https:\/\/hub.hslu.ch\/management-and-law\/","name":"Management and Law Blog","description":"Institut f\u00fcr Betriebs- und Regional\u00f6konomie IBR","potentialAction":[{"@type":"SearchAction","target":{"@type":"EntryPoint","urlTemplate":"https:\/\/hub.hslu.ch\/management-and-law\/?s={search_term_string}"},"query-input":{"@type":"PropertyValueSpecification","valueRequired":true,"valueName":"search_term_string"}}],"inLanguage":"de-CH"},{"@type":"Person","@id":"https:\/\/hub.hslu.ch\/management-and-law\/#\/schema\/person\/ce752beebc7329595433676b8f97eb71","name":"Hausjurist"}]}},"featured_image_src":"https:\/\/hub.hslu.ch\/management-and-law\/wp-content\/blogs.dir\/901\/files\/sites\/15\/2019\/09\/airbnb-2384737_1920-1.jpg","featured_image_src_square":"https:\/\/hub.hslu.ch\/management-and-law\/wp-content\/blogs.dir\/901\/files\/sites\/15\/2019\/09\/airbnb-2384737_1920-1.jpg","author_info":{"display_name":"Hausjurist","author_link":"https:\/\/hub.hslu.ch\/management-and-law\/author\/hausjurist\/"},"_links":{"self":[{"href":"https:\/\/hub.hslu.ch\/management-and-law\/wp-json\/wp\/v2\/posts\/1124","targetHints":{"allow":["GET"]}}],"collection":[{"href":"https:\/\/hub.hslu.ch\/management-and-law\/wp-json\/wp\/v2\/posts"}],"about":[{"href":"https:\/\/hub.hslu.ch\/management-and-law\/wp-json\/wp\/v2\/types\/post"}],"author":[{"embeddable":true,"href":"https:\/\/hub.hslu.ch\/management-and-law\/wp-json\/wp\/v2\/users\/59"}],"replies":[{"embeddable":true,"href":"https:\/\/hub.hslu.ch\/management-and-law\/wp-json\/wp\/v2\/comments?post=1124"}],"version-history":[{"count":12,"href":"https:\/\/hub.hslu.ch\/management-and-law\/wp-json\/wp\/v2\/posts\/1124\/revisions"}],"predecessor-version":[{"id":7397,"href":"https:\/\/hub.hslu.ch\/management-and-law\/wp-json\/wp\/v2\/posts\/1124\/revisions\/7397"}],"wp:featuredmedia":[{"embeddable":true,"href":"https:\/\/hub.hslu.ch\/management-and-law\/wp-json\/wp\/v2\/media\/1126"}],"wp:attachment":[{"href":"https:\/\/hub.hslu.ch\/management-and-law\/wp-json\/wp\/v2\/media?parent=1124"}],"wp:term":[{"taxonomy":"category","embeddable":true,"href":"https:\/\/hub.hslu.ch\/management-and-law\/wp-json\/wp\/v2\/categories?post=1124"},{"taxonomy":"post_tag","embeddable":true,"href":"https:\/\/hub.hslu.ch\/management-and-law\/wp-json\/wp\/v2\/tags?post=1124"}],"curies":[{"name":"wp","href":"https:\/\/api.w.org\/{rel}","templated":true}]}}