{"id":3022,"date":"2020-11-12T14:56:20","date_gmt":"2020-11-12T13:56:20","guid":{"rendered":"https:\/\/hub.hslu.ch\/management-and-law\/?p=3022"},"modified":"2026-02-11T14:53:44","modified_gmt":"2026-02-11T13:53:44","slug":"modernisierungsschritt-in-der-justiz","status":"publish","type":"post","link":"https:\/\/hub.hslu.ch\/management-and-law\/2020\/11\/12\/modernisierungsschritt-in-der-justiz\/","title":{"rendered":"Modernisierungsschritt in der Justiz"},"content":{"rendered":"\n<p><strong> Dazu wurde gestern der Entwurf eines neuen Bundesgesetzes \u00fcber die Plattform f\u00fcr die elektronische Kommunikation in der Justiz (BEKJ) in die Vernehmlassung geschickt.<\/strong><\/p>\n\n\n\n<p>Dass die Corona-Krise auch das Gerichtswesen herausfordert, wurde bereits mehrfach offenkundig, so beispielsweise im Bundesgerichtsentscheid <a href=\"https:\/\/www.bger.ch\/ext\/eurospider\/live\/de\/php\/aza\/http\/index.php?highlight_docid=aza%3A%2F%2Faza:\/\/06-07-2020-4A_180-2020&amp;lang=de&amp;zoom=&amp;type=show_document\" target=\"_blank\" rel=\"noreferrer noopener\">4A_180\/2020<\/a>&nbsp;vom 6. Juli 2020, in welchem das schweizerische H\u00f6chstgericht feststellte, dass f\u00fcr eine Verhandlungsf\u00fchrung per Videokonferenz ohne Zustimmung der Parteien eine \u00c4nderung der ZPO notwendig w\u00e4re. \u00dcber dieses Urteil wurde <a href=\"https:\/\/hub.hslu.ch\/management-and-law\/2020\/08\/10\/justiz-in-coronazeiten-duerfen-gerichte-via-zoom-verhandeln\/\" target=\"_blank\" rel=\"noreferrer noopener\">hier auf dem Blog<\/a> berichtet. <\/p>\n\n\n\n<h4 class=\"wp-block-heading\"><strong>Digitalisierungsschritt im Bereich Datenaustausch<\/strong><\/h4>\n\n\n\n\n\n<p>Doch der Digitalisierungsbedarf in verschiedenen Aspekten der Justiz war bereits vor der Pandemie ein Thema. Im Rahmen des Projekts Justitia 4.0, das von den eidgen\u00f6ssischen Gerichten und den kantonalen Straf- und Justizvollzugsbeh\u00f6rden initiiert wurde, soll nun im Bereich des Datenaustausches mit der Schaffung einer hochsicheren, zentralen Plattform die Grundlage f\u00fcr einen modernen elektronischen Rechtsverkehr gelegt werden.<\/p>\n\n\n\n<p>Gem\u00e4ss dem gestern in Vernehmlassung geschickten Vorentwurf des neuen Bundesgesetzes \u00fcber die Plattform f\u00fcr die elektronische Kommunikation in der Justiz (BEKJ; <a href=\"https:\/\/www.admin.ch\/gov\/de\/start\/dokumentation\/medienmitteilungen.msg-id-81072.html\" target=\"_blank\" rel=\"noreferrer noopener\">hier<\/a> abrufbar) soll der elektronische Rechtsverkehr f\u00fcr professionelle Akteure wie Anw\u00e4lte, Gerichte oder Beh\u00f6rden obligatorisch werden. Private k\u00f6nnen die Plattform freiwillig nutzen, aber auch weiterhin per Post mit Gerichten und Beh\u00f6rden kommunizieren. Der sichere Zugang soll durch Nutzung der elektronischen Identit\u00e4t (E-ID) gew\u00e4hrleistet werden.<\/p>\n\n\n\n<p>Die neue digitale Kommunikationsplattform wird alle Justizbeh\u00f6rden in der Schweiz betreffen, weshalb der Bundesrat vorschl\u00e4gt, dass sie auch von Bund und Kantonen gemeinsam aufgebaut und finanziert werden soll.<\/p>\n\n\n\n<h4 class=\"wp-block-heading\"><strong>Raschere, einfachere und effizientere Prozesse<\/strong><\/h4>\n\n\n\n\n\n<p>Ziel ist es, mit diesem Modernisierungsschritt die Durchf\u00fchrung von Gerichtsverfahren zu beschleunigen, die Kommunikation zwischen Parteien und Beh\u00f6rden sowie den Zugriff auf die Verfahrensakten f\u00fcr alle Verfahrensbeteiligten zu erleichtern.<\/p>\n\n\n\n<p>Die Vernehmlassung zum neuen Bundesgesetzes \u00fcber die Plattform f\u00fcr die elektronische Kommunikation in der Justiz (BEKJ) dauert bis am 26. Februar 2021. Der zugeh\u00f6rige Vorentwurf, der erl\u00e4uternde Bericht und die Medienmitteilung sind <a rel=\"noreferrer noopener\" href=\"https:\/\/www.admin.ch\/gov\/de\/start\/dokumentation\/medienmitteilungen.msg-id-81072.html\" target=\"_blank\">hier <\/a>abrufbar.<\/p>\n\n\n\n\n","protected":false},"excerpt":{"rendered":"<p>Gerade in Corona-Zeiten tritt in verschiedenen Bereichen bestehender Digitalisierungsbedarf besonders deutlich zu Tage. Auch die Justiz steht hier vor Herausforderungen. Nun soll mit einer zentralen Plattform der Grundstein f\u00fcr den elektronischen Rechtsverkehr gelegt werden.<\/p>\n","protected":false},"author":62,"featured_media":3024,"comment_status":"open","ping_status":"closed","sticky":false,"template":"","format":"standard","meta":{"_acf_changed":false,"inline_featured_image":false,"_relevanssi_hide_post":"","_relevanssi_hide_content":"","_relevanssi_pin_for_all":"","_relevanssi_pin_keywords":"","_relevanssi_unpin_keywords":"","_relevanssi_related_keywords":"","_relevanssi_related_include_ids":"","_relevanssi_related_exclude_ids":"","_relevanssi_related_no_append":"","_relevanssi_related_not_related":"","_relevanssi_related_posts":"","_relevanssi_noindex_reason":"","footnotes":"","_links_to":"","_links_to_target":""},"categories":[563231,563234],"tags":[],"class_list":["post-3022","post","type-post","status-publish","format-standard","has-post-thumbnail","hentry","category-digital-law","category-gesetzgebungsprojekte"],"acf":[],"yoast_head":"<!-- This site is optimized with the Yoast SEO plugin v27.5 - https:\/\/yoast.com\/product\/yoast-seo-wordpress\/ -->\n<title>Modernisierungsschritt in der Justiz - Management and Law Blog<\/title>\n<meta name=\"robots\" content=\"index, follow, max-snippet:-1, max-image-preview:large, max-video-preview:-1\" \/>\n<link rel=\"canonical\" href=\"https:\/\/hub.hslu.ch\/management-and-law\/2020\/11\/12\/modernisierungsschritt-in-der-justiz\/\" \/>\n<meta property=\"og:locale\" content=\"de_DE\" \/>\n<meta property=\"og:type\" content=\"article\" \/>\n<meta property=\"og:title\" content=\"Modernisierungsschritt in der Justiz - Management and Law Blog\" \/>\n<meta property=\"og:description\" content=\"Gerade in Corona-Zeiten tritt in verschiedenen Bereichen bestehender Digitalisierungsbedarf besonders deutlich zu Tage. Auch die Justiz steht hier vor Herausforderungen. Nun soll mit einer zentralen Plattform der Grundstein f\u00fcr den elektronischen Rechtsverkehr gelegt werden.\" \/>\n<meta property=\"og:url\" content=\"https:\/\/hub.hslu.ch\/management-and-law\/2020\/11\/12\/modernisierungsschritt-in-der-justiz\/\" \/>\n<meta property=\"og:site_name\" content=\"Management and Law Blog\" \/>\n<meta property=\"article:published_time\" content=\"2020-11-12T13:56:20+00:00\" \/>\n<meta property=\"article:modified_time\" content=\"2026-02-11T13:53:44+00:00\" \/>\n<meta property=\"og:image\" content=\"https:\/\/hub.hslu.ch\/management-and-law\/wp-content\/blogs.dir\/901\/files\/sites\/15\/2020\/11\/pexels-maksim-goncharenok-5605061.jpg\" \/>\n\t<meta property=\"og:image:width\" content=\"2048\" \/>\n\t<meta property=\"og:image:height\" content=\"1365\" \/>\n\t<meta property=\"og:image:type\" content=\"image\/jpeg\" \/>\n<meta name=\"author\" content=\"Isabelle Oehri\" \/>\n<meta name=\"twitter:card\" content=\"summary_large_image\" \/>\n<meta name=\"twitter:label1\" content=\"Geschrieben von\" \/>\n\t<meta name=\"twitter:data1\" content=\"Isabelle Oehri\" \/>\n\t<meta name=\"twitter:label2\" content=\"Gesch\u00e4tzte Lesezeit\" \/>\n\t<meta name=\"twitter:data2\" content=\"3\u00a0Minuten\" \/>\n<script type=\"application\/ld+json\" class=\"yoast-schema-graph\">{\"@context\":\"https:\\\/\\\/schema.org\",\"@graph\":[{\"@type\":\"Article\",\"@id\":\"https:\\\/\\\/hub.hslu.ch\\\/management-and-law\\\/2020\\\/11\\\/12\\\/modernisierungsschritt-in-der-justiz\\\/#article\",\"isPartOf\":{\"@id\":\"https:\\\/\\\/hub.hslu.ch\\\/management-and-law\\\/2020\\\/11\\\/12\\\/modernisierungsschritt-in-der-justiz\\\/\"},\"author\":{\"name\":\"Isabelle Oehri\",\"@id\":\"https:\\\/\\\/hub.hslu.ch\\\/management-and-law\\\/#\\\/schema\\\/person\\\/fe571c9fc0254d8d85fc6fbc781b260d\"},\"headline\":\"Modernisierungsschritt in der Justiz\",\"datePublished\":\"2020-11-12T13:56:20+00:00\",\"dateModified\":\"2026-02-11T13:53:44+00:00\",\"mainEntityOfPage\":{\"@id\":\"https:\\\/\\\/hub.hslu.ch\\\/management-and-law\\\/2020\\\/11\\\/12\\\/modernisierungsschritt-in-der-justiz\\\/\"},\"wordCount\":320,\"commentCount\":1,\"image\":{\"@id\":\"https:\\\/\\\/hub.hslu.ch\\\/management-and-law\\\/2020\\\/11\\\/12\\\/modernisierungsschritt-in-der-justiz\\\/#primaryimage\"},\"thumbnailUrl\":\"https:\\\/\\\/hub.hslu.ch\\\/management-and-law\\\/wp-content\\\/blogs.dir\\\/901\\\/files\\\/sites\\\/15\\\/2020\\\/11\\\/pexels-maksim-goncharenok-5605061.jpg\",\"articleSection\":[\"Digitalisierung und Digital Law\",\"Gesetzgebung und Rechtsprechung\"],\"inLanguage\":\"de-CH\",\"potentialAction\":[{\"@type\":\"CommentAction\",\"name\":\"Comment\",\"target\":[\"https:\\\/\\\/hub.hslu.ch\\\/management-and-law\\\/2020\\\/11\\\/12\\\/modernisierungsschritt-in-der-justiz\\\/#respond\"]}]},{\"@type\":\"WebPage\",\"@id\":\"https:\\\/\\\/hub.hslu.ch\\\/management-and-law\\\/2020\\\/11\\\/12\\\/modernisierungsschritt-in-der-justiz\\\/\",\"url\":\"https:\\\/\\\/hub.hslu.ch\\\/management-and-law\\\/2020\\\/11\\\/12\\\/modernisierungsschritt-in-der-justiz\\\/\",\"name\":\"Modernisierungsschritt in der Justiz - Management and Law Blog\",\"isPartOf\":{\"@id\":\"https:\\\/\\\/hub.hslu.ch\\\/management-and-law\\\/#website\"},\"primaryImageOfPage\":{\"@id\":\"https:\\\/\\\/hub.hslu.ch\\\/management-and-law\\\/2020\\\/11\\\/12\\\/modernisierungsschritt-in-der-justiz\\\/#primaryimage\"},\"image\":{\"@id\":\"https:\\\/\\\/hub.hslu.ch\\\/management-and-law\\\/2020\\\/11\\\/12\\\/modernisierungsschritt-in-der-justiz\\\/#primaryimage\"},\"thumbnailUrl\":\"https:\\\/\\\/hub.hslu.ch\\\/management-and-law\\\/wp-content\\\/blogs.dir\\\/901\\\/files\\\/sites\\\/15\\\/2020\\\/11\\\/pexels-maksim-goncharenok-5605061.jpg\",\"datePublished\":\"2020-11-12T13:56:20+00:00\",\"dateModified\":\"2026-02-11T13:53:44+00:00\",\"author\":{\"@id\":\"https:\\\/\\\/hub.hslu.ch\\\/management-and-law\\\/#\\\/schema\\\/person\\\/fe571c9fc0254d8d85fc6fbc781b260d\"},\"breadcrumb\":{\"@id\":\"https:\\\/\\\/hub.hslu.ch\\\/management-and-law\\\/2020\\\/11\\\/12\\\/modernisierungsschritt-in-der-justiz\\\/#breadcrumb\"},\"inLanguage\":\"de-CH\",\"potentialAction\":[{\"@type\":\"ReadAction\",\"target\":[\"https:\\\/\\\/hub.hslu.ch\\\/management-and-law\\\/2020\\\/11\\\/12\\\/modernisierungsschritt-in-der-justiz\\\/\"]}]},{\"@type\":\"ImageObject\",\"inLanguage\":\"de-CH\",\"@id\":\"https:\\\/\\\/hub.hslu.ch\\\/management-and-law\\\/2020\\\/11\\\/12\\\/modernisierungsschritt-in-der-justiz\\\/#primaryimage\",\"url\":\"https:\\\/\\\/hub.hslu.ch\\\/management-and-law\\\/wp-content\\\/blogs.dir\\\/901\\\/files\\\/sites\\\/15\\\/2020\\\/11\\\/pexels-maksim-goncharenok-5605061.jpg\",\"contentUrl\":\"https:\\\/\\\/hub.hslu.ch\\\/management-and-law\\\/wp-content\\\/blogs.dir\\\/901\\\/files\\\/sites\\\/15\\\/2020\\\/11\\\/pexels-maksim-goncharenok-5605061.jpg\",\"width\":2048,\"height\":1365},{\"@type\":\"BreadcrumbList\",\"@id\":\"https:\\\/\\\/hub.hslu.ch\\\/management-and-law\\\/2020\\\/11\\\/12\\\/modernisierungsschritt-in-der-justiz\\\/#breadcrumb\",\"itemListElement\":[{\"@type\":\"ListItem\",\"position\":1,\"name\":\"Home\",\"item\":\"https:\\\/\\\/hub.hslu.ch\\\/management-and-law\\\/\"},{\"@type\":\"ListItem\",\"position\":2,\"name\":\"Modernisierungsschritt in der Justiz\"}]},{\"@type\":\"WebSite\",\"@id\":\"https:\\\/\\\/hub.hslu.ch\\\/management-and-law\\\/#website\",\"url\":\"https:\\\/\\\/hub.hslu.ch\\\/management-and-law\\\/\",\"name\":\"Management and Law Blog\",\"description\":\"Institut f\u00fcr Betriebs- und Regional\u00f6konomie IBR\",\"potentialAction\":[{\"@type\":\"SearchAction\",\"target\":{\"@type\":\"EntryPoint\",\"urlTemplate\":\"https:\\\/\\\/hub.hslu.ch\\\/management-and-law\\\/?s={search_term_string}\"},\"query-input\":{\"@type\":\"PropertyValueSpecification\",\"valueRequired\":true,\"valueName\":\"search_term_string\"}}],\"inLanguage\":\"de-CH\"},{\"@type\":\"Person\",\"@id\":\"https:\\\/\\\/hub.hslu.ch\\\/management-and-law\\\/#\\\/schema\\\/person\\\/fe571c9fc0254d8d85fc6fbc781b260d\",\"name\":\"Isabelle Oehri\",\"sameAs\":[\"https:\\\/\\\/www.linkedin.com\\\/in\\\/isabelle-oehri-b81891158\\\/\"]}]}<\/script>\n<!-- \/ Yoast SEO plugin. -->","yoast_head_json":{"title":"Modernisierungsschritt in der Justiz - Management and Law Blog","robots":{"index":"index","follow":"follow","max-snippet":"max-snippet:-1","max-image-preview":"max-image-preview:large","max-video-preview":"max-video-preview:-1"},"canonical":"https:\/\/hub.hslu.ch\/management-and-law\/2020\/11\/12\/modernisierungsschritt-in-der-justiz\/","og_locale":"de_DE","og_type":"article","og_title":"Modernisierungsschritt in der Justiz - Management and Law Blog","og_description":"Gerade in Corona-Zeiten tritt in verschiedenen Bereichen bestehender Digitalisierungsbedarf besonders deutlich zu Tage. Auch die Justiz steht hier vor Herausforderungen. Nun soll mit einer zentralen Plattform der Grundstein f\u00fcr den elektronischen Rechtsverkehr gelegt werden.","og_url":"https:\/\/hub.hslu.ch\/management-and-law\/2020\/11\/12\/modernisierungsschritt-in-der-justiz\/","og_site_name":"Management and Law Blog","article_published_time":"2020-11-12T13:56:20+00:00","article_modified_time":"2026-02-11T13:53:44+00:00","og_image":[{"width":2048,"height":1365,"url":"https:\/\/hub.hslu.ch\/management-and-law\/wp-content\/blogs.dir\/901\/files\/sites\/15\/2020\/11\/pexels-maksim-goncharenok-5605061.jpg","type":"image\/jpeg"}],"author":"Isabelle Oehri","twitter_card":"summary_large_image","twitter_misc":{"Geschrieben von":"Isabelle Oehri","Gesch\u00e4tzte Lesezeit":"3\u00a0Minuten"},"schema":{"@context":"https:\/\/schema.org","@graph":[{"@type":"Article","@id":"https:\/\/hub.hslu.ch\/management-and-law\/2020\/11\/12\/modernisierungsschritt-in-der-justiz\/#article","isPartOf":{"@id":"https:\/\/hub.hslu.ch\/management-and-law\/2020\/11\/12\/modernisierungsschritt-in-der-justiz\/"},"author":{"name":"Isabelle Oehri","@id":"https:\/\/hub.hslu.ch\/management-and-law\/#\/schema\/person\/fe571c9fc0254d8d85fc6fbc781b260d"},"headline":"Modernisierungsschritt in der Justiz","datePublished":"2020-11-12T13:56:20+00:00","dateModified":"2026-02-11T13:53:44+00:00","mainEntityOfPage":{"@id":"https:\/\/hub.hslu.ch\/management-and-law\/2020\/11\/12\/modernisierungsschritt-in-der-justiz\/"},"wordCount":320,"commentCount":1,"image":{"@id":"https:\/\/hub.hslu.ch\/management-and-law\/2020\/11\/12\/modernisierungsschritt-in-der-justiz\/#primaryimage"},"thumbnailUrl":"https:\/\/hub.hslu.ch\/management-and-law\/wp-content\/blogs.dir\/901\/files\/sites\/15\/2020\/11\/pexels-maksim-goncharenok-5605061.jpg","articleSection":["Digitalisierung und Digital Law","Gesetzgebung und Rechtsprechung"],"inLanguage":"de-CH","potentialAction":[{"@type":"CommentAction","name":"Comment","target":["https:\/\/hub.hslu.ch\/management-and-law\/2020\/11\/12\/modernisierungsschritt-in-der-justiz\/#respond"]}]},{"@type":"WebPage","@id":"https:\/\/hub.hslu.ch\/management-and-law\/2020\/11\/12\/modernisierungsschritt-in-der-justiz\/","url":"https:\/\/hub.hslu.ch\/management-and-law\/2020\/11\/12\/modernisierungsschritt-in-der-justiz\/","name":"Modernisierungsschritt in der Justiz - Management and Law Blog","isPartOf":{"@id":"https:\/\/hub.hslu.ch\/management-and-law\/#website"},"primaryImageOfPage":{"@id":"https:\/\/hub.hslu.ch\/management-and-law\/2020\/11\/12\/modernisierungsschritt-in-der-justiz\/#primaryimage"},"image":{"@id":"https:\/\/hub.hslu.ch\/management-and-law\/2020\/11\/12\/modernisierungsschritt-in-der-justiz\/#primaryimage"},"thumbnailUrl":"https:\/\/hub.hslu.ch\/management-and-law\/wp-content\/blogs.dir\/901\/files\/sites\/15\/2020\/11\/pexels-maksim-goncharenok-5605061.jpg","datePublished":"2020-11-12T13:56:20+00:00","dateModified":"2026-02-11T13:53:44+00:00","author":{"@id":"https:\/\/hub.hslu.ch\/management-and-law\/#\/schema\/person\/fe571c9fc0254d8d85fc6fbc781b260d"},"breadcrumb":{"@id":"https:\/\/hub.hslu.ch\/management-and-law\/2020\/11\/12\/modernisierungsschritt-in-der-justiz\/#breadcrumb"},"inLanguage":"de-CH","potentialAction":[{"@type":"ReadAction","target":["https:\/\/hub.hslu.ch\/management-and-law\/2020\/11\/12\/modernisierungsschritt-in-der-justiz\/"]}]},{"@type":"ImageObject","inLanguage":"de-CH","@id":"https:\/\/hub.hslu.ch\/management-and-law\/2020\/11\/12\/modernisierungsschritt-in-der-justiz\/#primaryimage","url":"https:\/\/hub.hslu.ch\/management-and-law\/wp-content\/blogs.dir\/901\/files\/sites\/15\/2020\/11\/pexels-maksim-goncharenok-5605061.jpg","contentUrl":"https:\/\/hub.hslu.ch\/management-and-law\/wp-content\/blogs.dir\/901\/files\/sites\/15\/2020\/11\/pexels-maksim-goncharenok-5605061.jpg","width":2048,"height":1365},{"@type":"BreadcrumbList","@id":"https:\/\/hub.hslu.ch\/management-and-law\/2020\/11\/12\/modernisierungsschritt-in-der-justiz\/#breadcrumb","itemListElement":[{"@type":"ListItem","position":1,"name":"Home","item":"https:\/\/hub.hslu.ch\/management-and-law\/"},{"@type":"ListItem","position":2,"name":"Modernisierungsschritt in der Justiz"}]},{"@type":"WebSite","@id":"https:\/\/hub.hslu.ch\/management-and-law\/#website","url":"https:\/\/hub.hslu.ch\/management-and-law\/","name":"Management and Law Blog","description":"Institut f\u00fcr Betriebs- und Regional\u00f6konomie IBR","potentialAction":[{"@type":"SearchAction","target":{"@type":"EntryPoint","urlTemplate":"https:\/\/hub.hslu.ch\/management-and-law\/?s={search_term_string}"},"query-input":{"@type":"PropertyValueSpecification","valueRequired":true,"valueName":"search_term_string"}}],"inLanguage":"de-CH"},{"@type":"Person","@id":"https:\/\/hub.hslu.ch\/management-and-law\/#\/schema\/person\/fe571c9fc0254d8d85fc6fbc781b260d","name":"Isabelle Oehri","sameAs":["https:\/\/www.linkedin.com\/in\/isabelle-oehri-b81891158\/"]}]}},"featured_image_src":"https:\/\/hub.hslu.ch\/management-and-law\/wp-content\/blogs.dir\/901\/files\/sites\/15\/2020\/11\/pexels-maksim-goncharenok-5605061.jpg","featured_image_src_square":"https:\/\/hub.hslu.ch\/management-and-law\/wp-content\/blogs.dir\/901\/files\/sites\/15\/2020\/11\/pexels-maksim-goncharenok-5605061.jpg","author_info":{"display_name":"Isabelle Oehri","author_link":"https:\/\/hub.hslu.ch\/management-and-law\/author\/isabelleoehri\/"},"_links":{"self":[{"href":"https:\/\/hub.hslu.ch\/management-and-law\/wp-json\/wp\/v2\/posts\/3022","targetHints":{"allow":["GET"]}}],"collection":[{"href":"https:\/\/hub.hslu.ch\/management-and-law\/wp-json\/wp\/v2\/posts"}],"about":[{"href":"https:\/\/hub.hslu.ch\/management-and-law\/wp-json\/wp\/v2\/types\/post"}],"author":[{"embeddable":true,"href":"https:\/\/hub.hslu.ch\/management-and-law\/wp-json\/wp\/v2\/users\/62"}],"replies":[{"embeddable":true,"href":"https:\/\/hub.hslu.ch\/management-and-law\/wp-json\/wp\/v2\/comments?post=3022"}],"version-history":[{"count":15,"href":"https:\/\/hub.hslu.ch\/management-and-law\/wp-json\/wp\/v2\/posts\/3022\/revisions"}],"predecessor-version":[{"id":7451,"href":"https:\/\/hub.hslu.ch\/management-and-law\/wp-json\/wp\/v2\/posts\/3022\/revisions\/7451"}],"wp:featuredmedia":[{"embeddable":true,"href":"https:\/\/hub.hslu.ch\/management-and-law\/wp-json\/wp\/v2\/media\/3024"}],"wp:attachment":[{"href":"https:\/\/hub.hslu.ch\/management-and-law\/wp-json\/wp\/v2\/media?parent=3022"}],"wp:term":[{"taxonomy":"category","embeddable":true,"href":"https:\/\/hub.hslu.ch\/management-and-law\/wp-json\/wp\/v2\/categories?post=3022"},{"taxonomy":"post_tag","embeddable":true,"href":"https:\/\/hub.hslu.ch\/management-and-law\/wp-json\/wp\/v2\/tags?post=3022"}],"curies":[{"name":"wp","href":"https:\/\/api.w.org\/{rel}","templated":true}]}}