{"id":3483,"date":"2021-04-22T07:01:00","date_gmt":"2021-04-22T05:01:00","guid":{"rendered":"https:\/\/hub.hslu.ch\/management-and-law\/?p=3483"},"modified":"2026-02-04T15:40:26","modified_gmt":"2026-02-04T14:40:26","slug":"wurden-ihre-daten-geklaut-stellen-sie-es-fest","status":"publish","type":"post","link":"https:\/\/hub.hslu.ch\/management-and-law\/2021\/04\/22\/wurden-ihre-daten-geklaut-stellen-sie-es-fest\/","title":{"rendered":"Wurden Ihre Daten geklaut? Stellen Sie es fest"},"content":{"rendered":"\n<p>Aus aktuellem Grund publizierte der Eidgen\u00f6ssische Datenschutz- und \u00d6ffentlichkeitsbeauftragte (ED\u00d6B) am 13.04.2021 einen kurzen Leitfaden, um zu pr\u00fcfen, ob man selbst betroffen ist.<\/p>\n\n\n\n<p><strong>Das k\u00f6nnen Sie tun:<\/strong><\/p>\n\n\n\n<ul class=\"wp-block-list\">\n<li><strong>Stellen Sie fest, ob Sie betroffen sind:\u00a0<\/strong><br>Im Netz gibt es Identity Leak Tools, mit denen sich pr\u00fcfen l\u00e4sst, ob die eigene E-Mailadresse oder Telefonnummer bereits \u00abgeleaked\u00bb ist. <a href=\"https:\/\/sec.hpi.de\/ilc\/\" target=\"_blank\" rel=\"noreferrer noopener\">Identity Leak Checker<\/a> oder <a href=\"https:\/\/haveibeenpwned.com\" target=\"_blank\" rel=\"noreferrer noopener\">https:\/\/haveibeenpwned.com<\/a> sind zwei die vom ED\u00d6B empfohlen werden. Auch wenn Ihre Abfrage momentan keine Hinweise liefert, dass sie \u00abgeleaked\u00bb worden sind, sollten Sie dennoch vorsichtig sein. Im Falle von LinkedIn haben die T\u00e4ter erst ein Auszug zur \u00dcberpr\u00fcfung der Echtheit ver\u00f6ffentlicht.<\/li>\n<\/ul>\n\n\n\n<ul class=\"wp-block-list\">\n<li><strong>Folgen Sie den Instruktionen der Betreiber, wenn Sie von diesen kontaktiert werden<\/strong><\/li>\n\n\n\n<li><strong>\u00c4ndern Sie Ihr Passwort:\u00a0<\/strong>Dabei handelt es sich im Allgemeinen, um eine gute Sicherheitsmassnahme. \u00a0Falls es Hinweise gibt, dass Ihre Daten gestohlen wurden, sollten Sie ihr Passwort unbedingt zur\u00fccksetzen \u2013 auch dann, wenn Sie z.B. eine Zwei-Faktor Authentifizierung nutzen.<\/li>\n\n\n\n<li><strong>Kontrollieren Sie Ihre Zahlungsmittel und sperren Sie diese gegebenenfalls<\/strong><\/li>\n\n\n\n<li><strong>Bleiben Sie vorsichtig, insbesondere bei E-Mails und SMS von unbekannten Absendern<\/strong>. So gibt es im Fall von Facebook bereits Anzeichen daf\u00fcr, dass die Daten missbraucht werden, indem bspw. SMS mit Links verschickt werden, die Schadenssoftware beinhalten.<br><br><\/li>\n<\/ul>\n\n\n\n<p><strong>Weiterf\u00fchrende Informationen:<\/strong><\/p>\n\n\n\n<p><a href=\"https:\/\/www.edoeb.admin.ch\/edoeb\/de\/home\/aktuell\/aktuell_news.html#-1677761427\" target=\"_blank\" rel=\"noreferrer noopener\">Leitfaden vom 13.04.2021 des ED\u00d6B<\/a><br><a href=\"https:\/\/www.dataprotection.ie\/en\/news-media\/press-releases\/dpc-launches-inquiry-facebook-relation-collated-dataset-facebook-user-personal-data-made-available\" target=\"_blank\" rel=\"noreferrer noopener\">14.04.2021 &#8211;&nbsp;DPC launches inquiry into Facebook in relation to a collated dataset of Facebook user personal data made available on the internet<\/a><br><a href=\"https:\/\/www.ncsc.admin.ch\/ncsc\/de\/home\/aktuell\/news\/news-aktuell\/wochenrueckblick_13.html\" target=\"_blank\" rel=\"noreferrer noopener\">Nationales Zentrum f\u00fcr Cybersicherheit NCSC<\/a><br><a href=\"https:\/\/www.watson.ch\/digital\/online-sicherheit\/855626203-clubhouse-app-von-daten-leak-betroffen-das-musst-du-wissen\" target=\"_blank\" rel=\"noreferrer noopener\">Clubhouse-App von Daten-Leak betroffen \u2013 das musst du wissen &#8211; watson<\/a><br><a href=\"https:\/\/cybernews.com\/news\/leaker-says-they-are-offering-private-details-of-500-million-facebook-users\/\" target=\"_blank\" rel=\"noreferrer noopener\">Facebook Data Leak &#8211; 533M Users Data Leaked Online | CyberNews<\/a><br><a href=\"https:\/\/cybernews.com\/news\/stolen-data-of-500-million-linkedin-users-being-sold-online-2-million-leaked-as-proof-2\/\" target=\"_blank\" rel=\"noreferrer noopener\">LinkedIn Leak &#8211; 500M Records Leaked and Being Sold | CyberNews<\/a><br><a href=\"https:\/\/cybernews.com\/security\/clubhouse-data-leak-1-3-million-user-records-leaked-for-free-online\/\" target=\"_blank\" rel=\"noreferrer noopener\">Clubhouse Data Leak &#8211; 1.3M SQL Database Leaked Online | CyberNews<\/a><\/p>\n","protected":false},"excerpt":{"rendered":"<p>Es h\u00e4ufen sich die Meldungen \u00fcber massive Data Leaks von Plattformen wie Facebook und nun auch LinkedIn. Allein von LinkedIn stehen Daten von 500 Millionen Nutzern auf einem spezialisieren Forum zum Verkauf. Die Daten umfassen vollst\u00e4ndige Namen, E-Mail-Adressen, Telefonnummern und Links zu anderen Profilen in sozialen Medien. Aber auch andere Dienste haben immer wieder mit Data Leaks zu k\u00e4mpfen.<\/p>\n","protected":false},"author":62,"featured_media":3485,"comment_status":"open","ping_status":"closed","sticky":false,"template":"","format":"standard","meta":{"_acf_changed":false,"inline_featured_image":false,"_relevanssi_hide_post":"","_relevanssi_hide_content":"","_relevanssi_pin_for_all":"","_relevanssi_pin_keywords":"","_relevanssi_unpin_keywords":"","_relevanssi_related_keywords":"","_relevanssi_related_include_ids":"","_relevanssi_related_exclude_ids":"","_relevanssi_related_no_append":"","_relevanssi_related_not_related":"","_relevanssi_related_posts":"7252,7231,7219,7146,7138,7129","_relevanssi_noindex_reason":"","footnotes":"","_links_to":"","_links_to_target":""},"categories":[563238,563231],"tags":[],"class_list":["post-3483","post","type-post","status-publish","format-standard","has-post-thumbnail","hentry","category-datenschutz-arbeitswelt","category-digital-law"],"acf":[],"yoast_head":"<!-- This site is optimized with the Yoast SEO plugin v27.5 - https:\/\/yoast.com\/product\/yoast-seo-wordpress\/ -->\n<title>Wurden Ihre Daten geklaut? Stellen Sie es fest - Management and Law Blog<\/title>\n<meta name=\"robots\" content=\"index, follow, max-snippet:-1, max-image-preview:large, max-video-preview:-1\" \/>\n<link rel=\"canonical\" href=\"https:\/\/hub.hslu.ch\/management-and-law\/2021\/04\/22\/wurden-ihre-daten-geklaut-stellen-sie-es-fest\/\" \/>\n<meta property=\"og:locale\" content=\"de_DE\" \/>\n<meta property=\"og:type\" content=\"article\" \/>\n<meta property=\"og:title\" content=\"Wurden Ihre Daten geklaut? Stellen Sie es fest - Management and Law Blog\" \/>\n<meta property=\"og:description\" content=\"Es h\u00e4ufen sich die Meldungen \u00fcber massive Data Leaks von Plattformen wie Facebook und nun auch LinkedIn. Allein von LinkedIn stehen Daten von 500 Millionen Nutzern auf einem spezialisieren Forum zum Verkauf. Die Daten umfassen vollst\u00e4ndige Namen, E-Mail-Adressen, Telefonnummern und Links zu anderen Profilen in sozialen Medien. Aber auch andere Dienste haben immer wieder mit Data Leaks zu k\u00e4mpfen.\" \/>\n<meta property=\"og:url\" content=\"https:\/\/hub.hslu.ch\/management-and-law\/2021\/04\/22\/wurden-ihre-daten-geklaut-stellen-sie-es-fest\/\" \/>\n<meta property=\"og:site_name\" content=\"Management and Law Blog\" \/>\n<meta property=\"article:published_time\" content=\"2021-04-22T05:01:00+00:00\" \/>\n<meta property=\"article:modified_time\" content=\"2026-02-04T14:40:26+00:00\" \/>\n<meta property=\"og:image\" content=\"https:\/\/hub.hslu.ch\/management-and-law\/wp-content\/blogs.dir\/901\/files\/sites\/15\/2021\/04\/Bild1.png\" \/>\n\t<meta property=\"og:image:width\" content=\"605\" \/>\n\t<meta property=\"og:image:height\" content=\"496\" \/>\n\t<meta property=\"og:image:type\" content=\"image\/png\" \/>\n<meta name=\"author\" content=\"Isabelle Oehri\" \/>\n<meta name=\"twitter:card\" content=\"summary_large_image\" \/>\n<meta name=\"twitter:label1\" content=\"Geschrieben von\" \/>\n\t<meta name=\"twitter:data1\" content=\"Isabelle Oehri\" \/>\n\t<meta name=\"twitter:label2\" content=\"Gesch\u00e4tzte Lesezeit\" \/>\n\t<meta name=\"twitter:data2\" content=\"2\u00a0Minuten\" \/>\n<script type=\"application\/ld+json\" class=\"yoast-schema-graph\">{\"@context\":\"https:\\\/\\\/schema.org\",\"@graph\":[{\"@type\":\"Article\",\"@id\":\"https:\\\/\\\/hub.hslu.ch\\\/management-and-law\\\/2021\\\/04\\\/22\\\/wurden-ihre-daten-geklaut-stellen-sie-es-fest\\\/#article\",\"isPartOf\":{\"@id\":\"https:\\\/\\\/hub.hslu.ch\\\/management-and-law\\\/2021\\\/04\\\/22\\\/wurden-ihre-daten-geklaut-stellen-sie-es-fest\\\/\"},\"author\":{\"name\":\"Isabelle Oehri\",\"@id\":\"https:\\\/\\\/hub.hslu.ch\\\/management-and-law\\\/#\\\/schema\\\/person\\\/fe571c9fc0254d8d85fc6fbc781b260d\"},\"headline\":\"Wurden Ihre Daten geklaut? Stellen Sie es fest\",\"datePublished\":\"2021-04-22T05:01:00+00:00\",\"dateModified\":\"2026-02-04T14:40:26+00:00\",\"mainEntityOfPage\":{\"@id\":\"https:\\\/\\\/hub.hslu.ch\\\/management-and-law\\\/2021\\\/04\\\/22\\\/wurden-ihre-daten-geklaut-stellen-sie-es-fest\\\/\"},\"wordCount\":294,\"commentCount\":0,\"image\":{\"@id\":\"https:\\\/\\\/hub.hslu.ch\\\/management-and-law\\\/2021\\\/04\\\/22\\\/wurden-ihre-daten-geklaut-stellen-sie-es-fest\\\/#primaryimage\"},\"thumbnailUrl\":\"https:\\\/\\\/hub.hslu.ch\\\/management-and-law\\\/wp-content\\\/blogs.dir\\\/901\\\/files\\\/sites\\\/15\\\/2021\\\/04\\\/Bild1.png\",\"articleSection\":[\"Datenschutz &amp; Arbeitswelt\",\"Digitalisierung und Digital Law\"],\"inLanguage\":\"de-CH\",\"potentialAction\":[{\"@type\":\"CommentAction\",\"name\":\"Comment\",\"target\":[\"https:\\\/\\\/hub.hslu.ch\\\/management-and-law\\\/2021\\\/04\\\/22\\\/wurden-ihre-daten-geklaut-stellen-sie-es-fest\\\/#respond\"]}]},{\"@type\":\"WebPage\",\"@id\":\"https:\\\/\\\/hub.hslu.ch\\\/management-and-law\\\/2021\\\/04\\\/22\\\/wurden-ihre-daten-geklaut-stellen-sie-es-fest\\\/\",\"url\":\"https:\\\/\\\/hub.hslu.ch\\\/management-and-law\\\/2021\\\/04\\\/22\\\/wurden-ihre-daten-geklaut-stellen-sie-es-fest\\\/\",\"name\":\"Wurden Ihre Daten geklaut? Stellen Sie es fest - Management and Law Blog\",\"isPartOf\":{\"@id\":\"https:\\\/\\\/hub.hslu.ch\\\/management-and-law\\\/#website\"},\"primaryImageOfPage\":{\"@id\":\"https:\\\/\\\/hub.hslu.ch\\\/management-and-law\\\/2021\\\/04\\\/22\\\/wurden-ihre-daten-geklaut-stellen-sie-es-fest\\\/#primaryimage\"},\"image\":{\"@id\":\"https:\\\/\\\/hub.hslu.ch\\\/management-and-law\\\/2021\\\/04\\\/22\\\/wurden-ihre-daten-geklaut-stellen-sie-es-fest\\\/#primaryimage\"},\"thumbnailUrl\":\"https:\\\/\\\/hub.hslu.ch\\\/management-and-law\\\/wp-content\\\/blogs.dir\\\/901\\\/files\\\/sites\\\/15\\\/2021\\\/04\\\/Bild1.png\",\"datePublished\":\"2021-04-22T05:01:00+00:00\",\"dateModified\":\"2026-02-04T14:40:26+00:00\",\"author\":{\"@id\":\"https:\\\/\\\/hub.hslu.ch\\\/management-and-law\\\/#\\\/schema\\\/person\\\/fe571c9fc0254d8d85fc6fbc781b260d\"},\"breadcrumb\":{\"@id\":\"https:\\\/\\\/hub.hslu.ch\\\/management-and-law\\\/2021\\\/04\\\/22\\\/wurden-ihre-daten-geklaut-stellen-sie-es-fest\\\/#breadcrumb\"},\"inLanguage\":\"de-CH\",\"potentialAction\":[{\"@type\":\"ReadAction\",\"target\":[\"https:\\\/\\\/hub.hslu.ch\\\/management-and-law\\\/2021\\\/04\\\/22\\\/wurden-ihre-daten-geklaut-stellen-sie-es-fest\\\/\"]}]},{\"@type\":\"ImageObject\",\"inLanguage\":\"de-CH\",\"@id\":\"https:\\\/\\\/hub.hslu.ch\\\/management-and-law\\\/2021\\\/04\\\/22\\\/wurden-ihre-daten-geklaut-stellen-sie-es-fest\\\/#primaryimage\",\"url\":\"https:\\\/\\\/hub.hslu.ch\\\/management-and-law\\\/wp-content\\\/blogs.dir\\\/901\\\/files\\\/sites\\\/15\\\/2021\\\/04\\\/Bild1.png\",\"contentUrl\":\"https:\\\/\\\/hub.hslu.ch\\\/management-and-law\\\/wp-content\\\/blogs.dir\\\/901\\\/files\\\/sites\\\/15\\\/2021\\\/04\\\/Bild1.png\",\"width\":605,\"height\":496},{\"@type\":\"BreadcrumbList\",\"@id\":\"https:\\\/\\\/hub.hslu.ch\\\/management-and-law\\\/2021\\\/04\\\/22\\\/wurden-ihre-daten-geklaut-stellen-sie-es-fest\\\/#breadcrumb\",\"itemListElement\":[{\"@type\":\"ListItem\",\"position\":1,\"name\":\"Home\",\"item\":\"https:\\\/\\\/hub.hslu.ch\\\/management-and-law\\\/\"},{\"@type\":\"ListItem\",\"position\":2,\"name\":\"Wurden Ihre Daten geklaut? Stellen Sie es fest\"}]},{\"@type\":\"WebSite\",\"@id\":\"https:\\\/\\\/hub.hslu.ch\\\/management-and-law\\\/#website\",\"url\":\"https:\\\/\\\/hub.hslu.ch\\\/management-and-law\\\/\",\"name\":\"Management and Law Blog\",\"description\":\"Institut f\u00fcr Betriebs- und Regional\u00f6konomie IBR\",\"potentialAction\":[{\"@type\":\"SearchAction\",\"target\":{\"@type\":\"EntryPoint\",\"urlTemplate\":\"https:\\\/\\\/hub.hslu.ch\\\/management-and-law\\\/?s={search_term_string}\"},\"query-input\":{\"@type\":\"PropertyValueSpecification\",\"valueRequired\":true,\"valueName\":\"search_term_string\"}}],\"inLanguage\":\"de-CH\"},{\"@type\":\"Person\",\"@id\":\"https:\\\/\\\/hub.hslu.ch\\\/management-and-law\\\/#\\\/schema\\\/person\\\/fe571c9fc0254d8d85fc6fbc781b260d\",\"name\":\"Isabelle Oehri\",\"sameAs\":[\"https:\\\/\\\/www.linkedin.com\\\/in\\\/isabelle-oehri-b81891158\\\/\"]}]}<\/script>\n<!-- \/ Yoast SEO plugin. -->","yoast_head_json":{"title":"Wurden Ihre Daten geklaut? Stellen Sie es fest - Management and Law Blog","robots":{"index":"index","follow":"follow","max-snippet":"max-snippet:-1","max-image-preview":"max-image-preview:large","max-video-preview":"max-video-preview:-1"},"canonical":"https:\/\/hub.hslu.ch\/management-and-law\/2021\/04\/22\/wurden-ihre-daten-geklaut-stellen-sie-es-fest\/","og_locale":"de_DE","og_type":"article","og_title":"Wurden Ihre Daten geklaut? Stellen Sie es fest - Management and Law Blog","og_description":"Es h\u00e4ufen sich die Meldungen \u00fcber massive Data Leaks von Plattformen wie Facebook und nun auch LinkedIn. Allein von LinkedIn stehen Daten von 500 Millionen Nutzern auf einem spezialisieren Forum zum Verkauf. Die Daten umfassen vollst\u00e4ndige Namen, E-Mail-Adressen, Telefonnummern und Links zu anderen Profilen in sozialen Medien. Aber auch andere Dienste haben immer wieder mit Data Leaks zu k\u00e4mpfen.","og_url":"https:\/\/hub.hslu.ch\/management-and-law\/2021\/04\/22\/wurden-ihre-daten-geklaut-stellen-sie-es-fest\/","og_site_name":"Management and Law Blog","article_published_time":"2021-04-22T05:01:00+00:00","article_modified_time":"2026-02-04T14:40:26+00:00","og_image":[{"width":605,"height":496,"url":"https:\/\/hub.hslu.ch\/management-and-law\/wp-content\/blogs.dir\/901\/files\/sites\/15\/2021\/04\/Bild1.png","type":"image\/png"}],"author":"Isabelle Oehri","twitter_card":"summary_large_image","twitter_misc":{"Geschrieben von":"Isabelle Oehri","Gesch\u00e4tzte Lesezeit":"2\u00a0Minuten"},"schema":{"@context":"https:\/\/schema.org","@graph":[{"@type":"Article","@id":"https:\/\/hub.hslu.ch\/management-and-law\/2021\/04\/22\/wurden-ihre-daten-geklaut-stellen-sie-es-fest\/#article","isPartOf":{"@id":"https:\/\/hub.hslu.ch\/management-and-law\/2021\/04\/22\/wurden-ihre-daten-geklaut-stellen-sie-es-fest\/"},"author":{"name":"Isabelle Oehri","@id":"https:\/\/hub.hslu.ch\/management-and-law\/#\/schema\/person\/fe571c9fc0254d8d85fc6fbc781b260d"},"headline":"Wurden Ihre Daten geklaut? Stellen Sie es fest","datePublished":"2021-04-22T05:01:00+00:00","dateModified":"2026-02-04T14:40:26+00:00","mainEntityOfPage":{"@id":"https:\/\/hub.hslu.ch\/management-and-law\/2021\/04\/22\/wurden-ihre-daten-geklaut-stellen-sie-es-fest\/"},"wordCount":294,"commentCount":0,"image":{"@id":"https:\/\/hub.hslu.ch\/management-and-law\/2021\/04\/22\/wurden-ihre-daten-geklaut-stellen-sie-es-fest\/#primaryimage"},"thumbnailUrl":"https:\/\/hub.hslu.ch\/management-and-law\/wp-content\/blogs.dir\/901\/files\/sites\/15\/2021\/04\/Bild1.png","articleSection":["Datenschutz &amp; Arbeitswelt","Digitalisierung und Digital Law"],"inLanguage":"de-CH","potentialAction":[{"@type":"CommentAction","name":"Comment","target":["https:\/\/hub.hslu.ch\/management-and-law\/2021\/04\/22\/wurden-ihre-daten-geklaut-stellen-sie-es-fest\/#respond"]}]},{"@type":"WebPage","@id":"https:\/\/hub.hslu.ch\/management-and-law\/2021\/04\/22\/wurden-ihre-daten-geklaut-stellen-sie-es-fest\/","url":"https:\/\/hub.hslu.ch\/management-and-law\/2021\/04\/22\/wurden-ihre-daten-geklaut-stellen-sie-es-fest\/","name":"Wurden Ihre Daten geklaut? Stellen Sie es fest - Management and Law Blog","isPartOf":{"@id":"https:\/\/hub.hslu.ch\/management-and-law\/#website"},"primaryImageOfPage":{"@id":"https:\/\/hub.hslu.ch\/management-and-law\/2021\/04\/22\/wurden-ihre-daten-geklaut-stellen-sie-es-fest\/#primaryimage"},"image":{"@id":"https:\/\/hub.hslu.ch\/management-and-law\/2021\/04\/22\/wurden-ihre-daten-geklaut-stellen-sie-es-fest\/#primaryimage"},"thumbnailUrl":"https:\/\/hub.hslu.ch\/management-and-law\/wp-content\/blogs.dir\/901\/files\/sites\/15\/2021\/04\/Bild1.png","datePublished":"2021-04-22T05:01:00+00:00","dateModified":"2026-02-04T14:40:26+00:00","author":{"@id":"https:\/\/hub.hslu.ch\/management-and-law\/#\/schema\/person\/fe571c9fc0254d8d85fc6fbc781b260d"},"breadcrumb":{"@id":"https:\/\/hub.hslu.ch\/management-and-law\/2021\/04\/22\/wurden-ihre-daten-geklaut-stellen-sie-es-fest\/#breadcrumb"},"inLanguage":"de-CH","potentialAction":[{"@type":"ReadAction","target":["https:\/\/hub.hslu.ch\/management-and-law\/2021\/04\/22\/wurden-ihre-daten-geklaut-stellen-sie-es-fest\/"]}]},{"@type":"ImageObject","inLanguage":"de-CH","@id":"https:\/\/hub.hslu.ch\/management-and-law\/2021\/04\/22\/wurden-ihre-daten-geklaut-stellen-sie-es-fest\/#primaryimage","url":"https:\/\/hub.hslu.ch\/management-and-law\/wp-content\/blogs.dir\/901\/files\/sites\/15\/2021\/04\/Bild1.png","contentUrl":"https:\/\/hub.hslu.ch\/management-and-law\/wp-content\/blogs.dir\/901\/files\/sites\/15\/2021\/04\/Bild1.png","width":605,"height":496},{"@type":"BreadcrumbList","@id":"https:\/\/hub.hslu.ch\/management-and-law\/2021\/04\/22\/wurden-ihre-daten-geklaut-stellen-sie-es-fest\/#breadcrumb","itemListElement":[{"@type":"ListItem","position":1,"name":"Home","item":"https:\/\/hub.hslu.ch\/management-and-law\/"},{"@type":"ListItem","position":2,"name":"Wurden Ihre Daten geklaut? Stellen Sie es fest"}]},{"@type":"WebSite","@id":"https:\/\/hub.hslu.ch\/management-and-law\/#website","url":"https:\/\/hub.hslu.ch\/management-and-law\/","name":"Management and Law Blog","description":"Institut f\u00fcr Betriebs- und Regional\u00f6konomie IBR","potentialAction":[{"@type":"SearchAction","target":{"@type":"EntryPoint","urlTemplate":"https:\/\/hub.hslu.ch\/management-and-law\/?s={search_term_string}"},"query-input":{"@type":"PropertyValueSpecification","valueRequired":true,"valueName":"search_term_string"}}],"inLanguage":"de-CH"},{"@type":"Person","@id":"https:\/\/hub.hslu.ch\/management-and-law\/#\/schema\/person\/fe571c9fc0254d8d85fc6fbc781b260d","name":"Isabelle Oehri","sameAs":["https:\/\/www.linkedin.com\/in\/isabelle-oehri-b81891158\/"]}]}},"featured_image_src":"https:\/\/hub.hslu.ch\/management-and-law\/wp-content\/blogs.dir\/901\/files\/sites\/15\/2021\/04\/Bild1.png","featured_image_src_square":"https:\/\/hub.hslu.ch\/management-and-law\/wp-content\/blogs.dir\/901\/files\/sites\/15\/2021\/04\/Bild1.png","author_info":{"display_name":"Isabelle Oehri","author_link":"https:\/\/hub.hslu.ch\/management-and-law\/author\/isabelleoehri\/"},"_links":{"self":[{"href":"https:\/\/hub.hslu.ch\/management-and-law\/wp-json\/wp\/v2\/posts\/3483","targetHints":{"allow":["GET"]}}],"collection":[{"href":"https:\/\/hub.hslu.ch\/management-and-law\/wp-json\/wp\/v2\/posts"}],"about":[{"href":"https:\/\/hub.hslu.ch\/management-and-law\/wp-json\/wp\/v2\/types\/post"}],"author":[{"embeddable":true,"href":"https:\/\/hub.hslu.ch\/management-and-law\/wp-json\/wp\/v2\/users\/62"}],"replies":[{"embeddable":true,"href":"https:\/\/hub.hslu.ch\/management-and-law\/wp-json\/wp\/v2\/comments?post=3483"}],"version-history":[{"count":7,"href":"https:\/\/hub.hslu.ch\/management-and-law\/wp-json\/wp\/v2\/posts\/3483\/revisions"}],"predecessor-version":[{"id":7360,"href":"https:\/\/hub.hslu.ch\/management-and-law\/wp-json\/wp\/v2\/posts\/3483\/revisions\/7360"}],"wp:featuredmedia":[{"embeddable":true,"href":"https:\/\/hub.hslu.ch\/management-and-law\/wp-json\/wp\/v2\/media\/3485"}],"wp:attachment":[{"href":"https:\/\/hub.hslu.ch\/management-and-law\/wp-json\/wp\/v2\/media?parent=3483"}],"wp:term":[{"taxonomy":"category","embeddable":true,"href":"https:\/\/hub.hslu.ch\/management-and-law\/wp-json\/wp\/v2\/categories?post=3483"},{"taxonomy":"post_tag","embeddable":true,"href":"https:\/\/hub.hslu.ch\/management-and-law\/wp-json\/wp\/v2\/tags?post=3483"}],"curies":[{"name":"wp","href":"https:\/\/api.w.org\/{rel}","templated":true}]}}