{"id":1039,"date":"2026-04-27T08:00:00","date_gmt":"2026-04-27T06:00:00","guid":{"rendered":"https:\/\/hub.hslu.ch\/mpg\/?p=1039"},"modified":"2026-04-27T13:11:24","modified_gmt":"2026-04-27T11:11:24","slug":"integrierte-versorgung-im-kanton-luzern-und-in-der-zentralschweiz-zwischen-vision-und-alltag","status":"publish","type":"post","link":"https:\/\/hub.hslu.ch\/mpg\/integrierte-versorgung-im-kanton-luzern-und-in-der-zentralschweiz-zwischen-vision-und-alltag\/","title":{"rendered":"Integrierte Versorgung im Kanton Luzern und in der Zentralschweiz: zwischen Vision und Alltag"},"content":{"rendered":"\n<p>\u00abDie Gesundheit eines Menschen und der Gesellschaft ist mehr als das Fehlen von Krankheit.\u00bb Dieser Satz aus einem anderen <a href=\"https:\/\/hub.hslu.ch\/mpg\/gesunde-menschen-produktive-wirtschaft-solidarische-gesellschaft\/\" target=\"_blank\" rel=\"noreferrer noopener\">Blog-Beitrag<\/a> weist auf einen Perspektivenwechsel hin, den wir alle vollziehen sollten. Wer \u00fcber Gesundheit und Gesundheitsversorgung nachdenkt, sollte nicht nur \u00fcber Spit\u00e4ler, Psychiatrien, Arztpraxen, die Spitex, Alters- und Pflegeheime, Tarife, die Krankenversicherung oder Digitalisierung sprechen. Mindestens so wichtig ist der Dialog \u00fcber Lebensstile, Gesundheitskompetenz, Lebenslagen, Pr\u00e4vention und Gesundheitsf\u00f6rderung. Oder die Frage, wie Gesundheit \u00fcberhaupt entsteht und welche Verantwortung wir als Gesellschaft und jede:r einzelne von uns dabei wahrnehmen sollte.<\/p>\n\n\n\n<p><strong>Eine qualitativ hochstehende und nachhaltig finanzierbare Gesundheitsversorgung<\/strong> ist und bleibt zentral \u2013 vor allem dann, wenn wir verunfallen, krank werden oder mit chronischen Erkrankungen leben. Grunds\u00e4tzlich sind wir alle auf eine optimal koordinierte Versorgung und Unterst\u00fctzung angewiesen. Gut ausgebildete Fachkr\u00e4fte diagnostizieren und behandeln Krankheiten, lindern Leid, stabilisieren Krisen, retten Leben und vieles mehr. Doch da unsere Gesundheitsversorgung vor allem auf Krankheiten spezialisiert ist \u2013 und nicht prim\u00e4r auf Gesundheit \u2013, ist sie immer wieder auf einem Auge blind. Die Forschung zeigt, dass die medizinische, pflegerische und therapeutische <a href=\"https:\/\/nam.edu\/perspectives\/social-determinants-of-health-101-for-health-care-five-plus-five\/\" target=\"_blank\" rel=\"noreferrer noopener\">Versorgung nur einen Anteil von 10 bis 20 Prozent der beinflussbaren Faktoren<\/a> ausmacht, die unsere Gesundheit bestimmen. Deutlich st\u00e4rker wirken soziale, wirtschaftliche und gesellschaftliche Faktoren. Gesundheit wird wesentlich durch die Rahmenbedingungen und die Umwelt gepr\u00e4gt, in denen wir geboren werden, leben, spielen, arbeiten und \u00e4lter werden.<\/p>\n\n\n\n<p>Gerade deshalb braucht die Schweiz mehr als eine starke \u00abKrankheitsversorgung\u00bb, sondern einen Ansatz, der sich \u00ab<a href=\"https:\/\/gesundheitsfoerderung.ch\/kantonale-aktionsprogramme\/programme\/grundlagen\/programm-ebenen\/policy\" target=\"_blank\" rel=\"noreferrer noopener\">Health in All Policies<\/a>\u00bb nennt und eine systematische <strong>Ber\u00fccksichtigung der Gesundheit in allen politischen und gesellschaftlichen Sektoren<\/strong> f\u00f6rdert (und fordert). Die obligatorische Krankenpflegeversicherung ist eine grossartige Errungenschaft, die einen einheitlichen Grundschutz bei Krankheit, Unfall und Mutterschaft bietet. Doch der Blick auf die Ausgabenstruktur zeigt, wie stark unser System noch immer kurativ gepr\u00e4gt ist: 2023 investierten wir in der Schweiz laut dem Gesundheitsobservatorium (Obsan) nur <a href=\"https:\/\/ind.obsan.admin.ch\/indicator\/monam\/ausgaben-fuer-gesundheitsfoerderung-und-praevention-nach-leistungen\" target=\"_blank\" rel=\"noreferrer noopener\">1,8 Prozent der Gesundheitsausgaben in Gesundheitsf\u00f6rderung und Pr\u00e4vention<\/a>. Gleichzeitig stellen die <a href=\"https:\/\/www.bag.admin.ch\/de\/nationale-strategie-zur-praevention-nichtuebertragbarer-krankheiten\" target=\"_blank\" rel=\"noreferrer noopener\">nicht\u00fcbertragbaren Krankheiten (NCD) eine zunehmende Herausforderung<\/a> f\u00fcr unsere Gesellschaft und unser Gesundheitssystem dar: \u00abHeute leidet ein Viertel der Schweizer Bev\u00f6lkerung an einer NCD wie Diabetes, Krebs, Herz-Kreislauf-Erkrankungen, chronische Leiden der Atemwege oder muskuloskelettale Krankheiten (Erkrankungen des Bewegungsapparats, bspw. chronische R\u00fcckenschmerzen).\u00bb Auch die psychischen Belastungen und Erkrankungen nehmen laufend zu und viele NCD sind oder w\u00e4ren vermeidbar. \u00abAlle NCD zusammen verursachen mehr als CHF 66 Mrd. der Gesundheitskosten, was einen Anteil von etwa 72 Prozent ausmacht.\u00bb (BAG, 2026) Aufgrund der demographischen und gesellschaftlichen Entwicklung wird sich diese Problematik weiter versch\u00e4rfen. Somit zeigt sich deutlich: Wer erst handelt, wenn Menschen bereits krank sind, wird weder die Gesundheit der Bev\u00f6lkerung noch die finanzielle Tragf\u00e4higkeit des Systems langfristig sichern.<\/p>\n\n\n\n<p>Hier setzt auch die <strong>koordinierte oder integrierte Versorgung<\/strong> an. Das BAG definiert koordinierte Versorgung als \u00abdie Gesamtheit der Verfahren\u00bb, die die Qualit\u00e4t von medizinischen Behandlungen \u00ab\u00fcber die ganze Behandlungskette hinweg\u00bb verbessern. \u00abMit einer guten Koordination unter den Leistungserbringern k\u00f6nnen Doppelspurigkeiten vermieden, die Qualit\u00e4t verbessert und Kosten ged\u00e4mpft werden.\u00bb (<a href=\"https:\/\/www.bag.admin.ch\/de\/koordinierte-versorgung\" target=\"_blank\" rel=\"noreferrer noopener\">BAG, 2026<\/a>) Im Zentrum steht die Patientin beziehungsweise der Patient. Das klingt zun\u00e4chst technisch und theoretisch, ist im Einzelfall aber sehr konkret. Wer z.B. mit mehreren Krankheiten lebt und sich zwischen Hausarztpraxis, Spital, Spitex, Psychiatrie oder Therapie bewegt, merkt rasch, ob die Versorgung aufeinander abgestimmt, vernetzt und integriert ist. Doch nicht nur f\u00fcr diejenigen 10 bis 20 Prozent der Bev\u00f6lkerung, die die Gesundheitsversorgung intensiv in Anspruch nehmen, wird die integrierte Versorgung immer wichtiger.<\/p>\n\n\n\n<p>In der Schweiz sind <a href=\"https:\/\/fmc.ch\/trendszenarien-integrierte-versorgung\/\" target=\"_blank\" rel=\"noreferrer noopener\"><strong>Ans\u00e4tze der koordinierten oder integrierten Versorgung<\/strong><\/a> nicht neu. Aber sie sind noch nicht fl\u00e4chendeckend in unserem Alltag angekommen. Wir m\u00fcssen konstatieren, dass wir zwar vieles wissen, doch dass die Umsetzung in diesem Bereich hinterherhinkt. Die Gesundheitsdirektorenkonferenz (GDK) schreibt in ihrem <a href=\"https:\/\/www.gdk-cds.ch\/fileadmin\/docs\/public\/gdk\/themen\/integrierte_versorgung\/GDK_Leitfaden_DE_def.pdf\" target=\"_blank\" rel=\"noreferrer noopener\">Leitfaden zur integrierten Versorgung<\/a>, dass die vorgeschlagenen Massnahmen zur F\u00f6rderung der integrierten Versorgung bewusst breit gefasst seien, weil die geografischen, politischen, kulturellen und demografischen Bedingungen in den Kantonen \u00abso verschieden\u00bb seien und \u00abdass es keine Standardl\u00f6sung gibt\u00bb. Das ist keine Ausrede, sondern eine treffende Beschreibung der Ausgangslage im Schweizer F\u00f6deralismus mit den dezentralisierten, kantonalen Zust\u00e4ndigkeiten im Gesundheitsbereich. <strong>Doch wir wissen, wie wir die Zukunft gestalten k\u00f6nn(t)en \u2013 wir m\u00fcssen es nur tun.<\/strong> Integrierte Versorgung ist kein Projekt und kein fertiges Modell. Die <a href=\"https:\/\/hub.hslu.ch\/mpg\/wie-geht-integrierte-versorgung-von-erfolgsfaktoren-und-stolpersteinen-ein-kurzer-erfahrungsbericht\/\" target=\"_blank\" rel=\"noreferrer noopener\">Umsetzung der integrierten Versorgung<\/a> ist ein langfristiger Prozess, in dem wir verschiedene lokale, kantonale, regionale und nationale Akteur:innen (und Interessen) zusammenbringen und Ver\u00e4nderungen auf unz\u00e4hligen Ebenen anstossen m\u00fcssen.<\/p>\n\n\n\n<p>Ein hilfreicher Kompass daf\u00fcr sind unter anderem die <a href=\"https:\/\/integratedcarefoundation.org\/ific-9-pillars-of-integrated-care\" target=\"_blank\" rel=\"noreferrer noopener\"><strong>\u00abNeun Pfeiler der Integrierten Versorgung\u00bb<\/strong><\/a> der internationalen Stiftung f\u00fcr Integrierte Versorgung (IFIC). Die Pfeiler der IFIC k\u00f6nnen als Meta-Framework und als Wissensbasis der Praxis und der Forschung zur F\u00f6rderung und Weiterentwicklung der integrierten Versorgung genutzt werden. <strong>Erstens<\/strong> braucht die integrierte Versorgung in der jeweiligen Region eine gemeinsame Vision, einen gemeinsamen Sinn, gemeinsame Zielsetzungen. <strong>Zweitens<\/strong> sollten wir Gesundheit im gesellschaftlichen Zusammenhang denken (siehe Umwelt-\/Kontextfaktoren oben). <strong>Drittens<\/strong> ben\u00f6tigen wir starke Partnerschaften aller relevanten Akteur:innen. <strong>Viertens<\/strong> sollte die interprofessionelle und interdisziplin\u00e4re Zusammenarbeit kontinuierlich ausgebaut werden. <strong>F\u00fcnftens<\/strong> muss klar werden, wie konkret zwischen den Leistungserbringern koordiniert wird und <strong>sechstens<\/strong> braucht es eine zweckm\u00e4ssige Governance des Gesamtsystems. <strong>Siebtens<\/strong> m\u00fcssen die relevanten Informationen und Daten fliessen k\u00f6nnen und f\u00fcr die involvierten Akteur:innen gesch\u00fctzt verf\u00fcgbar sein. Daf\u00fcr sind wir auf interoperable und mobile Technologien angewiesen. <strong>Achtens<\/strong> muss die integrierte Versorgung \u2013 und nicht nur die Leistungen der einzelnen Leistungserbringer \u2013 finanziert werden und <strong>neuntens<\/strong> sollten wir die Gesundheitsversorgung als lernendes System verstehen.<\/p>\n\n\n\n<p>Das ist keine Checkliste, die wir Schritt f\u00fcr Schritt abhaken k\u00f6nnen. Es ist ein <strong>Orientierungsrahmen,<\/strong> der aufzeigt, <strong>warum<\/strong> integrierte Versorgung wichtig ist, <strong>wie<\/strong> sie konkret aussehen kann und <strong>unter welchen Bedingungen<\/strong> sie tragf\u00e4hig und nachhaltig wird. Die Umsetzung integrierter Versorgung ist ein <a href=\"https:\/\/www.slhs.ch\/de\/\" target=\"_blank\" rel=\"noreferrer noopener\">lernendes System<\/a>, in dem Erfahrungen, Daten und Evidenz aus der Praxis und der Forschung hin und her fliessen und sowohl die Praxis als auch die Forschung und die Politik sich laufend verbessern.<\/p>\n\n\n\n<p>Die HSLU begleitet im Auftrag des Kantons Luzern die <a href=\"https:\/\/integrierte-gesundheitsversorgung.lu.ch\/\" target=\"_blank\" rel=\"noreferrer noopener\"><strong>Strategie IGeL \u2013 Integrierte Gesundheitsversorgung Kanton Luzern<\/strong><\/a> wissenschaftlich. Sie war beratend in die Strategieentwicklung involviert und begleitet nun die Umsetzung. Die Strategie beinhaltet einen Aktionsplan f\u00fcr die Jahre 2026 \u2013 2030, ein F\u00f6rderprogramm sowie eine Informations-, Austausch- und Entwicklungsplattform (<strong>Forum IGeL<\/strong>). Hausarztpraxen, Spit\u00e4ler, Pflegeheime, die Spitex, Apotheken und alle anderen Leistungserbringer sowie Gemeinden k\u00f6nnen seit dem 1. Januar 2026 F\u00f6rderprojekte einreichen \u2013 beispielsweise zur besseren (auch digitalen) Vernetzung und Zusammenarbeit untereinander, zur Palliativversorgung oder zur Vermeidung unn\u00f6tiger Notfalleinweisungen von \u00e4lteren Menschen. Die Strategie wurde 2025 in einem partizipativen Prozess mit Akteur:innen der Gesundheitsversorgung erarbeitet und zusammen mit Aktionsplan, F\u00f6rderprogramm und dem Forum IGeL im Dezember 2025 verabschiedet. Die Definition des Kantons Luzern ist umfassender als diejenige des BAG: \u00abDie integrierte (auch: koordinierte oder vernetzte) Gesundheitsversorgung umfasst die Pr\u00e4vention und Gesundheitsf\u00f6rderung, die medizinische, pflegerische und therapeutische Versorgung, die Langzeitpflege sowie die palliative Begleitung und sie erm\u00f6glicht die Koordination und Durchl\u00e4ssigkeit der Angebote und Leistungen. Die Vernetzung der Leistungserbringenden und Fachpersonen \u00fcber den gesamten Behandlungspfad (virtuell \u00b7 ambulant \u00b7 station\u00e4r) und ihre strukturierte, verbindliche Zusammenarbeit steigert die Effizienz und Qualit\u00e4t der Gesundheitsversorgung f\u00fcr die gesamte Bev\u00f6lkerung.\u00bb<\/p>\n\n\n\n<p>Im sogenannten <strong>Zielbild IGeL des Kantons Luzern<\/strong> stehen Patient:innen und die Bev\u00f6lkerung als \u00abaktive, informierte und gleichberechtigte\u00bb Partner:innen im Zentrum. Rund um sie und f\u00fcr sie sollen Gesundheitszentren und Gesundheitsnetzwerke entstehen, die eine systematische Vernetzung, wohnortsnahe Grundversorgung und verbindliche Zusammenarbeit zur Verf\u00fcgung stellen. Der Aktionsplan 2026 &#8211; 2030 nennt daf\u00fcr vier Handlungsfelder: (1) f\u00f6rderliche Rahmenbedingungen schaffen, (2) Gesundheitsnetzwerke und Gesundheitszentren aufbauen und weiterentwickeln, (3) die Zusammenarbeit zwischen Fachpersonen optimieren und (4) den Einbezug von Patientinnen und Patienten f\u00f6rdern. Unterst\u00fctzt wird dieser Prozess u.a. mit einer zentralen Koordinationsstelle, mit dem Auf- und Ausbau regionaler Planungs- und Versorgungsregionen, Arbeiten zu Rechtsgrundlagen und Verg\u00fctungsmechanismen sowie Projekten zum elektronischen Medikationsplan und zur Dateninteroperabilit\u00e4t.<\/p>\n\n\n\n<p>F\u00fcr den Kanton Luzern, die Zentralschweiz und andere Regionen liegen genau darin die Chancen, die es zu packen gilt. Integrierte Versorgung verspricht nicht die perfekte, gesunde Welt. Aber sie nimmt ernst, was viele Patient:innen und Fachpersonen seit Jahren erleben. Eine gute Versorgung h\u00e4ngt nicht nur an den einzelnen Leistungserbringern, sondern auch an den \u00dcberg\u00e4ngen, der Abstimmung, der Verl\u00e4sslichkeit des gesamten Systems und dem systematischen Einbezug der Patient:innen und bei Bedarf auch der Angeh\u00f6rigen. Das Umsetzungsprojekt des Kantons Luzern ist gestartet. Wir sind gespannt, wie sich die Arbeiten entwickeln werden und w\u00fcnschen dem Projekt eine stetige Reflexion des Entwicklungsprozesses, eine agile Weiterentwicklung und dass die angestrebten Ziele m\u00f6glichst umfassend erreicht werden. F\u00fcr ein effizientes, solidarisches und nachhaltiges Gesundheitswesen braucht es allerdings nicht nur die Anstrengungen des Kantons \u2013 es braucht uns alle.<\/p>\n","protected":false},"excerpt":{"rendered":"<p>Wir alle wollen gesund bleiben oder gesund werden. Wie kann die Gesundheitsversorgung uns dabei unterst\u00fctzen? Ist die Integrierte Versorgung im Kanton Luzern nur eine Vision oder schon Alltag?<\/p>\n","protected":false},"author":192,"featured_media":1038,"comment_status":"open","ping_status":"closed","sticky":false,"template":"","format":"standard","meta":{"_acf_changed":false,"inline_featured_image":false,"_relevanssi_hide_post":"","_relevanssi_hide_content":"","_relevanssi_pin_for_all":"","_relevanssi_pin_keywords":"","_relevanssi_unpin_keywords":"","_relevanssi_related_keywords":"","_relevanssi_related_include_ids":"","_relevanssi_related_exclude_ids":"","_relevanssi_related_no_append":"","_relevanssi_related_not_related":"","_relevanssi_related_posts":"356,658,580,643,788,599","_relevanssi_noindex_reason":"","footnotes":"","_links_to":"","_links_to_target":""},"categories":[9,148,55],"tags":[152,94,32,92,153,42,151,89],"class_list":["post-1039","post","type-post","status-publish","format-standard","has-post-thumbnail","hentry","category-dienstleistung-und-beratung","category-integrierte-versorgung","category-regionale-versorgung","tag-forum-igel","tag-gesundheitsfoerderung","tag-gesundheitspolitik","tag-health-in-all-policies","tag-koordinierte-versorgung","tag-langzeitpflege","tag-nsd","tag-praevention"],"acf":[],"yoast_head":"<!-- This site is optimized with the Yoast SEO plugin v27.4 - https:\/\/yoast.com\/product\/yoast-seo-wordpress\/ -->\n<title>Integrierte Versorgung im Kanton Luzern und in der Zentralschweiz: zwischen Vision und Alltag - Management und Politik im Gesundheitswesen<\/title>\n<meta name=\"robots\" content=\"index, follow, max-snippet:-1, max-image-preview:large, max-video-preview:-1\" \/>\n<link rel=\"canonical\" href=\"https:\/\/hub.hslu.ch\/mpg\/integrierte-versorgung-im-kanton-luzern-und-in-der-zentralschweiz-zwischen-vision-und-alltag\/\" \/>\n<meta property=\"og:locale\" content=\"de_DE\" \/>\n<meta property=\"og:type\" content=\"article\" \/>\n<meta property=\"og:title\" content=\"Integrierte Versorgung im Kanton Luzern und in der Zentralschweiz: zwischen Vision und Alltag - Management und Politik im Gesundheitswesen\" \/>\n<meta property=\"og:description\" content=\"Wir alle wollen gesund bleiben oder gesund werden. Wie kann die Gesundheitsversorgung uns dabei unterst\u00fctzen? Ist die Integrierte Versorgung im Kanton Luzern nur eine Vision oder schon Alltag?\" \/>\n<meta property=\"og:url\" content=\"https:\/\/hub.hslu.ch\/mpg\/integrierte-versorgung-im-kanton-luzern-und-in-der-zentralschweiz-zwischen-vision-und-alltag\/\" \/>\n<meta property=\"og:site_name\" content=\"Management und Politik im Gesundheitswesen\" \/>\n<meta property=\"article:published_time\" content=\"2026-04-27T06:00:00+00:00\" \/>\n<meta property=\"article:modified_time\" content=\"2026-04-27T11:11:24+00:00\" \/>\n<meta property=\"og:image\" content=\"https:\/\/hub.hslu.ch\/mpg\/wp-content\/uploads\/sites\/27\/2026\/04\/Grafik_IntVers.png\" \/>\n\t<meta property=\"og:image:width\" content=\"1450\" \/>\n\t<meta property=\"og:image:height\" content=\"825\" \/>\n\t<meta property=\"og:image:type\" content=\"image\/png\" \/>\n<meta name=\"author\" content=\"kaisaruo\" \/>\n<meta name=\"twitter:card\" content=\"summary_large_image\" \/>\n<meta name=\"twitter:label1\" content=\"Geschrieben von\" \/>\n\t<meta name=\"twitter:data1\" content=\"kaisaruo\" \/>\n\t<meta name=\"twitter:label2\" content=\"Gesch\u00e4tzte Lesezeit\" \/>\n\t<meta name=\"twitter:data2\" content=\"8\u00a0Minuten\" \/>\n<script type=\"application\/ld+json\" class=\"yoast-schema-graph\">{\"@context\":\"https:\\\/\\\/schema.org\",\"@graph\":[{\"@type\":\"Article\",\"@id\":\"https:\\\/\\\/hub.hslu.ch\\\/mpg\\\/integrierte-versorgung-im-kanton-luzern-und-in-der-zentralschweiz-zwischen-vision-und-alltag\\\/#article\",\"isPartOf\":{\"@id\":\"https:\\\/\\\/hub.hslu.ch\\\/mpg\\\/integrierte-versorgung-im-kanton-luzern-und-in-der-zentralschweiz-zwischen-vision-und-alltag\\\/\"},\"author\":{\"name\":\"kaisaruo\",\"@id\":\"https:\\\/\\\/hub.hslu.ch\\\/mpg\\\/#\\\/schema\\\/person\\\/40865e24fa6243bb80acf8afb89d115d\"},\"headline\":\"Integrierte Versorgung im Kanton Luzern und in der Zentralschweiz: zwischen Vision und Alltag\",\"datePublished\":\"2026-04-27T06:00:00+00:00\",\"dateModified\":\"2026-04-27T11:11:24+00:00\",\"mainEntityOfPage\":{\"@id\":\"https:\\\/\\\/hub.hslu.ch\\\/mpg\\\/integrierte-versorgung-im-kanton-luzern-und-in-der-zentralschweiz-zwischen-vision-und-alltag\\\/\"},\"wordCount\":1454,\"commentCount\":0,\"image\":{\"@id\":\"https:\\\/\\\/hub.hslu.ch\\\/mpg\\\/integrierte-versorgung-im-kanton-luzern-und-in-der-zentralschweiz-zwischen-vision-und-alltag\\\/#primaryimage\"},\"thumbnailUrl\":\"https:\\\/\\\/hub.hslu.ch\\\/mpg\\\/wp-content\\\/uploads\\\/sites\\\/27\\\/2026\\\/04\\\/Grafik_IntVers.png\",\"keywords\":[\"Forum IGeL\",\"Gesundheitsf\u00f6rderung\",\"Gesundheitspolitik\",\"Health in all policies\",\"Koordinierte Versorgung\",\"Langzeitpflege\",\"NSD\",\"Pr\u00e4vention\"],\"articleSection\":[\"Dienstleistung und Beratung\",\"Integrierte Versorgung\",\"Regionale Versorgung\"],\"inLanguage\":\"de-CH\",\"potentialAction\":[{\"@type\":\"CommentAction\",\"name\":\"Comment\",\"target\":[\"https:\\\/\\\/hub.hslu.ch\\\/mpg\\\/integrierte-versorgung-im-kanton-luzern-und-in-der-zentralschweiz-zwischen-vision-und-alltag\\\/#respond\"]}]},{\"@type\":\"WebPage\",\"@id\":\"https:\\\/\\\/hub.hslu.ch\\\/mpg\\\/integrierte-versorgung-im-kanton-luzern-und-in-der-zentralschweiz-zwischen-vision-und-alltag\\\/\",\"url\":\"https:\\\/\\\/hub.hslu.ch\\\/mpg\\\/integrierte-versorgung-im-kanton-luzern-und-in-der-zentralschweiz-zwischen-vision-und-alltag\\\/\",\"name\":\"Integrierte Versorgung im Kanton Luzern und in der Zentralschweiz: zwischen Vision und Alltag - Management und Politik im Gesundheitswesen\",\"isPartOf\":{\"@id\":\"https:\\\/\\\/hub.hslu.ch\\\/mpg\\\/#website\"},\"primaryImageOfPage\":{\"@id\":\"https:\\\/\\\/hub.hslu.ch\\\/mpg\\\/integrierte-versorgung-im-kanton-luzern-und-in-der-zentralschweiz-zwischen-vision-und-alltag\\\/#primaryimage\"},\"image\":{\"@id\":\"https:\\\/\\\/hub.hslu.ch\\\/mpg\\\/integrierte-versorgung-im-kanton-luzern-und-in-der-zentralschweiz-zwischen-vision-und-alltag\\\/#primaryimage\"},\"thumbnailUrl\":\"https:\\\/\\\/hub.hslu.ch\\\/mpg\\\/wp-content\\\/uploads\\\/sites\\\/27\\\/2026\\\/04\\\/Grafik_IntVers.png\",\"datePublished\":\"2026-04-27T06:00:00+00:00\",\"dateModified\":\"2026-04-27T11:11:24+00:00\",\"author\":{\"@id\":\"https:\\\/\\\/hub.hslu.ch\\\/mpg\\\/#\\\/schema\\\/person\\\/40865e24fa6243bb80acf8afb89d115d\"},\"breadcrumb\":{\"@id\":\"https:\\\/\\\/hub.hslu.ch\\\/mpg\\\/integrierte-versorgung-im-kanton-luzern-und-in-der-zentralschweiz-zwischen-vision-und-alltag\\\/#breadcrumb\"},\"inLanguage\":\"de-CH\",\"potentialAction\":[{\"@type\":\"ReadAction\",\"target\":[\"https:\\\/\\\/hub.hslu.ch\\\/mpg\\\/integrierte-versorgung-im-kanton-luzern-und-in-der-zentralschweiz-zwischen-vision-und-alltag\\\/\"]}]},{\"@type\":\"ImageObject\",\"inLanguage\":\"de-CH\",\"@id\":\"https:\\\/\\\/hub.hslu.ch\\\/mpg\\\/integrierte-versorgung-im-kanton-luzern-und-in-der-zentralschweiz-zwischen-vision-und-alltag\\\/#primaryimage\",\"url\":\"https:\\\/\\\/hub.hslu.ch\\\/mpg\\\/wp-content\\\/uploads\\\/sites\\\/27\\\/2026\\\/04\\\/Grafik_IntVers.png\",\"contentUrl\":\"https:\\\/\\\/hub.hslu.ch\\\/mpg\\\/wp-content\\\/uploads\\\/sites\\\/27\\\/2026\\\/04\\\/Grafik_IntVers.png\",\"width\":1450,\"height\":825,\"caption\":\"Zielbild Integrierte Gesundheitsversorgung Kanton Luzern (Strategie 2035 ff. Integrierte Gesundheitsversorgung Kanton Luzern (IGeL), 2025)\"},{\"@type\":\"BreadcrumbList\",\"@id\":\"https:\\\/\\\/hub.hslu.ch\\\/mpg\\\/integrierte-versorgung-im-kanton-luzern-und-in-der-zentralschweiz-zwischen-vision-und-alltag\\\/#breadcrumb\",\"itemListElement\":[{\"@type\":\"ListItem\",\"position\":1,\"name\":\"Home\",\"item\":\"https:\\\/\\\/hub.hslu.ch\\\/mpg\\\/\"},{\"@type\":\"ListItem\",\"position\":2,\"name\":\"Integrierte Versorgung im Kanton Luzern und in der Zentralschweiz: zwischen Vision und Alltag\"}]},{\"@type\":\"WebSite\",\"@id\":\"https:\\\/\\\/hub.hslu.ch\\\/mpg\\\/#website\",\"url\":\"https:\\\/\\\/hub.hslu.ch\\\/mpg\\\/\",\"name\":\"Management und Politik im Gesundheitswesen\",\"description\":\"Institut f\u00fcr Betriebs- und Regional\u00f6konomie IBR Kompetenzzentrum Public and Nonprofit Management CC PNM\",\"potentialAction\":[{\"@type\":\"SearchAction\",\"target\":{\"@type\":\"EntryPoint\",\"urlTemplate\":\"https:\\\/\\\/hub.hslu.ch\\\/mpg\\\/?s={search_term_string}\"},\"query-input\":{\"@type\":\"PropertyValueSpecification\",\"valueRequired\":true,\"valueName\":\"search_term_string\"}}],\"inLanguage\":\"de-CH\"},{\"@type\":\"Person\",\"@id\":\"https:\\\/\\\/hub.hslu.ch\\\/mpg\\\/#\\\/schema\\\/person\\\/40865e24fa6243bb80acf8afb89d115d\",\"name\":\"kaisaruo\"}]}<\/script>\n<!-- \/ Yoast SEO plugin. -->","yoast_head_json":{"title":"Integrierte Versorgung im Kanton Luzern und in der Zentralschweiz: zwischen Vision und Alltag - Management und Politik im Gesundheitswesen","robots":{"index":"index","follow":"follow","max-snippet":"max-snippet:-1","max-image-preview":"max-image-preview:large","max-video-preview":"max-video-preview:-1"},"canonical":"https:\/\/hub.hslu.ch\/mpg\/integrierte-versorgung-im-kanton-luzern-und-in-der-zentralschweiz-zwischen-vision-und-alltag\/","og_locale":"de_DE","og_type":"article","og_title":"Integrierte Versorgung im Kanton Luzern und in der Zentralschweiz: zwischen Vision und Alltag - Management und Politik im Gesundheitswesen","og_description":"Wir alle wollen gesund bleiben oder gesund werden. Wie kann die Gesundheitsversorgung uns dabei unterst\u00fctzen? Ist die Integrierte Versorgung im Kanton Luzern nur eine Vision oder schon Alltag?","og_url":"https:\/\/hub.hslu.ch\/mpg\/integrierte-versorgung-im-kanton-luzern-und-in-der-zentralschweiz-zwischen-vision-und-alltag\/","og_site_name":"Management und Politik im Gesundheitswesen","article_published_time":"2026-04-27T06:00:00+00:00","article_modified_time":"2026-04-27T11:11:24+00:00","og_image":[{"width":1450,"height":825,"url":"https:\/\/hub.hslu.ch\/mpg\/wp-content\/uploads\/sites\/27\/2026\/04\/Grafik_IntVers.png","type":"image\/png"}],"author":"kaisaruo","twitter_card":"summary_large_image","twitter_misc":{"Geschrieben von":"kaisaruo","Gesch\u00e4tzte Lesezeit":"8\u00a0Minuten"},"schema":{"@context":"https:\/\/schema.org","@graph":[{"@type":"Article","@id":"https:\/\/hub.hslu.ch\/mpg\/integrierte-versorgung-im-kanton-luzern-und-in-der-zentralschweiz-zwischen-vision-und-alltag\/#article","isPartOf":{"@id":"https:\/\/hub.hslu.ch\/mpg\/integrierte-versorgung-im-kanton-luzern-und-in-der-zentralschweiz-zwischen-vision-und-alltag\/"},"author":{"name":"kaisaruo","@id":"https:\/\/hub.hslu.ch\/mpg\/#\/schema\/person\/40865e24fa6243bb80acf8afb89d115d"},"headline":"Integrierte Versorgung im Kanton Luzern und in der Zentralschweiz: zwischen Vision und Alltag","datePublished":"2026-04-27T06:00:00+00:00","dateModified":"2026-04-27T11:11:24+00:00","mainEntityOfPage":{"@id":"https:\/\/hub.hslu.ch\/mpg\/integrierte-versorgung-im-kanton-luzern-und-in-der-zentralschweiz-zwischen-vision-und-alltag\/"},"wordCount":1454,"commentCount":0,"image":{"@id":"https:\/\/hub.hslu.ch\/mpg\/integrierte-versorgung-im-kanton-luzern-und-in-der-zentralschweiz-zwischen-vision-und-alltag\/#primaryimage"},"thumbnailUrl":"https:\/\/hub.hslu.ch\/mpg\/wp-content\/uploads\/sites\/27\/2026\/04\/Grafik_IntVers.png","keywords":["Forum IGeL","Gesundheitsf\u00f6rderung","Gesundheitspolitik","Health in all policies","Koordinierte Versorgung","Langzeitpflege","NSD","Pr\u00e4vention"],"articleSection":["Dienstleistung und Beratung","Integrierte Versorgung","Regionale Versorgung"],"inLanguage":"de-CH","potentialAction":[{"@type":"CommentAction","name":"Comment","target":["https:\/\/hub.hslu.ch\/mpg\/integrierte-versorgung-im-kanton-luzern-und-in-der-zentralschweiz-zwischen-vision-und-alltag\/#respond"]}]},{"@type":"WebPage","@id":"https:\/\/hub.hslu.ch\/mpg\/integrierte-versorgung-im-kanton-luzern-und-in-der-zentralschweiz-zwischen-vision-und-alltag\/","url":"https:\/\/hub.hslu.ch\/mpg\/integrierte-versorgung-im-kanton-luzern-und-in-der-zentralschweiz-zwischen-vision-und-alltag\/","name":"Integrierte Versorgung im Kanton Luzern und in der Zentralschweiz: zwischen Vision und Alltag - Management und Politik im Gesundheitswesen","isPartOf":{"@id":"https:\/\/hub.hslu.ch\/mpg\/#website"},"primaryImageOfPage":{"@id":"https:\/\/hub.hslu.ch\/mpg\/integrierte-versorgung-im-kanton-luzern-und-in-der-zentralschweiz-zwischen-vision-und-alltag\/#primaryimage"},"image":{"@id":"https:\/\/hub.hslu.ch\/mpg\/integrierte-versorgung-im-kanton-luzern-und-in-der-zentralschweiz-zwischen-vision-und-alltag\/#primaryimage"},"thumbnailUrl":"https:\/\/hub.hslu.ch\/mpg\/wp-content\/uploads\/sites\/27\/2026\/04\/Grafik_IntVers.png","datePublished":"2026-04-27T06:00:00+00:00","dateModified":"2026-04-27T11:11:24+00:00","author":{"@id":"https:\/\/hub.hslu.ch\/mpg\/#\/schema\/person\/40865e24fa6243bb80acf8afb89d115d"},"breadcrumb":{"@id":"https:\/\/hub.hslu.ch\/mpg\/integrierte-versorgung-im-kanton-luzern-und-in-der-zentralschweiz-zwischen-vision-und-alltag\/#breadcrumb"},"inLanguage":"de-CH","potentialAction":[{"@type":"ReadAction","target":["https:\/\/hub.hslu.ch\/mpg\/integrierte-versorgung-im-kanton-luzern-und-in-der-zentralschweiz-zwischen-vision-und-alltag\/"]}]},{"@type":"ImageObject","inLanguage":"de-CH","@id":"https:\/\/hub.hslu.ch\/mpg\/integrierte-versorgung-im-kanton-luzern-und-in-der-zentralschweiz-zwischen-vision-und-alltag\/#primaryimage","url":"https:\/\/hub.hslu.ch\/mpg\/wp-content\/uploads\/sites\/27\/2026\/04\/Grafik_IntVers.png","contentUrl":"https:\/\/hub.hslu.ch\/mpg\/wp-content\/uploads\/sites\/27\/2026\/04\/Grafik_IntVers.png","width":1450,"height":825,"caption":"Zielbild Integrierte Gesundheitsversorgung Kanton Luzern (Strategie 2035 ff. Integrierte Gesundheitsversorgung Kanton Luzern (IGeL), 2025)"},{"@type":"BreadcrumbList","@id":"https:\/\/hub.hslu.ch\/mpg\/integrierte-versorgung-im-kanton-luzern-und-in-der-zentralschweiz-zwischen-vision-und-alltag\/#breadcrumb","itemListElement":[{"@type":"ListItem","position":1,"name":"Home","item":"https:\/\/hub.hslu.ch\/mpg\/"},{"@type":"ListItem","position":2,"name":"Integrierte Versorgung im Kanton Luzern und in der Zentralschweiz: zwischen Vision und Alltag"}]},{"@type":"WebSite","@id":"https:\/\/hub.hslu.ch\/mpg\/#website","url":"https:\/\/hub.hslu.ch\/mpg\/","name":"Management und Politik im Gesundheitswesen","description":"Institut f\u00fcr Betriebs- und Regional\u00f6konomie IBR Kompetenzzentrum Public and Nonprofit Management CC PNM","potentialAction":[{"@type":"SearchAction","target":{"@type":"EntryPoint","urlTemplate":"https:\/\/hub.hslu.ch\/mpg\/?s={search_term_string}"},"query-input":{"@type":"PropertyValueSpecification","valueRequired":true,"valueName":"search_term_string"}}],"inLanguage":"de-CH"},{"@type":"Person","@id":"https:\/\/hub.hslu.ch\/mpg\/#\/schema\/person\/40865e24fa6243bb80acf8afb89d115d","name":"kaisaruo"}]}},"featured_image_src":"https:\/\/hub.hslu.ch\/mpg\/wp-content\/uploads\/sites\/27\/2026\/04\/Grafik_IntVers-600x400.png","featured_image_src_square":"https:\/\/hub.hslu.ch\/mpg\/wp-content\/uploads\/sites\/27\/2026\/04\/Grafik_IntVers-600x600.png","author_info":{"display_name":"kaisaruo","author_link":"https:\/\/hub.hslu.ch\/mpg\/author\/kaisaruo\/"},"_links":{"self":[{"href":"https:\/\/hub.hslu.ch\/mpg\/wp-json\/wp\/v2\/posts\/1039","targetHints":{"allow":["GET"]}}],"collection":[{"href":"https:\/\/hub.hslu.ch\/mpg\/wp-json\/wp\/v2\/posts"}],"about":[{"href":"https:\/\/hub.hslu.ch\/mpg\/wp-json\/wp\/v2\/types\/post"}],"author":[{"embeddable":true,"href":"https:\/\/hub.hslu.ch\/mpg\/wp-json\/wp\/v2\/users\/192"}],"replies":[{"embeddable":true,"href":"https:\/\/hub.hslu.ch\/mpg\/wp-json\/wp\/v2\/comments?post=1039"}],"version-history":[{"count":6,"href":"https:\/\/hub.hslu.ch\/mpg\/wp-json\/wp\/v2\/posts\/1039\/revisions"}],"predecessor-version":[{"id":1050,"href":"https:\/\/hub.hslu.ch\/mpg\/wp-json\/wp\/v2\/posts\/1039\/revisions\/1050"}],"wp:featuredmedia":[{"embeddable":true,"href":"https:\/\/hub.hslu.ch\/mpg\/wp-json\/wp\/v2\/media\/1038"}],"wp:attachment":[{"href":"https:\/\/hub.hslu.ch\/mpg\/wp-json\/wp\/v2\/media?parent=1039"}],"wp:term":[{"taxonomy":"category","embeddable":true,"href":"https:\/\/hub.hslu.ch\/mpg\/wp-json\/wp\/v2\/categories?post=1039"},{"taxonomy":"post_tag","embeddable":true,"href":"https:\/\/hub.hslu.ch\/mpg\/wp-json\/wp\/v2\/tags?post=1039"}],"curies":[{"name":"wp","href":"https:\/\/api.w.org\/{rel}","templated":true}]}}