{"id":345,"date":"2024-09-10T12:15:37","date_gmt":"2024-09-10T10:15:37","guid":{"rendered":"https:\/\/hub.hslu.ch\/mpg\/?p=345"},"modified":"2026-02-11T14:54:14","modified_gmt":"2026-02-11T13:54:14","slug":"kein-wettbewerb-bei-tarifstrukturen","status":"publish","type":"post","link":"https:\/\/hub.hslu.ch\/mpg\/kein-wettbewerb-bei-tarifstrukturen\/","title":{"rendered":"Was hat der USB-C Zwang beim I-Phone mit dem Schweizer Gesundheitswesen zu tun?"},"content":{"rendered":"\n\n\n<p>Das Schweizer Gesundheitssystem kennt viele Eigenheiten. Es ist beispielsweise gepr\u00e4gt von zahlreichen Stakeholdern, die sich \u00fcblicherweise in Verb\u00e4nden organisieren und internen Zwist so weit wie m\u00f6glich intern bereinigen, um dann \u2013 mehr oder weniger geeint \u2013 nach aussen in Verhandlungen zu treten. Eine weitere gewichtige Eigenheit des Schweizer Gesundheitssystems: relativ viel Kompetenz wird vom Staat an Dritte delegiert. Diese \u2013 Achtung Politikwissenschaft \u2013 neo-korporatistischen Arrangements, in denen Verb\u00e4nde Staatsaufgaben \u00fcbernehmen, zeigen sich beispielsweise bei der Preisbildung im Gesundheitswesen. Wieviel kostet ein Blinddarm in der Schweiz? Dies legt weder das BAG noch eine kantonale Stelle fest. Das KVG delegiert diese Kompetenz an die Tarifpartner in der Annahme, dass \u2013 stark vereinfacht \u2013 die Krankenkassen so wenig wie m\u00f6glich bezahlen wollen und die Leistungserbringer auf der anderen Seite so viel wie m\u00f6glich erhalten m\u00f6chten. Wenn sich diese beiden Parteien einigen \u2013 so die Annahme \u2013 dann wird der Preis auch f\u00fcr uns Konsumentinnen und Konsumenten passen und die\/den Steuer- bzw. Pr\u00e4mienzahler\/in nicht \u00fcberm\u00e4ssig belasten.<\/p>\n\n\n\n<p>Damit nun nicht jede einzelne T\u00e4tigkeit von jedem Leistungserbringer mit jeder Kasse separat verhandelt und fixiert wird, kommen sogenannte Tarifstruktur-Systeme zum Einsatz. Aktuell sind in der Schweiz parallel zahlreiche Tarifstruktur-Systeme im Einsatz. Eines der modernsten ist Swiss DRG f\u00fcr die Akutspit\u00e4ler, welches mit Fallpauschalen arbeitet und sich \u2013 unter Aufsicht der Swiss DRG AG \u2013 im Sinne eines lernenden Systems kontinuierlich weiterentwickelt. Der Pflegetarif, der in der KLV als Minutentarif festgelegt ist, geh\u00f6rt zu den \u00e4lteren Tarifen. Zu den umstritteneren z\u00e4hlt der TARMED, der 1996 mit dem KVG in Kraft trat und alle ambulanten \u00e4rztlichen Leistungen in einem Einzelleistungstarif abbildet. Dieser ist heillos veraltet und zahlreiche Revisionen sind gescheitert. Im Juni 2024 hat nun Bundesr\u00e4tin Baume Schneider das Revisionsprojekt Tardoc mit Auflagen genehmigt. Es wird sich zeigen, ob der Tardoc am Ende tats\u00e4chlich kommt.<\/p>\n\n\n\n<p>Diese Tarifstruktur-Systeme im Schweizerischen Gesundheitswesen haben es in sich. F\u00fcr jeden Bereich gibt es eigene Strukturen. Erst, wenn diese einmal gefestigt sind, geht es in die Preisverhandlungen. Dass sich mehrere Einkaufsgemeinschaften einen Wettbewerb bei den Preisen liefern, ist eine gute Sache und f\u00fchrt zu innovativen Prozessen und einer gewissen Preisdynamik. \u00dcbergeordnet werden die Tarifstruktur-Systeme von den zust\u00e4ndigen Verb\u00e4nden entwickelt und verhandelt. Das braucht vielmehr Knowhow, Zeit und Vertrauen als reine Preisverhandlungen. Die Tarifstruktur-Systeme gleichen den Steckdosen. Wettbewerb ist eine gute Sache, damit er aber funktioniert, braucht es eine Einigung auf gewisse Standards. Dass die EU Apple nun gezwungen hat, auf immer wieder neue, eigene Standards zu verzichten und sich in Zukunft auf den USB-C Anschluss zu fokussieren, ist deshalb eine gute Nachricht. Denn niemand will Wettbewerb beim Kabelsalat, bei den Produkten, Dienstleistungen und Prozessen aber schon. Dieser Wettbewerb wird durch gemeinsame Standards nicht gehemmt, sondern im Gegenteil eher gef\u00f6rdert.<\/p>\n\n\n\n<p>Dass die Krankenversicherer sich w\u00e4hrend 11 Jahren einen Wettbewerb auf Ebene der Tarifstrukturen geleistet haben, ist unverst\u00e4ndlich. Der Ausweg \u00fcber einen neuen Verband, der im Juni 2024 angek\u00fcndigt wurde, l\u00e4sst hoffen. Auch wenn die gleichen Personen zu den gleichen Themen in den gleichen S\u00e4len verhandeln werden, finden Sie vielleicht den USB-C Anschluss im Gesundheitswesen. Ich hoffe es. Die Art und Weise wie dieser neue Verband angek\u00fcndigt wurde, erinnert hingegen unangenehm an die Vorgehensweise von vor 11 Jahren. Es wurde schon ordentlich Geschirr zerschlagen, bevor der Verband \u00fcberhaupt formell gegr\u00fcndet wird. W\u00e4re das ein Thema f\u00fcr einen eigenen Blog?<\/p>\n\n\n\n<hr class=\"wp-block-separator has-alpha-channel-opacity\" \/>\n\n\n\n<p><em>Die auf diesem Blog ver\u00f6ffentlichten Beitr\u00e4ge spiegeln die pers\u00f6nlichen Meinungen und Einsch\u00e4tzungen der Autor:innen wider und entsprechen nicht zwingend der offiziellen Haltung der Hochschule Luzern.<\/em><\/p>\n","protected":false},"excerpt":{"rendered":"<p>Im Herbst 2023 wird Apple von der EU zur Umstellung auf USB-C gezwungen. Vergeblich lobbyierte Apple dagegen an und wollte auch weiterhin Wettbewerb beim Kabelsalat. In der Schweiz hat sich die Krankenversicherungsbranche w\u00e4hrend 11 Jahren ebenfalls einen Wettbewerb beim Kabelsalat geleistet, wenn auch weitaus komplexeren Inhalts.<\/p>\n","protected":false},"author":192,"featured_media":346,"comment_status":"open","ping_status":"open","sticky":false,"template":"","format":"standard","meta":{"_acf_changed":false,"inline_featured_image":false,"_relevanssi_hide_post":"","_relevanssi_hide_content":"","_relevanssi_pin_for_all":"","_relevanssi_pin_keywords":"","_relevanssi_unpin_keywords":"","_relevanssi_related_keywords":"","_relevanssi_related_include_ids":"","_relevanssi_related_exclude_ids":"","_relevanssi_related_no_append":"","_relevanssi_related_not_related":"","_relevanssi_related_posts":"182,1,191","_relevanssi_noindex_reason":"","footnotes":"","_links_to":"","_links_to_target":""},"categories":[53,63,56],"tags":[32,33,40,30,36,47],"class_list":["post-345","post","type-post","status-publish","format-standard","has-post-thumbnail","hentry","category-leistungserbringer","category-tarifstruktur","category-verbaende","tag-gesundheitspolitik","tag-integrierte-versorgung","tag-krankenversicherer","tag-leistungserbringer","tag-tarifgestaltung","tag-verbaende"],"acf":[],"yoast_head":"<!-- This site is optimized with the Yoast SEO plugin v27.5 - https:\/\/yoast.com\/product\/yoast-seo-wordpress\/ -->\n<title>Was hat der USB-C Zwang beim I-Phone mit dem Schweizer Gesundheitswesen zu tun? - Management und Politik im Gesundheitswesen<\/title>\n<meta name=\"robots\" content=\"index, follow, max-snippet:-1, max-image-preview:large, max-video-preview:-1\" \/>\n<link rel=\"canonical\" href=\"https:\/\/hub.hslu.ch\/mpg\/kein-wettbewerb-bei-tarifstrukturen\/\" \/>\n<meta property=\"og:locale\" content=\"de_DE\" \/>\n<meta property=\"og:type\" content=\"article\" \/>\n<meta property=\"og:title\" content=\"Was hat der USB-C Zwang beim I-Phone mit dem Schweizer Gesundheitswesen zu tun? - Management und Politik im Gesundheitswesen\" \/>\n<meta property=\"og:description\" content=\"Im Herbst 2023 wird Apple von der EU zur Umstellung auf USB-C gezwungen. Vergeblich lobbyierte Apple dagegen an und wollte auch weiterhin Wettbewerb beim Kabelsalat. In der Schweiz hat sich die Krankenversicherungsbranche w\u00e4hrend 11 Jahren ebenfalls einen Wettbewerb beim Kabelsalat geleistet, wenn auch weitaus komplexeren Inhalts.\" \/>\n<meta property=\"og:url\" content=\"https:\/\/hub.hslu.ch\/mpg\/kein-wettbewerb-bei-tarifstrukturen\/\" \/>\n<meta property=\"og:site_name\" content=\"Management und Politik im Gesundheitswesen\" \/>\n<meta property=\"article:published_time\" content=\"2024-09-10T10:15:37+00:00\" \/>\n<meta property=\"article:modified_time\" content=\"2026-02-11T13:54:14+00:00\" \/>\n<meta property=\"og:image\" content=\"https:\/\/hub.hslu.ch\/mpg\/wp-content\/uploads\/sites\/27\/2024\/06\/Bild1.jpg\" \/>\n\t<meta property=\"og:image:width\" content=\"970\" \/>\n\t<meta property=\"og:image:height\" content=\"647\" \/>\n\t<meta property=\"og:image:type\" content=\"image\/jpeg\" \/>\n<meta name=\"author\" content=\"kaisaruo\" \/>\n<meta name=\"twitter:card\" content=\"summary_large_image\" \/>\n<meta name=\"twitter:label1\" content=\"Geschrieben von\" \/>\n\t<meta name=\"twitter:data1\" content=\"kaisaruo\" \/>\n\t<meta name=\"twitter:label2\" content=\"Gesch\u00e4tzte Lesezeit\" \/>\n\t<meta name=\"twitter:data2\" content=\"4\u00a0Minuten\" \/>\n<script type=\"application\/ld+json\" class=\"yoast-schema-graph\">{\"@context\":\"https:\\\/\\\/schema.org\",\"@graph\":[{\"@type\":\"Article\",\"@id\":\"https:\\\/\\\/hub.hslu.ch\\\/mpg\\\/kein-wettbewerb-bei-tarifstrukturen\\\/#article\",\"isPartOf\":{\"@id\":\"https:\\\/\\\/hub.hslu.ch\\\/mpg\\\/kein-wettbewerb-bei-tarifstrukturen\\\/\"},\"author\":{\"name\":\"kaisaruo\",\"@id\":\"https:\\\/\\\/hub.hslu.ch\\\/mpg\\\/#\\\/schema\\\/person\\\/40865e24fa6243bb80acf8afb89d115d\"},\"headline\":\"Was hat der USB-C Zwang beim I-Phone mit dem Schweizer Gesundheitswesen zu tun?\",\"datePublished\":\"2024-09-10T10:15:37+00:00\",\"dateModified\":\"2026-02-11T13:54:14+00:00\",\"mainEntityOfPage\":{\"@id\":\"https:\\\/\\\/hub.hslu.ch\\\/mpg\\\/kein-wettbewerb-bei-tarifstrukturen\\\/\"},\"wordCount\":604,\"commentCount\":0,\"image\":{\"@id\":\"https:\\\/\\\/hub.hslu.ch\\\/mpg\\\/kein-wettbewerb-bei-tarifstrukturen\\\/#primaryimage\"},\"thumbnailUrl\":\"https:\\\/\\\/hub.hslu.ch\\\/mpg\\\/wp-content\\\/uploads\\\/sites\\\/27\\\/2024\\\/06\\\/Bild1.jpg\",\"keywords\":[\"Gesundheitspolitik\",\"Integrierte Versorgung\",\"Krankenversicherer\",\"Leistungserbringer\",\"Tarifgestaltung\",\"Verb\u00e4nde\"],\"articleSection\":[\"Leistungserbringer\",\"Tarifstruktur\",\"Verb\u00e4nde\"],\"inLanguage\":\"de-CH\",\"potentialAction\":[{\"@type\":\"CommentAction\",\"name\":\"Comment\",\"target\":[\"https:\\\/\\\/hub.hslu.ch\\\/mpg\\\/kein-wettbewerb-bei-tarifstrukturen\\\/#respond\"]}]},{\"@type\":\"WebPage\",\"@id\":\"https:\\\/\\\/hub.hslu.ch\\\/mpg\\\/kein-wettbewerb-bei-tarifstrukturen\\\/\",\"url\":\"https:\\\/\\\/hub.hslu.ch\\\/mpg\\\/kein-wettbewerb-bei-tarifstrukturen\\\/\",\"name\":\"Was hat der USB-C Zwang beim I-Phone mit dem Schweizer Gesundheitswesen zu tun? - Management und Politik im Gesundheitswesen\",\"isPartOf\":{\"@id\":\"https:\\\/\\\/hub.hslu.ch\\\/mpg\\\/#website\"},\"primaryImageOfPage\":{\"@id\":\"https:\\\/\\\/hub.hslu.ch\\\/mpg\\\/kein-wettbewerb-bei-tarifstrukturen\\\/#primaryimage\"},\"image\":{\"@id\":\"https:\\\/\\\/hub.hslu.ch\\\/mpg\\\/kein-wettbewerb-bei-tarifstrukturen\\\/#primaryimage\"},\"thumbnailUrl\":\"https:\\\/\\\/hub.hslu.ch\\\/mpg\\\/wp-content\\\/uploads\\\/sites\\\/27\\\/2024\\\/06\\\/Bild1.jpg\",\"datePublished\":\"2024-09-10T10:15:37+00:00\",\"dateModified\":\"2026-02-11T13:54:14+00:00\",\"author\":{\"@id\":\"https:\\\/\\\/hub.hslu.ch\\\/mpg\\\/#\\\/schema\\\/person\\\/40865e24fa6243bb80acf8afb89d115d\"},\"breadcrumb\":{\"@id\":\"https:\\\/\\\/hub.hslu.ch\\\/mpg\\\/kein-wettbewerb-bei-tarifstrukturen\\\/#breadcrumb\"},\"inLanguage\":\"de-CH\",\"potentialAction\":[{\"@type\":\"ReadAction\",\"target\":[\"https:\\\/\\\/hub.hslu.ch\\\/mpg\\\/kein-wettbewerb-bei-tarifstrukturen\\\/\"]}]},{\"@type\":\"ImageObject\",\"inLanguage\":\"de-CH\",\"@id\":\"https:\\\/\\\/hub.hslu.ch\\\/mpg\\\/kein-wettbewerb-bei-tarifstrukturen\\\/#primaryimage\",\"url\":\"https:\\\/\\\/hub.hslu.ch\\\/mpg\\\/wp-content\\\/uploads\\\/sites\\\/27\\\/2024\\\/06\\\/Bild1.jpg\",\"contentUrl\":\"https:\\\/\\\/hub.hslu.ch\\\/mpg\\\/wp-content\\\/uploads\\\/sites\\\/27\\\/2024\\\/06\\\/Bild1.jpg\",\"width\":970,\"height\":647},{\"@type\":\"BreadcrumbList\",\"@id\":\"https:\\\/\\\/hub.hslu.ch\\\/mpg\\\/kein-wettbewerb-bei-tarifstrukturen\\\/#breadcrumb\",\"itemListElement\":[{\"@type\":\"ListItem\",\"position\":1,\"name\":\"Home\",\"item\":\"https:\\\/\\\/hub.hslu.ch\\\/mpg\\\/\"},{\"@type\":\"ListItem\",\"position\":2,\"name\":\"Was hat der USB-C Zwang beim I-Phone mit dem Schweizer Gesundheitswesen zu tun?\"}]},{\"@type\":\"WebSite\",\"@id\":\"https:\\\/\\\/hub.hslu.ch\\\/mpg\\\/#website\",\"url\":\"https:\\\/\\\/hub.hslu.ch\\\/mpg\\\/\",\"name\":\"Management und Politik im Gesundheitswesen\",\"description\":\"Institut f\u00fcr Betriebs- und Regional\u00f6konomie IBR Kompetenzzentrum Public and Nonprofit Management CC PNM\",\"potentialAction\":[{\"@type\":\"SearchAction\",\"target\":{\"@type\":\"EntryPoint\",\"urlTemplate\":\"https:\\\/\\\/hub.hslu.ch\\\/mpg\\\/?s={search_term_string}\"},\"query-input\":{\"@type\":\"PropertyValueSpecification\",\"valueRequired\":true,\"valueName\":\"search_term_string\"}}],\"inLanguage\":\"de-CH\"},{\"@type\":\"Person\",\"@id\":\"https:\\\/\\\/hub.hslu.ch\\\/mpg\\\/#\\\/schema\\\/person\\\/40865e24fa6243bb80acf8afb89d115d\",\"name\":\"kaisaruo\"}]}<\/script>\n<!-- \/ Yoast SEO plugin. -->","yoast_head_json":{"title":"Was hat der USB-C Zwang beim I-Phone mit dem Schweizer Gesundheitswesen zu tun? - Management und Politik im Gesundheitswesen","robots":{"index":"index","follow":"follow","max-snippet":"max-snippet:-1","max-image-preview":"max-image-preview:large","max-video-preview":"max-video-preview:-1"},"canonical":"https:\/\/hub.hslu.ch\/mpg\/kein-wettbewerb-bei-tarifstrukturen\/","og_locale":"de_DE","og_type":"article","og_title":"Was hat der USB-C Zwang beim I-Phone mit dem Schweizer Gesundheitswesen zu tun? - Management und Politik im Gesundheitswesen","og_description":"Im Herbst 2023 wird Apple von der EU zur Umstellung auf USB-C gezwungen. Vergeblich lobbyierte Apple dagegen an und wollte auch weiterhin Wettbewerb beim Kabelsalat. In der Schweiz hat sich die Krankenversicherungsbranche w\u00e4hrend 11 Jahren ebenfalls einen Wettbewerb beim Kabelsalat geleistet, wenn auch weitaus komplexeren Inhalts.","og_url":"https:\/\/hub.hslu.ch\/mpg\/kein-wettbewerb-bei-tarifstrukturen\/","og_site_name":"Management und Politik im Gesundheitswesen","article_published_time":"2024-09-10T10:15:37+00:00","article_modified_time":"2026-02-11T13:54:14+00:00","og_image":[{"width":970,"height":647,"url":"https:\/\/hub.hslu.ch\/mpg\/wp-content\/uploads\/sites\/27\/2024\/06\/Bild1.jpg","type":"image\/jpeg"}],"author":"kaisaruo","twitter_card":"summary_large_image","twitter_misc":{"Geschrieben von":"kaisaruo","Gesch\u00e4tzte Lesezeit":"4\u00a0Minuten"},"schema":{"@context":"https:\/\/schema.org","@graph":[{"@type":"Article","@id":"https:\/\/hub.hslu.ch\/mpg\/kein-wettbewerb-bei-tarifstrukturen\/#article","isPartOf":{"@id":"https:\/\/hub.hslu.ch\/mpg\/kein-wettbewerb-bei-tarifstrukturen\/"},"author":{"name":"kaisaruo","@id":"https:\/\/hub.hslu.ch\/mpg\/#\/schema\/person\/40865e24fa6243bb80acf8afb89d115d"},"headline":"Was hat der USB-C Zwang beim I-Phone mit dem Schweizer Gesundheitswesen zu tun?","datePublished":"2024-09-10T10:15:37+00:00","dateModified":"2026-02-11T13:54:14+00:00","mainEntityOfPage":{"@id":"https:\/\/hub.hslu.ch\/mpg\/kein-wettbewerb-bei-tarifstrukturen\/"},"wordCount":604,"commentCount":0,"image":{"@id":"https:\/\/hub.hslu.ch\/mpg\/kein-wettbewerb-bei-tarifstrukturen\/#primaryimage"},"thumbnailUrl":"https:\/\/hub.hslu.ch\/mpg\/wp-content\/uploads\/sites\/27\/2024\/06\/Bild1.jpg","keywords":["Gesundheitspolitik","Integrierte Versorgung","Krankenversicherer","Leistungserbringer","Tarifgestaltung","Verb\u00e4nde"],"articleSection":["Leistungserbringer","Tarifstruktur","Verb\u00e4nde"],"inLanguage":"de-CH","potentialAction":[{"@type":"CommentAction","name":"Comment","target":["https:\/\/hub.hslu.ch\/mpg\/kein-wettbewerb-bei-tarifstrukturen\/#respond"]}]},{"@type":"WebPage","@id":"https:\/\/hub.hslu.ch\/mpg\/kein-wettbewerb-bei-tarifstrukturen\/","url":"https:\/\/hub.hslu.ch\/mpg\/kein-wettbewerb-bei-tarifstrukturen\/","name":"Was hat der USB-C Zwang beim I-Phone mit dem Schweizer Gesundheitswesen zu tun? - Management und Politik im Gesundheitswesen","isPartOf":{"@id":"https:\/\/hub.hslu.ch\/mpg\/#website"},"primaryImageOfPage":{"@id":"https:\/\/hub.hslu.ch\/mpg\/kein-wettbewerb-bei-tarifstrukturen\/#primaryimage"},"image":{"@id":"https:\/\/hub.hslu.ch\/mpg\/kein-wettbewerb-bei-tarifstrukturen\/#primaryimage"},"thumbnailUrl":"https:\/\/hub.hslu.ch\/mpg\/wp-content\/uploads\/sites\/27\/2024\/06\/Bild1.jpg","datePublished":"2024-09-10T10:15:37+00:00","dateModified":"2026-02-11T13:54:14+00:00","author":{"@id":"https:\/\/hub.hslu.ch\/mpg\/#\/schema\/person\/40865e24fa6243bb80acf8afb89d115d"},"breadcrumb":{"@id":"https:\/\/hub.hslu.ch\/mpg\/kein-wettbewerb-bei-tarifstrukturen\/#breadcrumb"},"inLanguage":"de-CH","potentialAction":[{"@type":"ReadAction","target":["https:\/\/hub.hslu.ch\/mpg\/kein-wettbewerb-bei-tarifstrukturen\/"]}]},{"@type":"ImageObject","inLanguage":"de-CH","@id":"https:\/\/hub.hslu.ch\/mpg\/kein-wettbewerb-bei-tarifstrukturen\/#primaryimage","url":"https:\/\/hub.hslu.ch\/mpg\/wp-content\/uploads\/sites\/27\/2024\/06\/Bild1.jpg","contentUrl":"https:\/\/hub.hslu.ch\/mpg\/wp-content\/uploads\/sites\/27\/2024\/06\/Bild1.jpg","width":970,"height":647},{"@type":"BreadcrumbList","@id":"https:\/\/hub.hslu.ch\/mpg\/kein-wettbewerb-bei-tarifstrukturen\/#breadcrumb","itemListElement":[{"@type":"ListItem","position":1,"name":"Home","item":"https:\/\/hub.hslu.ch\/mpg\/"},{"@type":"ListItem","position":2,"name":"Was hat der USB-C Zwang beim I-Phone mit dem Schweizer Gesundheitswesen zu tun?"}]},{"@type":"WebSite","@id":"https:\/\/hub.hslu.ch\/mpg\/#website","url":"https:\/\/hub.hslu.ch\/mpg\/","name":"Management und Politik im Gesundheitswesen","description":"Institut f\u00fcr Betriebs- und Regional\u00f6konomie IBR Kompetenzzentrum Public and Nonprofit Management CC PNM","potentialAction":[{"@type":"SearchAction","target":{"@type":"EntryPoint","urlTemplate":"https:\/\/hub.hslu.ch\/mpg\/?s={search_term_string}"},"query-input":{"@type":"PropertyValueSpecification","valueRequired":true,"valueName":"search_term_string"}}],"inLanguage":"de-CH"},{"@type":"Person","@id":"https:\/\/hub.hslu.ch\/mpg\/#\/schema\/person\/40865e24fa6243bb80acf8afb89d115d","name":"kaisaruo"}]}},"featured_image_src":"https:\/\/hub.hslu.ch\/mpg\/wp-content\/uploads\/sites\/27\/2024\/06\/Bild1.jpg","featured_image_src_square":"https:\/\/hub.hslu.ch\/mpg\/wp-content\/uploads\/sites\/27\/2024\/06\/Bild1.jpg","author_info":{"display_name":"kaisaruo","author_link":"https:\/\/hub.hslu.ch\/mpg\/author\/kaisaruo\/"},"_links":{"self":[{"href":"https:\/\/hub.hslu.ch\/mpg\/wp-json\/wp\/v2\/posts\/345","targetHints":{"allow":["GET"]}}],"collection":[{"href":"https:\/\/hub.hslu.ch\/mpg\/wp-json\/wp\/v2\/posts"}],"about":[{"href":"https:\/\/hub.hslu.ch\/mpg\/wp-json\/wp\/v2\/types\/post"}],"author":[{"embeddable":true,"href":"https:\/\/hub.hslu.ch\/mpg\/wp-json\/wp\/v2\/users\/192"}],"replies":[{"embeddable":true,"href":"https:\/\/hub.hslu.ch\/mpg\/wp-json\/wp\/v2\/comments?post=345"}],"version-history":[{"count":17,"href":"https:\/\/hub.hslu.ch\/mpg\/wp-json\/wp\/v2\/posts\/345\/revisions"}],"predecessor-version":[{"id":953,"href":"https:\/\/hub.hslu.ch\/mpg\/wp-json\/wp\/v2\/posts\/345\/revisions\/953"}],"wp:featuredmedia":[{"embeddable":true,"href":"https:\/\/hub.hslu.ch\/mpg\/wp-json\/wp\/v2\/media\/346"}],"wp:attachment":[{"href":"https:\/\/hub.hslu.ch\/mpg\/wp-json\/wp\/v2\/media?parent=345"}],"wp:term":[{"taxonomy":"category","embeddable":true,"href":"https:\/\/hub.hslu.ch\/mpg\/wp-json\/wp\/v2\/categories?post=345"},{"taxonomy":"post_tag","embeddable":true,"href":"https:\/\/hub.hslu.ch\/mpg\/wp-json\/wp\/v2\/tags?post=345"}],"curies":[{"name":"wp","href":"https:\/\/api.w.org\/{rel}","templated":true}]}}