{"id":491,"date":"2024-10-22T10:00:00","date_gmt":"2024-10-22T08:00:00","guid":{"rendered":"https:\/\/hub.hslu.ch\/mpg\/?p=491"},"modified":"2026-02-11T14:54:14","modified_gmt":"2026-02-11T13:54:14","slug":"ambulant-vor-stationaer-das-versorgungsprinzip-fuer-alle-faelle","status":"publish","type":"post","link":"https:\/\/hub.hslu.ch\/mpg\/ambulant-vor-stationaer-das-versorgungsprinzip-fuer-alle-faelle\/","title":{"rendered":"\u00abAmbulant vor station\u00e4r\u00bb: Das Versorgungsprinzip f\u00fcr alle F\u00e4lle?"},"content":{"rendered":"\n<p><strong> \u00abstation\u00e4r vor ambulant\u00bb? Eine kritisch-differenzierte Auseinandersetzung mit den Versorgungssystemen im Kontext der EFAS-Abstimmung.<\/strong><\/p>\n\n\n\n<p>Im aktuellen Abstimmungskampf zur <a href=\"https:\/\/www.bag.admin.ch\/bag\/de\/home\/strategie-und-politik\/abstimmungen\/volksabstimmung-einheitliche-finanzierung-der-leistungen.html\" target=\"_blank\" rel=\"noreferrer noopener\">einheitlichen Finanzierung ambulanter und station\u00e4rer Leistungen im Schweizer Gesundheitswesen (EFAS)<\/a> geht es \u2013 wie so oft in der Politik \u2013 ums Geld. Zur Debatte steht die Aufteilung der Kosten zwischen Krankenkassen (Pr\u00e4mienzahler:innen) und Staat (Steuerzahler:innen). Ambulante Eingriffe werden momentan vollst\u00e4ndig durch die obligatorische Krankenversicherung (OKP) gedeckt, w\u00e4hrend station\u00e4re Eingriffe (wenn also Patientinnen und Patienten \u00fcber Nacht im Spital bleiben) zu 45 Prozent von der Krankenkasse und zu 55 Prozent von den Kantonen und somit den Steuerzahlenden \u00fcbernommen werden.<\/p>\n\n\n\n<p>Aus Sicht der Krankenkassen lohnen sich ambulante Eingriffe h\u00e4ufig nicht, daher haben sie im aktuellen Finanzierungsregime kaum einen Anreiz, ambulante Eingriffe bei ihren Versicherten zu f\u00f6rdern. Dies obwohl sich gem\u00e4ss <a href=\"https:\/\/ind.obsan.admin.ch\/indicator\/avos\/eingriffe-am-bewegungsapparat\" target=\"_blank\" rel=\"noreferrer noopener\">Schweizerischem Gesundheitsobservatorium (Obsan)<\/a> das Kostenverh\u00e4ltnis von station\u00e4ren zu ambulanten Eingriffen auf etwa 4:1 bel\u00e4uft! So kostete eine Kniearthroskopie im Jahr 2022 ambulant durchschnittlich 2\u2019100 Franken, w\u00e4hrend der station\u00e4re Eingriff mit rund 8\u2019100 Franken zu Buche schlug.<\/p>\n\n\n\n<p>Diese Zahlen untermauern die <a href=\"https:\/\/gesundheit.lu.ch\/themen\/gesundheitsversorgung\/ambulantvorstationaer\" target=\"_blank\" rel=\"noreferrer noopener\">gesundheitspolitische Maxime \u00abambulant vor station\u00e4r\u00bb<\/a>. Dank medizinischer Fortschritte ist es heutzutage m\u00f6glich, dass Patient:innen immer h\u00e4ufiger nach Eingriffen noch am gleichen Tag nach Hause gehen k\u00f6nnen. Dies ist nicht nur f\u00fcr das Gesundheitssystem kostensparend, sondern kommt auch dem Wunsch vieler Patient:innen nach, schnell wieder in ihrem gewohnten Umfeld zu sein.&nbsp;<\/p>\n\n\n\n<h2 class=\"wp-block-heading\"><strong>\u00abAmbulant vor station\u00e4r\u00bb \u2013 auch in der Pflege das Leitprinzip<\/strong><\/h2>\n\n\n\n<p>Das Prinzip \u201eambulant vor station\u00e4r\u201c gilt nicht nur in der medizinischen Versorgung, sondern auch im Bereich der <a href=\"https:\/\/hub.hslu.ch\/mpg\/standardisierte-kostenrechnung-und-benchmarking-fuer-eine-starke-spitex\/\" target=\"_blank\" rel=\"noreferrer noopener\">Langzeitpflege<\/a>. Pflegebed\u00fcrftige Menschen sollen so lange wie m\u00f6glich in ihren eigenen vier W\u00e4nden verbleiben und dort ambulant betreut werden. Dieses Vorgehen zielt auf die Einsparung von Infrastrukturkosten und f\u00f6rdert das Wohlbefinden und die Selbstst\u00e4ndigkeit der Betroffenen.&nbsp;<\/p>\n\n\n\n<p>Doch dazu braucht es gut abgestimmte Betreuungs- und Pflegenetzwerke. Angeh\u00f6rige \u00fcbernehmen oft zentrale Aufgaben. Meist erfolgt dies unbezahlt und \u00fcberwiegend von Frauen. Diese freiwilligen Hilfssysteme geraten jedoch immer h\u00e4ufiger an ihre Belastungsgrenzen. Hinzu kommt, dass die Zahl der Ein-Personen-Haushalte steigt und pflegebed\u00fcrftige Menschen ohne nahestehende Angeh\u00f6rige zunehmend auf professionelle Dienste angewiesen sind.&nbsp;<\/p>\n\n\n\n<h2 class=\"wp-block-heading\"><strong>Grenzen der ambulanten Pflege<\/strong><\/h2>\n\n\n\n<p>Bereits 2005 haben <a href=\"https:\/\/www.obsan.admin.ch\/sites\/default\/files\/zusa_hoepflingerbuch_2005_de.pdf\" target=\"_blank\" rel=\"noreferrer noopener\">H\u00f6pflinger und Hugentobler in einem Obsan-Bericht<\/a> auf die Grenzen der ambulanten Pflege hingewiesen, besonders bei Menschen mit komplexen oder chronischen Erkrankungen wie etwa Demenz. Die emotionale und k\u00f6rperliche Belastung f\u00fcr pflegende Angeh\u00f6rige ist hier besonders hoch. Es besteht die Gefahr, dass die Angeh\u00f6rigen selbst erkranken oder zu \u00abhidden patients\u00bb werden. In solchen F\u00e4llen wird eine station\u00e4re Pflege oft unumg\u00e4nglich, um eine kontinuierliche und professionelle Betreuung zu gew\u00e4hrleisten.&nbsp;<\/p>\n\n\n\n<p>Die Fragmentierung der ambulanten Pflege stellt eine weitere Herausforderung dar. Die dezentral organisierten Pflegedienste erm\u00f6glichen zwar N\u00e4he und Flexibilit\u00e4t gegen\u00fcber den Pflegebed\u00fcrftigen, f\u00fchren aber auch zu regionalen Unterschieden und zu einer Zersplitterung der professionellen Kr\u00e4fte. Besonders in Regionen mit unzureichendem Ausbau von <a href=\"https:\/\/hub.hslu.ch\/mpg\/standardisierte-kostenrechnung-und-benchmarking-fuer-eine-starke-spitex\/\" target=\"_blank\" rel=\"noreferrer noopener\">Spitex-Organisationen <\/a>droht eine Unterversorgung hochbetagter und schwerkranker Menschen. In solchen Situationen ist eine station\u00e4re Pflege daher die bessere Wahl, da sie spezialisierte Versorgung f\u00fcr komplexe Pflegebedarfe bietet, die ambulante Dienste oder famili\u00e4rer Beistand nicht immer abdecken k\u00f6nnen.&nbsp;<\/p>\n\n\n\n<h2 class=\"wp-block-heading\"><strong>Ist \u00abambulant\u00bb immer die erste Wahl und wo sind die Kipp-Punkte im System?<\/strong><\/h2>\n\n\n\n<p>Das Konzept \u00abambulant vor station\u00e4r\u00bb wird wohl das Leitmotiv unseres Gesundheitswesens bleiben, nur schon aus Kostengr\u00fcnden. Doch behandeln wir vielleicht in einigen Bereichen des Versorgungssystems bereits zu viel ambulant? Sind die Bed\u00fcrfnisse der Patient:innen ausreichend ber\u00fccksichtigt? Wann ist eine station\u00e4re Versorgung allenfalls von Beginn weg die bessere Option? Und welche Rollen spielen der Fachkr\u00e4ftemangel und der demographische Wandel bei der Beantwortung dieser Fragen?&nbsp;<\/p>\n\n\n\n<p>Dies wollen wir am diesj\u00e4hrigen <a href=\"https:\/\/www.hslu.ch\/de-ch\/wirtschaft\/agenda\/veranstaltungen\/2024\/11\/27\/ibr-luzerner-kongress-gesellschaftspolitik\/\" target=\"_blank\" rel=\"noreferrer noopener\">Luzerner Kongress Gesellschaftspolitik am 27. November 2024<\/a> an der Hochschule Luzern diskutieren. Der Fokus liegt dabei auf der Langzeitpflege und der \u00e4rztlichen Versorgung.<\/p>\n\n\n\n<hr class=\"wp-block-separator has-alpha-channel-opacity\" \/>\n\n\n\n<p><em>Die auf diesem Blog ver\u00f6ffentlichten Beitr\u00e4ge spiegeln die pers\u00f6nlichen Meinungen und Einsch\u00e4tzungen der Autor:innen wider und entsprechen nicht zwingend der offiziellen Haltung der Hochschule Luzern.<\/em><\/p>\n","protected":false},"excerpt":{"rendered":"<p>\u00abAmbulant vor station\u00e4r\u00bb gilt sowohl in der medizinischen als auch in der Pflegeversorgung als kosteneffizient und patientenfreundlich. Doch wann kippt das System gar ins gegenteilige<\/p>\n","protected":false},"author":192,"featured_media":490,"comment_status":"open","ping_status":"open","sticky":false,"template":"","format":"standard","meta":{"_acf_changed":false,"inline_featured_image":false,"_relevanssi_hide_post":"","_relevanssi_hide_content":"","_relevanssi_pin_for_all":"","_relevanssi_pin_keywords":"","_relevanssi_unpin_keywords":"","_relevanssi_related_keywords":"","_relevanssi_related_include_ids":"","_relevanssi_related_exclude_ids":"","_relevanssi_related_no_append":"","_relevanssi_related_not_related":"","_relevanssi_related_posts":"191,476,345,378,414","_relevanssi_noindex_reason":"","footnotes":"","_links_to":"","_links_to_target":""},"categories":[66,52,61],"tags":[71,72,51,32,42,50,36],"class_list":["post-491","post","type-post","status-publish","format-standard","has-post-thumbnail","hentry","category-gesundheitspolitik","category-krankenversicherer","category-pflege","tag-ambulante-versorgung","tag-efas","tag-gesundheitskosten","tag-gesundheitspolitik","tag-langzeitpflege","tag-spitaeler","tag-tarifgestaltung"],"acf":[],"yoast_head":"<!-- This site is optimized with the Yoast SEO plugin v27.5 - https:\/\/yoast.com\/product\/yoast-seo-wordpress\/ -->\n<title>\u00abAmbulant vor station\u00e4r\u00bb: Das Versorgungsprinzip f\u00fcr alle F\u00e4lle? - Management und Politik im Gesundheitswesen<\/title>\n<meta name=\"robots\" content=\"index, follow, max-snippet:-1, max-image-preview:large, max-video-preview:-1\" \/>\n<link rel=\"canonical\" href=\"https:\/\/hub.hslu.ch\/mpg\/ambulant-vor-stationaer-das-versorgungsprinzip-fuer-alle-faelle\/\" \/>\n<meta property=\"og:locale\" content=\"de_DE\" \/>\n<meta property=\"og:type\" content=\"article\" \/>\n<meta property=\"og:title\" content=\"\u00abAmbulant vor station\u00e4r\u00bb: Das Versorgungsprinzip f\u00fcr alle F\u00e4lle? - Management und Politik im Gesundheitswesen\" \/>\n<meta property=\"og:description\" content=\"\u00abAmbulant vor station\u00e4r\u00bb gilt sowohl in der medizinischen als auch in der Pflegeversorgung als kosteneffizient und patientenfreundlich. Doch wann kippt das System gar ins gegenteilige\" \/>\n<meta property=\"og:url\" content=\"https:\/\/hub.hslu.ch\/mpg\/ambulant-vor-stationaer-das-versorgungsprinzip-fuer-alle-faelle\/\" \/>\n<meta property=\"og:site_name\" content=\"Management und Politik im Gesundheitswesen\" \/>\n<meta property=\"article:published_time\" content=\"2024-10-22T08:00:00+00:00\" \/>\n<meta property=\"article:modified_time\" content=\"2026-02-11T13:54:14+00:00\" \/>\n<meta property=\"og:image\" content=\"https:\/\/hub.hslu.ch\/mpg\/wp-content\/uploads\/sites\/27\/2024\/10\/AdobeStock_128785196.jpeg\" \/>\n\t<meta property=\"og:image:width\" content=\"2048\" \/>\n\t<meta property=\"og:image:height\" content=\"869\" \/>\n\t<meta property=\"og:image:type\" content=\"image\/jpeg\" \/>\n<meta name=\"author\" content=\"kaisaruo\" \/>\n<meta name=\"twitter:card\" content=\"summary_large_image\" \/>\n<meta name=\"twitter:label1\" content=\"Geschrieben von\" \/>\n\t<meta name=\"twitter:data1\" content=\"kaisaruo\" \/>\n\t<meta name=\"twitter:label2\" content=\"Gesch\u00e4tzte Lesezeit\" \/>\n\t<meta name=\"twitter:data2\" content=\"4\u00a0Minuten\" \/>\n<script type=\"application\/ld+json\" class=\"yoast-schema-graph\">{\"@context\":\"https:\\\/\\\/schema.org\",\"@graph\":[{\"@type\":\"Article\",\"@id\":\"https:\\\/\\\/hub.hslu.ch\\\/mpg\\\/ambulant-vor-stationaer-das-versorgungsprinzip-fuer-alle-faelle\\\/#article\",\"isPartOf\":{\"@id\":\"https:\\\/\\\/hub.hslu.ch\\\/mpg\\\/ambulant-vor-stationaer-das-versorgungsprinzip-fuer-alle-faelle\\\/\"},\"author\":{\"name\":\"kaisaruo\",\"@id\":\"https:\\\/\\\/hub.hslu.ch\\\/mpg\\\/#\\\/schema\\\/person\\\/40865e24fa6243bb80acf8afb89d115d\"},\"headline\":\"\u00abAmbulant vor station\u00e4r\u00bb: Das Versorgungsprinzip f\u00fcr alle F\u00e4lle?\",\"datePublished\":\"2024-10-22T08:00:00+00:00\",\"dateModified\":\"2026-02-11T13:54:14+00:00\",\"mainEntityOfPage\":{\"@id\":\"https:\\\/\\\/hub.hslu.ch\\\/mpg\\\/ambulant-vor-stationaer-das-versorgungsprinzip-fuer-alle-faelle\\\/\"},\"wordCount\":684,\"commentCount\":0,\"image\":{\"@id\":\"https:\\\/\\\/hub.hslu.ch\\\/mpg\\\/ambulant-vor-stationaer-das-versorgungsprinzip-fuer-alle-faelle\\\/#primaryimage\"},\"thumbnailUrl\":\"https:\\\/\\\/hub.hslu.ch\\\/mpg\\\/wp-content\\\/uploads\\\/sites\\\/27\\\/2024\\\/10\\\/AdobeStock_128785196.jpeg\",\"keywords\":[\"Ambulante Versorgung\",\"EFAS\",\"Gesundheitskosten\",\"Gesundheitspolitik\",\"Langzeitpflege\",\"Spit\u00e4ler\",\"Tarifgestaltung\"],\"articleSection\":[\"Gesundheitspolitik\",\"Krankenversicherer\",\"Pflege\"],\"inLanguage\":\"de-CH\",\"potentialAction\":[{\"@type\":\"CommentAction\",\"name\":\"Comment\",\"target\":[\"https:\\\/\\\/hub.hslu.ch\\\/mpg\\\/ambulant-vor-stationaer-das-versorgungsprinzip-fuer-alle-faelle\\\/#respond\"]}]},{\"@type\":\"WebPage\",\"@id\":\"https:\\\/\\\/hub.hslu.ch\\\/mpg\\\/ambulant-vor-stationaer-das-versorgungsprinzip-fuer-alle-faelle\\\/\",\"url\":\"https:\\\/\\\/hub.hslu.ch\\\/mpg\\\/ambulant-vor-stationaer-das-versorgungsprinzip-fuer-alle-faelle\\\/\",\"name\":\"\u00abAmbulant vor station\u00e4r\u00bb: Das Versorgungsprinzip f\u00fcr alle F\u00e4lle? - Management und Politik im Gesundheitswesen\",\"isPartOf\":{\"@id\":\"https:\\\/\\\/hub.hslu.ch\\\/mpg\\\/#website\"},\"primaryImageOfPage\":{\"@id\":\"https:\\\/\\\/hub.hslu.ch\\\/mpg\\\/ambulant-vor-stationaer-das-versorgungsprinzip-fuer-alle-faelle\\\/#primaryimage\"},\"image\":{\"@id\":\"https:\\\/\\\/hub.hslu.ch\\\/mpg\\\/ambulant-vor-stationaer-das-versorgungsprinzip-fuer-alle-faelle\\\/#primaryimage\"},\"thumbnailUrl\":\"https:\\\/\\\/hub.hslu.ch\\\/mpg\\\/wp-content\\\/uploads\\\/sites\\\/27\\\/2024\\\/10\\\/AdobeStock_128785196.jpeg\",\"datePublished\":\"2024-10-22T08:00:00+00:00\",\"dateModified\":\"2026-02-11T13:54:14+00:00\",\"author\":{\"@id\":\"https:\\\/\\\/hub.hslu.ch\\\/mpg\\\/#\\\/schema\\\/person\\\/40865e24fa6243bb80acf8afb89d115d\"},\"breadcrumb\":{\"@id\":\"https:\\\/\\\/hub.hslu.ch\\\/mpg\\\/ambulant-vor-stationaer-das-versorgungsprinzip-fuer-alle-faelle\\\/#breadcrumb\"},\"inLanguage\":\"de-CH\",\"potentialAction\":[{\"@type\":\"ReadAction\",\"target\":[\"https:\\\/\\\/hub.hslu.ch\\\/mpg\\\/ambulant-vor-stationaer-das-versorgungsprinzip-fuer-alle-faelle\\\/\"]}]},{\"@type\":\"ImageObject\",\"inLanguage\":\"de-CH\",\"@id\":\"https:\\\/\\\/hub.hslu.ch\\\/mpg\\\/ambulant-vor-stationaer-das-versorgungsprinzip-fuer-alle-faelle\\\/#primaryimage\",\"url\":\"https:\\\/\\\/hub.hslu.ch\\\/mpg\\\/wp-content\\\/uploads\\\/sites\\\/27\\\/2024\\\/10\\\/AdobeStock_128785196.jpeg\",\"contentUrl\":\"https:\\\/\\\/hub.hslu.ch\\\/mpg\\\/wp-content\\\/uploads\\\/sites\\\/27\\\/2024\\\/10\\\/AdobeStock_128785196.jpeg\",\"width\":2048,\"height\":869},{\"@type\":\"BreadcrumbList\",\"@id\":\"https:\\\/\\\/hub.hslu.ch\\\/mpg\\\/ambulant-vor-stationaer-das-versorgungsprinzip-fuer-alle-faelle\\\/#breadcrumb\",\"itemListElement\":[{\"@type\":\"ListItem\",\"position\":1,\"name\":\"Home\",\"item\":\"https:\\\/\\\/hub.hslu.ch\\\/mpg\\\/\"},{\"@type\":\"ListItem\",\"position\":2,\"name\":\"\u00abAmbulant vor station\u00e4r\u00bb: Das Versorgungsprinzip f\u00fcr alle F\u00e4lle?\"}]},{\"@type\":\"WebSite\",\"@id\":\"https:\\\/\\\/hub.hslu.ch\\\/mpg\\\/#website\",\"url\":\"https:\\\/\\\/hub.hslu.ch\\\/mpg\\\/\",\"name\":\"Management und Politik im Gesundheitswesen\",\"description\":\"Institut f\u00fcr Betriebs- und Regional\u00f6konomie IBR Kompetenzzentrum Public and Nonprofit Management CC PNM\",\"potentialAction\":[{\"@type\":\"SearchAction\",\"target\":{\"@type\":\"EntryPoint\",\"urlTemplate\":\"https:\\\/\\\/hub.hslu.ch\\\/mpg\\\/?s={search_term_string}\"},\"query-input\":{\"@type\":\"PropertyValueSpecification\",\"valueRequired\":true,\"valueName\":\"search_term_string\"}}],\"inLanguage\":\"de-CH\"},{\"@type\":\"Person\",\"@id\":\"https:\\\/\\\/hub.hslu.ch\\\/mpg\\\/#\\\/schema\\\/person\\\/40865e24fa6243bb80acf8afb89d115d\",\"name\":\"kaisaruo\"}]}<\/script>\n<!-- \/ Yoast SEO plugin. -->","yoast_head_json":{"title":"\u00abAmbulant vor station\u00e4r\u00bb: Das Versorgungsprinzip f\u00fcr alle F\u00e4lle? - Management und Politik im Gesundheitswesen","robots":{"index":"index","follow":"follow","max-snippet":"max-snippet:-1","max-image-preview":"max-image-preview:large","max-video-preview":"max-video-preview:-1"},"canonical":"https:\/\/hub.hslu.ch\/mpg\/ambulant-vor-stationaer-das-versorgungsprinzip-fuer-alle-faelle\/","og_locale":"de_DE","og_type":"article","og_title":"\u00abAmbulant vor station\u00e4r\u00bb: Das Versorgungsprinzip f\u00fcr alle F\u00e4lle? - Management und Politik im Gesundheitswesen","og_description":"\u00abAmbulant vor station\u00e4r\u00bb gilt sowohl in der medizinischen als auch in der Pflegeversorgung als kosteneffizient und patientenfreundlich. Doch wann kippt das System gar ins gegenteilige","og_url":"https:\/\/hub.hslu.ch\/mpg\/ambulant-vor-stationaer-das-versorgungsprinzip-fuer-alle-faelle\/","og_site_name":"Management und Politik im Gesundheitswesen","article_published_time":"2024-10-22T08:00:00+00:00","article_modified_time":"2026-02-11T13:54:14+00:00","og_image":[{"width":2048,"height":869,"url":"https:\/\/hub.hslu.ch\/mpg\/wp-content\/uploads\/sites\/27\/2024\/10\/AdobeStock_128785196.jpeg","type":"image\/jpeg"}],"author":"kaisaruo","twitter_card":"summary_large_image","twitter_misc":{"Geschrieben von":"kaisaruo","Gesch\u00e4tzte Lesezeit":"4\u00a0Minuten"},"schema":{"@context":"https:\/\/schema.org","@graph":[{"@type":"Article","@id":"https:\/\/hub.hslu.ch\/mpg\/ambulant-vor-stationaer-das-versorgungsprinzip-fuer-alle-faelle\/#article","isPartOf":{"@id":"https:\/\/hub.hslu.ch\/mpg\/ambulant-vor-stationaer-das-versorgungsprinzip-fuer-alle-faelle\/"},"author":{"name":"kaisaruo","@id":"https:\/\/hub.hslu.ch\/mpg\/#\/schema\/person\/40865e24fa6243bb80acf8afb89d115d"},"headline":"\u00abAmbulant vor station\u00e4r\u00bb: Das Versorgungsprinzip f\u00fcr alle F\u00e4lle?","datePublished":"2024-10-22T08:00:00+00:00","dateModified":"2026-02-11T13:54:14+00:00","mainEntityOfPage":{"@id":"https:\/\/hub.hslu.ch\/mpg\/ambulant-vor-stationaer-das-versorgungsprinzip-fuer-alle-faelle\/"},"wordCount":684,"commentCount":0,"image":{"@id":"https:\/\/hub.hslu.ch\/mpg\/ambulant-vor-stationaer-das-versorgungsprinzip-fuer-alle-faelle\/#primaryimage"},"thumbnailUrl":"https:\/\/hub.hslu.ch\/mpg\/wp-content\/uploads\/sites\/27\/2024\/10\/AdobeStock_128785196.jpeg","keywords":["Ambulante Versorgung","EFAS","Gesundheitskosten","Gesundheitspolitik","Langzeitpflege","Spit\u00e4ler","Tarifgestaltung"],"articleSection":["Gesundheitspolitik","Krankenversicherer","Pflege"],"inLanguage":"de-CH","potentialAction":[{"@type":"CommentAction","name":"Comment","target":["https:\/\/hub.hslu.ch\/mpg\/ambulant-vor-stationaer-das-versorgungsprinzip-fuer-alle-faelle\/#respond"]}]},{"@type":"WebPage","@id":"https:\/\/hub.hslu.ch\/mpg\/ambulant-vor-stationaer-das-versorgungsprinzip-fuer-alle-faelle\/","url":"https:\/\/hub.hslu.ch\/mpg\/ambulant-vor-stationaer-das-versorgungsprinzip-fuer-alle-faelle\/","name":"\u00abAmbulant vor station\u00e4r\u00bb: Das Versorgungsprinzip f\u00fcr alle F\u00e4lle? - Management und Politik im Gesundheitswesen","isPartOf":{"@id":"https:\/\/hub.hslu.ch\/mpg\/#website"},"primaryImageOfPage":{"@id":"https:\/\/hub.hslu.ch\/mpg\/ambulant-vor-stationaer-das-versorgungsprinzip-fuer-alle-faelle\/#primaryimage"},"image":{"@id":"https:\/\/hub.hslu.ch\/mpg\/ambulant-vor-stationaer-das-versorgungsprinzip-fuer-alle-faelle\/#primaryimage"},"thumbnailUrl":"https:\/\/hub.hslu.ch\/mpg\/wp-content\/uploads\/sites\/27\/2024\/10\/AdobeStock_128785196.jpeg","datePublished":"2024-10-22T08:00:00+00:00","dateModified":"2026-02-11T13:54:14+00:00","author":{"@id":"https:\/\/hub.hslu.ch\/mpg\/#\/schema\/person\/40865e24fa6243bb80acf8afb89d115d"},"breadcrumb":{"@id":"https:\/\/hub.hslu.ch\/mpg\/ambulant-vor-stationaer-das-versorgungsprinzip-fuer-alle-faelle\/#breadcrumb"},"inLanguage":"de-CH","potentialAction":[{"@type":"ReadAction","target":["https:\/\/hub.hslu.ch\/mpg\/ambulant-vor-stationaer-das-versorgungsprinzip-fuer-alle-faelle\/"]}]},{"@type":"ImageObject","inLanguage":"de-CH","@id":"https:\/\/hub.hslu.ch\/mpg\/ambulant-vor-stationaer-das-versorgungsprinzip-fuer-alle-faelle\/#primaryimage","url":"https:\/\/hub.hslu.ch\/mpg\/wp-content\/uploads\/sites\/27\/2024\/10\/AdobeStock_128785196.jpeg","contentUrl":"https:\/\/hub.hslu.ch\/mpg\/wp-content\/uploads\/sites\/27\/2024\/10\/AdobeStock_128785196.jpeg","width":2048,"height":869},{"@type":"BreadcrumbList","@id":"https:\/\/hub.hslu.ch\/mpg\/ambulant-vor-stationaer-das-versorgungsprinzip-fuer-alle-faelle\/#breadcrumb","itemListElement":[{"@type":"ListItem","position":1,"name":"Home","item":"https:\/\/hub.hslu.ch\/mpg\/"},{"@type":"ListItem","position":2,"name":"\u00abAmbulant vor station\u00e4r\u00bb: Das Versorgungsprinzip f\u00fcr alle F\u00e4lle?"}]},{"@type":"WebSite","@id":"https:\/\/hub.hslu.ch\/mpg\/#website","url":"https:\/\/hub.hslu.ch\/mpg\/","name":"Management und Politik im Gesundheitswesen","description":"Institut f\u00fcr Betriebs- und Regional\u00f6konomie IBR Kompetenzzentrum Public and Nonprofit Management CC PNM","potentialAction":[{"@type":"SearchAction","target":{"@type":"EntryPoint","urlTemplate":"https:\/\/hub.hslu.ch\/mpg\/?s={search_term_string}"},"query-input":{"@type":"PropertyValueSpecification","valueRequired":true,"valueName":"search_term_string"}}],"inLanguage":"de-CH"},{"@type":"Person","@id":"https:\/\/hub.hslu.ch\/mpg\/#\/schema\/person\/40865e24fa6243bb80acf8afb89d115d","name":"kaisaruo"}]}},"featured_image_src":"https:\/\/hub.hslu.ch\/mpg\/wp-content\/uploads\/sites\/27\/2024\/10\/AdobeStock_128785196.jpeg","featured_image_src_square":"https:\/\/hub.hslu.ch\/mpg\/wp-content\/uploads\/sites\/27\/2024\/10\/AdobeStock_128785196.jpeg","author_info":{"display_name":"kaisaruo","author_link":"https:\/\/hub.hslu.ch\/mpg\/author\/kaisaruo\/"},"_links":{"self":[{"href":"https:\/\/hub.hslu.ch\/mpg\/wp-json\/wp\/v2\/posts\/491","targetHints":{"allow":["GET"]}}],"collection":[{"href":"https:\/\/hub.hslu.ch\/mpg\/wp-json\/wp\/v2\/posts"}],"about":[{"href":"https:\/\/hub.hslu.ch\/mpg\/wp-json\/wp\/v2\/types\/post"}],"author":[{"embeddable":true,"href":"https:\/\/hub.hslu.ch\/mpg\/wp-json\/wp\/v2\/users\/192"}],"replies":[{"embeddable":true,"href":"https:\/\/hub.hslu.ch\/mpg\/wp-json\/wp\/v2\/comments?post=491"}],"version-history":[{"count":7,"href":"https:\/\/hub.hslu.ch\/mpg\/wp-json\/wp\/v2\/posts\/491\/revisions"}],"predecessor-version":[{"id":957,"href":"https:\/\/hub.hslu.ch\/mpg\/wp-json\/wp\/v2\/posts\/491\/revisions\/957"}],"wp:featuredmedia":[{"embeddable":true,"href":"https:\/\/hub.hslu.ch\/mpg\/wp-json\/wp\/v2\/media\/490"}],"wp:attachment":[{"href":"https:\/\/hub.hslu.ch\/mpg\/wp-json\/wp\/v2\/media?parent=491"}],"wp:term":[{"taxonomy":"category","embeddable":true,"href":"https:\/\/hub.hslu.ch\/mpg\/wp-json\/wp\/v2\/categories?post=491"},{"taxonomy":"post_tag","embeddable":true,"href":"https:\/\/hub.hslu.ch\/mpg\/wp-json\/wp\/v2\/tags?post=491"}],"curies":[{"name":"wp","href":"https:\/\/api.w.org\/{rel}","templated":true}]}}