{"id":614,"date":"2025-02-12T16:14:20","date_gmt":"2025-02-12T15:14:20","guid":{"rendered":"https:\/\/hub.hslu.ch\/mpg\/?p=614"},"modified":"2026-02-11T14:54:14","modified_gmt":"2026-02-11T13:54:14","slug":"gesundheitskompetenz-wie-koennen-wir-sie-staerken","status":"publish","type":"post","link":"https:\/\/hub.hslu.ch\/mpg\/gesundheitskompetenz-wie-koennen-wir-sie-staerken\/","title":{"rendered":"Gesundheitskompetenz: Wie k\u00f6nnen wir sie st\u00e4rken?"},"content":{"rendered":"\n\n\n<p>Die heute in Europa g\u00e4ngige Definition von <a href=\"https:\/\/leitbegriffe.bzga.de\/alphabetisches-verzeichnis\/health-literacy-gesundheitskompetenz\/\">Gesundheitskompetenz<\/a> umfasst die Motivation und die F\u00e4higkeiten von Menschen, relevante Gesundheitsinformationen zu finden, zu verstehen, zu bewerten und anzuwenden. Dies erm\u00f6glicht es ihnen, in den Bereichen Krankheitsbew\u00e4ltigung und -pr\u00e4vention sowie Gesundheitsf\u00f6rderung Entscheidungen zu treffen, die die Lebensqualit\u00e4t \u00fcber den gesamten Lebensverlauf verbessern und erhalten k\u00f6nnen. Diese spezifische Form der Gesundheitskompetenz wird als individuelle Gesundheitskompetenz bezeichnet. Sie fokussiert vor allem auf das Verhalten der Person, so zum Beispiel auf den Umgang mit \u00e4rztlichen Diagnosen, die Medikamenteneinnahme und die Beurteilung von Gesundheitsinformationen im Internet. Unter Fachpersonen wird Gesundheitskompetenz als ein Faktor betrachtet, der durch die Bereitstellung verst\u00e4ndlicher Informationen oder die Vermittlung relevanter F\u00e4higkeiten verbessert werden kann.<\/p>\n\n\n\n<p>Das Thema Gesundheit und wie man sie f\u00f6rdern kann ist zwar omnipr\u00e4sent, doch der Zugang zu den Informationen unterscheidet sich zwischen den Individuen. Der ungleiche Zugang \u2013 oder kein Zugang \u2013 f\u00fchrt dazu, dass es f\u00fcr die St\u00e4rkung der individuellen Gesundheitskompetenz auch keine Patentl\u00f6sung geben kann. F\u00fcr einige liegt es an der Komplexit\u00e4t der (Fach)Sprache, f\u00fcr andere sind es die Informationsflut und Desinformation, welche zu Problemen f\u00fchren. Mit der zunehmenden Abh\u00e4ngigkeit von digitalen Plattformen f\u00fcr Informationen k\u00f6nnen Personen mit begrenzten digitalen Kenntnissen noch zus\u00e4tzlich vor Herausforderungen gestellt werden. So zeigte die <a href=\"https:\/\/www.bfs.admin.ch\/bfs\/de\/home\/statistiken\/kultur-medien-informationsgesellschaft-sport\/informationsgesellschaft\/gesamtindikatoren\/haushalte-bevoelkerung\/digitalekompetenzen.assetdetail.31605950.html\" target=\"_blank\" rel=\"noreferrer noopener\">Erhebung zur Internetnutzung des Bundesamts f\u00fcr Statistik<\/a> auf, dass 22 % der Bev\u00f6lkerung zwischen 15 und 88 Jahren nur \u00fcber eingeschr\u00e4nkte oder geringe Kompetenzen verf\u00fcgen, um sich in der digitalen Welt zurechtzufinden.<\/p>\n\n\n\n<p>Um eine nachhaltige St\u00e4rkung der Gesundheitskompetenz in der Bev\u00f6lkerung zu erreichen, bedarf es daher die individuellen Kompetenzen mit einer strukturellen Ebene zu verkn\u00fcpfen. Neben dem Individuum sollen auch die Organisationen und Strukturen, in denen Gesundheitsversorgung stattfindet und gesundheitsbezogene Entscheidungen getroffen werden, in die L\u00f6sung des Problems der unzureichenden Gesundheitskompetenz miteinbezogen werden.<\/p>\n\n\n\n<p>In diesem Zusammenhang entstand das <a href=\"https:\/\/leitbegriffe.bzga.de\/alphabetisches-verzeichnis\/organisationale-gesundheitskompetenz\/\">Konzept der organisationalen Gesundheitskompetenz<\/a>. Dieses Konzept zielt darauf ab, institutionelle Strukturen und Rahmenbedingungen so zu gestalten, dass Menschen in der Lage sind, gesundheitsrelevante Informationen und Dienstleistungen zu verstehen, zu nutzen und fundierte Entscheidungen f\u00fcr die eigene Gesundheit und die anderer zu treffen \u2013 unabh\u00e4ngig von ihrem Gesundheitskompetenzniveau. Ein <a href=\"https:\/\/assets.ctfassets.net\/fclxf7o732gj\/NqclOEeTP4OfQ7ipvyINs\/42c9887edd64df9bf21f8c5f546a37a6\/Faktenblatt_083_GFCH_2023-03_-_Projekt_Selbstcheck_gesundheitskompetente_Organisation.pdf\" target=\"_blank\" rel=\"noreferrer noopener\">Praxisbeispiel<\/a> f\u00fcr die Umsetzung der organisationalen Gesundheitskompetenz in einer medizinischen Grundversorgungsorganisation wurde von der Gesundheitsdirektion des Kantons Z\u00fcrich und der <a href=\"https:\/\/careum.ch\/\" target=\"_blank\" rel=\"noreferrer noopener\">Careum Stiftung<\/a> entwickelt und von <a href=\"https:\/\/gesundheitsfoerderung.ch\/\">Gesundheitsf\u00f6rderung Schweiz<\/a> unterst\u00fctzt. Die Intervention st\u00fctzt sich auf eine Selbstbewertung, die von einem interdisziplin\u00e4ren und hierarchie\u00fcbergreifenden Team von Mitarbeitenden durchgef\u00fchrt wird. Diese Selbstbewertung erfolgt anhand spezifischer Kriterien, die sich auf die sechs Dimensionen der organisationalen Gesundheitskompetenz beziehen, n\u00e4mlich:<\/p>\n\n\n\n<ol style=\"list-style-type:lower-alpha\" class=\"wp-block-list\">\n<li>einfachen Zugang zu Informationen \u00fcber Gesundheitsthemen erm\u00f6glichen und Orientierung erleichtern,<\/li>\n\n\n\n<li>einfach und leicht verst\u00e4ndlich kommunizieren,<\/li>\n\n\n\n<li>Gesundheitskompetenz der Nutzenden st\u00e4rken,<\/li>\n\n\n\n<li>Gesundheitskompetenz der Mitarbeitenden st\u00e4rken,<\/li>\n\n\n\n<li>Gesundheitskompetenz in Management und Organisationskultur verankern, und<\/li>\n\n\n\n<li>Gesundheitskompetenz an Versorgungsschnittstellen, Vernetzung und weiterf\u00fchrenden Aktivit\u00e4ten der Organisation st\u00e4rken.<\/li>\n<\/ol>\n\n\n\n<p>Auf Grundlage dieser Selbsteinsch\u00e4tzung k\u00f6nnen die Teams ihre St\u00e4rken und Schw\u00e4chen im Bereich der organisationalen Gesundheitskompetenz erkennen und den Handlungsbedarf bestimmen. So kann Gesundheitskompetenz ganzheitlich gest\u00e4rkt werden, was sich <a href=\"https:\/\/hub.hslu.ch\/mpg\/gesunde-menschen-produktive-wirtschaft-solidarische-gesellschaft\/\" target=\"_blank\" rel=\"noreferrer noopener\">langfristig f\u00fcr uns als Individuen, aber auch f\u00fcr jede Organisation<\/a> &#8211; so auch Ihre &#8211; lohnt.<\/p>\n","protected":false},"excerpt":{"rendered":"<p>Wussten Sie, dass jede dritte in der Schweiz lebende Person Schwierigkeiten hat, Gesundheitsinformationen richtig zu verstehen und anzuwenden? Ergebnisse einer Befragung des \u00abEuropean Health Literacy Survey\u00bb zeigen auf, dass bei 11% der in der Schweiz lebenden Bev\u00f6lkerung die Gesundheitskompetenz sogar als mangelhaft eingestuft wird. In einer Welt voller medizinischer Fachbegriffe und komplizierter Behandlungsoptionen ist es zentral, informierte Entscheidungen f\u00fcr die eigene Gesundheit treffen zu k\u00f6nnen. Doch wie kann Gesundheitskompetenz gest\u00e4rkt werden?<\/p>\n","protected":false},"author":192,"featured_media":613,"comment_status":"open","ping_status":"open","sticky":false,"template":"","format":"standard","meta":{"_acf_changed":false,"inline_featured_image":false,"_relevanssi_hide_post":"","_relevanssi_hide_content":"","_relevanssi_pin_for_all":"","_relevanssi_pin_keywords":"","_relevanssi_unpin_keywords":"","_relevanssi_related_keywords":"","_relevanssi_related_include_ids":"","_relevanssi_related_exclude_ids":"","_relevanssi_related_no_append":"","_relevanssi_related_not_related":"","_relevanssi_related_posts":"530,554,191,580,414,599","_relevanssi_noindex_reason":"","footnotes":"","_links_to":"","_links_to_target":""},"categories":[93,66],"tags":[95,98,97,51],"class_list":["post-614","post","type-post","status-publish","format-standard","has-post-thumbnail","hentry","category-gesundheitsfoerderung","category-gesundheitspolitik","tag-betriebliches-gesundheitsmanagement","tag-betriebsgesundheit","tag-gesundheitskompetenz","tag-gesundheitskosten"],"acf":[],"yoast_head":"<!-- This site is optimized with the Yoast SEO plugin v27.5 - https:\/\/yoast.com\/product\/yoast-seo-wordpress\/ -->\n<title>Gesundheitskompetenz: Wie k\u00f6nnen wir sie st\u00e4rken? - Management und Politik im Gesundheitswesen<\/title>\n<meta name=\"robots\" content=\"index, follow, max-snippet:-1, max-image-preview:large, max-video-preview:-1\" \/>\n<link rel=\"canonical\" href=\"https:\/\/hub.hslu.ch\/mpg\/gesundheitskompetenz-wie-koennen-wir-sie-staerken\/\" \/>\n<meta property=\"og:locale\" content=\"de_DE\" \/>\n<meta property=\"og:type\" content=\"article\" \/>\n<meta property=\"og:title\" content=\"Gesundheitskompetenz: Wie k\u00f6nnen wir sie st\u00e4rken? - Management und Politik im Gesundheitswesen\" \/>\n<meta property=\"og:description\" content=\"Wussten Sie, dass jede dritte in der Schweiz lebende Person Schwierigkeiten hat, Gesundheitsinformationen richtig zu verstehen und anzuwenden? Ergebnisse einer Befragung des \u00abEuropean Health Literacy Survey\u00bb zeigen auf, dass bei 11% der in der Schweiz lebenden Bev\u00f6lkerung die Gesundheitskompetenz sogar als mangelhaft eingestuft wird. In einer Welt voller medizinischer Fachbegriffe und komplizierter Behandlungsoptionen ist es zentral, informierte Entscheidungen f\u00fcr die eigene Gesundheit treffen zu k\u00f6nnen. Doch wie kann Gesundheitskompetenz gest\u00e4rkt werden?\" \/>\n<meta property=\"og:url\" content=\"https:\/\/hub.hslu.ch\/mpg\/gesundheitskompetenz-wie-koennen-wir-sie-staerken\/\" \/>\n<meta property=\"og:site_name\" content=\"Management und Politik im Gesundheitswesen\" \/>\n<meta property=\"article:published_time\" content=\"2025-02-12T15:14:20+00:00\" \/>\n<meta property=\"article:modified_time\" content=\"2026-02-11T13:54:14+00:00\" \/>\n<meta property=\"og:image\" content=\"https:\/\/hub.hslu.ch\/mpg\/wp-content\/uploads\/sites\/27\/2025\/02\/GettyImages-487450110.jpg\" \/>\n\t<meta property=\"og:image:width\" content=\"2048\" \/>\n\t<meta property=\"og:image:height\" content=\"1367\" \/>\n\t<meta property=\"og:image:type\" content=\"image\/jpeg\" \/>\n<meta name=\"author\" content=\"kaisaruo\" \/>\n<meta name=\"twitter:card\" content=\"summary_large_image\" \/>\n<meta name=\"twitter:label1\" content=\"Geschrieben von\" \/>\n\t<meta name=\"twitter:data1\" content=\"kaisaruo\" \/>\n\t<meta name=\"twitter:label2\" content=\"Gesch\u00e4tzte Lesezeit\" \/>\n\t<meta name=\"twitter:data2\" content=\"4\u00a0Minuten\" \/>\n<script type=\"application\/ld+json\" class=\"yoast-schema-graph\">{\"@context\":\"https:\\\/\\\/schema.org\",\"@graph\":[{\"@type\":\"Article\",\"@id\":\"https:\\\/\\\/hub.hslu.ch\\\/mpg\\\/gesundheitskompetenz-wie-koennen-wir-sie-staerken\\\/#article\",\"isPartOf\":{\"@id\":\"https:\\\/\\\/hub.hslu.ch\\\/mpg\\\/gesundheitskompetenz-wie-koennen-wir-sie-staerken\\\/\"},\"author\":{\"name\":\"kaisaruo\",\"@id\":\"https:\\\/\\\/hub.hslu.ch\\\/mpg\\\/#\\\/schema\\\/person\\\/40865e24fa6243bb80acf8afb89d115d\"},\"headline\":\"Gesundheitskompetenz: Wie k\u00f6nnen wir sie st\u00e4rken?\",\"datePublished\":\"2025-02-12T15:14:20+00:00\",\"dateModified\":\"2026-02-11T13:54:14+00:00\",\"mainEntityOfPage\":{\"@id\":\"https:\\\/\\\/hub.hslu.ch\\\/mpg\\\/gesundheitskompetenz-wie-koennen-wir-sie-staerken\\\/\"},\"wordCount\":545,\"commentCount\":0,\"image\":{\"@id\":\"https:\\\/\\\/hub.hslu.ch\\\/mpg\\\/gesundheitskompetenz-wie-koennen-wir-sie-staerken\\\/#primaryimage\"},\"thumbnailUrl\":\"https:\\\/\\\/hub.hslu.ch\\\/mpg\\\/wp-content\\\/uploads\\\/sites\\\/27\\\/2025\\\/02\\\/GettyImages-487450110.jpg\",\"keywords\":[\"Betriebliches Gesundheitsmanagement\",\"Betriebsgesundheit\",\"Gesundheitskompetenz\",\"Gesundheitskosten\"],\"articleSection\":[\"Gesundheitsf\u00f6rderung\",\"Gesundheitspolitik\"],\"inLanguage\":\"de-CH\",\"potentialAction\":[{\"@type\":\"CommentAction\",\"name\":\"Comment\",\"target\":[\"https:\\\/\\\/hub.hslu.ch\\\/mpg\\\/gesundheitskompetenz-wie-koennen-wir-sie-staerken\\\/#respond\"]}]},{\"@type\":\"WebPage\",\"@id\":\"https:\\\/\\\/hub.hslu.ch\\\/mpg\\\/gesundheitskompetenz-wie-koennen-wir-sie-staerken\\\/\",\"url\":\"https:\\\/\\\/hub.hslu.ch\\\/mpg\\\/gesundheitskompetenz-wie-koennen-wir-sie-staerken\\\/\",\"name\":\"Gesundheitskompetenz: Wie k\u00f6nnen wir sie st\u00e4rken? - Management und Politik im Gesundheitswesen\",\"isPartOf\":{\"@id\":\"https:\\\/\\\/hub.hslu.ch\\\/mpg\\\/#website\"},\"primaryImageOfPage\":{\"@id\":\"https:\\\/\\\/hub.hslu.ch\\\/mpg\\\/gesundheitskompetenz-wie-koennen-wir-sie-staerken\\\/#primaryimage\"},\"image\":{\"@id\":\"https:\\\/\\\/hub.hslu.ch\\\/mpg\\\/gesundheitskompetenz-wie-koennen-wir-sie-staerken\\\/#primaryimage\"},\"thumbnailUrl\":\"https:\\\/\\\/hub.hslu.ch\\\/mpg\\\/wp-content\\\/uploads\\\/sites\\\/27\\\/2025\\\/02\\\/GettyImages-487450110.jpg\",\"datePublished\":\"2025-02-12T15:14:20+00:00\",\"dateModified\":\"2026-02-11T13:54:14+00:00\",\"author\":{\"@id\":\"https:\\\/\\\/hub.hslu.ch\\\/mpg\\\/#\\\/schema\\\/person\\\/40865e24fa6243bb80acf8afb89d115d\"},\"breadcrumb\":{\"@id\":\"https:\\\/\\\/hub.hslu.ch\\\/mpg\\\/gesundheitskompetenz-wie-koennen-wir-sie-staerken\\\/#breadcrumb\"},\"inLanguage\":\"de-CH\",\"potentialAction\":[{\"@type\":\"ReadAction\",\"target\":[\"https:\\\/\\\/hub.hslu.ch\\\/mpg\\\/gesundheitskompetenz-wie-koennen-wir-sie-staerken\\\/\"]}]},{\"@type\":\"ImageObject\",\"inLanguage\":\"de-CH\",\"@id\":\"https:\\\/\\\/hub.hslu.ch\\\/mpg\\\/gesundheitskompetenz-wie-koennen-wir-sie-staerken\\\/#primaryimage\",\"url\":\"https:\\\/\\\/hub.hslu.ch\\\/mpg\\\/wp-content\\\/uploads\\\/sites\\\/27\\\/2025\\\/02\\\/GettyImages-487450110.jpg\",\"contentUrl\":\"https:\\\/\\\/hub.hslu.ch\\\/mpg\\\/wp-content\\\/uploads\\\/sites\\\/27\\\/2025\\\/02\\\/GettyImages-487450110.jpg\",\"width\":2048,\"height\":1367},{\"@type\":\"BreadcrumbList\",\"@id\":\"https:\\\/\\\/hub.hslu.ch\\\/mpg\\\/gesundheitskompetenz-wie-koennen-wir-sie-staerken\\\/#breadcrumb\",\"itemListElement\":[{\"@type\":\"ListItem\",\"position\":1,\"name\":\"Home\",\"item\":\"https:\\\/\\\/hub.hslu.ch\\\/mpg\\\/\"},{\"@type\":\"ListItem\",\"position\":2,\"name\":\"Gesundheitskompetenz: Wie k\u00f6nnen wir sie st\u00e4rken?\"}]},{\"@type\":\"WebSite\",\"@id\":\"https:\\\/\\\/hub.hslu.ch\\\/mpg\\\/#website\",\"url\":\"https:\\\/\\\/hub.hslu.ch\\\/mpg\\\/\",\"name\":\"Management und Politik im Gesundheitswesen\",\"description\":\"Institut f\u00fcr Betriebs- und Regional\u00f6konomie IBR Kompetenzzentrum Public and Nonprofit Management CC PNM\",\"potentialAction\":[{\"@type\":\"SearchAction\",\"target\":{\"@type\":\"EntryPoint\",\"urlTemplate\":\"https:\\\/\\\/hub.hslu.ch\\\/mpg\\\/?s={search_term_string}\"},\"query-input\":{\"@type\":\"PropertyValueSpecification\",\"valueRequired\":true,\"valueName\":\"search_term_string\"}}],\"inLanguage\":\"de-CH\"},{\"@type\":\"Person\",\"@id\":\"https:\\\/\\\/hub.hslu.ch\\\/mpg\\\/#\\\/schema\\\/person\\\/40865e24fa6243bb80acf8afb89d115d\",\"name\":\"kaisaruo\"}]}<\/script>\n<!-- \/ Yoast SEO plugin. -->","yoast_head_json":{"title":"Gesundheitskompetenz: Wie k\u00f6nnen wir sie st\u00e4rken? - Management und Politik im Gesundheitswesen","robots":{"index":"index","follow":"follow","max-snippet":"max-snippet:-1","max-image-preview":"max-image-preview:large","max-video-preview":"max-video-preview:-1"},"canonical":"https:\/\/hub.hslu.ch\/mpg\/gesundheitskompetenz-wie-koennen-wir-sie-staerken\/","og_locale":"de_DE","og_type":"article","og_title":"Gesundheitskompetenz: Wie k\u00f6nnen wir sie st\u00e4rken? - Management und Politik im Gesundheitswesen","og_description":"Wussten Sie, dass jede dritte in der Schweiz lebende Person Schwierigkeiten hat, Gesundheitsinformationen richtig zu verstehen und anzuwenden? Ergebnisse einer Befragung des \u00abEuropean Health Literacy Survey\u00bb zeigen auf, dass bei 11% der in der Schweiz lebenden Bev\u00f6lkerung die Gesundheitskompetenz sogar als mangelhaft eingestuft wird. In einer Welt voller medizinischer Fachbegriffe und komplizierter Behandlungsoptionen ist es zentral, informierte Entscheidungen f\u00fcr die eigene Gesundheit treffen zu k\u00f6nnen. Doch wie kann Gesundheitskompetenz gest\u00e4rkt werden?","og_url":"https:\/\/hub.hslu.ch\/mpg\/gesundheitskompetenz-wie-koennen-wir-sie-staerken\/","og_site_name":"Management und Politik im Gesundheitswesen","article_published_time":"2025-02-12T15:14:20+00:00","article_modified_time":"2026-02-11T13:54:14+00:00","og_image":[{"width":2048,"height":1367,"url":"https:\/\/hub.hslu.ch\/mpg\/wp-content\/uploads\/sites\/27\/2025\/02\/GettyImages-487450110.jpg","type":"image\/jpeg"}],"author":"kaisaruo","twitter_card":"summary_large_image","twitter_misc":{"Geschrieben von":"kaisaruo","Gesch\u00e4tzte Lesezeit":"4\u00a0Minuten"},"schema":{"@context":"https:\/\/schema.org","@graph":[{"@type":"Article","@id":"https:\/\/hub.hslu.ch\/mpg\/gesundheitskompetenz-wie-koennen-wir-sie-staerken\/#article","isPartOf":{"@id":"https:\/\/hub.hslu.ch\/mpg\/gesundheitskompetenz-wie-koennen-wir-sie-staerken\/"},"author":{"name":"kaisaruo","@id":"https:\/\/hub.hslu.ch\/mpg\/#\/schema\/person\/40865e24fa6243bb80acf8afb89d115d"},"headline":"Gesundheitskompetenz: Wie k\u00f6nnen wir sie st\u00e4rken?","datePublished":"2025-02-12T15:14:20+00:00","dateModified":"2026-02-11T13:54:14+00:00","mainEntityOfPage":{"@id":"https:\/\/hub.hslu.ch\/mpg\/gesundheitskompetenz-wie-koennen-wir-sie-staerken\/"},"wordCount":545,"commentCount":0,"image":{"@id":"https:\/\/hub.hslu.ch\/mpg\/gesundheitskompetenz-wie-koennen-wir-sie-staerken\/#primaryimage"},"thumbnailUrl":"https:\/\/hub.hslu.ch\/mpg\/wp-content\/uploads\/sites\/27\/2025\/02\/GettyImages-487450110.jpg","keywords":["Betriebliches Gesundheitsmanagement","Betriebsgesundheit","Gesundheitskompetenz","Gesundheitskosten"],"articleSection":["Gesundheitsf\u00f6rderung","Gesundheitspolitik"],"inLanguage":"de-CH","potentialAction":[{"@type":"CommentAction","name":"Comment","target":["https:\/\/hub.hslu.ch\/mpg\/gesundheitskompetenz-wie-koennen-wir-sie-staerken\/#respond"]}]},{"@type":"WebPage","@id":"https:\/\/hub.hslu.ch\/mpg\/gesundheitskompetenz-wie-koennen-wir-sie-staerken\/","url":"https:\/\/hub.hslu.ch\/mpg\/gesundheitskompetenz-wie-koennen-wir-sie-staerken\/","name":"Gesundheitskompetenz: Wie k\u00f6nnen wir sie st\u00e4rken? - Management und Politik im Gesundheitswesen","isPartOf":{"@id":"https:\/\/hub.hslu.ch\/mpg\/#website"},"primaryImageOfPage":{"@id":"https:\/\/hub.hslu.ch\/mpg\/gesundheitskompetenz-wie-koennen-wir-sie-staerken\/#primaryimage"},"image":{"@id":"https:\/\/hub.hslu.ch\/mpg\/gesundheitskompetenz-wie-koennen-wir-sie-staerken\/#primaryimage"},"thumbnailUrl":"https:\/\/hub.hslu.ch\/mpg\/wp-content\/uploads\/sites\/27\/2025\/02\/GettyImages-487450110.jpg","datePublished":"2025-02-12T15:14:20+00:00","dateModified":"2026-02-11T13:54:14+00:00","author":{"@id":"https:\/\/hub.hslu.ch\/mpg\/#\/schema\/person\/40865e24fa6243bb80acf8afb89d115d"},"breadcrumb":{"@id":"https:\/\/hub.hslu.ch\/mpg\/gesundheitskompetenz-wie-koennen-wir-sie-staerken\/#breadcrumb"},"inLanguage":"de-CH","potentialAction":[{"@type":"ReadAction","target":["https:\/\/hub.hslu.ch\/mpg\/gesundheitskompetenz-wie-koennen-wir-sie-staerken\/"]}]},{"@type":"ImageObject","inLanguage":"de-CH","@id":"https:\/\/hub.hslu.ch\/mpg\/gesundheitskompetenz-wie-koennen-wir-sie-staerken\/#primaryimage","url":"https:\/\/hub.hslu.ch\/mpg\/wp-content\/uploads\/sites\/27\/2025\/02\/GettyImages-487450110.jpg","contentUrl":"https:\/\/hub.hslu.ch\/mpg\/wp-content\/uploads\/sites\/27\/2025\/02\/GettyImages-487450110.jpg","width":2048,"height":1367},{"@type":"BreadcrumbList","@id":"https:\/\/hub.hslu.ch\/mpg\/gesundheitskompetenz-wie-koennen-wir-sie-staerken\/#breadcrumb","itemListElement":[{"@type":"ListItem","position":1,"name":"Home","item":"https:\/\/hub.hslu.ch\/mpg\/"},{"@type":"ListItem","position":2,"name":"Gesundheitskompetenz: Wie k\u00f6nnen wir sie st\u00e4rken?"}]},{"@type":"WebSite","@id":"https:\/\/hub.hslu.ch\/mpg\/#website","url":"https:\/\/hub.hslu.ch\/mpg\/","name":"Management und Politik im Gesundheitswesen","description":"Institut f\u00fcr Betriebs- und Regional\u00f6konomie IBR Kompetenzzentrum Public and Nonprofit Management CC PNM","potentialAction":[{"@type":"SearchAction","target":{"@type":"EntryPoint","urlTemplate":"https:\/\/hub.hslu.ch\/mpg\/?s={search_term_string}"},"query-input":{"@type":"PropertyValueSpecification","valueRequired":true,"valueName":"search_term_string"}}],"inLanguage":"de-CH"},{"@type":"Person","@id":"https:\/\/hub.hslu.ch\/mpg\/#\/schema\/person\/40865e24fa6243bb80acf8afb89d115d","name":"kaisaruo"}]}},"featured_image_src":"https:\/\/hub.hslu.ch\/mpg\/wp-content\/uploads\/sites\/27\/2025\/02\/GettyImages-487450110.jpg","featured_image_src_square":"https:\/\/hub.hslu.ch\/mpg\/wp-content\/uploads\/sites\/27\/2025\/02\/GettyImages-487450110.jpg","author_info":{"display_name":"kaisaruo","author_link":"https:\/\/hub.hslu.ch\/mpg\/author\/kaisaruo\/"},"_links":{"self":[{"href":"https:\/\/hub.hslu.ch\/mpg\/wp-json\/wp\/v2\/posts\/614","targetHints":{"allow":["GET"]}}],"collection":[{"href":"https:\/\/hub.hslu.ch\/mpg\/wp-json\/wp\/v2\/posts"}],"about":[{"href":"https:\/\/hub.hslu.ch\/mpg\/wp-json\/wp\/v2\/types\/post"}],"author":[{"embeddable":true,"href":"https:\/\/hub.hslu.ch\/mpg\/wp-json\/wp\/v2\/users\/192"}],"replies":[{"embeddable":true,"href":"https:\/\/hub.hslu.ch\/mpg\/wp-json\/wp\/v2\/comments?post=614"}],"version-history":[{"count":10,"href":"https:\/\/hub.hslu.ch\/mpg\/wp-json\/wp\/v2\/posts\/614\/revisions"}],"predecessor-version":[{"id":963,"href":"https:\/\/hub.hslu.ch\/mpg\/wp-json\/wp\/v2\/posts\/614\/revisions\/963"}],"wp:featuredmedia":[{"embeddable":true,"href":"https:\/\/hub.hslu.ch\/mpg\/wp-json\/wp\/v2\/media\/613"}],"wp:attachment":[{"href":"https:\/\/hub.hslu.ch\/mpg\/wp-json\/wp\/v2\/media?parent=614"}],"wp:term":[{"taxonomy":"category","embeddable":true,"href":"https:\/\/hub.hslu.ch\/mpg\/wp-json\/wp\/v2\/categories?post=614"},{"taxonomy":"post_tag","embeddable":true,"href":"https:\/\/hub.hslu.ch\/mpg\/wp-json\/wp\/v2\/tags?post=614"}],"curies":[{"name":"wp","href":"https:\/\/api.w.org\/{rel}","templated":true}]}}