{"id":2770,"date":"2021-12-22T13:30:40","date_gmt":"2021-12-22T13:30:40","guid":{"rendered":"https:\/\/hub.hslu.ch\/musik\/?p=2770"},"modified":"2022-02-22T15:52:10","modified_gmt":"2022-02-22T15:52:10","slug":"ich-will-meine-musik-in-der-ganzen-welt-erzahlen","status":"publish","type":"post","link":"https:\/\/hub.hslu.ch\/musik\/ich-will-meine-musik-in-der-ganzen-welt-erzahlen\/","title":{"rendered":"\u00abIch will meine Musik in der ganzen Welt erz\u00e4hlen!\u00bb"},"content":{"rendered":"<div class=\"ux-post-layout ux-post-layout--with-image\">\n    <div class=\"ux-post-layout__image\">\n        <figure>\n            <img decoding=\"async\" src=\"https:\/\/hub.hslu.ch\/musik\/wp-content\/uploads\/sites\/2\/2021\/12\/K1600_2111_Blog_Aregnaz-Martirosyan_Bild-zVg.jpg\" alt=\"\">\n        <\/figure>\n        <div class=\"ux-post-layout__text\">\n            <p>Bereits als 19-J\u00e4hrige hat die Armenierin Aregnaz Martirosyan das Klavierstudium abgeschlossen und wusste: Sie will nicht Interpretin sein, sondern Komponistin. Und ihre Musik soll in die ganze Welt hinausgetragen werden. Was sich anh\u00f6rt wie ein verwegener Wunschtraum, verfolgt die heute 29-j\u00e4hrige konsequent. Nach dem Bachelor-Studiengang Komposition in Jerewan und dem Besuch mehrerer Masterclasses bei renommierten Komponisten, schliesst sie n\u00e4chstes Jahr das Komposition-Studium bei Dieter Ammann an der Hochschule Luzern ab.<\/p>\n        <\/div>\n    <\/div>\n<\/div>\n\n\n\n<div class=\"wp-block-group\"><div class=\"wp-block-group__inner-container is-layout-flow wp-block-group-is-layout-flow\">\n<p>Text von <a href=\"https:\/\/www.wortundohr.ch\/\" target=\"_blank\" rel=\"noreferrer noopener\">Christine Weber<\/a><\/p>\n\n\n\n<p>Soeben kommt Aregnaz Martirosyan aus dem Unterricht und erz\u00e4hlt jetzt bei einem Tee im Campus S\u00fcdpol \u00fcber sich und wie es dazu gekommen ist, dass sie in Luzern studiert. Das macht die zierliche Frau, die in der weiten Jacke viel j\u00fcnger wirkt, als sie ist, in fast lupenreinem Hochdeutsch. Gelernt hat sie die Fremdsprache w\u00e4hrend einem zweimonatigen Privatkurs. Das passt zum Tempo, mit dem die junge K\u00fcnstlerin ihre Leidenschaft vorantreibt. \u00abIch wusste schon als Kind, was ich wollte\u00bb, sagt sie und erz\u00e4hlt lachend, was sie auf die Frage nach ihrem Traumberuf jeweils geantwortet habe: \u00abBer\u00fchmt werden!\u00bb.<\/p>\n\n\n\n<h5 class=\"wp-block-heading\" id=\"eigene-musikwelten-erschaffen\"><strong>Eigene Musikwelten erschaffen<\/strong><\/h5>\n\n\n\n<p>Bereits als Knirps habe sie fast rund um die Uhr gesungen und mit allem Kl\u00e4nge und T\u00f6ne gemacht, was ihr in die Finger gekommen sei \u2013 auf der Tischplatte, mit T\u00f6pfen und Tassen. Als sie siebenj\u00e4hrig war, kauften ihr die Eltern ein Klavier, sie besuchte die Musikschule und mit 14 Jahren folgte das Musikstudium. \u00abObschon meine Eltern nicht aus einem k\u00fcnstlerischen Milieu kommen, haben sie mich von klein an unterst\u00fctzt\u00bb, sagt Aregnaz. W\u00e4hrend des Klavierstudiums sei ihr klar geworden, dass sie nicht Pianistin und Interpretin sein will, sondern selbst Musik erschaffen m\u00f6chte. \u00abDamit kann ich meine eigenen Kl\u00e4nge und Geschichten, meine Vorstellungen und Visionen \u2013 eben meine Kompositionen \u2013 in die Welt hinaustragen.\u00bb. Dass auch sie selbst in die Welt hinauswill, war ein logischer Schritt. \u00abHaupts\u00e4chlich wegen dem k\u00fcnstlerischen Aspekt \u2013 aber auch, weil die Spannungen in Armenien die letzten Jahre riesig waren: Der Krieg hat mich enorm belastet, zeitweise konnte ich mich kaum mehr auf meine k\u00fcnstlerische Arbeit konzentrieren.\u00bb<\/p>\n\n\n\n<div class=\"wp-block-media-text alignwide is-stacked-on-mobile is-image-fill\"><figure class=\"wp-block-media-text__media\" style=\"background-image:url(https:\/\/hub.hslu.ch\/musik\/wp-content\/uploads\/sites\/2\/2021\/12\/Aregnaz_Foyer_FB_Feed-1024x819.jpg);background-position:50% 50%\"><img loading=\"lazy\" decoding=\"async\" width=\"1024\" height=\"819\" src=\"https:\/\/hub.hslu.ch\/musik\/wp-content\/uploads\/sites\/2\/2021\/12\/Aregnaz_Foyer_FB_Feed-1024x819.jpg\" alt=\"\" class=\"wp-image-2795 size-full\" srcset=\"https:\/\/hub.hslu.ch\/musik\/wp-content\/uploads\/sites\/2\/2021\/12\/Aregnaz_Foyer_FB_Feed-1024x819.jpg 1024w, https:\/\/hub.hslu.ch\/musik\/wp-content\/uploads\/sites\/2\/2021\/12\/Aregnaz_Foyer_FB_Feed-300x240.jpg 300w, https:\/\/hub.hslu.ch\/musik\/wp-content\/uploads\/sites\/2\/2021\/12\/Aregnaz_Foyer_FB_Feed-768x614.jpg 768w, https:\/\/hub.hslu.ch\/musik\/wp-content\/uploads\/sites\/2\/2021\/12\/Aregnaz_Foyer_FB_Feed-873x698.jpg 873w, https:\/\/hub.hslu.ch\/musik\/wp-content\/uploads\/sites\/2\/2021\/12\/Aregnaz_Foyer_FB_Feed.jpg 1500w\" sizes=\"auto, (max-width: 1024px) 100vw, 1024px\" \/><\/figure><div class=\"wp-block-media-text__content\">\n<blockquote class=\"wp-block-quote is-layout-flow wp-block-quote-is-layout-flow\"><p>\u00abF\u00fcr mich haben sich hier musikalische Welten ge\u00f6ffnet!\u00bb<\/p><cite>Aregnaz Martirosyan<\/cite><\/blockquote>\n\n\n\n<p><\/p>\n\n\n\n<p><\/p>\n<\/div><\/div>\n\n\n\n<p><\/p>\n\n\n\n<h5 class=\"wp-block-heading\" id=\"internationales-umfeld-als-inspiration\"><strong>Internationales Umfeld als Inspiration<\/strong><\/h5>\n\n\n\n<p>Obschon Aregnaz Martirosyan als zeitgen\u00f6ssische Komponistin bereits mit einigen Preisen ausgezeichnet wurde, und (Auftrags-)Werke von ihr unter anderem vom Armenischen Philharmonischen Orchester aufgef\u00fchrt worden sind, musste sie sich vor dem Studienantritt in der Schweiz beweisen. \u00abIch wollte unbedingt zeitgen\u00f6ssische Musik bei Dieter Ammann studieren! Das Potenzial meiner eingereichten Werke \u00fcberzeugte ihn zwar, aber technisch und stilistisch gab es Nachholbedarf\u00bb, erz\u00e4hlt sie. Nach einem Austauschsemester war es dann soweit: 2019 wurde sie in den <a href=\"https:\/\/www.hslu.ch\/de-ch\/musik\/studium\/master\/ma-music\/komposition\/\">Kompositons-Studiengang<\/a> bei Dieter Ammann aufgenommen \u2013 dass sie dann richtig abheben und eintauchen konnte, musste sie sich allerdings zuerst erk\u00e4mpfen: \u00abKurz nach meiner Ankunft ist die Corona-Pandemie ausgebrochen, ich kannte kaum jemanden und mein Deutsch war noch nicht so gut. Zuerst war es eine schwierige Zeit f\u00fcr mich\u00bb, sagt Aregnaz r\u00fcckblickend. Unterdessen hat sich das ge\u00e4ndert, die Musikerin und Komponistin ist gut integriert, hat Freunde und eine Wohnung gefunden und wird 2022 den Master in Komposition abschliessen. \u00abF\u00fcr mich haben sich hier musikalische Welten ge\u00f6ffnet! Ich profitiere unglaublich viel und Dieter Ammann ist sowohl als Professor wie als Mensch ein grossartiger Mentor\u00bb. Inspirierend sei zudem das internationale Umfeld an der Schule, die Austauschm\u00f6glichkeiten an Festivals wie etwa \u00abAlpent\u00f6ne\u00bb, \u00abNew Music Days\u00bb und \u00abDarmst\u00e4dter Ferienkurse\u00bb oder Gef\u00e4sse wie die <a href=\"https:\/\/www.hslu.ch\/de-ch\/musik\/studium\/meisterkurse-und-workshops\/meisterkurse-contemporary-music-studies\/\" target=\"_blank\" rel=\"noreferrer noopener\">Akademie f\u00fcr zeitgen\u00f6ssische Musik<\/a> an der Hochschule Luzern.<\/p>\n\n\n\n<p>Die Komponistin ist mit ihrem Wunsch, die eigene Musik in die Welt hinauszutragen unterdessen ein grosses St\u00fcck vorangekommen: Nebst der Urauff\u00fchrung f\u00fcr das Orchesterwerk \u00abZeitlos\u00bb des Sinfonieorchester Biel-Solothurn (2021 Mai) hat die junge Komponistin auch ein Ensemblest\u00fcck f\u00fcr das Amsterdamer Ensemble \u00abInterContinental\u00bb geschrieben, das auch auf CD erschien (2021 Oktober). Zudem w\u00fcrdigt die Basel Sinfonietta den Komponisten Dieter Ammann am 26. Mai 2022 zu seinem 60. Geburtstag mit zwei Urauff\u00fchrungen \u2013 eine davon ist das Auftragswerk f\u00fcr Orchester von Aregnaz Martirosyan.<\/p>\n\n\n\n<figure class=\"wp-block-embed is-type-video is-provider-youtube wp-block-embed-youtube wp-embed-aspect-16-9 wp-has-aspect-ratio\"><div class=\"wp-block-embed__wrapper\">\n<iframe loading=\"lazy\" title=\"Master Komposition: Eine neue Geschichte schreiben\" width=\"640\" height=\"360\" src=\"https:\/\/www.youtube.com\/embed\/jXdAYan4UQM?feature=oembed\" frameborder=\"0\" allow=\"accelerometer; autoplay; clipboard-write; encrypted-media; gyroscope; picture-in-picture; web-share\" referrerpolicy=\"strict-origin-when-cross-origin\" allowfullscreen><\/iframe>\n<\/div><\/figure>\n\n\n<div class=\"detail-link__wrapper\">\n    <div class=\"detail-link fullWidth\">\n\n                    <h3 class=\"detail-link__title\">Weitere Links<\/h3>\n        \n        \n                                                            <a target=\"_blank\" href=\"https:\/\/www.hslu.ch\/de-ch\/musik\/studium\/master\/ma-music\/komposition\/\">\n                            <div class=\"detail-link--wrapper\">\n                                <h3>Master of Arts in Music, Major Komposition<\/h3>\n                                <span>\n                                <\/span>\n                            <\/div>\n                        <\/a>\n                                                                                <a target=\"_blank\" href=\"https:\/\/www.hslu.ch\/de-ch\/musik\/studium\/master\/ma-music\/performance-klassik\/\">\n                            <div class=\"detail-link--wrapper\">\n                                <h3>Master of Arts in Music, Performance Klassik<\/h3>\n                                <span>\n                                <\/span>\n                            <\/div>\n                        <\/a>\n                                                                                <a target=\"\" href=\"https:\/\/hub.hslu.ch\/musik\/voraussetzungen-studium\/\">\n                            <div class=\"detail-link--wrapper\">\n                                <h3>Talent, Leidenschaft oder doch eiserne Disziplin? Welche Voraussetzungen helfen, um ein Musik-Studium erfolgreich zu absolvieren.<\/h3>\n                                <span>\n                                <\/span>\n                            <\/div>\n                        <\/a>\n                                                                                <a target=\"_blank\" href=\"https:\/\/youtu.be\/nLg-Z-MERHU\">\n                            <div class=\"detail-link--wrapper\">\n                                <h3>Video: Master-Abschlusskonzert Komposition 2019 von Demian Coca Guzman<\/h3>\n                                <span>\n                                <\/span>\n                            <\/div>\n                        <\/a>\n                                                            <\/div>\n<\/div>\n<\/div><\/div>\n\n\n\n<p><\/p>\n","protected":false},"excerpt":{"rendered":"<p>Bereits als 19-J\u00e4hrige hat die Armenierin Aregnaz Martirosyan das Klavierstudium abgeschlossen und wusste: Sie will nicht Interpretin sein, sondern Komponistin. Und ihre Musik soll in die ganze Welt hinausgetragen werden. Was sich anh\u00f6rt wie ein verwegener Wunschtraum, verfolgt die heute 29-j\u00e4hrige konsequent. Nach dem Bachelor-Studiengang Komposition in Jerewan und dem Besuch mehrerer Masterclasses bei renommierten Komponisten, schliesst sie n\u00e4chstes Jahr das Komposition-Studium bei Dieter Ammann an der Hochschule Luzern ab.<\/p>\n","protected":false},"author":11,"featured_media":2797,"comment_status":"open","ping_status":"open","sticky":false,"template":"","format":"standard","meta":{"_acf_changed":false,"inline_featured_image":false,"footnotes":"","_links_to":"","_links_to_target":""},"categories":[2],"tags":[22,65,62,20,66,63,61,18],"class_list":["post-2770","post","type-post","status-publish","format-standard","has-post-thumbnail","hentry","category-identities","tag-hochschule-luzern-musik","tag-hslu-musik","tag-klassik-studieren","tag-klavier","tag-komposition","tag-master-musik","tag-musik-studieren","tag-musikstudium"],"acf":[],"yoast_head":"<!-- This site is optimized with the Yoast SEO plugin v27.5 - https:\/\/yoast.com\/product\/yoast-seo-wordpress\/ -->\n<title>\u00abIch will meine Musik in der ganzen Welt erz\u00e4hlen!\u00bb<\/title>\n<meta name=\"description\" content=\"Aregnaz Martyrosian wusste schon als Kind was sie wollte: \u00abBer\u00fchmt werden!\u00bb. Nun studiert sie Komposition bei Dieter Ammann an der Hochschule Luzern und kommt ihrem Traum n\u00e4her.\" \/>\n<meta name=\"robots\" content=\"index, follow, max-snippet:-1, max-image-preview:large, max-video-preview:-1\" \/>\n<link rel=\"canonical\" href=\"https:\/\/hub.hslu.ch\/musik\/ich-will-meine-musik-in-der-ganzen-welt-erzahlen\/\" \/>\n<meta property=\"og:locale\" content=\"de_DE\" \/>\n<meta property=\"og:type\" content=\"article\" \/>\n<meta property=\"og:title\" content=\"Ich will meine Musik in der ganzen Welt erz\u00e4hlen!\" \/>\n<meta property=\"og:description\" content=\"Aregnaz Martyrosian wusste schon als Kind was sie wollte: \u00abBer\u00fchmt werden!\u00bb. Seit 2019 studiert sie Komposition bei Dieter Ammann an der Hochschule Luzern und ist ihrem Traum schon sehr nahe.\" \/>\n<meta property=\"og:url\" content=\"https:\/\/hub.hslu.ch\/musik\/ich-will-meine-musik-in-der-ganzen-welt-erzahlen\/\" \/>\n<meta property=\"og:site_name\" content=\"Blog Hochschule Luzern \u2013 Musik\" \/>\n<meta property=\"article:published_time\" content=\"2021-12-22T13:30:40+00:00\" \/>\n<meta property=\"article:modified_time\" content=\"2022-02-22T15:52:10+00:00\" \/>\n<meta property=\"og:image\" content=\"https:\/\/hub.hslu.ch\/musik\/wp-content\/uploads\/sites\/2\/2021\/12\/Aregnaz_sitzend_FB_Feed.jpg\" \/>\n\t<meta property=\"og:image:width\" content=\"1500\" \/>\n\t<meta property=\"og:image:height\" content=\"1200\" \/>\n\t<meta property=\"og:image:type\" content=\"image\/jpeg\" \/>\n<meta name=\"author\" content=\"Hochschule Luzern \u2013 Musik\" \/>\n<meta name=\"twitter:card\" content=\"summary_large_image\" \/>\n<meta name=\"twitter:title\" content=\"Ich will meine Musik in der ganzen Welt erz\u00e4hlen!\" \/>\n<meta name=\"twitter:description\" content=\"Aregnaz Martyrosian wusste schon als Kind was sie wollte: \u00abBer\u00fchmt werden!\u00bb. Ihrem Traum ist sie schon sehr nahe \u2013 dank ihrem Kompositionsstudium bei Dieter Ammann an der Hochschule Luzern. #hslumusik\" \/>\n<meta name=\"twitter:image\" content=\"https:\/\/hub.hslu.ch\/musik\/wp-content\/uploads\/sites\/2\/2021\/12\/Aregnaz_sitzend_FB_Feed.jpg\" \/>\n<meta name=\"twitter:label1\" content=\"Geschrieben von\" \/>\n\t<meta name=\"twitter:data1\" content=\"Hochschule Luzern \u2013 Musik\" \/>\n\t<meta name=\"twitter:label2\" content=\"Gesch\u00e4tzte Lesezeit\" \/>\n\t<meta name=\"twitter:data2\" content=\"3\u00a0Minuten\" \/>\n<script type=\"application\/ld+json\" class=\"yoast-schema-graph\">{\"@context\":\"https:\\\/\\\/schema.org\",\"@graph\":[{\"@type\":\"Article\",\"@id\":\"https:\\\/\\\/hub.hslu.ch\\\/musik\\\/ich-will-meine-musik-in-der-ganzen-welt-erzahlen\\\/#article\",\"isPartOf\":{\"@id\":\"https:\\\/\\\/hub.hslu.ch\\\/musik\\\/ich-will-meine-musik-in-der-ganzen-welt-erzahlen\\\/\"},\"author\":{\"name\":\"Hochschule Luzern \u2013 Musik\",\"@id\":\"https:\\\/\\\/hub.hslu.ch\\\/musik\\\/#\\\/schema\\\/person\\\/b025d09f1a003f81c28659dd56c623e7\"},\"headline\":\"\u00abIch will meine Musik in der ganzen Welt erz\u00e4hlen!\u00bb\",\"datePublished\":\"2021-12-22T13:30:40+00:00\",\"dateModified\":\"2022-02-22T15:52:10+00:00\",\"mainEntityOfPage\":{\"@id\":\"https:\\\/\\\/hub.hslu.ch\\\/musik\\\/ich-will-meine-musik-in-der-ganzen-welt-erzahlen\\\/\"},\"wordCount\":614,\"commentCount\":0,\"image\":{\"@id\":\"https:\\\/\\\/hub.hslu.ch\\\/musik\\\/ich-will-meine-musik-in-der-ganzen-welt-erzahlen\\\/#primaryimage\"},\"thumbnailUrl\":\"https:\\\/\\\/hub.hslu.ch\\\/musik\\\/wp-content\\\/uploads\\\/sites\\\/2\\\/2021\\\/12\\\/Aregnaz_Foyer_16x9.jpg\",\"keywords\":[\"Hochschule Luzern \u2013 Musik\",\"HSLU Musik\",\"Klassik studieren\",\"Klavier\",\"Komposition\",\"Master Musik\",\"Musik studieren\",\"Musikstudium\"],\"articleSection\":[\"Identities\"],\"inLanguage\":\"de-CH\",\"potentialAction\":[{\"@type\":\"CommentAction\",\"name\":\"Comment\",\"target\":[\"https:\\\/\\\/hub.hslu.ch\\\/musik\\\/ich-will-meine-musik-in-der-ganzen-welt-erzahlen\\\/#respond\"]}]},{\"@type\":\"WebPage\",\"@id\":\"https:\\\/\\\/hub.hslu.ch\\\/musik\\\/ich-will-meine-musik-in-der-ganzen-welt-erzahlen\\\/\",\"url\":\"https:\\\/\\\/hub.hslu.ch\\\/musik\\\/ich-will-meine-musik-in-der-ganzen-welt-erzahlen\\\/\",\"name\":\"\u00abIch will meine Musik in der ganzen Welt erz\u00e4hlen!\u00bb\",\"isPartOf\":{\"@id\":\"https:\\\/\\\/hub.hslu.ch\\\/musik\\\/#website\"},\"primaryImageOfPage\":{\"@id\":\"https:\\\/\\\/hub.hslu.ch\\\/musik\\\/ich-will-meine-musik-in-der-ganzen-welt-erzahlen\\\/#primaryimage\"},\"image\":{\"@id\":\"https:\\\/\\\/hub.hslu.ch\\\/musik\\\/ich-will-meine-musik-in-der-ganzen-welt-erzahlen\\\/#primaryimage\"},\"thumbnailUrl\":\"https:\\\/\\\/hub.hslu.ch\\\/musik\\\/wp-content\\\/uploads\\\/sites\\\/2\\\/2021\\\/12\\\/Aregnaz_Foyer_16x9.jpg\",\"datePublished\":\"2021-12-22T13:30:40+00:00\",\"dateModified\":\"2022-02-22T15:52:10+00:00\",\"author\":{\"@id\":\"https:\\\/\\\/hub.hslu.ch\\\/musik\\\/#\\\/schema\\\/person\\\/b025d09f1a003f81c28659dd56c623e7\"},\"description\":\"Aregnaz Martyrosian wusste schon als Kind was sie wollte: \u00abBer\u00fchmt werden!\u00bb. Nun studiert sie Komposition bei Dieter Ammann an der Hochschule Luzern und kommt ihrem Traum n\u00e4her.\",\"breadcrumb\":{\"@id\":\"https:\\\/\\\/hub.hslu.ch\\\/musik\\\/ich-will-meine-musik-in-der-ganzen-welt-erzahlen\\\/#breadcrumb\"},\"inLanguage\":\"de-CH\",\"potentialAction\":[{\"@type\":\"ReadAction\",\"target\":[\"https:\\\/\\\/hub.hslu.ch\\\/musik\\\/ich-will-meine-musik-in-der-ganzen-welt-erzahlen\\\/\"]}]},{\"@type\":\"ImageObject\",\"inLanguage\":\"de-CH\",\"@id\":\"https:\\\/\\\/hub.hslu.ch\\\/musik\\\/ich-will-meine-musik-in-der-ganzen-welt-erzahlen\\\/#primaryimage\",\"url\":\"https:\\\/\\\/hub.hslu.ch\\\/musik\\\/wp-content\\\/uploads\\\/sites\\\/2\\\/2021\\\/12\\\/Aregnaz_Foyer_16x9.jpg\",\"contentUrl\":\"https:\\\/\\\/hub.hslu.ch\\\/musik\\\/wp-content\\\/uploads\\\/sites\\\/2\\\/2021\\\/12\\\/Aregnaz_Foyer_16x9.jpg\",\"width\":1461,\"height\":822},{\"@type\":\"BreadcrumbList\",\"@id\":\"https:\\\/\\\/hub.hslu.ch\\\/musik\\\/ich-will-meine-musik-in-der-ganzen-welt-erzahlen\\\/#breadcrumb\",\"itemListElement\":[{\"@type\":\"ListItem\",\"position\":1,\"name\":\"Home\",\"item\":\"https:\\\/\\\/hub.hslu.ch\\\/musik\\\/\"},{\"@type\":\"ListItem\",\"position\":2,\"name\":\"\u00abIch will meine Musik in der ganzen Welt erz\u00e4hlen!\u00bb\"}]},{\"@type\":\"WebSite\",\"@id\":\"https:\\\/\\\/hub.hslu.ch\\\/musik\\\/#website\",\"url\":\"https:\\\/\\\/hub.hslu.ch\\\/musik\\\/\",\"name\":\"Blog Hochschule Luzern \u2013 Musik\",\"description\":\"\",\"potentialAction\":[{\"@type\":\"SearchAction\",\"target\":{\"@type\":\"EntryPoint\",\"urlTemplate\":\"https:\\\/\\\/hub.hslu.ch\\\/musik\\\/?s={search_term_string}\"},\"query-input\":{\"@type\":\"PropertyValueSpecification\",\"valueRequired\":true,\"valueName\":\"search_term_string\"}}],\"inLanguage\":\"de-CH\"},{\"@type\":\"Person\",\"@id\":\"https:\\\/\\\/hub.hslu.ch\\\/musik\\\/#\\\/schema\\\/person\\\/b025d09f1a003f81c28659dd56c623e7\",\"name\":\"Hochschule Luzern \u2013 Musik\",\"image\":{\"@type\":\"ImageObject\",\"inLanguage\":\"de-CH\",\"@id\":\"https:\\\/\\\/secure.gravatar.com\\\/avatar\\\/dc90835f904270edcf95b6fd9ca1df86c93e3a8861f9b6badee768be51a8eccd?s=96&d=mm&r=g\",\"url\":\"https:\\\/\\\/secure.gravatar.com\\\/avatar\\\/dc90835f904270edcf95b6fd9ca1df86c93e3a8861f9b6badee768be51a8eccd?s=96&d=mm&r=g\",\"contentUrl\":\"https:\\\/\\\/secure.gravatar.com\\\/avatar\\\/dc90835f904270edcf95b6fd9ca1df86c93e3a8861f9b6badee768be51a8eccd?s=96&d=mm&r=g\",\"caption\":\"Hochschule Luzern \u2013 Musik\"},\"description\":\"Wir sind in Musik vernarrte Autor*innen und z\u00e4hlen uns zu den wahrlich Gl\u00fccklichen: Wir umgeben uns nicht nur im privaten Leben mit Musik, sondern widmen uns auch im Berufsleben unserer Leidenschaft.\",\"url\":\"https:\\\/\\\/hub.hslu.ch\\\/musik\\\/autor\\\/carole\\\/\"}]}<\/script>\n<!-- \/ Yoast SEO plugin. -->","yoast_head_json":{"title":"\u00abIch will meine Musik in der ganzen Welt erz\u00e4hlen!\u00bb","description":"Aregnaz Martyrosian wusste schon als Kind was sie wollte: \u00abBer\u00fchmt werden!\u00bb. Nun studiert sie Komposition bei Dieter Ammann an der Hochschule Luzern und kommt ihrem Traum n\u00e4her.","robots":{"index":"index","follow":"follow","max-snippet":"max-snippet:-1","max-image-preview":"max-image-preview:large","max-video-preview":"max-video-preview:-1"},"canonical":"https:\/\/hub.hslu.ch\/musik\/ich-will-meine-musik-in-der-ganzen-welt-erzahlen\/","og_locale":"de_DE","og_type":"article","og_title":"Ich will meine Musik in der ganzen Welt erz\u00e4hlen!","og_description":"Aregnaz Martyrosian wusste schon als Kind was sie wollte: \u00abBer\u00fchmt werden!\u00bb. Seit 2019 studiert sie Komposition bei Dieter Ammann an der Hochschule Luzern und ist ihrem Traum schon sehr nahe.","og_url":"https:\/\/hub.hslu.ch\/musik\/ich-will-meine-musik-in-der-ganzen-welt-erzahlen\/","og_site_name":"Blog Hochschule Luzern \u2013 Musik","article_published_time":"2021-12-22T13:30:40+00:00","article_modified_time":"2022-02-22T15:52:10+00:00","og_image":[{"width":1500,"height":1200,"url":"https:\/\/hub.hslu.ch\/musik\/wp-content\/uploads\/sites\/2\/2021\/12\/Aregnaz_sitzend_FB_Feed.jpg","type":"image\/jpeg"}],"author":"Hochschule Luzern \u2013 Musik","twitter_card":"summary_large_image","twitter_title":"Ich will meine Musik in der ganzen Welt erz\u00e4hlen!","twitter_description":"Aregnaz Martyrosian wusste schon als Kind was sie wollte: \u00abBer\u00fchmt werden!\u00bb. Ihrem Traum ist sie schon sehr nahe \u2013 dank ihrem Kompositionsstudium bei Dieter Ammann an der Hochschule Luzern. #hslumusik","twitter_image":"https:\/\/hub.hslu.ch\/musik\/wp-content\/uploads\/sites\/2\/2021\/12\/Aregnaz_sitzend_FB_Feed.jpg","twitter_misc":{"Geschrieben von":"Hochschule Luzern \u2013 Musik","Gesch\u00e4tzte Lesezeit":"3\u00a0Minuten"},"schema":{"@context":"https:\/\/schema.org","@graph":[{"@type":"Article","@id":"https:\/\/hub.hslu.ch\/musik\/ich-will-meine-musik-in-der-ganzen-welt-erzahlen\/#article","isPartOf":{"@id":"https:\/\/hub.hslu.ch\/musik\/ich-will-meine-musik-in-der-ganzen-welt-erzahlen\/"},"author":{"name":"Hochschule Luzern \u2013 Musik","@id":"https:\/\/hub.hslu.ch\/musik\/#\/schema\/person\/b025d09f1a003f81c28659dd56c623e7"},"headline":"\u00abIch will meine Musik in der ganzen Welt erz\u00e4hlen!\u00bb","datePublished":"2021-12-22T13:30:40+00:00","dateModified":"2022-02-22T15:52:10+00:00","mainEntityOfPage":{"@id":"https:\/\/hub.hslu.ch\/musik\/ich-will-meine-musik-in-der-ganzen-welt-erzahlen\/"},"wordCount":614,"commentCount":0,"image":{"@id":"https:\/\/hub.hslu.ch\/musik\/ich-will-meine-musik-in-der-ganzen-welt-erzahlen\/#primaryimage"},"thumbnailUrl":"https:\/\/hub.hslu.ch\/musik\/wp-content\/uploads\/sites\/2\/2021\/12\/Aregnaz_Foyer_16x9.jpg","keywords":["Hochschule Luzern \u2013 Musik","HSLU Musik","Klassik studieren","Klavier","Komposition","Master Musik","Musik studieren","Musikstudium"],"articleSection":["Identities"],"inLanguage":"de-CH","potentialAction":[{"@type":"CommentAction","name":"Comment","target":["https:\/\/hub.hslu.ch\/musik\/ich-will-meine-musik-in-der-ganzen-welt-erzahlen\/#respond"]}]},{"@type":"WebPage","@id":"https:\/\/hub.hslu.ch\/musik\/ich-will-meine-musik-in-der-ganzen-welt-erzahlen\/","url":"https:\/\/hub.hslu.ch\/musik\/ich-will-meine-musik-in-der-ganzen-welt-erzahlen\/","name":"\u00abIch will meine Musik in der ganzen Welt erz\u00e4hlen!\u00bb","isPartOf":{"@id":"https:\/\/hub.hslu.ch\/musik\/#website"},"primaryImageOfPage":{"@id":"https:\/\/hub.hslu.ch\/musik\/ich-will-meine-musik-in-der-ganzen-welt-erzahlen\/#primaryimage"},"image":{"@id":"https:\/\/hub.hslu.ch\/musik\/ich-will-meine-musik-in-der-ganzen-welt-erzahlen\/#primaryimage"},"thumbnailUrl":"https:\/\/hub.hslu.ch\/musik\/wp-content\/uploads\/sites\/2\/2021\/12\/Aregnaz_Foyer_16x9.jpg","datePublished":"2021-12-22T13:30:40+00:00","dateModified":"2022-02-22T15:52:10+00:00","author":{"@id":"https:\/\/hub.hslu.ch\/musik\/#\/schema\/person\/b025d09f1a003f81c28659dd56c623e7"},"description":"Aregnaz Martyrosian wusste schon als Kind was sie wollte: \u00abBer\u00fchmt werden!\u00bb. Nun studiert sie Komposition bei Dieter Ammann an der Hochschule Luzern und kommt ihrem Traum n\u00e4her.","breadcrumb":{"@id":"https:\/\/hub.hslu.ch\/musik\/ich-will-meine-musik-in-der-ganzen-welt-erzahlen\/#breadcrumb"},"inLanguage":"de-CH","potentialAction":[{"@type":"ReadAction","target":["https:\/\/hub.hslu.ch\/musik\/ich-will-meine-musik-in-der-ganzen-welt-erzahlen\/"]}]},{"@type":"ImageObject","inLanguage":"de-CH","@id":"https:\/\/hub.hslu.ch\/musik\/ich-will-meine-musik-in-der-ganzen-welt-erzahlen\/#primaryimage","url":"https:\/\/hub.hslu.ch\/musik\/wp-content\/uploads\/sites\/2\/2021\/12\/Aregnaz_Foyer_16x9.jpg","contentUrl":"https:\/\/hub.hslu.ch\/musik\/wp-content\/uploads\/sites\/2\/2021\/12\/Aregnaz_Foyer_16x9.jpg","width":1461,"height":822},{"@type":"BreadcrumbList","@id":"https:\/\/hub.hslu.ch\/musik\/ich-will-meine-musik-in-der-ganzen-welt-erzahlen\/#breadcrumb","itemListElement":[{"@type":"ListItem","position":1,"name":"Home","item":"https:\/\/hub.hslu.ch\/musik\/"},{"@type":"ListItem","position":2,"name":"\u00abIch will meine Musik in der ganzen Welt erz\u00e4hlen!\u00bb"}]},{"@type":"WebSite","@id":"https:\/\/hub.hslu.ch\/musik\/#website","url":"https:\/\/hub.hslu.ch\/musik\/","name":"Blog Hochschule Luzern \u2013 Musik","description":"","potentialAction":[{"@type":"SearchAction","target":{"@type":"EntryPoint","urlTemplate":"https:\/\/hub.hslu.ch\/musik\/?s={search_term_string}"},"query-input":{"@type":"PropertyValueSpecification","valueRequired":true,"valueName":"search_term_string"}}],"inLanguage":"de-CH"},{"@type":"Person","@id":"https:\/\/hub.hslu.ch\/musik\/#\/schema\/person\/b025d09f1a003f81c28659dd56c623e7","name":"Hochschule Luzern \u2013 Musik","image":{"@type":"ImageObject","inLanguage":"de-CH","@id":"https:\/\/secure.gravatar.com\/avatar\/dc90835f904270edcf95b6fd9ca1df86c93e3a8861f9b6badee768be51a8eccd?s=96&d=mm&r=g","url":"https:\/\/secure.gravatar.com\/avatar\/dc90835f904270edcf95b6fd9ca1df86c93e3a8861f9b6badee768be51a8eccd?s=96&d=mm&r=g","contentUrl":"https:\/\/secure.gravatar.com\/avatar\/dc90835f904270edcf95b6fd9ca1df86c93e3a8861f9b6badee768be51a8eccd?s=96&d=mm&r=g","caption":"Hochschule Luzern \u2013 Musik"},"description":"Wir sind in Musik vernarrte Autor*innen und z\u00e4hlen uns zu den wahrlich Gl\u00fccklichen: Wir umgeben uns nicht nur im privaten Leben mit Musik, sondern widmen uns auch im Berufsleben unserer Leidenschaft.","url":"https:\/\/hub.hslu.ch\/musik\/autor\/carole\/"}]}},"_links":{"self":[{"href":"https:\/\/hub.hslu.ch\/musik\/wp-json\/wp\/v2\/posts\/2770","targetHints":{"allow":["GET"]}}],"collection":[{"href":"https:\/\/hub.hslu.ch\/musik\/wp-json\/wp\/v2\/posts"}],"about":[{"href":"https:\/\/hub.hslu.ch\/musik\/wp-json\/wp\/v2\/types\/post"}],"author":[{"embeddable":true,"href":"https:\/\/hub.hslu.ch\/musik\/wp-json\/wp\/v2\/users\/11"}],"replies":[{"embeddable":true,"href":"https:\/\/hub.hslu.ch\/musik\/wp-json\/wp\/v2\/comments?post=2770"}],"version-history":[{"count":34,"href":"https:\/\/hub.hslu.ch\/musik\/wp-json\/wp\/v2\/posts\/2770\/revisions"}],"predecessor-version":[{"id":2918,"href":"https:\/\/hub.hslu.ch\/musik\/wp-json\/wp\/v2\/posts\/2770\/revisions\/2918"}],"wp:featuredmedia":[{"embeddable":true,"href":"https:\/\/hub.hslu.ch\/musik\/wp-json\/wp\/v2\/media\/2797"}],"wp:attachment":[{"href":"https:\/\/hub.hslu.ch\/musik\/wp-json\/wp\/v2\/media?parent=2770"}],"wp:term":[{"taxonomy":"category","embeddable":true,"href":"https:\/\/hub.hslu.ch\/musik\/wp-json\/wp\/v2\/categories?post=2770"},{"taxonomy":"post_tag","embeddable":true,"href":"https:\/\/hub.hslu.ch\/musik\/wp-json\/wp\/v2\/tags?post=2770"}],"curies":[{"name":"wp","href":"https:\/\/api.w.org\/{rel}","templated":true}]}}