{"id":398,"date":"2019-07-11T15:11:00","date_gmt":"2019-07-11T15:11:00","guid":{"rendered":"https:\/\/hub.hslu.ch\/musik\/?p=398"},"modified":"2019-09-17T08:39:45","modified_gmt":"2019-09-17T08:39:45","slug":"demian-guzman","status":"publish","type":"post","link":"https:\/\/hub.hslu.ch\/musik\/demian-guzman\/","title":{"rendered":"\u00abWir sind gut im Rennen.\u00bb Kompositions-Student Demian Coca Guzman vor der Ur-Auff\u00fchrung seines Werkes \u00abConstelar\u00bb."},"content":{"rendered":"<div class=\"ux-post-layout ux-post-layout--text\">\n    <div class=\"ux-post-layout__text\">\n        <p>Demian Coca Guzman schloss im Juli 2019 sein Master-Studium in Komposition ab. Die Pr\u00fcfung bestand aus der Urauff\u00fchrung seines eigens komponierten 60-min\u00fctigen Werks \u00abConstelar\u00bb mit einem 17-k\u00f6pfigen Jazzorchester. Im Video erz\u00e4hlen er und sein Dozent Ed Partyka von den letzten Vorbereitungsarbeiten, der speziellen Doppelfunktion als Komponist und Dirigent und den Freuden, die man Erschaffer eines musikalischen Werkes erleben darf: \u00abDas sch\u00f6nste an der ganzen Sache ist, dass 17 Musikerinnen und   Musiker Freude daran haben, meine Musik zu spielen.\u00bb   <\/p>\n    <\/div>\n<\/div>\n\n\n\n<div class=\"wp-block-group\"><div class=\"wp-block-group__inner-container is-layout-flow wp-block-group-is-layout-flow\">\n<figure class=\"wp-block-embed-youtube wp-block-embed is-type-video is-provider-youtube wp-embed-aspect-16-9 wp-has-aspect-ratio\"><div class=\"wp-block-embed__wrapper\">\n<iframe loading=\"lazy\" title=\"Master-Abschlusskonzerte 2019 | Demian Coca Guzman\" width=\"640\" height=\"360\" src=\"https:\/\/www.youtube.com\/embed\/nLg-Z-MERHU?feature=oembed\" frameborder=\"0\" allow=\"accelerometer; autoplay; clipboard-write; encrypted-media; gyroscope; picture-in-picture; web-share\" referrerpolicy=\"strict-origin-when-cross-origin\" allowfullscreen><\/iframe>\n<\/div><\/figure>\n\n\n\n<h2 class=\"wp-block-heading\"><strong>\u00dcber das Masterabschluss-Konzert<\/strong> <\/h2>\n\n\n\n<p>Zum Musikstudium geh\u00f6ren regelm\u00e4ssige Auftritte vor Publikum \u2013 sei es in Hochschulensembles, mit Orchester, in eigenen Bands oder als Solistin\/Solist. Das Masterabschluss-Konzert, welches am Ende jedes Musik-Studiums steht, ist dabei Highlight und Pr\u00fcfung zugleich. Vor Publikum und einer f\u00fcnf- bis siebenk\u00f6pfigen Jury m\u00fcssen die Absolventinnen und Absolventen zeigen, was sie w\u00e4hrend ihrer Studienzeit \u2013 in der Regel drei Bachelor- und zwei Master-Jahre \u2013 gelernt haben. \u00abIm Bereich Jazz dauert so ein Konzert etwa 40 Minuten, in der Klassik je nach Instrument bis zu einer Stunde\u00bb, erkl\u00e4rt Michael Kaufmann, Direktor der Hochschule Luzern \u2013 Musik. In der Jury sitzen neben hochschulinternen Expertinnen und Experten auch externe Berufsmusikerinnen und -musiker <\/p>\n\n\n\n<h2 class=\"wp-block-heading\"><strong>Master-Abschlusskonzerte&nbsp;<\/strong><\/h2>\n\n\n\n<p>Jeweils im Juli\/August pr\u00e4sentieren die Absolventinnen und Absolventen der Hochschule Luzern \u2013 Musik jedes Jahr ihr ganzes K\u00f6nnen auf zahlreichen B\u00fchnen in und um Luzern.<\/p>\n\n\n<div class=\"detail-link__wrapper\">\n    <div class=\"detail-link fullWidth\">\n\n                    <h3 class=\"detail-link__title\">Studiengang Komposition<\/h3>\n        \n        \n                                                            <a target=\"_blank\" href=\"http:\/\/www.hslu.ch\/komposition\">\n                            <div class=\"detail-link--wrapper\">\n                                <h3>An der Hochschule Luzern kann der Bachelor of Arts in Music mit Studienschwerpunkt Komposition abgeschlossen werden. Die Studierenden haben dabei ein doppeltes Hauptfach: Sie erhalten Unterricht in Komposition und im selbst gew\u00e4hlten Instrumental-\/Vokalfach im Profil Klassik oder Jazz. Der Studiengang Bachelor of Arts in Music f\u00fchrt in den Master of Arts in Music, Major Komposition.  <\/h3>\n                                <span>\n                                <\/span>\n                            <\/div>\n                        <\/a>\n                                                            <\/div>\n<\/div>\n\n\n<div class=\"detail-link__wrapper\">\n    <div class=\"detail-link fullWidth\">\n\n                    <h3 class=\"detail-link__title\"><\/h3>\n        \n        \n                                                            <a target=\"_blank\" href=\"http:\/\/www.hslu.ch\/masterkonzerte\">\n                            <div class=\"detail-link--wrapper\">\n                                <h3>Termine und Konzertdaten<\/h3>\n                                <span>\n                                <\/span>\n                            <\/div>\n                        <\/a>\n                                                                                <a target=\"_blank\" href=\"https:\/\/www.youtube.com\/playlist?list=PLwbGbDYQdmDUdK-xkvS0zGA5sapzjw5gZ\">\n                            <div class=\"detail-link--wrapper\">\n                                <h3>Weitere Videos aus Master-Abschlusskonzerten<\/h3>\n                                <span>\n                                <\/span>\n                            <\/div>\n                        <\/a>\n                                                            <\/div>\n<\/div>\n<\/div><\/div>\n","protected":false},"excerpt":{"rendered":"<p>Demian Coca Guzman schloss im Juli 2019 sein Master-Studium in Komposition ab. Die Pr\u00fcfung bestand aus der Urauff\u00fchrung seines eigens komponierten 60-min\u00fctigen Werks \u00abConstelar\u00bb mit einem 17-k\u00f6pfigen Jazzorchester. Im Video erz\u00e4hlen er und sein Dozent Ed Partyka von den letzten Vorbereitungsarbeiten, der speziellen Doppelfunktion als Komponist und Dirigent und den Freuden, die man Erschaffer eines musikalischen Werkes erleben darf: \u00abDas sch\u00f6nste an der ganzen Sache ist, dass 17 Musikerinnen und   Musiker Freude daran haben, meine Musik zu spielen.\u00bb   <\/p>\n","protected":false},"author":11,"featured_media":0,"comment_status":"open","ping_status":"open","sticky":false,"template":"","format":"standard","meta":{"_acf_changed":false,"inline_featured_image":false,"footnotes":"","_links_to":"","_links_to_target":""},"categories":[5],"tags":[],"class_list":["post-398","post","type-post","status-publish","format-standard","hentry","category-insights"],"acf":[],"yoast_head":"<!-- This site is optimized with the Yoast SEO plugin v27.5 - https:\/\/yoast.com\/product\/yoast-seo-wordpress\/ -->\n<title>\u00abWir sind gut im Rennen.\u00bb Kompositions-Student Demian Coca Guzman vor der Ur-Auff\u00fchrung seines Werkes \u00abConstelar\u00bb. - Blog Hochschule Luzern \u2013 Musik<\/title>\n<meta name=\"description\" content=\"Demian Guzman schloss 2019 sein Kompositions-Studium an der Hochschule Luzern ab. Die Pr\u00fcfung bestand aus der Urauff\u00fchrung seines Werks \u00abConstelar\u00bb.\" \/>\n<meta name=\"robots\" content=\"index, follow, max-snippet:-1, max-image-preview:large, max-video-preview:-1\" \/>\n<link rel=\"canonical\" href=\"https:\/\/hub.hslu.ch\/musik\/demian-guzman\/\" \/>\n<meta property=\"og:locale\" content=\"de_DE\" \/>\n<meta property=\"og:type\" content=\"article\" \/>\n<meta property=\"og:title\" content=\"\u00abWir sind gut im Rennen.\u00bb Kompositions-Student Demian Coca Guzman vor der Ur-Auff\u00fchrung seines Werkes \u00abConstelar\u00bb. - Blog Hochschule Luzern \u2013 Musik\" \/>\n<meta property=\"og:description\" content=\"Demian Guzman schloss 2019 sein Kompositions-Studium an der Hochschule Luzern ab. Die Pr\u00fcfung bestand aus der Urauff\u00fchrung seines Werks \u00abConstelar\u00bb.\" \/>\n<meta property=\"og:url\" content=\"https:\/\/hub.hslu.ch\/musik\/demian-guzman\/\" \/>\n<meta property=\"og:site_name\" content=\"Blog Hochschule Luzern \u2013 Musik\" \/>\n<meta property=\"article:published_time\" content=\"2019-07-11T15:11:00+00:00\" \/>\n<meta property=\"article:modified_time\" content=\"2019-09-17T08:39:45+00:00\" \/>\n<meta property=\"og:image\" content=\"https:\/\/hub.hslu.ch\/musik\/wp-content\/uploads\/sites\/2\/2019\/09\/Facebook-NewsFeed-Image-1200x1200-e1610458746914.jpg\" \/>\n\t<meta property=\"og:image:width\" content=\"900\" \/>\n\t<meta property=\"og:image:height\" content=\"900\" \/>\n\t<meta property=\"og:image:type\" content=\"image\/jpeg\" \/>\n<meta name=\"author\" content=\"Hochschule Luzern \u2013 Musik\" \/>\n<meta name=\"twitter:card\" content=\"summary_large_image\" \/>\n<meta name=\"twitter:label1\" content=\"Geschrieben von\" \/>\n\t<meta name=\"twitter:data1\" content=\"Hochschule Luzern \u2013 Musik\" \/>\n\t<meta name=\"twitter:label2\" content=\"Gesch\u00e4tzte Lesezeit\" \/>\n\t<meta name=\"twitter:data2\" content=\"1\u00a0Minute\" \/>\n<script type=\"application\/ld+json\" class=\"yoast-schema-graph\">{\"@context\":\"https:\\\/\\\/schema.org\",\"@graph\":[{\"@type\":\"Article\",\"@id\":\"https:\\\/\\\/hub.hslu.ch\\\/musik\\\/demian-guzman\\\/#article\",\"isPartOf\":{\"@id\":\"https:\\\/\\\/hub.hslu.ch\\\/musik\\\/demian-guzman\\\/\"},\"author\":{\"name\":\"Hochschule Luzern \u2013 Musik\",\"@id\":\"https:\\\/\\\/hub.hslu.ch\\\/musik\\\/#\\\/schema\\\/person\\\/b025d09f1a003f81c28659dd56c623e7\"},\"headline\":\"\u00abWir sind gut im Rennen.\u00bb Kompositions-Student Demian Coca Guzman vor der Ur-Auff\u00fchrung seines Werkes \u00abConstelar\u00bb.\",\"datePublished\":\"2019-07-11T15:11:00+00:00\",\"dateModified\":\"2019-09-17T08:39:45+00:00\",\"mainEntityOfPage\":{\"@id\":\"https:\\\/\\\/hub.hslu.ch\\\/musik\\\/demian-guzman\\\/\"},\"wordCount\":168,\"commentCount\":0,\"articleSection\":[\"Insights\"],\"inLanguage\":\"de-CH\",\"potentialAction\":[{\"@type\":\"CommentAction\",\"name\":\"Comment\",\"target\":[\"https:\\\/\\\/hub.hslu.ch\\\/musik\\\/demian-guzman\\\/#respond\"]}]},{\"@type\":\"WebPage\",\"@id\":\"https:\\\/\\\/hub.hslu.ch\\\/musik\\\/demian-guzman\\\/\",\"url\":\"https:\\\/\\\/hub.hslu.ch\\\/musik\\\/demian-guzman\\\/\",\"name\":\"\u00abWir sind gut im Rennen.\u00bb Kompositions-Student Demian Coca Guzman vor der Ur-Auff\u00fchrung seines Werkes \u00abConstelar\u00bb. - Blog Hochschule Luzern \u2013 Musik\",\"isPartOf\":{\"@id\":\"https:\\\/\\\/hub.hslu.ch\\\/musik\\\/#website\"},\"datePublished\":\"2019-07-11T15:11:00+00:00\",\"dateModified\":\"2019-09-17T08:39:45+00:00\",\"author\":{\"@id\":\"https:\\\/\\\/hub.hslu.ch\\\/musik\\\/#\\\/schema\\\/person\\\/b025d09f1a003f81c28659dd56c623e7\"},\"description\":\"Demian Guzman schloss 2019 sein Kompositions-Studium an der Hochschule Luzern ab. Die Pr\u00fcfung bestand aus der Urauff\u00fchrung seines Werks \u00abConstelar\u00bb.\",\"breadcrumb\":{\"@id\":\"https:\\\/\\\/hub.hslu.ch\\\/musik\\\/demian-guzman\\\/#breadcrumb\"},\"inLanguage\":\"de-CH\",\"potentialAction\":[{\"@type\":\"ReadAction\",\"target\":[\"https:\\\/\\\/hub.hslu.ch\\\/musik\\\/demian-guzman\\\/\"]}]},{\"@type\":\"BreadcrumbList\",\"@id\":\"https:\\\/\\\/hub.hslu.ch\\\/musik\\\/demian-guzman\\\/#breadcrumb\",\"itemListElement\":[{\"@type\":\"ListItem\",\"position\":1,\"name\":\"Home\",\"item\":\"https:\\\/\\\/hub.hslu.ch\\\/musik\\\/\"},{\"@type\":\"ListItem\",\"position\":2,\"name\":\"\u00abWir sind gut im Rennen.\u00bb Kompositions-Student Demian Coca Guzman vor der Ur-Auff\u00fchrung seines Werkes \u00abConstelar\u00bb.\"}]},{\"@type\":\"WebSite\",\"@id\":\"https:\\\/\\\/hub.hslu.ch\\\/musik\\\/#website\",\"url\":\"https:\\\/\\\/hub.hslu.ch\\\/musik\\\/\",\"name\":\"Blog Hochschule Luzern \u2013 Musik\",\"description\":\"\",\"potentialAction\":[{\"@type\":\"SearchAction\",\"target\":{\"@type\":\"EntryPoint\",\"urlTemplate\":\"https:\\\/\\\/hub.hslu.ch\\\/musik\\\/?s={search_term_string}\"},\"query-input\":{\"@type\":\"PropertyValueSpecification\",\"valueRequired\":true,\"valueName\":\"search_term_string\"}}],\"inLanguage\":\"de-CH\"},{\"@type\":\"Person\",\"@id\":\"https:\\\/\\\/hub.hslu.ch\\\/musik\\\/#\\\/schema\\\/person\\\/b025d09f1a003f81c28659dd56c623e7\",\"name\":\"Hochschule Luzern \u2013 Musik\",\"image\":{\"@type\":\"ImageObject\",\"inLanguage\":\"de-CH\",\"@id\":\"https:\\\/\\\/secure.gravatar.com\\\/avatar\\\/dc90835f904270edcf95b6fd9ca1df86c93e3a8861f9b6badee768be51a8eccd?s=96&d=mm&r=g\",\"url\":\"https:\\\/\\\/secure.gravatar.com\\\/avatar\\\/dc90835f904270edcf95b6fd9ca1df86c93e3a8861f9b6badee768be51a8eccd?s=96&d=mm&r=g\",\"contentUrl\":\"https:\\\/\\\/secure.gravatar.com\\\/avatar\\\/dc90835f904270edcf95b6fd9ca1df86c93e3a8861f9b6badee768be51a8eccd?s=96&d=mm&r=g\",\"caption\":\"Hochschule Luzern \u2013 Musik\"},\"description\":\"Wir sind in Musik vernarrte Autor*innen und z\u00e4hlen uns zu den wahrlich Gl\u00fccklichen: Wir umgeben uns nicht nur im privaten Leben mit Musik, sondern widmen uns auch im Berufsleben unserer Leidenschaft.\",\"url\":\"https:\\\/\\\/hub.hslu.ch\\\/musik\\\/autor\\\/carole\\\/\"}]}<\/script>\n<!-- \/ Yoast SEO plugin. -->","yoast_head_json":{"title":"\u00abWir sind gut im Rennen.\u00bb Kompositions-Student Demian Coca Guzman vor der Ur-Auff\u00fchrung seines Werkes \u00abConstelar\u00bb. - Blog Hochschule Luzern \u2013 Musik","description":"Demian Guzman schloss 2019 sein Kompositions-Studium an der Hochschule Luzern ab. Die Pr\u00fcfung bestand aus der Urauff\u00fchrung seines Werks \u00abConstelar\u00bb.","robots":{"index":"index","follow":"follow","max-snippet":"max-snippet:-1","max-image-preview":"max-image-preview:large","max-video-preview":"max-video-preview:-1"},"canonical":"https:\/\/hub.hslu.ch\/musik\/demian-guzman\/","og_locale":"de_DE","og_type":"article","og_title":"\u00abWir sind gut im Rennen.\u00bb Kompositions-Student Demian Coca Guzman vor der Ur-Auff\u00fchrung seines Werkes \u00abConstelar\u00bb. - Blog Hochschule Luzern \u2013 Musik","og_description":"Demian Guzman schloss 2019 sein Kompositions-Studium an der Hochschule Luzern ab. Die Pr\u00fcfung bestand aus der Urauff\u00fchrung seines Werks \u00abConstelar\u00bb.","og_url":"https:\/\/hub.hslu.ch\/musik\/demian-guzman\/","og_site_name":"Blog Hochschule Luzern \u2013 Musik","article_published_time":"2019-07-11T15:11:00+00:00","article_modified_time":"2019-09-17T08:39:45+00:00","og_image":[{"width":900,"height":900,"url":"https:\/\/hub.hslu.ch\/musik\/wp-content\/uploads\/sites\/2\/2019\/09\/Facebook-NewsFeed-Image-1200x1200-e1610458746914.jpg","type":"image\/jpeg"}],"author":"Hochschule Luzern \u2013 Musik","twitter_card":"summary_large_image","twitter_misc":{"Geschrieben von":"Hochschule Luzern \u2013 Musik","Gesch\u00e4tzte Lesezeit":"1\u00a0Minute"},"schema":{"@context":"https:\/\/schema.org","@graph":[{"@type":"Article","@id":"https:\/\/hub.hslu.ch\/musik\/demian-guzman\/#article","isPartOf":{"@id":"https:\/\/hub.hslu.ch\/musik\/demian-guzman\/"},"author":{"name":"Hochschule Luzern \u2013 Musik","@id":"https:\/\/hub.hslu.ch\/musik\/#\/schema\/person\/b025d09f1a003f81c28659dd56c623e7"},"headline":"\u00abWir sind gut im Rennen.\u00bb Kompositions-Student Demian Coca Guzman vor der Ur-Auff\u00fchrung seines Werkes \u00abConstelar\u00bb.","datePublished":"2019-07-11T15:11:00+00:00","dateModified":"2019-09-17T08:39:45+00:00","mainEntityOfPage":{"@id":"https:\/\/hub.hslu.ch\/musik\/demian-guzman\/"},"wordCount":168,"commentCount":0,"articleSection":["Insights"],"inLanguage":"de-CH","potentialAction":[{"@type":"CommentAction","name":"Comment","target":["https:\/\/hub.hslu.ch\/musik\/demian-guzman\/#respond"]}]},{"@type":"WebPage","@id":"https:\/\/hub.hslu.ch\/musik\/demian-guzman\/","url":"https:\/\/hub.hslu.ch\/musik\/demian-guzman\/","name":"\u00abWir sind gut im Rennen.\u00bb Kompositions-Student Demian Coca Guzman vor der Ur-Auff\u00fchrung seines Werkes \u00abConstelar\u00bb. - Blog Hochschule Luzern \u2013 Musik","isPartOf":{"@id":"https:\/\/hub.hslu.ch\/musik\/#website"},"datePublished":"2019-07-11T15:11:00+00:00","dateModified":"2019-09-17T08:39:45+00:00","author":{"@id":"https:\/\/hub.hslu.ch\/musik\/#\/schema\/person\/b025d09f1a003f81c28659dd56c623e7"},"description":"Demian Guzman schloss 2019 sein Kompositions-Studium an der Hochschule Luzern ab. Die Pr\u00fcfung bestand aus der Urauff\u00fchrung seines Werks \u00abConstelar\u00bb.","breadcrumb":{"@id":"https:\/\/hub.hslu.ch\/musik\/demian-guzman\/#breadcrumb"},"inLanguage":"de-CH","potentialAction":[{"@type":"ReadAction","target":["https:\/\/hub.hslu.ch\/musik\/demian-guzman\/"]}]},{"@type":"BreadcrumbList","@id":"https:\/\/hub.hslu.ch\/musik\/demian-guzman\/#breadcrumb","itemListElement":[{"@type":"ListItem","position":1,"name":"Home","item":"https:\/\/hub.hslu.ch\/musik\/"},{"@type":"ListItem","position":2,"name":"\u00abWir sind gut im Rennen.\u00bb Kompositions-Student Demian Coca Guzman vor der Ur-Auff\u00fchrung seines Werkes \u00abConstelar\u00bb."}]},{"@type":"WebSite","@id":"https:\/\/hub.hslu.ch\/musik\/#website","url":"https:\/\/hub.hslu.ch\/musik\/","name":"Blog Hochschule Luzern \u2013 Musik","description":"","potentialAction":[{"@type":"SearchAction","target":{"@type":"EntryPoint","urlTemplate":"https:\/\/hub.hslu.ch\/musik\/?s={search_term_string}"},"query-input":{"@type":"PropertyValueSpecification","valueRequired":true,"valueName":"search_term_string"}}],"inLanguage":"de-CH"},{"@type":"Person","@id":"https:\/\/hub.hslu.ch\/musik\/#\/schema\/person\/b025d09f1a003f81c28659dd56c623e7","name":"Hochschule Luzern \u2013 Musik","image":{"@type":"ImageObject","inLanguage":"de-CH","@id":"https:\/\/secure.gravatar.com\/avatar\/dc90835f904270edcf95b6fd9ca1df86c93e3a8861f9b6badee768be51a8eccd?s=96&d=mm&r=g","url":"https:\/\/secure.gravatar.com\/avatar\/dc90835f904270edcf95b6fd9ca1df86c93e3a8861f9b6badee768be51a8eccd?s=96&d=mm&r=g","contentUrl":"https:\/\/secure.gravatar.com\/avatar\/dc90835f904270edcf95b6fd9ca1df86c93e3a8861f9b6badee768be51a8eccd?s=96&d=mm&r=g","caption":"Hochschule Luzern \u2013 Musik"},"description":"Wir sind in Musik vernarrte Autor*innen und z\u00e4hlen uns zu den wahrlich Gl\u00fccklichen: Wir umgeben uns nicht nur im privaten Leben mit Musik, sondern widmen uns auch im Berufsleben unserer Leidenschaft.","url":"https:\/\/hub.hslu.ch\/musik\/autor\/carole\/"}]}},"_links":{"self":[{"href":"https:\/\/hub.hslu.ch\/musik\/wp-json\/wp\/v2\/posts\/398","targetHints":{"allow":["GET"]}}],"collection":[{"href":"https:\/\/hub.hslu.ch\/musik\/wp-json\/wp\/v2\/posts"}],"about":[{"href":"https:\/\/hub.hslu.ch\/musik\/wp-json\/wp\/v2\/types\/post"}],"author":[{"embeddable":true,"href":"https:\/\/hub.hslu.ch\/musik\/wp-json\/wp\/v2\/users\/11"}],"replies":[{"embeddable":true,"href":"https:\/\/hub.hslu.ch\/musik\/wp-json\/wp\/v2\/comments?post=398"}],"version-history":[{"count":13,"href":"https:\/\/hub.hslu.ch\/musik\/wp-json\/wp\/v2\/posts\/398\/revisions"}],"predecessor-version":[{"id":1208,"href":"https:\/\/hub.hslu.ch\/musik\/wp-json\/wp\/v2\/posts\/398\/revisions\/1208"}],"wp:attachment":[{"href":"https:\/\/hub.hslu.ch\/musik\/wp-json\/wp\/v2\/media?parent=398"}],"wp:term":[{"taxonomy":"category","embeddable":true,"href":"https:\/\/hub.hslu.ch\/musik\/wp-json\/wp\/v2\/categories?post=398"},{"taxonomy":"post_tag","embeddable":true,"href":"https:\/\/hub.hslu.ch\/musik\/wp-json\/wp\/v2\/tags?post=398"}],"curies":[{"name":"wp","href":"https:\/\/api.w.org\/{rel}","templated":true}]}}