{"id":10010,"date":"2022-06-29T11:47:32","date_gmt":"2022-06-29T09:47:32","guid":{"rendered":"https:\/\/hub.hslu.ch\/smart-up\/?p=10010"},"modified":"2026-02-11T14:53:38","modified_gmt":"2026-02-11T13:53:38","slug":"isa-modul-ideation-jetzt-anmelden-2","status":"publish","type":"post","link":"https:\/\/hub.hslu.ch\/smart-up\/2022\/06\/29\/isa-modul-ideation-jetzt-anmelden-2\/","title":{"rendered":"ISA-Modul Ideation &#8211; Jetzt anmelden!"},"content":{"rendered":"\n\n\n<p>Wie eine solche Bootcamp-Woche genau aussieht? Schau hier rein!<\/p>\n\n\n\n<figure class=\"wp-block-embed is-type-video is-provider-youtube wp-block-embed-youtube wp-embed-aspect-16-9 wp-has-aspect-ratio\"><div class=\"wp-block-embed__wrapper\">\n<iframe loading=\"lazy\" title=\"ISA-Modul Ideation \u2013 Creating new Business Ideas\" width=\"640\" height=\"360\" src=\"https:\/\/www.youtube.com\/embed\/mjViWgAsFkE?feature=oembed\" frameborder=\"0\" allow=\"accelerometer; autoplay; clipboard-write; encrypted-media; gyroscope; picture-in-picture; web-share\" referrerpolicy=\"strict-origin-when-cross-origin\" allowfullscreen><\/iframe>\n<\/div><\/figure>\n\n\n\n<p>Interessiert? Dann melde dich jetzt f\u00fcr die Bootcamp-Woche vom 5. bis 9. September an.<\/p>\n\n\n\n<p><br><strong>Weitere Infos zum Modul und zur Einschreibung findest du <a href=\"https:\/\/www.isa-campus.ch\/de-ch\/angebote\/ideation\/\">hier<\/a>.<\/strong><\/p>\n","protected":false},"excerpt":{"rendered":"<p>Keine Lust auf Pr\u00fcfungsstress am Semesterende? Daf\u00fcr umso mehr Lust darauf, eine Woche lang im Team kreativ zu sein, zusammen hands-on eine innovative Gesch\u00e4ftsidee zu entwickeln und diese am Ende vor einer Expertenjury zu pitchen? Dann ist das ISA-Modul\u00a0 \u201eIdeation\u201c vom 5. bis 9. September 2022 genau das Richtige f\u00fcr dich!<\/p>\n","protected":false},"author":62,"featured_media":10012,"comment_status":"closed","ping_status":"closed","sticky":false,"template":"","format":"standard","meta":{"_acf_changed":false,"inline_featured_image":false,"_relevanssi_hide_post":"","_relevanssi_hide_content":"","_relevanssi_pin_for_all":"","_relevanssi_pin_keywords":"","_relevanssi_unpin_keywords":"","_relevanssi_related_keywords":"","_relevanssi_related_include_ids":"","_relevanssi_related_exclude_ids":"","_relevanssi_related_no_append":"","_relevanssi_related_not_related":"","_relevanssi_related_posts":"","_relevanssi_noindex_reason":"","footnotes":"","_links_to":"","_links_to_target":""},"categories":[10237,46907],"tags":[],"class_list":["post-10010","post","type-post","status-publish","format-standard","has-post-thumbnail","hentry","category-ausbildung","category-creathon"],"acf":[],"yoast_head":"<!-- This site is optimized with the Yoast SEO plugin v27.5 - https:\/\/yoast.com\/product\/yoast-seo-wordpress\/ -->\n<title>ISA-Modul Ideation - Jetzt anmelden! - Smart-up<\/title>\n<meta name=\"description\" content=\"Keine Lust auf Pr\u00fcfungsstress am Semesterende? Daf\u00fcr umso mehr Lust darauf, eine Woche lang im Team kreativ zu sein, zusammen hands-on eine innovative Gesch\u00e4ftsidee zu entwickeln und diese am Ende vor einer Expertenjury zu pitchen? Dann ist das ISA-Modul\u00a0 \u201eIdeation\u201c vom 5. bis 9. September 2022 genau das Richtige f\u00fcr dich!\" \/>\n<meta name=\"robots\" content=\"index, follow, max-snippet:-1, max-image-preview:large, max-video-preview:-1\" \/>\n<link rel=\"canonical\" href=\"https:\/\/hub.hslu.ch\/smart-up\/2022\/06\/29\/isa-modul-ideation-jetzt-anmelden-2\/\" \/>\n<meta property=\"og:locale\" content=\"de_DE\" \/>\n<meta property=\"og:type\" content=\"article\" \/>\n<meta property=\"og:title\" content=\"ISA-Modul Ideation - Jetzt anmelden! - Smart-up\" \/>\n<meta property=\"og:description\" content=\"Keine Lust auf Pr\u00fcfungsstress am Semesterende? Daf\u00fcr umso mehr Lust darauf, eine Woche lang im Team kreativ zu sein, zusammen hands-on eine innovative Gesch\u00e4ftsidee zu entwickeln und diese am Ende vor einer Expertenjury zu pitchen? Dann ist das ISA-Modul\u00a0 \u201eIdeation\u201c vom 5. bis 9. September 2022 genau das Richtige f\u00fcr dich!\" \/>\n<meta property=\"og:url\" content=\"https:\/\/hub.hslu.ch\/smart-up\/2022\/06\/29\/isa-modul-ideation-jetzt-anmelden-2\/\" \/>\n<meta property=\"og:site_name\" content=\"Smart-up\" \/>\n<meta property=\"article:published_time\" content=\"2022-06-29T09:47:32+00:00\" \/>\n<meta property=\"article:modified_time\" content=\"2026-02-11T13:53:38+00:00\" \/>\n<meta property=\"og:image\" content=\"https:\/\/hub.hslu.ch\/smart-up\/wp-content\/blogs.dir\/578\/files\/sites\/12\/2022\/06\/AdobeStock_300415732.jpeg\" \/>\n\t<meta property=\"og:image:width\" content=\"2048\" \/>\n\t<meta property=\"og:image:height\" content=\"921\" \/>\n\t<meta property=\"og:image:type\" content=\"image\/jpeg\" \/>\n<meta name=\"author\" content=\"Isabelle Oehri\" \/>\n<meta name=\"twitter:card\" content=\"summary_large_image\" \/>\n<meta name=\"twitter:label1\" content=\"Geschrieben von\" \/>\n\t<meta name=\"twitter:data1\" content=\"Isabelle Oehri\" \/>\n\t<meta name=\"twitter:label2\" content=\"Gesch\u00e4tzte Lesezeit\" \/>\n\t<meta name=\"twitter:data2\" content=\"1\u00a0Minute\" \/>\n<script type=\"application\/ld+json\" class=\"yoast-schema-graph\">{\"@context\":\"https:\\\/\\\/schema.org\",\"@graph\":[{\"@type\":\"Article\",\"@id\":\"https:\\\/\\\/hub.hslu.ch\\\/smart-up\\\/2022\\\/06\\\/29\\\/isa-modul-ideation-jetzt-anmelden-2\\\/#article\",\"isPartOf\":{\"@id\":\"https:\\\/\\\/hub.hslu.ch\\\/smart-up\\\/2022\\\/06\\\/29\\\/isa-modul-ideation-jetzt-anmelden-2\\\/\"},\"author\":{\"name\":\"Isabelle Oehri\",\"@id\":\"https:\\\/\\\/hub.hslu.ch\\\/smart-up\\\/#\\\/schema\\\/person\\\/fe571c9fc0254d8d85fc6fbc781b260d\"},\"headline\":\"ISA-Modul Ideation &#8211; Jetzt anmelden!\",\"datePublished\":\"2022-06-29T09:47:32+00:00\",\"dateModified\":\"2026-02-11T13:53:38+00:00\",\"mainEntityOfPage\":{\"@id\":\"https:\\\/\\\/hub.hslu.ch\\\/smart-up\\\/2022\\\/06\\\/29\\\/isa-modul-ideation-jetzt-anmelden-2\\\/\"},\"wordCount\":44,\"image\":{\"@id\":\"https:\\\/\\\/hub.hslu.ch\\\/smart-up\\\/2022\\\/06\\\/29\\\/isa-modul-ideation-jetzt-anmelden-2\\\/#primaryimage\"},\"thumbnailUrl\":\"https:\\\/\\\/hub.hslu.ch\\\/smart-up\\\/wp-content\\\/blogs.dir\\\/578\\\/files\\\/sites\\\/12\\\/2022\\\/06\\\/AdobeStock_300415732.jpeg\",\"articleSection\":[\"Ausbildung\",\"Creathon\"],\"inLanguage\":\"de-CH\"},{\"@type\":\"WebPage\",\"@id\":\"https:\\\/\\\/hub.hslu.ch\\\/smart-up\\\/2022\\\/06\\\/29\\\/isa-modul-ideation-jetzt-anmelden-2\\\/\",\"url\":\"https:\\\/\\\/hub.hslu.ch\\\/smart-up\\\/2022\\\/06\\\/29\\\/isa-modul-ideation-jetzt-anmelden-2\\\/\",\"name\":\"ISA-Modul Ideation - Jetzt anmelden! - Smart-up\",\"isPartOf\":{\"@id\":\"https:\\\/\\\/hub.hslu.ch\\\/smart-up\\\/#website\"},\"primaryImageOfPage\":{\"@id\":\"https:\\\/\\\/hub.hslu.ch\\\/smart-up\\\/2022\\\/06\\\/29\\\/isa-modul-ideation-jetzt-anmelden-2\\\/#primaryimage\"},\"image\":{\"@id\":\"https:\\\/\\\/hub.hslu.ch\\\/smart-up\\\/2022\\\/06\\\/29\\\/isa-modul-ideation-jetzt-anmelden-2\\\/#primaryimage\"},\"thumbnailUrl\":\"https:\\\/\\\/hub.hslu.ch\\\/smart-up\\\/wp-content\\\/blogs.dir\\\/578\\\/files\\\/sites\\\/12\\\/2022\\\/06\\\/AdobeStock_300415732.jpeg\",\"datePublished\":\"2022-06-29T09:47:32+00:00\",\"dateModified\":\"2026-02-11T13:53:38+00:00\",\"author\":{\"@id\":\"https:\\\/\\\/hub.hslu.ch\\\/smart-up\\\/#\\\/schema\\\/person\\\/fe571c9fc0254d8d85fc6fbc781b260d\"},\"description\":\"Keine Lust auf Pr\u00fcfungsstress am Semesterende? Daf\u00fcr umso mehr Lust darauf, eine Woche lang im Team kreativ zu sein, zusammen hands-on eine innovative Gesch\u00e4ftsidee zu entwickeln und diese am Ende vor einer Expertenjury zu pitchen? Dann ist das ISA-Modul\u00a0 \u201eIdeation\u201c vom 5. bis 9. September 2022 genau das Richtige f\u00fcr dich!\",\"inLanguage\":\"de-CH\",\"potentialAction\":[{\"@type\":\"ReadAction\",\"target\":[\"https:\\\/\\\/hub.hslu.ch\\\/smart-up\\\/2022\\\/06\\\/29\\\/isa-modul-ideation-jetzt-anmelden-2\\\/\"]}]},{\"@type\":\"ImageObject\",\"inLanguage\":\"de-CH\",\"@id\":\"https:\\\/\\\/hub.hslu.ch\\\/smart-up\\\/2022\\\/06\\\/29\\\/isa-modul-ideation-jetzt-anmelden-2\\\/#primaryimage\",\"url\":\"https:\\\/\\\/hub.hslu.ch\\\/smart-up\\\/wp-content\\\/blogs.dir\\\/578\\\/files\\\/sites\\\/12\\\/2022\\\/06\\\/AdobeStock_300415732.jpeg\",\"contentUrl\":\"https:\\\/\\\/hub.hslu.ch\\\/smart-up\\\/wp-content\\\/blogs.dir\\\/578\\\/files\\\/sites\\\/12\\\/2022\\\/06\\\/AdobeStock_300415732.jpeg\",\"width\":2048,\"height\":921},{\"@type\":\"WebSite\",\"@id\":\"https:\\\/\\\/hub.hslu.ch\\\/smart-up\\\/#website\",\"url\":\"https:\\\/\\\/hub.hslu.ch\\\/smart-up\\\/\",\"name\":\"Smart-up\",\"description\":\"Ideen erfolgreich umsetzen\",\"potentialAction\":[{\"@type\":\"SearchAction\",\"target\":{\"@type\":\"EntryPoint\",\"urlTemplate\":\"https:\\\/\\\/hub.hslu.ch\\\/smart-up\\\/?s={search_term_string}\"},\"query-input\":{\"@type\":\"PropertyValueSpecification\",\"valueRequired\":true,\"valueName\":\"search_term_string\"}}],\"inLanguage\":\"de-CH\"},{\"@type\":\"Person\",\"@id\":\"https:\\\/\\\/hub.hslu.ch\\\/smart-up\\\/#\\\/schema\\\/person\\\/fe571c9fc0254d8d85fc6fbc781b260d\",\"name\":\"Isabelle Oehri\",\"sameAs\":[\"https:\\\/\\\/www.linkedin.com\\\/in\\\/isabelle-oehri-b81891158\\\/\"]}]}<\/script>\n<!-- \/ Yoast SEO plugin. -->","yoast_head_json":{"title":"ISA-Modul Ideation - Jetzt anmelden! - Smart-up","description":"Keine Lust auf Pr\u00fcfungsstress am Semesterende? Daf\u00fcr umso mehr Lust darauf, eine Woche lang im Team kreativ zu sein, zusammen hands-on eine innovative Gesch\u00e4ftsidee zu entwickeln und diese am Ende vor einer Expertenjury zu pitchen? Dann ist das ISA-Modul\u00a0 \u201eIdeation\u201c vom 5. bis 9. September 2022 genau das Richtige f\u00fcr dich!","robots":{"index":"index","follow":"follow","max-snippet":"max-snippet:-1","max-image-preview":"max-image-preview:large","max-video-preview":"max-video-preview:-1"},"canonical":"https:\/\/hub.hslu.ch\/smart-up\/2022\/06\/29\/isa-modul-ideation-jetzt-anmelden-2\/","og_locale":"de_DE","og_type":"article","og_title":"ISA-Modul Ideation - Jetzt anmelden! - Smart-up","og_description":"Keine Lust auf Pr\u00fcfungsstress am Semesterende? Daf\u00fcr umso mehr Lust darauf, eine Woche lang im Team kreativ zu sein, zusammen hands-on eine innovative Gesch\u00e4ftsidee zu entwickeln und diese am Ende vor einer Expertenjury zu pitchen? Dann ist das ISA-Modul\u00a0 \u201eIdeation\u201c vom 5. bis 9. September 2022 genau das Richtige f\u00fcr dich!","og_url":"https:\/\/hub.hslu.ch\/smart-up\/2022\/06\/29\/isa-modul-ideation-jetzt-anmelden-2\/","og_site_name":"Smart-up","article_published_time":"2022-06-29T09:47:32+00:00","article_modified_time":"2026-02-11T13:53:38+00:00","og_image":[{"width":2048,"height":921,"url":"https:\/\/hub.hslu.ch\/smart-up\/wp-content\/blogs.dir\/578\/files\/sites\/12\/2022\/06\/AdobeStock_300415732.jpeg","type":"image\/jpeg"}],"author":"Isabelle Oehri","twitter_card":"summary_large_image","twitter_misc":{"Geschrieben von":"Isabelle Oehri","Gesch\u00e4tzte Lesezeit":"1\u00a0Minute"},"schema":{"@context":"https:\/\/schema.org","@graph":[{"@type":"Article","@id":"https:\/\/hub.hslu.ch\/smart-up\/2022\/06\/29\/isa-modul-ideation-jetzt-anmelden-2\/#article","isPartOf":{"@id":"https:\/\/hub.hslu.ch\/smart-up\/2022\/06\/29\/isa-modul-ideation-jetzt-anmelden-2\/"},"author":{"name":"Isabelle Oehri","@id":"https:\/\/hub.hslu.ch\/smart-up\/#\/schema\/person\/fe571c9fc0254d8d85fc6fbc781b260d"},"headline":"ISA-Modul Ideation &#8211; Jetzt anmelden!","datePublished":"2022-06-29T09:47:32+00:00","dateModified":"2026-02-11T13:53:38+00:00","mainEntityOfPage":{"@id":"https:\/\/hub.hslu.ch\/smart-up\/2022\/06\/29\/isa-modul-ideation-jetzt-anmelden-2\/"},"wordCount":44,"image":{"@id":"https:\/\/hub.hslu.ch\/smart-up\/2022\/06\/29\/isa-modul-ideation-jetzt-anmelden-2\/#primaryimage"},"thumbnailUrl":"https:\/\/hub.hslu.ch\/smart-up\/wp-content\/blogs.dir\/578\/files\/sites\/12\/2022\/06\/AdobeStock_300415732.jpeg","articleSection":["Ausbildung","Creathon"],"inLanguage":"de-CH"},{"@type":"WebPage","@id":"https:\/\/hub.hslu.ch\/smart-up\/2022\/06\/29\/isa-modul-ideation-jetzt-anmelden-2\/","url":"https:\/\/hub.hslu.ch\/smart-up\/2022\/06\/29\/isa-modul-ideation-jetzt-anmelden-2\/","name":"ISA-Modul Ideation - Jetzt anmelden! - Smart-up","isPartOf":{"@id":"https:\/\/hub.hslu.ch\/smart-up\/#website"},"primaryImageOfPage":{"@id":"https:\/\/hub.hslu.ch\/smart-up\/2022\/06\/29\/isa-modul-ideation-jetzt-anmelden-2\/#primaryimage"},"image":{"@id":"https:\/\/hub.hslu.ch\/smart-up\/2022\/06\/29\/isa-modul-ideation-jetzt-anmelden-2\/#primaryimage"},"thumbnailUrl":"https:\/\/hub.hslu.ch\/smart-up\/wp-content\/blogs.dir\/578\/files\/sites\/12\/2022\/06\/AdobeStock_300415732.jpeg","datePublished":"2022-06-29T09:47:32+00:00","dateModified":"2026-02-11T13:53:38+00:00","author":{"@id":"https:\/\/hub.hslu.ch\/smart-up\/#\/schema\/person\/fe571c9fc0254d8d85fc6fbc781b260d"},"description":"Keine Lust auf Pr\u00fcfungsstress am Semesterende? Daf\u00fcr umso mehr Lust darauf, eine Woche lang im Team kreativ zu sein, zusammen hands-on eine innovative Gesch\u00e4ftsidee zu entwickeln und diese am Ende vor einer Expertenjury zu pitchen? Dann ist das ISA-Modul\u00a0 \u201eIdeation\u201c vom 5. bis 9. September 2022 genau das Richtige f\u00fcr dich!","inLanguage":"de-CH","potentialAction":[{"@type":"ReadAction","target":["https:\/\/hub.hslu.ch\/smart-up\/2022\/06\/29\/isa-modul-ideation-jetzt-anmelden-2\/"]}]},{"@type":"ImageObject","inLanguage":"de-CH","@id":"https:\/\/hub.hslu.ch\/smart-up\/2022\/06\/29\/isa-modul-ideation-jetzt-anmelden-2\/#primaryimage","url":"https:\/\/hub.hslu.ch\/smart-up\/wp-content\/blogs.dir\/578\/files\/sites\/12\/2022\/06\/AdobeStock_300415732.jpeg","contentUrl":"https:\/\/hub.hslu.ch\/smart-up\/wp-content\/blogs.dir\/578\/files\/sites\/12\/2022\/06\/AdobeStock_300415732.jpeg","width":2048,"height":921},{"@type":"WebSite","@id":"https:\/\/hub.hslu.ch\/smart-up\/#website","url":"https:\/\/hub.hslu.ch\/smart-up\/","name":"Smart-up","description":"Ideen erfolgreich umsetzen","potentialAction":[{"@type":"SearchAction","target":{"@type":"EntryPoint","urlTemplate":"https:\/\/hub.hslu.ch\/smart-up\/?s={search_term_string}"},"query-input":{"@type":"PropertyValueSpecification","valueRequired":true,"valueName":"search_term_string"}}],"inLanguage":"de-CH"},{"@type":"Person","@id":"https:\/\/hub.hslu.ch\/smart-up\/#\/schema\/person\/fe571c9fc0254d8d85fc6fbc781b260d","name":"Isabelle Oehri","sameAs":["https:\/\/www.linkedin.com\/in\/isabelle-oehri-b81891158\/"]}]}},"featured_image_src":"https:\/\/hub.hslu.ch\/smart-up\/wp-content\/blogs.dir\/578\/files\/sites\/12\/2022\/06\/AdobeStock_300415732.jpeg","featured_image_src_square":"https:\/\/hub.hslu.ch\/smart-up\/wp-content\/blogs.dir\/578\/files\/sites\/12\/2022\/06\/AdobeStock_300415732.jpeg","author_info":{"display_name":"Isabelle Oehri","author_link":"https:\/\/hub.hslu.ch\/smart-up\/author\/isabelleoehri\/"},"_links":{"self":[{"href":"https:\/\/hub.hslu.ch\/smart-up\/wp-json\/wp\/v2\/posts\/10010","targetHints":{"allow":["GET"]}}],"collection":[{"href":"https:\/\/hub.hslu.ch\/smart-up\/wp-json\/wp\/v2\/posts"}],"about":[{"href":"https:\/\/hub.hslu.ch\/smart-up\/wp-json\/wp\/v2\/types\/post"}],"author":[{"embeddable":true,"href":"https:\/\/hub.hslu.ch\/smart-up\/wp-json\/wp\/v2\/users\/62"}],"replies":[{"embeddable":true,"href":"https:\/\/hub.hslu.ch\/smart-up\/wp-json\/wp\/v2\/comments?post=10010"}],"version-history":[{"count":4,"href":"https:\/\/hub.hslu.ch\/smart-up\/wp-json\/wp\/v2\/posts\/10010\/revisions"}],"predecessor-version":[{"id":14610,"href":"https:\/\/hub.hslu.ch\/smart-up\/wp-json\/wp\/v2\/posts\/10010\/revisions\/14610"}],"wp:featuredmedia":[{"embeddable":true,"href":"https:\/\/hub.hslu.ch\/smart-up\/wp-json\/wp\/v2\/media\/10012"}],"wp:attachment":[{"href":"https:\/\/hub.hslu.ch\/smart-up\/wp-json\/wp\/v2\/media?parent=10010"}],"wp:term":[{"taxonomy":"category","embeddable":true,"href":"https:\/\/hub.hslu.ch\/smart-up\/wp-json\/wp\/v2\/categories?post=10010"},{"taxonomy":"post_tag","embeddable":true,"href":"https:\/\/hub.hslu.ch\/smart-up\/wp-json\/wp\/v2\/tags?post=10010"}],"curies":[{"name":"wp","href":"https:\/\/api.w.org\/{rel}","templated":true}]}}