{"id":13504,"date":"2025-03-03T07:00:00","date_gmt":"2025-03-03T06:00:00","guid":{"rendered":"https:\/\/hub.hslu.ch\/smart-up\/?p=13504"},"modified":"2026-02-09T23:30:38","modified_gmt":"2026-02-09T22:30:38","slug":"tag-des-gruendens-luzern-2025-jetzt-anmelden","status":"publish","type":"post","link":"https:\/\/hub.hslu.ch\/smart-up\/2025\/03\/03\/tag-des-gruendens-luzern-2025-jetzt-anmelden\/","title":{"rendered":"Tag des Gr\u00fcndens Luzern 2025 \u2013 Jetzt anmelden!"},"content":{"rendered":"\n<p><\/p>\n\n\n\n<p>Am 13. M\u00e4rz 2025 haben Studierende, Alumni und andere Gr\u00fcndungsinteressierte die M\u00f6glichkeit, sich praxisnah mit den zentralen Themen der Unternehmensgr\u00fcndung auseinanderzusetzen. In Fachreferaten, interaktiven Vortr\u00e4gen und Gespr\u00e4chen mit Expert:innen erhalten die Teilnehmenden wertvolle Impulse und konkrete Tipps f\u00fcr ihren eigenen Weg in die Selbstst\u00e4ndigkeit. Neben inhaltlichen Impulsen steht der pers\u00f6nliche Austausch im Mittelpunkt. Beim abschliessenden Networking-Ap\u00e9ro k\u00f6nnen Teilnehmende mit erfahrenen Unternehmer:innen ins Gespr\u00e4ch kommen, Kontakte kn\u00fcpfen und sich \u00fcber Herausforderungen und Chancen der Gr\u00fcndung austauschen. Der Tag des Gr\u00fcndens Luzern 2025 richtet sich an alle, die sich mit dem Gedanken an eine Unternehmensgr\u00fcndung besch\u00e4ftigen oder bereits konkrete Pl\u00e4ne haben.<\/p>\n\n\n<div class=\"blue-box\">\n\t<div class=\"row\">\n\t\t<div class=\"col-md-12\">\n\t\t\t<p><strong>Veranstaltungsdetails<\/strong><br \/>\n<strong>Datum:<\/strong> Donnerstag, 13. M\u00e4rz 2025<br \/>\n<strong>Ort:<\/strong> Schl\u00f6ssli Collab Luzern<br \/>\n<strong>Uhrzeit:<\/strong> 12:00 \u2013 18:15 Uhr<\/p>\n\t\t<\/div>\n\t<\/div>\n<\/div>\n\n\n<div class=\"blue-box\">\n\t<div class=\"row\">\n\t\t<div class=\"col-md-12\">\n\t\t\t<p><strong>Was erwartet dich?<\/strong><br \/>\nEin praxisnahes Programm mit Referaten und Fachgespr\u00e4chen zu relevanten Themen:<\/p>\n<ul>\n<li><strong>Gr\u00fcndung und erste Schritte<\/strong> \u2013 Luana Schelbert (IFJ)<\/li>\n<li><strong>Finanzen und Buchhaltung<\/strong> \u2013 Ernest Ukaj (MKY Treuhandpartner GmbH)<\/li>\n<li><strong>Rechtliche Grundlagen f\u00fcr Gr\u00fcnder:innen <\/strong>\u2013 Seline Meier (Gr\u00fcndler + Partner)<\/li>\n<li><strong>Versicherung und Vorsorge f\u00fcr Unternehmer:innen<\/strong> \u2013 Daniel Meier (Helvetia)<\/li>\n<li><strong>Branding und Markenaufbau<\/strong> \u2013 Martin Stauch &amp; Marco Stocker (Neustadt Agentur)<\/li>\n<li><strong>Marketingstrategien f\u00fcr Start-ups<\/strong> \u2013 Tobias Gl\u00e4ser (GLASWERK CONSULTING)<\/li>\n<li><strong>Erfahrungsbericht eines Jungunternehmers<\/strong> \u2013 Remo Zemp (Send me Bag)<\/li>\n<\/ul>\n\t\t<\/div>\n\t<\/div>\n<\/div>\n\n\n\n<figure class=\"wp-block-image size-large\"><a href=\"https:\/\/hub.hslu.ch\/smart-up\/wp-content\/blogs.dir\/578\/files\/sites\/12\/2025\/03\/Header-Blogbeitrag-18.png\"><img loading=\"lazy\" decoding=\"async\" width=\"1024\" height=\"427\" src=\"https:\/\/hub.hslu.ch\/smart-up\/wp-content\/blogs.dir\/578\/files\/sites\/12\/2025\/03\/Header-Blogbeitrag-18-1024x427.png\" alt=\"\" class=\"wp-image-13513\" srcset=\"https:\/\/hub.hslu.ch\/smart-up\/wp-content\/blogs.dir\/578\/files\/sites\/12\/2025\/03\/Header-Blogbeitrag-18-1024x427.png 1024w, https:\/\/hub.hslu.ch\/smart-up\/wp-content\/blogs.dir\/578\/files\/sites\/12\/2025\/03\/Header-Blogbeitrag-18-300x125.png 300w, https:\/\/hub.hslu.ch\/smart-up\/wp-content\/blogs.dir\/578\/files\/sites\/12\/2025\/03\/Header-Blogbeitrag-18-768x320.png 768w, https:\/\/hub.hslu.ch\/smart-up\/wp-content\/blogs.dir\/578\/files\/sites\/12\/2025\/03\/Header-Blogbeitrag-18-928x387.png 928w, https:\/\/hub.hslu.ch\/smart-up\/wp-content\/blogs.dir\/578\/files\/sites\/12\/2025\/03\/Header-Blogbeitrag-18-600x250.png 600w, https:\/\/hub.hslu.ch\/smart-up\/wp-content\/blogs.dir\/578\/files\/sites\/12\/2025\/03\/Header-Blogbeitrag-18.png 1200w\" sizes=\"auto, (max-width: 1024px) 100vw, 1024px\" \/><\/a><\/figure>\n\n\n\n<p><a href=\"http:\/\/www.ifj.ch\/tdglu\" target=\"_blank\" rel=\"noreferrer noopener\">Jetzt anmelden<\/a> und den eigenen Weg in die Selbstst\u00e4ndigkeit starten!<\/p>\n\n\n<div class=\"detail-link\">\n\n\t\t\t\t\n\t\t\t\t\t\t\t\t<a target=\"_blank\" href=\"http:\/\/unter www.ifj.ch\/tdglu\">\n\t\t\t\t\t\t<div class=\"detail-link--wrapper\">\n\t\t\t\t\t\t\t<p>Hier erf\u00e4hrst du mehr!<\/p><span><img decoding=\"async\" src=\"https:\/\/hub.hslu.ch\/smart-up\/wp-content\/themes\/hub-hslu-multisite-theme\/images\/Icons\/black-arrow.svg\" alt=\"\"><\/span>\n\t\t\t\t\t\t<\/div>\n\t\t\t\t\t<\/a>\n\t\t\t\t\t\t\t\t\t\t<\/div>\n\n\n\n\n<p><\/p>\n","protected":false},"excerpt":{"rendered":"<p>Du hast eine Gesch\u00e4ftsidee und willst sie in die Tat umsetzen? Oder spielst du mit dem Gedanken, dein eigenes Unternehmen zu gr\u00fcnden? Der Tag des Gr\u00fcndens Luzern 2025 bietet dir wertvolle Einblicke in alle wichtigen Themen rund um den Start in die Selbstst\u00e4ndigkeit. Gemeinsam mit dem Institut f\u00fcr Jungunternehmen (IFJ) und weiteren Partnern schaffen wir eine Plattform f\u00fcr Wissen, Inspiration und Networking.<\/p>\n","protected":false},"author":231,"featured_media":13517,"comment_status":"open","ping_status":"closed","sticky":false,"template":"","format":"standard","meta":{"_acf_changed":false,"inline_featured_image":false,"_relevanssi_hide_post":"","_relevanssi_hide_content":"","_relevanssi_pin_for_all":"","_relevanssi_pin_keywords":"","_relevanssi_unpin_keywords":"","_relevanssi_related_keywords":"","_relevanssi_related_include_ids":"","_relevanssi_related_exclude_ids":"","_relevanssi_related_no_append":"","_relevanssi_related_not_related":"","_relevanssi_related_posts":"12294,12262,12278,12241,12229,12185","_relevanssi_noindex_reason":"","footnotes":"","_links_to":"","_links_to_target":""},"categories":[866815],"tags":[],"class_list":["post-13504","post","type-post","status-publish","format-standard","has-post-thumbnail","hentry","category-events-workshops"],"acf":[],"yoast_head":"<!-- This site is optimized with the Yoast SEO plugin v27.5 - https:\/\/yoast.com\/product\/yoast-seo-wordpress\/ -->\n<title>Tag des Gr\u00fcndens Luzern 2025 \u2013 Jetzt anmelden! - Smart-up<\/title>\n<meta name=\"description\" content=\"Du hast eine Gesch\u00e4ftsidee und willst sie in die Tat umsetzen? Oder spielst du mit dem Gedanken, dein eigenes Unternehmen zu gr\u00fcnden? Der Tag des Gr\u00fcndens Luzern 2025 bietet dir wertvolle Einblicke in alle wichtigen Themen rund um den Start in die Selbstst\u00e4ndigkeit. Gemeinsam mit dem Institut f\u00fcr Jungunternehmen (IFJ) und weiteren Partnern schaffen wir eine Plattform f\u00fcr Wissen, Inspiration und Networking.\" \/>\n<meta name=\"robots\" content=\"index, follow, max-snippet:-1, max-image-preview:large, max-video-preview:-1\" \/>\n<link rel=\"canonical\" href=\"https:\/\/hub.hslu.ch\/smart-up\/2025\/03\/03\/tag-des-gruendens-luzern-2025-jetzt-anmelden\/\" \/>\n<meta property=\"og:locale\" content=\"de_DE\" \/>\n<meta property=\"og:type\" content=\"article\" \/>\n<meta property=\"og:title\" content=\"Tag des Gr\u00fcndens Luzern 2025 \u2013 Jetzt anmelden! - Smart-up\" \/>\n<meta property=\"og:description\" content=\"Du hast eine Gesch\u00e4ftsidee und willst sie in die Tat umsetzen? Oder spielst du mit dem Gedanken, dein eigenes Unternehmen zu gr\u00fcnden? Der Tag des Gr\u00fcndens Luzern 2025 bietet dir wertvolle Einblicke in alle wichtigen Themen rund um den Start in die Selbstst\u00e4ndigkeit. Gemeinsam mit dem Institut f\u00fcr Jungunternehmen (IFJ) und weiteren Partnern schaffen wir eine Plattform f\u00fcr Wissen, Inspiration und Networking.\" \/>\n<meta property=\"og:url\" content=\"https:\/\/hub.hslu.ch\/smart-up\/2025\/03\/03\/tag-des-gruendens-luzern-2025-jetzt-anmelden\/\" \/>\n<meta property=\"og:site_name\" content=\"Smart-up\" \/>\n<meta property=\"article:published_time\" content=\"2025-03-03T06:00:00+00:00\" \/>\n<meta property=\"article:modified_time\" content=\"2026-02-09T22:30:38+00:00\" \/>\n<meta property=\"og:image\" content=\"https:\/\/hub.hslu.ch\/smart-up\/wp-content\/blogs.dir\/578\/files\/sites\/12\/2025\/03\/Header-Blogbeitrag-20.png\" \/>\n\t<meta property=\"og:image:width\" content=\"1200\" \/>\n\t<meta property=\"og:image:height\" content=\"500\" \/>\n\t<meta property=\"og:image:type\" content=\"image\/png\" \/>\n<meta name=\"author\" content=\"lynnweingartner\" \/>\n<meta name=\"twitter:card\" content=\"summary_large_image\" \/>\n<meta name=\"twitter:label1\" content=\"Geschrieben von\" \/>\n\t<meta name=\"twitter:data1\" content=\"lynnweingartner\" \/>\n\t<meta name=\"twitter:label2\" content=\"Gesch\u00e4tzte Lesezeit\" \/>\n\t<meta name=\"twitter:data2\" content=\"2\u00a0Minuten\" \/>\n<script type=\"application\/ld+json\" class=\"yoast-schema-graph\">{\"@context\":\"https:\\\/\\\/schema.org\",\"@graph\":[{\"@type\":\"Article\",\"@id\":\"https:\\\/\\\/hub.hslu.ch\\\/smart-up\\\/2025\\\/03\\\/03\\\/tag-des-gruendens-luzern-2025-jetzt-anmelden\\\/#article\",\"isPartOf\":{\"@id\":\"https:\\\/\\\/hub.hslu.ch\\\/smart-up\\\/2025\\\/03\\\/03\\\/tag-des-gruendens-luzern-2025-jetzt-anmelden\\\/\"},\"author\":{\"name\":\"lynnweingartner\",\"@id\":\"https:\\\/\\\/hub.hslu.ch\\\/smart-up\\\/#\\\/schema\\\/person\\\/5f7a94f4506417e45124c58960908ed3\"},\"headline\":\"Tag des Gr\u00fcndens Luzern 2025 \u2013 Jetzt anmelden!\",\"datePublished\":\"2025-03-03T06:00:00+00:00\",\"dateModified\":\"2026-02-09T22:30:38+00:00\",\"mainEntityOfPage\":{\"@id\":\"https:\\\/\\\/hub.hslu.ch\\\/smart-up\\\/2025\\\/03\\\/03\\\/tag-des-gruendens-luzern-2025-jetzt-anmelden\\\/\"},\"wordCount\":134,\"commentCount\":0,\"image\":{\"@id\":\"https:\\\/\\\/hub.hslu.ch\\\/smart-up\\\/2025\\\/03\\\/03\\\/tag-des-gruendens-luzern-2025-jetzt-anmelden\\\/#primaryimage\"},\"thumbnailUrl\":\"https:\\\/\\\/hub.hslu.ch\\\/smart-up\\\/wp-content\\\/blogs.dir\\\/578\\\/files\\\/sites\\\/12\\\/2025\\\/03\\\/Header-Blogbeitrag-20.png\",\"articleSection\":[\"Events\\\/Workshops\"],\"inLanguage\":\"de-CH\",\"potentialAction\":[{\"@type\":\"CommentAction\",\"name\":\"Comment\",\"target\":[\"https:\\\/\\\/hub.hslu.ch\\\/smart-up\\\/2025\\\/03\\\/03\\\/tag-des-gruendens-luzern-2025-jetzt-anmelden\\\/#respond\"]}]},{\"@type\":\"WebPage\",\"@id\":\"https:\\\/\\\/hub.hslu.ch\\\/smart-up\\\/2025\\\/03\\\/03\\\/tag-des-gruendens-luzern-2025-jetzt-anmelden\\\/\",\"url\":\"https:\\\/\\\/hub.hslu.ch\\\/smart-up\\\/2025\\\/03\\\/03\\\/tag-des-gruendens-luzern-2025-jetzt-anmelden\\\/\",\"name\":\"Tag des Gr\u00fcndens Luzern 2025 \u2013 Jetzt anmelden! - Smart-up\",\"isPartOf\":{\"@id\":\"https:\\\/\\\/hub.hslu.ch\\\/smart-up\\\/#website\"},\"primaryImageOfPage\":{\"@id\":\"https:\\\/\\\/hub.hslu.ch\\\/smart-up\\\/2025\\\/03\\\/03\\\/tag-des-gruendens-luzern-2025-jetzt-anmelden\\\/#primaryimage\"},\"image\":{\"@id\":\"https:\\\/\\\/hub.hslu.ch\\\/smart-up\\\/2025\\\/03\\\/03\\\/tag-des-gruendens-luzern-2025-jetzt-anmelden\\\/#primaryimage\"},\"thumbnailUrl\":\"https:\\\/\\\/hub.hslu.ch\\\/smart-up\\\/wp-content\\\/blogs.dir\\\/578\\\/files\\\/sites\\\/12\\\/2025\\\/03\\\/Header-Blogbeitrag-20.png\",\"datePublished\":\"2025-03-03T06:00:00+00:00\",\"dateModified\":\"2026-02-09T22:30:38+00:00\",\"author\":{\"@id\":\"https:\\\/\\\/hub.hslu.ch\\\/smart-up\\\/#\\\/schema\\\/person\\\/5f7a94f4506417e45124c58960908ed3\"},\"description\":\"Du hast eine Gesch\u00e4ftsidee und willst sie in die Tat umsetzen? Oder spielst du mit dem Gedanken, dein eigenes Unternehmen zu gr\u00fcnden? Der Tag des Gr\u00fcndens Luzern 2025 bietet dir wertvolle Einblicke in alle wichtigen Themen rund um den Start in die Selbstst\u00e4ndigkeit. Gemeinsam mit dem Institut f\u00fcr Jungunternehmen (IFJ) und weiteren Partnern schaffen wir eine Plattform f\u00fcr Wissen, Inspiration und Networking.\",\"inLanguage\":\"de-CH\",\"potentialAction\":[{\"@type\":\"ReadAction\",\"target\":[\"https:\\\/\\\/hub.hslu.ch\\\/smart-up\\\/2025\\\/03\\\/03\\\/tag-des-gruendens-luzern-2025-jetzt-anmelden\\\/\"]}]},{\"@type\":\"ImageObject\",\"inLanguage\":\"de-CH\",\"@id\":\"https:\\\/\\\/hub.hslu.ch\\\/smart-up\\\/2025\\\/03\\\/03\\\/tag-des-gruendens-luzern-2025-jetzt-anmelden\\\/#primaryimage\",\"url\":\"https:\\\/\\\/hub.hslu.ch\\\/smart-up\\\/wp-content\\\/blogs.dir\\\/578\\\/files\\\/sites\\\/12\\\/2025\\\/03\\\/Header-Blogbeitrag-20.png\",\"contentUrl\":\"https:\\\/\\\/hub.hslu.ch\\\/smart-up\\\/wp-content\\\/blogs.dir\\\/578\\\/files\\\/sites\\\/12\\\/2025\\\/03\\\/Header-Blogbeitrag-20.png\",\"width\":1200,\"height\":500},{\"@type\":\"WebSite\",\"@id\":\"https:\\\/\\\/hub.hslu.ch\\\/smart-up\\\/#website\",\"url\":\"https:\\\/\\\/hub.hslu.ch\\\/smart-up\\\/\",\"name\":\"Smart-up\",\"description\":\"Ideen erfolgreich umsetzen\",\"potentialAction\":[{\"@type\":\"SearchAction\",\"target\":{\"@type\":\"EntryPoint\",\"urlTemplate\":\"https:\\\/\\\/hub.hslu.ch\\\/smart-up\\\/?s={search_term_string}\"},\"query-input\":{\"@type\":\"PropertyValueSpecification\",\"valueRequired\":true,\"valueName\":\"search_term_string\"}}],\"inLanguage\":\"de-CH\"},{\"@type\":\"Person\",\"@id\":\"https:\\\/\\\/hub.hslu.ch\\\/smart-up\\\/#\\\/schema\\\/person\\\/5f7a94f4506417e45124c58960908ed3\",\"name\":\"lynnweingartner\"}]}<\/script>\n<!-- \/ Yoast SEO plugin. -->","yoast_head_json":{"title":"Tag des Gr\u00fcndens Luzern 2025 \u2013 Jetzt anmelden! - Smart-up","description":"Du hast eine Gesch\u00e4ftsidee und willst sie in die Tat umsetzen? Oder spielst du mit dem Gedanken, dein eigenes Unternehmen zu gr\u00fcnden? Der Tag des Gr\u00fcndens Luzern 2025 bietet dir wertvolle Einblicke in alle wichtigen Themen rund um den Start in die Selbstst\u00e4ndigkeit. Gemeinsam mit dem Institut f\u00fcr Jungunternehmen (IFJ) und weiteren Partnern schaffen wir eine Plattform f\u00fcr Wissen, Inspiration und Networking.","robots":{"index":"index","follow":"follow","max-snippet":"max-snippet:-1","max-image-preview":"max-image-preview:large","max-video-preview":"max-video-preview:-1"},"canonical":"https:\/\/hub.hslu.ch\/smart-up\/2025\/03\/03\/tag-des-gruendens-luzern-2025-jetzt-anmelden\/","og_locale":"de_DE","og_type":"article","og_title":"Tag des Gr\u00fcndens Luzern 2025 \u2013 Jetzt anmelden! - Smart-up","og_description":"Du hast eine Gesch\u00e4ftsidee und willst sie in die Tat umsetzen? Oder spielst du mit dem Gedanken, dein eigenes Unternehmen zu gr\u00fcnden? Der Tag des Gr\u00fcndens Luzern 2025 bietet dir wertvolle Einblicke in alle wichtigen Themen rund um den Start in die Selbstst\u00e4ndigkeit. Gemeinsam mit dem Institut f\u00fcr Jungunternehmen (IFJ) und weiteren Partnern schaffen wir eine Plattform f\u00fcr Wissen, Inspiration und Networking.","og_url":"https:\/\/hub.hslu.ch\/smart-up\/2025\/03\/03\/tag-des-gruendens-luzern-2025-jetzt-anmelden\/","og_site_name":"Smart-up","article_published_time":"2025-03-03T06:00:00+00:00","article_modified_time":"2026-02-09T22:30:38+00:00","og_image":[{"width":1200,"height":500,"url":"https:\/\/hub.hslu.ch\/smart-up\/wp-content\/blogs.dir\/578\/files\/sites\/12\/2025\/03\/Header-Blogbeitrag-20.png","type":"image\/png"}],"author":"lynnweingartner","twitter_card":"summary_large_image","twitter_misc":{"Geschrieben von":"lynnweingartner","Gesch\u00e4tzte Lesezeit":"2\u00a0Minuten"},"schema":{"@context":"https:\/\/schema.org","@graph":[{"@type":"Article","@id":"https:\/\/hub.hslu.ch\/smart-up\/2025\/03\/03\/tag-des-gruendens-luzern-2025-jetzt-anmelden\/#article","isPartOf":{"@id":"https:\/\/hub.hslu.ch\/smart-up\/2025\/03\/03\/tag-des-gruendens-luzern-2025-jetzt-anmelden\/"},"author":{"name":"lynnweingartner","@id":"https:\/\/hub.hslu.ch\/smart-up\/#\/schema\/person\/5f7a94f4506417e45124c58960908ed3"},"headline":"Tag des Gr\u00fcndens Luzern 2025 \u2013 Jetzt anmelden!","datePublished":"2025-03-03T06:00:00+00:00","dateModified":"2026-02-09T22:30:38+00:00","mainEntityOfPage":{"@id":"https:\/\/hub.hslu.ch\/smart-up\/2025\/03\/03\/tag-des-gruendens-luzern-2025-jetzt-anmelden\/"},"wordCount":134,"commentCount":0,"image":{"@id":"https:\/\/hub.hslu.ch\/smart-up\/2025\/03\/03\/tag-des-gruendens-luzern-2025-jetzt-anmelden\/#primaryimage"},"thumbnailUrl":"https:\/\/hub.hslu.ch\/smart-up\/wp-content\/blogs.dir\/578\/files\/sites\/12\/2025\/03\/Header-Blogbeitrag-20.png","articleSection":["Events\/Workshops"],"inLanguage":"de-CH","potentialAction":[{"@type":"CommentAction","name":"Comment","target":["https:\/\/hub.hslu.ch\/smart-up\/2025\/03\/03\/tag-des-gruendens-luzern-2025-jetzt-anmelden\/#respond"]}]},{"@type":"WebPage","@id":"https:\/\/hub.hslu.ch\/smart-up\/2025\/03\/03\/tag-des-gruendens-luzern-2025-jetzt-anmelden\/","url":"https:\/\/hub.hslu.ch\/smart-up\/2025\/03\/03\/tag-des-gruendens-luzern-2025-jetzt-anmelden\/","name":"Tag des Gr\u00fcndens Luzern 2025 \u2013 Jetzt anmelden! - Smart-up","isPartOf":{"@id":"https:\/\/hub.hslu.ch\/smart-up\/#website"},"primaryImageOfPage":{"@id":"https:\/\/hub.hslu.ch\/smart-up\/2025\/03\/03\/tag-des-gruendens-luzern-2025-jetzt-anmelden\/#primaryimage"},"image":{"@id":"https:\/\/hub.hslu.ch\/smart-up\/2025\/03\/03\/tag-des-gruendens-luzern-2025-jetzt-anmelden\/#primaryimage"},"thumbnailUrl":"https:\/\/hub.hslu.ch\/smart-up\/wp-content\/blogs.dir\/578\/files\/sites\/12\/2025\/03\/Header-Blogbeitrag-20.png","datePublished":"2025-03-03T06:00:00+00:00","dateModified":"2026-02-09T22:30:38+00:00","author":{"@id":"https:\/\/hub.hslu.ch\/smart-up\/#\/schema\/person\/5f7a94f4506417e45124c58960908ed3"},"description":"Du hast eine Gesch\u00e4ftsidee und willst sie in die Tat umsetzen? Oder spielst du mit dem Gedanken, dein eigenes Unternehmen zu gr\u00fcnden? Der Tag des Gr\u00fcndens Luzern 2025 bietet dir wertvolle Einblicke in alle wichtigen Themen rund um den Start in die Selbstst\u00e4ndigkeit. Gemeinsam mit dem Institut f\u00fcr Jungunternehmen (IFJ) und weiteren Partnern schaffen wir eine Plattform f\u00fcr Wissen, Inspiration und Networking.","inLanguage":"de-CH","potentialAction":[{"@type":"ReadAction","target":["https:\/\/hub.hslu.ch\/smart-up\/2025\/03\/03\/tag-des-gruendens-luzern-2025-jetzt-anmelden\/"]}]},{"@type":"ImageObject","inLanguage":"de-CH","@id":"https:\/\/hub.hslu.ch\/smart-up\/2025\/03\/03\/tag-des-gruendens-luzern-2025-jetzt-anmelden\/#primaryimage","url":"https:\/\/hub.hslu.ch\/smart-up\/wp-content\/blogs.dir\/578\/files\/sites\/12\/2025\/03\/Header-Blogbeitrag-20.png","contentUrl":"https:\/\/hub.hslu.ch\/smart-up\/wp-content\/blogs.dir\/578\/files\/sites\/12\/2025\/03\/Header-Blogbeitrag-20.png","width":1200,"height":500},{"@type":"WebSite","@id":"https:\/\/hub.hslu.ch\/smart-up\/#website","url":"https:\/\/hub.hslu.ch\/smart-up\/","name":"Smart-up","description":"Ideen erfolgreich umsetzen","potentialAction":[{"@type":"SearchAction","target":{"@type":"EntryPoint","urlTemplate":"https:\/\/hub.hslu.ch\/smart-up\/?s={search_term_string}"},"query-input":{"@type":"PropertyValueSpecification","valueRequired":true,"valueName":"search_term_string"}}],"inLanguage":"de-CH"},{"@type":"Person","@id":"https:\/\/hub.hslu.ch\/smart-up\/#\/schema\/person\/5f7a94f4506417e45124c58960908ed3","name":"lynnweingartner"}]}},"featured_image_src":"https:\/\/hub.hslu.ch\/smart-up\/wp-content\/blogs.dir\/578\/files\/sites\/12\/2025\/03\/Header-Blogbeitrag-20.png","featured_image_src_square":"https:\/\/hub.hslu.ch\/smart-up\/wp-content\/blogs.dir\/578\/files\/sites\/12\/2025\/03\/Header-Blogbeitrag-20.png","author_info":{"display_name":"lynnweingartner","author_link":"https:\/\/hub.hslu.ch\/smart-up\/author\/lynnweingartner\/"},"_links":{"self":[{"href":"https:\/\/hub.hslu.ch\/smart-up\/wp-json\/wp\/v2\/posts\/13504","targetHints":{"allow":["GET"]}}],"collection":[{"href":"https:\/\/hub.hslu.ch\/smart-up\/wp-json\/wp\/v2\/posts"}],"about":[{"href":"https:\/\/hub.hslu.ch\/smart-up\/wp-json\/wp\/v2\/types\/post"}],"author":[{"embeddable":true,"href":"https:\/\/hub.hslu.ch\/smart-up\/wp-json\/wp\/v2\/users\/231"}],"replies":[{"embeddable":true,"href":"https:\/\/hub.hslu.ch\/smart-up\/wp-json\/wp\/v2\/comments?post=13504"}],"version-history":[{"count":8,"href":"https:\/\/hub.hslu.ch\/smart-up\/wp-json\/wp\/v2\/posts\/13504\/revisions"}],"predecessor-version":[{"id":14376,"href":"https:\/\/hub.hslu.ch\/smart-up\/wp-json\/wp\/v2\/posts\/13504\/revisions\/14376"}],"wp:featuredmedia":[{"embeddable":true,"href":"https:\/\/hub.hslu.ch\/smart-up\/wp-json\/wp\/v2\/media\/13517"}],"wp:attachment":[{"href":"https:\/\/hub.hslu.ch\/smart-up\/wp-json\/wp\/v2\/media?parent=13504"}],"wp:term":[{"taxonomy":"category","embeddable":true,"href":"https:\/\/hub.hslu.ch\/smart-up\/wp-json\/wp\/v2\/categories?post=13504"},{"taxonomy":"post_tag","embeddable":true,"href":"https:\/\/hub.hslu.ch\/smart-up\/wp-json\/wp\/v2\/tags?post=13504"}],"curies":[{"name":"wp","href":"https:\/\/api.w.org\/{rel}","templated":true}]}}