{"id":13802,"date":"2025-09-04T07:00:00","date_gmt":"2025-09-04T05:00:00","guid":{"rendered":"https:\/\/hub.hslu.ch\/smart-up\/?p=13802"},"modified":"2026-02-09T22:22:00","modified_gmt":"2026-02-09T21:22:00","slug":"von-der-idee-zum-handeln-workshop-fuer-macherinnen","status":"publish","type":"post","link":"https:\/\/hub.hslu.ch\/smart-up\/2025\/09\/04\/von-der-idee-zum-handeln-workshop-fuer-macherinnen\/","title":{"rendered":"Von der Idee zum Handeln &#8211; Workshop f\u00fcr Macher:Innen"},"content":{"rendered":"\n<p><\/p>\n\n\n\n<h2 class=\"wp-block-heading\">Vom Kopf aufs Papier und du bist &#171;in charge of your career&#187;<\/h2>\n\n\n\n<p>Der <a href=\"https:\/\/www.hslu.ch\/de-ch\/hochschule-luzern\/ueber-uns\/smart-up\/von-der-idee-zum-handeln\/\" target=\"_blank\" rel=\"noreferrer noopener\">Workshop<\/a> richtet sich an Studierende und Mitarbeitende der Hochschule Luzern, die eine Projektidee realisieren oder sich selbstst\u00e4ndig machen m\u00f6chten \u2013 insbesondere im kreativen oder sozialen Bereich.&nbsp;Marc Bernegger, Lehrbeauftragter an der HSLU, unterst\u00fctzt dich dabei, deine Ideen zu konkretisieren und ins Machen zu kommen. Du erh\u00e4ltst inspirierende Impulse und praktische Werkzeuge, um den ersten Schritt zu machen \u2013 von der vagen Vorstellung hin zu einem klaren Plan.&nbsp;&nbsp;<\/p>\n\n\n\n<h2 class=\"wp-block-heading\"><strong>Im Zentrum steht deine Idee:\u00a0<\/strong><\/h2>\n\n\n\n<p>Was willst du umsetzen? Und wie kommst du vom Gedanken zur Tat?\u00a0Gemeinsam schaffen wir Struktur, bringen deine Vision aufs Papier und entwickeln konkrete n\u00e4chste Schritte.\u00a0Mit Klarheit, Ermutigung und praxisnaher Unterst\u00fctzung kommst du ins Handeln.\u00a0<br><\/p>\n\n\n\n<h2 class=\"wp-block-heading\"><strong><strong>Workshop Inhalte:<\/strong>\u00a0<\/strong><\/h2>\n\n\n\n<p><strong>1. Teil: <\/strong>Vision, Mission, Netzwerk, Strategie\u00a0 <br><strong>2. Teil:<\/strong> Vorher\/Nachher-Analyse mit Austausch in der Gruppe<\/p>\n\n\n<div class=\"blue-box\">\n\t<div class=\"row\">\n\t\t<div class=\"col-md-12\">\n\t\t\t<p><strong>Dieser Workshop ist genau das Richtige f\u00fcr dich, wenn du:<\/strong><\/p>\n<ul>\n<li data-leveltext=\"%1.\" data-font=\"\" data-listid=\"11\" data-list-defn-props=\"{&quot;335552541&quot;:0,&quot;335559685&quot;:720,&quot;335559991&quot;:360,&quot;469769242&quot;:[65533,0],&quot;469777803&quot;:&quot;left&quot;,&quot;469777804&quot;:&quot;%1.&quot;,&quot;469777815&quot;:&quot;multilevel&quot;}\" data-aria-posinset=\"1\" data-aria-level=\"1\"><span data-contrast=\"auto\">Frische Impulse f\u00fcr deine Karriereplanung ben\u00f6tigst.<\/span><span data-ccp-props=\"{&quot;201341983&quot;:2,&quot;335559740&quot;:260}\">\u00a0<\/span><\/li>\n<\/ul>\n<ul>\n<li data-leveltext=\"%1.\" data-font=\"\" data-listid=\"11\" data-list-defn-props=\"{&quot;335552541&quot;:0,&quot;335559685&quot;:720,&quot;335559991&quot;:360,&quot;469769242&quot;:[65533,0],&quot;469777803&quot;:&quot;left&quot;,&quot;469777804&quot;:&quot;%1.&quot;,&quot;469777815&quot;:&quot;multilevel&quot;}\" data-aria-posinset=\"2\" data-aria-level=\"1\"><span data-contrast=\"auto\">Viele Ideen hast und eine klare F\u00fchrung sch\u00e4tzt, um sie zu ordnen.<\/span><span data-ccp-props=\"{&quot;201341983&quot;:2,&quot;335559740&quot;:260}\">\u00a0<\/span><\/li>\n<\/ul>\n<ul>\n<li data-leveltext=\"%1.\" data-font=\"\" data-listid=\"11\" data-list-defn-props=\"{&quot;335552541&quot;:0,&quot;335559685&quot;:720,&quot;335559991&quot;:360,&quot;469769242&quot;:[65533,0],&quot;469777803&quot;:&quot;left&quot;,&quot;469777804&quot;:&quot;%1.&quot;,&quot;469777815&quot;:&quot;multilevel&quot;}\" data-aria-posinset=\"3\" data-aria-level=\"1\"><span data-contrast=\"auto\">Vielleicht schon eine Gesch\u00e4ftsidee hast, aber noch die entscheidenden Inputs ben\u00f6tigst, um sie umzusetzen.<\/span><span data-ccp-props=\"{&quot;201341983&quot;:2,&quot;335559740&quot;:260}\">\u00a0<\/span><\/li>\n<\/ul>\n<ul>\n<li data-leveltext=\"%1.\" data-font=\"\" data-listid=\"11\" data-list-defn-props=\"{&quot;335552541&quot;:0,&quot;335559685&quot;:720,&quot;335559991&quot;:360,&quot;469769242&quot;:[65533,0],&quot;469777803&quot;:&quot;left&quot;,&quot;469777804&quot;:&quot;%1.&quot;,&quot;469777815&quot;:&quot;multilevel&quot;}\" data-aria-posinset=\"4\" data-aria-level=\"1\"><span data-contrast=\"auto\">Aus erster Hand erfahren m\u00f6chtest, wie andere ihre Herausforderungen \u00fcberwinden.<\/span><span data-ccp-props=\"{&quot;201341983&quot;:2,&quot;335559740&quot;:260}\">\u00a0<\/span><\/li>\n<\/ul>\n<ul>\n<li data-leveltext=\"%1.\" data-font=\"\" data-listid=\"11\" data-list-defn-props=\"{&quot;335552541&quot;:0,&quot;335559685&quot;:720,&quot;335559991&quot;:360,&quot;469769242&quot;:[65533,0],&quot;469777803&quot;:&quot;left&quot;,&quot;469777804&quot;:&quot;%1.&quot;,&quot;469777815&quot;:&quot;multilevel&quot;}\" data-aria-posinset=\"5\" data-aria-level=\"1\"><span data-contrast=\"auto\">Eine M\u00f6glichkeit zum Netzwerken und zum Austausch suchst.<\/span><span data-ccp-props=\"{&quot;201341983&quot;:2,&quot;335559740&quot;:260}\">\u00a0<\/span><\/li>\n<\/ul>\n<ul>\n<li data-leveltext=\"%1.\" data-font=\"\" data-listid=\"11\" data-list-defn-props=\"{&quot;335552541&quot;:0,&quot;335559685&quot;:720,&quot;335559991&quot;:360,&quot;469769242&quot;:[65533,0],&quot;469777803&quot;:&quot;left&quot;,&quot;469777804&quot;:&quot;%1.&quot;,&quot;469777815&quot;:&quot;multilevel&quot;}\" data-aria-posinset=\"6\" data-aria-level=\"1\"><span data-contrast=\"auto\">Endlich die richtigen Fragen gestellt bekommen m\u00f6chtest.<\/span><span data-ccp-props=\"{&quot;201341983&quot;:2,&quot;335559740&quot;:260}\">\u00a0<\/span><\/li>\n<\/ul>\n\t\t<\/div>\n\t<\/div>\n<\/div>\n\n\n<div class=\"blue-box\">\n\t<div class=\"row\">\n\t\t<div class=\"col-md-12\">\n\t\t\t<p><strong>Termin:<\/strong><\/p>\n<p><strong>Teil 1:<\/strong> Samstag, 04. Oktober 2025, 10.00 &#8211; 17.00 Uhr<\/p>\n<p><strong>Teil 2:<\/strong> Samstag, 07. M\u00e4rz 2026, 10.00 &#8211; 16.00 Uhr<\/p>\n<p>&nbsp;<\/p>\n<p><strong>Weitere Termine:<\/strong><\/p>\n<p><strong>1. Teil:<\/strong> Samstag, 21. M\u00e4rz 2026, 10.00 &#8211; 17.00 Uhr \/ <strong>2. Teil:<\/strong> Samstag, 26. September 2026, 10.00 &#8211; 16.00 Uhr<br \/>\n<strong>1. Teil:<\/strong> Samstag, 03.Oktober 2026, 10.00 &#8211; 17.00 Uhr \/ <strong>2. Teil:<\/strong> Samstag, 06. M\u00e4rz 2027, 10.00 &#8211; 16.00 Uhr<\/p>\n<p><strong><span class=\"TextRun SCXW92581018 BCX8\" lang=\"DE-CH\" xml:lang=\"DE-CH\" data-contrast=\"auto\"><span class=\"NormalTextRun SCXW92581018 BCX8\">Hinweis: <\/span><span class=\"NormalTextRun SCXW92581018 BCX8\">Die Anmeldung gilt jeweils f\u00fcr beide Daten<\/span><span class=\"NormalTextRun SCXW92581018 BCX8\"> (Teil 1 und 2)<\/span><span class=\"NormalTextRun SCXW92581018 BCX8\">.<\/span><\/span><span class=\"EOP SCXW92581018 BCX8\" data-ccp-props=\"{&quot;201341983&quot;:2,&quot;335559740&quot;:260}\">\u00a0<\/span><\/strong><\/p>\n\t\t<\/div>\n\t<\/div>\n<\/div>\n\n\n\n<p><\/p>\n\n\n\n<h2 class=\"wp-block-heading\"><strong>Feedback aus den Workshops:<\/strong><\/h2>\n\n\n\n<blockquote class=\"wp-block-quote is-layout-flow wp-block-quote-is-layout-flow\">\n<p>\u201eDieser Denkprozess am Samstag hat mir T\u00fcren in Betonw\u00e4nde eingezeichnet, die ich nun langsam aber sicher \u00f6ffnen k\u00f6nnte und hoffentlich \u00f6ffnen werde! Ich bin nun zuversichtlicher und freue mich sehr auf den n\u00e4chsten Workshop im Oktober!\u201c&nbsp;<\/p>\n<cite>Tabea Fersztand (Studentin an der HSLU Design Film Kunst)<\/cite><\/blockquote>\n\n\n\n<blockquote class=\"wp-block-quote is-layout-flow wp-block-quote-is-layout-flow\">\n<p>\u201eDer Business Mindset Workshop von Marc Bernegger ist ein Game-Changer f\u00fcr alle, die Ideen auf Papier bringen wollen. Mit moderierten Gespr\u00e4chen wird Klarheit und Orientierung in die eigenen, oft noch rohen Gedanken gebracht.<\/p>\n\n\n\n<p>Marc und die departement-\u00fcbergreifenden Teilnehmer beleuchten deine Idee von meist noch unbedachter Seite. Damit kannst du fr\u00fchzeitig potentielle Schwachstellen oder gar neue M\u00f6glichkeiten entdecken und deine Idee auf das n\u00e4chste Level bringen.\u201c<\/p>\n<cite>Martin Zwifi (Student an der HSLU Informatik)<\/cite><\/blockquote>\n\n\n<div class=\"blue-box\">\n\t<div class=\"row\">\n\t\t<div class=\"col-md-12\">\n\t\t\t<p><iframe loading=\"lazy\" title=\"Roadmapping mit Marc Bernegger\" width=\"640\" height=\"360\" src=\"https:\/\/www.youtube.com\/embed\/MpSI5KcKSrk?start=66&#038;feature=oembed\" frameborder=\"0\" allow=\"accelerometer; autoplay; clipboard-write; encrypted-media; gyroscope; picture-in-picture; web-share\" referrerpolicy=\"strict-origin-when-cross-origin\" allowfullscreen><\/iframe><\/p>\n\t\t<\/div>\n\t<\/div>\n<\/div>\n\n\n<div class=\"detail-link\">\n\n\t\t\t\t\n\t\t\t\t\t\t\t\t<a target=\"_blank\" href=\"https:\/\/webapps.hslu.ch\/weve\/anlass\/583123\">\n\t\t\t\t\t\t<div class=\"detail-link--wrapper\">\n\t\t\t\t\t\t\t<p>Jetzt f\u00fcr den Workshop anmelden!<\/p><span><img decoding=\"async\" src=\"https:\/\/hub.hslu.ch\/smart-up\/wp-content\/themes\/hub-hslu-multisite-theme\/images\/Icons\/black-arrow.svg\" alt=\"\"><\/span>\n\t\t\t\t\t\t<\/div>\n\t\t\t\t\t<\/a>\n\t\t\t\t\t\t\t\t\t\t<\/div>\n\n","protected":false},"excerpt":{"rendered":"<p>Von der Hochschule aus gesehen liegt die Karriere irgendwo in weiter Ferne. Aber von der Karriere aus gesehen ist die Zeit an der Hochschule ein riesiger Schritt in eine ganz bestimmte Richtung. Stimmt deine Richtung? Finde es heraus und nimm das Steuer in die Hand!<\/p>\n","protected":false},"author":231,"featured_media":13805,"comment_status":"open","ping_status":"closed","sticky":false,"template":"","format":"standard","meta":{"_acf_changed":false,"inline_featured_image":false,"_relevanssi_hide_post":"","_relevanssi_hide_content":"","_relevanssi_pin_for_all":"","_relevanssi_pin_keywords":"","_relevanssi_unpin_keywords":"","_relevanssi_related_keywords":"","_relevanssi_related_include_ids":"","_relevanssi_related_exclude_ids":"","_relevanssi_related_no_append":"","_relevanssi_related_not_related":"","_relevanssi_related_posts":"12294,12262,12278,12241,12229,12185","_relevanssi_noindex_reason":"","footnotes":"","_links_to":"","_links_to_target":""},"categories":[866815,46846],"tags":[3582,46813,1147],"class_list":["post-13802","post","type-post","status-publish","format-standard","has-post-thumbnail","hentry","category-events-workshops","category-smart-up-angebote","tag-hochschule-luzern","tag-smart-up","tag-workshop"],"acf":[],"yoast_head":"<!-- This site is optimized with the Yoast SEO plugin v27.5 - https:\/\/yoast.com\/product\/yoast-seo-wordpress\/ -->\n<title>Von der Idee zum Handeln - Workshop f\u00fcr Macher:Innen - Smart-up<\/title>\n<meta name=\"description\" content=\"Von der Hochschule aus gesehen liegt die Karriere irgendwo in weiter Ferne. Aber von der Karriere aus gesehen ist die Zeit an der Hochschule ein riesiger Schritt in eine ganz bestimmte Richtung. Stimmt deine Richtung? Finde es heraus und nimm das Steuer in die Hand!\" \/>\n<meta name=\"robots\" content=\"index, follow, max-snippet:-1, max-image-preview:large, max-video-preview:-1\" \/>\n<link rel=\"canonical\" href=\"https:\/\/hub.hslu.ch\/smart-up\/2025\/09\/04\/von-der-idee-zum-handeln-workshop-fuer-macherinnen\/\" \/>\n<meta property=\"og:locale\" content=\"de_DE\" \/>\n<meta property=\"og:type\" content=\"article\" \/>\n<meta property=\"og:title\" content=\"Von der Idee zum Handeln - Workshop f\u00fcr Macher:Innen - Smart-up\" \/>\n<meta property=\"og:description\" content=\"Von der Hochschule aus gesehen liegt die Karriere irgendwo in weiter Ferne. Aber von der Karriere aus gesehen ist die Zeit an der Hochschule ein riesiger Schritt in eine ganz bestimmte Richtung. Stimmt deine Richtung? Finde es heraus und nimm das Steuer in die Hand!\" \/>\n<meta property=\"og:url\" content=\"https:\/\/hub.hslu.ch\/smart-up\/2025\/09\/04\/von-der-idee-zum-handeln-workshop-fuer-macherinnen\/\" \/>\n<meta property=\"og:site_name\" content=\"Smart-up\" \/>\n<meta property=\"article:published_time\" content=\"2025-09-04T05:00:00+00:00\" \/>\n<meta property=\"article:modified_time\" content=\"2026-02-09T21:22:00+00:00\" \/>\n<meta property=\"og:image\" content=\"https:\/\/hub.hslu.ch\/smart-up\/wp-content\/blogs.dir\/578\/files\/sites\/12\/2025\/09\/Header.png\" \/>\n\t<meta property=\"og:image:width\" content=\"1920\" \/>\n\t<meta property=\"og:image:height\" content=\"1080\" \/>\n\t<meta property=\"og:image:type\" content=\"image\/png\" \/>\n<meta name=\"author\" content=\"lynnweingartner\" \/>\n<meta name=\"twitter:card\" content=\"summary_large_image\" \/>\n<meta name=\"twitter:label1\" content=\"Geschrieben von\" \/>\n\t<meta name=\"twitter:data1\" content=\"lynnweingartner\" \/>\n\t<meta name=\"twitter:label2\" content=\"Gesch\u00e4tzte Lesezeit\" \/>\n\t<meta name=\"twitter:data2\" content=\"1\u00a0Minute\" \/>\n<script type=\"application\/ld+json\" class=\"yoast-schema-graph\">{\"@context\":\"https:\\\/\\\/schema.org\",\"@graph\":[{\"@type\":\"Article\",\"@id\":\"https:\\\/\\\/hub.hslu.ch\\\/smart-up\\\/2025\\\/09\\\/04\\\/von-der-idee-zum-handeln-workshop-fuer-macherinnen\\\/#article\",\"isPartOf\":{\"@id\":\"https:\\\/\\\/hub.hslu.ch\\\/smart-up\\\/2025\\\/09\\\/04\\\/von-der-idee-zum-handeln-workshop-fuer-macherinnen\\\/\"},\"author\":{\"name\":\"lynnweingartner\",\"@id\":\"https:\\\/\\\/hub.hslu.ch\\\/smart-up\\\/#\\\/schema\\\/person\\\/5f7a94f4506417e45124c58960908ed3\"},\"headline\":\"Von der Idee zum Handeln &#8211; Workshop f\u00fcr Macher:Innen\",\"datePublished\":\"2025-09-04T05:00:00+00:00\",\"dateModified\":\"2026-02-09T21:22:00+00:00\",\"mainEntityOfPage\":{\"@id\":\"https:\\\/\\\/hub.hslu.ch\\\/smart-up\\\/2025\\\/09\\\/04\\\/von-der-idee-zum-handeln-workshop-fuer-macherinnen\\\/\"},\"wordCount\":286,\"commentCount\":0,\"image\":{\"@id\":\"https:\\\/\\\/hub.hslu.ch\\\/smart-up\\\/2025\\\/09\\\/04\\\/von-der-idee-zum-handeln-workshop-fuer-macherinnen\\\/#primaryimage\"},\"thumbnailUrl\":\"https:\\\/\\\/hub.hslu.ch\\\/smart-up\\\/wp-content\\\/blogs.dir\\\/578\\\/files\\\/sites\\\/12\\\/2025\\\/09\\\/Header.png\",\"keywords\":[\"Hochschule Luzern\",\"Smart-up\",\"Workshop\"],\"articleSection\":[\"Events\\\/Workshops\",\"Smart-up-Angebote\"],\"inLanguage\":\"de-CH\",\"potentialAction\":[{\"@type\":\"CommentAction\",\"name\":\"Comment\",\"target\":[\"https:\\\/\\\/hub.hslu.ch\\\/smart-up\\\/2025\\\/09\\\/04\\\/von-der-idee-zum-handeln-workshop-fuer-macherinnen\\\/#respond\"]}]},{\"@type\":\"WebPage\",\"@id\":\"https:\\\/\\\/hub.hslu.ch\\\/smart-up\\\/2025\\\/09\\\/04\\\/von-der-idee-zum-handeln-workshop-fuer-macherinnen\\\/\",\"url\":\"https:\\\/\\\/hub.hslu.ch\\\/smart-up\\\/2025\\\/09\\\/04\\\/von-der-idee-zum-handeln-workshop-fuer-macherinnen\\\/\",\"name\":\"Von der Idee zum Handeln - Workshop f\u00fcr Macher:Innen - Smart-up\",\"isPartOf\":{\"@id\":\"https:\\\/\\\/hub.hslu.ch\\\/smart-up\\\/#website\"},\"primaryImageOfPage\":{\"@id\":\"https:\\\/\\\/hub.hslu.ch\\\/smart-up\\\/2025\\\/09\\\/04\\\/von-der-idee-zum-handeln-workshop-fuer-macherinnen\\\/#primaryimage\"},\"image\":{\"@id\":\"https:\\\/\\\/hub.hslu.ch\\\/smart-up\\\/2025\\\/09\\\/04\\\/von-der-idee-zum-handeln-workshop-fuer-macherinnen\\\/#primaryimage\"},\"thumbnailUrl\":\"https:\\\/\\\/hub.hslu.ch\\\/smart-up\\\/wp-content\\\/blogs.dir\\\/578\\\/files\\\/sites\\\/12\\\/2025\\\/09\\\/Header.png\",\"datePublished\":\"2025-09-04T05:00:00+00:00\",\"dateModified\":\"2026-02-09T21:22:00+00:00\",\"author\":{\"@id\":\"https:\\\/\\\/hub.hslu.ch\\\/smart-up\\\/#\\\/schema\\\/person\\\/5f7a94f4506417e45124c58960908ed3\"},\"description\":\"Von der Hochschule aus gesehen liegt die Karriere irgendwo in weiter Ferne. Aber von der Karriere aus gesehen ist die Zeit an der Hochschule ein riesiger Schritt in eine ganz bestimmte Richtung. Stimmt deine Richtung? Finde es heraus und nimm das Steuer in die Hand!\",\"inLanguage\":\"de-CH\",\"potentialAction\":[{\"@type\":\"ReadAction\",\"target\":[\"https:\\\/\\\/hub.hslu.ch\\\/smart-up\\\/2025\\\/09\\\/04\\\/von-der-idee-zum-handeln-workshop-fuer-macherinnen\\\/\"]}]},{\"@type\":\"ImageObject\",\"inLanguage\":\"de-CH\",\"@id\":\"https:\\\/\\\/hub.hslu.ch\\\/smart-up\\\/2025\\\/09\\\/04\\\/von-der-idee-zum-handeln-workshop-fuer-macherinnen\\\/#primaryimage\",\"url\":\"https:\\\/\\\/hub.hslu.ch\\\/smart-up\\\/wp-content\\\/blogs.dir\\\/578\\\/files\\\/sites\\\/12\\\/2025\\\/09\\\/Header.png\",\"contentUrl\":\"https:\\\/\\\/hub.hslu.ch\\\/smart-up\\\/wp-content\\\/blogs.dir\\\/578\\\/files\\\/sites\\\/12\\\/2025\\\/09\\\/Header.png\",\"width\":1920,\"height\":1080},{\"@type\":\"WebSite\",\"@id\":\"https:\\\/\\\/hub.hslu.ch\\\/smart-up\\\/#website\",\"url\":\"https:\\\/\\\/hub.hslu.ch\\\/smart-up\\\/\",\"name\":\"Smart-up\",\"description\":\"Ideen erfolgreich umsetzen\",\"potentialAction\":[{\"@type\":\"SearchAction\",\"target\":{\"@type\":\"EntryPoint\",\"urlTemplate\":\"https:\\\/\\\/hub.hslu.ch\\\/smart-up\\\/?s={search_term_string}\"},\"query-input\":{\"@type\":\"PropertyValueSpecification\",\"valueRequired\":true,\"valueName\":\"search_term_string\"}}],\"inLanguage\":\"de-CH\"},{\"@type\":\"Person\",\"@id\":\"https:\\\/\\\/hub.hslu.ch\\\/smart-up\\\/#\\\/schema\\\/person\\\/5f7a94f4506417e45124c58960908ed3\",\"name\":\"lynnweingartner\"}]}<\/script>\n<!-- \/ Yoast SEO plugin. -->","yoast_head_json":{"title":"Von der Idee zum Handeln - Workshop f\u00fcr Macher:Innen - Smart-up","description":"Von der Hochschule aus gesehen liegt die Karriere irgendwo in weiter Ferne. Aber von der Karriere aus gesehen ist die Zeit an der Hochschule ein riesiger Schritt in eine ganz bestimmte Richtung. Stimmt deine Richtung? Finde es heraus und nimm das Steuer in die Hand!","robots":{"index":"index","follow":"follow","max-snippet":"max-snippet:-1","max-image-preview":"max-image-preview:large","max-video-preview":"max-video-preview:-1"},"canonical":"https:\/\/hub.hslu.ch\/smart-up\/2025\/09\/04\/von-der-idee-zum-handeln-workshop-fuer-macherinnen\/","og_locale":"de_DE","og_type":"article","og_title":"Von der Idee zum Handeln - Workshop f\u00fcr Macher:Innen - Smart-up","og_description":"Von der Hochschule aus gesehen liegt die Karriere irgendwo in weiter Ferne. Aber von der Karriere aus gesehen ist die Zeit an der Hochschule ein riesiger Schritt in eine ganz bestimmte Richtung. Stimmt deine Richtung? Finde es heraus und nimm das Steuer in die Hand!","og_url":"https:\/\/hub.hslu.ch\/smart-up\/2025\/09\/04\/von-der-idee-zum-handeln-workshop-fuer-macherinnen\/","og_site_name":"Smart-up","article_published_time":"2025-09-04T05:00:00+00:00","article_modified_time":"2026-02-09T21:22:00+00:00","og_image":[{"width":1920,"height":1080,"url":"https:\/\/hub.hslu.ch\/smart-up\/wp-content\/blogs.dir\/578\/files\/sites\/12\/2025\/09\/Header.png","type":"image\/png"}],"author":"lynnweingartner","twitter_card":"summary_large_image","twitter_misc":{"Geschrieben von":"lynnweingartner","Gesch\u00e4tzte Lesezeit":"1\u00a0Minute"},"schema":{"@context":"https:\/\/schema.org","@graph":[{"@type":"Article","@id":"https:\/\/hub.hslu.ch\/smart-up\/2025\/09\/04\/von-der-idee-zum-handeln-workshop-fuer-macherinnen\/#article","isPartOf":{"@id":"https:\/\/hub.hslu.ch\/smart-up\/2025\/09\/04\/von-der-idee-zum-handeln-workshop-fuer-macherinnen\/"},"author":{"name":"lynnweingartner","@id":"https:\/\/hub.hslu.ch\/smart-up\/#\/schema\/person\/5f7a94f4506417e45124c58960908ed3"},"headline":"Von der Idee zum Handeln &#8211; Workshop f\u00fcr Macher:Innen","datePublished":"2025-09-04T05:00:00+00:00","dateModified":"2026-02-09T21:22:00+00:00","mainEntityOfPage":{"@id":"https:\/\/hub.hslu.ch\/smart-up\/2025\/09\/04\/von-der-idee-zum-handeln-workshop-fuer-macherinnen\/"},"wordCount":286,"commentCount":0,"image":{"@id":"https:\/\/hub.hslu.ch\/smart-up\/2025\/09\/04\/von-der-idee-zum-handeln-workshop-fuer-macherinnen\/#primaryimage"},"thumbnailUrl":"https:\/\/hub.hslu.ch\/smart-up\/wp-content\/blogs.dir\/578\/files\/sites\/12\/2025\/09\/Header.png","keywords":["Hochschule Luzern","Smart-up","Workshop"],"articleSection":["Events\/Workshops","Smart-up-Angebote"],"inLanguage":"de-CH","potentialAction":[{"@type":"CommentAction","name":"Comment","target":["https:\/\/hub.hslu.ch\/smart-up\/2025\/09\/04\/von-der-idee-zum-handeln-workshop-fuer-macherinnen\/#respond"]}]},{"@type":"WebPage","@id":"https:\/\/hub.hslu.ch\/smart-up\/2025\/09\/04\/von-der-idee-zum-handeln-workshop-fuer-macherinnen\/","url":"https:\/\/hub.hslu.ch\/smart-up\/2025\/09\/04\/von-der-idee-zum-handeln-workshop-fuer-macherinnen\/","name":"Von der Idee zum Handeln - Workshop f\u00fcr Macher:Innen - Smart-up","isPartOf":{"@id":"https:\/\/hub.hslu.ch\/smart-up\/#website"},"primaryImageOfPage":{"@id":"https:\/\/hub.hslu.ch\/smart-up\/2025\/09\/04\/von-der-idee-zum-handeln-workshop-fuer-macherinnen\/#primaryimage"},"image":{"@id":"https:\/\/hub.hslu.ch\/smart-up\/2025\/09\/04\/von-der-idee-zum-handeln-workshop-fuer-macherinnen\/#primaryimage"},"thumbnailUrl":"https:\/\/hub.hslu.ch\/smart-up\/wp-content\/blogs.dir\/578\/files\/sites\/12\/2025\/09\/Header.png","datePublished":"2025-09-04T05:00:00+00:00","dateModified":"2026-02-09T21:22:00+00:00","author":{"@id":"https:\/\/hub.hslu.ch\/smart-up\/#\/schema\/person\/5f7a94f4506417e45124c58960908ed3"},"description":"Von der Hochschule aus gesehen liegt die Karriere irgendwo in weiter Ferne. Aber von der Karriere aus gesehen ist die Zeit an der Hochschule ein riesiger Schritt in eine ganz bestimmte Richtung. Stimmt deine Richtung? Finde es heraus und nimm das Steuer in die Hand!","inLanguage":"de-CH","potentialAction":[{"@type":"ReadAction","target":["https:\/\/hub.hslu.ch\/smart-up\/2025\/09\/04\/von-der-idee-zum-handeln-workshop-fuer-macherinnen\/"]}]},{"@type":"ImageObject","inLanguage":"de-CH","@id":"https:\/\/hub.hslu.ch\/smart-up\/2025\/09\/04\/von-der-idee-zum-handeln-workshop-fuer-macherinnen\/#primaryimage","url":"https:\/\/hub.hslu.ch\/smart-up\/wp-content\/blogs.dir\/578\/files\/sites\/12\/2025\/09\/Header.png","contentUrl":"https:\/\/hub.hslu.ch\/smart-up\/wp-content\/blogs.dir\/578\/files\/sites\/12\/2025\/09\/Header.png","width":1920,"height":1080},{"@type":"WebSite","@id":"https:\/\/hub.hslu.ch\/smart-up\/#website","url":"https:\/\/hub.hslu.ch\/smart-up\/","name":"Smart-up","description":"Ideen erfolgreich umsetzen","potentialAction":[{"@type":"SearchAction","target":{"@type":"EntryPoint","urlTemplate":"https:\/\/hub.hslu.ch\/smart-up\/?s={search_term_string}"},"query-input":{"@type":"PropertyValueSpecification","valueRequired":true,"valueName":"search_term_string"}}],"inLanguage":"de-CH"},{"@type":"Person","@id":"https:\/\/hub.hslu.ch\/smart-up\/#\/schema\/person\/5f7a94f4506417e45124c58960908ed3","name":"lynnweingartner"}]}},"featured_image_src":"https:\/\/hub.hslu.ch\/smart-up\/wp-content\/blogs.dir\/578\/files\/sites\/12\/2025\/09\/Header.png","featured_image_src_square":"https:\/\/hub.hslu.ch\/smart-up\/wp-content\/blogs.dir\/578\/files\/sites\/12\/2025\/09\/Header.png","author_info":{"display_name":"lynnweingartner","author_link":"https:\/\/hub.hslu.ch\/smart-up\/author\/lynnweingartner\/"},"_links":{"self":[{"href":"https:\/\/hub.hslu.ch\/smart-up\/wp-json\/wp\/v2\/posts\/13802","targetHints":{"allow":["GET"]}}],"collection":[{"href":"https:\/\/hub.hslu.ch\/smart-up\/wp-json\/wp\/v2\/posts"}],"about":[{"href":"https:\/\/hub.hslu.ch\/smart-up\/wp-json\/wp\/v2\/types\/post"}],"author":[{"embeddable":true,"href":"https:\/\/hub.hslu.ch\/smart-up\/wp-json\/wp\/v2\/users\/231"}],"replies":[{"embeddable":true,"href":"https:\/\/hub.hslu.ch\/smart-up\/wp-json\/wp\/v2\/comments?post=13802"}],"version-history":[{"count":5,"href":"https:\/\/hub.hslu.ch\/smart-up\/wp-json\/wp\/v2\/posts\/13802\/revisions"}],"predecessor-version":[{"id":14327,"href":"https:\/\/hub.hslu.ch\/smart-up\/wp-json\/wp\/v2\/posts\/13802\/revisions\/14327"}],"wp:featuredmedia":[{"embeddable":true,"href":"https:\/\/hub.hslu.ch\/smart-up\/wp-json\/wp\/v2\/media\/13805"}],"wp:attachment":[{"href":"https:\/\/hub.hslu.ch\/smart-up\/wp-json\/wp\/v2\/media?parent=13802"}],"wp:term":[{"taxonomy":"category","embeddable":true,"href":"https:\/\/hub.hslu.ch\/smart-up\/wp-json\/wp\/v2\/categories?post=13802"},{"taxonomy":"post_tag","embeddable":true,"href":"https:\/\/hub.hslu.ch\/smart-up\/wp-json\/wp\/v2\/tags?post=13802"}],"curies":[{"name":"wp","href":"https:\/\/api.w.org\/{rel}","templated":true}]}}