{"id":13906,"date":"2025-10-14T07:00:00","date_gmt":"2025-10-14T05:00:00","guid":{"rendered":"https:\/\/hub.hslu.ch\/smart-up\/?p=13906"},"modified":"2026-02-11T14:53:42","modified_gmt":"2026-02-11T13:53:42","slug":"social-entrepreneurship-night-wo-gruendergeist-auf-gesellschaftliche-verantwortung-trifft","status":"publish","type":"post","link":"https:\/\/hub.hslu.ch\/smart-up\/2025\/10\/14\/social-entrepreneurship-night-wo-gruendergeist-auf-gesellschaftliche-verantwortung-trifft\/","title":{"rendered":"Social Entrepreneurship Night &#8211; Wo Gr\u00fcndergeist auf gesellschaftliche Verantwortung trifft"},"content":{"rendered":"\n\n\n\n\n<p>Immer mehr Gr\u00fcnder:innen wollen nicht nur Gewinne erzielen, sondern auch zu einer gerechteren, inklusiveren und nachhaltigeren Gesellschaft beitragen. Die Social Entrepreneurship Night bietet daf\u00fcr die passende B\u00fchne: Drei Social Start-ups pr\u00e4sentieren ihre Ideen und beweisen, dass Unternehmertum zu einem echten Motor f\u00fcr gesellschaftlichen Wandel werden kann. Dabei wird sichtbar, wie vielf\u00e4ltig und wirkungsvoll Social Entrepreneurship in der Praxis ist \u2013 von digitaler Teilhabe \u00fcber Integration bis hin zu nachhaltigem Design.<\/p>\n\n\n\n<p><strong>Drei Start-ups mit grossem Herz und klarer Vision<\/strong><br><strong>SINGA<\/strong><br><a href=\"https:\/\/singaswitzerland.ch\/\" target=\"_blank\" rel=\"noreferrer noopener\">SINGA<\/a> f\u00f6rdert die Teilhabe von Menschen mit Flucht- und Migrationserfahrung am lokalen \u00d6kosystem. Ziel ist es, ihnen Instrumente f\u00fcr den Aufbau unternehmerischer Kompetenzen und beruflicher Netzwerke zu vermitteln. Damit schafft SINGA eine Plattform, die Chancengleichheit st\u00e4rkt und neue Perspektiven er\u00f6ffnet.<\/p>\n\n\n\n<p><strong>Wir lernen weiter<\/strong><br>Tobias und sein Team setzen sich t\u00e4glich daf\u00fcr ein, dass armutsbetroffene Haushalte, Lehrlinge und Einzelpersonen in der Schweiz Zugang zur digitalen Welt erhalten. Daf\u00fcr sammelt der Verein \u201e<a href=\"https:\/\/wir-lernen-weiter.ch\/kontaktangaben\/\" target=\"_blank\" rel=\"noreferrer noopener\">Wir lernen weiter<\/a>\u201c schweizweit Laptops, bereitet diese auf und verteilt sie gezielt \u00fcber ein weitreichendes Partnernetz an Menschen, die sich sonst kein Ger\u00e4t leisten k\u00f6nnten.<\/p>\n\n\n\n<p><strong>hej LANI<\/strong><br><a href=\"https:\/\/www.hejlani.ch\/\" target=\"_blank\" rel=\"noreferrer noopener\">hej LANI<\/a> verbindet Design mit sozialem Engagement. Das Social Startup wurde im Mai 2025 von Tina M\u00fcller gegr\u00fcndet und vereint drei Bereiche mit sozialem Impact: Concept Store, Design und Beratung. Im Concept Store in Winterthur werden Produkte mit Wirkung aus den Bereichen Home, Fashion, Accessoires und Gifts erh\u00e4ltlich sind.<\/p>\n\n\n<div class=\"blue-box\">\n\t<div class=\"row\">\n\t\t<div class=\"col-md-12\">\n\t\t\t<p><strong>Programm<\/strong><\/p>\n<ul>\n<li>Begr\u00fcssung &amp; Intro Smart-up<\/li>\n<li>Start-up Pitches<\/li>\n<li>Paneltalk<\/li>\n<li>Q&amp;A-Runde<\/li>\n<li>Networking-Ap\u00e9ro<\/li>\n<\/ul>\n\t\t<\/div>\n\t<\/div>\n<\/div>\n\n\n<div class=\"blue-box\">\n\t<div class=\"row\">\n\t\t<div class=\"col-md-12\">\n\t\t\t<p><strong>Datum:<\/strong><br \/>\n18. November 2025, 18.00-21.00 Uhr<\/p>\n<p><strong>Ort:<br \/>\n<\/strong>Hochschule Luzern \u2013 Soziale Arbeit<br \/>\nInseliquai 12b<br \/>\n6002 Luzern<\/p>\n\t\t<\/div>\n\t<\/div>\n<\/div>\n\n\n\n<p>Wir freuen uns auf deine Teilnahme.<\/p>\n\n\n\n\n<div class=\"detail-link\">\n\n\t\t\t\t\n\t\t\t\t\t\t\t\t<a target=\"_blank\" href=\"https:\/\/entrepreneurship-training.ch\/events\/social-entrepreneurship\/\">\n\t\t\t\t\t\t<div class=\"detail-link--wrapper\">\n\t\t\t\t\t\t\t<p>Jetzt kostenlos anmelden und inspirieren lassen!<\/p><span><img decoding=\"async\" src=\"https:\/\/hub.hslu.ch\/smart-up\/wp-content\/themes\/hub-hslu-multisite-theme\/images\/Icons\/black-arrow.svg\" alt=\"\"><\/span>\n\t\t\t\t\t\t<\/div>\n\t\t\t\t\t<\/a>\n\t\t\t\t\t\t\t\t\t\t<\/div>\n\n","protected":false},"excerpt":{"rendered":"<p>Am 18. November 2025 trifft an der Hochschule Luzern \u2013 Soziale Arbeit unternehmerischer Tatendrang auf gesellschaftliche Verantwortung. Bei der Social Entrepreneurship Night pr\u00e4sentieren drei inspirierende Start-ups, wie wirtschaftliches Handeln und sozialer Impact miteinander verschmelzen k\u00f6nnen. Ein Abend voller Ideen, Austausch und Motivation f\u00fcr alle, die mit Sinn gr\u00fcnden wollen.<\/p>\n","protected":false},"author":231,"featured_media":13937,"comment_status":"open","ping_status":"closed","sticky":false,"template":"","format":"standard","meta":{"_acf_changed":false,"inline_featured_image":false,"_relevanssi_hide_post":"","_relevanssi_hide_content":"","_relevanssi_pin_for_all":"","_relevanssi_pin_keywords":"","_relevanssi_unpin_keywords":"","_relevanssi_related_keywords":"","_relevanssi_related_include_ids":"","_relevanssi_related_exclude_ids":"","_relevanssi_related_no_append":"","_relevanssi_related_not_related":"","_relevanssi_related_posts":"12294,12262,12278,12241,12229,12185","_relevanssi_noindex_reason":"","footnotes":"","_links_to":"","_links_to_target":""},"categories":[866815],"tags":[],"class_list":["post-13906","post","type-post","status-publish","format-standard","has-post-thumbnail","hentry","category-events-workshops"],"acf":[],"yoast_head":"<!-- This site is optimized with the Yoast SEO plugin v27.5 - https:\/\/yoast.com\/product\/yoast-seo-wordpress\/ -->\n<title>Social Entrepreneurship Night - Wo Gr\u00fcndergeist auf gesellschaftliche Verantwortung trifft - Smart-up<\/title>\n<meta name=\"description\" content=\"Am 18. November 2025 trifft an der Hochschule Luzern \u2013 Soziale Arbeit unternehmerischer Tatendrang auf gesellschaftliche Verantwortung. Bei der Social Entrepreneurship Night pr\u00e4sentieren drei inspirierende Start-ups, wie wirtschaftliches Handeln und sozialer Impact miteinander verschmelzen k\u00f6nnen. Ein Abend voller Ideen, Austausch und Motivation f\u00fcr alle, die mit Sinn gr\u00fcnden wollen.\" \/>\n<meta name=\"robots\" content=\"index, follow, max-snippet:-1, max-image-preview:large, max-video-preview:-1\" \/>\n<link rel=\"canonical\" href=\"https:\/\/hub.hslu.ch\/smart-up\/2025\/10\/14\/social-entrepreneurship-night-wo-gruendergeist-auf-gesellschaftliche-verantwortung-trifft\/\" \/>\n<meta property=\"og:locale\" content=\"de_DE\" \/>\n<meta property=\"og:type\" content=\"article\" \/>\n<meta property=\"og:title\" content=\"Social Entrepreneurship Night - Wo Gr\u00fcndergeist auf gesellschaftliche Verantwortung trifft - Smart-up\" \/>\n<meta property=\"og:description\" content=\"Am 18. November 2025 trifft an der Hochschule Luzern \u2013 Soziale Arbeit unternehmerischer Tatendrang auf gesellschaftliche Verantwortung. Bei der Social Entrepreneurship Night pr\u00e4sentieren drei inspirierende Start-ups, wie wirtschaftliches Handeln und sozialer Impact miteinander verschmelzen k\u00f6nnen. Ein Abend voller Ideen, Austausch und Motivation f\u00fcr alle, die mit Sinn gr\u00fcnden wollen.\" \/>\n<meta property=\"og:url\" content=\"https:\/\/hub.hslu.ch\/smart-up\/2025\/10\/14\/social-entrepreneurship-night-wo-gruendergeist-auf-gesellschaftliche-verantwortung-trifft\/\" \/>\n<meta property=\"og:site_name\" content=\"Smart-up\" \/>\n<meta property=\"article:published_time\" content=\"2025-10-14T05:00:00+00:00\" \/>\n<meta property=\"article:modified_time\" content=\"2026-02-11T13:53:42+00:00\" \/>\n<meta property=\"og:image\" content=\"https:\/\/hub.hslu.ch\/smart-up\/wp-content\/blogs.dir\/578\/files\/sites\/12\/2025\/10\/Header-Blogbeitrag_1200x500.jpg\" \/>\n\t<meta property=\"og:image:width\" content=\"1200\" \/>\n\t<meta property=\"og:image:height\" content=\"500\" \/>\n\t<meta property=\"og:image:type\" content=\"image\/jpeg\" \/>\n<meta name=\"author\" content=\"lynnweingartner\" \/>\n<meta name=\"twitter:card\" content=\"summary_large_image\" \/>\n<meta name=\"twitter:label1\" content=\"Geschrieben von\" \/>\n\t<meta name=\"twitter:data1\" content=\"lynnweingartner\" \/>\n\t<meta name=\"twitter:label2\" content=\"Gesch\u00e4tzte Lesezeit\" \/>\n\t<meta name=\"twitter:data2\" content=\"2\u00a0Minuten\" \/>\n<script type=\"application\/ld+json\" class=\"yoast-schema-graph\">{\"@context\":\"https:\\\/\\\/schema.org\",\"@graph\":[{\"@type\":\"Article\",\"@id\":\"https:\\\/\\\/hub.hslu.ch\\\/smart-up\\\/2025\\\/10\\\/14\\\/social-entrepreneurship-night-wo-gruendergeist-auf-gesellschaftliche-verantwortung-trifft\\\/#article\",\"isPartOf\":{\"@id\":\"https:\\\/\\\/hub.hslu.ch\\\/smart-up\\\/2025\\\/10\\\/14\\\/social-entrepreneurship-night-wo-gruendergeist-auf-gesellschaftliche-verantwortung-trifft\\\/\"},\"author\":{\"name\":\"lynnweingartner\",\"@id\":\"https:\\\/\\\/hub.hslu.ch\\\/smart-up\\\/#\\\/schema\\\/person\\\/5f7a94f4506417e45124c58960908ed3\"},\"headline\":\"Social Entrepreneurship Night &#8211; Wo Gr\u00fcndergeist auf gesellschaftliche Verantwortung trifft\",\"datePublished\":\"2025-10-14T05:00:00+00:00\",\"dateModified\":\"2026-02-11T13:53:42+00:00\",\"mainEntityOfPage\":{\"@id\":\"https:\\\/\\\/hub.hslu.ch\\\/smart-up\\\/2025\\\/10\\\/14\\\/social-entrepreneurship-night-wo-gruendergeist-auf-gesellschaftliche-verantwortung-trifft\\\/\"},\"wordCount\":259,\"commentCount\":0,\"image\":{\"@id\":\"https:\\\/\\\/hub.hslu.ch\\\/smart-up\\\/2025\\\/10\\\/14\\\/social-entrepreneurship-night-wo-gruendergeist-auf-gesellschaftliche-verantwortung-trifft\\\/#primaryimage\"},\"thumbnailUrl\":\"https:\\\/\\\/hub.hslu.ch\\\/smart-up\\\/wp-content\\\/blogs.dir\\\/578\\\/files\\\/sites\\\/12\\\/2025\\\/10\\\/Header-Blogbeitrag_1200x500.jpg\",\"articleSection\":[\"Events\\\/Workshops\"],\"inLanguage\":\"de-CH\",\"potentialAction\":[{\"@type\":\"CommentAction\",\"name\":\"Comment\",\"target\":[\"https:\\\/\\\/hub.hslu.ch\\\/smart-up\\\/2025\\\/10\\\/14\\\/social-entrepreneurship-night-wo-gruendergeist-auf-gesellschaftliche-verantwortung-trifft\\\/#respond\"]}]},{\"@type\":\"WebPage\",\"@id\":\"https:\\\/\\\/hub.hslu.ch\\\/smart-up\\\/2025\\\/10\\\/14\\\/social-entrepreneurship-night-wo-gruendergeist-auf-gesellschaftliche-verantwortung-trifft\\\/\",\"url\":\"https:\\\/\\\/hub.hslu.ch\\\/smart-up\\\/2025\\\/10\\\/14\\\/social-entrepreneurship-night-wo-gruendergeist-auf-gesellschaftliche-verantwortung-trifft\\\/\",\"name\":\"Social Entrepreneurship Night - Wo Gr\u00fcndergeist auf gesellschaftliche Verantwortung trifft - Smart-up\",\"isPartOf\":{\"@id\":\"https:\\\/\\\/hub.hslu.ch\\\/smart-up\\\/#website\"},\"primaryImageOfPage\":{\"@id\":\"https:\\\/\\\/hub.hslu.ch\\\/smart-up\\\/2025\\\/10\\\/14\\\/social-entrepreneurship-night-wo-gruendergeist-auf-gesellschaftliche-verantwortung-trifft\\\/#primaryimage\"},\"image\":{\"@id\":\"https:\\\/\\\/hub.hslu.ch\\\/smart-up\\\/2025\\\/10\\\/14\\\/social-entrepreneurship-night-wo-gruendergeist-auf-gesellschaftliche-verantwortung-trifft\\\/#primaryimage\"},\"thumbnailUrl\":\"https:\\\/\\\/hub.hslu.ch\\\/smart-up\\\/wp-content\\\/blogs.dir\\\/578\\\/files\\\/sites\\\/12\\\/2025\\\/10\\\/Header-Blogbeitrag_1200x500.jpg\",\"datePublished\":\"2025-10-14T05:00:00+00:00\",\"dateModified\":\"2026-02-11T13:53:42+00:00\",\"author\":{\"@id\":\"https:\\\/\\\/hub.hslu.ch\\\/smart-up\\\/#\\\/schema\\\/person\\\/5f7a94f4506417e45124c58960908ed3\"},\"description\":\"Am 18. November 2025 trifft an der Hochschule Luzern \u2013 Soziale Arbeit unternehmerischer Tatendrang auf gesellschaftliche Verantwortung. Bei der Social Entrepreneurship Night pr\u00e4sentieren drei inspirierende Start-ups, wie wirtschaftliches Handeln und sozialer Impact miteinander verschmelzen k\u00f6nnen. Ein Abend voller Ideen, Austausch und Motivation f\u00fcr alle, die mit Sinn gr\u00fcnden wollen.\",\"inLanguage\":\"de-CH\",\"potentialAction\":[{\"@type\":\"ReadAction\",\"target\":[\"https:\\\/\\\/hub.hslu.ch\\\/smart-up\\\/2025\\\/10\\\/14\\\/social-entrepreneurship-night-wo-gruendergeist-auf-gesellschaftliche-verantwortung-trifft\\\/\"]}]},{\"@type\":\"ImageObject\",\"inLanguage\":\"de-CH\",\"@id\":\"https:\\\/\\\/hub.hslu.ch\\\/smart-up\\\/2025\\\/10\\\/14\\\/social-entrepreneurship-night-wo-gruendergeist-auf-gesellschaftliche-verantwortung-trifft\\\/#primaryimage\",\"url\":\"https:\\\/\\\/hub.hslu.ch\\\/smart-up\\\/wp-content\\\/blogs.dir\\\/578\\\/files\\\/sites\\\/12\\\/2025\\\/10\\\/Header-Blogbeitrag_1200x500.jpg\",\"contentUrl\":\"https:\\\/\\\/hub.hslu.ch\\\/smart-up\\\/wp-content\\\/blogs.dir\\\/578\\\/files\\\/sites\\\/12\\\/2025\\\/10\\\/Header-Blogbeitrag_1200x500.jpg\",\"width\":1200,\"height\":500},{\"@type\":\"WebSite\",\"@id\":\"https:\\\/\\\/hub.hslu.ch\\\/smart-up\\\/#website\",\"url\":\"https:\\\/\\\/hub.hslu.ch\\\/smart-up\\\/\",\"name\":\"Smart-up\",\"description\":\"Ideen erfolgreich umsetzen\",\"potentialAction\":[{\"@type\":\"SearchAction\",\"target\":{\"@type\":\"EntryPoint\",\"urlTemplate\":\"https:\\\/\\\/hub.hslu.ch\\\/smart-up\\\/?s={search_term_string}\"},\"query-input\":{\"@type\":\"PropertyValueSpecification\",\"valueRequired\":true,\"valueName\":\"search_term_string\"}}],\"inLanguage\":\"de-CH\"},{\"@type\":\"Person\",\"@id\":\"https:\\\/\\\/hub.hslu.ch\\\/smart-up\\\/#\\\/schema\\\/person\\\/5f7a94f4506417e45124c58960908ed3\",\"name\":\"lynnweingartner\"}]}<\/script>\n<!-- \/ Yoast SEO plugin. -->","yoast_head_json":{"title":"Social Entrepreneurship Night - Wo Gr\u00fcndergeist auf gesellschaftliche Verantwortung trifft - Smart-up","description":"Am 18. November 2025 trifft an der Hochschule Luzern \u2013 Soziale Arbeit unternehmerischer Tatendrang auf gesellschaftliche Verantwortung. Bei der Social Entrepreneurship Night pr\u00e4sentieren drei inspirierende Start-ups, wie wirtschaftliches Handeln und sozialer Impact miteinander verschmelzen k\u00f6nnen. Ein Abend voller Ideen, Austausch und Motivation f\u00fcr alle, die mit Sinn gr\u00fcnden wollen.","robots":{"index":"index","follow":"follow","max-snippet":"max-snippet:-1","max-image-preview":"max-image-preview:large","max-video-preview":"max-video-preview:-1"},"canonical":"https:\/\/hub.hslu.ch\/smart-up\/2025\/10\/14\/social-entrepreneurship-night-wo-gruendergeist-auf-gesellschaftliche-verantwortung-trifft\/","og_locale":"de_DE","og_type":"article","og_title":"Social Entrepreneurship Night - Wo Gr\u00fcndergeist auf gesellschaftliche Verantwortung trifft - Smart-up","og_description":"Am 18. November 2025 trifft an der Hochschule Luzern \u2013 Soziale Arbeit unternehmerischer Tatendrang auf gesellschaftliche Verantwortung. Bei der Social Entrepreneurship Night pr\u00e4sentieren drei inspirierende Start-ups, wie wirtschaftliches Handeln und sozialer Impact miteinander verschmelzen k\u00f6nnen. Ein Abend voller Ideen, Austausch und Motivation f\u00fcr alle, die mit Sinn gr\u00fcnden wollen.","og_url":"https:\/\/hub.hslu.ch\/smart-up\/2025\/10\/14\/social-entrepreneurship-night-wo-gruendergeist-auf-gesellschaftliche-verantwortung-trifft\/","og_site_name":"Smart-up","article_published_time":"2025-10-14T05:00:00+00:00","article_modified_time":"2026-02-11T13:53:42+00:00","og_image":[{"width":1200,"height":500,"url":"https:\/\/hub.hslu.ch\/smart-up\/wp-content\/blogs.dir\/578\/files\/sites\/12\/2025\/10\/Header-Blogbeitrag_1200x500.jpg","type":"image\/jpeg"}],"author":"lynnweingartner","twitter_card":"summary_large_image","twitter_misc":{"Geschrieben von":"lynnweingartner","Gesch\u00e4tzte Lesezeit":"2\u00a0Minuten"},"schema":{"@context":"https:\/\/schema.org","@graph":[{"@type":"Article","@id":"https:\/\/hub.hslu.ch\/smart-up\/2025\/10\/14\/social-entrepreneurship-night-wo-gruendergeist-auf-gesellschaftliche-verantwortung-trifft\/#article","isPartOf":{"@id":"https:\/\/hub.hslu.ch\/smart-up\/2025\/10\/14\/social-entrepreneurship-night-wo-gruendergeist-auf-gesellschaftliche-verantwortung-trifft\/"},"author":{"name":"lynnweingartner","@id":"https:\/\/hub.hslu.ch\/smart-up\/#\/schema\/person\/5f7a94f4506417e45124c58960908ed3"},"headline":"Social Entrepreneurship Night &#8211; Wo Gr\u00fcndergeist auf gesellschaftliche Verantwortung trifft","datePublished":"2025-10-14T05:00:00+00:00","dateModified":"2026-02-11T13:53:42+00:00","mainEntityOfPage":{"@id":"https:\/\/hub.hslu.ch\/smart-up\/2025\/10\/14\/social-entrepreneurship-night-wo-gruendergeist-auf-gesellschaftliche-verantwortung-trifft\/"},"wordCount":259,"commentCount":0,"image":{"@id":"https:\/\/hub.hslu.ch\/smart-up\/2025\/10\/14\/social-entrepreneurship-night-wo-gruendergeist-auf-gesellschaftliche-verantwortung-trifft\/#primaryimage"},"thumbnailUrl":"https:\/\/hub.hslu.ch\/smart-up\/wp-content\/blogs.dir\/578\/files\/sites\/12\/2025\/10\/Header-Blogbeitrag_1200x500.jpg","articleSection":["Events\/Workshops"],"inLanguage":"de-CH","potentialAction":[{"@type":"CommentAction","name":"Comment","target":["https:\/\/hub.hslu.ch\/smart-up\/2025\/10\/14\/social-entrepreneurship-night-wo-gruendergeist-auf-gesellschaftliche-verantwortung-trifft\/#respond"]}]},{"@type":"WebPage","@id":"https:\/\/hub.hslu.ch\/smart-up\/2025\/10\/14\/social-entrepreneurship-night-wo-gruendergeist-auf-gesellschaftliche-verantwortung-trifft\/","url":"https:\/\/hub.hslu.ch\/smart-up\/2025\/10\/14\/social-entrepreneurship-night-wo-gruendergeist-auf-gesellschaftliche-verantwortung-trifft\/","name":"Social Entrepreneurship Night - Wo Gr\u00fcndergeist auf gesellschaftliche Verantwortung trifft - Smart-up","isPartOf":{"@id":"https:\/\/hub.hslu.ch\/smart-up\/#website"},"primaryImageOfPage":{"@id":"https:\/\/hub.hslu.ch\/smart-up\/2025\/10\/14\/social-entrepreneurship-night-wo-gruendergeist-auf-gesellschaftliche-verantwortung-trifft\/#primaryimage"},"image":{"@id":"https:\/\/hub.hslu.ch\/smart-up\/2025\/10\/14\/social-entrepreneurship-night-wo-gruendergeist-auf-gesellschaftliche-verantwortung-trifft\/#primaryimage"},"thumbnailUrl":"https:\/\/hub.hslu.ch\/smart-up\/wp-content\/blogs.dir\/578\/files\/sites\/12\/2025\/10\/Header-Blogbeitrag_1200x500.jpg","datePublished":"2025-10-14T05:00:00+00:00","dateModified":"2026-02-11T13:53:42+00:00","author":{"@id":"https:\/\/hub.hslu.ch\/smart-up\/#\/schema\/person\/5f7a94f4506417e45124c58960908ed3"},"description":"Am 18. November 2025 trifft an der Hochschule Luzern \u2013 Soziale Arbeit unternehmerischer Tatendrang auf gesellschaftliche Verantwortung. Bei der Social Entrepreneurship Night pr\u00e4sentieren drei inspirierende Start-ups, wie wirtschaftliches Handeln und sozialer Impact miteinander verschmelzen k\u00f6nnen. Ein Abend voller Ideen, Austausch und Motivation f\u00fcr alle, die mit Sinn gr\u00fcnden wollen.","inLanguage":"de-CH","potentialAction":[{"@type":"ReadAction","target":["https:\/\/hub.hslu.ch\/smart-up\/2025\/10\/14\/social-entrepreneurship-night-wo-gruendergeist-auf-gesellschaftliche-verantwortung-trifft\/"]}]},{"@type":"ImageObject","inLanguage":"de-CH","@id":"https:\/\/hub.hslu.ch\/smart-up\/2025\/10\/14\/social-entrepreneurship-night-wo-gruendergeist-auf-gesellschaftliche-verantwortung-trifft\/#primaryimage","url":"https:\/\/hub.hslu.ch\/smart-up\/wp-content\/blogs.dir\/578\/files\/sites\/12\/2025\/10\/Header-Blogbeitrag_1200x500.jpg","contentUrl":"https:\/\/hub.hslu.ch\/smart-up\/wp-content\/blogs.dir\/578\/files\/sites\/12\/2025\/10\/Header-Blogbeitrag_1200x500.jpg","width":1200,"height":500},{"@type":"WebSite","@id":"https:\/\/hub.hslu.ch\/smart-up\/#website","url":"https:\/\/hub.hslu.ch\/smart-up\/","name":"Smart-up","description":"Ideen erfolgreich umsetzen","potentialAction":[{"@type":"SearchAction","target":{"@type":"EntryPoint","urlTemplate":"https:\/\/hub.hslu.ch\/smart-up\/?s={search_term_string}"},"query-input":{"@type":"PropertyValueSpecification","valueRequired":true,"valueName":"search_term_string"}}],"inLanguage":"de-CH"},{"@type":"Person","@id":"https:\/\/hub.hslu.ch\/smart-up\/#\/schema\/person\/5f7a94f4506417e45124c58960908ed3","name":"lynnweingartner"}]}},"featured_image_src":"https:\/\/hub.hslu.ch\/smart-up\/wp-content\/blogs.dir\/578\/files\/sites\/12\/2025\/10\/Header-Blogbeitrag_1200x500.jpg","featured_image_src_square":"https:\/\/hub.hslu.ch\/smart-up\/wp-content\/blogs.dir\/578\/files\/sites\/12\/2025\/10\/Header-Blogbeitrag_1200x500.jpg","author_info":{"display_name":"lynnweingartner","author_link":"https:\/\/hub.hslu.ch\/smart-up\/author\/lynnweingartner\/"},"_links":{"self":[{"href":"https:\/\/hub.hslu.ch\/smart-up\/wp-json\/wp\/v2\/posts\/13906","targetHints":{"allow":["GET"]}}],"collection":[{"href":"https:\/\/hub.hslu.ch\/smart-up\/wp-json\/wp\/v2\/posts"}],"about":[{"href":"https:\/\/hub.hslu.ch\/smart-up\/wp-json\/wp\/v2\/types\/post"}],"author":[{"embeddable":true,"href":"https:\/\/hub.hslu.ch\/smart-up\/wp-json\/wp\/v2\/users\/231"}],"replies":[{"embeddable":true,"href":"https:\/\/hub.hslu.ch\/smart-up\/wp-json\/wp\/v2\/comments?post=13906"}],"version-history":[{"count":5,"href":"https:\/\/hub.hslu.ch\/smart-up\/wp-json\/wp\/v2\/posts\/13906\/revisions"}],"predecessor-version":[{"id":14768,"href":"https:\/\/hub.hslu.ch\/smart-up\/wp-json\/wp\/v2\/posts\/13906\/revisions\/14768"}],"wp:featuredmedia":[{"embeddable":true,"href":"https:\/\/hub.hslu.ch\/smart-up\/wp-json\/wp\/v2\/media\/13937"}],"wp:attachment":[{"href":"https:\/\/hub.hslu.ch\/smart-up\/wp-json\/wp\/v2\/media?parent=13906"}],"wp:term":[{"taxonomy":"category","embeddable":true,"href":"https:\/\/hub.hslu.ch\/smart-up\/wp-json\/wp\/v2\/categories?post=13906"},{"taxonomy":"post_tag","embeddable":true,"href":"https:\/\/hub.hslu.ch\/smart-up\/wp-json\/wp\/v2\/tags?post=13906"}],"curies":[{"name":"wp","href":"https:\/\/api.w.org\/{rel}","templated":true}]}}