{"id":14853,"date":"2026-04-02T12:00:00","date_gmt":"2026-04-02T10:00:00","guid":{"rendered":"https:\/\/hub.hslu.ch\/smart-up\/?p=14853"},"modified":"2026-04-13T14:11:39","modified_gmt":"2026-04-13T12:11:39","slug":"oekosystem-abend-fuer-start-ups-und-gruendungsinteressierte-3","status":"publish","type":"post","link":"https:\/\/hub.hslu.ch\/smart-up\/2026\/04\/02\/oekosystem-abend-fuer-start-ups-und-gruendungsinteressierte-3\/","title":{"rendered":"\u00d6kosystem-Abend f\u00fcr Start-ups und Gr\u00fcndungsinteressierte"},"content":{"rendered":"\n<p>Dieser Abend bietet nicht nur die einmalige Gelegenheit, Informationen aus erster Hand zu erhalten, sondern auch pers\u00f6nliche Kontakte zu kn\u00fcpfen. Egal, ob du bereits gegr\u00fcndet hast oder dich erst mit dem Thema auseinandersetzt, hier erf\u00e4hrst du, welche F\u00f6rderprogramme dir helfen k\u00f6nnen, deinen Weg zu finanzieren und zu beschleunigen.<\/p>\n\n\n<div class=\"blue-box\">\n\t<div class=\"row\">\n\t\t<div class=\"col-md-12\">\n\t\t\t<h2><strong>Was erwartet dich?<\/strong><\/h2>\n<p>An diesem Abend stellen Vertreterinnen und Vertreter f\u00fchrender F\u00f6rderprogramme ihre Angebote vor:<\/p>\n<ul>\n<li data-start=\"83\" data-end=\"604\">Allgemeine Einf\u00fchrung | Christian Hohmann<\/li>\n<li data-start=\"83\" data-end=\"604\"><a href=\"https:\/\/www.innosuisse.admin.ch\/de\" target=\"_blank\" rel=\"noopener\">Innosuisse<\/a> | Emile Dupont<\/li>\n<li data-start=\"83\" data-end=\"604\"><a href=\"https:\/\/www.grstiftung.ch\/de\/handlungsfelder\/first_ventures.html\" target=\"_blank\" rel=\"noopener\">First Ventures<\/a> | Marco Vencato<\/li>\n<li data-start=\"83\" data-end=\"604\"><a href=\"https:\/\/www.grstiftung.ch\/de\/handlungsfelder\/first_ventures.html\" target=\"_blank\" rel=\"noopener\">Venture Kick<\/a> | Raffael Kellner<\/li>\n<li data-start=\"83\" data-end=\"604\"><a href=\"https:\/\/www.venture.ch\/\" target=\"_blank\" rel=\"noopener\">Venture<\/a> | Karolina Jankovska<\/li>\n<li data-start=\"83\" data-end=\"604\"><a href=\"https:\/\/devigier.ch\/\" target=\"_blank\" rel=\"noopener\">W.A. de Vigier<\/a> | C\u00e9line Bedu<\/li>\n<li><a href=\"https:\/\/www.aks-stiftung.ch\/\" target=\"_blank\" rel=\"noopener\">Albert K\u00f6chlin Stiftung<\/a> | Marianne Schnarwiler<\/li>\n<li><a href=\"https:\/\/www.luzern-business.ch\/\" target=\"_blank\" rel=\"noopener\">Wirtschaftsf\u00f6rderung<\/a> | Dario Jurt<\/li>\n<li><a href=\"https:\/\/www.zkmu.ch\/\" target=\"_blank\" rel=\"noopener\">Zimmermann-KMU-Stiftung<\/a> | Maximilian Zimmermann<\/li>\n<li>Fragerunde\/Austausch | Christian Hohmann<\/li>\n<\/ul>\n\t\t<\/div>\n\t<\/div>\n<\/div>\n\n\n<div class=\"blue-box\">\n\t<div class=\"row\">\n\t\t<div class=\"col-md-12\">\n\t\t\t<h2>Veranstaltungsdetails:<\/h2>\n<p><strong>Datum:<\/strong> 15. April 2026<br \/>\n<strong>Zeit:<\/strong> 18.15 &#8211; 20.40 Uhr<br \/>\nHochschule Luzern, Inseliquai 12b, Raum SA.IQ12b_02_PL_40<\/p>\n<p><strong>Keine Anmeldung notwendig!<\/strong><\/p>\n<p><strong>Bitte beachten:<\/strong> Es wird eine Verpflegung angeboten.<\/p>\n\t\t<\/div>\n\t<\/div>\n<\/div>\n\n\n\n<p>Wir freuen uns auf einen Abend voller Austausch und darauf, viele von euch dort zu sehen!<\/p>\n","protected":false},"excerpt":{"rendered":"<p>Am 15. April 2026 findet im Rahmen des Moduls Business Concept der &#171;\u00d6kosystem Abend&#187; statt. Die Veranstaltung richtet sich an alle, die sich f\u00fcr die F\u00f6rderung und Finanzierung von Start-ups in der Schweiz interessieren.<\/p>\n","protected":false},"author":231,"featured_media":14860,"comment_status":"open","ping_status":"closed","sticky":false,"template":"","format":"standard","meta":{"_acf_changed":false,"inline_featured_image":false,"_relevanssi_hide_post":"","_relevanssi_hide_content":"","_relevanssi_pin_for_all":"","_relevanssi_pin_keywords":"","_relevanssi_unpin_keywords":"","_relevanssi_related_keywords":"","_relevanssi_related_include_ids":"","_relevanssi_related_exclude_ids":"","_relevanssi_related_no_append":"","_relevanssi_related_not_related":"","_relevanssi_related_posts":"12294,12262,12278,12241,12229,12185","_relevanssi_noindex_reason":"","footnotes":"","_links_to":"","_links_to_target":""},"categories":[866815],"tags":[],"class_list":["post-14853","post","type-post","status-publish","format-standard","has-post-thumbnail","hentry","category-events-workshops"],"acf":[],"yoast_head":"<!-- This site is optimized with the Yoast SEO plugin v27.5 - https:\/\/yoast.com\/product\/yoast-seo-wordpress\/ -->\n<title>\u00d6kosystem-Abend f\u00fcr Start-ups und Gr\u00fcndungsinteressierte - Smart-up<\/title>\n<meta name=\"description\" content=\"Am 15. April 2026 findet im Rahmen des Moduls Business Concept der &quot;\u00d6kosystem Abend&quot; statt. Die Veranstaltung richtet sich an alle, die sich f\u00fcr die F\u00f6rderung und Finanzierung von Start-ups in der Schweiz interessieren.\" \/>\n<meta name=\"robots\" content=\"index, follow, max-snippet:-1, max-image-preview:large, max-video-preview:-1\" \/>\n<link rel=\"canonical\" href=\"https:\/\/hub.hslu.ch\/smart-up\/2026\/04\/02\/oekosystem-abend-fuer-start-ups-und-gruendungsinteressierte-3\/\" \/>\n<meta property=\"og:locale\" content=\"de_DE\" \/>\n<meta property=\"og:type\" content=\"article\" \/>\n<meta property=\"og:title\" content=\"\u00d6kosystem-Abend f\u00fcr Start-ups und Gr\u00fcndungsinteressierte - Smart-up\" \/>\n<meta property=\"og:description\" content=\"Am 15. April 2026 findet im Rahmen des Moduls Business Concept der &quot;\u00d6kosystem Abend&quot; statt. Die Veranstaltung richtet sich an alle, die sich f\u00fcr die F\u00f6rderung und Finanzierung von Start-ups in der Schweiz interessieren.\" \/>\n<meta property=\"og:url\" content=\"https:\/\/hub.hslu.ch\/smart-up\/2026\/04\/02\/oekosystem-abend-fuer-start-ups-und-gruendungsinteressierte-3\/\" \/>\n<meta property=\"og:site_name\" content=\"Smart-up\" \/>\n<meta property=\"article:published_time\" content=\"2026-04-02T10:00:00+00:00\" \/>\n<meta property=\"article:modified_time\" content=\"2026-04-13T12:11:39+00:00\" \/>\n<meta property=\"og:image\" content=\"https:\/\/hub.hslu.ch\/smart-up\/wp-content\/blogs.dir\/578\/files\/sites\/12\/2026\/03\/Kopie-von-Header-Blogbeitrag-2.png\" \/>\n\t<meta property=\"og:image:width\" content=\"1200\" \/>\n\t<meta property=\"og:image:height\" content=\"500\" \/>\n\t<meta property=\"og:image:type\" content=\"image\/png\" \/>\n<meta name=\"author\" content=\"lynnweingartner\" \/>\n<meta name=\"twitter:card\" content=\"summary_large_image\" \/>\n<meta name=\"twitter:label1\" content=\"Geschrieben von\" \/>\n\t<meta name=\"twitter:data1\" content=\"lynnweingartner\" \/>\n\t<meta name=\"twitter:label2\" content=\"Gesch\u00e4tzte Lesezeit\" \/>\n\t<meta name=\"twitter:data2\" content=\"1\u00a0Minute\" \/>\n<script type=\"application\/ld+json\" class=\"yoast-schema-graph\">{\"@context\":\"https:\\\/\\\/schema.org\",\"@graph\":[{\"@type\":\"Article\",\"@id\":\"https:\\\/\\\/hub.hslu.ch\\\/smart-up\\\/2026\\\/04\\\/02\\\/oekosystem-abend-fuer-start-ups-und-gruendungsinteressierte-3\\\/#article\",\"isPartOf\":{\"@id\":\"https:\\\/\\\/hub.hslu.ch\\\/smart-up\\\/2026\\\/04\\\/02\\\/oekosystem-abend-fuer-start-ups-und-gruendungsinteressierte-3\\\/\"},\"author\":{\"name\":\"lynnweingartner\",\"@id\":\"https:\\\/\\\/hub.hslu.ch\\\/smart-up\\\/#\\\/schema\\\/person\\\/5f7a94f4506417e45124c58960908ed3\"},\"headline\":\"\u00d6kosystem-Abend f\u00fcr Start-ups und Gr\u00fcndungsinteressierte\",\"datePublished\":\"2026-04-02T10:00:00+00:00\",\"dateModified\":\"2026-04-13T12:11:39+00:00\",\"mainEntityOfPage\":{\"@id\":\"https:\\\/\\\/hub.hslu.ch\\\/smart-up\\\/2026\\\/04\\\/02\\\/oekosystem-abend-fuer-start-ups-und-gruendungsinteressierte-3\\\/\"},\"wordCount\":77,\"commentCount\":0,\"image\":{\"@id\":\"https:\\\/\\\/hub.hslu.ch\\\/smart-up\\\/2026\\\/04\\\/02\\\/oekosystem-abend-fuer-start-ups-und-gruendungsinteressierte-3\\\/#primaryimage\"},\"thumbnailUrl\":\"https:\\\/\\\/hub.hslu.ch\\\/smart-up\\\/wp-content\\\/blogs.dir\\\/578\\\/files\\\/sites\\\/12\\\/2026\\\/03\\\/Kopie-von-Header-Blogbeitrag-2.png\",\"articleSection\":[\"Events\\\/Workshops\"],\"inLanguage\":\"de-CH\",\"potentialAction\":[{\"@type\":\"CommentAction\",\"name\":\"Comment\",\"target\":[\"https:\\\/\\\/hub.hslu.ch\\\/smart-up\\\/2026\\\/04\\\/02\\\/oekosystem-abend-fuer-start-ups-und-gruendungsinteressierte-3\\\/#respond\"]}]},{\"@type\":\"WebPage\",\"@id\":\"https:\\\/\\\/hub.hslu.ch\\\/smart-up\\\/2026\\\/04\\\/02\\\/oekosystem-abend-fuer-start-ups-und-gruendungsinteressierte-3\\\/\",\"url\":\"https:\\\/\\\/hub.hslu.ch\\\/smart-up\\\/2026\\\/04\\\/02\\\/oekosystem-abend-fuer-start-ups-und-gruendungsinteressierte-3\\\/\",\"name\":\"\u00d6kosystem-Abend f\u00fcr Start-ups und Gr\u00fcndungsinteressierte - Smart-up\",\"isPartOf\":{\"@id\":\"https:\\\/\\\/hub.hslu.ch\\\/smart-up\\\/#website\"},\"primaryImageOfPage\":{\"@id\":\"https:\\\/\\\/hub.hslu.ch\\\/smart-up\\\/2026\\\/04\\\/02\\\/oekosystem-abend-fuer-start-ups-und-gruendungsinteressierte-3\\\/#primaryimage\"},\"image\":{\"@id\":\"https:\\\/\\\/hub.hslu.ch\\\/smart-up\\\/2026\\\/04\\\/02\\\/oekosystem-abend-fuer-start-ups-und-gruendungsinteressierte-3\\\/#primaryimage\"},\"thumbnailUrl\":\"https:\\\/\\\/hub.hslu.ch\\\/smart-up\\\/wp-content\\\/blogs.dir\\\/578\\\/files\\\/sites\\\/12\\\/2026\\\/03\\\/Kopie-von-Header-Blogbeitrag-2.png\",\"datePublished\":\"2026-04-02T10:00:00+00:00\",\"dateModified\":\"2026-04-13T12:11:39+00:00\",\"author\":{\"@id\":\"https:\\\/\\\/hub.hslu.ch\\\/smart-up\\\/#\\\/schema\\\/person\\\/5f7a94f4506417e45124c58960908ed3\"},\"description\":\"Am 15. April 2026 findet im Rahmen des Moduls Business Concept der \\\"\u00d6kosystem Abend\\\" statt. Die Veranstaltung richtet sich an alle, die sich f\u00fcr die F\u00f6rderung und Finanzierung von Start-ups in der Schweiz interessieren.\",\"inLanguage\":\"de-CH\",\"potentialAction\":[{\"@type\":\"ReadAction\",\"target\":[\"https:\\\/\\\/hub.hslu.ch\\\/smart-up\\\/2026\\\/04\\\/02\\\/oekosystem-abend-fuer-start-ups-und-gruendungsinteressierte-3\\\/\"]}]},{\"@type\":\"ImageObject\",\"inLanguage\":\"de-CH\",\"@id\":\"https:\\\/\\\/hub.hslu.ch\\\/smart-up\\\/2026\\\/04\\\/02\\\/oekosystem-abend-fuer-start-ups-und-gruendungsinteressierte-3\\\/#primaryimage\",\"url\":\"https:\\\/\\\/hub.hslu.ch\\\/smart-up\\\/wp-content\\\/blogs.dir\\\/578\\\/files\\\/sites\\\/12\\\/2026\\\/03\\\/Kopie-von-Header-Blogbeitrag-2.png\",\"contentUrl\":\"https:\\\/\\\/hub.hslu.ch\\\/smart-up\\\/wp-content\\\/blogs.dir\\\/578\\\/files\\\/sites\\\/12\\\/2026\\\/03\\\/Kopie-von-Header-Blogbeitrag-2.png\",\"width\":1200,\"height\":500},{\"@type\":\"WebSite\",\"@id\":\"https:\\\/\\\/hub.hslu.ch\\\/smart-up\\\/#website\",\"url\":\"https:\\\/\\\/hub.hslu.ch\\\/smart-up\\\/\",\"name\":\"Smart-up\",\"description\":\"Ideen erfolgreich umsetzen\",\"potentialAction\":[{\"@type\":\"SearchAction\",\"target\":{\"@type\":\"EntryPoint\",\"urlTemplate\":\"https:\\\/\\\/hub.hslu.ch\\\/smart-up\\\/?s={search_term_string}\"},\"query-input\":{\"@type\":\"PropertyValueSpecification\",\"valueRequired\":true,\"valueName\":\"search_term_string\"}}],\"inLanguage\":\"de-CH\"},{\"@type\":\"Person\",\"@id\":\"https:\\\/\\\/hub.hslu.ch\\\/smart-up\\\/#\\\/schema\\\/person\\\/5f7a94f4506417e45124c58960908ed3\",\"name\":\"lynnweingartner\"}]}<\/script>\n<!-- \/ Yoast SEO plugin. -->","yoast_head_json":{"title":"\u00d6kosystem-Abend f\u00fcr Start-ups und Gr\u00fcndungsinteressierte - Smart-up","description":"Am 15. April 2026 findet im Rahmen des Moduls Business Concept der \"\u00d6kosystem Abend\" statt. Die Veranstaltung richtet sich an alle, die sich f\u00fcr die F\u00f6rderung und Finanzierung von Start-ups in der Schweiz interessieren.","robots":{"index":"index","follow":"follow","max-snippet":"max-snippet:-1","max-image-preview":"max-image-preview:large","max-video-preview":"max-video-preview:-1"},"canonical":"https:\/\/hub.hslu.ch\/smart-up\/2026\/04\/02\/oekosystem-abend-fuer-start-ups-und-gruendungsinteressierte-3\/","og_locale":"de_DE","og_type":"article","og_title":"\u00d6kosystem-Abend f\u00fcr Start-ups und Gr\u00fcndungsinteressierte - Smart-up","og_description":"Am 15. April 2026 findet im Rahmen des Moduls Business Concept der \"\u00d6kosystem Abend\" statt. Die Veranstaltung richtet sich an alle, die sich f\u00fcr die F\u00f6rderung und Finanzierung von Start-ups in der Schweiz interessieren.","og_url":"https:\/\/hub.hslu.ch\/smart-up\/2026\/04\/02\/oekosystem-abend-fuer-start-ups-und-gruendungsinteressierte-3\/","og_site_name":"Smart-up","article_published_time":"2026-04-02T10:00:00+00:00","article_modified_time":"2026-04-13T12:11:39+00:00","og_image":[{"width":1200,"height":500,"url":"https:\/\/hub.hslu.ch\/smart-up\/wp-content\/blogs.dir\/578\/files\/sites\/12\/2026\/03\/Kopie-von-Header-Blogbeitrag-2.png","type":"image\/png"}],"author":"lynnweingartner","twitter_card":"summary_large_image","twitter_misc":{"Geschrieben von":"lynnweingartner","Gesch\u00e4tzte Lesezeit":"1\u00a0Minute"},"schema":{"@context":"https:\/\/schema.org","@graph":[{"@type":"Article","@id":"https:\/\/hub.hslu.ch\/smart-up\/2026\/04\/02\/oekosystem-abend-fuer-start-ups-und-gruendungsinteressierte-3\/#article","isPartOf":{"@id":"https:\/\/hub.hslu.ch\/smart-up\/2026\/04\/02\/oekosystem-abend-fuer-start-ups-und-gruendungsinteressierte-3\/"},"author":{"name":"lynnweingartner","@id":"https:\/\/hub.hslu.ch\/smart-up\/#\/schema\/person\/5f7a94f4506417e45124c58960908ed3"},"headline":"\u00d6kosystem-Abend f\u00fcr Start-ups und Gr\u00fcndungsinteressierte","datePublished":"2026-04-02T10:00:00+00:00","dateModified":"2026-04-13T12:11:39+00:00","mainEntityOfPage":{"@id":"https:\/\/hub.hslu.ch\/smart-up\/2026\/04\/02\/oekosystem-abend-fuer-start-ups-und-gruendungsinteressierte-3\/"},"wordCount":77,"commentCount":0,"image":{"@id":"https:\/\/hub.hslu.ch\/smart-up\/2026\/04\/02\/oekosystem-abend-fuer-start-ups-und-gruendungsinteressierte-3\/#primaryimage"},"thumbnailUrl":"https:\/\/hub.hslu.ch\/smart-up\/wp-content\/blogs.dir\/578\/files\/sites\/12\/2026\/03\/Kopie-von-Header-Blogbeitrag-2.png","articleSection":["Events\/Workshops"],"inLanguage":"de-CH","potentialAction":[{"@type":"CommentAction","name":"Comment","target":["https:\/\/hub.hslu.ch\/smart-up\/2026\/04\/02\/oekosystem-abend-fuer-start-ups-und-gruendungsinteressierte-3\/#respond"]}]},{"@type":"WebPage","@id":"https:\/\/hub.hslu.ch\/smart-up\/2026\/04\/02\/oekosystem-abend-fuer-start-ups-und-gruendungsinteressierte-3\/","url":"https:\/\/hub.hslu.ch\/smart-up\/2026\/04\/02\/oekosystem-abend-fuer-start-ups-und-gruendungsinteressierte-3\/","name":"\u00d6kosystem-Abend f\u00fcr Start-ups und Gr\u00fcndungsinteressierte - Smart-up","isPartOf":{"@id":"https:\/\/hub.hslu.ch\/smart-up\/#website"},"primaryImageOfPage":{"@id":"https:\/\/hub.hslu.ch\/smart-up\/2026\/04\/02\/oekosystem-abend-fuer-start-ups-und-gruendungsinteressierte-3\/#primaryimage"},"image":{"@id":"https:\/\/hub.hslu.ch\/smart-up\/2026\/04\/02\/oekosystem-abend-fuer-start-ups-und-gruendungsinteressierte-3\/#primaryimage"},"thumbnailUrl":"https:\/\/hub.hslu.ch\/smart-up\/wp-content\/blogs.dir\/578\/files\/sites\/12\/2026\/03\/Kopie-von-Header-Blogbeitrag-2.png","datePublished":"2026-04-02T10:00:00+00:00","dateModified":"2026-04-13T12:11:39+00:00","author":{"@id":"https:\/\/hub.hslu.ch\/smart-up\/#\/schema\/person\/5f7a94f4506417e45124c58960908ed3"},"description":"Am 15. April 2026 findet im Rahmen des Moduls Business Concept der \"\u00d6kosystem Abend\" statt. Die Veranstaltung richtet sich an alle, die sich f\u00fcr die F\u00f6rderung und Finanzierung von Start-ups in der Schweiz interessieren.","inLanguage":"de-CH","potentialAction":[{"@type":"ReadAction","target":["https:\/\/hub.hslu.ch\/smart-up\/2026\/04\/02\/oekosystem-abend-fuer-start-ups-und-gruendungsinteressierte-3\/"]}]},{"@type":"ImageObject","inLanguage":"de-CH","@id":"https:\/\/hub.hslu.ch\/smart-up\/2026\/04\/02\/oekosystem-abend-fuer-start-ups-und-gruendungsinteressierte-3\/#primaryimage","url":"https:\/\/hub.hslu.ch\/smart-up\/wp-content\/blogs.dir\/578\/files\/sites\/12\/2026\/03\/Kopie-von-Header-Blogbeitrag-2.png","contentUrl":"https:\/\/hub.hslu.ch\/smart-up\/wp-content\/blogs.dir\/578\/files\/sites\/12\/2026\/03\/Kopie-von-Header-Blogbeitrag-2.png","width":1200,"height":500},{"@type":"WebSite","@id":"https:\/\/hub.hslu.ch\/smart-up\/#website","url":"https:\/\/hub.hslu.ch\/smart-up\/","name":"Smart-up","description":"Ideen erfolgreich umsetzen","potentialAction":[{"@type":"SearchAction","target":{"@type":"EntryPoint","urlTemplate":"https:\/\/hub.hslu.ch\/smart-up\/?s={search_term_string}"},"query-input":{"@type":"PropertyValueSpecification","valueRequired":true,"valueName":"search_term_string"}}],"inLanguage":"de-CH"},{"@type":"Person","@id":"https:\/\/hub.hslu.ch\/smart-up\/#\/schema\/person\/5f7a94f4506417e45124c58960908ed3","name":"lynnweingartner"}]}},"featured_image_src":"https:\/\/hub.hslu.ch\/smart-up\/wp-content\/blogs.dir\/578\/files\/sites\/12\/2026\/03\/Kopie-von-Header-Blogbeitrag-2-600x400.png","featured_image_src_square":"https:\/\/hub.hslu.ch\/smart-up\/wp-content\/blogs.dir\/578\/files\/sites\/12\/2026\/03\/Kopie-von-Header-Blogbeitrag-2-600x500.png","author_info":{"display_name":"lynnweingartner","author_link":"https:\/\/hub.hslu.ch\/smart-up\/author\/lynnweingartner\/"},"_links":{"self":[{"href":"https:\/\/hub.hslu.ch\/smart-up\/wp-json\/wp\/v2\/posts\/14853","targetHints":{"allow":["GET"]}}],"collection":[{"href":"https:\/\/hub.hslu.ch\/smart-up\/wp-json\/wp\/v2\/posts"}],"about":[{"href":"https:\/\/hub.hslu.ch\/smart-up\/wp-json\/wp\/v2\/types\/post"}],"author":[{"embeddable":true,"href":"https:\/\/hub.hslu.ch\/smart-up\/wp-json\/wp\/v2\/users\/231"}],"replies":[{"embeddable":true,"href":"https:\/\/hub.hslu.ch\/smart-up\/wp-json\/wp\/v2\/comments?post=14853"}],"version-history":[{"count":11,"href":"https:\/\/hub.hslu.ch\/smart-up\/wp-json\/wp\/v2\/posts\/14853\/revisions"}],"predecessor-version":[{"id":14902,"href":"https:\/\/hub.hslu.ch\/smart-up\/wp-json\/wp\/v2\/posts\/14853\/revisions\/14902"}],"wp:featuredmedia":[{"embeddable":true,"href":"https:\/\/hub.hslu.ch\/smart-up\/wp-json\/wp\/v2\/media\/14860"}],"wp:attachment":[{"href":"https:\/\/hub.hslu.ch\/smart-up\/wp-json\/wp\/v2\/media?parent=14853"}],"wp:term":[{"taxonomy":"category","embeddable":true,"href":"https:\/\/hub.hslu.ch\/smart-up\/wp-json\/wp\/v2\/categories?post=14853"},{"taxonomy":"post_tag","embeddable":true,"href":"https:\/\/hub.hslu.ch\/smart-up\/wp-json\/wp\/v2\/tags?post=14853"}],"curies":[{"name":"wp","href":"https:\/\/api.w.org\/{rel}","templated":true}]}}