{"id":2435,"date":"2015-10-01T10:49:24","date_gmt":"2015-10-01T08:49:24","guid":{"rendered":"https:\/\/hub.hslu.ch\/smart-up\/?p=2435"},"modified":"2016-03-22T13:12:25","modified_gmt":"2016-03-22T12:12:25","slug":"smart-up-portrait-stefan-flueck-und-peter-liem-flimatec-ag","status":"publish","type":"post","link":"https:\/\/hub.hslu.ch\/smart-up\/2015\/10\/01\/smart-up-portrait-stefan-flueck-und-peter-liem-flimatec-ag\/","title":{"rendered":"Smart-up Portrait: Stefan Fl\u00fcck und Peter Liem (Flimatec AG)"},"content":{"rendered":"<p><strong>An dieser Stelle portr\u00e4tieren wir\u00a0Studierende,\u00a0Alumni\u00a0und Mitarbeitende der Hochschule Luzern, welche ihren Traum wahr gemacht und\u00a0ihr Start-up realisiert haben.\u00a0Heute bieten uns Stefan Fl\u00fcck und Peter Liem (<a href=\"http:\/\/www.flimatec.ch\/\" target=\"_blank\">Flimatec AG<\/a>) einen spannenden Einblick in ihre Start-up-Welt!<\/strong><\/p>\n<p><!--more--><\/p>\n<p>Name: <strong>Peter Liem<\/strong> (35 Jahre) <a href=\"https:\/\/hub.hslu.ch\/smart-up\/wp-content\/blogs.dir\/578\/files\/sites\/12\/2015\/09\/Bild_Liem_mit_Familie.jpg\"><img loading=\"lazy\" decoding=\"async\" class=\"size-medium wp-image-2437 alignright\" src=\"https:\/\/hub.hslu.ch\/smart-up\/wp-content\/blogs.dir\/578\/files\/sites\/12\/2015\/09\/Bild_Liem_mit_Familie-300x225.jpg\" alt=\"Bild_Liem_mit_Familie\" width=\"300\" height=\"225\" srcset=\"https:\/\/hub.hslu.ch\/smart-up\/wp-content\/blogs.dir\/578\/files\/sites\/12\/2015\/09\/Bild_Liem_mit_Familie-300x225.jpg 300w, https:\/\/hub.hslu.ch\/smart-up\/wp-content\/blogs.dir\/578\/files\/sites\/12\/2015\/09\/Bild_Liem_mit_Familie-1024x768.jpg 1024w\" sizes=\"auto, (max-width: 300px) 100vw, 300px\" \/><\/a><\/p>\n<p>Beruf: Lehre als Mechaniker\/BMS berufsbegleitend<\/p>\n<p>Studium: Maschinentechnik an der Hochschule Luzern \u2013 Technik &amp; Architektur, Abschluss 2009<\/p>\n<p>Wohnort: Beckenried\/NW<\/p>\n<p><a href=\"https:\/\/hub.hslu.ch\/smart-up\/wp-content\/blogs.dir\/578\/files\/sites\/12\/2015\/09\/Bild_Fl\u00fcck_1.jpg\"><img loading=\"lazy\" decoding=\"async\" class=\"size-medium wp-image-2436 alignright\" src=\"https:\/\/hub.hslu.ch\/smart-up\/wp-content\/blogs.dir\/578\/files\/sites\/12\/2015\/09\/Bild_Fl\u00fcck_1-169x300.jpg\" alt=\"Bild_Fl\u00fcck_1\" width=\"169\" height=\"300\" srcset=\"https:\/\/hub.hslu.ch\/smart-up\/wp-content\/blogs.dir\/578\/files\/sites\/12\/2015\/09\/Bild_Fl\u00fcck_1-169x300.jpg 169w, https:\/\/hub.hslu.ch\/smart-up\/wp-content\/blogs.dir\/578\/files\/sites\/12\/2015\/09\/Bild_Fl\u00fcck_1-576x1024.jpg 576w, https:\/\/hub.hslu.ch\/smart-up\/wp-content\/blogs.dir\/578\/files\/sites\/12\/2015\/09\/Bild_Fl\u00fcck_1.jpg 1836w\" sizes=\"auto, (max-width: 169px) 100vw, 169px\" \/><\/a><\/p>\n<p>Name: <strong>Stefan Fl\u00fcck<\/strong> (31 Jahre)<\/p>\n<p>Beruf: Lehre als Lastwagen-Mechaniker\/BMS vollzeit<\/p>\n<p>Studium: Maschinentechnik an der Hochschule Luzern \u2013 Technik &amp; Architektur, Abschluss 2009<\/p>\n<p>Wohnort: Kerns\/OW<\/p>\n<p>&nbsp;<\/p>\n<p><strong>Unternehmung<\/strong>:<\/p>\n<p>Die beiden Firmengr\u00fcnder der <a href=\"https:\/\/hub.hslu.ch\/smart-up\/2015\/09\/10\/isa-modul-ideation-creathon\/\" target=\"_blank\">Flimatec AG<\/a> haben zusammen an der HSLU T&amp;A Maschinentechnik studiert und sind seit nunmehr fast 6 Jahren im Kompetenzzentrum Thermische Energiesysteme &amp; Verfahrenstechnik der HSLU T&amp;A als wissenschaftliche Mitarbeiter t\u00e4tig.<\/p>\n<p>Die Flimatec AG bietet anspruchsvolle Dienstleistungen im Bereich der thermischen Energietechnik an. Schwerpunkte des Angebots bilden dynamische Simulationen, die Analyse des Energiebedarfs thermischer Produktionsverfahren und die ganzheitliche Energieoptimierung industrieller Prozesse mittels Pinch-Analyse, um deren Energieeffizienz und Wirtschaftlichkeit nachhaltig zu steigern.<\/p>\n<p>Im November 2014 wurde die Firma gegr\u00fcndet, welche schweizweit und \u00fcber die Landesgrenzen hinaus Auftr\u00e4ge abwickelt. Zurzeit arbeiten die beiden Firmengr\u00fcnder im Teilzeitpensum f\u00fcr die Flimatec AG.<\/p>\n<p><strong>Welchen Beruf wollten Sie erlernen, als sie ein Kind waren?<\/strong><\/p>\n<p>Peter Liem: der Berufswunsch als Kind wechselte laufend. Zuerst wollte ich Landwirt werden, sp\u00e4ter dann Schreiner. Zum gew\u00e4hlten Beruf, Mechaniker, kam ich eher zuf\u00e4llig.<br \/>\nStefan Fl\u00fcck: Landmaschinenmechaniker, da wir ein Familienbetrieb in diesem Bereich besitzen<\/p>\n<p><strong>Welche historische Pers\u00f6nlichkeit w\u00fcrden Sie gerne kennenlernen?<\/strong><\/p>\n<p>Peter Liem: General Guillaume-Henri Dufour (war Ingenieur und hat Grosses f\u00fcr die Schweiz im Sonderbundkrieg und f\u00fcr das Rote Kreuz geleistet).<br \/>\nStefan Fl\u00fcck: Thomas Alva Edison, Erfinder im Bereich der Elektrizit\u00e4t, ohne ihn gebe es keine Gl\u00fchlampe<\/p>\n<p><strong>Welche Eigenschaften sind Ihnen bei anderen Personen besonders wichtig?<\/strong><\/p>\n<p>Peter Liem: Ehrlichkeit, respekt- und r\u00fccksichtsvolles Verhalten, auf Worte sollten auch Taten folgen.<br \/>\nStefan Fl\u00fcck: Ehrlichkeit, Zuverl\u00e4ssigkeit, Kollegialit\u00e4t, P\u00fcnktlichkeit.<\/p>\n<p><strong>Was sagen Ihre besten Freunde \u00fcber Sie?<\/strong><\/p>\n<p>Peter Liem: zuverl\u00e4ssig, sehr ironischer Humor, meistens gut gelaunt.<br \/>\nStefan Fl\u00fcck: Ausdauernd, p\u00fcnktlich, humorvoll, ab und zu etwas dickk\u00f6pfig \ud83d\ude42<\/p>\n<p><strong>Inwiefern macht Ihnen die gegenw\u00e4rtige Wirtschaftslage Angst?<\/strong><\/p>\n<p>Peter Liem: Die gegenw\u00e4rtige Wirtschaftslage ist bestimmt nicht einfach, aber man sollte auch nicht \u201eschwarzmalen\u201c.<br \/>\nStefan Fl\u00fcck: Angst w\u00e4re \u00fcbertrieben, aber Respekt \u00fcber die momentane Entwicklung, da wir uns auch in diesem Feld bewegen. Solche Herausforderungen gibt auch eine Chance, sich zu verbessern.<\/p>\n<p><strong>Sehen Sie Ihre Karriere genau vor sich?<\/strong><\/p>\n<p>Peter Liem: nicht wirklich, gem\u00e4ss meiner Erfahrung geht irgendwo immer wieder ein T\u00fcrchen auf, wenn eines gerade zugefallen ist. Finde aber diese Situation gerade spannend, weil noch nichts in Stein gemeisselt ist.<br \/>\nStefan Fl\u00fcck: Definitiv nicht! Man soll die Chancen nutzen und ausprobieren, die sich ergeben. Es ist spannend, Neues zu machen und die Erfahrungen zu machen.<\/p>\n<p><strong>Arbeiten Sie oft am Wochenende?<\/strong><\/p>\n<p>Peter Liem: bei Bedarf arbeite ich am Wochenende, welches ich aber nach M\u00f6glichkeit f\u00fcr meine Familie freihalten m\u00f6chte.<br \/>\nStefan Fl\u00fcck: Die Denkarbeit h\u00f6rt nie auf \u2013 auch am Wochenende nicht. Mit Hilfe der modernen Technologie kann auch von zu Hause einiges sofort erledigt werden.<\/p>\n<p><strong>K\u00f6nnen Sie sich vorstellen, Ihr Unternehmen in einigen Jahren zu verkaufen?<\/strong><\/p>\n<p>Peter Liem: dar\u00fcber habe ich mir noch keine Gedanken gemacht.<br \/>\nStefan Fl\u00fcck: Zuerst muss der Erfolg da sein, bevor sich jemand f\u00fcr den Kauf interessiert. Erst dann werden diese Gedanken gemacht.<\/p>\n<p><strong>Was war in Ihrer bisherigen Unternehmerkarriere die gr\u00f6sste Herausforderung?<\/strong><\/p>\n<p>Peter Liem: die Akquisition von Projekten. Es braucht seitens des Kunden viel Vertrauen in den Dienstleister bei Energiefragen, welches zuerst aufgebaut werden muss.<br \/>\nStefan Fl\u00fcck: Ins Gespr\u00e4ch mit den \u201erichtigen\u201c Leuten zu kommen, um Projekte durchf\u00fchren zu d\u00fcrfen.<\/p>\n<p><strong>Vielen Dank f\u00fcr diesen spannenden Einblick in Ihre ganz pers\u00f6nliche Start-up-Welt!<\/strong><\/p>\n","protected":false},"excerpt":{"rendered":"<p>An dieser Stelle portr\u00e4tieren wir\u00a0Studierende,\u00a0Alumni\u00a0und Mitarbeitende der Hochschule Luzern, welche ihren Traum wahr gemacht und\u00a0ihr Start-up realisiert haben.\u00a0Heute bieten uns Stefan Fl\u00fcck und Peter Liem (Flimatec AG) einen spannenden Einblick in ihre Start-up-Welt!<\/p>\n","protected":false},"author":1845,"featured_media":0,"comment_status":"open","ping_status":"closed","sticky":false,"template":"","format":"standard","meta":{"_acf_changed":false,"inline_featured_image":false,"_relevanssi_hide_post":"","_relevanssi_hide_content":"","_relevanssi_pin_for_all":"","_relevanssi_pin_keywords":"","_relevanssi_unpin_keywords":"","_relevanssi_related_keywords":"","_relevanssi_related_include_ids":"","_relevanssi_related_exclude_ids":"","_relevanssi_related_no_append":"","_relevanssi_related_not_related":"","_relevanssi_related_posts":"","_relevanssi_noindex_reason":"","footnotes":"","_links_to":"","_links_to_target":""},"categories":[46856],"tags":[46924,46879,906,46806],"class_list":["post-2435","post","type-post","status-publish","format-standard","hentry","category-smart-up-portraits","tag-einblick","tag-gruender","tag-portrait","tag-start-up"],"acf":[],"yoast_head":"<!-- This site is optimized with the Yoast SEO plugin v27.5 - https:\/\/yoast.com\/product\/yoast-seo-wordpress\/ -->\n<title>Smart-up Portrait: Stefan Fl\u00fcck und Peter Liem (Flimatec AG) - Smart-up<\/title>\n<meta name=\"description\" content=\"An dieser Stelle portr\u00e4tieren wir\u00a0Studierende,\u00a0Alumni\u00a0und Mitarbeitende der Hochschule Luzern, welche ihren Traum wahr gemacht und\u00a0ihr Start-up realisiert\" \/>\n<meta name=\"robots\" content=\"index, follow, max-snippet:-1, max-image-preview:large, max-video-preview:-1\" \/>\n<link rel=\"canonical\" href=\"https:\/\/hub.hslu.ch\/smart-up\/2015\/10\/01\/smart-up-portrait-stefan-flueck-und-peter-liem-flimatec-ag\/\" \/>\n<meta property=\"og:locale\" content=\"de_DE\" \/>\n<meta property=\"og:type\" content=\"article\" \/>\n<meta property=\"og:title\" content=\"Smart-up Portrait: Stefan Fl\u00fcck und Peter Liem (Flimatec AG) - Smart-up\" \/>\n<meta property=\"og:description\" content=\"An dieser Stelle portr\u00e4tieren wir\u00a0Studierende,\u00a0Alumni\u00a0und Mitarbeitende der Hochschule Luzern, welche ihren Traum wahr gemacht und\u00a0ihr Start-up realisiert\" \/>\n<meta property=\"og:url\" content=\"https:\/\/hub.hslu.ch\/smart-up\/2015\/10\/01\/smart-up-portrait-stefan-flueck-und-peter-liem-flimatec-ag\/\" \/>\n<meta property=\"og:site_name\" content=\"Smart-up\" \/>\n<meta property=\"article:published_time\" content=\"2015-10-01T08:49:24+00:00\" \/>\n<meta property=\"article:modified_time\" content=\"2016-03-22T12:12:25+00:00\" \/>\n<meta property=\"og:image\" content=\"https:\/\/hub.hslu.ch\/smart-up\/wp-content\/blogs.dir\/578\/files\/sites\/12\/2015\/09\/Bild_Liem_mit_Familie-300x225.jpg\" \/>\n<meta name=\"twitter:card\" content=\"summary_large_image\" \/>\n<meta name=\"twitter:label1\" content=\"Geschrieben von\" \/>\n\t<meta name=\"twitter:data1\" content=\"\" \/>\n\t<meta name=\"twitter:label2\" content=\"Gesch\u00e4tzte Lesezeit\" \/>\n\t<meta name=\"twitter:data2\" content=\"3\u00a0Minuten\" \/>\n<script type=\"application\/ld+json\" class=\"yoast-schema-graph\">{\"@context\":\"https:\\\/\\\/schema.org\",\"@graph\":[{\"@type\":\"Article\",\"@id\":\"https:\\\/\\\/hub.hslu.ch\\\/smart-up\\\/2015\\\/10\\\/01\\\/smart-up-portrait-stefan-flueck-und-peter-liem-flimatec-ag\\\/#article\",\"isPartOf\":{\"@id\":\"https:\\\/\\\/hub.hslu.ch\\\/smart-up\\\/2015\\\/10\\\/01\\\/smart-up-portrait-stefan-flueck-und-peter-liem-flimatec-ag\\\/\"},\"author\":{\"name\":\"\",\"@id\":\"\"},\"headline\":\"Smart-up Portrait: Stefan Fl\u00fcck und Peter Liem (Flimatec AG)\",\"datePublished\":\"2015-10-01T08:49:24+00:00\",\"dateModified\":\"2016-03-22T12:12:25+00:00\",\"mainEntityOfPage\":{\"@id\":\"https:\\\/\\\/hub.hslu.ch\\\/smart-up\\\/2015\\\/10\\\/01\\\/smart-up-portrait-stefan-flueck-und-peter-liem-flimatec-ag\\\/\"},\"wordCount\":657,\"commentCount\":0,\"image\":{\"@id\":\"https:\\\/\\\/hub.hslu.ch\\\/smart-up\\\/2015\\\/10\\\/01\\\/smart-up-portrait-stefan-flueck-und-peter-liem-flimatec-ag\\\/#primaryimage\"},\"thumbnailUrl\":\"https:\\\/\\\/hub.hslu.ch\\\/smart-up\\\/wp-content\\\/blogs.dir\\\/578\\\/files\\\/sites\\\/12\\\/2015\\\/09\\\/Bild_Liem_mit_Familie-300x225.jpg\",\"keywords\":[\"Einblick\",\"Gr\u00fcnder\",\"Portrait\",\"Start-up\"],\"articleSection\":[\"Smart-up Portraits\"],\"inLanguage\":\"de-CH\",\"potentialAction\":[{\"@type\":\"CommentAction\",\"name\":\"Comment\",\"target\":[\"https:\\\/\\\/hub.hslu.ch\\\/smart-up\\\/2015\\\/10\\\/01\\\/smart-up-portrait-stefan-flueck-und-peter-liem-flimatec-ag\\\/#respond\"]}]},{\"@type\":\"WebPage\",\"@id\":\"https:\\\/\\\/hub.hslu.ch\\\/smart-up\\\/2015\\\/10\\\/01\\\/smart-up-portrait-stefan-flueck-und-peter-liem-flimatec-ag\\\/\",\"url\":\"https:\\\/\\\/hub.hslu.ch\\\/smart-up\\\/2015\\\/10\\\/01\\\/smart-up-portrait-stefan-flueck-und-peter-liem-flimatec-ag\\\/\",\"name\":\"Smart-up Portrait: Stefan Fl\u00fcck und Peter Liem (Flimatec AG) - Smart-up\",\"isPartOf\":{\"@id\":\"https:\\\/\\\/hub.hslu.ch\\\/smart-up\\\/#website\"},\"primaryImageOfPage\":{\"@id\":\"https:\\\/\\\/hub.hslu.ch\\\/smart-up\\\/2015\\\/10\\\/01\\\/smart-up-portrait-stefan-flueck-und-peter-liem-flimatec-ag\\\/#primaryimage\"},\"image\":{\"@id\":\"https:\\\/\\\/hub.hslu.ch\\\/smart-up\\\/2015\\\/10\\\/01\\\/smart-up-portrait-stefan-flueck-und-peter-liem-flimatec-ag\\\/#primaryimage\"},\"thumbnailUrl\":\"https:\\\/\\\/hub.hslu.ch\\\/smart-up\\\/wp-content\\\/blogs.dir\\\/578\\\/files\\\/sites\\\/12\\\/2015\\\/09\\\/Bild_Liem_mit_Familie-300x225.jpg\",\"datePublished\":\"2015-10-01T08:49:24+00:00\",\"dateModified\":\"2016-03-22T12:12:25+00:00\",\"author\":{\"@id\":\"\"},\"description\":\"An dieser Stelle portr\u00e4tieren wir\u00a0Studierende,\u00a0Alumni\u00a0und Mitarbeitende der Hochschule Luzern, welche ihren Traum wahr gemacht und\u00a0ihr Start-up realisiert\",\"inLanguage\":\"de-CH\",\"potentialAction\":[{\"@type\":\"ReadAction\",\"target\":[\"https:\\\/\\\/hub.hslu.ch\\\/smart-up\\\/2015\\\/10\\\/01\\\/smart-up-portrait-stefan-flueck-und-peter-liem-flimatec-ag\\\/\"]}]},{\"@type\":\"ImageObject\",\"inLanguage\":\"de-CH\",\"@id\":\"https:\\\/\\\/hub.hslu.ch\\\/smart-up\\\/2015\\\/10\\\/01\\\/smart-up-portrait-stefan-flueck-und-peter-liem-flimatec-ag\\\/#primaryimage\",\"url\":\"https:\\\/\\\/hub.hslu.ch\\\/smart-up\\\/wp-content\\\/blogs.dir\\\/578\\\/files\\\/sites\\\/12\\\/2015\\\/09\\\/Bild_Liem_mit_Familie.jpg\",\"contentUrl\":\"https:\\\/\\\/hub.hslu.ch\\\/smart-up\\\/wp-content\\\/blogs.dir\\\/578\\\/files\\\/sites\\\/12\\\/2015\\\/09\\\/Bild_Liem_mit_Familie.jpg\",\"width\":4896,\"height\":3672},{\"@type\":\"WebSite\",\"@id\":\"https:\\\/\\\/hub.hslu.ch\\\/smart-up\\\/#website\",\"url\":\"https:\\\/\\\/hub.hslu.ch\\\/smart-up\\\/\",\"name\":\"Smart-up\",\"description\":\"Ideen erfolgreich umsetzen\",\"potentialAction\":[{\"@type\":\"SearchAction\",\"target\":{\"@type\":\"EntryPoint\",\"urlTemplate\":\"https:\\\/\\\/hub.hslu.ch\\\/smart-up\\\/?s={search_term_string}\"},\"query-input\":{\"@type\":\"PropertyValueSpecification\",\"valueRequired\":true,\"valueName\":\"search_term_string\"}}],\"inLanguage\":\"de-CH\"},{\"@type\":\"Person\",\"@id\":\"\"}]}<\/script>\n<!-- \/ Yoast SEO plugin. -->","yoast_head_json":{"title":"Smart-up Portrait: Stefan Fl\u00fcck und Peter Liem (Flimatec AG) - Smart-up","description":"An dieser Stelle portr\u00e4tieren wir\u00a0Studierende,\u00a0Alumni\u00a0und Mitarbeitende der Hochschule Luzern, welche ihren Traum wahr gemacht und\u00a0ihr Start-up realisiert","robots":{"index":"index","follow":"follow","max-snippet":"max-snippet:-1","max-image-preview":"max-image-preview:large","max-video-preview":"max-video-preview:-1"},"canonical":"https:\/\/hub.hslu.ch\/smart-up\/2015\/10\/01\/smart-up-portrait-stefan-flueck-und-peter-liem-flimatec-ag\/","og_locale":"de_DE","og_type":"article","og_title":"Smart-up Portrait: Stefan Fl\u00fcck und Peter Liem (Flimatec AG) - Smart-up","og_description":"An dieser Stelle portr\u00e4tieren wir\u00a0Studierende,\u00a0Alumni\u00a0und Mitarbeitende der Hochschule Luzern, welche ihren Traum wahr gemacht und\u00a0ihr Start-up realisiert","og_url":"https:\/\/hub.hslu.ch\/smart-up\/2015\/10\/01\/smart-up-portrait-stefan-flueck-und-peter-liem-flimatec-ag\/","og_site_name":"Smart-up","article_published_time":"2015-10-01T08:49:24+00:00","article_modified_time":"2016-03-22T12:12:25+00:00","og_image":[{"url":"https:\/\/hub.hslu.ch\/smart-up\/wp-content\/blogs.dir\/578\/files\/sites\/12\/2015\/09\/Bild_Liem_mit_Familie-300x225.jpg","type":"","width":"","height":""}],"twitter_card":"summary_large_image","twitter_misc":{"Geschrieben von":"","Gesch\u00e4tzte Lesezeit":"3\u00a0Minuten"},"schema":{"@context":"https:\/\/schema.org","@graph":[{"@type":"Article","@id":"https:\/\/hub.hslu.ch\/smart-up\/2015\/10\/01\/smart-up-portrait-stefan-flueck-und-peter-liem-flimatec-ag\/#article","isPartOf":{"@id":"https:\/\/hub.hslu.ch\/smart-up\/2015\/10\/01\/smart-up-portrait-stefan-flueck-und-peter-liem-flimatec-ag\/"},"author":{"name":"","@id":""},"headline":"Smart-up Portrait: Stefan Fl\u00fcck und Peter Liem (Flimatec AG)","datePublished":"2015-10-01T08:49:24+00:00","dateModified":"2016-03-22T12:12:25+00:00","mainEntityOfPage":{"@id":"https:\/\/hub.hslu.ch\/smart-up\/2015\/10\/01\/smart-up-portrait-stefan-flueck-und-peter-liem-flimatec-ag\/"},"wordCount":657,"commentCount":0,"image":{"@id":"https:\/\/hub.hslu.ch\/smart-up\/2015\/10\/01\/smart-up-portrait-stefan-flueck-und-peter-liem-flimatec-ag\/#primaryimage"},"thumbnailUrl":"https:\/\/hub.hslu.ch\/smart-up\/wp-content\/blogs.dir\/578\/files\/sites\/12\/2015\/09\/Bild_Liem_mit_Familie-300x225.jpg","keywords":["Einblick","Gr\u00fcnder","Portrait","Start-up"],"articleSection":["Smart-up Portraits"],"inLanguage":"de-CH","potentialAction":[{"@type":"CommentAction","name":"Comment","target":["https:\/\/hub.hslu.ch\/smart-up\/2015\/10\/01\/smart-up-portrait-stefan-flueck-und-peter-liem-flimatec-ag\/#respond"]}]},{"@type":"WebPage","@id":"https:\/\/hub.hslu.ch\/smart-up\/2015\/10\/01\/smart-up-portrait-stefan-flueck-und-peter-liem-flimatec-ag\/","url":"https:\/\/hub.hslu.ch\/smart-up\/2015\/10\/01\/smart-up-portrait-stefan-flueck-und-peter-liem-flimatec-ag\/","name":"Smart-up Portrait: Stefan Fl\u00fcck und Peter Liem (Flimatec AG) - Smart-up","isPartOf":{"@id":"https:\/\/hub.hslu.ch\/smart-up\/#website"},"primaryImageOfPage":{"@id":"https:\/\/hub.hslu.ch\/smart-up\/2015\/10\/01\/smart-up-portrait-stefan-flueck-und-peter-liem-flimatec-ag\/#primaryimage"},"image":{"@id":"https:\/\/hub.hslu.ch\/smart-up\/2015\/10\/01\/smart-up-portrait-stefan-flueck-und-peter-liem-flimatec-ag\/#primaryimage"},"thumbnailUrl":"https:\/\/hub.hslu.ch\/smart-up\/wp-content\/blogs.dir\/578\/files\/sites\/12\/2015\/09\/Bild_Liem_mit_Familie-300x225.jpg","datePublished":"2015-10-01T08:49:24+00:00","dateModified":"2016-03-22T12:12:25+00:00","author":{"@id":""},"description":"An dieser Stelle portr\u00e4tieren wir\u00a0Studierende,\u00a0Alumni\u00a0und Mitarbeitende der Hochschule Luzern, welche ihren Traum wahr gemacht und\u00a0ihr Start-up realisiert","inLanguage":"de-CH","potentialAction":[{"@type":"ReadAction","target":["https:\/\/hub.hslu.ch\/smart-up\/2015\/10\/01\/smart-up-portrait-stefan-flueck-und-peter-liem-flimatec-ag\/"]}]},{"@type":"ImageObject","inLanguage":"de-CH","@id":"https:\/\/hub.hslu.ch\/smart-up\/2015\/10\/01\/smart-up-portrait-stefan-flueck-und-peter-liem-flimatec-ag\/#primaryimage","url":"https:\/\/hub.hslu.ch\/smart-up\/wp-content\/blogs.dir\/578\/files\/sites\/12\/2015\/09\/Bild_Liem_mit_Familie.jpg","contentUrl":"https:\/\/hub.hslu.ch\/smart-up\/wp-content\/blogs.dir\/578\/files\/sites\/12\/2015\/09\/Bild_Liem_mit_Familie.jpg","width":4896,"height":3672},{"@type":"WebSite","@id":"https:\/\/hub.hslu.ch\/smart-up\/#website","url":"https:\/\/hub.hslu.ch\/smart-up\/","name":"Smart-up","description":"Ideen erfolgreich umsetzen","potentialAction":[{"@type":"SearchAction","target":{"@type":"EntryPoint","urlTemplate":"https:\/\/hub.hslu.ch\/smart-up\/?s={search_term_string}"},"query-input":{"@type":"PropertyValueSpecification","valueRequired":true,"valueName":"search_term_string"}}],"inLanguage":"de-CH"},{"@type":"Person","@id":""}]}},"featured_image_src":null,"featured_image_src_square":null,"author_info":{"display_name":"","author_link":"https:\/\/hub.hslu.ch\/smart-up\/author\/"},"_links":{"self":[{"href":"https:\/\/hub.hslu.ch\/smart-up\/wp-json\/wp\/v2\/posts\/2435","targetHints":{"allow":["GET"]}}],"collection":[{"href":"https:\/\/hub.hslu.ch\/smart-up\/wp-json\/wp\/v2\/posts"}],"about":[{"href":"https:\/\/hub.hslu.ch\/smart-up\/wp-json\/wp\/v2\/types\/post"}],"author":[{"embeddable":true,"href":"https:\/\/hub.hslu.ch\/smart-up\/wp-json\/wp\/v2\/users\/1845"}],"replies":[{"embeddable":true,"href":"https:\/\/hub.hslu.ch\/smart-up\/wp-json\/wp\/v2\/comments?post=2435"}],"version-history":[{"count":5,"href":"https:\/\/hub.hslu.ch\/smart-up\/wp-json\/wp\/v2\/posts\/2435\/revisions"}],"predecessor-version":[{"id":2959,"href":"https:\/\/hub.hslu.ch\/smart-up\/wp-json\/wp\/v2\/posts\/2435\/revisions\/2959"}],"wp:attachment":[{"href":"https:\/\/hub.hslu.ch\/smart-up\/wp-json\/wp\/v2\/media?parent=2435"}],"wp:term":[{"taxonomy":"category","embeddable":true,"href":"https:\/\/hub.hslu.ch\/smart-up\/wp-json\/wp\/v2\/categories?post=2435"},{"taxonomy":"post_tag","embeddable":true,"href":"https:\/\/hub.hslu.ch\/smart-up\/wp-json\/wp\/v2\/tags?post=2435"}],"curies":[{"name":"wp","href":"https:\/\/api.w.org\/{rel}","templated":true}]}}