{"id":3463,"date":"2016-11-10T12:54:59","date_gmt":"2016-11-10T11:54:59","guid":{"rendered":"https:\/\/hub.hslu.ch\/smart-up\/?p=3463"},"modified":"2016-11-10T12:54:59","modified_gmt":"2016-11-10T11:54:59","slug":"smart-up-traf-andre-luethi","status":"publish","type":"post","link":"https:\/\/hub.hslu.ch\/smart-up\/2016\/11\/10\/smart-up-traf-andre-luethi\/","title":{"rendered":"Smart-up traf&#8230; Andr\u00e9 L\u00fcthi!"},"content":{"rendered":"<p><strong>Gestern Abend war Andr\u00e9 L\u00fcthi, CEO der Globetrotter Group, bei Smart-up zu Gast und erm\u00f6glichte uns im von Sonja Hasler moderierten Gespr\u00e4ch\u00a0einen facettenreichen, spannenden Einblick in seinen Werdegang hin zum Vollblutunternehmer.<\/strong><\/p>\n<p><!--more-->Andr\u00e9 L\u00fcthi arbeitet nicht als Unternehmer\u00a0&#8211; nein, vielmehr <em>lebt<\/em> er das Dasein als CEO der Globetrotter Group und Verwaltungsratspr\u00e4sident der Globetrotter mit Herz und Seele &#8211; und das haben alle der \u00fcber 50 G\u00e4ste am gestrigen Smart-up Anlass &#171;Trefft mit uns&#8230;&#187; eindeutig gesp\u00fcrt.<\/p>\n<p>So war es denn auch sein Herzblut und die Leidenschaft f\u00fcr das Reisen, die seinen ungew\u00f6hnlichen Weg vom urspr\u00fcnglich erlernten Beruf als B\u00e4cker hin zu seinem <img loading=\"lazy\" decoding=\"async\" class=\"alignright size-medium wp-image-3465\" src=\"https:\/\/hub.hslu.ch\/smart-up\/wp-content\/blogs.dir\/578\/files\/sites\/12\/2016\/11\/IMG_9342_klein-300x200.jpg\" alt=\"img_9342_klein\" width=\"300\" height=\"200\" srcset=\"https:\/\/hub.hslu.ch\/smart-up\/wp-content\/blogs.dir\/578\/files\/sites\/12\/2016\/11\/IMG_9342_klein-300x200.jpg 300w, https:\/\/hub.hslu.ch\/smart-up\/wp-content\/blogs.dir\/578\/files\/sites\/12\/2016\/11\/IMG_9342_klein-768x512.jpg 768w, https:\/\/hub.hslu.ch\/smart-up\/wp-content\/blogs.dir\/578\/files\/sites\/12\/2016\/11\/IMG_9342_klein-1024x683.jpg 1024w\" sizes=\"auto, (max-width: 300px) 100vw, 300px\" \/>heutigen unternehmerischen Engagement bereiteten und ebneten. Als er nach Lehrabschluss auf einer ersten Asienreise sp\u00fcrte, dass er das Reisen und das damit einhergehende Lebensgef\u00fchl zu seinem Lebensinhalt machen wolle, war der Entscheid getroffen. Das &#8211; seiner Meinung nach f\u00fcr Jungunternehmende immer auch dazugeh\u00f6rende &#8211; notwendige Qu\u00e4ntchen Gl\u00fcck brachte ihn zur richtigen Zeit am richtigen Ort mit den richtigen Personen zusammen, so dass ihm der Einstieg als Reiseleiter gelang. Schritt f\u00fcr Schritt etablierte er sich und landete schliesslich bei Globetrotter, welchen er Ende der 80er Jahre umzustrukturieren begann. Er schaffte es, dem etwas verstaubten Reiseanbieter ein frisches Image zu geben und dessen Kernkompetenz &#8211; das Anbieten von Individualreisen &#8211; nicht zu verleugnen, sondern als seine St\u00e4rke hervorzuheben und damit neue Kundensegmente anzusprechen. Gleichzeitig legt er h\u00f6chsten Wert darauf,\u00a0den Geist und die Idee des Unternehmens sowie die Authentizit\u00e4t und Motivation der Mitarbeitenden zu wahren. Der heutige Erfolg des Unternehmens zeigt, dass ihm dies gelang.<\/p>\n<p><img loading=\"lazy\" decoding=\"async\" class=\"alignleft size-medium wp-image-3466\" src=\"https:\/\/hub.hslu.ch\/smart-up\/wp-content\/blogs.dir\/578\/files\/sites\/12\/2016\/11\/IMG_9348-300x295.jpg\" alt=\"img_9348\" width=\"300\" height=\"295\" srcset=\"https:\/\/hub.hslu.ch\/smart-up\/wp-content\/blogs.dir\/578\/files\/sites\/12\/2016\/11\/IMG_9348-300x295.jpg 300w, https:\/\/hub.hslu.ch\/smart-up\/wp-content\/blogs.dir\/578\/files\/sites\/12\/2016\/11\/IMG_9348-768x755.jpg 768w, https:\/\/hub.hslu.ch\/smart-up\/wp-content\/blogs.dir\/578\/files\/sites\/12\/2016\/11\/IMG_9348-1024x1007.jpg 1024w\" sizes=\"auto, (max-width: 300px) 100vw, 300px\" \/>Welche Aspekte sind es denn, die seinen unternehmerischen Werdegang so erfolgreich gemacht haben? Wovon hat er sich leiten lassen? Gem\u00e4ss Andr\u00e9 L\u00fcthi sind es nicht auf\u00a0mehrere Jahre hinaus erstellte Businesspl\u00e4ne, die Erfolg erm\u00f6glichen. Vielmehr sei es ein Mix aus &#171;gesundem Menschenverstand, Bauchgef\u00fchl und Mut&#187; &#8211; und damit auch der Mut, auf die Absicherung in Form von Pl\u00e4nen f\u00fcr jegliche m\u00f6gliche Szenarien zu verzichten. Auch Andr\u00e9 L\u00fcthi hat auf seinem Weg Tiefpunkte erlebt und Niederlagen einstecken m\u00fcssen. Er ist jedoch \u00fcberzeugt, dass man, wenn man etwas mit Leidenschaft tut und diese auch ausstrahlt, seine Ideen verfolgen soll. Auch wenn das Risiko des Scheiterns besteht: Ein Scheitern aus Leidenschaft ist immer etwas, woraus auch\u00a0ein Fundus an Erfahrungen und Learnings entsteht. Zentral ist ausserdem auf dem unternehmerischen Weg, die richtigen Menschen zu finden &#8211; Menschen, denen man vertraut und welche dieselben Ziele vor Augen haben. Dies sei ausserdem auch f\u00fcr die F\u00fchrung von Mitarbeitenden zentral. Sein Motto daf\u00fcr &#8211; ein Ratschlag, der ihm ein Lama in Tibet erteilt hat: &#171;In dir muss brennen, was du in anderen entz\u00fcnden willst&#187;.<\/p>\n<p>Dass das Reisefeuer noch immer in Andr\u00e9 L\u00fcthi brennt, daran zweifelte gestern Abend niemand. Wenn er von seinen Reisen in den Himalaja, nach Nordkorea, Kanada oder die Antarktis erz\u00e4hlt, merkt man, wie sehr\u00a0er aus dieser &#171;Lebensschule&#187; Reisen sch\u00f6pft und wie\u00a0es ihm gelingt, trotz seiner Position als CEO und VRP seinen Mitarbeitenden noch immer\u00a0Authentizit\u00e4t und Motivation vorzuleben. Wir danken Andr\u00e9 L\u00fcthi f\u00fcr diesen inspirierenden und motivierenden Einblick in seinen Werdegang als Unternehmer!<\/p>\n<p>Und dass das Team einer der Schl\u00fcsselfaktoren ist, das best\u00e4tigte auch Nicolas Hirschi, der im Vorfeld zum Gespr\u00e4ch mit Andr\u00e9 L\u00fcthi sein Start-up <a href=\"http:\/\/www.fidesso.com\" target=\"_blank\">Fidesso<\/a>, eine Immobilienverkaufsplattform, vorstellte. Das Team, welches sich\u00a0vor rund zwei Jahren am Startup Weekend Luzern kennen gelernt hatte, hat bereits viele Ups and Downs gemeinsam erlebt, ist nun aber erfolgreich unterwegs.\u00a0Als wichtigste Learnings aus ihrer bisherigen Start-up-Karriere nannte er neben dem Team die Wichtigkeit von regelm\u00e4ssigen Teammeetings &#8211; um die n\u00e4chsten Schritte festzulegen und sich \u00fcber die Ziele einig zu sein &#8211; sowie\u00a0v<img loading=\"lazy\" decoding=\"async\" class=\"alignright size-medium wp-image-3467\" src=\"https:\/\/hub.hslu.ch\/smart-up\/wp-content\/blogs.dir\/578\/files\/sites\/12\/2016\/11\/IMG_9343_klein-300x200.jpg\" alt=\"img_9343_klein\" width=\"300\" height=\"200\" srcset=\"https:\/\/hub.hslu.ch\/smart-up\/wp-content\/blogs.dir\/578\/files\/sites\/12\/2016\/11\/IMG_9343_klein-300x200.jpg 300w, https:\/\/hub.hslu.ch\/smart-up\/wp-content\/blogs.dir\/578\/files\/sites\/12\/2016\/11\/IMG_9343_klein-768x512.jpg 768w, https:\/\/hub.hslu.ch\/smart-up\/wp-content\/blogs.dir\/578\/files\/sites\/12\/2016\/11\/IMG_9343_klein-1024x683.jpg 1024w\" sizes=\"auto, (max-width: 300px) 100vw, 300px\" \/>on Markt- und vor allem Kundenanalysen. Wenn n\u00e4mlich ein Marketingbudget knapp ist, sei es umso wichtiger, den eigenen Kunden genau zu kennen, um ihn oder sie gezielt ansprechen zu k\u00f6nnen. Wir sind \u00fcberzeugt, dass Fidesso mit dieser Strategie auf dem richtigen Weg ist &#8211; und freuen uns, noch viel von ihnen zu h\u00f6ren!<\/p>\n<p>&nbsp;<\/p>\n","protected":false},"excerpt":{"rendered":"<p>Gestern Abend war Andr\u00e9 L\u00fcthi, CEO der Globetrotter Group, bei Smart-up zu Gast und erm\u00f6glichte uns im von Sonja Hasler moderierten Gespr\u00e4ch\u00a0einen facettenreichen, spannenden Einblick in seinen Werdegang hin zum Vollblutunternehmer.<\/p>\n","protected":false},"author":1844,"featured_media":3464,"comment_status":"closed","ping_status":"closed","sticky":false,"template":"","format":"standard","meta":{"_acf_changed":false,"inline_featured_image":false,"_relevanssi_hide_post":"","_relevanssi_hide_content":"","_relevanssi_pin_for_all":"","_relevanssi_pin_keywords":"","_relevanssi_unpin_keywords":"","_relevanssi_related_keywords":"","_relevanssi_related_include_ids":"","_relevanssi_related_exclude_ids":"","_relevanssi_related_no_append":"","_relevanssi_related_not_related":"","_relevanssi_related_posts":"","_relevanssi_noindex_reason":"","footnotes":"","_links_to":"","_links_to_target":""},"categories":[4683],"tags":[46924,46919,46813,46834],"class_list":["post-3463","post","type-post","status-publish","format-standard","has-post-thumbnail","hentry","category-event","tag-einblick","tag-event","tag-smart-up","tag-trefft-mit-uns"],"acf":[],"yoast_head":"<!-- This site is optimized with the Yoast SEO plugin v27.5 - https:\/\/yoast.com\/product\/yoast-seo-wordpress\/ -->\n<title>Smart-up traf... Andr\u00e9 L\u00fcthi! - Smart-up<\/title>\n<meta name=\"description\" content=\"Gestern Abend war Andr\u00e9 L\u00fcthi, CEO der Globetrotter Group, bei Smart-up zu Gast und erm\u00f6glichte uns im von Sonja Hasler moderierten Gespr\u00e4ch\u00a0einen\" \/>\n<meta name=\"robots\" content=\"index, follow, max-snippet:-1, max-image-preview:large, max-video-preview:-1\" \/>\n<link rel=\"canonical\" href=\"https:\/\/hub.hslu.ch\/smart-up\/2016\/11\/10\/smart-up-traf-andre-luethi\/\" \/>\n<meta property=\"og:locale\" content=\"de_DE\" \/>\n<meta property=\"og:type\" content=\"article\" \/>\n<meta property=\"og:title\" content=\"Smart-up traf... Andr\u00e9 L\u00fcthi! - Smart-up\" \/>\n<meta property=\"og:description\" content=\"Gestern Abend war Andr\u00e9 L\u00fcthi, CEO der Globetrotter Group, bei Smart-up zu Gast und erm\u00f6glichte uns im von Sonja Hasler moderierten Gespr\u00e4ch\u00a0einen\" \/>\n<meta property=\"og:url\" content=\"https:\/\/hub.hslu.ch\/smart-up\/2016\/11\/10\/smart-up-traf-andre-luethi\/\" \/>\n<meta property=\"og:site_name\" content=\"Smart-up\" \/>\n<meta property=\"article:published_time\" content=\"2016-11-10T11:54:59+00:00\" \/>\n<meta property=\"og:image\" content=\"https:\/\/hub.hslu.ch\/smart-up\/wp-content\/blogs.dir\/578\/files\/sites\/12\/2016\/11\/IMG_9346-845x1024.jpg\" \/>\n\t<meta property=\"og:image:width\" content=\"845\" \/>\n\t<meta property=\"og:image:height\" content=\"1024\" \/>\n\t<meta property=\"og:image:type\" content=\"image\/jpeg\" \/>\n<meta name=\"twitter:card\" content=\"summary_large_image\" \/>\n<meta name=\"twitter:label1\" content=\"Geschrieben von\" \/>\n\t<meta name=\"twitter:data1\" content=\"\" \/>\n\t<meta name=\"twitter:label2\" content=\"Gesch\u00e4tzte Lesezeit\" \/>\n\t<meta name=\"twitter:data2\" content=\"3\u00a0Minuten\" \/>\n<script type=\"application\/ld+json\" class=\"yoast-schema-graph\">{\"@context\":\"https:\\\/\\\/schema.org\",\"@graph\":[{\"@type\":\"Article\",\"@id\":\"https:\\\/\\\/hub.hslu.ch\\\/smart-up\\\/2016\\\/11\\\/10\\\/smart-up-traf-andre-luethi\\\/#article\",\"isPartOf\":{\"@id\":\"https:\\\/\\\/hub.hslu.ch\\\/smart-up\\\/2016\\\/11\\\/10\\\/smart-up-traf-andre-luethi\\\/\"},\"author\":{\"name\":\"\",\"@id\":\"\"},\"headline\":\"Smart-up traf&#8230; Andr\u00e9 L\u00fcthi!\",\"datePublished\":\"2016-11-10T11:54:59+00:00\",\"mainEntityOfPage\":{\"@id\":\"https:\\\/\\\/hub.hslu.ch\\\/smart-up\\\/2016\\\/11\\\/10\\\/smart-up-traf-andre-luethi\\\/\"},\"wordCount\":703,\"image\":{\"@id\":\"https:\\\/\\\/hub.hslu.ch\\\/smart-up\\\/2016\\\/11\\\/10\\\/smart-up-traf-andre-luethi\\\/#primaryimage\"},\"thumbnailUrl\":\"https:\\\/\\\/hub.hslu.ch\\\/smart-up\\\/wp-content\\\/blogs.dir\\\/578\\\/files\\\/sites\\\/12\\\/2016\\\/11\\\/IMG_9346.jpg\",\"keywords\":[\"Einblick\",\"Event\",\"Smart-up\",\"Trefft mit uns...\"],\"articleSection\":[\"Event\"],\"inLanguage\":\"de-CH\"},{\"@type\":\"WebPage\",\"@id\":\"https:\\\/\\\/hub.hslu.ch\\\/smart-up\\\/2016\\\/11\\\/10\\\/smart-up-traf-andre-luethi\\\/\",\"url\":\"https:\\\/\\\/hub.hslu.ch\\\/smart-up\\\/2016\\\/11\\\/10\\\/smart-up-traf-andre-luethi\\\/\",\"name\":\"Smart-up traf... Andr\u00e9 L\u00fcthi! - Smart-up\",\"isPartOf\":{\"@id\":\"https:\\\/\\\/hub.hslu.ch\\\/smart-up\\\/#website\"},\"primaryImageOfPage\":{\"@id\":\"https:\\\/\\\/hub.hslu.ch\\\/smart-up\\\/2016\\\/11\\\/10\\\/smart-up-traf-andre-luethi\\\/#primaryimage\"},\"image\":{\"@id\":\"https:\\\/\\\/hub.hslu.ch\\\/smart-up\\\/2016\\\/11\\\/10\\\/smart-up-traf-andre-luethi\\\/#primaryimage\"},\"thumbnailUrl\":\"https:\\\/\\\/hub.hslu.ch\\\/smart-up\\\/wp-content\\\/blogs.dir\\\/578\\\/files\\\/sites\\\/12\\\/2016\\\/11\\\/IMG_9346.jpg\",\"datePublished\":\"2016-11-10T11:54:59+00:00\",\"author\":{\"@id\":\"\"},\"description\":\"Gestern Abend war Andr\u00e9 L\u00fcthi, CEO der Globetrotter Group, bei Smart-up zu Gast und erm\u00f6glichte uns im von Sonja Hasler moderierten Gespr\u00e4ch\u00a0einen\",\"inLanguage\":\"de-CH\",\"potentialAction\":[{\"@type\":\"ReadAction\",\"target\":[\"https:\\\/\\\/hub.hslu.ch\\\/smart-up\\\/2016\\\/11\\\/10\\\/smart-up-traf-andre-luethi\\\/\"]}]},{\"@type\":\"ImageObject\",\"inLanguage\":\"de-CH\",\"@id\":\"https:\\\/\\\/hub.hslu.ch\\\/smart-up\\\/2016\\\/11\\\/10\\\/smart-up-traf-andre-luethi\\\/#primaryimage\",\"url\":\"https:\\\/\\\/hub.hslu.ch\\\/smart-up\\\/wp-content\\\/blogs.dir\\\/578\\\/files\\\/sites\\\/12\\\/2016\\\/11\\\/IMG_9346.jpg\",\"contentUrl\":\"https:\\\/\\\/hub.hslu.ch\\\/smart-up\\\/wp-content\\\/blogs.dir\\\/578\\\/files\\\/sites\\\/12\\\/2016\\\/11\\\/IMG_9346.jpg\",\"width\":2833,\"height\":3433},{\"@type\":\"WebSite\",\"@id\":\"https:\\\/\\\/hub.hslu.ch\\\/smart-up\\\/#website\",\"url\":\"https:\\\/\\\/hub.hslu.ch\\\/smart-up\\\/\",\"name\":\"Smart-up\",\"description\":\"Ideen erfolgreich umsetzen\",\"potentialAction\":[{\"@type\":\"SearchAction\",\"target\":{\"@type\":\"EntryPoint\",\"urlTemplate\":\"https:\\\/\\\/hub.hslu.ch\\\/smart-up\\\/?s={search_term_string}\"},\"query-input\":{\"@type\":\"PropertyValueSpecification\",\"valueRequired\":true,\"valueName\":\"search_term_string\"}}],\"inLanguage\":\"de-CH\"},{\"@type\":\"Person\",\"@id\":\"\"}]}<\/script>\n<!-- \/ Yoast SEO plugin. -->","yoast_head_json":{"title":"Smart-up traf... Andr\u00e9 L\u00fcthi! - Smart-up","description":"Gestern Abend war Andr\u00e9 L\u00fcthi, CEO der Globetrotter Group, bei Smart-up zu Gast und erm\u00f6glichte uns im von Sonja Hasler moderierten Gespr\u00e4ch\u00a0einen","robots":{"index":"index","follow":"follow","max-snippet":"max-snippet:-1","max-image-preview":"max-image-preview:large","max-video-preview":"max-video-preview:-1"},"canonical":"https:\/\/hub.hslu.ch\/smart-up\/2016\/11\/10\/smart-up-traf-andre-luethi\/","og_locale":"de_DE","og_type":"article","og_title":"Smart-up traf... Andr\u00e9 L\u00fcthi! - Smart-up","og_description":"Gestern Abend war Andr\u00e9 L\u00fcthi, CEO der Globetrotter Group, bei Smart-up zu Gast und erm\u00f6glichte uns im von Sonja Hasler moderierten Gespr\u00e4ch\u00a0einen","og_url":"https:\/\/hub.hslu.ch\/smart-up\/2016\/11\/10\/smart-up-traf-andre-luethi\/","og_site_name":"Smart-up","article_published_time":"2016-11-10T11:54:59+00:00","og_image":[{"width":845,"height":1024,"url":"https:\/\/hub.hslu.ch\/smart-up\/wp-content\/blogs.dir\/578\/files\/sites\/12\/2016\/11\/IMG_9346-845x1024.jpg","type":"image\/jpeg"}],"twitter_card":"summary_large_image","twitter_misc":{"Geschrieben von":"","Gesch\u00e4tzte Lesezeit":"3\u00a0Minuten"},"schema":{"@context":"https:\/\/schema.org","@graph":[{"@type":"Article","@id":"https:\/\/hub.hslu.ch\/smart-up\/2016\/11\/10\/smart-up-traf-andre-luethi\/#article","isPartOf":{"@id":"https:\/\/hub.hslu.ch\/smart-up\/2016\/11\/10\/smart-up-traf-andre-luethi\/"},"author":{"name":"","@id":""},"headline":"Smart-up traf&#8230; Andr\u00e9 L\u00fcthi!","datePublished":"2016-11-10T11:54:59+00:00","mainEntityOfPage":{"@id":"https:\/\/hub.hslu.ch\/smart-up\/2016\/11\/10\/smart-up-traf-andre-luethi\/"},"wordCount":703,"image":{"@id":"https:\/\/hub.hslu.ch\/smart-up\/2016\/11\/10\/smart-up-traf-andre-luethi\/#primaryimage"},"thumbnailUrl":"https:\/\/hub.hslu.ch\/smart-up\/wp-content\/blogs.dir\/578\/files\/sites\/12\/2016\/11\/IMG_9346.jpg","keywords":["Einblick","Event","Smart-up","Trefft mit uns..."],"articleSection":["Event"],"inLanguage":"de-CH"},{"@type":"WebPage","@id":"https:\/\/hub.hslu.ch\/smart-up\/2016\/11\/10\/smart-up-traf-andre-luethi\/","url":"https:\/\/hub.hslu.ch\/smart-up\/2016\/11\/10\/smart-up-traf-andre-luethi\/","name":"Smart-up traf... Andr\u00e9 L\u00fcthi! - Smart-up","isPartOf":{"@id":"https:\/\/hub.hslu.ch\/smart-up\/#website"},"primaryImageOfPage":{"@id":"https:\/\/hub.hslu.ch\/smart-up\/2016\/11\/10\/smart-up-traf-andre-luethi\/#primaryimage"},"image":{"@id":"https:\/\/hub.hslu.ch\/smart-up\/2016\/11\/10\/smart-up-traf-andre-luethi\/#primaryimage"},"thumbnailUrl":"https:\/\/hub.hslu.ch\/smart-up\/wp-content\/blogs.dir\/578\/files\/sites\/12\/2016\/11\/IMG_9346.jpg","datePublished":"2016-11-10T11:54:59+00:00","author":{"@id":""},"description":"Gestern Abend war Andr\u00e9 L\u00fcthi, CEO der Globetrotter Group, bei Smart-up zu Gast und erm\u00f6glichte uns im von Sonja Hasler moderierten Gespr\u00e4ch\u00a0einen","inLanguage":"de-CH","potentialAction":[{"@type":"ReadAction","target":["https:\/\/hub.hslu.ch\/smart-up\/2016\/11\/10\/smart-up-traf-andre-luethi\/"]}]},{"@type":"ImageObject","inLanguage":"de-CH","@id":"https:\/\/hub.hslu.ch\/smart-up\/2016\/11\/10\/smart-up-traf-andre-luethi\/#primaryimage","url":"https:\/\/hub.hslu.ch\/smart-up\/wp-content\/blogs.dir\/578\/files\/sites\/12\/2016\/11\/IMG_9346.jpg","contentUrl":"https:\/\/hub.hslu.ch\/smart-up\/wp-content\/blogs.dir\/578\/files\/sites\/12\/2016\/11\/IMG_9346.jpg","width":2833,"height":3433},{"@type":"WebSite","@id":"https:\/\/hub.hslu.ch\/smart-up\/#website","url":"https:\/\/hub.hslu.ch\/smart-up\/","name":"Smart-up","description":"Ideen erfolgreich umsetzen","potentialAction":[{"@type":"SearchAction","target":{"@type":"EntryPoint","urlTemplate":"https:\/\/hub.hslu.ch\/smart-up\/?s={search_term_string}"},"query-input":{"@type":"PropertyValueSpecification","valueRequired":true,"valueName":"search_term_string"}}],"inLanguage":"de-CH"},{"@type":"Person","@id":""}]}},"featured_image_src":"https:\/\/hub.hslu.ch\/smart-up\/wp-content\/blogs.dir\/578\/files\/sites\/12\/2016\/11\/IMG_9346.jpg","featured_image_src_square":"https:\/\/hub.hslu.ch\/smart-up\/wp-content\/blogs.dir\/578\/files\/sites\/12\/2016\/11\/IMG_9346.jpg","author_info":{"display_name":"","author_link":"https:\/\/hub.hslu.ch\/smart-up\/author\/"},"_links":{"self":[{"href":"https:\/\/hub.hslu.ch\/smart-up\/wp-json\/wp\/v2\/posts\/3463","targetHints":{"allow":["GET"]}}],"collection":[{"href":"https:\/\/hub.hslu.ch\/smart-up\/wp-json\/wp\/v2\/posts"}],"about":[{"href":"https:\/\/hub.hslu.ch\/smart-up\/wp-json\/wp\/v2\/types\/post"}],"author":[{"embeddable":true,"href":"https:\/\/hub.hslu.ch\/smart-up\/wp-json\/wp\/v2\/users\/1844"}],"replies":[{"embeddable":true,"href":"https:\/\/hub.hslu.ch\/smart-up\/wp-json\/wp\/v2\/comments?post=3463"}],"version-history":[{"count":4,"href":"https:\/\/hub.hslu.ch\/smart-up\/wp-json\/wp\/v2\/posts\/3463\/revisions"}],"predecessor-version":[{"id":3471,"href":"https:\/\/hub.hslu.ch\/smart-up\/wp-json\/wp\/v2\/posts\/3463\/revisions\/3471"}],"wp:featuredmedia":[{"embeddable":true,"href":"https:\/\/hub.hslu.ch\/smart-up\/wp-json\/wp\/v2\/media\/3464"}],"wp:attachment":[{"href":"https:\/\/hub.hslu.ch\/smart-up\/wp-json\/wp\/v2\/media?parent=3463"}],"wp:term":[{"taxonomy":"category","embeddable":true,"href":"https:\/\/hub.hslu.ch\/smart-up\/wp-json\/wp\/v2\/categories?post=3463"},{"taxonomy":"post_tag","embeddable":true,"href":"https:\/\/hub.hslu.ch\/smart-up\/wp-json\/wp\/v2\/tags?post=3463"}],"curies":[{"name":"wp","href":"https:\/\/api.w.org\/{rel}","templated":true}]}}