{"id":5477,"date":"2019-05-24T14:42:09","date_gmt":"2019-05-24T12:42:09","guid":{"rendered":"https:\/\/hub.hslu.ch\/smart-up\/?p=5477"},"modified":"2019-05-24T14:42:09","modified_gmt":"2019-05-24T12:42:09","slug":"smart-upsamediothek-soziale-arbeit-heisst-kreativ-luecken-schliessen","status":"publish","type":"post","link":"https:\/\/hub.hslu.ch\/smart-up\/2019\/05\/24\/smart-upsamediothek-soziale-arbeit-heisst-kreativ-luecken-schliessen\/","title":{"rendered":"Smart-upSA@mediothek: Soziale Arbeit heisst kreativ L\u00fccken schliessen"},"content":{"rendered":"<p><a href=\"https:\/\/hub.hslu.ch\/smart-up\/wp-content\/blogs.dir\/578\/files\/sites\/12\/2019\/03\/grafik_blog.png\"><img loading=\"lazy\" decoding=\"async\" class=\"alignnone size-medium wp-image-5262\" src=\"https:\/\/hub.hslu.ch\/smart-up\/wp-content\/blogs.dir\/578\/files\/sites\/12\/2019\/03\/grafik_blog-300x193.png\" alt=\"\" width=\"300\" height=\"193\" srcset=\"https:\/\/hub.hslu.ch\/smart-up\/wp-content\/blogs.dir\/578\/files\/sites\/12\/2019\/03\/grafik_blog-300x193.png 300w, https:\/\/hub.hslu.ch\/smart-up\/wp-content\/blogs.dir\/578\/files\/sites\/12\/2019\/03\/grafik_blog-768x494.png 768w, https:\/\/hub.hslu.ch\/smart-up\/wp-content\/blogs.dir\/578\/files\/sites\/12\/2019\/03\/grafik_blog.png 1000w\" sizes=\"auto, (max-width: 300px) 100vw, 300px\" \/><\/a>Ein spannender und gleichzeitig gem\u00fctlicher Abend in der Mediothek mit viel Wohlf\u00fchl-Atmosph\u00e4re brachte Studentinnen und Mitarbeiterinnen neue Ideen und viel Energie. Einige kamen mit konkreten Projekt-Ideen, die nahe vor der Umsetzung in die Praxis stehen, andere mit Visionen und wieder andere, um sich inspirieren zu lassen und mitzudenken.<\/p>\n<p>Soziale Arbeit bedeutet Bedarf und Bed\u00fcrfnisse der Klient_innen zu erkennen und kreativ L\u00fccken zu schliessen. \u00abSmart-Up bietet uns die M\u00f6glichkeit, unsere Ideen zu verwirklichen, unabh\u00e4ngig von Schule und einer Organisation\u00bb, sagt Ilenia Theurillat. Das geht am besten im Austausch und das geht noch besser mit dem tollen Essen der IG Arbeit. F\u00fcr alle Fragen war Claudio Harder, ein erfahrener Gr\u00fcnder und Gesch\u00e4ftsf\u00fchrer im Sozialbereich, zur Stelle und gab wertvolle Tipps. \u00abDie kurzen und logisch nachvollziehbaren Theorieeinsch\u00fcbe helfen mir, nun Ideen und Vision einzuordnen\u00bb, stellt Julia Niederberger fest.<\/p>\n<p>Hast du Lust, selber kreativ weiterzudenken? Fehlt ein Angebot in der Praxis und du hast eine Idee dazu? M\u00f6chtest du dich mit anderen Menschen austauschen und Expertise abholen? Dann komm an den n\u00e4chsten Smart-upSA@mediothek Abend im Herbst oder melde dich bei &#115;&#x69;l&#x76;&#x69;&#97;&#x2e;d&#x6f;&#x6d;&#101;&#x6e;i&#x63;&#x6f;&#110;&#x69;p&#x66;&#x69;&#115;&#x74;e&#x72;&#x40;&#104;&#x73;l&#x75;&#x2e;&#99;&#x68; oder sa&#98;&#105;&#110;&#97;&#x2e;&#x6d;&#x6f;&#x6f;&#x72;&#64;h&#115;&#108;&#117;&#46;&#x63;&#x68;.<\/p>\n","protected":false},"excerpt":{"rendered":"<p>Ein spannender und gleichzeitig gem\u00fctlicher Abend in der Mediothek mit viel Wohlf\u00fchl-Atmosph\u00e4re brachte Studentinnen und Mitarbeiterinnen neue Ideen und viel Energie. Einige kamen mit konkreten Projekt-Ideen, die nahe vor der Umsetzung in die Praxis stehen, andere mit Visionen und wieder andere, um sich inspirieren zu lassen und mitzudenken. Soziale Arbeit bedeutet Bedarf und Bed\u00fcrfnisse der<\/p>\n","protected":false},"author":5542,"featured_media":0,"comment_status":"closed","ping_status":"closed","sticky":false,"template":"","format":"standard","meta":{"_acf_changed":false,"inline_featured_image":false,"_relevanssi_hide_post":"","_relevanssi_hide_content":"","_relevanssi_pin_for_all":"","_relevanssi_pin_keywords":"","_relevanssi_unpin_keywords":"","_relevanssi_related_keywords":"","_relevanssi_related_include_ids":"","_relevanssi_related_exclude_ids":"","_relevanssi_related_no_append":"","_relevanssi_related_not_related":"","_relevanssi_related_posts":"","_relevanssi_noindex_reason":"","footnotes":"","_links_to":"","_links_to_target":""},"categories":[252,10237,4683,46846,626647,210487,11574],"tags":[11581,46799,46919,46827,3582,261,46914,46826,46813,626646,119,46834,46802],"class_list":["post-5477","post","type-post","status-publish","format-standard","hentry","category-allgemein","category-ausbildung","category-event","category-smart-up-angebote","category-smart-upsamediothek","category-social-entrepreneurship","category-studierendenarbeiten","tag-bachelor","tag-business-idea","tag-event","tag-geschaeftsidee","tag-hochschule-luzern","tag-ideen","tag-innovation","tag-jungunternehmer","tag-smart-up","tag-smart-upsamediothek","tag-soziale-arbeit","tag-trefft-mit-uns","tag-zentralschweiz"],"acf":[],"yoast_head":"<!-- This site is optimized with the Yoast SEO plugin v27.5 - https:\/\/yoast.com\/product\/yoast-seo-wordpress\/ -->\n<title>Smart-upSA@mediothek: Soziale Arbeit heisst kreativ L\u00fccken schliessen - Smart-up<\/title>\n<meta name=\"description\" content=\"Ein spannender und gleichzeitig gem\u00fctlicher Abend in der Mediothek mit viel Wohlf\u00fchl-Atmosph\u00e4re brachte Studentinnen und Mitarbeiterinnen neue Ideen und\" \/>\n<meta name=\"robots\" content=\"index, follow, max-snippet:-1, max-image-preview:large, max-video-preview:-1\" \/>\n<link rel=\"canonical\" href=\"https:\/\/hub.hslu.ch\/smart-up\/2019\/05\/24\/smart-upsamediothek-soziale-arbeit-heisst-kreativ-luecken-schliessen\/\" \/>\n<meta property=\"og:locale\" content=\"de_DE\" \/>\n<meta property=\"og:type\" content=\"article\" \/>\n<meta property=\"og:title\" content=\"Smart-upSA@mediothek: Soziale Arbeit heisst kreativ L\u00fccken schliessen - Smart-up\" \/>\n<meta property=\"og:description\" content=\"Ein spannender und gleichzeitig gem\u00fctlicher Abend in der Mediothek mit viel Wohlf\u00fchl-Atmosph\u00e4re brachte Studentinnen und Mitarbeiterinnen neue Ideen und\" \/>\n<meta property=\"og:url\" content=\"https:\/\/hub.hslu.ch\/smart-up\/2019\/05\/24\/smart-upsamediothek-soziale-arbeit-heisst-kreativ-luecken-schliessen\/\" \/>\n<meta property=\"og:site_name\" content=\"Smart-up\" \/>\n<meta property=\"article:published_time\" content=\"2019-05-24T12:42:09+00:00\" \/>\n<meta property=\"og:image\" content=\"https:\/\/hub.hslu.ch\/smart-up\/wp-content\/blogs.dir\/578\/files\/sites\/12\/2019\/03\/grafik_blog-300x193.png\" \/>\n<meta name=\"twitter:card\" content=\"summary_large_image\" \/>\n<meta name=\"twitter:label1\" content=\"Geschrieben von\" \/>\n\t<meta name=\"twitter:data1\" content=\"\" \/>\n\t<meta name=\"twitter:label2\" content=\"Gesch\u00e4tzte Lesezeit\" \/>\n\t<meta name=\"twitter:data2\" content=\"1\u00a0Minute\" \/>\n<script type=\"application\/ld+json\" class=\"yoast-schema-graph\">{\"@context\":\"https:\\\/\\\/schema.org\",\"@graph\":[{\"@type\":\"Article\",\"@id\":\"https:\\\/\\\/hub.hslu.ch\\\/smart-up\\\/2019\\\/05\\\/24\\\/smart-upsamediothek-soziale-arbeit-heisst-kreativ-luecken-schliessen\\\/#article\",\"isPartOf\":{\"@id\":\"https:\\\/\\\/hub.hslu.ch\\\/smart-up\\\/2019\\\/05\\\/24\\\/smart-upsamediothek-soziale-arbeit-heisst-kreativ-luecken-schliessen\\\/\"},\"author\":{\"name\":\"\",\"@id\":\"\"},\"headline\":\"Smart-upSA@mediothek: Soziale Arbeit heisst kreativ L\u00fccken schliessen\",\"datePublished\":\"2019-05-24T12:42:09+00:00\",\"mainEntityOfPage\":{\"@id\":\"https:\\\/\\\/hub.hslu.ch\\\/smart-up\\\/2019\\\/05\\\/24\\\/smart-upsamediothek-soziale-arbeit-heisst-kreativ-luecken-schliessen\\\/\"},\"wordCount\":210,\"image\":{\"@id\":\"https:\\\/\\\/hub.hslu.ch\\\/smart-up\\\/2019\\\/05\\\/24\\\/smart-upsamediothek-soziale-arbeit-heisst-kreativ-luecken-schliessen\\\/#primaryimage\"},\"thumbnailUrl\":\"https:\\\/\\\/hub.hslu.ch\\\/smart-up\\\/wp-content\\\/blogs.dir\\\/578\\\/files\\\/sites\\\/12\\\/2019\\\/03\\\/grafik_blog-300x193.png\",\"keywords\":[\"Bachelor\",\"Business idea\",\"Event\",\"Gesch\u00e4ftsidee\",\"Hochschule Luzern\",\"Ideen\",\"Innovation\",\"Jungunternehmer\",\"Smart-up\",\"Smart-upSA@mediothek\",\"Soziale Arbeit\",\"Trefft mit uns...\",\"Zentralschweiz\"],\"articleSection\":{\"1\":\"Ausbildung\",\"2\":\"Event\",\"3\":\"Smart-up-Angebote\",\"4\":\"Smart-upSA@mediothek\",\"5\":\"Social Entrepreneurship\",\"6\":\"Studierendenarbeiten\"},\"inLanguage\":\"de-CH\"},{\"@type\":\"WebPage\",\"@id\":\"https:\\\/\\\/hub.hslu.ch\\\/smart-up\\\/2019\\\/05\\\/24\\\/smart-upsamediothek-soziale-arbeit-heisst-kreativ-luecken-schliessen\\\/\",\"url\":\"https:\\\/\\\/hub.hslu.ch\\\/smart-up\\\/2019\\\/05\\\/24\\\/smart-upsamediothek-soziale-arbeit-heisst-kreativ-luecken-schliessen\\\/\",\"name\":\"Smart-upSA@mediothek: Soziale Arbeit heisst kreativ L\u00fccken schliessen - Smart-up\",\"isPartOf\":{\"@id\":\"https:\\\/\\\/hub.hslu.ch\\\/smart-up\\\/#website\"},\"primaryImageOfPage\":{\"@id\":\"https:\\\/\\\/hub.hslu.ch\\\/smart-up\\\/2019\\\/05\\\/24\\\/smart-upsamediothek-soziale-arbeit-heisst-kreativ-luecken-schliessen\\\/#primaryimage\"},\"image\":{\"@id\":\"https:\\\/\\\/hub.hslu.ch\\\/smart-up\\\/2019\\\/05\\\/24\\\/smart-upsamediothek-soziale-arbeit-heisst-kreativ-luecken-schliessen\\\/#primaryimage\"},\"thumbnailUrl\":\"https:\\\/\\\/hub.hslu.ch\\\/smart-up\\\/wp-content\\\/blogs.dir\\\/578\\\/files\\\/sites\\\/12\\\/2019\\\/03\\\/grafik_blog-300x193.png\",\"datePublished\":\"2019-05-24T12:42:09+00:00\",\"author\":{\"@id\":\"\"},\"description\":\"Ein spannender und gleichzeitig gem\u00fctlicher Abend in der Mediothek mit viel Wohlf\u00fchl-Atmosph\u00e4re brachte Studentinnen und Mitarbeiterinnen neue Ideen und\",\"inLanguage\":\"de-CH\",\"potentialAction\":[{\"@type\":\"ReadAction\",\"target\":[\"https:\\\/\\\/hub.hslu.ch\\\/smart-up\\\/2019\\\/05\\\/24\\\/smart-upsamediothek-soziale-arbeit-heisst-kreativ-luecken-schliessen\\\/\"]}]},{\"@type\":\"ImageObject\",\"inLanguage\":\"de-CH\",\"@id\":\"https:\\\/\\\/hub.hslu.ch\\\/smart-up\\\/2019\\\/05\\\/24\\\/smart-upsamediothek-soziale-arbeit-heisst-kreativ-luecken-schliessen\\\/#primaryimage\",\"url\":\"https:\\\/\\\/hub.hslu.ch\\\/smart-up\\\/wp-content\\\/blogs.dir\\\/578\\\/files\\\/sites\\\/12\\\/2019\\\/03\\\/grafik_blog.png\",\"contentUrl\":\"https:\\\/\\\/hub.hslu.ch\\\/smart-up\\\/wp-content\\\/blogs.dir\\\/578\\\/files\\\/sites\\\/12\\\/2019\\\/03\\\/grafik_blog.png\",\"width\":1000,\"height\":643},{\"@type\":\"WebSite\",\"@id\":\"https:\\\/\\\/hub.hslu.ch\\\/smart-up\\\/#website\",\"url\":\"https:\\\/\\\/hub.hslu.ch\\\/smart-up\\\/\",\"name\":\"Smart-up\",\"description\":\"Ideen erfolgreich umsetzen\",\"potentialAction\":[{\"@type\":\"SearchAction\",\"target\":{\"@type\":\"EntryPoint\",\"urlTemplate\":\"https:\\\/\\\/hub.hslu.ch\\\/smart-up\\\/?s={search_term_string}\"},\"query-input\":{\"@type\":\"PropertyValueSpecification\",\"valueRequired\":true,\"valueName\":\"search_term_string\"}}],\"inLanguage\":\"de-CH\"},{\"@type\":\"Person\",\"@id\":\"\"}]}<\/script>\n<!-- \/ Yoast SEO plugin. -->","yoast_head_json":{"title":"Smart-upSA@mediothek: Soziale Arbeit heisst kreativ L\u00fccken schliessen - Smart-up","description":"Ein spannender und gleichzeitig gem\u00fctlicher Abend in der Mediothek mit viel Wohlf\u00fchl-Atmosph\u00e4re brachte Studentinnen und Mitarbeiterinnen neue Ideen und","robots":{"index":"index","follow":"follow","max-snippet":"max-snippet:-1","max-image-preview":"max-image-preview:large","max-video-preview":"max-video-preview:-1"},"canonical":"https:\/\/hub.hslu.ch\/smart-up\/2019\/05\/24\/smart-upsamediothek-soziale-arbeit-heisst-kreativ-luecken-schliessen\/","og_locale":"de_DE","og_type":"article","og_title":"Smart-upSA@mediothek: Soziale Arbeit heisst kreativ L\u00fccken schliessen - Smart-up","og_description":"Ein spannender und gleichzeitig gem\u00fctlicher Abend in der Mediothek mit viel Wohlf\u00fchl-Atmosph\u00e4re brachte Studentinnen und Mitarbeiterinnen neue Ideen und","og_url":"https:\/\/hub.hslu.ch\/smart-up\/2019\/05\/24\/smart-upsamediothek-soziale-arbeit-heisst-kreativ-luecken-schliessen\/","og_site_name":"Smart-up","article_published_time":"2019-05-24T12:42:09+00:00","og_image":[{"url":"https:\/\/hub.hslu.ch\/smart-up\/wp-content\/blogs.dir\/578\/files\/sites\/12\/2019\/03\/grafik_blog-300x193.png","type":"","width":"","height":""}],"twitter_card":"summary_large_image","twitter_misc":{"Geschrieben von":"","Gesch\u00e4tzte Lesezeit":"1\u00a0Minute"},"schema":{"@context":"https:\/\/schema.org","@graph":[{"@type":"Article","@id":"https:\/\/hub.hslu.ch\/smart-up\/2019\/05\/24\/smart-upsamediothek-soziale-arbeit-heisst-kreativ-luecken-schliessen\/#article","isPartOf":{"@id":"https:\/\/hub.hslu.ch\/smart-up\/2019\/05\/24\/smart-upsamediothek-soziale-arbeit-heisst-kreativ-luecken-schliessen\/"},"author":{"name":"","@id":""},"headline":"Smart-upSA@mediothek: Soziale Arbeit heisst kreativ L\u00fccken schliessen","datePublished":"2019-05-24T12:42:09+00:00","mainEntityOfPage":{"@id":"https:\/\/hub.hslu.ch\/smart-up\/2019\/05\/24\/smart-upsamediothek-soziale-arbeit-heisst-kreativ-luecken-schliessen\/"},"wordCount":210,"image":{"@id":"https:\/\/hub.hslu.ch\/smart-up\/2019\/05\/24\/smart-upsamediothek-soziale-arbeit-heisst-kreativ-luecken-schliessen\/#primaryimage"},"thumbnailUrl":"https:\/\/hub.hslu.ch\/smart-up\/wp-content\/blogs.dir\/578\/files\/sites\/12\/2019\/03\/grafik_blog-300x193.png","keywords":["Bachelor","Business idea","Event","Gesch\u00e4ftsidee","Hochschule Luzern","Ideen","Innovation","Jungunternehmer","Smart-up","Smart-upSA@mediothek","Soziale Arbeit","Trefft mit uns...","Zentralschweiz"],"articleSection":{"1":"Ausbildung","2":"Event","3":"Smart-up-Angebote","4":"Smart-upSA@mediothek","5":"Social Entrepreneurship","6":"Studierendenarbeiten"},"inLanguage":"de-CH"},{"@type":"WebPage","@id":"https:\/\/hub.hslu.ch\/smart-up\/2019\/05\/24\/smart-upsamediothek-soziale-arbeit-heisst-kreativ-luecken-schliessen\/","url":"https:\/\/hub.hslu.ch\/smart-up\/2019\/05\/24\/smart-upsamediothek-soziale-arbeit-heisst-kreativ-luecken-schliessen\/","name":"Smart-upSA@mediothek: Soziale Arbeit heisst kreativ L\u00fccken schliessen - Smart-up","isPartOf":{"@id":"https:\/\/hub.hslu.ch\/smart-up\/#website"},"primaryImageOfPage":{"@id":"https:\/\/hub.hslu.ch\/smart-up\/2019\/05\/24\/smart-upsamediothek-soziale-arbeit-heisst-kreativ-luecken-schliessen\/#primaryimage"},"image":{"@id":"https:\/\/hub.hslu.ch\/smart-up\/2019\/05\/24\/smart-upsamediothek-soziale-arbeit-heisst-kreativ-luecken-schliessen\/#primaryimage"},"thumbnailUrl":"https:\/\/hub.hslu.ch\/smart-up\/wp-content\/blogs.dir\/578\/files\/sites\/12\/2019\/03\/grafik_blog-300x193.png","datePublished":"2019-05-24T12:42:09+00:00","author":{"@id":""},"description":"Ein spannender und gleichzeitig gem\u00fctlicher Abend in der Mediothek mit viel Wohlf\u00fchl-Atmosph\u00e4re brachte Studentinnen und Mitarbeiterinnen neue Ideen und","inLanguage":"de-CH","potentialAction":[{"@type":"ReadAction","target":["https:\/\/hub.hslu.ch\/smart-up\/2019\/05\/24\/smart-upsamediothek-soziale-arbeit-heisst-kreativ-luecken-schliessen\/"]}]},{"@type":"ImageObject","inLanguage":"de-CH","@id":"https:\/\/hub.hslu.ch\/smart-up\/2019\/05\/24\/smart-upsamediothek-soziale-arbeit-heisst-kreativ-luecken-schliessen\/#primaryimage","url":"https:\/\/hub.hslu.ch\/smart-up\/wp-content\/blogs.dir\/578\/files\/sites\/12\/2019\/03\/grafik_blog.png","contentUrl":"https:\/\/hub.hslu.ch\/smart-up\/wp-content\/blogs.dir\/578\/files\/sites\/12\/2019\/03\/grafik_blog.png","width":1000,"height":643},{"@type":"WebSite","@id":"https:\/\/hub.hslu.ch\/smart-up\/#website","url":"https:\/\/hub.hslu.ch\/smart-up\/","name":"Smart-up","description":"Ideen erfolgreich umsetzen","potentialAction":[{"@type":"SearchAction","target":{"@type":"EntryPoint","urlTemplate":"https:\/\/hub.hslu.ch\/smart-up\/?s={search_term_string}"},"query-input":{"@type":"PropertyValueSpecification","valueRequired":true,"valueName":"search_term_string"}}],"inLanguage":"de-CH"},{"@type":"Person","@id":""}]}},"featured_image_src":null,"featured_image_src_square":null,"author_info":{"display_name":"","author_link":"https:\/\/hub.hslu.ch\/smart-up\/author\/"},"_links":{"self":[{"href":"https:\/\/hub.hslu.ch\/smart-up\/wp-json\/wp\/v2\/posts\/5477","targetHints":{"allow":["GET"]}}],"collection":[{"href":"https:\/\/hub.hslu.ch\/smart-up\/wp-json\/wp\/v2\/posts"}],"about":[{"href":"https:\/\/hub.hslu.ch\/smart-up\/wp-json\/wp\/v2\/types\/post"}],"author":[{"embeddable":true,"href":"https:\/\/hub.hslu.ch\/smart-up\/wp-json\/wp\/v2\/users\/5542"}],"replies":[{"embeddable":true,"href":"https:\/\/hub.hslu.ch\/smart-up\/wp-json\/wp\/v2\/comments?post=5477"}],"version-history":[{"count":3,"href":"https:\/\/hub.hslu.ch\/smart-up\/wp-json\/wp\/v2\/posts\/5477\/revisions"}],"predecessor-version":[{"id":5480,"href":"https:\/\/hub.hslu.ch\/smart-up\/wp-json\/wp\/v2\/posts\/5477\/revisions\/5480"}],"wp:attachment":[{"href":"https:\/\/hub.hslu.ch\/smart-up\/wp-json\/wp\/v2\/media?parent=5477"}],"wp:term":[{"taxonomy":"category","embeddable":true,"href":"https:\/\/hub.hslu.ch\/smart-up\/wp-json\/wp\/v2\/categories?post=5477"},{"taxonomy":"post_tag","embeddable":true,"href":"https:\/\/hub.hslu.ch\/smart-up\/wp-json\/wp\/v2\/tags?post=5477"}],"curies":[{"name":"wp","href":"https:\/\/api.w.org\/{rel}","templated":true}]}}