{"id":6283,"date":"2020-03-09T07:45:01","date_gmt":"2020-03-09T06:45:01","guid":{"rendered":"https:\/\/hub.hslu.ch\/smart-up\/?p=6283"},"modified":"2020-08-22T15:04:01","modified_gmt":"2020-08-22T13:04:01","slug":"tag-des-gruendens-und-zuger-jungunternehmerpreis-am-7-april-2020","status":"publish","type":"post","link":"https:\/\/hub.hslu.ch\/smart-up\/2020\/03\/09\/tag-des-gruendens-und-zuger-jungunternehmerpreis-am-7-april-2020\/","title":{"rendered":"Tag des Gr\u00fcndens und Zuger Jungunternehmerpreis am 7. April 2020"},"content":{"rendered":"\n<p>Du willst dich selbst\u00e4ndig machen, bist dir aber \u00fcber das Wie, Wo und Was noch unsicher? Dann bist du am Tag des Gr\u00fcndens am 7. April 2020 genau an der richtigen Adresse!<\/p>\n\n\n\n<p>Ideentr\u00e4ger\/innen, mit der Absicht in naher Zukunft eine eigene Firma zu gr\u00fcnden, lernen an einem Tag, was es zur Vorbereitung, zur Gr\u00fcndung und zum erfolgreichen Firmenstart braucht, und das von ausgewiesenen Expertinnen und Startup-Gr\u00fcndern.<\/p>\n\n\n\n<p>Der Tag des Gr\u00fcndens bietet das kompakteste Programm, mit lehrreichen Inputs zu den relevantesten Themen von hochkar\u00e4tigen Referentinnen und Referenten. Mache dich bereit f\u00fcr den Schritt in die Selbst\u00e4ndigkeit, statte dich mit dem n\u00f6tigen Know-how aus und kn\u00fcpfe an diesem Tag wertvolle neue Kontakte. Veranstaltet wird der Tag des Gr\u00fcnden vom Kanton Zug, dem\u00a0<a href=\"https:\/\/www.technologieforumzug.ch\/index.php?lang=de\" target=\"_blank\" rel=\"noreferrer noopener\">Technologie Forum Zug tfz<\/a>,\u00a0<a href=\"http:\/\/www.zentralschweiz-innovativ.ch\/\" target=\"_blank\" rel=\"noreferrer noopener\">zentralschweiz innovativ<\/a>\u00a0und dem\u00a0<a href=\"https:\/\/www.ifj.ch\/\" target=\"_blank\" rel=\"noreferrer noopener\">Institut f\u00fcr Jungunternehmen IFJ<\/a>.<\/p>\n\n\n\n<p>Der Anlass findet am&nbsp;<strong>7. April 2020&nbsp;<\/strong>von 08.30-17.00 Uhr im&nbsp;<strong>Gemeindesaal Steinhausen&nbsp;<\/strong>(Bahnhofstrasse 5, Steinhausen) statt und ist&nbsp;<strong>kostenlos<\/strong>. Anmelden kannst du dich&nbsp;<a href=\"https:\/\/www.ifj.ch\/index.cfm?page=129080&amp;event_id=6824\">hier<\/a>.<\/p>\n\n\n\n<p>Im Anschluss an den Tag des Gr\u00fcndens wird um 17.30 Uhr ebenfalls im Gemeindesaal Steinhausen im Dreiklangzentrum der renommierte\u00a0<strong>Zuger Jungunternehmerpreis 2020\u00a0<\/strong>verliehen. Auch zu diesem Event kannst du dich kostenlos anmelden (und zwar\u00a0<a href=\"https:\/\/www.zugerjup.ch\/index.php\" target=\"_blank\" rel=\"noreferrer noopener\">hier<\/a>).<\/p>\n\n\n\n<figure class=\"wp-block-image size-large\"><img loading=\"lazy\" decoding=\"async\" width=\"1024\" height=\"682\" src=\"https:\/\/hub.hslu.ch\/smart-up\/wp-content\/blogs.dir\/578\/files\/sites\/12\/2020\/03\/image170-1024x682.jpg\" alt=\"\" class=\"wp-image-6285\" srcset=\"https:\/\/hub.hslu.ch\/smart-up\/wp-content\/blogs.dir\/578\/files\/sites\/12\/2020\/03\/image170-1024x682.jpg 1024w, https:\/\/hub.hslu.ch\/smart-up\/wp-content\/blogs.dir\/578\/files\/sites\/12\/2020\/03\/image170-300x200.jpg 300w, https:\/\/hub.hslu.ch\/smart-up\/wp-content\/blogs.dir\/578\/files\/sites\/12\/2020\/03\/image170-768x512.jpg 768w, https:\/\/hub.hslu.ch\/smart-up\/wp-content\/blogs.dir\/578\/files\/sites\/12\/2020\/03\/image170-1536x1023.jpg 1536w, https:\/\/hub.hslu.ch\/smart-up\/wp-content\/blogs.dir\/578\/files\/sites\/12\/2020\/03\/image170.jpg 1969w\" sizes=\"auto, (max-width: 1024px) 100vw, 1024px\" \/><figcaption>Die Preistr\u00e4ger des Zuger Jungunternehmerpreises 2019 (Fotos: FOTOlight mueller &amp; mueller, abrufbar unter https:\/\/www.zugerjup.ch\/index.php\/impressionen-2019)<\/figcaption><\/figure>\n\n\n\n<p><a href=\"https:\/\/i1.wp.com\/blog.hslu.ch\/smart-up\/files\/2020\/03\/image170.jpg?ssl=1\"><\/a><\/p>\n\n\n\n<p id=\"caption-attachment-6285\">Die Preistr\u00e4ger des Zuger Jungunternehmerpreises 2019 (Fotos: FOTOlight mueller &amp; mueller, abrufbar unter https:\/\/www.zugerjup.ch\/index.php\/impressionen-2019)<\/p>\n","protected":false},"excerpt":{"rendered":"<p>Du willst dich selbst&auml;ndig machen, bist dir aber &uuml;ber das Wie, Wo und Was noch unsicher? Dann bist du am Tag des Gr&uuml;ndens am 7. April 2020 genau an der richtigen Adresse! Ideentr&auml;ger\/innen, mit der Absicht in naher Zukunft eine eigene Firma zu gr&uuml;nden, lernen an einem Tag, was es zur Vorbereitung, zur Gr&uuml;ndung und [&#8230;]<\/p>\n","protected":false},"author":5187,"featured_media":6285,"comment_status":"closed","ping_status":"closed","sticky":false,"template":"","format":"standard","meta":{"_acf_changed":false,"inline_featured_image":false,"_relevanssi_hide_post":"","_relevanssi_hide_content":"","_relevanssi_pin_for_all":"","_relevanssi_pin_keywords":"","_relevanssi_unpin_keywords":"","_relevanssi_related_keywords":"","_relevanssi_related_include_ids":"","_relevanssi_related_exclude_ids":"","_relevanssi_related_no_append":"","_relevanssi_related_not_related":"","_relevanssi_related_posts":"","_relevanssi_noindex_reason":"","footnotes":"","_links_to":"","_links_to_target":""},"categories":[4683,46905],"tags":[],"class_list":["post-6283","post","type-post","status-publish","format-standard","has-post-thumbnail","hentry","category-event","category-weiterbildung"],"acf":[],"yoast_head":"<!-- This site is optimized with the Yoast SEO plugin v27.5 - https:\/\/yoast.com\/product\/yoast-seo-wordpress\/ -->\n<title>Tag des Gr\u00fcndens und Zuger Jungunternehmerpreis am 7. April 2020 - Smart-up<\/title>\n<meta name=\"description\" content=\"Du willst dich selbst&auml;ndig machen, bist dir aber &uuml;ber das Wie, Wo und Was noch unsicher? Dann bist du am Tag des Gr&uuml;ndens am 7. April 2020 genau an der richtigen Adresse! Ideentr&auml;ger\/innen, mit der Absicht in naher Zukunft eine eigene Firma zu gr&uuml;nden, lernen an einem Tag, was es zur Vorbereitung, zur Gr&uuml;ndung und\" \/>\n<meta name=\"robots\" content=\"index, follow, max-snippet:-1, max-image-preview:large, max-video-preview:-1\" \/>\n<link rel=\"canonical\" href=\"https:\/\/hub.hslu.ch\/smart-up\/2020\/03\/09\/tag-des-gruendens-und-zuger-jungunternehmerpreis-am-7-april-2020\/\" \/>\n<meta property=\"og:locale\" content=\"de_DE\" \/>\n<meta property=\"og:type\" content=\"article\" \/>\n<meta property=\"og:title\" content=\"Tag des Gr\u00fcndens und Zuger Jungunternehmerpreis am 7. April 2020 - Smart-up\" \/>\n<meta property=\"og:description\" content=\"Du willst dich selbst&auml;ndig machen, bist dir aber &uuml;ber das Wie, Wo und Was noch unsicher? Dann bist du am Tag des Gr&uuml;ndens am 7. April 2020 genau an der richtigen Adresse! Ideentr&auml;ger\/innen, mit der Absicht in naher Zukunft eine eigene Firma zu gr&uuml;nden, lernen an einem Tag, was es zur Vorbereitung, zur Gr&uuml;ndung und\" \/>\n<meta property=\"og:url\" content=\"https:\/\/hub.hslu.ch\/smart-up\/2020\/03\/09\/tag-des-gruendens-und-zuger-jungunternehmerpreis-am-7-april-2020\/\" \/>\n<meta property=\"og:site_name\" content=\"Smart-up\" \/>\n<meta property=\"article:published_time\" content=\"2020-03-09T06:45:01+00:00\" \/>\n<meta property=\"article:modified_time\" content=\"2020-08-22T13:04:01+00:00\" \/>\n<meta property=\"og:image\" content=\"https:\/\/hub.hslu.ch\/smart-up\/wp-content\/blogs.dir\/578\/files\/sites\/12\/2020\/03\/image170.jpg\" \/>\n\t<meta property=\"og:image:width\" content=\"1969\" \/>\n\t<meta property=\"og:image:height\" content=\"1312\" \/>\n\t<meta property=\"og:image:type\" content=\"image\/jpeg\" \/>\n<meta name=\"twitter:card\" content=\"summary_large_image\" \/>\n<meta name=\"twitter:label1\" content=\"Geschrieben von\" \/>\n\t<meta name=\"twitter:data1\" content=\"\" \/>\n\t<meta name=\"twitter:label2\" content=\"Gesch\u00e4tzte Lesezeit\" \/>\n\t<meta name=\"twitter:data2\" content=\"1\u00a0Minute\" \/>\n<script type=\"application\/ld+json\" class=\"yoast-schema-graph\">{\"@context\":\"https:\\\/\\\/schema.org\",\"@graph\":[{\"@type\":\"Article\",\"@id\":\"https:\\\/\\\/hub.hslu.ch\\\/smart-up\\\/2020\\\/03\\\/09\\\/tag-des-gruendens-und-zuger-jungunternehmerpreis-am-7-april-2020\\\/#article\",\"isPartOf\":{\"@id\":\"https:\\\/\\\/hub.hslu.ch\\\/smart-up\\\/2020\\\/03\\\/09\\\/tag-des-gruendens-und-zuger-jungunternehmerpreis-am-7-april-2020\\\/\"},\"author\":{\"name\":\"\",\"@id\":\"\"},\"headline\":\"Tag des Gr\u00fcndens und Zuger Jungunternehmerpreis am 7. April 2020\",\"datePublished\":\"2020-03-09T06:45:01+00:00\",\"dateModified\":\"2020-08-22T13:04:01+00:00\",\"mainEntityOfPage\":{\"@id\":\"https:\\\/\\\/hub.hslu.ch\\\/smart-up\\\/2020\\\/03\\\/09\\\/tag-des-gruendens-und-zuger-jungunternehmerpreis-am-7-april-2020\\\/\"},\"wordCount\":256,\"image\":{\"@id\":\"https:\\\/\\\/hub.hslu.ch\\\/smart-up\\\/2020\\\/03\\\/09\\\/tag-des-gruendens-und-zuger-jungunternehmerpreis-am-7-april-2020\\\/#primaryimage\"},\"thumbnailUrl\":\"https:\\\/\\\/hub.hslu.ch\\\/smart-up\\\/wp-content\\\/blogs.dir\\\/578\\\/files\\\/sites\\\/12\\\/2020\\\/03\\\/image170.jpg\",\"articleSection\":[\"Event\",\"Weiterbildung\"],\"inLanguage\":\"de-CH\"},{\"@type\":\"WebPage\",\"@id\":\"https:\\\/\\\/hub.hslu.ch\\\/smart-up\\\/2020\\\/03\\\/09\\\/tag-des-gruendens-und-zuger-jungunternehmerpreis-am-7-april-2020\\\/\",\"url\":\"https:\\\/\\\/hub.hslu.ch\\\/smart-up\\\/2020\\\/03\\\/09\\\/tag-des-gruendens-und-zuger-jungunternehmerpreis-am-7-april-2020\\\/\",\"name\":\"Tag des Gr\u00fcndens und Zuger Jungunternehmerpreis am 7. April 2020 - Smart-up\",\"isPartOf\":{\"@id\":\"https:\\\/\\\/hub.hslu.ch\\\/smart-up\\\/#website\"},\"primaryImageOfPage\":{\"@id\":\"https:\\\/\\\/hub.hslu.ch\\\/smart-up\\\/2020\\\/03\\\/09\\\/tag-des-gruendens-und-zuger-jungunternehmerpreis-am-7-april-2020\\\/#primaryimage\"},\"image\":{\"@id\":\"https:\\\/\\\/hub.hslu.ch\\\/smart-up\\\/2020\\\/03\\\/09\\\/tag-des-gruendens-und-zuger-jungunternehmerpreis-am-7-april-2020\\\/#primaryimage\"},\"thumbnailUrl\":\"https:\\\/\\\/hub.hslu.ch\\\/smart-up\\\/wp-content\\\/blogs.dir\\\/578\\\/files\\\/sites\\\/12\\\/2020\\\/03\\\/image170.jpg\",\"datePublished\":\"2020-03-09T06:45:01+00:00\",\"dateModified\":\"2020-08-22T13:04:01+00:00\",\"author\":{\"@id\":\"\"},\"description\":\"Du willst dich selbst&auml;ndig machen, bist dir aber &uuml;ber das Wie, Wo und Was noch unsicher? Dann bist du am Tag des Gr&uuml;ndens am 7. April 2020 genau an der richtigen Adresse! Ideentr&auml;ger\\\/innen, mit der Absicht in naher Zukunft eine eigene Firma zu gr&uuml;nden, lernen an einem Tag, was es zur Vorbereitung, zur Gr&uuml;ndung und\",\"inLanguage\":\"de-CH\",\"potentialAction\":[{\"@type\":\"ReadAction\",\"target\":[\"https:\\\/\\\/hub.hslu.ch\\\/smart-up\\\/2020\\\/03\\\/09\\\/tag-des-gruendens-und-zuger-jungunternehmerpreis-am-7-april-2020\\\/\"]}]},{\"@type\":\"ImageObject\",\"inLanguage\":\"de-CH\",\"@id\":\"https:\\\/\\\/hub.hslu.ch\\\/smart-up\\\/2020\\\/03\\\/09\\\/tag-des-gruendens-und-zuger-jungunternehmerpreis-am-7-april-2020\\\/#primaryimage\",\"url\":\"https:\\\/\\\/hub.hslu.ch\\\/smart-up\\\/wp-content\\\/blogs.dir\\\/578\\\/files\\\/sites\\\/12\\\/2020\\\/03\\\/image170.jpg\",\"contentUrl\":\"https:\\\/\\\/hub.hslu.ch\\\/smart-up\\\/wp-content\\\/blogs.dir\\\/578\\\/files\\\/sites\\\/12\\\/2020\\\/03\\\/image170.jpg\",\"width\":1969,\"height\":1312,\"caption\":\"Die Preistr\u00e4ger des Zuger Jungunternehmerpreises 2019 (Fotos: FOTOlight mueller &amp; mueller, abrufbar unter https:\\\/\\\/www.zugerjup.ch\\\/index.php\\\/impressionen-2019)\"},{\"@type\":\"WebSite\",\"@id\":\"https:\\\/\\\/hub.hslu.ch\\\/smart-up\\\/#website\",\"url\":\"https:\\\/\\\/hub.hslu.ch\\\/smart-up\\\/\",\"name\":\"Smart-up\",\"description\":\"Ideen erfolgreich umsetzen\",\"potentialAction\":[{\"@type\":\"SearchAction\",\"target\":{\"@type\":\"EntryPoint\",\"urlTemplate\":\"https:\\\/\\\/hub.hslu.ch\\\/smart-up\\\/?s={search_term_string}\"},\"query-input\":{\"@type\":\"PropertyValueSpecification\",\"valueRequired\":true,\"valueName\":\"search_term_string\"}}],\"inLanguage\":\"de-CH\"},{\"@type\":\"Person\",\"@id\":\"\"}]}<\/script>\n<!-- \/ Yoast SEO plugin. -->","yoast_head_json":{"title":"Tag des Gr\u00fcndens und Zuger Jungunternehmerpreis am 7. April 2020 - Smart-up","description":"Du willst dich selbst&auml;ndig machen, bist dir aber &uuml;ber das Wie, Wo und Was noch unsicher? Dann bist du am Tag des Gr&uuml;ndens am 7. April 2020 genau an der richtigen Adresse! Ideentr&auml;ger\/innen, mit der Absicht in naher Zukunft eine eigene Firma zu gr&uuml;nden, lernen an einem Tag, was es zur Vorbereitung, zur Gr&uuml;ndung und","robots":{"index":"index","follow":"follow","max-snippet":"max-snippet:-1","max-image-preview":"max-image-preview:large","max-video-preview":"max-video-preview:-1"},"canonical":"https:\/\/hub.hslu.ch\/smart-up\/2020\/03\/09\/tag-des-gruendens-und-zuger-jungunternehmerpreis-am-7-april-2020\/","og_locale":"de_DE","og_type":"article","og_title":"Tag des Gr\u00fcndens und Zuger Jungunternehmerpreis am 7. April 2020 - Smart-up","og_description":"Du willst dich selbst&auml;ndig machen, bist dir aber &uuml;ber das Wie, Wo und Was noch unsicher? Dann bist du am Tag des Gr&uuml;ndens am 7. April 2020 genau an der richtigen Adresse! Ideentr&auml;ger\/innen, mit der Absicht in naher Zukunft eine eigene Firma zu gr&uuml;nden, lernen an einem Tag, was es zur Vorbereitung, zur Gr&uuml;ndung und","og_url":"https:\/\/hub.hslu.ch\/smart-up\/2020\/03\/09\/tag-des-gruendens-und-zuger-jungunternehmerpreis-am-7-april-2020\/","og_site_name":"Smart-up","article_published_time":"2020-03-09T06:45:01+00:00","article_modified_time":"2020-08-22T13:04:01+00:00","og_image":[{"width":1969,"height":1312,"url":"https:\/\/hub.hslu.ch\/smart-up\/wp-content\/blogs.dir\/578\/files\/sites\/12\/2020\/03\/image170.jpg","type":"image\/jpeg"}],"twitter_card":"summary_large_image","twitter_misc":{"Geschrieben von":"","Gesch\u00e4tzte Lesezeit":"1\u00a0Minute"},"schema":{"@context":"https:\/\/schema.org","@graph":[{"@type":"Article","@id":"https:\/\/hub.hslu.ch\/smart-up\/2020\/03\/09\/tag-des-gruendens-und-zuger-jungunternehmerpreis-am-7-april-2020\/#article","isPartOf":{"@id":"https:\/\/hub.hslu.ch\/smart-up\/2020\/03\/09\/tag-des-gruendens-und-zuger-jungunternehmerpreis-am-7-april-2020\/"},"author":{"name":"","@id":""},"headline":"Tag des Gr\u00fcndens und Zuger Jungunternehmerpreis am 7. April 2020","datePublished":"2020-03-09T06:45:01+00:00","dateModified":"2020-08-22T13:04:01+00:00","mainEntityOfPage":{"@id":"https:\/\/hub.hslu.ch\/smart-up\/2020\/03\/09\/tag-des-gruendens-und-zuger-jungunternehmerpreis-am-7-april-2020\/"},"wordCount":256,"image":{"@id":"https:\/\/hub.hslu.ch\/smart-up\/2020\/03\/09\/tag-des-gruendens-und-zuger-jungunternehmerpreis-am-7-april-2020\/#primaryimage"},"thumbnailUrl":"https:\/\/hub.hslu.ch\/smart-up\/wp-content\/blogs.dir\/578\/files\/sites\/12\/2020\/03\/image170.jpg","articleSection":["Event","Weiterbildung"],"inLanguage":"de-CH"},{"@type":"WebPage","@id":"https:\/\/hub.hslu.ch\/smart-up\/2020\/03\/09\/tag-des-gruendens-und-zuger-jungunternehmerpreis-am-7-april-2020\/","url":"https:\/\/hub.hslu.ch\/smart-up\/2020\/03\/09\/tag-des-gruendens-und-zuger-jungunternehmerpreis-am-7-april-2020\/","name":"Tag des Gr\u00fcndens und Zuger Jungunternehmerpreis am 7. April 2020 - Smart-up","isPartOf":{"@id":"https:\/\/hub.hslu.ch\/smart-up\/#website"},"primaryImageOfPage":{"@id":"https:\/\/hub.hslu.ch\/smart-up\/2020\/03\/09\/tag-des-gruendens-und-zuger-jungunternehmerpreis-am-7-april-2020\/#primaryimage"},"image":{"@id":"https:\/\/hub.hslu.ch\/smart-up\/2020\/03\/09\/tag-des-gruendens-und-zuger-jungunternehmerpreis-am-7-april-2020\/#primaryimage"},"thumbnailUrl":"https:\/\/hub.hslu.ch\/smart-up\/wp-content\/blogs.dir\/578\/files\/sites\/12\/2020\/03\/image170.jpg","datePublished":"2020-03-09T06:45:01+00:00","dateModified":"2020-08-22T13:04:01+00:00","author":{"@id":""},"description":"Du willst dich selbst&auml;ndig machen, bist dir aber &uuml;ber das Wie, Wo und Was noch unsicher? Dann bist du am Tag des Gr&uuml;ndens am 7. April 2020 genau an der richtigen Adresse! Ideentr&auml;ger\/innen, mit der Absicht in naher Zukunft eine eigene Firma zu gr&uuml;nden, lernen an einem Tag, was es zur Vorbereitung, zur Gr&uuml;ndung und","inLanguage":"de-CH","potentialAction":[{"@type":"ReadAction","target":["https:\/\/hub.hslu.ch\/smart-up\/2020\/03\/09\/tag-des-gruendens-und-zuger-jungunternehmerpreis-am-7-april-2020\/"]}]},{"@type":"ImageObject","inLanguage":"de-CH","@id":"https:\/\/hub.hslu.ch\/smart-up\/2020\/03\/09\/tag-des-gruendens-und-zuger-jungunternehmerpreis-am-7-april-2020\/#primaryimage","url":"https:\/\/hub.hslu.ch\/smart-up\/wp-content\/blogs.dir\/578\/files\/sites\/12\/2020\/03\/image170.jpg","contentUrl":"https:\/\/hub.hslu.ch\/smart-up\/wp-content\/blogs.dir\/578\/files\/sites\/12\/2020\/03\/image170.jpg","width":1969,"height":1312,"caption":"Die Preistr\u00e4ger des Zuger Jungunternehmerpreises 2019 (Fotos: FOTOlight mueller &amp; mueller, abrufbar unter https:\/\/www.zugerjup.ch\/index.php\/impressionen-2019)"},{"@type":"WebSite","@id":"https:\/\/hub.hslu.ch\/smart-up\/#website","url":"https:\/\/hub.hslu.ch\/smart-up\/","name":"Smart-up","description":"Ideen erfolgreich umsetzen","potentialAction":[{"@type":"SearchAction","target":{"@type":"EntryPoint","urlTemplate":"https:\/\/hub.hslu.ch\/smart-up\/?s={search_term_string}"},"query-input":{"@type":"PropertyValueSpecification","valueRequired":true,"valueName":"search_term_string"}}],"inLanguage":"de-CH"},{"@type":"Person","@id":""}]}},"featured_image_src":"https:\/\/hub.hslu.ch\/smart-up\/wp-content\/blogs.dir\/578\/files\/sites\/12\/2020\/03\/image170.jpg","featured_image_src_square":"https:\/\/hub.hslu.ch\/smart-up\/wp-content\/blogs.dir\/578\/files\/sites\/12\/2020\/03\/image170.jpg","author_info":{"display_name":"","author_link":"https:\/\/hub.hslu.ch\/smart-up\/author\/"},"_links":{"self":[{"href":"https:\/\/hub.hslu.ch\/smart-up\/wp-json\/wp\/v2\/posts\/6283","targetHints":{"allow":["GET"]}}],"collection":[{"href":"https:\/\/hub.hslu.ch\/smart-up\/wp-json\/wp\/v2\/posts"}],"about":[{"href":"https:\/\/hub.hslu.ch\/smart-up\/wp-json\/wp\/v2\/types\/post"}],"author":[{"embeddable":true,"href":"https:\/\/hub.hslu.ch\/smart-up\/wp-json\/wp\/v2\/users\/5187"}],"replies":[{"embeddable":true,"href":"https:\/\/hub.hslu.ch\/smart-up\/wp-json\/wp\/v2\/comments?post=6283"}],"version-history":[{"count":5,"href":"https:\/\/hub.hslu.ch\/smart-up\/wp-json\/wp\/v2\/posts\/6283\/revisions"}],"predecessor-version":[{"id":6863,"href":"https:\/\/hub.hslu.ch\/smart-up\/wp-json\/wp\/v2\/posts\/6283\/revisions\/6863"}],"wp:featuredmedia":[{"embeddable":true,"href":"https:\/\/hub.hslu.ch\/smart-up\/wp-json\/wp\/v2\/media\/6285"}],"wp:attachment":[{"href":"https:\/\/hub.hslu.ch\/smart-up\/wp-json\/wp\/v2\/media?parent=6283"}],"wp:term":[{"taxonomy":"category","embeddable":true,"href":"https:\/\/hub.hslu.ch\/smart-up\/wp-json\/wp\/v2\/categories?post=6283"},{"taxonomy":"post_tag","embeddable":true,"href":"https:\/\/hub.hslu.ch\/smart-up\/wp-json\/wp\/v2\/tags?post=6283"}],"curies":[{"name":"wp","href":"https:\/\/api.w.org\/{rel}","templated":true}]}}