{"id":6483,"date":"2020-05-13T09:50:09","date_gmt":"2020-05-13T07:50:09","guid":{"rendered":"https:\/\/hub.hslu.ch\/smart-up\/?p=6483"},"modified":"2026-02-11T14:53:36","modified_gmt":"2026-02-11T13:53:36","slug":"trefft-mit-uns-fairtiq-jetzt-auf-youtube","status":"publish","type":"post","link":"https:\/\/hub.hslu.ch\/smart-up\/2020\/05\/13\/trefft-mit-uns-fairtiq-jetzt-auf-youtube\/","title":{"rendered":"Trefft mit uns&#8230; FAIRTIQ &#8211; jetzt auf youtube!"},"content":{"rendered":"\n\n\n<figure class=\"wp-block-embed-youtube wp-block-embed is-type-video is-provider-youtube wp-embed-aspect-16-9 wp-has-aspect-ratio\"><div class=\"wp-block-embed__wrapper\">\n<iframe loading=\"lazy\" title=\"Smart-up - Trefft mit uns...\" width=\"640\" height=\"360\" src=\"https:\/\/www.youtube.com\/embed\/uVrEKufPb-M?feature=oembed\" frameborder=\"0\" allow=\"accelerometer; autoplay; clipboard-write; encrypted-media; gyroscope; picture-in-picture; web-share\" referrerpolicy=\"strict-origin-when-cross-origin\" allowfullscreen><\/iframe>\n<\/div><\/figure>\n\n\n\n<p>Inhalt:<\/p>\n\n\n\n<p>00:01 &#8211; Begr\u00fcssung Prof. Dr. Ren\u00e9 Zeier, Co-Leiter Smart-up<br>01:42 &#8211; Intro Smart-up Start-up: Stephan Gr\u00fcter, Co-Founder thingdust AG<br>14:07 &#8211; Gespr\u00e4ch mit Gian-Mattia Schucan, Gr\u00fcnder und CEO FAIRTIQ (Moderation Sonja Hasler, SRF)<br>57:10 &#8211; Schlusswort Ren\u00e9 Zeier, Smart-up<\/p>\n","protected":false},"excerpt":{"rendered":"<p>Vergangene Woche haben wir unser Trefft mit uns&#8230; zum ersten mal online via zoom durchgef\u00fchrt. Die Moderatorin Sonja Hasler hat in gewohnt sympathischer Weise unserem Gespr\u00e4chspartner auf den Zahn gef\u00fchlt. Gian-Mattia Schucan, Gr\u00fcnder und CEO von Fairtiq hat uns so einen Einblick gegeben in sein Start-up und wie er die Corona-Krise meistert<\/p>\n","protected":false},"author":1845,"featured_media":6464,"comment_status":"closed","ping_status":"closed","sticky":false,"template":"","format":"standard","meta":{"_acf_changed":false,"inline_featured_image":false,"_relevanssi_hide_post":"","_relevanssi_hide_content":"","_relevanssi_pin_for_all":"","_relevanssi_pin_keywords":"","_relevanssi_unpin_keywords":"","_relevanssi_related_keywords":"","_relevanssi_related_include_ids":"","_relevanssi_related_exclude_ids":"","_relevanssi_related_no_append":"","_relevanssi_related_not_related":"","_relevanssi_related_posts":"","_relevanssi_noindex_reason":"","footnotes":"","_links_to":"","_links_to_target":""},"categories":[252,4683],"tags":[626689,46879,102,110867,46806,46834],"class_list":["post-6483","post","type-post","status-publish","format-standard","has-post-thumbnail","hentry","category-allgemein","category-event","tag-fairtiq","tag-gruender","tag-inspiration","tag-mobilitaet","tag-start-up","tag-trefft-mit-uns"],"acf":[],"yoast_head":"<!-- This site is optimized with the Yoast SEO plugin v27.5 - https:\/\/yoast.com\/product\/yoast-seo-wordpress\/ -->\n<title>Trefft mit uns... FAIRTIQ - jetzt auf youtube! - Smart-up<\/title>\n<meta name=\"description\" content=\"Vergangene Woche haben wir unser Trefft mit uns... zum ersten mal online via zoom durchgef\u00fchrt. Die Moderatorin Sonja Hasler hat in gewohnt sympathischer Weise unserem Gespr\u00e4chspartner auf den Zahn gef\u00fchlt. Gian-Mattia Schucan, Gr\u00fcnder und CEO von Fairtiq hat uns so einen Einblick gegeben in sein Start-up und wie er die Corona-Krise meistert\" \/>\n<meta name=\"robots\" content=\"index, follow, max-snippet:-1, max-image-preview:large, max-video-preview:-1\" \/>\n<link rel=\"canonical\" href=\"https:\/\/hub.hslu.ch\/smart-up\/2020\/05\/13\/trefft-mit-uns-fairtiq-jetzt-auf-youtube\/\" \/>\n<meta property=\"og:locale\" content=\"de_DE\" \/>\n<meta property=\"og:type\" content=\"article\" \/>\n<meta property=\"og:title\" content=\"Trefft mit uns... FAIRTIQ - jetzt auf youtube! - Smart-up\" \/>\n<meta property=\"og:description\" content=\"Vergangene Woche haben wir unser Trefft mit uns... zum ersten mal online via zoom durchgef\u00fchrt. Die Moderatorin Sonja Hasler hat in gewohnt sympathischer Weise unserem Gespr\u00e4chspartner auf den Zahn gef\u00fchlt. Gian-Mattia Schucan, Gr\u00fcnder und CEO von Fairtiq hat uns so einen Einblick gegeben in sein Start-up und wie er die Corona-Krise meistert\" \/>\n<meta property=\"og:url\" content=\"https:\/\/hub.hslu.ch\/smart-up\/2020\/05\/13\/trefft-mit-uns-fairtiq-jetzt-auf-youtube\/\" \/>\n<meta property=\"og:site_name\" content=\"Smart-up\" \/>\n<meta property=\"article:published_time\" content=\"2020-05-13T07:50:09+00:00\" \/>\n<meta property=\"article:modified_time\" content=\"2026-02-11T13:53:36+00:00\" \/>\n<meta property=\"og:image\" content=\"https:\/\/hub.hslu.ch\/smart-up\/wp-content\/blogs.dir\/578\/files\/sites\/12\/2020\/05\/GM_Schucan_Event.jpg\" \/>\n\t<meta property=\"og:image:width\" content=\"1200\" \/>\n\t<meta property=\"og:image:height\" content=\"606\" \/>\n\t<meta property=\"og:image:type\" content=\"image\/jpeg\" \/>\n<meta name=\"twitter:card\" content=\"summary_large_image\" \/>\n<meta name=\"twitter:label1\" content=\"Geschrieben von\" \/>\n\t<meta name=\"twitter:data1\" content=\"\" \/>\n<script type=\"application\/ld+json\" class=\"yoast-schema-graph\">{\"@context\":\"https:\\\/\\\/schema.org\",\"@graph\":[{\"@type\":\"Article\",\"@id\":\"https:\\\/\\\/hub.hslu.ch\\\/smart-up\\\/2020\\\/05\\\/13\\\/trefft-mit-uns-fairtiq-jetzt-auf-youtube\\\/#article\",\"isPartOf\":{\"@id\":\"https:\\\/\\\/hub.hslu.ch\\\/smart-up\\\/2020\\\/05\\\/13\\\/trefft-mit-uns-fairtiq-jetzt-auf-youtube\\\/\"},\"author\":{\"name\":\"\",\"@id\":\"\"},\"headline\":\"Trefft mit uns&#8230; FAIRTIQ &#8211; jetzt auf youtube!\",\"datePublished\":\"2020-05-13T07:50:09+00:00\",\"dateModified\":\"2026-02-11T13:53:36+00:00\",\"mainEntityOfPage\":{\"@id\":\"https:\\\/\\\/hub.hslu.ch\\\/smart-up\\\/2020\\\/05\\\/13\\\/trefft-mit-uns-fairtiq-jetzt-auf-youtube\\\/\"},\"wordCount\":52,\"image\":{\"@id\":\"https:\\\/\\\/hub.hslu.ch\\\/smart-up\\\/2020\\\/05\\\/13\\\/trefft-mit-uns-fairtiq-jetzt-auf-youtube\\\/#primaryimage\"},\"thumbnailUrl\":\"https:\\\/\\\/hub.hslu.ch\\\/smart-up\\\/wp-content\\\/blogs.dir\\\/578\\\/files\\\/sites\\\/12\\\/2020\\\/05\\\/GM_Schucan_Event.jpg\",\"keywords\":[\"FAIRTIQ\",\"Gr\u00fcnder\",\"Inspiration\",\"Mobilit\u00e4t\",\"Start-up\",\"Trefft mit uns...\"],\"articleSection\":{\"1\":\"Event\"},\"inLanguage\":\"de-CH\"},{\"@type\":\"WebPage\",\"@id\":\"https:\\\/\\\/hub.hslu.ch\\\/smart-up\\\/2020\\\/05\\\/13\\\/trefft-mit-uns-fairtiq-jetzt-auf-youtube\\\/\",\"url\":\"https:\\\/\\\/hub.hslu.ch\\\/smart-up\\\/2020\\\/05\\\/13\\\/trefft-mit-uns-fairtiq-jetzt-auf-youtube\\\/\",\"name\":\"Trefft mit uns... FAIRTIQ - jetzt auf youtube! - Smart-up\",\"isPartOf\":{\"@id\":\"https:\\\/\\\/hub.hslu.ch\\\/smart-up\\\/#website\"},\"primaryImageOfPage\":{\"@id\":\"https:\\\/\\\/hub.hslu.ch\\\/smart-up\\\/2020\\\/05\\\/13\\\/trefft-mit-uns-fairtiq-jetzt-auf-youtube\\\/#primaryimage\"},\"image\":{\"@id\":\"https:\\\/\\\/hub.hslu.ch\\\/smart-up\\\/2020\\\/05\\\/13\\\/trefft-mit-uns-fairtiq-jetzt-auf-youtube\\\/#primaryimage\"},\"thumbnailUrl\":\"https:\\\/\\\/hub.hslu.ch\\\/smart-up\\\/wp-content\\\/blogs.dir\\\/578\\\/files\\\/sites\\\/12\\\/2020\\\/05\\\/GM_Schucan_Event.jpg\",\"datePublished\":\"2020-05-13T07:50:09+00:00\",\"dateModified\":\"2026-02-11T13:53:36+00:00\",\"author\":{\"@id\":\"\"},\"description\":\"Vergangene Woche haben wir unser Trefft mit uns... zum ersten mal online via zoom durchgef\u00fchrt. Die Moderatorin Sonja Hasler hat in gewohnt sympathischer Weise unserem Gespr\u00e4chspartner auf den Zahn gef\u00fchlt. Gian-Mattia Schucan, Gr\u00fcnder und CEO von Fairtiq hat uns so einen Einblick gegeben in sein Start-up und wie er die Corona-Krise meistert\",\"inLanguage\":\"de-CH\",\"potentialAction\":[{\"@type\":\"ReadAction\",\"target\":[\"https:\\\/\\\/hub.hslu.ch\\\/smart-up\\\/2020\\\/05\\\/13\\\/trefft-mit-uns-fairtiq-jetzt-auf-youtube\\\/\"]}]},{\"@type\":\"ImageObject\",\"inLanguage\":\"de-CH\",\"@id\":\"https:\\\/\\\/hub.hslu.ch\\\/smart-up\\\/2020\\\/05\\\/13\\\/trefft-mit-uns-fairtiq-jetzt-auf-youtube\\\/#primaryimage\",\"url\":\"https:\\\/\\\/hub.hslu.ch\\\/smart-up\\\/wp-content\\\/blogs.dir\\\/578\\\/files\\\/sites\\\/12\\\/2020\\\/05\\\/GM_Schucan_Event.jpg\",\"contentUrl\":\"https:\\\/\\\/hub.hslu.ch\\\/smart-up\\\/wp-content\\\/blogs.dir\\\/578\\\/files\\\/sites\\\/12\\\/2020\\\/05\\\/GM_Schucan_Event.jpg\",\"width\":1200,\"height\":606},{\"@type\":\"WebSite\",\"@id\":\"https:\\\/\\\/hub.hslu.ch\\\/smart-up\\\/#website\",\"url\":\"https:\\\/\\\/hub.hslu.ch\\\/smart-up\\\/\",\"name\":\"Smart-up\",\"description\":\"Ideen erfolgreich umsetzen\",\"potentialAction\":[{\"@type\":\"SearchAction\",\"target\":{\"@type\":\"EntryPoint\",\"urlTemplate\":\"https:\\\/\\\/hub.hslu.ch\\\/smart-up\\\/?s={search_term_string}\"},\"query-input\":{\"@type\":\"PropertyValueSpecification\",\"valueRequired\":true,\"valueName\":\"search_term_string\"}}],\"inLanguage\":\"de-CH\"},{\"@type\":\"Person\",\"@id\":\"\"}]}<\/script>\n<!-- \/ Yoast SEO plugin. -->","yoast_head_json":{"title":"Trefft mit uns... FAIRTIQ - jetzt auf youtube! - Smart-up","description":"Vergangene Woche haben wir unser Trefft mit uns... zum ersten mal online via zoom durchgef\u00fchrt. Die Moderatorin Sonja Hasler hat in gewohnt sympathischer Weise unserem Gespr\u00e4chspartner auf den Zahn gef\u00fchlt. Gian-Mattia Schucan, Gr\u00fcnder und CEO von Fairtiq hat uns so einen Einblick gegeben in sein Start-up und wie er die Corona-Krise meistert","robots":{"index":"index","follow":"follow","max-snippet":"max-snippet:-1","max-image-preview":"max-image-preview:large","max-video-preview":"max-video-preview:-1"},"canonical":"https:\/\/hub.hslu.ch\/smart-up\/2020\/05\/13\/trefft-mit-uns-fairtiq-jetzt-auf-youtube\/","og_locale":"de_DE","og_type":"article","og_title":"Trefft mit uns... FAIRTIQ - jetzt auf youtube! - Smart-up","og_description":"Vergangene Woche haben wir unser Trefft mit uns... zum ersten mal online via zoom durchgef\u00fchrt. Die Moderatorin Sonja Hasler hat in gewohnt sympathischer Weise unserem Gespr\u00e4chspartner auf den Zahn gef\u00fchlt. Gian-Mattia Schucan, Gr\u00fcnder und CEO von Fairtiq hat uns so einen Einblick gegeben in sein Start-up und wie er die Corona-Krise meistert","og_url":"https:\/\/hub.hslu.ch\/smart-up\/2020\/05\/13\/trefft-mit-uns-fairtiq-jetzt-auf-youtube\/","og_site_name":"Smart-up","article_published_time":"2020-05-13T07:50:09+00:00","article_modified_time":"2026-02-11T13:53:36+00:00","og_image":[{"width":1200,"height":606,"url":"https:\/\/hub.hslu.ch\/smart-up\/wp-content\/blogs.dir\/578\/files\/sites\/12\/2020\/05\/GM_Schucan_Event.jpg","type":"image\/jpeg"}],"twitter_card":"summary_large_image","twitter_misc":{"Geschrieben von":""},"schema":{"@context":"https:\/\/schema.org","@graph":[{"@type":"Article","@id":"https:\/\/hub.hslu.ch\/smart-up\/2020\/05\/13\/trefft-mit-uns-fairtiq-jetzt-auf-youtube\/#article","isPartOf":{"@id":"https:\/\/hub.hslu.ch\/smart-up\/2020\/05\/13\/trefft-mit-uns-fairtiq-jetzt-auf-youtube\/"},"author":{"name":"","@id":""},"headline":"Trefft mit uns&#8230; FAIRTIQ &#8211; jetzt auf youtube!","datePublished":"2020-05-13T07:50:09+00:00","dateModified":"2026-02-11T13:53:36+00:00","mainEntityOfPage":{"@id":"https:\/\/hub.hslu.ch\/smart-up\/2020\/05\/13\/trefft-mit-uns-fairtiq-jetzt-auf-youtube\/"},"wordCount":52,"image":{"@id":"https:\/\/hub.hslu.ch\/smart-up\/2020\/05\/13\/trefft-mit-uns-fairtiq-jetzt-auf-youtube\/#primaryimage"},"thumbnailUrl":"https:\/\/hub.hslu.ch\/smart-up\/wp-content\/blogs.dir\/578\/files\/sites\/12\/2020\/05\/GM_Schucan_Event.jpg","keywords":["FAIRTIQ","Gr\u00fcnder","Inspiration","Mobilit\u00e4t","Start-up","Trefft mit uns..."],"articleSection":{"1":"Event"},"inLanguage":"de-CH"},{"@type":"WebPage","@id":"https:\/\/hub.hslu.ch\/smart-up\/2020\/05\/13\/trefft-mit-uns-fairtiq-jetzt-auf-youtube\/","url":"https:\/\/hub.hslu.ch\/smart-up\/2020\/05\/13\/trefft-mit-uns-fairtiq-jetzt-auf-youtube\/","name":"Trefft mit uns... FAIRTIQ - jetzt auf youtube! - Smart-up","isPartOf":{"@id":"https:\/\/hub.hslu.ch\/smart-up\/#website"},"primaryImageOfPage":{"@id":"https:\/\/hub.hslu.ch\/smart-up\/2020\/05\/13\/trefft-mit-uns-fairtiq-jetzt-auf-youtube\/#primaryimage"},"image":{"@id":"https:\/\/hub.hslu.ch\/smart-up\/2020\/05\/13\/trefft-mit-uns-fairtiq-jetzt-auf-youtube\/#primaryimage"},"thumbnailUrl":"https:\/\/hub.hslu.ch\/smart-up\/wp-content\/blogs.dir\/578\/files\/sites\/12\/2020\/05\/GM_Schucan_Event.jpg","datePublished":"2020-05-13T07:50:09+00:00","dateModified":"2026-02-11T13:53:36+00:00","author":{"@id":""},"description":"Vergangene Woche haben wir unser Trefft mit uns... zum ersten mal online via zoom durchgef\u00fchrt. Die Moderatorin Sonja Hasler hat in gewohnt sympathischer Weise unserem Gespr\u00e4chspartner auf den Zahn gef\u00fchlt. Gian-Mattia Schucan, Gr\u00fcnder und CEO von Fairtiq hat uns so einen Einblick gegeben in sein Start-up und wie er die Corona-Krise meistert","inLanguage":"de-CH","potentialAction":[{"@type":"ReadAction","target":["https:\/\/hub.hslu.ch\/smart-up\/2020\/05\/13\/trefft-mit-uns-fairtiq-jetzt-auf-youtube\/"]}]},{"@type":"ImageObject","inLanguage":"de-CH","@id":"https:\/\/hub.hslu.ch\/smart-up\/2020\/05\/13\/trefft-mit-uns-fairtiq-jetzt-auf-youtube\/#primaryimage","url":"https:\/\/hub.hslu.ch\/smart-up\/wp-content\/blogs.dir\/578\/files\/sites\/12\/2020\/05\/GM_Schucan_Event.jpg","contentUrl":"https:\/\/hub.hslu.ch\/smart-up\/wp-content\/blogs.dir\/578\/files\/sites\/12\/2020\/05\/GM_Schucan_Event.jpg","width":1200,"height":606},{"@type":"WebSite","@id":"https:\/\/hub.hslu.ch\/smart-up\/#website","url":"https:\/\/hub.hslu.ch\/smart-up\/","name":"Smart-up","description":"Ideen erfolgreich umsetzen","potentialAction":[{"@type":"SearchAction","target":{"@type":"EntryPoint","urlTemplate":"https:\/\/hub.hslu.ch\/smart-up\/?s={search_term_string}"},"query-input":{"@type":"PropertyValueSpecification","valueRequired":true,"valueName":"search_term_string"}}],"inLanguage":"de-CH"},{"@type":"Person","@id":""}]}},"featured_image_src":"https:\/\/hub.hslu.ch\/smart-up\/wp-content\/blogs.dir\/578\/files\/sites\/12\/2020\/05\/GM_Schucan_Event.jpg","featured_image_src_square":"https:\/\/hub.hslu.ch\/smart-up\/wp-content\/blogs.dir\/578\/files\/sites\/12\/2020\/05\/GM_Schucan_Event.jpg","author_info":{"display_name":"","author_link":"https:\/\/hub.hslu.ch\/smart-up\/author\/"},"_links":{"self":[{"href":"https:\/\/hub.hslu.ch\/smart-up\/wp-json\/wp\/v2\/posts\/6483","targetHints":{"allow":["GET"]}}],"collection":[{"href":"https:\/\/hub.hslu.ch\/smart-up\/wp-json\/wp\/v2\/posts"}],"about":[{"href":"https:\/\/hub.hslu.ch\/smart-up\/wp-json\/wp\/v2\/types\/post"}],"author":[{"embeddable":true,"href":"https:\/\/hub.hslu.ch\/smart-up\/wp-json\/wp\/v2\/users\/1845"}],"replies":[{"embeddable":true,"href":"https:\/\/hub.hslu.ch\/smart-up\/wp-json\/wp\/v2\/comments?post=6483"}],"version-history":[{"count":6,"href":"https:\/\/hub.hslu.ch\/smart-up\/wp-json\/wp\/v2\/posts\/6483\/revisions"}],"predecessor-version":[{"id":14474,"href":"https:\/\/hub.hslu.ch\/smart-up\/wp-json\/wp\/v2\/posts\/6483\/revisions\/14474"}],"wp:featuredmedia":[{"embeddable":true,"href":"https:\/\/hub.hslu.ch\/smart-up\/wp-json\/wp\/v2\/media\/6464"}],"wp:attachment":[{"href":"https:\/\/hub.hslu.ch\/smart-up\/wp-json\/wp\/v2\/media?parent=6483"}],"wp:term":[{"taxonomy":"category","embeddable":true,"href":"https:\/\/hub.hslu.ch\/smart-up\/wp-json\/wp\/v2\/categories?post=6483"},{"taxonomy":"post_tag","embeddable":true,"href":"https:\/\/hub.hslu.ch\/smart-up\/wp-json\/wp\/v2\/tags?post=6483"}],"curies":[{"name":"wp","href":"https:\/\/api.w.org\/{rel}","templated":true}]}}