{"id":10271,"date":"2025-01-14T12:30:00","date_gmt":"2025-01-14T11:30:00","guid":{"rendered":"https:\/\/hub.hslu.ch\/soziale-arbeit\/?p=10271"},"modified":"2026-02-11T14:54:09","modified_gmt":"2026-02-11T13:54:09","slug":"selbstorganisierte-teams-ein-loesungsansatz-gegen-den-fachkraeftemangel","status":"publish","type":"post","link":"https:\/\/hub.hslu.ch\/soziale-arbeit\/selbstorganisierte-teams-ein-loesungsansatz-gegen-den-fachkraeftemangel\/","title":{"rendered":"Selbstorganisierte Teams: Ein L\u00f6sungsansatz gegen den Fachkr\u00e4ftemangel"},"content":{"rendered":"\n\n\n<p>Die Corona-Pandemie hat deutlich gemacht, wie wichtig es ist, resilientere Organisationsstrukturen zu schaffen. Im Sozial- und Gesundheitsbereich zeigte sich, dass einige selbstorganisierte und agile Teams in der Krise flexibler reagierten und ihre Handlungsf\u00e4higkeit erhalten konnten. Selbstorganisation st\u00e4rkt nicht nur die Anpassungsf\u00e4higkeit, sondern bindet Mitarbeitende st\u00e4rker ein, f\u00f6rdert ihre Motivation und erh\u00f6ht die Effizienz. Teams \u00fcbernehmen Verantwortung, gestalten Prozesse aktiv mit und entwickeln innovative L\u00f6sungen \u2013 ein Ansatz, der den Personalmangel mildern kann.<\/p>\n\n\n<div class=\"blue-box\">\n\t<div class=\"row\">\n\t\t<div class=\"col-md-12\">\n\t\t\t<p><strong>Wie funktionieren Selbstorganisierte Teams<\/strong><strong>?<\/strong><\/p>\n<p>Selbstorganisierte Teams \u00fcbernehmen Verantwortung f\u00fcr ihre Entscheidungen und Abl\u00e4ufe, ohne klassische Hierarchien. Sie arbeiten flexibel, verteilen Aufgaben dynamisch und passen sich schnell an neue Herausforderungen an. Die zentralen Merkmale solcher Teams sind:<\/p>\n<ol>\n<li><strong>Verantwortungs\u00fcbernahme: <\/strong>Alle Teammitglieder tragen gemeinsam Verantwortung f\u00fcr Aufgaben und Ergebnisse. Sie nutzen ihre individuellen St\u00e4rken und treffen Entscheidungen kooperativ.<\/li>\n<li><strong>Flexible Rollen: <\/strong>Anstatt fester Jobbeschreibungen passen sich Rollen je nach Situation und den F\u00e4higkeiten der Teammitglieder flexibel an.<\/li>\n<li><strong>Vertrauen und Eigeninitiative: <\/strong>F\u00fchrungskr\u00e4fte schaffen einen Rahmen, in dem Teams eigenst\u00e4ndig agieren k\u00f6nnen. Eine offene Fehlerkultur und Vertrauen f\u00f6rdern Innovation und Verantwortungsbewusstsein.<\/li>\n<li><strong>Klare Ziele und Transparenz: <\/strong>Gemeinsame Ziele und transparente Prozesse geben Orientierung. Regelm\u00e4ssige Abstimmungen stellen sicher, dass alle informiert bleiben.<\/li>\n<li><strong>Kommunikation und unterst\u00fctzende F\u00fchrung: <\/strong>Offene Kommunikation und Meetings wie Stand-ups st\u00e4rken den Austausch und die Ausrichtung. F\u00fchrungskr\u00e4fte agieren als Coaches, unterst\u00fctzen das Team, l\u00f6sen Probleme und stellen Ressourcen bereit \u2013 ohne direkt einzugreifen.<\/li>\n<\/ol>\n\t\t<\/div>\n\t<\/div>\n<\/div>\n\n\n\n<p class=\"is-style-lead\"><strong>Die Vorteile der Selbstorganisation in Krisenzeiten<\/strong><\/p>\n\n\n\n<p>Selbstorganisation, oft gleichgesetzt mit agilen Arbeitsweisen, zielt darauf ab, dass Teams eigenst\u00e4ndig Entscheidungen treffen und sich an ver\u00e4nderte Rahmenbedingungen anpassen. Dies zeigte sich besonders w\u00e4hrend der Pandemie, als einige selbstorganisierte Teams in der Sozialwirtschaft rasch neue Konzepte entwickelten und flexibel auf die Situation reagierten.<\/p>\n\n\n\n<p><strong>Ein Beispiel aus der Praxis:<\/strong> Ein selbstorganisiertes Sozialunternehmen im Gastronomiebereich, das durch die Pandemie stark betroffen war, entwickelte ein Schulverpflegungskonzept. Dank der F\u00e4higkeit des Teams, flexibel zu agieren, konnten sie trotz der Schliessung ihres Restaurants weiterarbeiten.<\/p>\n\n\n\n<p class=\"is-style-lead\"><strong>Die Rolle der Improvisation f\u00fcr Resilienz<\/strong><\/p>\n\n\n\n<p>Resilienz bedeutet, nicht nur auf bekannte Krisenszenarien vorbereitet zu sein, sondern auch in der Lage zu sein, mit unvorhersehbaren Problemen umzugehen. Gerade in der Sozialwirtschaft, die oft mit komplexen und dynamischen Herausforderungen konfrontiert ist, ist diese F\u00e4higkeit essenziell. Selbstorganisierte Teams sind darin ge\u00fcbt, in Schleifen zu arbeiten \u2013 L\u00f6sungen werden schrittweise entwickelt, reflektiert und angepasst. Dieser iterative Prozess f\u00f6rdert die F\u00e4higkeit, auch in Krisenzeiten neue Ans\u00e4tze zu finden, und macht Organisationen insgesamt widerstandsf\u00e4higer.<\/p>\n\n\n\n<p class=\"is-style-lead\"><strong>F\u00fchrung neu denken<\/strong><\/p>\n\n\n\n<p>Selbstorganisation bedeutet nicht das v\u00f6llige Fehlen von F\u00fchrung, sondern eine neue Rolle f\u00fcr F\u00fchrungskr\u00e4fte. Ihre Aufgabe besteht darin, Entscheidungs- und Gestaltungsr\u00e4ume f\u00fcr ihre Teams zu schaffen, Vertrauen zu f\u00f6rdern und Strukturen bereitzustellen, die Flexibilit\u00e4t erm\u00f6glichen. Gleichzeitig wird das Engagement der Mitarbeitenden gest\u00e4rkt, indem sie in Entscheidungsprozesse eingebunden werden. Diese neue Form der F\u00fchrung erweist sich als zentral, um Teams durch Unsicherheiten zu leiten, ohne dass starre Hierarchien die Kreativit\u00e4t behindern.<\/p>\n\n\n\n<div class=\"wp-block-buttons is-content-justification-center is-layout-flex wp-container-core-buttons-is-layout-16018d1d wp-block-buttons-is-layout-flex\">\n<div class=\"wp-block-button is-style-fill\"><a class=\"wp-block-button__link has-background wp-element-button\" href=\"https:\/\/www.hslu.ch\/de-ch\/soziale-arbeit\/weiterbildung\/studienprogramm\/cas\/sich-und-mitarbeitende-fuehren\/\" style=\"background:linear-gradient(135deg,rgb(119,197,216) 0%,rgb(119,197,216) 100%)\" target=\"_blank\" rel=\"noreferrer noopener\"><strong><strong>CAS Sich und Mitarbeitende f\u00fchren im Sozial- und Gesundheitsbereich<\/strong><\/strong><\/a><\/div>\n<\/div>\n\n\n\n\n\n<p class=\"is-style-lead\"><strong>Selbstorganisation als Antwort auf den Fachkr\u00e4ftemangel<\/strong><\/p>\n\n\n\n<p>Die Einbindung der Fachkr\u00e4fte in die Selbstorganisation hat weitere positive Effekte, die sich direkt auf den Fachkr\u00e4ftemangel auswirken. Teams, die selbstbestimmt arbeiten k\u00f6nnen, sind motivierter und st\u00e4rker an ihre Organisation gebunden. Dies wirkt sich positiv auf die Mitarbeitendenzufriedenheit und das Employer Branding aus. Dar\u00fcber hinaus f\u00fchrt die erh\u00f6hte Effizienz und Flexibilit\u00e4t zu einem geringeren Bedarf an zus\u00e4tzlichen Fachkr\u00e4ften, da hierarchische Aufgaben reduziert werden. Organisationen werden somit attraktiver f\u00fcr neue Talente, die in einem Umfeld arbeiten m\u00f6chten, das ihre Entwicklung f\u00f6rdert und sie aktiv in Entscheidungsprozesse einbezieht.<\/p>\n\n\n\n<p class=\"is-style-lead\"><strong>Fazit: <strong>Selbstorganisation als Zukunftsmodell<\/strong><\/strong><\/p>\n\n\n\n<p>Selbstorganisation bietet in der Sozialwirtschaft nicht nur L\u00f6sungen f\u00fcr Krisenzeiten, sondern kann auch langfristig zur Bew\u00e4ltigung des Fachkr\u00e4ftemangels beitragen. Durch die St\u00e4rkung von Resilienz, Flexibilit\u00e4t und Mitarbeitermotivation schaffen diese Organisationsformen eine Arbeitsumgebung, die sowohl f\u00fcr aktuelle als auch f\u00fcr zuk\u00fcnftige Herausforderungen ger\u00fcstet ist. F\u00fchrungskr\u00e4fte m\u00fcssen lernen, R\u00e4ume f\u00fcr kreatives Handeln zu er\u00f6ffnen und ihren Teams die Freiheit zu geben, eigenverantwortlich zu agieren \u2013 eine Aufgabe, die in der Sozialwirtschaft mehr und mehr an Bedeutung gewinnt.<\/p>\n\n\n<div class=\"blue-box\">\n\t<div class=\"row\">\n\t\t<div class=\"col-md-12\">\n\t\t\t<p><strong>Unterst\u00fctzung bei Ihrer Entwicklung im Sozial- und Gesundheitsbereich<\/strong><\/p>\n<p>Wir begleiten Sie gerne bei der Strategie-, Organisations- oder F\u00fchrungsentwicklung im Sozial-, Pflege- und Gesundheitsbereich.<\/p>\n<p><strong>Kontakt und weitere Informationen: <\/strong><a href=\"https:\/\/www.hslu.ch\/de-ch\/hochschule-luzern\/ueber-uns\/personensuche\/profile\/?pid=4053\">Marc Zimmermann<\/a> &#8211; &#x6d;&#97;&#114;&#x63;&#x2e;&#122;&#105;&#x6d;&#x6d;&#101;&#114;&#x6d;&#x61;&#110;&#110;&#x40;&#x68;&#115;&#108;&#x75;&#x2e;&#99;&#104;<\/p>\n\t\t<\/div>\n\t<\/div>\n<\/div>\n\n\n\n<p>Von:&nbsp;Marc Zimmermann<br>Bild: Ingo H\u00f6hn<br>Ver\u00f6ffentlicht: 14. Januar 2025<\/p>\n\n\n<div class=\"blue-box\">\n\t<div class=\"row\">\n\t\t<div class=\"col-md-12\">\n\t\t\t<p><a href=\"https:\/\/www.hslu.ch\/de-ch\/soziale-arbeit\/weiterbildung\/studienprogramm\/cas\/organisation-und-kultur-entwickeln\/\"><strong>CAS Organisation und Kultur entwickeln im Sozial- und Gesundheitsbereich<\/strong><\/a><\/p>\n<p>Herausforderungen wie Digitalisierung, Fachkr\u00e4ftemangel oder Budgetk\u00fcrzungen machen Wandel zum permanenten F\u00fchrungsthema. Das CAS-Programm handelt von Ver\u00e4nderungsmanagement und Sinnorientierung f\u00fcr F\u00fchrungskr\u00e4fte. Ausgehend von einem systemischen Verst\u00e4ndnis der Entwicklung von Organisationen im Austausch mit ihrer Umwelt, werden Change-Management- und Agilit\u00e4ts-Ans\u00e4tze vermittelt. Diese Ans\u00e4tze vereinfachen einen Kulturwandel hin zu lernenden Organisationen oder Organisationsformen mit hoher Selbststeuerung.<\/p>\n<p><strong>Mehr Informationen:\u00a0<\/strong><a href=\"https:\/\/www.hslu.ch\/de-ch\/soziale-arbeit\/weiterbildung\/studienprogramm\/cas\/organisation-und-kultur-entwickeln\">Webseite CAS Organisation und Kultur entwickeln<\/a><\/p>\n\t\t<\/div>\n\t<\/div>\n<\/div>\n\n\n<div class=\"blue-box\">\n\t<div class=\"row\">\n\t\t<div class=\"col-md-12\">\n\t\t\t<p><a href=\"https:\/\/www.hslu.ch\/de-ch\/soziale-arbeit\/weiterbildung\/studienprogramm\/cas\/sich-und-mitarbeitende-fuehren\/\"><strong>CAS Sich und Mitarbeitende f\u00fchren im Sozial- und Gesundheitsbereich<\/strong><\/a><\/p>\n<p><strong>Wie f\u00fchre ich mich und meine Mitarbeitende?\u00a0<\/strong>Gerade im Sozial- und Gesundheitsbereich sind Werteorientierung und die Pflege einer Zusammenarbeitskultur von hoher Bedeutung. Mitarbeitende sind die wertvollste Ressource dieser Organisationen. In diesem CAS-Programm entwickeln die Teilnehmenden ihre Kompetenzen als F\u00fchrungskraft weiter und machen sich fit f\u00fcr anspruchsvolle Leitungsaufgaben.<\/p>\n<p><strong>Programmstart:<\/strong>\u00a023. Januar 2026<\/p>\n<p><strong>Mehr Informationen:\u00a0<\/strong><a href=\"https:\/\/www.hslu.ch\/de-ch\/soziale-arbeit\/weiterbildung\/studienprogramm\/cas\/sich-und-mitarbeitende-fuehren\">Webseite CAS Sich und Mitarbeitende f\u00fchren<\/a><\/p>\n\t\t<\/div>\n\t<\/div>\n<\/div>\n","protected":false},"excerpt":{"rendered":"<p>Selbstorganisierte Teams k\u00f6nnen die Resilienz, Motivation und Effizienz von Mitarbeitenden st\u00e4rken. Besonders in der Sozialwirtschaft f\u00f6rdern agile Arbeitsweisen flexible L\u00f6sungen und unterst\u00fctzen die langfristige Bindung von Fachkr\u00e4ften.<\/p>\n","protected":false},"author":152,"featured_media":10278,"comment_status":"open","ping_status":"closed","sticky":false,"template":"","format":"standard","meta":{"_acf_changed":false,"inline_featured_image":false,"_relevanssi_hide_post":"","_relevanssi_hide_content":"","_relevanssi_pin_for_all":"","_relevanssi_pin_keywords":"","_relevanssi_unpin_keywords":"","_relevanssi_related_keywords":"","_relevanssi_related_include_ids":"","_relevanssi_related_exclude_ids":"","_relevanssi_related_no_append":"","_relevanssi_related_not_related":"","_relevanssi_related_posts":"10221,10070,10159,10152,10092,10111","_relevanssi_noindex_reason":"","footnotes":"","_links_to":"","_links_to_target":""},"categories":[16,19,8],"tags":[276,274,32,243,370],"class_list":["post-10271","post","type-post","status-publish","format-standard","has-post-thumbnail","hentry","category-methoden-und-verfahren","category-sozialmanagement-sozialpolitik","category-weiterbildung","tag-fachkraeftemangel","tag-fuehrung","tag-partizipation","tag-sozialmanagement-und-sozialpolitik","tag-teams"],"acf":[],"yoast_head":"<!-- This site is optimized with the Yoast SEO plugin v27.5 - https:\/\/yoast.com\/product\/yoast-seo-wordpress\/ -->\n<title>Selbstorganisierte Teams: Ein L\u00f6sungsansatz gegen den Fachkr\u00e4ftemangel &#8211; Soziale Arbeit an der Hochschule Luzern<\/title>\n<meta name=\"description\" content=\"Selbstorganisierte Teams k\u00f6nnen Resilienz, Motivation und Effizienz st\u00e4rken. Besonders in der Sozialwirtschaft f\u00f6rdern agile Arbeitsweisen flexible L\u00f6sungen und unterst\u00fctzen die langfristige Bindung von Fachkr\u00e4ften.\" \/>\n<meta name=\"robots\" content=\"index, follow, max-snippet:-1, max-image-preview:large, max-video-preview:-1\" \/>\n<link rel=\"canonical\" href=\"https:\/\/hub.hslu.ch\/soziale-arbeit\/selbstorganisierte-teams-ein-loesungsansatz-gegen-den-fachkraeftemangel\/\" \/>\n<meta property=\"og:locale\" content=\"de_DE\" \/>\n<meta property=\"og:type\" content=\"article\" \/>\n<meta property=\"og:title\" content=\"Selbstorganisierte Teams: Ein L\u00f6sungsansatz gegen den Fachkr\u00e4ftemangel &#8211; Soziale Arbeit an der Hochschule Luzern\" \/>\n<meta property=\"og:description\" content=\"Selbstorganisierte Teams k\u00f6nnen Resilienz, Motivation und Effizienz st\u00e4rken. Besonders in der Sozialwirtschaft f\u00f6rdern agile Arbeitsweisen flexible L\u00f6sungen und unterst\u00fctzen die langfristige Bindung von Fachkr\u00e4ften.\" \/>\n<meta property=\"og:url\" content=\"https:\/\/hub.hslu.ch\/soziale-arbeit\/selbstorganisierte-teams-ein-loesungsansatz-gegen-den-fachkraeftemangel\/\" \/>\n<meta property=\"og:site_name\" content=\"Soziale Arbeit an der Hochschule Luzern\" \/>\n<meta property=\"article:published_time\" content=\"2025-01-14T11:30:00+00:00\" \/>\n<meta property=\"article:modified_time\" content=\"2026-02-11T13:54:09+00:00\" \/>\n<meta property=\"og:image\" content=\"https:\/\/hub.hslu.ch\/soziale-arbeit\/wp-content\/uploads\/sites\/23\/2025\/01\/Selbstorganisierte-Teams-Besprechung.jpg\" \/>\n\t<meta property=\"og:image:width\" content=\"1614\" \/>\n\t<meta property=\"og:image:height\" content=\"907\" \/>\n\t<meta property=\"og:image:type\" content=\"image\/jpeg\" \/>\n<meta name=\"author\" content=\"Roger Ettlin\" \/>\n<meta name=\"twitter:card\" content=\"summary_large_image\" \/>\n<meta name=\"twitter:label1\" content=\"Geschrieben von\" \/>\n\t<meta name=\"twitter:data1\" content=\"Roger Ettlin\" \/>\n\t<meta name=\"twitter:label2\" content=\"Gesch\u00e4tzte Lesezeit\" \/>\n\t<meta name=\"twitter:data2\" content=\"4\u00a0Minuten\" \/>\n<script type=\"application\/ld+json\" class=\"yoast-schema-graph\">{\"@context\":\"https:\\\/\\\/schema.org\",\"@graph\":[{\"@type\":\"Article\",\"@id\":\"https:\\\/\\\/hub.hslu.ch\\\/soziale-arbeit\\\/selbstorganisierte-teams-ein-loesungsansatz-gegen-den-fachkraeftemangel\\\/#article\",\"isPartOf\":{\"@id\":\"https:\\\/\\\/hub.hslu.ch\\\/soziale-arbeit\\\/selbstorganisierte-teams-ein-loesungsansatz-gegen-den-fachkraeftemangel\\\/\"},\"author\":{\"name\":\"Roger Ettlin\",\"@id\":\"https:\\\/\\\/hub.hslu.ch\\\/soziale-arbeit\\\/#\\\/schema\\\/person\\\/0d13e861725ae87916921d6d018489e4\"},\"headline\":\"Selbstorganisierte Teams: Ein L\u00f6sungsansatz gegen den Fachkr\u00e4ftemangel\",\"datePublished\":\"2025-01-14T11:30:00+00:00\",\"dateModified\":\"2026-02-11T13:54:09+00:00\",\"mainEntityOfPage\":{\"@id\":\"https:\\\/\\\/hub.hslu.ch\\\/soziale-arbeit\\\/selbstorganisierte-teams-ein-loesungsansatz-gegen-den-fachkraeftemangel\\\/\"},\"wordCount\":569,\"commentCount\":0,\"image\":{\"@id\":\"https:\\\/\\\/hub.hslu.ch\\\/soziale-arbeit\\\/selbstorganisierte-teams-ein-loesungsansatz-gegen-den-fachkraeftemangel\\\/#primaryimage\"},\"thumbnailUrl\":\"https:\\\/\\\/hub.hslu.ch\\\/soziale-arbeit\\\/wp-content\\\/uploads\\\/sites\\\/23\\\/2025\\\/01\\\/Selbstorganisierte-Teams-Besprechung.jpg\",\"keywords\":[\"Fachkr\u00e4ftemangel\",\"F\u00fchrung\",\"Partizipation\",\"Sozialmanagement und Sozialpolitik\",\"Teams\"],\"articleSection\":[\"Methoden und Verfahren\",\"Sozialmanagement und Sozialpolitik\",\"Weiterbildung\"],\"inLanguage\":\"de-CH\",\"potentialAction\":[{\"@type\":\"CommentAction\",\"name\":\"Comment\",\"target\":[\"https:\\\/\\\/hub.hslu.ch\\\/soziale-arbeit\\\/selbstorganisierte-teams-ein-loesungsansatz-gegen-den-fachkraeftemangel\\\/#respond\"]}]},{\"@type\":\"WebPage\",\"@id\":\"https:\\\/\\\/hub.hslu.ch\\\/soziale-arbeit\\\/selbstorganisierte-teams-ein-loesungsansatz-gegen-den-fachkraeftemangel\\\/\",\"url\":\"https:\\\/\\\/hub.hslu.ch\\\/soziale-arbeit\\\/selbstorganisierte-teams-ein-loesungsansatz-gegen-den-fachkraeftemangel\\\/\",\"name\":\"Selbstorganisierte Teams: Ein L\u00f6sungsansatz gegen den Fachkr\u00e4ftemangel &#8211; Soziale Arbeit an der Hochschule Luzern\",\"isPartOf\":{\"@id\":\"https:\\\/\\\/hub.hslu.ch\\\/soziale-arbeit\\\/#website\"},\"primaryImageOfPage\":{\"@id\":\"https:\\\/\\\/hub.hslu.ch\\\/soziale-arbeit\\\/selbstorganisierte-teams-ein-loesungsansatz-gegen-den-fachkraeftemangel\\\/#primaryimage\"},\"image\":{\"@id\":\"https:\\\/\\\/hub.hslu.ch\\\/soziale-arbeit\\\/selbstorganisierte-teams-ein-loesungsansatz-gegen-den-fachkraeftemangel\\\/#primaryimage\"},\"thumbnailUrl\":\"https:\\\/\\\/hub.hslu.ch\\\/soziale-arbeit\\\/wp-content\\\/uploads\\\/sites\\\/23\\\/2025\\\/01\\\/Selbstorganisierte-Teams-Besprechung.jpg\",\"datePublished\":\"2025-01-14T11:30:00+00:00\",\"dateModified\":\"2026-02-11T13:54:09+00:00\",\"author\":{\"@id\":\"https:\\\/\\\/hub.hslu.ch\\\/soziale-arbeit\\\/#\\\/schema\\\/person\\\/0d13e861725ae87916921d6d018489e4\"},\"description\":\"Selbstorganisierte Teams k\u00f6nnen Resilienz, Motivation und Effizienz st\u00e4rken. Besonders in der Sozialwirtschaft f\u00f6rdern agile Arbeitsweisen flexible L\u00f6sungen und unterst\u00fctzen die langfristige Bindung von Fachkr\u00e4ften.\",\"breadcrumb\":{\"@id\":\"https:\\\/\\\/hub.hslu.ch\\\/soziale-arbeit\\\/selbstorganisierte-teams-ein-loesungsansatz-gegen-den-fachkraeftemangel\\\/#breadcrumb\"},\"inLanguage\":\"de-CH\",\"potentialAction\":[{\"@type\":\"ReadAction\",\"target\":[\"https:\\\/\\\/hub.hslu.ch\\\/soziale-arbeit\\\/selbstorganisierte-teams-ein-loesungsansatz-gegen-den-fachkraeftemangel\\\/\"]}]},{\"@type\":\"ImageObject\",\"inLanguage\":\"de-CH\",\"@id\":\"https:\\\/\\\/hub.hslu.ch\\\/soziale-arbeit\\\/selbstorganisierte-teams-ein-loesungsansatz-gegen-den-fachkraeftemangel\\\/#primaryimage\",\"url\":\"https:\\\/\\\/hub.hslu.ch\\\/soziale-arbeit\\\/wp-content\\\/uploads\\\/sites\\\/23\\\/2025\\\/01\\\/Selbstorganisierte-Teams-Besprechung.jpg\",\"contentUrl\":\"https:\\\/\\\/hub.hslu.ch\\\/soziale-arbeit\\\/wp-content\\\/uploads\\\/sites\\\/23\\\/2025\\\/01\\\/Selbstorganisierte-Teams-Besprechung.jpg\",\"width\":1614,\"height\":907,\"caption\":\"Selbstorganisierte Teams Besprechung\"},{\"@type\":\"BreadcrumbList\",\"@id\":\"https:\\\/\\\/hub.hslu.ch\\\/soziale-arbeit\\\/selbstorganisierte-teams-ein-loesungsansatz-gegen-den-fachkraeftemangel\\\/#breadcrumb\",\"itemListElement\":[{\"@type\":\"ListItem\",\"position\":1,\"name\":\"Home\",\"item\":\"https:\\\/\\\/hub.hslu.ch\\\/soziale-arbeit\\\/\"},{\"@type\":\"ListItem\",\"position\":2,\"name\":\"Selbstorganisierte Teams: Ein L\u00f6sungsansatz gegen den Fachkr\u00e4ftemangel\"}]},{\"@type\":\"WebSite\",\"@id\":\"https:\\\/\\\/hub.hslu.ch\\\/soziale-arbeit\\\/#website\",\"url\":\"https:\\\/\\\/hub.hslu.ch\\\/soziale-arbeit\\\/\",\"name\":\"Soziale Arbeit an der Hochschule Luzern\",\"description\":\"Der Blog der Hochschule Luzern \u2013 Soziale Arbeit\",\"potentialAction\":[{\"@type\":\"SearchAction\",\"target\":{\"@type\":\"EntryPoint\",\"urlTemplate\":\"https:\\\/\\\/hub.hslu.ch\\\/soziale-arbeit\\\/?s={search_term_string}\"},\"query-input\":{\"@type\":\"PropertyValueSpecification\",\"valueRequired\":true,\"valueName\":\"search_term_string\"}}],\"inLanguage\":\"de-CH\"},{\"@type\":\"Person\",\"@id\":\"https:\\\/\\\/hub.hslu.ch\\\/soziale-arbeit\\\/#\\\/schema\\\/person\\\/0d13e861725ae87916921d6d018489e4\",\"name\":\"Roger Ettlin\"}]}<\/script>\n<!-- \/ Yoast SEO plugin. -->","yoast_head_json":{"title":"Selbstorganisierte Teams: Ein L\u00f6sungsansatz gegen den Fachkr\u00e4ftemangel &#8211; Soziale Arbeit an der Hochschule Luzern","description":"Selbstorganisierte Teams k\u00f6nnen Resilienz, Motivation und Effizienz st\u00e4rken. Besonders in der Sozialwirtschaft f\u00f6rdern agile Arbeitsweisen flexible L\u00f6sungen und unterst\u00fctzen die langfristige Bindung von Fachkr\u00e4ften.","robots":{"index":"index","follow":"follow","max-snippet":"max-snippet:-1","max-image-preview":"max-image-preview:large","max-video-preview":"max-video-preview:-1"},"canonical":"https:\/\/hub.hslu.ch\/soziale-arbeit\/selbstorganisierte-teams-ein-loesungsansatz-gegen-den-fachkraeftemangel\/","og_locale":"de_DE","og_type":"article","og_title":"Selbstorganisierte Teams: Ein L\u00f6sungsansatz gegen den Fachkr\u00e4ftemangel &#8211; Soziale Arbeit an der Hochschule Luzern","og_description":"Selbstorganisierte Teams k\u00f6nnen Resilienz, Motivation und Effizienz st\u00e4rken. Besonders in der Sozialwirtschaft f\u00f6rdern agile Arbeitsweisen flexible L\u00f6sungen und unterst\u00fctzen die langfristige Bindung von Fachkr\u00e4ften.","og_url":"https:\/\/hub.hslu.ch\/soziale-arbeit\/selbstorganisierte-teams-ein-loesungsansatz-gegen-den-fachkraeftemangel\/","og_site_name":"Soziale Arbeit an der Hochschule Luzern","article_published_time":"2025-01-14T11:30:00+00:00","article_modified_time":"2026-02-11T13:54:09+00:00","og_image":[{"width":1614,"height":907,"url":"https:\/\/hub.hslu.ch\/soziale-arbeit\/wp-content\/uploads\/sites\/23\/2025\/01\/Selbstorganisierte-Teams-Besprechung.jpg","type":"image\/jpeg"}],"author":"Roger Ettlin","twitter_card":"summary_large_image","twitter_misc":{"Geschrieben von":"Roger Ettlin","Gesch\u00e4tzte Lesezeit":"4\u00a0Minuten"},"schema":{"@context":"https:\/\/schema.org","@graph":[{"@type":"Article","@id":"https:\/\/hub.hslu.ch\/soziale-arbeit\/selbstorganisierte-teams-ein-loesungsansatz-gegen-den-fachkraeftemangel\/#article","isPartOf":{"@id":"https:\/\/hub.hslu.ch\/soziale-arbeit\/selbstorganisierte-teams-ein-loesungsansatz-gegen-den-fachkraeftemangel\/"},"author":{"name":"Roger Ettlin","@id":"https:\/\/hub.hslu.ch\/soziale-arbeit\/#\/schema\/person\/0d13e861725ae87916921d6d018489e4"},"headline":"Selbstorganisierte Teams: Ein L\u00f6sungsansatz gegen den Fachkr\u00e4ftemangel","datePublished":"2025-01-14T11:30:00+00:00","dateModified":"2026-02-11T13:54:09+00:00","mainEntityOfPage":{"@id":"https:\/\/hub.hslu.ch\/soziale-arbeit\/selbstorganisierte-teams-ein-loesungsansatz-gegen-den-fachkraeftemangel\/"},"wordCount":569,"commentCount":0,"image":{"@id":"https:\/\/hub.hslu.ch\/soziale-arbeit\/selbstorganisierte-teams-ein-loesungsansatz-gegen-den-fachkraeftemangel\/#primaryimage"},"thumbnailUrl":"https:\/\/hub.hslu.ch\/soziale-arbeit\/wp-content\/uploads\/sites\/23\/2025\/01\/Selbstorganisierte-Teams-Besprechung.jpg","keywords":["Fachkr\u00e4ftemangel","F\u00fchrung","Partizipation","Sozialmanagement und Sozialpolitik","Teams"],"articleSection":["Methoden und Verfahren","Sozialmanagement und Sozialpolitik","Weiterbildung"],"inLanguage":"de-CH","potentialAction":[{"@type":"CommentAction","name":"Comment","target":["https:\/\/hub.hslu.ch\/soziale-arbeit\/selbstorganisierte-teams-ein-loesungsansatz-gegen-den-fachkraeftemangel\/#respond"]}]},{"@type":"WebPage","@id":"https:\/\/hub.hslu.ch\/soziale-arbeit\/selbstorganisierte-teams-ein-loesungsansatz-gegen-den-fachkraeftemangel\/","url":"https:\/\/hub.hslu.ch\/soziale-arbeit\/selbstorganisierte-teams-ein-loesungsansatz-gegen-den-fachkraeftemangel\/","name":"Selbstorganisierte Teams: Ein L\u00f6sungsansatz gegen den Fachkr\u00e4ftemangel &#8211; Soziale Arbeit an der Hochschule Luzern","isPartOf":{"@id":"https:\/\/hub.hslu.ch\/soziale-arbeit\/#website"},"primaryImageOfPage":{"@id":"https:\/\/hub.hslu.ch\/soziale-arbeit\/selbstorganisierte-teams-ein-loesungsansatz-gegen-den-fachkraeftemangel\/#primaryimage"},"image":{"@id":"https:\/\/hub.hslu.ch\/soziale-arbeit\/selbstorganisierte-teams-ein-loesungsansatz-gegen-den-fachkraeftemangel\/#primaryimage"},"thumbnailUrl":"https:\/\/hub.hslu.ch\/soziale-arbeit\/wp-content\/uploads\/sites\/23\/2025\/01\/Selbstorganisierte-Teams-Besprechung.jpg","datePublished":"2025-01-14T11:30:00+00:00","dateModified":"2026-02-11T13:54:09+00:00","author":{"@id":"https:\/\/hub.hslu.ch\/soziale-arbeit\/#\/schema\/person\/0d13e861725ae87916921d6d018489e4"},"description":"Selbstorganisierte Teams k\u00f6nnen Resilienz, Motivation und Effizienz st\u00e4rken. Besonders in der Sozialwirtschaft f\u00f6rdern agile Arbeitsweisen flexible L\u00f6sungen und unterst\u00fctzen die langfristige Bindung von Fachkr\u00e4ften.","breadcrumb":{"@id":"https:\/\/hub.hslu.ch\/soziale-arbeit\/selbstorganisierte-teams-ein-loesungsansatz-gegen-den-fachkraeftemangel\/#breadcrumb"},"inLanguage":"de-CH","potentialAction":[{"@type":"ReadAction","target":["https:\/\/hub.hslu.ch\/soziale-arbeit\/selbstorganisierte-teams-ein-loesungsansatz-gegen-den-fachkraeftemangel\/"]}]},{"@type":"ImageObject","inLanguage":"de-CH","@id":"https:\/\/hub.hslu.ch\/soziale-arbeit\/selbstorganisierte-teams-ein-loesungsansatz-gegen-den-fachkraeftemangel\/#primaryimage","url":"https:\/\/hub.hslu.ch\/soziale-arbeit\/wp-content\/uploads\/sites\/23\/2025\/01\/Selbstorganisierte-Teams-Besprechung.jpg","contentUrl":"https:\/\/hub.hslu.ch\/soziale-arbeit\/wp-content\/uploads\/sites\/23\/2025\/01\/Selbstorganisierte-Teams-Besprechung.jpg","width":1614,"height":907,"caption":"Selbstorganisierte Teams Besprechung"},{"@type":"BreadcrumbList","@id":"https:\/\/hub.hslu.ch\/soziale-arbeit\/selbstorganisierte-teams-ein-loesungsansatz-gegen-den-fachkraeftemangel\/#breadcrumb","itemListElement":[{"@type":"ListItem","position":1,"name":"Home","item":"https:\/\/hub.hslu.ch\/soziale-arbeit\/"},{"@type":"ListItem","position":2,"name":"Selbstorganisierte Teams: Ein L\u00f6sungsansatz gegen den Fachkr\u00e4ftemangel"}]},{"@type":"WebSite","@id":"https:\/\/hub.hslu.ch\/soziale-arbeit\/#website","url":"https:\/\/hub.hslu.ch\/soziale-arbeit\/","name":"Soziale Arbeit an der Hochschule Luzern","description":"Der Blog der Hochschule Luzern \u2013 Soziale Arbeit","potentialAction":[{"@type":"SearchAction","target":{"@type":"EntryPoint","urlTemplate":"https:\/\/hub.hslu.ch\/soziale-arbeit\/?s={search_term_string}"},"query-input":{"@type":"PropertyValueSpecification","valueRequired":true,"valueName":"search_term_string"}}],"inLanguage":"de-CH"},{"@type":"Person","@id":"https:\/\/hub.hslu.ch\/soziale-arbeit\/#\/schema\/person\/0d13e861725ae87916921d6d018489e4","name":"Roger Ettlin"}]}},"featured_image_src":"https:\/\/hub.hslu.ch\/soziale-arbeit\/wp-content\/uploads\/sites\/23\/2025\/01\/Selbstorganisierte-Teams-Besprechung.jpg","featured_image_src_square":"https:\/\/hub.hslu.ch\/soziale-arbeit\/wp-content\/uploads\/sites\/23\/2025\/01\/Selbstorganisierte-Teams-Besprechung.jpg","author_info":{"display_name":"Roger Ettlin","author_link":"https:\/\/hub.hslu.ch\/soziale-arbeit\/author\/rogerettlin\/"},"_links":{"self":[{"href":"https:\/\/hub.hslu.ch\/soziale-arbeit\/wp-json\/wp\/v2\/posts\/10271","targetHints":{"allow":["GET"]}}],"collection":[{"href":"https:\/\/hub.hslu.ch\/soziale-arbeit\/wp-json\/wp\/v2\/posts"}],"about":[{"href":"https:\/\/hub.hslu.ch\/soziale-arbeit\/wp-json\/wp\/v2\/types\/post"}],"author":[{"embeddable":true,"href":"https:\/\/hub.hslu.ch\/soziale-arbeit\/wp-json\/wp\/v2\/users\/152"}],"replies":[{"embeddable":true,"href":"https:\/\/hub.hslu.ch\/soziale-arbeit\/wp-json\/wp\/v2\/comments?post=10271"}],"version-history":[{"count":23,"href":"https:\/\/hub.hslu.ch\/soziale-arbeit\/wp-json\/wp\/v2\/posts\/10271\/revisions"}],"predecessor-version":[{"id":13067,"href":"https:\/\/hub.hslu.ch\/soziale-arbeit\/wp-json\/wp\/v2\/posts\/10271\/revisions\/13067"}],"wp:featuredmedia":[{"embeddable":true,"href":"https:\/\/hub.hslu.ch\/soziale-arbeit\/wp-json\/wp\/v2\/media\/10278"}],"wp:attachment":[{"href":"https:\/\/hub.hslu.ch\/soziale-arbeit\/wp-json\/wp\/v2\/media?parent=10271"}],"wp:term":[{"taxonomy":"category","embeddable":true,"href":"https:\/\/hub.hslu.ch\/soziale-arbeit\/wp-json\/wp\/v2\/categories?post=10271"},{"taxonomy":"post_tag","embeddable":true,"href":"https:\/\/hub.hslu.ch\/soziale-arbeit\/wp-json\/wp\/v2\/tags?post=10271"}],"curies":[{"name":"wp","href":"https:\/\/api.w.org\/{rel}","templated":true}]}}