{"id":10292,"date":"2025-01-07T11:54:31","date_gmt":"2025-01-07T10:54:31","guid":{"rendered":"https:\/\/hub.hslu.ch\/soziale-arbeit\/?p=10292"},"modified":"2026-02-11T14:54:09","modified_gmt":"2026-02-11T13:54:09","slug":"sozialversicherungsrecht-2025-was-man-fuer-die-sozialberatung-wissen-muss","status":"publish","type":"post","link":"https:\/\/hub.hslu.ch\/soziale-arbeit\/sozialversicherungsrecht-2025-was-man-fuer-die-sozialberatung-wissen-muss\/","title":{"rendered":"Sozial\u00ad(versicherungs)\u00adrecht 2025: Was man f\u00fcr die Sozialberatung wissen muss"},"content":{"rendered":"\n\n\n<p><em>Von Peter M\u00f6sch Payot erstver\u00f6ffentlicht auf <a href=\"https:\/\/www.sozialinfo.ch\/fachwissen\/sozialrecht\/sozialversicherungsrecht-2025-was-man-fuer-die-sozialberatung-wissen-muss\" target=\"_blank\" rel=\"noreferrer noopener\">sozialinfo.ch<\/a><\/em><\/p>\n\n\n<div class=\"blue-box\">\n\t<div class=\"row\">\n\t\t<div class=\"col-md-12\">\n\t\t\t<p><!-- wp:heading {\"level\":4} --><\/p>\n<h4 class=\"wp-block-heading\">Das Wichtigste in K\u00fcrze<\/h4>\n<p><!-- \/wp:heading --> <!-- wp:list --><\/p>\n<ul><!-- wp:list-item --><\/p>\n<li>Wichtige Teile der im Jahr 2022 beschlossenen Revision der Alters- und Hinterlassenenversicherung 21 treten per 01.01.2025 in Kraft, namentlich der erste Schritt der Erh\u00f6hung des Rentenalters und die entsprechende Kompensationsmassnahmen.<\/li>\n<p><!-- \/wp:list-item --> <!-- wp:list-item --><\/p>\n<li>Die Renten der AHV werden um 2,9% erh\u00f6ht. Das hat Auswirkungen auf eine Reihe von Masszahlen, etwa in der AHV, der IV, der EL und in der beruflichen Vorsorge.<\/li>\n<p><!-- \/wp:list-item --> <!-- wp:list-item --><\/p>\n<li>Bei den Erg\u00e4nzungsleistungen werden unter anderem der anerkannte Lebensbedarf und die Ans\u00e4tze f\u00fcr die Wohnkosten erh\u00f6ht.<\/li>\n<p><!-- \/wp:list-item --> <!-- wp:list-item --><\/p>\n<li>In der obligatorischen beruflichen Vorsorge werden die Renten f\u00fcr Invalide und Hinterlassene an die Teuerung angepasst.<\/li>\n<p><!-- \/wp:list-item --> <!-- wp:list-item --><\/p>\n<li>Bei der dritten S\u00e4ule wird der H\u00f6chstbetrag f\u00fcr den Steuerabzug erh\u00f6ht, und es wird neu f\u00fcr die Zukunft die M\u00f6glichkeit geschaffen, in den Vorjahren unterlassene Einzahlungen steuerbeg\u00fcnstigt nachzuzahlen.<\/li>\n<p><!-- \/wp:list-item --> <!-- wp:list-item --><\/p>\n<li>In der Krankenversicherung k\u00f6nnen Schuldner*innen von Pr\u00e4mien etc. nur noch zwei Mal j\u00e4hrlich betrieben werden, und ab 2025 ist auch unterj\u00e4hrig der Wechsel des Versicherungsmodells (HMO etc.) m\u00f6glich.<\/li>\n<p><!-- \/wp:list-item --> <!-- wp:list-item --><\/p>\n<li>Gem\u00e4ss den Empfehlungen der Sozialdirektor*innenkonferenz (SODK) sollen in der Sozialhilfe die Kantone den Grundbedarf an den Lohn-Preisindex anpassen.<\/li>\n<p><!-- \/wp:list-item --> <!-- wp:list-item --><\/p>\n<li>Im Ausl\u00e4nder- und Integrationsgesetz werden f\u00fcr Opfer von h\u00e4uslicher Gewalt aufenthaltsrechtliche Regeln verbessert.<\/li>\n<p><!-- \/wp:list-item --><\/ul>\n<p><!-- \/wp:list --><\/p>\n\t\t<\/div>\n\t<\/div>\n<\/div>\n\n\n\n<div class=\"wp-block-genesis-blocks-gb-accordion gb-block-accordion\"><details><summary class=\"gb-accordion-title\"><strong>Weiterbildungen f\u00fcr die Sozialberatung<\/strong><\/summary><div class=\"gb-accordion-text\">\n<p>Im Zentrum der&nbsp;<a href=\"https:\/\/www.hslu.ch\/de-ch\/soziale-arbeit\/weiterbildung\/themen\/soziale-sicherheit\/\">Weiterbildungen<\/a>&nbsp;in Sozialer Sicherheit stehen immer die praxistypischen Fragen, die sich in der Sozialberatung, in der Sozialhilfe, f\u00fcr Mandatstr\u00e4gerinnen und Mandatstr\u00e4ger im Kindes- und Erwachsenenschutz oder in Eingliederungs- und Integrationsangeboten stellen.<\/p>\n\n\n\n<p><strong>Fachseminare AHV \/ IV \/ EL:<\/strong><\/p>\n\n\n\n<ul class=\"wp-block-list\">\n<li><a href=\"https:\/\/www.hslu.ch\/de-ch\/soziale-arbeit\/weiterbildung\/studienprogramm\/fachseminare\/ansprueche-gegenueber-der-invalidenversicherung\/\">Fachseminar Anspr\u00fcche gegen\u00fcber der Invalidenversicherung<\/a><\/li>\n\n\n\n<li><a href=\"https:\/\/www.hslu.ch\/de-ch\/soziale-arbeit\/weiterbildung\/studienprogramm\/fachseminare\/ansprueche-auf-ergaenzungsleistungen\/\">Fachseminar Anspr\u00fcche auf Erg\u00e4nzungsleistungen<\/a><\/li>\n\n\n\n<li><a href=\"https:\/\/www.hslu.ch\/de-ch\/soziale-arbeit\/weiterbildung\/studienprogramm\/fachseminare\/ahv-und-altersvorsorge\/\">Fachseminar AHV und Altersvorsorge<\/a><\/li>\n<\/ul>\n<\/div><\/details><\/div>\n\n\n\n\n\n<h2 class=\"wp-block-heading\">Erh\u00f6hung des Rentenalters f\u00fcr Frauen bei der Alters- und Hinterlassenenversicherung<\/h2>\n\n\n\n<p>Die Revision der AHV (AHV 2021) wurde bereits <a href=\"https:\/\/www.sozialinfo.ch\/fachwissen\/sozialrecht\/sozialversicherungsrecht-2024-was-man-fuer-die-sozialberatung-wissen-muss#c9210\">im Jahr 2024<\/a> schrittweise in Kraft gesetzt.<\/p>\n\n\n\n<p>Per 01.01.2025 wird der erste Schritt der Erh\u00f6hung des Rentenalters der Frauen eingef\u00fchrt. Im Jahre 2025 betr\u00e4gt das Referenzalter f\u00fcr den ordentlichen Bezug der AHV-Rente f\u00fcr Frauen 64 Jahre und drei Monate. Das betrifft die Frauen mit Jahrgang 1961. Ab 2026 bis 2028 wird das Referenzalter dann j\u00e4hrlich um weitere drei Monate erh\u00f6ht. &nbsp;<\/p>\n\n\n\n<div class=\"wp-block-genesis-blocks-gb-accordion gb-block-accordion\"><details><summary class=\"gb-accordion-title\"><strong>Damit verbunden werden per 2025 zwei Ausgleichsmassnahmen in Kraft treten, die teilweise eine gewisse Kompensation bringen:\u00a0<\/strong><\/summary><div class=\"gb-accordion-text\">\n<p>Frauen, die erst ab dem Referenzalter ihre AHV-Rente beziehen, erhalten einen lebenslangen frankenm\u00e4ssig bestimmten Rentenzuschlag. Dieser betr\u00e4gt f\u00fcr Frauen, die im Jahre 2025 das Referenzalter erreichen: &nbsp;<\/p>\n\n\n\n<ul class=\"wp-block-list\">\n<li>CHF 40\/Monat bei einem durchschnittlichen Jahreseinkommen (DJE) bis zur Pensionierung von bis zu CHF 60\u2019480<\/li>\n\n\n\n<li>CHF 25\/Monat bei einem DJE von CHF 60\u2019481 bis CHF 75\u2019600<\/li>\n\n\n\n<li>CHF 13\/Monat bei einem DJE von CHF 75\u2019601 oder mehr<\/li>\n<\/ul>\n\n\n\n<p>Frauen haben die M\u00f6glichkeit, die AHV-Rente vor dem Erreichen des Referenzalters mit tieferen Abschl\u00e4gen als normalerweise (ganz oder teilweise) zu beziehen&nbsp;<\/p>\n\n\n\n<figure class=\"wp-block-table is-style-regular\"><table><tbody><tr><td><strong>Vorbezug im Alter von&nbsp;<\/strong><\/td><td><strong>\u2205 Jahreseinkommen bis CHF 60&#8217;480<\/strong><\/td><td><strong>\u2205 Jahreseinkommen&nbsp;CHF 60&#8217;480 &#8211; 75&#8217;600<\/strong><\/td><td><strong>\u2205 Jahreseinkommen ab&nbsp;CHF 75&#8217;601<\/strong><\/td><\/tr><tr><td>64&nbsp;J.<\/td><td>0%&nbsp;<\/td><td>2,5%<\/td><td>3,5%<\/td><\/tr><tr><td>63 J.<\/td><td>2%<\/td><td>4,5%<\/td><td>6,5%<\/td><\/tr><tr><td>62 J.<\/td><td>3%<\/td><td>6,5%<\/td><td>10%<\/td><\/tr><\/tbody><\/table><\/figure>\n<\/div><\/details><\/div>\n\n\n\n\n\n<h2 class=\"wp-block-heading\">Erh\u00f6hung der AHV-\/IV-Renten, der Hilflosenentsch\u00e4digungen und weiterer Masszahlen<\/h2>\n\n\n\n<p>Entsprechend der Preis- und Lohnentwicklung hat der Bundesrat aufgrund der normalerweise zweij\u00e4hrlichen Pr\u00fcfung die AHV-\/IV-Renten um 2,9% angepasst. Der Entscheid basiert auf dem arithmetischen Mittel aus dem Preis- und dem Lohnindex (Mischindex) und ber\u00fccksichtigt die Empfehlung der eidgen\u00f6ssischen AHV\/IV-Kommission.&nbsp;Deswegen ver\u00e4ndern sich viele Masszahlen f\u00fcr Beitr\u00e4ge und Leistungen.&nbsp;<\/p>\n\n\n\n<div class=\"wp-block-genesis-blocks-gb-accordion gb-block-accordion\"><details><summary class=\"gb-accordion-title\"><strong>In der AHV\/IV bedeutet das Folgendes:\u00a0<\/strong><\/summary><div class=\"gb-accordion-text\">\n<p><strong>Altersrente\/IV-Rente<\/strong><\/p>\n\n\n\n<ul class=\"wp-block-list\">\n<li>Mindestrente CHF 1\u2019260 (bisher 1\u2019225)<\/li>\n\n\n\n<li>H\u00f6chstrente CHF 2\u2019520 (bisher 2\u2019450)<\/li>\n\n\n\n<li>plafoniert CHF 3\u2019780 (bisher 3\u2019675)&nbsp;<\/li>\n<\/ul>\n\n\n\n<p><strong>Witwen- und Witwerrente<\/strong><\/p>\n\n\n\n<ul class=\"wp-block-list\">\n<li>Mindestrente CHF 1\u2019008<\/li>\n\n\n\n<li>H\u00f6chstrente CHF 2\u2019016&nbsp;<\/li>\n<\/ul>\n\n\n\n<p><strong>Waisenrente<\/strong><\/p>\n\n\n\n<ul class=\"wp-block-list\">\n<li>Mindestrente CHF 504<\/li>\n\n\n\n<li>H\u00f6chstrente CHF 1\u2019008&nbsp;<\/li>\n<\/ul>\n\n\n\n<p><strong>Hilflosenentsch\u00e4digung AHV<\/strong><\/p>\n\n\n\n<ul class=\"wp-block-list\">\n<li>leicht (zu Hause) CHF 252 \/ mittel CHF 630 \/ schwer CHF 1008&nbsp;<\/li>\n<\/ul>\n\n\n\n<p><strong>Hilflosenentsch\u00e4digung IV f\u00fcr Erwachsene<\/strong><\/p>\n\n\n\n<ul class=\"wp-block-list\">\n<li>Im Heim neu: leicht CHF 126 \/ mittel CHF 315 \/ schwer CHF 504&nbsp;<\/li>\n\n\n\n<li>Zu Hause neu: leicht CHF 504 \/ mittel CHF 1260 \/ schwer CHF 2016&nbsp;<\/li>\n<\/ul>\n\n\n\n<p><strong>Hilflosenentsch\u00e4digung IV f\u00fcr Minderj\u00e4hrige<\/strong><\/p>\n\n\n\n<ul class=\"wp-block-list\">\n<li>Pro Tag zu Hause: leicht CHF 16.80 \/ mittel CHF 42 \/ schwer CHF 67.20<\/li>\n\n\n\n<li>Intensivpflegezuschlag: CHF 33.60 (mind. 4 Std.) \/ CHF 58.80 (mind. 6 Std.) \/ CHF 84 (mind. 8 Std.)&nbsp;<\/li>\n<\/ul>\n\n\n\n<p><strong>Assistenzbeitrag IV<\/strong><\/p>\n\n\n\n<ul class=\"wp-block-list\">\n<li>Pro Std. CHF 35.30 \/ CHF 52.95 (besondere Pflege)<\/li>\n\n\n\n<li>Nachtzuschlag CHF 169.10 (h\u00f6chstens pro Nacht)&nbsp;<\/li>\n<\/ul>\n\n\n\n<p><strong>Beitr\u00e4ge AHV und IV<\/strong><\/p>\n\n\n\n<ul class=\"wp-block-list\">\n<li>Mindestbeitrag AHV\/IV (Nichterwerbst\u00e4tige): CHF 530&nbsp;<\/li>\n\n\n\n<li>Maximalbeitrag AHV\/IV: CHF 26&#8217;500&nbsp;<\/li>\n\n\n\n<li>Freiwillige AHV\/IV: mind. CHF 1\u2019010 (bisher 980); max. neu CHF 25\u2019250, je plus 5% Verwaltungskosten&nbsp;&nbsp;<\/li>\n<\/ul>\n<\/div><\/details><\/div>\n\n\n\n\n\n<div style=\"background-color:#f2f2f2;color:#32373c\" class=\"wp-block-genesis-blocks-gb-profile-box square gb-font-size-18 gb-block-profile gb-profile-columns\"><div class=\"gb-profile-column gb-profile-content-wrap\"><h2 class=\"gb-profile-name\" style=\"color:#32373c\">Weitere Reformen der AHV in der Pipeline<\/h2><p class=\"gb-profile-title\" style=\"color:#32373c\">In den n\u00e4chsten Monaten wird die AHV ein Topthema der politischen Diskussion bleiben. Die von der Stimmbev\u00f6lkerung beschlossene 13. AHV-Rente wird per 2026 eingef\u00fchrt. Zu diskutieren ist aber \u00fcber deren Finanzierung. Ebenso steht die Abschaffung der Plafonierung der Altersrenten f\u00fcr Ehepaare wegen einer entsprechenden Volksinitiative auf der Agenda. Und ein Entwurf der Revision der Hinterlassenenrente ist bereit f\u00fcr die parlamentarische Beratung.<br \/><a href=\"https:\/\/www.bsv.admin.ch\/bsv\/de\/home\/sozialversicherungen\/ahv\/reformen-revisionen.html\" target=\"_blank\" rel=\"noreferrer noopener\">Mehr dazu<\/a><\/p><div class=\"gb-profile-text\"><\/div><ul class=\"gb-social-links\"><\/ul><\/div><\/div>\n\n\n\n\n\n<h2 class=\"wp-block-heading\">Erg\u00e4nzungsleistungen: Neue Masszahlen<\/h2>\n\n\n\n<p>Bei den Erg\u00e4nzungsleistungen kommt es zu Anpassungen insbesondere der anerkannten Ausgaben aufgrund der Verkn\u00fcpfung mit der AHV-Renten-Erh\u00f6hung. <\/p>\n\n\n\n<div class=\"wp-block-genesis-blocks-gb-accordion gb-block-accordion\"><details><summary class=\"gb-accordion-title\"><strong>Neue Masszahlen zum allgemeinen Lebensbedarf und den Wohnkosten<\/strong><\/summary><div class=\"gb-accordion-text\">\n<p>So betr\u00e4gt der <strong>allgemeine Lebensbedarf<\/strong> neu f\u00fcr:&nbsp;<\/p>\n\n\n\n<p><strong>Alleinstehende<\/strong><\/p>\n\n\n\n<ul class=\"wp-block-list\">\n<li>CHF 20\u2019670 (bisher 20\u2019100)&nbsp;<\/li>\n<\/ul>\n\n\n\n<p><strong>Ehepaare<\/strong><\/p>\n\n\n\n<ul class=\"wp-block-list\">\n<li>CHF 31\u2019005 (bisher 30\u2019150)&nbsp;<\/li>\n<\/ul>\n\n\n\n<p><strong>Kinder bis 11 Jahre&nbsp;&nbsp;<\/strong><\/p>\n\n\n\n<ul class=\"wp-block-list\">\n<li>Erstes Kind CHF 7\u2019590<\/li>\n\n\n\n<li>Zweites Kind CHF 6\u2019325<\/li>\n\n\n\n<li>Drittes Kind CHF 5\u2019271<\/li>\n\n\n\n<li>Viertes Kind CHF 4\u2019392<\/li>\n\n\n\n<li>Weitere Kinder je CHF 3\u2019660&nbsp;<\/li>\n<\/ul>\n\n\n\n<p><strong>Kinder 12 bis 25<\/strong><\/p>\n\n\n\n<ul class=\"wp-block-list\">\n<li>Erstes Kind CHF 10\u2019815<\/li>\n\n\n\n<li>Zweites Kind CHF 10\u2019515<\/li>\n\n\n\n<li>Drittes Kind CHF 7\u2019210<\/li>\n\n\n\n<li>Viertes Kind CHF 7\u2019210<\/li>\n\n\n\n<li>Weitere Kinder je CHF 3\u2019605&nbsp;<\/li>\n<\/ul>\n\n\n\n<p><strong>Ebenfalls erh\u00f6ht werden die anerkannten Wohnkosten:<\/strong>&nbsp;<\/p>\n\n\n\n<figure class=\"wp-block-table\"><table><thead><tr><th colspan=\"4\">Maximal anrechenbare Wohnkosten (pro Jahr)<\/th><\/tr><\/thead><tbody><tr><td>Haushaltsgr\u00f6sse<\/td><td>Region 1 (Grosszentrum)<\/td><td>Region&nbsp;2 (Stadt)<\/td><td>Region 3 (Land)<\/td><\/tr><tr><td>Alleinstehende<\/td><td>CHF 18&#8217;900<\/td><td>CHF 18&#8217;300<\/td><td>CHF 16&#8217;680<\/td><\/tr><tr><td>2 Personen<\/td><td>CHF 22&#8217;320<\/td><td>CHF 21&#8217;720<\/td><td>CHF 20&#8217;160<\/td><\/tr><tr><td>3 Personen<\/td><td>CHF 24&#8217;780<\/td><td>CHF 23&#8217;760<\/td><td>CHF 22&#8217;200<\/td><\/tr><tr><td>4 und mehr Personen<\/td><td>CHF 27&#8217;060<\/td><td>CHF 25&#8217;920<\/td><td>CHF 24&#8217;000<\/td><\/tr><tr><td>Einzelpersonen in einer Wohngemeinschaft<\/td><td>CHF 11&#8217;160<\/td><td>CHF 10&#8217;860<\/td><td>CHF 10&#8217;080<\/td><\/tr><\/tbody><\/table><\/figure>\n\n\n\n\n\n<p>Zudem werden einige <strong>Pauschalen rund um Wohnkosten<\/strong> angepasst:&nbsp;<\/p>\n\n\n\n<ul class=\"wp-block-list\">\n<li>Bei Notwendigkeit eines Rollstuhls werden die h\u00f6chstens \u00fcbernommenen Wohnkosten erh\u00f6ht um die so genannte \u00abRollstuhlpauschale\u00bb. Diese betr\u00e4gt neu CHF 6\u2019900. &nbsp;<\/li>\n\n\n\n<li>Bei EL-beziehenden Personen, die in einer selbstbewohnten Liegenschaft leben, wird in der EL-Berechnung als Teil der Wohnkosten eine Pauschale f\u00fcr Nebenkosten als Ausgabe anerkannt. Diese Nebenkosten setzen sich zusammen aus Heizungs-, Warmwasser- und \u00e4hnlichen Betriebskosten sowie \u00f6ffentlichen Abgaben, die sich aus dem Gebrauch der Sache ergeben. Die Pauschale betr\u00e4gt neu CHF 3\u2019480\/Jahr.&nbsp;<\/li>\n\n\n\n<li>Bei Personen, die ihre Mietwohnungen selber beheizen m\u00fcssen und dem Vermieter keine Heizungskosten zu zahlen haben, wird in der EL-Berechnung eine Heizkostenpauschale als Ausgabe ber\u00fccksichtigt. Diese entspricht der H\u00e4lfte der Nebenkostenpauschale f\u00fcr Wohneigent\u00fcmer. Per 2025 also CHF 1\u2019740\/Jahr.<\/li>\n<\/ul>\n\n\n\n<p>Zudem kommt es auf der Seite der anrechenbaren Eink\u00fcnfte zu einer Anpassung der Freibetr\u00e4ge. Der Freibetrag auf Erwerbseink\u00fcnfte betr\u00e4gt neu f\u00fcr Alleinstehende CHF 1\u2019300. F\u00fcr Ehepaare und Personen mit minderj\u00e4hrigen Kindern oder Kindern in Ausbildung betr\u00e4gt er neu CHF 1\u2019950.&nbsp;&nbsp;&nbsp;<\/p>\n<\/div><\/details><\/div>\n\n\n\n<div style=\"background-color:#f2f2f2;color:#32373c\" class=\"wp-block-genesis-blocks-gb-profile-box square gb-font-size-18 gb-block-profile gb-profile-columns\"><div class=\"gb-profile-column gb-profile-content-wrap\"><h2 class=\"gb-profile-name\" style=\"color:#32373c\">Reformen der EL in der Pipeline<br \/><\/h2><p class=\"gb-profile-title\" style=\"color:#32373c\">Ein Gesetzesentwurf um Erweiterungen der Pflege- und Betreuungsleistungen als Krankheits- und Behinderungskosten im Rahmen des betreuten Wohnens \u00e4lterer Menschen ist bereit f\u00fcr die parlamentarische Debatte.<br \/><a href=\"https:\/\/www.bsv.admin.ch\/bsv\/de\/home\/publikationen-und-service\/medieninformationen\/nsb-anzeigeseite.msg-id-102450.html\" target=\"_blank\" rel=\"noreferrer noopener\">Mehr dazu<\/a><\/p><div class=\"gb-profile-text\"><\/div><ul class=\"gb-social-links\"><\/ul><\/div><\/div>\n\n\n\n\n\n<h2 class=\"wp-block-heading\">Familienzulagen<\/h2>\n\n\n\n<p>Per 2025 werden die Mindestans\u00e4tze der Familienzulagen erh\u00f6ht. Der Hintergrund: Wenn der Landesindex f\u00fcr Konsumentenpreise (LIK) seit der letzten Festsetzung der Zulagen um \u00fcber 5 Punkte gestiegen ist, ist eine Anpassung auf die n\u00e4chste \u00c4nderung der AHV-Renten vorzunehmen. Da die letzte Festsetzung 2009 war und per 2024 die Teuerung seither mehr als 5% betragen hat, kommt es jetzt zur Anpassung.<\/p>\n\n\n\n<div class=\"wp-block-genesis-blocks-gb-accordion gb-block-accordion\"><details><summary class=\"gb-accordion-title\"><strong>Die wichtigsten Informationen zu den neuen Familienzulagen:<\/strong><\/summary><div class=\"gb-accordion-text\">\n<p>Die Familienzulagen betragen neu mindestens CHF 215 (bisher 200) und die Ausbildungszulagen CHF 268 (bisher 250).&nbsp;<\/p>\n\n\n\n<p>Viele Kantone haben bereits heute h\u00f6here Ans\u00e4tze. Eine zwingende Anpassung dieser Ans\u00e4tze erfolgt deshalb nur in Kantonen, in denen die Beitr\u00e4ge bisher darunter lagen.&nbsp;Eine gute \u00dcbersicht \u00fcber alle kantonalen Ans\u00e4tze und weitere Leistungen wie Geburts- und Adoptionszulagen findet sich <a href=\"https:\/\/www.bsv.admin.ch\/bsv\/de\/home\/sozialversicherungen\/famz\/grundlagen-und-gesetze\/ansaetze.html\" target=\"_blank\" rel=\"noreferrer noopener\">hier<\/a>.&nbsp;<\/p>\n\n\n\n<p>Zudem \u00e4ndern sich einige Masszahlen zu den Anspruchsvoraussetzungen der Familienzulagen:&nbsp;<\/p>\n\n\n\n<ul class=\"wp-block-list\">\n<li>Das Mindesteinkommen, bei dem Erwerbst\u00e4tige einen Anspruch haben k\u00f6nnen, erh\u00f6ht sich auf CHF 7\u2019560\/Jahr (50% der minimalen AHV-Altersrente); gleiches gilt f\u00fcr die Familienzulagen in der Landwirtschaft.&nbsp;<\/li>\n\n\n\n<li>Das maximale Einkommen, bei dem Nichterwerbst\u00e4tige einen Anspruch haben, betr\u00e4gt neu bis zu CHF 45\u2019360 (150% max. AHV-Altersrente).&nbsp;<\/li>\n<\/ul>\n\n\n\n<p>Zus\u00e4tzlich erh\u00f6ht sich das H\u00f6chsteinkommen, bis zu dem ein Anspruch auf Ausbildungszulagen bestehen kann, auf CHF 2\u2019520 im Monat bzw. 30\u2019240 im Jahr (entspricht der vollen AHV-Altersrente). In der Sozialberatung ist die damit verbundene m\u00f6gliche Folge des Verlusts von Ausbildungszulagen bei Erwerbst\u00e4tigkeiten zu beachten, bzw. die Beteiligten sind entsprechend zu informieren.<\/p>\n<\/div><\/details><\/div>\n\n\n\n\n\n<h2 class=\"wp-block-heading\">BVG: Erh\u00f6hung Invalidenrenten und Hinterlassenenrenten<\/h2>\n\n\n\n<p>Per 01.01.2025 werden die Invaliden- und die Hinterlassenenrenten der obligatorischen beruflichen Vorsorge an die Teuerung angepasst. Die erste Anpassung erfolgt nach drei Jahren, danach ist sie an die Anpassung der AHV-Renten gekoppelt und findet in der Regel alle zwei Jahre statt.<\/p>\n\n\n\n<div class=\"wp-block-genesis-blocks-gb-accordion gb-block-accordion\"><details><summary class=\"gb-accordion-title\"><strong>Das bedeutet f\u00fcr die AHV-Renten:<\/strong><\/summary><div class=\"gb-accordion-text\">\n<ul class=\"wp-block-list\">\n<li>Seit 2021 laufende Renten werden erstmals angepasst; sie werden um\u202f5,8 Prozent\u202ferh\u00f6ht.&nbsp;&nbsp;<\/li>\n\n\n\n<li>Per 01.01.2023 letztmals angepasste Renten werden um 2,5 Prozent erh\u00f6ht.&nbsp;<\/li>\n\n\n\n<li>Per 01.01.2024 erstmals angepasste Renten werden um\u202f0,8 Prozent erh\u00f6ht.&nbsp;<\/li>\n<\/ul>\n\n\n\n<p>F\u00fcr die Altersrenten schreibt das BVG keinen periodischen Teuerungsausgleich vor. Anpassungen erfolgen nach den M\u00f6glichkeiten und dem Entscheid der einzelnen Vorsorgeeinrichtungen (Art. 36 Abs. 2 BVG). &nbsp;<\/p>\n<\/div><\/details><\/div>\n\n\n\n<div class=\"wp-block-buttons is-content-justification-center is-layout-flex wp-container-core-buttons-is-layout-16018d1d wp-block-buttons-is-layout-flex\">\n<div class=\"wp-block-button is-style-fill\"><a class=\"wp-block-button__link has-background wp-element-button\" href=\"https:\/\/www.hslu.ch\/de-ch\/soziale-arbeit\/weiterbildung\/studienprogramm\/cas\/sozialversicherungsrecht\/\" style=\"background:linear-gradient(135deg,rgb(119,197,216) 0%,rgb(119,197,216) 100%)\" target=\"_blank\" rel=\"noreferrer noopener\"><strong>CAS Sozialversicherungsrecht<\/strong><\/a><\/div>\n<\/div>\n\n\n\n\n\n<h2 class=\"wp-block-heading\">Dritte S\u00e4ule: Anpassungen der m\u00f6glichen Steuerabz\u00fcge von Einzahlungen<\/h2>\n\n\n\n<p>Per 2025 wird der H\u00f6chstbeitrag angepasst, welcher in die dritte S\u00e4ule einbezahlt werden kann und zu einem Steuerabzug berechtigt: F\u00fcr Personen, die bei einer Vorsorgeeinrichtung versichert sind, betr\u00e4gt er CHF 7\u2019258 (das entspricht 8% des oberen Grenzbetrages des obligatorisch versicherten Verdienstes in der beruflichen Vorsorge). F\u00fcr Personen ohne Vorsorgeeinrichtung betr\u00e4gt der H\u00f6chstbetrag mit Steuerabzug CHF 36&#8217;288: (das entspricht 40% des oberen Grenzbetrages des versicherten Verdienstes gem\u00e4ss BVG).&nbsp;<\/p>\n\n\n\n<p>Zudem erm\u00f6glicht eine Verordnungs\u00e4nderung ab 01.01.2025, dass zuk\u00fcnftig Nachzahlungen von S\u00e4ule 3a-Beitr\u00e4gen m\u00f6glich werden. Dies gilt f\u00fcr Jahre, in denen der entsprechende Beitrag nicht voll einbezahlt wurde. Die Nachzahlung kann zus\u00e4tzlich zum Jahresbetrag einbezahlt und vom steuerbaren Einkommen abgesetzt werden.&nbsp;&nbsp;<\/p>\n\n\n\n<div class=\"wp-block-genesis-blocks-gb-accordion gb-block-accordion\"><details><summary class=\"gb-accordion-title\"><strong>Dabei gilt Folgendes f\u00fcr Nachzahlungen:\u00a0\u00a0<\/strong><\/summary><div class=\"gb-accordion-text\">\n<ul class=\"wp-block-list\">\n<li>Die Nachzahlungen sind erst ab 01.01.2025 m\u00f6glich. Also erstmals fr\u00fchestens per 2026 f\u00fcr das Jahr 2025, falls dann der Betrag nicht voll einbezahlt wurde. Im Weiteren k\u00f6nnen h\u00f6chstens 10 Jahre r\u00fcckwirkend Nachzahlungen vorgenommen werden.&nbsp;<\/li>\n\n\n\n<li>Die Nachzahlung ist nur f\u00fcr Jahre m\u00f6glich, in denen jemand in der Schweiz erwerbst\u00e4tig war. Auch im Nachzahlungsjahr muss eine Erwerbst\u00e4tigkeit bestehen.&nbsp;<\/li>\n\n\n\n<li>Pro Jahr ist als Nachzahlung h\u00f6chstens ein weiteres Mal der jeweilige H\u00f6chstbetrag mit Steuerabzug m\u00f6glich. Zudem ist f\u00fcr ein Jahr mit einer L\u00fccke nur einmal eine Nachzahlung bis zum entsprechenden H\u00f6chstbetrag m\u00f6glich.&nbsp;<\/li>\n\n\n\n<li>Die Nachzahlungen sind m\u00f6glich bis zum Bezug der dritten S\u00e4ule im Rahmen Pensionierung.&nbsp;<\/li>\n<\/ul>\n<\/div><\/details><\/div>\n\n\n\n\n\n<h2 class=\"wp-block-heading\">Krankenversicherung: \u00c4nderungen f\u00fcr Pr\u00e4miens\u00e4umige und Erleichterungen des Wechsels in andere Versicherungsmodelle<\/h2>\n\n\n\n<p>Schon per 2024 wurde ein Teil der Revision der Vollstreckung von Pr\u00e4mienschulden eingef\u00fchrt: Damit entfiel die Haftung der Vollj\u00e4hrigen f\u00fcr Pr\u00e4mien und Kostenbeteiligungen, welche die Eltern f\u00fcr sie schuldig blieben. Betroffene Versicherte k\u00f6nnen also mit der Vollj\u00e4hrigkeit auch die Krankenversicherung, etwa zu einem kosteng\u00fcnstigeren Angebot, \u00e4ndern. Die Versichernden m\u00fcssen die Versicherten \u00fcber diese M\u00f6glichkeit informieren (Art. 64a Abs. 7bis KVG; Art. 105l KVV).<\/p>\n\n\n\n<div class=\"wp-block-genesis-blocks-gb-accordion gb-block-accordion\"><details><summary class=\"gb-accordion-title\"><strong>Weitere \u00c4nderungen aus derselben Revision die nun per 01.01.2025 in Kraft treten:<\/strong><\/summary><div class=\"gb-accordion-text\">\n<p>So k\u00f6nnen ab 2025 die Versichernden noch h\u00f6chstens zwei Betreibungsverfahren pro Jahr bei Pr\u00e4mienschulden und Schulden von Kostenbeteiligungen gegen\u00fcber Versicherten anheben.&nbsp;<\/p>\n\n\n\n<p>Ab Juli 2025 k\u00f6nnen sich Kantone Verlustscheine f\u00fcr eine Sonderpr\u00e4mie von 5% von den Krankenversichernden ausstellen lassen. Das erm\u00f6glicht den Versicherten, trotz Ausst\u00e4nden die Krankenversicherung zu wechseln.&nbsp;&nbsp;<\/p>\n\n\n\n<p>F\u00fcr die Sozialberatung ist zu empfehlen, sich die n\u00e4chsten Monate bei den kantonalen Gesundheitsdirektionen zu erkundigen, ob sie von dieser M\u00f6glichkeit Gebrauch machen.&nbsp;&nbsp;<\/p>\n\n\n\n<p>Mit einer Neufassung von Art. 100 der Krankenversicherungsverordnung (KVV) hat der Bundesrat zus\u00e4tzlich eine gewisse Vereinfachung des Wechsels des Versicherungsmodells geschaffen. Eine Person kann neu auch unterj\u00e4hrig, also w\u00e4hrend des gesamten Jahres, und nicht nur einmal im Jahr, bei derselben Krankenversicherung in das Versicherungsmodell mit eingeschr\u00e4nkter Wahl der Leistungserbringer wechseln, zum Beispiel etwa vom Standardmodell zu alternativen Versicherungsmodellen wie Hausarzt, HMO oder TeleMed. Dies kann f\u00fcr die Sozialberatung wichtig sein, um den Klient*innen Kostenersparnisse zu erm\u00f6glichen, wenn sie nicht auf das Standardmodell angewiesen sind. &nbsp;<\/p>\n\n\n\n<p>Kleinere \u00c4nderungen, die per 2025 in Kraft treten, betreffen die Krankenleistungsverordnung (KLV), also den Leistungskatalog der obligatorischen Krankenversicherung. So werden etwa neu Kosten der Kopforthesentherapie bei einem vorzeitigen Sch\u00e4delnahtverschluss bei S\u00e4uglingen unter sechs Monaten \u00fcbernommen, wenn die versicherungsm\u00e4ssigen Voraussetzungen zur Kosten\u00fcbernahme durch die Invalidenversicherung (IV) nicht gegeben sind. &nbsp;<\/p>\n\n\n\n<p>Zudem wird das kantonale Fr\u00fcherkennungsprogramm f\u00fcr Darmkrebs des Kantons Solothurn von der Franchise befreit (wie bereits in den Kantonen BE, BL, BS, FR, GE, GR, JU, LU, NE, SG, TI, UR, VD, VS).&nbsp;<\/p>\n<\/div><\/details><\/div>\n\n\n\n\n\n<h2 class=\"wp-block-heading\">Sozialhilfe: Anpassung des Grundbedarfs<\/h2>\n\n\n\n<p>Die Anpassung des Grundbedarfs f\u00fcr den Lebensunterhalt (GBL) an die Teuerung erfolgt gem\u00e4ss SKOS-Richtlinien im gleichen prozentualen Umfang wie die Anpassung der Erg\u00e4nzungsleistungen zu AHV\/IV, sp\u00e4testens mit einem Jahr Verz\u00f6gerung. Diese Koppelung an den Mischindex wurde 2010 eingef\u00fchrt und hat sich seither bew\u00e4hrt.&nbsp;<\/p>\n\n\n\n<p>Vor diesem Hintergrund hat die Sozialdirektor*innenkonferenz (SODK) entschieden, den Kantonen die Erh\u00f6hung des GBL entsprechend der Erh\u00f6hung der AHV-Rente um 2,9% auf 1\u2019061 Franken zu empfehlen. Dies soll bis sp\u00e4testens am 01.01.2026 erfolgen. Die SKOS hat die aktuelle Umsetzung dieser Empfehlung in den Kantonen <a href=\"https:\/\/skos.ch\/skos-richtlinien\/grundbedarf-fuer-den-lebensunterhalt\" target=\"_blank\" rel=\"noreferrer noopener\">publiziert<\/a>.&nbsp;<\/p>\n\n\n\n\n\n<h2 class=\"wp-block-heading\">Bundesgesetz \u00fcber die Ausl\u00e4nderinnen und Ausl\u00e4nder und \u00fcber die Integration (AIG): Neuerungen f\u00fcr Opfer h\u00e4uslicher Gewalt<\/h2>\n\n\n\n<p>Ab 01.01.2025 haben bestimmte Opfer h\u00e4uslicher Gewalt einen eigenst\u00e4ndigen Aufenthaltsanspruch. Damit soll vermieden werden, dass sich Opfer h\u00e4uslicher Gewalt aus aufenthaltsrechtlichen Gr\u00fcnden von Gewaltt\u00e4ter*innen nicht trennen.<\/p>\n\n\n\n<div class=\"wp-block-genesis-blocks-gb-accordion gb-block-accordion\"><details><summary class=\"gb-accordion-title\"><strong>Die neue Regelung f\u00fcr Betroffene gilt wie folgt:<\/strong><\/summary><div class=\"gb-accordion-text\">\n<p>Opfer h\u00e4uslicher Gewalt erhalten neu ein eigenst\u00e4ndiges Aufenthaltsrecht, wenn sie sich von einem*einer gewaltt\u00e4tigen Partner*in mit einer Aufenthaltsbewilligung (Ausweis B), einer Kurzaufenthaltsbewilligung (Ausweis L) sowie von vorl\u00e4ufig Aufgenommenen (Ausweis F) trennen. Bisher galt diese Regelung nur f\u00fcr ausl\u00e4ndische Familienangeh\u00f6rige von Schweizerinnen und Schweizern sowie von Personen mit einer Niederlassungsbewilligung (Ausweis C).&nbsp;<\/p>\n\n\n\n<p>Bei einer Verl\u00e4ngerung einer Bewilligung sind den negativen Folgen von h\u00e4uslicher Gewalt (oder auch Zwangsheirat) f\u00fcr die Opfer angemessen Rechnung zu tragen.&nbsp;<\/p>\n\n\n\n<p>Das Gesetz benennt pr\u00e4zise, welche Indizien als Hinweise auf h\u00e4usliche Gewalt gelten, die dann f\u00fcr Betroffene zu eigenem Aufenthaltsrecht bei Trennung f\u00fchren, bzw. bei der Verl\u00e4ngerung der Bewilligung Ber\u00fccksichtigung finden m\u00fcssen (vgl. Art. 50 Abs. 2 lit. a AIG).&nbsp;&nbsp;<\/p>\n\n\n\n<p>Als solche Hinweise gelten insbesondere:<\/p>\n\n\n\n<ul class=\"wp-block-list\">\n<li>Die Anerkennung als Opfer im Sinne von Artikel 1 Absatz 1 des Opferhilfegesetzes durch die daf\u00fcr zust\u00e4ndigen Beh\u00f6rden&nbsp;<\/li>\n\n\n\n<li>Die Best\u00e4tigung einer notwendigen Betreuung oder Schutzgew\u00e4hrung durch eine auf h\u00e4usliche Gewalt spezialisierte und in der Regel \u00f6ffentlich finanzierte Fachstelle&nbsp;<\/li>\n\n\n\n<li>Polizeiliche oder richterliche Massnahmen zum Schutz des Opfers&nbsp;<\/li>\n\n\n\n<li>Arztberichte oder andere Gutachten&nbsp;<\/li>\n\n\n\n<li>Polizeirapporte und Strafanzeigen&nbsp;<\/li>\n\n\n\n<li>eine entsprechende strafrechtliche Verurteilung der T\u00e4terschaft&nbsp;<\/li>\n<\/ul>\n\n\n\n<p>In der Sozialberatung ist also darauf zu achten, dass Betroffene die entsprechende behauptete Gewalt gem\u00e4ss den anerkannten Indizien belegen k\u00f6nnen.&nbsp;<\/p>\n<\/div><\/details><\/div>\n\n\n\n<p>Von:\u00a0Peter M\u00f6sch<br>Bild: Adobe Stock<br>Ver\u00f6ffentlicht: 7. Januar 2025<\/p>\n\n\n\n<div style=\"background-color:#f2f2f2;color:#32373c\" class=\"wp-block-genesis-blocks-gb-profile-box square gb-has-avatar gb-font-size-18 gb-block-profile gb-profile-columns\"><div class=\"gb-profile-column gb-profile-avatar-wrap\"><div class=\"gb-profile-image-wrap\"><figure class=\"gb-profile-image-square\"><img loading=\"lazy\" decoding=\"async\" width=\"174\" height=\"183\" class=\"gb-profile-avatar wp-image-5238\" src=\"https:\/\/hub.hslu.ch\/soziale-arbeit\/wp-content\/uploads\/sites\/23\/2023\/01\/Peter-Moesch-HSLU.jpg\" alt=\"Peter M\u00f6sch HSLU\" \/><\/figure><\/div><\/div><div class=\"gb-profile-column gb-profile-content-wrap\"><h2 class=\"gb-profile-name\" style=\"color:#32373c\">Prof. Peter M\u00f6sch Payot<\/h2><p class=\"gb-profile-title\" style=\"color:#32373c\"><a href=\"https:\/\/www.hslu.ch\/de-ch\/hochschule-luzern\/ueber-uns\/personensuche\/profile\/?pid=89\">Peter M\u00f6sch Payot\u00a0<\/a>ist seit 2009 Professor an der Hochschule Luzern \u2013 Soziale Arbeit im Sozialrecht t\u00e4tig. Er hat als Jurist und Leiter das Kompetenzzentrum Soziale Sicherung mit aufgebaut. Seine thematischen Schwerpunkte liegen im Sozialversicherungs-, Sozialhilfe- und Arbeitsrecht sowie in Rechtsfragen in Beratung, Betreuung und Pflege. Zu diesen Themen publiziert er regelm\u00e4ssig und wirkt an Forschungsprojekten mit. Er verantwortet an der HSLU Weiterbildungen und Dienstleistungen zu Sozialrechts- und Organisationsfragen und unterrichtet in der Lehre und in diversen Weiterbildungen. Er ist unter anderem Mitglied der Sozialbeh\u00f6rde der Stadt Bern, fungiert als Referent an Hochschulen und Universit\u00e4ten und im Vorstand von\u00a0<a href=\"https:\/\/www.sozialinfo.ch\/\">sozialinfo.ch<\/a>\u00a0t\u00e4tig.<\/p><div class=\"gb-profile-text\"><\/div><ul class=\"gb-social-links\"><\/ul><\/div><\/div>\n\n\n<div class=\"blue-box\">\n\t<div class=\"row\">\n\t\t<div class=\"col-md-12\">\n\t\t\t<p><strong><a href=\"https:\/\/www.hslu.ch\/de-ch\/soziale-arbeit\/weiterbildung\/studienprogramm\/cas\/sozialversicherungsrecht\/\">CAS Sozialversicherungsrecht<\/a><\/strong><\/p>\n<p>Das CAS Sozialversicherungsrecht bietet praxisnahes Expertenwissen f\u00fcr Mitarbeitende in der Sozialversicherungsbranche. Das CAS baut auf dem Fachwissen der eidg. Berufspr\u00fcfung und der h\u00f6heren Fachpr\u00fcfung im Sozialversicherungsbereich auf und stellt die Vernetzung und Reflexion aktueller Fragen aus dem gesamten Bereich des Sozialversicherungsrechts ins Zentrum.<\/p>\n<p><strong>Zielgruppe: <\/strong>Fachpersonen aus der Sozialversicherungsbranche und dem Personalwesen<\/p>\n<p><strong>Infoveranstaltungen:\u00a0<\/strong><a href=\"https:\/\/www.hslu.ch\/de-ch\/soziale-arbeit\/agenda\/veranstaltungen\/2025\/02\/25\/info-veranstaltung-cas-svr\/\">25. Februar 2025<\/a><\/p>\n<p><strong>Programmstart:<\/strong>\u00a012. September 2025<\/p>\n<p><strong>Mehr Informationen:\u00a0<\/strong><a href=\"https:\/\/www.hslu.ch\/de-ch\/soziale-arbeit\/weiterbildung\/studienprogramm\/cas\/sozialversicherungsrecht\/\">Webseite CAS Sozialversicherungsrecht<\/a><\/p>\n\t\t<\/div>\n\t<\/div>\n<\/div>\n\n\n<div class=\"blue-box\">\n\t<div class=\"row\">\n\t\t<div class=\"col-md-12\">\n\t\t\t<p><!-- wp:paragraph --><\/p>\n<p><strong><a href=\"https:\/\/www.hslu.ch\/de-ch\/soziale-arbeit\/weiterbildung\/studienprogramm\/fachkurse\/sozialhilfeverfahren\/\">Fachkurs Sozialhilfeverfahren<\/a><\/strong><\/p>\n<p><!-- \/wp:paragraph --> <!-- wp:paragraph --><\/p>\n<p>Die Teilnehmenden des Fachkurses lernen, zentrale Herausforderungen der Verfahrensgestaltung zu erkennen und sind in der Lage, die grundlegenden Verfahrensschritte korrekt zu gestalten.<\/p>\n<p><!-- \/wp:paragraph --> <!-- wp:paragraph --><\/p>\n<p><strong>Interessiert?\u00a0<\/strong><a href=\"https:\/\/www.hslu.ch\/de-ch\/soziale-arbeit\/weiterbildung\/studienprogramm\/fachkurse\/sozialhilfeverfahren\/\">Mehr Informationen zum Fachkurs<\/a><\/p>\n<p><!-- \/wp:paragraph --><\/p>\n\t\t<\/div>\n\t<\/div>\n<\/div>\n\n\n<div class=\"blue-box\">\n\t<div class=\"row\">\n\t\t<div class=\"col-md-12\">\n\t\t\t<p><strong><a href=\"https:\/\/www.hslu.ch\/de-ch\/soziale-arbeit\/weiterbildung\/themen\/soziale-sicherheit\/\">Weiterbildungen f\u00fcr die Sozialberatung<\/a><\/strong><\/p>\n<p>Im Zentrum der\u00a0<a href=\"https:\/\/www.hslu.ch\/de-ch\/soziale-arbeit\/weiterbildung\/themen\/soziale-sicherheit\/\">Weiterbildungen<\/a>\u00a0in Sozialer Sicherheit stehen immer die praxistypischen Fragen, die sich in der Sozialberatung, in der Sozialhilfe, f\u00fcr Mandatstr\u00e4gerinnen und Mandatstr\u00e4ger im Kindes- und Erwachsenenschutz oder in Eingliederungs- und Integrationsangeboten stellen.<\/p>\n<p><strong>Fachseminare AHV \/ IV \/ EL:<\/strong><\/p>\n<ul>\n<li><a href=\"https:\/\/www.hslu.ch\/de-ch\/soziale-arbeit\/weiterbildung\/studienprogramm\/fachseminare\/ansprueche-gegenueber-der-invalidenversicherung\/\">Fachseminar Anspr\u00fcche gegen\u00fcber der Invalidenversicherung<\/a><\/li>\n<li><a href=\"https:\/\/www.hslu.ch\/de-ch\/soziale-arbeit\/weiterbildung\/studienprogramm\/fachseminare\/ansprueche-auf-ergaenzungsleistungen\/\">Fachseminar Anspr\u00fcche auf Erg\u00e4nzungsleistungen<\/a><\/li>\n<li><a href=\"https:\/\/www.hslu.ch\/de-ch\/soziale-arbeit\/weiterbildung\/studienprogramm\/fachseminare\/ahv-und-altersvorsorge\/\">Fachseminar AHV und Altersvorsorge<\/a><\/li>\n<\/ul>\n\t\t<\/div>\n\t<\/div>\n<\/div>\n","protected":false},"excerpt":{"rendered":"<p>Per 1. Januar 2025 werden diverse \u00c4nderungen im ganzen Bereich des Sozialrechts und der Sozialversicherungen in Kraft treten. F\u00fcr die Sozialberatung gibt es wichtige Neuerungen, die beachtet werden m\u00fcssen. Die wichtigsten \u00c4nderungen sind hier zusammengefasst.<\/p>\n","protected":false},"author":152,"featured_media":10299,"comment_status":"open","ping_status":"closed","sticky":false,"template":"","format":"standard","meta":{"_acf_changed":false,"inline_featured_image":false,"_relevanssi_hide_post":"","_relevanssi_hide_content":"","_relevanssi_pin_for_all":"","_relevanssi_pin_keywords":"","_relevanssi_unpin_keywords":"","_relevanssi_related_keywords":"","_relevanssi_related_include_ids":"","_relevanssi_related_exclude_ids":"","_relevanssi_related_no_append":"","_relevanssi_related_not_related":"","_relevanssi_related_posts":"1907,549,1911,6012,1892,1376","_relevanssi_noindex_reason":"","footnotes":"","_links_to":"","_links_to_target":""},"categories":[18,8],"tags":[325,326,327,292],"class_list":["post-10292","post","type-post","status-publish","format-standard","has-post-thumbnail","hentry","category-soziale-sicherheit","category-weiterbildung","tag-ahv","tag-el","tag-sozialberatung","tag-soziale-sicherheit"],"acf":[],"yoast_head":"<!-- This site is optimized with the Yoast SEO plugin v27.5 - https:\/\/yoast.com\/product\/yoast-seo-wordpress\/ -->\n<title>Sozial\u00ad(versicherungs)\u00adrecht 2025: Was man f\u00fcr die Sozialberatung wissen muss &#8211; Soziale Arbeit an der Hochschule Luzern<\/title>\n<meta name=\"robots\" content=\"index, follow, max-snippet:-1, max-image-preview:large, max-video-preview:-1\" \/>\n<link rel=\"canonical\" href=\"https:\/\/hub.hslu.ch\/soziale-arbeit\/sozialversicherungsrecht-2025-was-man-fuer-die-sozialberatung-wissen-muss\/\" \/>\n<meta property=\"og:locale\" content=\"de_DE\" \/>\n<meta property=\"og:type\" content=\"article\" \/>\n<meta property=\"og:title\" content=\"Sozial\u00ad(versicherungs)\u00adrecht 2025: Was man f\u00fcr die Sozialberatung wissen muss &#8211; Soziale Arbeit an der Hochschule Luzern\" \/>\n<meta property=\"og:description\" content=\"Per 1. Januar 2025 werden diverse \u00c4nderungen im ganzen Bereich des Sozialrechts und der Sozialversicherungen in Kraft treten. F\u00fcr die Sozialberatung gibt es wichtige Neuerungen, die beachtet werden m\u00fcssen. Die wichtigsten \u00c4nderungen sind hier zusammengefasst.\" \/>\n<meta property=\"og:url\" content=\"https:\/\/hub.hslu.ch\/soziale-arbeit\/sozialversicherungsrecht-2025-was-man-fuer-die-sozialberatung-wissen-muss\/\" \/>\n<meta property=\"og:site_name\" content=\"Soziale Arbeit an der Hochschule Luzern\" \/>\n<meta property=\"article:published_time\" content=\"2025-01-07T10:54:31+00:00\" \/>\n<meta property=\"article:modified_time\" content=\"2026-02-11T13:54:09+00:00\" \/>\n<meta property=\"og:image\" content=\"https:\/\/hub.hslu.ch\/soziale-arbeit\/wp-content\/uploads\/sites\/23\/2025\/01\/Sozialversicherungsrecht-2025-Was-man-fuer-die-Sozialberatung-wissen-muss.jpg\" \/>\n\t<meta property=\"og:image:width\" content=\"1614\" \/>\n\t<meta property=\"og:image:height\" content=\"1007\" \/>\n\t<meta property=\"og:image:type\" content=\"image\/jpeg\" \/>\n<meta name=\"author\" content=\"Roger Ettlin\" \/>\n<meta name=\"twitter:card\" content=\"summary_large_image\" \/>\n<meta name=\"twitter:label1\" content=\"Geschrieben von\" \/>\n\t<meta name=\"twitter:data1\" content=\"Roger Ettlin\" \/>\n\t<meta name=\"twitter:label2\" content=\"Gesch\u00e4tzte Lesezeit\" \/>\n\t<meta name=\"twitter:data2\" content=\"14\u00a0Minuten\" \/>\n<script type=\"application\/ld+json\" class=\"yoast-schema-graph\">{\"@context\":\"https:\\\/\\\/schema.org\",\"@graph\":[{\"@type\":\"Article\",\"@id\":\"https:\\\/\\\/hub.hslu.ch\\\/soziale-arbeit\\\/sozialversicherungsrecht-2025-was-man-fuer-die-sozialberatung-wissen-muss\\\/#article\",\"isPartOf\":{\"@id\":\"https:\\\/\\\/hub.hslu.ch\\\/soziale-arbeit\\\/sozialversicherungsrecht-2025-was-man-fuer-die-sozialberatung-wissen-muss\\\/\"},\"author\":{\"name\":\"Roger Ettlin\",\"@id\":\"https:\\\/\\\/hub.hslu.ch\\\/soziale-arbeit\\\/#\\\/schema\\\/person\\\/0d13e861725ae87916921d6d018489e4\"},\"headline\":\"Sozial\u00ad(versicherungs)\u00adrecht 2025: Was man f\u00fcr die Sozialberatung wissen muss\",\"datePublished\":\"2025-01-07T10:54:31+00:00\",\"dateModified\":\"2026-02-11T13:54:09+00:00\",\"mainEntityOfPage\":{\"@id\":\"https:\\\/\\\/hub.hslu.ch\\\/soziale-arbeit\\\/sozialversicherungsrecht-2025-was-man-fuer-die-sozialberatung-wissen-muss\\\/\"},\"wordCount\":2415,\"commentCount\":1,\"image\":{\"@id\":\"https:\\\/\\\/hub.hslu.ch\\\/soziale-arbeit\\\/sozialversicherungsrecht-2025-was-man-fuer-die-sozialberatung-wissen-muss\\\/#primaryimage\"},\"thumbnailUrl\":\"https:\\\/\\\/hub.hslu.ch\\\/soziale-arbeit\\\/wp-content\\\/uploads\\\/sites\\\/23\\\/2025\\\/01\\\/Sozialversicherungsrecht-2025-Was-man-fuer-die-Sozialberatung-wissen-muss.jpg\",\"keywords\":[\"AHV\",\"EL\",\"Sozialberatung\",\"Soziale Sicherheit\"],\"articleSection\":[\"Soziale Sicherheit\",\"Weiterbildung\"],\"inLanguage\":\"de-CH\",\"potentialAction\":[{\"@type\":\"CommentAction\",\"name\":\"Comment\",\"target\":[\"https:\\\/\\\/hub.hslu.ch\\\/soziale-arbeit\\\/sozialversicherungsrecht-2025-was-man-fuer-die-sozialberatung-wissen-muss\\\/#respond\"]}]},{\"@type\":\"WebPage\",\"@id\":\"https:\\\/\\\/hub.hslu.ch\\\/soziale-arbeit\\\/sozialversicherungsrecht-2025-was-man-fuer-die-sozialberatung-wissen-muss\\\/\",\"url\":\"https:\\\/\\\/hub.hslu.ch\\\/soziale-arbeit\\\/sozialversicherungsrecht-2025-was-man-fuer-die-sozialberatung-wissen-muss\\\/\",\"name\":\"Sozial\u00ad(versicherungs)\u00adrecht 2025: Was man f\u00fcr die Sozialberatung wissen muss &#8211; Soziale Arbeit an der Hochschule Luzern\",\"isPartOf\":{\"@id\":\"https:\\\/\\\/hub.hslu.ch\\\/soziale-arbeit\\\/#website\"},\"primaryImageOfPage\":{\"@id\":\"https:\\\/\\\/hub.hslu.ch\\\/soziale-arbeit\\\/sozialversicherungsrecht-2025-was-man-fuer-die-sozialberatung-wissen-muss\\\/#primaryimage\"},\"image\":{\"@id\":\"https:\\\/\\\/hub.hslu.ch\\\/soziale-arbeit\\\/sozialversicherungsrecht-2025-was-man-fuer-die-sozialberatung-wissen-muss\\\/#primaryimage\"},\"thumbnailUrl\":\"https:\\\/\\\/hub.hslu.ch\\\/soziale-arbeit\\\/wp-content\\\/uploads\\\/sites\\\/23\\\/2025\\\/01\\\/Sozialversicherungsrecht-2025-Was-man-fuer-die-Sozialberatung-wissen-muss.jpg\",\"datePublished\":\"2025-01-07T10:54:31+00:00\",\"dateModified\":\"2026-02-11T13:54:09+00:00\",\"author\":{\"@id\":\"https:\\\/\\\/hub.hslu.ch\\\/soziale-arbeit\\\/#\\\/schema\\\/person\\\/0d13e861725ae87916921d6d018489e4\"},\"breadcrumb\":{\"@id\":\"https:\\\/\\\/hub.hslu.ch\\\/soziale-arbeit\\\/sozialversicherungsrecht-2025-was-man-fuer-die-sozialberatung-wissen-muss\\\/#breadcrumb\"},\"inLanguage\":\"de-CH\",\"potentialAction\":[{\"@type\":\"ReadAction\",\"target\":[\"https:\\\/\\\/hub.hslu.ch\\\/soziale-arbeit\\\/sozialversicherungsrecht-2025-was-man-fuer-die-sozialberatung-wissen-muss\\\/\"]}]},{\"@type\":\"ImageObject\",\"inLanguage\":\"de-CH\",\"@id\":\"https:\\\/\\\/hub.hslu.ch\\\/soziale-arbeit\\\/sozialversicherungsrecht-2025-was-man-fuer-die-sozialberatung-wissen-muss\\\/#primaryimage\",\"url\":\"https:\\\/\\\/hub.hslu.ch\\\/soziale-arbeit\\\/wp-content\\\/uploads\\\/sites\\\/23\\\/2025\\\/01\\\/Sozialversicherungsrecht-2025-Was-man-fuer-die-Sozialberatung-wissen-muss.jpg\",\"contentUrl\":\"https:\\\/\\\/hub.hslu.ch\\\/soziale-arbeit\\\/wp-content\\\/uploads\\\/sites\\\/23\\\/2025\\\/01\\\/Sozialversicherungsrecht-2025-Was-man-fuer-die-Sozialberatung-wissen-muss.jpg\",\"width\":1614,\"height\":1007,\"caption\":\"Sozialversicherungsrecht 2025 - Was man f\u00fcr die Sozialberatung wissen muss\"},{\"@type\":\"BreadcrumbList\",\"@id\":\"https:\\\/\\\/hub.hslu.ch\\\/soziale-arbeit\\\/sozialversicherungsrecht-2025-was-man-fuer-die-sozialberatung-wissen-muss\\\/#breadcrumb\",\"itemListElement\":[{\"@type\":\"ListItem\",\"position\":1,\"name\":\"Home\",\"item\":\"https:\\\/\\\/hub.hslu.ch\\\/soziale-arbeit\\\/\"},{\"@type\":\"ListItem\",\"position\":2,\"name\":\"Sozial\u00ad(versicherungs)\u00adrecht 2025: Was man f\u00fcr die Sozialberatung wissen muss\"}]},{\"@type\":\"WebSite\",\"@id\":\"https:\\\/\\\/hub.hslu.ch\\\/soziale-arbeit\\\/#website\",\"url\":\"https:\\\/\\\/hub.hslu.ch\\\/soziale-arbeit\\\/\",\"name\":\"Soziale Arbeit an der Hochschule Luzern\",\"description\":\"Der Blog der Hochschule Luzern \u2013 Soziale Arbeit\",\"potentialAction\":[{\"@type\":\"SearchAction\",\"target\":{\"@type\":\"EntryPoint\",\"urlTemplate\":\"https:\\\/\\\/hub.hslu.ch\\\/soziale-arbeit\\\/?s={search_term_string}\"},\"query-input\":{\"@type\":\"PropertyValueSpecification\",\"valueRequired\":true,\"valueName\":\"search_term_string\"}}],\"inLanguage\":\"de-CH\"},{\"@type\":\"Person\",\"@id\":\"https:\\\/\\\/hub.hslu.ch\\\/soziale-arbeit\\\/#\\\/schema\\\/person\\\/0d13e861725ae87916921d6d018489e4\",\"name\":\"Roger Ettlin\"}]}<\/script>\n<!-- \/ Yoast SEO plugin. -->","yoast_head_json":{"title":"Sozial\u00ad(versicherungs)\u00adrecht 2025: Was man f\u00fcr die Sozialberatung wissen muss &#8211; Soziale Arbeit an der Hochschule Luzern","robots":{"index":"index","follow":"follow","max-snippet":"max-snippet:-1","max-image-preview":"max-image-preview:large","max-video-preview":"max-video-preview:-1"},"canonical":"https:\/\/hub.hslu.ch\/soziale-arbeit\/sozialversicherungsrecht-2025-was-man-fuer-die-sozialberatung-wissen-muss\/","og_locale":"de_DE","og_type":"article","og_title":"Sozial\u00ad(versicherungs)\u00adrecht 2025: Was man f\u00fcr die Sozialberatung wissen muss &#8211; Soziale Arbeit an der Hochschule Luzern","og_description":"Per 1. Januar 2025 werden diverse \u00c4nderungen im ganzen Bereich des Sozialrechts und der Sozialversicherungen in Kraft treten. F\u00fcr die Sozialberatung gibt es wichtige Neuerungen, die beachtet werden m\u00fcssen. Die wichtigsten \u00c4nderungen sind hier zusammengefasst.","og_url":"https:\/\/hub.hslu.ch\/soziale-arbeit\/sozialversicherungsrecht-2025-was-man-fuer-die-sozialberatung-wissen-muss\/","og_site_name":"Soziale Arbeit an der Hochschule Luzern","article_published_time":"2025-01-07T10:54:31+00:00","article_modified_time":"2026-02-11T13:54:09+00:00","og_image":[{"width":1614,"height":1007,"url":"https:\/\/hub.hslu.ch\/soziale-arbeit\/wp-content\/uploads\/sites\/23\/2025\/01\/Sozialversicherungsrecht-2025-Was-man-fuer-die-Sozialberatung-wissen-muss.jpg","type":"image\/jpeg"}],"author":"Roger Ettlin","twitter_card":"summary_large_image","twitter_misc":{"Geschrieben von":"Roger Ettlin","Gesch\u00e4tzte Lesezeit":"14\u00a0Minuten"},"schema":{"@context":"https:\/\/schema.org","@graph":[{"@type":"Article","@id":"https:\/\/hub.hslu.ch\/soziale-arbeit\/sozialversicherungsrecht-2025-was-man-fuer-die-sozialberatung-wissen-muss\/#article","isPartOf":{"@id":"https:\/\/hub.hslu.ch\/soziale-arbeit\/sozialversicherungsrecht-2025-was-man-fuer-die-sozialberatung-wissen-muss\/"},"author":{"name":"Roger Ettlin","@id":"https:\/\/hub.hslu.ch\/soziale-arbeit\/#\/schema\/person\/0d13e861725ae87916921d6d018489e4"},"headline":"Sozial\u00ad(versicherungs)\u00adrecht 2025: Was man f\u00fcr die Sozialberatung wissen muss","datePublished":"2025-01-07T10:54:31+00:00","dateModified":"2026-02-11T13:54:09+00:00","mainEntityOfPage":{"@id":"https:\/\/hub.hslu.ch\/soziale-arbeit\/sozialversicherungsrecht-2025-was-man-fuer-die-sozialberatung-wissen-muss\/"},"wordCount":2415,"commentCount":1,"image":{"@id":"https:\/\/hub.hslu.ch\/soziale-arbeit\/sozialversicherungsrecht-2025-was-man-fuer-die-sozialberatung-wissen-muss\/#primaryimage"},"thumbnailUrl":"https:\/\/hub.hslu.ch\/soziale-arbeit\/wp-content\/uploads\/sites\/23\/2025\/01\/Sozialversicherungsrecht-2025-Was-man-fuer-die-Sozialberatung-wissen-muss.jpg","keywords":["AHV","EL","Sozialberatung","Soziale Sicherheit"],"articleSection":["Soziale Sicherheit","Weiterbildung"],"inLanguage":"de-CH","potentialAction":[{"@type":"CommentAction","name":"Comment","target":["https:\/\/hub.hslu.ch\/soziale-arbeit\/sozialversicherungsrecht-2025-was-man-fuer-die-sozialberatung-wissen-muss\/#respond"]}]},{"@type":"WebPage","@id":"https:\/\/hub.hslu.ch\/soziale-arbeit\/sozialversicherungsrecht-2025-was-man-fuer-die-sozialberatung-wissen-muss\/","url":"https:\/\/hub.hslu.ch\/soziale-arbeit\/sozialversicherungsrecht-2025-was-man-fuer-die-sozialberatung-wissen-muss\/","name":"Sozial\u00ad(versicherungs)\u00adrecht 2025: Was man f\u00fcr die Sozialberatung wissen muss &#8211; Soziale Arbeit an der Hochschule Luzern","isPartOf":{"@id":"https:\/\/hub.hslu.ch\/soziale-arbeit\/#website"},"primaryImageOfPage":{"@id":"https:\/\/hub.hslu.ch\/soziale-arbeit\/sozialversicherungsrecht-2025-was-man-fuer-die-sozialberatung-wissen-muss\/#primaryimage"},"image":{"@id":"https:\/\/hub.hslu.ch\/soziale-arbeit\/sozialversicherungsrecht-2025-was-man-fuer-die-sozialberatung-wissen-muss\/#primaryimage"},"thumbnailUrl":"https:\/\/hub.hslu.ch\/soziale-arbeit\/wp-content\/uploads\/sites\/23\/2025\/01\/Sozialversicherungsrecht-2025-Was-man-fuer-die-Sozialberatung-wissen-muss.jpg","datePublished":"2025-01-07T10:54:31+00:00","dateModified":"2026-02-11T13:54:09+00:00","author":{"@id":"https:\/\/hub.hslu.ch\/soziale-arbeit\/#\/schema\/person\/0d13e861725ae87916921d6d018489e4"},"breadcrumb":{"@id":"https:\/\/hub.hslu.ch\/soziale-arbeit\/sozialversicherungsrecht-2025-was-man-fuer-die-sozialberatung-wissen-muss\/#breadcrumb"},"inLanguage":"de-CH","potentialAction":[{"@type":"ReadAction","target":["https:\/\/hub.hslu.ch\/soziale-arbeit\/sozialversicherungsrecht-2025-was-man-fuer-die-sozialberatung-wissen-muss\/"]}]},{"@type":"ImageObject","inLanguage":"de-CH","@id":"https:\/\/hub.hslu.ch\/soziale-arbeit\/sozialversicherungsrecht-2025-was-man-fuer-die-sozialberatung-wissen-muss\/#primaryimage","url":"https:\/\/hub.hslu.ch\/soziale-arbeit\/wp-content\/uploads\/sites\/23\/2025\/01\/Sozialversicherungsrecht-2025-Was-man-fuer-die-Sozialberatung-wissen-muss.jpg","contentUrl":"https:\/\/hub.hslu.ch\/soziale-arbeit\/wp-content\/uploads\/sites\/23\/2025\/01\/Sozialversicherungsrecht-2025-Was-man-fuer-die-Sozialberatung-wissen-muss.jpg","width":1614,"height":1007,"caption":"Sozialversicherungsrecht 2025 - Was man f\u00fcr die Sozialberatung wissen muss"},{"@type":"BreadcrumbList","@id":"https:\/\/hub.hslu.ch\/soziale-arbeit\/sozialversicherungsrecht-2025-was-man-fuer-die-sozialberatung-wissen-muss\/#breadcrumb","itemListElement":[{"@type":"ListItem","position":1,"name":"Home","item":"https:\/\/hub.hslu.ch\/soziale-arbeit\/"},{"@type":"ListItem","position":2,"name":"Sozial\u00ad(versicherungs)\u00adrecht 2025: Was man f\u00fcr die Sozialberatung wissen muss"}]},{"@type":"WebSite","@id":"https:\/\/hub.hslu.ch\/soziale-arbeit\/#website","url":"https:\/\/hub.hslu.ch\/soziale-arbeit\/","name":"Soziale Arbeit an der Hochschule Luzern","description":"Der Blog der Hochschule Luzern \u2013 Soziale Arbeit","potentialAction":[{"@type":"SearchAction","target":{"@type":"EntryPoint","urlTemplate":"https:\/\/hub.hslu.ch\/soziale-arbeit\/?s={search_term_string}"},"query-input":{"@type":"PropertyValueSpecification","valueRequired":true,"valueName":"search_term_string"}}],"inLanguage":"de-CH"},{"@type":"Person","@id":"https:\/\/hub.hslu.ch\/soziale-arbeit\/#\/schema\/person\/0d13e861725ae87916921d6d018489e4","name":"Roger Ettlin"}]}},"featured_image_src":"https:\/\/hub.hslu.ch\/soziale-arbeit\/wp-content\/uploads\/sites\/23\/2025\/01\/Sozialversicherungsrecht-2025-Was-man-fuer-die-Sozialberatung-wissen-muss.jpg","featured_image_src_square":"https:\/\/hub.hslu.ch\/soziale-arbeit\/wp-content\/uploads\/sites\/23\/2025\/01\/Sozialversicherungsrecht-2025-Was-man-fuer-die-Sozialberatung-wissen-muss.jpg","author_info":{"display_name":"Roger Ettlin","author_link":"https:\/\/hub.hslu.ch\/soziale-arbeit\/author\/rogerettlin\/"},"_links":{"self":[{"href":"https:\/\/hub.hslu.ch\/soziale-arbeit\/wp-json\/wp\/v2\/posts\/10292","targetHints":{"allow":["GET"]}}],"collection":[{"href":"https:\/\/hub.hslu.ch\/soziale-arbeit\/wp-json\/wp\/v2\/posts"}],"about":[{"href":"https:\/\/hub.hslu.ch\/soziale-arbeit\/wp-json\/wp\/v2\/types\/post"}],"author":[{"embeddable":true,"href":"https:\/\/hub.hslu.ch\/soziale-arbeit\/wp-json\/wp\/v2\/users\/152"}],"replies":[{"embeddable":true,"href":"https:\/\/hub.hslu.ch\/soziale-arbeit\/wp-json\/wp\/v2\/comments?post=10292"}],"version-history":[{"count":45,"href":"https:\/\/hub.hslu.ch\/soziale-arbeit\/wp-json\/wp\/v2\/posts\/10292\/revisions"}],"predecessor-version":[{"id":13068,"href":"https:\/\/hub.hslu.ch\/soziale-arbeit\/wp-json\/wp\/v2\/posts\/10292\/revisions\/13068"}],"wp:featuredmedia":[{"embeddable":true,"href":"https:\/\/hub.hslu.ch\/soziale-arbeit\/wp-json\/wp\/v2\/media\/10299"}],"wp:attachment":[{"href":"https:\/\/hub.hslu.ch\/soziale-arbeit\/wp-json\/wp\/v2\/media?parent=10292"}],"wp:term":[{"taxonomy":"category","embeddable":true,"href":"https:\/\/hub.hslu.ch\/soziale-arbeit\/wp-json\/wp\/v2\/categories?post=10292"},{"taxonomy":"post_tag","embeddable":true,"href":"https:\/\/hub.hslu.ch\/soziale-arbeit\/wp-json\/wp\/v2\/tags?post=10292"}],"curies":[{"name":"wp","href":"https:\/\/api.w.org\/{rel}","templated":true}]}}