{"id":10513,"date":"2025-02-19T07:50:14","date_gmt":"2025-02-19T06:50:14","guid":{"rendered":"https:\/\/hub.hslu.ch\/soziale-arbeit\/?p=10513"},"modified":"2026-02-11T14:54:09","modified_gmt":"2026-02-11T13:54:09","slug":"sieben-buecher-die-du-gelesen-haben-musst","status":"publish","type":"post","link":"https:\/\/hub.hslu.ch\/soziale-arbeit\/sieben-buecher-die-du-gelesen-haben-musst\/","title":{"rendered":"Sieben B\u00fccher, die du gelesen haben musst"},"content":{"rendered":"\n\n\n<p>Sich auf sieben Must-Reads festlegen, das ist gar nicht so einfach. F\u00fcr mich lebt das Lesen in der Sozialen Arbeit vom Wechsel zwischen Fachliteratur, die direkt aus der Sozialen Arbeit stammen, und B\u00fcchern aus verwandten Disziplinen, die dennoch f\u00fcr Studium und Praxis wertvoll sind.<\/p>\n\n\n\n<p>Und Romane &#8211; besonders solche mit gesellschaftskritischem Bezug &#8211; bieten einen anderen Zugang zum fachlichen Nachdenken oder Sorgen zwischendurch f\u00fcr entspanntes Lesen, ganz ohne Bleistift und Notizblock.<\/p>\n\n\n\n<div style=\"background-color:#f2f2f2;color:#32373c\" class=\"wp-block-genesis-blocks-gb-profile-box square gb-has-avatar gb-font-size-18 gb-block-profile gb-profile-columns\"><div class=\"gb-profile-column gb-profile-avatar-wrap\"><div class=\"gb-profile-image-wrap\"><figure class=\"gb-profile-image-square\"><img loading=\"lazy\" decoding=\"async\" width=\"174\" height=\"183\" class=\"gb-profile-avatar wp-image-10514\" src=\"https:\/\/hub.hslu.ch\/soziale-arbeit\/wp-content\/uploads\/sites\/23\/2025\/02\/Annika-Henrizi-HSLU.jpg\" alt=\"Annika Henrizi HSLU\" \/><\/figure><\/div><\/div><div class=\"gb-profile-column gb-profile-content-wrap\"><h2 class=\"gb-profile-name\" style=\"color:#32373c\"><strong>Annika Henrizi <\/strong><\/h2><p class=\"gb-profile-title\" style=\"color:#32373c\">Annika Henrizi leitet seit 2020 die Fachstelle Informationskompetenz der Hochschule Luzern und ist eine der Co-Koordinatorinnen der sechs HSLU-Bibliotheken, die organisatorisch von der Zentral- und Hochschulbibliothek gef\u00fchrt werden. Sie ist ausserdem Fachreferentin f\u00fcr Soziale Arbeit am Standort HSLU Soziale Arbeit.<\/p><div class=\"gb-profile-text\"><\/div><ul class=\"gb-social-links\"><\/ul><\/div><\/div>\n\n\n\n<p>Mit den Lesetipps er\u00f6ffnen wir auch die Debatte mit unseren Lesenden: Welche weiteren Must-Reads muss man kennen? Welches w\u00e4ren deine Literaturtipps mit Bezug zur Sozialen Arbeit? Schreibe sie ganz zuunterst in die Kommentarspalte.&nbsp;<\/p>\n\n\n\n<h2 class=\"wp-block-heading\"><strong>Diese sieben B\u00fccher muss man lesen:<\/strong><\/h2>\n\n\n\n<p class=\"is-style-lead\"><strong>1. Der Klassiker zur Stadtforschung: Im Aus der Vorst\u00e4dte. Der Zerfall der demokratischen Gesellschaft (1994) von Francois Dubet und Didier Lapeyronnie.<\/strong><\/p>\n\n\n\n<p>Das Buch habe ich zu Beginn meines Studiums gelesen und es hat mein Interesse f\u00fcr St\u00e4dte und Raumtheorie geweckt. Ein echter Klassiker f\u00fcr alle, die sich mit sozialer Ausgrenzung und ihrer r\u00e4umlichen Manifestation an den R\u00e4ndern der St\u00e4dte besch\u00e4ftigen wollen. Schon 20 Jahre alt \u2013 und (leider) trotzdem noch sehr aktuell.<\/p>\n\n\n\n<p><a href=\"https:\/\/slsp-rzs.primo.exlibrisgroup.com\/discovery\/fulldisplay?docid=alma99762770105505&amp;context=L&amp;vid=41SLSP_RZS:VU06&amp;lang=de&amp;search_scope=MyInst_and_CI&amp;adaptor=Local%20Search%20Engine&amp;tab=41SLSP_RZS_MyInst_and_CI&amp;query=any,contains,Im%20Aus%20der%20Vorst%C3%A4dte&amp;offset=0\" target=\"_blank\" rel=\"noreferrer noopener\">Link zum gedruckten Buch in Swisscovery<\/a><\/p>\n\n\n<div class=\"wp-block-image\">\n<figure class=\"aligncenter size-full\"><img loading=\"lazy\" decoding=\"async\" width=\"293\" height=\"475\" src=\"https:\/\/hub.hslu.ch\/soziale-arbeit\/wp-content\/uploads\/sites\/23\/2025\/02\/Buch-Francois-Dubet-und-Didier-Lapeyronnie-Im-Aus-der-Vorstaedte.-Der-Zerfall-der-demokratischen-Gesellschaft.jpg\" alt=\"Buch Francois Dubet und Didier Lapeyronnie - Im Aus der Vorst\u00e4dte. Der Zerfall der demokratischen Gesellschaft\" class=\"wp-image-10522\" srcset=\"https:\/\/hub.hslu.ch\/soziale-arbeit\/wp-content\/uploads\/sites\/23\/2025\/02\/Buch-Francois-Dubet-und-Didier-Lapeyronnie-Im-Aus-der-Vorstaedte.-Der-Zerfall-der-demokratischen-Gesellschaft.jpg 293w, https:\/\/hub.hslu.ch\/soziale-arbeit\/wp-content\/uploads\/sites\/23\/2025\/02\/Buch-Francois-Dubet-und-Didier-Lapeyronnie-Im-Aus-der-Vorstaedte.-Der-Zerfall-der-demokratischen-Gesellschaft-185x300.jpg 185w\" sizes=\"auto, (max-width: 293px) 100vw, 293px\" \/><\/figure>\n<\/div>\n\n\n\n\n<p class=\"is-style-lead\"><strong>2. Feministischer Roman \u00fcber das Mutter-Sein: Die Wut, die Bleibt (2022) von<\/strong> <strong>Mareike Fallwickl<\/strong><\/p>\n\n\n\n<p>Als Helene eines Abends vom Esstisch aufsteht und aus dem Fenster springt, bleibt eine klaffende Leerstelle zur\u00fcck \u2013 f\u00fcr ihre beste Freundin Sarah, ihre drei Kinder und eine Gesellschaft, die Frauen \u00fcberfordert und unsichtbar macht. In schonungsloser Wucht erz\u00e4hlt Mareike Fallwickl von weiblicher Wut, Solidarit\u00e4t und dem langen Schatten patriarchaler Strukturen.<\/p>\n\n\n\n<p>Ein ziemlich krasser Roman \u00fcber die Rolle von Frauen in Familie und Gesellschaft, Vereinbarkeit von Beruf und Familie, Eltern-Kind-Beziehung und Freundschaft. Unbedingt lesenswert: Hier geht es <a href=\"https:\/\/slsp-rzs.primo.exlibrisgroup.com\/discovery\/fulldisplay?docid=alma9914364905205505&amp;context=L&amp;vid=41SLSP_RZS:VU06&amp;lang=de&amp;search_scope=MyInst_and_CI&amp;adaptor=Local%20Search%20Engine&amp;tab=41SLSP_RZS_MyInst_and_CI&amp;query=any,contains,mareike%20fallwickl&amp;offset=0\" target=\"_blank\" rel=\"noreferrer noopener\">zum gedruckten Buch<\/a>.<\/p>\n\n\n<div class=\"wp-block-image\">\n<figure class=\"aligncenter size-full\"><img loading=\"lazy\" decoding=\"async\" width=\"290\" height=\"475\" src=\"https:\/\/hub.hslu.ch\/soziale-arbeit\/wp-content\/uploads\/sites\/23\/2025\/02\/2.-Buch-von-Mareike-Fallwickl-Die-Wut-die-Bleibt.jpg\" alt=\"2. Buch von Mareike Fallwickl - Die Wut, die Bleibt\" class=\"wp-image-10528\" srcset=\"https:\/\/hub.hslu.ch\/soziale-arbeit\/wp-content\/uploads\/sites\/23\/2025\/02\/2.-Buch-von-Mareike-Fallwickl-Die-Wut-die-Bleibt.jpg 290w, https:\/\/hub.hslu.ch\/soziale-arbeit\/wp-content\/uploads\/sites\/23\/2025\/02\/2.-Buch-von-Mareike-Fallwickl-Die-Wut-die-Bleibt-183x300.jpg 183w\" sizes=\"auto, (max-width: 290px) 100vw, 290px\" \/><\/figure>\n<\/div>\n\n\n\n\n<p class=\"is-style-lead\"><strong>3. Das Nachschlagewerk: Fachlexikon der Sozialen Arbeit (2022)<\/strong><\/p>\n\n\n\n<p>Ich weiss nicht, wie oft ich darin nachgeschlagen habe, aber vermutlich einige 100-mal und auch unsere Studierenden fragen recht oft danach. Umso besser, dass es das Werk in der mittlerweile 9. Auflage nun auch als <a href=\"https:\/\/slsp-rzs.primo.exlibrisgroup.com\/discovery\/fulldisplay?docid=alma9914401711005505&amp;context=L&amp;vid=41SLSP_RZS:VU06&amp;lang=de&amp;search_scope=MyInst_and_CI&amp;adaptor=Local%20Search%20Engine&amp;tab=41SLSP_RZS_MyInst_and_CI&amp;query=any,contains,Fachlexikon%20soziale%20Arbeit&amp;sortby=date_d&amp;facet=frbrgroupid,include,9046289278378484272&amp;offset=0\" target=\"_blank\" rel=\"noreferrer noopener\">E-Book<\/a> gibt!<\/p>\n\n\n\n<p><a href=\"https:\/\/slsp-rzs.primo.exlibrisgroup.com\/discovery\/fulldisplay?docid=alma9914389811005505&amp;context=L&amp;vid=41SLSP_RZS:VU06&amp;lang=de&amp;search_scope=MyInst_and_CI&amp;adaptor=Local%20Search%20Engine&amp;tab=41SLSP_RZS_MyInst_and_CI&amp;query=any,contains,Fachlexikon%20soziale%20Arbeit&amp;sortby=date_d&amp;facet=frbrgroupid,include,9046289278378484272&amp;offset=0\" target=\"_blank\" rel=\"noreferrer noopener\">Link zum gedruckten Buch<\/a> und weitere Nachschlagewerke zu Sozialer Arbeit findest du in unserer <a href=\"https:\/\/slsp-rzs.primo.exlibrisgroup.com\/discovery\/collectionDiscovery?vid=41SLSP_RZS:VU06&amp;collectionId=81248293990005505&amp;lang=de\" target=\"_blank\" rel=\"noreferrer noopener\">Sammlung auf Swisscovery<\/a>.<\/p>\n\n\n<div class=\"wp-block-image\">\n<figure class=\"aligncenter size-full is-resized\"><img loading=\"lazy\" decoding=\"async\" width=\"283\" height=\"475\" src=\"https:\/\/hub.hslu.ch\/soziale-arbeit\/wp-content\/uploads\/sites\/23\/2025\/02\/3.-Buch-Fachlexikon-der-Sozialen-Arbeit.jpg\" alt=\"3. Buch Fachlexikon der Sozialen Arbeit\" class=\"wp-image-10529\" style=\"width:auto;height:475px\" srcset=\"https:\/\/hub.hslu.ch\/soziale-arbeit\/wp-content\/uploads\/sites\/23\/2025\/02\/3.-Buch-Fachlexikon-der-Sozialen-Arbeit.jpg 283w, https:\/\/hub.hslu.ch\/soziale-arbeit\/wp-content\/uploads\/sites\/23\/2025\/02\/3.-Buch-Fachlexikon-der-Sozialen-Arbeit-179x300.jpg 179w\" sizes=\"auto, (max-width: 283px) 100vw, 283px\" \/><\/figure>\n<\/div>\n\n\n\n\n<p class=\"is-style-lead\"><strong>4. Ein tiefer Blick in unsere Gesellschaft: Das Elend der Welt (1993)<\/strong> <strong>von Pierre Bourdieu<\/strong><\/p>\n\n\n\n<p>Ich mag Bourdieu &#8211; seine Werke helfen mir nach wie vor, das gesellschaftliche Miteinander besser zu verstehen. <em>Das Elend der Welt<\/em> ist eine von Bourdieu herausgegebene Sammlung eines Autorenkollektivs, die in ihren Beitr\u00e4gen soziale Probleme analysieren &#8211; meist im Dialog mit Menschen am Rand der Gesellschaft. Die einzelnen Aufs\u00e4tze ergeben inhaltlich gruppiert ein sinnvolles Ganzes, lassen sich aber auch einzeln lesen und verstehen.<\/p>\n\n\n\n<p><a href=\"https:\/\/slsp-rzs.primo.exlibrisgroup.com\/discovery\/fulldisplay?docid=alma991069030105505&amp;context=L&amp;vid=41SLSP_RZS:VU06&amp;lang=de&amp;search_scope=MyInst_and_CI&amp;adaptor=Local%20Search%20Engine&amp;tab=41SLSP_RZS_MyInst_and_CI&amp;query=any,contains,Das%20Elend%20der%20Welt&amp;sortby=date_d&amp;facet=frbrgroupid,include,9062736721454219935&amp;offset=0\" target=\"_blank\" rel=\"noreferrer noopener\">Link zum gedruckten Buch<\/a><\/p>\n\n\n<div class=\"wp-block-image\">\n<figure class=\"aligncenter size-full is-resized\"><img loading=\"lazy\" decoding=\"async\" width=\"336\" height=\"475\" src=\"https:\/\/hub.hslu.ch\/soziale-arbeit\/wp-content\/uploads\/sites\/23\/2025\/02\/4.-Buch-von-Pierre-Bourdieu-das-Elend-der-Welt.jpg\" alt=\"4. Buch von Pierre Bourdieu - das Elend der Welt\" class=\"wp-image-10530\" style=\"width:auto;height:475px\" srcset=\"https:\/\/hub.hslu.ch\/soziale-arbeit\/wp-content\/uploads\/sites\/23\/2025\/02\/4.-Buch-von-Pierre-Bourdieu-das-Elend-der-Welt.jpg 336w, https:\/\/hub.hslu.ch\/soziale-arbeit\/wp-content\/uploads\/sites\/23\/2025\/02\/4.-Buch-von-Pierre-Bourdieu-das-Elend-der-Welt-212x300.jpg 212w\" sizes=\"auto, (max-width: 336px) 100vw, 336px\" \/><\/figure>\n<\/div>\n\n\n\n\n<p class=\"is-style-lead\"><strong>5. KI ganzheitlich betrachten: Atlas der KI (2024)<\/strong><\/p>\n\n\n\n<p>Wir tendieren dazu, k\u00fcnstliche Intelligenz als eine wundersame und k\u00f6rperlose Form der maschinellen Klugheit zu betrachten. Die preisgekr\u00f6nte Wissenschaftlerin Kate Crawford zeigt uns jedoch, dass KI weder wirklich k\u00fcnstlich noch intelligent ist \u2013 vielmehr beruht sie auf materiellen Ressourcen, Ausbeutung und der Konzentration von Macht.<\/p>\n\n\n\n<p>Zu Digitalit\u00e4t und besonders zu KI gibt es unz\u00e4hlige B\u00fccher \u2013 doch dieses hier begeistert mich besonders, weil es einen umfassenden und kritischen Blick auf das Thema bietet. Das <a href=\"https:\/\/slsp-rzs.primo.exlibrisgroup.com\/discovery\/fulldisplay?docid=alma9914612803405505&amp;context=L&amp;vid=41SLSP_RZS:VU06&amp;lang=de&amp;search_scope=MyInst_and_CI&amp;adaptor=Local%20Search%20Engine&amp;tab=41SLSP_RZS_MyInst_and_CI&amp;query=any,contains,atlas%20der%20Ki&amp;offset=0\">gedruckte Buch<\/a> findest du auf Swisscovery.<\/p>\n\n\n<div class=\"wp-block-image\">\n<figure class=\"aligncenter size-full is-resized\"><img loading=\"lazy\" decoding=\"async\" width=\"308\" height=\"475\" src=\"https:\/\/hub.hslu.ch\/soziale-arbeit\/wp-content\/uploads\/sites\/23\/2025\/02\/5.-Buch-von-Kate-Crawford-Atlas-der-KI.jpg\" alt=\"5. Buch von Kate Crawford - Atlas der KI\" class=\"wp-image-10531\" style=\"width:auto;height:475px\" srcset=\"https:\/\/hub.hslu.ch\/soziale-arbeit\/wp-content\/uploads\/sites\/23\/2025\/02\/5.-Buch-von-Kate-Crawford-Atlas-der-KI.jpg 308w, https:\/\/hub.hslu.ch\/soziale-arbeit\/wp-content\/uploads\/sites\/23\/2025\/02\/5.-Buch-von-Kate-Crawford-Atlas-der-KI-195x300.jpg 195w\" sizes=\"auto, (max-width: 308px) 100vw, 308px\" \/><\/figure>\n<\/div>\n\n\n\n\n<p class=\"is-style-lead\"><strong>6. Ein ganz aktuelles Thema: Fachkr\u00e4ftemangel und De-Professionalsierung in der Sozialen Arbeit (2024)<\/strong><\/p>\n\n\n\n<p>Der Fachkr\u00e4ftemangel wird derzeit \u00fcberall heiss diskutiert und betrifft auch die Soziale Arbeit. Der Sammelband von Julia Franz, Christian Spatscheck und Anne van Riessen analysiert Hintergr\u00fcnde und Ausmass des Fachkr\u00e4ftemangels und zeigt auf, wie die Soziale Arbeit mit der Tendenz zur Deprofessionalisierung sinnvoll umgehen kann.<\/p>\n\n\n\n<p>Sehr lesenswert und das Buch ist nicht nur als <a href=\"https:\/\/slsp-rzs.primo.exlibrisgroup.com\/discovery\/fulldisplay?docid=alma9914623907905505&amp;context=L&amp;vid=41SLSP_RZS:VU06&amp;lang=de&amp;search_scope=MyInst_and_CI&amp;adaptor=Local%20Search%20Engine&amp;tab=41SLSP_RZS_MyInst_and_CI&amp;query=any,contains,Deprofessionalisierung%20Soziale%20Arbeit&amp;sortby=date_d&amp;facet=frbrgroupid,include,9014278961991884452&amp;offset=0\" target=\"_blank\" rel=\"noreferrer noopener\">Print<\/a>, sondern auch <a href=\"https:\/\/directory.doabooks.org\/handle\/20.500.12854\/145971\" target=\"_blank\" rel=\"noreferrer noopener\">Open Access<\/a> erschienen, d.h. es ist online f\u00fcr alle zug\u00e4nglich!<\/p>\n\n\n<div class=\"wp-block-image\">\n<figure class=\"aligncenter size-full is-resized\"><img loading=\"lazy\" decoding=\"async\" width=\"335\" height=\"475\" src=\"https:\/\/hub.hslu.ch\/soziale-arbeit\/wp-content\/uploads\/sites\/23\/2025\/02\/6.-Buch-Fachkraeftemangel-und-De-Professionalsierung-in-der-Sozialen-Arbeit.jpg\" alt=\"6. Buch Fachkr\u00e4ftemangel und De-Professionalsierung in der Sozialen Arbeit\" class=\"wp-image-10532\" style=\"width:auto;height:475px\" srcset=\"https:\/\/hub.hslu.ch\/soziale-arbeit\/wp-content\/uploads\/sites\/23\/2025\/02\/6.-Buch-Fachkraeftemangel-und-De-Professionalsierung-in-der-Sozialen-Arbeit.jpg 335w, https:\/\/hub.hslu.ch\/soziale-arbeit\/wp-content\/uploads\/sites\/23\/2025\/02\/6.-Buch-Fachkraeftemangel-und-De-Professionalsierung-in-der-Sozialen-Arbeit-212x300.jpg 212w\" sizes=\"auto, (max-width: 335px) 100vw, 335px\" \/><\/figure>\n<\/div>\n\n\n<p class=\"is-style-lead\"><strong>7. Ein Klassiker der Sozialtheorie und Sozialpsychologie: Asyle (1973) von Erving Goffman<\/strong><\/p>\n\n\n\n<p>In <em>Asyle<\/em> untersucht Erving Goffman das Leben in geschlossenen Institutionen wie Psychiatrien. Besonders bemerkenswert an seinem Ansatz: Er richtet den Blick nicht auf die Krankheiten der Patient:innen, sondern auf die Institutionen. Seine zentrale These: Nicht die Krankheit pr\u00e4gt die Patient:innen am st\u00e4rksten, sondern die Institution, in der sie sich befinden \u2013 und der sie ausgeliefert sind.<\/p>\n\n\n\n<p>Und auch nicht ganz unwichtig: Das Buch ist supergut lesbar! Das Buch kannst du dir \u00fcber <a href=\"https:\/\/slsp-rzs.primo.exlibrisgroup.com\/discovery\/fulldisplay?docid=alma991722550105505&amp;context=L&amp;vid=41SLSP_RZS:VU06&amp;lang=de&amp;search_scope=MyInst_and_CI&amp;adaptor=Local%20Search%20Engine&amp;tab=41SLSP_RZS_MyInst_and_CI&amp;query=any,contains,goffman%20asyle&amp;sortby=date_d&amp;facet=frbrgroupid,include,9033296136010133453&amp;offset=0\" target=\"_blank\" rel=\"noreferrer noopener\">Swisscovery<\/a> ausleihen.<\/p>\n\n\n<div class=\"wp-block-image\">\n<figure class=\"aligncenter size-full is-resized\"><img loading=\"lazy\" decoding=\"async\" width=\"287\" height=\"475\" src=\"https:\/\/hub.hslu.ch\/soziale-arbeit\/wp-content\/uploads\/sites\/23\/2025\/02\/7.-Erving-Goffman-Asyle-Ueber-die-soziale-Situation-psychiatrischer-Patienten-und-anderer-Insassen.jpg\" alt=\"7. Erving Goffman - Asyle - \u00dcber die soziale Situation psychiatrischer Patienten und anderer Insassen\" class=\"wp-image-10556\" style=\"width:auto;height:475px\" srcset=\"https:\/\/hub.hslu.ch\/soziale-arbeit\/wp-content\/uploads\/sites\/23\/2025\/02\/7.-Erving-Goffman-Asyle-Ueber-die-soziale-Situation-psychiatrischer-Patienten-und-anderer-Insassen.jpg 287w, https:\/\/hub.hslu.ch\/soziale-arbeit\/wp-content\/uploads\/sites\/23\/2025\/02\/7.-Erving-Goffman-Asyle-Ueber-die-soziale-Situation-psychiatrischer-Patienten-und-anderer-Insassen-181x300.jpg 181w\" sizes=\"auto, (max-width: 287px) 100vw, 287px\" \/><\/figure>\n<\/div>\n\n\n<p>Ich bin gespannt auf eure Buchempfehlungen \u2013 welches Buch hat deine Perspektive auf die Soziale Arbeit ver\u00e4ndert?<\/p>\n\n\n\n<p>Von:&nbsp;Annika Henrizi<br>Bild: <a href=\"https:\/\/unsplash.com\/de\/@margabagus?utm_content=creditCopyText&amp;utm_medium=referral&amp;utm_source=unsplash\">Marga Santoso<\/a> auf <a href=\"https:\/\/unsplash.com\/de\/fotos\/frau-im-grauen-hemd-liegt-auf-dem-bett-EW-L8Vy4y9M?utm_content=creditCopyText&amp;utm_medium=referral&amp;utm_source=unsplash\">Unsplash<\/a><br>Ver\u00f6ffentlicht: 19. Februar 2025<\/p>\n\n\n<div class=\"blue-box\">\n\t<div class=\"row\">\n\t\t<div class=\"col-md-12\">\n\t\t\t<p><strong>Hat unsere Auswahl deine Leselust geweckt?<\/strong> Wende dich an die <a href=\"https:\/\/www.hslu.ch\/de-ch\/soziale-arbeit\/campus\/bibliothek\/\">Bibliothek der Hochschule Luzern \u2013 Soziale Arbeit<\/a>. Sie steht allen Interessierten offen und bietet eine vielf\u00e4ltige Auswahl an Fachliteratur, Romanen und Zeitschriften \u2013 sowohl gedruckt als auch digital.<\/p>\n<p>Fehlt Euer Must-Read in der Bibliothek? Hier geht\u2019s zum <a href=\"https:\/\/www.hslu.ch\/de-ch\/soziale-arbeit\/campus\/bibliothek\/anschaffungsvorschlag\/\">Medienwunsch-Formular<\/a>!<\/p>\n\t\t<\/div>\n\t<\/div>\n<\/div>\n\n\n<div class=\"blue-box\">\n\t<div class=\"row\">\n\t\t<div class=\"col-md-12\">\n\t\t\t<p><strong>Abonniere unseren Blog<\/strong> und erhalte wertvolle Tipps sowie spannende Einblicke in die Welt der Sozialen Arbeit: <a href=\"https:\/\/hub.hslu.ch\/soziale-arbeit\/blog-abo\/\">Zum Blog-Abo<\/a>.<\/p>\n\t\t<\/div>\n\t<\/div>\n<\/div>\n\n\n<div class=\"blue-box\">\n\t<div class=\"row\">\n\t\t<div class=\"col-md-12\">\n\t\t\t<p><a href=\"https:\/\/www.hslu.ch\/de-ch\/soziale-arbeit\/studium\/bachelor\/soziale-arbeit\/?gad_source=1&amp;gclid=CjwKCAiAvoqsBhB9EiwA9XTWGU0wifUyTkMIO_aDdaWju_36w6DrMFsE5LNOgHU2qUeff4QkLJAEMBoCPgwQAvD_BwE&amp;gclsrc=aw.ds\"><strong>Bachelor in Sozialer Arbeit mit Vertiefungsrichtung Sozialarbeit, Soziokultur oder Sozialp\u00e4dagogik<\/strong><\/a><\/p>\n<p>Das Bachelor-Studium vermittelt das Basiswissen f\u00fcr alle Bereiche der Sozialen Arbeit und fokussiert dann auf die drei Studienrichtungen Sozialarbeit, Soziokultur und Sozialp\u00e4dagogik. Sozialarbeitende unterst\u00fctzen Menschen darin, ihr Leben zu bew\u00e4ltigen und selber zu gestalten. In Krisensituationen wie Arbeitsplatzverlust oder Armut vermitteln sie Hilfe. Das Studium kann in Vollzeit, Teilzeit oder berufsbegleitend absolviert werden.<\/p>\n<p><strong>Weitere Informationen:<\/strong>\u00a0<a href=\"https:\/\/www.hslu.ch\/de-ch\/soziale-arbeit\/studium\/bachelor\/soziale-arbeit\/?gad_source=1&amp;gclid=CjwKCAiAvoqsBhB9EiwA9XTWGU0wifUyTkMIO_aDdaWju_36w6DrMFsE5LNOgHU2qUeff4QkLJAEMBoCPgwQAvD_BwE&amp;gclsrc=aw.ds\">Webseite zum Bachelor in Sozialer Arbeit<\/a><\/p>\n<p><b>Infoveranstaltung:<\/b>\u00a0<a href=\"https:\/\/www.hslu.ch\/de-ch\/soziale-arbeit\/studium\/info-veranstaltungen\/#?filters=102,1050&amp;q=bachelor\">Hier anmelden<\/a><\/p>\n\t\t<\/div>\n\t<\/div>\n<\/div>\n","protected":false},"excerpt":{"rendered":"<p>Vom unverzichtbaren Fachlexikon \u00fcber den KI-Atlas bis hin zum krassen Roman \u00fcber die Rolle der Frau \u2013 unsere Fachreferentin Annika Henrizi hat DIE sieben B\u00fccher zur Sozialen Arbeit f\u00fcr dich ausgew\u00e4hlt.<\/p>\n","protected":false},"author":152,"featured_media":10517,"comment_status":"open","ping_status":"closed","sticky":false,"template":"","format":"standard","meta":{"_acf_changed":false,"inline_featured_image":false,"_relevanssi_hide_post":"","_relevanssi_hide_content":"","_relevanssi_pin_for_all":"","_relevanssi_pin_keywords":"","_relevanssi_unpin_keywords":"","_relevanssi_related_keywords":"","_relevanssi_related_include_ids":"","_relevanssi_related_exclude_ids":"","_relevanssi_related_no_append":"","_relevanssi_related_not_related":"","_relevanssi_related_posts":"5500,6978,9935,9555,224,1305","_relevanssi_noindex_reason":"","footnotes":"","_links_to":"","_links_to_target":""},"categories":[7,8],"tags":[96,372,74,357,56,320],"class_list":["post-10513","post","type-post","status-publish","format-standard","has-post-thumbnail","hentry","category-ausbildung","category-weiterbildung","tag-bachelor-in-sozialer-arbeit","tag-buecher","tag-gesellschaftlicher-wandel","tag-ki","tag-stadtentwicklung","tag-tipps-fuers-studium"],"acf":[],"yoast_head":"<!-- This site is optimized with the Yoast SEO plugin v27.4 - https:\/\/yoast.com\/product\/yoast-seo-wordpress\/ -->\n<title>Sieben B\u00fccher, die du gelesen haben musst &#8211; Soziale Arbeit an der Hochschule Luzern<\/title>\n<meta name=\"robots\" content=\"index, follow, max-snippet:-1, max-image-preview:large, max-video-preview:-1\" \/>\n<link rel=\"canonical\" href=\"https:\/\/hub.hslu.ch\/soziale-arbeit\/sieben-buecher-die-du-gelesen-haben-musst\/\" \/>\n<meta property=\"og:locale\" content=\"de_DE\" \/>\n<meta property=\"og:type\" content=\"article\" \/>\n<meta property=\"og:title\" content=\"Sieben B\u00fccher, die du gelesen haben musst &#8211; Soziale Arbeit an der Hochschule Luzern\" \/>\n<meta property=\"og:description\" content=\"Vom unverzichtbaren Fachlexikon \u00fcber den KI-Atlas bis hin zum krassen Roman \u00fcber die Rolle der Frau \u2013 unsere Fachreferentin Annika Henrizi hat DIE sieben B\u00fccher zur Sozialen Arbeit f\u00fcr dich ausgew\u00e4hlt.\" \/>\n<meta property=\"og:url\" content=\"https:\/\/hub.hslu.ch\/soziale-arbeit\/sieben-buecher-die-du-gelesen-haben-musst\/\" \/>\n<meta property=\"og:site_name\" content=\"Soziale Arbeit an der Hochschule Luzern\" \/>\n<meta property=\"article:published_time\" content=\"2025-02-19T06:50:14+00:00\" \/>\n<meta property=\"article:modified_time\" content=\"2026-02-11T13:54:09+00:00\" \/>\n<meta property=\"og:image\" content=\"https:\/\/hub.hslu.ch\/soziale-arbeit\/wp-content\/uploads\/sites\/23\/2025\/02\/Sieben-Buecher-der-Sozialen-Arbeit.jpg\" \/>\n\t<meta property=\"og:image:width\" content=\"1614\" \/>\n\t<meta property=\"og:image:height\" content=\"907\" \/>\n\t<meta property=\"og:image:type\" content=\"image\/jpeg\" \/>\n<meta name=\"author\" content=\"Roger Ettlin\" \/>\n<meta name=\"twitter:card\" content=\"summary_large_image\" \/>\n<meta name=\"twitter:label1\" content=\"Geschrieben von\" \/>\n\t<meta name=\"twitter:data1\" content=\"Roger Ettlin\" \/>\n\t<meta name=\"twitter:label2\" content=\"Gesch\u00e4tzte Lesezeit\" \/>\n\t<meta name=\"twitter:data2\" content=\"7\u00a0Minuten\" \/>\n<script type=\"application\/ld+json\" class=\"yoast-schema-graph\">{\"@context\":\"https:\\\/\\\/schema.org\",\"@graph\":[{\"@type\":\"Article\",\"@id\":\"https:\\\/\\\/hub.hslu.ch\\\/soziale-arbeit\\\/sieben-buecher-die-du-gelesen-haben-musst\\\/#article\",\"isPartOf\":{\"@id\":\"https:\\\/\\\/hub.hslu.ch\\\/soziale-arbeit\\\/sieben-buecher-die-du-gelesen-haben-musst\\\/\"},\"author\":{\"name\":\"Roger Ettlin\",\"@id\":\"https:\\\/\\\/hub.hslu.ch\\\/soziale-arbeit\\\/#\\\/schema\\\/person\\\/0d13e861725ae87916921d6d018489e4\"},\"headline\":\"Sieben B\u00fccher, die du gelesen haben musst\",\"datePublished\":\"2025-02-19T06:50:14+00:00\",\"dateModified\":\"2026-02-11T13:54:09+00:00\",\"mainEntityOfPage\":{\"@id\":\"https:\\\/\\\/hub.hslu.ch\\\/soziale-arbeit\\\/sieben-buecher-die-du-gelesen-haben-musst\\\/\"},\"wordCount\":778,\"commentCount\":0,\"image\":{\"@id\":\"https:\\\/\\\/hub.hslu.ch\\\/soziale-arbeit\\\/sieben-buecher-die-du-gelesen-haben-musst\\\/#primaryimage\"},\"thumbnailUrl\":\"https:\\\/\\\/hub.hslu.ch\\\/soziale-arbeit\\\/wp-content\\\/uploads\\\/sites\\\/23\\\/2025\\\/02\\\/Sieben-Buecher-der-Sozialen-Arbeit.jpg\",\"keywords\":[\"Bachelor in Sozialer Arbeit\",\"B\u00fccher\",\"gesellschaftlicher Wandel\",\"KI\",\"Stadtentwicklung\",\"Tipps f\u00fcrs Studium\"],\"articleSection\":[\"Studium\",\"Weiterbildung\"],\"inLanguage\":\"de-CH\",\"potentialAction\":[{\"@type\":\"CommentAction\",\"name\":\"Comment\",\"target\":[\"https:\\\/\\\/hub.hslu.ch\\\/soziale-arbeit\\\/sieben-buecher-die-du-gelesen-haben-musst\\\/#respond\"]}]},{\"@type\":\"WebPage\",\"@id\":\"https:\\\/\\\/hub.hslu.ch\\\/soziale-arbeit\\\/sieben-buecher-die-du-gelesen-haben-musst\\\/\",\"url\":\"https:\\\/\\\/hub.hslu.ch\\\/soziale-arbeit\\\/sieben-buecher-die-du-gelesen-haben-musst\\\/\",\"name\":\"Sieben B\u00fccher, die du gelesen haben musst &#8211; Soziale Arbeit an der Hochschule Luzern\",\"isPartOf\":{\"@id\":\"https:\\\/\\\/hub.hslu.ch\\\/soziale-arbeit\\\/#website\"},\"primaryImageOfPage\":{\"@id\":\"https:\\\/\\\/hub.hslu.ch\\\/soziale-arbeit\\\/sieben-buecher-die-du-gelesen-haben-musst\\\/#primaryimage\"},\"image\":{\"@id\":\"https:\\\/\\\/hub.hslu.ch\\\/soziale-arbeit\\\/sieben-buecher-die-du-gelesen-haben-musst\\\/#primaryimage\"},\"thumbnailUrl\":\"https:\\\/\\\/hub.hslu.ch\\\/soziale-arbeit\\\/wp-content\\\/uploads\\\/sites\\\/23\\\/2025\\\/02\\\/Sieben-Buecher-der-Sozialen-Arbeit.jpg\",\"datePublished\":\"2025-02-19T06:50:14+00:00\",\"dateModified\":\"2026-02-11T13:54:09+00:00\",\"author\":{\"@id\":\"https:\\\/\\\/hub.hslu.ch\\\/soziale-arbeit\\\/#\\\/schema\\\/person\\\/0d13e861725ae87916921d6d018489e4\"},\"breadcrumb\":{\"@id\":\"https:\\\/\\\/hub.hslu.ch\\\/soziale-arbeit\\\/sieben-buecher-die-du-gelesen-haben-musst\\\/#breadcrumb\"},\"inLanguage\":\"de-CH\",\"potentialAction\":[{\"@type\":\"ReadAction\",\"target\":[\"https:\\\/\\\/hub.hslu.ch\\\/soziale-arbeit\\\/sieben-buecher-die-du-gelesen-haben-musst\\\/\"]}]},{\"@type\":\"ImageObject\",\"inLanguage\":\"de-CH\",\"@id\":\"https:\\\/\\\/hub.hslu.ch\\\/soziale-arbeit\\\/sieben-buecher-die-du-gelesen-haben-musst\\\/#primaryimage\",\"url\":\"https:\\\/\\\/hub.hslu.ch\\\/soziale-arbeit\\\/wp-content\\\/uploads\\\/sites\\\/23\\\/2025\\\/02\\\/Sieben-Buecher-der-Sozialen-Arbeit.jpg\",\"contentUrl\":\"https:\\\/\\\/hub.hslu.ch\\\/soziale-arbeit\\\/wp-content\\\/uploads\\\/sites\\\/23\\\/2025\\\/02\\\/Sieben-Buecher-der-Sozialen-Arbeit.jpg\",\"width\":1614,\"height\":907},{\"@type\":\"BreadcrumbList\",\"@id\":\"https:\\\/\\\/hub.hslu.ch\\\/soziale-arbeit\\\/sieben-buecher-die-du-gelesen-haben-musst\\\/#breadcrumb\",\"itemListElement\":[{\"@type\":\"ListItem\",\"position\":1,\"name\":\"Home\",\"item\":\"https:\\\/\\\/hub.hslu.ch\\\/soziale-arbeit\\\/\"},{\"@type\":\"ListItem\",\"position\":2,\"name\":\"Sieben B\u00fccher, die du gelesen haben musst\"}]},{\"@type\":\"WebSite\",\"@id\":\"https:\\\/\\\/hub.hslu.ch\\\/soziale-arbeit\\\/#website\",\"url\":\"https:\\\/\\\/hub.hslu.ch\\\/soziale-arbeit\\\/\",\"name\":\"Soziale Arbeit an der Hochschule Luzern\",\"description\":\"Der Blog der Hochschule Luzern \u2013 Soziale Arbeit\",\"potentialAction\":[{\"@type\":\"SearchAction\",\"target\":{\"@type\":\"EntryPoint\",\"urlTemplate\":\"https:\\\/\\\/hub.hslu.ch\\\/soziale-arbeit\\\/?s={search_term_string}\"},\"query-input\":{\"@type\":\"PropertyValueSpecification\",\"valueRequired\":true,\"valueName\":\"search_term_string\"}}],\"inLanguage\":\"de-CH\"},{\"@type\":\"Person\",\"@id\":\"https:\\\/\\\/hub.hslu.ch\\\/soziale-arbeit\\\/#\\\/schema\\\/person\\\/0d13e861725ae87916921d6d018489e4\",\"name\":\"Roger Ettlin\"}]}<\/script>\n<!-- \/ Yoast SEO plugin. -->","yoast_head_json":{"title":"Sieben B\u00fccher, die du gelesen haben musst &#8211; Soziale Arbeit an der Hochschule Luzern","robots":{"index":"index","follow":"follow","max-snippet":"max-snippet:-1","max-image-preview":"max-image-preview:large","max-video-preview":"max-video-preview:-1"},"canonical":"https:\/\/hub.hslu.ch\/soziale-arbeit\/sieben-buecher-die-du-gelesen-haben-musst\/","og_locale":"de_DE","og_type":"article","og_title":"Sieben B\u00fccher, die du gelesen haben musst &#8211; Soziale Arbeit an der Hochschule Luzern","og_description":"Vom unverzichtbaren Fachlexikon \u00fcber den KI-Atlas bis hin zum krassen Roman \u00fcber die Rolle der Frau \u2013 unsere Fachreferentin Annika Henrizi hat DIE sieben B\u00fccher zur Sozialen Arbeit f\u00fcr dich ausgew\u00e4hlt.","og_url":"https:\/\/hub.hslu.ch\/soziale-arbeit\/sieben-buecher-die-du-gelesen-haben-musst\/","og_site_name":"Soziale Arbeit an der Hochschule Luzern","article_published_time":"2025-02-19T06:50:14+00:00","article_modified_time":"2026-02-11T13:54:09+00:00","og_image":[{"width":1614,"height":907,"url":"https:\/\/hub.hslu.ch\/soziale-arbeit\/wp-content\/uploads\/sites\/23\/2025\/02\/Sieben-Buecher-der-Sozialen-Arbeit.jpg","type":"image\/jpeg"}],"author":"Roger Ettlin","twitter_card":"summary_large_image","twitter_misc":{"Geschrieben von":"Roger Ettlin","Gesch\u00e4tzte Lesezeit":"7\u00a0Minuten"},"schema":{"@context":"https:\/\/schema.org","@graph":[{"@type":"Article","@id":"https:\/\/hub.hslu.ch\/soziale-arbeit\/sieben-buecher-die-du-gelesen-haben-musst\/#article","isPartOf":{"@id":"https:\/\/hub.hslu.ch\/soziale-arbeit\/sieben-buecher-die-du-gelesen-haben-musst\/"},"author":{"name":"Roger Ettlin","@id":"https:\/\/hub.hslu.ch\/soziale-arbeit\/#\/schema\/person\/0d13e861725ae87916921d6d018489e4"},"headline":"Sieben B\u00fccher, die du gelesen haben musst","datePublished":"2025-02-19T06:50:14+00:00","dateModified":"2026-02-11T13:54:09+00:00","mainEntityOfPage":{"@id":"https:\/\/hub.hslu.ch\/soziale-arbeit\/sieben-buecher-die-du-gelesen-haben-musst\/"},"wordCount":778,"commentCount":0,"image":{"@id":"https:\/\/hub.hslu.ch\/soziale-arbeit\/sieben-buecher-die-du-gelesen-haben-musst\/#primaryimage"},"thumbnailUrl":"https:\/\/hub.hslu.ch\/soziale-arbeit\/wp-content\/uploads\/sites\/23\/2025\/02\/Sieben-Buecher-der-Sozialen-Arbeit.jpg","keywords":["Bachelor in Sozialer Arbeit","B\u00fccher","gesellschaftlicher Wandel","KI","Stadtentwicklung","Tipps f\u00fcrs Studium"],"articleSection":["Studium","Weiterbildung"],"inLanguage":"de-CH","potentialAction":[{"@type":"CommentAction","name":"Comment","target":["https:\/\/hub.hslu.ch\/soziale-arbeit\/sieben-buecher-die-du-gelesen-haben-musst\/#respond"]}]},{"@type":"WebPage","@id":"https:\/\/hub.hslu.ch\/soziale-arbeit\/sieben-buecher-die-du-gelesen-haben-musst\/","url":"https:\/\/hub.hslu.ch\/soziale-arbeit\/sieben-buecher-die-du-gelesen-haben-musst\/","name":"Sieben B\u00fccher, die du gelesen haben musst &#8211; Soziale Arbeit an der Hochschule Luzern","isPartOf":{"@id":"https:\/\/hub.hslu.ch\/soziale-arbeit\/#website"},"primaryImageOfPage":{"@id":"https:\/\/hub.hslu.ch\/soziale-arbeit\/sieben-buecher-die-du-gelesen-haben-musst\/#primaryimage"},"image":{"@id":"https:\/\/hub.hslu.ch\/soziale-arbeit\/sieben-buecher-die-du-gelesen-haben-musst\/#primaryimage"},"thumbnailUrl":"https:\/\/hub.hslu.ch\/soziale-arbeit\/wp-content\/uploads\/sites\/23\/2025\/02\/Sieben-Buecher-der-Sozialen-Arbeit.jpg","datePublished":"2025-02-19T06:50:14+00:00","dateModified":"2026-02-11T13:54:09+00:00","author":{"@id":"https:\/\/hub.hslu.ch\/soziale-arbeit\/#\/schema\/person\/0d13e861725ae87916921d6d018489e4"},"breadcrumb":{"@id":"https:\/\/hub.hslu.ch\/soziale-arbeit\/sieben-buecher-die-du-gelesen-haben-musst\/#breadcrumb"},"inLanguage":"de-CH","potentialAction":[{"@type":"ReadAction","target":["https:\/\/hub.hslu.ch\/soziale-arbeit\/sieben-buecher-die-du-gelesen-haben-musst\/"]}]},{"@type":"ImageObject","inLanguage":"de-CH","@id":"https:\/\/hub.hslu.ch\/soziale-arbeit\/sieben-buecher-die-du-gelesen-haben-musst\/#primaryimage","url":"https:\/\/hub.hslu.ch\/soziale-arbeit\/wp-content\/uploads\/sites\/23\/2025\/02\/Sieben-Buecher-der-Sozialen-Arbeit.jpg","contentUrl":"https:\/\/hub.hslu.ch\/soziale-arbeit\/wp-content\/uploads\/sites\/23\/2025\/02\/Sieben-Buecher-der-Sozialen-Arbeit.jpg","width":1614,"height":907},{"@type":"BreadcrumbList","@id":"https:\/\/hub.hslu.ch\/soziale-arbeit\/sieben-buecher-die-du-gelesen-haben-musst\/#breadcrumb","itemListElement":[{"@type":"ListItem","position":1,"name":"Home","item":"https:\/\/hub.hslu.ch\/soziale-arbeit\/"},{"@type":"ListItem","position":2,"name":"Sieben B\u00fccher, die du gelesen haben musst"}]},{"@type":"WebSite","@id":"https:\/\/hub.hslu.ch\/soziale-arbeit\/#website","url":"https:\/\/hub.hslu.ch\/soziale-arbeit\/","name":"Soziale Arbeit an der Hochschule Luzern","description":"Der Blog der Hochschule Luzern \u2013 Soziale Arbeit","potentialAction":[{"@type":"SearchAction","target":{"@type":"EntryPoint","urlTemplate":"https:\/\/hub.hslu.ch\/soziale-arbeit\/?s={search_term_string}"},"query-input":{"@type":"PropertyValueSpecification","valueRequired":true,"valueName":"search_term_string"}}],"inLanguage":"de-CH"},{"@type":"Person","@id":"https:\/\/hub.hslu.ch\/soziale-arbeit\/#\/schema\/person\/0d13e861725ae87916921d6d018489e4","name":"Roger Ettlin"}]}},"featured_image_src":"https:\/\/hub.hslu.ch\/soziale-arbeit\/wp-content\/uploads\/sites\/23\/2025\/02\/Sieben-Buecher-der-Sozialen-Arbeit.jpg","featured_image_src_square":"https:\/\/hub.hslu.ch\/soziale-arbeit\/wp-content\/uploads\/sites\/23\/2025\/02\/Sieben-Buecher-der-Sozialen-Arbeit.jpg","author_info":{"display_name":"Roger Ettlin","author_link":"https:\/\/hub.hslu.ch\/soziale-arbeit\/author\/rogerettlin\/"},"_links":{"self":[{"href":"https:\/\/hub.hslu.ch\/soziale-arbeit\/wp-json\/wp\/v2\/posts\/10513","targetHints":{"allow":["GET"]}}],"collection":[{"href":"https:\/\/hub.hslu.ch\/soziale-arbeit\/wp-json\/wp\/v2\/posts"}],"about":[{"href":"https:\/\/hub.hslu.ch\/soziale-arbeit\/wp-json\/wp\/v2\/types\/post"}],"author":[{"embeddable":true,"href":"https:\/\/hub.hslu.ch\/soziale-arbeit\/wp-json\/wp\/v2\/users\/152"}],"replies":[{"embeddable":true,"href":"https:\/\/hub.hslu.ch\/soziale-arbeit\/wp-json\/wp\/v2\/comments?post=10513"}],"version-history":[{"count":35,"href":"https:\/\/hub.hslu.ch\/soziale-arbeit\/wp-json\/wp\/v2\/posts\/10513\/revisions"}],"predecessor-version":[{"id":13072,"href":"https:\/\/hub.hslu.ch\/soziale-arbeit\/wp-json\/wp\/v2\/posts\/10513\/revisions\/13072"}],"wp:featuredmedia":[{"embeddable":true,"href":"https:\/\/hub.hslu.ch\/soziale-arbeit\/wp-json\/wp\/v2\/media\/10517"}],"wp:attachment":[{"href":"https:\/\/hub.hslu.ch\/soziale-arbeit\/wp-json\/wp\/v2\/media?parent=10513"}],"wp:term":[{"taxonomy":"category","embeddable":true,"href":"https:\/\/hub.hslu.ch\/soziale-arbeit\/wp-json\/wp\/v2\/categories?post=10513"},{"taxonomy":"post_tag","embeddable":true,"href":"https:\/\/hub.hslu.ch\/soziale-arbeit\/wp-json\/wp\/v2\/tags?post=10513"}],"curies":[{"name":"wp","href":"https:\/\/api.w.org\/{rel}","templated":true}]}}