{"id":10636,"date":"2025-03-25T06:30:00","date_gmt":"2025-03-25T05:30:00","guid":{"rendered":"https:\/\/hub.hslu.ch\/soziale-arbeit\/?p=10636"},"modified":"2026-02-11T14:54:10","modified_gmt":"2026-02-11T13:54:10","slug":"ein-beruf-in-der-pflege-entwicklungsmoeglichkeiten-und-karrierechancen-inklusive","status":"publish","type":"post","link":"https:\/\/hub.hslu.ch\/soziale-arbeit\/ein-beruf-in-der-pflege-entwicklungsmoeglichkeiten-und-karrierechancen-inklusive\/","title":{"rendered":"Ein Beruf in der Pflege: Entwicklungsm\u00f6glichkeiten und Karrierechancen inklusive"},"content":{"rendered":"\n\n\n<p>Am Anfang der Berufskarriere von Sandra Hauger stand zwar die Ausbildung zur Pflegefachfrau HF (damals noch DN II) am Kinderspital Luzern. \u00abAber ich bin schon lange nicht mehr die klassische Pflegefachfrau\u00bb, sagt die 42-J\u00e4hrige. Bereits ein Jahr nach Abschluss war Hauger in einer F\u00fchrungsfunktion t\u00e4tig. Sie bildete sich stetig weiter, zum Beispiel mit einem CAS in Betriebswirtschaft f\u00fcr Gesundheitsfachleute und einem CAS in Change Management. <\/p>\n\n\n\n<p>Als Lean Coach war sie am Luzerner Kantonsspital zust\u00e4ndig f\u00fcr die Prozessoptimierung auf dem Weg zum \u00abLean Hospital\u00bb. Dabei geht es um die Verschlankung der spitalinternen Prozesse, um personelle Ressourcen und Material effektiv einzusetzen. Vor einem Jahr ist Sandra Hauger in die heutige Position gewechselt: Sie ist Leiterin Pflege und Therapie sowie Mitglied der Spitalleitung am Kantonsspital Uri und f\u00fchrt einen Bereich mit rund 250 Mitarbeitenden, wobei ihr die meisten Berufsgruppen ausser die \u00c4rzt:innen unterstehen. Darunter sind beispielsweise die Mitarbeitenden der gesamten Pflege, des Sozialdienstes, die Hebammen, die Physiotherapie, die Auszubildenden und weitere.<\/p>\n\n\n<div class=\"blue-box\">\n\t<div class=\"row\">\n\t\t<div class=\"col-md-12\">\n\t\t\t<p><strong>Blog-Abo f\u00fcr Pflege<\/strong><\/p>\n<p>Ab sofort kannst du neben dem allgemeinen Blog-Abo gezielt alle Beitr\u00e4ge zum Thema Pflege abonnieren. Einfach <a href=\"https:\/\/hub.hslu.ch\/soziale-arbeit\/blog-abo\/\">hier klicken<\/a>, das Formular ausf\u00fcllen und unten \u00abPflege\u00bb ausw\u00e4hlen.<\/p>\n\t\t<\/div>\n\t<\/div>\n<\/div>\n\n\n\n<h2 class=\"wp-block-heading\"><strong>Entwicklungsperspektiven: f\u00fcr jede:n etwas dabei<\/strong><\/h2>\n\n\n\n<p>Die Mutter dreier Primarschulkinder, die sich die Betreuung mit ihrem Mann und teilweise den Grosseltern teilt, sagt, die oft kritisierte Schicht- und Wochenendarbeit schaffe M\u00f6glichkeiten f\u00fcr Freizeit und Familie. Man k\u00f6nne auch einmal frei nehmen, wenn andere arbeiten, zum Beispiel f\u00fcr einen Schulanlass der Kinder oder private Termine unter der Woche. In ihrer Position kann Hauger zudem auch Tage im Homeoffice einplanen. Nach Feierabend abzuschalten, f\u00e4llt ihr leicht: \u00abIch nehme nur die Dinge mit nach Hause, die ich will. Etwa, um noch einmal in Ruhe etwas zu \u00fcberdenken.\u00bb<\/p>\n\n\n\n<blockquote class=\"wp-block-quote is-layout-flow wp-block-quote-is-layout-flow\">\n<p>\u00abNeben der Sinnhaftigkeit bietet der Pflegeberuf vor allem vielf\u00e4ltige Karrierechancen.\u00bb<\/p>\n<\/blockquote>\n\n\n\n<p>Wenn sie jemanden f\u00fcr die Pflege begeistern m\u00fcsste, welche Vorteile w\u00fcrde Sandra Hauger besonders hervorheben? Die fr\u00fchere Handballerin im Schweizer Nationalteam betont neben der Sinnhaftigkeit des Pflegeberufs vor allem die vielf\u00e4ltigen Karrierechancen \u2013 von der Team- oder Abteilungsleitung \u00fcber die Berufsbildungsverantwortung bis hin zur Pflegeexpertise: \u00abDie Perspektiven sind genial. Es bieten sich in jeder Richtung M\u00f6glichkeiten zur Weiterentwicklung an. So ist f\u00fcr jede:n etwas dabei.\u00bb<\/p>\n\n\n\n<div class=\"wp-block-buttons is-content-justification-center is-layout-flex wp-container-core-buttons-is-layout-16018d1d wp-block-buttons-is-layout-flex\">\n<div class=\"wp-block-button is-style-fill animated backInDown\"><a class=\"wp-block-button__link has-background wp-element-button\" href=\"https:\/\/www.hslu.ch\/de-ch\/soziale-arbeit\/studium\/bachelor-pflege\/\" style=\"background:linear-gradient(135deg,rgb(119,197,216) 0%,rgb(119,197,216) 100%)\" target=\"_blank\" rel=\"noreferrer noopener\"><strong><strong>Neu: Bachelor <\/strong>und Master<strong> in Pflege<\/strong> in Luzern<\/strong> <strong>studieren<\/strong><\/a><\/div>\n<\/div>\n\n\n\n<figure class=\"wp-block-embed is-type-video is-provider-youtube wp-block-embed-youtube wp-embed-aspect-16-9 wp-has-aspect-ratio\"><div class=\"wp-block-embed__wrapper\">\n<iframe loading=\"lazy\" title=\"Master in Pflege \/ Die APN-Rollen:  Nurse Practitioner (NP)  und Clinical Nurse Specialist (CNS)\" width=\"640\" height=\"360\" src=\"https:\/\/www.youtube.com\/embed\/tmsKRD5fV7M?feature=oembed\" frameborder=\"0\" allow=\"accelerometer; autoplay; clipboard-write; encrypted-media; gyroscope; picture-in-picture; web-share\" referrerpolicy=\"strict-origin-when-cross-origin\" allowfullscreen><\/iframe>\n<\/div><\/figure>\n\n\n\n<h2 class=\"wp-block-heading\"><strong>Br\u00fcckenschlag zwischen Theorie und Praxis<\/strong><\/h2>\n\n\n\n<p>Auch Luzia Vetter, Pflegeexpertin Advanced Practice Nurse (APN) in der An\u00e4sthesie am Luzerner Kantonsspital, \u00e4ussert sich begeistert \u00fcber die Weiterbildungsm\u00f6glichkeiten des Pflegeberufs: \u00abEr ist alles andere als eine Sackgasse.\u00bb Die heute 48-J\u00e4hrige bildete sich nach dem Mittelschulabschluss zur Pflegefachfrau aus und absolvierte anschliessend weitere Ausbildungen in der An\u00e4sthesie und der Spitalhygiene \u00abon the job\u00bb. Viele Jahre arbeitete sie 50 Prozent in der An\u00e4sthesie, 50 Prozent in der Spitalhygiene. <\/p>\n\n\n\n<blockquote class=\"wp-block-quote is-layout-flow wp-block-quote-is-layout-flow\">\n<p>\u00abPflegeberuf \u2013 eine Sackgasse? Ganz im Gegenteil: Die Weiterbildungsm\u00f6glichkeiten bieten viele Chancen<strong>.<\/strong>\u00bb<\/p>\n<\/blockquote>\n\n\n\n<p>2021 schlug die Mutter, von zwei Kindern im Teenager-Alter, ein neues Kapitel auf und schloss berufsbegleitend den Master of Science in Pflege ab: \u00abIch wollte in der intensiven Familienphase etwas Strukturiertes machen, einen richtigen Abschluss, nicht nur einen T\u00f6pferkurs\u00bb, erz\u00e4hlt sie schmunzelnd. Wissenschaft und kritisches Denken h\u00e4tten sie schon immer interessiert. So schreibt sie aktuell eine Doktorarbeit an der Universit\u00e4t Luzern \u00fcber die Rollenentwicklung der APN An\u00e4sthesie in der Schweiz.<\/p>\n\n\n\n<h2 class=\"wp-block-heading\"><strong>Advokatin f\u00fcr den Pflegeberuf<\/strong><\/h2>\n\n\n\n<p>\u00abIch m\u00f6chte eine Advokatin f\u00fcr unsere Profession sein\u00bb, erkl\u00e4rt Vetter. Ihre Ziele: die Weiterentwicklung der An\u00e4sthesiepflege und der Rolle der APN An\u00e4sthesie. Diese verfolgt sie einerseits mit ihrem Doktorat und im Job selbst, wo sie f\u00fcr die Standardisierung der An\u00e4sthesiepflege \u00fcber die gesamte LUKS-Gruppe hinweg zust\u00e4ndig ist. Andererseits beteiligt sie sich an der Ausgestaltung des neuen Master-Studiengangs in Pflege der Hochschule Luzern, wo sie bei der Curriculumsentwicklung mitarbeitet. <\/p>\n\n\n\n<p>Den Br\u00fcckenschlag zwischen Theorie und Praxis beherrscht Vetter perfekt, macht sie ihn doch tagt\u00e4glich: zwischen ihrem Job im Spital und dem Schreiben ihrer Doktorarbeit. Ob sie es sich vorstellen k\u00f6nnte, als Dozentin Pflege-Studierende auszubilden? \u00abWarum nicht\u00bb, meint Vetter: \u00abIch kenne die Praxis, die akademische Welt und habe dank meinen Kindern Erfahrung im Umgang mit der n\u00e4chsten Generation. Wer weiss, was noch kommt?\u00bb<\/p>\n\n\n\n<p>Von:&nbsp;<a href=\"https:\/\/textjetzt.ch\/kontakt.html\">Eva Sch\u00fcmperli-Keller<\/a><br>Bilder: Valentin Luthiger und Priska Ketterer<br>Ver\u00f6ffentlicht: 25. M\u00e4rz 2025<\/p>\n\n\n<div class=\"blue-box\">\n\t<div class=\"row\">\n\t\t<div class=\"col-md-12\">\n\t\t\t<p><strong><a href=\"https:\/\/www.hslu.ch\/de-ch\/gesundheit\/\">Neue Pflege-Studieng\u00e4nge an der Hochschule Luzern<\/a><\/strong><\/p>\n<p>Die Hochschule Luzern tr\u00e4gt mit ihren innovativen Ausbildungen dazu bei, den Bedarf an hochqualifizierten Pflegefachpersonen in der Region zu decken. Der <strong><a href=\"https:\/\/www.hslu.ch\/de-ch\/soziale-arbeit\/studium\/bachelor-pflege\/pflege\/\">Bachelor of Science in Pflege<\/a><\/strong> bereitet Maturand:innen auf vielseitige Karrieren im Gesundheitswesen vor. Diplomierte Pflegefachpersonen bauen ihre Kenntnisse in Praxis und Wissenschaft mit einem <strong>berufsbegleitenden, <a href=\"https:\/\/www.hslu.ch\/de-ch\/soziale-arbeit\/studium\/bachelor-pflege\/pflege-dipl\/\">verk\u00fcrzten Bachelor in Pflege<\/a> <\/strong>weiter aus. Der <strong><a href=\"https:\/\/www.hslu.ch\/de-ch\/soziale-arbeit\/studium\/master-pflege\/master-pflege\/\">Master of Science in Pflege<\/a><\/strong> vertieft diese Kompetenzen weiter, um Pflegefachpersonen gezielt auf erweiterte und spezialisierte Rollen in der Gesundheitsversorgung vorzubereiten<\/p>\n\t\t<\/div>\n\t<\/div>\n<\/div>\n","protected":false},"excerpt":{"rendered":"<p>Wer an Pflege denkt, denkt an Pflegefachpersonen, die einen relevanten Beitrag f\u00fcr die Gesundheitsversorgung in der Zentralschweiz sowie national leisten. Wenige kennen aber die Vielfalt des Pflegeberufs oder die Karrierem\u00f6glichkeiten, die sich in diesem Bereich bieten. Sandra Hauger und Luzia Vetter sind gelernte Pflegefachfrauen und ihre Laufbahnen machen klar: Ein Beruf in der Pflege bietet zahlreiche Entwicklungsm\u00f6glichkeiten und Karrierechancen.<\/p>\n","protected":false},"author":152,"featured_media":10676,"comment_status":"open","ping_status":"closed","sticky":false,"template":"","format":"standard","meta":{"_acf_changed":false,"inline_featured_image":false,"_relevanssi_hide_post":"","_relevanssi_hide_content":"","_relevanssi_pin_for_all":"","_relevanssi_pin_keywords":"","_relevanssi_unpin_keywords":"","_relevanssi_related_keywords":"","_relevanssi_related_include_ids":"","_relevanssi_related_exclude_ids":"","_relevanssi_related_no_append":"","_relevanssi_related_not_related":"","_relevanssi_related_posts":"10384,9894,5877,10452,614,7187","_relevanssi_noindex_reason":"","footnotes":"","_links_to":"","_links_to_target":""},"categories":[376,7],"tags":[345,302,343],"class_list":["post-10636","post","type-post","status-publish","format-standard","has-post-thumbnail","hentry","category-pflege","category-ausbildung","tag-bachelor-in-pflege","tag-gesundheit","tag-pflege"],"acf":[],"yoast_head":"<!-- This site is optimized with the Yoast SEO plugin v27.5 - https:\/\/yoast.com\/product\/yoast-seo-wordpress\/ -->\n<title>Ein Beruf in der Pflege: Entwicklungsm\u00f6glichkeiten und Karrierechancen inklusive &#8211; Soziale Arbeit an der Hochschule Luzern<\/title>\n<meta name=\"robots\" content=\"index, follow, max-snippet:-1, max-image-preview:large, max-video-preview:-1\" \/>\n<link rel=\"canonical\" href=\"https:\/\/hub.hslu.ch\/soziale-arbeit\/ein-beruf-in-der-pflege-entwicklungsmoeglichkeiten-und-karrierechancen-inklusive\/\" \/>\n<meta property=\"og:locale\" content=\"de_DE\" \/>\n<meta property=\"og:type\" content=\"article\" \/>\n<meta property=\"og:title\" content=\"Ein Beruf in der Pflege: Entwicklungsm\u00f6glichkeiten und Karrierechancen inklusive &#8211; Soziale Arbeit an der Hochschule Luzern\" \/>\n<meta property=\"og:description\" content=\"Wer an Pflege denkt, denkt an Pflegefachpersonen, die einen relevanten Beitrag f\u00fcr die Gesundheitsversorgung in der Zentralschweiz sowie national leisten. Wenige kennen aber die Vielfalt des Pflegeberufs oder die Karrierem\u00f6glichkeiten, die sich in diesem Bereich bieten. Sandra Hauger und Luzia Vetter sind gelernte Pflegefachfrauen und ihre Laufbahnen machen klar: Ein Beruf in der Pflege bietet zahlreiche Entwicklungsm\u00f6glichkeiten und Karrierechancen.\" \/>\n<meta property=\"og:url\" content=\"https:\/\/hub.hslu.ch\/soziale-arbeit\/ein-beruf-in-der-pflege-entwicklungsmoeglichkeiten-und-karrierechancen-inklusive\/\" \/>\n<meta property=\"og:site_name\" content=\"Soziale Arbeit an der Hochschule Luzern\" \/>\n<meta property=\"article:published_time\" content=\"2025-03-25T05:30:00+00:00\" \/>\n<meta property=\"article:modified_time\" content=\"2026-02-11T13:54:10+00:00\" \/>\n<meta property=\"og:image\" content=\"https:\/\/hub.hslu.ch\/soziale-arbeit\/wp-content\/uploads\/sites\/23\/2025\/03\/Titelbild-Pflege-Beitrag.jpg\" \/>\n\t<meta property=\"og:image:width\" content=\"1614\" \/>\n\t<meta property=\"og:image:height\" content=\"907\" \/>\n\t<meta property=\"og:image:type\" content=\"image\/jpeg\" \/>\n<meta name=\"author\" content=\"Roger Ettlin\" \/>\n<meta name=\"twitter:card\" content=\"summary_large_image\" \/>\n<meta name=\"twitter:label1\" content=\"Geschrieben von\" \/>\n\t<meta name=\"twitter:data1\" content=\"Roger Ettlin\" \/>\n\t<meta name=\"twitter:label2\" content=\"Gesch\u00e4tzte Lesezeit\" \/>\n\t<meta name=\"twitter:data2\" content=\"4\u00a0Minuten\" \/>\n<script type=\"application\/ld+json\" class=\"yoast-schema-graph\">{\"@context\":\"https:\\\/\\\/schema.org\",\"@graph\":[{\"@type\":\"Article\",\"@id\":\"https:\\\/\\\/hub.hslu.ch\\\/soziale-arbeit\\\/ein-beruf-in-der-pflege-entwicklungsmoeglichkeiten-und-karrierechancen-inklusive\\\/#article\",\"isPartOf\":{\"@id\":\"https:\\\/\\\/hub.hslu.ch\\\/soziale-arbeit\\\/ein-beruf-in-der-pflege-entwicklungsmoeglichkeiten-und-karrierechancen-inklusive\\\/\"},\"author\":{\"name\":\"Roger Ettlin\",\"@id\":\"https:\\\/\\\/hub.hslu.ch\\\/soziale-arbeit\\\/#\\\/schema\\\/person\\\/0d13e861725ae87916921d6d018489e4\"},\"headline\":\"Ein Beruf in der Pflege: Entwicklungsm\u00f6glichkeiten und Karrierechancen inklusive\",\"datePublished\":\"2025-03-25T05:30:00+00:00\",\"dateModified\":\"2026-02-11T13:54:10+00:00\",\"mainEntityOfPage\":{\"@id\":\"https:\\\/\\\/hub.hslu.ch\\\/soziale-arbeit\\\/ein-beruf-in-der-pflege-entwicklungsmoeglichkeiten-und-karrierechancen-inklusive\\\/\"},\"wordCount\":700,\"commentCount\":0,\"image\":{\"@id\":\"https:\\\/\\\/hub.hslu.ch\\\/soziale-arbeit\\\/ein-beruf-in-der-pflege-entwicklungsmoeglichkeiten-und-karrierechancen-inklusive\\\/#primaryimage\"},\"thumbnailUrl\":\"https:\\\/\\\/hub.hslu.ch\\\/soziale-arbeit\\\/wp-content\\\/uploads\\\/sites\\\/23\\\/2025\\\/03\\\/Titelbild-Pflege-Beitrag.jpg\",\"keywords\":[\"Bachelor in Pflege\",\"Gesundheit\",\"Pflege\"],\"articleSection\":[\"Pflege\",\"Studium\"],\"inLanguage\":\"de-CH\",\"potentialAction\":[{\"@type\":\"CommentAction\",\"name\":\"Comment\",\"target\":[\"https:\\\/\\\/hub.hslu.ch\\\/soziale-arbeit\\\/ein-beruf-in-der-pflege-entwicklungsmoeglichkeiten-und-karrierechancen-inklusive\\\/#respond\"]}]},{\"@type\":\"WebPage\",\"@id\":\"https:\\\/\\\/hub.hslu.ch\\\/soziale-arbeit\\\/ein-beruf-in-der-pflege-entwicklungsmoeglichkeiten-und-karrierechancen-inklusive\\\/\",\"url\":\"https:\\\/\\\/hub.hslu.ch\\\/soziale-arbeit\\\/ein-beruf-in-der-pflege-entwicklungsmoeglichkeiten-und-karrierechancen-inklusive\\\/\",\"name\":\"Ein Beruf in der Pflege: Entwicklungsm\u00f6glichkeiten und Karrierechancen inklusive &#8211; Soziale Arbeit an der Hochschule Luzern\",\"isPartOf\":{\"@id\":\"https:\\\/\\\/hub.hslu.ch\\\/soziale-arbeit\\\/#website\"},\"primaryImageOfPage\":{\"@id\":\"https:\\\/\\\/hub.hslu.ch\\\/soziale-arbeit\\\/ein-beruf-in-der-pflege-entwicklungsmoeglichkeiten-und-karrierechancen-inklusive\\\/#primaryimage\"},\"image\":{\"@id\":\"https:\\\/\\\/hub.hslu.ch\\\/soziale-arbeit\\\/ein-beruf-in-der-pflege-entwicklungsmoeglichkeiten-und-karrierechancen-inklusive\\\/#primaryimage\"},\"thumbnailUrl\":\"https:\\\/\\\/hub.hslu.ch\\\/soziale-arbeit\\\/wp-content\\\/uploads\\\/sites\\\/23\\\/2025\\\/03\\\/Titelbild-Pflege-Beitrag.jpg\",\"datePublished\":\"2025-03-25T05:30:00+00:00\",\"dateModified\":\"2026-02-11T13:54:10+00:00\",\"author\":{\"@id\":\"https:\\\/\\\/hub.hslu.ch\\\/soziale-arbeit\\\/#\\\/schema\\\/person\\\/0d13e861725ae87916921d6d018489e4\"},\"breadcrumb\":{\"@id\":\"https:\\\/\\\/hub.hslu.ch\\\/soziale-arbeit\\\/ein-beruf-in-der-pflege-entwicklungsmoeglichkeiten-und-karrierechancen-inklusive\\\/#breadcrumb\"},\"inLanguage\":\"de-CH\",\"potentialAction\":[{\"@type\":\"ReadAction\",\"target\":[\"https:\\\/\\\/hub.hslu.ch\\\/soziale-arbeit\\\/ein-beruf-in-der-pflege-entwicklungsmoeglichkeiten-und-karrierechancen-inklusive\\\/\"]}]},{\"@type\":\"ImageObject\",\"inLanguage\":\"de-CH\",\"@id\":\"https:\\\/\\\/hub.hslu.ch\\\/soziale-arbeit\\\/ein-beruf-in-der-pflege-entwicklungsmoeglichkeiten-und-karrierechancen-inklusive\\\/#primaryimage\",\"url\":\"https:\\\/\\\/hub.hslu.ch\\\/soziale-arbeit\\\/wp-content\\\/uploads\\\/sites\\\/23\\\/2025\\\/03\\\/Titelbild-Pflege-Beitrag.jpg\",\"contentUrl\":\"https:\\\/\\\/hub.hslu.ch\\\/soziale-arbeit\\\/wp-content\\\/uploads\\\/sites\\\/23\\\/2025\\\/03\\\/Titelbild-Pflege-Beitrag.jpg\",\"width\":1614,\"height\":907},{\"@type\":\"BreadcrumbList\",\"@id\":\"https:\\\/\\\/hub.hslu.ch\\\/soziale-arbeit\\\/ein-beruf-in-der-pflege-entwicklungsmoeglichkeiten-und-karrierechancen-inklusive\\\/#breadcrumb\",\"itemListElement\":[{\"@type\":\"ListItem\",\"position\":1,\"name\":\"Home\",\"item\":\"https:\\\/\\\/hub.hslu.ch\\\/soziale-arbeit\\\/\"},{\"@type\":\"ListItem\",\"position\":2,\"name\":\"Ein Beruf in der Pflege: Entwicklungsm\u00f6glichkeiten und Karrierechancen inklusive\"}]},{\"@type\":\"WebSite\",\"@id\":\"https:\\\/\\\/hub.hslu.ch\\\/soziale-arbeit\\\/#website\",\"url\":\"https:\\\/\\\/hub.hslu.ch\\\/soziale-arbeit\\\/\",\"name\":\"Soziale Arbeit an der Hochschule Luzern\",\"description\":\"Der Blog der Hochschule Luzern \u2013 Soziale Arbeit\",\"potentialAction\":[{\"@type\":\"SearchAction\",\"target\":{\"@type\":\"EntryPoint\",\"urlTemplate\":\"https:\\\/\\\/hub.hslu.ch\\\/soziale-arbeit\\\/?s={search_term_string}\"},\"query-input\":{\"@type\":\"PropertyValueSpecification\",\"valueRequired\":true,\"valueName\":\"search_term_string\"}}],\"inLanguage\":\"de-CH\"},{\"@type\":\"Person\",\"@id\":\"https:\\\/\\\/hub.hslu.ch\\\/soziale-arbeit\\\/#\\\/schema\\\/person\\\/0d13e861725ae87916921d6d018489e4\",\"name\":\"Roger Ettlin\"}]}<\/script>\n<!-- \/ Yoast SEO plugin. -->","yoast_head_json":{"title":"Ein Beruf in der Pflege: Entwicklungsm\u00f6glichkeiten und Karrierechancen inklusive &#8211; Soziale Arbeit an der Hochschule Luzern","robots":{"index":"index","follow":"follow","max-snippet":"max-snippet:-1","max-image-preview":"max-image-preview:large","max-video-preview":"max-video-preview:-1"},"canonical":"https:\/\/hub.hslu.ch\/soziale-arbeit\/ein-beruf-in-der-pflege-entwicklungsmoeglichkeiten-und-karrierechancen-inklusive\/","og_locale":"de_DE","og_type":"article","og_title":"Ein Beruf in der Pflege: Entwicklungsm\u00f6glichkeiten und Karrierechancen inklusive &#8211; Soziale Arbeit an der Hochschule Luzern","og_description":"Wer an Pflege denkt, denkt an Pflegefachpersonen, die einen relevanten Beitrag f\u00fcr die Gesundheitsversorgung in der Zentralschweiz sowie national leisten. Wenige kennen aber die Vielfalt des Pflegeberufs oder die Karrierem\u00f6glichkeiten, die sich in diesem Bereich bieten. Sandra Hauger und Luzia Vetter sind gelernte Pflegefachfrauen und ihre Laufbahnen machen klar: Ein Beruf in der Pflege bietet zahlreiche Entwicklungsm\u00f6glichkeiten und Karrierechancen.","og_url":"https:\/\/hub.hslu.ch\/soziale-arbeit\/ein-beruf-in-der-pflege-entwicklungsmoeglichkeiten-und-karrierechancen-inklusive\/","og_site_name":"Soziale Arbeit an der Hochschule Luzern","article_published_time":"2025-03-25T05:30:00+00:00","article_modified_time":"2026-02-11T13:54:10+00:00","og_image":[{"width":1614,"height":907,"url":"https:\/\/hub.hslu.ch\/soziale-arbeit\/wp-content\/uploads\/sites\/23\/2025\/03\/Titelbild-Pflege-Beitrag.jpg","type":"image\/jpeg"}],"author":"Roger Ettlin","twitter_card":"summary_large_image","twitter_misc":{"Geschrieben von":"Roger Ettlin","Gesch\u00e4tzte Lesezeit":"4\u00a0Minuten"},"schema":{"@context":"https:\/\/schema.org","@graph":[{"@type":"Article","@id":"https:\/\/hub.hslu.ch\/soziale-arbeit\/ein-beruf-in-der-pflege-entwicklungsmoeglichkeiten-und-karrierechancen-inklusive\/#article","isPartOf":{"@id":"https:\/\/hub.hslu.ch\/soziale-arbeit\/ein-beruf-in-der-pflege-entwicklungsmoeglichkeiten-und-karrierechancen-inklusive\/"},"author":{"name":"Roger Ettlin","@id":"https:\/\/hub.hslu.ch\/soziale-arbeit\/#\/schema\/person\/0d13e861725ae87916921d6d018489e4"},"headline":"Ein Beruf in der Pflege: Entwicklungsm\u00f6glichkeiten und Karrierechancen inklusive","datePublished":"2025-03-25T05:30:00+00:00","dateModified":"2026-02-11T13:54:10+00:00","mainEntityOfPage":{"@id":"https:\/\/hub.hslu.ch\/soziale-arbeit\/ein-beruf-in-der-pflege-entwicklungsmoeglichkeiten-und-karrierechancen-inklusive\/"},"wordCount":700,"commentCount":0,"image":{"@id":"https:\/\/hub.hslu.ch\/soziale-arbeit\/ein-beruf-in-der-pflege-entwicklungsmoeglichkeiten-und-karrierechancen-inklusive\/#primaryimage"},"thumbnailUrl":"https:\/\/hub.hslu.ch\/soziale-arbeit\/wp-content\/uploads\/sites\/23\/2025\/03\/Titelbild-Pflege-Beitrag.jpg","keywords":["Bachelor in Pflege","Gesundheit","Pflege"],"articleSection":["Pflege","Studium"],"inLanguage":"de-CH","potentialAction":[{"@type":"CommentAction","name":"Comment","target":["https:\/\/hub.hslu.ch\/soziale-arbeit\/ein-beruf-in-der-pflege-entwicklungsmoeglichkeiten-und-karrierechancen-inklusive\/#respond"]}]},{"@type":"WebPage","@id":"https:\/\/hub.hslu.ch\/soziale-arbeit\/ein-beruf-in-der-pflege-entwicklungsmoeglichkeiten-und-karrierechancen-inklusive\/","url":"https:\/\/hub.hslu.ch\/soziale-arbeit\/ein-beruf-in-der-pflege-entwicklungsmoeglichkeiten-und-karrierechancen-inklusive\/","name":"Ein Beruf in der Pflege: Entwicklungsm\u00f6glichkeiten und Karrierechancen inklusive &#8211; Soziale Arbeit an der Hochschule Luzern","isPartOf":{"@id":"https:\/\/hub.hslu.ch\/soziale-arbeit\/#website"},"primaryImageOfPage":{"@id":"https:\/\/hub.hslu.ch\/soziale-arbeit\/ein-beruf-in-der-pflege-entwicklungsmoeglichkeiten-und-karrierechancen-inklusive\/#primaryimage"},"image":{"@id":"https:\/\/hub.hslu.ch\/soziale-arbeit\/ein-beruf-in-der-pflege-entwicklungsmoeglichkeiten-und-karrierechancen-inklusive\/#primaryimage"},"thumbnailUrl":"https:\/\/hub.hslu.ch\/soziale-arbeit\/wp-content\/uploads\/sites\/23\/2025\/03\/Titelbild-Pflege-Beitrag.jpg","datePublished":"2025-03-25T05:30:00+00:00","dateModified":"2026-02-11T13:54:10+00:00","author":{"@id":"https:\/\/hub.hslu.ch\/soziale-arbeit\/#\/schema\/person\/0d13e861725ae87916921d6d018489e4"},"breadcrumb":{"@id":"https:\/\/hub.hslu.ch\/soziale-arbeit\/ein-beruf-in-der-pflege-entwicklungsmoeglichkeiten-und-karrierechancen-inklusive\/#breadcrumb"},"inLanguage":"de-CH","potentialAction":[{"@type":"ReadAction","target":["https:\/\/hub.hslu.ch\/soziale-arbeit\/ein-beruf-in-der-pflege-entwicklungsmoeglichkeiten-und-karrierechancen-inklusive\/"]}]},{"@type":"ImageObject","inLanguage":"de-CH","@id":"https:\/\/hub.hslu.ch\/soziale-arbeit\/ein-beruf-in-der-pflege-entwicklungsmoeglichkeiten-und-karrierechancen-inklusive\/#primaryimage","url":"https:\/\/hub.hslu.ch\/soziale-arbeit\/wp-content\/uploads\/sites\/23\/2025\/03\/Titelbild-Pflege-Beitrag.jpg","contentUrl":"https:\/\/hub.hslu.ch\/soziale-arbeit\/wp-content\/uploads\/sites\/23\/2025\/03\/Titelbild-Pflege-Beitrag.jpg","width":1614,"height":907},{"@type":"BreadcrumbList","@id":"https:\/\/hub.hslu.ch\/soziale-arbeit\/ein-beruf-in-der-pflege-entwicklungsmoeglichkeiten-und-karrierechancen-inklusive\/#breadcrumb","itemListElement":[{"@type":"ListItem","position":1,"name":"Home","item":"https:\/\/hub.hslu.ch\/soziale-arbeit\/"},{"@type":"ListItem","position":2,"name":"Ein Beruf in der Pflege: Entwicklungsm\u00f6glichkeiten und Karrierechancen inklusive"}]},{"@type":"WebSite","@id":"https:\/\/hub.hslu.ch\/soziale-arbeit\/#website","url":"https:\/\/hub.hslu.ch\/soziale-arbeit\/","name":"Soziale Arbeit an der Hochschule Luzern","description":"Der Blog der Hochschule Luzern \u2013 Soziale Arbeit","potentialAction":[{"@type":"SearchAction","target":{"@type":"EntryPoint","urlTemplate":"https:\/\/hub.hslu.ch\/soziale-arbeit\/?s={search_term_string}"},"query-input":{"@type":"PropertyValueSpecification","valueRequired":true,"valueName":"search_term_string"}}],"inLanguage":"de-CH"},{"@type":"Person","@id":"https:\/\/hub.hslu.ch\/soziale-arbeit\/#\/schema\/person\/0d13e861725ae87916921d6d018489e4","name":"Roger Ettlin"}]}},"featured_image_src":"https:\/\/hub.hslu.ch\/soziale-arbeit\/wp-content\/uploads\/sites\/23\/2025\/03\/Titelbild-Pflege-Beitrag.jpg","featured_image_src_square":"https:\/\/hub.hslu.ch\/soziale-arbeit\/wp-content\/uploads\/sites\/23\/2025\/03\/Titelbild-Pflege-Beitrag.jpg","author_info":{"display_name":"Roger Ettlin","author_link":"https:\/\/hub.hslu.ch\/soziale-arbeit\/author\/rogerettlin\/"},"_links":{"self":[{"href":"https:\/\/hub.hslu.ch\/soziale-arbeit\/wp-json\/wp\/v2\/posts\/10636","targetHints":{"allow":["GET"]}}],"collection":[{"href":"https:\/\/hub.hslu.ch\/soziale-arbeit\/wp-json\/wp\/v2\/posts"}],"about":[{"href":"https:\/\/hub.hslu.ch\/soziale-arbeit\/wp-json\/wp\/v2\/types\/post"}],"author":[{"embeddable":true,"href":"https:\/\/hub.hslu.ch\/soziale-arbeit\/wp-json\/wp\/v2\/users\/152"}],"replies":[{"embeddable":true,"href":"https:\/\/hub.hslu.ch\/soziale-arbeit\/wp-json\/wp\/v2\/comments?post=10636"}],"version-history":[{"count":18,"href":"https:\/\/hub.hslu.ch\/soziale-arbeit\/wp-json\/wp\/v2\/posts\/10636\/revisions"}],"predecessor-version":[{"id":13076,"href":"https:\/\/hub.hslu.ch\/soziale-arbeit\/wp-json\/wp\/v2\/posts\/10636\/revisions\/13076"}],"wp:featuredmedia":[{"embeddable":true,"href":"https:\/\/hub.hslu.ch\/soziale-arbeit\/wp-json\/wp\/v2\/media\/10676"}],"wp:attachment":[{"href":"https:\/\/hub.hslu.ch\/soziale-arbeit\/wp-json\/wp\/v2\/media?parent=10636"}],"wp:term":[{"taxonomy":"category","embeddable":true,"href":"https:\/\/hub.hslu.ch\/soziale-arbeit\/wp-json\/wp\/v2\/categories?post=10636"},{"taxonomy":"post_tag","embeddable":true,"href":"https:\/\/hub.hslu.ch\/soziale-arbeit\/wp-json\/wp\/v2\/tags?post=10636"}],"curies":[{"name":"wp","href":"https:\/\/api.w.org\/{rel}","templated":true}]}}