{"id":10663,"date":"2025-03-12T06:30:00","date_gmt":"2025-03-12T05:30:00","guid":{"rendered":"https:\/\/hub.hslu.ch\/soziale-arbeit\/?p=10663"},"modified":"2026-02-11T14:54:10","modified_gmt":"2026-02-11T13:54:10","slug":"assistenzbeitrag-hohe-huerden-auf-dem-weg-zur-selbstbestimmung","status":"publish","type":"post","link":"https:\/\/hub.hslu.ch\/soziale-arbeit\/assistenzbeitrag-hohe-huerden-auf-dem-weg-zur-selbstbestimmung\/","title":{"rendered":"Assistenzbeitrag: Hohe H\u00fcrden auf dem Weg zur Selbstbestimmung"},"content":{"rendered":"\n\n\n<p>Ein selbstbestimmtes Leben in einer eigenen Wohnung \u2013 genau das soll der 2012 von der IV eingef\u00fchrte Assistenzbeitrag f\u00fcr Menschen mit einer Behinderung erm\u00f6glichen. Mit diesem k\u00f6nnen Anspruchsberechtigte selbstst\u00e4ndig Assistenzpersonen zur Unterst\u00fctzung im Alltag anstellen.<\/p>\n\n\n\n<p>Der Assistenzbeitrag basiert auf dem Arbeitgeber:innen-Modell. Das bedeutet, dass die Versicherten das Geld f\u00fcr Assistenzleistungen von der IV nur erhalten, wenn sie zu Arbeitgebenden ihrer Assistenzpersonen werden. Die Betroffenen sollen die ben\u00f6tigten Hilfeleistungen in eigener Verantwortung organisieren und gestalten. Der Aufwand daf\u00fcr ist betr\u00e4chtlich, besonders dann, wenn Betroffene mit einem h\u00f6heren Grad an Hilflosigkeit mehrere Assistent:innen brauchen. Damit von der Rekrutierung \u00fcber die Arbeitsvertr\u00e4ge, Einsatzpl\u00e4ne und Lohnabrechnungen bis zur Ferienvertretung alles klappt, k\u00f6nnen Anspruchsberechtigte eine Assistenzberatung in Anspruch nehmen.<\/p>\n\n\n\n<p>Eliane M\u00fcller arbeitet als Sozialarbeiterin in einer Behindertenorganisation und bietet selbst Assistenzberatungen an. Sie hat an der Hochschule Luzern das MAS Sozialarbeit und Recht mit einer Arbeit dazu abgeschlossen, wie die Assistenzberatung Betroffene unterst\u00fctzt, damit sie sich in ihrer Rolle als Arbeitgeber:innen gest\u00e4rkt f\u00fchlen. \u00abIch wollte meine eigene Arbeit unter die Lupe nehmen und sehen, was sie bewirkt\u00bb, sagt die 38-J\u00e4hrige, die in ihrer Freizeit am liebsten draussen beim Biken, Wandern oder Ski- und Snowboardfahren ist.<\/p>\n\n\n<div class=\"blue-box\">\n\t<div class=\"row\">\n\t\t<div class=\"col-md-12\">\n\t\t\t<p>Die gesamte Arbeit ist online zug\u00e4nglich: <a href=\"https:\/\/rzs.swisscovery.slsp.ch\/discovery\/fulldisplay?context=L&amp;vid=41SLSP_RZS:VU06&amp;search_scope=MyInst_and_CI&amp;tab=41SLSP_RZS_MyInst_and_CI&amp;docid=alma9914673814105505\" target=\"_blank\" rel=\"noopener\">Assistenz als Schl\u00fcssel zu einem selbstbestimmten Wohnen<\/a><\/p>\n\t\t<\/div>\n\t<\/div>\n<\/div>\n\n\n\n<h2 class=\"wp-block-heading\"><strong>Ohne pers\u00f6nliche und soziale Ressourcen geht es nicht<\/strong><\/h2>\n\n\n\n<p>Die Aus\u00fcbung der Arbeitgebenden-Rolle ist eine komplexe und verantwortungsvolle Aufgabe. Die IV erteilt daher auf Anfrage der Betroffenen eine Kostengutsprache f\u00fcr die Assistenzberatung. Sie verg\u00fctet maximal zwanzig Beratungsstunden. \u00abMich hat unter anderem interessiert, ob dies ausreicht\u00bb, erkl\u00e4rt M\u00fcller. Deshalb hat sie drei ihrer Klient:innen zu ihren Erfahrungen befragt.<\/p>\n\n\n\n<p>M\u00fcllers Fazit: Es braucht mehrere Faktoren, damit ein Leben mit Assistenz \u00fcberhaupt in Frage kommt. Wichtig seien pers\u00f6nliche Ressourcen, besonders die kognitiven Voraussetzungen, erkl\u00e4rt M\u00fcller. \u00abWenn die Klient:innen zu mir kommen, haben sie sich schon viel Wissen zum Assistenzbeitrag und den damit verbundenen juristischen Anforderungen erarbeitet. Danach m\u00fcssen sie die weiteren Informationen aus der Beratung verstehen und umsetzen k\u00f6nnen\u00bb, sagt sie. Die Assistenzberatung stehe zwar begleitend zu Seite, doch die Endverantwortung f\u00fcr die korrekte Verwendung der Beitr\u00e4ge und die arbeitsrechtlichen Vorgaben tr\u00fcgen die Betroffenen zu 100 Prozent selbst. \u00abAuf Menschen mit einer geistigen Behinderung oder psychischen Erkrankung wirkt sich das Assistenzmodell daher exkludierend aus\u00bb, erkl\u00e4rt die geb\u00fcrtige Obwaldnerin. Auch soziale Ressourcen seien enorm wichtig, etwa die tragende Rolle des pers\u00f6nlichen Umfelds. \u00abOhne die unentgeltliche Unterst\u00fctzung nahestehender Personen ist das selbstst\u00e4ndige Leben mit dem Assistenzmodell f\u00fcr viele Betroffene kaum m\u00f6glich.\u00bb Darauf, so M\u00fcller, mache sie die Menschen in ihren Beratungen aufmerksam.<\/p>\n\n\n\n<div class=\"wp-block-buttons is-content-justification-center is-layout-flex wp-container-core-buttons-is-layout-16018d1d wp-block-buttons-is-layout-flex\">\n<div class=\"wp-block-button has-custom-font-size is-style-fill has-medium-font-size\"><a class=\"wp-block-button__link wp-element-button\" href=\"https:\/\/www.hslu.ch\/de-ch\/soziale-arbeit\/weiterbildung\/studienprogramm\/mas\/sozialarbeit-und-recht\/\" style=\"border-radius:25px\" target=\"_blank\" rel=\"noreferrer noopener\"><strong>Mehr Infos: <\/strong>MAS Sozialarbeit und Recht<\/a><\/div>\n<\/div>\n\n\n\n<h2 class=\"wp-block-heading\"><strong>Ein zweischneidiges Schwert<\/strong><\/h2>\n\n\n\n<p>\u00abIch finde es einerseits kritisch, wie hoch die H\u00fcrden auf dem Weg zur Selbstbestimmung sind\u00bb, sagt M\u00fcller. \u00abGleichzeitig sehe ich auch die andere Seite: Die Idee der pers\u00f6nlichen Assistenz ist ein Bottom-up-Produkt von Menschen mit Behinderung. Vor der Einf\u00fchrung des Assistenzbeitrags wohnten sie entweder in Heimen oder wurden zu Hause betreut. Nach all dieser Fremdbestimmung fordern sie nun Selbstbestimmung und eigene Kontrolle. Das Arbeitgebenden-Modell wird diesen Forderungen gerecht.\u00bb<\/p>\n\n\n\n<p>Angesichts der vielen Fragen, die sich f\u00fcr Betroffene stellen, wenn sie den Assistenzbeitrag in Anspruch nehmen wollen, stelle das gesetzlich verf\u00fcgbare Budget von maximal zwanzig Beratungsstunden allerdings eine grosse Herausforderung dar. \u00abDie Peer-to-Peer-Beratung k\u00f6nnte hier eine L\u00fccke f\u00fcllen\u00bb, meint M\u00fcller. Sie achtet heute verst\u00e4rkt darauf, Betroffene zu vernetzen, indem sie etwa auf Vereine von Menschen, welche selbstst\u00e4ndig mit dem Assistenzbeitrag leben, aufmerksam macht. Dort k\u00f6nnten Betroffene mit \u00e4hnlichen Erfahrungen sich austauschen und gegenseitig coachen.<\/p>\n\n\n\n<blockquote class=\"wp-block-quote is-layout-flow wp-block-quote-is-layout-flow\">\n<p>\u00abViele Betroffene kennen ihre rechtlichen Anspr\u00fcche gar nicht\u00bb<\/p>\n<\/blockquote>\n\n\n\n<p>Ein grosses Anliegen ist ihr auch, dass sich die Behindertenorganisationen vernetzen und den Asssistenzbeitrag bekannter machen: \u00abViele Betroffene kennen ihre rechtlichen Anspr\u00fcche gar nicht\u00bb, bedauert M\u00fcller. Sie m\u00f6chte auch weiterhin Assistenzberatungen anbieten. \u00abWas ich im MAS und w\u00e4hrend meiner Abschlussarbeit gelernt habe, darf jetzt in meiner Beratungspraxis Raum einnehmen.\u00bb<\/p>\n\n\n\n<p>Von:&nbsp;<a href=\"https:\/\/textjetzt.ch\/kontakt.html\">Eva Sch\u00fcmperli-Keller<\/a><br>Bild: Adobe Stock<br>Ver\u00f6ffentlicht: 12. M\u00e4rz 2025<\/p>\n\n\n<div class=\"blue-box\">\n\t<div class=\"row\">\n\t\t<div class=\"col-md-12\">\n\t\t\t<p><strong><a href=\"https:\/\/www.hslu.ch\/de-ch\/soziale-arbeit\/weiterbildung\/studienprogramm\/cas\/sozialversicherungsrecht\/\">CAS Sozialversicherungsrecht &#8211; F\u00fcr Fachpersonen aus Sozialversicherungen und Personalwesen<\/a><\/strong><\/p>\n<p>Das CAS vermittelt aktuelles Expertenwissen im Sozialversicherungsrecht mit starkem Praxisbezug. Es richtet sich an Fachpersonen aus Sozialversicherungen, Gerichten, Treuhand, HR, Beistandschaften, dem medizinischen Bereich und der Sozialberatung. Besonders geeignet f\u00fcr Sozialversicherungsfachleute, Jurist:innen, Treuh\u00e4nder:innen und Sozialarbeitende.<\/p>\n<p><strong>Programmstart:<\/strong>\u00a012. September 2025<\/p>\n<p><strong>Mehr Infos:<\/strong> <a href=\"https:\/\/www.hslu.ch\/de-ch\/soziale-arbeit\/weiterbildung\/studienprogramm\/cas\/sozialversicherungsrecht\/\">Webseite CAS Sozialversicherungsrecht<\/a><\/p>\n\t\t<\/div>\n\t<\/div>\n<\/div>\n\n\n<div class=\"blue-box\">\n\t<div class=\"row\">\n\t\t<div class=\"col-md-12\">\n\t\t\t<p><strong><a href=\"https:\/\/www.hslu.ch\/de-ch\/soziale-arbeit\/weiterbildung\/studienprogramm\/mas\/sozialarbeit-und-recht\/\">MAS Sozialarbeit und Recht<\/a><\/strong><\/p>\n<p>Diese Abschlussarbeit ist im Rahmen des MAS Sozialarbeit und Recht entstanden. Dieses MAS-Programm richtet sich an Fachpersonen mit sozialarbeiterischen Auftr\u00e4gen im gesetzlichen Kontext. Es vermittelt differenzierte Kenntnisse der f\u00fcr die gesetzliche Sozialarbeit relevanten rechtlichen Rahmenbedingungen, Methoden und Konzepte. Es kann mit oder ohne Vertiefung Kindes- und Erwachsenenschutz abgeschlossen werden.<\/p>\n<p>Weitere Informationen gibt es <a href=\"\/\/www.hslu.ch\/de-ch\/soziale-arbeit\/weiterbildung\/studienprogramm\/mas\/sozialarbeit-und-recht\/\">HIER<\/a>.<\/p>\n\t\t<\/div>\n\t<\/div>\n<\/div>\n\n\n\n<div style=\"background-color:#f2f2f2;color:#32373c\" class=\"wp-block-genesis-blocks-gb-profile-box square gb-font-size-18 gb-block-profile gb-profile-columns\"><div class=\"gb-profile-column gb-profile-content-wrap\"><h2 class=\"gb-profile-name\" style=\"color:#32373c\">Mehr Informationen zur Anstellung von Assistent:innen<\/h2><p class=\"gb-profile-title\" style=\"color:#32373c\">Menschen mit Behinderungen empfinden die Abh\u00e4ngigkeit von Spitex oder Familie oft als einschr\u00e4nkend. Sie m\u00f6chten selbstbestimmt leben und selbst entscheiden, wer sie wann, wo und wie unterst\u00fctzt. Dies wird m\u00f6glich, wenn sie ihre Assistent:innen selbst anstellen.<br \/><br \/><strong>Mehr Informationen:<\/strong> <a href=\"https:\/\/www.proinfirmis.ch\/behindertwastun\/assistenz\/die-anstellung-von-assistentinnen-und-assistenten.html\">Webseite Pro Infirmis zu Assistenz<\/a><\/p><div class=\"gb-profile-text\"><\/div><ul class=\"gb-social-links\"><\/ul><\/div><\/div>\n","protected":false},"excerpt":{"rendered":"<p>Stellen Menschen mit Behinderung Assistenzpersonen zur Unterst\u00fctzung im Alltag ein, werden sie damit zu Arbeitgebenden \u2013 mit betr\u00e4chtlichem administrativem und organisatorischem Aufwand. Die Assistenzberatungen der Behindertenorganisationen sollen die Betroffenen in dieser Rolle st\u00e4rken. Was es braucht, damit dies gelingt, hat Eliane M\u00fcller in ihrer Abschlussarbeit zum MAS Sozialarbeit und Recht untersucht.<\/p>\n","protected":false},"author":152,"featured_media":10669,"comment_status":"open","ping_status":"closed","sticky":false,"template":"","format":"standard","meta":{"_acf_changed":false,"inline_featured_image":false,"_relevanssi_hide_post":"","_relevanssi_hide_content":"","_relevanssi_pin_for_all":"","_relevanssi_pin_keywords":"","_relevanssi_unpin_keywords":"","_relevanssi_related_keywords":"","_relevanssi_related_include_ids":"","_relevanssi_related_exclude_ids":"","_relevanssi_related_no_append":"","_relevanssi_related_not_related":"","_relevanssi_related_posts":"6319,863,6587,583,1360,8781","_relevanssi_noindex_reason":"","footnotes":"","_links_to":"","_links_to_target":""},"categories":[11,18,8],"tags":[375,253,213,269,366,115],"class_list":["post-10663","post","type-post","status-publish","format-standard","has-post-thumbnail","hentry","category-behinderung-lebensqualitaet","category-soziale-sicherheit","category-weiterbildung","tag-abschlussarbeit","tag-behinderung-und-lebensqualitaet","tag-inklusion","tag-mas","tag-selbstbestimmung","tag-wohnen"],"acf":[],"yoast_head":"<!-- This site is optimized with the Yoast SEO plugin v27.5 - https:\/\/yoast.com\/product\/yoast-seo-wordpress\/ -->\n<title>Assistenzbeitrag: Hohe H\u00fcrden auf dem Weg zur Selbstbestimmung &#8211; Soziale Arbeit an der Hochschule Luzern<\/title>\n<meta name=\"robots\" content=\"index, follow, max-snippet:-1, max-image-preview:large, max-video-preview:-1\" \/>\n<link rel=\"canonical\" href=\"https:\/\/hub.hslu.ch\/soziale-arbeit\/assistenzbeitrag-hohe-huerden-auf-dem-weg-zur-selbstbestimmung\/\" \/>\n<meta property=\"og:locale\" content=\"de_DE\" \/>\n<meta property=\"og:type\" content=\"article\" \/>\n<meta property=\"og:title\" content=\"Assistenzbeitrag: Hohe H\u00fcrden auf dem Weg zur Selbstbestimmung &#8211; Soziale Arbeit an der Hochschule Luzern\" \/>\n<meta property=\"og:description\" content=\"Stellen Menschen mit Behinderung Assistenzpersonen zur Unterst\u00fctzung im Alltag ein, werden sie damit zu Arbeitgebenden \u2013 mit betr\u00e4chtlichem administrativem und organisatorischem Aufwand. Die Assistenzberatungen der Behindertenorganisationen sollen die Betroffenen in dieser Rolle st\u00e4rken. Was es braucht, damit dies gelingt, hat Eliane M\u00fcller in ihrer Abschlussarbeit zum MAS Sozialarbeit und Recht untersucht.\" \/>\n<meta property=\"og:url\" content=\"https:\/\/hub.hslu.ch\/soziale-arbeit\/assistenzbeitrag-hohe-huerden-auf-dem-weg-zur-selbstbestimmung\/\" \/>\n<meta property=\"og:site_name\" content=\"Soziale Arbeit an der Hochschule Luzern\" \/>\n<meta property=\"article:published_time\" content=\"2025-03-12T05:30:00+00:00\" \/>\n<meta property=\"article:modified_time\" content=\"2026-02-11T13:54:10+00:00\" \/>\n<meta property=\"og:image\" content=\"https:\/\/hub.hslu.ch\/soziale-arbeit\/wp-content\/uploads\/sites\/23\/2025\/03\/Assistenzpersonen-und-Mensch-mit-Behinderung-im-Rollstuhl.jpg\" \/>\n\t<meta property=\"og:image:width\" content=\"1614\" \/>\n\t<meta property=\"og:image:height\" content=\"1007\" \/>\n\t<meta property=\"og:image:type\" content=\"image\/jpeg\" \/>\n<meta name=\"author\" content=\"Roger Ettlin\" \/>\n<meta name=\"twitter:card\" content=\"summary_large_image\" \/>\n<meta name=\"twitter:label1\" content=\"Geschrieben von\" \/>\n\t<meta name=\"twitter:data1\" content=\"Roger Ettlin\" \/>\n\t<meta name=\"twitter:label2\" content=\"Gesch\u00e4tzte Lesezeit\" \/>\n\t<meta name=\"twitter:data2\" content=\"5\u00a0Minuten\" \/>\n<script type=\"application\/ld+json\" class=\"yoast-schema-graph\">{\"@context\":\"https:\\\/\\\/schema.org\",\"@graph\":[{\"@type\":\"Article\",\"@id\":\"https:\\\/\\\/hub.hslu.ch\\\/soziale-arbeit\\\/assistenzbeitrag-hohe-huerden-auf-dem-weg-zur-selbstbestimmung\\\/#article\",\"isPartOf\":{\"@id\":\"https:\\\/\\\/hub.hslu.ch\\\/soziale-arbeit\\\/assistenzbeitrag-hohe-huerden-auf-dem-weg-zur-selbstbestimmung\\\/\"},\"author\":{\"name\":\"Roger Ettlin\",\"@id\":\"https:\\\/\\\/hub.hslu.ch\\\/soziale-arbeit\\\/#\\\/schema\\\/person\\\/0d13e861725ae87916921d6d018489e4\"},\"headline\":\"Assistenzbeitrag: Hohe H\u00fcrden auf dem Weg zur Selbstbestimmung\",\"datePublished\":\"2025-03-12T05:30:00+00:00\",\"dateModified\":\"2026-02-11T13:54:10+00:00\",\"mainEntityOfPage\":{\"@id\":\"https:\\\/\\\/hub.hslu.ch\\\/soziale-arbeit\\\/assistenzbeitrag-hohe-huerden-auf-dem-weg-zur-selbstbestimmung\\\/\"},\"wordCount\":742,\"commentCount\":2,\"image\":{\"@id\":\"https:\\\/\\\/hub.hslu.ch\\\/soziale-arbeit\\\/assistenzbeitrag-hohe-huerden-auf-dem-weg-zur-selbstbestimmung\\\/#primaryimage\"},\"thumbnailUrl\":\"https:\\\/\\\/hub.hslu.ch\\\/soziale-arbeit\\\/wp-content\\\/uploads\\\/sites\\\/23\\\/2025\\\/03\\\/Assistenzpersonen-und-Mensch-mit-Behinderung-im-Rollstuhl.jpg\",\"keywords\":[\"Abschlussarbeit\",\"Behinderung und Lebensqualit\u00e4t\",\"Inklusion\",\"MAS\",\"Selbstbestimmung\",\"Wohnen\"],\"articleSection\":[\"Behinderung und Lebensqualit\u00e4t\",\"Soziale Sicherheit\",\"Weiterbildung\"],\"inLanguage\":\"de-CH\",\"potentialAction\":[{\"@type\":\"CommentAction\",\"name\":\"Comment\",\"target\":[\"https:\\\/\\\/hub.hslu.ch\\\/soziale-arbeit\\\/assistenzbeitrag-hohe-huerden-auf-dem-weg-zur-selbstbestimmung\\\/#respond\"]}]},{\"@type\":\"WebPage\",\"@id\":\"https:\\\/\\\/hub.hslu.ch\\\/soziale-arbeit\\\/assistenzbeitrag-hohe-huerden-auf-dem-weg-zur-selbstbestimmung\\\/\",\"url\":\"https:\\\/\\\/hub.hslu.ch\\\/soziale-arbeit\\\/assistenzbeitrag-hohe-huerden-auf-dem-weg-zur-selbstbestimmung\\\/\",\"name\":\"Assistenzbeitrag: Hohe H\u00fcrden auf dem Weg zur Selbstbestimmung &#8211; Soziale Arbeit an der Hochschule Luzern\",\"isPartOf\":{\"@id\":\"https:\\\/\\\/hub.hslu.ch\\\/soziale-arbeit\\\/#website\"},\"primaryImageOfPage\":{\"@id\":\"https:\\\/\\\/hub.hslu.ch\\\/soziale-arbeit\\\/assistenzbeitrag-hohe-huerden-auf-dem-weg-zur-selbstbestimmung\\\/#primaryimage\"},\"image\":{\"@id\":\"https:\\\/\\\/hub.hslu.ch\\\/soziale-arbeit\\\/assistenzbeitrag-hohe-huerden-auf-dem-weg-zur-selbstbestimmung\\\/#primaryimage\"},\"thumbnailUrl\":\"https:\\\/\\\/hub.hslu.ch\\\/soziale-arbeit\\\/wp-content\\\/uploads\\\/sites\\\/23\\\/2025\\\/03\\\/Assistenzpersonen-und-Mensch-mit-Behinderung-im-Rollstuhl.jpg\",\"datePublished\":\"2025-03-12T05:30:00+00:00\",\"dateModified\":\"2026-02-11T13:54:10+00:00\",\"author\":{\"@id\":\"https:\\\/\\\/hub.hslu.ch\\\/soziale-arbeit\\\/#\\\/schema\\\/person\\\/0d13e861725ae87916921d6d018489e4\"},\"breadcrumb\":{\"@id\":\"https:\\\/\\\/hub.hslu.ch\\\/soziale-arbeit\\\/assistenzbeitrag-hohe-huerden-auf-dem-weg-zur-selbstbestimmung\\\/#breadcrumb\"},\"inLanguage\":\"de-CH\",\"potentialAction\":[{\"@type\":\"ReadAction\",\"target\":[\"https:\\\/\\\/hub.hslu.ch\\\/soziale-arbeit\\\/assistenzbeitrag-hohe-huerden-auf-dem-weg-zur-selbstbestimmung\\\/\"]}]},{\"@type\":\"ImageObject\",\"inLanguage\":\"de-CH\",\"@id\":\"https:\\\/\\\/hub.hslu.ch\\\/soziale-arbeit\\\/assistenzbeitrag-hohe-huerden-auf-dem-weg-zur-selbstbestimmung\\\/#primaryimage\",\"url\":\"https:\\\/\\\/hub.hslu.ch\\\/soziale-arbeit\\\/wp-content\\\/uploads\\\/sites\\\/23\\\/2025\\\/03\\\/Assistenzpersonen-und-Mensch-mit-Behinderung-im-Rollstuhl.jpg\",\"contentUrl\":\"https:\\\/\\\/hub.hslu.ch\\\/soziale-arbeit\\\/wp-content\\\/uploads\\\/sites\\\/23\\\/2025\\\/03\\\/Assistenzpersonen-und-Mensch-mit-Behinderung-im-Rollstuhl.jpg\",\"width\":1614,\"height\":1007,\"caption\":\"Assistenzpersonen und Mensch mit Behinderung im Rollstuhl\"},{\"@type\":\"BreadcrumbList\",\"@id\":\"https:\\\/\\\/hub.hslu.ch\\\/soziale-arbeit\\\/assistenzbeitrag-hohe-huerden-auf-dem-weg-zur-selbstbestimmung\\\/#breadcrumb\",\"itemListElement\":[{\"@type\":\"ListItem\",\"position\":1,\"name\":\"Home\",\"item\":\"https:\\\/\\\/hub.hslu.ch\\\/soziale-arbeit\\\/\"},{\"@type\":\"ListItem\",\"position\":2,\"name\":\"Assistenzbeitrag: Hohe H\u00fcrden auf dem Weg zur Selbstbestimmung\"}]},{\"@type\":\"WebSite\",\"@id\":\"https:\\\/\\\/hub.hslu.ch\\\/soziale-arbeit\\\/#website\",\"url\":\"https:\\\/\\\/hub.hslu.ch\\\/soziale-arbeit\\\/\",\"name\":\"Soziale Arbeit an der Hochschule Luzern\",\"description\":\"Der Blog der Hochschule Luzern \u2013 Soziale Arbeit\",\"potentialAction\":[{\"@type\":\"SearchAction\",\"target\":{\"@type\":\"EntryPoint\",\"urlTemplate\":\"https:\\\/\\\/hub.hslu.ch\\\/soziale-arbeit\\\/?s={search_term_string}\"},\"query-input\":{\"@type\":\"PropertyValueSpecification\",\"valueRequired\":true,\"valueName\":\"search_term_string\"}}],\"inLanguage\":\"de-CH\"},{\"@type\":\"Person\",\"@id\":\"https:\\\/\\\/hub.hslu.ch\\\/soziale-arbeit\\\/#\\\/schema\\\/person\\\/0d13e861725ae87916921d6d018489e4\",\"name\":\"Roger Ettlin\"}]}<\/script>\n<!-- \/ Yoast SEO plugin. -->","yoast_head_json":{"title":"Assistenzbeitrag: Hohe H\u00fcrden auf dem Weg zur Selbstbestimmung &#8211; Soziale Arbeit an der Hochschule Luzern","robots":{"index":"index","follow":"follow","max-snippet":"max-snippet:-1","max-image-preview":"max-image-preview:large","max-video-preview":"max-video-preview:-1"},"canonical":"https:\/\/hub.hslu.ch\/soziale-arbeit\/assistenzbeitrag-hohe-huerden-auf-dem-weg-zur-selbstbestimmung\/","og_locale":"de_DE","og_type":"article","og_title":"Assistenzbeitrag: Hohe H\u00fcrden auf dem Weg zur Selbstbestimmung &#8211; Soziale Arbeit an der Hochschule Luzern","og_description":"Stellen Menschen mit Behinderung Assistenzpersonen zur Unterst\u00fctzung im Alltag ein, werden sie damit zu Arbeitgebenden \u2013 mit betr\u00e4chtlichem administrativem und organisatorischem Aufwand. Die Assistenzberatungen der Behindertenorganisationen sollen die Betroffenen in dieser Rolle st\u00e4rken. Was es braucht, damit dies gelingt, hat Eliane M\u00fcller in ihrer Abschlussarbeit zum MAS Sozialarbeit und Recht untersucht.","og_url":"https:\/\/hub.hslu.ch\/soziale-arbeit\/assistenzbeitrag-hohe-huerden-auf-dem-weg-zur-selbstbestimmung\/","og_site_name":"Soziale Arbeit an der Hochschule Luzern","article_published_time":"2025-03-12T05:30:00+00:00","article_modified_time":"2026-02-11T13:54:10+00:00","og_image":[{"width":1614,"height":1007,"url":"https:\/\/hub.hslu.ch\/soziale-arbeit\/wp-content\/uploads\/sites\/23\/2025\/03\/Assistenzpersonen-und-Mensch-mit-Behinderung-im-Rollstuhl.jpg","type":"image\/jpeg"}],"author":"Roger Ettlin","twitter_card":"summary_large_image","twitter_misc":{"Geschrieben von":"Roger Ettlin","Gesch\u00e4tzte Lesezeit":"5\u00a0Minuten"},"schema":{"@context":"https:\/\/schema.org","@graph":[{"@type":"Article","@id":"https:\/\/hub.hslu.ch\/soziale-arbeit\/assistenzbeitrag-hohe-huerden-auf-dem-weg-zur-selbstbestimmung\/#article","isPartOf":{"@id":"https:\/\/hub.hslu.ch\/soziale-arbeit\/assistenzbeitrag-hohe-huerden-auf-dem-weg-zur-selbstbestimmung\/"},"author":{"name":"Roger Ettlin","@id":"https:\/\/hub.hslu.ch\/soziale-arbeit\/#\/schema\/person\/0d13e861725ae87916921d6d018489e4"},"headline":"Assistenzbeitrag: Hohe H\u00fcrden auf dem Weg zur Selbstbestimmung","datePublished":"2025-03-12T05:30:00+00:00","dateModified":"2026-02-11T13:54:10+00:00","mainEntityOfPage":{"@id":"https:\/\/hub.hslu.ch\/soziale-arbeit\/assistenzbeitrag-hohe-huerden-auf-dem-weg-zur-selbstbestimmung\/"},"wordCount":742,"commentCount":2,"image":{"@id":"https:\/\/hub.hslu.ch\/soziale-arbeit\/assistenzbeitrag-hohe-huerden-auf-dem-weg-zur-selbstbestimmung\/#primaryimage"},"thumbnailUrl":"https:\/\/hub.hslu.ch\/soziale-arbeit\/wp-content\/uploads\/sites\/23\/2025\/03\/Assistenzpersonen-und-Mensch-mit-Behinderung-im-Rollstuhl.jpg","keywords":["Abschlussarbeit","Behinderung und Lebensqualit\u00e4t","Inklusion","MAS","Selbstbestimmung","Wohnen"],"articleSection":["Behinderung und Lebensqualit\u00e4t","Soziale Sicherheit","Weiterbildung"],"inLanguage":"de-CH","potentialAction":[{"@type":"CommentAction","name":"Comment","target":["https:\/\/hub.hslu.ch\/soziale-arbeit\/assistenzbeitrag-hohe-huerden-auf-dem-weg-zur-selbstbestimmung\/#respond"]}]},{"@type":"WebPage","@id":"https:\/\/hub.hslu.ch\/soziale-arbeit\/assistenzbeitrag-hohe-huerden-auf-dem-weg-zur-selbstbestimmung\/","url":"https:\/\/hub.hslu.ch\/soziale-arbeit\/assistenzbeitrag-hohe-huerden-auf-dem-weg-zur-selbstbestimmung\/","name":"Assistenzbeitrag: Hohe H\u00fcrden auf dem Weg zur Selbstbestimmung &#8211; Soziale Arbeit an der Hochschule Luzern","isPartOf":{"@id":"https:\/\/hub.hslu.ch\/soziale-arbeit\/#website"},"primaryImageOfPage":{"@id":"https:\/\/hub.hslu.ch\/soziale-arbeit\/assistenzbeitrag-hohe-huerden-auf-dem-weg-zur-selbstbestimmung\/#primaryimage"},"image":{"@id":"https:\/\/hub.hslu.ch\/soziale-arbeit\/assistenzbeitrag-hohe-huerden-auf-dem-weg-zur-selbstbestimmung\/#primaryimage"},"thumbnailUrl":"https:\/\/hub.hslu.ch\/soziale-arbeit\/wp-content\/uploads\/sites\/23\/2025\/03\/Assistenzpersonen-und-Mensch-mit-Behinderung-im-Rollstuhl.jpg","datePublished":"2025-03-12T05:30:00+00:00","dateModified":"2026-02-11T13:54:10+00:00","author":{"@id":"https:\/\/hub.hslu.ch\/soziale-arbeit\/#\/schema\/person\/0d13e861725ae87916921d6d018489e4"},"breadcrumb":{"@id":"https:\/\/hub.hslu.ch\/soziale-arbeit\/assistenzbeitrag-hohe-huerden-auf-dem-weg-zur-selbstbestimmung\/#breadcrumb"},"inLanguage":"de-CH","potentialAction":[{"@type":"ReadAction","target":["https:\/\/hub.hslu.ch\/soziale-arbeit\/assistenzbeitrag-hohe-huerden-auf-dem-weg-zur-selbstbestimmung\/"]}]},{"@type":"ImageObject","inLanguage":"de-CH","@id":"https:\/\/hub.hslu.ch\/soziale-arbeit\/assistenzbeitrag-hohe-huerden-auf-dem-weg-zur-selbstbestimmung\/#primaryimage","url":"https:\/\/hub.hslu.ch\/soziale-arbeit\/wp-content\/uploads\/sites\/23\/2025\/03\/Assistenzpersonen-und-Mensch-mit-Behinderung-im-Rollstuhl.jpg","contentUrl":"https:\/\/hub.hslu.ch\/soziale-arbeit\/wp-content\/uploads\/sites\/23\/2025\/03\/Assistenzpersonen-und-Mensch-mit-Behinderung-im-Rollstuhl.jpg","width":1614,"height":1007,"caption":"Assistenzpersonen und Mensch mit Behinderung im Rollstuhl"},{"@type":"BreadcrumbList","@id":"https:\/\/hub.hslu.ch\/soziale-arbeit\/assistenzbeitrag-hohe-huerden-auf-dem-weg-zur-selbstbestimmung\/#breadcrumb","itemListElement":[{"@type":"ListItem","position":1,"name":"Home","item":"https:\/\/hub.hslu.ch\/soziale-arbeit\/"},{"@type":"ListItem","position":2,"name":"Assistenzbeitrag: Hohe H\u00fcrden auf dem Weg zur Selbstbestimmung"}]},{"@type":"WebSite","@id":"https:\/\/hub.hslu.ch\/soziale-arbeit\/#website","url":"https:\/\/hub.hslu.ch\/soziale-arbeit\/","name":"Soziale Arbeit an der Hochschule Luzern","description":"Der Blog der Hochschule Luzern \u2013 Soziale Arbeit","potentialAction":[{"@type":"SearchAction","target":{"@type":"EntryPoint","urlTemplate":"https:\/\/hub.hslu.ch\/soziale-arbeit\/?s={search_term_string}"},"query-input":{"@type":"PropertyValueSpecification","valueRequired":true,"valueName":"search_term_string"}}],"inLanguage":"de-CH"},{"@type":"Person","@id":"https:\/\/hub.hslu.ch\/soziale-arbeit\/#\/schema\/person\/0d13e861725ae87916921d6d018489e4","name":"Roger Ettlin"}]}},"featured_image_src":"https:\/\/hub.hslu.ch\/soziale-arbeit\/wp-content\/uploads\/sites\/23\/2025\/03\/Assistenzpersonen-und-Mensch-mit-Behinderung-im-Rollstuhl.jpg","featured_image_src_square":"https:\/\/hub.hslu.ch\/soziale-arbeit\/wp-content\/uploads\/sites\/23\/2025\/03\/Assistenzpersonen-und-Mensch-mit-Behinderung-im-Rollstuhl.jpg","author_info":{"display_name":"Roger Ettlin","author_link":"https:\/\/hub.hslu.ch\/soziale-arbeit\/author\/rogerettlin\/"},"_links":{"self":[{"href":"https:\/\/hub.hslu.ch\/soziale-arbeit\/wp-json\/wp\/v2\/posts\/10663","targetHints":{"allow":["GET"]}}],"collection":[{"href":"https:\/\/hub.hslu.ch\/soziale-arbeit\/wp-json\/wp\/v2\/posts"}],"about":[{"href":"https:\/\/hub.hslu.ch\/soziale-arbeit\/wp-json\/wp\/v2\/types\/post"}],"author":[{"embeddable":true,"href":"https:\/\/hub.hslu.ch\/soziale-arbeit\/wp-json\/wp\/v2\/users\/152"}],"replies":[{"embeddable":true,"href":"https:\/\/hub.hslu.ch\/soziale-arbeit\/wp-json\/wp\/v2\/comments?post=10663"}],"version-history":[{"count":10,"href":"https:\/\/hub.hslu.ch\/soziale-arbeit\/wp-json\/wp\/v2\/posts\/10663\/revisions"}],"predecessor-version":[{"id":13077,"href":"https:\/\/hub.hslu.ch\/soziale-arbeit\/wp-json\/wp\/v2\/posts\/10663\/revisions\/13077"}],"wp:featuredmedia":[{"embeddable":true,"href":"https:\/\/hub.hslu.ch\/soziale-arbeit\/wp-json\/wp\/v2\/media\/10669"}],"wp:attachment":[{"href":"https:\/\/hub.hslu.ch\/soziale-arbeit\/wp-json\/wp\/v2\/media?parent=10663"}],"wp:term":[{"taxonomy":"category","embeddable":true,"href":"https:\/\/hub.hslu.ch\/soziale-arbeit\/wp-json\/wp\/v2\/categories?post=10663"},{"taxonomy":"post_tag","embeddable":true,"href":"https:\/\/hub.hslu.ch\/soziale-arbeit\/wp-json\/wp\/v2\/tags?post=10663"}],"curies":[{"name":"wp","href":"https:\/\/api.w.org\/{rel}","templated":true}]}}