{"id":10938,"date":"2025-06-10T09:00:00","date_gmt":"2025-06-10T07:00:00","guid":{"rendered":"https:\/\/hub.hslu.ch\/soziale-arbeit\/?p=10938"},"modified":"2026-04-14T09:06:25","modified_gmt":"2026-04-14T07:06:25","slug":"quereinsteigende-soziale-arbeit","status":"publish","type":"post","link":"https:\/\/hub.hslu.ch\/soziale-arbeit\/quereinsteigende-soziale-arbeit\/","title":{"rendered":"Ohne Abschluss, aber unverzichtbar: Quereinsteigende in der Sozialen Arbeit"},"content":{"rendered":"\n<p><strong><\/strong><\/p>\n\n\n\n<p>Der Fachkr\u00e4ftemangel macht auch vor der Sozialen Arbeit nicht halt \u2013 das zeigt sich etwa bei der Stiftung f\u00fcr selbstbestimmtes und begleitetes Leben (<a href=\"https:\/\/www.ssbl.ch\/\">SSBL<\/a>) mit Sitz in Emmen LU. \u00abIn den dreizehn Jahren, in denen ich hier arbeite, ist mir sehr bewusst geworden, dass unser Alltag ohne Quereinsteigende \u2013 also Mitarbeitende ohne fachliche Ausbildung \u2013 gar nicht zu bew\u00e4ltigen w\u00e4re\u00bb, sagt Anna Michel. Die 29-J\u00e4hrige absolvierte ihre Grundausbildung zur Fachfrau Betreuung bei der SSBL und schloss berufsbegleitend den Bachelor in Sozialp\u00e4dagogik an der HSLU \u2013 Soziale Arbeit ab.<\/p>\n\n\n\n<p>Der Anstoss zur Bachelorarbeit kam aus der Praxis. \u00abMich hat schon l\u00e4nger besch\u00e4ftigt, dass der Alltag oft von \u2039Nicht-Fachkr\u00e4ften\u203a getragen wird \u2013 und das erstaunlich gut funktioniert. Gleichzeitig m\u00fcssen wir aber auch die fachlichen Leistungen erbringen, die der Kanton verlangt. Dieser Spagat hat mein Interesse geweckt.\u00bb, sagt Anna Michel. Gemeinsam mit Studienkollegin Pia Theiler, die im Bereich Arbeitsintegration t\u00e4tig ist, untersuchte sie, wie Quereinsteigende ihre Aufgaben bew\u00e4ltigen, wie sie wahrgenommen werden \u2013 und wie sie sich selbst sehen. Ziel war es, ihre Perspektiven sichtbar zu machen und daraus konkrete Empfehlungen f\u00fcr die Praxis zu entwickeln.<\/p>\n\n\n<div class=\"blue-box\">\n\t<div class=\"row\">\n\t\t<div class=\"col-md-12\">\n\t\t\t<p>Die Bachelorarbeit Anna Michel und Pia Theiler <strong>\u00abQualifikation in der Sozialen Arbeit w\u00e4hrend dem Fachkr\u00e4ftemangel\u00bb<\/strong> kann <a href=\"https:\/\/www.soziothek.ch\/qualifikation-in-der-sozialen-arbeit-waehrend-dem-fachkraeftemangel\">hier\u00a0<\/a>heruntergeladen werden. Die Arbeit wurde von Karin Stadelmann betreut.<\/p>\n\t\t<\/div>\n\t<\/div>\n<\/div>\n\n\n\n<h2 class=\"wp-block-heading\">Quereinsteigende: Ein Begriff mit Spannungen<\/h2>\n\n\n\n<p>Eine zentrale Erkenntnis der Arbeit lautet: Es existiert ein Graben zwischen Mitarbeitenden mit und ohne Ausbildung. Auch der Begriff \u00abQuereinsteiger\u00bb ist nicht unproblematisch \u2013 beide Seiten empfinden ihn eher negativ. Fachpersonen grenzen sich bewusst davon ab, w\u00e4hrend Quereinsteigende die Bezeichnung oft als Abwertung ihrer Erfahrung wahrnehmen. Besonders problematisch ist das f\u00fcr jene, die schon seit Jahren im Beruf arbeiten und \u00fcber umfangreiche Praxiserfahrung verf\u00fcgen \u2013 aber weiterhin als Quereinsteigende gelten. Der Begriff wird dadurch zum Stigma.<\/p>\n\n\n\n<blockquote class=\"wp-block-quote is-layout-flow wp-block-quote-is-layout-flow\">\n<p>Auch der Begriff \u00abQuereinsteiger\u00bb ist nicht unproblematisch \u2013 beide Seiten empfinden ihn eher negativ.&nbsp;<\/p>\n<\/blockquote>\n\n\n\n<p>Bei Schulungen, Sitzungen oder Entscheidungsprozessen werden meist jene einbezogen, die formell Verantwortung tragen \u2013 also Mitarbeitende mit fachlicher Ausbildung. Quereinsteigende, die diese Entscheide sp\u00e4ter umsetzen, bleiben oft aussen vor. Das kann frustrieren.<\/p>\n\n\n\n<div class=\"wp-block-buttons is-content-justification-center is-layout-flex wp-container-core-buttons-is-layout-16018d1d wp-block-buttons-is-layout-flex\">\n<div class=\"wp-block-button animated backInDown\"><a class=\"wp-block-button__link wp-element-button\" href=\"https:\/\/www.hslu.ch\/de-ch\/soziale-arbeit\/studium\/bachelor\/\"><strong>Quereinstieg in die Soziale Arbeit? Mehr Infos findest du hier!<\/strong><\/a><\/div>\n<\/div>\n\n\n\n<p>Manche Quereinsteigende nehmen sich zudem selbst zur\u00fcck: \u00abIch habe ja keine Ausbildung, also z\u00e4hlt meine Meinung weniger\u00bb, lautet die innere Haltung. Nicht, weil es ihnen an Erfahrung fehlen w\u00fcrde, sondern weil sie ihre Perspektive selbst als weniger relevant einstufen. \u00abDabei sind es gerade ihre N\u00e4he zum Klientel und ihre allt\u00e4glichen Beobachtungen, die wertvolle Impulse f\u00fcr die Weiterentwicklung der Praxis liefern\u00bb, betont Anna Michel.<\/p>\n\n\n\n<p>Die Untersuchung best\u00e4tigte auch ihre pers\u00f6nliche Beobachtung: Organisationen wie die SSBL sind auf Quereinsteigende angewiesen \u2013 nicht nur als \u00dcbergangsl\u00f6sung, sondern als tragende S\u00e4ule im Alltag. \u00abEs braucht Leute an der Basis \u2013 Menschen, die diesen Beruf aus\u00fcben wollen, ohne die Absicht, sich sofort weiterzubilden\u00bb, sagt sie. \u00abDenn wenn alle ein Studium anstreben w\u00fcrden, w\u00e4re das f\u00fcr eine Institution wie die SSBL gar nicht tragbar.\u00bb<\/p>\n\n\n\n<figure class=\"wp-block-image size-large\"><img loading=\"lazy\" decoding=\"async\" width=\"1024\" height=\"575\" src=\"https:\/\/hub.hslu.ch\/soziale-arbeit\/wp-content\/uploads\/sites\/23\/2025\/04\/Die-beiden-Bachelorabsolventinnen-Anna-Michel-und-Pia-Theiler-1024x575.jpg\" alt=\"Die beiden Bachelorabsolventinnen Anna Michel und Pia Theiler\" class=\"wp-image-10942\" srcset=\"https:\/\/hub.hslu.ch\/soziale-arbeit\/wp-content\/uploads\/sites\/23\/2025\/04\/Die-beiden-Bachelorabsolventinnen-Anna-Michel-und-Pia-Theiler-1024x575.jpg 1024w, https:\/\/hub.hslu.ch\/soziale-arbeit\/wp-content\/uploads\/sites\/23\/2025\/04\/Die-beiden-Bachelorabsolventinnen-Anna-Michel-und-Pia-Theiler-300x168.jpg 300w, https:\/\/hub.hslu.ch\/soziale-arbeit\/wp-content\/uploads\/sites\/23\/2025\/04\/Die-beiden-Bachelorabsolventinnen-Anna-Michel-und-Pia-Theiler-768x431.jpg 768w, https:\/\/hub.hslu.ch\/soziale-arbeit\/wp-content\/uploads\/sites\/23\/2025\/04\/Die-beiden-Bachelorabsolventinnen-Anna-Michel-und-Pia-Theiler-928x521.jpg 928w, https:\/\/hub.hslu.ch\/soziale-arbeit\/wp-content\/uploads\/sites\/23\/2025\/04\/Die-beiden-Bachelorabsolventinnen-Anna-Michel-und-Pia-Theiler-600x337.jpg 600w, https:\/\/hub.hslu.ch\/soziale-arbeit\/wp-content\/uploads\/sites\/23\/2025\/04\/Die-beiden-Bachelorabsolventinnen-Anna-Michel-und-Pia-Theiler.jpg 1211w\" sizes=\"auto, (max-width: 1024px) 100vw, 1024px\" \/><figcaption class=\"wp-element-caption\"><em>Die beiden Bachelorabsolventinnen Pia Theiler (links) und Anna Michel (rechts)<\/em><\/figcaption><\/figure>\n\n\n\n<h2 class=\"wp-block-heading\"><strong>Quereinstieg neu benennen: Warum Sprache entscheidend ist<\/strong><\/h2>\n\n\n\n<p>Doch Erkenntnisse allein reichen nicht. Entscheidend ist, was daraus folgt. \u00abIm Sinne unserer Arbeit versuche ich auch ein Korrektiv zu sein\u00bb, sagt Anna Michel. Eine wichtige Erkenntnis war dabei die Sprache selbst: \u00abWir mussten uns eingestehen, dass auch wir als Autorinnen den Begriff \u2039Quereinsteigende\u203a teilweise ungenau verwendet haben. Denn wer seit \u00fcber einem Jahr in diesem Beruf arbeitet, ist l\u00e4ngst eingestiegen \u2013 auch ohne Abschluss.\u00bb Solche Mitarbeitenden bringen oft Erfahrung mit, die fachliche Defizite in vielem ausgleicht.<\/p>\n\n\n\n<blockquote class=\"wp-block-quote is-layout-flow wp-block-quote-is-layout-flow\">\n<p>Statt den Blick auf fehlende Abschl\u00fcsse zu richten, brauche es eine differenzierte Sicht auf vorhandene F\u00e4higkeiten.<\/p>\n<\/blockquote>\n\n\n\n<p>Diese Reflexion hat Michel auch in ihren Alltag mitgenommen. Seither spricht sie das Thema bewusst an: \u00abVielleicht habt ihr kein Diplom \u2013 aber andere St\u00e4rken, die den fachlichen Austausch bereichern.\u00bb Das habe im Team sp\u00fcrbare Wirkung gezeigt: \u00abPl\u00f6tzlich f\u00fchlten sich Kolleginnen und Kollegen bef\u00e4higt, sich einzubringen und an Diskussionen teilzunehmen.\u00bb<\/p>\n\n\n\n<p>Statt den Blick auf fehlende Abschl\u00fcsse zu richten, brauche es eine differenzierte Sicht auf vorhandene F\u00e4higkeiten. \u00abWenn jemand musikalisch ist, kann das ein grosser Gewinn f\u00fcr die Arbeit mit Klientinnen und Klienten sein. Dar\u00fcber kann man sich austauschen \u2013 und daraus konkrete Verbesserungen ableiten.\u00bb Solche Erfahrungen st\u00e4rken das Selbstvertrauen und motivieren dazu, sich auch in anderen Bereichen einzubringen.<\/p>\n\n\n\n<h2 class=\"wp-block-heading\"><strong><strong>Quereinsteigende st\u00e4rken: Ver\u00e4nderungen in der Praxis<\/strong><\/strong><\/h2>\n\n\n\n<p>Was im Team begann, hat Kreise gezogen. Anna Michel und Pia Theiler durften ihre Bachelorarbeit unter anderem der HR- und Bildungsverantwortlichen der SSBL vorstellen. Die R\u00fcckmeldungen waren positiv \u2013 und erste Empfehlungen wurden bereits umgesetzt.<\/p>\n\n\n\n<p>Ein konkretes Beispiel ist das Mentoringprogramm f\u00fcr neue Mitarbeitende. \u00abFr\u00fcher wurde diese Rolle in der Regel Fachpersonen mit Ausbildung \u00fcbertragen\u00bb, erkl\u00e4rt Anna Michel. \u00abHeute werden gezielt auch langj\u00e4hrige Quereinsteigende als Mentorinnen und Mentoren eingesetzt.\u00bb Ihre Erfahrung macht sie zu besonders glaubw\u00fcrdigen und kompetenten Begleitpersonen beim Einstieg.<\/p>\n\n\n\n<p>Solche Anpassungen an der gelebten Praxis m\u00f6gen klein wirken, doch sie entfalten grosse Wirkung. \u00abWenn ich als Fachperson bewusst Verantwortung abgebe, w\u00e4chst das Vertrauen \u2013 und pl\u00f6tzlich kann diese Person auch mehr\u00bb, sagt Anna Michel. Das st\u00e4rke nicht nur den Zusammenhalt im Team, sondern wirke sich direkt auf die Qualit\u00e4t der Begleitung aus. Die Bachelorarbeit von Anna Michel und Pia Theiler hat letztlich nicht nur eine L\u00fccke sichtbar gemacht, sondern tr\u00e4gt auch dazu bei, sie zu \u00fcberbr\u00fccken.<\/p>\n\n\n\n<p>Die Arbeit zeigt, wie wichtig Wertsch\u00e4tzung, Einbindung und gezielte Personalentwicklung sind, um das Potenzial von Quereinsteigenden langfristig zu nutzen.<\/p>\n\n\n\n<details class=\"wp-block-details is-layout-flow wp-block-details-is-layout-flow\"><summary><strong>\u2753 FAQ: H\u00e4ufige Fragen zu Quereinsteigenden in der Sozialen Arbeit<\/strong><\/summary>\n<p><strong>1. Was versteht man unter Quereinsteigenden in der Sozialen Arbeit?<\/strong><br>Quereinsteigende sind Mitarbeitende ohne formale Ausbildung im sozialen Bereich, die dennoch in entsprechenden Institutionen t\u00e4tig sind und dort wichtige Aufgaben \u00fcbernehmen.<\/p>\n\n\n\n<p><strong>2. Warum sind Quereinsteigende so wichtig?<\/strong><br>Sie tragen wesentlich zum Funktionieren des Alltags bei \u2013 besonders angesichts des Fachkr\u00e4ftemangels. In vielen Teams sind sie eine unverzichtbare St\u00fctze.<\/p>\n\n\n\n<p><strong>3. Welche Herausforderungen gibt es f\u00fcr Quereinsteigende?<\/strong><br>Oft erleben sie weniger Mitsprache, werden bei Entscheidungen nicht einbezogen oder nehmen ihre eigene Rolle als weniger relevant wahr \u2013 trotz grosser Praxiserfahrung.<\/p>\n\n\n\n<p><strong>4. Wie werden Quereinsteigende im Arbeitsalltag wahrgenommen?<\/strong><br>Die Wahrnehmung ist unterschiedlich: W\u00e4hrend Fachpersonen sich teilweise abgrenzen, empfinden Quereinsteigende die Bezeichnung selbst oft als abwertend.<\/p>\n\n\n\n<p><strong>5. Was k\u00f6nnen Organisationen konkret verbessern?<\/strong><br>Zum Beispiel:<\/p>\n\n\n\n<ul class=\"wp-block-list\">\n<li>bewusstere und wertsch\u00e4tzendere Sprache<\/li>\n\n\n\n<li>st\u00e4rkere Einbindung in Entscheidungsprozesse<\/li>\n\n\n\n<li>Anerkennung von Praxiserfahrung<\/li>\n\n\n\n<li>neue Rollenmodelle wie Mentoring f\u00fcr erfahrene Mitarbeitende ohne Abschluss<\/li>\n<\/ul>\n\n\n\n<p><strong>6. Was zeigt die Bachelorarbeit von Anna Michel und Pia Theiler?<\/strong><br>Sie macht sichtbar, wie zentral Quereinsteigende f\u00fcr die Soziale Arbeit sind \u2013 und liefert konkrete Impulse, wie ihre Rolle gest\u00e4rkt und besser genutzt werden kann.<\/p>\n<\/details>\n\n\n\n<p>Von:\u00a0<a href=\"https:\/\/www.schriber-kommunikation.ch\/agentur\/\">Ismail Osman<\/a><br>Ver\u00f6ffentlicht: 10. Juni 2025<\/p>\n\n\n\n<p><em>Ein Beitrag zu Fachkr\u00e4ftemangel, Quereinstieg, Wertsch\u00e4tzung und Personalentwicklung in der Sozialen Arbeit.<\/em><\/p>\n\n\n<div class=\"blue-box\">\n\t<div class=\"row\">\n\t\t<div class=\"col-md-12\">\n\t\t\t<p><strong><a href=\"https:\/\/www.hslu.ch\/de-ch\/soziale-arbeit\/studium\/bachelor\/\">Interessierst du dich f\u00fcr ein Studium in Sozialer Arbeit?<\/a><\/strong><\/p>\n<p>Wir unterst\u00fctzen dich, Menschen in allen Lebenslagen zu begleiten und f\u00f6rdern deine Urteilsbildung sowie deine F\u00e4higkeit, verschiedene Perspektiven einzunehmen. Werde Teil eines werteorientierten Studiums, das auf gesellschaftlichen Wandel abzielt und die Teilhabe aller erm\u00f6glicht.<\/p>\n<p>Auch<strong> Quereinsteigende mit vielf\u00e4ltigen Lebens- und Berufserfahrungen <\/strong>sind herzlich willkommen \u2013 wir bauen auf dein Wissen und begleiten dich beim beruflichen Neustart.<\/p>\n<p>Jetzt eine\u00a0<strong><a href=\"https:\/\/www.hslu.ch\/de-ch\/soziale-arbeit\/studium\/info-veranstaltungen\/#?filters=102,1050&amp;q=bachelor\">Infoveranstaltung<\/a><\/strong>\u00a0zum Bachelor besuchen.<\/p>\n<p>Neuer\u00a0<a href=\"https:\/\/www.hslu.ch\/de-ch\/soziale-arbeit\/studium\/bachelor\/soziale-arbeit-neue-konzepte-und-innovation\/\">Bachelor in Sozialer Arbeit<\/a>\u00a0neue Konzepte und Innovation<\/p>\n\t\t<\/div>\n\t<\/div>\n<\/div>\n\n\n\n<div style=\"background-color:#f2f2f2;color:#32373c\" class=\"wp-block-genesis-blocks-gb-profile-box square gb-has-avatar gb-font-size-18 gb-block-profile gb-profile-columns\"><div class=\"gb-profile-column gb-profile-avatar-wrap\"><div class=\"gb-profile-image-wrap\"><figure class=\"gb-profile-image-square\"><img loading=\"lazy\" decoding=\"async\" width=\"174\" height=\"183\" class=\"gb-profile-avatar wp-image-5579\" src=\"https:\/\/hub.hslu.ch\/soziale-arbeit\/wp-content\/uploads\/sites\/23\/2023\/02\/Karin-Stadelmann-HSLU.jpg\" alt=\"Karin Stadelmann HSLU\" \/><\/figure><\/div><\/div><div class=\"gb-profile-column gb-profile-content-wrap\"><h2 class=\"gb-profile-name\" style=\"color:#32373c\">Prof. Dr. Karin Andrea Stadelmann<\/h2><p class=\"gb-profile-title\" style=\"color:#32373c\"><\/p><div class=\"gb-profile-text\"><p><a href=\"https:\/\/www.hslu.ch\/de-ch\/hochschule-luzern\/ueber-uns\/personensuche\/profile\/?pid=3109\">Karin Andrea Stadelmann<\/a>&nbsp;ist FH-Professorin und CC-Leiterin am Institut f\u00fcr Sozialp\u00e4dagogik und Sozialpolitik der HSLU \u2013 Soziale Arbeit. Zu ihren Forschungsschwerpunkten geh\u00f6ren Betreuung im Alter, strategische Entwicklung in der Alterspolitik, Gesundheitsf\u00f6rderung mit Fokus auf soziale Unterst\u00fctzung sowie Bildung und Erziehung \u00fcber die ganze Lebensspanne. Zudem ist sie Luzerner Kantonsr\u00e4tin und Pr\u00e4sidentin der \u00abDie Mitte Luzern\u00bb.<\/p><\/div><ul class=\"gb-social-links\"><\/ul><\/div><\/div>\n","protected":false},"excerpt":{"rendered":"<p>Mit ihrer Bachelorarbeit r\u00fccken Anna Michel und Pia Theiler die Rolle von Quereinsteigenden in der Sozialen Arbeit in den Fokus. Die beiden Autorinnen haben einen Diskurs angestossen \u2013 \u00fcber Wertsch\u00e4tzung, Bef\u00e4higung und den Umgang mit Mitarbeitenden ohne fachliche Ausbildung.<\/p>\n","protected":false},"author":152,"featured_media":10940,"comment_status":"open","ping_status":"closed","sticky":false,"template":"","format":"standard","meta":{"_acf_changed":false,"inline_featured_image":false,"_relevanssi_hide_post":"","_relevanssi_hide_content":"","_relevanssi_pin_for_all":"","_relevanssi_pin_keywords":"","_relevanssi_unpin_keywords":"","_relevanssi_related_keywords":"","_relevanssi_related_include_ids":"","_relevanssi_related_exclude_ids":"","_relevanssi_related_no_append":"","_relevanssi_related_not_related":"","_relevanssi_related_posts":"566,1462,8856,5047,1927,1273","_relevanssi_noindex_reason":"","footnotes":"","_links_to":"","_links_to_target":""},"categories":[7,8],"tags":[375,96,335,276,387],"class_list":["post-10938","post","type-post","status-publish","format-standard","has-post-thumbnail","hentry","category-ausbildung","category-weiterbildung","tag-abschlussarbeit","tag-bachelor-in-sozialer-arbeit","tag-bachelorarbeit","tag-fachkraeftemangel","tag-quereinstieg"],"acf":[],"yoast_head":"<!-- This site is optimized with the Yoast SEO plugin v27.5 - https:\/\/yoast.com\/product\/yoast-seo-wordpress\/ -->\n<title>Ohne Abschluss, aber unverzichtbar: Quereinsteigende in der Sozialen Arbeit &#8211; Soziale Arbeit an der Hochschule Luzern<\/title>\n<meta name=\"robots\" content=\"index, follow, max-snippet:-1, max-image-preview:large, max-video-preview:-1\" \/>\n<link rel=\"canonical\" href=\"https:\/\/hub.hslu.ch\/soziale-arbeit\/quereinsteigende-soziale-arbeit\/\" \/>\n<meta property=\"og:locale\" content=\"de_DE\" \/>\n<meta property=\"og:type\" content=\"article\" \/>\n<meta property=\"og:title\" content=\"Ohne Abschluss, aber unverzichtbar: Quereinsteigende in der Sozialen Arbeit &#8211; Soziale Arbeit an der Hochschule Luzern\" \/>\n<meta property=\"og:description\" content=\"Mit ihrer Bachelorarbeit r\u00fccken Anna Michel und Pia Theiler die Rolle von Quereinsteigenden in der Sozialen Arbeit in den Fokus. Die beiden Autorinnen haben einen Diskurs angestossen \u2013 \u00fcber Wertsch\u00e4tzung, Bef\u00e4higung und den Umgang mit Mitarbeitenden ohne fachliche Ausbildung.\" \/>\n<meta property=\"og:url\" content=\"https:\/\/hub.hslu.ch\/soziale-arbeit\/quereinsteigende-soziale-arbeit\/\" \/>\n<meta property=\"og:site_name\" content=\"Soziale Arbeit an der Hochschule Luzern\" \/>\n<meta property=\"article:published_time\" content=\"2025-06-10T07:00:00+00:00\" \/>\n<meta property=\"article:modified_time\" content=\"2026-04-14T07:06:25+00:00\" \/>\n<meta property=\"og:image\" content=\"https:\/\/hub.hslu.ch\/soziale-arbeit\/wp-content\/uploads\/sites\/23\/2025\/04\/Quereinsteiger-Soziale-Arbeit-HSLU.jpg\" \/>\n\t<meta property=\"og:image:width\" content=\"1614\" \/>\n\t<meta property=\"og:image:height\" content=\"907\" \/>\n\t<meta property=\"og:image:type\" content=\"image\/jpeg\" \/>\n<meta name=\"author\" content=\"Roger Ettlin\" \/>\n<meta name=\"twitter:card\" content=\"summary_large_image\" \/>\n<meta name=\"twitter:label1\" content=\"Geschrieben von\" \/>\n\t<meta name=\"twitter:data1\" content=\"Roger Ettlin\" \/>\n\t<meta name=\"twitter:label2\" content=\"Gesch\u00e4tzte Lesezeit\" \/>\n\t<meta name=\"twitter:data2\" content=\"7\u00a0Minuten\" \/>\n<script type=\"application\/ld+json\" class=\"yoast-schema-graph\">{\"@context\":\"https:\\\/\\\/schema.org\",\"@graph\":[{\"@type\":[\"Article\",\"BlogPosting\"],\"@id\":\"https:\\\/\\\/hub.hslu.ch\\\/soziale-arbeit\\\/quereinsteigende-soziale-arbeit\\\/#article\",\"isPartOf\":{\"@id\":\"https:\\\/\\\/hub.hslu.ch\\\/soziale-arbeit\\\/quereinsteigende-soziale-arbeit\\\/\"},\"author\":{\"name\":\"Roger Ettlin\",\"@id\":\"https:\\\/\\\/hub.hslu.ch\\\/soziale-arbeit\\\/#\\\/schema\\\/person\\\/0d13e861725ae87916921d6d018489e4\"},\"headline\":\"Ohne Abschluss, aber unverzichtbar: Quereinsteigende in der Sozialen Arbeit\",\"datePublished\":\"2025-06-10T07:00:00+00:00\",\"dateModified\":\"2026-04-14T07:06:25+00:00\",\"mainEntityOfPage\":{\"@id\":\"https:\\\/\\\/hub.hslu.ch\\\/soziale-arbeit\\\/quereinsteigende-soziale-arbeit\\\/\"},\"wordCount\":1178,\"commentCount\":0,\"image\":{\"@id\":\"https:\\\/\\\/hub.hslu.ch\\\/soziale-arbeit\\\/quereinsteigende-soziale-arbeit\\\/#primaryimage\"},\"thumbnailUrl\":\"https:\\\/\\\/hub.hslu.ch\\\/soziale-arbeit\\\/wp-content\\\/uploads\\\/sites\\\/23\\\/2025\\\/04\\\/Quereinsteiger-Soziale-Arbeit-HSLU.jpg\",\"keywords\":[\"Abschlussarbeit\",\"Bachelor in Sozialer Arbeit\",\"Bachelorarbeit\",\"Fachkr\u00e4ftemangel\",\"Quereinstieg\"],\"articleSection\":[\"Studium\",\"Weiterbildung\"],\"inLanguage\":\"de-CH\",\"potentialAction\":[{\"@type\":\"CommentAction\",\"name\":\"Comment\",\"target\":[\"https:\\\/\\\/hub.hslu.ch\\\/soziale-arbeit\\\/quereinsteigende-soziale-arbeit\\\/#respond\"]}]},{\"@type\":\"WebPage\",\"@id\":\"https:\\\/\\\/hub.hslu.ch\\\/soziale-arbeit\\\/quereinsteigende-soziale-arbeit\\\/\",\"url\":\"https:\\\/\\\/hub.hslu.ch\\\/soziale-arbeit\\\/quereinsteigende-soziale-arbeit\\\/\",\"name\":\"Ohne Abschluss, aber unverzichtbar: Quereinsteigende in der Sozialen Arbeit &#8211; Soziale Arbeit an der Hochschule Luzern\",\"isPartOf\":{\"@id\":\"https:\\\/\\\/hub.hslu.ch\\\/soziale-arbeit\\\/#website\"},\"primaryImageOfPage\":{\"@id\":\"https:\\\/\\\/hub.hslu.ch\\\/soziale-arbeit\\\/quereinsteigende-soziale-arbeit\\\/#primaryimage\"},\"image\":{\"@id\":\"https:\\\/\\\/hub.hslu.ch\\\/soziale-arbeit\\\/quereinsteigende-soziale-arbeit\\\/#primaryimage\"},\"thumbnailUrl\":\"https:\\\/\\\/hub.hslu.ch\\\/soziale-arbeit\\\/wp-content\\\/uploads\\\/sites\\\/23\\\/2025\\\/04\\\/Quereinsteiger-Soziale-Arbeit-HSLU.jpg\",\"datePublished\":\"2025-06-10T07:00:00+00:00\",\"dateModified\":\"2026-04-14T07:06:25+00:00\",\"author\":{\"@id\":\"https:\\\/\\\/hub.hslu.ch\\\/soziale-arbeit\\\/#\\\/schema\\\/person\\\/0d13e861725ae87916921d6d018489e4\"},\"breadcrumb\":{\"@id\":\"https:\\\/\\\/hub.hslu.ch\\\/soziale-arbeit\\\/quereinsteigende-soziale-arbeit\\\/#breadcrumb\"},\"inLanguage\":\"de-CH\",\"potentialAction\":[{\"@type\":\"ReadAction\",\"target\":[\"https:\\\/\\\/hub.hslu.ch\\\/soziale-arbeit\\\/quereinsteigende-soziale-arbeit\\\/\"]}]},{\"@type\":\"ImageObject\",\"inLanguage\":\"de-CH\",\"@id\":\"https:\\\/\\\/hub.hslu.ch\\\/soziale-arbeit\\\/quereinsteigende-soziale-arbeit\\\/#primaryimage\",\"url\":\"https:\\\/\\\/hub.hslu.ch\\\/soziale-arbeit\\\/wp-content\\\/uploads\\\/sites\\\/23\\\/2025\\\/04\\\/Quereinsteiger-Soziale-Arbeit-HSLU.jpg\",\"contentUrl\":\"https:\\\/\\\/hub.hslu.ch\\\/soziale-arbeit\\\/wp-content\\\/uploads\\\/sites\\\/23\\\/2025\\\/04\\\/Quereinsteiger-Soziale-Arbeit-HSLU.jpg\",\"width\":1614,\"height\":907,\"caption\":\"Studierende stehen vor dem Geb\u00e4ude der Soziale Arbeit HSLU\"},{\"@type\":\"BreadcrumbList\",\"@id\":\"https:\\\/\\\/hub.hslu.ch\\\/soziale-arbeit\\\/quereinsteigende-soziale-arbeit\\\/#breadcrumb\",\"itemListElement\":[{\"@type\":\"ListItem\",\"position\":1,\"name\":\"Home\",\"item\":\"https:\\\/\\\/hub.hslu.ch\\\/soziale-arbeit\\\/\"},{\"@type\":\"ListItem\",\"position\":2,\"name\":\"Ohne Abschluss, aber unverzichtbar: Quereinsteigende in der Sozialen Arbeit\"}]},{\"@type\":\"WebSite\",\"@id\":\"https:\\\/\\\/hub.hslu.ch\\\/soziale-arbeit\\\/#website\",\"url\":\"https:\\\/\\\/hub.hslu.ch\\\/soziale-arbeit\\\/\",\"name\":\"Soziale Arbeit an der Hochschule Luzern\",\"description\":\"Der Blog der Hochschule Luzern \u2013 Soziale Arbeit\",\"potentialAction\":[{\"@type\":\"SearchAction\",\"target\":{\"@type\":\"EntryPoint\",\"urlTemplate\":\"https:\\\/\\\/hub.hslu.ch\\\/soziale-arbeit\\\/?s={search_term_string}\"},\"query-input\":{\"@type\":\"PropertyValueSpecification\",\"valueRequired\":true,\"valueName\":\"search_term_string\"}}],\"inLanguage\":\"de-CH\"},{\"@type\":\"Person\",\"@id\":\"https:\\\/\\\/hub.hslu.ch\\\/soziale-arbeit\\\/#\\\/schema\\\/person\\\/0d13e861725ae87916921d6d018489e4\",\"name\":\"Roger Ettlin\"}]}<\/script>\n<!-- \/ Yoast SEO plugin. -->","yoast_head_json":{"title":"Ohne Abschluss, aber unverzichtbar: Quereinsteigende in der Sozialen Arbeit &#8211; Soziale Arbeit an der Hochschule Luzern","robots":{"index":"index","follow":"follow","max-snippet":"max-snippet:-1","max-image-preview":"max-image-preview:large","max-video-preview":"max-video-preview:-1"},"canonical":"https:\/\/hub.hslu.ch\/soziale-arbeit\/quereinsteigende-soziale-arbeit\/","og_locale":"de_DE","og_type":"article","og_title":"Ohne Abschluss, aber unverzichtbar: Quereinsteigende in der Sozialen Arbeit &#8211; Soziale Arbeit an der Hochschule Luzern","og_description":"Mit ihrer Bachelorarbeit r\u00fccken Anna Michel und Pia Theiler die Rolle von Quereinsteigenden in der Sozialen Arbeit in den Fokus. Die beiden Autorinnen haben einen Diskurs angestossen \u2013 \u00fcber Wertsch\u00e4tzung, Bef\u00e4higung und den Umgang mit Mitarbeitenden ohne fachliche Ausbildung.","og_url":"https:\/\/hub.hslu.ch\/soziale-arbeit\/quereinsteigende-soziale-arbeit\/","og_site_name":"Soziale Arbeit an der Hochschule Luzern","article_published_time":"2025-06-10T07:00:00+00:00","article_modified_time":"2026-04-14T07:06:25+00:00","og_image":[{"width":1614,"height":907,"url":"https:\/\/hub.hslu.ch\/soziale-arbeit\/wp-content\/uploads\/sites\/23\/2025\/04\/Quereinsteiger-Soziale-Arbeit-HSLU.jpg","type":"image\/jpeg"}],"author":"Roger Ettlin","twitter_card":"summary_large_image","twitter_misc":{"Geschrieben von":"Roger Ettlin","Gesch\u00e4tzte Lesezeit":"7\u00a0Minuten"},"schema":{"@context":"https:\/\/schema.org","@graph":[{"@type":["Article","BlogPosting"],"@id":"https:\/\/hub.hslu.ch\/soziale-arbeit\/quereinsteigende-soziale-arbeit\/#article","isPartOf":{"@id":"https:\/\/hub.hslu.ch\/soziale-arbeit\/quereinsteigende-soziale-arbeit\/"},"author":{"name":"Roger Ettlin","@id":"https:\/\/hub.hslu.ch\/soziale-arbeit\/#\/schema\/person\/0d13e861725ae87916921d6d018489e4"},"headline":"Ohne Abschluss, aber unverzichtbar: Quereinsteigende in der Sozialen Arbeit","datePublished":"2025-06-10T07:00:00+00:00","dateModified":"2026-04-14T07:06:25+00:00","mainEntityOfPage":{"@id":"https:\/\/hub.hslu.ch\/soziale-arbeit\/quereinsteigende-soziale-arbeit\/"},"wordCount":1178,"commentCount":0,"image":{"@id":"https:\/\/hub.hslu.ch\/soziale-arbeit\/quereinsteigende-soziale-arbeit\/#primaryimage"},"thumbnailUrl":"https:\/\/hub.hslu.ch\/soziale-arbeit\/wp-content\/uploads\/sites\/23\/2025\/04\/Quereinsteiger-Soziale-Arbeit-HSLU.jpg","keywords":["Abschlussarbeit","Bachelor in Sozialer Arbeit","Bachelorarbeit","Fachkr\u00e4ftemangel","Quereinstieg"],"articleSection":["Studium","Weiterbildung"],"inLanguage":"de-CH","potentialAction":[{"@type":"CommentAction","name":"Comment","target":["https:\/\/hub.hslu.ch\/soziale-arbeit\/quereinsteigende-soziale-arbeit\/#respond"]}]},{"@type":"WebPage","@id":"https:\/\/hub.hslu.ch\/soziale-arbeit\/quereinsteigende-soziale-arbeit\/","url":"https:\/\/hub.hslu.ch\/soziale-arbeit\/quereinsteigende-soziale-arbeit\/","name":"Ohne Abschluss, aber unverzichtbar: Quereinsteigende in der Sozialen Arbeit &#8211; Soziale Arbeit an der Hochschule Luzern","isPartOf":{"@id":"https:\/\/hub.hslu.ch\/soziale-arbeit\/#website"},"primaryImageOfPage":{"@id":"https:\/\/hub.hslu.ch\/soziale-arbeit\/quereinsteigende-soziale-arbeit\/#primaryimage"},"image":{"@id":"https:\/\/hub.hslu.ch\/soziale-arbeit\/quereinsteigende-soziale-arbeit\/#primaryimage"},"thumbnailUrl":"https:\/\/hub.hslu.ch\/soziale-arbeit\/wp-content\/uploads\/sites\/23\/2025\/04\/Quereinsteiger-Soziale-Arbeit-HSLU.jpg","datePublished":"2025-06-10T07:00:00+00:00","dateModified":"2026-04-14T07:06:25+00:00","author":{"@id":"https:\/\/hub.hslu.ch\/soziale-arbeit\/#\/schema\/person\/0d13e861725ae87916921d6d018489e4"},"breadcrumb":{"@id":"https:\/\/hub.hslu.ch\/soziale-arbeit\/quereinsteigende-soziale-arbeit\/#breadcrumb"},"inLanguage":"de-CH","potentialAction":[{"@type":"ReadAction","target":["https:\/\/hub.hslu.ch\/soziale-arbeit\/quereinsteigende-soziale-arbeit\/"]}]},{"@type":"ImageObject","inLanguage":"de-CH","@id":"https:\/\/hub.hslu.ch\/soziale-arbeit\/quereinsteigende-soziale-arbeit\/#primaryimage","url":"https:\/\/hub.hslu.ch\/soziale-arbeit\/wp-content\/uploads\/sites\/23\/2025\/04\/Quereinsteiger-Soziale-Arbeit-HSLU.jpg","contentUrl":"https:\/\/hub.hslu.ch\/soziale-arbeit\/wp-content\/uploads\/sites\/23\/2025\/04\/Quereinsteiger-Soziale-Arbeit-HSLU.jpg","width":1614,"height":907,"caption":"Studierende stehen vor dem Geb\u00e4ude der Soziale Arbeit HSLU"},{"@type":"BreadcrumbList","@id":"https:\/\/hub.hslu.ch\/soziale-arbeit\/quereinsteigende-soziale-arbeit\/#breadcrumb","itemListElement":[{"@type":"ListItem","position":1,"name":"Home","item":"https:\/\/hub.hslu.ch\/soziale-arbeit\/"},{"@type":"ListItem","position":2,"name":"Ohne Abschluss, aber unverzichtbar: Quereinsteigende in der Sozialen Arbeit"}]},{"@type":"WebSite","@id":"https:\/\/hub.hslu.ch\/soziale-arbeit\/#website","url":"https:\/\/hub.hslu.ch\/soziale-arbeit\/","name":"Soziale Arbeit an der Hochschule Luzern","description":"Der Blog der Hochschule Luzern \u2013 Soziale Arbeit","potentialAction":[{"@type":"SearchAction","target":{"@type":"EntryPoint","urlTemplate":"https:\/\/hub.hslu.ch\/soziale-arbeit\/?s={search_term_string}"},"query-input":{"@type":"PropertyValueSpecification","valueRequired":true,"valueName":"search_term_string"}}],"inLanguage":"de-CH"},{"@type":"Person","@id":"https:\/\/hub.hslu.ch\/soziale-arbeit\/#\/schema\/person\/0d13e861725ae87916921d6d018489e4","name":"Roger Ettlin"}]}},"featured_image_src":"https:\/\/hub.hslu.ch\/soziale-arbeit\/wp-content\/uploads\/sites\/23\/2025\/04\/Quereinsteiger-Soziale-Arbeit-HSLU.jpg","featured_image_src_square":"https:\/\/hub.hslu.ch\/soziale-arbeit\/wp-content\/uploads\/sites\/23\/2025\/04\/Quereinsteiger-Soziale-Arbeit-HSLU.jpg","author_info":{"display_name":"Roger Ettlin","author_link":"https:\/\/hub.hslu.ch\/soziale-arbeit\/author\/rogerettlin\/"},"_links":{"self":[{"href":"https:\/\/hub.hslu.ch\/soziale-arbeit\/wp-json\/wp\/v2\/posts\/10938","targetHints":{"allow":["GET"]}}],"collection":[{"href":"https:\/\/hub.hslu.ch\/soziale-arbeit\/wp-json\/wp\/v2\/posts"}],"about":[{"href":"https:\/\/hub.hslu.ch\/soziale-arbeit\/wp-json\/wp\/v2\/types\/post"}],"author":[{"embeddable":true,"href":"https:\/\/hub.hslu.ch\/soziale-arbeit\/wp-json\/wp\/v2\/users\/152"}],"replies":[{"embeddable":true,"href":"https:\/\/hub.hslu.ch\/soziale-arbeit\/wp-json\/wp\/v2\/comments?post=10938"}],"version-history":[{"count":23,"href":"https:\/\/hub.hslu.ch\/soziale-arbeit\/wp-json\/wp\/v2\/posts\/10938\/revisions"}],"predecessor-version":[{"id":13476,"href":"https:\/\/hub.hslu.ch\/soziale-arbeit\/wp-json\/wp\/v2\/posts\/10938\/revisions\/13476"}],"wp:featuredmedia":[{"embeddable":true,"href":"https:\/\/hub.hslu.ch\/soziale-arbeit\/wp-json\/wp\/v2\/media\/10940"}],"wp:attachment":[{"href":"https:\/\/hub.hslu.ch\/soziale-arbeit\/wp-json\/wp\/v2\/media?parent=10938"}],"wp:term":[{"taxonomy":"category","embeddable":true,"href":"https:\/\/hub.hslu.ch\/soziale-arbeit\/wp-json\/wp\/v2\/categories?post=10938"},{"taxonomy":"post_tag","embeddable":true,"href":"https:\/\/hub.hslu.ch\/soziale-arbeit\/wp-json\/wp\/v2\/tags?post=10938"}],"curies":[{"name":"wp","href":"https:\/\/api.w.org\/{rel}","templated":true}]}}